{"id":93161,"date":"2025-10-23T11:04:53","date_gmt":"2025-10-23T09:04:53","guid":{"rendered":"https:\/\/conversesacatalunya.cat\/?p=93161"},"modified":"2025-10-23T11:24:30","modified_gmt":"2025-10-23T09:24:30","slug":"la-estrella-cosmica-de-collboni","status":"publish","type":"post","link":"https:\/\/conversesacatalunya.cat\/es\/la-estrella-cosmica-de-collboni\/","title":{"rendered":"La estrella c\u00f3smica de Collboni"},"content":{"rendered":"<p><span dir=\"auto\">El alcalde Collboni ha decidido<span>\u00a0<\/span><\/span><strong><span dir=\"auto\">mantener la<span>\u00a0<\/span><\/span><span dir=\"auto\">cancelaci\u00f3n del pesebre<\/span><span dir=\"auto\"><span>\u00a0<\/span>en la plaza de Sant Jaume.<\/span><\/strong><span dir=\"auto\">\u00a0S\u00ed, ese pesebre que, con mayor o menor acierto, con mayor o menor imaginaci\u00f3n,<span>\u00a0<\/span><\/span><strong><span dir=\"auto\">hab\u00eda iluminado la plaza desde el fin de la Guerra Civil.<\/span><\/strong><span dir=\"auto\"><span>\u00a0<\/span>Una tradici\u00f3n tan constante como las campanas de la Catedral, y que ahora queda sustituida por una \u00abestrella c\u00f3smica\u00bb. El nombre es ya toda una confesi\u00f3n: cuando se abandona el cielo, se acaba mirando el espacio exterior.<\/span><\/p>\n<blockquote><p><strong><span dir=\"auto\"><span class=\"VIpgJd-yAWNEb-VIpgJd-fmcmS-sn54Q\" dir=\"auto\">Quiz\u00e1 considere que los barceloneses no necesitan pesebre porque ya tienen suficientes figuras pol\u00edticas que hacen de pastorcillos, de \u00e1ngeles ca\u00eddos y de Herodes de temporada.<\/span><\/span><\/strong><\/p><\/blockquote>\n<p><span dir=\"auto\">El alcalde, con su sensibilidad habitual, ha ignorado el clamor popular que pide el regreso del pesebre. Quiz\u00e1 considere que los barceloneses no necesitan pesebre porque<span>\u00a0<\/span><\/span><strong><span dir=\"auto\">ya tienen suficientes figuras pol\u00edticas que hacen de pastorcillos, de \u00e1ngeles ca\u00eddos y de Herodes de temporada.<\/span><\/strong><span dir=\"auto\">\u00a0Pero lo cierto es que esa supresi\u00f3n no es una an\u00e9cdota. Es un s\u00edmbolo. Y los s\u00edmbolos, a diferencia de las farolas, no se encienden con electricidad, sino con memoria colectiva.<\/span><\/p>\n<p><span dir=\"auto\"><span class=\"VIpgJd-yAWNEb-VIpgJd-fmcmS-sn54Q\" dir=\"auto\"><a href=\"https:\/\/conversesacatalunya.cat\/es\/collboni-escandalo-pesebre\/\" target=\"_blank\" rel=\"noopener\">El a\u00f1o pasado<\/a>, record\u00e9moslo, la ciudadan\u00eda reaccion\u00f3 con una protesta de lo m\u00e1s civilizada: m\u00e1s de medio centenar de pesebres espont\u00e1neos aparecieron en la plaza. Una demostraci\u00f3n de ingenio y buen humor. Pero parece que al se\u00f1or Collboni, que ya nos tiene acostumbrados a confundir el arte con el gesto,<span>\u00a0<\/span><\/span><\/span><strong><span dir=\"auto\"><span class=\"VIpgJd-yAWNEb-VIpgJd-fmcmS-sn54Q\" dir=\"auto\">no le hizo ni cosquillas.<\/span><\/span><\/strong><span dir=\"auto\"><span class=\"VIpgJd-yAWNEb-VIpgJd-fmcmS-sn54Q\" dir=\"auto\">\u00a0Vista su reacci\u00f3n, quiz\u00e1s la pr\u00f3xima vez habr\u00e1 que instalar un<span>\u00a0<\/span><\/span><\/span><strong><span dir=\"auto\"><span class=\"VIpgJd-yAWNEb-VIpgJd-fmcmS-sn54Q\" dir=\"auto\">\u201cpesebre performativo\u201d con presupuesto europeo,<\/span><\/span><\/strong><span dir=\"auto\"><span class=\"VIpgJd-yAWNEb-VIpgJd-fmcmS-sn54Q\" dir=\"auto\">\u00a0que eso s\u00ed lo entender\u00eda.<\/span><\/span><\/p>\n<blockquote><p><strong><span dir=\"auto\"><span class=\"\" dir=\"auto\">El mensaje est\u00e1 claro: en Barcelona puedes creer en cualquier cosa, menos en lo que ha cre\u00eddo la ciudad durante siglos.<\/span><\/span><\/strong><\/p><\/blockquote>\n<p><span dir=\"auto\"><span class=\"VIpgJd-yAWNEb-VIpgJd-fmcmS-sn54Q\" dir=\"auto\">Su actitud hacia la tradici\u00f3n cat\u00f3lica de la ciudad es, en efecto, de una<span>\u00a0<\/span><\/span><\/span><strong><span dir=\"auto\"><span class=\"VIpgJd-yAWNEb-VIpgJd-fmcmS-sn54Q\" dir=\"auto\">beligerancia ejemplar.<\/span><\/span><\/strong><span dir=\"auto\"><span class=\"VIpgJd-yAWNEb-VIpgJd-fmcmS-sn54Q\" dir=\"auto\">\u00a0Lo demostr\u00f3 con ese cartel delirante de Merc\u00e8, donde parec\u00eda que la patrona hab\u00eda sido subcontratada por una empresa de espect\u00e1culos. Y lo remat\u00f3 manteniendo la decisi\u00f3n de Colau de eliminar del programa de fiestas el horario del oficio religioso. El mensaje est\u00e1 claro: en Barcelona puedes creer en cualquier cosa, menos en lo que ha cre\u00eddo la ciudad durante siglos.<\/span><\/span><\/p>\n<blockquote><p><strong><span dir=\"auto\"><span class=\"\" dir=\"auto\">Collboni piensa que todo le sale gratis: puede hacer y deshacer, que nadie se va a inmutar. Y tiene raz\u00f3n.<\/span><\/span><\/strong><\/p><\/blockquote>\n<p><span dir=\"auto\"><span class=\"VIpgJd-yAWNEb-VIpgJd-fmcmS-sn54Q\" dir=\"auto\">Todo esto, por supuesto, no genera<span>\u00a0<\/span><\/span><\/span><strong><span dir=\"auto\"><span class=\"VIpgJd-yAWNEb-VIpgJd-fmcmS-sn54Q\" dir=\"auto\">ni la m\u00e1s m\u00ednima reacci\u00f3n del cardenal Omella,<\/span><\/span><\/strong><span dir=\"auto\"><span class=\"VIpgJd-yAWNEb-VIpgJd-fmcmS-sn54Q\" dir=\"auto\"> siempre atento a buscar la simpat\u00eda de los pol\u00edticos en actos p\u00fablicos. Vista su homil\u00eda de la Merc\u00e8, tan llena de flores como vac\u00eda de coraje, quiz\u00e1s Collboni piensa que todo le sale gratis:<span>\u00a0<\/span><\/span><\/span><strong><span dir=\"auto\"><span class=\"VIpgJd-yAWNEb-VIpgJd-fmcmS-sn54Q\" dir=\"auto\">puede hacer y deshacer, que nadie se inmutar\u00e1. Y tiene raz\u00f3n.<\/span><\/span><\/strong><span dir=\"auto\"><span class=\"VIpgJd-yAWNEb-VIpgJd-fmcmS-sn54Q\" dir=\"auto\"><span>\u00a0<\/span>Sus votantes m\u00e1s laicistas, satisfechos. Los cat\u00f3licos, resignados. Y el cardenal, feliz de ser invitado en la foto.<\/span><\/span><\/p>\n<h5><strong><span dir=\"auto\">Pero la cosa no acaba ah\u00ed. Ahora hay un nuevo episodio<\/span><\/strong><\/h5>\n<p><span dir=\"auto\"><span class=\"VIpgJd-yAWNEb-VIpgJd-fmcmS-sn54Q\" dir=\"auto\">El alcalde ha anunciado, con un entusiasmo casi pastoral, que<span>\u00a0<\/span><\/span><\/span><strong><span dir=\"auto\"><span class=\"VIpgJd-yAWNEb-VIpgJd-fmcmS-sn54Q\" dir=\"auto\">en el Hospital de Sant Pau<\/span><\/span><\/strong><span dir=\"auto\"><span class=\"VIpgJd-yAWNEb-VIpgJd-fmcmS-sn54Q\" dir=\"auto\"><span>\u00a0<\/span>-donde la Generalitat tiene mayor\u00eda, pero tambi\u00e9n participa el Ayuntamiento y, atenci\u00f3n, la Iglesia-<span>\u00a0<\/span><\/span><\/span><strong><span dir=\"auto\"><span class=\"VIpgJd-yAWNEb-VIpgJd-fmcmS-sn54Q\" dir=\"auto\">se garantizar\u00e1 la pr\u00e1ctica de los abortos.<\/span><\/span><\/strong><span dir=\"auto\"><span class=\"VIpgJd-yAWNEb-VIpgJd-fmcmS-sn54Q\" dir=\"auto\"><span>\u00a0<\/span>Nada m\u00e1s progresista que hacer bandera de la interrupci\u00f3n de la vida en un centro donde la propia Iglesia tiene representaci\u00f3n. De hecho, se sienta como patr\u00f3n el antiguo presidente del Colegio de M\u00e9dicos, en nombre del arzobispado, por ser m\u00e1s exacto, y como una muestra m\u00e1s de la fuerza de la tradici\u00f3n, del Cap\u00edtulo de la Catedral.<\/span><\/span><\/p>\n<p><strong><span dir=\"auto\"><span class=\"VIpgJd-yAWNEb-VIpgJd-fmcmS-sn54Q\" dir=\"auto\">La jugada es de una sutileza diab\u00f3lica.<\/span><\/span><\/strong><span dir=\"auto\"><span class=\"VIpgJd-yAWNEb-VIpgJd-fmcmS-sn54Q\" dir=\"auto\">\u00a0Si el cardenal se calla, queda retratado: la Iglesia se pone de perfil, y su autoridad moral cae por debajo de la cota de la V\u00eda Layetana. Si protesta, tendr\u00e1 que romper con el patronato. Collboni est\u00e1 claro y visto los precedentes conf\u00eda en el silencio y que una vez m\u00e1s todo le salga \u00abgratis total\u00bb.<\/span><\/span><\/p>\n<h5><strong><span dir=\"auto\"><span class=\"VIpgJd-yAWNEb-VIpgJd-fmcmS-sn54Q\" dir=\"auto\">En todo ello, hay dos cuestiones de fondo que hacen pensar -si es que todav\u00eda queda alguien con ganas de hacerlo.<\/span><\/span><\/strong><\/h5>\n<p><span dir=\"auto\"><span class=\"VIpgJd-yAWNEb-VIpgJd-fmcmS-sn54Q\" dir=\"auto\">La primera es la<span>\u00a0<\/span><\/span><\/span><strong><span dir=\"auto\"><span class=\"VIpgJd-yAWNEb-VIpgJd-fmcmS-sn54Q\" dir=\"auto\">falta absoluta de respeto por la propia cultura.<\/span><\/span><\/strong><span dir=\"auto\"><span class=\"VIpgJd-yAWNEb-VIpgJd-fmcmS-sn54Q\" dir=\"auto\">\u00a0La catalana, la barcelonesa, la nuestra, es una cultura inseparable del cristianismo, de la tradici\u00f3n cat\u00f3lica. No hace falta arrodillarse ante el Sant\u00edsimo para entenderlo;<span>\u00a0<\/span><\/span><\/span><strong><span dir=\"auto\"><span class=\"VIpgJd-yAWNEb-VIpgJd-fmcmS-sn54Q\" dir=\"auto\">basta con haber le\u00eddo a Verdaguer, Gaud\u00ed o Maragall.<\/span><\/span><\/strong><span dir=\"auto\"><span class=\"VIpgJd-yAWNEb-VIpgJd-fmcmS-sn54Q\" dir=\"auto\"><span>\u00a0<\/span>El problema es que muchos de nuestros gobernantes, y una parte creciente de los ciudadanos, confunden laicidad con amnesia.<\/span><\/span><\/p>\n<p><strong><span dir=\"auto\"><span class=\"VIpgJd-yAWNEb-VIpgJd-fmcmS-sn54Q\" dir=\"auto\">La segunda cuesti\u00f3n es de pura higiene democr\u00e1tica.<\/span><\/span><\/strong><span dir=\"auto\"><span class=\"VIpgJd-yAWNEb-VIpgJd-fmcmS-sn54Q\" dir=\"auto\">\u00a0Barcelona est\u00e1 hoy gobernada por un partido que tiene diez concejales de cuarenta y uno. Con esta minor\u00eda escueta, el alcalde act\u00faa<span>\u00a0<\/span><\/span><\/span><strong><span dir=\"auto\"><span class=\"VIpgJd-yAWNEb-VIpgJd-fmcmS-sn54Q\" dir=\"auto\">como si fuera heredero de Fernando el Cat\u00f3lico.<\/span><\/span><\/strong><span dir=\"auto\"><span class=\"VIpgJd-yAWNEb-VIpgJd-fmcmS-sn54Q\" dir=\"auto\">\u00a0Puede hacer y deshacer, suprimir e imponer, sin que nadie le exija cuentas. Y eso, se\u00f1ores, no es gobernar: es decorar el poder con el disfraz del voto.<\/span><\/span><\/p>\n<h5><strong><span dir=\"auto\"><span class=\"VIpgJd-yAWNEb-VIpgJd-fmcmS-sn54Q\" dir=\"auto\">As\u00ed, entre estrellas c\u00f3smicas y hospitales abortistas, Collboni puede dormir tranquilo.<\/span><\/span><\/strong><\/h5>\n<p><span dir=\"auto\">La ciudad, mientras, se va vaciando de ese esp\u00edritu que la hac\u00eda singular. Cuando la tradici\u00f3n deja de ser vivida pasa a ser decorado. Y cuando incluso el decorado est\u00e1 prohibido, solo queda el escenario desnudo, iluminado por una estrella fr\u00eda e inhumana.<\/span><\/p>\n<p><span dir=\"auto\">Quiz\u00e1 sea esta, al fin y al cabo, la<span>\u00a0<\/span><\/span><strong><span dir=\"auto\">nueva luz de Barcelona.<\/span><\/strong><\/p>\n<span class='bctt-click-to-tweet'><span class='bctt-ctt-text'><a href='https:\/\/twitter.com\/intent\/tweet?url=https%3A%2F%2Fconversesacatalunya.cat%2Fes%2Fla-estrella-cosmica-de-collboni%2F&#038;text=El%20mensaje%20est%C3%A1%20claro%3A%20en%20Barcelona%20puedes%20creer%20en%20cualquier%20cosa%2C%20menos%20en%20lo%20que%20ha%20cre%C3%ADdo%20la%20ciudad%20durante%20siglos%20%23Collboni%20%23Barcelona&#038;via=conversesacat&#038;related=conversesacat' target='_blank'rel=\"noopener noreferrer\">El mensaje est\u00e1 claro: en Barcelona puedes creer en cualquier cosa, menos en lo que ha cre\u00eddo la ciudad durante siglos #Collboni #Barcelona <\/a><\/span><a href='https:\/\/twitter.com\/intent\/tweet?url=https%3A%2F%2Fconversesacatalunya.cat%2Fes%2Fla-estrella-cosmica-de-collboni%2F&#038;text=El%20mensaje%20est%C3%A1%20claro%3A%20en%20Barcelona%20puedes%20creer%20en%20cualquier%20cosa%2C%20menos%20en%20lo%20que%20ha%20cre%C3%ADdo%20la%20ciudad%20durante%20siglos%20%23Collboni%20%23Barcelona&#038;via=conversesacat&#038;related=conversesacat' target='_blank' class='bctt-ctt-btn'rel=\"noopener noreferrer\">Compartir en X<\/a><\/span>\n","protected":false},"excerpt":{"rendered":"<p>El alcalde Collboni ha decidido\u00a0mantener la\u00a0cancelaci\u00f3n del pesebre\u00a0en la plaza de Sant Jaume.\u00a0S\u00ed, ese pesebre que, con mayor o menor acierto, con mayor o menor imaginaci\u00f3n,\u00a0hab\u00eda iluminado la plaza desde el fin de la Guerra Civil.\u00a0Una tradici\u00f3n tan constante como las campanas de la Catedral, y que ahora queda sustituida por una \u00abestrella c\u00f3smica\u00bb. El nombre es ya toda una confesi\u00f3n: cuando se abandona el cielo, se acaba mirando el espacio exterior. Quiz\u00e1 considere que los barceloneses no necesitan pesebre porque ya tienen suficientes figuras pol\u00edticas que hacen de pastorcillos, de \u00e1ngeles ca\u00eddos y de Herodes de temporada. El alcalde, con su sensibilidad habitual, ha ignorado el clamor popular que pide el regreso del pesebre. Quiz\u00e1 considere que los barceloneses no necesitan pesebre porque\u00a0ya tienen suficientes figuras pol\u00edticas que hacen de pastorcillos, de \u00e1ngeles ca\u00eddos y de Herodes de temporada.\u00a0Pero lo cierto es que esa supresi\u00f3n no es una an\u00e9cdota. Es un s\u00edmbolo. Y los s\u00edmbolos, a diferencia de las farolas, no se encienden con electricidad, sino con memoria colectiva. El a\u00f1o pasado, record\u00e9moslo, la ciudadan\u00eda reaccion\u00f3 con una protesta de lo m\u00e1s civilizada: m\u00e1s de medio centenar de pesebres espont\u00e1neos aparecieron en la plaza. Una demostraci\u00f3n de ingenio y buen humor. Pero parece que al se\u00f1or Collboni, que ya nos tiene acostumbrados a confundir el arte con el gesto,\u00a0no le hizo ni cosquillas.\u00a0Vista su reacci\u00f3n, quiz\u00e1s la pr\u00f3xima vez habr\u00e1 que instalar un\u00a0\u201cpesebre performativo\u201d con presupuesto europeo,\u00a0que eso s\u00ed lo entender\u00eda. El mensaje est\u00e1 claro: en Barcelona puedes creer en cualquier cosa, menos en lo que ha cre\u00eddo la ciudad durante siglos. Su actitud hacia la tradici\u00f3n cat\u00f3lica de la ciudad es, en efecto, de una\u00a0beligerancia ejemplar.\u00a0Lo demostr\u00f3 con ese cartel delirante de Merc\u00e8, donde parec\u00eda que la patrona hab\u00eda sido subcontratada por una empresa de espect\u00e1culos. Y lo remat\u00f3 manteniendo la decisi\u00f3n de Colau de eliminar del programa de fiestas el horario del oficio religioso. El mensaje est\u00e1 claro: en Barcelona puedes creer en cualquier cosa, menos en lo que ha cre\u00eddo la ciudad durante siglos. Collboni piensa que todo le sale gratis: puede hacer y deshacer, que nadie se va a inmutar. Y tiene raz\u00f3n. Todo esto, por supuesto, no genera\u00a0ni la m\u00e1s m\u00ednima reacci\u00f3n del cardenal Omella, siempre atento a buscar la simpat\u00eda de los pol\u00edticos en actos p\u00fablicos. Vista su homil\u00eda de la Merc\u00e8, tan llena de flores como vac\u00eda de coraje, quiz\u00e1s Collboni piensa que todo le sale gratis:\u00a0puede hacer y deshacer, que nadie se inmutar\u00e1. Y tiene raz\u00f3n.\u00a0Sus votantes m\u00e1s laicistas, satisfechos. Los cat\u00f3licos, resignados. Y el cardenal, feliz de ser invitado en la foto. Pero la cosa no acaba ah\u00ed. Ahora hay un nuevo episodio El alcalde ha anunciado, con un entusiasmo casi pastoral, que\u00a0en el Hospital de Sant Pau\u00a0-donde la Generalitat tiene mayor\u00eda, pero tambi\u00e9n participa el Ayuntamiento y, atenci\u00f3n, la Iglesia-\u00a0se garantizar\u00e1 la pr\u00e1ctica de los abortos.\u00a0Nada m\u00e1s progresista que hacer bandera de la interrupci\u00f3n de la vida en un centro donde la propia Iglesia tiene representaci\u00f3n. De hecho, se sienta como patr\u00f3n el antiguo presidente del Colegio de M\u00e9dicos, en nombre del arzobispado, por ser m\u00e1s exacto, y como una muestra m\u00e1s de la fuerza de la tradici\u00f3n, del Cap\u00edtulo de la Catedral. La jugada es de una sutileza diab\u00f3lica.\u00a0Si el cardenal se calla, queda retratado: la Iglesia se pone de perfil, y su autoridad moral cae por debajo de la cota de la V\u00eda Layetana. Si protesta, tendr\u00e1 que romper con el patronato. Collboni est\u00e1 claro y visto los precedentes conf\u00eda en el silencio y que una vez m\u00e1s todo le salga \u00abgratis total\u00bb. En todo ello, hay dos cuestiones de fondo que hacen pensar -si es que todav\u00eda queda alguien con ganas de hacerlo. La primera es la\u00a0falta absoluta de respeto por la propia cultura.\u00a0La catalana, la barcelonesa, la nuestra, es una cultura inseparable del cristianismo, de la tradici\u00f3n cat\u00f3lica. No hace falta arrodillarse ante el Sant\u00edsimo para entenderlo;\u00a0basta con haber le\u00eddo a Verdaguer, Gaud\u00ed o Maragall.\u00a0El problema es que muchos de nuestros gobernantes, y una parte creciente de los ciudadanos, confunden laicidad con amnesia. La segunda cuesti\u00f3n es de pura higiene democr\u00e1tica.\u00a0Barcelona est\u00e1 hoy gobernada por un partido que tiene diez concejales de cuarenta y uno. Con esta minor\u00eda escueta, el alcalde act\u00faa\u00a0como si fuera heredero de Fernando el Cat\u00f3lico.\u00a0Puede hacer y deshacer, suprimir e imponer, sin que nadie le exija cuentas. Y eso, se\u00f1ores, no es gobernar: es decorar el poder con el disfraz del voto. As\u00ed, entre estrellas c\u00f3smicas y hospitales abortistas, Collboni puede dormir tranquilo. La ciudad, mientras, se va vaciando de ese esp\u00edritu que la hac\u00eda singular. Cuando la tradici\u00f3n deja de ser vivida pasa a ser decorado. Y cuando incluso el decorado est\u00e1 prohibido, solo queda el escenario desnudo, iluminado por una estrella fr\u00eda e inhumana. Quiz\u00e1 sea esta, al fin y al cabo, la\u00a0nueva luz de Barcelona.<\/p>\n","protected":false},"author":77,"featured_media":93155,"comment_status":"open","ping_status":"open","sticky":false,"template":"","format":"standard","meta":{"_FSMCFIC_featured_image_caption":"","_FSMCFIC_featured_image_nocaption":"","_FSMCFIC_featured_image_hide":"","footnotes":""},"categories":[806],"tags":[3194,1044],"class_list":["post-93161","post","type-post","status-publish","format-standard","has-post-thumbnail","hentry","category-punts-claus-del-dia-es","tag-pesebre","tag-pessebre-es"],"yoast_head":"<!-- This site is optimized with the Yoast SEO plugin v26.8 - https:\/\/yoast.com\/product\/yoast-seo-wordpress\/ -->\n<title>La estrella c\u00f3smica de Collboni - Converses a Catalunya<\/title>\n<meta name=\"description\" content=\"Collboni mantiene la cancelaci\u00f3n del pesebre y enciende la pol\u00e9mica: tradici\u00f3n, fe y democracia se mezclan en una Barcelona m\u00e1s laica\" \/>\n<meta name=\"robots\" content=\"index, follow, max-snippet:-1, max-image-preview:large, max-video-preview:-1\" \/>\n<link rel=\"canonical\" href=\"https:\/\/conversesacatalunya.cat\/es\/la-estrella-cosmica-de-collboni\/\" \/>\n<meta property=\"og:locale\" content=\"es_ES\" \/>\n<meta property=\"og:type\" content=\"article\" \/>\n<meta property=\"og:title\" content=\"La estrella c\u00f3smica de Collboni - Converses a Catalunya\" \/>\n<meta property=\"og:description\" content=\"Collboni mantiene la cancelaci\u00f3n del pesebre y enciende la pol\u00e9mica: tradici\u00f3n, fe y democracia se mezclan en una Barcelona m\u00e1s laica\" \/>\n<meta property=\"og:url\" content=\"https:\/\/conversesacatalunya.cat\/es\/la-estrella-cosmica-de-collboni\/\" \/>\n<meta property=\"og:site_name\" content=\"Converses a Catalunya\" \/>\n<meta property=\"article:published_time\" content=\"2025-10-23T09:04:53+00:00\" \/>\n<meta property=\"article:modified_time\" content=\"2025-10-23T09:24:30+00:00\" \/>\n<meta property=\"og:image\" content=\"https:\/\/conversesacatalunya.cat\/wp-content\/uploads\/2025\/10\/Collboni.jpg\" \/>\n\t<meta property=\"og:image:width\" content=\"491\" \/>\n\t<meta property=\"og:image:height\" content=\"290\" \/>\n\t<meta property=\"og:image:type\" content=\"image\/jpeg\" \/>\n<meta name=\"author\" content=\"Enric Casanovas\" \/>\n<meta name=\"twitter:card\" content=\"summary_large_image\" \/>\n<meta name=\"twitter:label1\" content=\"Escrito por\" \/>\n\t<meta name=\"twitter:data1\" content=\"Enric Casanovas\" \/>\n\t<meta name=\"twitter:label2\" content=\"Tiempo de lectura\" \/>\n\t<meta name=\"twitter:data2\" content=\"5 minutos\" \/>\n<script type=\"application\/ld+json\" class=\"yoast-schema-graph\">{\"@context\":\"https:\/\/schema.org\",\"@graph\":[{\"@type\":\"Article\",\"@id\":\"https:\/\/conversesacatalunya.cat\/es\/la-estrella-cosmica-de-collboni\/#article\",\"isPartOf\":{\"@id\":\"https:\/\/conversesacatalunya.cat\/es\/la-estrella-cosmica-de-collboni\/\"},\"author\":{\"name\":\"Enric Casanovas\",\"@id\":\"https:\/\/conversesacatalunya.cat\/#\/schema\/person\/79bd0577b2f3afc8d6519d207c6e8609\"},\"headline\":\"La estrella c\u00f3smica de Collboni\",\"datePublished\":\"2025-10-23T09:04:53+00:00\",\"dateModified\":\"2025-10-23T09:24:30+00:00\",\"mainEntityOfPage\":{\"@id\":\"https:\/\/conversesacatalunya.cat\/es\/la-estrella-cosmica-de-collboni\/\"},\"wordCount\":951,\"commentCount\":0,\"image\":{\"@id\":\"https:\/\/conversesacatalunya.cat\/es\/la-estrella-cosmica-de-collboni\/#primaryimage\"},\"thumbnailUrl\":\"https:\/\/conversesacatalunya.cat\/wp-content\/uploads\/2025\/10\/Collboni.jpg\",\"keywords\":[\"Pesebre\",\"pessebre\"],\"articleSection\":[\"Punts clau del dia (ES)\"],\"inLanguage\":\"es\",\"potentialAction\":[{\"@type\":\"CommentAction\",\"name\":\"Comment\",\"target\":[\"https:\/\/conversesacatalunya.cat\/es\/la-estrella-cosmica-de-collboni\/#respond\"]}]},{\"@type\":\"WebPage\",\"@id\":\"https:\/\/conversesacatalunya.cat\/es\/la-estrella-cosmica-de-collboni\/\",\"url\":\"https:\/\/conversesacatalunya.cat\/es\/la-estrella-cosmica-de-collboni\/\",\"name\":\"La estrella c\u00f3smica de Collboni - Converses a Catalunya\",\"isPartOf\":{\"@id\":\"https:\/\/conversesacatalunya.cat\/#website\"},\"primaryImageOfPage\":{\"@id\":\"https:\/\/conversesacatalunya.cat\/es\/la-estrella-cosmica-de-collboni\/#primaryimage\"},\"image\":{\"@id\":\"https:\/\/conversesacatalunya.cat\/es\/la-estrella-cosmica-de-collboni\/#primaryimage\"},\"thumbnailUrl\":\"https:\/\/conversesacatalunya.cat\/wp-content\/uploads\/2025\/10\/Collboni.jpg\",\"datePublished\":\"2025-10-23T09:04:53+00:00\",\"dateModified\":\"2025-10-23T09:24:30+00:00\",\"author\":{\"@id\":\"https:\/\/conversesacatalunya.cat\/#\/schema\/person\/79bd0577b2f3afc8d6519d207c6e8609\"},\"description\":\"Collboni mantiene la cancelaci\u00f3n del pesebre y enciende la pol\u00e9mica: tradici\u00f3n, fe y democracia se mezclan en una Barcelona m\u00e1s laica\",\"breadcrumb\":{\"@id\":\"https:\/\/conversesacatalunya.cat\/es\/la-estrella-cosmica-de-collboni\/#breadcrumb\"},\"inLanguage\":\"es\",\"potentialAction\":[{\"@type\":\"ReadAction\",\"target\":[\"https:\/\/conversesacatalunya.cat\/es\/la-estrella-cosmica-de-collboni\/\"]}]},{\"@type\":\"ImageObject\",\"inLanguage\":\"es\",\"@id\":\"https:\/\/conversesacatalunya.cat\/es\/la-estrella-cosmica-de-collboni\/#primaryimage\",\"url\":\"https:\/\/conversesacatalunya.cat\/wp-content\/uploads\/2025\/10\/Collboni.jpg\",\"contentUrl\":\"https:\/\/conversesacatalunya.cat\/wp-content\/uploads\/2025\/10\/Collboni.jpg\",\"width\":491,\"height\":290,\"caption\":\"Collboni pesebre\"},{\"@type\":\"BreadcrumbList\",\"@id\":\"https:\/\/conversesacatalunya.cat\/es\/la-estrella-cosmica-de-collboni\/#breadcrumb\",\"itemListElement\":[{\"@type\":\"ListItem\",\"position\":1,\"name\":\"Inici\",\"item\":\"https:\/\/conversesacatalunya.cat\/es\/\"},{\"@type\":\"ListItem\",\"position\":2,\"name\":\"La estrella c\u00f3smica de Collboni\"}]},{\"@type\":\"WebSite\",\"@id\":\"https:\/\/conversesacatalunya.cat\/#website\",\"url\":\"https:\/\/conversesacatalunya.cat\/\",\"name\":\"Converses a Catalunya\",\"description\":\"\",\"potentialAction\":[{\"@type\":\"SearchAction\",\"target\":{\"@type\":\"EntryPoint\",\"urlTemplate\":\"https:\/\/conversesacatalunya.cat\/?s={search_term_string}\"},\"query-input\":{\"@type\":\"PropertyValueSpecification\",\"valueRequired\":true,\"valueName\":\"search_term_string\"}}],\"inLanguage\":\"es\"},{\"@type\":\"Person\",\"@id\":\"https:\/\/conversesacatalunya.cat\/#\/schema\/person\/79bd0577b2f3afc8d6519d207c6e8609\",\"name\":\"Enric Casanovas\",\"image\":{\"@type\":\"ImageObject\",\"inLanguage\":\"es\",\"@id\":\"https:\/\/conversesacatalunya.cat\/#\/schema\/person\/image\/\",\"url\":\"https:\/\/conversesacatalunya.cat\/wp-content\/litespeed\/avatar\/7ae4379ad4421ec77820e92afd36dd78.jpg?ver=1777373933\",\"contentUrl\":\"https:\/\/conversesacatalunya.cat\/wp-content\/litespeed\/avatar\/7ae4379ad4421ec77820e92afd36dd78.jpg?ver=1777373933\",\"caption\":\"Enric Casanovas\"},\"url\":\"https:\/\/conversesacatalunya.cat\/es\/author\/enric-casanovas\/\"}]}<\/script>\n<!-- \/ Yoast SEO plugin. -->","yoast_head_json":{"title":"La estrella c\u00f3smica de Collboni - Converses a Catalunya","description":"Collboni mantiene la cancelaci\u00f3n del pesebre y enciende la pol\u00e9mica: tradici\u00f3n, fe y democracia se mezclan en una Barcelona m\u00e1s laica","robots":{"index":"index","follow":"follow","max-snippet":"max-snippet:-1","max-image-preview":"max-image-preview:large","max-video-preview":"max-video-preview:-1"},"canonical":"https:\/\/conversesacatalunya.cat\/es\/la-estrella-cosmica-de-collboni\/","og_locale":"es_ES","og_type":"article","og_title":"La estrella c\u00f3smica de Collboni - Converses a Catalunya","og_description":"Collboni mantiene la cancelaci\u00f3n del pesebre y enciende la pol\u00e9mica: tradici\u00f3n, fe y democracia se mezclan en una Barcelona m\u00e1s laica","og_url":"https:\/\/conversesacatalunya.cat\/es\/la-estrella-cosmica-de-collboni\/","og_site_name":"Converses a Catalunya","article_published_time":"2025-10-23T09:04:53+00:00","article_modified_time":"2025-10-23T09:24:30+00:00","og_image":[{"width":491,"height":290,"url":"https:\/\/conversesacatalunya.cat\/wp-content\/uploads\/2025\/10\/Collboni.jpg","type":"image\/jpeg"}],"author":"Enric Casanovas","twitter_card":"summary_large_image","twitter_misc":{"Escrito por":"Enric Casanovas","Tiempo de lectura":"5 minutos"},"schema":{"@context":"https:\/\/schema.org","@graph":[{"@type":"Article","@id":"https:\/\/conversesacatalunya.cat\/es\/la-estrella-cosmica-de-collboni\/#article","isPartOf":{"@id":"https:\/\/conversesacatalunya.cat\/es\/la-estrella-cosmica-de-collboni\/"},"author":{"name":"Enric Casanovas","@id":"https:\/\/conversesacatalunya.cat\/#\/schema\/person\/79bd0577b2f3afc8d6519d207c6e8609"},"headline":"La estrella c\u00f3smica de Collboni","datePublished":"2025-10-23T09:04:53+00:00","dateModified":"2025-10-23T09:24:30+00:00","mainEntityOfPage":{"@id":"https:\/\/conversesacatalunya.cat\/es\/la-estrella-cosmica-de-collboni\/"},"wordCount":951,"commentCount":0,"image":{"@id":"https:\/\/conversesacatalunya.cat\/es\/la-estrella-cosmica-de-collboni\/#primaryimage"},"thumbnailUrl":"https:\/\/conversesacatalunya.cat\/wp-content\/uploads\/2025\/10\/Collboni.jpg","keywords":["Pesebre","pessebre"],"articleSection":["Punts clau del dia (ES)"],"inLanguage":"es","potentialAction":[{"@type":"CommentAction","name":"Comment","target":["https:\/\/conversesacatalunya.cat\/es\/la-estrella-cosmica-de-collboni\/#respond"]}]},{"@type":"WebPage","@id":"https:\/\/conversesacatalunya.cat\/es\/la-estrella-cosmica-de-collboni\/","url":"https:\/\/conversesacatalunya.cat\/es\/la-estrella-cosmica-de-collboni\/","name":"La estrella c\u00f3smica de Collboni - Converses a Catalunya","isPartOf":{"@id":"https:\/\/conversesacatalunya.cat\/#website"},"primaryImageOfPage":{"@id":"https:\/\/conversesacatalunya.cat\/es\/la-estrella-cosmica-de-collboni\/#primaryimage"},"image":{"@id":"https:\/\/conversesacatalunya.cat\/es\/la-estrella-cosmica-de-collboni\/#primaryimage"},"thumbnailUrl":"https:\/\/conversesacatalunya.cat\/wp-content\/uploads\/2025\/10\/Collboni.jpg","datePublished":"2025-10-23T09:04:53+00:00","dateModified":"2025-10-23T09:24:30+00:00","author":{"@id":"https:\/\/conversesacatalunya.cat\/#\/schema\/person\/79bd0577b2f3afc8d6519d207c6e8609"},"description":"Collboni mantiene la cancelaci\u00f3n del pesebre y enciende la pol\u00e9mica: tradici\u00f3n, fe y democracia se mezclan en una Barcelona m\u00e1s laica","breadcrumb":{"@id":"https:\/\/conversesacatalunya.cat\/es\/la-estrella-cosmica-de-collboni\/#breadcrumb"},"inLanguage":"es","potentialAction":[{"@type":"ReadAction","target":["https:\/\/conversesacatalunya.cat\/es\/la-estrella-cosmica-de-collboni\/"]}]},{"@type":"ImageObject","inLanguage":"es","@id":"https:\/\/conversesacatalunya.cat\/es\/la-estrella-cosmica-de-collboni\/#primaryimage","url":"https:\/\/conversesacatalunya.cat\/wp-content\/uploads\/2025\/10\/Collboni.jpg","contentUrl":"https:\/\/conversesacatalunya.cat\/wp-content\/uploads\/2025\/10\/Collboni.jpg","width":491,"height":290,"caption":"Collboni pesebre"},{"@type":"BreadcrumbList","@id":"https:\/\/conversesacatalunya.cat\/es\/la-estrella-cosmica-de-collboni\/#breadcrumb","itemListElement":[{"@type":"ListItem","position":1,"name":"Inici","item":"https:\/\/conversesacatalunya.cat\/es\/"},{"@type":"ListItem","position":2,"name":"La estrella c\u00f3smica de Collboni"}]},{"@type":"WebSite","@id":"https:\/\/conversesacatalunya.cat\/#website","url":"https:\/\/conversesacatalunya.cat\/","name":"Converses a Catalunya","description":"","potentialAction":[{"@type":"SearchAction","target":{"@type":"EntryPoint","urlTemplate":"https:\/\/conversesacatalunya.cat\/?s={search_term_string}"},"query-input":{"@type":"PropertyValueSpecification","valueRequired":true,"valueName":"search_term_string"}}],"inLanguage":"es"},{"@type":"Person","@id":"https:\/\/conversesacatalunya.cat\/#\/schema\/person\/79bd0577b2f3afc8d6519d207c6e8609","name":"Enric Casanovas","image":{"@type":"ImageObject","inLanguage":"es","@id":"https:\/\/conversesacatalunya.cat\/#\/schema\/person\/image\/","url":"https:\/\/conversesacatalunya.cat\/wp-content\/litespeed\/avatar\/7ae4379ad4421ec77820e92afd36dd78.jpg?ver=1777373933","contentUrl":"https:\/\/conversesacatalunya.cat\/wp-content\/litespeed\/avatar\/7ae4379ad4421ec77820e92afd36dd78.jpg?ver=1777373933","caption":"Enric Casanovas"},"url":"https:\/\/conversesacatalunya.cat\/es\/author\/enric-casanovas\/"}]}},"wps_subtitle":"Entre estrellas c\u00f3smicas y hospitales abortistas, Collboni puede dormir tranquilo. La ciudad, mientras, se va vaciando de ese esp\u00edritu que la hac\u00eda singular. Cuando la tradici\u00f3n deja de ser vivida pasa a ser decorado. Y cuando incluso el decorado est\u00e1 prohibido, s\u00f3lo queda el escenario desnudo, iluminado por una estrella fr\u00eda e inhumana.","_links":{"self":[{"href":"https:\/\/conversesacatalunya.cat\/es\/wp-json\/wp\/v2\/posts\/93161","targetHints":{"allow":["GET"]}}],"collection":[{"href":"https:\/\/conversesacatalunya.cat\/es\/wp-json\/wp\/v2\/posts"}],"about":[{"href":"https:\/\/conversesacatalunya.cat\/es\/wp-json\/wp\/v2\/types\/post"}],"author":[{"embeddable":true,"href":"https:\/\/conversesacatalunya.cat\/es\/wp-json\/wp\/v2\/users\/77"}],"replies":[{"embeddable":true,"href":"https:\/\/conversesacatalunya.cat\/es\/wp-json\/wp\/v2\/comments?post=93161"}],"version-history":[{"count":5,"href":"https:\/\/conversesacatalunya.cat\/es\/wp-json\/wp\/v2\/posts\/93161\/revisions"}],"predecessor-version":[{"id":93168,"href":"https:\/\/conversesacatalunya.cat\/es\/wp-json\/wp\/v2\/posts\/93161\/revisions\/93168"}],"wp:featuredmedia":[{"embeddable":true,"href":"https:\/\/conversesacatalunya.cat\/es\/wp-json\/wp\/v2\/media\/93155"}],"wp:attachment":[{"href":"https:\/\/conversesacatalunya.cat\/es\/wp-json\/wp\/v2\/media?parent=93161"}],"wp:term":[{"taxonomy":"category","embeddable":true,"href":"https:\/\/conversesacatalunya.cat\/es\/wp-json\/wp\/v2\/categories?post=93161"},{"taxonomy":"post_tag","embeddable":true,"href":"https:\/\/conversesacatalunya.cat\/es\/wp-json\/wp\/v2\/tags?post=93161"}],"curies":[{"name":"wp","href":"https:\/\/api.w.org\/{rel}","templated":true}]}}