{"id":93148,"date":"2025-10-22T12:47:58","date_gmt":"2025-10-22T10:47:58","guid":{"rendered":"https:\/\/conversesacatalunya.cat\/?p=93148"},"modified":"2025-10-23T11:25:21","modified_gmt":"2025-10-23T09:25:21","slug":"40-aniversario-arrels-cristianes-de-catalunya-mas-alla-del-texto-eclesial-repensando-la-nacion-catalana-en-el-siglo-xxi","status":"publish","type":"post","link":"https:\/\/conversesacatalunya.cat\/es\/40-aniversario-arrels-cristianes-de-catalunya-mas-alla-del-texto-eclesial-repensando-la-nacion-catalana-en-el-siglo-xxi\/","title":{"rendered":"En el 40 aniversario de Arrels Cristianes de Catalunya: m\u00e1s all\u00e1 del texto eclesial repensando la naci\u00f3n catalana en el siglo XXI"},"content":{"rendered":"<p><span dir=\"auto\"><span class=\"VIpgJd-yAWNEb-VIpgJd-fmcmS-sn54Q\" dir=\"auto\">Cuando el episcopado catal\u00e1n public\u00f3, en 1985, el documento<span>\u00a0<\/span><\/span><\/span><strong><em><span dir=\"auto\"><span class=\"VIpgJd-yAWNEb-VIpgJd-fmcmS-sn54Q\" dir=\"auto\">Ra\u00edces cristianas de Catalu\u00f1a,<\/span><\/span><\/em><\/strong><span dir=\"auto\"><span class=\"VIpgJd-yAWNEb-VIpgJd-fmcmS-sn54Q\" dir=\"auto\">\u00a0parec\u00eda un texto pastoral; pero bajo esa forma hab\u00eda una propuesta de fondo:<span>\u00a0<\/span><\/span><\/span><strong><span dir=\"auto\"><span class=\"VIpgJd-yAWNEb-VIpgJd-fmcmS-sn54Q\" dir=\"auto\">una filosof\u00eda moral de la pertenencia colectiva.<\/span><\/span><\/strong><span dir=\"auto\"><span class=\"VIpgJd-yAWNEb-VIpgJd-fmcmS-sn54Q\" dir=\"auto\"> Los obispos no escrib\u00edan solo sobre fe, sino sobre identidad. En medio de un mundo secularizado y fragmentado, buscaban restituir un principio de unidad: la idea de que una comunidad -naci\u00f3n, pueblo, cultura- solo subsiste si conserva<span>\u00a0<\/span><\/span><\/span><strong><span dir=\"auto\"><span class=\"VIpgJd-yAWNEb-VIpgJd-fmcmS-sn54Q\" dir=\"auto\">un sentido com\u00fan de fondo.<\/span><\/span><\/strong><span dir=\"auto\"><span class=\"VIpgJd-yAWNEb-VIpgJd-fmcmS-sn54Q\" dir=\"auto\">\u00a0Ese texto, hoy, puede leerse no como una afirmaci\u00f3n confesional, sino como una<span>\u00a0<\/span><\/span><\/span><strong><span dir=\"auto\"><span class=\"VIpgJd-yAWNEb-VIpgJd-fmcmS-sn54Q\" dir=\"auto\">gram\u00e1tica c\u00edvica<\/span><\/span><\/strong><span dir=\"auto\"><span class=\"VIpgJd-yAWNEb-VIpgJd-fmcmS-sn54Q\" dir=\"auto\"><span>\u00a0<\/span>para repensar a Catalu\u00f1a.<\/span><\/span><\/p>\n<h3><span dir=\"auto\">De las ra\u00edces religiosas a la conciencia civil<\/span><\/h3>\n<p><span dir=\"auto\"><span class=\"VIpgJd-yAWNEb-VIpgJd-fmcmS-sn54Q\" dir=\"auto\">Lo que los obispos llamaban<span>\u00a0<\/span><\/span><\/span><a href=\"https:\/\/ca.wikipedia.org\/wiki\/Arrels_cristianes_de_Catalunya\" target=\"_blank\" rel=\"noopener\"><span dir=\"auto\"><span class=\"VIpgJd-yAWNEb-VIpgJd-fmcmS-sn54Q\" dir=\"auto\">\u201cra\u00edces cristianas\u201d<\/span><\/span><\/a><span dir=\"auto\"><span class=\"VIpgJd-yAWNEb-VIpgJd-fmcmS-sn54Q\" dir=\"auto\"><span>\u00a0<\/span>puede traducirse, en t\u00e9rminos seculares, como la necesidad de un<span>\u00a0<\/span><\/span><\/span><strong><span dir=\"auto\"><span class=\"VIpgJd-yAWNEb-VIpgJd-fmcmS-sn54Q\" dir=\"auto\">horizonte compartido de sentido.<\/span><\/span><\/strong><span dir=\"auto\"><span class=\"VIpgJd-yAWNEb-VIpgJd-fmcmS-sn54Q\" dir=\"auto\"> La ra\u00edz no es una reliquia del pasado, sino la profundidad que da coherencia a una comunidad. En un tiempo de dispersi\u00f3n, la met\u00e1fora de la ra\u00edz sigue siendo fecunda: enraizarse significa encontrar la continuidad entre la memoria y el futuro, entre la identidad y la apertura. Esta idea, extra\u00edda del registro religioso, se convierte hoy en una propuesta pol\u00edtica: sin un n\u00facleo \u00e9tico y cultural com\u00fan, la naci\u00f3n se convierte solo en administraci\u00f3n o sentimiento.<\/span><\/span><\/p>\n<p><span dir=\"auto\"><span class=\"VIpgJd-yAWNEb-VIpgJd-fmcmS-sn54Q\" dir=\"auto\">En este punto, la inspiraci\u00f3n del documento episcopal sigue siendo \u00fatil. No se trataba \u2014ni ahora se trata\u2014 de confundir religi\u00f3n y pol\u00edtica, sino de entender que<span>\u00a0<\/span><\/span><\/span><strong><span dir=\"auto\"><span class=\"VIpgJd-yAWNEb-VIpgJd-fmcmS-sn54Q\" dir=\"auto\">toda comunidad pol\u00edtica necesita una dimensi\u00f3n moral y simb\u00f3lica.<\/span><\/span><\/strong><span dir=\"auto\"><span class=\"VIpgJd-yAWNEb-VIpgJd-fmcmS-sn54Q\" dir=\"auto\"> La naci\u00f3n no es solo un hecho jur\u00eddico o econ\u00f3mico, sino una forma de convivencia fundada en la confianza, la solidaridad y la memoria compartida. Sin estos v\u00ednculos, la pol\u00edtica se reduce a gesti\u00f3n del poder, y la naci\u00f3n se convierte en un mercado de intereses.<\/span><\/span><\/p>\n<h3><span dir=\"auto\">La lecci\u00f3n de Maritain: naci\u00f3n, sociedad pol\u00edtica y estado<\/span><\/h3>\n<p><span dir=\"auto\"><span class=\"VIpgJd-yAWNEb-VIpgJd-fmcmS-sn54Q\" dir=\"auto\">Aqu\u00ed es donde la distinci\u00f3n de<span>\u00a0<\/span><\/span><\/span><strong><span dir=\"auto\"><span class=\"VIpgJd-yAWNEb-VIpgJd-fmcmS-sn54Q\" dir=\"auto\">Jacques Maritain<\/span><\/span><\/strong><span dir=\"auto\"><span class=\"VIpgJd-yAWNEb-VIpgJd-fmcmS-sn54Q\" dir=\"auto\"><span>\u00a0<\/span>resulta decisiva. El fil\u00f3sofo franc\u00e9s, inspirador del personalismo comunitario, diferenciaba claramente tres \u00f3rdenes: la<span>\u00a0<\/span><\/span><\/span><strong><span dir=\"auto\"><span class=\"VIpgJd-yAWNEb-VIpgJd-fmcmS-sn54Q\" dir=\"auto\">naci\u00f3n,<\/span><\/span><\/strong><span dir=\"auto\"><span class=\"VIpgJd-yAWNEb-VIpgJd-fmcmS-sn54Q\" dir=\"auto\">\u00a0como comunidad hist\u00f3rica de cultura y lengua; la<span>\u00a0<\/span><\/span><\/span><strong><span dir=\"auto\"><span class=\"VIpgJd-yAWNEb-VIpgJd-fmcmS-sn54Q\" dir=\"auto\">sociedad pol\u00edtica,<\/span><\/span><\/strong><span dir=\"auto\"><span class=\"VIpgJd-yAWNEb-VIpgJd-fmcmS-sn54Q\" dir=\"auto\">\u00a0como espacio de convivencia y deliberaci\u00f3n com\u00fan; y el<span>\u00a0<\/span><\/span><\/span><strong><span dir=\"auto\"><span class=\"VIpgJd-yAWNEb-VIpgJd-fmcmS-sn54Q\" dir=\"auto\">estado,<\/span><\/span><\/strong><span dir=\"auto\"><span class=\"VIpgJd-yAWNEb-VIpgJd-fmcmS-sn54Q\" dir=\"auto\">\u00a0como instrumento jur\u00eddico y administrativo al servicio de la sociedad. Confundirlos \u2014advert\u00eda\u2014 es la fuente de muchas servidumbres modernas.<\/span><\/span><\/p>\n<p><span dir=\"auto\">Aplicado al caso catal\u00e1n, este esquema permite<span>\u00a0<\/span><\/span><strong><span dir=\"auto\">superar la falsa oposici\u00f3n<\/span><\/strong><span dir=\"auto\"><span>\u00a0<\/span>que domina el debate desde hace a\u00f1os: o afirmar la naci\u00f3n catalana implica reclamar la independencia del Estado espa\u00f1ol, o reconocer el Estado espa\u00f1ol obliga a negar la realidad nacional de Catalu\u00f1a. Con la mirada de Maritain, podemos romper esta dicotom\u00eda:<span>\u00a0<\/span><\/span><strong><span dir=\"auto\">Catalu\u00f1a puede afirmar plenamente su identidad nacional sin necesidad de erigirse en estado soberano,<\/span><\/strong><span dir=\"auto\">\u00a0siempre que Espa\u00f1a asuma una concepci\u00f3n plural de s\u00ed mismo y garantice una aut\u00e9ntica libertad colectiva.<\/span><\/p>\n<p><span dir=\"auto\">La naci\u00f3n, entendida as\u00ed, no es un aparato de poder, sino una<span>\u00a0<\/span><\/span><strong><span dir=\"auto\">comunidad de significados;<\/span><\/strong><span dir=\"auto\">\u00a0un espacio de cultura, lengua y valores que se expresa hist\u00f3ricamente en formas pol\u00edticas diversas. El estado es un medio, no un fin. Y la sociedad pol\u00edtica, el \u00e1mbito en el que se construye la convivencia y la lealtad compartida. Este modelo permite reconciliar<span>\u00a0<\/span><\/span><strong><span dir=\"auto\">identidad y ciudadan\u00eda,<\/span><\/strong><span dir=\"auto\">\u00a0sin que ninguna de las dos asfixie a la otra.<\/span><\/p>\n<h3><span dir=\"auto\">La naci\u00f3n como comunidad moral<\/span><\/h3>\n<p><span dir=\"auto\"><span class=\"VIpgJd-yAWNEb-VIpgJd-fmcmS-sn54Q\" dir=\"auto\">Esta visi\u00f3n conecta directamente con el esp\u00edritu de<span>\u00a0<\/span><\/span><\/span><em><span dir=\"auto\"><span class=\"VIpgJd-yAWNEb-VIpgJd-fmcmS-sn54Q\" dir=\"auto\">Ra\u00edces cristianas.<\/span><\/span><\/em><span dir=\"auto\"><span class=\"VIpgJd-yAWNEb-VIpgJd-fmcmS-sn54Q\" dir=\"auto\">\u00a0Los obispos afirmaban entonces que \u00abser catal\u00e1n\u00bb significaba participar de un horizonte \u00e9tico, m\u00e1s que de un proyecto de poder. Trasladado al lenguaje civil, esto significa que la naci\u00f3n catalana puede ser entendida como una<span>\u00a0<\/span><\/span><\/span><strong><span dir=\"auto\"><span class=\"VIpgJd-yAWNEb-VIpgJd-fmcmS-sn54Q\" dir=\"auto\">comunidad moral,<\/span><\/span><\/strong><span dir=\"auto\"><span class=\"VIpgJd-yAWNEb-VIpgJd-fmcmS-sn54Q\" dir=\"auto\">\u00a0definida por valores y responsabilidades compartidas, no por fronteras o soberan\u00edas.<\/span><\/span><\/p>\n<p><span dir=\"auto\">El reto, hoy, es precisamente<span>\u00a0<\/span><\/span><strong><span dir=\"auto\">recuperar esa dimensi\u00f3n moral y c\u00edvica<\/span><\/strong><span dir=\"auto\"><span>\u00a0<\/span>del catalanismo. Durante d\u00e9cadas, la pol\u00edtica catalana se ha debatido entre el pragmatismo administrativo y el absoluto soberanismo. Uno ha olvidado la identidad; el otro, la realidad. Pero<span>\u00a0<\/span><\/span><strong><span dir=\"auto\">existe una tercera v\u00eda<\/span><\/strong><span dir=\"auto\"><span>\u00a0<\/span>\u2014no en el sentido pol\u00edtico, sino filos\u00f3fico\u2014 que consiste en afirmar la naci\u00f3n como proyecto \u00e9tico y cultural dentro de una sociedad pol\u00edtica plural. Una v\u00eda que tambi\u00e9n nos remite a la exigencia \u00e9tica<span>\u00a0<\/span><\/span><strong><span dir=\"auto\">de Alasdair MacIntyre<\/span><\/strong><span dir=\"auto\"><span>\u00a0<\/span>y el suyo, \u00bfEs el patriotismo una virtud?<\/span><\/p>\n<p><span dir=\"auto\"><span class=\"VIpgJd-yAWNEb-VIpgJd-fmcmS-sn54Q\" dir=\"auto\">Esa posici\u00f3n no equivale a renuncia. Requiere exigencia: exigir un Estado que reconozca y respete esa pluralidad, y una sociedad catalana capaz de ejercer su libertad cultural y pol\u00edtica sin convertirla en dogma de independencia, sino utilizarla como vector de perfecci\u00f3n colectiva y personal. En palabras de Maritain,<span>\u00a0<\/span><\/span><\/span><strong><span dir=\"auto\"><span class=\"VIpgJd-yAWNEb-VIpgJd-fmcmS-sn54Q\" dir=\"auto\">\u00abel valor de la naci\u00f3n radica en la calidad moral de su esp\u00edritu, no en su potencia estatal.\u00bb<\/span><\/span><\/strong><\/p>\n<h3><span dir=\"auto\">Universalidad y particularidad reconciliadas<\/span><\/h3>\n<p><span dir=\"auto\"><span class=\"VIpgJd-yAWNEb-VIpgJd-fmcmS-sn54Q\" dir=\"auto\">Otro de los hilos que atraviesa<span>\u00a0<\/span><\/span><\/span><em><span dir=\"auto\"><span class=\"VIpgJd-yAWNEb-VIpgJd-fmcmS-sn54Q\" dir=\"auto\">Ra\u00edces cristianas<\/span><\/span><\/em><span dir=\"auto\"><span class=\"VIpgJd-yAWNEb-VIpgJd-fmcmS-sn54Q\" dir=\"auto\"><span>\u00a0<\/span>es la tensi\u00f3n entre lo universal y lo particular. Los obispos afirmaban que la cultura catalana pod\u00eda expresar el universal cristiano sin perder su singularidad. Trasladado al plan civil, este pensamiento sigue siendo v\u00e1lido:<span>\u00a0<\/span><\/span><\/span><strong><span dir=\"auto\"><span class=\"VIpgJd-yAWNEb-VIpgJd-fmcmS-sn54Q\" dir=\"auto\">una naci\u00f3n no se universaliza renunciando a ser ella misma, sino encarnando lo universal de una manera propia.<\/span><\/span><\/strong><\/p>\n<p><span>La contribuci\u00f3n de Catalu\u00f1a al conjunto espa\u00f1ol y europeo podr\u00eda entenderse en estos t\u00e9rminos: no como diferencia que separa, sino como singularidad que enriquece. El error de quienes identifican a la naci\u00f3n con el Estado es creer que solo existe plenitud en la soberan\u00eda jur\u00eddica. Pero existen otras formas de plenitud: la cultural, la moral, la comunitaria. Una naci\u00f3n puede vivir de forma plena si puede expresar libremente su identidad y participar con igual dignidad en la comunidad pol\u00edtica m\u00e1s amplia. La propia historia de Catalu\u00f1a es un ejemplo.<\/span><\/p>\n<h3><span dir=\"auto\">Reconciliar memoria y futuro<\/span><\/h3>\n<p><span dir=\"auto\">El otro gran tema del documento episcopal era la<span>\u00a0<\/span><\/span><strong><span dir=\"auto\">continuidad hist\u00f3rica.<\/span><\/strong><span dir=\"auto\">\u00a0Ante la secularizaci\u00f3n y la fragmentaci\u00f3n, propon\u00eda reencontrar el hilo de la memoria colectiva. En el plano pol\u00edtico, esto significa<span>\u00a0<\/span><\/span><strong><span dir=\"auto\">reconectar la tradici\u00f3n con la libertad.<\/span><\/strong><span dir=\"auto\">\u00a0Catalu\u00f1a no puede ser un proyecto sin memoria, pero tampoco una memoria sin proyecto. La fidelidad a la propia historia no es repetici\u00f3n, sino actualizaci\u00f3n creadora.<\/span><\/p>\n<p><span dir=\"auto\">Esto implica construir una cultura pol\u00edtica de continuidad: lo que une a generaciones m\u00e1s que lo que las enfrenta. Si<span>\u00a0<\/span><\/span><em><span dir=\"auto\">Ra\u00edces cristianas<\/span><\/em><span dir=\"auto\"><span>\u00a0<\/span>quer\u00eda recomponer la unidad entre fe, cultura y pueblo, hoy es necesario recomponer la unidad entre<span>\u00a0<\/span><\/span><strong><span dir=\"auto\">identidad, convivencia e instituciones.<\/span><\/strong><span dir=\"auto\"> El reto no es solo pol\u00edtico, sino espiritual en sentido civil: volver a dotar de sentido al hecho de pertenecer a una comunidad.<\/span><\/p>\n<h3><span dir=\"auto\">Un proyecto para un pueblo plural<\/span><\/h3>\n<p><span dir=\"auto\"><span class=\"VIpgJd-yAWNEb-VIpgJd-fmcmS-sn54Q\" dir=\"auto\">En definitiva, la lecci\u00f3n que podemos extraer de ese texto de 1985 es que<span>\u00a0<\/span><\/span><\/span><strong><span dir=\"auto\"><span class=\"VIpgJd-yAWNEb-VIpgJd-fmcmS-sn54Q\" dir=\"auto\">la identidad colectiva puede ser un espacio de reconciliaci\u00f3n, no de ruptura.<\/span><\/span><\/strong><span dir=\"auto\"><span class=\"VIpgJd-yAWNEb-VIpgJd-fmcmS-sn54Q\" dir=\"auto\">\u00a0Catalu\u00f1a puede ser naci\u00f3n sin excluir, puede afirmarse sin romper, puede enraizarse sin cerrarse. Y puede hacerlo si entiende que la naci\u00f3n no es un destino estatal, sino una vocaci\u00f3n de convivencia.<\/span><\/span><\/p>\n<p><span dir=\"auto\">La mirada de Maritain nos ayuda a entender que la verdadera plenitud pol\u00edtica no es el dominio, sino la comuni\u00f3n. Una naci\u00f3n madura es aquella que puede reconocer el valor de los dem\u00e1s sin perder el propio. El Estado, en cambio, solo es justo cuando sirve a esta comunidad moral y no la domina.<\/span><\/p>\n<p><span dir=\"auto\"><span class=\"VIpgJd-yAWNEb-VIpgJd-fmcmS-sn54Q\" dir=\"auto\">En tiempos de polarizaci\u00f3n, recordar las<span>\u00a0<\/span><\/span><\/span><em><span dir=\"auto\"><span class=\"VIpgJd-yAWNEb-VIpgJd-fmcmS-sn54Q\" dir=\"auto\">ra\u00edces cristianas<\/span><\/span><\/em><span dir=\"auto\"><span class=\"VIpgJd-yAWNEb-VIpgJd-fmcmS-sn54Q\" dir=\"auto\"><span>\u00a0<\/span>como fuente de reflexi\u00f3n c\u00edvica puede parecer un anacronismo. Pero quiz\u00e1 sea todo lo contrario: un recordatorio de que la pol\u00edtica, sin una \u00e9tica de fondo, se convierte en pura t\u00e9cnica; y que la naci\u00f3n, sin sentido moral, se desvanece en la volatilidad del presente.<span>\u00a0<\/span><\/span><\/span><strong><span dir=\"auto\"><span class=\"VIpgJd-yAWNEb-VIpgJd-fmcmS-sn54Q\" dir=\"auto\">Reafirmar Catalu\u00f1a como naci\u00f3n moral, cultural y c\u00edvica es quiz\u00e1s la forma m\u00e1s madura de asegurar su futuro, de regir en su florecimiento humano.<\/span><\/span><\/strong><\/p>\n<span class='bctt-click-to-tweet'><span class='bctt-ctt-text'><a href='https:\/\/twitter.com\/intent\/tweet?url=https%3A%2F%2Fconversesacatalunya.cat%2Fes%2F40-aniversario-arrels-cristianes-de-catalunya-mas-alla-del-texto-eclesial-repensando-la-nacion-catalana-en-el-siglo-xxi%2F&#038;text=Catalu%C3%B1a%20puede%20ser%20naci%C3%B3n%20plena%20sin%20ser%20estado%2C%20si%20es%20reconocida%20en%20igualdad%20y%20libertad.%20%23ArrelsCivils%20%23Catalunya&#038;via=conversesacat&#038;related=conversesacat' target='_blank'rel=\"noopener noreferrer\">Catalu\u00f1a puede ser naci\u00f3n plena sin ser estado, si es reconocida en igualdad y libertad. #ArrelsCivils #Catalunya <\/a><\/span><a href='https:\/\/twitter.com\/intent\/tweet?url=https%3A%2F%2Fconversesacatalunya.cat%2Fes%2F40-aniversario-arrels-cristianes-de-catalunya-mas-alla-del-texto-eclesial-repensando-la-nacion-catalana-en-el-siglo-xxi%2F&#038;text=Catalu%C3%B1a%20puede%20ser%20naci%C3%B3n%20plena%20sin%20ser%20estado%2C%20si%20es%20reconocida%20en%20igualdad%20y%20libertad.%20%23ArrelsCivils%20%23Catalunya&#038;via=conversesacat&#038;related=conversesacat' target='_blank' class='bctt-ctt-btn'rel=\"noopener noreferrer\">Compartir en X<\/a><\/span>\n<p>&nbsp;<\/p>\n","protected":false},"excerpt":{"rendered":"<p>Cuando el episcopado catal\u00e1n public\u00f3, en 1985, el documento\u00a0Ra\u00edces cristianas de Catalu\u00f1a,\u00a0parec\u00eda un texto pastoral; pero bajo esa forma hab\u00eda una propuesta de fondo:\u00a0una filosof\u00eda moral de la pertenencia colectiva. Los obispos no escrib\u00edan solo sobre fe, sino sobre identidad. En medio de un mundo secularizado y fragmentado, buscaban restituir un principio de unidad: la idea de que una comunidad -naci\u00f3n, pueblo, cultura- solo subsiste si conserva\u00a0un sentido com\u00fan de fondo.\u00a0Ese texto, hoy, puede leerse no como una afirmaci\u00f3n confesional, sino como una\u00a0gram\u00e1tica c\u00edvica\u00a0para repensar a Catalu\u00f1a. De las ra\u00edces religiosas a la conciencia civil Lo que los obispos llamaban\u00a0\u201cra\u00edces cristianas\u201d\u00a0puede traducirse, en t\u00e9rminos seculares, como la necesidad de un\u00a0horizonte compartido de sentido. La ra\u00edz no es una reliquia del pasado, sino la profundidad que da coherencia a una comunidad. En un tiempo de dispersi\u00f3n, la met\u00e1fora de la ra\u00edz sigue siendo fecunda: enraizarse significa encontrar la continuidad entre la memoria y el futuro, entre la identidad y la apertura. Esta idea, extra\u00edda del registro religioso, se convierte hoy en una propuesta pol\u00edtica: sin un n\u00facleo \u00e9tico y cultural com\u00fan, la naci\u00f3n se convierte solo en administraci\u00f3n o sentimiento. En este punto, la inspiraci\u00f3n del documento episcopal sigue siendo \u00fatil. No se trataba \u2014ni ahora se trata\u2014 de confundir religi\u00f3n y pol\u00edtica, sino de entender que\u00a0toda comunidad pol\u00edtica necesita una dimensi\u00f3n moral y simb\u00f3lica. La naci\u00f3n no es solo un hecho jur\u00eddico o econ\u00f3mico, sino una forma de convivencia fundada en la confianza, la solidaridad y la memoria compartida. Sin estos v\u00ednculos, la pol\u00edtica se reduce a gesti\u00f3n del poder, y la naci\u00f3n se convierte en un mercado de intereses. La lecci\u00f3n de Maritain: naci\u00f3n, sociedad pol\u00edtica y estado Aqu\u00ed es donde la distinci\u00f3n de\u00a0Jacques Maritain\u00a0resulta decisiva. El fil\u00f3sofo franc\u00e9s, inspirador del personalismo comunitario, diferenciaba claramente tres \u00f3rdenes: la\u00a0naci\u00f3n,\u00a0como comunidad hist\u00f3rica de cultura y lengua; la\u00a0sociedad pol\u00edtica,\u00a0como espacio de convivencia y deliberaci\u00f3n com\u00fan; y el\u00a0estado,\u00a0como instrumento jur\u00eddico y administrativo al servicio de la sociedad. Confundirlos \u2014advert\u00eda\u2014 es la fuente de muchas servidumbres modernas. Aplicado al caso catal\u00e1n, este esquema permite\u00a0superar la falsa oposici\u00f3n\u00a0que domina el debate desde hace a\u00f1os: o afirmar la naci\u00f3n catalana implica reclamar la independencia del Estado espa\u00f1ol, o reconocer el Estado espa\u00f1ol obliga a negar la realidad nacional de Catalu\u00f1a. Con la mirada de Maritain, podemos romper esta dicotom\u00eda:\u00a0Catalu\u00f1a puede afirmar plenamente su identidad nacional sin necesidad de erigirse en estado soberano,\u00a0siempre que Espa\u00f1a asuma una concepci\u00f3n plural de s\u00ed mismo y garantice una aut\u00e9ntica libertad colectiva. La naci\u00f3n, entendida as\u00ed, no es un aparato de poder, sino una\u00a0comunidad de significados;\u00a0un espacio de cultura, lengua y valores que se expresa hist\u00f3ricamente en formas pol\u00edticas diversas. El estado es un medio, no un fin. Y la sociedad pol\u00edtica, el \u00e1mbito en el que se construye la convivencia y la lealtad compartida. Este modelo permite reconciliar\u00a0identidad y ciudadan\u00eda,\u00a0sin que ninguna de las dos asfixie a la otra. La naci\u00f3n como comunidad moral Esta visi\u00f3n conecta directamente con el esp\u00edritu de\u00a0Ra\u00edces cristianas.\u00a0Los obispos afirmaban entonces que \u00abser catal\u00e1n\u00bb significaba participar de un horizonte \u00e9tico, m\u00e1s que de un proyecto de poder. Trasladado al lenguaje civil, esto significa que la naci\u00f3n catalana puede ser entendida como una\u00a0comunidad moral,\u00a0definida por valores y responsabilidades compartidas, no por fronteras o soberan\u00edas. El reto, hoy, es precisamente\u00a0recuperar esa dimensi\u00f3n moral y c\u00edvica\u00a0del catalanismo. Durante d\u00e9cadas, la pol\u00edtica catalana se ha debatido entre el pragmatismo administrativo y el absoluto soberanismo. Uno ha olvidado la identidad; el otro, la realidad. Pero\u00a0existe una tercera v\u00eda\u00a0\u2014no en el sentido pol\u00edtico, sino filos\u00f3fico\u2014 que consiste en afirmar la naci\u00f3n como proyecto \u00e9tico y cultural dentro de una sociedad pol\u00edtica plural. Una v\u00eda que tambi\u00e9n nos remite a la exigencia \u00e9tica\u00a0de Alasdair MacIntyre\u00a0y el suyo, \u00bfEs el patriotismo una virtud? Esa posici\u00f3n no equivale a renuncia. Requiere exigencia: exigir un Estado que reconozca y respete esa pluralidad, y una sociedad catalana capaz de ejercer su libertad cultural y pol\u00edtica sin convertirla en dogma de independencia, sino utilizarla como vector de perfecci\u00f3n colectiva y personal. En palabras de Maritain,\u00a0\u00abel valor de la naci\u00f3n radica en la calidad moral de su esp\u00edritu, no en su potencia estatal.\u00bb Universalidad y particularidad reconciliadas Otro de los hilos que atraviesa\u00a0Ra\u00edces cristianas\u00a0es la tensi\u00f3n entre lo universal y lo particular. Los obispos afirmaban que la cultura catalana pod\u00eda expresar el universal cristiano sin perder su singularidad. Trasladado al plan civil, este pensamiento sigue siendo v\u00e1lido:\u00a0una naci\u00f3n no se universaliza renunciando a ser ella misma, sino encarnando lo universal de una manera propia. La contribuci\u00f3n de Catalu\u00f1a al conjunto espa\u00f1ol y europeo podr\u00eda entenderse en estos t\u00e9rminos: no como diferencia que separa, sino como singularidad que enriquece. El error de quienes identifican a la naci\u00f3n con el Estado es creer que solo existe plenitud en la soberan\u00eda jur\u00eddica. Pero existen otras formas de plenitud: la cultural, la moral, la comunitaria. Una naci\u00f3n puede vivir de forma plena si puede expresar libremente su identidad y participar con igual dignidad en la comunidad pol\u00edtica m\u00e1s amplia. La propia historia de Catalu\u00f1a es un ejemplo. Reconciliar memoria y futuro El otro gran tema del documento episcopal era la\u00a0continuidad hist\u00f3rica.\u00a0Ante la secularizaci\u00f3n y la fragmentaci\u00f3n, propon\u00eda reencontrar el hilo de la memoria colectiva. En el plano pol\u00edtico, esto significa\u00a0reconectar la tradici\u00f3n con la libertad.\u00a0Catalu\u00f1a no puede ser un proyecto sin memoria, pero tampoco una memoria sin proyecto. La fidelidad a la propia historia no es repetici\u00f3n, sino actualizaci\u00f3n creadora. Esto implica construir una cultura pol\u00edtica de continuidad: lo que une a generaciones m\u00e1s que lo que las enfrenta. Si\u00a0Ra\u00edces cristianas\u00a0quer\u00eda recomponer la unidad entre fe, cultura y pueblo, hoy es necesario recomponer la unidad entre\u00a0identidad, convivencia e instituciones. El reto no es solo pol\u00edtico, sino espiritual en sentido civil: volver a dotar de sentido al hecho de pertenecer a una comunidad. Un proyecto para un pueblo plural En definitiva, la lecci\u00f3n que podemos extraer de ese texto de 1985 es que\u00a0la identidad colectiva puede ser un espacio de reconciliaci\u00f3n, no de ruptura.\u00a0Catalu\u00f1a puede ser naci\u00f3n sin excluir, puede afirmarse sin&#8230;<\/p>\n","protected":false},"author":80,"featured_media":93141,"comment_status":"open","ping_status":"open","sticky":false,"template":"","format":"standard","meta":{"_FSMCFIC_featured_image_caption":"","_FSMCFIC_featured_image_nocaption":"","_FSMCFIC_featured_image_hide":"","footnotes":""},"categories":[806],"tags":[845],"class_list":["post-93148","post","type-post","status-publish","format-standard","has-post-thumbnail","hentry","category-punts-claus-del-dia-es","tag-catalunya-es"],"yoast_head":"<!-- This site is optimized with the Yoast SEO plugin v26.8 - https:\/\/yoast.com\/product\/yoast-seo-wordpress\/ -->\n<title>En el 40 aniversario de Arrels Cristianes de Catalunya: m\u00e1s all\u00e1 del texto eclesial repensando la naci\u00f3n catalana en el siglo XXI - Converses a Catalunya<\/title>\n<meta name=\"description\" content=\"Inspirado en Ra\u00edces cristianas de Catalu\u00f1a, este art\u00edculo propone una visi\u00f3n secular y maritainiana para afirmar a la naci\u00f3n catalana.\" \/>\n<meta name=\"robots\" content=\"index, follow, max-snippet:-1, max-image-preview:large, max-video-preview:-1\" \/>\n<link rel=\"canonical\" href=\"https:\/\/conversesacatalunya.cat\/es\/40-aniversario-arrels-cristianes-de-catalunya-mas-alla-del-texto-eclesial-repensando-la-nacion-catalana-en-el-siglo-xxi\/\" \/>\n<meta property=\"og:locale\" content=\"es_ES\" \/>\n<meta property=\"og:type\" content=\"article\" \/>\n<meta property=\"og:title\" content=\"En el 40 aniversario de Arrels Cristianes de Catalunya: m\u00e1s all\u00e1 del texto eclesial repensando la naci\u00f3n catalana en el siglo XXI - Converses a Catalunya\" \/>\n<meta property=\"og:description\" content=\"Inspirado en Ra\u00edces cristianas de Catalu\u00f1a, este art\u00edculo propone una visi\u00f3n secular y maritainiana para afirmar a la naci\u00f3n catalana.\" \/>\n<meta property=\"og:url\" content=\"https:\/\/conversesacatalunya.cat\/es\/40-aniversario-arrels-cristianes-de-catalunya-mas-alla-del-texto-eclesial-repensando-la-nacion-catalana-en-el-siglo-xxi\/\" \/>\n<meta property=\"og:site_name\" content=\"Converses a Catalunya\" \/>\n<meta property=\"article:published_time\" content=\"2025-10-22T10:47:58+00:00\" \/>\n<meta property=\"article:modified_time\" content=\"2025-10-23T09:25:21+00:00\" \/>\n<meta property=\"og:image\" content=\"https:\/\/conversesacatalunya.cat\/wp-content\/uploads\/2025\/10\/arrels.jpg\" \/>\n\t<meta property=\"og:image:width\" content=\"892\" \/>\n\t<meta property=\"og:image:height\" content=\"595\" \/>\n\t<meta property=\"og:image:type\" content=\"image\/jpeg\" \/>\n<meta name=\"author\" content=\"N\u00faria Freixa\" \/>\n<meta name=\"twitter:card\" content=\"summary_large_image\" \/>\n<meta name=\"twitter:label1\" content=\"Escrito por\" \/>\n\t<meta name=\"twitter:data1\" content=\"N\u00faria Freixa\" \/>\n\t<meta name=\"twitter:label2\" content=\"Tiempo de lectura\" \/>\n\t<meta name=\"twitter:data2\" content=\"7 minutos\" \/>\n<script type=\"application\/ld+json\" class=\"yoast-schema-graph\">{\"@context\":\"https:\/\/schema.org\",\"@graph\":[{\"@type\":\"Article\",\"@id\":\"https:\/\/conversesacatalunya.cat\/es\/40-aniversario-arrels-cristianes-de-catalunya-mas-alla-del-texto-eclesial-repensando-la-nacion-catalana-en-el-siglo-xxi\/#article\",\"isPartOf\":{\"@id\":\"https:\/\/conversesacatalunya.cat\/es\/40-aniversario-arrels-cristianes-de-catalunya-mas-alla-del-texto-eclesial-repensando-la-nacion-catalana-en-el-siglo-xxi\/\"},\"author\":{\"name\":\"N\u00faria Freixa\",\"@id\":\"https:\/\/conversesacatalunya.cat\/#\/schema\/person\/b734752c25b328c819a407cbea568c1f\"},\"headline\":\"En el 40 aniversario de Arrels Cristianes de Catalunya: m\u00e1s all\u00e1 del texto eclesial repensando la naci\u00f3n catalana en el siglo XXI\",\"datePublished\":\"2025-10-22T10:47:58+00:00\",\"dateModified\":\"2025-10-23T09:25:21+00:00\",\"mainEntityOfPage\":{\"@id\":\"https:\/\/conversesacatalunya.cat\/es\/40-aniversario-arrels-cristianes-de-catalunya-mas-alla-del-texto-eclesial-repensando-la-nacion-catalana-en-el-siglo-xxi\/\"},\"wordCount\":1394,\"commentCount\":0,\"image\":{\"@id\":\"https:\/\/conversesacatalunya.cat\/es\/40-aniversario-arrels-cristianes-de-catalunya-mas-alla-del-texto-eclesial-repensando-la-nacion-catalana-en-el-siglo-xxi\/#primaryimage\"},\"thumbnailUrl\":\"https:\/\/conversesacatalunya.cat\/wp-content\/uploads\/2025\/10\/arrels.jpg\",\"keywords\":[\"Catalunya\"],\"articleSection\":[\"Punts clau del dia (ES)\"],\"inLanguage\":\"es\",\"potentialAction\":[{\"@type\":\"CommentAction\",\"name\":\"Comment\",\"target\":[\"https:\/\/conversesacatalunya.cat\/es\/40-aniversario-arrels-cristianes-de-catalunya-mas-alla-del-texto-eclesial-repensando-la-nacion-catalana-en-el-siglo-xxi\/#respond\"]}]},{\"@type\":\"WebPage\",\"@id\":\"https:\/\/conversesacatalunya.cat\/es\/40-aniversario-arrels-cristianes-de-catalunya-mas-alla-del-texto-eclesial-repensando-la-nacion-catalana-en-el-siglo-xxi\/\",\"url\":\"https:\/\/conversesacatalunya.cat\/es\/40-aniversario-arrels-cristianes-de-catalunya-mas-alla-del-texto-eclesial-repensando-la-nacion-catalana-en-el-siglo-xxi\/\",\"name\":\"En el 40 aniversario de Arrels Cristianes de Catalunya: m\u00e1s all\u00e1 del texto eclesial repensando la naci\u00f3n catalana en el siglo XXI - Converses a Catalunya\",\"isPartOf\":{\"@id\":\"https:\/\/conversesacatalunya.cat\/#website\"},\"primaryImageOfPage\":{\"@id\":\"https:\/\/conversesacatalunya.cat\/es\/40-aniversario-arrels-cristianes-de-catalunya-mas-alla-del-texto-eclesial-repensando-la-nacion-catalana-en-el-siglo-xxi\/#primaryimage\"},\"image\":{\"@id\":\"https:\/\/conversesacatalunya.cat\/es\/40-aniversario-arrels-cristianes-de-catalunya-mas-alla-del-texto-eclesial-repensando-la-nacion-catalana-en-el-siglo-xxi\/#primaryimage\"},\"thumbnailUrl\":\"https:\/\/conversesacatalunya.cat\/wp-content\/uploads\/2025\/10\/arrels.jpg\",\"datePublished\":\"2025-10-22T10:47:58+00:00\",\"dateModified\":\"2025-10-23T09:25:21+00:00\",\"author\":{\"@id\":\"https:\/\/conversesacatalunya.cat\/#\/schema\/person\/b734752c25b328c819a407cbea568c1f\"},\"description\":\"Inspirado en Ra\u00edces cristianas de Catalu\u00f1a, este art\u00edculo propone una visi\u00f3n secular y maritainiana para afirmar a la naci\u00f3n catalana.\",\"breadcrumb\":{\"@id\":\"https:\/\/conversesacatalunya.cat\/es\/40-aniversario-arrels-cristianes-de-catalunya-mas-alla-del-texto-eclesial-repensando-la-nacion-catalana-en-el-siglo-xxi\/#breadcrumb\"},\"inLanguage\":\"es\",\"potentialAction\":[{\"@type\":\"ReadAction\",\"target\":[\"https:\/\/conversesacatalunya.cat\/es\/40-aniversario-arrels-cristianes-de-catalunya-mas-alla-del-texto-eclesial-repensando-la-nacion-catalana-en-el-siglo-xxi\/\"]}]},{\"@type\":\"ImageObject\",\"inLanguage\":\"es\",\"@id\":\"https:\/\/conversesacatalunya.cat\/es\/40-aniversario-arrels-cristianes-de-catalunya-mas-alla-del-texto-eclesial-repensando-la-nacion-catalana-en-el-siglo-xxi\/#primaryimage\",\"url\":\"https:\/\/conversesacatalunya.cat\/wp-content\/uploads\/2025\/10\/arrels.jpg\",\"contentUrl\":\"https:\/\/conversesacatalunya.cat\/wp-content\/uploads\/2025\/10\/arrels.jpg\",\"width\":892,\"height\":595,\"caption\":\"Ra\u00edces cristianas de Catalu\u00f1a\"},{\"@type\":\"BreadcrumbList\",\"@id\":\"https:\/\/conversesacatalunya.cat\/es\/40-aniversario-arrels-cristianes-de-catalunya-mas-alla-del-texto-eclesial-repensando-la-nacion-catalana-en-el-siglo-xxi\/#breadcrumb\",\"itemListElement\":[{\"@type\":\"ListItem\",\"position\":1,\"name\":\"Inici\",\"item\":\"https:\/\/conversesacatalunya.cat\/es\/\"},{\"@type\":\"ListItem\",\"position\":2,\"name\":\"En el 40 aniversario de Arrels Cristianes de Catalunya: m\u00e1s all\u00e1 del texto eclesial repensando la naci\u00f3n catalana en el siglo XXI\"}]},{\"@type\":\"WebSite\",\"@id\":\"https:\/\/conversesacatalunya.cat\/#website\",\"url\":\"https:\/\/conversesacatalunya.cat\/\",\"name\":\"Converses a Catalunya\",\"description\":\"\",\"potentialAction\":[{\"@type\":\"SearchAction\",\"target\":{\"@type\":\"EntryPoint\",\"urlTemplate\":\"https:\/\/conversesacatalunya.cat\/?s={search_term_string}\"},\"query-input\":{\"@type\":\"PropertyValueSpecification\",\"valueRequired\":true,\"valueName\":\"search_term_string\"}}],\"inLanguage\":\"es\"},{\"@type\":\"Person\",\"@id\":\"https:\/\/conversesacatalunya.cat\/#\/schema\/person\/b734752c25b328c819a407cbea568c1f\",\"name\":\"N\u00faria Freixa\",\"image\":{\"@type\":\"ImageObject\",\"inLanguage\":\"es\",\"@id\":\"https:\/\/conversesacatalunya.cat\/#\/schema\/person\/image\/\",\"url\":\"https:\/\/conversesacatalunya.cat\/wp-content\/litespeed\/avatar\/c3686e387186fed249338fe04729c597.jpg?ver=1777289182\",\"contentUrl\":\"https:\/\/conversesacatalunya.cat\/wp-content\/litespeed\/avatar\/c3686e387186fed249338fe04729c597.jpg?ver=1777289182\",\"caption\":\"N\u00faria Freixa\"},\"url\":\"https:\/\/conversesacatalunya.cat\/es\/author\/nuria_freixa\/\"}]}<\/script>\n<!-- \/ Yoast SEO plugin. -->","yoast_head_json":{"title":"En el 40 aniversario de Arrels Cristianes de Catalunya: m\u00e1s all\u00e1 del texto eclesial repensando la naci\u00f3n catalana en el siglo XXI - Converses a Catalunya","description":"Inspirado en Ra\u00edces cristianas de Catalu\u00f1a, este art\u00edculo propone una visi\u00f3n secular y maritainiana para afirmar a la naci\u00f3n catalana.","robots":{"index":"index","follow":"follow","max-snippet":"max-snippet:-1","max-image-preview":"max-image-preview:large","max-video-preview":"max-video-preview:-1"},"canonical":"https:\/\/conversesacatalunya.cat\/es\/40-aniversario-arrels-cristianes-de-catalunya-mas-alla-del-texto-eclesial-repensando-la-nacion-catalana-en-el-siglo-xxi\/","og_locale":"es_ES","og_type":"article","og_title":"En el 40 aniversario de Arrels Cristianes de Catalunya: m\u00e1s all\u00e1 del texto eclesial repensando la naci\u00f3n catalana en el siglo XXI - Converses a Catalunya","og_description":"Inspirado en Ra\u00edces cristianas de Catalu\u00f1a, este art\u00edculo propone una visi\u00f3n secular y maritainiana para afirmar a la naci\u00f3n catalana.","og_url":"https:\/\/conversesacatalunya.cat\/es\/40-aniversario-arrels-cristianes-de-catalunya-mas-alla-del-texto-eclesial-repensando-la-nacion-catalana-en-el-siglo-xxi\/","og_site_name":"Converses a Catalunya","article_published_time":"2025-10-22T10:47:58+00:00","article_modified_time":"2025-10-23T09:25:21+00:00","og_image":[{"width":892,"height":595,"url":"https:\/\/conversesacatalunya.cat\/wp-content\/uploads\/2025\/10\/arrels.jpg","type":"image\/jpeg"}],"author":"N\u00faria Freixa","twitter_card":"summary_large_image","twitter_misc":{"Escrito por":"N\u00faria Freixa","Tiempo de lectura":"7 minutos"},"schema":{"@context":"https:\/\/schema.org","@graph":[{"@type":"Article","@id":"https:\/\/conversesacatalunya.cat\/es\/40-aniversario-arrels-cristianes-de-catalunya-mas-alla-del-texto-eclesial-repensando-la-nacion-catalana-en-el-siglo-xxi\/#article","isPartOf":{"@id":"https:\/\/conversesacatalunya.cat\/es\/40-aniversario-arrels-cristianes-de-catalunya-mas-alla-del-texto-eclesial-repensando-la-nacion-catalana-en-el-siglo-xxi\/"},"author":{"name":"N\u00faria Freixa","@id":"https:\/\/conversesacatalunya.cat\/#\/schema\/person\/b734752c25b328c819a407cbea568c1f"},"headline":"En el 40 aniversario de Arrels Cristianes de Catalunya: m\u00e1s all\u00e1 del texto eclesial repensando la naci\u00f3n catalana en el siglo XXI","datePublished":"2025-10-22T10:47:58+00:00","dateModified":"2025-10-23T09:25:21+00:00","mainEntityOfPage":{"@id":"https:\/\/conversesacatalunya.cat\/es\/40-aniversario-arrels-cristianes-de-catalunya-mas-alla-del-texto-eclesial-repensando-la-nacion-catalana-en-el-siglo-xxi\/"},"wordCount":1394,"commentCount":0,"image":{"@id":"https:\/\/conversesacatalunya.cat\/es\/40-aniversario-arrels-cristianes-de-catalunya-mas-alla-del-texto-eclesial-repensando-la-nacion-catalana-en-el-siglo-xxi\/#primaryimage"},"thumbnailUrl":"https:\/\/conversesacatalunya.cat\/wp-content\/uploads\/2025\/10\/arrels.jpg","keywords":["Catalunya"],"articleSection":["Punts clau del dia (ES)"],"inLanguage":"es","potentialAction":[{"@type":"CommentAction","name":"Comment","target":["https:\/\/conversesacatalunya.cat\/es\/40-aniversario-arrels-cristianes-de-catalunya-mas-alla-del-texto-eclesial-repensando-la-nacion-catalana-en-el-siglo-xxi\/#respond"]}]},{"@type":"WebPage","@id":"https:\/\/conversesacatalunya.cat\/es\/40-aniversario-arrels-cristianes-de-catalunya-mas-alla-del-texto-eclesial-repensando-la-nacion-catalana-en-el-siglo-xxi\/","url":"https:\/\/conversesacatalunya.cat\/es\/40-aniversario-arrels-cristianes-de-catalunya-mas-alla-del-texto-eclesial-repensando-la-nacion-catalana-en-el-siglo-xxi\/","name":"En el 40 aniversario de Arrels Cristianes de Catalunya: m\u00e1s all\u00e1 del texto eclesial repensando la naci\u00f3n catalana en el siglo XXI - Converses a Catalunya","isPartOf":{"@id":"https:\/\/conversesacatalunya.cat\/#website"},"primaryImageOfPage":{"@id":"https:\/\/conversesacatalunya.cat\/es\/40-aniversario-arrels-cristianes-de-catalunya-mas-alla-del-texto-eclesial-repensando-la-nacion-catalana-en-el-siglo-xxi\/#primaryimage"},"image":{"@id":"https:\/\/conversesacatalunya.cat\/es\/40-aniversario-arrels-cristianes-de-catalunya-mas-alla-del-texto-eclesial-repensando-la-nacion-catalana-en-el-siglo-xxi\/#primaryimage"},"thumbnailUrl":"https:\/\/conversesacatalunya.cat\/wp-content\/uploads\/2025\/10\/arrels.jpg","datePublished":"2025-10-22T10:47:58+00:00","dateModified":"2025-10-23T09:25:21+00:00","author":{"@id":"https:\/\/conversesacatalunya.cat\/#\/schema\/person\/b734752c25b328c819a407cbea568c1f"},"description":"Inspirado en Ra\u00edces cristianas de Catalu\u00f1a, este art\u00edculo propone una visi\u00f3n secular y maritainiana para afirmar a la naci\u00f3n catalana.","breadcrumb":{"@id":"https:\/\/conversesacatalunya.cat\/es\/40-aniversario-arrels-cristianes-de-catalunya-mas-alla-del-texto-eclesial-repensando-la-nacion-catalana-en-el-siglo-xxi\/#breadcrumb"},"inLanguage":"es","potentialAction":[{"@type":"ReadAction","target":["https:\/\/conversesacatalunya.cat\/es\/40-aniversario-arrels-cristianes-de-catalunya-mas-alla-del-texto-eclesial-repensando-la-nacion-catalana-en-el-siglo-xxi\/"]}]},{"@type":"ImageObject","inLanguage":"es","@id":"https:\/\/conversesacatalunya.cat\/es\/40-aniversario-arrels-cristianes-de-catalunya-mas-alla-del-texto-eclesial-repensando-la-nacion-catalana-en-el-siglo-xxi\/#primaryimage","url":"https:\/\/conversesacatalunya.cat\/wp-content\/uploads\/2025\/10\/arrels.jpg","contentUrl":"https:\/\/conversesacatalunya.cat\/wp-content\/uploads\/2025\/10\/arrels.jpg","width":892,"height":595,"caption":"Ra\u00edces cristianas de Catalu\u00f1a"},{"@type":"BreadcrumbList","@id":"https:\/\/conversesacatalunya.cat\/es\/40-aniversario-arrels-cristianes-de-catalunya-mas-alla-del-texto-eclesial-repensando-la-nacion-catalana-en-el-siglo-xxi\/#breadcrumb","itemListElement":[{"@type":"ListItem","position":1,"name":"Inici","item":"https:\/\/conversesacatalunya.cat\/es\/"},{"@type":"ListItem","position":2,"name":"En el 40 aniversario de Arrels Cristianes de Catalunya: m\u00e1s all\u00e1 del texto eclesial repensando la naci\u00f3n catalana en el siglo XXI"}]},{"@type":"WebSite","@id":"https:\/\/conversesacatalunya.cat\/#website","url":"https:\/\/conversesacatalunya.cat\/","name":"Converses a Catalunya","description":"","potentialAction":[{"@type":"SearchAction","target":{"@type":"EntryPoint","urlTemplate":"https:\/\/conversesacatalunya.cat\/?s={search_term_string}"},"query-input":{"@type":"PropertyValueSpecification","valueRequired":true,"valueName":"search_term_string"}}],"inLanguage":"es"},{"@type":"Person","@id":"https:\/\/conversesacatalunya.cat\/#\/schema\/person\/b734752c25b328c819a407cbea568c1f","name":"N\u00faria Freixa","image":{"@type":"ImageObject","inLanguage":"es","@id":"https:\/\/conversesacatalunya.cat\/#\/schema\/person\/image\/","url":"https:\/\/conversesacatalunya.cat\/wp-content\/litespeed\/avatar\/c3686e387186fed249338fe04729c597.jpg?ver=1777289182","contentUrl":"https:\/\/conversesacatalunya.cat\/wp-content\/litespeed\/avatar\/c3686e387186fed249338fe04729c597.jpg?ver=1777289182","caption":"N\u00faria Freixa"},"url":"https:\/\/conversesacatalunya.cat\/es\/author\/nuria_freixa\/"}]}},"wps_subtitle":"Catalu\u00f1a puede ser naci\u00f3n sin excluir, puede afirmarse sin romper, puede enraizarse sin cerrarse. Y puede hacerlo si entiende que la naci\u00f3n no es un destino estatal, sino una vocaci\u00f3n de convivencia.","_links":{"self":[{"href":"https:\/\/conversesacatalunya.cat\/es\/wp-json\/wp\/v2\/posts\/93148","targetHints":{"allow":["GET"]}}],"collection":[{"href":"https:\/\/conversesacatalunya.cat\/es\/wp-json\/wp\/v2\/posts"}],"about":[{"href":"https:\/\/conversesacatalunya.cat\/es\/wp-json\/wp\/v2\/types\/post"}],"author":[{"embeddable":true,"href":"https:\/\/conversesacatalunya.cat\/es\/wp-json\/wp\/v2\/users\/80"}],"replies":[{"embeddable":true,"href":"https:\/\/conversesacatalunya.cat\/es\/wp-json\/wp\/v2\/comments?post=93148"}],"version-history":[{"count":4,"href":"https:\/\/conversesacatalunya.cat\/es\/wp-json\/wp\/v2\/posts\/93148\/revisions"}],"predecessor-version":[{"id":93169,"href":"https:\/\/conversesacatalunya.cat\/es\/wp-json\/wp\/v2\/posts\/93148\/revisions\/93169"}],"wp:featuredmedia":[{"embeddable":true,"href":"https:\/\/conversesacatalunya.cat\/es\/wp-json\/wp\/v2\/media\/93141"}],"wp:attachment":[{"href":"https:\/\/conversesacatalunya.cat\/es\/wp-json\/wp\/v2\/media?parent=93148"}],"wp:term":[{"taxonomy":"category","embeddable":true,"href":"https:\/\/conversesacatalunya.cat\/es\/wp-json\/wp\/v2\/categories?post=93148"},{"taxonomy":"post_tag","embeddable":true,"href":"https:\/\/conversesacatalunya.cat\/es\/wp-json\/wp\/v2\/tags?post=93148"}],"curies":[{"name":"wp","href":"https:\/\/api.w.org\/{rel}","templated":true}]}}