{"id":93081,"date":"2025-10-21T14:31:04","date_gmt":"2025-10-21T12:31:04","guid":{"rendered":"https:\/\/conversesacatalunya.cat\/?p=93081"},"modified":"2025-10-23T11:28:05","modified_gmt":"2025-10-23T09:28:05","slug":"fracaso-ntegracion-espanola-ue","status":"publish","type":"post","link":"https:\/\/conversesacatalunya.cat\/es\/fracaso-ntegracion-espanola-ue\/","title":{"rendered":"Debemos de hablar del fracaso de la integraci\u00f3n espa\u00f1ola en la Uni\u00f3n Europea (UE)"},"content":{"rendered":"<p>La Uni\u00f3n Europea atraviesa una crisis profunda. No una crisis de coyuntura, sino de fondo, de esas que afectan a los cimientos mismos del proyecto. Y, parad\u00f3jicamente, esa crisis se manifiesta con m\u00e1s fuerza en los pa\u00edses que anta\u00f1o simbolizaban la estabilidad y el liderazgo del Viejo Continente: Francia, Alemania, Italia, los del Benelux.<\/p>\n<p>La econom\u00eda \u2014ese gran term\u00f3metro de las realidades pol\u00edticas\u2014 muestra la magnitud del problema. Los datos del Fondo Monetario Internacional (FMI), proyectados desde inicios del siglo 2000\u00a0 hasta 2030, trazan un panorama inquietante: el de una Europa que converge\u2026 pero hacia abajo.<\/p>\n<h3>Cuando los l\u00edderes dejan de liderar<\/h3>\n<p>Tomando como base el a\u00f1o 2000 (\u00edndice 100 (PPA) media de la Uni\u00f3n Europea en t\u00e9rminos monetarios de igual poder adquisitivo), el FMI dibuja un mapa de rentas que confirma dos grandes procesos simult\u00e1neos.<\/p>\n<p>Por un lado, el <strong>declive sostenido de las grandes econom\u00edas fundadoras<\/strong>; por otro, la <strong>ascensi\u00f3n firme de los pa\u00edses que antes estaban por debajo de la media<\/strong>.<\/p>\n<p>El caso m\u00e1s llamativo es el de <strong>Italia<\/strong>, que de tener un \u00edndice de 125 cae a 95. Treinta puntos de p\u00e9rdida equivalen a tres d\u00e9cadas de retroceso: el pa\u00eds que invent\u00f3 el Renacimiento se desliza ahora por debajo de la media europea.<\/p>\n<p><strong>Francia<\/strong>, partiendo de 117, se sit\u00faa en 99, tambi\u00e9n por debajo del promedio comunitario.<\/p>\n<p>Que dos de los pa\u00edses fundadores del proyecto europeo se sit\u00faen ya bajo la media es un hecho hist\u00f3rico.<\/p>\n<p><strong>Alemania<\/strong> retrocede de 124 a 111, <strong>B\u00e9lgica<\/strong> de 126 a 114 y <strong>Pa\u00edses Bajos<\/strong>, a\u00fan en primera l\u00ednea, baja de 139 a 126.<\/p>\n<p><img fetchpriority=\"high\" decoding=\"async\" class=\"wp-image-93102 size-full aligncenter\" src=\"https:\/\/conversesacatalunya.cat\/wp-content\/uploads\/2025\/10\/Grafic-1.jpg\" alt=\"\" width=\"518\" height=\"312\" srcset=\"https:\/\/conversesacatalunya.cat\/wp-content\/uploads\/2025\/10\/Grafic-1.jpg 518w, https:\/\/conversesacatalunya.cat\/wp-content\/uploads\/2025\/10\/Grafic-1-300x181.jpg 300w\" sizes=\"(max-width: 518px) 100vw, 518px\" \/><\/p>\n<h5><strong>El declive es generalizado: Europa Occidental ya no marca la pauta del crecimiento, sino que se adapta, lentamente, al ritmo de los dem\u00e1s.<\/strong><\/h5>\n<h3>El ascenso silencioso del Este<\/h3>\n<p>Mientras tanto, la otra mitad del continente vive una transformaci\u00f3n radical. <strong>Malta<\/strong>, peque\u00f1o pa\u00eds insular, pasa de 78 a 126 puntos: una escalada extraordinaria. <strong>Chipre<\/strong> sube de 91 a 107.<br \/>\nY <strong>Polonia<\/strong>, la gran protagonista del Este, protagoniza un salto hist\u00f3rico: de 47 a 93 puntos, situ\u00e1ndose ya por encima de Espa\u00f1a. Cuando ingres\u00f3 su PIB per c\u00e1pita era la mitad del de la UE, hoy se acerca a igualarlo y sobrepasar\u00e1 a Espa\u00f1a, inclinando cada vez m\u00e1s el tablero pol\u00edtico hacia el este y centro de Europa.<\/p>\n<p>Tambi\u00e9n <strong>Chequia<\/strong> y <strong>Eslovenia<\/strong> avanzan con fuerza, y <strong>Lituania<\/strong> marca distancias con sus vecinos b\u00e1lticos.<\/p>\n<h5><strong>El mapa europeo se reconfigura. Los pa\u00edses que mir\u00e1bamos por el retrovisor se nos han adelantado.<\/strong><\/h5>\n<h3>Espa\u00f1a: del sue\u00f1o europeo al desencanto<\/h3>\n<h5><strong>\u00bfQu\u00e9 ha pasado con Espa\u00f1a?<\/strong><\/h5>\n<p>A comienzos de siglo, nuestro pa\u00eds se encontraba muy cerca de la media europea, con 97 puntos sobre 100. Treinta a\u00f1os despu\u00e9s, ha ca\u00eddo a 85.<\/p>\n<p>El retroceso no es menor: Espa\u00f1a empez\u00f3 su integraci\u00f3n europea con un nivel de renta muy inferior a la media (7 de cada 10 euros respecto al promedio europeo). Durante las dos d\u00e9cadas siguientes, <strong>logr\u00f3 una convergencia sostenida<\/strong>, especialmente gracias a la industrializaci\u00f3n tard\u00eda, las infraestructuras y los fondos estructurales europeos. En 2007 super\u00f3 la media europea (105)<\/p>\n<p>Pero <strong>tras 2008<\/strong> \u2014crisis financiera, de deuda, desempleo masivo\u2014 comenz\u00f3 un proceso de declive y estancamiento, que no han ido alejando de Europa. En realidad, el valor proyectado por el FMI para 2030, (85) ya lo hemos alcanzado en el 2024, es decir, a pesar de los cacareados aumentos del PIB, Espa\u00f1a permanece estancada mientras muchos de los que ven\u00edan por detr\u00e1s nos alcanzan.<\/p>\n<p>En realidad, desde <strong>la adhesi\u00f3n en 1986<\/strong> solo habremos progresado\u00a0 en convergencia 8 paup\u00e9rrimos puntos, en casi cuatro d\u00e9cadas, mientras que Polonia en tres habr\u00e1 crecido m\u00e1s de 50 puntos de convergencia. <strong>\u00bfQu\u00e9 ha tenido y tiene Polonia que le falte a Espa\u00f1a?<\/strong> Esa es una buena y necesaria pregunta, porque se trata de un pa\u00eds de extensi\u00f3n y poblaci\u00f3n semejante<\/p>\n<p>Mientras otros converg\u00edan, nosotros diverg\u00edamos. Mientras Polonia avanzaba treinta puntos, Espa\u00f1a perd\u00eda doce.<\/p>\n<p><img decoding=\"async\" class=\"wp-image-93104 size-full aligncenter lazyload\" data-src=\"https:\/\/conversesacatalunya.cat\/wp-content\/uploads\/2025\/10\/Grafic-2.jpg\" alt=\"\" width=\"505\" height=\"279\" data-srcset=\"https:\/\/conversesacatalunya.cat\/wp-content\/uploads\/2025\/10\/Grafic-2.jpg 505w, https:\/\/conversesacatalunya.cat\/wp-content\/uploads\/2025\/10\/Grafic-2-300x166.jpg 300w\" data-sizes=\"(max-width: 505px) 100vw, 505px\" src=\"data:image\/svg+xml;base64,PHN2ZyB3aWR0aD0iMSIgaGVpZ2h0PSIxIiB4bWxucz0iaHR0cDovL3d3dy53My5vcmcvMjAwMC9zdmciPjwvc3ZnPg==\" style=\"--smush-placeholder-width: 505px; --smush-placeholder-aspect-ratio: 505\/279;\" \/><\/p>\n<p>La paradoja es evidente: la pertenencia a la Uni\u00f3n, que deb\u00eda ser una historia de modernizaci\u00f3n y prosperidad compartida, se ha convertido \u2014en t\u00e9rminos relativos\u2014 en un <strong>proceso de estancamiento<\/strong>.<\/p>\n<p>Cada vez son m\u00e1s los pa\u00edses que superan a Espa\u00f1a, y cada vez son menos los que quedan por detr\u00e1s. Ruman\u00eda, Bulgaria, Croacia, Letonia, Estonia\u2026 incluso Grecia y Portugal, que continuaran por detr\u00e1s de Espa\u00f1a, mantienen hoy una distancia cada vez m\u00e1s corta. En el caso portugu\u00e9s, la diferencia se reduce a\u00f1o a a\u00f1o: si nada cambia, pronto su PIB per c\u00e1pita alcanzar\u00e1 al espa\u00f1ol.<\/p>\n<p>Aquella visi\u00f3n de una Espa\u00f1a pr\u00f3spera que observaba a Portugal desde lo alto del podio econ\u00f3mico est\u00e1 pasando a la historia, igual que la idea de una Polonia rezagada pertenece ya al pasado.<\/p>\n<h5><strong>Las causas del retroceso espa\u00f1ol<\/strong><\/h5>\n<p>El fracaso espa\u00f1ol no puede atribuirse a una sola causa, sino a una combinaci\u00f3n de factores persistentes que las pol\u00edticas p\u00fablicas no han sabido corregir:<\/p>\n<ol>\n<li><strong>Dependencia estructural del turismo<\/strong> y de sectores de bajo valor a\u00f1adido. Una econom\u00eda orientada al visitante no puede sostener la renta de un pa\u00eds avanzado.<\/li>\n<li><strong>Ausencia de industria tecnol\u00f3gica y productiva fuerte<\/strong>, incapaz de competir en productividad con el norte europeo.<\/li>\n<li><strong>Inmigraci\u00f3n masiva<\/strong> mal integrada, que ampl\u00eda la poblaci\u00f3n, pero no la productividad media.<\/li>\n<li><strong>Gesti\u00f3n ineficaz de los fondos europeos<\/strong>: los miles de millones de los Next Generation no han transformado la base econ\u00f3mica del pa\u00eds ni modificado las causas del estancamiento.<\/li>\n<li><strong>Desinter\u00e9s pol\u00edtico y medi\u00e1tico<\/strong>: el retroceso espa\u00f1ol no ocupa portadas ni debates, aunque define mejor que nada nuestra posici\u00f3n en Europa.<\/li>\n<\/ol>\n<h5><strong>Un fracaso sin debate<\/strong><\/h5>\n<p>Espa\u00f1a no est\u00e1 convergiendo con Europa. Ha retrocedido. El discurso oficial, que exhibe datos parciales y triunfalistas sobre el crecimiento del PIB global, evita mirar el dato clave: el PIB per c\u00e1pita en paridad de poder adquisitivo. Ese indicador \u2014el que mide lo que realmente puede comprar un ciudadano con su salario\u2014 revela una brecha creciente: <strong>15 puntos por debajo de la media europea. <\/strong>Esa es la distancia entre el relato pol\u00edtico y la realidad econ\u00f3mica.<\/p>\n<p>La cuesti\u00f3n no es t\u00e9cnica: es pol\u00edtica. \u00bfPor qu\u00e9 nadie debate el fracaso de la integraci\u00f3n espa\u00f1ola? \u00bfPor qu\u00e9 no se aborda de frente el hecho de que, tras casi cuarenta a\u00f1os de pertenencia al proyecto europeo, <strong>Espa\u00f1a se aleja m\u00e1s que nunca del ideal de convergencia<\/strong>?<\/p>\n<p>Mientras se siga celebrando el espejismo de los fondos europeos y la econom\u00eda de playa, el pa\u00eds seguir\u00e1 perdiendo posiciones. Y llegar\u00e1 un d\u00eda \u2014no tan lejano\u2014 en que nos demos cuenta de que la Europa a la que quer\u00edamos parecernos ya nos ha dejado atr\u00e1s, y eso que se tratar\u00e1 de una Europa en crisis. \u00bfC\u00f3mo llamaremos a nuestra situaci\u00f3n?<\/p>\n<span class='bctt-click-to-tweet'><span class='bctt-ctt-text'><a href='https:\/\/twitter.com\/intent\/tweet?url=https%3A%2F%2Fconversesacatalunya.cat%2Fes%2Ffracaso-ntegracion-espanola-ue%2F&#038;text=Espa%C3%B1a%20no%20converge%20con%20Europa%3A%20se%20aleja.%20Polonia%20ya%20nos%20supera%20en%20renta%20per%20c%C3%A1pita.%20%23Econom%C3%ADa%20%23Espa%C3%B1a%20%23UE&#038;via=conversesacat&#038;related=conversesacat' target='_blank'rel=\"noopener noreferrer\">Espa\u00f1a no converge con Europa: se aleja. Polonia ya nos supera en renta per c\u00e1pita. #Econom\u00eda #Espa\u00f1a #UE <\/a><\/span><a href='https:\/\/twitter.com\/intent\/tweet?url=https%3A%2F%2Fconversesacatalunya.cat%2Fes%2Ffracaso-ntegracion-espanola-ue%2F&#038;text=Espa%C3%B1a%20no%20converge%20con%20Europa%3A%20se%20aleja.%20Polonia%20ya%20nos%20supera%20en%20renta%20per%20c%C3%A1pita.%20%23Econom%C3%ADa%20%23Espa%C3%B1a%20%23UE&#038;via=conversesacat&#038;related=conversesacat' target='_blank' class='bctt-ctt-btn'rel=\"noopener noreferrer\">Compartir en X<\/a><\/span>\n<p>&nbsp;<\/p>\n","protected":false},"excerpt":{"rendered":"<p>La Uni\u00f3n Europea atraviesa una crisis profunda. No una crisis de coyuntura, sino de fondo, de esas que afectan a los cimientos mismos del proyecto. Y, parad\u00f3jicamente, esa crisis se manifiesta con m\u00e1s fuerza en los pa\u00edses que anta\u00f1o simbolizaban la estabilidad y el liderazgo del Viejo Continente: Francia, Alemania, Italia, los del Benelux. La econom\u00eda \u2014ese gran term\u00f3metro de las realidades pol\u00edticas\u2014 muestra la magnitud del problema. Los datos del Fondo Monetario Internacional (FMI), proyectados desde inicios del siglo 2000\u00a0 hasta 2030, trazan un panorama inquietante: el de una Europa que converge\u2026 pero hacia abajo. Cuando los l\u00edderes dejan de liderar Tomando como base el a\u00f1o 2000 (\u00edndice 100 (PPA) media de la Uni\u00f3n Europea en t\u00e9rminos monetarios de igual poder adquisitivo), el FMI dibuja un mapa de rentas que confirma dos grandes procesos simult\u00e1neos. Por un lado, el declive sostenido de las grandes econom\u00edas fundadoras; por otro, la ascensi\u00f3n firme de los pa\u00edses que antes estaban por debajo de la media. El caso m\u00e1s llamativo es el de Italia, que de tener un \u00edndice de 125 cae a 95. Treinta puntos de p\u00e9rdida equivalen a tres d\u00e9cadas de retroceso: el pa\u00eds que invent\u00f3 el Renacimiento se desliza ahora por debajo de la media europea. Francia, partiendo de 117, se sit\u00faa en 99, tambi\u00e9n por debajo del promedio comunitario. Que dos de los pa\u00edses fundadores del proyecto europeo se sit\u00faen ya bajo la media es un hecho hist\u00f3rico. Alemania retrocede de 124 a 111, B\u00e9lgica de 126 a 114 y Pa\u00edses Bajos, a\u00fan en primera l\u00ednea, baja de 139 a 126. El declive es generalizado: Europa Occidental ya no marca la pauta del crecimiento, sino que se adapta, lentamente, al ritmo de los dem\u00e1s. El ascenso silencioso del Este Mientras tanto, la otra mitad del continente vive una transformaci\u00f3n radical. Malta, peque\u00f1o pa\u00eds insular, pasa de 78 a 126 puntos: una escalada extraordinaria. Chipre sube de 91 a 107. Y Polonia, la gran protagonista del Este, protagoniza un salto hist\u00f3rico: de 47 a 93 puntos, situ\u00e1ndose ya por encima de Espa\u00f1a. Cuando ingres\u00f3 su PIB per c\u00e1pita era la mitad del de la UE, hoy se acerca a igualarlo y sobrepasar\u00e1 a Espa\u00f1a, inclinando cada vez m\u00e1s el tablero pol\u00edtico hacia el este y centro de Europa. Tambi\u00e9n Chequia y Eslovenia avanzan con fuerza, y Lituania marca distancias con sus vecinos b\u00e1lticos. El mapa europeo se reconfigura. Los pa\u00edses que mir\u00e1bamos por el retrovisor se nos han adelantado. Espa\u00f1a: del sue\u00f1o europeo al desencanto \u00bfQu\u00e9 ha pasado con Espa\u00f1a? A comienzos de siglo, nuestro pa\u00eds se encontraba muy cerca de la media europea, con 97 puntos sobre 100. Treinta a\u00f1os despu\u00e9s, ha ca\u00eddo a 85. El retroceso no es menor: Espa\u00f1a empez\u00f3 su integraci\u00f3n europea con un nivel de renta muy inferior a la media (7 de cada 10 euros respecto al promedio europeo). Durante las dos d\u00e9cadas siguientes, logr\u00f3 una convergencia sostenida, especialmente gracias a la industrializaci\u00f3n tard\u00eda, las infraestructuras y los fondos estructurales europeos. En 2007 super\u00f3 la media europea (105) Pero tras 2008 \u2014crisis financiera, de deuda, desempleo masivo\u2014 comenz\u00f3 un proceso de declive y estancamiento, que no han ido alejando de Europa. En realidad, el valor proyectado por el FMI para 2030, (85) ya lo hemos alcanzado en el 2024, es decir, a pesar de los cacareados aumentos del PIB, Espa\u00f1a permanece estancada mientras muchos de los que ven\u00edan por detr\u00e1s nos alcanzan. En realidad, desde la adhesi\u00f3n en 1986 solo habremos progresado\u00a0 en convergencia 8 paup\u00e9rrimos puntos, en casi cuatro d\u00e9cadas, mientras que Polonia en tres habr\u00e1 crecido m\u00e1s de 50 puntos de convergencia. \u00bfQu\u00e9 ha tenido y tiene Polonia que le falte a Espa\u00f1a? Esa es una buena y necesaria pregunta, porque se trata de un pa\u00eds de extensi\u00f3n y poblaci\u00f3n semejante Mientras otros converg\u00edan, nosotros diverg\u00edamos. Mientras Polonia avanzaba treinta puntos, Espa\u00f1a perd\u00eda doce. La paradoja es evidente: la pertenencia a la Uni\u00f3n, que deb\u00eda ser una historia de modernizaci\u00f3n y prosperidad compartida, se ha convertido \u2014en t\u00e9rminos relativos\u2014 en un proceso de estancamiento. Cada vez son m\u00e1s los pa\u00edses que superan a Espa\u00f1a, y cada vez son menos los que quedan por detr\u00e1s. Ruman\u00eda, Bulgaria, Croacia, Letonia, Estonia\u2026 incluso Grecia y Portugal, que continuaran por detr\u00e1s de Espa\u00f1a, mantienen hoy una distancia cada vez m\u00e1s corta. En el caso portugu\u00e9s, la diferencia se reduce a\u00f1o a a\u00f1o: si nada cambia, pronto su PIB per c\u00e1pita alcanzar\u00e1 al espa\u00f1ol. Aquella visi\u00f3n de una Espa\u00f1a pr\u00f3spera que observaba a Portugal desde lo alto del podio econ\u00f3mico est\u00e1 pasando a la historia, igual que la idea de una Polonia rezagada pertenece ya al pasado. Las causas del retroceso espa\u00f1ol El fracaso espa\u00f1ol no puede atribuirse a una sola causa, sino a una combinaci\u00f3n de factores persistentes que las pol\u00edticas p\u00fablicas no han sabido corregir: Dependencia estructural del turismo y de sectores de bajo valor a\u00f1adido. Una econom\u00eda orientada al visitante no puede sostener la renta de un pa\u00eds avanzado. Ausencia de industria tecnol\u00f3gica y productiva fuerte, incapaz de competir en productividad con el norte europeo. Inmigraci\u00f3n masiva mal integrada, que ampl\u00eda la poblaci\u00f3n, pero no la productividad media. Gesti\u00f3n ineficaz de los fondos europeos: los miles de millones de los Next Generation no han transformado la base econ\u00f3mica del pa\u00eds ni modificado las causas del estancamiento. Desinter\u00e9s pol\u00edtico y medi\u00e1tico: el retroceso espa\u00f1ol no ocupa portadas ni debates, aunque define mejor que nada nuestra posici\u00f3n en Europa. Un fracaso sin debate Espa\u00f1a no est\u00e1 convergiendo con Europa. Ha retrocedido. El discurso oficial, que exhibe datos parciales y triunfalistas sobre el crecimiento del PIB global, evita mirar el dato clave: el PIB per c\u00e1pita en paridad de poder adquisitivo. Ese indicador \u2014el que mide lo que realmente puede comprar un ciudadano con su salario\u2014 revela una brecha creciente: 15 puntos por debajo de la media europea. Esa es la distancia entre el relato pol\u00edtico y la realidad econ\u00f3mica. La cuesti\u00f3n no es t\u00e9cnica: es pol\u00edtica. \u00bfPor qu\u00e9 nadie debate el fracaso de la integraci\u00f3n&#8230;<\/p>\n","protected":false},"author":78,"featured_media":93092,"comment_status":"open","ping_status":"open","sticky":false,"template":"","format":"standard","meta":{"_FSMCFIC_featured_image_caption":"","_FSMCFIC_featured_image_nocaption":"","_FSMCFIC_featured_image_hide":"","footnotes":""},"categories":[806],"tags":[1334],"class_list":["post-93081","post","type-post","status-publish","format-standard","has-post-thumbnail","hentry","category-punts-claus-del-dia-es","tag-union-europea"],"yoast_head":"<!-- This site is optimized with the Yoast SEO plugin v26.8 - https:\/\/yoast.com\/product\/yoast-seo-wordpress\/ -->\n<title>Debemos de hablar del fracaso de la integraci\u00f3n espa\u00f1ola en la Uni\u00f3n Europea (UE) - Converses a Catalunya<\/title>\n<meta name=\"description\" content=\"Fracaso integraci\u00f3n espa\u00f1ola UE. Espa\u00f1a no se beneficia de la convergencia econ\u00f3mica europea. An\u00e1lisis cr\u00edtico de sus causas estructurales\" \/>\n<meta name=\"robots\" content=\"index, follow, max-snippet:-1, max-image-preview:large, max-video-preview:-1\" \/>\n<link rel=\"canonical\" href=\"https:\/\/conversesacatalunya.cat\/es\/fracaso-ntegracion-espanola-ue\/\" \/>\n<meta property=\"og:locale\" content=\"es_ES\" \/>\n<meta property=\"og:type\" content=\"article\" \/>\n<meta property=\"og:title\" content=\"Debemos de hablar del fracaso de la integraci\u00f3n espa\u00f1ola en la Uni\u00f3n Europea (UE) - Converses a Catalunya\" \/>\n<meta property=\"og:description\" content=\"Fracaso integraci\u00f3n espa\u00f1ola UE. Espa\u00f1a no se beneficia de la convergencia econ\u00f3mica europea. An\u00e1lisis cr\u00edtico de sus causas estructurales\" \/>\n<meta property=\"og:url\" content=\"https:\/\/conversesacatalunya.cat\/es\/fracaso-ntegracion-espanola-ue\/\" \/>\n<meta property=\"og:site_name\" content=\"Converses a Catalunya\" \/>\n<meta property=\"article:published_time\" content=\"2025-10-21T12:31:04+00:00\" \/>\n<meta property=\"article:modified_time\" content=\"2025-10-23T09:28:05+00:00\" \/>\n<meta property=\"og:image\" content=\"https:\/\/conversesacatalunya.cat\/wp-content\/uploads\/2025\/10\/flags-1615129_1280.jpg\" \/>\n\t<meta property=\"og:image:width\" content=\"1280\" \/>\n\t<meta property=\"og:image:height\" content=\"948\" \/>\n\t<meta property=\"og:image:type\" content=\"image\/jpeg\" \/>\n<meta name=\"author\" content=\"Joan Masip\" \/>\n<meta name=\"twitter:card\" content=\"summary_large_image\" \/>\n<meta name=\"twitter:label1\" content=\"Escrito por\" \/>\n\t<meta name=\"twitter:data1\" content=\"Joan Masip\" \/>\n\t<meta name=\"twitter:label2\" content=\"Tiempo de lectura\" \/>\n\t<meta name=\"twitter:data2\" content=\"6 minutos\" \/>\n<script type=\"application\/ld+json\" class=\"yoast-schema-graph\">{\"@context\":\"https:\/\/schema.org\",\"@graph\":[{\"@type\":\"Article\",\"@id\":\"https:\/\/conversesacatalunya.cat\/es\/fracaso-ntegracion-espanola-ue\/#article\",\"isPartOf\":{\"@id\":\"https:\/\/conversesacatalunya.cat\/es\/fracaso-ntegracion-espanola-ue\/\"},\"author\":{\"name\":\"Joan Masip\",\"@id\":\"https:\/\/conversesacatalunya.cat\/#\/schema\/person\/311d0bf53def217d5124c78a7bc42275\"},\"headline\":\"Debemos de hablar del fracaso de la integraci\u00f3n espa\u00f1ola en la Uni\u00f3n Europea (UE)\",\"datePublished\":\"2025-10-21T12:31:04+00:00\",\"dateModified\":\"2025-10-23T09:28:05+00:00\",\"mainEntityOfPage\":{\"@id\":\"https:\/\/conversesacatalunya.cat\/es\/fracaso-ntegracion-espanola-ue\/\"},\"wordCount\":1231,\"commentCount\":0,\"image\":{\"@id\":\"https:\/\/conversesacatalunya.cat\/es\/fracaso-ntegracion-espanola-ue\/#primaryimage\"},\"thumbnailUrl\":\"https:\/\/conversesacatalunya.cat\/wp-content\/uploads\/2025\/10\/flags-1615129_1280.jpg\",\"keywords\":[\"Uni\u00f3n Europea\"],\"articleSection\":[\"Punts clau del dia (ES)\"],\"inLanguage\":\"es\",\"potentialAction\":[{\"@type\":\"CommentAction\",\"name\":\"Comment\",\"target\":[\"https:\/\/conversesacatalunya.cat\/es\/fracaso-ntegracion-espanola-ue\/#respond\"]}]},{\"@type\":\"WebPage\",\"@id\":\"https:\/\/conversesacatalunya.cat\/es\/fracaso-ntegracion-espanola-ue\/\",\"url\":\"https:\/\/conversesacatalunya.cat\/es\/fracaso-ntegracion-espanola-ue\/\",\"name\":\"Debemos de hablar del fracaso de la integraci\u00f3n espa\u00f1ola en la Uni\u00f3n Europea (UE) - Converses a Catalunya\",\"isPartOf\":{\"@id\":\"https:\/\/conversesacatalunya.cat\/#website\"},\"primaryImageOfPage\":{\"@id\":\"https:\/\/conversesacatalunya.cat\/es\/fracaso-ntegracion-espanola-ue\/#primaryimage\"},\"image\":{\"@id\":\"https:\/\/conversesacatalunya.cat\/es\/fracaso-ntegracion-espanola-ue\/#primaryimage\"},\"thumbnailUrl\":\"https:\/\/conversesacatalunya.cat\/wp-content\/uploads\/2025\/10\/flags-1615129_1280.jpg\",\"datePublished\":\"2025-10-21T12:31:04+00:00\",\"dateModified\":\"2025-10-23T09:28:05+00:00\",\"author\":{\"@id\":\"https:\/\/conversesacatalunya.cat\/#\/schema\/person\/311d0bf53def217d5124c78a7bc42275\"},\"description\":\"Fracaso integraci\u00f3n espa\u00f1ola UE. Espa\u00f1a no se beneficia de la convergencia econ\u00f3mica europea. An\u00e1lisis cr\u00edtico de sus causas estructurales\",\"breadcrumb\":{\"@id\":\"https:\/\/conversesacatalunya.cat\/es\/fracaso-ntegracion-espanola-ue\/#breadcrumb\"},\"inLanguage\":\"es\",\"potentialAction\":[{\"@type\":\"ReadAction\",\"target\":[\"https:\/\/conversesacatalunya.cat\/es\/fracaso-ntegracion-espanola-ue\/\"]}]},{\"@type\":\"ImageObject\",\"inLanguage\":\"es\",\"@id\":\"https:\/\/conversesacatalunya.cat\/es\/fracaso-ntegracion-espanola-ue\/#primaryimage\",\"url\":\"https:\/\/conversesacatalunya.cat\/wp-content\/uploads\/2025\/10\/flags-1615129_1280.jpg\",\"contentUrl\":\"https:\/\/conversesacatalunya.cat\/wp-content\/uploads\/2025\/10\/flags-1615129_1280.jpg\",\"width\":1280,\"height\":948,\"caption\":\"fracaso integraci\u00f3n espa\u00f1ola UE\"},{\"@type\":\"BreadcrumbList\",\"@id\":\"https:\/\/conversesacatalunya.cat\/es\/fracaso-ntegracion-espanola-ue\/#breadcrumb\",\"itemListElement\":[{\"@type\":\"ListItem\",\"position\":1,\"name\":\"Inici\",\"item\":\"https:\/\/conversesacatalunya.cat\/es\/\"},{\"@type\":\"ListItem\",\"position\":2,\"name\":\"Debemos de hablar del fracaso de la integraci\u00f3n espa\u00f1ola en la Uni\u00f3n Europea (UE)\"}]},{\"@type\":\"WebSite\",\"@id\":\"https:\/\/conversesacatalunya.cat\/#website\",\"url\":\"https:\/\/conversesacatalunya.cat\/\",\"name\":\"Converses a Catalunya\",\"description\":\"\",\"potentialAction\":[{\"@type\":\"SearchAction\",\"target\":{\"@type\":\"EntryPoint\",\"urlTemplate\":\"https:\/\/conversesacatalunya.cat\/?s={search_term_string}\"},\"query-input\":{\"@type\":\"PropertyValueSpecification\",\"valueRequired\":true,\"valueName\":\"search_term_string\"}}],\"inLanguage\":\"es\"},{\"@type\":\"Person\",\"@id\":\"https:\/\/conversesacatalunya.cat\/#\/schema\/person\/311d0bf53def217d5124c78a7bc42275\",\"name\":\"Joan Masip\",\"image\":{\"@type\":\"ImageObject\",\"inLanguage\":\"es\",\"@id\":\"https:\/\/conversesacatalunya.cat\/#\/schema\/person\/image\/\",\"url\":\"https:\/\/conversesacatalunya.cat\/wp-content\/litespeed\/avatar\/fa67b994763cff7d443f54b63ec96481.jpg?ver=1776767678\",\"contentUrl\":\"https:\/\/conversesacatalunya.cat\/wp-content\/litespeed\/avatar\/fa67b994763cff7d443f54b63ec96481.jpg?ver=1776767678\",\"caption\":\"Joan Masip\"},\"url\":\"https:\/\/conversesacatalunya.cat\/es\/author\/joan-masip\/\"}]}<\/script>\n<!-- \/ Yoast SEO plugin. -->","yoast_head_json":{"title":"Debemos de hablar del fracaso de la integraci\u00f3n espa\u00f1ola en la Uni\u00f3n Europea (UE) - Converses a Catalunya","description":"Fracaso integraci\u00f3n espa\u00f1ola UE. Espa\u00f1a no se beneficia de la convergencia econ\u00f3mica europea. An\u00e1lisis cr\u00edtico de sus causas estructurales","robots":{"index":"index","follow":"follow","max-snippet":"max-snippet:-1","max-image-preview":"max-image-preview:large","max-video-preview":"max-video-preview:-1"},"canonical":"https:\/\/conversesacatalunya.cat\/es\/fracaso-ntegracion-espanola-ue\/","og_locale":"es_ES","og_type":"article","og_title":"Debemos de hablar del fracaso de la integraci\u00f3n espa\u00f1ola en la Uni\u00f3n Europea (UE) - Converses a Catalunya","og_description":"Fracaso integraci\u00f3n espa\u00f1ola UE. Espa\u00f1a no se beneficia de la convergencia econ\u00f3mica europea. An\u00e1lisis cr\u00edtico de sus causas estructurales","og_url":"https:\/\/conversesacatalunya.cat\/es\/fracaso-ntegracion-espanola-ue\/","og_site_name":"Converses a Catalunya","article_published_time":"2025-10-21T12:31:04+00:00","article_modified_time":"2025-10-23T09:28:05+00:00","og_image":[{"width":1280,"height":948,"url":"https:\/\/conversesacatalunya.cat\/wp-content\/uploads\/2025\/10\/flags-1615129_1280.jpg","type":"image\/jpeg"}],"author":"Joan Masip","twitter_card":"summary_large_image","twitter_misc":{"Escrito por":"Joan Masip","Tiempo de lectura":"6 minutos"},"schema":{"@context":"https:\/\/schema.org","@graph":[{"@type":"Article","@id":"https:\/\/conversesacatalunya.cat\/es\/fracaso-ntegracion-espanola-ue\/#article","isPartOf":{"@id":"https:\/\/conversesacatalunya.cat\/es\/fracaso-ntegracion-espanola-ue\/"},"author":{"name":"Joan Masip","@id":"https:\/\/conversesacatalunya.cat\/#\/schema\/person\/311d0bf53def217d5124c78a7bc42275"},"headline":"Debemos de hablar del fracaso de la integraci\u00f3n espa\u00f1ola en la Uni\u00f3n Europea (UE)","datePublished":"2025-10-21T12:31:04+00:00","dateModified":"2025-10-23T09:28:05+00:00","mainEntityOfPage":{"@id":"https:\/\/conversesacatalunya.cat\/es\/fracaso-ntegracion-espanola-ue\/"},"wordCount":1231,"commentCount":0,"image":{"@id":"https:\/\/conversesacatalunya.cat\/es\/fracaso-ntegracion-espanola-ue\/#primaryimage"},"thumbnailUrl":"https:\/\/conversesacatalunya.cat\/wp-content\/uploads\/2025\/10\/flags-1615129_1280.jpg","keywords":["Uni\u00f3n Europea"],"articleSection":["Punts clau del dia (ES)"],"inLanguage":"es","potentialAction":[{"@type":"CommentAction","name":"Comment","target":["https:\/\/conversesacatalunya.cat\/es\/fracaso-ntegracion-espanola-ue\/#respond"]}]},{"@type":"WebPage","@id":"https:\/\/conversesacatalunya.cat\/es\/fracaso-ntegracion-espanola-ue\/","url":"https:\/\/conversesacatalunya.cat\/es\/fracaso-ntegracion-espanola-ue\/","name":"Debemos de hablar del fracaso de la integraci\u00f3n espa\u00f1ola en la Uni\u00f3n Europea (UE) - Converses a Catalunya","isPartOf":{"@id":"https:\/\/conversesacatalunya.cat\/#website"},"primaryImageOfPage":{"@id":"https:\/\/conversesacatalunya.cat\/es\/fracaso-ntegracion-espanola-ue\/#primaryimage"},"image":{"@id":"https:\/\/conversesacatalunya.cat\/es\/fracaso-ntegracion-espanola-ue\/#primaryimage"},"thumbnailUrl":"https:\/\/conversesacatalunya.cat\/wp-content\/uploads\/2025\/10\/flags-1615129_1280.jpg","datePublished":"2025-10-21T12:31:04+00:00","dateModified":"2025-10-23T09:28:05+00:00","author":{"@id":"https:\/\/conversesacatalunya.cat\/#\/schema\/person\/311d0bf53def217d5124c78a7bc42275"},"description":"Fracaso integraci\u00f3n espa\u00f1ola UE. Espa\u00f1a no se beneficia de la convergencia econ\u00f3mica europea. An\u00e1lisis cr\u00edtico de sus causas estructurales","breadcrumb":{"@id":"https:\/\/conversesacatalunya.cat\/es\/fracaso-ntegracion-espanola-ue\/#breadcrumb"},"inLanguage":"es","potentialAction":[{"@type":"ReadAction","target":["https:\/\/conversesacatalunya.cat\/es\/fracaso-ntegracion-espanola-ue\/"]}]},{"@type":"ImageObject","inLanguage":"es","@id":"https:\/\/conversesacatalunya.cat\/es\/fracaso-ntegracion-espanola-ue\/#primaryimage","url":"https:\/\/conversesacatalunya.cat\/wp-content\/uploads\/2025\/10\/flags-1615129_1280.jpg","contentUrl":"https:\/\/conversesacatalunya.cat\/wp-content\/uploads\/2025\/10\/flags-1615129_1280.jpg","width":1280,"height":948,"caption":"fracaso integraci\u00f3n espa\u00f1ola UE"},{"@type":"BreadcrumbList","@id":"https:\/\/conversesacatalunya.cat\/es\/fracaso-ntegracion-espanola-ue\/#breadcrumb","itemListElement":[{"@type":"ListItem","position":1,"name":"Inici","item":"https:\/\/conversesacatalunya.cat\/es\/"},{"@type":"ListItem","position":2,"name":"Debemos de hablar del fracaso de la integraci\u00f3n espa\u00f1ola en la Uni\u00f3n Europea (UE)"}]},{"@type":"WebSite","@id":"https:\/\/conversesacatalunya.cat\/#website","url":"https:\/\/conversesacatalunya.cat\/","name":"Converses a Catalunya","description":"","potentialAction":[{"@type":"SearchAction","target":{"@type":"EntryPoint","urlTemplate":"https:\/\/conversesacatalunya.cat\/?s={search_term_string}"},"query-input":{"@type":"PropertyValueSpecification","valueRequired":true,"valueName":"search_term_string"}}],"inLanguage":"es"},{"@type":"Person","@id":"https:\/\/conversesacatalunya.cat\/#\/schema\/person\/311d0bf53def217d5124c78a7bc42275","name":"Joan Masip","image":{"@type":"ImageObject","inLanguage":"es","@id":"https:\/\/conversesacatalunya.cat\/#\/schema\/person\/image\/","url":"https:\/\/conversesacatalunya.cat\/wp-content\/litespeed\/avatar\/fa67b994763cff7d443f54b63ec96481.jpg?ver=1776767678","contentUrl":"https:\/\/conversesacatalunya.cat\/wp-content\/litespeed\/avatar\/fa67b994763cff7d443f54b63ec96481.jpg?ver=1776767678","caption":"Joan Masip"},"url":"https:\/\/conversesacatalunya.cat\/es\/author\/joan-masip\/"}]}},"wps_subtitle":"","_links":{"self":[{"href":"https:\/\/conversesacatalunya.cat\/es\/wp-json\/wp\/v2\/posts\/93081","targetHints":{"allow":["GET"]}}],"collection":[{"href":"https:\/\/conversesacatalunya.cat\/es\/wp-json\/wp\/v2\/posts"}],"about":[{"href":"https:\/\/conversesacatalunya.cat\/es\/wp-json\/wp\/v2\/types\/post"}],"author":[{"embeddable":true,"href":"https:\/\/conversesacatalunya.cat\/es\/wp-json\/wp\/v2\/users\/78"}],"replies":[{"embeddable":true,"href":"https:\/\/conversesacatalunya.cat\/es\/wp-json\/wp\/v2\/comments?post=93081"}],"version-history":[{"count":11,"href":"https:\/\/conversesacatalunya.cat\/es\/wp-json\/wp\/v2\/posts\/93081\/revisions"}],"predecessor-version":[{"id":93176,"href":"https:\/\/conversesacatalunya.cat\/es\/wp-json\/wp\/v2\/posts\/93081\/revisions\/93176"}],"wp:featuredmedia":[{"embeddable":true,"href":"https:\/\/conversesacatalunya.cat\/es\/wp-json\/wp\/v2\/media\/93092"}],"wp:attachment":[{"href":"https:\/\/conversesacatalunya.cat\/es\/wp-json\/wp\/v2\/media?parent=93081"}],"wp:term":[{"taxonomy":"category","embeddable":true,"href":"https:\/\/conversesacatalunya.cat\/es\/wp-json\/wp\/v2\/categories?post=93081"},{"taxonomy":"post_tag","embeddable":true,"href":"https:\/\/conversesacatalunya.cat\/es\/wp-json\/wp\/v2\/tags?post=93081"}],"curies":[{"name":"wp","href":"https:\/\/api.w.org\/{rel}","templated":true}]}}