{"id":93037,"date":"2025-10-20T11:10:40","date_gmt":"2025-10-20T09:10:40","guid":{"rendered":"https:\/\/conversesacatalunya.cat\/?p=93037"},"modified":"2025-10-23T11:30:08","modified_gmt":"2025-10-23T09:30:08","slug":"por-que-crece-tanto-espana-exito-fragil-de-una-economia-desequilibrada","status":"publish","type":"post","link":"https:\/\/conversesacatalunya.cat\/es\/por-que-crece-tanto-espana-exito-fragil-de-una-economia-desequilibrada\/","title":{"rendered":"Por qu\u00e9 crece tanto Espa\u00f1a: el \u00e9xito fr\u00e1gil de una econom\u00eda desequilibrada"},"content":{"rendered":"<p><span>El presidente S\u00e1nchez <strong>presume, y con raz\u00f3n<\/strong>, de los buenos datos econ\u00f3micos. Espa\u00f1a crece m\u00e1s que casi toda Europa. Pero conviene preguntarse: \u00bfqu\u00e9 tipo de crecimiento es este? Y, sobre todo, \u00bfhasta qu\u00e9 punto mejora realmente la vida de los ciudadanos?<\/span><\/p>\n<p><span dir=\"auto\">Porque los indicadores que m\u00e1s lucen \u2014el PIB y el n\u00famero de ocupados\u2014 no significan necesariamente que<span>\u00a0<\/span><\/span><span dir=\"auto\"><a href=\"https:\/\/conversesacatalunya.cat\/es\/economia-espanola-lo-que-brilla-no-es-oro\/\" target=\"_blank\" rel=\"noopener\">vivimos mejor<\/a>.<\/span><span dir=\"auto\">\u00a0La renta per c\u00e1pita sigue estancada y las horas trabajadas por persona disminuyen. Hay m\u00e1s gente trabajando, s\u00ed, pero con menores sueldos y menor productividad que el resto de Europa. Es un crecimiento aparentemente brillante, pero con cimientos d\u00e9biles.<\/span><\/p>\n<p><span>Cuatro motores explican este auge: los fondos europeos Next Generation, el turismo, las exportaciones de servicios de alto valor a\u00f1adido y la inmigraci\u00f3n. Sin embargo, ninguno de ellos garantiza por s\u00ed solo un futuro s\u00f3lido.<\/span><\/p>\n<h4><strong><span dir=\"auto\">Los fondos Next Generation: impulso limitado y efecto menor<\/span><\/strong><\/h4>\n<p><span dir=\"auto\"><span class=\"VIpgJd-yAWNEb-VIpgJd-fmcmS-sn54Q\" dir=\"auto\">Los fondos europeos han contribuido de forma positiva, aunque muy por debajo de las expectativas. Seg\u00fan el Gobierno, han elevado el PIB un<span>\u00a0<\/span><\/span><\/span><strong><span dir=\"auto\"><span class=\"VIpgJd-yAWNEb-VIpgJd-fmcmS-sn54Q\" dir=\"auto\">2,6% acumulado hasta 2024,<\/span><\/span><\/strong><span dir=\"auto\"><span class=\"VIpgJd-yAWNEb-VIpgJd-fmcmS-sn54Q\" dir=\"auto\">\u00a0el equivalente a unas<span>\u00a0<\/span><\/span><\/span><strong><span dir=\"auto\"><span class=\"VIpgJd-yAWNEb-VIpgJd-fmcmS-sn54Q\" dir=\"auto\">d\u00e9cimas anuales<\/span><\/span><\/strong><span dir=\"auto\"><span class=\"VIpgJd-yAWNEb-VIpgJd-fmcmS-sn54Q\" dir=\"auto\"><span>\u00a0<\/span>(0,4-0,5 puntos por a\u00f1o). El Banco Central Europeo rebaja la cifra y sit\u00faa el impacto entre un<span>\u00a0<\/span><\/span><\/span><strong><span dir=\"auto\"><span class=\"VIpgJd-yAWNEb-VIpgJd-fmcmS-sn54Q\" dir=\"auto\">1,2% y un 1,7%.<\/span><\/span><\/strong><\/p>\n<p><span dir=\"auto\"><span class=\"VIpgJd-yAWNEb-VIpgJd-fmcmS-sn54Q\" dir=\"auto\">El motivo principal es la<span>\u00a0<\/span><\/span><\/span><strong><span dir=\"auto\"><span class=\"VIpgJd-yAWNEb-VIpgJd-fmcmS-sn54Q\" dir=\"auto\">lentitud en la ejecuci\u00f3n<\/span><\/span><\/strong><span dir=\"auto\"><span class=\"VIpgJd-yAWNEb-VIpgJd-fmcmS-sn54Q\" dir=\"auto\"><span>\u00a0<\/span>y los<span>\u00a0<\/span><\/span><\/span><strong><span dir=\"auto\"><span class=\"VIpgJd-yAWNEb-VIpgJd-fmcmS-sn54Q\" dir=\"auto\">multiplicadores econ\u00f3micos bajos.<\/span><\/span><\/strong><span dir=\"auto\"><span class=\"VIpgJd-yAWNEb-VIpgJd-fmcmS-sn54Q\" dir=\"auto\"> Espa\u00f1a solo solicit\u00f3 cerca del 30% de los 163.000 millones de euros disponibles. En 2023 se activaron proyectos por unos 28.000 millones, centrados en digitalizaci\u00f3n, transici\u00f3n verde e infraestructuras. Sin embargo, el efecto \u201ctractor\u201d sobre la inversi\u00f3n privada<span>\u00a0<\/span><\/span><\/span><strong><span dir=\"auto\"><span class=\"VIpgJd-yAWNEb-VIpgJd-fmcmS-sn54Q\" dir=\"auto\">no se ha materializado.<\/span><\/span><\/strong><span dir=\"auto\"><span class=\"VIpgJd-yAWNEb-VIpgJd-fmcmS-sn54Q\" dir=\"auto\">\u00a0Han actuado como soporte coyuntural, pero<span>\u00a0<\/span><\/span><\/span><strong><span dir=\"auto\"><span class=\"VIpgJd-yAWNEb-VIpgJd-fmcmS-sn54Q\" dir=\"auto\">no han transformado<\/span><\/span><\/strong><span dir=\"auto\"><span class=\"VIpgJd-yAWNEb-VIpgJd-fmcmS-sn54Q\" dir=\"auto\"><span>\u00a0<\/span>el modelo econ\u00f3mico ni la productividad.<\/span><\/span><\/p>\n<h4><strong><span dir=\"auto\">Turismo: el gigante que sostiene el milagro<\/span><\/strong><\/h4>\n<p><span dir=\"auto\"><span class=\"\" dir=\"auto\">El<span>\u00a0<\/span><\/span><\/span><strong><span dir=\"auto\"><span class=\"\" dir=\"auto\">turismo<\/span><\/span><\/strong><span dir=\"auto\"><span class=\"\" dir=\"auto\"><span>\u00a0<\/span>ha sido el gran motor inmediato del crecimiento. En 2023, Espa\u00f1a logr\u00f3 un r\u00e9cord hist\u00f3rico con<span>\u00a0<\/span><\/span><\/span><strong><span dir=\"auto\"><span class=\"\" dir=\"auto\">85,3 millones de visitantes extranjeros,<\/span><\/span><\/strong><span dir=\"auto\"><span class=\"\" dir=\"auto\">\u00a0y el sector ya representa un<span>\u00a0<\/span><\/span><\/span><strong><span dir=\"auto\"><span class=\"\" dir=\"auto\">12,8% del PIB.<\/span><\/span><\/strong><span dir=\"auto\"><span class=\"\" dir=\"auto\">\u00a0Adem\u00e1s, gener\u00f3<span>\u00a0<\/span><\/span><\/span><strong><span dir=\"auto\"><span class=\"\" dir=\"auto\">m\u00e1s de una cuarta parte de los nuevos puestos de trabajo.<\/span><\/span><\/strong><\/p>\n<p><span dir=\"auto\">Seg\u00fan el Banco de Espa\u00f1a, las exportaciones tur\u00edsticas a\u00f1adieron<span>\u00a0<\/span><\/span><strong><span dir=\"auto\">1,8 puntos de PIB en 2022<\/span><\/strong><span dir=\"auto\"><span>\u00a0<\/span>y<span>\u00a0<\/span><\/span><strong><span dir=\"auto\">0,6 puntos en 2023,<\/span><\/strong><span dir=\"auto\"><span>\u00a0<\/span>cerca de un tercio del crecimiento total. El boom ha permitido mantener un<span>\u00a0<\/span><\/span><strong><span dir=\"auto\">super\u00e1vit exterior del 3% del PIB,<\/span><\/strong><span dir=\"auto\">\u00a0pero tambi\u00e9n ha consolidado un modelo basado en servicios de<span>\u00a0<\/span><\/span><strong><span dir=\"auto\">bajo valor a\u00f1adido y salarios modestos.<\/span><\/strong><\/p>\n<p><span dir=\"auto\">El turismo es, a la vez, un s\u00edmbolo de fortaleza y dependencia: un sector clave pero vulnerable, altamente sensible a las crisis internacionales y a las oscilaciones de la demanda.<\/span><\/p>\n<h4><strong><span dir=\"auto\">La exportaci\u00f3n de servicios de alto valor: el motor m\u00e1s prometedor<\/span><\/strong><\/h4>\n<p><span dir=\"auto\"><span class=\"VIpgJd-yAWNEb-VIpgJd-fmcmS-sn54Q\" dir=\"auto\">Un fen\u00f3meno menos visible, pero decisivo, es el<span>\u00a0<\/span><\/span><\/span><strong><span dir=\"auto\"><span class=\"VIpgJd-yAWNEb-VIpgJd-fmcmS-sn54Q\" dir=\"auto\">crecimiento de las exportaciones de servicios intensivos en conocimiento<\/span><\/span><\/strong><span dir=\"auto\"><span class=\"VIpgJd-yAWNEb-VIpgJd-fmcmS-sn54Q\" dir=\"auto\"><span>\u00a0<\/span>\u2014consultor\u00eda, ingenier\u00eda, inform\u00e1tica, finanzas, telecomunicaciones. En 2022 crecieron un<span>\u00a0<\/span><\/span><\/span><strong><span dir=\"auto\"><span class=\"VIpgJd-yAWNEb-VIpgJd-fmcmS-sn54Q\" dir=\"auto\">25%,<\/span><\/span><\/strong><span dir=\"auto\"><span class=\"VIpgJd-yAWNEb-VIpgJd-fmcmS-sn54Q\" dir=\"auto\">\u00a0y en 2023 otro<span>\u00a0<\/span><\/span><\/span><strong><span dir=\"auto\"><span class=\"VIpgJd-yAWNEb-VIpgJd-fmcmS-sn54Q\" dir=\"auto\">8%,<\/span><\/span><\/strong><span dir=\"auto\"><span class=\"VIpgJd-yAWNEb-VIpgJd-fmcmS-sn54Q\" dir=\"auto\">\u00a0hasta el punto de que han<span>\u00a0<\/span><\/span><\/span><strong><span dir=\"auto\"><span class=\"VIpgJd-yAWNEb-VIpgJd-fmcmS-sn54Q\" dir=\"auto\">igualado o superado<\/span><\/span><\/strong><span dir=\"auto\"><span class=\"VIpgJd-yAWNEb-VIpgJd-fmcmS-sn54Q\" dir=\"auto\"><span>\u00a0<\/span>el turismo en volumen de ingresos.<\/span><\/span><\/p>\n<p><span dir=\"auto\"><span class=\"VIpgJd-yAWNEb-VIpgJd-fmcmS-sn54Q\" dir=\"auto\">Es un cambio estructural significativo: Espa\u00f1a comienza a<span>\u00a0<\/span><\/span><\/span><strong><span dir=\"auto\"><span class=\"VIpgJd-yAWNEb-VIpgJd-fmcmS-sn54Q\" dir=\"auto\">vender talento y tecnolog\u00eda,<\/span><\/span><\/strong><span dir=\"auto\"><span class=\"VIpgJd-yAWNEb-VIpgJd-fmcmS-sn54Q\" dir=\"auto\"> no solo sol y playa. Seg\u00fan Oxford Economics, estos servicios son ya<span>\u00a0<\/span><\/span><\/span><strong><span dir=\"auto\"><span class=\"VIpgJd-yAWNEb-VIpgJd-fmcmS-sn54Q\" dir=\"auto\">el componente m\u00e1s din\u00e1mico del PIB<\/span><\/span><\/strong><span dir=\"auto\"><span class=\"VIpgJd-yAWNEb-VIpgJd-fmcmS-sn54Q\" dir=\"auto\"><span>\u00a0<\/span>y explican gran parte del diferencial de crecimiento respecto a Francia o Alemania.<\/span><\/span><\/p>\n<p><span dir=\"auto\">Su contribuci\u00f3n directa al PIB es de varias<span>\u00a0<\/span><\/span><strong><span dir=\"auto\">d\u00e9cimas anuales,<\/span><\/strong><span dir=\"auto\">\u00a0pero su valor estrat\u00e9gico es mucho mayor:<span>\u00a0<\/span><\/span><strong><span dir=\"auto\">generan empleo cualificado,<\/span><\/strong><span dir=\"auto\">\u00a0aumentan la competitividad y refuerzan la resiliencia del pa\u00eds. De hecho, representan<span>\u00a0<\/span><\/span><strong><span dir=\"auto\">el \u00fanico motor realmente transformador<\/span><\/strong><span dir=\"auto\"><span>\u00a0<\/span>del crecimiento actual, si bien su peso en el crecimiento global es con diferencia el menor de los cuatro factores.<\/span><\/p>\n<h4><strong><span dir=\"auto\">Inmigraci\u00f3n: expansi\u00f3n demogr\u00e1fica sin ganancias de productividad<\/span><\/strong><\/h4>\n<p><span dir=\"auto\"><span class=\"VIpgJd-yAWNEb-VIpgJd-fmcmS-sn54Q\" dir=\"auto\">El cuarto motor, y probablemente el m\u00e1s decisivo, es la<span>\u00a0<\/span><\/span><\/span><strong><span dir=\"auto\"><span class=\"VIpgJd-yAWNEb-VIpgJd-fmcmS-sn54Q\" dir=\"auto\">inmigraci\u00f3n.<\/span><\/span><\/strong><span dir=\"auto\"><span class=\"VIpgJd-yAWNEb-VIpgJd-fmcmS-sn54Q\" dir=\"auto\"> Desde 2022, Espa\u00f1a recibe una media de<span>\u00a0<\/span><\/span><\/span><strong><span dir=\"auto\"><span class=\"VIpgJd-yAWNEb-VIpgJd-fmcmS-sn54Q\" dir=\"auto\">600.000 inmigrantes netos cada a\u00f1o,<\/span><\/span><\/strong><span dir=\"auto\"><span class=\"VIpgJd-yAWNEb-VIpgJd-fmcmS-sn54Q\" dir=\"auto\">\u00a0el equivalente a m\u00e1s del 1% de la poblaci\u00f3n. El pa\u00eds ya supera los<span>\u00a0<\/span><\/span><\/span><strong><span dir=\"auto\"><span class=\"VIpgJd-yAWNEb-VIpgJd-fmcmS-sn54Q\" dir=\"auto\">48 millones de habitantes,<\/span><\/span><\/strong><span dir=\"auto\"><span class=\"VIpgJd-yAWNEb-VIpgJd-fmcmS-sn54Q\" dir=\"auto\">\u00a0y el n\u00famero de ocupados ha alcanzado un m\u00e1ximo hist\u00f3rico de<span>\u00a0<\/span><\/span><\/span><strong><span dir=\"auto\"><span class=\"VIpgJd-yAWNEb-VIpgJd-fmcmS-sn54Q\" dir=\"auto\">21,7 millones.<\/span><\/span><\/strong><\/p>\n<p><span dir=\"auto\"><span class=\"VIpgJd-yAWNEb-VIpgJd-fmcmS-sn54Q\" dir=\"auto\">Este flujo ha evitado tensiones laborales y ha impulsado el consumo interno: m\u00e1s trabajadores, mayor demanda de servicios y vivienda. El<span>\u00a0<\/span><\/span><\/span><em><span dir=\"auto\"><span class=\"VIpgJd-yAWNEb-VIpgJd-fmcmS-sn54Q\" dir=\"auto\">Financial Times<\/span><\/span><\/em><span dir=\"auto\"><span class=\"VIpgJd-yAWNEb-VIpgJd-fmcmS-sn54Q\" dir=\"auto\"><span>\u00a0<\/span>identifica esta expansi\u00f3n demogr\u00e1fica como \u00abel principal motor del crecimiento espa\u00f1ol\u00bb.<\/span><\/span><\/p>\n<p><span dir=\"auto\">Sin embargo, se trata de un<span>\u00a0<\/span><\/span><strong><span dir=\"auto\">crecimiento extensivo,<\/span><\/strong><span dir=\"auto\">\u00a0basado en el aumento del n\u00famero de personas activas, no en la mejora de la productividad. Desde 2019, el PIB total ha crecido un<span>\u00a0<\/span><\/span><strong><span dir=\"auto\">6,8%,<\/span><\/strong><span dir=\"auto\">\u00a0pero el<span>\u00a0<\/span><\/span><strong><span dir=\"auto\">PIB per c\u00e1pita solo un 3,1%.<\/span><\/strong><span dir=\"auto\">\u00a0En otras palabras,<span>\u00a0<\/span><\/span><strong><span dir=\"auto\">producimos m\u00e1s porque somos m\u00e1s,<\/span><\/strong><span dir=\"auto\">\u00a0no porque seamos m\u00e1s eficientes.<\/span><\/p>\n<p><span dir=\"auto\">A corto plazo funciona; a medio, plantea retos serios de integraci\u00f3n social, vivienda y sostenibilidad del sistema de bienestar.<\/span><\/p>\n<h3><span dir=\"auto\">Un modelo desequilibrado<\/span><\/h3>\n<p><span dir=\"auto\">Los cuatro motores han funcionado a la vez, pero con pesos desiguales:<\/span><\/p>\n<ul>\n<li><strong><span dir=\"auto\">Turismo e inmigraci\u00f3n<\/span><\/strong><span dir=\"auto\"><span>\u00a0<\/span>son los grandes impulsores inmediatos. Generan volumen, pero<span>\u00a0<\/span><\/span><strong><span dir=\"auto\">no mejoran el capital humano.<\/span><\/strong><\/li>\n<li><strong><span dir=\"auto\">Los fondos europeos<\/span><\/strong><span dir=\"auto\"><span>\u00a0<\/span>aportan soporte temporal, sin efecto estructural claro.<\/span><\/li>\n<li><strong><span dir=\"auto\">Los servicios de alto valor<\/span><\/strong><span dir=\"auto\"><span>\u00a0<\/span>son el factor m\u00e1s novedoso y esperanzador, pero todav\u00eda insuficiente para compensar la dependencia de los otros tres.<\/span><\/li>\n<\/ul>\n<p><span dir=\"auto\">En conjunto, estos factores han permitido un crecimiento del<span>\u00a0<\/span><\/span><strong><span dir=\"auto\">3% anual entre 2022 y 2024,<\/span><\/strong><span dir=\"auto\">\u00a0el triple de la media de la zona euro. Pero su car\u00e1cter es desequilibrado:<span>\u00a0<\/span><\/span><strong><span dir=\"auto\">dos son intensivos en mano de obra poco calificada,<\/span><\/strong><span dir=\"auto\"><span>\u00a0<\/span><\/span><strong><span dir=\"auto\">uno es transitorio<\/span><\/strong><span dir=\"auto\"><span>\u00a0<\/span>y<span>\u00a0<\/span><\/span><strong><span dir=\"auto\">solo uno apunta hacia el futuro.<\/span><\/strong><\/p>\n<p><span dir=\"auto\"><span class=\"VIpgJd-yAWNEb-VIpgJd-fmcmS-sn54Q\" dir=\"auto\">Espa\u00f1a lidera el crecimiento europeo, pero su modelo es fr\u00e1gil. Dos de los cuatro factores principales \u2013el turismo y la inmigraci\u00f3n\u2013 est\u00e1n estrechamente conectados y<span>\u00a0<\/span><\/span><\/span><strong><span dir=\"auto\"><span class=\"VIpgJd-yAWNEb-VIpgJd-fmcmS-sn54Q\" dir=\"auto\">generan un crecimiento basado en mano de obra barata y baja productividad.<\/span><\/span><\/strong><span dir=\"auto\"><span class=\"VIpgJd-yAWNEb-VIpgJd-fmcmS-sn54Q\" dir=\"auto\">\u00a0El tercero, los fondos Next Generation,<span>\u00a0<\/span><\/span><\/span><strong><span dir=\"auto\"><span class=\"VIpgJd-yAWNEb-VIpgJd-fmcmS-sn54Q\" dir=\"auto\">es provisional<\/span><\/span><\/strong><span dir=\"auto\"><span class=\"VIpgJd-yAWNEb-VIpgJd-fmcmS-sn54Q\" dir=\"auto\"><span>\u00a0<\/span>y ha perdido el efecto transformador esperado. Solo el cuarto,<span>\u00a0<\/span><\/span><\/span><strong><span dir=\"auto\"><span class=\"VIpgJd-yAWNEb-VIpgJd-fmcmS-sn54Q\" dir=\"auto\">las exportaciones de servicios de valor a\u00f1adido,<\/span><\/span><\/strong><span dir=\"auto\"><span class=\"VIpgJd-yAWNEb-VIpgJd-fmcmS-sn54Q\" dir=\"auto\">\u00a0ofrece una senda de progreso real.<\/span><\/span><\/p>\n<p><span dir=\"auto\"><span class=\"VIpgJd-yAWNEb-VIpgJd-fmcmS-sn54Q\" dir=\"auto\">El pa\u00eds crece, pero<span>\u00a0<\/span><\/span><\/span><strong><span dir=\"auto\"><span class=\"VIpgJd-yAWNEb-VIpgJd-fmcmS-sn54Q\" dir=\"auto\">no se hace m\u00e1s rico.<\/span><\/span><\/strong><span dir=\"auto\"><span class=\"VIpgJd-yAWNEb-VIpgJd-fmcmS-sn54Q\" dir=\"auto\"> Si no invierte decididamente en capital humano, innovaci\u00f3n e industria del conocimiento, este \u00e9xito de hoy se convertir\u00e1 en su debilidad de ma\u00f1ana.<span>\u00a0<\/span><\/span><\/span><strong><span dir=\"auto\"><span class=\"VIpgJd-yAWNEb-VIpgJd-fmcmS-sn54Q\" dir=\"auto\">El crecimiento extensivo tiene l\u00edmites; el desarrollo, en cambio, exige calidad y visi\u00f3n. Por otra parte, la inmigraci\u00f3n, conectada estrechamente al turismo, desempe\u00f1a un papel importante en la crisis de la vivienda y tensiona la prestaci\u00f3n de servicios p\u00fablicos, su calidad y tambi\u00e9n la seguridad.<\/span><\/span><\/strong><\/p>\n<span class='bctt-click-to-tweet'><span class='bctt-ctt-text'><a href='https:\/\/twitter.com\/intent\/tweet?url=https%3A%2F%2Fconversesacatalunya.cat%2Fes%2Fpor-que-crece-tanto-espana-exito-fragil-de-una-economia-desequilibrada%2F&#038;text=S%C3%B3lo%20las%20exportaciones%20de%20servicios%20de%20alto%20valor%20apuntan%20a%20un%20futuro%20m%C3%A1s%20rico%20y%20sostenible.%20%23Innovaci%C3%B3n&#038;via=conversesacat&#038;related=conversesacat' target='_blank'rel=\"noopener noreferrer\">S\u00f3lo las exportaciones de servicios de alto valor apuntan a un futuro m\u00e1s rico y sostenible. #Innovaci\u00f3n <\/a><\/span><a href='https:\/\/twitter.com\/intent\/tweet?url=https%3A%2F%2Fconversesacatalunya.cat%2Fes%2Fpor-que-crece-tanto-espana-exito-fragil-de-una-economia-desequilibrada%2F&#038;text=S%C3%B3lo%20las%20exportaciones%20de%20servicios%20de%20alto%20valor%20apuntan%20a%20un%20futuro%20m%C3%A1s%20rico%20y%20sostenible.%20%23Innovaci%C3%B3n&#038;via=conversesacat&#038;related=conversesacat' target='_blank' class='bctt-ctt-btn'rel=\"noopener noreferrer\">Compartir en X<\/a><\/span>\n<p>&nbsp;<\/p>\n","protected":false},"excerpt":{"rendered":"<p>El presidente S\u00e1nchez presume, y con raz\u00f3n, de los buenos datos econ\u00f3micos. Espa\u00f1a crece m\u00e1s que casi toda Europa. Pero conviene preguntarse: \u00bfqu\u00e9 tipo de crecimiento es este? Y, sobre todo, \u00bfhasta qu\u00e9 punto mejora realmente la vida de los ciudadanos? Porque los indicadores que m\u00e1s lucen \u2014el PIB y el n\u00famero de ocupados\u2014 no significan necesariamente que\u00a0vivimos mejor.\u00a0La renta per c\u00e1pita sigue estancada y las horas trabajadas por persona disminuyen. Hay m\u00e1s gente trabajando, s\u00ed, pero con menores sueldos y menor productividad que el resto de Europa. Es un crecimiento aparentemente brillante, pero con cimientos d\u00e9biles. Cuatro motores explican este auge: los fondos europeos Next Generation, el turismo, las exportaciones de servicios de alto valor a\u00f1adido y la inmigraci\u00f3n. Sin embargo, ninguno de ellos garantiza por s\u00ed solo un futuro s\u00f3lido. Los fondos Next Generation: impulso limitado y efecto menor Los fondos europeos han contribuido de forma positiva, aunque muy por debajo de las expectativas. Seg\u00fan el Gobierno, han elevado el PIB un\u00a02,6% acumulado hasta 2024,\u00a0el equivalente a unas\u00a0d\u00e9cimas anuales\u00a0(0,4-0,5 puntos por a\u00f1o). El Banco Central Europeo rebaja la cifra y sit\u00faa el impacto entre un\u00a01,2% y un 1,7%. El motivo principal es la\u00a0lentitud en la ejecuci\u00f3n\u00a0y los\u00a0multiplicadores econ\u00f3micos bajos. Espa\u00f1a solo solicit\u00f3 cerca del 30% de los 163.000 millones de euros disponibles. En 2023 se activaron proyectos por unos 28.000 millones, centrados en digitalizaci\u00f3n, transici\u00f3n verde e infraestructuras. Sin embargo, el efecto \u201ctractor\u201d sobre la inversi\u00f3n privada\u00a0no se ha materializado.\u00a0Han actuado como soporte coyuntural, pero\u00a0no han transformado\u00a0el modelo econ\u00f3mico ni la productividad. Turismo: el gigante que sostiene el milagro El\u00a0turismo\u00a0ha sido el gran motor inmediato del crecimiento. En 2023, Espa\u00f1a logr\u00f3 un r\u00e9cord hist\u00f3rico con\u00a085,3 millones de visitantes extranjeros,\u00a0y el sector ya representa un\u00a012,8% del PIB.\u00a0Adem\u00e1s, gener\u00f3\u00a0m\u00e1s de una cuarta parte de los nuevos puestos de trabajo. Seg\u00fan el Banco de Espa\u00f1a, las exportaciones tur\u00edsticas a\u00f1adieron\u00a01,8 puntos de PIB en 2022\u00a0y\u00a00,6 puntos en 2023,\u00a0cerca de un tercio del crecimiento total. El boom ha permitido mantener un\u00a0super\u00e1vit exterior del 3% del PIB,\u00a0pero tambi\u00e9n ha consolidado un modelo basado en servicios de\u00a0bajo valor a\u00f1adido y salarios modestos. El turismo es, a la vez, un s\u00edmbolo de fortaleza y dependencia: un sector clave pero vulnerable, altamente sensible a las crisis internacionales y a las oscilaciones de la demanda. La exportaci\u00f3n de servicios de alto valor: el motor m\u00e1s prometedor Un fen\u00f3meno menos visible, pero decisivo, es el\u00a0crecimiento de las exportaciones de servicios intensivos en conocimiento\u00a0\u2014consultor\u00eda, ingenier\u00eda, inform\u00e1tica, finanzas, telecomunicaciones. En 2022 crecieron un\u00a025%,\u00a0y en 2023 otro\u00a08%,\u00a0hasta el punto de que han\u00a0igualado o superado\u00a0el turismo en volumen de ingresos. Es un cambio estructural significativo: Espa\u00f1a comienza a\u00a0vender talento y tecnolog\u00eda, no solo sol y playa. Seg\u00fan Oxford Economics, estos servicios son ya\u00a0el componente m\u00e1s din\u00e1mico del PIB\u00a0y explican gran parte del diferencial de crecimiento respecto a Francia o Alemania. Su contribuci\u00f3n directa al PIB es de varias\u00a0d\u00e9cimas anuales,\u00a0pero su valor estrat\u00e9gico es mucho mayor:\u00a0generan empleo cualificado,\u00a0aumentan la competitividad y refuerzan la resiliencia del pa\u00eds. De hecho, representan\u00a0el \u00fanico motor realmente transformador\u00a0del crecimiento actual, si bien su peso en el crecimiento global es con diferencia el menor de los cuatro factores. Inmigraci\u00f3n: expansi\u00f3n demogr\u00e1fica sin ganancias de productividad El cuarto motor, y probablemente el m\u00e1s decisivo, es la\u00a0inmigraci\u00f3n. Desde 2022, Espa\u00f1a recibe una media de\u00a0600.000 inmigrantes netos cada a\u00f1o,\u00a0el equivalente a m\u00e1s del 1% de la poblaci\u00f3n. El pa\u00eds ya supera los\u00a048 millones de habitantes,\u00a0y el n\u00famero de ocupados ha alcanzado un m\u00e1ximo hist\u00f3rico de\u00a021,7 millones. Este flujo ha evitado tensiones laborales y ha impulsado el consumo interno: m\u00e1s trabajadores, mayor demanda de servicios y vivienda. El\u00a0Financial Times\u00a0identifica esta expansi\u00f3n demogr\u00e1fica como \u00abel principal motor del crecimiento espa\u00f1ol\u00bb. Sin embargo, se trata de un\u00a0crecimiento extensivo,\u00a0basado en el aumento del n\u00famero de personas activas, no en la mejora de la productividad. Desde 2019, el PIB total ha crecido un\u00a06,8%,\u00a0pero el\u00a0PIB per c\u00e1pita solo un 3,1%.\u00a0En otras palabras,\u00a0producimos m\u00e1s porque somos m\u00e1s,\u00a0no porque seamos m\u00e1s eficientes. A corto plazo funciona; a medio, plantea retos serios de integraci\u00f3n social, vivienda y sostenibilidad del sistema de bienestar. Un modelo desequilibrado Los cuatro motores han funcionado a la vez, pero con pesos desiguales: Turismo e inmigraci\u00f3n\u00a0son los grandes impulsores inmediatos. Generan volumen, pero\u00a0no mejoran el capital humano. Los fondos europeos\u00a0aportan soporte temporal, sin efecto estructural claro. Los servicios de alto valor\u00a0son el factor m\u00e1s novedoso y esperanzador, pero todav\u00eda insuficiente para compensar la dependencia de los otros tres. En conjunto, estos factores han permitido un crecimiento del\u00a03% anual entre 2022 y 2024,\u00a0el triple de la media de la zona euro. Pero su car\u00e1cter es desequilibrado:\u00a0dos son intensivos en mano de obra poco calificada,\u00a0uno es transitorio\u00a0y\u00a0solo uno apunta hacia el futuro. Espa\u00f1a lidera el crecimiento europeo, pero su modelo es fr\u00e1gil. Dos de los cuatro factores principales \u2013el turismo y la inmigraci\u00f3n\u2013 est\u00e1n estrechamente conectados y\u00a0generan un crecimiento basado en mano de obra barata y baja productividad.\u00a0El tercero, los fondos Next Generation,\u00a0es provisional\u00a0y ha perdido el efecto transformador esperado. Solo el cuarto,\u00a0las exportaciones de servicios de valor a\u00f1adido,\u00a0ofrece una senda de progreso real. El pa\u00eds crece, pero\u00a0no se hace m\u00e1s rico. Si no invierte decididamente en capital humano, innovaci\u00f3n e industria del conocimiento, este \u00e9xito de hoy se convertir\u00e1 en su debilidad de ma\u00f1ana.\u00a0El crecimiento extensivo tiene l\u00edmites; el desarrollo, en cambio, exige calidad y visi\u00f3n. Por otra parte, la inmigraci\u00f3n, conectada estrechamente al turismo, desempe\u00f1a un papel importante en la crisis de la vivienda y tensiona la prestaci\u00f3n de servicios p\u00fablicos, su calidad y tambi\u00e9n la seguridad. &nbsp;<\/p>\n","protected":false},"author":78,"featured_media":93031,"comment_status":"open","ping_status":"open","sticky":false,"template":"","format":"standard","meta":{"_FSMCFIC_featured_image_caption":"","_FSMCFIC_featured_image_nocaption":"","_FSMCFIC_featured_image_hide":"","footnotes":""},"categories":[806],"tags":[5086,5085],"class_list":["post-93037","post","type-post","status-publish","format-standard","has-post-thumbnail","hentry","category-punts-claus-del-dia-es","tag-economia-espana","tag-economia-espanya-es"],"yoast_head":"<!-- This site is optimized with the Yoast SEO plugin v26.8 - https:\/\/yoast.com\/product\/yoast-seo-wordpress\/ -->\n<title>Por qu\u00e9 crece tanto Espa\u00f1a: el \u00e9xito fr\u00e1gil de una econom\u00eda desequilibrada - Converses a Catalunya<\/title>\n<meta name=\"description\" content=\"Espa\u00f1a lidera el crecimiento europeo gracias al turismo, la inmigraci\u00f3n y los fondos europeos, pero el modelo es desequilibrado\" \/>\n<meta name=\"robots\" content=\"index, follow, max-snippet:-1, max-image-preview:large, max-video-preview:-1\" \/>\n<link rel=\"canonical\" href=\"https:\/\/conversesacatalunya.cat\/es\/por-que-crece-tanto-espana-exito-fragil-de-una-economia-desequilibrada\/\" \/>\n<meta property=\"og:locale\" content=\"es_ES\" \/>\n<meta property=\"og:type\" content=\"article\" \/>\n<meta property=\"og:title\" content=\"Por qu\u00e9 crece tanto Espa\u00f1a: el \u00e9xito fr\u00e1gil de una econom\u00eda desequilibrada - Converses a Catalunya\" \/>\n<meta property=\"og:description\" content=\"Espa\u00f1a lidera el crecimiento europeo gracias al turismo, la inmigraci\u00f3n y los fondos europeos, pero el modelo es desequilibrado\" \/>\n<meta property=\"og:url\" content=\"https:\/\/conversesacatalunya.cat\/es\/por-que-crece-tanto-espana-exito-fragil-de-una-economia-desequilibrada\/\" \/>\n<meta property=\"og:site_name\" content=\"Converses a Catalunya\" \/>\n<meta property=\"article:published_time\" content=\"2025-10-20T09:10:40+00:00\" \/>\n<meta property=\"article:modified_time\" content=\"2025-10-23T09:30:08+00:00\" \/>\n<meta property=\"og:image\" content=\"https:\/\/conversesacatalunya.cat\/wp-content\/uploads\/2025\/10\/crei-Espanya.jpg\" \/>\n\t<meta property=\"og:image:width\" content=\"1195\" \/>\n\t<meta property=\"og:image:height\" content=\"797\" \/>\n\t<meta property=\"og:image:type\" content=\"image\/jpeg\" \/>\n<meta name=\"author\" content=\"Joan Masip\" \/>\n<meta name=\"twitter:card\" content=\"summary_large_image\" \/>\n<meta name=\"twitter:label1\" content=\"Escrito por\" \/>\n\t<meta name=\"twitter:data1\" content=\"Joan Masip\" \/>\n\t<meta name=\"twitter:label2\" content=\"Tiempo de lectura\" \/>\n\t<meta name=\"twitter:data2\" content=\"5 minutos\" \/>\n<script type=\"application\/ld+json\" class=\"yoast-schema-graph\">{\"@context\":\"https:\/\/schema.org\",\"@graph\":[{\"@type\":\"Article\",\"@id\":\"https:\/\/conversesacatalunya.cat\/es\/por-que-crece-tanto-espana-exito-fragil-de-una-economia-desequilibrada\/#article\",\"isPartOf\":{\"@id\":\"https:\/\/conversesacatalunya.cat\/es\/por-que-crece-tanto-espana-exito-fragil-de-una-economia-desequilibrada\/\"},\"author\":{\"name\":\"Joan Masip\",\"@id\":\"https:\/\/conversesacatalunya.cat\/#\/schema\/person\/311d0bf53def217d5124c78a7bc42275\"},\"headline\":\"Por qu\u00e9 crece tanto Espa\u00f1a: el \u00e9xito fr\u00e1gil de una econom\u00eda desequilibrada\",\"datePublished\":\"2025-10-20T09:10:40+00:00\",\"dateModified\":\"2025-10-23T09:30:08+00:00\",\"mainEntityOfPage\":{\"@id\":\"https:\/\/conversesacatalunya.cat\/es\/por-que-crece-tanto-espana-exito-fragil-de-una-economia-desequilibrada\/\"},\"wordCount\":1092,\"commentCount\":0,\"image\":{\"@id\":\"https:\/\/conversesacatalunya.cat\/es\/por-que-crece-tanto-espana-exito-fragil-de-una-economia-desequilibrada\/#primaryimage\"},\"thumbnailUrl\":\"https:\/\/conversesacatalunya.cat\/wp-content\/uploads\/2025\/10\/crei-Espanya.jpg\",\"keywords\":[\"Econom\u00eda Espa\u00f1a\",\"Economia Espanya\"],\"articleSection\":[\"Punts clau del dia (ES)\"],\"inLanguage\":\"es\",\"potentialAction\":[{\"@type\":\"CommentAction\",\"name\":\"Comment\",\"target\":[\"https:\/\/conversesacatalunya.cat\/es\/por-que-crece-tanto-espana-exito-fragil-de-una-economia-desequilibrada\/#respond\"]}]},{\"@type\":\"WebPage\",\"@id\":\"https:\/\/conversesacatalunya.cat\/es\/por-que-crece-tanto-espana-exito-fragil-de-una-economia-desequilibrada\/\",\"url\":\"https:\/\/conversesacatalunya.cat\/es\/por-que-crece-tanto-espana-exito-fragil-de-una-economia-desequilibrada\/\",\"name\":\"Por qu\u00e9 crece tanto Espa\u00f1a: el \u00e9xito fr\u00e1gil de una econom\u00eda desequilibrada - Converses a Catalunya\",\"isPartOf\":{\"@id\":\"https:\/\/conversesacatalunya.cat\/#website\"},\"primaryImageOfPage\":{\"@id\":\"https:\/\/conversesacatalunya.cat\/es\/por-que-crece-tanto-espana-exito-fragil-de-una-economia-desequilibrada\/#primaryimage\"},\"image\":{\"@id\":\"https:\/\/conversesacatalunya.cat\/es\/por-que-crece-tanto-espana-exito-fragil-de-una-economia-desequilibrada\/#primaryimage\"},\"thumbnailUrl\":\"https:\/\/conversesacatalunya.cat\/wp-content\/uploads\/2025\/10\/crei-Espanya.jpg\",\"datePublished\":\"2025-10-20T09:10:40+00:00\",\"dateModified\":\"2025-10-23T09:30:08+00:00\",\"author\":{\"@id\":\"https:\/\/conversesacatalunya.cat\/#\/schema\/person\/311d0bf53def217d5124c78a7bc42275\"},\"description\":\"Espa\u00f1a lidera el crecimiento europeo gracias al turismo, la inmigraci\u00f3n y los fondos europeos, pero el modelo es desequilibrado\",\"breadcrumb\":{\"@id\":\"https:\/\/conversesacatalunya.cat\/es\/por-que-crece-tanto-espana-exito-fragil-de-una-economia-desequilibrada\/#breadcrumb\"},\"inLanguage\":\"es\",\"potentialAction\":[{\"@type\":\"ReadAction\",\"target\":[\"https:\/\/conversesacatalunya.cat\/es\/por-que-crece-tanto-espana-exito-fragil-de-una-economia-desequilibrada\/\"]}]},{\"@type\":\"ImageObject\",\"inLanguage\":\"es\",\"@id\":\"https:\/\/conversesacatalunya.cat\/es\/por-que-crece-tanto-espana-exito-fragil-de-una-economia-desequilibrada\/#primaryimage\",\"url\":\"https:\/\/conversesacatalunya.cat\/wp-content\/uploads\/2025\/10\/crei-Espanya.jpg\",\"contentUrl\":\"https:\/\/conversesacatalunya.cat\/wp-content\/uploads\/2025\/10\/crei-Espanya.jpg\",\"width\":1195,\"height\":797,\"caption\":\"Espa\u00f1a lidera crecimiento europeo\"},{\"@type\":\"BreadcrumbList\",\"@id\":\"https:\/\/conversesacatalunya.cat\/es\/por-que-crece-tanto-espana-exito-fragil-de-una-economia-desequilibrada\/#breadcrumb\",\"itemListElement\":[{\"@type\":\"ListItem\",\"position\":1,\"name\":\"Inici\",\"item\":\"https:\/\/conversesacatalunya.cat\/es\/\"},{\"@type\":\"ListItem\",\"position\":2,\"name\":\"Por qu\u00e9 crece tanto Espa\u00f1a: el \u00e9xito fr\u00e1gil de una econom\u00eda desequilibrada\"}]},{\"@type\":\"WebSite\",\"@id\":\"https:\/\/conversesacatalunya.cat\/#website\",\"url\":\"https:\/\/conversesacatalunya.cat\/\",\"name\":\"Converses a Catalunya\",\"description\":\"\",\"potentialAction\":[{\"@type\":\"SearchAction\",\"target\":{\"@type\":\"EntryPoint\",\"urlTemplate\":\"https:\/\/conversesacatalunya.cat\/?s={search_term_string}\"},\"query-input\":{\"@type\":\"PropertyValueSpecification\",\"valueRequired\":true,\"valueName\":\"search_term_string\"}}],\"inLanguage\":\"es\"},{\"@type\":\"Person\",\"@id\":\"https:\/\/conversesacatalunya.cat\/#\/schema\/person\/311d0bf53def217d5124c78a7bc42275\",\"name\":\"Joan Masip\",\"image\":{\"@type\":\"ImageObject\",\"inLanguage\":\"es\",\"@id\":\"https:\/\/conversesacatalunya.cat\/#\/schema\/person\/image\/\",\"url\":\"https:\/\/conversesacatalunya.cat\/wp-content\/litespeed\/avatar\/fa67b994763cff7d443f54b63ec96481.jpg?ver=1777372547\",\"contentUrl\":\"https:\/\/conversesacatalunya.cat\/wp-content\/litespeed\/avatar\/fa67b994763cff7d443f54b63ec96481.jpg?ver=1777372547\",\"caption\":\"Joan Masip\"},\"url\":\"https:\/\/conversesacatalunya.cat\/es\/author\/joan-masip\/\"}]}<\/script>\n<!-- \/ Yoast SEO plugin. -->","yoast_head_json":{"title":"Por qu\u00e9 crece tanto Espa\u00f1a: el \u00e9xito fr\u00e1gil de una econom\u00eda desequilibrada - Converses a Catalunya","description":"Espa\u00f1a lidera el crecimiento europeo gracias al turismo, la inmigraci\u00f3n y los fondos europeos, pero el modelo es desequilibrado","robots":{"index":"index","follow":"follow","max-snippet":"max-snippet:-1","max-image-preview":"max-image-preview:large","max-video-preview":"max-video-preview:-1"},"canonical":"https:\/\/conversesacatalunya.cat\/es\/por-que-crece-tanto-espana-exito-fragil-de-una-economia-desequilibrada\/","og_locale":"es_ES","og_type":"article","og_title":"Por qu\u00e9 crece tanto Espa\u00f1a: el \u00e9xito fr\u00e1gil de una econom\u00eda desequilibrada - Converses a Catalunya","og_description":"Espa\u00f1a lidera el crecimiento europeo gracias al turismo, la inmigraci\u00f3n y los fondos europeos, pero el modelo es desequilibrado","og_url":"https:\/\/conversesacatalunya.cat\/es\/por-que-crece-tanto-espana-exito-fragil-de-una-economia-desequilibrada\/","og_site_name":"Converses a Catalunya","article_published_time":"2025-10-20T09:10:40+00:00","article_modified_time":"2025-10-23T09:30:08+00:00","og_image":[{"width":1195,"height":797,"url":"https:\/\/conversesacatalunya.cat\/wp-content\/uploads\/2025\/10\/crei-Espanya.jpg","type":"image\/jpeg"}],"author":"Joan Masip","twitter_card":"summary_large_image","twitter_misc":{"Escrito por":"Joan Masip","Tiempo de lectura":"5 minutos"},"schema":{"@context":"https:\/\/schema.org","@graph":[{"@type":"Article","@id":"https:\/\/conversesacatalunya.cat\/es\/por-que-crece-tanto-espana-exito-fragil-de-una-economia-desequilibrada\/#article","isPartOf":{"@id":"https:\/\/conversesacatalunya.cat\/es\/por-que-crece-tanto-espana-exito-fragil-de-una-economia-desequilibrada\/"},"author":{"name":"Joan Masip","@id":"https:\/\/conversesacatalunya.cat\/#\/schema\/person\/311d0bf53def217d5124c78a7bc42275"},"headline":"Por qu\u00e9 crece tanto Espa\u00f1a: el \u00e9xito fr\u00e1gil de una econom\u00eda desequilibrada","datePublished":"2025-10-20T09:10:40+00:00","dateModified":"2025-10-23T09:30:08+00:00","mainEntityOfPage":{"@id":"https:\/\/conversesacatalunya.cat\/es\/por-que-crece-tanto-espana-exito-fragil-de-una-economia-desequilibrada\/"},"wordCount":1092,"commentCount":0,"image":{"@id":"https:\/\/conversesacatalunya.cat\/es\/por-que-crece-tanto-espana-exito-fragil-de-una-economia-desequilibrada\/#primaryimage"},"thumbnailUrl":"https:\/\/conversesacatalunya.cat\/wp-content\/uploads\/2025\/10\/crei-Espanya.jpg","keywords":["Econom\u00eda Espa\u00f1a","Economia Espanya"],"articleSection":["Punts clau del dia (ES)"],"inLanguage":"es","potentialAction":[{"@type":"CommentAction","name":"Comment","target":["https:\/\/conversesacatalunya.cat\/es\/por-que-crece-tanto-espana-exito-fragil-de-una-economia-desequilibrada\/#respond"]}]},{"@type":"WebPage","@id":"https:\/\/conversesacatalunya.cat\/es\/por-que-crece-tanto-espana-exito-fragil-de-una-economia-desequilibrada\/","url":"https:\/\/conversesacatalunya.cat\/es\/por-que-crece-tanto-espana-exito-fragil-de-una-economia-desequilibrada\/","name":"Por qu\u00e9 crece tanto Espa\u00f1a: el \u00e9xito fr\u00e1gil de una econom\u00eda desequilibrada - Converses a Catalunya","isPartOf":{"@id":"https:\/\/conversesacatalunya.cat\/#website"},"primaryImageOfPage":{"@id":"https:\/\/conversesacatalunya.cat\/es\/por-que-crece-tanto-espana-exito-fragil-de-una-economia-desequilibrada\/#primaryimage"},"image":{"@id":"https:\/\/conversesacatalunya.cat\/es\/por-que-crece-tanto-espana-exito-fragil-de-una-economia-desequilibrada\/#primaryimage"},"thumbnailUrl":"https:\/\/conversesacatalunya.cat\/wp-content\/uploads\/2025\/10\/crei-Espanya.jpg","datePublished":"2025-10-20T09:10:40+00:00","dateModified":"2025-10-23T09:30:08+00:00","author":{"@id":"https:\/\/conversesacatalunya.cat\/#\/schema\/person\/311d0bf53def217d5124c78a7bc42275"},"description":"Espa\u00f1a lidera el crecimiento europeo gracias al turismo, la inmigraci\u00f3n y los fondos europeos, pero el modelo es desequilibrado","breadcrumb":{"@id":"https:\/\/conversesacatalunya.cat\/es\/por-que-crece-tanto-espana-exito-fragil-de-una-economia-desequilibrada\/#breadcrumb"},"inLanguage":"es","potentialAction":[{"@type":"ReadAction","target":["https:\/\/conversesacatalunya.cat\/es\/por-que-crece-tanto-espana-exito-fragil-de-una-economia-desequilibrada\/"]}]},{"@type":"ImageObject","inLanguage":"es","@id":"https:\/\/conversesacatalunya.cat\/es\/por-que-crece-tanto-espana-exito-fragil-de-una-economia-desequilibrada\/#primaryimage","url":"https:\/\/conversesacatalunya.cat\/wp-content\/uploads\/2025\/10\/crei-Espanya.jpg","contentUrl":"https:\/\/conversesacatalunya.cat\/wp-content\/uploads\/2025\/10\/crei-Espanya.jpg","width":1195,"height":797,"caption":"Espa\u00f1a lidera crecimiento europeo"},{"@type":"BreadcrumbList","@id":"https:\/\/conversesacatalunya.cat\/es\/por-que-crece-tanto-espana-exito-fragil-de-una-economia-desequilibrada\/#breadcrumb","itemListElement":[{"@type":"ListItem","position":1,"name":"Inici","item":"https:\/\/conversesacatalunya.cat\/es\/"},{"@type":"ListItem","position":2,"name":"Por qu\u00e9 crece tanto Espa\u00f1a: el \u00e9xito fr\u00e1gil de una econom\u00eda desequilibrada"}]},{"@type":"WebSite","@id":"https:\/\/conversesacatalunya.cat\/#website","url":"https:\/\/conversesacatalunya.cat\/","name":"Converses a Catalunya","description":"","potentialAction":[{"@type":"SearchAction","target":{"@type":"EntryPoint","urlTemplate":"https:\/\/conversesacatalunya.cat\/?s={search_term_string}"},"query-input":{"@type":"PropertyValueSpecification","valueRequired":true,"valueName":"search_term_string"}}],"inLanguage":"es"},{"@type":"Person","@id":"https:\/\/conversesacatalunya.cat\/#\/schema\/person\/311d0bf53def217d5124c78a7bc42275","name":"Joan Masip","image":{"@type":"ImageObject","inLanguage":"es","@id":"https:\/\/conversesacatalunya.cat\/#\/schema\/person\/image\/","url":"https:\/\/conversesacatalunya.cat\/wp-content\/litespeed\/avatar\/fa67b994763cff7d443f54b63ec96481.jpg?ver=1777372547","contentUrl":"https:\/\/conversesacatalunya.cat\/wp-content\/litespeed\/avatar\/fa67b994763cff7d443f54b63ec96481.jpg?ver=1777372547","caption":"Joan Masip"},"url":"https:\/\/conversesacatalunya.cat\/es\/author\/joan-masip\/"}]}},"wps_subtitle":"Cuatro motores explican este auge: los fondos europeos Next Generation, el turismo, las exportaciones de servicios de alto valor a\u00f1adido y la inmigraci\u00f3n. Sin embargo, ninguno de ellos garantiza por s\u00ed solo un futuro s\u00f3lido.","_links":{"self":[{"href":"https:\/\/conversesacatalunya.cat\/es\/wp-json\/wp\/v2\/posts\/93037","targetHints":{"allow":["GET"]}}],"collection":[{"href":"https:\/\/conversesacatalunya.cat\/es\/wp-json\/wp\/v2\/posts"}],"about":[{"href":"https:\/\/conversesacatalunya.cat\/es\/wp-json\/wp\/v2\/types\/post"}],"author":[{"embeddable":true,"href":"https:\/\/conversesacatalunya.cat\/es\/wp-json\/wp\/v2\/users\/78"}],"replies":[{"embeddable":true,"href":"https:\/\/conversesacatalunya.cat\/es\/wp-json\/wp\/v2\/comments?post=93037"}],"version-history":[{"count":5,"href":"https:\/\/conversesacatalunya.cat\/es\/wp-json\/wp\/v2\/posts\/93037\/revisions"}],"predecessor-version":[{"id":93181,"href":"https:\/\/conversesacatalunya.cat\/es\/wp-json\/wp\/v2\/posts\/93037\/revisions\/93181"}],"wp:featuredmedia":[{"embeddable":true,"href":"https:\/\/conversesacatalunya.cat\/es\/wp-json\/wp\/v2\/media\/93031"}],"wp:attachment":[{"href":"https:\/\/conversesacatalunya.cat\/es\/wp-json\/wp\/v2\/media?parent=93037"}],"wp:term":[{"taxonomy":"category","embeddable":true,"href":"https:\/\/conversesacatalunya.cat\/es\/wp-json\/wp\/v2\/categories?post=93037"},{"taxonomy":"post_tag","embeddable":true,"href":"https:\/\/conversesacatalunya.cat\/es\/wp-json\/wp\/v2\/tags?post=93037"}],"curies":[{"name":"wp","href":"https:\/\/api.w.org\/{rel}","templated":true}]}}