{"id":93008,"date":"2025-10-22T09:21:30","date_gmt":"2025-10-22T07:21:30","guid":{"rendered":"https:\/\/conversesacatalunya.cat\/?p=93008"},"modified":"2025-10-23T11:26:56","modified_gmt":"2025-10-23T09:26:56","slug":"objetores-aborto-argumentos-profesionales-eticos-y-deontologicos","status":"publish","type":"post","link":"https:\/\/conversesacatalunya.cat\/es\/objetores-aborto-argumentos-profesionales-eticos-y-deontologicos\/","title":{"rendered":"El registro de m\u00e9dicos objetores al aborto es contrario a los derechos fundamentales. Argumentos profesionales, \u00e9ticos y deontol\u00f3gicos (II)"},"content":{"rendered":"<p><strong>M\u00e1s all\u00e1 del plano jur\u00eddico, el registro de objetores plantea serias cuestiones desde la\u00a0\u00e9tica m\u00e9dica, la deontolog\u00eda profesional y la organizaci\u00f3n sanitaria:<\/strong><\/p>\n<h3>\u00c9tica m\u00e9dica e ideales hipocr\u00e1ticos<\/h3>\n<p>La profesi\u00f3n m\u00e9dica se rige desde hace milenios por principios \u00e9ticos fundamentales recogidos en el\u00a0<strong>Juramento Hipocr\u00e1tico<\/strong>, entre ellos el mandato de\u00a0<strong>\u201cprimum non nocere\u201d<\/strong>\u00a0(lo primero es no hacer da\u00f1o) y el respeto a la vida humana. Hist\u00f3ricamente, el juramento original incluye una cl\u00e1usula expl\u00edcita:\u00a0<em>\u201cno suministrar\u00e9 a ninguna mujer un pesario abortivo\u201d<\/em>, prohibiendo al m\u00e9dico participar en abortos. De hecho, muchos m\u00e9dicos objetores fundamentan su negativa\u00a0<strong>en la fidelidad a dicho juramento<\/strong>.<\/p>\n<p>Como explica la ginec\u00f3loga Carmen Sala,\u00a0<em>\u201cel compromiso que jur\u00e9 el d\u00eda de mi graduaci\u00f3n fue\u00a0<strong>no dar jam\u00e1s un medicamento mortal, ni proporcionar abortivos a las mujeres<\/strong>\u201d<\/em> Para estos profesionales,\u00a0<strong>practicar o cooperar en un aborto significa causar un da\u00f1o irreparable a un ser humano en gestaci\u00f3n<\/strong>, algo incompatible con su conciencia y con la \u00e9tica sanitaria de salvar vidas. Por tanto,\u00a0<strong>obligarles directa o indirectamente a participar en abortos atenta contra su integridad moral profunda<\/strong>\u00a0y contra el\u00a0<strong>\u201cesp\u00edritu hipocr\u00e1tico\u201d<\/strong>\u00a0que orienta su vocaci\u00f3n.<\/p>\n<p>Un Estado que les coacciona a ir contra ese imperativo de \u201cno da\u00f1ar la vida\u201d est\u00e1 minando la base misma de la \u00e9tica profesional. Este conflicto \u00e9tico no es menor: puede generar en el m\u00e9dico\u00a0<strong>angustia moral<\/strong>\u00a0y dilemas internos insostenibles, afectando incluso a su salud mental y a la calidad de la atenci\u00f3n que brinda. El registro, si termina siendo un instrumento para presionarlos a actuar contra su conciencia (bajo amenaza de figurar en la \u201clista\u201d y quiz\u00e1s sufrir consecuencias), supone\u00a0<strong>ignorar la dimensi\u00f3n de conciencia que es consustancial al ejercicio m\u00e9dico<\/strong>.<\/p>\n<h3>Derecho y deber deontol\u00f3gico de objetar<\/h3>\n<p>La\u00a0<strong>deontolog\u00eda m\u00e9dica espa\u00f1ola<\/strong>\u00a0reconoce expresamente la legitimidad de la objeci\u00f3n de conciencia. El\u00a0<strong>C\u00f3digo de Deontolog\u00eda M\u00e9dica de la OMC<\/strong>, en su art. 34.1, define la objeci\u00f3n como\u00a0<em>\u201cel derecho del m\u00e9dico a ser eximido de cumplir aquellos deberes profesionales que entren en conflicto grave con sus convicciones \u00e9ticas\u201d<\/em>. Es decir, para la propia profesi\u00f3n,\u00a0<strong>la objeci\u00f3n de conciencia forma parte inseparable de la integridad \u00e9tica del m\u00e9dico<\/strong>.<\/p>\n<p>El c\u00f3digo permite al profesional abstenerse individual y responsablemente de realizar ciertas actuaciones cl\u00ednicas que chocan con sus convicciones,\u00a0<em>siempre que<\/em> se garantice la adecuada atenci\u00f3n al paciente (p. ej., derivando a otro colega) para no incurrir en abandono. Adem\u00e1s, el marco deontol\u00f3gico establece que el ejercicio de la objeci\u00f3n <strong>debe manifestarse de forma clara y anticipada<\/strong>\u00a0a trav\u00e9s de los cauces organizativos previstos, y a la vez que\u00a0<strong>la instituci\u00f3n tiene el deber de respetar y proteger al m\u00e9dico objetor<\/strong>, evitando\u00a0<em>\u201ccualquier forma de coacci\u00f3n, discriminaci\u00f3n o menoscabo derivado de su decisi\u00f3n\u201d<\/em><\/p>\n<p>Este equilibrio deontol\u00f3gico \u2013objetar con responsabilidad y sin detrimento al paciente, y proteger al objetor de presiones\u2013 podr\u00eda verse amenazado por el registro: si bien se insiste en que el profesional debe declarar anticipadamente su objeci\u00f3n (algo aceptado deontol\u00f3gicamente), el hecho de quedar\u00a0<em>registrado nominalmente<\/em>\u00a0podr\u00eda suponer justamente esa\u00a0<strong>\u201ccoacci\u00f3n o menoscabo\u201d<\/strong>\u00a0que el c\u00f3digo proh\u00edbe.<\/p>\n<p>En lugar de ser un tr\u00e1mite neutral, el registro se percibe como un mecanismo de\u00a0<strong>vigilancia sobre las convicciones del m\u00e9dico<\/strong>, lo cual vulnera el\u00a0<strong>respeto a la dignidad y libertad moral del profesional<\/strong>\u00a0que la OMC promueve. En palabras del presidente del ICOMEM, obligar a inscribirse \u201c<em>no solo atenta contra principios constitucionales,\u00a0<strong>sino tambi\u00e9n contra la \u00e9tica m\u00e9dica y los c\u00f3digos deontol\u00f3gicos<\/strong>\u00a0que rigen nuestra profesi\u00f3n<\/em>\u201d<\/p>\n<h3>Independencia profesional y clima laboral<\/h3>\n<p>Los colegios m\u00e9dicos han expresado preocupaci\u00f3n de que estos listados puedan ser utilizados para fines\u00a0<strong>pol\u00edticos o ideol\u00f3gicos<\/strong>, perjudicando la\u00a0<strong>independencia de los facultativos<\/strong>. El <a href=\"https:\/\/www.icomem.es\/comunicacion\/noticias\/4847\/El-Colegio-de-Medicos-de-Madrid-rechaza-el-registro-de-objetores-por-vulnerar-derechos-fundamentales-y-la-libertad-de-conciencia#:~:text=Adem%C3%A1s%2C%20el%20ICOMEM%20alerta%20de,proteger%20su%20independencia%20y%20vocaci%C3%B3n\" target=\"_blank\" rel=\"noopener\">ICOMEM<\/a> alerta de que la medida\u00a0<em>\u201cabre la puerta a un uso pol\u00edtico e ideol\u00f3gico de la medicina, instrumentalizando a los profesionales sanitarios en lugar de proteger su independencia\u201d.<\/em><\/p>\n<p>En efecto, si un gobierno auton\u00f3mico o central recela de la objeci\u00f3n, podr\u00eda (aunque la ley lo proh\u00edba formalmente)\u00a0<strong>marginar a los objetores en la organizaci\u00f3n sanitaria<\/strong>: asign\u00e1ndoles solo ciertas tareas, excluy\u00e9ndolos de unidades donde se practican abortos, o fomentando una cultura de desconfianza hacia ellos. Por otro lado, los compa\u00f1eros no objetores podr\u00edan sentir carga extra de trabajo. El propio legislador teme que <em>\u201cno objetores se vean relegados en exclusiva a practicar abortos\u201d<\/em>\u00a0e intenta evitarlo.<\/p>\n<p>Esto podr\u00eda generar\u00a0<strong>tensiones en los equipos<\/strong>\u00a0si no se gestiona bien. En un entorno donde unos m\u00e9dicos est\u00e1n \u201cfichados\u201d por no hacer ciertos procedimientos, existe riesgo de fractura del esp\u00edritu de colaboraci\u00f3n y respeto mutuo. Para la\u00a0<strong>calidad de la atenci\u00f3n sanitaria<\/strong>, es fundamental que los profesionales act\u00faen por convicci\u00f3n y con confianza, no por temor o imposici\u00f3n. Un objetor que se sienta amenazado por estar en la lista negra quiz\u00e1 prefiera\u00a0<strong>autoexiliarse de la sanidad p\u00fablica<\/strong>\u00a0o limitar su carrera a evitar conflictos, privando al sistema de un profesional v\u00e1lido.<\/p>\n<p>En suma,\u00a0<strong>la moral de la profesi\u00f3n y la vocaci\u00f3n de muchos m\u00e9dicos<\/strong>\u00a0podr\u00eda resentirse seriamente si perciben que sus valores personales son objeto de registro y potencial castigo. Esto atentar\u00eda contra la construcci\u00f3n de un sistema sanitario plural y respetuoso con la conciencia de sus propios agentes.<\/p>\n<h3>Riesgo de estancamiento o penalizaci\u00f3n en la carrera profesional<\/h3>\n<p>Un aspecto pr\u00e1ctico nada desde\u00f1able es c\u00f3mo el registro podr\u00eda afectar la\u00a0<strong>progresi\u00f3n profesional de los objetores en la sanidad p\u00fablica<\/strong>. Aunque la ley proclama que no habr\u00e1 discriminaci\u00f3n laboral, en la pr\u00e1ctica un m\u00e9dico cuyo nombre figure en el registro podr\u00eda verse\u00a0<strong>desaventajado en m\u00e9ritos o puestos<\/strong>\u00a0donde la realizaci\u00f3n de abortos sea considerada un valor.<\/p>\n<p>Por ejemplo, para jefes de servicio de Ginecolog\u00eda u Obstetricia, es posible que las gerencias prefieran candidatos que no tengan limitaciones de desempe\u00f1o (es decir, no objetores) para garantizar la cobertura total de servicios. Esto implica que un objetor, <em>por el hecho de serlo<\/em>, tendr\u00eda menos posibilidades de promoci\u00f3n en esos \u00e1mbitos, lo que constituye\u00a0<strong>un perjuicio profesional concreto derivado de sus convicciones<\/strong>.<\/p>\n<p>Igualmente, en <strong>procesos de contrataci\u00f3n<\/strong>\u00a0de personal eventual o interino, podr\u00eda ocurrir (ilegalmente, pero de facto) que se descarte a candidatos objetores si las direcciones sanitarias los identifican en el registro \u2013al fin y al cabo, el registro estar\u00e1 accesible a \u201clos responsables de la gesti\u00f3n de los centros\u201d\u2013. No es descabellado pensar que, aun con protecciones legales,\u00a0<em>\u201cse\u00f1alar a los objetores\u201d<\/em>\u00a0facilite que sean\u00a0<strong>evitados o relegados<\/strong>\u00a0en ciertas funciones.<\/p>\n<p>De esta manera,\u00a0<strong>el ejercicio de un derecho fundamental (la objeci\u00f3n)<\/strong>\u00a0acarrear\u00eda un\u00a0<strong>\u201ccoste\u201d en la carrera<\/strong>\u00a0del m\u00e9dico, que podr\u00eda sentirse castigado por ser coherente con su conciencia. Esta perspectiva contraviene la idea b\u00e1sica de que los derechos fundamentales no deben implicar detrimento para quien los ejerce.<\/p>\n<p>En definitiva, desde el punto de vista\u00a0<strong>profesional y \u00e9tico<\/strong>, la obligaci\u00f3n de registrarse como objetor resulta\u00a0<strong>lesiva para la \u00e9tica m\u00e9dica tradicional, para los c\u00f3digos deontol\u00f3gicos vigentes y para la salud del clima profesional en la sanidad p\u00fablica<\/strong>. Los m\u00e9dicos deben poder conservar su\u00a0<strong>integridad moral<\/strong>\u00a0y su\u00a0<strong>independencia<\/strong>\u00a0sin temor a listas ni etiquetas.<\/p>\n<p><strong>Estigmatizar la objeci\u00f3n de conciencia<\/strong>\u00a0mediante un registro podr\u00eda socavar valores esenciales de la profesi\u00f3n m\u00e9dica \u2013como la confianza, la honestidad y el respeto mutuo\u2013, reemplaz\u00e1ndolos por un entorno de vigilancia ideol\u00f3gica poco propicio para una medicina humana y de calidad.<\/p>\n<p class=\"w-post-elm post_title usg_post_title_1 entry-title color_link_inherit\"><a href=\"https:\/\/conversesacatalunya.cat\/es\/registro-medicos-objetores-aborto-contrario-derechos-fundamentales\/\" target=\"_blank\" rel=\"noopener\">El registro de m\u00e9dicos objetores al aborto es contrario a los derechos fundamentales (I)<\/a><\/p>\n<p><strong><a href=\"https:\/\/twitter.com\/jmiroardevol\" target=\"_blank\" rel=\"noopener\">Twitter: @jmiroardevol<\/a><\/strong><\/p>\n<p><strong><a href=\"https:\/\/www.facebook.com\/josepmiroiardevol\" target=\"_blank\" rel=\"noopener\">Facebook: josepmiroardevol<\/a><\/strong><\/p>\n<span class='bctt-click-to-tweet'><span class='bctt-ctt-text'><a href='https:\/\/twitter.com\/intent\/tweet?url=https%3A%2F%2Fconversesacatalunya.cat%2Fes%2Fobjetores-aborto-argumentos-profesionales-eticos-y-deontologicos%2F&#038;text=El%20Juramento%20Hipocr%C3%A1tico%20proh%C3%ADbe%20%E2%80%9Cdar%20abortivos%E2%80%9D.%20Obligar%20a%20hacerlo%20o%20registrarlo%20es%20una%20forma%20de%20coacci%C3%B3n%20moral.%20%23%C3%89ticaM%C3%A9dica%20%23Objeci%C3%B3nDeConciencia%20%23DerechosHumanos%20&#038;via=conversesacat&#038;related=conversesacat' target='_blank'rel=\"noopener noreferrer\">El Juramento Hipocr\u00e1tico proh\u00edbe \u201cdar abortivos\u201d. Obligar a hacerlo o registrarlo es una forma de coacci\u00f3n moral. #\u00c9ticaM\u00e9dica #Objeci\u00f3nDeConciencia #DerechosHumanos  <\/a><\/span><a href='https:\/\/twitter.com\/intent\/tweet?url=https%3A%2F%2Fconversesacatalunya.cat%2Fes%2Fobjetores-aborto-argumentos-profesionales-eticos-y-deontologicos%2F&#038;text=El%20Juramento%20Hipocr%C3%A1tico%20proh%C3%ADbe%20%E2%80%9Cdar%20abortivos%E2%80%9D.%20Obligar%20a%20hacerlo%20o%20registrarlo%20es%20una%20forma%20de%20coacci%C3%B3n%20moral.%20%23%C3%89ticaM%C3%A9dica%20%23Objeci%C3%B3nDeConciencia%20%23DerechosHumanos%20&#038;via=conversesacat&#038;related=conversesacat' target='_blank' class='bctt-ctt-btn'rel=\"noopener noreferrer\">Compartir en X<\/a><\/span>\n<p>&nbsp;<\/p>\n","protected":false},"excerpt":{"rendered":"<p>M\u00e1s all\u00e1 del plano jur\u00eddico, el registro de objetores plantea serias cuestiones desde la\u00a0\u00e9tica m\u00e9dica, la deontolog\u00eda profesional y la organizaci\u00f3n sanitaria: \u00c9tica m\u00e9dica e ideales hipocr\u00e1ticos La profesi\u00f3n m\u00e9dica se rige desde hace milenios por principios \u00e9ticos fundamentales recogidos en el\u00a0Juramento Hipocr\u00e1tico, entre ellos el mandato de\u00a0\u201cprimum non nocere\u201d\u00a0(lo primero es no hacer da\u00f1o) y el respeto a la vida humana. Hist\u00f3ricamente, el juramento original incluye una cl\u00e1usula expl\u00edcita:\u00a0\u201cno suministrar\u00e9 a ninguna mujer un pesario abortivo\u201d, prohibiendo al m\u00e9dico participar en abortos. De hecho, muchos m\u00e9dicos objetores fundamentan su negativa\u00a0en la fidelidad a dicho juramento. Como explica la ginec\u00f3loga Carmen Sala,\u00a0\u201cel compromiso que jur\u00e9 el d\u00eda de mi graduaci\u00f3n fue\u00a0no dar jam\u00e1s un medicamento mortal, ni proporcionar abortivos a las mujeres\u201d Para estos profesionales,\u00a0practicar o cooperar en un aborto significa causar un da\u00f1o irreparable a un ser humano en gestaci\u00f3n, algo incompatible con su conciencia y con la \u00e9tica sanitaria de salvar vidas. Por tanto,\u00a0obligarles directa o indirectamente a participar en abortos atenta contra su integridad moral profunda\u00a0y contra el\u00a0\u201cesp\u00edritu hipocr\u00e1tico\u201d\u00a0que orienta su vocaci\u00f3n. Un Estado que les coacciona a ir contra ese imperativo de \u201cno da\u00f1ar la vida\u201d est\u00e1 minando la base misma de la \u00e9tica profesional. Este conflicto \u00e9tico no es menor: puede generar en el m\u00e9dico\u00a0angustia moral\u00a0y dilemas internos insostenibles, afectando incluso a su salud mental y a la calidad de la atenci\u00f3n que brinda. El registro, si termina siendo un instrumento para presionarlos a actuar contra su conciencia (bajo amenaza de figurar en la \u201clista\u201d y quiz\u00e1s sufrir consecuencias), supone\u00a0ignorar la dimensi\u00f3n de conciencia que es consustancial al ejercicio m\u00e9dico. Derecho y deber deontol\u00f3gico de objetar La\u00a0deontolog\u00eda m\u00e9dica espa\u00f1ola\u00a0reconoce expresamente la legitimidad de la objeci\u00f3n de conciencia. El\u00a0C\u00f3digo de Deontolog\u00eda M\u00e9dica de la OMC, en su art. 34.1, define la objeci\u00f3n como\u00a0\u201cel derecho del m\u00e9dico a ser eximido de cumplir aquellos deberes profesionales que entren en conflicto grave con sus convicciones \u00e9ticas\u201d. Es decir, para la propia profesi\u00f3n,\u00a0la objeci\u00f3n de conciencia forma parte inseparable de la integridad \u00e9tica del m\u00e9dico. El c\u00f3digo permite al profesional abstenerse individual y responsablemente de realizar ciertas actuaciones cl\u00ednicas que chocan con sus convicciones,\u00a0siempre que se garantice la adecuada atenci\u00f3n al paciente (p. ej., derivando a otro colega) para no incurrir en abandono. Adem\u00e1s, el marco deontol\u00f3gico establece que el ejercicio de la objeci\u00f3n debe manifestarse de forma clara y anticipada\u00a0a trav\u00e9s de los cauces organizativos previstos, y a la vez que\u00a0la instituci\u00f3n tiene el deber de respetar y proteger al m\u00e9dico objetor, evitando\u00a0\u201ccualquier forma de coacci\u00f3n, discriminaci\u00f3n o menoscabo derivado de su decisi\u00f3n\u201d Este equilibrio deontol\u00f3gico \u2013objetar con responsabilidad y sin detrimento al paciente, y proteger al objetor de presiones\u2013 podr\u00eda verse amenazado por el registro: si bien se insiste en que el profesional debe declarar anticipadamente su objeci\u00f3n (algo aceptado deontol\u00f3gicamente), el hecho de quedar\u00a0registrado nominalmente\u00a0podr\u00eda suponer justamente esa\u00a0\u201ccoacci\u00f3n o menoscabo\u201d\u00a0que el c\u00f3digo proh\u00edbe. En lugar de ser un tr\u00e1mite neutral, el registro se percibe como un mecanismo de\u00a0vigilancia sobre las convicciones del m\u00e9dico, lo cual vulnera el\u00a0respeto a la dignidad y libertad moral del profesional\u00a0que la OMC promueve. En palabras del presidente del ICOMEM, obligar a inscribirse \u201cno solo atenta contra principios constitucionales,\u00a0sino tambi\u00e9n contra la \u00e9tica m\u00e9dica y los c\u00f3digos deontol\u00f3gicos\u00a0que rigen nuestra profesi\u00f3n\u201d Independencia profesional y clima laboral Los colegios m\u00e9dicos han expresado preocupaci\u00f3n de que estos listados puedan ser utilizados para fines\u00a0pol\u00edticos o ideol\u00f3gicos, perjudicando la\u00a0independencia de los facultativos. El ICOMEM alerta de que la medida\u00a0\u201cabre la puerta a un uso pol\u00edtico e ideol\u00f3gico de la medicina, instrumentalizando a los profesionales sanitarios en lugar de proteger su independencia\u201d. En efecto, si un gobierno auton\u00f3mico o central recela de la objeci\u00f3n, podr\u00eda (aunque la ley lo proh\u00edba formalmente)\u00a0marginar a los objetores en la organizaci\u00f3n sanitaria: asign\u00e1ndoles solo ciertas tareas, excluy\u00e9ndolos de unidades donde se practican abortos, o fomentando una cultura de desconfianza hacia ellos. Por otro lado, los compa\u00f1eros no objetores podr\u00edan sentir carga extra de trabajo. El propio legislador teme que \u201cno objetores se vean relegados en exclusiva a practicar abortos\u201d\u00a0e intenta evitarlo. Esto podr\u00eda generar\u00a0tensiones en los equipos\u00a0si no se gestiona bien. En un entorno donde unos m\u00e9dicos est\u00e1n \u201cfichados\u201d por no hacer ciertos procedimientos, existe riesgo de fractura del esp\u00edritu de colaboraci\u00f3n y respeto mutuo. Para la\u00a0calidad de la atenci\u00f3n sanitaria, es fundamental que los profesionales act\u00faen por convicci\u00f3n y con confianza, no por temor o imposici\u00f3n. Un objetor que se sienta amenazado por estar en la lista negra quiz\u00e1 prefiera\u00a0autoexiliarse de la sanidad p\u00fablica\u00a0o limitar su carrera a evitar conflictos, privando al sistema de un profesional v\u00e1lido. En suma,\u00a0la moral de la profesi\u00f3n y la vocaci\u00f3n de muchos m\u00e9dicos\u00a0podr\u00eda resentirse seriamente si perciben que sus valores personales son objeto de registro y potencial castigo. Esto atentar\u00eda contra la construcci\u00f3n de un sistema sanitario plural y respetuoso con la conciencia de sus propios agentes. Riesgo de estancamiento o penalizaci\u00f3n en la carrera profesional Un aspecto pr\u00e1ctico nada desde\u00f1able es c\u00f3mo el registro podr\u00eda afectar la\u00a0progresi\u00f3n profesional de los objetores en la sanidad p\u00fablica. Aunque la ley proclama que no habr\u00e1 discriminaci\u00f3n laboral, en la pr\u00e1ctica un m\u00e9dico cuyo nombre figure en el registro podr\u00eda verse\u00a0desaventajado en m\u00e9ritos o puestos\u00a0donde la realizaci\u00f3n de abortos sea considerada un valor. Por ejemplo, para jefes de servicio de Ginecolog\u00eda u Obstetricia, es posible que las gerencias prefieran candidatos que no tengan limitaciones de desempe\u00f1o (es decir, no objetores) para garantizar la cobertura total de servicios. Esto implica que un objetor, por el hecho de serlo, tendr\u00eda menos posibilidades de promoci\u00f3n en esos \u00e1mbitos, lo que constituye\u00a0un perjuicio profesional concreto derivado de sus convicciones. Igualmente, en procesos de contrataci\u00f3n\u00a0de personal eventual o interino, podr\u00eda ocurrir (ilegalmente, pero de facto) que se descarte a candidatos objetores si las direcciones sanitarias los identifican en el registro \u2013al fin y al cabo, el registro estar\u00e1 accesible a \u201clos responsables de la gesti\u00f3n de los centros\u201d\u2013. No es descabellado pensar que, aun con protecciones legales,\u00a0\u201cse\u00f1alar a los objetores\u201d\u00a0facilite que sean\u00a0evitados o relegados\u00a0en ciertas funciones. De esta manera,\u00a0el ejercicio de un&#8230;<\/p>\n","protected":false},"author":19,"featured_media":93112,"comment_status":"open","ping_status":"open","sticky":false,"template":"","format":"standard","meta":{"_FSMCFIC_featured_image_caption":"","_FSMCFIC_featured_image_nocaption":"","_FSMCFIC_featured_image_hide":"","footnotes":""},"categories":[806],"tags":[5442],"class_list":["post-93008","post","type-post","status-publish","format-standard","has-post-thumbnail","hentry","category-punts-claus-del-dia-es","tag-objecion-de-conciencia"],"yoast_head":"<!-- This site is optimized with the Yoast SEO plugin v26.8 - https:\/\/yoast.com\/product\/yoast-seo-wordpress\/ -->\n<title>El registro de m\u00e9dicos objetores al aborto es contrario a los derechos fundamentales. Argumentos profesionales, \u00e9ticos y deontol\u00f3gicos (II) - Converses a Catalunya<\/title>\n<meta name=\"description\" content=\"El registro obligatorio de m\u00e9dicos objetores al aborto no solo plantea conflictos jur\u00eddicos: tambi\u00e9n vulnera la \u00e9tica hipocr\u00e1tica.\" \/>\n<meta name=\"robots\" content=\"index, follow, max-snippet:-1, max-image-preview:large, max-video-preview:-1\" \/>\n<link rel=\"canonical\" href=\"https:\/\/conversesacatalunya.cat\/es\/objetores-aborto-argumentos-profesionales-eticos-y-deontologicos\/\" \/>\n<meta property=\"og:locale\" content=\"es_ES\" \/>\n<meta property=\"og:type\" content=\"article\" \/>\n<meta property=\"og:title\" content=\"El registro de m\u00e9dicos objetores al aborto es contrario a los derechos fundamentales. Argumentos profesionales, \u00e9ticos y deontol\u00f3gicos (II) - Converses a Catalunya\" \/>\n<meta property=\"og:description\" content=\"El registro obligatorio de m\u00e9dicos objetores al aborto no solo plantea conflictos jur\u00eddicos: tambi\u00e9n vulnera la \u00e9tica hipocr\u00e1tica.\" \/>\n<meta property=\"og:url\" content=\"https:\/\/conversesacatalunya.cat\/es\/objetores-aborto-argumentos-profesionales-eticos-y-deontologicos\/\" \/>\n<meta property=\"og:site_name\" content=\"Converses a Catalunya\" \/>\n<meta property=\"article:published_time\" content=\"2025-10-22T07:21:30+00:00\" \/>\n<meta property=\"article:modified_time\" content=\"2025-10-23T09:26:56+00:00\" \/>\n<meta property=\"og:image\" content=\"https:\/\/conversesacatalunya.cat\/wp-content\/uploads\/2025\/10\/330px-Collegi_oficial_de_Metges_de_Barcelona.jpg\" \/>\n\t<meta property=\"og:image:width\" content=\"330\" \/>\n\t<meta property=\"og:image:height\" content=\"247\" \/>\n\t<meta property=\"og:image:type\" content=\"image\/jpeg\" \/>\n<meta name=\"author\" content=\"Josep Mir\u00f3 i Ard\u00e8vol\" \/>\n<meta name=\"twitter:card\" content=\"summary_large_image\" \/>\n<meta name=\"twitter:label1\" content=\"Escrito por\" \/>\n\t<meta name=\"twitter:data1\" content=\"Josep Mir\u00f3 i Ard\u00e8vol\" \/>\n\t<meta name=\"twitter:label2\" content=\"Tiempo de lectura\" \/>\n\t<meta name=\"twitter:data2\" content=\"7 minutos\" \/>\n<script type=\"application\/ld+json\" class=\"yoast-schema-graph\">{\"@context\":\"https:\/\/schema.org\",\"@graph\":[{\"@type\":\"Article\",\"@id\":\"https:\/\/conversesacatalunya.cat\/es\/objetores-aborto-argumentos-profesionales-eticos-y-deontologicos\/#article\",\"isPartOf\":{\"@id\":\"https:\/\/conversesacatalunya.cat\/es\/objetores-aborto-argumentos-profesionales-eticos-y-deontologicos\/\"},\"author\":{\"name\":\"Josep Mir\u00f3 i Ard\u00e8vol\",\"@id\":\"https:\/\/conversesacatalunya.cat\/#\/schema\/person\/a9598a6786ba7d3d1c5e0de477b79370\"},\"headline\":\"El registro de m\u00e9dicos objetores al aborto es contrario a los derechos fundamentales. Argumentos profesionales, \u00e9ticos y deontol\u00f3gicos (II)\",\"datePublished\":\"2025-10-22T07:21:30+00:00\",\"dateModified\":\"2025-10-23T09:26:56+00:00\",\"mainEntityOfPage\":{\"@id\":\"https:\/\/conversesacatalunya.cat\/es\/objetores-aborto-argumentos-profesionales-eticos-y-deontologicos\/\"},\"wordCount\":1403,\"commentCount\":0,\"image\":{\"@id\":\"https:\/\/conversesacatalunya.cat\/es\/objetores-aborto-argumentos-profesionales-eticos-y-deontologicos\/#primaryimage\"},\"thumbnailUrl\":\"https:\/\/conversesacatalunya.cat\/wp-content\/uploads\/2025\/10\/330px-Collegi_oficial_de_Metges_de_Barcelona.jpg\",\"keywords\":[\"objeci\u00f3n de conciencia\"],\"articleSection\":[\"Punts clau del dia (ES)\"],\"inLanguage\":\"es\",\"potentialAction\":[{\"@type\":\"CommentAction\",\"name\":\"Comment\",\"target\":[\"https:\/\/conversesacatalunya.cat\/es\/objetores-aborto-argumentos-profesionales-eticos-y-deontologicos\/#respond\"]}]},{\"@type\":\"WebPage\",\"@id\":\"https:\/\/conversesacatalunya.cat\/es\/objetores-aborto-argumentos-profesionales-eticos-y-deontologicos\/\",\"url\":\"https:\/\/conversesacatalunya.cat\/es\/objetores-aborto-argumentos-profesionales-eticos-y-deontologicos\/\",\"name\":\"El registro de m\u00e9dicos objetores al aborto es contrario a los derechos fundamentales. Argumentos profesionales, \u00e9ticos y deontol\u00f3gicos (II) - Converses a Catalunya\",\"isPartOf\":{\"@id\":\"https:\/\/conversesacatalunya.cat\/#website\"},\"primaryImageOfPage\":{\"@id\":\"https:\/\/conversesacatalunya.cat\/es\/objetores-aborto-argumentos-profesionales-eticos-y-deontologicos\/#primaryimage\"},\"image\":{\"@id\":\"https:\/\/conversesacatalunya.cat\/es\/objetores-aborto-argumentos-profesionales-eticos-y-deontologicos\/#primaryimage\"},\"thumbnailUrl\":\"https:\/\/conversesacatalunya.cat\/wp-content\/uploads\/2025\/10\/330px-Collegi_oficial_de_Metges_de_Barcelona.jpg\",\"datePublished\":\"2025-10-22T07:21:30+00:00\",\"dateModified\":\"2025-10-23T09:26:56+00:00\",\"author\":{\"@id\":\"https:\/\/conversesacatalunya.cat\/#\/schema\/person\/a9598a6786ba7d3d1c5e0de477b79370\"},\"description\":\"El registro obligatorio de m\u00e9dicos objetores al aborto no solo plantea conflictos jur\u00eddicos: tambi\u00e9n vulnera la \u00e9tica hipocr\u00e1tica.\",\"breadcrumb\":{\"@id\":\"https:\/\/conversesacatalunya.cat\/es\/objetores-aborto-argumentos-profesionales-eticos-y-deontologicos\/#breadcrumb\"},\"inLanguage\":\"es\",\"potentialAction\":[{\"@type\":\"ReadAction\",\"target\":[\"https:\/\/conversesacatalunya.cat\/es\/objetores-aborto-argumentos-profesionales-eticos-y-deontologicos\/\"]}]},{\"@type\":\"ImageObject\",\"inLanguage\":\"es\",\"@id\":\"https:\/\/conversesacatalunya.cat\/es\/objetores-aborto-argumentos-profesionales-eticos-y-deontologicos\/#primaryimage\",\"url\":\"https:\/\/conversesacatalunya.cat\/wp-content\/uploads\/2025\/10\/330px-Collegi_oficial_de_Metges_de_Barcelona.jpg\",\"contentUrl\":\"https:\/\/conversesacatalunya.cat\/wp-content\/uploads\/2025\/10\/330px-Collegi_oficial_de_Metges_de_Barcelona.jpg\",\"width\":330,\"height\":247,\"caption\":\"objetores aborto\"},{\"@type\":\"BreadcrumbList\",\"@id\":\"https:\/\/conversesacatalunya.cat\/es\/objetores-aborto-argumentos-profesionales-eticos-y-deontologicos\/#breadcrumb\",\"itemListElement\":[{\"@type\":\"ListItem\",\"position\":1,\"name\":\"Inici\",\"item\":\"https:\/\/conversesacatalunya.cat\/es\/\"},{\"@type\":\"ListItem\",\"position\":2,\"name\":\"El registro de m\u00e9dicos objetores al aborto es contrario a los derechos fundamentales. Argumentos profesionales, \u00e9ticos y deontol\u00f3gicos (II)\"}]},{\"@type\":\"WebSite\",\"@id\":\"https:\/\/conversesacatalunya.cat\/#website\",\"url\":\"https:\/\/conversesacatalunya.cat\/\",\"name\":\"Converses a Catalunya\",\"description\":\"\",\"potentialAction\":[{\"@type\":\"SearchAction\",\"target\":{\"@type\":\"EntryPoint\",\"urlTemplate\":\"https:\/\/conversesacatalunya.cat\/?s={search_term_string}\"},\"query-input\":{\"@type\":\"PropertyValueSpecification\",\"valueRequired\":true,\"valueName\":\"search_term_string\"}}],\"inLanguage\":\"es\"},{\"@type\":\"Person\",\"@id\":\"https:\/\/conversesacatalunya.cat\/#\/schema\/person\/a9598a6786ba7d3d1c5e0de477b79370\",\"name\":\"Josep Mir\u00f3 i Ard\u00e8vol\",\"image\":{\"@type\":\"ImageObject\",\"inLanguage\":\"es\",\"@id\":\"https:\/\/conversesacatalunya.cat\/#\/schema\/person\/image\/\",\"url\":\"https:\/\/conversesacatalunya.cat\/wp-content\/litespeed\/avatar\/c37e3dc881857483d6694cdf98fdedea.jpg?ver=1777270381\",\"contentUrl\":\"https:\/\/conversesacatalunya.cat\/wp-content\/litespeed\/avatar\/c37e3dc881857483d6694cdf98fdedea.jpg?ver=1777270381\",\"caption\":\"Josep Mir\u00f3 i Ard\u00e8vol\"},\"url\":\"https:\/\/conversesacatalunya.cat\/es\/author\/josep-miro-i-ardevol\/\"}]}<\/script>\n<!-- \/ Yoast SEO plugin. -->","yoast_head_json":{"title":"El registro de m\u00e9dicos objetores al aborto es contrario a los derechos fundamentales. Argumentos profesionales, \u00e9ticos y deontol\u00f3gicos (II) - Converses a Catalunya","description":"El registro obligatorio de m\u00e9dicos objetores al aborto no solo plantea conflictos jur\u00eddicos: tambi\u00e9n vulnera la \u00e9tica hipocr\u00e1tica.","robots":{"index":"index","follow":"follow","max-snippet":"max-snippet:-1","max-image-preview":"max-image-preview:large","max-video-preview":"max-video-preview:-1"},"canonical":"https:\/\/conversesacatalunya.cat\/es\/objetores-aborto-argumentos-profesionales-eticos-y-deontologicos\/","og_locale":"es_ES","og_type":"article","og_title":"El registro de m\u00e9dicos objetores al aborto es contrario a los derechos fundamentales. Argumentos profesionales, \u00e9ticos y deontol\u00f3gicos (II) - Converses a Catalunya","og_description":"El registro obligatorio de m\u00e9dicos objetores al aborto no solo plantea conflictos jur\u00eddicos: tambi\u00e9n vulnera la \u00e9tica hipocr\u00e1tica.","og_url":"https:\/\/conversesacatalunya.cat\/es\/objetores-aborto-argumentos-profesionales-eticos-y-deontologicos\/","og_site_name":"Converses a Catalunya","article_published_time":"2025-10-22T07:21:30+00:00","article_modified_time":"2025-10-23T09:26:56+00:00","og_image":[{"width":330,"height":247,"url":"https:\/\/conversesacatalunya.cat\/wp-content\/uploads\/2025\/10\/330px-Collegi_oficial_de_Metges_de_Barcelona.jpg","type":"image\/jpeg"}],"author":"Josep Mir\u00f3 i Ard\u00e8vol","twitter_card":"summary_large_image","twitter_misc":{"Escrito por":"Josep Mir\u00f3 i Ard\u00e8vol","Tiempo de lectura":"7 minutos"},"schema":{"@context":"https:\/\/schema.org","@graph":[{"@type":"Article","@id":"https:\/\/conversesacatalunya.cat\/es\/objetores-aborto-argumentos-profesionales-eticos-y-deontologicos\/#article","isPartOf":{"@id":"https:\/\/conversesacatalunya.cat\/es\/objetores-aborto-argumentos-profesionales-eticos-y-deontologicos\/"},"author":{"name":"Josep Mir\u00f3 i Ard\u00e8vol","@id":"https:\/\/conversesacatalunya.cat\/#\/schema\/person\/a9598a6786ba7d3d1c5e0de477b79370"},"headline":"El registro de m\u00e9dicos objetores al aborto es contrario a los derechos fundamentales. Argumentos profesionales, \u00e9ticos y deontol\u00f3gicos (II)","datePublished":"2025-10-22T07:21:30+00:00","dateModified":"2025-10-23T09:26:56+00:00","mainEntityOfPage":{"@id":"https:\/\/conversesacatalunya.cat\/es\/objetores-aborto-argumentos-profesionales-eticos-y-deontologicos\/"},"wordCount":1403,"commentCount":0,"image":{"@id":"https:\/\/conversesacatalunya.cat\/es\/objetores-aborto-argumentos-profesionales-eticos-y-deontologicos\/#primaryimage"},"thumbnailUrl":"https:\/\/conversesacatalunya.cat\/wp-content\/uploads\/2025\/10\/330px-Collegi_oficial_de_Metges_de_Barcelona.jpg","keywords":["objeci\u00f3n de conciencia"],"articleSection":["Punts clau del dia (ES)"],"inLanguage":"es","potentialAction":[{"@type":"CommentAction","name":"Comment","target":["https:\/\/conversesacatalunya.cat\/es\/objetores-aborto-argumentos-profesionales-eticos-y-deontologicos\/#respond"]}]},{"@type":"WebPage","@id":"https:\/\/conversesacatalunya.cat\/es\/objetores-aborto-argumentos-profesionales-eticos-y-deontologicos\/","url":"https:\/\/conversesacatalunya.cat\/es\/objetores-aborto-argumentos-profesionales-eticos-y-deontologicos\/","name":"El registro de m\u00e9dicos objetores al aborto es contrario a los derechos fundamentales. Argumentos profesionales, \u00e9ticos y deontol\u00f3gicos (II) - Converses a Catalunya","isPartOf":{"@id":"https:\/\/conversesacatalunya.cat\/#website"},"primaryImageOfPage":{"@id":"https:\/\/conversesacatalunya.cat\/es\/objetores-aborto-argumentos-profesionales-eticos-y-deontologicos\/#primaryimage"},"image":{"@id":"https:\/\/conversesacatalunya.cat\/es\/objetores-aborto-argumentos-profesionales-eticos-y-deontologicos\/#primaryimage"},"thumbnailUrl":"https:\/\/conversesacatalunya.cat\/wp-content\/uploads\/2025\/10\/330px-Collegi_oficial_de_Metges_de_Barcelona.jpg","datePublished":"2025-10-22T07:21:30+00:00","dateModified":"2025-10-23T09:26:56+00:00","author":{"@id":"https:\/\/conversesacatalunya.cat\/#\/schema\/person\/a9598a6786ba7d3d1c5e0de477b79370"},"description":"El registro obligatorio de m\u00e9dicos objetores al aborto no solo plantea conflictos jur\u00eddicos: tambi\u00e9n vulnera la \u00e9tica hipocr\u00e1tica.","breadcrumb":{"@id":"https:\/\/conversesacatalunya.cat\/es\/objetores-aborto-argumentos-profesionales-eticos-y-deontologicos\/#breadcrumb"},"inLanguage":"es","potentialAction":[{"@type":"ReadAction","target":["https:\/\/conversesacatalunya.cat\/es\/objetores-aborto-argumentos-profesionales-eticos-y-deontologicos\/"]}]},{"@type":"ImageObject","inLanguage":"es","@id":"https:\/\/conversesacatalunya.cat\/es\/objetores-aborto-argumentos-profesionales-eticos-y-deontologicos\/#primaryimage","url":"https:\/\/conversesacatalunya.cat\/wp-content\/uploads\/2025\/10\/330px-Collegi_oficial_de_Metges_de_Barcelona.jpg","contentUrl":"https:\/\/conversesacatalunya.cat\/wp-content\/uploads\/2025\/10\/330px-Collegi_oficial_de_Metges_de_Barcelona.jpg","width":330,"height":247,"caption":"objetores aborto"},{"@type":"BreadcrumbList","@id":"https:\/\/conversesacatalunya.cat\/es\/objetores-aborto-argumentos-profesionales-eticos-y-deontologicos\/#breadcrumb","itemListElement":[{"@type":"ListItem","position":1,"name":"Inici","item":"https:\/\/conversesacatalunya.cat\/es\/"},{"@type":"ListItem","position":2,"name":"El registro de m\u00e9dicos objetores al aborto es contrario a los derechos fundamentales. Argumentos profesionales, \u00e9ticos y deontol\u00f3gicos (II)"}]},{"@type":"WebSite","@id":"https:\/\/conversesacatalunya.cat\/#website","url":"https:\/\/conversesacatalunya.cat\/","name":"Converses a Catalunya","description":"","potentialAction":[{"@type":"SearchAction","target":{"@type":"EntryPoint","urlTemplate":"https:\/\/conversesacatalunya.cat\/?s={search_term_string}"},"query-input":{"@type":"PropertyValueSpecification","valueRequired":true,"valueName":"search_term_string"}}],"inLanguage":"es"},{"@type":"Person","@id":"https:\/\/conversesacatalunya.cat\/#\/schema\/person\/a9598a6786ba7d3d1c5e0de477b79370","name":"Josep Mir\u00f3 i Ard\u00e8vol","image":{"@type":"ImageObject","inLanguage":"es","@id":"https:\/\/conversesacatalunya.cat\/#\/schema\/person\/image\/","url":"https:\/\/conversesacatalunya.cat\/wp-content\/litespeed\/avatar\/c37e3dc881857483d6694cdf98fdedea.jpg?ver=1777270381","contentUrl":"https:\/\/conversesacatalunya.cat\/wp-content\/litespeed\/avatar\/c37e3dc881857483d6694cdf98fdedea.jpg?ver=1777270381","caption":"Josep Mir\u00f3 i Ard\u00e8vol"},"url":"https:\/\/conversesacatalunya.cat\/es\/author\/josep-miro-i-ardevol\/"}]}},"wps_subtitle":"Estigmatizar la objeci\u00f3n de conciencia\u00a0mediante un registro podr\u00eda socavar valores esenciales de la profesi\u00f3n m\u00e9dica \u2013como la confianza, la honestidad y el respeto mutuo\u2013, reemplaz\u00e1ndolos por un entorno de vigilancia ideol\u00f3gica poco propicio para una medicina humana y de calidad.","_links":{"self":[{"href":"https:\/\/conversesacatalunya.cat\/es\/wp-json\/wp\/v2\/posts\/93008","targetHints":{"allow":["GET"]}}],"collection":[{"href":"https:\/\/conversesacatalunya.cat\/es\/wp-json\/wp\/v2\/posts"}],"about":[{"href":"https:\/\/conversesacatalunya.cat\/es\/wp-json\/wp\/v2\/types\/post"}],"author":[{"embeddable":true,"href":"https:\/\/conversesacatalunya.cat\/es\/wp-json\/wp\/v2\/users\/19"}],"replies":[{"embeddable":true,"href":"https:\/\/conversesacatalunya.cat\/es\/wp-json\/wp\/v2\/comments?post=93008"}],"version-history":[{"count":12,"href":"https:\/\/conversesacatalunya.cat\/es\/wp-json\/wp\/v2\/posts\/93008\/revisions"}],"predecessor-version":[{"id":93173,"href":"https:\/\/conversesacatalunya.cat\/es\/wp-json\/wp\/v2\/posts\/93008\/revisions\/93173"}],"wp:featuredmedia":[{"embeddable":true,"href":"https:\/\/conversesacatalunya.cat\/es\/wp-json\/wp\/v2\/media\/93112"}],"wp:attachment":[{"href":"https:\/\/conversesacatalunya.cat\/es\/wp-json\/wp\/v2\/media?parent=93008"}],"wp:term":[{"taxonomy":"category","embeddable":true,"href":"https:\/\/conversesacatalunya.cat\/es\/wp-json\/wp\/v2\/categories?post=93008"},{"taxonomy":"post_tag","embeddable":true,"href":"https:\/\/conversesacatalunya.cat\/es\/wp-json\/wp\/v2\/tags?post=93008"}],"curies":[{"name":"wp","href":"https:\/\/api.w.org\/{rel}","templated":true}]}}