{"id":92972,"date":"2025-10-17T11:51:48","date_gmt":"2025-10-17T09:51:48","guid":{"rendered":"https:\/\/conversesacatalunya.cat\/?p=92972"},"modified":"2025-10-17T12:12:41","modified_gmt":"2025-10-17T10:12:41","slug":"gobierno-sanchez-crecimiento-sin-bienestar-ni-justicia-social","status":"publish","type":"post","link":"https:\/\/conversesacatalunya.cat\/es\/gobierno-sanchez-crecimiento-sin-bienestar-ni-justicia-social\/","title":{"rendered":"Miseria y esplendor del gobierno S\u00e1nchez: crecimiento sin bienestar ni justicia social"},"content":{"rendered":"<p>El gobierno de Pedro S\u00e1nchez vive instalado en un relato de \u00e9xito. Seg\u00fan el propio presidente, Espa\u00f1a disfruta de una etapa econ\u00f3mica \u201cextraordinaria\u201d, hasta el punto de presumir de un crecimiento del PIB superior al de los Estados Unidos. Los datos macroecon\u00f3micos, dice, avalan su gesti\u00f3n. Pero m\u00e1s all\u00e1 de los discursos y los titulares, la realidad social del pa\u00eds muestra un contraste cada vez m\u00e1s doloroso: <strong>el esplendor del relato frente a la miseria de millones de ciudadanos.<\/strong><\/p>\n<h3>Espa\u00f1a, quinta en pobreza y primera en pobreza infantil<\/h3>\n<p>Espa\u00f1a ocupa el <strong>quinto lugar de la Uni\u00f3n Europea en riesgo de pobreza y exclusi\u00f3n social (tasa AROPE)<\/strong>. Solo la superan pa\u00edses como Ruman\u00eda, Bulgaria o Chipre, econom\u00edas tradicionalmente fr\u00e1giles o con graves problemas geopol\u00edticos. Entre las grandes naciones europeas, <strong>Espa\u00f1a es la peor clasificada<\/strong>.<\/p>\n<p>El dato m\u00e1s escandaloso se da en la <strong>pobreza infantil<\/strong>: con un <strong>29,2%<\/strong>, somos el pa\u00eds con m\u00e1s ni\u00f1os pobres de Europa. Esto equivale a <strong>2,3 millones de menores<\/strong> que crecen en condiciones de privaci\u00f3n. Muchos de ellos forman parte de los <strong>12,5 millones de personas<\/strong> que viven en situaci\u00f3n de exclusi\u00f3n social.<\/p>\n<p>Y a\u00fan hay un pelda\u00f1o m\u00e1s abajo. La <strong>pobreza severa<\/strong>, aquella que afecta a quienes sobreviven con menos de <strong>644 euros mensuales<\/strong>, alcanza ya al <strong>8,4% de la poblaci\u00f3n<\/strong> \u2014<strong>4,1 millones de espa\u00f1oles<\/strong>\u2014.<\/p>\n<p>Estos datos revelan dos realidades inquietantes: que la prosperidad que S\u00e1nchez proclama <strong>no llega a la mayor\u00eda<\/strong> y que las pol\u00edticas de ayuda a las rentas bajas <strong>no funcionan<\/strong>. La bonanza es estad\u00edstica; la desigualdad, humana y creciente.<\/p>\n<h3>El espejismo del crecimiento: m\u00e1s PIB, pero menos bienestar<\/h3>\n<p>\u00bfC\u00f3mo se explica esta contradicci\u00f3n entre crecimiento del PIB y deterioro social? La respuesta est\u00e1 en <strong>el tipo de crecimiento que Espa\u00f1a experimenta<\/strong> y en <strong>c\u00f3mo se distribuye la renta<\/strong>.<\/p>\n<p>El motor del actual incremento del PIB no es la productividad ni la innovaci\u00f3n, sino <strong>la expansi\u00f3n demogr\u00e1fica impulsada por una fuerte inmigraci\u00f3n de baja cualificaci\u00f3n<\/strong>. El resultado es un crecimiento basado en <strong>trabajo abundante y barato<\/strong>, que agranda la \u201ctarta\u201d econ\u00f3mica, pero no las porciones individuales: <strong>m\u00e1s poblaci\u00f3n activa, pero m\u00e1s salarios bajos<\/strong>.<\/p>\n<p>La riqueza global aumenta, pero el bienestar medio se estanca o retrocede. La econom\u00eda se mueve, pero <strong>no eleva la calidad de vida<\/strong>.<\/p>\n<h3>Inflaci\u00f3n: el impuesto silencioso que empobrece a todos<\/h3>\n<h5><strong>A esta precariedad estructural se suman tres din\u00e1micas asfixiantes.<\/strong><\/h5>\n<p><strong>1- La inflaci\u00f3n persistente<\/strong><\/p>\n<p>La primera es la <strong>inflaci\u00f3n persistente<\/strong>, situada en torno al <strong>3% en septiembre<\/strong>, con especial incidencia en los <strong>alimentos<\/strong>. De los diez productos que m\u00e1s subieron, <strong>cinco son de primera necesidad<\/strong>: caf\u00e9, aceite de girasol, huevos, carne de vacuno y chocolate.<\/p>\n<p>La subida de precios golpea mucho m\u00e1s a las familias con menos ingresos, porque <strong>la proporci\u00f3n de renta destinada a necesidades b\u00e1sicas<\/strong> \u2014alimentaci\u00f3n, energ\u00eda, vivienda\u2014 <strong>es mucho mayor<\/strong>. Cuando el pan, la luz o el aceite se encarecen, <strong>la desigualdad se agrava<\/strong>, ya que los hogares humildes no pueden absorber el sobrecoste.<\/p>\n<p>El gobierno, adem\u00e1s, <strong>ha permitido que la inflaci\u00f3n act\u00fae como un impuesto adicional<\/strong>, al negarse a deflactar los tramos del IRPF o ajustar las cotizaciones. As\u00ed, el \u201cEstado progresista\u201d recauda m\u00e1s, mientras los salarios reales pierden poder adquisitivo.<\/p>\n<p><strong>2- La vivienda: el segundo drama nacional<\/strong><\/p>\n<p>La segunda calamidad tiene nombre conocido: <strong>la vivienda<\/strong>. Su precio se ha disparado hasta niveles inalcanzables para la mayor\u00eda. Comprar o alquilar se ha convertido en un lujo. Este encarecimiento no solo asfixia a las familias, sino que <strong>impide la movilidad social y laboral<\/strong>.<\/p>\n<p>Los j\u00f3venes, atrapados entre <strong>salarios bajos y alquileres imposibles<\/strong>, no pueden emanciparse ni formar familia. Espa\u00f1a es, parad\u00f3jicamente, <strong>el \u00fanico pa\u00eds europeo donde tener hijos multiplica el riesgo de pobreza<\/strong>.<\/p>\n<p><strong>3- M\u00e1s impuestos y cotizaciones: el pa\u00eds exprimido<\/strong><\/p>\n<p>El tercer factor es el <strong>af\u00e1n recaudatorio del gobierno<\/strong>. En nombre de mejorar los servicios \u2014que no mejoran\u2014, <strong>S\u00e1nchez exprime a trabajadores y empresas<\/strong>. El \u00faltimo ejemplo son las <strong>nuevas cotizaciones previstas para los aut\u00f3nomos entre 2026 y 2029<\/strong>, dise\u00f1adas por el exministro y actual gobernador del Banco de Espa\u00f1a, <strong>Jos\u00e9 Luis Escriv\u00e1<\/strong>.<\/p>\n<p>Seg\u00fan el periodista <strong>Josep Mart\u00ed Blanch<\/strong>, un aut\u00f3nomo que ingrese <strong>2.000 euros al mes pagar\u00e1 500 en cotizaciones<\/strong>, y quien gane apenas <strong>700 euros deber\u00e1 entregar 265<\/strong>. Es decir, <strong>un tercio de sus ingresos<\/strong>. Este modelo, pensado para equilibrar las cuentas del sistema p\u00fablico de pensiones, <strong>no ha resuelto el d\u00e9ficit<\/strong>, pero s\u00ed ha elevado la presi\u00f3n fiscal a niveles r\u00e9cord.<\/p>\n<p>La llamada <strong>\u201c<a href=\"https:\/\/conversesacatalunya.cat\/es\/la-cuna-fiscal-que-devora-nuestros-ingresos\/\" target=\"_blank\" rel=\"noopener\">cu\u00f1a fiscal<\/a>\u201d<\/strong> \u2014la suma de impuestos y cotizaciones\u2014 se ha convertido en un verdadero cepo para la econom\u00eda productiva. Las empresas cargan m\u00e1s costes, los trabajadores pierden renta neta y <strong>las pensiones siguen dependiendo de transferencias del Estado<\/strong>.<\/p>\n<h3>Un futuro bloqueado<\/h3>\n<p>El resultado de estas pol\u00edticas es un pa\u00eds en tensi\u00f3n: <strong>m\u00e1s empleo, pero precario; m\u00e1s PIB, pero menos bienestar; m\u00e1s ingresos p\u00fablicos, pero menos servicios visibles<\/strong>. La econom\u00eda crece en superficie, pero se empobrece en profundidad.<\/p>\n<p>Los <strong>fondos europeos Next Generation<\/strong> ofrecen un respiro temporal, pero no estructural. No hay transformaci\u00f3n productiva ni modernizaci\u00f3n industrial. <strong>Espa\u00f1a sigue siendo una econom\u00eda de baja productividad y alta dependencia del gasto p\u00fablico<\/strong>.<\/p>\n<p>Cuando los recursos europeos se agoten, el espejismo se desvanecer\u00e1. Y quedar\u00e1 a la vista lo esencial: una sociedad fracturada, una generaci\u00f3n joven sin futuro y un gobierno que confunde los logros estad\u00edsticos con el progreso real.<\/p>\n<span class='bctt-click-to-tweet'><span class='bctt-ctt-text'><a href='https:\/\/twitter.com\/intent\/tweet?url=https%3A%2F%2Fconversesacatalunya.cat%2Fes%2Fgobierno-sanchez-crecimiento-sin-bienestar-ni-justicia-social%2F&#038;text=Mientras%20Pedro%20S%C3%A1nchez%20presume%20de%20%C3%A9xito%20econ%C3%B3mico%2C%20Espa%C3%B1a%20lidera%20la%20pobreza%20infantil%20en%20Europa%20y%20la%20exclusi%C3%B3n%20social%20se%20agrava%20%23pedros%C3%A1nchez&#038;via=conversesacat&#038;related=conversesacat' target='_blank'rel=\"noopener noreferrer\">Mientras Pedro S\u00e1nchez presume de \u00e9xito econ\u00f3mico, Espa\u00f1a lidera la pobreza infantil en Europa y la exclusi\u00f3n social se agrava #pedros\u00e1nchez <\/a><\/span><a href='https:\/\/twitter.com\/intent\/tweet?url=https%3A%2F%2Fconversesacatalunya.cat%2Fes%2Fgobierno-sanchez-crecimiento-sin-bienestar-ni-justicia-social%2F&#038;text=Mientras%20Pedro%20S%C3%A1nchez%20presume%20de%20%C3%A9xito%20econ%C3%B3mico%2C%20Espa%C3%B1a%20lidera%20la%20pobreza%20infantil%20en%20Europa%20y%20la%20exclusi%C3%B3n%20social%20se%20agrava%20%23pedros%C3%A1nchez&#038;via=conversesacat&#038;related=conversesacat' target='_blank' class='bctt-ctt-btn'rel=\"noopener noreferrer\">Compartir en X<\/a><\/span>\n<div id=\"polls-300\" class=\"wp-polls\">\n\t<form id=\"polls_form_300\" class=\"wp-polls-form\" action=\"\/index.php\" method=\"post\">\n\t\t<p style=\"display: none;\"><input type=\"hidden\" id=\"poll_300_nonce\" name=\"wp-polls-nonce\" value=\"ef7ba4c670\" \/><\/p>\n\t\t<p style=\"display: none;\"><input type=\"hidden\" name=\"poll_id\" value=\"300\" \/><\/p>\n\t\t<p style=\"text-align: center\"><strong>Creus que S\u00e1nchez convocar\u00e0 eleccions anticipades si per tercer any consecutiu es queda sense pressupostos?<\/strong><\/p><div id=\"polls-300-ans\" class=\"wp-polls-ans\"><ul class=\"wp-polls-ul\">\n\t\t<li><input type=\"radio\" id=\"poll-answer-857\" name=\"poll_300\" value=\"857\" \/> <label for=\"poll-answer-857\">S\u00ed<\/label><\/li>\n\t\t<li><input type=\"radio\" id=\"poll-answer-858\" name=\"poll_300\" value=\"858\" \/> <label for=\"poll-answer-858\">No<\/label><\/li>\n\t\t<li><input type=\"radio\" id=\"poll-answer-859\" name=\"poll_300\" value=\"859\" \/> <label for=\"poll-answer-859\">No ho s\u00e9<\/label><\/li>\n\t\t<\/ul><p style=\"text-align: center\"><input type=\"button\" name=\"vote\" value=\"   Vota   \" class=\"Buttons\" onclick=\"poll_vote(300);\" \/><\/p><p style=\"text-align: center\"><a href=\"#ViewPollResults\" onclick=\"poll_result(300); return false;\" title=\"View Results Of This Poll\">Mira els resultats<\/a><\/p><\/div>\n\t<\/form>\n<\/div>\n<div id=\"polls-300-loading\" class=\"wp-polls-loading\"><img decoding=\"async\" data-src=\"https:\/\/conversesacatalunya.cat\/wp-content\/plugins\/wp-polls\/images\/loading.gif\" width=\"16\" height=\"16\" alt=\"Cargando ...\" title=\"Cargando ...\" class=\"wp-polls-image lazyload\" src=\"data:image\/svg+xml;base64,PHN2ZyB3aWR0aD0iMSIgaGVpZ2h0PSIxIiB4bWxucz0iaHR0cDovL3d3dy53My5vcmcvMjAwMC9zdmciPjwvc3ZnPg==\" style=\"--smush-placeholder-width: 16px; --smush-placeholder-aspect-ratio: 16\/16;\" \/>&nbsp;Cargando ...<\/div>\n\n","protected":false},"excerpt":{"rendered":"<p>El gobierno de Pedro S\u00e1nchez vive instalado en un relato de \u00e9xito. Seg\u00fan el propio presidente, Espa\u00f1a disfruta de una etapa econ\u00f3mica \u201cextraordinaria\u201d, hasta el punto de presumir de un crecimiento del PIB superior al de los Estados Unidos. Los datos macroecon\u00f3micos, dice, avalan su gesti\u00f3n. Pero m\u00e1s all\u00e1 de los discursos y los titulares, la realidad social del pa\u00eds muestra un contraste cada vez m\u00e1s doloroso: el esplendor del relato frente a la miseria de millones de ciudadanos. Espa\u00f1a, quinta en pobreza y primera en pobreza infantil Espa\u00f1a ocupa el quinto lugar de la Uni\u00f3n Europea en riesgo de pobreza y exclusi\u00f3n social (tasa AROPE). Solo la superan pa\u00edses como Ruman\u00eda, Bulgaria o Chipre, econom\u00edas tradicionalmente fr\u00e1giles o con graves problemas geopol\u00edticos. Entre las grandes naciones europeas, Espa\u00f1a es la peor clasificada. El dato m\u00e1s escandaloso se da en la pobreza infantil: con un 29,2%, somos el pa\u00eds con m\u00e1s ni\u00f1os pobres de Europa. Esto equivale a 2,3 millones de menores que crecen en condiciones de privaci\u00f3n. Muchos de ellos forman parte de los 12,5 millones de personas que viven en situaci\u00f3n de exclusi\u00f3n social. Y a\u00fan hay un pelda\u00f1o m\u00e1s abajo. La pobreza severa, aquella que afecta a quienes sobreviven con menos de 644 euros mensuales, alcanza ya al 8,4% de la poblaci\u00f3n \u20144,1 millones de espa\u00f1oles\u2014. Estos datos revelan dos realidades inquietantes: que la prosperidad que S\u00e1nchez proclama no llega a la mayor\u00eda y que las pol\u00edticas de ayuda a las rentas bajas no funcionan. La bonanza es estad\u00edstica; la desigualdad, humana y creciente. El espejismo del crecimiento: m\u00e1s PIB, pero menos bienestar \u00bfC\u00f3mo se explica esta contradicci\u00f3n entre crecimiento del PIB y deterioro social? La respuesta est\u00e1 en el tipo de crecimiento que Espa\u00f1a experimenta y en c\u00f3mo se distribuye la renta. El motor del actual incremento del PIB no es la productividad ni la innovaci\u00f3n, sino la expansi\u00f3n demogr\u00e1fica impulsada por una fuerte inmigraci\u00f3n de baja cualificaci\u00f3n. El resultado es un crecimiento basado en trabajo abundante y barato, que agranda la \u201ctarta\u201d econ\u00f3mica, pero no las porciones individuales: m\u00e1s poblaci\u00f3n activa, pero m\u00e1s salarios bajos. La riqueza global aumenta, pero el bienestar medio se estanca o retrocede. La econom\u00eda se mueve, pero no eleva la calidad de vida. Inflaci\u00f3n: el impuesto silencioso que empobrece a todos A esta precariedad estructural se suman tres din\u00e1micas asfixiantes. 1- La inflaci\u00f3n persistente La primera es la inflaci\u00f3n persistente, situada en torno al 3% en septiembre, con especial incidencia en los alimentos. De los diez productos que m\u00e1s subieron, cinco son de primera necesidad: caf\u00e9, aceite de girasol, huevos, carne de vacuno y chocolate. La subida de precios golpea mucho m\u00e1s a las familias con menos ingresos, porque la proporci\u00f3n de renta destinada a necesidades b\u00e1sicas \u2014alimentaci\u00f3n, energ\u00eda, vivienda\u2014 es mucho mayor. Cuando el pan, la luz o el aceite se encarecen, la desigualdad se agrava, ya que los hogares humildes no pueden absorber el sobrecoste. El gobierno, adem\u00e1s, ha permitido que la inflaci\u00f3n act\u00fae como un impuesto adicional, al negarse a deflactar los tramos del IRPF o ajustar las cotizaciones. As\u00ed, el \u201cEstado progresista\u201d recauda m\u00e1s, mientras los salarios reales pierden poder adquisitivo. 2- La vivienda: el segundo drama nacional La segunda calamidad tiene nombre conocido: la vivienda. Su precio se ha disparado hasta niveles inalcanzables para la mayor\u00eda. Comprar o alquilar se ha convertido en un lujo. Este encarecimiento no solo asfixia a las familias, sino que impide la movilidad social y laboral. Los j\u00f3venes, atrapados entre salarios bajos y alquileres imposibles, no pueden emanciparse ni formar familia. Espa\u00f1a es, parad\u00f3jicamente, el \u00fanico pa\u00eds europeo donde tener hijos multiplica el riesgo de pobreza. 3- M\u00e1s impuestos y cotizaciones: el pa\u00eds exprimido El tercer factor es el af\u00e1n recaudatorio del gobierno. En nombre de mejorar los servicios \u2014que no mejoran\u2014, S\u00e1nchez exprime a trabajadores y empresas. El \u00faltimo ejemplo son las nuevas cotizaciones previstas para los aut\u00f3nomos entre 2026 y 2029, dise\u00f1adas por el exministro y actual gobernador del Banco de Espa\u00f1a, Jos\u00e9 Luis Escriv\u00e1. Seg\u00fan el periodista Josep Mart\u00ed Blanch, un aut\u00f3nomo que ingrese 2.000 euros al mes pagar\u00e1 500 en cotizaciones, y quien gane apenas 700 euros deber\u00e1 entregar 265. Es decir, un tercio de sus ingresos. Este modelo, pensado para equilibrar las cuentas del sistema p\u00fablico de pensiones, no ha resuelto el d\u00e9ficit, pero s\u00ed ha elevado la presi\u00f3n fiscal a niveles r\u00e9cord. La llamada \u201ccu\u00f1a fiscal\u201d \u2014la suma de impuestos y cotizaciones\u2014 se ha convertido en un verdadero cepo para la econom\u00eda productiva. Las empresas cargan m\u00e1s costes, los trabajadores pierden renta neta y las pensiones siguen dependiendo de transferencias del Estado. Un futuro bloqueado El resultado de estas pol\u00edticas es un pa\u00eds en tensi\u00f3n: m\u00e1s empleo, pero precario; m\u00e1s PIB, pero menos bienestar; m\u00e1s ingresos p\u00fablicos, pero menos servicios visibles. La econom\u00eda crece en superficie, pero se empobrece en profundidad. Los fondos europeos Next Generation ofrecen un respiro temporal, pero no estructural. No hay transformaci\u00f3n productiva ni modernizaci\u00f3n industrial. Espa\u00f1a sigue siendo una econom\u00eda de baja productividad y alta dependencia del gasto p\u00fablico. Cuando los recursos europeos se agoten, el espejismo se desvanecer\u00e1. Y quedar\u00e1 a la vista lo esencial: una sociedad fracturada, una generaci\u00f3n joven sin futuro y un gobierno que confunde los logros estad\u00edsticos con el progreso real.<\/p>\n","protected":false},"author":81,"featured_media":92974,"comment_status":"open","ping_status":"open","sticky":false,"template":"","format":"standard","meta":{"_FSMCFIC_featured_image_caption":"","_FSMCFIC_featured_image_nocaption":"","_FSMCFIC_featured_image_hide":"","footnotes":""},"categories":[806],"tags":[1375],"class_list":["post-92972","post","type-post","status-publish","format-standard","has-post-thumbnail","hentry","category-punts-claus-del-dia-es","tag-gobierno-sanchez"],"yoast_head":"<!-- This site is optimized with the Yoast SEO plugin v26.8 - https:\/\/yoast.com\/product\/yoast-seo-wordpress\/ -->\n<title>Miseria y esplendor del gobierno S\u00e1nchez: crecimiento sin bienestar ni justicia social - Converses a Catalunya<\/title>\n<meta name=\"description\" content=\"Mientras Pedro S\u00e1nchez presume de \u00e9xito econ\u00f3mico, Espa\u00f1a lidera la pobreza infantil en Europa y la exclusi\u00f3n social se agrava.\" \/>\n<meta name=\"robots\" content=\"index, follow, max-snippet:-1, max-image-preview:large, max-video-preview:-1\" \/>\n<link rel=\"canonical\" href=\"https:\/\/conversesacatalunya.cat\/es\/gobierno-sanchez-crecimiento-sin-bienestar-ni-justicia-social\/\" \/>\n<meta property=\"og:locale\" content=\"es_ES\" \/>\n<meta property=\"og:type\" content=\"article\" \/>\n<meta property=\"og:title\" content=\"Miseria y esplendor del gobierno S\u00e1nchez: crecimiento sin bienestar ni justicia social - Converses a Catalunya\" \/>\n<meta property=\"og:description\" content=\"Mientras Pedro S\u00e1nchez presume de \u00e9xito econ\u00f3mico, Espa\u00f1a lidera la pobreza infantil en Europa y la exclusi\u00f3n social se agrava.\" \/>\n<meta property=\"og:url\" content=\"https:\/\/conversesacatalunya.cat\/es\/gobierno-sanchez-crecimiento-sin-bienestar-ni-justicia-social\/\" \/>\n<meta property=\"og:site_name\" content=\"Converses a Catalunya\" \/>\n<meta property=\"article:published_time\" content=\"2025-10-17T09:51:48+00:00\" \/>\n<meta property=\"article:modified_time\" content=\"2025-10-17T10:12:41+00:00\" \/>\n<meta property=\"og:image\" content=\"https:\/\/conversesacatalunya.cat\/wp-content\/uploads\/2025\/10\/miseria.jpg\" \/>\n\t<meta property=\"og:image:width\" content=\"1023\" \/>\n\t<meta property=\"og:image:height\" content=\"682\" \/>\n\t<meta property=\"og:image:type\" content=\"image\/jpeg\" \/>\n<meta name=\"author\" content=\"Emili Clos\" \/>\n<meta name=\"twitter:card\" content=\"summary_large_image\" \/>\n<meta name=\"twitter:label1\" content=\"Escrito por\" \/>\n\t<meta name=\"twitter:data1\" content=\"Emili Clos\" \/>\n\t<meta name=\"twitter:label2\" content=\"Tiempo de lectura\" \/>\n\t<meta name=\"twitter:data2\" content=\"5 minutos\" \/>\n<script type=\"application\/ld+json\" class=\"yoast-schema-graph\">{\"@context\":\"https:\/\/schema.org\",\"@graph\":[{\"@type\":\"Article\",\"@id\":\"https:\/\/conversesacatalunya.cat\/es\/gobierno-sanchez-crecimiento-sin-bienestar-ni-justicia-social\/#article\",\"isPartOf\":{\"@id\":\"https:\/\/conversesacatalunya.cat\/es\/gobierno-sanchez-crecimiento-sin-bienestar-ni-justicia-social\/\"},\"author\":{\"name\":\"Emili Clos\",\"@id\":\"https:\/\/conversesacatalunya.cat\/#\/schema\/person\/46306de4129bccb959ed5e1720c4e3e7\"},\"headline\":\"Miseria y esplendor del gobierno S\u00e1nchez: crecimiento sin bienestar ni justicia social\",\"datePublished\":\"2025-10-17T09:51:48+00:00\",\"dateModified\":\"2025-10-17T10:12:41+00:00\",\"mainEntityOfPage\":{\"@id\":\"https:\/\/conversesacatalunya.cat\/es\/gobierno-sanchez-crecimiento-sin-bienestar-ni-justicia-social\/\"},\"wordCount\":1009,\"commentCount\":0,\"image\":{\"@id\":\"https:\/\/conversesacatalunya.cat\/es\/gobierno-sanchez-crecimiento-sin-bienestar-ni-justicia-social\/#primaryimage\"},\"thumbnailUrl\":\"https:\/\/conversesacatalunya.cat\/wp-content\/uploads\/2025\/10\/miseria.jpg\",\"keywords\":[\"Gobierno S\u00e1nchez\"],\"articleSection\":[\"Punts clau del dia (ES)\"],\"inLanguage\":\"es\",\"potentialAction\":[{\"@type\":\"CommentAction\",\"name\":\"Comment\",\"target\":[\"https:\/\/conversesacatalunya.cat\/es\/gobierno-sanchez-crecimiento-sin-bienestar-ni-justicia-social\/#respond\"]}]},{\"@type\":\"WebPage\",\"@id\":\"https:\/\/conversesacatalunya.cat\/es\/gobierno-sanchez-crecimiento-sin-bienestar-ni-justicia-social\/\",\"url\":\"https:\/\/conversesacatalunya.cat\/es\/gobierno-sanchez-crecimiento-sin-bienestar-ni-justicia-social\/\",\"name\":\"Miseria y esplendor del gobierno S\u00e1nchez: crecimiento sin bienestar ni justicia social - Converses a Catalunya\",\"isPartOf\":{\"@id\":\"https:\/\/conversesacatalunya.cat\/#website\"},\"primaryImageOfPage\":{\"@id\":\"https:\/\/conversesacatalunya.cat\/es\/gobierno-sanchez-crecimiento-sin-bienestar-ni-justicia-social\/#primaryimage\"},\"image\":{\"@id\":\"https:\/\/conversesacatalunya.cat\/es\/gobierno-sanchez-crecimiento-sin-bienestar-ni-justicia-social\/#primaryimage\"},\"thumbnailUrl\":\"https:\/\/conversesacatalunya.cat\/wp-content\/uploads\/2025\/10\/miseria.jpg\",\"datePublished\":\"2025-10-17T09:51:48+00:00\",\"dateModified\":\"2025-10-17T10:12:41+00:00\",\"author\":{\"@id\":\"https:\/\/conversesacatalunya.cat\/#\/schema\/person\/46306de4129bccb959ed5e1720c4e3e7\"},\"description\":\"Mientras Pedro S\u00e1nchez presume de \u00e9xito econ\u00f3mico, Espa\u00f1a lidera la pobreza infantil en Europa y la exclusi\u00f3n social se agrava.\",\"breadcrumb\":{\"@id\":\"https:\/\/conversesacatalunya.cat\/es\/gobierno-sanchez-crecimiento-sin-bienestar-ni-justicia-social\/#breadcrumb\"},\"inLanguage\":\"es\",\"potentialAction\":[{\"@type\":\"ReadAction\",\"target\":[\"https:\/\/conversesacatalunya.cat\/es\/gobierno-sanchez-crecimiento-sin-bienestar-ni-justicia-social\/\"]}]},{\"@type\":\"ImageObject\",\"inLanguage\":\"es\",\"@id\":\"https:\/\/conversesacatalunya.cat\/es\/gobierno-sanchez-crecimiento-sin-bienestar-ni-justicia-social\/#primaryimage\",\"url\":\"https:\/\/conversesacatalunya.cat\/wp-content\/uploads\/2025\/10\/miseria.jpg\",\"contentUrl\":\"https:\/\/conversesacatalunya.cat\/wp-content\/uploads\/2025\/10\/miseria.jpg\",\"width\":1023,\"height\":682,\"caption\":\"pobreza infantil\"},{\"@type\":\"BreadcrumbList\",\"@id\":\"https:\/\/conversesacatalunya.cat\/es\/gobierno-sanchez-crecimiento-sin-bienestar-ni-justicia-social\/#breadcrumb\",\"itemListElement\":[{\"@type\":\"ListItem\",\"position\":1,\"name\":\"Inici\",\"item\":\"https:\/\/conversesacatalunya.cat\/es\/\"},{\"@type\":\"ListItem\",\"position\":2,\"name\":\"Miseria y esplendor del gobierno S\u00e1nchez: crecimiento sin bienestar ni justicia social\"}]},{\"@type\":\"WebSite\",\"@id\":\"https:\/\/conversesacatalunya.cat\/#website\",\"url\":\"https:\/\/conversesacatalunya.cat\/\",\"name\":\"Converses a Catalunya\",\"description\":\"\",\"potentialAction\":[{\"@type\":\"SearchAction\",\"target\":{\"@type\":\"EntryPoint\",\"urlTemplate\":\"https:\/\/conversesacatalunya.cat\/?s={search_term_string}\"},\"query-input\":{\"@type\":\"PropertyValueSpecification\",\"valueRequired\":true,\"valueName\":\"search_term_string\"}}],\"inLanguage\":\"es\"},{\"@type\":\"Person\",\"@id\":\"https:\/\/conversesacatalunya.cat\/#\/schema\/person\/46306de4129bccb959ed5e1720c4e3e7\",\"name\":\"Emili Clos\",\"image\":{\"@type\":\"ImageObject\",\"inLanguage\":\"es\",\"@id\":\"https:\/\/conversesacatalunya.cat\/#\/schema\/person\/image\/\",\"url\":\"https:\/\/conversesacatalunya.cat\/wp-content\/litespeed\/avatar\/a9a662bd802eed79498de818aef91cc9.jpg?ver=1777096184\",\"contentUrl\":\"https:\/\/conversesacatalunya.cat\/wp-content\/litespeed\/avatar\/a9a662bd802eed79498de818aef91cc9.jpg?ver=1777096184\",\"caption\":\"Emili Clos\"},\"url\":\"https:\/\/conversesacatalunya.cat\/es\/author\/emili_clos\/\"}]}<\/script>\n<!-- \/ Yoast SEO plugin. -->","yoast_head_json":{"title":"Miseria y esplendor del gobierno S\u00e1nchez: crecimiento sin bienestar ni justicia social - Converses a Catalunya","description":"Mientras Pedro S\u00e1nchez presume de \u00e9xito econ\u00f3mico, Espa\u00f1a lidera la pobreza infantil en Europa y la exclusi\u00f3n social se agrava.","robots":{"index":"index","follow":"follow","max-snippet":"max-snippet:-1","max-image-preview":"max-image-preview:large","max-video-preview":"max-video-preview:-1"},"canonical":"https:\/\/conversesacatalunya.cat\/es\/gobierno-sanchez-crecimiento-sin-bienestar-ni-justicia-social\/","og_locale":"es_ES","og_type":"article","og_title":"Miseria y esplendor del gobierno S\u00e1nchez: crecimiento sin bienestar ni justicia social - Converses a Catalunya","og_description":"Mientras Pedro S\u00e1nchez presume de \u00e9xito econ\u00f3mico, Espa\u00f1a lidera la pobreza infantil en Europa y la exclusi\u00f3n social se agrava.","og_url":"https:\/\/conversesacatalunya.cat\/es\/gobierno-sanchez-crecimiento-sin-bienestar-ni-justicia-social\/","og_site_name":"Converses a Catalunya","article_published_time":"2025-10-17T09:51:48+00:00","article_modified_time":"2025-10-17T10:12:41+00:00","og_image":[{"width":1023,"height":682,"url":"https:\/\/conversesacatalunya.cat\/wp-content\/uploads\/2025\/10\/miseria.jpg","type":"image\/jpeg"}],"author":"Emili Clos","twitter_card":"summary_large_image","twitter_misc":{"Escrito por":"Emili Clos","Tiempo de lectura":"5 minutos"},"schema":{"@context":"https:\/\/schema.org","@graph":[{"@type":"Article","@id":"https:\/\/conversesacatalunya.cat\/es\/gobierno-sanchez-crecimiento-sin-bienestar-ni-justicia-social\/#article","isPartOf":{"@id":"https:\/\/conversesacatalunya.cat\/es\/gobierno-sanchez-crecimiento-sin-bienestar-ni-justicia-social\/"},"author":{"name":"Emili Clos","@id":"https:\/\/conversesacatalunya.cat\/#\/schema\/person\/46306de4129bccb959ed5e1720c4e3e7"},"headline":"Miseria y esplendor del gobierno S\u00e1nchez: crecimiento sin bienestar ni justicia social","datePublished":"2025-10-17T09:51:48+00:00","dateModified":"2025-10-17T10:12:41+00:00","mainEntityOfPage":{"@id":"https:\/\/conversesacatalunya.cat\/es\/gobierno-sanchez-crecimiento-sin-bienestar-ni-justicia-social\/"},"wordCount":1009,"commentCount":0,"image":{"@id":"https:\/\/conversesacatalunya.cat\/es\/gobierno-sanchez-crecimiento-sin-bienestar-ni-justicia-social\/#primaryimage"},"thumbnailUrl":"https:\/\/conversesacatalunya.cat\/wp-content\/uploads\/2025\/10\/miseria.jpg","keywords":["Gobierno S\u00e1nchez"],"articleSection":["Punts clau del dia (ES)"],"inLanguage":"es","potentialAction":[{"@type":"CommentAction","name":"Comment","target":["https:\/\/conversesacatalunya.cat\/es\/gobierno-sanchez-crecimiento-sin-bienestar-ni-justicia-social\/#respond"]}]},{"@type":"WebPage","@id":"https:\/\/conversesacatalunya.cat\/es\/gobierno-sanchez-crecimiento-sin-bienestar-ni-justicia-social\/","url":"https:\/\/conversesacatalunya.cat\/es\/gobierno-sanchez-crecimiento-sin-bienestar-ni-justicia-social\/","name":"Miseria y esplendor del gobierno S\u00e1nchez: crecimiento sin bienestar ni justicia social - Converses a Catalunya","isPartOf":{"@id":"https:\/\/conversesacatalunya.cat\/#website"},"primaryImageOfPage":{"@id":"https:\/\/conversesacatalunya.cat\/es\/gobierno-sanchez-crecimiento-sin-bienestar-ni-justicia-social\/#primaryimage"},"image":{"@id":"https:\/\/conversesacatalunya.cat\/es\/gobierno-sanchez-crecimiento-sin-bienestar-ni-justicia-social\/#primaryimage"},"thumbnailUrl":"https:\/\/conversesacatalunya.cat\/wp-content\/uploads\/2025\/10\/miseria.jpg","datePublished":"2025-10-17T09:51:48+00:00","dateModified":"2025-10-17T10:12:41+00:00","author":{"@id":"https:\/\/conversesacatalunya.cat\/#\/schema\/person\/46306de4129bccb959ed5e1720c4e3e7"},"description":"Mientras Pedro S\u00e1nchez presume de \u00e9xito econ\u00f3mico, Espa\u00f1a lidera la pobreza infantil en Europa y la exclusi\u00f3n social se agrava.","breadcrumb":{"@id":"https:\/\/conversesacatalunya.cat\/es\/gobierno-sanchez-crecimiento-sin-bienestar-ni-justicia-social\/#breadcrumb"},"inLanguage":"es","potentialAction":[{"@type":"ReadAction","target":["https:\/\/conversesacatalunya.cat\/es\/gobierno-sanchez-crecimiento-sin-bienestar-ni-justicia-social\/"]}]},{"@type":"ImageObject","inLanguage":"es","@id":"https:\/\/conversesacatalunya.cat\/es\/gobierno-sanchez-crecimiento-sin-bienestar-ni-justicia-social\/#primaryimage","url":"https:\/\/conversesacatalunya.cat\/wp-content\/uploads\/2025\/10\/miseria.jpg","contentUrl":"https:\/\/conversesacatalunya.cat\/wp-content\/uploads\/2025\/10\/miseria.jpg","width":1023,"height":682,"caption":"pobreza infantil"},{"@type":"BreadcrumbList","@id":"https:\/\/conversesacatalunya.cat\/es\/gobierno-sanchez-crecimiento-sin-bienestar-ni-justicia-social\/#breadcrumb","itemListElement":[{"@type":"ListItem","position":1,"name":"Inici","item":"https:\/\/conversesacatalunya.cat\/es\/"},{"@type":"ListItem","position":2,"name":"Miseria y esplendor del gobierno S\u00e1nchez: crecimiento sin bienestar ni justicia social"}]},{"@type":"WebSite","@id":"https:\/\/conversesacatalunya.cat\/#website","url":"https:\/\/conversesacatalunya.cat\/","name":"Converses a Catalunya","description":"","potentialAction":[{"@type":"SearchAction","target":{"@type":"EntryPoint","urlTemplate":"https:\/\/conversesacatalunya.cat\/?s={search_term_string}"},"query-input":{"@type":"PropertyValueSpecification","valueRequired":true,"valueName":"search_term_string"}}],"inLanguage":"es"},{"@type":"Person","@id":"https:\/\/conversesacatalunya.cat\/#\/schema\/person\/46306de4129bccb959ed5e1720c4e3e7","name":"Emili Clos","image":{"@type":"ImageObject","inLanguage":"es","@id":"https:\/\/conversesacatalunya.cat\/#\/schema\/person\/image\/","url":"https:\/\/conversesacatalunya.cat\/wp-content\/litespeed\/avatar\/a9a662bd802eed79498de818aef91cc9.jpg?ver=1777096184","contentUrl":"https:\/\/conversesacatalunya.cat\/wp-content\/litespeed\/avatar\/a9a662bd802eed79498de818aef91cc9.jpg?ver=1777096184","caption":"Emili Clos"},"url":"https:\/\/conversesacatalunya.cat\/es\/author\/emili_clos\/"}]}},"wps_subtitle":"El dato m\u00e1s escandaloso se da en la pobreza infantil: con un 29,2%, somos el pa\u00eds con m\u00e1s ni\u00f1os pobres de Europa.","_links":{"self":[{"href":"https:\/\/conversesacatalunya.cat\/es\/wp-json\/wp\/v2\/posts\/92972","targetHints":{"allow":["GET"]}}],"collection":[{"href":"https:\/\/conversesacatalunya.cat\/es\/wp-json\/wp\/v2\/posts"}],"about":[{"href":"https:\/\/conversesacatalunya.cat\/es\/wp-json\/wp\/v2\/types\/post"}],"author":[{"embeddable":true,"href":"https:\/\/conversesacatalunya.cat\/es\/wp-json\/wp\/v2\/users\/81"}],"replies":[{"embeddable":true,"href":"https:\/\/conversesacatalunya.cat\/es\/wp-json\/wp\/v2\/comments?post=92972"}],"version-history":[{"count":7,"href":"https:\/\/conversesacatalunya.cat\/es\/wp-json\/wp\/v2\/posts\/92972\/revisions"}],"predecessor-version":[{"id":92978,"href":"https:\/\/conversesacatalunya.cat\/es\/wp-json\/wp\/v2\/posts\/92972\/revisions\/92978"}],"wp:featuredmedia":[{"embeddable":true,"href":"https:\/\/conversesacatalunya.cat\/es\/wp-json\/wp\/v2\/media\/92974"}],"wp:attachment":[{"href":"https:\/\/conversesacatalunya.cat\/es\/wp-json\/wp\/v2\/media?parent=92972"}],"wp:term":[{"taxonomy":"category","embeddable":true,"href":"https:\/\/conversesacatalunya.cat\/es\/wp-json\/wp\/v2\/categories?post=92972"},{"taxonomy":"post_tag","embeddable":true,"href":"https:\/\/conversesacatalunya.cat\/es\/wp-json\/wp\/v2\/tags?post=92972"}],"curies":[{"name":"wp","href":"https:\/\/api.w.org\/{rel}","templated":true}]}}