{"id":92923,"date":"2025-10-17T11:19:10","date_gmt":"2025-10-17T09:19:10","guid":{"rendered":"https:\/\/conversesacatalunya.cat\/?p=92923"},"modified":"2025-10-22T12:36:21","modified_gmt":"2025-10-22T10:36:21","slug":"cataluna-lectura-del-declive-y-la-creatividad-civilizatoria","status":"publish","type":"post","link":"https:\/\/conversesacatalunya.cat\/es\/cataluna-lectura-del-declive-y-la-creatividad-civilizatoria\/","title":{"rendered":"Consideraci\u00f3n de Catalu\u00f1a (9) Una lectura del declive y la creatividad civilizatoria"},"content":{"rendered":"<p>Este art\u00edculo <strong>aplica el modelo hist\u00f3rico-filos\u00f3fico de Arnold J. Toynbee sobre el desarrollo y colapso de las civilizaciones al caso de Catalu\u00f1a.<\/strong> Se plantea que la historia moderna catalana puede leerse como una secuencia de desaf\u00edos y respuestas: desde la decadencia posterior al siglo XVI hasta la recuperaci\u00f3n cultural de la <em>Renaixen\u00e7a<\/em> y el posterior estancamiento en el siglo XXI.<\/p>\n<p>El estudio integra las teor\u00edas contempor\u00e1neas del colapso (Tainter, Diamond, Green, Bardi, Kemp) para examinar si la actual crisis catalana responde a un agotamiento del impulso creador o a una carencia de est\u00edmulos significativos.<\/p>\n<p>El pensamiento de <a href=\"https:\/\/es.wikipedia.org\/wiki\/Arnold_J._Toynbee\" target=\"_blank\" rel=\"noopener\"><strong>Arnold J. Toynbee<\/strong><\/a>, desarrollado en su obra monumental <strong><em>A Study of History<\/em><\/strong> (1934\u20131961), propone un esquema de interpretaci\u00f3n de las civilizaciones fundado en la din\u00e1mica entre <strong>desaf\u00edo y respuesta<\/strong>. Las sociedades no progresan por inercia, sino mediante la acci\u00f3n de una <strong>minor\u00eda creadora<\/strong> capaz de responder con innovaci\u00f3n a los retos de su entorno. Cuando dicha minor\u00eda pierde su vitalidad y se convierte en una minor\u00eda dominante, la civilizaci\u00f3n entra en decadencia.<\/p>\n<p>Aunque Toynbee pensaba en civilizaciones de gran escala, su marco te\u00f3rico puede aplicarse a comunidades hist\u00f3ricas menores que poseen conciencia cultural, lengua y proyecto propio. En este sentido, <strong>Catalu\u00f1a ofrece un ejemplo privilegiado de c\u00f3mo una colectividad puede experimentar fases alternas<\/strong> de desintegraci\u00f3n, renacimiento y agotamiento, articuladas por la tensi\u00f3n entre est\u00edmulo y respuesta.<\/p>\n<p>Para Toynbee, el desarrollo de las civilizaciones depende de su <strong>capacidad de generar respuestas creativas<\/strong> ante desaf\u00edos que pueden ser naturales, sociales o espirituales. El progreso surge cuando el est\u00edmulo es proporcional a la capacidad de reacci\u00f3n; un desaf\u00edo demasiado d\u00e9bil no provoca crecimiento, y uno excesivo puede resultar destructivo.<\/p>\n<p>En este proceso interviene la <strong>minor\u00eda creadora<\/strong>, conjunto de individuos que encarnan <strong>la energ\u00eda espiritual y moral del grupo.<\/strong> La decadencia comienza cuando esta minor\u00eda degenera en <strong>minor\u00eda dominante<\/strong>, extractiva para utilizar este otro t\u00e9rmino, que impone por el poder \u00a0lo que antes inspiraba por el ejemplo. En ese punto, la civilizaci\u00f3n no muere por agresi\u00f3n externa, sino por <strong>agotamiento interno<\/strong>: \u201cLas civilizaciones no son asesinadas, se suicidan\u201d (Toynbee, 1946, p. 253).<\/p>\n<p>El concepto de minor\u00eda extractiva, que en nuestro caso se alimentar\u00eda de la partitocracia, \u00e9lites econ\u00f3micas y medi\u00e1ticas, est\u00e1 extendida en la literatura econ\u00f3mica, y con autores y obras de prestigio. Es el caso de <strong>Daron Acemoglu y James A. Robinson<\/strong>, ellos son los principales te\u00f3ricos de las \u201cinstituciones extractivas\u201d, que est\u00e1n controladas por \u00e9lites reducidas que concentran el poder pol\u00edtico y econ\u00f3mico.<\/p>\n<p>Estas \u00e9lites controlan las reglas del juego econ\u00f3mico y pol\u00edtico, bloquean la innovaci\u00f3n y la competencia y buscan mantener su posici\u00f3n privilegiada, aunque eso frene el crecimiento del pa\u00eds.<\/p>\n<p>Otro Nobel de econom\u00eda como <strong>Douglass North<\/strong> analiza c\u00f3mo las instituciones moldean los incentivos econ\u00f3micos. Aunque no usa la expresi\u00f3n exacta, describe situaciones donde una \u00e9lite pol\u00edtica o econ\u00f3mica minoritaria crea instituciones para extraer rentas de la mayor\u00eda. Esto genera \u201crentas monop\u00f3licas\u201d y frena el cambio institucional, manteniendo un orden desigual.<\/p>\n<p>Un tercero a se\u00f1alar de notable inter\u00e9s es<strong> Mancur Olson<\/strong>, que introduce la idea del \u201cbandido estacionario\u201d, una minor\u00eda gobernante que extrae recursos (impuestos, rentas, monopolios) de la mayor\u00eda, pero que tambi\u00e9n tiene incentivos para mantener cierto orden y estabilidad.<\/p>\n<p>Es una minor\u00eda extractiva racional, interesada en maximizar su extracci\u00f3n a largo plazo sin destruir completamente la econom\u00eda.<\/p>\n<h4><strong>El largo desaf\u00edo: decadencia catalana (siglos XVI\u2013XVIII)<\/strong><\/h4>\n<p>Tras la uni\u00f3n din\u00e1stica y el desplazamiento del poder peninsular hacia Castilla, Catalu\u00f1a experiment\u00f3 lo que podr\u00eda llamarse un <strong>per\u00edodo de desintegraci\u00f3n parcial<\/strong>. La p\u00e9rdida del comercio mediterr\u00e1neo, la debilidad demogr\u00e1fica y la castellanizaci\u00f3n de las \u00e9lites produjeron una <strong>ruptura cultural y econ\u00f3mica<\/strong>.<\/p>\n<p>Toynbee interpretar\u00eda esta fase como la sustituci\u00f3n de la <strong>minor\u00eda creadora<\/strong> por una <strong>minor\u00eda imitadora<\/strong>, incapaz de ofrecer respuestas originales al nuevo contexto hisp\u00e1nico y atl\u00e1ntico. Catalu\u00f1a, subordinada culturalmente, se adapt\u00f3 m\u00e1s por mimetismo que por invenci\u00f3n, y entr\u00f3 en una fase de letargo hist\u00f3rico.<\/p>\n<h4><strong>El siglo XIX: la Renaixen\u00e7a<\/strong><\/h4>\n<p>En el siglo XIX emerge una aut\u00e9ntica <strong>respuesta toynbeana<\/strong>: la <em>Renaixen\u00e7a<\/em> cultural y literaria. Este movimiento no se limita al terreno de las letras, sino que implica una <strong>reconstrucci\u00f3n espiritual y nacional<\/strong> del pa\u00eds.<\/p>\n<p>La recuperaci\u00f3n del catal\u00e1n como lengua literaria, el resurgimiento del inter\u00e9s por la historia y las instituciones propias, y la vinculaci\u00f3n con un modelo econ\u00f3mico proteccionista e industrial, conforman una <strong>nueva s\u00edntesis cultural<\/strong>.<\/p>\n<p>Desde la \u00f3ptica de Toynbee, la <em>Renaixen\u00e7a<\/em> constituye el momento en que una sociedad convierte la adversidad en est\u00edmulo: la conciencia de p\u00e9rdida se transforma en creatividad. El desaf\u00edo de la subordinaci\u00f3n cultural se supera mediante una <strong>reinvenci\u00f3n simb\u00f3lica<\/strong> de la identidad colectiva.<\/p>\n<h4><strong>El siglo XX: modernidad, expansi\u00f3n y agotamiento<\/strong><\/h4>\n<p>Durante el siglo XX, Catalu\u00f1a conoci\u00f3 fases de expansi\u00f3n (industrializaci\u00f3n, <em>noucentisme<\/em>, Mancomunitat, Generalitat republicana) y de represi\u00f3n (dictaduras). En los a\u00f1os de la Transici\u00f3n democr\u00e1tica, la recuperaci\u00f3n del autogobierno y de la lengua en la educaci\u00f3n consolid\u00f3 una estructura cultural s\u00f3lida.<\/p>\n<p>Sin embargo, a partir de las \u00faltimas d\u00e9cadas del siglo XX, esa energ\u00eda creadora parece transformarse en <strong>gesti\u00f3n institucionalizada<\/strong>. El impulso espiritual se sustituye por <strong>administraci\u00f3n del legado<\/strong>, fen\u00f3meno que Toynbee (1954) describi\u00f3 como caracter\u00edstico de las sociedades en fase de estancamiento: las formas sobreviven, pero el alma se apaga.<\/p>\n<p>La minor\u00eda creadora se ha convertido en <strong>minor\u00eda administradora<\/strong>, que en nuestro caso adem\u00e1s de poco inspiradora ni tan siquiera es \u00a0eficiente<\/p>\n<h4><strong>El siglo XXI: crisis de est\u00edmulo y fatiga cultural<\/strong><\/h4>\n<p>En la tercera d\u00e9cada del siglo XXI, Catalu\u00f1a muestra signos de <strong>debilitamiento del impulso cultural y pol\u00edtico<\/strong>:<\/p>\n<ul>\n<li>Descenso del uso social del catal\u00e1n, especialmente en \u00e1mbitos urbanos y digitales<\/li>\n<li>Desgaste de legitimidad de las \u00e9lites pol\u00edticas y fragmentaci\u00f3n del proyecto nacional.<\/li>\n<li>P\u00e9rdida de dinamismo econ\u00f3mico y demogr\u00e1fico.<\/li>\n<\/ul>\n<p>Desde una lectura toynbeana, estos s\u00edntomas revelan una <strong>falta de desaf\u00edo inspirador<\/strong>. Los conflictos con el Estado espa\u00f1ol, que en otros momentos funcionaron como motor de renovaci\u00f3n, se han convertido en <strong>est\u00edmulos repetitivos<\/strong> sin poder creativo.<\/p>\n<p>La sociedad catalana se halla en una fase de <strong>entrop\u00eda cultural<\/strong>, donde la energ\u00eda simb\u00f3lica se dispersa y la confianza colectiva disminuye. No hay, hoy por hoy, una <strong>minor\u00eda creadora<\/strong> capaz de formular una respuesta cultural integradora a los desaf\u00edos globales \u2014digitales, ling\u00fc\u00edsticos, econ\u00f3micos\u2014 que enfrenta el pa\u00eds.<\/p>\n<h4><strong>Lecturas complementarias desde la teor\u00eda contempor\u00e1nea del colapso<\/strong><\/h4>\n<p>Las teor\u00edas actuales sobre el colapso de las sociedades refuerzan y actualizan la intuici\u00f3n de Toynbee:<\/p>\n<ul>\n<li>Seg\u00fan <strong>Tainter<\/strong> (1988), las sociedades colapsan cuando los <strong>rendimientos decrecientes de la complejidad<\/strong> vuelven insostenible su estructura. Catalu\u00f1a podr\u00eda experimentar un fen\u00f3meno similar: un sistema institucional y cultural costoso que genera cada vez menos cohesi\u00f3n y creatividad.<\/li>\n<li>Para <strong>Diamond<\/strong> (2005), la clave est\u00e1 en la <strong>adaptaci\u00f3n ambiental y cultural<\/strong>. Catalu\u00f1a afronta un entorno global cambiante \u2014digitalizaci\u00f3n, migraciones, homogeneizaci\u00f3n cultural\u2014 sin haber hallado a\u00fan una respuesta de fondo.<\/li>\n<li><strong>Greer<\/strong> (2008) y <strong>Bardi<\/strong> (2017) interpretan los declives como procesos de <strong>autoconsumo energ\u00e9tico<\/strong>: las sociedades consumen su propio capital material y simb\u00f3lico. Catalu\u00f1a, en este sentido, puede estar viviendo de su herencia cultural sin renovarla.<\/li>\n<li>Finalmente, <strong>Kemp<\/strong> (2025) subraya que los colapsos recientes derivan de la <strong>p\u00e9rdida de legitimidad de las \u00e9lites<\/strong> y de la <strong>polarizaci\u00f3n social<\/strong>; elementos que tambi\u00e9n describen la situaci\u00f3n pol\u00edtica catalana actual.<\/li>\n<\/ul>\n<p>En conjunto, estos marcos confirman que el colapso no siempre es material: puede manifestarse como <strong>crisis de sentido<\/strong> y <strong>agotamiento simb\u00f3lico<\/strong>, tal como Toynbee lo hab\u00eda anticipado en su lenguaje espiritual.<\/p>\n<p>Catalu\u00f1a no se enfrenta hoy a un colapso en el sentido material o institucional, sino a una <strong>crisis de est\u00edmulo<\/strong>.<\/p>\n<p>El motor cultural y moral que impuls\u00f3 la <em>Renaixen\u00e7a<\/em> se ha debilitado, y no ha surgido un nuevo desaf\u00edo capaz de movilizar la creatividad colectiva. En los t\u00e9rminos de Toynbee, la civilizaci\u00f3n catalana atraviesa una fase en la que su minor\u00eda dirigente ha perdido la capacidad de <strong>proponer una visi\u00f3n inspiradora<\/strong>, y la sociedad, en consecuencia, tiende al estancamiento.<\/p>\n<p>El futuro depender\u00e1 de si aparece una <strong>nueva minor\u00eda creadora<\/strong> capaz de reinterpretar los desaf\u00edos contempor\u00e1neos \u2014globalizaci\u00f3n, pluralidad, cambio tecnol\u00f3gico\u2014 en clave catalana, sin caer en la nostalgia ni en la mera administraci\u00f3n del pasado.<\/p>\n<p>Mientras tanto, Catalu\u00f1a ilustra con nitidez la tesis de Toynbee: las civilizaciones \u2014o las culturas\u2014 no perecen por falta de poder, sino por <strong>falta de imaginaci\u00f3n moral y espiritual<\/strong> para responder a los desaf\u00edos que ellas mismas producen.<\/p>\n<p><strong><a href=\"https:\/\/conversesacatalunya.cat\/es\/urgente-y-necesario-el-resurgimiento-de-cataluna\/\" target=\"_blank\" rel=\"noopener\">https:\/\/conversesacatalunya.cat\/es\/urgente-y-necesario-el-resurgimiento-de-cataluna\/<\/a><\/strong><\/p>\n<span class='bctt-click-to-tweet'><span class='bctt-ctt-text'><a href='https:\/\/twitter.com\/intent\/tweet?url=https%3A%2F%2Fconversesacatalunya.cat%2Fes%2Fcataluna-lectura-del-declive-y-la-creatividad-civilizatoria%2F&#038;text=La%20Renaixen%C3%A7a%20fue%20la%20gran%20respuesta%20creadora%20catalana%20ante%20la%20decadencia.%20%C2%BFD%C3%B3nde%20est%C3%A1%20esa%20energ%C3%ADa%20hoy%3F%20%23IdentidadCatalana&#038;via=conversesacat&#038;related=conversesacat' target='_blank'rel=\"noopener noreferrer\">La Renaixen\u00e7a fue la gran respuesta creadora catalana ante la decadencia. \u00bfD\u00f3nde est\u00e1 esa energ\u00eda hoy? #IdentidadCatalana <\/a><\/span><a href='https:\/\/twitter.com\/intent\/tweet?url=https%3A%2F%2Fconversesacatalunya.cat%2Fes%2Fcataluna-lectura-del-declive-y-la-creatividad-civilizatoria%2F&#038;text=La%20Renaixen%C3%A7a%20fue%20la%20gran%20respuesta%20creadora%20catalana%20ante%20la%20decadencia.%20%C2%BFD%C3%B3nde%20est%C3%A1%20esa%20energ%C3%ADa%20hoy%3F%20%23IdentidadCatalana&#038;via=conversesacat&#038;related=conversesacat' target='_blank' class='bctt-ctt-btn'rel=\"noopener noreferrer\">Compartir en X<\/a><\/span>\n<div id=\"polls-300\" class=\"wp-polls\">\n\t<form id=\"polls_form_300\" class=\"wp-polls-form\" action=\"\/index.php\" method=\"post\">\n\t\t<p style=\"display: none;\"><input type=\"hidden\" id=\"poll_300_nonce\" name=\"wp-polls-nonce\" value=\"ce4cfaa696\" \/><\/p>\n\t\t<p style=\"display: none;\"><input type=\"hidden\" name=\"poll_id\" value=\"300\" \/><\/p>\n\t\t<p style=\"text-align: center\"><strong>Creus que S\u00e1nchez convocar\u00e0 eleccions anticipades si per tercer any consecutiu es queda sense pressupostos?<\/strong><\/p><div id=\"polls-300-ans\" class=\"wp-polls-ans\"><ul class=\"wp-polls-ul\">\n\t\t<li><input type=\"radio\" id=\"poll-answer-857\" name=\"poll_300\" value=\"857\" \/> <label for=\"poll-answer-857\">S\u00ed<\/label><\/li>\n\t\t<li><input type=\"radio\" id=\"poll-answer-858\" name=\"poll_300\" value=\"858\" \/> <label for=\"poll-answer-858\">No<\/label><\/li>\n\t\t<li><input type=\"radio\" id=\"poll-answer-859\" name=\"poll_300\" value=\"859\" \/> <label for=\"poll-answer-859\">No ho s\u00e9<\/label><\/li>\n\t\t<\/ul><p style=\"text-align: center\"><input type=\"button\" name=\"vote\" value=\"   Vota   \" class=\"Buttons\" onclick=\"poll_vote(300);\" \/><\/p><p style=\"text-align: center\"><a href=\"#ViewPollResults\" onclick=\"poll_result(300); return false;\" title=\"View Results Of This Poll\">Mira els resultats<\/a><\/p><\/div>\n\t<\/form>\n<\/div>\n<div id=\"polls-300-loading\" class=\"wp-polls-loading\"><img decoding=\"async\" data-src=\"https:\/\/conversesacatalunya.cat\/wp-content\/plugins\/wp-polls\/images\/loading.gif\" width=\"16\" height=\"16\" alt=\"Cargando ...\" title=\"Cargando ...\" class=\"wp-polls-image lazyload\" src=\"data:image\/svg+xml;base64,PHN2ZyB3aWR0aD0iMSIgaGVpZ2h0PSIxIiB4bWxucz0iaHR0cDovL3d3dy53My5vcmcvMjAwMC9zdmciPjwvc3ZnPg==\" style=\"--smush-placeholder-width: 16px; --smush-placeholder-aspect-ratio: 16\/16;\" \/>&nbsp;Cargando ...<\/div>\n\n","protected":false},"excerpt":{"rendered":"<p>Este art\u00edculo aplica el modelo hist\u00f3rico-filos\u00f3fico de Arnold J. Toynbee sobre el desarrollo y colapso de las civilizaciones al caso de Catalu\u00f1a. Se plantea que la historia moderna catalana puede leerse como una secuencia de desaf\u00edos y respuestas: desde la decadencia posterior al siglo XVI hasta la recuperaci\u00f3n cultural de la Renaixen\u00e7a y el posterior estancamiento en el siglo XXI. El estudio integra las teor\u00edas contempor\u00e1neas del colapso (Tainter, Diamond, Green, Bardi, Kemp) para examinar si la actual crisis catalana responde a un agotamiento del impulso creador o a una carencia de est\u00edmulos significativos. El pensamiento de Arnold J. Toynbee, desarrollado en su obra monumental A Study of History (1934\u20131961), propone un esquema de interpretaci\u00f3n de las civilizaciones fundado en la din\u00e1mica entre desaf\u00edo y respuesta. Las sociedades no progresan por inercia, sino mediante la acci\u00f3n de una minor\u00eda creadora capaz de responder con innovaci\u00f3n a los retos de su entorno. Cuando dicha minor\u00eda pierde su vitalidad y se convierte en una minor\u00eda dominante, la civilizaci\u00f3n entra en decadencia. Aunque Toynbee pensaba en civilizaciones de gran escala, su marco te\u00f3rico puede aplicarse a comunidades hist\u00f3ricas menores que poseen conciencia cultural, lengua y proyecto propio. En este sentido, Catalu\u00f1a ofrece un ejemplo privilegiado de c\u00f3mo una colectividad puede experimentar fases alternas de desintegraci\u00f3n, renacimiento y agotamiento, articuladas por la tensi\u00f3n entre est\u00edmulo y respuesta. Para Toynbee, el desarrollo de las civilizaciones depende de su capacidad de generar respuestas creativas ante desaf\u00edos que pueden ser naturales, sociales o espirituales. El progreso surge cuando el est\u00edmulo es proporcional a la capacidad de reacci\u00f3n; un desaf\u00edo demasiado d\u00e9bil no provoca crecimiento, y uno excesivo puede resultar destructivo. En este proceso interviene la minor\u00eda creadora, conjunto de individuos que encarnan la energ\u00eda espiritual y moral del grupo. La decadencia comienza cuando esta minor\u00eda degenera en minor\u00eda dominante, extractiva para utilizar este otro t\u00e9rmino, que impone por el poder \u00a0lo que antes inspiraba por el ejemplo. En ese punto, la civilizaci\u00f3n no muere por agresi\u00f3n externa, sino por agotamiento interno: \u201cLas civilizaciones no son asesinadas, se suicidan\u201d (Toynbee, 1946, p. 253). El concepto de minor\u00eda extractiva, que en nuestro caso se alimentar\u00eda de la partitocracia, \u00e9lites econ\u00f3micas y medi\u00e1ticas, est\u00e1 extendida en la literatura econ\u00f3mica, y con autores y obras de prestigio. Es el caso de Daron Acemoglu y James A. Robinson, ellos son los principales te\u00f3ricos de las \u201cinstituciones extractivas\u201d, que est\u00e1n controladas por \u00e9lites reducidas que concentran el poder pol\u00edtico y econ\u00f3mico. Estas \u00e9lites controlan las reglas del juego econ\u00f3mico y pol\u00edtico, bloquean la innovaci\u00f3n y la competencia y buscan mantener su posici\u00f3n privilegiada, aunque eso frene el crecimiento del pa\u00eds. Otro Nobel de econom\u00eda como Douglass North analiza c\u00f3mo las instituciones moldean los incentivos econ\u00f3micos. Aunque no usa la expresi\u00f3n exacta, describe situaciones donde una \u00e9lite pol\u00edtica o econ\u00f3mica minoritaria crea instituciones para extraer rentas de la mayor\u00eda. Esto genera \u201crentas monop\u00f3licas\u201d y frena el cambio institucional, manteniendo un orden desigual. Un tercero a se\u00f1alar de notable inter\u00e9s es Mancur Olson, que introduce la idea del \u201cbandido estacionario\u201d, una minor\u00eda gobernante que extrae recursos (impuestos, rentas, monopolios) de la mayor\u00eda, pero que tambi\u00e9n tiene incentivos para mantener cierto orden y estabilidad. Es una minor\u00eda extractiva racional, interesada en maximizar su extracci\u00f3n a largo plazo sin destruir completamente la econom\u00eda. El largo desaf\u00edo: decadencia catalana (siglos XVI\u2013XVIII) Tras la uni\u00f3n din\u00e1stica y el desplazamiento del poder peninsular hacia Castilla, Catalu\u00f1a experiment\u00f3 lo que podr\u00eda llamarse un per\u00edodo de desintegraci\u00f3n parcial. La p\u00e9rdida del comercio mediterr\u00e1neo, la debilidad demogr\u00e1fica y la castellanizaci\u00f3n de las \u00e9lites produjeron una ruptura cultural y econ\u00f3mica. Toynbee interpretar\u00eda esta fase como la sustituci\u00f3n de la minor\u00eda creadora por una minor\u00eda imitadora, incapaz de ofrecer respuestas originales al nuevo contexto hisp\u00e1nico y atl\u00e1ntico. Catalu\u00f1a, subordinada culturalmente, se adapt\u00f3 m\u00e1s por mimetismo que por invenci\u00f3n, y entr\u00f3 en una fase de letargo hist\u00f3rico. El siglo XIX: la Renaixen\u00e7a En el siglo XIX emerge una aut\u00e9ntica respuesta toynbeana: la Renaixen\u00e7a cultural y literaria. Este movimiento no se limita al terreno de las letras, sino que implica una reconstrucci\u00f3n espiritual y nacional del pa\u00eds. La recuperaci\u00f3n del catal\u00e1n como lengua literaria, el resurgimiento del inter\u00e9s por la historia y las instituciones propias, y la vinculaci\u00f3n con un modelo econ\u00f3mico proteccionista e industrial, conforman una nueva s\u00edntesis cultural. Desde la \u00f3ptica de Toynbee, la Renaixen\u00e7a constituye el momento en que una sociedad convierte la adversidad en est\u00edmulo: la conciencia de p\u00e9rdida se transforma en creatividad. El desaf\u00edo de la subordinaci\u00f3n cultural se supera mediante una reinvenci\u00f3n simb\u00f3lica de la identidad colectiva. El siglo XX: modernidad, expansi\u00f3n y agotamiento Durante el siglo XX, Catalu\u00f1a conoci\u00f3 fases de expansi\u00f3n (industrializaci\u00f3n, noucentisme, Mancomunitat, Generalitat republicana) y de represi\u00f3n (dictaduras). En los a\u00f1os de la Transici\u00f3n democr\u00e1tica, la recuperaci\u00f3n del autogobierno y de la lengua en la educaci\u00f3n consolid\u00f3 una estructura cultural s\u00f3lida. Sin embargo, a partir de las \u00faltimas d\u00e9cadas del siglo XX, esa energ\u00eda creadora parece transformarse en gesti\u00f3n institucionalizada. El impulso espiritual se sustituye por administraci\u00f3n del legado, fen\u00f3meno que Toynbee (1954) describi\u00f3 como caracter\u00edstico de las sociedades en fase de estancamiento: las formas sobreviven, pero el alma se apaga. La minor\u00eda creadora se ha convertido en minor\u00eda administradora, que en nuestro caso adem\u00e1s de poco inspiradora ni tan siquiera es \u00a0eficiente El siglo XXI: crisis de est\u00edmulo y fatiga cultural En la tercera d\u00e9cada del siglo XXI, Catalu\u00f1a muestra signos de debilitamiento del impulso cultural y pol\u00edtico: Descenso del uso social del catal\u00e1n, especialmente en \u00e1mbitos urbanos y digitales Desgaste de legitimidad de las \u00e9lites pol\u00edticas y fragmentaci\u00f3n del proyecto nacional. P\u00e9rdida de dinamismo econ\u00f3mico y demogr\u00e1fico. Desde una lectura toynbeana, estos s\u00edntomas revelan una falta de desaf\u00edo inspirador. Los conflictos con el Estado espa\u00f1ol, que en otros momentos funcionaron como motor de renovaci\u00f3n, se han convertido en est\u00edmulos repetitivos sin poder creativo. La sociedad catalana se halla en una fase de entrop\u00eda cultural, donde la energ\u00eda simb\u00f3lica se dispersa y la confianza colectiva disminuye. No hay, hoy por hoy, una minor\u00eda creadora capaz&#8230;<\/p>\n","protected":false},"author":19,"featured_media":92928,"comment_status":"open","ping_status":"open","sticky":false,"template":"","format":"standard","meta":{"_FSMCFIC_featured_image_caption":"","_FSMCFIC_featured_image_nocaption":"","_FSMCFIC_featured_image_hide":"","footnotes":""},"categories":[796,806],"tags":[5402],"class_list":["post-92923","post","type-post","status-publish","format-standard","has-post-thumbnail","hentry","category-el-blog-de-josep-miro-i-ardevol-es","category-punts-claus-del-dia-es","tag-consideracion-de-cataluna"],"yoast_head":"<!-- This site is optimized with the Yoast SEO plugin v26.8 - https:\/\/yoast.com\/product\/yoast-seo-wordpress\/ -->\n<title>Consideraci\u00f3n de Catalu\u00f1a (9) Una lectura del declive y la creatividad civilizatoria - Converses a Catalunya<\/title>\n<meta name=\"description\" content=\"An\u00e1lisis del pensamiento de Toynbee aplicado a la historia de Catalu\u00f1a: de la Renaixen\u00e7a al siglo XXI y su actual crisis cultural\" \/>\n<meta name=\"robots\" content=\"index, follow, max-snippet:-1, max-image-preview:large, max-video-preview:-1\" \/>\n<link rel=\"canonical\" href=\"https:\/\/conversesacatalunya.cat\/es\/cataluna-lectura-del-declive-y-la-creatividad-civilizatoria\/\" \/>\n<meta property=\"og:locale\" content=\"es_ES\" \/>\n<meta property=\"og:type\" content=\"article\" \/>\n<meta property=\"og:title\" content=\"Consideraci\u00f3n de Catalu\u00f1a (9) Una lectura del declive y la creatividad civilizatoria - Converses a Catalunya\" \/>\n<meta property=\"og:description\" content=\"An\u00e1lisis del pensamiento de Toynbee aplicado a la historia de Catalu\u00f1a: de la Renaixen\u00e7a al siglo XXI y su actual crisis cultural\" \/>\n<meta property=\"og:url\" content=\"https:\/\/conversesacatalunya.cat\/es\/cataluna-lectura-del-declive-y-la-creatividad-civilizatoria\/\" \/>\n<meta property=\"og:site_name\" content=\"Converses a Catalunya\" \/>\n<meta property=\"article:published_time\" content=\"2025-10-17T09:19:10+00:00\" \/>\n<meta property=\"article:modified_time\" content=\"2025-10-22T10:36:21+00:00\" \/>\n<meta property=\"og:image\" content=\"https:\/\/conversesacatalunya.cat\/wp-content\/uploads\/2025\/10\/Toynbee.jpg\" \/>\n\t<meta property=\"og:image:width\" content=\"369\" \/>\n\t<meta property=\"og:image:height\" content=\"500\" \/>\n\t<meta property=\"og:image:type\" content=\"image\/jpeg\" \/>\n<meta name=\"author\" content=\"Josep Mir\u00f3 i Ard\u00e8vol\" \/>\n<meta name=\"twitter:card\" content=\"summary_large_image\" \/>\n<meta name=\"twitter:label1\" content=\"Escrito por\" \/>\n\t<meta name=\"twitter:data1\" content=\"Josep Mir\u00f3 i Ard\u00e8vol\" \/>\n\t<meta name=\"twitter:label2\" content=\"Tiempo de lectura\" \/>\n\t<meta name=\"twitter:data2\" content=\"8 minutos\" \/>\n<script type=\"application\/ld+json\" class=\"yoast-schema-graph\">{\"@context\":\"https:\/\/schema.org\",\"@graph\":[{\"@type\":\"Article\",\"@id\":\"https:\/\/conversesacatalunya.cat\/es\/cataluna-lectura-del-declive-y-la-creatividad-civilizatoria\/#article\",\"isPartOf\":{\"@id\":\"https:\/\/conversesacatalunya.cat\/es\/cataluna-lectura-del-declive-y-la-creatividad-civilizatoria\/\"},\"author\":{\"name\":\"Josep Mir\u00f3 i Ard\u00e8vol\",\"@id\":\"https:\/\/conversesacatalunya.cat\/#\/schema\/person\/a9598a6786ba7d3d1c5e0de477b79370\"},\"headline\":\"Consideraci\u00f3n de Catalu\u00f1a (9) Una lectura del declive y la creatividad civilizatoria\",\"datePublished\":\"2025-10-17T09:19:10+00:00\",\"dateModified\":\"2025-10-22T10:36:21+00:00\",\"mainEntityOfPage\":{\"@id\":\"https:\/\/conversesacatalunya.cat\/es\/cataluna-lectura-del-declive-y-la-creatividad-civilizatoria\/\"},\"wordCount\":1584,\"commentCount\":0,\"image\":{\"@id\":\"https:\/\/conversesacatalunya.cat\/es\/cataluna-lectura-del-declive-y-la-creatividad-civilizatoria\/#primaryimage\"},\"thumbnailUrl\":\"https:\/\/conversesacatalunya.cat\/wp-content\/uploads\/2025\/10\/Toynbee.jpg\",\"keywords\":[\"Consideraci\u00f3n de Catalu\u00f1a\"],\"articleSection\":[\"El Blog de Josep Mir\u00f3 i Ard\u00e8vol (ES)\",\"Punts clau del dia (ES)\"],\"inLanguage\":\"es\",\"potentialAction\":[{\"@type\":\"CommentAction\",\"name\":\"Comment\",\"target\":[\"https:\/\/conversesacatalunya.cat\/es\/cataluna-lectura-del-declive-y-la-creatividad-civilizatoria\/#respond\"]}]},{\"@type\":\"WebPage\",\"@id\":\"https:\/\/conversesacatalunya.cat\/es\/cataluna-lectura-del-declive-y-la-creatividad-civilizatoria\/\",\"url\":\"https:\/\/conversesacatalunya.cat\/es\/cataluna-lectura-del-declive-y-la-creatividad-civilizatoria\/\",\"name\":\"Consideraci\u00f3n de Catalu\u00f1a (9) Una lectura del declive y la creatividad civilizatoria - Converses a Catalunya\",\"isPartOf\":{\"@id\":\"https:\/\/conversesacatalunya.cat\/#website\"},\"primaryImageOfPage\":{\"@id\":\"https:\/\/conversesacatalunya.cat\/es\/cataluna-lectura-del-declive-y-la-creatividad-civilizatoria\/#primaryimage\"},\"image\":{\"@id\":\"https:\/\/conversesacatalunya.cat\/es\/cataluna-lectura-del-declive-y-la-creatividad-civilizatoria\/#primaryimage\"},\"thumbnailUrl\":\"https:\/\/conversesacatalunya.cat\/wp-content\/uploads\/2025\/10\/Toynbee.jpg\",\"datePublished\":\"2025-10-17T09:19:10+00:00\",\"dateModified\":\"2025-10-22T10:36:21+00:00\",\"author\":{\"@id\":\"https:\/\/conversesacatalunya.cat\/#\/schema\/person\/a9598a6786ba7d3d1c5e0de477b79370\"},\"description\":\"An\u00e1lisis del pensamiento de Toynbee aplicado a la historia de Catalu\u00f1a: de la Renaixen\u00e7a al siglo XXI y su actual crisis cultural\",\"breadcrumb\":{\"@id\":\"https:\/\/conversesacatalunya.cat\/es\/cataluna-lectura-del-declive-y-la-creatividad-civilizatoria\/#breadcrumb\"},\"inLanguage\":\"es\",\"potentialAction\":[{\"@type\":\"ReadAction\",\"target\":[\"https:\/\/conversesacatalunya.cat\/es\/cataluna-lectura-del-declive-y-la-creatividad-civilizatoria\/\"]}]},{\"@type\":\"ImageObject\",\"inLanguage\":\"es\",\"@id\":\"https:\/\/conversesacatalunya.cat\/es\/cataluna-lectura-del-declive-y-la-creatividad-civilizatoria\/#primaryimage\",\"url\":\"https:\/\/conversesacatalunya.cat\/wp-content\/uploads\/2025\/10\/Toynbee.jpg\",\"contentUrl\":\"https:\/\/conversesacatalunya.cat\/wp-content\/uploads\/2025\/10\/Toynbee.jpg\",\"width\":369,\"height\":500,\"caption\":\"Toynbee Catalu\u00f1a\"},{\"@type\":\"BreadcrumbList\",\"@id\":\"https:\/\/conversesacatalunya.cat\/es\/cataluna-lectura-del-declive-y-la-creatividad-civilizatoria\/#breadcrumb\",\"itemListElement\":[{\"@type\":\"ListItem\",\"position\":1,\"name\":\"Inici\",\"item\":\"https:\/\/conversesacatalunya.cat\/es\/\"},{\"@type\":\"ListItem\",\"position\":2,\"name\":\"Consideraci\u00f3n de Catalu\u00f1a (9) Una lectura del declive y la creatividad civilizatoria\"}]},{\"@type\":\"WebSite\",\"@id\":\"https:\/\/conversesacatalunya.cat\/#website\",\"url\":\"https:\/\/conversesacatalunya.cat\/\",\"name\":\"Converses a Catalunya\",\"description\":\"\",\"potentialAction\":[{\"@type\":\"SearchAction\",\"target\":{\"@type\":\"EntryPoint\",\"urlTemplate\":\"https:\/\/conversesacatalunya.cat\/?s={search_term_string}\"},\"query-input\":{\"@type\":\"PropertyValueSpecification\",\"valueRequired\":true,\"valueName\":\"search_term_string\"}}],\"inLanguage\":\"es\"},{\"@type\":\"Person\",\"@id\":\"https:\/\/conversesacatalunya.cat\/#\/schema\/person\/a9598a6786ba7d3d1c5e0de477b79370\",\"name\":\"Josep Mir\u00f3 i Ard\u00e8vol\",\"image\":{\"@type\":\"ImageObject\",\"inLanguage\":\"es\",\"@id\":\"https:\/\/conversesacatalunya.cat\/#\/schema\/person\/image\/\",\"url\":\"https:\/\/conversesacatalunya.cat\/wp-content\/litespeed\/avatar\/c37e3dc881857483d6694cdf98fdedea.jpg?ver=1777270381\",\"contentUrl\":\"https:\/\/conversesacatalunya.cat\/wp-content\/litespeed\/avatar\/c37e3dc881857483d6694cdf98fdedea.jpg?ver=1777270381\",\"caption\":\"Josep Mir\u00f3 i Ard\u00e8vol\"},\"url\":\"https:\/\/conversesacatalunya.cat\/es\/author\/josep-miro-i-ardevol\/\"}]}<\/script>\n<!-- \/ Yoast SEO plugin. -->","yoast_head_json":{"title":"Consideraci\u00f3n de Catalu\u00f1a (9) Una lectura del declive y la creatividad civilizatoria - Converses a Catalunya","description":"An\u00e1lisis del pensamiento de Toynbee aplicado a la historia de Catalu\u00f1a: de la Renaixen\u00e7a al siglo XXI y su actual crisis cultural","robots":{"index":"index","follow":"follow","max-snippet":"max-snippet:-1","max-image-preview":"max-image-preview:large","max-video-preview":"max-video-preview:-1"},"canonical":"https:\/\/conversesacatalunya.cat\/es\/cataluna-lectura-del-declive-y-la-creatividad-civilizatoria\/","og_locale":"es_ES","og_type":"article","og_title":"Consideraci\u00f3n de Catalu\u00f1a (9) Una lectura del declive y la creatividad civilizatoria - Converses a Catalunya","og_description":"An\u00e1lisis del pensamiento de Toynbee aplicado a la historia de Catalu\u00f1a: de la Renaixen\u00e7a al siglo XXI y su actual crisis cultural","og_url":"https:\/\/conversesacatalunya.cat\/es\/cataluna-lectura-del-declive-y-la-creatividad-civilizatoria\/","og_site_name":"Converses a Catalunya","article_published_time":"2025-10-17T09:19:10+00:00","article_modified_time":"2025-10-22T10:36:21+00:00","og_image":[{"width":369,"height":500,"url":"https:\/\/conversesacatalunya.cat\/wp-content\/uploads\/2025\/10\/Toynbee.jpg","type":"image\/jpeg"}],"author":"Josep Mir\u00f3 i Ard\u00e8vol","twitter_card":"summary_large_image","twitter_misc":{"Escrito por":"Josep Mir\u00f3 i Ard\u00e8vol","Tiempo de lectura":"8 minutos"},"schema":{"@context":"https:\/\/schema.org","@graph":[{"@type":"Article","@id":"https:\/\/conversesacatalunya.cat\/es\/cataluna-lectura-del-declive-y-la-creatividad-civilizatoria\/#article","isPartOf":{"@id":"https:\/\/conversesacatalunya.cat\/es\/cataluna-lectura-del-declive-y-la-creatividad-civilizatoria\/"},"author":{"name":"Josep Mir\u00f3 i Ard\u00e8vol","@id":"https:\/\/conversesacatalunya.cat\/#\/schema\/person\/a9598a6786ba7d3d1c5e0de477b79370"},"headline":"Consideraci\u00f3n de Catalu\u00f1a (9) Una lectura del declive y la creatividad civilizatoria","datePublished":"2025-10-17T09:19:10+00:00","dateModified":"2025-10-22T10:36:21+00:00","mainEntityOfPage":{"@id":"https:\/\/conversesacatalunya.cat\/es\/cataluna-lectura-del-declive-y-la-creatividad-civilizatoria\/"},"wordCount":1584,"commentCount":0,"image":{"@id":"https:\/\/conversesacatalunya.cat\/es\/cataluna-lectura-del-declive-y-la-creatividad-civilizatoria\/#primaryimage"},"thumbnailUrl":"https:\/\/conversesacatalunya.cat\/wp-content\/uploads\/2025\/10\/Toynbee.jpg","keywords":["Consideraci\u00f3n de Catalu\u00f1a"],"articleSection":["El Blog de Josep Mir\u00f3 i Ard\u00e8vol (ES)","Punts clau del dia (ES)"],"inLanguage":"es","potentialAction":[{"@type":"CommentAction","name":"Comment","target":["https:\/\/conversesacatalunya.cat\/es\/cataluna-lectura-del-declive-y-la-creatividad-civilizatoria\/#respond"]}]},{"@type":"WebPage","@id":"https:\/\/conversesacatalunya.cat\/es\/cataluna-lectura-del-declive-y-la-creatividad-civilizatoria\/","url":"https:\/\/conversesacatalunya.cat\/es\/cataluna-lectura-del-declive-y-la-creatividad-civilizatoria\/","name":"Consideraci\u00f3n de Catalu\u00f1a (9) Una lectura del declive y la creatividad civilizatoria - Converses a Catalunya","isPartOf":{"@id":"https:\/\/conversesacatalunya.cat\/#website"},"primaryImageOfPage":{"@id":"https:\/\/conversesacatalunya.cat\/es\/cataluna-lectura-del-declive-y-la-creatividad-civilizatoria\/#primaryimage"},"image":{"@id":"https:\/\/conversesacatalunya.cat\/es\/cataluna-lectura-del-declive-y-la-creatividad-civilizatoria\/#primaryimage"},"thumbnailUrl":"https:\/\/conversesacatalunya.cat\/wp-content\/uploads\/2025\/10\/Toynbee.jpg","datePublished":"2025-10-17T09:19:10+00:00","dateModified":"2025-10-22T10:36:21+00:00","author":{"@id":"https:\/\/conversesacatalunya.cat\/#\/schema\/person\/a9598a6786ba7d3d1c5e0de477b79370"},"description":"An\u00e1lisis del pensamiento de Toynbee aplicado a la historia de Catalu\u00f1a: de la Renaixen\u00e7a al siglo XXI y su actual crisis cultural","breadcrumb":{"@id":"https:\/\/conversesacatalunya.cat\/es\/cataluna-lectura-del-declive-y-la-creatividad-civilizatoria\/#breadcrumb"},"inLanguage":"es","potentialAction":[{"@type":"ReadAction","target":["https:\/\/conversesacatalunya.cat\/es\/cataluna-lectura-del-declive-y-la-creatividad-civilizatoria\/"]}]},{"@type":"ImageObject","inLanguage":"es","@id":"https:\/\/conversesacatalunya.cat\/es\/cataluna-lectura-del-declive-y-la-creatividad-civilizatoria\/#primaryimage","url":"https:\/\/conversesacatalunya.cat\/wp-content\/uploads\/2025\/10\/Toynbee.jpg","contentUrl":"https:\/\/conversesacatalunya.cat\/wp-content\/uploads\/2025\/10\/Toynbee.jpg","width":369,"height":500,"caption":"Toynbee Catalu\u00f1a"},{"@type":"BreadcrumbList","@id":"https:\/\/conversesacatalunya.cat\/es\/cataluna-lectura-del-declive-y-la-creatividad-civilizatoria\/#breadcrumb","itemListElement":[{"@type":"ListItem","position":1,"name":"Inici","item":"https:\/\/conversesacatalunya.cat\/es\/"},{"@type":"ListItem","position":2,"name":"Consideraci\u00f3n de Catalu\u00f1a (9) Una lectura del declive y la creatividad civilizatoria"}]},{"@type":"WebSite","@id":"https:\/\/conversesacatalunya.cat\/#website","url":"https:\/\/conversesacatalunya.cat\/","name":"Converses a Catalunya","description":"","potentialAction":[{"@type":"SearchAction","target":{"@type":"EntryPoint","urlTemplate":"https:\/\/conversesacatalunya.cat\/?s={search_term_string}"},"query-input":{"@type":"PropertyValueSpecification","valueRequired":true,"valueName":"search_term_string"}}],"inLanguage":"es"},{"@type":"Person","@id":"https:\/\/conversesacatalunya.cat\/#\/schema\/person\/a9598a6786ba7d3d1c5e0de477b79370","name":"Josep Mir\u00f3 i Ard\u00e8vol","image":{"@type":"ImageObject","inLanguage":"es","@id":"https:\/\/conversesacatalunya.cat\/#\/schema\/person\/image\/","url":"https:\/\/conversesacatalunya.cat\/wp-content\/litespeed\/avatar\/c37e3dc881857483d6694cdf98fdedea.jpg?ver=1777270381","contentUrl":"https:\/\/conversesacatalunya.cat\/wp-content\/litespeed\/avatar\/c37e3dc881857483d6694cdf98fdedea.jpg?ver=1777270381","caption":"Josep Mir\u00f3 i Ard\u00e8vol"},"url":"https:\/\/conversesacatalunya.cat\/es\/author\/josep-miro-i-ardevol\/"}]}},"wps_subtitle":"Este art\u00edculo aplica el modelo hist\u00f3rico-filos\u00f3fico de Arnold J. Toynbee sobre el desarrollo y colapso de las civilizaciones al caso de Catalu\u00f1a.","_links":{"self":[{"href":"https:\/\/conversesacatalunya.cat\/es\/wp-json\/wp\/v2\/posts\/92923","targetHints":{"allow":["GET"]}}],"collection":[{"href":"https:\/\/conversesacatalunya.cat\/es\/wp-json\/wp\/v2\/posts"}],"about":[{"href":"https:\/\/conversesacatalunya.cat\/es\/wp-json\/wp\/v2\/types\/post"}],"author":[{"embeddable":true,"href":"https:\/\/conversesacatalunya.cat\/es\/wp-json\/wp\/v2\/users\/19"}],"replies":[{"embeddable":true,"href":"https:\/\/conversesacatalunya.cat\/es\/wp-json\/wp\/v2\/comments?post=92923"}],"version-history":[{"count":11,"href":"https:\/\/conversesacatalunya.cat\/es\/wp-json\/wp\/v2\/posts\/92923\/revisions"}],"predecessor-version":[{"id":92971,"href":"https:\/\/conversesacatalunya.cat\/es\/wp-json\/wp\/v2\/posts\/92923\/revisions\/92971"}],"wp:featuredmedia":[{"embeddable":true,"href":"https:\/\/conversesacatalunya.cat\/es\/wp-json\/wp\/v2\/media\/92928"}],"wp:attachment":[{"href":"https:\/\/conversesacatalunya.cat\/es\/wp-json\/wp\/v2\/media?parent=92923"}],"wp:term":[{"taxonomy":"category","embeddable":true,"href":"https:\/\/conversesacatalunya.cat\/es\/wp-json\/wp\/v2\/categories?post=92923"},{"taxonomy":"post_tag","embeddable":true,"href":"https:\/\/conversesacatalunya.cat\/es\/wp-json\/wp\/v2\/tags?post=92923"}],"curies":[{"name":"wp","href":"https:\/\/api.w.org\/{rel}","templated":true}]}}