{"id":92871,"date":"2025-10-16T08:20:05","date_gmt":"2025-10-16T06:20:05","guid":{"rendered":"https:\/\/conversesacatalunya.cat\/?p=92871"},"modified":"2025-10-16T08:40:13","modified_gmt":"2025-10-16T06:40:13","slug":"registro-medicos-objetores-aborto-contrario-derechos-fundamentales","status":"publish","type":"post","link":"https:\/\/conversesacatalunya.cat\/es\/registro-medicos-objetores-aborto-contrario-derechos-fundamentales\/","title":{"rendered":"El registro de m\u00e9dicos objetores al aborto es contrario a los derechos fundamentales (I)"},"content":{"rendered":"<p>En Espa\u00f1a se ha abierto un intenso debate jur\u00eddico y \u00e9tico en torno a una cuesti\u00f3n que toca el coraz\u00f3n mismo del Estado de Derecho: la creaci\u00f3n de un <strong>registro nominal de m\u00e9dicos objetores de conciencia al aborto<\/strong>. La <strong>Ley Org\u00e1nica 1\/2023<\/strong>, de 28 de febrero, que reform\u00f3 la legislaci\u00f3n sobre la interrupci\u00f3n voluntaria del embarazo, establece que cada comunidad aut\u00f3noma debe elaborar y mantener un listado de profesionales sanitarios que hayan declarado su objeci\u00f3n.<\/p>\n<p><strong>El argumento oficial suena inofensivo<\/strong>: \u201cmejorar la organizaci\u00f3n de los servicios sanitarios\u201d y garantizar que las mujeres puedan abortar sin obst\u00e1culos. Sin embargo, detr\u00e1s de esa aparente eficiencia administrativa se esconde una medida <strong>profundamente incompatible con los derechos fundamentales<\/strong>, que abre la puerta a la discriminaci\u00f3n, la vulneraci\u00f3n de la intimidad y la estigmatizaci\u00f3n ideol\u00f3gica de los profesionales m\u00e9dicos.<\/p>\n<p>Porque si de verdad el objetivo fuera organizar mejor los servicios, lo l\u00f3gico ser\u00eda hacer \u2014como observan muchos juristas\u2014 <strong>un registro de quienes practican abortos<\/strong>, que representan apenas un 20% del total. La pregunta inc\u00f3moda es inevitable: <strong>\u00bfpor qu\u00e9 el Estado necesita saber qui\u00e9n no lo hace, y no qui\u00e9n s\u00ed?<\/strong><\/p>\n<h3>Libertad ideol\u00f3gica y de conciencia<\/h3>\n<p>El <strong>art\u00edculo 16 de la Constituci\u00f3n Espa\u00f1ola<\/strong> proclama que nadie podr\u00e1 ser obligado a declarar sobre su ideolog\u00eda, religi\u00f3n o creencias. Obligar a un m\u00e9dico a figurar en un registro oficial por negarse a realizar abortos \u2014una decisi\u00f3n que puede tener ra\u00edces \u00e9ticas, morales o religiosas\u2014 equivale, en la pr\u00e1ctica, a <strong>obligarle a confesar sus convicciones<\/strong> ante la Administraci\u00f3n.<\/p>\n<p>Esta exigencia choca frontalmente con los instrumentos internacionales de derechos humanos, como el <strong>art\u00edculo 9 del Convenio Europeo de Derechos Humanos<\/strong> y el <strong>art\u00edculo 18 de la Declaraci\u00f3n Universal de Derechos Humanos<\/strong>, que reconocen la libertad de pensamiento, conciencia y religi\u00f3n.<\/p>\n<p>El principio es claro: en una democracia liberal, el Estado no puede clasificar a los ciudadanos por sus creencias. Hacerlo nos situar\u00eda peligrosamente cerca de pr\u00e1cticas propias de otros tiempos, en los que las convicciones personales se convert\u00edan en materia de control pol\u00edtico.<\/p>\n<h3>El derecho a la intimidad y los datos sensibles<\/h3>\n<p>La objeci\u00f3n de conciencia, por su naturaleza, implica convicciones profundas. Por eso, el <strong>art\u00edculo 18.1 de la Constituci\u00f3n<\/strong> protege el derecho a la intimidad, y el <strong>Reglamento General de Protecci\u00f3n de Datos de la UE (RGPD)<\/strong> considera los datos relativos a creencias \u00e9ticas, religiosas o filos\u00f3ficas como \u201ccategor\u00edas especialmente protegidas\u201d.<\/p>\n<p>Centralizar esta informaci\u00f3n en una base de datos p\u00fablica \u2014aunque se afirme que su uso ser\u00e1 confidencial\u2014 es una <strong>intromisi\u00f3n directa en la vida privada<\/strong>. No hay garant\u00edas suficientes para evitar filtraciones, accesos indebidos o futuros usos pol\u00edticos.<\/p>\n<p>\u00bfQui\u00e9n controla, realmente, el destino de esa informaci\u00f3n? \u00bfPodemos confiar en las autoridades sanitarias para proteger los datos de quienes discrepan moralmente del aborto? La historia reciente ense\u00f1a prudencia. La creaci\u00f3n de ficheros ideol\u00f3gicos siempre ha sido un riesgo latente para las libertades individuales. Incluso sin publicidad, <strong>obligar a declarar la conciencia<\/strong> es ya una forma de vulnerarla.<\/p>\n<h3>Discriminaci\u00f3n y represalias<\/h3>\n<p>Los <strong>colegios m\u00e9dicos<\/strong> han levantado la voz. El <strong>Colegio de M\u00e9dicos de Madrid (ICOMEM)<\/strong> advierte que cualquier mecanismo que pueda derivar en se\u00f1alamiento o presi\u00f3n sobre los objetores es inaceptable.<\/p>\n<p>Un m\u00e9dico inscrito en la \u201clista de objetores\u201d puede quedar marcado: ser excluido de ciertos servicios, guardias o promociones, o incluso ver bloqueada su contrataci\u00f3n bajo la excusa de que \u201cno realiza todas las prestaciones\u201d. Es decir, un registro de este tipo <strong>convierte la objeci\u00f3n en un estigma profesional<\/strong>.<\/p>\n<p>La <strong>Organizaci\u00f3n M\u00e9dica Colegial (OMC)<\/strong> recuerda que la ley proh\u00edbe sanciones por objetar, pero se\u00f1ala que el simple hecho de identificar a los objetores facilita el efecto contrario: el de crear listas negras. La vulneraci\u00f3n del <strong>art\u00edculo 14 CE<\/strong>, que proh\u00edbe la discriminaci\u00f3n por ideolog\u00eda o creencias, ser\u00eda entonces evidente.<\/p>\n<p>La amenaza no es te\u00f3rica: en un contexto sanitario jerarquizado, basta con que la direcci\u00f3n de un hospital conozca qui\u00e9n figura en el registro para que las consecuencias aparezcan de manera sutil pero efectiva.<\/p>\n<h3>Un precedente peligroso<\/h3>\n<p>M\u00e1s all\u00e1 de sus efectos inmediatos, el registro plantea un <strong>precedente jur\u00eddico inquietante<\/strong>. Si se acepta que el Estado puede listar a los profesionales que objetan al aborto, \u00bfqu\u00e9 impide que ma\u00f1ana lo haga con los objetores a la eutanasia, a ciertas investigaciones biom\u00e9dicas o a la pr\u00e1ctica de actos m\u00e9dicos controvertidos?<\/p>\n<p>El <strong>principio de neutralidad del Estado<\/strong> exige lo contrario: que garantice el libre ejercicio de los derechos fundamentales sin clasificar ni etiquetar a nadie por sus convicciones. La propia OMC ha advertido que la medida \u201csienta un precedente peligroso\u201d y abre la puerta a la <strong>instrumentalizaci\u00f3n ideol\u00f3gica de la medicina<\/strong>.<\/p>\n<p>La libertad de conciencia no es una concesi\u00f3n del poder p\u00fablico, sino un derecho anterior y superior al Estado. Sin esa libertad, el m\u00e9dico deja de ser un profesional aut\u00f3nomo guiado por su \u00e9tica y se convierte en un funcionario moralmente subordinado.<\/p>\n<p>Y cuando el Estado empieza a fichar las conciencias, el Derecho deja de ser una garant\u00eda de libertad para transformarse en su contrario: un instrumento de control.<\/p>\n<p><strong><a href=\"https:\/\/twitter.com\/jmiroardevol\" target=\"_blank\" rel=\"noopener\">Twitter: @jmiroardevol<\/a><\/strong><\/p>\n<p><strong><a href=\"https:\/\/www.facebook.com\/josepmiroiardevol\" target=\"_blank\" rel=\"noopener\">Facebook: josepmiroardevol<\/a><\/strong><\/p>\n<span class='bctt-click-to-tweet'><span class='bctt-ctt-text'><a href='https:\/\/twitter.com\/intent\/tweet?url=https%3A%2F%2Fconversesacatalunya.cat%2Fes%2Fregistro-medicos-objetores-aborto-contrario-derechos-fundamentales%2F&#038;text=La%20objeci%C3%B3n%20m%C3%A9dica%20no%20es%20un%20privilegio%2C%20es%20una%20garant%C3%ADa%20democr%C3%A1tica%20frente%20al%20poder%20del%20Estado.%20%23LibertadDeConciencia%20%23Aborto&#038;via=conversesacat&#038;related=conversesacat' target='_blank'rel=\"noopener noreferrer\">La objeci\u00f3n m\u00e9dica no es un privilegio, es una garant\u00eda democr\u00e1tica frente al poder del Estado. #LibertadDeConciencia #Aborto <\/a><\/span><a href='https:\/\/twitter.com\/intent\/tweet?url=https%3A%2F%2Fconversesacatalunya.cat%2Fes%2Fregistro-medicos-objetores-aborto-contrario-derechos-fundamentales%2F&#038;text=La%20objeci%C3%B3n%20m%C3%A9dica%20no%20es%20un%20privilegio%2C%20es%20una%20garant%C3%ADa%20democr%C3%A1tica%20frente%20al%20poder%20del%20Estado.%20%23LibertadDeConciencia%20%23Aborto&#038;via=conversesacat&#038;related=conversesacat' target='_blank' class='bctt-ctt-btn'rel=\"noopener noreferrer\">Compartir en X<\/a><\/span>\n<div id=\"polls-300\" class=\"wp-polls\">\n\t<form id=\"polls_form_300\" class=\"wp-polls-form\" action=\"\/index.php\" method=\"post\">\n\t\t<p style=\"display: none;\"><input type=\"hidden\" id=\"poll_300_nonce\" name=\"wp-polls-nonce\" value=\"e72fefcb4b\" \/><\/p>\n\t\t<p style=\"display: none;\"><input type=\"hidden\" name=\"poll_id\" value=\"300\" \/><\/p>\n\t\t<p style=\"text-align: center\"><strong>Creus que S\u00e1nchez convocar\u00e0 eleccions anticipades si per tercer any consecutiu es queda sense pressupostos?<\/strong><\/p><div id=\"polls-300-ans\" class=\"wp-polls-ans\"><ul class=\"wp-polls-ul\">\n\t\t<li><input type=\"radio\" id=\"poll-answer-857\" name=\"poll_300\" value=\"857\" \/> <label for=\"poll-answer-857\">S\u00ed<\/label><\/li>\n\t\t<li><input type=\"radio\" id=\"poll-answer-858\" name=\"poll_300\" value=\"858\" \/> <label for=\"poll-answer-858\">No<\/label><\/li>\n\t\t<li><input type=\"radio\" id=\"poll-answer-859\" name=\"poll_300\" value=\"859\" \/> <label for=\"poll-answer-859\">No ho s\u00e9<\/label><\/li>\n\t\t<\/ul><p style=\"text-align: center\"><input type=\"button\" name=\"vote\" value=\"   Vota   \" class=\"Buttons\" onclick=\"poll_vote(300);\" \/><\/p><p style=\"text-align: center\"><a href=\"#ViewPollResults\" onclick=\"poll_result(300); return false;\" title=\"View Results Of This Poll\">Mira els resultats<\/a><\/p><\/div>\n\t<\/form>\n<\/div>\n<div id=\"polls-300-loading\" class=\"wp-polls-loading\"><img decoding=\"async\" data-src=\"https:\/\/conversesacatalunya.cat\/wp-content\/plugins\/wp-polls\/images\/loading.gif\" width=\"16\" height=\"16\" alt=\"Cargando ...\" title=\"Cargando ...\" class=\"wp-polls-image lazyload\" src=\"data:image\/svg+xml;base64,PHN2ZyB3aWR0aD0iMSIgaGVpZ2h0PSIxIiB4bWxucz0iaHR0cDovL3d3dy53My5vcmcvMjAwMC9zdmciPjwvc3ZnPg==\" style=\"--smush-placeholder-width: 16px; --smush-placeholder-aspect-ratio: 16\/16;\" \/>&nbsp;Cargando ...<\/div>\n\n","protected":false},"excerpt":{"rendered":"<p>En Espa\u00f1a se ha abierto un intenso debate jur\u00eddico y \u00e9tico en torno a una cuesti\u00f3n que toca el coraz\u00f3n mismo del Estado de Derecho: la creaci\u00f3n de un registro nominal de m\u00e9dicos objetores de conciencia al aborto. La Ley Org\u00e1nica 1\/2023, de 28 de febrero, que reform\u00f3 la legislaci\u00f3n sobre la interrupci\u00f3n voluntaria del embarazo, establece que cada comunidad aut\u00f3noma debe elaborar y mantener un listado de profesionales sanitarios que hayan declarado su objeci\u00f3n. El argumento oficial suena inofensivo: \u201cmejorar la organizaci\u00f3n de los servicios sanitarios\u201d y garantizar que las mujeres puedan abortar sin obst\u00e1culos. Sin embargo, detr\u00e1s de esa aparente eficiencia administrativa se esconde una medida profundamente incompatible con los derechos fundamentales, que abre la puerta a la discriminaci\u00f3n, la vulneraci\u00f3n de la intimidad y la estigmatizaci\u00f3n ideol\u00f3gica de los profesionales m\u00e9dicos. Porque si de verdad el objetivo fuera organizar mejor los servicios, lo l\u00f3gico ser\u00eda hacer \u2014como observan muchos juristas\u2014 un registro de quienes practican abortos, que representan apenas un 20% del total. La pregunta inc\u00f3moda es inevitable: \u00bfpor qu\u00e9 el Estado necesita saber qui\u00e9n no lo hace, y no qui\u00e9n s\u00ed? Libertad ideol\u00f3gica y de conciencia El art\u00edculo 16 de la Constituci\u00f3n Espa\u00f1ola proclama que nadie podr\u00e1 ser obligado a declarar sobre su ideolog\u00eda, religi\u00f3n o creencias. Obligar a un m\u00e9dico a figurar en un registro oficial por negarse a realizar abortos \u2014una decisi\u00f3n que puede tener ra\u00edces \u00e9ticas, morales o religiosas\u2014 equivale, en la pr\u00e1ctica, a obligarle a confesar sus convicciones ante la Administraci\u00f3n. Esta exigencia choca frontalmente con los instrumentos internacionales de derechos humanos, como el art\u00edculo 9 del Convenio Europeo de Derechos Humanos y el art\u00edculo 18 de la Declaraci\u00f3n Universal de Derechos Humanos, que reconocen la libertad de pensamiento, conciencia y religi\u00f3n. El principio es claro: en una democracia liberal, el Estado no puede clasificar a los ciudadanos por sus creencias. Hacerlo nos situar\u00eda peligrosamente cerca de pr\u00e1cticas propias de otros tiempos, en los que las convicciones personales se convert\u00edan en materia de control pol\u00edtico. El derecho a la intimidad y los datos sensibles La objeci\u00f3n de conciencia, por su naturaleza, implica convicciones profundas. Por eso, el art\u00edculo 18.1 de la Constituci\u00f3n protege el derecho a la intimidad, y el Reglamento General de Protecci\u00f3n de Datos de la UE (RGPD) considera los datos relativos a creencias \u00e9ticas, religiosas o filos\u00f3ficas como \u201ccategor\u00edas especialmente protegidas\u201d. Centralizar esta informaci\u00f3n en una base de datos p\u00fablica \u2014aunque se afirme que su uso ser\u00e1 confidencial\u2014 es una intromisi\u00f3n directa en la vida privada. No hay garant\u00edas suficientes para evitar filtraciones, accesos indebidos o futuros usos pol\u00edticos. \u00bfQui\u00e9n controla, realmente, el destino de esa informaci\u00f3n? \u00bfPodemos confiar en las autoridades sanitarias para proteger los datos de quienes discrepan moralmente del aborto? La historia reciente ense\u00f1a prudencia. La creaci\u00f3n de ficheros ideol\u00f3gicos siempre ha sido un riesgo latente para las libertades individuales. Incluso sin publicidad, obligar a declarar la conciencia es ya una forma de vulnerarla. Discriminaci\u00f3n y represalias Los colegios m\u00e9dicos han levantado la voz. El Colegio de M\u00e9dicos de Madrid (ICOMEM) advierte que cualquier mecanismo que pueda derivar en se\u00f1alamiento o presi\u00f3n sobre los objetores es inaceptable. Un m\u00e9dico inscrito en la \u201clista de objetores\u201d puede quedar marcado: ser excluido de ciertos servicios, guardias o promociones, o incluso ver bloqueada su contrataci\u00f3n bajo la excusa de que \u201cno realiza todas las prestaciones\u201d. Es decir, un registro de este tipo convierte la objeci\u00f3n en un estigma profesional. La Organizaci\u00f3n M\u00e9dica Colegial (OMC) recuerda que la ley proh\u00edbe sanciones por objetar, pero se\u00f1ala que el simple hecho de identificar a los objetores facilita el efecto contrario: el de crear listas negras. La vulneraci\u00f3n del art\u00edculo 14 CE, que proh\u00edbe la discriminaci\u00f3n por ideolog\u00eda o creencias, ser\u00eda entonces evidente. La amenaza no es te\u00f3rica: en un contexto sanitario jerarquizado, basta con que la direcci\u00f3n de un hospital conozca qui\u00e9n figura en el registro para que las consecuencias aparezcan de manera sutil pero efectiva. Un precedente peligroso M\u00e1s all\u00e1 de sus efectos inmediatos, el registro plantea un precedente jur\u00eddico inquietante. Si se acepta que el Estado puede listar a los profesionales que objetan al aborto, \u00bfqu\u00e9 impide que ma\u00f1ana lo haga con los objetores a la eutanasia, a ciertas investigaciones biom\u00e9dicas o a la pr\u00e1ctica de actos m\u00e9dicos controvertidos? El principio de neutralidad del Estado exige lo contrario: que garantice el libre ejercicio de los derechos fundamentales sin clasificar ni etiquetar a nadie por sus convicciones. La propia OMC ha advertido que la medida \u201csienta un precedente peligroso\u201d y abre la puerta a la instrumentalizaci\u00f3n ideol\u00f3gica de la medicina. La libertad de conciencia no es una concesi\u00f3n del poder p\u00fablico, sino un derecho anterior y superior al Estado. Sin esa libertad, el m\u00e9dico deja de ser un profesional aut\u00f3nomo guiado por su \u00e9tica y se convierte en un funcionario moralmente subordinado. Y cuando el Estado empieza a fichar las conciencias, el Derecho deja de ser una garant\u00eda de libertad para transformarse en su contrario: un instrumento de control. Twitter: @jmiroardevol Facebook: josepmiroardevol<\/p>\n","protected":false},"author":19,"featured_media":92892,"comment_status":"open","ping_status":"open","sticky":false,"template":"","format":"standard","meta":{"_FSMCFIC_featured_image_caption":"","_FSMCFIC_featured_image_nocaption":"","_FSMCFIC_featured_image_hide":"","footnotes":""},"categories":[806],"tags":[4688,5442],"class_list":["post-92871","post","type-post","status-publish","format-standard","has-post-thumbnail","hentry","category-punts-claus-del-dia-es","tag-ley-aborto","tag-objecion-de-conciencia"],"yoast_head":"<!-- This site is optimized with the Yoast SEO plugin v26.8 - https:\/\/yoast.com\/product\/yoast-seo-wordpress\/ -->\n<title>El registro de m\u00e9dicos objetores al aborto es contrario a los derechos fundamentales (I) - Converses a Catalunya<\/title>\n<meta name=\"description\" content=\"Juristas y m\u00e9dicos alertan de que el registro de objetores es contrario a derecho. Viola la libertad de conciencia, la intimidad, igualdad\" \/>\n<meta name=\"robots\" content=\"index, follow, max-snippet:-1, max-image-preview:large, max-video-preview:-1\" \/>\n<link rel=\"canonical\" href=\"https:\/\/conversesacatalunya.cat\/es\/registro-medicos-objetores-aborto-contrario-derechos-fundamentales\/\" \/>\n<meta property=\"og:locale\" content=\"es_ES\" \/>\n<meta property=\"og:type\" content=\"article\" \/>\n<meta property=\"og:title\" content=\"El registro de m\u00e9dicos objetores al aborto es contrario a los derechos fundamentales (I) - Converses a Catalunya\" \/>\n<meta property=\"og:description\" content=\"Juristas y m\u00e9dicos alertan de que el registro de objetores es contrario a derecho. Viola la libertad de conciencia, la intimidad, igualdad\" \/>\n<meta property=\"og:url\" content=\"https:\/\/conversesacatalunya.cat\/es\/registro-medicos-objetores-aborto-contrario-derechos-fundamentales\/\" \/>\n<meta property=\"og:site_name\" content=\"Converses a Catalunya\" \/>\n<meta property=\"article:published_time\" content=\"2025-10-16T06:20:05+00:00\" \/>\n<meta property=\"article:modified_time\" content=\"2025-10-16T06:40:13+00:00\" \/>\n<meta property=\"og:image\" content=\"https:\/\/conversesacatalunya.cat\/wp-content\/uploads\/2025\/10\/stethoscope-840125_640.jpg\" \/>\n\t<meta property=\"og:image:width\" content=\"640\" \/>\n\t<meta property=\"og:image:height\" content=\"427\" \/>\n\t<meta property=\"og:image:type\" content=\"image\/jpeg\" \/>\n<meta name=\"author\" content=\"Josep Mir\u00f3 i Ard\u00e8vol\" \/>\n<meta name=\"twitter:card\" content=\"summary_large_image\" \/>\n<meta name=\"twitter:label1\" content=\"Escrito por\" \/>\n\t<meta name=\"twitter:data1\" content=\"Josep Mir\u00f3 i Ard\u00e8vol\" \/>\n\t<meta name=\"twitter:label2\" content=\"Tiempo de lectura\" \/>\n\t<meta name=\"twitter:data2\" content=\"5 minutos\" \/>\n<script type=\"application\/ld+json\" class=\"yoast-schema-graph\">{\"@context\":\"https:\/\/schema.org\",\"@graph\":[{\"@type\":\"Article\",\"@id\":\"https:\/\/conversesacatalunya.cat\/es\/registro-medicos-objetores-aborto-contrario-derechos-fundamentales\/#article\",\"isPartOf\":{\"@id\":\"https:\/\/conversesacatalunya.cat\/es\/registro-medicos-objetores-aborto-contrario-derechos-fundamentales\/\"},\"author\":{\"name\":\"Josep Mir\u00f3 i Ard\u00e8vol\",\"@id\":\"https:\/\/conversesacatalunya.cat\/#\/schema\/person\/a9598a6786ba7d3d1c5e0de477b79370\"},\"headline\":\"El registro de m\u00e9dicos objetores al aborto es contrario a los derechos fundamentales (I)\",\"datePublished\":\"2025-10-16T06:20:05+00:00\",\"dateModified\":\"2025-10-16T06:40:13+00:00\",\"mainEntityOfPage\":{\"@id\":\"https:\/\/conversesacatalunya.cat\/es\/registro-medicos-objetores-aborto-contrario-derechos-fundamentales\/\"},\"wordCount\":960,\"commentCount\":0,\"image\":{\"@id\":\"https:\/\/conversesacatalunya.cat\/es\/registro-medicos-objetores-aborto-contrario-derechos-fundamentales\/#primaryimage\"},\"thumbnailUrl\":\"https:\/\/conversesacatalunya.cat\/wp-content\/uploads\/2025\/10\/stethoscope-840125_640.jpg\",\"keywords\":[\"ley aborto\",\"objeci\u00f3n de conciencia\"],\"articleSection\":[\"Punts clau del dia (ES)\"],\"inLanguage\":\"es\",\"potentialAction\":[{\"@type\":\"CommentAction\",\"name\":\"Comment\",\"target\":[\"https:\/\/conversesacatalunya.cat\/es\/registro-medicos-objetores-aborto-contrario-derechos-fundamentales\/#respond\"]}]},{\"@type\":\"WebPage\",\"@id\":\"https:\/\/conversesacatalunya.cat\/es\/registro-medicos-objetores-aborto-contrario-derechos-fundamentales\/\",\"url\":\"https:\/\/conversesacatalunya.cat\/es\/registro-medicos-objetores-aborto-contrario-derechos-fundamentales\/\",\"name\":\"El registro de m\u00e9dicos objetores al aborto es contrario a los derechos fundamentales (I) - Converses a Catalunya\",\"isPartOf\":{\"@id\":\"https:\/\/conversesacatalunya.cat\/#website\"},\"primaryImageOfPage\":{\"@id\":\"https:\/\/conversesacatalunya.cat\/es\/registro-medicos-objetores-aborto-contrario-derechos-fundamentales\/#primaryimage\"},\"image\":{\"@id\":\"https:\/\/conversesacatalunya.cat\/es\/registro-medicos-objetores-aborto-contrario-derechos-fundamentales\/#primaryimage\"},\"thumbnailUrl\":\"https:\/\/conversesacatalunya.cat\/wp-content\/uploads\/2025\/10\/stethoscope-840125_640.jpg\",\"datePublished\":\"2025-10-16T06:20:05+00:00\",\"dateModified\":\"2025-10-16T06:40:13+00:00\",\"author\":{\"@id\":\"https:\/\/conversesacatalunya.cat\/#\/schema\/person\/a9598a6786ba7d3d1c5e0de477b79370\"},\"description\":\"Juristas y m\u00e9dicos alertan de que el registro de objetores es contrario a derecho. Viola la libertad de conciencia, la intimidad, igualdad\",\"breadcrumb\":{\"@id\":\"https:\/\/conversesacatalunya.cat\/es\/registro-medicos-objetores-aborto-contrario-derechos-fundamentales\/#breadcrumb\"},\"inLanguage\":\"es\",\"potentialAction\":[{\"@type\":\"ReadAction\",\"target\":[\"https:\/\/conversesacatalunya.cat\/es\/registro-medicos-objetores-aborto-contrario-derechos-fundamentales\/\"]}]},{\"@type\":\"ImageObject\",\"inLanguage\":\"es\",\"@id\":\"https:\/\/conversesacatalunya.cat\/es\/registro-medicos-objetores-aborto-contrario-derechos-fundamentales\/#primaryimage\",\"url\":\"https:\/\/conversesacatalunya.cat\/wp-content\/uploads\/2025\/10\/stethoscope-840125_640.jpg\",\"contentUrl\":\"https:\/\/conversesacatalunya.cat\/wp-content\/uploads\/2025\/10\/stethoscope-840125_640.jpg\",\"width\":640,\"height\":427,\"caption\":\"registro objetores contrario derecho\"},{\"@type\":\"BreadcrumbList\",\"@id\":\"https:\/\/conversesacatalunya.cat\/es\/registro-medicos-objetores-aborto-contrario-derechos-fundamentales\/#breadcrumb\",\"itemListElement\":[{\"@type\":\"ListItem\",\"position\":1,\"name\":\"Inici\",\"item\":\"https:\/\/conversesacatalunya.cat\/es\/\"},{\"@type\":\"ListItem\",\"position\":2,\"name\":\"El registro de m\u00e9dicos objetores al aborto es contrario a los derechos fundamentales (I)\"}]},{\"@type\":\"WebSite\",\"@id\":\"https:\/\/conversesacatalunya.cat\/#website\",\"url\":\"https:\/\/conversesacatalunya.cat\/\",\"name\":\"Converses a Catalunya\",\"description\":\"\",\"potentialAction\":[{\"@type\":\"SearchAction\",\"target\":{\"@type\":\"EntryPoint\",\"urlTemplate\":\"https:\/\/conversesacatalunya.cat\/?s={search_term_string}\"},\"query-input\":{\"@type\":\"PropertyValueSpecification\",\"valueRequired\":true,\"valueName\":\"search_term_string\"}}],\"inLanguage\":\"es\"},{\"@type\":\"Person\",\"@id\":\"https:\/\/conversesacatalunya.cat\/#\/schema\/person\/a9598a6786ba7d3d1c5e0de477b79370\",\"name\":\"Josep Mir\u00f3 i Ard\u00e8vol\",\"image\":{\"@type\":\"ImageObject\",\"inLanguage\":\"es\",\"@id\":\"https:\/\/conversesacatalunya.cat\/#\/schema\/person\/image\/\",\"url\":\"https:\/\/conversesacatalunya.cat\/wp-content\/litespeed\/avatar\/c37e3dc881857483d6694cdf98fdedea.jpg?ver=1777270381\",\"contentUrl\":\"https:\/\/conversesacatalunya.cat\/wp-content\/litespeed\/avatar\/c37e3dc881857483d6694cdf98fdedea.jpg?ver=1777270381\",\"caption\":\"Josep Mir\u00f3 i Ard\u00e8vol\"},\"url\":\"https:\/\/conversesacatalunya.cat\/es\/author\/josep-miro-i-ardevol\/\"}]}<\/script>\n<!-- \/ Yoast SEO plugin. -->","yoast_head_json":{"title":"El registro de m\u00e9dicos objetores al aborto es contrario a los derechos fundamentales (I) - Converses a Catalunya","description":"Juristas y m\u00e9dicos alertan de que el registro de objetores es contrario a derecho. Viola la libertad de conciencia, la intimidad, igualdad","robots":{"index":"index","follow":"follow","max-snippet":"max-snippet:-1","max-image-preview":"max-image-preview:large","max-video-preview":"max-video-preview:-1"},"canonical":"https:\/\/conversesacatalunya.cat\/es\/registro-medicos-objetores-aborto-contrario-derechos-fundamentales\/","og_locale":"es_ES","og_type":"article","og_title":"El registro de m\u00e9dicos objetores al aborto es contrario a los derechos fundamentales (I) - Converses a Catalunya","og_description":"Juristas y m\u00e9dicos alertan de que el registro de objetores es contrario a derecho. Viola la libertad de conciencia, la intimidad, igualdad","og_url":"https:\/\/conversesacatalunya.cat\/es\/registro-medicos-objetores-aborto-contrario-derechos-fundamentales\/","og_site_name":"Converses a Catalunya","article_published_time":"2025-10-16T06:20:05+00:00","article_modified_time":"2025-10-16T06:40:13+00:00","og_image":[{"width":640,"height":427,"url":"https:\/\/conversesacatalunya.cat\/wp-content\/uploads\/2025\/10\/stethoscope-840125_640.jpg","type":"image\/jpeg"}],"author":"Josep Mir\u00f3 i Ard\u00e8vol","twitter_card":"summary_large_image","twitter_misc":{"Escrito por":"Josep Mir\u00f3 i Ard\u00e8vol","Tiempo de lectura":"5 minutos"},"schema":{"@context":"https:\/\/schema.org","@graph":[{"@type":"Article","@id":"https:\/\/conversesacatalunya.cat\/es\/registro-medicos-objetores-aborto-contrario-derechos-fundamentales\/#article","isPartOf":{"@id":"https:\/\/conversesacatalunya.cat\/es\/registro-medicos-objetores-aborto-contrario-derechos-fundamentales\/"},"author":{"name":"Josep Mir\u00f3 i Ard\u00e8vol","@id":"https:\/\/conversesacatalunya.cat\/#\/schema\/person\/a9598a6786ba7d3d1c5e0de477b79370"},"headline":"El registro de m\u00e9dicos objetores al aborto es contrario a los derechos fundamentales (I)","datePublished":"2025-10-16T06:20:05+00:00","dateModified":"2025-10-16T06:40:13+00:00","mainEntityOfPage":{"@id":"https:\/\/conversesacatalunya.cat\/es\/registro-medicos-objetores-aborto-contrario-derechos-fundamentales\/"},"wordCount":960,"commentCount":0,"image":{"@id":"https:\/\/conversesacatalunya.cat\/es\/registro-medicos-objetores-aborto-contrario-derechos-fundamentales\/#primaryimage"},"thumbnailUrl":"https:\/\/conversesacatalunya.cat\/wp-content\/uploads\/2025\/10\/stethoscope-840125_640.jpg","keywords":["ley aborto","objeci\u00f3n de conciencia"],"articleSection":["Punts clau del dia (ES)"],"inLanguage":"es","potentialAction":[{"@type":"CommentAction","name":"Comment","target":["https:\/\/conversesacatalunya.cat\/es\/registro-medicos-objetores-aborto-contrario-derechos-fundamentales\/#respond"]}]},{"@type":"WebPage","@id":"https:\/\/conversesacatalunya.cat\/es\/registro-medicos-objetores-aborto-contrario-derechos-fundamentales\/","url":"https:\/\/conversesacatalunya.cat\/es\/registro-medicos-objetores-aborto-contrario-derechos-fundamentales\/","name":"El registro de m\u00e9dicos objetores al aborto es contrario a los derechos fundamentales (I) - Converses a Catalunya","isPartOf":{"@id":"https:\/\/conversesacatalunya.cat\/#website"},"primaryImageOfPage":{"@id":"https:\/\/conversesacatalunya.cat\/es\/registro-medicos-objetores-aborto-contrario-derechos-fundamentales\/#primaryimage"},"image":{"@id":"https:\/\/conversesacatalunya.cat\/es\/registro-medicos-objetores-aborto-contrario-derechos-fundamentales\/#primaryimage"},"thumbnailUrl":"https:\/\/conversesacatalunya.cat\/wp-content\/uploads\/2025\/10\/stethoscope-840125_640.jpg","datePublished":"2025-10-16T06:20:05+00:00","dateModified":"2025-10-16T06:40:13+00:00","author":{"@id":"https:\/\/conversesacatalunya.cat\/#\/schema\/person\/a9598a6786ba7d3d1c5e0de477b79370"},"description":"Juristas y m\u00e9dicos alertan de que el registro de objetores es contrario a derecho. Viola la libertad de conciencia, la intimidad, igualdad","breadcrumb":{"@id":"https:\/\/conversesacatalunya.cat\/es\/registro-medicos-objetores-aborto-contrario-derechos-fundamentales\/#breadcrumb"},"inLanguage":"es","potentialAction":[{"@type":"ReadAction","target":["https:\/\/conversesacatalunya.cat\/es\/registro-medicos-objetores-aborto-contrario-derechos-fundamentales\/"]}]},{"@type":"ImageObject","inLanguage":"es","@id":"https:\/\/conversesacatalunya.cat\/es\/registro-medicos-objetores-aborto-contrario-derechos-fundamentales\/#primaryimage","url":"https:\/\/conversesacatalunya.cat\/wp-content\/uploads\/2025\/10\/stethoscope-840125_640.jpg","contentUrl":"https:\/\/conversesacatalunya.cat\/wp-content\/uploads\/2025\/10\/stethoscope-840125_640.jpg","width":640,"height":427,"caption":"registro objetores contrario derecho"},{"@type":"BreadcrumbList","@id":"https:\/\/conversesacatalunya.cat\/es\/registro-medicos-objetores-aborto-contrario-derechos-fundamentales\/#breadcrumb","itemListElement":[{"@type":"ListItem","position":1,"name":"Inici","item":"https:\/\/conversesacatalunya.cat\/es\/"},{"@type":"ListItem","position":2,"name":"El registro de m\u00e9dicos objetores al aborto es contrario a los derechos fundamentales (I)"}]},{"@type":"WebSite","@id":"https:\/\/conversesacatalunya.cat\/#website","url":"https:\/\/conversesacatalunya.cat\/","name":"Converses a Catalunya","description":"","potentialAction":[{"@type":"SearchAction","target":{"@type":"EntryPoint","urlTemplate":"https:\/\/conversesacatalunya.cat\/?s={search_term_string}"},"query-input":{"@type":"PropertyValueSpecification","valueRequired":true,"valueName":"search_term_string"}}],"inLanguage":"es"},{"@type":"Person","@id":"https:\/\/conversesacatalunya.cat\/#\/schema\/person\/a9598a6786ba7d3d1c5e0de477b79370","name":"Josep Mir\u00f3 i Ard\u00e8vol","image":{"@type":"ImageObject","inLanguage":"es","@id":"https:\/\/conversesacatalunya.cat\/#\/schema\/person\/image\/","url":"https:\/\/conversesacatalunya.cat\/wp-content\/litespeed\/avatar\/c37e3dc881857483d6694cdf98fdedea.jpg?ver=1777270381","contentUrl":"https:\/\/conversesacatalunya.cat\/wp-content\/litespeed\/avatar\/c37e3dc881857483d6694cdf98fdedea.jpg?ver=1777270381","caption":"Josep Mir\u00f3 i Ard\u00e8vol"},"url":"https:\/\/conversesacatalunya.cat\/es\/author\/josep-miro-i-ardevol\/"}]}},"wps_subtitle":"Si de verdad el objetivo fuera organizar mejor los servicios, lo l\u00f3gico ser\u00eda hacer un registro de quienes practican abortos, que representan apenas un 20% del total. La pregunta inc\u00f3moda es inevitable: \u00bfpor qu\u00e9 el Estado necesita saber qui\u00e9n no lo hace, y no qui\u00e9n s\u00ed?","_links":{"self":[{"href":"https:\/\/conversesacatalunya.cat\/es\/wp-json\/wp\/v2\/posts\/92871","targetHints":{"allow":["GET"]}}],"collection":[{"href":"https:\/\/conversesacatalunya.cat\/es\/wp-json\/wp\/v2\/posts"}],"about":[{"href":"https:\/\/conversesacatalunya.cat\/es\/wp-json\/wp\/v2\/types\/post"}],"author":[{"embeddable":true,"href":"https:\/\/conversesacatalunya.cat\/es\/wp-json\/wp\/v2\/users\/19"}],"replies":[{"embeddable":true,"href":"https:\/\/conversesacatalunya.cat\/es\/wp-json\/wp\/v2\/comments?post=92871"}],"version-history":[{"count":6,"href":"https:\/\/conversesacatalunya.cat\/es\/wp-json\/wp\/v2\/posts\/92871\/revisions"}],"predecessor-version":[{"id":92889,"href":"https:\/\/conversesacatalunya.cat\/es\/wp-json\/wp\/v2\/posts\/92871\/revisions\/92889"}],"wp:featuredmedia":[{"embeddable":true,"href":"https:\/\/conversesacatalunya.cat\/es\/wp-json\/wp\/v2\/media\/92892"}],"wp:attachment":[{"href":"https:\/\/conversesacatalunya.cat\/es\/wp-json\/wp\/v2\/media?parent=92871"}],"wp:term":[{"taxonomy":"category","embeddable":true,"href":"https:\/\/conversesacatalunya.cat\/es\/wp-json\/wp\/v2\/categories?post=92871"},{"taxonomy":"post_tag","embeddable":true,"href":"https:\/\/conversesacatalunya.cat\/es\/wp-json\/wp\/v2\/tags?post=92871"}],"curies":[{"name":"wp","href":"https:\/\/api.w.org\/{rel}","templated":true}]}}