{"id":92838,"date":"2025-10-15T11:30:51","date_gmt":"2025-10-15T09:30:51","guid":{"rendered":"https:\/\/conversesacatalunya.cat\/?p=92838"},"modified":"2025-10-16T06:10:05","modified_gmt":"2025-10-16T04:10:05","slug":"la-era-trump-el-triunfo-de-los-descontentos","status":"publish","type":"post","link":"https:\/\/conversesacatalunya.cat\/es\/la-era-trump-el-triunfo-de-los-descontentos\/","title":{"rendered":"La era Trump, el triunfo de los descontentos"},"content":{"rendered":"<p>El \u00e9xito hist\u00f3rico de Trump en el cruel conflicto de Gaza define por si solo una presidencia, sobre todo ante los desastrosos precedentes dem\u00f3cratas; la inanidad de <strong>Biden<\/strong> ante Israel, y el abandono de consecuencias terribles de Siria por parte de<strong> Obama<\/strong>, Nobel de la Paz cuando ten\u00eda tres incursiones militares en curso a los nueve meses de su mandato.<\/p>\n<p><strong>Trump ya ha hecho historia como la hizo Reagan<\/strong>. A ambos les une la terrible furia y menosprecio con que fueron tratados por una gran parte de los medios de comunicaci\u00f3n europeos, no por su legado -Regan es visto como de los buenos presidentes de nuestro tiempo- sino por el hecho de ser conservadores.<\/p>\n<p>Trump es un actor pol\u00edtico personal\u00edsimo, esto est\u00e1 fuera de dudas, pero ser\u00eda irracional no atender a los que realmente representa, la gran alianza que ha articulado.<\/p>\n<p>El fen\u00f3meno pol\u00edtico que rodea a Donald Trump va mucho m\u00e1s all\u00e1 de su figura. El <a href=\"https:\/\/conversesacatalunya.cat\/es\/una-vision-alternativa-del-trumpismo-y-la-nueva-derecha-europea\/\" target=\"_blank\" rel=\"noopener\"><strong>trumpismo<\/strong><\/a> \u2014como ya lo llaman los analistas\u2014 no es un simple sector del Partido Republicano, sino una <strong>alianza heterog\u00e9nea de descontentos<\/strong> que ha transformado las bases del conservadurismo estadounidense. En lugar de un bloque ideol\u00f3gico coherente, el movimiento que lo apoya es una <strong>coalici\u00f3n populista, nacionalista y antiestablishment<\/strong>, unida por un mismo impulso: la rebeli\u00f3n contra las \u00e9lites pol\u00edticas, medi\u00e1ticas y culturales de Estados Unidos.<\/p>\n<h3>La nueva coalici\u00f3n populista<\/h3>\n<p>El n\u00facleo duro del trumpismo lo forman <strong>obreros blancos rurales y de clase media baja<\/strong> que alguna vez votaron dem\u00f3crata. Proceden del llamado <em>Rust Belt<\/em>, el cintur\u00f3n del \u00f3xido, devastado por la desindustrializaci\u00f3n. Son trabajadores que vieron cerrarse las f\u00e1bricas, perderse los empleos y romperse el sue\u00f1o americano. Para ellos, <strong>Trump encarna una revancha<\/strong>: promete devolverles la voz frente a un sistema que consideran manipulado por banqueros, tecn\u00f3cratas y bur\u00f3cratas globalistas.<\/p>\n<p>A su lado, se agrupan los <strong>conservadores religiosos<\/strong> \u2014evang\u00e9licos y cat\u00f3licos\u2014 que ven en Trump un defensor de sus valores frente a la \u201cdictadura cultural\u201d progresista. Su apoyo fue decisivo en su primera victoria: tres jueces conservadores en el Supremo y la hist\u00f3rica anulaci\u00f3n de <em>Roe vs. Wade<\/em> son logros que estos sectores le atribuyen como prueba de su compromiso.<\/p>\n<p>El movimiento tambi\u00e9n acoge a los <strong>nacionalistas y anti-globalistas<\/strong>, herederos del paleoconservadurismo de <strong>Pat Buchanan<\/strong> en los a\u00f1os 90. Rechazan las guerras exteriores y defienden la soberan\u00eda nacional frente a organismos como la ONU o la OTAN. Ven en Trump un l\u00edder que ha devuelto la pol\u00edtica exterior a un realismo brutal y transaccional.<\/p>\n<p>A ese bloque se suma una parte de los <strong>libertarios desilusionados<\/strong> y del viejo <strong>Tea Party<\/strong>, que desde 2009 protestaban contra los rescates financieros y el \u201cEstado profundo\u201d. No todos coinciden con su proteccionismo, pero comparten la desconfianza hacia Washington, las agencias federales y lo que consideran un <strong>aparato burocr\u00e1tico divorciado del ciudadano.<\/strong><\/p>\n<p>Y, en los m\u00e1rgenes digitales, est\u00e1n los <strong>j\u00f3venes de la derecha alternativa<\/strong> (<em>alt-right<\/em>), nacidos en foros y redes sociales, que mezclan iron\u00eda, provocaci\u00f3n y memes con un discurso de identidad nacional. No controlan el movimiento, pero s\u00ed influyeron decisivamente en su difusi\u00f3n en 2016. Su \u201cguerrilla cultural\u201d dio a Trump un lenguaje y una est\u00e9tica populista in\u00e9dita.<\/p>\n<p>Por \u00faltimo, est\u00e1 la <strong>vieja guardia republicana<\/strong>, que al principio lo resisti\u00f3, pero acab\u00f3 rindi\u00e9ndose a la evidencia: la base del partido era ya trumpista. Gobernadores, senadores y <em>think tanks<\/em> conservadores han adaptado su discurso para sobrevivir al hurac\u00e1n naranja.<\/p>\n<h5><strong>El trumpismo no surge de la nada. Se alimenta de varias tradiciones hist\u00f3ricas del conservadurismo americano, aunque las reinterpreta a su manera.<\/strong><\/h5>\n<p>Primero, el <strong>conservadurismo cl\u00e1sico<\/strong> de Barry Goldwater (1964), que defend\u00eda la libertad individual y la reducci\u00f3n del Estado. Trump mantiene la desconfianza hacia el gobierno, pero rompe con el libre comercio y el internacionalismo liberal.<\/p>\n<p>Luego, el <strong>reaganismo<\/strong> de los a\u00f1os ochenta, que uni\u00f3 liberalismo econ\u00f3mico, patriotismo y moral cristiana. Trump conserva el nacionalismo econ\u00f3mico, pero sustituye el optimismo de Reagan por un <strong>discurso de agravio y confrontaci\u00f3n.<\/strong><\/p>\n<p>M\u00e1s cercana es la influencia del <strong>populismo de Buchanan y Ross Perot<\/strong>, que en los noventa denunciaban el TLCAN, la inmigraci\u00f3n y la p\u00e9rdida de soberan\u00eda. Aquella ret\u00f3rica anti-\u00e9lite fue un ensayo general del trumpismo.<\/p>\n<p>El <strong>Tea Party<\/strong>, nacido contra Obama, aport\u00f3 la energ\u00eda de base: ciudadanos hartos de impuestos, rescates y burocracia. Su ret\u00f3rica anti-Washington y su uso de las redes prepararon el terreno para la explosi\u00f3n digital del trumpismo.<\/p>\n<p>Y por debajo de todo late una tradici\u00f3n m\u00e1s antigua: el <strong>nacionalismo jacksoniano<\/strong>, que desde el siglo XIX exalta al hombre com\u00fan, el patriotismo y la desconfianza hacia las \u00e9lites. Trump, en esa genealog\u00eda, ser\u00eda una versi\u00f3n contempor\u00e1nea de Andrew Jackson: <strong>un outsider autoritario, plebeyo y orgullosamente antiintelectual.<\/strong><\/p>\n<h3>El estilo antes que la doctrina<\/h3>\n<p>M\u00e1s que una ideolog\u00eda, el trumpismo es un <strong>estilo pol\u00edtico<\/strong>. No hay una doctrina sistem\u00e1tica, pero s\u00ed un hilo conductor claro:<\/p>\n<ul>\n<li><strong>Nacionalismo econ\u00f3mico:<\/strong> \u201cBuy American, hire American\u201d.<\/li>\n<li><strong>Desconfianza hacia el globalismo:<\/strong> rechazo a tratados comerciales, migraci\u00f3n e instituciones internacionales.<\/li>\n<li><strong>Identidad cultural:<\/strong> defensa de la \u201cAm\u00e9rica real\u201d frente al progresismo urbano.<\/li>\n<li><strong>Comunicaci\u00f3n directa:<\/strong> redes sociales, m\u00edtines, lenguaje simple, emocional y combativo.<\/li>\n<li><strong>Autoridad fuerte:<\/strong> culto al l\u00edder, sospecha de las instituciones y preferencia por el orden frente al consenso.<\/li>\n<\/ul>\n<p>El movimiento que respalda a Trump ha sustituido la derecha del \u201cmercado libre y valores familiares\u201d por otra m\u00e1s <strong>nacionalista, populista y emocional<\/strong>. Su lema ya no es la libertad, sino la pertenencia; no el equilibrio institucional, sino la voluntad de poder.<\/p>\n<p><strong>Su fuerza proviene de un malestar social real:<\/strong> desigualdad, crisis de identidad, p\u00e9rdida de estatus y desconfianza en la pol\u00edtica. Pero tambi\u00e9n de una narrativa eficaz: la idea de que hay un \u201cellos\u201d (las \u00e9lites globales) que roba el pa\u00eds a un \u201cnosotros\u201d (la Am\u00e9rica olvidada).<\/p>\n<p>Trump no invent\u00f3 ese malestar, pero lo <strong>convirti\u00f3 en identidad pol\u00edtica<\/strong>. Y aunque desapareciera ma\u00f1ana, el movimiento que lo sostiene \u2014la \u201crebeli\u00f3n de los descontentos\u201d\u2014 ha llegado para quedarse.<\/p>\n<span class='bctt-click-to-tweet'><span class='bctt-ctt-text'><a href='https:\/\/twitter.com\/intent\/tweet?url=https%3A%2F%2Fconversesacatalunya.cat%2Fes%2Fla-era-trump-el-triunfo-de-los-descontentos%2F&#038;text=Reagan%20promet%C3%ADa%20esperanza.%20Trump%20promete%20venganza.%20Y%20millones%20de%20votantes%20lo%20prefieren%20as%C3%AD.%20%23Pol%C3%ADticaUSA%20%23Trump&#038;via=conversesacat&#038;related=conversesacat' target='_blank'rel=\"noopener noreferrer\">Reagan promet\u00eda esperanza. Trump promete venganza. Y millones de votantes lo prefieren as\u00ed. #Pol\u00edticaUSA #Trump <\/a><\/span><a href='https:\/\/twitter.com\/intent\/tweet?url=https%3A%2F%2Fconversesacatalunya.cat%2Fes%2Fla-era-trump-el-triunfo-de-los-descontentos%2F&#038;text=Reagan%20promet%C3%ADa%20esperanza.%20Trump%20promete%20venganza.%20Y%20millones%20de%20votantes%20lo%20prefieren%20as%C3%AD.%20%23Pol%C3%ADticaUSA%20%23Trump&#038;via=conversesacat&#038;related=conversesacat' target='_blank' class='bctt-ctt-btn'rel=\"noopener noreferrer\">Compartir en X<\/a><\/span>\n<div id=\"polls-300\" class=\"wp-polls\">\n\t<form id=\"polls_form_300\" class=\"wp-polls-form\" action=\"\/index.php\" method=\"post\">\n\t\t<p style=\"display: none;\"><input type=\"hidden\" id=\"poll_300_nonce\" name=\"wp-polls-nonce\" value=\"1bd60f7cde\" \/><\/p>\n\t\t<p style=\"display: none;\"><input type=\"hidden\" name=\"poll_id\" value=\"300\" \/><\/p>\n\t\t<p style=\"text-align: center\"><strong>Creus que S\u00e1nchez convocar\u00e0 eleccions anticipades si per tercer any consecutiu es queda sense pressupostos?<\/strong><\/p><div id=\"polls-300-ans\" class=\"wp-polls-ans\"><ul class=\"wp-polls-ul\">\n\t\t<li><input type=\"radio\" id=\"poll-answer-857\" name=\"poll_300\" value=\"857\" \/> <label for=\"poll-answer-857\">S\u00ed<\/label><\/li>\n\t\t<li><input type=\"radio\" id=\"poll-answer-858\" name=\"poll_300\" value=\"858\" \/> <label for=\"poll-answer-858\">No<\/label><\/li>\n\t\t<li><input type=\"radio\" id=\"poll-answer-859\" name=\"poll_300\" value=\"859\" \/> <label for=\"poll-answer-859\">No ho s\u00e9<\/label><\/li>\n\t\t<\/ul><p style=\"text-align: center\"><input type=\"button\" name=\"vote\" value=\"   Vota   \" class=\"Buttons\" onclick=\"poll_vote(300);\" \/><\/p><p style=\"text-align: center\"><a href=\"#ViewPollResults\" onclick=\"poll_result(300); return false;\" title=\"View Results Of This Poll\">Mira els resultats<\/a><\/p><\/div>\n\t<\/form>\n<\/div>\n<div id=\"polls-300-loading\" class=\"wp-polls-loading\"><img decoding=\"async\" data-src=\"https:\/\/conversesacatalunya.cat\/wp-content\/plugins\/wp-polls\/images\/loading.gif\" width=\"16\" height=\"16\" alt=\"Cargando ...\" title=\"Cargando ...\" class=\"wp-polls-image lazyload\" src=\"data:image\/svg+xml;base64,PHN2ZyB3aWR0aD0iMSIgaGVpZ2h0PSIxIiB4bWxucz0iaHR0cDovL3d3dy53My5vcmcvMjAwMC9zdmciPjwvc3ZnPg==\" style=\"--smush-placeholder-width: 16px; --smush-placeholder-aspect-ratio: 16\/16;\" \/>&nbsp;Cargando ...<\/div>\n\n","protected":false},"excerpt":{"rendered":"<p>El \u00e9xito hist\u00f3rico de Trump en el cruel conflicto de Gaza define por si solo una presidencia, sobre todo ante los desastrosos precedentes dem\u00f3cratas; la inanidad de Biden ante Israel, y el abandono de consecuencias terribles de Siria por parte de Obama, Nobel de la Paz cuando ten\u00eda tres incursiones militares en curso a los nueve meses de su mandato. Trump ya ha hecho historia como la hizo Reagan. A ambos les une la terrible furia y menosprecio con que fueron tratados por una gran parte de los medios de comunicaci\u00f3n europeos, no por su legado -Regan es visto como de los buenos presidentes de nuestro tiempo- sino por el hecho de ser conservadores. Trump es un actor pol\u00edtico personal\u00edsimo, esto est\u00e1 fuera de dudas, pero ser\u00eda irracional no atender a los que realmente representa, la gran alianza que ha articulado. El fen\u00f3meno pol\u00edtico que rodea a Donald Trump va mucho m\u00e1s all\u00e1 de su figura. El trumpismo \u2014como ya lo llaman los analistas\u2014 no es un simple sector del Partido Republicano, sino una alianza heterog\u00e9nea de descontentos que ha transformado las bases del conservadurismo estadounidense. En lugar de un bloque ideol\u00f3gico coherente, el movimiento que lo apoya es una coalici\u00f3n populista, nacionalista y antiestablishment, unida por un mismo impulso: la rebeli\u00f3n contra las \u00e9lites pol\u00edticas, medi\u00e1ticas y culturales de Estados Unidos. La nueva coalici\u00f3n populista El n\u00facleo duro del trumpismo lo forman obreros blancos rurales y de clase media baja que alguna vez votaron dem\u00f3crata. Proceden del llamado Rust Belt, el cintur\u00f3n del \u00f3xido, devastado por la desindustrializaci\u00f3n. Son trabajadores que vieron cerrarse las f\u00e1bricas, perderse los empleos y romperse el sue\u00f1o americano. Para ellos, Trump encarna una revancha: promete devolverles la voz frente a un sistema que consideran manipulado por banqueros, tecn\u00f3cratas y bur\u00f3cratas globalistas. A su lado, se agrupan los conservadores religiosos \u2014evang\u00e9licos y cat\u00f3licos\u2014 que ven en Trump un defensor de sus valores frente a la \u201cdictadura cultural\u201d progresista. Su apoyo fue decisivo en su primera victoria: tres jueces conservadores en el Supremo y la hist\u00f3rica anulaci\u00f3n de Roe vs. Wade son logros que estos sectores le atribuyen como prueba de su compromiso. El movimiento tambi\u00e9n acoge a los nacionalistas y anti-globalistas, herederos del paleoconservadurismo de Pat Buchanan en los a\u00f1os 90. Rechazan las guerras exteriores y defienden la soberan\u00eda nacional frente a organismos como la ONU o la OTAN. Ven en Trump un l\u00edder que ha devuelto la pol\u00edtica exterior a un realismo brutal y transaccional. A ese bloque se suma una parte de los libertarios desilusionados y del viejo Tea Party, que desde 2009 protestaban contra los rescates financieros y el \u201cEstado profundo\u201d. No todos coinciden con su proteccionismo, pero comparten la desconfianza hacia Washington, las agencias federales y lo que consideran un aparato burocr\u00e1tico divorciado del ciudadano. Y, en los m\u00e1rgenes digitales, est\u00e1n los j\u00f3venes de la derecha alternativa (alt-right), nacidos en foros y redes sociales, que mezclan iron\u00eda, provocaci\u00f3n y memes con un discurso de identidad nacional. No controlan el movimiento, pero s\u00ed influyeron decisivamente en su difusi\u00f3n en 2016. Su \u201cguerrilla cultural\u201d dio a Trump un lenguaje y una est\u00e9tica populista in\u00e9dita. Por \u00faltimo, est\u00e1 la vieja guardia republicana, que al principio lo resisti\u00f3, pero acab\u00f3 rindi\u00e9ndose a la evidencia: la base del partido era ya trumpista. Gobernadores, senadores y think tanks conservadores han adaptado su discurso para sobrevivir al hurac\u00e1n naranja. El trumpismo no surge de la nada. Se alimenta de varias tradiciones hist\u00f3ricas del conservadurismo americano, aunque las reinterpreta a su manera. Primero, el conservadurismo cl\u00e1sico de Barry Goldwater (1964), que defend\u00eda la libertad individual y la reducci\u00f3n del Estado. Trump mantiene la desconfianza hacia el gobierno, pero rompe con el libre comercio y el internacionalismo liberal. Luego, el reaganismo de los a\u00f1os ochenta, que uni\u00f3 liberalismo econ\u00f3mico, patriotismo y moral cristiana. Trump conserva el nacionalismo econ\u00f3mico, pero sustituye el optimismo de Reagan por un discurso de agravio y confrontaci\u00f3n. M\u00e1s cercana es la influencia del populismo de Buchanan y Ross Perot, que en los noventa denunciaban el TLCAN, la inmigraci\u00f3n y la p\u00e9rdida de soberan\u00eda. Aquella ret\u00f3rica anti-\u00e9lite fue un ensayo general del trumpismo. El Tea Party, nacido contra Obama, aport\u00f3 la energ\u00eda de base: ciudadanos hartos de impuestos, rescates y burocracia. Su ret\u00f3rica anti-Washington y su uso de las redes prepararon el terreno para la explosi\u00f3n digital del trumpismo. Y por debajo de todo late una tradici\u00f3n m\u00e1s antigua: el nacionalismo jacksoniano, que desde el siglo XIX exalta al hombre com\u00fan, el patriotismo y la desconfianza hacia las \u00e9lites. Trump, en esa genealog\u00eda, ser\u00eda una versi\u00f3n contempor\u00e1nea de Andrew Jackson: un outsider autoritario, plebeyo y orgullosamente antiintelectual. El estilo antes que la doctrina M\u00e1s que una ideolog\u00eda, el trumpismo es un estilo pol\u00edtico. No hay una doctrina sistem\u00e1tica, pero s\u00ed un hilo conductor claro: Nacionalismo econ\u00f3mico: \u201cBuy American, hire American\u201d. Desconfianza hacia el globalismo: rechazo a tratados comerciales, migraci\u00f3n e instituciones internacionales. Identidad cultural: defensa de la \u201cAm\u00e9rica real\u201d frente al progresismo urbano. Comunicaci\u00f3n directa: redes sociales, m\u00edtines, lenguaje simple, emocional y combativo. Autoridad fuerte: culto al l\u00edder, sospecha de las instituciones y preferencia por el orden frente al consenso. El movimiento que respalda a Trump ha sustituido la derecha del \u201cmercado libre y valores familiares\u201d por otra m\u00e1s nacionalista, populista y emocional. Su lema ya no es la libertad, sino la pertenencia; no el equilibrio institucional, sino la voluntad de poder. Su fuerza proviene de un malestar social real: desigualdad, crisis de identidad, p\u00e9rdida de estatus y desconfianza en la pol\u00edtica. Pero tambi\u00e9n de una narrativa eficaz: la idea de que hay un \u201cellos\u201d (las \u00e9lites globales) que roba el pa\u00eds a un \u201cnosotros\u201d (la Am\u00e9rica olvidada). Trump no invent\u00f3 ese malestar, pero lo convirti\u00f3 en identidad pol\u00edtica. Y aunque desapareciera ma\u00f1ana, el movimiento que lo sostiene \u2014la \u201crebeli\u00f3n de los descontentos\u201d\u2014 ha llegado para quedarse.<\/p>\n","protected":false},"author":77,"featured_media":92840,"comment_status":"open","ping_status":"open","sticky":false,"template":"","format":"standard","meta":{"_FSMCFIC_featured_image_caption":"","_FSMCFIC_featured_image_nocaption":"","_FSMCFIC_featured_image_hide":"","footnotes":""},"categories":[806],"tags":[967,3264],"class_list":["post-92838","post","type-post","status-publish","format-standard","has-post-thumbnail","hentry","category-punts-claus-del-dia-es","tag-trump-es","tag-trumpismo"],"yoast_head":"<!-- This site is optimized with the Yoast SEO plugin v26.8 - https:\/\/yoast.com\/product\/yoast-seo-wordpress\/ -->\n<title>La era Trump, el triunfo de los descontentos - Converses a Catalunya<\/title>\n<meta name=\"description\" content=\"El trumpismo es una coalici\u00f3n populista y anti-\u00e9lite, ha redefinido el conservadurismo estadounidense. Analizamos sus ra\u00edces y sus fuerzas.\" \/>\n<meta name=\"robots\" content=\"index, follow, max-snippet:-1, max-image-preview:large, max-video-preview:-1\" \/>\n<link rel=\"canonical\" href=\"https:\/\/conversesacatalunya.cat\/es\/la-era-trump-el-triunfo-de-los-descontentos\/\" \/>\n<meta property=\"og:locale\" content=\"es_ES\" \/>\n<meta property=\"og:type\" content=\"article\" \/>\n<meta property=\"og:title\" content=\"La era Trump, el triunfo de los descontentos - Converses a Catalunya\" \/>\n<meta property=\"og:description\" content=\"El trumpismo es una coalici\u00f3n populista y anti-\u00e9lite, ha redefinido el conservadurismo estadounidense. Analizamos sus ra\u00edces y sus fuerzas.\" \/>\n<meta property=\"og:url\" content=\"https:\/\/conversesacatalunya.cat\/es\/la-era-trump-el-triunfo-de-los-descontentos\/\" \/>\n<meta property=\"og:site_name\" content=\"Converses a Catalunya\" \/>\n<meta property=\"article:published_time\" content=\"2025-10-15T09:30:51+00:00\" \/>\n<meta property=\"article:modified_time\" content=\"2025-10-16T04:10:05+00:00\" \/>\n<meta property=\"og:image\" content=\"https:\/\/conversesacatalunya.cat\/wp-content\/uploads\/2025\/10\/trump.jpg\" \/>\n\t<meta property=\"og:image:width\" content=\"567\" \/>\n\t<meta property=\"og:image:height\" content=\"378\" \/>\n\t<meta property=\"og:image:type\" content=\"image\/jpeg\" \/>\n<meta name=\"author\" content=\"Enric Casanovas\" \/>\n<meta name=\"twitter:card\" content=\"summary_large_image\" \/>\n<meta name=\"twitter:label1\" content=\"Escrito por\" \/>\n\t<meta name=\"twitter:data1\" content=\"Enric Casanovas\" \/>\n\t<meta name=\"twitter:label2\" content=\"Tiempo de lectura\" \/>\n\t<meta name=\"twitter:data2\" content=\"5 minutos\" \/>\n<script type=\"application\/ld+json\" class=\"yoast-schema-graph\">{\"@context\":\"https:\/\/schema.org\",\"@graph\":[{\"@type\":\"Article\",\"@id\":\"https:\/\/conversesacatalunya.cat\/es\/la-era-trump-el-triunfo-de-los-descontentos\/#article\",\"isPartOf\":{\"@id\":\"https:\/\/conversesacatalunya.cat\/es\/la-era-trump-el-triunfo-de-los-descontentos\/\"},\"author\":{\"name\":\"Enric Casanovas\",\"@id\":\"https:\/\/conversesacatalunya.cat\/#\/schema\/person\/79bd0577b2f3afc8d6519d207c6e8609\"},\"headline\":\"La era Trump, el triunfo de los descontentos\",\"datePublished\":\"2025-10-15T09:30:51+00:00\",\"dateModified\":\"2025-10-16T04:10:05+00:00\",\"mainEntityOfPage\":{\"@id\":\"https:\/\/conversesacatalunya.cat\/es\/la-era-trump-el-triunfo-de-los-descontentos\/\"},\"wordCount\":1085,\"commentCount\":0,\"image\":{\"@id\":\"https:\/\/conversesacatalunya.cat\/es\/la-era-trump-el-triunfo-de-los-descontentos\/#primaryimage\"},\"thumbnailUrl\":\"https:\/\/conversesacatalunya.cat\/wp-content\/uploads\/2025\/10\/trump.jpg\",\"keywords\":[\"Trump\",\"trumpismo\"],\"articleSection\":[\"Punts clau del dia (ES)\"],\"inLanguage\":\"es\",\"potentialAction\":[{\"@type\":\"CommentAction\",\"name\":\"Comment\",\"target\":[\"https:\/\/conversesacatalunya.cat\/es\/la-era-trump-el-triunfo-de-los-descontentos\/#respond\"]}]},{\"@type\":\"WebPage\",\"@id\":\"https:\/\/conversesacatalunya.cat\/es\/la-era-trump-el-triunfo-de-los-descontentos\/\",\"url\":\"https:\/\/conversesacatalunya.cat\/es\/la-era-trump-el-triunfo-de-los-descontentos\/\",\"name\":\"La era Trump, el triunfo de los descontentos - Converses a Catalunya\",\"isPartOf\":{\"@id\":\"https:\/\/conversesacatalunya.cat\/#website\"},\"primaryImageOfPage\":{\"@id\":\"https:\/\/conversesacatalunya.cat\/es\/la-era-trump-el-triunfo-de-los-descontentos\/#primaryimage\"},\"image\":{\"@id\":\"https:\/\/conversesacatalunya.cat\/es\/la-era-trump-el-triunfo-de-los-descontentos\/#primaryimage\"},\"thumbnailUrl\":\"https:\/\/conversesacatalunya.cat\/wp-content\/uploads\/2025\/10\/trump.jpg\",\"datePublished\":\"2025-10-15T09:30:51+00:00\",\"dateModified\":\"2025-10-16T04:10:05+00:00\",\"author\":{\"@id\":\"https:\/\/conversesacatalunya.cat\/#\/schema\/person\/79bd0577b2f3afc8d6519d207c6e8609\"},\"description\":\"El trumpismo es una coalici\u00f3n populista y anti-\u00e9lite, ha redefinido el conservadurismo estadounidense. Analizamos sus ra\u00edces y sus fuerzas.\",\"breadcrumb\":{\"@id\":\"https:\/\/conversesacatalunya.cat\/es\/la-era-trump-el-triunfo-de-los-descontentos\/#breadcrumb\"},\"inLanguage\":\"es\",\"potentialAction\":[{\"@type\":\"ReadAction\",\"target\":[\"https:\/\/conversesacatalunya.cat\/es\/la-era-trump-el-triunfo-de-los-descontentos\/\"]}]},{\"@type\":\"ImageObject\",\"inLanguage\":\"es\",\"@id\":\"https:\/\/conversesacatalunya.cat\/es\/la-era-trump-el-triunfo-de-los-descontentos\/#primaryimage\",\"url\":\"https:\/\/conversesacatalunya.cat\/wp-content\/uploads\/2025\/10\/trump.jpg\",\"contentUrl\":\"https:\/\/conversesacatalunya.cat\/wp-content\/uploads\/2025\/10\/trump.jpg\",\"width\":567,\"height\":378,\"caption\":\"Trumpismo coalici\u00f3n populista\"},{\"@type\":\"BreadcrumbList\",\"@id\":\"https:\/\/conversesacatalunya.cat\/es\/la-era-trump-el-triunfo-de-los-descontentos\/#breadcrumb\",\"itemListElement\":[{\"@type\":\"ListItem\",\"position\":1,\"name\":\"Inici\",\"item\":\"https:\/\/conversesacatalunya.cat\/es\/\"},{\"@type\":\"ListItem\",\"position\":2,\"name\":\"La era Trump, el triunfo de los descontentos\"}]},{\"@type\":\"WebSite\",\"@id\":\"https:\/\/conversesacatalunya.cat\/#website\",\"url\":\"https:\/\/conversesacatalunya.cat\/\",\"name\":\"Converses a Catalunya\",\"description\":\"\",\"potentialAction\":[{\"@type\":\"SearchAction\",\"target\":{\"@type\":\"EntryPoint\",\"urlTemplate\":\"https:\/\/conversesacatalunya.cat\/?s={search_term_string}\"},\"query-input\":{\"@type\":\"PropertyValueSpecification\",\"valueRequired\":true,\"valueName\":\"search_term_string\"}}],\"inLanguage\":\"es\"},{\"@type\":\"Person\",\"@id\":\"https:\/\/conversesacatalunya.cat\/#\/schema\/person\/79bd0577b2f3afc8d6519d207c6e8609\",\"name\":\"Enric Casanovas\",\"image\":{\"@type\":\"ImageObject\",\"inLanguage\":\"es\",\"@id\":\"https:\/\/conversesacatalunya.cat\/#\/schema\/person\/image\/\",\"url\":\"https:\/\/conversesacatalunya.cat\/wp-content\/litespeed\/avatar\/7ae4379ad4421ec77820e92afd36dd78.jpg?ver=1777373933\",\"contentUrl\":\"https:\/\/conversesacatalunya.cat\/wp-content\/litespeed\/avatar\/7ae4379ad4421ec77820e92afd36dd78.jpg?ver=1777373933\",\"caption\":\"Enric Casanovas\"},\"url\":\"https:\/\/conversesacatalunya.cat\/es\/author\/enric-casanovas\/\"}]}<\/script>\n<!-- \/ Yoast SEO plugin. -->","yoast_head_json":{"title":"La era Trump, el triunfo de los descontentos - Converses a Catalunya","description":"El trumpismo es una coalici\u00f3n populista y anti-\u00e9lite, ha redefinido el conservadurismo estadounidense. Analizamos sus ra\u00edces y sus fuerzas.","robots":{"index":"index","follow":"follow","max-snippet":"max-snippet:-1","max-image-preview":"max-image-preview:large","max-video-preview":"max-video-preview:-1"},"canonical":"https:\/\/conversesacatalunya.cat\/es\/la-era-trump-el-triunfo-de-los-descontentos\/","og_locale":"es_ES","og_type":"article","og_title":"La era Trump, el triunfo de los descontentos - Converses a Catalunya","og_description":"El trumpismo es una coalici\u00f3n populista y anti-\u00e9lite, ha redefinido el conservadurismo estadounidense. Analizamos sus ra\u00edces y sus fuerzas.","og_url":"https:\/\/conversesacatalunya.cat\/es\/la-era-trump-el-triunfo-de-los-descontentos\/","og_site_name":"Converses a Catalunya","article_published_time":"2025-10-15T09:30:51+00:00","article_modified_time":"2025-10-16T04:10:05+00:00","og_image":[{"width":567,"height":378,"url":"https:\/\/conversesacatalunya.cat\/wp-content\/uploads\/2025\/10\/trump.jpg","type":"image\/jpeg"}],"author":"Enric Casanovas","twitter_card":"summary_large_image","twitter_misc":{"Escrito por":"Enric Casanovas","Tiempo de lectura":"5 minutos"},"schema":{"@context":"https:\/\/schema.org","@graph":[{"@type":"Article","@id":"https:\/\/conversesacatalunya.cat\/es\/la-era-trump-el-triunfo-de-los-descontentos\/#article","isPartOf":{"@id":"https:\/\/conversesacatalunya.cat\/es\/la-era-trump-el-triunfo-de-los-descontentos\/"},"author":{"name":"Enric Casanovas","@id":"https:\/\/conversesacatalunya.cat\/#\/schema\/person\/79bd0577b2f3afc8d6519d207c6e8609"},"headline":"La era Trump, el triunfo de los descontentos","datePublished":"2025-10-15T09:30:51+00:00","dateModified":"2025-10-16T04:10:05+00:00","mainEntityOfPage":{"@id":"https:\/\/conversesacatalunya.cat\/es\/la-era-trump-el-triunfo-de-los-descontentos\/"},"wordCount":1085,"commentCount":0,"image":{"@id":"https:\/\/conversesacatalunya.cat\/es\/la-era-trump-el-triunfo-de-los-descontentos\/#primaryimage"},"thumbnailUrl":"https:\/\/conversesacatalunya.cat\/wp-content\/uploads\/2025\/10\/trump.jpg","keywords":["Trump","trumpismo"],"articleSection":["Punts clau del dia (ES)"],"inLanguage":"es","potentialAction":[{"@type":"CommentAction","name":"Comment","target":["https:\/\/conversesacatalunya.cat\/es\/la-era-trump-el-triunfo-de-los-descontentos\/#respond"]}]},{"@type":"WebPage","@id":"https:\/\/conversesacatalunya.cat\/es\/la-era-trump-el-triunfo-de-los-descontentos\/","url":"https:\/\/conversesacatalunya.cat\/es\/la-era-trump-el-triunfo-de-los-descontentos\/","name":"La era Trump, el triunfo de los descontentos - Converses a Catalunya","isPartOf":{"@id":"https:\/\/conversesacatalunya.cat\/#website"},"primaryImageOfPage":{"@id":"https:\/\/conversesacatalunya.cat\/es\/la-era-trump-el-triunfo-de-los-descontentos\/#primaryimage"},"image":{"@id":"https:\/\/conversesacatalunya.cat\/es\/la-era-trump-el-triunfo-de-los-descontentos\/#primaryimage"},"thumbnailUrl":"https:\/\/conversesacatalunya.cat\/wp-content\/uploads\/2025\/10\/trump.jpg","datePublished":"2025-10-15T09:30:51+00:00","dateModified":"2025-10-16T04:10:05+00:00","author":{"@id":"https:\/\/conversesacatalunya.cat\/#\/schema\/person\/79bd0577b2f3afc8d6519d207c6e8609"},"description":"El trumpismo es una coalici\u00f3n populista y anti-\u00e9lite, ha redefinido el conservadurismo estadounidense. Analizamos sus ra\u00edces y sus fuerzas.","breadcrumb":{"@id":"https:\/\/conversesacatalunya.cat\/es\/la-era-trump-el-triunfo-de-los-descontentos\/#breadcrumb"},"inLanguage":"es","potentialAction":[{"@type":"ReadAction","target":["https:\/\/conversesacatalunya.cat\/es\/la-era-trump-el-triunfo-de-los-descontentos\/"]}]},{"@type":"ImageObject","inLanguage":"es","@id":"https:\/\/conversesacatalunya.cat\/es\/la-era-trump-el-triunfo-de-los-descontentos\/#primaryimage","url":"https:\/\/conversesacatalunya.cat\/wp-content\/uploads\/2025\/10\/trump.jpg","contentUrl":"https:\/\/conversesacatalunya.cat\/wp-content\/uploads\/2025\/10\/trump.jpg","width":567,"height":378,"caption":"Trumpismo coalici\u00f3n populista"},{"@type":"BreadcrumbList","@id":"https:\/\/conversesacatalunya.cat\/es\/la-era-trump-el-triunfo-de-los-descontentos\/#breadcrumb","itemListElement":[{"@type":"ListItem","position":1,"name":"Inici","item":"https:\/\/conversesacatalunya.cat\/es\/"},{"@type":"ListItem","position":2,"name":"La era Trump, el triunfo de los descontentos"}]},{"@type":"WebSite","@id":"https:\/\/conversesacatalunya.cat\/#website","url":"https:\/\/conversesacatalunya.cat\/","name":"Converses a Catalunya","description":"","potentialAction":[{"@type":"SearchAction","target":{"@type":"EntryPoint","urlTemplate":"https:\/\/conversesacatalunya.cat\/?s={search_term_string}"},"query-input":{"@type":"PropertyValueSpecification","valueRequired":true,"valueName":"search_term_string"}}],"inLanguage":"es"},{"@type":"Person","@id":"https:\/\/conversesacatalunya.cat\/#\/schema\/person\/79bd0577b2f3afc8d6519d207c6e8609","name":"Enric Casanovas","image":{"@type":"ImageObject","inLanguage":"es","@id":"https:\/\/conversesacatalunya.cat\/#\/schema\/person\/image\/","url":"https:\/\/conversesacatalunya.cat\/wp-content\/litespeed\/avatar\/7ae4379ad4421ec77820e92afd36dd78.jpg?ver=1777373933","contentUrl":"https:\/\/conversesacatalunya.cat\/wp-content\/litespeed\/avatar\/7ae4379ad4421ec77820e92afd36dd78.jpg?ver=1777373933","caption":"Enric Casanovas"},"url":"https:\/\/conversesacatalunya.cat\/es\/author\/enric-casanovas\/"}]}},"wps_subtitle":"El movimiento que respalda a Trump ha sustituido la derecha del \u201cmercado libre y valores familiares\u201d por otra m\u00e1s nacionalista, populista y emocional.","_links":{"self":[{"href":"https:\/\/conversesacatalunya.cat\/es\/wp-json\/wp\/v2\/posts\/92838","targetHints":{"allow":["GET"]}}],"collection":[{"href":"https:\/\/conversesacatalunya.cat\/es\/wp-json\/wp\/v2\/posts"}],"about":[{"href":"https:\/\/conversesacatalunya.cat\/es\/wp-json\/wp\/v2\/types\/post"}],"author":[{"embeddable":true,"href":"https:\/\/conversesacatalunya.cat\/es\/wp-json\/wp\/v2\/users\/77"}],"replies":[{"embeddable":true,"href":"https:\/\/conversesacatalunya.cat\/es\/wp-json\/wp\/v2\/comments?post=92838"}],"version-history":[{"count":5,"href":"https:\/\/conversesacatalunya.cat\/es\/wp-json\/wp\/v2\/posts\/92838\/revisions"}],"predecessor-version":[{"id":92844,"href":"https:\/\/conversesacatalunya.cat\/es\/wp-json\/wp\/v2\/posts\/92838\/revisions\/92844"}],"wp:featuredmedia":[{"embeddable":true,"href":"https:\/\/conversesacatalunya.cat\/es\/wp-json\/wp\/v2\/media\/92840"}],"wp:attachment":[{"href":"https:\/\/conversesacatalunya.cat\/es\/wp-json\/wp\/v2\/media?parent=92838"}],"wp:term":[{"taxonomy":"category","embeddable":true,"href":"https:\/\/conversesacatalunya.cat\/es\/wp-json\/wp\/v2\/categories?post=92838"},{"taxonomy":"post_tag","embeddable":true,"href":"https:\/\/conversesacatalunya.cat\/es\/wp-json\/wp\/v2\/tags?post=92838"}],"curies":[{"name":"wp","href":"https:\/\/api.w.org\/{rel}","templated":true}]}}