{"id":92590,"date":"2025-10-06T10:26:58","date_gmt":"2025-10-06T08:26:58","guid":{"rendered":"https:\/\/conversesacatalunya.cat\/?p=92590"},"modified":"2025-10-09T04:49:04","modified_gmt":"2025-10-09T02:49:04","slug":"cronica-de-2035-cuando-la-vanguardia-se-hizo-corriente","status":"publish","type":"post","link":"https:\/\/conversesacatalunya.cat\/es\/cronica-de-2035-cuando-la-vanguardia-se-hizo-corriente\/","title":{"rendered":"Cr\u00f3nica de 2035: Cuando la vanguardia se hizo corriente"},"content":{"rendered":"<p><span dir=\"auto\"><span class=\"VIpgJd-yAWNEb-VIpgJd-fmcmS-sn54Q\" dir=\"auto\">Cuando a finales de los a\u00f1os veinte del siglo XXI la pol\u00edtica europea y espa\u00f1ola entr\u00f3 en su fase m\u00e1s decadente, pocos pod\u00edan imaginar que el vac\u00edo cultural y moral no lo llenar\u00edan ni los populismos de derecha ni los progresismos agotados, sino una fuerza inesperada: una<span>\u00a0<\/span><\/span><\/span><span dir=\"auto\"><span class=\"VIpgJd-yAWNEb-VIpgJd-fmcmS-sn54Q\" dir=\"auto\"><a href=\"https:\/\/elcorrent.org\/es\/\" target=\"_blank\" rel=\"noopener\">vanguardia cultural de ra\u00edz cristiana, no confesional<\/a>,<\/span><\/span><span dir=\"auto\"><span class=\"VIpgJd-yAWNEb-VIpgJd-fmcmS-sn54Q\" dir=\"auto\"> que en una d\u00e9cada se transforma en una corriente principal.<\/span><\/span><\/p>\n<p><strong><span dir=\"auto\"><span class=\"VIpgJd-yAWNEb-VIpgJd-fmcmS-sn54Q\" dir=\"auto\">Todo empez\u00f3 en medio de la crisis de<span>\u00a0<\/span><\/span><\/span><span dir=\"auto\"><span class=\"VIpgJd-yAWNEb-VIpgJd-fmcmS-sn54Q\" dir=\"auto\"><a href=\"https:\/\/conversesacatalunya.cat\/es\/la-corrientr-social-cristiana-alerta-sobre-el-riesgo-que-vive-la-democracia-en-espana\/\" target=\"_blank\" rel=\"noopener\">legitimidad del sistema<\/a>.<\/span><\/span><\/strong><span dir=\"auto\"><span class=\"VIpgJd-yAWNEb-VIpgJd-fmcmS-sn54Q\" dir=\"auto\"><span>\u00a0<\/span>En Espa\u00f1a, el sanchismo hab\u00eda convertido al Estado en un mecanismo de autopreservaci\u00f3n partidista, mientras en Catalu\u00f1a el <em>proc\u00e9s<\/em> hab\u00eda dejado un desierto moral y pol\u00edtico. Europa, por su parte, ahogada en tecnocracia y discursos vac\u00edos, se enfrentaba a un problema m\u00e1s grave: la p\u00e9rdida de sentido y un belicismo redescubierto y suicida.<\/span><\/span><\/p>\n<p><span dir=\"auto\">En ese vac\u00edo, un peque\u00f1o grupo de personas comprometidas, de intelectuales, educadores y activistas, decidi\u00f3 que la respuesta no pod\u00eda ser ni m\u00e1s crispaci\u00f3n, ni m\u00e1s tecnocracia, ni m\u00e1s demagogia. No pod\u00eda ser continuar con la partitocracia que nos ahoga. Hab\u00eda que recuperar las ra\u00edces humanistas y cristianas de Europa, pero sin caer en confesionalismos.<span>\u00a0<\/span><\/span><strong><span dir=\"auto\">Hablaban de comunidad, de familia, de bien com\u00fan, de virtudes, de regeneraci\u00f3n.<\/span><\/strong><span dir=\"auto\"><span>\u00a0<\/span>Y, sobre todo, supieron traducir ese lenguaje antiguo en nuevos s\u00edmbolos, y proyectos pol\u00edticos conectados con las necesidades de la gente.<\/span><\/p>\n<p><strong><span dir=\"auto\"><span class=\"VIpgJd-yAWNEb-VIpgJd-fmcmS-sn54Q\" dir=\"auto\">Los primeros a\u00f1os (2025\u20132028)<\/span><\/span><\/strong><span dir=\"auto\"><span class=\"VIpgJd-yAWNEb-VIpgJd-fmcmS-sn54Q\" dir=\"auto\"> fueron los m\u00e1s dif\u00edciles. Revistas digitales le\u00eddas solo por unos pocos miles, escuelas de liderazgo que reun\u00edan a treinta j\u00f3venes en un casal parroquial, p\u00f3dcast que sonaban a clandestinidad cultural. Pero en esa oscuridad empez\u00f3 a latir otra manera de entender el futuro.<\/span><\/span><\/p>\n<p><strong><span dir=\"auto\"><span class=\"VIpgJd-yAWNEb-VIpgJd-fmcmS-sn54Q\" dir=\"auto\">Entre 2028 y 2032,<\/span><\/span><\/strong><span dir=\"auto\"><span class=\"VIpgJd-yAWNEb-VIpgJd-fmcmS-sn54Q\" dir=\"auto\">\u00a0la vanguardia dio el salto. Las primeras promociones de esa escuela de l\u00edderes hab\u00edan creado redes locales: asociaciones vecinales, cooperativas de consumo, plataformas juveniles creativas. Artistas cansados \u200b\u200bdel discurso woke encontraban en esa propuesta un nuevo hilo narrativo. En algunos barrios, la presencia era tan visible que ya no parec\u00eda un movimiento minoritario, sino un tejido c\u00edvico con vida propia.<\/span><\/span><\/p>\n<p><span dir=\"auto\"><span class=\"VIpgJd-yAWNEb-VIpgJd-fmcmS-sn54Q\" dir=\"auto\">Mientras, los populismos de derecha mostraban sus limitaciones: criticar sin proponer, movilizar sin construir. Los gobiernos progresistas, por su parte, ahogados en contradicciones internas, no sab\u00edan responder al colapso educativo, demogr\u00e1fico y social. La sociedad, en cambio, empezaba a mirar hacia ese nuevo relato que no gritaba, sino que<span>\u00a0<\/span><\/span><\/span><strong><span dir=\"auto\"><span class=\"VIpgJd-yAWNEb-VIpgJd-fmcmS-sn54Q\" dir=\"auto\">propon\u00eda vida y sentido.<\/span><\/span><\/strong><\/p>\n<p><strong><span dir=\"auto\"><span class=\"VIpgJd-yAWNEb-VIpgJd-fmcmS-sn54Q\" dir=\"auto\">El punto de inflexi\u00f3n lleg\u00f3 alrededor del 2031.<\/span><\/span><\/strong><span dir=\"auto\"><span class=\"VIpgJd-yAWNEb-VIpgJd-fmcmS-sn54Q\" dir=\"auto\"> Varias candidaturas locales inspiradas en esta corriente ganaron ayuntamientos por doquier, y all\u00ed demostraron que no solo sab\u00edan hablar, sino tambi\u00e9n gestionar con coherencia y transparencia. Educaci\u00f3n, vivienda asequible, soporte a familias y econom\u00eda productiva se convirtieron en su sello. Antes,<span>\u00a0<\/span><\/span><\/span><strong><span dir=\"auto\"><span class=\"VIpgJd-yAWNEb-VIpgJd-fmcmS-sn54Q\" dir=\"auto\">en 2028<\/span><\/span><\/strong><span dir=\"auto\"><span class=\"VIpgJd-yAWNEb-VIpgJd-fmcmS-sn54Q\" dir=\"auto\"><span>\u00a0<\/span>hab\u00edan presentado una lista c\u00edvica a las elecciones catalanas con un buen resultado y en las municipales de<span>\u00a0<\/span><\/span><\/span><strong><span dir=\"auto\"><span class=\"VIpgJd-yAWNEb-VIpgJd-fmcmS-sn54Q\" dir=\"auto\">2027<\/span><\/span><\/strong><span dir=\"auto\"><span class=\"VIpgJd-yAWNEb-VIpgJd-fmcmS-sn54Q\" dir=\"auto\"><span>\u00a0<\/span>se hab\u00edan hecho presentes en un conjunto de ayuntamientos seleccionados.<\/span><\/span><\/p>\n<p><span dir=\"auto\"><span class=\"VIpgJd-yAWNEb-VIpgJd-fmcmS-sn54Q\" dir=\"auto\">Y as\u00ed, en una d\u00e9cada, lo que hab\u00eda comenzado como una<span>\u00a0<\/span><\/span><\/span><strong><span dir=\"auto\"><span class=\"VIpgJd-yAWNEb-VIpgJd-fmcmS-sn54Q\" dir=\"auto\">vanguardia cultural dispersa<\/span><\/span><\/strong><span dir=\"auto\"><span class=\"VIpgJd-yAWNEb-VIpgJd-fmcmS-sn54Q\" dir=\"auto\"><span>\u00a0<\/span>se convirti\u00f3 en una<span>\u00a0<\/span><\/span><\/span><strong><span dir=\"auto\"><span class=\"VIpgJd-yAWNEb-VIpgJd-fmcmS-sn54Q\" dir=\"auto\">corriente pol\u00edtica y cultural central.<\/span><\/span><\/strong><span dir=\"auto\"><span class=\"VIpgJd-yAWNEb-VIpgJd-fmcmS-sn54Q\" dir=\"auto\">\u00a0\u00bfEl secreto? No competir en el terreno de la crispaci\u00f3n, sino abrir un nuevo camino: recuperar las ra\u00edces cristianas para regenerar el futuro, no para restaurar el pasado.<\/span><\/span><\/p>\n<p><strong><span dir=\"auto\"><span class=\"VIpgJd-yAWNEb-VIpgJd-fmcmS-sn54Q\" dir=\"auto\">Hoy, en 2035, podemos decir que la historia de la vanguardia cristiana no confesional nos recuerda que las transformaciones decisivas no se improvisan: se cuecen lentamente, a fuego cultural, hasta que llegan a ser corriente principal.<\/span><\/span><\/strong><\/p>\n<span class='bctt-click-to-tweet'><span class='bctt-ctt-text'><a href='https:\/\/twitter.com\/intent\/tweet?url=https%3A%2F%2Fconversesacatalunya.cat%2Fes%2Fcronica-de-2035-cuando-la-vanguardia-se-hizo-corriente%2F&#038;text=Como%20una%20vanguardia%20cristiana%20no%20confesional%2C%20pas%C3%B3%20de%20minor%C3%ADa%20clandestina%20a%20corriente%20principal%20en%20Europa%20y%20Espa%C3%B1a%20entre%202025%20y%202035&#038;via=conversesacat&#038;related=conversesacat' target='_blank'rel=\"noopener noreferrer\">Como una vanguardia cristiana no confesional, pas\u00f3 de minor\u00eda clandestina a corriente principal en Europa y Espa\u00f1a entre 2025 y 2035 <\/a><\/span><a href='https:\/\/twitter.com\/intent\/tweet?url=https%3A%2F%2Fconversesacatalunya.cat%2Fes%2Fcronica-de-2035-cuando-la-vanguardia-se-hizo-corriente%2F&#038;text=Como%20una%20vanguardia%20cristiana%20no%20confesional%2C%20pas%C3%B3%20de%20minor%C3%ADa%20clandestina%20a%20corriente%20principal%20en%20Europa%20y%20Espa%C3%B1a%20entre%202025%20y%202035&#038;via=conversesacat&#038;related=conversesacat' target='_blank' class='bctt-ctt-btn'rel=\"noopener noreferrer\">Compartir en X<\/a><\/span>\n<div id=\"polls-299\" class=\"wp-polls\">\n\t<form id=\"polls_form_299\" class=\"wp-polls-form\" action=\"\/index.php\" method=\"post\">\n\t\t<p style=\"display: none;\"><input type=\"hidden\" id=\"poll_299_nonce\" name=\"wp-polls-nonce\" value=\"acf4c87786\" \/><\/p>\n\t\t<p style=\"display: none;\"><input type=\"hidden\" name=\"poll_id\" value=\"299\" \/><\/p>\n\t\t<p style=\"text-align: center\"><strong>El president S\u00e1nchez ha anunciat que vol introduir el dret a l'avortament a la Constituci\u00f3. Est\u00e0s d'acord?<\/strong><\/p><div id=\"polls-299-ans\" class=\"wp-polls-ans\"><ul class=\"wp-polls-ul\">\n\t\t<li><input type=\"radio\" id=\"poll-answer-854\" name=\"poll_299\" value=\"854\" \/> <label for=\"poll-answer-854\">S\u00ed<\/label><\/li>\n\t\t<li><input type=\"radio\" id=\"poll-answer-855\" name=\"poll_299\" value=\"855\" \/> <label for=\"poll-answer-855\">No<\/label><\/li>\n\t\t<li><input type=\"radio\" id=\"poll-answer-856\" name=\"poll_299\" value=\"856\" \/> <label for=\"poll-answer-856\">No ho s\u00e9<\/label><\/li>\n\t\t<\/ul><p style=\"text-align: center\"><input type=\"button\" name=\"vote\" value=\"   Vota   \" class=\"Buttons\" onclick=\"poll_vote(299);\" \/><\/p><p style=\"text-align: center\"><a href=\"#ViewPollResults\" onclick=\"poll_result(299); return false;\" title=\"View Results Of This Poll\">Mira els resultats<\/a><\/p><\/div>\n\t<\/form>\n<\/div>\n<div id=\"polls-299-loading\" class=\"wp-polls-loading\"><img decoding=\"async\" data-src=\"https:\/\/conversesacatalunya.cat\/wp-content\/plugins\/wp-polls\/images\/loading.gif\" width=\"16\" height=\"16\" alt=\"Cargando ...\" title=\"Cargando ...\" class=\"wp-polls-image lazyload\" src=\"data:image\/svg+xml;base64,PHN2ZyB3aWR0aD0iMSIgaGVpZ2h0PSIxIiB4bWxucz0iaHR0cDovL3d3dy53My5vcmcvMjAwMC9zdmciPjwvc3ZnPg==\" style=\"--smush-placeholder-width: 16px; --smush-placeholder-aspect-ratio: 16\/16;\" \/>&nbsp;Cargando ...<\/div>\n\n","protected":false},"excerpt":{"rendered":"<p>Cuando a finales de los a\u00f1os veinte del siglo XXI la pol\u00edtica europea y espa\u00f1ola entr\u00f3 en su fase m\u00e1s decadente, pocos pod\u00edan imaginar que el vac\u00edo cultural y moral no lo llenar\u00edan ni los populismos de derecha ni los progresismos agotados, sino una fuerza inesperada: una\u00a0vanguardia cultural de ra\u00edz cristiana, no confesional, que en una d\u00e9cada se transforma en una corriente principal. Todo empez\u00f3 en medio de la crisis de\u00a0legitimidad del sistema.\u00a0En Espa\u00f1a, el sanchismo hab\u00eda convertido al Estado en un mecanismo de autopreservaci\u00f3n partidista, mientras en Catalu\u00f1a el proc\u00e9s hab\u00eda dejado un desierto moral y pol\u00edtico. Europa, por su parte, ahogada en tecnocracia y discursos vac\u00edos, se enfrentaba a un problema m\u00e1s grave: la p\u00e9rdida de sentido y un belicismo redescubierto y suicida. En ese vac\u00edo, un peque\u00f1o grupo de personas comprometidas, de intelectuales, educadores y activistas, decidi\u00f3 que la respuesta no pod\u00eda ser ni m\u00e1s crispaci\u00f3n, ni m\u00e1s tecnocracia, ni m\u00e1s demagogia. No pod\u00eda ser continuar con la partitocracia que nos ahoga. Hab\u00eda que recuperar las ra\u00edces humanistas y cristianas de Europa, pero sin caer en confesionalismos.\u00a0Hablaban de comunidad, de familia, de bien com\u00fan, de virtudes, de regeneraci\u00f3n.\u00a0Y, sobre todo, supieron traducir ese lenguaje antiguo en nuevos s\u00edmbolos, y proyectos pol\u00edticos conectados con las necesidades de la gente. Los primeros a\u00f1os (2025\u20132028) fueron los m\u00e1s dif\u00edciles. Revistas digitales le\u00eddas solo por unos pocos miles, escuelas de liderazgo que reun\u00edan a treinta j\u00f3venes en un casal parroquial, p\u00f3dcast que sonaban a clandestinidad cultural. Pero en esa oscuridad empez\u00f3 a latir otra manera de entender el futuro. Entre 2028 y 2032,\u00a0la vanguardia dio el salto. Las primeras promociones de esa escuela de l\u00edderes hab\u00edan creado redes locales: asociaciones vecinales, cooperativas de consumo, plataformas juveniles creativas. Artistas cansados \u200b\u200bdel discurso woke encontraban en esa propuesta un nuevo hilo narrativo. En algunos barrios, la presencia era tan visible que ya no parec\u00eda un movimiento minoritario, sino un tejido c\u00edvico con vida propia. Mientras, los populismos de derecha mostraban sus limitaciones: criticar sin proponer, movilizar sin construir. Los gobiernos progresistas, por su parte, ahogados en contradicciones internas, no sab\u00edan responder al colapso educativo, demogr\u00e1fico y social. La sociedad, en cambio, empezaba a mirar hacia ese nuevo relato que no gritaba, sino que\u00a0propon\u00eda vida y sentido. El punto de inflexi\u00f3n lleg\u00f3 alrededor del 2031. Varias candidaturas locales inspiradas en esta corriente ganaron ayuntamientos por doquier, y all\u00ed demostraron que no solo sab\u00edan hablar, sino tambi\u00e9n gestionar con coherencia y transparencia. Educaci\u00f3n, vivienda asequible, soporte a familias y econom\u00eda productiva se convirtieron en su sello. Antes,\u00a0en 2028\u00a0hab\u00edan presentado una lista c\u00edvica a las elecciones catalanas con un buen resultado y en las municipales de\u00a02027\u00a0se hab\u00edan hecho presentes en un conjunto de ayuntamientos seleccionados. Y as\u00ed, en una d\u00e9cada, lo que hab\u00eda comenzado como una\u00a0vanguardia cultural dispersa\u00a0se convirti\u00f3 en una\u00a0corriente pol\u00edtica y cultural central.\u00a0\u00bfEl secreto? No competir en el terreno de la crispaci\u00f3n, sino abrir un nuevo camino: recuperar las ra\u00edces cristianas para regenerar el futuro, no para restaurar el pasado. Hoy, en 2035, podemos decir que la historia de la vanguardia cristiana no confesional nos recuerda que las transformaciones decisivas no se improvisan: se cuecen lentamente, a fuego cultural, hasta que llegan a ser corriente principal.<\/p>\n","protected":false},"author":78,"featured_media":92588,"comment_status":"open","ping_status":"open","sticky":false,"template":"","format":"standard","meta":{"_FSMCFIC_featured_image_caption":"","_FSMCFIC_featured_image_nocaption":"","_FSMCFIC_featured_image_hide":"","footnotes":""},"categories":[806],"tags":[5217,5426],"class_list":["post-92590","post","type-post","status-publish","format-standard","has-post-thumbnail","hentry","category-punts-claus-del-dia-es","tag-corrent-social-cristia-es","tag-corriente-social-cristiana"],"yoast_head":"<!-- This site is optimized with the Yoast SEO plugin v26.8 - https:\/\/yoast.com\/product\/yoast-seo-wordpress\/ -->\n<title>Cr\u00f3nica de 2035: Cuando la vanguardia se hizo corriente - Converses a Catalunya<\/title>\n<meta name=\"description\" content=\"Como una vanguardia cristiana no confesional pas\u00f3 de minor\u00eda clandestina a corriente principal en Europa y Espa\u00f1a entre 2025 y 2035.\" \/>\n<meta name=\"robots\" content=\"index, follow, max-snippet:-1, max-image-preview:large, max-video-preview:-1\" \/>\n<link rel=\"canonical\" href=\"https:\/\/conversesacatalunya.cat\/es\/cronica-de-2035-cuando-la-vanguardia-se-hizo-corriente\/\" \/>\n<meta property=\"og:locale\" content=\"es_ES\" \/>\n<meta property=\"og:type\" content=\"article\" \/>\n<meta property=\"og:title\" content=\"Cr\u00f3nica de 2035: Cuando la vanguardia se hizo corriente - Converses a Catalunya\" \/>\n<meta property=\"og:description\" content=\"Como una vanguardia cristiana no confesional pas\u00f3 de minor\u00eda clandestina a corriente principal en Europa y Espa\u00f1a entre 2025 y 2035.\" \/>\n<meta property=\"og:url\" content=\"https:\/\/conversesacatalunya.cat\/es\/cronica-de-2035-cuando-la-vanguardia-se-hizo-corriente\/\" \/>\n<meta property=\"og:site_name\" content=\"Converses a Catalunya\" \/>\n<meta property=\"article:published_time\" content=\"2025-10-06T08:26:58+00:00\" \/>\n<meta property=\"article:modified_time\" content=\"2025-10-09T02:49:04+00:00\" \/>\n<meta property=\"og:image\" content=\"https:\/\/conversesacatalunya.cat\/wp-content\/uploads\/2025\/10\/Captura-1.jpg\" \/>\n\t<meta property=\"og:image:width\" content=\"585\" \/>\n\t<meta property=\"og:image:height\" content=\"278\" \/>\n\t<meta property=\"og:image:type\" content=\"image\/jpeg\" \/>\n<meta name=\"author\" content=\"Joan Masip\" \/>\n<meta name=\"twitter:card\" content=\"summary_large_image\" \/>\n<meta name=\"twitter:label1\" content=\"Escrito por\" \/>\n\t<meta name=\"twitter:data1\" content=\"Joan Masip\" \/>\n\t<meta name=\"twitter:label2\" content=\"Tiempo de lectura\" \/>\n\t<meta name=\"twitter:data2\" content=\"3 minutos\" \/>\n<script type=\"application\/ld+json\" class=\"yoast-schema-graph\">{\"@context\":\"https:\/\/schema.org\",\"@graph\":[{\"@type\":\"Article\",\"@id\":\"https:\/\/conversesacatalunya.cat\/es\/cronica-de-2035-cuando-la-vanguardia-se-hizo-corriente\/#article\",\"isPartOf\":{\"@id\":\"https:\/\/conversesacatalunya.cat\/es\/cronica-de-2035-cuando-la-vanguardia-se-hizo-corriente\/\"},\"author\":{\"name\":\"Joan Masip\",\"@id\":\"https:\/\/conversesacatalunya.cat\/#\/schema\/person\/311d0bf53def217d5124c78a7bc42275\"},\"headline\":\"Cr\u00f3nica de 2035: Cuando la vanguardia se hizo corriente\",\"datePublished\":\"2025-10-06T08:26:58+00:00\",\"dateModified\":\"2025-10-09T02:49:04+00:00\",\"mainEntityOfPage\":{\"@id\":\"https:\/\/conversesacatalunya.cat\/es\/cronica-de-2035-cuando-la-vanguardia-se-hizo-corriente\/\"},\"wordCount\":636,\"commentCount\":0,\"image\":{\"@id\":\"https:\/\/conversesacatalunya.cat\/es\/cronica-de-2035-cuando-la-vanguardia-se-hizo-corriente\/#primaryimage\"},\"thumbnailUrl\":\"https:\/\/conversesacatalunya.cat\/wp-content\/uploads\/2025\/10\/Captura-1.jpg\",\"keywords\":[\"Corrent social cristi\u00e0\",\"corriente social cristiana\"],\"articleSection\":[\"Punts clau del dia (ES)\"],\"inLanguage\":\"es\",\"potentialAction\":[{\"@type\":\"CommentAction\",\"name\":\"Comment\",\"target\":[\"https:\/\/conversesacatalunya.cat\/es\/cronica-de-2035-cuando-la-vanguardia-se-hizo-corriente\/#respond\"]}]},{\"@type\":\"WebPage\",\"@id\":\"https:\/\/conversesacatalunya.cat\/es\/cronica-de-2035-cuando-la-vanguardia-se-hizo-corriente\/\",\"url\":\"https:\/\/conversesacatalunya.cat\/es\/cronica-de-2035-cuando-la-vanguardia-se-hizo-corriente\/\",\"name\":\"Cr\u00f3nica de 2035: Cuando la vanguardia se hizo corriente - Converses a Catalunya\",\"isPartOf\":{\"@id\":\"https:\/\/conversesacatalunya.cat\/#website\"},\"primaryImageOfPage\":{\"@id\":\"https:\/\/conversesacatalunya.cat\/es\/cronica-de-2035-cuando-la-vanguardia-se-hizo-corriente\/#primaryimage\"},\"image\":{\"@id\":\"https:\/\/conversesacatalunya.cat\/es\/cronica-de-2035-cuando-la-vanguardia-se-hizo-corriente\/#primaryimage\"},\"thumbnailUrl\":\"https:\/\/conversesacatalunya.cat\/wp-content\/uploads\/2025\/10\/Captura-1.jpg\",\"datePublished\":\"2025-10-06T08:26:58+00:00\",\"dateModified\":\"2025-10-09T02:49:04+00:00\",\"author\":{\"@id\":\"https:\/\/conversesacatalunya.cat\/#\/schema\/person\/311d0bf53def217d5124c78a7bc42275\"},\"description\":\"Como una vanguardia cristiana no confesional pas\u00f3 de minor\u00eda clandestina a corriente principal en Europa y Espa\u00f1a entre 2025 y 2035.\",\"breadcrumb\":{\"@id\":\"https:\/\/conversesacatalunya.cat\/es\/cronica-de-2035-cuando-la-vanguardia-se-hizo-corriente\/#breadcrumb\"},\"inLanguage\":\"es\",\"potentialAction\":[{\"@type\":\"ReadAction\",\"target\":[\"https:\/\/conversesacatalunya.cat\/es\/cronica-de-2035-cuando-la-vanguardia-se-hizo-corriente\/\"]}]},{\"@type\":\"ImageObject\",\"inLanguage\":\"es\",\"@id\":\"https:\/\/conversesacatalunya.cat\/es\/cronica-de-2035-cuando-la-vanguardia-se-hizo-corriente\/#primaryimage\",\"url\":\"https:\/\/conversesacatalunya.cat\/wp-content\/uploads\/2025\/10\/Captura-1.jpg\",\"contentUrl\":\"https:\/\/conversesacatalunya.cat\/wp-content\/uploads\/2025\/10\/Captura-1.jpg\",\"width\":585,\"height\":278,\"caption\":\"Vanguardia cristiana no confesional\"},{\"@type\":\"BreadcrumbList\",\"@id\":\"https:\/\/conversesacatalunya.cat\/es\/cronica-de-2035-cuando-la-vanguardia-se-hizo-corriente\/#breadcrumb\",\"itemListElement\":[{\"@type\":\"ListItem\",\"position\":1,\"name\":\"Inici\",\"item\":\"https:\/\/conversesacatalunya.cat\/es\/\"},{\"@type\":\"ListItem\",\"position\":2,\"name\":\"Cr\u00f3nica de 2035: Cuando la vanguardia se hizo corriente\"}]},{\"@type\":\"WebSite\",\"@id\":\"https:\/\/conversesacatalunya.cat\/#website\",\"url\":\"https:\/\/conversesacatalunya.cat\/\",\"name\":\"Converses a Catalunya\",\"description\":\"\",\"potentialAction\":[{\"@type\":\"SearchAction\",\"target\":{\"@type\":\"EntryPoint\",\"urlTemplate\":\"https:\/\/conversesacatalunya.cat\/?s={search_term_string}\"},\"query-input\":{\"@type\":\"PropertyValueSpecification\",\"valueRequired\":true,\"valueName\":\"search_term_string\"}}],\"inLanguage\":\"es\"},{\"@type\":\"Person\",\"@id\":\"https:\/\/conversesacatalunya.cat\/#\/schema\/person\/311d0bf53def217d5124c78a7bc42275\",\"name\":\"Joan Masip\",\"image\":{\"@type\":\"ImageObject\",\"inLanguage\":\"es\",\"@id\":\"https:\/\/conversesacatalunya.cat\/#\/schema\/person\/image\/\",\"url\":\"https:\/\/conversesacatalunya.cat\/wp-content\/litespeed\/avatar\/fa67b994763cff7d443f54b63ec96481.jpg?ver=1776767678\",\"contentUrl\":\"https:\/\/conversesacatalunya.cat\/wp-content\/litespeed\/avatar\/fa67b994763cff7d443f54b63ec96481.jpg?ver=1776767678\",\"caption\":\"Joan Masip\"},\"url\":\"https:\/\/conversesacatalunya.cat\/es\/author\/joan-masip\/\"}]}<\/script>\n<!-- \/ Yoast SEO plugin. -->","yoast_head_json":{"title":"Cr\u00f3nica de 2035: Cuando la vanguardia se hizo corriente - Converses a Catalunya","description":"Como una vanguardia cristiana no confesional pas\u00f3 de minor\u00eda clandestina a corriente principal en Europa y Espa\u00f1a entre 2025 y 2035.","robots":{"index":"index","follow":"follow","max-snippet":"max-snippet:-1","max-image-preview":"max-image-preview:large","max-video-preview":"max-video-preview:-1"},"canonical":"https:\/\/conversesacatalunya.cat\/es\/cronica-de-2035-cuando-la-vanguardia-se-hizo-corriente\/","og_locale":"es_ES","og_type":"article","og_title":"Cr\u00f3nica de 2035: Cuando la vanguardia se hizo corriente - Converses a Catalunya","og_description":"Como una vanguardia cristiana no confesional pas\u00f3 de minor\u00eda clandestina a corriente principal en Europa y Espa\u00f1a entre 2025 y 2035.","og_url":"https:\/\/conversesacatalunya.cat\/es\/cronica-de-2035-cuando-la-vanguardia-se-hizo-corriente\/","og_site_name":"Converses a Catalunya","article_published_time":"2025-10-06T08:26:58+00:00","article_modified_time":"2025-10-09T02:49:04+00:00","og_image":[{"width":585,"height":278,"url":"https:\/\/conversesacatalunya.cat\/wp-content\/uploads\/2025\/10\/Captura-1.jpg","type":"image\/jpeg"}],"author":"Joan Masip","twitter_card":"summary_large_image","twitter_misc":{"Escrito por":"Joan Masip","Tiempo de lectura":"3 minutos"},"schema":{"@context":"https:\/\/schema.org","@graph":[{"@type":"Article","@id":"https:\/\/conversesacatalunya.cat\/es\/cronica-de-2035-cuando-la-vanguardia-se-hizo-corriente\/#article","isPartOf":{"@id":"https:\/\/conversesacatalunya.cat\/es\/cronica-de-2035-cuando-la-vanguardia-se-hizo-corriente\/"},"author":{"name":"Joan Masip","@id":"https:\/\/conversesacatalunya.cat\/#\/schema\/person\/311d0bf53def217d5124c78a7bc42275"},"headline":"Cr\u00f3nica de 2035: Cuando la vanguardia se hizo corriente","datePublished":"2025-10-06T08:26:58+00:00","dateModified":"2025-10-09T02:49:04+00:00","mainEntityOfPage":{"@id":"https:\/\/conversesacatalunya.cat\/es\/cronica-de-2035-cuando-la-vanguardia-se-hizo-corriente\/"},"wordCount":636,"commentCount":0,"image":{"@id":"https:\/\/conversesacatalunya.cat\/es\/cronica-de-2035-cuando-la-vanguardia-se-hizo-corriente\/#primaryimage"},"thumbnailUrl":"https:\/\/conversesacatalunya.cat\/wp-content\/uploads\/2025\/10\/Captura-1.jpg","keywords":["Corrent social cristi\u00e0","corriente social cristiana"],"articleSection":["Punts clau del dia (ES)"],"inLanguage":"es","potentialAction":[{"@type":"CommentAction","name":"Comment","target":["https:\/\/conversesacatalunya.cat\/es\/cronica-de-2035-cuando-la-vanguardia-se-hizo-corriente\/#respond"]}]},{"@type":"WebPage","@id":"https:\/\/conversesacatalunya.cat\/es\/cronica-de-2035-cuando-la-vanguardia-se-hizo-corriente\/","url":"https:\/\/conversesacatalunya.cat\/es\/cronica-de-2035-cuando-la-vanguardia-se-hizo-corriente\/","name":"Cr\u00f3nica de 2035: Cuando la vanguardia se hizo corriente - Converses a Catalunya","isPartOf":{"@id":"https:\/\/conversesacatalunya.cat\/#website"},"primaryImageOfPage":{"@id":"https:\/\/conversesacatalunya.cat\/es\/cronica-de-2035-cuando-la-vanguardia-se-hizo-corriente\/#primaryimage"},"image":{"@id":"https:\/\/conversesacatalunya.cat\/es\/cronica-de-2035-cuando-la-vanguardia-se-hizo-corriente\/#primaryimage"},"thumbnailUrl":"https:\/\/conversesacatalunya.cat\/wp-content\/uploads\/2025\/10\/Captura-1.jpg","datePublished":"2025-10-06T08:26:58+00:00","dateModified":"2025-10-09T02:49:04+00:00","author":{"@id":"https:\/\/conversesacatalunya.cat\/#\/schema\/person\/311d0bf53def217d5124c78a7bc42275"},"description":"Como una vanguardia cristiana no confesional pas\u00f3 de minor\u00eda clandestina a corriente principal en Europa y Espa\u00f1a entre 2025 y 2035.","breadcrumb":{"@id":"https:\/\/conversesacatalunya.cat\/es\/cronica-de-2035-cuando-la-vanguardia-se-hizo-corriente\/#breadcrumb"},"inLanguage":"es","potentialAction":[{"@type":"ReadAction","target":["https:\/\/conversesacatalunya.cat\/es\/cronica-de-2035-cuando-la-vanguardia-se-hizo-corriente\/"]}]},{"@type":"ImageObject","inLanguage":"es","@id":"https:\/\/conversesacatalunya.cat\/es\/cronica-de-2035-cuando-la-vanguardia-se-hizo-corriente\/#primaryimage","url":"https:\/\/conversesacatalunya.cat\/wp-content\/uploads\/2025\/10\/Captura-1.jpg","contentUrl":"https:\/\/conversesacatalunya.cat\/wp-content\/uploads\/2025\/10\/Captura-1.jpg","width":585,"height":278,"caption":"Vanguardia cristiana no confesional"},{"@type":"BreadcrumbList","@id":"https:\/\/conversesacatalunya.cat\/es\/cronica-de-2035-cuando-la-vanguardia-se-hizo-corriente\/#breadcrumb","itemListElement":[{"@type":"ListItem","position":1,"name":"Inici","item":"https:\/\/conversesacatalunya.cat\/es\/"},{"@type":"ListItem","position":2,"name":"Cr\u00f3nica de 2035: Cuando la vanguardia se hizo corriente"}]},{"@type":"WebSite","@id":"https:\/\/conversesacatalunya.cat\/#website","url":"https:\/\/conversesacatalunya.cat\/","name":"Converses a Catalunya","description":"","potentialAction":[{"@type":"SearchAction","target":{"@type":"EntryPoint","urlTemplate":"https:\/\/conversesacatalunya.cat\/?s={search_term_string}"},"query-input":{"@type":"PropertyValueSpecification","valueRequired":true,"valueName":"search_term_string"}}],"inLanguage":"es"},{"@type":"Person","@id":"https:\/\/conversesacatalunya.cat\/#\/schema\/person\/311d0bf53def217d5124c78a7bc42275","name":"Joan Masip","image":{"@type":"ImageObject","inLanguage":"es","@id":"https:\/\/conversesacatalunya.cat\/#\/schema\/person\/image\/","url":"https:\/\/conversesacatalunya.cat\/wp-content\/litespeed\/avatar\/fa67b994763cff7d443f54b63ec96481.jpg?ver=1776767678","contentUrl":"https:\/\/conversesacatalunya.cat\/wp-content\/litespeed\/avatar\/fa67b994763cff7d443f54b63ec96481.jpg?ver=1776767678","caption":"Joan Masip"},"url":"https:\/\/conversesacatalunya.cat\/es\/author\/joan-masip\/"}]}},"wps_subtitle":"La historia de la vanguardia cristiana no confesional nos recuerda que las transformaciones decisivas no se improvisan: se cuecen lentamente, a fuego cultural, hasta que llegan a ser corriente principal.","_links":{"self":[{"href":"https:\/\/conversesacatalunya.cat\/es\/wp-json\/wp\/v2\/posts\/92590","targetHints":{"allow":["GET"]}}],"collection":[{"href":"https:\/\/conversesacatalunya.cat\/es\/wp-json\/wp\/v2\/posts"}],"about":[{"href":"https:\/\/conversesacatalunya.cat\/es\/wp-json\/wp\/v2\/types\/post"}],"author":[{"embeddable":true,"href":"https:\/\/conversesacatalunya.cat\/es\/wp-json\/wp\/v2\/users\/78"}],"replies":[{"embeddable":true,"href":"https:\/\/conversesacatalunya.cat\/es\/wp-json\/wp\/v2\/comments?post=92590"}],"version-history":[{"count":6,"href":"https:\/\/conversesacatalunya.cat\/es\/wp-json\/wp\/v2\/posts\/92590\/revisions"}],"predecessor-version":[{"id":92690,"href":"https:\/\/conversesacatalunya.cat\/es\/wp-json\/wp\/v2\/posts\/92590\/revisions\/92690"}],"wp:featuredmedia":[{"embeddable":true,"href":"https:\/\/conversesacatalunya.cat\/es\/wp-json\/wp\/v2\/media\/92588"}],"wp:attachment":[{"href":"https:\/\/conversesacatalunya.cat\/es\/wp-json\/wp\/v2\/media?parent=92590"}],"wp:term":[{"taxonomy":"category","embeddable":true,"href":"https:\/\/conversesacatalunya.cat\/es\/wp-json\/wp\/v2\/categories?post=92590"},{"taxonomy":"post_tag","embeddable":true,"href":"https:\/\/conversesacatalunya.cat\/es\/wp-json\/wp\/v2\/tags?post=92590"}],"curies":[{"name":"wp","href":"https:\/\/api.w.org\/{rel}","templated":true}]}}