{"id":91878,"date":"2025-09-16T11:30:32","date_gmt":"2025-09-16T09:30:32","guid":{"rendered":"https:\/\/conversesacatalunya.cat\/?p=91878"},"modified":"2025-09-16T11:53:23","modified_gmt":"2025-09-16T09:53:23","slug":"silenciado-genocidio-cristianos-nigeria","status":"publish","type":"post","link":"https:\/\/conversesacatalunya.cat\/es\/silenciado-genocidio-cristianos-nigeria\/","title":{"rendered":"El silenciado genocidio de los cristianos de Nigeria"},"content":{"rendered":"<p><span dir=\"auto\">Desde 2008-2009, Nigeria, el pa\u00eds m\u00e1s poblado de \u00c1frica, vive el fen\u00f3meno de acoso religioso m\u00e1s violento del mundo.<\/span><\/p>\n<p><span dir=\"auto\"><span class=\"VIpgJd-yAWNEb-VIpgJd-fmcmS-sn54Q\" dir=\"auto\">Se trata del<span>\u00a0<\/span><\/span><\/span><strong><span dir=\"auto\"><span class=\"VIpgJd-yAWNEb-VIpgJd-fmcmS-sn54Q\" dir=\"auto\">exterminio de cristianos<\/span><\/span><\/strong><span dir=\"auto\"><span class=\"VIpgJd-yAWNEb-VIpgJd-fmcmS-sn54Q\" dir=\"auto\"><span>\u00a0<\/span>perpetrado por poblaciones mayoritariamente n\u00f3madas que profesan la religi\u00f3n isl\u00e1mica.<\/span><\/span><\/p>\n<p><span dir=\"auto\">Grupos armados con armas autom\u00e1ticas, a menudo pertenecientes a pueblos de la etnia Fulani, realizan incursiones en pueblos del norte y del centro de Nigeria de mayor\u00eda cristiana, masacran a los hombres y se llevan prisioneras a mujeres y menores.<span>\u00a0<\/span><\/span><strong><span dir=\"auto\">Una estrategia que busca sustituir el cristianismo por el islam<\/span><\/strong><span dir=\"auto\"><span>\u00a0<\/span>, y que avanza cada vez m\u00e1s hacia el sur.<\/span><\/p>\n<p><span dir=\"auto\"><span class=\"VIpgJd-yAWNEb-VIpgJd-fmcmS-sn54Q\" dir=\"auto\">Seg\u00fan el padre Chimaobi Cl\u00e9ment Emefu, se trata de un \u00abproyecto de islamizaci\u00f3n que dura desde hace tiempo, y que es sistem\u00e1tico\u00bb. Dicho de otra forma,<span>\u00a0<\/span><\/span><\/span><strong><span dir=\"auto\"><span class=\"VIpgJd-yAWNEb-VIpgJd-fmcmS-sn54Q\" dir=\"auto\">los cristianos nigerianos sufren un genocidio ante la indiferencia del mundo occidental.<\/span><\/span><\/strong><\/p>\n<p><span dir=\"auto\">Solo entre enero y agosto de 2025, m\u00e1s de 7.000 cristianos han sido masacrados por motivos religiosos en Nigeria,<span>\u00a0<\/span><\/span><a href=\"https:\/\/www.newsweek.com\/christians-killed-nigeria-religion-2116416\" target=\"_blank\" rel=\"noopener\"><span dir=\"auto\">denuncia<\/span><\/a><span dir=\"auto\"><span>\u00a0<\/span>la ONG Interociety, mientras que unos 7.800 han sido secuestrados durante el mismo per\u00edodo.<\/span><\/p>\n<p><span dir=\"auto\">Otros objetivos recurrentes de los yihadistas son las<span>\u00a0<\/span><\/span><strong><span dir=\"auto\">iglesias,<\/span><\/strong><span dir=\"auto\"> que son sistem\u00e1ticamente incendiadas, y los<span>\u00a0<\/span><\/span><strong><span dir=\"auto\">religiosos,<\/span><\/strong><span dir=\"auto\">\u00a0secuestrados o asesinados. En los \u00faltimos diez a\u00f1os, m\u00e1s de 140 seminaristas han sido raptados.<\/span><\/p>\n<p><span dir=\"auto\">El mismo informe denuncia que las autoridades estatales de Nigeria toleran la presencia de m\u00e1s de 20 organizaciones yihadistas en su territorio, incluyendo a<span>\u00a0<\/span><\/span><strong><span dir=\"auto\">Boko Haram,<\/span><\/strong><span dir=\"auto\">\u00a0que se hizo mundialmente conocida por el secuestro de cerca de 300 estudiantes menores de edad en Chibok, en el extremo noreste del pa\u00eds.<\/span><\/p>\n<p><span dir=\"auto\"><span class=\"VIpgJd-yAWNEb-VIpgJd-fmcmS-sn54Q\" dir=\"auto\">En Nigeria, cristianos y musulmanes representan cada uno el 45% de la poblaci\u00f3n total del pa\u00eds, pero<span>\u00a0<\/span><\/span><\/span><strong><span dir=\"auto\"><span class=\"VIpgJd-yAWNEb-VIpgJd-fmcmS-sn54Q\" dir=\"auto\">en la pr\u00e1ctica el poder pol\u00edtico est\u00e1 cada vez m\u00e1s concentrado en estos \u00faltimos.<\/span><\/span><\/strong><span dir=\"auto\"><span class=\"VIpgJd-yAWNEb-VIpgJd-fmcmS-sn54Q\" dir=\"auto\"><span>\u00a0<\/span>De hecho, la mayor parte de cargos ejecutivos, empezando por el presidente, son musulmanes, y la presi\u00f3n para introducir la Shar\u00eda o ley isl\u00e1mica en la constituci\u00f3n es cada vez m\u00e1s fuerte.<\/span><\/span><\/p>\n<p><span dir=\"auto\">Seg\u00fan la organizaci\u00f3n Open Doors, el n\u00famero de cristianos asesinados por su fe en Nigeria es mayor que el del resto del mundo entero, y grupos cristianos denuncian que el gobierno federal apoya de forma escondida los planes expansionistas de los fan\u00e1ticos musulmanes.<\/span><\/p>\n<h5><strong><span dir=\"auto\">Lo que est\u00e1 en juego en Nigeria es el alma del pa\u00eds m\u00e1s poblado de \u00c1frica.<\/span><\/strong><\/h5>\n<p><span dir=\"auto\"><span class=\"VIpgJd-yAWNEb-VIpgJd-fmcmS-sn54Q\" dir=\"auto\">Si Nigeria se convierte en un estado isl\u00e1mico, la integralidad de su poblaci\u00f3n sufrir\u00e1 sus funestas consecuencias en t\u00e9rminos de seguridad, libertad, educaci\u00f3n e incluso econom\u00eda, como ya hemos visto en tantos pa\u00edses, y<span>\u00a0<\/span><\/span><\/span><strong><span dir=\"auto\"><span class=\"VIpgJd-yAWNEb-VIpgJd-fmcmS-sn54Q\" dir=\"auto\">el cristianismo de toda el \u00c1frica subsahariana se ver\u00e1 amenazado.<\/span><\/span><\/strong><\/p>\n<p><span dir=\"auto\"><span class=\"VIpgJd-yAWNEb-VIpgJd-fmcmS-sn54Q\" dir=\"auto\">Ante estos hechos, en Estados Unidos el senador republicano Ted Cruz ha presentado el 10 de septiembre una propuesta de ley para introducir a Nigeria en la lista de pa\u00edses de \u201cespecial preocupaci\u00f3n\u201d en cuanto a la libertad religiosa, lo que abrir\u00eda la puerta a<span>\u00a0<\/span><\/span><\/span><strong><span dir=\"auto\"><span class=\"VIpgJd-yAWNEb-VIpgJd-fmcmS-sn54Q\" dir=\"auto\">imponer sanciones al gobierno del pa\u00eds.<\/span><\/span><\/strong><\/p>\n<p><span dir=\"auto\">Sin embargo, y como ya ocurri\u00f3 con la<span>\u00a0<\/span><\/span><a href=\"https:\/\/conversesacatalunya.cat\/es\/armenia-fracaso-ue-europa\/\" target=\"_blank\" rel=\"noopener\"><span dir=\"auto\">invasi\u00f3n<\/span><\/a><span dir=\"auto\"><span>\u00a0<\/span>por parte de Azerbaiy\u00e1n de las zonas habitadas por cristianos armenios en 2023, la mayor parte de poderes pol\u00edticos y medios de comunicaci\u00f3n occidentales<span>\u00a0<\/span><\/span><strong><span dir=\"auto\">eluden tratar el genocidio contra los cristianos nigerianos.<\/span><\/strong><\/p>\n<span class='bctt-click-to-tweet'><span class='bctt-ctt-text'><a href='https:\/\/twitter.com\/intent\/tweet?url=https%3A%2F%2Fconversesacatalunya.cat%2Fes%2Fsilenciado-genocidio-cristianos-nigeria%2F&#038;text=Grupos%20armados%2C%20a%20menudo%20pertenecientes%20a%20pueblos%20de%20la%20etnia%20Fulani%2C%20realizan%20incursiones%20en%20pueblos%20del%20norte%20y%20del%20centro%20de%20Nigeria%20de%20mayor%C3%ADa%20cristiana%2C%20masacran%20a%20los%20hombres%20y%20se%20llevan%20prisioneras%20a%20mujeres%20y%20menores&#038;via=conversesacat&#038;related=conversesacat' target='_blank'rel=\"noopener noreferrer\">Grupos armados, a menudo pertenecientes a pueblos de la etnia Fulani, realizan incursiones en pueblos del norte y del centro de Nigeria de mayor\u00eda cristiana, masacran a los hombres y se llevan prisioneras a mujeres y menores <\/a><\/span><a href='https:\/\/twitter.com\/intent\/tweet?url=https%3A%2F%2Fconversesacatalunya.cat%2Fes%2Fsilenciado-genocidio-cristianos-nigeria%2F&#038;text=Grupos%20armados%2C%20a%20menudo%20pertenecientes%20a%20pueblos%20de%20la%20etnia%20Fulani%2C%20realizan%20incursiones%20en%20pueblos%20del%20norte%20y%20del%20centro%20de%20Nigeria%20de%20mayor%C3%ADa%20cristiana%2C%20masacran%20a%20los%20hombres%20y%20se%20llevan%20prisioneras%20a%20mujeres%20y%20menores&#038;via=conversesacat&#038;related=conversesacat' target='_blank' class='bctt-ctt-btn'rel=\"noopener noreferrer\">Compartir en X<\/a><\/span>\n<div id=\"polls-296\" class=\"wp-polls\">\n\t<form id=\"polls_form_296\" class=\"wp-polls-form\" action=\"\/index.php\" method=\"post\">\n\t\t<p style=\"display: none;\"><input type=\"hidden\" id=\"poll_296_nonce\" name=\"wp-polls-nonce\" value=\"00a853f41e\" \/><\/p>\n\t\t<p style=\"display: none;\"><input type=\"hidden\" name=\"poll_id\" value=\"296\" \/><\/p>\n\t\t<p style=\"text-align: center\"><strong>Creus que el pacte de Junt amb S\u00e1nchez est\u00e0 ensorrant electoralment aquest partit?<\/strong><\/p><div id=\"polls-296-ans\" class=\"wp-polls-ans\"><ul class=\"wp-polls-ul\">\n\t\t<li><input type=\"radio\" id=\"poll-answer-845\" name=\"poll_296\" value=\"845\" \/> <label for=\"poll-answer-845\">S\u00ed<\/label><\/li>\n\t\t<li><input type=\"radio\" id=\"poll-answer-846\" name=\"poll_296\" value=\"846\" \/> <label for=\"poll-answer-846\">No<\/label><\/li>\n\t\t<li><input type=\"radio\" id=\"poll-answer-847\" name=\"poll_296\" value=\"847\" \/> <label for=\"poll-answer-847\">No ho s\u00e9<\/label><\/li>\n\t\t<\/ul><p style=\"text-align: center\"><input type=\"button\" name=\"vote\" value=\"   Vota   \" class=\"Buttons\" onclick=\"poll_vote(296);\" \/><\/p><p style=\"text-align: center\"><a href=\"#ViewPollResults\" onclick=\"poll_result(296); return false;\" title=\"View Results Of This Poll\">Mira els resultats<\/a><\/p><\/div>\n\t<\/form>\n<\/div>\n<div id=\"polls-296-loading\" class=\"wp-polls-loading\"><img decoding=\"async\" data-src=\"https:\/\/conversesacatalunya.cat\/wp-content\/plugins\/wp-polls\/images\/loading.gif\" width=\"16\" height=\"16\" alt=\"Cargando ...\" title=\"Cargando ...\" class=\"wp-polls-image lazyload\" src=\"data:image\/svg+xml;base64,PHN2ZyB3aWR0aD0iMSIgaGVpZ2h0PSIxIiB4bWxucz0iaHR0cDovL3d3dy53My5vcmcvMjAwMC9zdmciPjwvc3ZnPg==\" style=\"--smush-placeholder-width: 16px; --smush-placeholder-aspect-ratio: 16\/16;\" \/>&nbsp;Cargando ...<\/div>\n\n","protected":false},"excerpt":{"rendered":"<p>Desde 2008-2009, Nigeria, el pa\u00eds m\u00e1s poblado de \u00c1frica, vive el fen\u00f3meno de acoso religioso m\u00e1s violento del mundo. Se trata del\u00a0exterminio de cristianos\u00a0perpetrado por poblaciones mayoritariamente n\u00f3madas que profesan la religi\u00f3n isl\u00e1mica. Grupos armados con armas autom\u00e1ticas, a menudo pertenecientes a pueblos de la etnia Fulani, realizan incursiones en pueblos del norte y del centro de Nigeria de mayor\u00eda cristiana, masacran a los hombres y se llevan prisioneras a mujeres y menores.\u00a0Una estrategia que busca sustituir el cristianismo por el islam\u00a0, y que avanza cada vez m\u00e1s hacia el sur. Seg\u00fan el padre Chimaobi Cl\u00e9ment Emefu, se trata de un \u00abproyecto de islamizaci\u00f3n que dura desde hace tiempo, y que es sistem\u00e1tico\u00bb. Dicho de otra forma,\u00a0los cristianos nigerianos sufren un genocidio ante la indiferencia del mundo occidental. Solo entre enero y agosto de 2025, m\u00e1s de 7.000 cristianos han sido masacrados por motivos religiosos en Nigeria,\u00a0denuncia\u00a0la ONG Interociety, mientras que unos 7.800 han sido secuestrados durante el mismo per\u00edodo. Otros objetivos recurrentes de los yihadistas son las\u00a0iglesias, que son sistem\u00e1ticamente incendiadas, y los\u00a0religiosos,\u00a0secuestrados o asesinados. En los \u00faltimos diez a\u00f1os, m\u00e1s de 140 seminaristas han sido raptados. El mismo informe denuncia que las autoridades estatales de Nigeria toleran la presencia de m\u00e1s de 20 organizaciones yihadistas en su territorio, incluyendo a\u00a0Boko Haram,\u00a0que se hizo mundialmente conocida por el secuestro de cerca de 300 estudiantes menores de edad en Chibok, en el extremo noreste del pa\u00eds. En Nigeria, cristianos y musulmanes representan cada uno el 45% de la poblaci\u00f3n total del pa\u00eds, pero\u00a0en la pr\u00e1ctica el poder pol\u00edtico est\u00e1 cada vez m\u00e1s concentrado en estos \u00faltimos.\u00a0De hecho, la mayor parte de cargos ejecutivos, empezando por el presidente, son musulmanes, y la presi\u00f3n para introducir la Shar\u00eda o ley isl\u00e1mica en la constituci\u00f3n es cada vez m\u00e1s fuerte. Seg\u00fan la organizaci\u00f3n Open Doors, el n\u00famero de cristianos asesinados por su fe en Nigeria es mayor que el del resto del mundo entero, y grupos cristianos denuncian que el gobierno federal apoya de forma escondida los planes expansionistas de los fan\u00e1ticos musulmanes. Lo que est\u00e1 en juego en Nigeria es el alma del pa\u00eds m\u00e1s poblado de \u00c1frica. Si Nigeria se convierte en un estado isl\u00e1mico, la integralidad de su poblaci\u00f3n sufrir\u00e1 sus funestas consecuencias en t\u00e9rminos de seguridad, libertad, educaci\u00f3n e incluso econom\u00eda, como ya hemos visto en tantos pa\u00edses, y\u00a0el cristianismo de toda el \u00c1frica subsahariana se ver\u00e1 amenazado. Ante estos hechos, en Estados Unidos el senador republicano Ted Cruz ha presentado el 10 de septiembre una propuesta de ley para introducir a Nigeria en la lista de pa\u00edses de \u201cespecial preocupaci\u00f3n\u201d en cuanto a la libertad religiosa, lo que abrir\u00eda la puerta a\u00a0imponer sanciones al gobierno del pa\u00eds. Sin embargo, y como ya ocurri\u00f3 con la\u00a0invasi\u00f3n\u00a0por parte de Azerbaiy\u00e1n de las zonas habitadas por cristianos armenios en 2023, la mayor parte de poderes pol\u00edticos y medios de comunicaci\u00f3n occidentales\u00a0eluden tratar el genocidio contra los cristianos nigerianos.<\/p>\n","protected":false},"author":75,"featured_media":91806,"comment_status":"open","ping_status":"open","sticky":false,"template":"","format":"standard","meta":{"_FSMCFIC_featured_image_caption":"","_FSMCFIC_featured_image_nocaption":"","_FSMCFIC_featured_image_hide":"","footnotes":""},"categories":[806],"tags":[1266,5384,3172,5409],"class_list":["post-91878","post","type-post","status-publish","format-standard","has-post-thumbnail","hentry","category-punts-claus-del-dia-es","tag-africa-es","tag-cristianos-perseguidos","tag-cristians-perseguits-es","tag-nigeria-es"],"yoast_head":"<!-- This site is optimized with the Yoast SEO plugin v26.8 - https:\/\/yoast.com\/product\/yoast-seo-wordpress\/ -->\n<title>El silenciado genocidio de los cristianos de Nigeria - Converses a Catalunya<\/title>\n<meta name=\"description\" content=\"En Nigeria, cristianos y musulmanes representan cada uno el 45% de la poblaci\u00f3n total del pa\u00eds, pero el poder pol\u00edtico es musulm\u00e1n\" \/>\n<meta name=\"robots\" content=\"index, follow, max-snippet:-1, max-image-preview:large, max-video-preview:-1\" \/>\n<link rel=\"canonical\" href=\"https:\/\/conversesacatalunya.cat\/es\/silenciado-genocidio-cristianos-nigeria\/\" \/>\n<meta property=\"og:locale\" content=\"es_ES\" \/>\n<meta property=\"og:type\" content=\"article\" \/>\n<meta property=\"og:title\" content=\"El silenciado genocidio de los cristianos de Nigeria - Converses a Catalunya\" \/>\n<meta property=\"og:description\" content=\"En Nigeria, cristianos y musulmanes representan cada uno el 45% de la poblaci\u00f3n total del pa\u00eds, pero el poder pol\u00edtico es musulm\u00e1n\" \/>\n<meta property=\"og:url\" content=\"https:\/\/conversesacatalunya.cat\/es\/silenciado-genocidio-cristianos-nigeria\/\" \/>\n<meta property=\"og:site_name\" content=\"Converses a Catalunya\" \/>\n<meta property=\"article:published_time\" content=\"2025-09-16T09:30:32+00:00\" \/>\n<meta property=\"article:modified_time\" content=\"2025-09-16T09:53:23+00:00\" \/>\n<meta property=\"og:image\" content=\"https:\/\/conversesacatalunya.cat\/wp-content\/uploads\/2025\/09\/cq5dam.thumbnail.cropped.1500.844.jpeg\" \/>\n\t<meta property=\"og:image:width\" content=\"1280\" \/>\n\t<meta property=\"og:image:height\" content=\"844\" \/>\n\t<meta property=\"og:image:type\" content=\"image\/jpeg\" \/>\n<meta name=\"author\" content=\"Carles L\u00f3pez\" \/>\n<meta name=\"twitter:card\" content=\"summary_large_image\" \/>\n<meta name=\"twitter:label1\" content=\"Escrito por\" \/>\n\t<meta name=\"twitter:data1\" content=\"Carles L\u00f3pez\" \/>\n\t<meta name=\"twitter:label2\" content=\"Tiempo de lectura\" \/>\n\t<meta name=\"twitter:data2\" content=\"3 minutos\" \/>\n<script type=\"application\/ld+json\" class=\"yoast-schema-graph\">{\"@context\":\"https:\/\/schema.org\",\"@graph\":[{\"@type\":\"Article\",\"@id\":\"https:\/\/conversesacatalunya.cat\/es\/silenciado-genocidio-cristianos-nigeria\/#article\",\"isPartOf\":{\"@id\":\"https:\/\/conversesacatalunya.cat\/es\/silenciado-genocidio-cristianos-nigeria\/\"},\"author\":{\"name\":\"Carles L\u00f3pez\",\"@id\":\"https:\/\/conversesacatalunya.cat\/#\/schema\/person\/3ce2ab16c0a3803086d80722c7cad56a\"},\"headline\":\"El silenciado genocidio de los cristianos de Nigeria\",\"datePublished\":\"2025-09-16T09:30:32+00:00\",\"dateModified\":\"2025-09-16T09:53:23+00:00\",\"mainEntityOfPage\":{\"@id\":\"https:\/\/conversesacatalunya.cat\/es\/silenciado-genocidio-cristianos-nigeria\/\"},\"wordCount\":599,\"commentCount\":1,\"image\":{\"@id\":\"https:\/\/conversesacatalunya.cat\/es\/silenciado-genocidio-cristianos-nigeria\/#primaryimage\"},\"thumbnailUrl\":\"https:\/\/conversesacatalunya.cat\/wp-content\/uploads\/2025\/09\/cq5dam.thumbnail.cropped.1500.844.jpeg\",\"keywords\":[\"\u00c0frica\",\"cristianos perseguidos\",\"cristians perseguits\",\"Nig\u00e8ria\"],\"articleSection\":[\"Punts clau del dia (ES)\"],\"inLanguage\":\"es\",\"potentialAction\":[{\"@type\":\"CommentAction\",\"name\":\"Comment\",\"target\":[\"https:\/\/conversesacatalunya.cat\/es\/silenciado-genocidio-cristianos-nigeria\/#respond\"]}]},{\"@type\":\"WebPage\",\"@id\":\"https:\/\/conversesacatalunya.cat\/es\/silenciado-genocidio-cristianos-nigeria\/\",\"url\":\"https:\/\/conversesacatalunya.cat\/es\/silenciado-genocidio-cristianos-nigeria\/\",\"name\":\"El silenciado genocidio de los cristianos de Nigeria - Converses a Catalunya\",\"isPartOf\":{\"@id\":\"https:\/\/conversesacatalunya.cat\/#website\"},\"primaryImageOfPage\":{\"@id\":\"https:\/\/conversesacatalunya.cat\/es\/silenciado-genocidio-cristianos-nigeria\/#primaryimage\"},\"image\":{\"@id\":\"https:\/\/conversesacatalunya.cat\/es\/silenciado-genocidio-cristianos-nigeria\/#primaryimage\"},\"thumbnailUrl\":\"https:\/\/conversesacatalunya.cat\/wp-content\/uploads\/2025\/09\/cq5dam.thumbnail.cropped.1500.844.jpeg\",\"datePublished\":\"2025-09-16T09:30:32+00:00\",\"dateModified\":\"2025-09-16T09:53:23+00:00\",\"author\":{\"@id\":\"https:\/\/conversesacatalunya.cat\/#\/schema\/person\/3ce2ab16c0a3803086d80722c7cad56a\"},\"description\":\"En Nigeria, cristianos y musulmanes representan cada uno el 45% de la poblaci\u00f3n total del pa\u00eds, pero el poder pol\u00edtico es musulm\u00e1n\",\"breadcrumb\":{\"@id\":\"https:\/\/conversesacatalunya.cat\/es\/silenciado-genocidio-cristianos-nigeria\/#breadcrumb\"},\"inLanguage\":\"es\",\"potentialAction\":[{\"@type\":\"ReadAction\",\"target\":[\"https:\/\/conversesacatalunya.cat\/es\/silenciado-genocidio-cristianos-nigeria\/\"]}]},{\"@type\":\"ImageObject\",\"inLanguage\":\"es\",\"@id\":\"https:\/\/conversesacatalunya.cat\/es\/silenciado-genocidio-cristianos-nigeria\/#primaryimage\",\"url\":\"https:\/\/conversesacatalunya.cat\/wp-content\/uploads\/2025\/09\/cq5dam.thumbnail.cropped.1500.844.jpeg\",\"contentUrl\":\"https:\/\/conversesacatalunya.cat\/wp-content\/uploads\/2025\/09\/cq5dam.thumbnail.cropped.1500.844.jpeg\",\"width\":1280,\"height\":844,\"caption\":\"Nigeria cristianos\"},{\"@type\":\"BreadcrumbList\",\"@id\":\"https:\/\/conversesacatalunya.cat\/es\/silenciado-genocidio-cristianos-nigeria\/#breadcrumb\",\"itemListElement\":[{\"@type\":\"ListItem\",\"position\":1,\"name\":\"Inici\",\"item\":\"https:\/\/conversesacatalunya.cat\/es\/\"},{\"@type\":\"ListItem\",\"position\":2,\"name\":\"El silenciado genocidio de los cristianos de Nigeria\"}]},{\"@type\":\"WebSite\",\"@id\":\"https:\/\/conversesacatalunya.cat\/#website\",\"url\":\"https:\/\/conversesacatalunya.cat\/\",\"name\":\"Converses a Catalunya\",\"description\":\"\",\"potentialAction\":[{\"@type\":\"SearchAction\",\"target\":{\"@type\":\"EntryPoint\",\"urlTemplate\":\"https:\/\/conversesacatalunya.cat\/?s={search_term_string}\"},\"query-input\":{\"@type\":\"PropertyValueSpecification\",\"valueRequired\":true,\"valueName\":\"search_term_string\"}}],\"inLanguage\":\"es\"},{\"@type\":\"Person\",\"@id\":\"https:\/\/conversesacatalunya.cat\/#\/schema\/person\/3ce2ab16c0a3803086d80722c7cad56a\",\"name\":\"Carles L\u00f3pez\",\"image\":{\"@type\":\"ImageObject\",\"inLanguage\":\"es\",\"@id\":\"https:\/\/conversesacatalunya.cat\/#\/schema\/person\/image\/\",\"url\":\"https:\/\/conversesacatalunya.cat\/wp-content\/litespeed\/avatar\/4891585caf2896e97846ab77f06edcf2.jpg?ver=1777696043\",\"contentUrl\":\"https:\/\/conversesacatalunya.cat\/wp-content\/litespeed\/avatar\/4891585caf2896e97846ab77f06edcf2.jpg?ver=1777696043\",\"caption\":\"Carles L\u00f3pez\"},\"url\":\"https:\/\/conversesacatalunya.cat\/es\/author\/carles-lopez\/\"}]}<\/script>\n<!-- \/ Yoast SEO plugin. -->","yoast_head_json":{"title":"El silenciado genocidio de los cristianos de Nigeria - Converses a Catalunya","description":"En Nigeria, cristianos y musulmanes representan cada uno el 45% de la poblaci\u00f3n total del pa\u00eds, pero el poder pol\u00edtico es musulm\u00e1n","robots":{"index":"index","follow":"follow","max-snippet":"max-snippet:-1","max-image-preview":"max-image-preview:large","max-video-preview":"max-video-preview:-1"},"canonical":"https:\/\/conversesacatalunya.cat\/es\/silenciado-genocidio-cristianos-nigeria\/","og_locale":"es_ES","og_type":"article","og_title":"El silenciado genocidio de los cristianos de Nigeria - Converses a Catalunya","og_description":"En Nigeria, cristianos y musulmanes representan cada uno el 45% de la poblaci\u00f3n total del pa\u00eds, pero el poder pol\u00edtico es musulm\u00e1n","og_url":"https:\/\/conversesacatalunya.cat\/es\/silenciado-genocidio-cristianos-nigeria\/","og_site_name":"Converses a Catalunya","article_published_time":"2025-09-16T09:30:32+00:00","article_modified_time":"2025-09-16T09:53:23+00:00","og_image":[{"width":1280,"height":844,"url":"https:\/\/conversesacatalunya.cat\/wp-content\/uploads\/2025\/09\/cq5dam.thumbnail.cropped.1500.844.jpeg","type":"image\/jpeg"}],"author":"Carles L\u00f3pez","twitter_card":"summary_large_image","twitter_misc":{"Escrito por":"Carles L\u00f3pez","Tiempo de lectura":"3 minutos"},"schema":{"@context":"https:\/\/schema.org","@graph":[{"@type":"Article","@id":"https:\/\/conversesacatalunya.cat\/es\/silenciado-genocidio-cristianos-nigeria\/#article","isPartOf":{"@id":"https:\/\/conversesacatalunya.cat\/es\/silenciado-genocidio-cristianos-nigeria\/"},"author":{"name":"Carles L\u00f3pez","@id":"https:\/\/conversesacatalunya.cat\/#\/schema\/person\/3ce2ab16c0a3803086d80722c7cad56a"},"headline":"El silenciado genocidio de los cristianos de Nigeria","datePublished":"2025-09-16T09:30:32+00:00","dateModified":"2025-09-16T09:53:23+00:00","mainEntityOfPage":{"@id":"https:\/\/conversesacatalunya.cat\/es\/silenciado-genocidio-cristianos-nigeria\/"},"wordCount":599,"commentCount":1,"image":{"@id":"https:\/\/conversesacatalunya.cat\/es\/silenciado-genocidio-cristianos-nigeria\/#primaryimage"},"thumbnailUrl":"https:\/\/conversesacatalunya.cat\/wp-content\/uploads\/2025\/09\/cq5dam.thumbnail.cropped.1500.844.jpeg","keywords":["\u00c0frica","cristianos perseguidos","cristians perseguits","Nig\u00e8ria"],"articleSection":["Punts clau del dia (ES)"],"inLanguage":"es","potentialAction":[{"@type":"CommentAction","name":"Comment","target":["https:\/\/conversesacatalunya.cat\/es\/silenciado-genocidio-cristianos-nigeria\/#respond"]}]},{"@type":"WebPage","@id":"https:\/\/conversesacatalunya.cat\/es\/silenciado-genocidio-cristianos-nigeria\/","url":"https:\/\/conversesacatalunya.cat\/es\/silenciado-genocidio-cristianos-nigeria\/","name":"El silenciado genocidio de los cristianos de Nigeria - Converses a Catalunya","isPartOf":{"@id":"https:\/\/conversesacatalunya.cat\/#website"},"primaryImageOfPage":{"@id":"https:\/\/conversesacatalunya.cat\/es\/silenciado-genocidio-cristianos-nigeria\/#primaryimage"},"image":{"@id":"https:\/\/conversesacatalunya.cat\/es\/silenciado-genocidio-cristianos-nigeria\/#primaryimage"},"thumbnailUrl":"https:\/\/conversesacatalunya.cat\/wp-content\/uploads\/2025\/09\/cq5dam.thumbnail.cropped.1500.844.jpeg","datePublished":"2025-09-16T09:30:32+00:00","dateModified":"2025-09-16T09:53:23+00:00","author":{"@id":"https:\/\/conversesacatalunya.cat\/#\/schema\/person\/3ce2ab16c0a3803086d80722c7cad56a"},"description":"En Nigeria, cristianos y musulmanes representan cada uno el 45% de la poblaci\u00f3n total del pa\u00eds, pero el poder pol\u00edtico es musulm\u00e1n","breadcrumb":{"@id":"https:\/\/conversesacatalunya.cat\/es\/silenciado-genocidio-cristianos-nigeria\/#breadcrumb"},"inLanguage":"es","potentialAction":[{"@type":"ReadAction","target":["https:\/\/conversesacatalunya.cat\/es\/silenciado-genocidio-cristianos-nigeria\/"]}]},{"@type":"ImageObject","inLanguage":"es","@id":"https:\/\/conversesacatalunya.cat\/es\/silenciado-genocidio-cristianos-nigeria\/#primaryimage","url":"https:\/\/conversesacatalunya.cat\/wp-content\/uploads\/2025\/09\/cq5dam.thumbnail.cropped.1500.844.jpeg","contentUrl":"https:\/\/conversesacatalunya.cat\/wp-content\/uploads\/2025\/09\/cq5dam.thumbnail.cropped.1500.844.jpeg","width":1280,"height":844,"caption":"Nigeria cristianos"},{"@type":"BreadcrumbList","@id":"https:\/\/conversesacatalunya.cat\/es\/silenciado-genocidio-cristianos-nigeria\/#breadcrumb","itemListElement":[{"@type":"ListItem","position":1,"name":"Inici","item":"https:\/\/conversesacatalunya.cat\/es\/"},{"@type":"ListItem","position":2,"name":"El silenciado genocidio de los cristianos de Nigeria"}]},{"@type":"WebSite","@id":"https:\/\/conversesacatalunya.cat\/#website","url":"https:\/\/conversesacatalunya.cat\/","name":"Converses a Catalunya","description":"","potentialAction":[{"@type":"SearchAction","target":{"@type":"EntryPoint","urlTemplate":"https:\/\/conversesacatalunya.cat\/?s={search_term_string}"},"query-input":{"@type":"PropertyValueSpecification","valueRequired":true,"valueName":"search_term_string"}}],"inLanguage":"es"},{"@type":"Person","@id":"https:\/\/conversesacatalunya.cat\/#\/schema\/person\/3ce2ab16c0a3803086d80722c7cad56a","name":"Carles L\u00f3pez","image":{"@type":"ImageObject","inLanguage":"es","@id":"https:\/\/conversesacatalunya.cat\/#\/schema\/person\/image\/","url":"https:\/\/conversesacatalunya.cat\/wp-content\/litespeed\/avatar\/4891585caf2896e97846ab77f06edcf2.jpg?ver=1777696043","contentUrl":"https:\/\/conversesacatalunya.cat\/wp-content\/litespeed\/avatar\/4891585caf2896e97846ab77f06edcf2.jpg?ver=1777696043","caption":"Carles L\u00f3pez"},"url":"https:\/\/conversesacatalunya.cat\/es\/author\/carles-lopez\/"}]}},"wps_subtitle":"Lo que est\u00e1 en juego en Nigeria es el alma del pa\u00eds m\u00e1s poblado de \u00c1frica","_links":{"self":[{"href":"https:\/\/conversesacatalunya.cat\/es\/wp-json\/wp\/v2\/posts\/91878","targetHints":{"allow":["GET"]}}],"collection":[{"href":"https:\/\/conversesacatalunya.cat\/es\/wp-json\/wp\/v2\/posts"}],"about":[{"href":"https:\/\/conversesacatalunya.cat\/es\/wp-json\/wp\/v2\/types\/post"}],"author":[{"embeddable":true,"href":"https:\/\/conversesacatalunya.cat\/es\/wp-json\/wp\/v2\/users\/75"}],"replies":[{"embeddable":true,"href":"https:\/\/conversesacatalunya.cat\/es\/wp-json\/wp\/v2\/comments?post=91878"}],"version-history":[{"count":6,"href":"https:\/\/conversesacatalunya.cat\/es\/wp-json\/wp\/v2\/posts\/91878\/revisions"}],"predecessor-version":[{"id":91879,"href":"https:\/\/conversesacatalunya.cat\/es\/wp-json\/wp\/v2\/posts\/91878\/revisions\/91879"}],"wp:featuredmedia":[{"embeddable":true,"href":"https:\/\/conversesacatalunya.cat\/es\/wp-json\/wp\/v2\/media\/91806"}],"wp:attachment":[{"href":"https:\/\/conversesacatalunya.cat\/es\/wp-json\/wp\/v2\/media?parent=91878"}],"wp:term":[{"taxonomy":"category","embeddable":true,"href":"https:\/\/conversesacatalunya.cat\/es\/wp-json\/wp\/v2\/categories?post=91878"},{"taxonomy":"post_tag","embeddable":true,"href":"https:\/\/conversesacatalunya.cat\/es\/wp-json\/wp\/v2\/tags?post=91878"}],"curies":[{"name":"wp","href":"https:\/\/api.w.org\/{rel}","templated":true}]}}