{"id":91821,"date":"2025-09-15T12:25:51","date_gmt":"2025-09-15T10:25:51","guid":{"rendered":"https:\/\/conversesacatalunya.cat\/?p=91821"},"modified":"2025-09-16T10:43:02","modified_gmt":"2025-09-16T08:43:02","slug":"otra-semana-negra-en-francia","status":"publish","type":"post","link":"https:\/\/conversesacatalunya.cat\/es\/otra-semana-negra-en-francia\/","title":{"rendered":"Otra semana negra en Francia"},"content":{"rendered":"<p><span dir=\"auto\"><span class=\"VIpgJd-yAWNEb-VIpgJd-fmcmS-sn54Q\" dir=\"auto\">El viernes 12 de septiembre, despu\u00e9s de<span>\u00a0<\/span><\/span><\/span><a href=\"https:\/\/conversesacatalunya.cat\/es\/8-septiembre-caida-francia\/\" target=\"_blank\" rel=\"noopener\"><strong><span dir=\"auto\"><span class=\"VIpgJd-yAWNEb-VIpgJd-fmcmS-sn54Q\" dir=\"auto\">la ca\u00edda del gobierno de Fran\u00e7ois Bayrou<\/span><\/span><\/strong><\/a><span dir=\"auto\"><span class=\"VIpgJd-yAWNEb-VIpgJd-fmcmS-sn54Q\" dir=\"auto\"><span>\u00a0<\/span>el lunes y del nombramiento de un nuevo primer ministro el mi\u00e9rcoles, la agencia de calificaci\u00f3n Fitch rebaj\u00f3 de nuevo la nota de la deuda p\u00fablica de la rep\u00fablica francesa, haci\u00e9ndolo pasar de AA- a A+.<\/span><\/span><\/p>\n<p><span dir=\"auto\"><span class=\"VIpgJd-yAWNEb-VIpgJd-fmcmS-sn54Q\" dir=\"auto\">En su comunicado, Fitch<span>\u00a0<\/span><\/span><\/span><a href=\"https:\/\/www.fitchratings.com\/research\/sovereigns\/fitch-downgrades-france-to-a-outlook-stable-12-09-2025\" target=\"_blank\" rel=\"noopener\"><span dir=\"auto\"><span class=\"VIpgJd-yAWNEb-VIpgJd-fmcmS-sn54Q\" dir=\"auto\">destac\u00f3<\/span><\/span><\/a><span dir=\"auto\"><span class=\"VIpgJd-yAWNEb-VIpgJd-fmcmS-sn54Q\" dir=\"auto\"><span>\u00a0<\/span>un motivo clave: \u00abla creciente fragmentaci\u00f3n y polarizaci\u00f3n de la pol\u00edtica del pa\u00eds\u00bb, que \u00abdebilita la capacidad del sistema pol\u00edtico para llevar a cabo una consolidaci\u00f3n fiscal sustancial\u00bb.<\/span><\/span><\/p>\n<h5><strong><span dir=\"auto\"><span class=\"VIpgJd-yAWNEb-VIpgJd-fmcmS-sn54Q\" dir=\"auto\">El pa\u00eds galo parece incapaz de aprender absolutamente ninguna lecci\u00f3n.<\/span><\/span><\/strong><\/h5>\n<p><span dir=\"auto\">Empezando por su presidente, Emmanuel Macron, quien en su obsesi\u00f3n por mantenerse al poder a todo precio, acaba de nombrar un nuevo primer ministro proveniente de sus propias filas, el hasta entonces ministro de defensa<span>\u00a0<\/span><\/span><strong><span dir=\"auto\">S\u00e9bastien Lecornu.<\/span><\/strong><\/p>\n<p><span dir=\"auto\">Como la degradaci\u00f3n de la nota por Fitch evidencia, los mercados no se lo tragaron, y los franceses tampoco.<\/span><\/p>\n<p><span dir=\"auto\"><span class=\"VIpgJd-yAWNEb-VIpgJd-fmcmS-sn54Q\" dir=\"auto\">Con la nominaci\u00f3n de Lecornu,<span>\u00a0<\/span><\/span><\/span><strong><span dir=\"auto\"><span class=\"VIpgJd-yAWNEb-VIpgJd-fmcmS-sn54Q\" dir=\"auto\">Macron parece buscar revivir su estrategia de 2017,<\/span><\/span><\/strong><span dir=\"auto\"><span class=\"VIpgJd-yAWNEb-VIpgJd-fmcmS-sn54Q\" dir=\"auto\">\u00a0que pasaba por unir el centroderecha con el centroizquierda ante la amenaza de ambos extremos pol\u00edticos. Pero la Francia de 2025 no es la misma que hab\u00eda escogido, ocho a\u00f1os atr\u00e1s, el presidente m\u00e1s joven de la historia de la Quinta Rep\u00fablica.<\/span><\/span><\/p>\n<p><span dir=\"auto\"><span class=\"VIpgJd-yAWNEb-VIpgJd-fmcmS-sn54Q\" dir=\"auto\">Pese a alguna reforma sustancial, por ejemplo en materia de inversi\u00f3n, el macronismo ha resultado un fracaso estrepitoso. Nada lo evidencia tan bien como su fara\u00f3nica deuda p\u00fablica, cuyo pago ya supondr\u00e1 el pr\u00f3ximo a\u00f1o la<span>\u00a0<\/span><\/span><\/span><strong><span dir=\"auto\"><span class=\"VIpgJd-yAWNEb-VIpgJd-fmcmS-sn54Q\" dir=\"auto\">primera partida presupuestaria,<\/span><\/span><\/strong><span dir=\"auto\"><span class=\"VIpgJd-yAWNEb-VIpgJd-fmcmS-sn54Q\" dir=\"auto\">\u00a0por delante de ense\u00f1anza.<\/span><\/span><\/p>\n<p><span dir=\"auto\"><span class=\"VIpgJd-yAWNEb-VIpgJd-fmcmS-sn54Q\" dir=\"auto\">El joven Lecornu, de tan s\u00f3lo <strong>39 a\u00f1os<\/strong>, figura entre los apoyos m\u00e1s fervientes y fieles de Macron, y buscar\u00e1 tambi\u00e9n una doble alianza con las fuerzas pol\u00edticas, se supone que \u201cmoderadas\u201d que conforman los socialistas, por un lado, y los<span>\u00a0<\/span><\/span><\/span><em><span dir=\"auto\"><span class=\"VIpgJd-yAWNEb-VIpgJd-fmcmS-sn54Q\" dir=\"auto\">r\u00e9publicains<\/span><\/span><\/em><span dir=\"auto\"><span class=\"VIpgJd-yAWNEb-VIpgJd-fmcmS-sn54Q\" dir=\"auto\"><span>\u00a0<\/span>por otro.<\/span><\/span><\/p>\n<p><span dir=\"auto\"><span class=\"VIpgJd-yAWNEb-VIpgJd-fmcmS-sn54Q\" dir=\"auto\">Lecornu se ha apresurado a distanciarse del desafortunado<span>\u00a0<\/span><\/span><\/span><a href=\"https:\/\/conversesacatalunya.cat\/es\/recorte-gasto-publico-francia-futuro-europa\/\" target=\"_blank\" rel=\"noopener\"><strong><span dir=\"auto\"><span class=\"VIpgJd-yAWNEb-VIpgJd-fmcmS-sn54Q\" dir=\"auto\">Fran\u00e7ois Bayrou<\/span><\/span><\/strong><\/a>,<span dir=\"auto\"><span class=\"VIpgJd-yAWNEb-VIpgJd-fmcmS-sn54Q\" dir=\"auto\"><span>\u00a0<\/span><\/span><\/span><strong><span dir=\"auto\"><span class=\"VIpgJd-yAWNEb-VIpgJd-fmcmS-sn54Q\" dir=\"auto\">enfriando el celo ahorrador de su predecesor.<\/span><\/span><\/strong><span dir=\"auto\"><span class=\"VIpgJd-yAWNEb-VIpgJd-fmcmS-sn54Q\" dir=\"auto\"> El nuevo primer ministro ha anticipado ya, por ejemplo, que no buscar\u00e1 la supresi\u00f3n de dos d\u00edas festivos del calendario laborable, y que pondr\u00e1 sobre la mesa un esfuerzo fiscal m\u00e1s moderado en nombre del \u00abcompromiso\u00bb.<\/span><\/span><\/p>\n<p><span dir=\"auto\">Una postura, la de evitar posiciones divisorias, muy macronista, pero que es tambi\u00e9n la que ha generado la actual par\u00e1lisis y la aceleraci\u00f3n de la espiral de deuda p\u00fablica.<\/span><\/p>\n<p><span dir=\"auto\">Si el programa de ajuste presupuestario de Bayrou ya resultaba insuficiente para enderezar a Francia, el de Lecornu corre el riesgo de ser totalmente irrelevante. Pero quiz\u00e1s el objetivo compartido de Macron y Lecornu sea precisamente el de<span>\u00a0<\/span><\/span><strong><span dir=\"auto\">proseguir la huida hacia delante<\/span><\/strong><span dir=\"auto\"><span> <\/span>para aguantar hasta las elecciones presidenciales del 2027. Entonces el problema ser\u00e1 el de otro.<\/span><\/p>\n<span class='bctt-click-to-tweet'><span class='bctt-ctt-text'><a href='https:\/\/twitter.com\/intent\/tweet?url=https%3A%2F%2Fconversesacatalunya.cat%2Fes%2Fotra-semana-negra-en-francia%2F&#038;text=Si%20el%20programa%20de%20ajuste%20presupuestario%20de%20Bayrou%20ya%20resultaba%20insuficiente%20para%20enderezar%20a%20Francia%2C%20el%20de%20Lecornu%20corre%20el%20riesgo%20de%20ser%20totalmente%20irrelevante%20%23Francia&#038;via=conversesacat&#038;related=conversesacat' target='_blank'rel=\"noopener noreferrer\">Si el programa de ajuste presupuestario de Bayrou ya resultaba insuficiente para enderezar a Francia, el de Lecornu corre el riesgo de ser totalmente irrelevante #Francia <\/a><\/span><a href='https:\/\/twitter.com\/intent\/tweet?url=https%3A%2F%2Fconversesacatalunya.cat%2Fes%2Fotra-semana-negra-en-francia%2F&#038;text=Si%20el%20programa%20de%20ajuste%20presupuestario%20de%20Bayrou%20ya%20resultaba%20insuficiente%20para%20enderezar%20a%20Francia%2C%20el%20de%20Lecornu%20corre%20el%20riesgo%20de%20ser%20totalmente%20irrelevante%20%23Francia&#038;via=conversesacat&#038;related=conversesacat' target='_blank' class='bctt-ctt-btn'rel=\"noopener noreferrer\">Compartir en X<\/a><\/span>\n<div id=\"polls-296\" class=\"wp-polls\">\n\t<form id=\"polls_form_296\" class=\"wp-polls-form\" action=\"\/index.php\" method=\"post\">\n\t\t<p style=\"display: none;\"><input type=\"hidden\" id=\"poll_296_nonce\" name=\"wp-polls-nonce\" value=\"717810a2bf\" \/><\/p>\n\t\t<p style=\"display: none;\"><input type=\"hidden\" name=\"poll_id\" value=\"296\" \/><\/p>\n\t\t<p style=\"text-align: center\"><strong>Creus que el pacte de Junt amb S\u00e1nchez est\u00e0 ensorrant electoralment aquest partit?<\/strong><\/p><div id=\"polls-296-ans\" class=\"wp-polls-ans\"><ul class=\"wp-polls-ul\">\n\t\t<li><input type=\"radio\" id=\"poll-answer-845\" name=\"poll_296\" value=\"845\" \/> <label for=\"poll-answer-845\">S\u00ed<\/label><\/li>\n\t\t<li><input type=\"radio\" id=\"poll-answer-846\" name=\"poll_296\" value=\"846\" \/> <label for=\"poll-answer-846\">No<\/label><\/li>\n\t\t<li><input type=\"radio\" id=\"poll-answer-847\" name=\"poll_296\" value=\"847\" \/> <label for=\"poll-answer-847\">No ho s\u00e9<\/label><\/li>\n\t\t<\/ul><p style=\"text-align: center\"><input type=\"button\" name=\"vote\" value=\"   Vota   \" class=\"Buttons\" onclick=\"poll_vote(296);\" \/><\/p><p style=\"text-align: center\"><a href=\"#ViewPollResults\" onclick=\"poll_result(296); return false;\" title=\"View Results Of This Poll\">Mira els resultats<\/a><\/p><\/div>\n\t<\/form>\n<\/div>\n<div id=\"polls-296-loading\" class=\"wp-polls-loading\"><img decoding=\"async\" data-src=\"https:\/\/conversesacatalunya.cat\/wp-content\/plugins\/wp-polls\/images\/loading.gif\" width=\"16\" height=\"16\" alt=\"Cargando ...\" title=\"Cargando ...\" class=\"wp-polls-image lazyload\" src=\"data:image\/svg+xml;base64,PHN2ZyB3aWR0aD0iMSIgaGVpZ2h0PSIxIiB4bWxucz0iaHR0cDovL3d3dy53My5vcmcvMjAwMC9zdmciPjwvc3ZnPg==\" style=\"--smush-placeholder-width: 16px; --smush-placeholder-aspect-ratio: 16\/16;\" \/>&nbsp;Cargando ...<\/div>\n\n","protected":false},"excerpt":{"rendered":"<p>El viernes 12 de septiembre, despu\u00e9s de\u00a0la ca\u00edda del gobierno de Fran\u00e7ois Bayrou\u00a0el lunes y del nombramiento de un nuevo primer ministro el mi\u00e9rcoles, la agencia de calificaci\u00f3n Fitch rebaj\u00f3 de nuevo la nota de la deuda p\u00fablica de la rep\u00fablica francesa, haci\u00e9ndolo pasar de AA- a A+. En su comunicado, Fitch\u00a0destac\u00f3\u00a0un motivo clave: \u00abla creciente fragmentaci\u00f3n y polarizaci\u00f3n de la pol\u00edtica del pa\u00eds\u00bb, que \u00abdebilita la capacidad del sistema pol\u00edtico para llevar a cabo una consolidaci\u00f3n fiscal sustancial\u00bb. El pa\u00eds galo parece incapaz de aprender absolutamente ninguna lecci\u00f3n. Empezando por su presidente, Emmanuel Macron, quien en su obsesi\u00f3n por mantenerse al poder a todo precio, acaba de nombrar un nuevo primer ministro proveniente de sus propias filas, el hasta entonces ministro de defensa\u00a0S\u00e9bastien Lecornu. Como la degradaci\u00f3n de la nota por Fitch evidencia, los mercados no se lo tragaron, y los franceses tampoco. Con la nominaci\u00f3n de Lecornu,\u00a0Macron parece buscar revivir su estrategia de 2017,\u00a0que pasaba por unir el centroderecha con el centroizquierda ante la amenaza de ambos extremos pol\u00edticos. Pero la Francia de 2025 no es la misma que hab\u00eda escogido, ocho a\u00f1os atr\u00e1s, el presidente m\u00e1s joven de la historia de la Quinta Rep\u00fablica. Pese a alguna reforma sustancial, por ejemplo en materia de inversi\u00f3n, el macronismo ha resultado un fracaso estrepitoso. Nada lo evidencia tan bien como su fara\u00f3nica deuda p\u00fablica, cuyo pago ya supondr\u00e1 el pr\u00f3ximo a\u00f1o la\u00a0primera partida presupuestaria,\u00a0por delante de ense\u00f1anza. El joven Lecornu, de tan s\u00f3lo 39 a\u00f1os, figura entre los apoyos m\u00e1s fervientes y fieles de Macron, y buscar\u00e1 tambi\u00e9n una doble alianza con las fuerzas pol\u00edticas, se supone que \u201cmoderadas\u201d que conforman los socialistas, por un lado, y los\u00a0r\u00e9publicains\u00a0por otro. Lecornu se ha apresurado a distanciarse del desafortunado\u00a0Fran\u00e7ois Bayrou,\u00a0enfriando el celo ahorrador de su predecesor. El nuevo primer ministro ha anticipado ya, por ejemplo, que no buscar\u00e1 la supresi\u00f3n de dos d\u00edas festivos del calendario laborable, y que pondr\u00e1 sobre la mesa un esfuerzo fiscal m\u00e1s moderado en nombre del \u00abcompromiso\u00bb. Una postura, la de evitar posiciones divisorias, muy macronista, pero que es tambi\u00e9n la que ha generado la actual par\u00e1lisis y la aceleraci\u00f3n de la espiral de deuda p\u00fablica. Si el programa de ajuste presupuestario de Bayrou ya resultaba insuficiente para enderezar a Francia, el de Lecornu corre el riesgo de ser totalmente irrelevante. Pero quiz\u00e1s el objetivo compartido de Macron y Lecornu sea precisamente el de\u00a0proseguir la huida hacia delante para aguantar hasta las elecciones presidenciales del 2027. Entonces el problema ser\u00e1 el de otro.<\/p>\n","protected":false},"author":75,"featured_media":91810,"comment_status":"open","ping_status":"open","sticky":false,"template":"","format":"standard","meta":{"_FSMCFIC_featured_image_caption":"S\u00e9bastien Lecornu","_FSMCFIC_featured_image_nocaption":"","_FSMCFIC_featured_image_hide":"","footnotes":""},"categories":[806],"tags":[3510,1090,1263,5225,5408],"class_list":["post-91821","post","type-post","status-publish","format-standard","has-post-thumbnail","hentry","category-punts-claus-del-dia-es","tag-emmanuel-macron-es","tag-franca-es","tag-francia","tag-francois-bayrou-es","tag-sebastien-lecornu-es"],"yoast_head":"<!-- This site is optimized with the Yoast SEO plugin v26.8 - https:\/\/yoast.com\/product\/yoast-seo-wordpress\/ -->\n<title>Otra semana negra en Francia - Converses a Catalunya<\/title>\n<meta name=\"description\" content=\"Quiz\u00e1s el objetivo de Macron y Lecornu sea el de proseguir la huida adelante para aguantar hasta las elecciones presidenciales del 2027.\" \/>\n<meta name=\"robots\" content=\"index, follow, max-snippet:-1, max-image-preview:large, max-video-preview:-1\" \/>\n<link rel=\"canonical\" href=\"https:\/\/conversesacatalunya.cat\/es\/otra-semana-negra-en-francia\/\" \/>\n<meta property=\"og:locale\" content=\"es_ES\" \/>\n<meta property=\"og:type\" content=\"article\" \/>\n<meta property=\"og:title\" content=\"Otra semana negra en Francia - Converses a Catalunya\" \/>\n<meta property=\"og:description\" content=\"Quiz\u00e1s el objetivo de Macron y Lecornu sea el de proseguir la huida adelante para aguantar hasta las elecciones presidenciales del 2027.\" \/>\n<meta property=\"og:url\" content=\"https:\/\/conversesacatalunya.cat\/es\/otra-semana-negra-en-francia\/\" \/>\n<meta property=\"og:site_name\" content=\"Converses a Catalunya\" \/>\n<meta property=\"article:published_time\" content=\"2025-09-15T10:25:51+00:00\" \/>\n<meta property=\"article:modified_time\" content=\"2025-09-16T08:43:02+00:00\" \/>\n<meta property=\"og:image\" content=\"https:\/\/conversesacatalunya.cat\/wp-content\/uploads\/2025\/09\/273d07cd831f37a73b45c84a73db3ed3.webp\" \/>\n\t<meta property=\"og:image:width\" content=\"1242\" \/>\n\t<meta property=\"og:image:height\" content=\"964\" \/>\n\t<meta property=\"og:image:type\" content=\"image\/webp\" \/>\n<meta name=\"author\" content=\"Carles L\u00f3pez\" \/>\n<meta name=\"twitter:card\" content=\"summary_large_image\" \/>\n<meta name=\"twitter:label1\" content=\"Escrito por\" \/>\n\t<meta name=\"twitter:data1\" content=\"Carles L\u00f3pez\" \/>\n\t<meta name=\"twitter:label2\" content=\"Tiempo de lectura\" \/>\n\t<meta name=\"twitter:data2\" content=\"3 minutos\" \/>\n<script type=\"application\/ld+json\" class=\"yoast-schema-graph\">{\"@context\":\"https:\/\/schema.org\",\"@graph\":[{\"@type\":\"Article\",\"@id\":\"https:\/\/conversesacatalunya.cat\/es\/otra-semana-negra-en-francia\/#article\",\"isPartOf\":{\"@id\":\"https:\/\/conversesacatalunya.cat\/es\/otra-semana-negra-en-francia\/\"},\"author\":{\"name\":\"Carles L\u00f3pez\",\"@id\":\"https:\/\/conversesacatalunya.cat\/#\/schema\/person\/3ce2ab16c0a3803086d80722c7cad56a\"},\"headline\":\"Otra semana negra en Francia\",\"datePublished\":\"2025-09-15T10:25:51+00:00\",\"dateModified\":\"2025-09-16T08:43:02+00:00\",\"mainEntityOfPage\":{\"@id\":\"https:\/\/conversesacatalunya.cat\/es\/otra-semana-negra-en-francia\/\"},\"wordCount\":510,\"commentCount\":0,\"image\":{\"@id\":\"https:\/\/conversesacatalunya.cat\/es\/otra-semana-negra-en-francia\/#primaryimage\"},\"thumbnailUrl\":\"https:\/\/conversesacatalunya.cat\/wp-content\/uploads\/2025\/09\/273d07cd831f37a73b45c84a73db3ed3.webp\",\"keywords\":[\"Emmanuel Macron\",\"Fran\u00e7a\",\"Francia\",\"Fran\u00e7ois Bayrou\",\"S\u00e9bastien Lecornu\"],\"articleSection\":[\"Punts clau del dia (ES)\"],\"inLanguage\":\"es\",\"potentialAction\":[{\"@type\":\"CommentAction\",\"name\":\"Comment\",\"target\":[\"https:\/\/conversesacatalunya.cat\/es\/otra-semana-negra-en-francia\/#respond\"]}]},{\"@type\":\"WebPage\",\"@id\":\"https:\/\/conversesacatalunya.cat\/es\/otra-semana-negra-en-francia\/\",\"url\":\"https:\/\/conversesacatalunya.cat\/es\/otra-semana-negra-en-francia\/\",\"name\":\"Otra semana negra en Francia - Converses a Catalunya\",\"isPartOf\":{\"@id\":\"https:\/\/conversesacatalunya.cat\/#website\"},\"primaryImageOfPage\":{\"@id\":\"https:\/\/conversesacatalunya.cat\/es\/otra-semana-negra-en-francia\/#primaryimage\"},\"image\":{\"@id\":\"https:\/\/conversesacatalunya.cat\/es\/otra-semana-negra-en-francia\/#primaryimage\"},\"thumbnailUrl\":\"https:\/\/conversesacatalunya.cat\/wp-content\/uploads\/2025\/09\/273d07cd831f37a73b45c84a73db3ed3.webp\",\"datePublished\":\"2025-09-15T10:25:51+00:00\",\"dateModified\":\"2025-09-16T08:43:02+00:00\",\"author\":{\"@id\":\"https:\/\/conversesacatalunya.cat\/#\/schema\/person\/3ce2ab16c0a3803086d80722c7cad56a\"},\"description\":\"Quiz\u00e1s el objetivo de Macron y Lecornu sea el de proseguir la huida adelante para aguantar hasta las elecciones presidenciales del 2027.\",\"breadcrumb\":{\"@id\":\"https:\/\/conversesacatalunya.cat\/es\/otra-semana-negra-en-francia\/#breadcrumb\"},\"inLanguage\":\"es\",\"potentialAction\":[{\"@type\":\"ReadAction\",\"target\":[\"https:\/\/conversesacatalunya.cat\/es\/otra-semana-negra-en-francia\/\"]}]},{\"@type\":\"ImageObject\",\"inLanguage\":\"es\",\"@id\":\"https:\/\/conversesacatalunya.cat\/es\/otra-semana-negra-en-francia\/#primaryimage\",\"url\":\"https:\/\/conversesacatalunya.cat\/wp-content\/uploads\/2025\/09\/273d07cd831f37a73b45c84a73db3ed3.webp\",\"contentUrl\":\"https:\/\/conversesacatalunya.cat\/wp-content\/uploads\/2025\/09\/273d07cd831f37a73b45c84a73db3ed3.webp\",\"width\":1242,\"height\":964,\"caption\":\"Lecornu Macron\"},{\"@type\":\"BreadcrumbList\",\"@id\":\"https:\/\/conversesacatalunya.cat\/es\/otra-semana-negra-en-francia\/#breadcrumb\",\"itemListElement\":[{\"@type\":\"ListItem\",\"position\":1,\"name\":\"Inici\",\"item\":\"https:\/\/conversesacatalunya.cat\/es\/\"},{\"@type\":\"ListItem\",\"position\":2,\"name\":\"Otra semana negra en Francia\"}]},{\"@type\":\"WebSite\",\"@id\":\"https:\/\/conversesacatalunya.cat\/#website\",\"url\":\"https:\/\/conversesacatalunya.cat\/\",\"name\":\"Converses a Catalunya\",\"description\":\"\",\"potentialAction\":[{\"@type\":\"SearchAction\",\"target\":{\"@type\":\"EntryPoint\",\"urlTemplate\":\"https:\/\/conversesacatalunya.cat\/?s={search_term_string}\"},\"query-input\":{\"@type\":\"PropertyValueSpecification\",\"valueRequired\":true,\"valueName\":\"search_term_string\"}}],\"inLanguage\":\"es\"},{\"@type\":\"Person\",\"@id\":\"https:\/\/conversesacatalunya.cat\/#\/schema\/person\/3ce2ab16c0a3803086d80722c7cad56a\",\"name\":\"Carles L\u00f3pez\",\"image\":{\"@type\":\"ImageObject\",\"inLanguage\":\"es\",\"@id\":\"https:\/\/conversesacatalunya.cat\/#\/schema\/person\/image\/\",\"url\":\"https:\/\/conversesacatalunya.cat\/wp-content\/litespeed\/avatar\/4891585caf2896e97846ab77f06edcf2.jpg?ver=1777091173\",\"contentUrl\":\"https:\/\/conversesacatalunya.cat\/wp-content\/litespeed\/avatar\/4891585caf2896e97846ab77f06edcf2.jpg?ver=1777091173\",\"caption\":\"Carles L\u00f3pez\"},\"url\":\"https:\/\/conversesacatalunya.cat\/es\/author\/carles-lopez\/\"}]}<\/script>\n<!-- \/ Yoast SEO plugin. -->","yoast_head_json":{"title":"Otra semana negra en Francia - Converses a Catalunya","description":"Quiz\u00e1s el objetivo de Macron y Lecornu sea el de proseguir la huida adelante para aguantar hasta las elecciones presidenciales del 2027.","robots":{"index":"index","follow":"follow","max-snippet":"max-snippet:-1","max-image-preview":"max-image-preview:large","max-video-preview":"max-video-preview:-1"},"canonical":"https:\/\/conversesacatalunya.cat\/es\/otra-semana-negra-en-francia\/","og_locale":"es_ES","og_type":"article","og_title":"Otra semana negra en Francia - Converses a Catalunya","og_description":"Quiz\u00e1s el objetivo de Macron y Lecornu sea el de proseguir la huida adelante para aguantar hasta las elecciones presidenciales del 2027.","og_url":"https:\/\/conversesacatalunya.cat\/es\/otra-semana-negra-en-francia\/","og_site_name":"Converses a Catalunya","article_published_time":"2025-09-15T10:25:51+00:00","article_modified_time":"2025-09-16T08:43:02+00:00","og_image":[{"width":1242,"height":964,"url":"https:\/\/conversesacatalunya.cat\/wp-content\/uploads\/2025\/09\/273d07cd831f37a73b45c84a73db3ed3.webp","type":"image\/webp"}],"author":"Carles L\u00f3pez","twitter_card":"summary_large_image","twitter_misc":{"Escrito por":"Carles L\u00f3pez","Tiempo de lectura":"3 minutos"},"schema":{"@context":"https:\/\/schema.org","@graph":[{"@type":"Article","@id":"https:\/\/conversesacatalunya.cat\/es\/otra-semana-negra-en-francia\/#article","isPartOf":{"@id":"https:\/\/conversesacatalunya.cat\/es\/otra-semana-negra-en-francia\/"},"author":{"name":"Carles L\u00f3pez","@id":"https:\/\/conversesacatalunya.cat\/#\/schema\/person\/3ce2ab16c0a3803086d80722c7cad56a"},"headline":"Otra semana negra en Francia","datePublished":"2025-09-15T10:25:51+00:00","dateModified":"2025-09-16T08:43:02+00:00","mainEntityOfPage":{"@id":"https:\/\/conversesacatalunya.cat\/es\/otra-semana-negra-en-francia\/"},"wordCount":510,"commentCount":0,"image":{"@id":"https:\/\/conversesacatalunya.cat\/es\/otra-semana-negra-en-francia\/#primaryimage"},"thumbnailUrl":"https:\/\/conversesacatalunya.cat\/wp-content\/uploads\/2025\/09\/273d07cd831f37a73b45c84a73db3ed3.webp","keywords":["Emmanuel Macron","Fran\u00e7a","Francia","Fran\u00e7ois Bayrou","S\u00e9bastien Lecornu"],"articleSection":["Punts clau del dia (ES)"],"inLanguage":"es","potentialAction":[{"@type":"CommentAction","name":"Comment","target":["https:\/\/conversesacatalunya.cat\/es\/otra-semana-negra-en-francia\/#respond"]}]},{"@type":"WebPage","@id":"https:\/\/conversesacatalunya.cat\/es\/otra-semana-negra-en-francia\/","url":"https:\/\/conversesacatalunya.cat\/es\/otra-semana-negra-en-francia\/","name":"Otra semana negra en Francia - Converses a Catalunya","isPartOf":{"@id":"https:\/\/conversesacatalunya.cat\/#website"},"primaryImageOfPage":{"@id":"https:\/\/conversesacatalunya.cat\/es\/otra-semana-negra-en-francia\/#primaryimage"},"image":{"@id":"https:\/\/conversesacatalunya.cat\/es\/otra-semana-negra-en-francia\/#primaryimage"},"thumbnailUrl":"https:\/\/conversesacatalunya.cat\/wp-content\/uploads\/2025\/09\/273d07cd831f37a73b45c84a73db3ed3.webp","datePublished":"2025-09-15T10:25:51+00:00","dateModified":"2025-09-16T08:43:02+00:00","author":{"@id":"https:\/\/conversesacatalunya.cat\/#\/schema\/person\/3ce2ab16c0a3803086d80722c7cad56a"},"description":"Quiz\u00e1s el objetivo de Macron y Lecornu sea el de proseguir la huida adelante para aguantar hasta las elecciones presidenciales del 2027.","breadcrumb":{"@id":"https:\/\/conversesacatalunya.cat\/es\/otra-semana-negra-en-francia\/#breadcrumb"},"inLanguage":"es","potentialAction":[{"@type":"ReadAction","target":["https:\/\/conversesacatalunya.cat\/es\/otra-semana-negra-en-francia\/"]}]},{"@type":"ImageObject","inLanguage":"es","@id":"https:\/\/conversesacatalunya.cat\/es\/otra-semana-negra-en-francia\/#primaryimage","url":"https:\/\/conversesacatalunya.cat\/wp-content\/uploads\/2025\/09\/273d07cd831f37a73b45c84a73db3ed3.webp","contentUrl":"https:\/\/conversesacatalunya.cat\/wp-content\/uploads\/2025\/09\/273d07cd831f37a73b45c84a73db3ed3.webp","width":1242,"height":964,"caption":"Lecornu Macron"},{"@type":"BreadcrumbList","@id":"https:\/\/conversesacatalunya.cat\/es\/otra-semana-negra-en-francia\/#breadcrumb","itemListElement":[{"@type":"ListItem","position":1,"name":"Inici","item":"https:\/\/conversesacatalunya.cat\/es\/"},{"@type":"ListItem","position":2,"name":"Otra semana negra en Francia"}]},{"@type":"WebSite","@id":"https:\/\/conversesacatalunya.cat\/#website","url":"https:\/\/conversesacatalunya.cat\/","name":"Converses a Catalunya","description":"","potentialAction":[{"@type":"SearchAction","target":{"@type":"EntryPoint","urlTemplate":"https:\/\/conversesacatalunya.cat\/?s={search_term_string}"},"query-input":{"@type":"PropertyValueSpecification","valueRequired":true,"valueName":"search_term_string"}}],"inLanguage":"es"},{"@type":"Person","@id":"https:\/\/conversesacatalunya.cat\/#\/schema\/person\/3ce2ab16c0a3803086d80722c7cad56a","name":"Carles L\u00f3pez","image":{"@type":"ImageObject","inLanguage":"es","@id":"https:\/\/conversesacatalunya.cat\/#\/schema\/person\/image\/","url":"https:\/\/conversesacatalunya.cat\/wp-content\/litespeed\/avatar\/4891585caf2896e97846ab77f06edcf2.jpg?ver=1777091173","contentUrl":"https:\/\/conversesacatalunya.cat\/wp-content\/litespeed\/avatar\/4891585caf2896e97846ab77f06edcf2.jpg?ver=1777091173","caption":"Carles L\u00f3pez"},"url":"https:\/\/conversesacatalunya.cat\/es\/author\/carles-lopez\/"}]}},"wps_subtitle":"Si el programa de ajuste presupuestario de Bayrou ya resultaba insuficiente para enderezar a Francia, el de Lecornu corre el riesgo de ser totalmente irrelevante.","_links":{"self":[{"href":"https:\/\/conversesacatalunya.cat\/es\/wp-json\/wp\/v2\/posts\/91821","targetHints":{"allow":["GET"]}}],"collection":[{"href":"https:\/\/conversesacatalunya.cat\/es\/wp-json\/wp\/v2\/posts"}],"about":[{"href":"https:\/\/conversesacatalunya.cat\/es\/wp-json\/wp\/v2\/types\/post"}],"author":[{"embeddable":true,"href":"https:\/\/conversesacatalunya.cat\/es\/wp-json\/wp\/v2\/users\/75"}],"replies":[{"embeddable":true,"href":"https:\/\/conversesacatalunya.cat\/es\/wp-json\/wp\/v2\/comments?post=91821"}],"version-history":[{"count":8,"href":"https:\/\/conversesacatalunya.cat\/es\/wp-json\/wp\/v2\/posts\/91821\/revisions"}],"predecessor-version":[{"id":91855,"href":"https:\/\/conversesacatalunya.cat\/es\/wp-json\/wp\/v2\/posts\/91821\/revisions\/91855"}],"wp:featuredmedia":[{"embeddable":true,"href":"https:\/\/conversesacatalunya.cat\/es\/wp-json\/wp\/v2\/media\/91810"}],"wp:attachment":[{"href":"https:\/\/conversesacatalunya.cat\/es\/wp-json\/wp\/v2\/media?parent=91821"}],"wp:term":[{"taxonomy":"category","embeddable":true,"href":"https:\/\/conversesacatalunya.cat\/es\/wp-json\/wp\/v2\/categories?post=91821"},{"taxonomy":"post_tag","embeddable":true,"href":"https:\/\/conversesacatalunya.cat\/es\/wp-json\/wp\/v2\/tags?post=91821"}],"curies":[{"name":"wp","href":"https:\/\/api.w.org\/{rel}","templated":true}]}}