{"id":91798,"date":"2025-09-12T11:59:22","date_gmt":"2025-09-12T09:59:22","guid":{"rendered":"https:\/\/conversesacatalunya.cat\/?p=91798"},"modified":"2025-09-12T12:20:14","modified_gmt":"2025-09-12T10:20:14","slug":"espana-un-pais-sin-costuras","status":"publish","type":"post","link":"https:\/\/conversesacatalunya.cat\/es\/espana-un-pais-sin-costuras\/","title":{"rendered":"Espa\u00f1a, un pa\u00eds sin costuras"},"content":{"rendered":"<p><span dir=\"auto\">Ahora, despu\u00e9s de siete a\u00f1os de mal gobierno de Pedro S\u00e1nchez, ya sufrimos las consecuencias de una pesada broma: considerar que<span>\u00a0<\/span><\/span><strong><span dir=\"auto\">los presupuestos generales del Estado tienen una importancia secundaria<\/span><\/strong><span dir=\"auto\"><span>\u00a0<\/span>y que se puede gobernar un pa\u00eds a base de pr\u00f3rrogas y m\u00e1s pr\u00f3rrogas. El resultado es un estado con las costuras reventadas, que se va agrietando en pedazos. En<span>\u00a0<\/span><\/span><strong><span dir=\"auto\">Catalu\u00f1a<\/span><\/strong><span dir=\"auto\"><span>\u00a0<\/span>conocemos bien este escenario, porque lo sufrimos desde mucho antes.<\/span><\/p>\n<h5><strong><span dir=\"auto\"><span class=\"VIpgJd-yAWNEb-VIpgJd-fmcmS-sn54Q\" dir=\"auto\">Los indicios son m\u00faltiples y abarcan todos los \u00e1mbitos de la vida colectiva.<\/span><\/span><\/strong><\/h5>\n<h4><strong><span dir=\"auto\">El dato que nadie quiere mirar: la esperanza de vida<\/span><\/strong><\/h4>\n<p><span dir=\"auto\">Una de las cifras m\u00e1s graves es la esperanza de vida. Entre 2019 y 2023, Espa\u00f1a ha sido \u2014junto con Holanda\u2014 el \u00fanico pa\u00eds de la Uni\u00f3n Europea donde la poblaci\u00f3n no ha ganado ni un solo d\u00eda de vida. Todos los dem\u00e1s lo han hecho, en algunos casos de forma muy significativa. Nosotros, no.<\/span><\/p>\n<p><span dir=\"auto\"><span class=\"VIpgJd-yAWNEb-VIpgJd-fmcmS-sn54Q\" dir=\"auto\">Lo que se esconde es un<span>\u00a0<\/span><\/span><\/span><strong><span dir=\"auto\"><span class=\"VIpgJd-yAWNEb-VIpgJd-fmcmS-sn54Q\" dir=\"auto\">siniestro balance:<\/span><\/span><\/strong><span dir=\"auto\"><span class=\"VIpgJd-yAWNEb-VIpgJd-fmcmS-sn54Q\" dir=\"auto\"><span>\u00a0<\/span>errores en la gesti\u00f3n de la Covid, en las olas de calor, en el funcionamiento rutinario de la sanidad y en la gesti\u00f3n de los recursos p\u00fablicos. Es un dato que deber\u00eda encender todas las alarmas. Hablaremos m\u00e1s en una nueva ocasi\u00f3n, porque es el s\u00edntoma m\u00e1s claro de que algo estructural no funciona.<\/span><\/span><\/p>\n<h4><strong><span dir=\"auto\">Pobreza infantil y fracaso educativo<\/span><\/strong><\/h4>\n<p><span dir=\"auto\"><span class=\"VIpgJd-yAWNEb-VIpgJd-fmcmS-sn54Q\" dir=\"auto\">Otra cifra que deber\u00eda estremecer es que<span>\u00a0<\/span><\/span><\/span><strong><span dir=\"auto\"><span class=\"VIpgJd-yAWNEb-VIpgJd-fmcmS-sn54Q\" dir=\"auto\">Espa\u00f1a encabeza el ranking europeo de pobreza infantil.<\/span><\/span><\/strong><span dir=\"auto\"><span class=\"VIpgJd-yAWNEb-VIpgJd-fmcmS-sn54Q\" dir=\"auto\"><span>\u00a0<\/span>Las consecuencias se trasladan directamente al rendimiento escolar, y ese c\u00edrculo vicioso nos condena al futuro. Espa\u00f1a tiene un fuerte decalaje en primaria en matem\u00e1ticas y ciencias (que en la ESO, se recupera), que en lugar de reducirse tiende a crecer.<\/span><\/span><\/p>\n<p><span dir=\"auto\">Las principales causas son dos: la falta de ayudas a las familias con hijos \u2014un d\u00e9ficit cr\u00f3nico que facilita y expande la pobreza\u2014 y el alud migratorio a partir de 2017 y 2018, que ha situado a miles de menores en condiciones muy vulnerables. Ninguna pol\u00edtica ha abordado esta situaci\u00f3n. La educaci\u00f3n tampoco ha sido reformada.<\/span><\/p>\n<p><strong><span dir=\"auto\"><span class=\"VIpgJd-yAWNEb-VIpgJd-fmcmS-sn54Q\" dir=\"auto\">La ministra Pilar Alegr\u00eda,<\/span><\/span><\/strong><span dir=\"auto\"><span class=\"VIpgJd-yAWNEb-VIpgJd-fmcmS-sn54Q\" dir=\"auto\">\u00a0cuyo apellido suena a sarcasmo vistos los resultados, ejerce a la vez de secretaria general del PSOE en Arag\u00f3n y de portavoz del gobierno. El ministerio de Educaci\u00f3n, en manos de una ministra a media jornada, es una muestra paradigm\u00e1tica de un gobierno m\u00e1s ocupado en tapar casos de corrupci\u00f3n y atacar a la oposici\u00f3n que a trabajar en serio.<\/span><\/span><\/p>\n<h4><strong><span dir=\"auto\">Una deuda que nos chupa el futuro<\/span><\/strong><\/h4>\n<p><span dir=\"auto\">El tercer gran desajuste es el endeudamiento. En siete a\u00f1os, S\u00e1nchez ha inflado la deuda p\u00fablica en<span>\u00a0<\/span><\/span><strong><span dir=\"auto\">528.000 millones de euros,<\/span><\/strong><span dir=\"auto\">\u00a0hasta situarla en el<span>\u00a0<\/span><\/span><strong><span dir=\"auto\">103,5% del PIB.<\/span><\/strong><span dir=\"auto\">\u00a0Esto significa que, a pesar de haber crecido mucho el PIB (pero no la renta per c\u00e1pita), no hemos logrado situar el endeudamiento en cifras menos sacrificadas.<\/span><\/p>\n<p><span dir=\"auto\"><span class=\"VIpgJd-yAWNEb-VIpgJd-fmcmS-sn54Q\" dir=\"auto\">Cada a\u00f1o se pagan intereses que suben sin freno:<span>\u00a0<\/span><\/span><\/span><strong><span dir=\"auto\"><span class=\"VIpgJd-yAWNEb-VIpgJd-fmcmS-sn54Q\" dir=\"auto\">41.726 millones de euros,<\/span><\/span><\/strong><span dir=\"auto\"><span class=\"VIpgJd-yAWNEb-VIpgJd-fmcmS-sn54Q\" dir=\"auto\">\u00a0seg\u00fan el AIReF. Una cifra que podr\u00eda mejorar partidas deficitarias como familia o vivienda, pero que escapa en el pozo de la deuda.<strong> El drama es doble:<\/strong> este endeudamiento <strong>se ha producido en un per\u00edodo de abundancia<\/strong>, con ingresos fiscales disparados por la inflaci\u00f3n y la llegada de los fondos europeos Next Generation. Sin embargo, el gobierno ha preferido gastar y endeudar m\u00e1s.<\/span><\/span><\/p>\n<p><span dir=\"auto\">La factura no la pagaremos solos, sino sobre todo los j\u00f3venes. En la Seguridad Social, el<span>\u00a0<\/span><\/span><strong><span dir=\"auto\">tipo de retorno<\/span><\/strong><span dir=\"auto\"><span>\u00a0<\/span>medio de las pensiones es del<span>\u00a0<\/span><\/span><strong><span dir=\"auto\">6,7%,<\/span><\/strong><span dir=\"auto\"> el m\u00e1s alto del mundo, cuando no deber\u00eda superar el 4% para estar equilibrado. La diferencia se soluciona con endeudamiento, cargado en la espalda de las nuevas generaciones.<\/span><\/p>\n<h4><strong><span dir=\"auto\">El drama de los j\u00f3venes<\/span><\/strong><\/h4>\n<p><span dir=\"auto\"><span class=\"VIpgJd-yAWNEb-VIpgJd-fmcmS-sn54Q\" dir=\"auto\">El cuadro se completa con la crisis de la vivienda y los bajos sueldos. Para<span>\u00a0<\/span><\/span><\/span><strong><span dir=\"auto\"><span class=\"VIpgJd-yAWNEb-VIpgJd-fmcmS-sn54Q\" dir=\"auto\">la generaci\u00f3n de 25 a 35 a\u00f1os,<\/span><\/span><\/strong><span dir=\"auto\"><span class=\"VIpgJd-yAWNEb-VIpgJd-fmcmS-sn54Q\" dir=\"auto\"><span>\u00a0<\/span>la costura rota es la de la esperanza: confianza, futuro, proyecci\u00f3n vital. El pa\u00eds les ofrece un panorama de precariedad y resignaci\u00f3n. Es un drama generacional con todas las letras.<\/span><\/span><\/p>\n<h4><strong><span dir=\"auto\">El\u00e9ctricamente colapsados<\/span><\/strong><\/h4>\n<p><span dir=\"auto\"><span class=\"VIpgJd-yAWNEb-VIpgJd-fmcmS-sn54Q\" dir=\"auto\">La electricidad, hasta hace poco motivo de orgullo, es ahora fuente de inquietud.<span>\u00a0<\/span><\/span><a href=\"https:\/\/conversesacatalunya.cat\/es\/apagon-nadie-es-responsable-ni-dimite-ni-es-cesado-ironia\/\" target=\"_blank\" rel=\"noopener\"><strong><span class=\"VIpgJd-yAWNEb-VIpgJd-fmcmS-sn54Q\" dir=\"auto\">El gran apag\u00f3n<\/span><\/strong><\/a><span class=\"VIpgJd-yAWNEb-VIpgJd-fmcmS-sn54Q\" dir=\"auto\"><span>\u00a0<\/span>puso en evidencia el desequilibrio de haber apostado masivamente por las renovables sin invertir en sistemas de almacenamiento y modulaci\u00f3n. Desde entonces, por miedo a nuevos sustos, hemos incrementado la dependencia del ciclo combinado, m\u00e1s caro y contaminante.<\/span><\/span><\/p>\n<p><span dir=\"auto\">Pero el problema real es a\u00fan m\u00e1s grave:<span>\u00a0<\/span><\/span><strong><span dir=\"auto\">la red el\u00e9ctrica est\u00e1 saturada y no admite nuevas conexiones por falta de inversi\u00f3n.<\/span><\/strong><span dir=\"auto\"> Esto significa que no se pueden construir nuevas viviendas, ni abrir industrias, ni instalar centros de datos. Un estrangulamiento que corta las alas a la econom\u00eda productiva y frena la inversi\u00f3n.<\/span><\/p>\n<h4><strong><span dir=\"auto\">Ferrocarriles a la deriva<\/span><\/strong><\/h4>\n<p><span dir=\"auto\"><span class=\"VIpgJd-yAWNEb-VIpgJd-fmcmS-sn54Q\" dir=\"auto\">Los ferrocarriles tampoco escapan al deterioro. El tren convencional de largo recorrido nunca ha recibido la atenci\u00f3n necesaria. Y la alta velocidad, la alegr\u00eda de la corona, vive una crisis inesperada.<\/span><\/span><\/p>\n<p><span dir=\"auto\">El caso m\u00e1s grave es el del<span>\u00a0<\/span><\/span><a href=\"https:\/\/es.wikipedia.org\/wiki\/Talgo_AVRIL\" target=\"_blank\" rel=\"noopener\"><strong><span dir=\"auto\">Talgo Avril<\/span><\/strong><\/a>,<span dir=\"auto\"><span>\u00a0<\/span>el modelo de tren que deb\u00eda renovar los trayectos de alta velocidad a bajo coste, como la l\u00ednea Barcelona-Madrid.<span>\u00a0<\/span><\/span><strong><span dir=\"auto\">El Ministerio acusa a Talgo de entregar unidades defectuosas,<\/span><\/strong><span dir=\"auto\"><span>\u00a0<\/span>con fisuras en las estructuras met\u00e1licas que unen las ruedas y el chasis del vag\u00f3n y permiten que el tren circule estable a gran velocidad.<span>\u00a0<\/span><\/span><strong><span dir=\"auto\">La empresa, en cambio, replica que el problema es el estado de la v\u00eda,<\/span><\/strong><span dir=\"auto\">\u00a0que no permite sostener los 300 km\/h prometidos.<\/span><\/p>\n<p><span>Si fuera cierto, estar\u00edamos ante un problema de una magnitud colosal: la degradaci\u00f3n de una infraestructura que cost\u00f3 decenas de miles de millones y que hab\u00eda sido s\u00edmbolo de modernidad. Mientras, los ciudadanos no tienen la garant\u00eda de que el viaje entre Barcelona y Madrid pueda recuperar la puntualidad ni mantener los niveles de seguridad exigibles.<\/span><\/p>\n<h4><strong><span dir=\"auto\">Un pa\u00eds sin gobierno<\/span><\/strong><\/h4>\n<p><span dir=\"auto\"><span class=\"VIpgJd-yAWNEb-VIpgJd-fmcmS-sn54Q\" dir=\"auto\">La imagen final es la de un pa\u00eds con las costuras reventadas: esperanza de vida estancada, pobreza infantil desbocada, j\u00f3venes sin futuro, deuda inasumible, electricidad estrangulada, trenes que peligran.<\/span><\/span><\/p>\n<p><span dir=\"auto\">En lugar de gobernar, los ministros acumulan cargos y se dedican a la pol\u00edtica partidista. El presidente, atrapado en sus propias batallas,<span>\u00a0<\/span><\/span><strong><span dir=\"auto\">confunde la gesti\u00f3n con la propaganda.<\/span><\/strong><\/p>\n<p><span dir=\"auto\">Espa\u00f1a, un pa\u00eds que hab\u00eda conseguido grandes hitos en las \u00faltimas d\u00e9cadas, parece ahora condenada a vivir de la inercia, mientras las costuras van rompi\u00e9ndose una tras otra. Y nadie, en el tim\u00f3n, parece dispuesto a coserlas de nuevo.<\/span><\/p>\n<span class='bctt-click-to-tweet'><span class='bctt-ctt-text'><a href='https:\/\/twitter.com\/intent\/tweet?url=https%3A%2F%2Fconversesacatalunya.cat%2Fes%2Fespana-un-pais-sin-costuras%2F&#038;text=La%20red%20el%C3%A9ctrica%20saturada%20bloquea%20vivienda%2C%20industria%20y%20empleo.%20Un%20estrangulamiento%20silencioso.%20%23Energ%C3%ADa%20%23Espa%C3%B1a&#038;via=conversesacat&#038;related=conversesacat' target='_blank'rel=\"noopener noreferrer\">La red el\u00e9ctrica saturada bloquea vivienda, industria y empleo. Un estrangulamiento silencioso. #Energ\u00eda #Espa\u00f1a <\/a><\/span><a href='https:\/\/twitter.com\/intent\/tweet?url=https%3A%2F%2Fconversesacatalunya.cat%2Fes%2Fespana-un-pais-sin-costuras%2F&#038;text=La%20red%20el%C3%A9ctrica%20saturada%20bloquea%20vivienda%2C%20industria%20y%20empleo.%20Un%20estrangulamiento%20silencioso.%20%23Energ%C3%ADa%20%23Espa%C3%B1a&#038;via=conversesacat&#038;related=conversesacat' target='_blank' class='bctt-ctt-btn'rel=\"noopener noreferrer\">Compartir en X<\/a><\/span>\n<div id=\"polls-295\" class=\"wp-polls\">\n\t<form id=\"polls_form_295\" class=\"wp-polls-form\" action=\"\/index.php\" method=\"post\">\n\t\t<p style=\"display: none;\"><input type=\"hidden\" id=\"poll_295_nonce\" name=\"wp-polls-nonce\" value=\"3d4b3e16d5\" \/><\/p>\n\t\t<p style=\"display: none;\"><input type=\"hidden\" name=\"poll_id\" value=\"295\" \/><\/p>\n\t\t<p style=\"text-align: center\"><strong>El president Illa, en una recent entrevista a La Vanguardia ha reivindicat com a positiu l'elevada pressi\u00f3 fiscal de Catalunya. Comparteixes aquest punt de vista?<\/strong><\/p><div id=\"polls-295-ans\" class=\"wp-polls-ans\"><ul class=\"wp-polls-ul\">\n\t\t<li><input type=\"radio\" id=\"poll-answer-842\" name=\"poll_295\" value=\"842\" \/> <label for=\"poll-answer-842\">S\u00ed<\/label><\/li>\n\t\t<li><input type=\"radio\" id=\"poll-answer-843\" name=\"poll_295\" value=\"843\" \/> <label for=\"poll-answer-843\">No<\/label><\/li>\n\t\t<li><input type=\"radio\" id=\"poll-answer-844\" name=\"poll_295\" value=\"844\" \/> <label for=\"poll-answer-844\">No ho s\u00e9<\/label><\/li>\n\t\t<\/ul><p style=\"text-align: center\"><input type=\"button\" name=\"vote\" value=\"   Vota   \" class=\"Buttons\" onclick=\"poll_vote(295);\" \/><\/p><p style=\"text-align: center\"><a href=\"#ViewPollResults\" onclick=\"poll_result(295); return false;\" title=\"View Results Of This Poll\">Mira els resultats<\/a><\/p><\/div>\n\t<\/form>\n<\/div>\n<div id=\"polls-295-loading\" class=\"wp-polls-loading\"><img decoding=\"async\" data-src=\"https:\/\/conversesacatalunya.cat\/wp-content\/plugins\/wp-polls\/images\/loading.gif\" width=\"16\" height=\"16\" alt=\"Cargando ...\" title=\"Cargando ...\" class=\"wp-polls-image lazyload\" src=\"data:image\/svg+xml;base64,PHN2ZyB3aWR0aD0iMSIgaGVpZ2h0PSIxIiB4bWxucz0iaHR0cDovL3d3dy53My5vcmcvMjAwMC9zdmciPjwvc3ZnPg==\" style=\"--smush-placeholder-width: 16px; --smush-placeholder-aspect-ratio: 16\/16;\" \/>&nbsp;Cargando ...<\/div>\n\n","protected":false},"excerpt":{"rendered":"<p>Ahora, despu\u00e9s de siete a\u00f1os de mal gobierno de Pedro S\u00e1nchez, ya sufrimos las consecuencias de una pesada broma: considerar que\u00a0los presupuestos generales del Estado tienen una importancia secundaria\u00a0y que se puede gobernar un pa\u00eds a base de pr\u00f3rrogas y m\u00e1s pr\u00f3rrogas. El resultado es un estado con las costuras reventadas, que se va agrietando en pedazos. En\u00a0Catalu\u00f1a\u00a0conocemos bien este escenario, porque lo sufrimos desde mucho antes. Los indicios son m\u00faltiples y abarcan todos los \u00e1mbitos de la vida colectiva. El dato que nadie quiere mirar: la esperanza de vida Una de las cifras m\u00e1s graves es la esperanza de vida. Entre 2019 y 2023, Espa\u00f1a ha sido \u2014junto con Holanda\u2014 el \u00fanico pa\u00eds de la Uni\u00f3n Europea donde la poblaci\u00f3n no ha ganado ni un solo d\u00eda de vida. Todos los dem\u00e1s lo han hecho, en algunos casos de forma muy significativa. Nosotros, no. Lo que se esconde es un\u00a0siniestro balance:\u00a0errores en la gesti\u00f3n de la Covid, en las olas de calor, en el funcionamiento rutinario de la sanidad y en la gesti\u00f3n de los recursos p\u00fablicos. Es un dato que deber\u00eda encender todas las alarmas. Hablaremos m\u00e1s en una nueva ocasi\u00f3n, porque es el s\u00edntoma m\u00e1s claro de que algo estructural no funciona. Pobreza infantil y fracaso educativo Otra cifra que deber\u00eda estremecer es que\u00a0Espa\u00f1a encabeza el ranking europeo de pobreza infantil.\u00a0Las consecuencias se trasladan directamente al rendimiento escolar, y ese c\u00edrculo vicioso nos condena al futuro. Espa\u00f1a tiene un fuerte decalaje en primaria en matem\u00e1ticas y ciencias (que en la ESO, se recupera), que en lugar de reducirse tiende a crecer. Las principales causas son dos: la falta de ayudas a las familias con hijos \u2014un d\u00e9ficit cr\u00f3nico que facilita y expande la pobreza\u2014 y el alud migratorio a partir de 2017 y 2018, que ha situado a miles de menores en condiciones muy vulnerables. Ninguna pol\u00edtica ha abordado esta situaci\u00f3n. La educaci\u00f3n tampoco ha sido reformada. La ministra Pilar Alegr\u00eda,\u00a0cuyo apellido suena a sarcasmo vistos los resultados, ejerce a la vez de secretaria general del PSOE en Arag\u00f3n y de portavoz del gobierno. El ministerio de Educaci\u00f3n, en manos de una ministra a media jornada, es una muestra paradigm\u00e1tica de un gobierno m\u00e1s ocupado en tapar casos de corrupci\u00f3n y atacar a la oposici\u00f3n que a trabajar en serio. Una deuda que nos chupa el futuro El tercer gran desajuste es el endeudamiento. En siete a\u00f1os, S\u00e1nchez ha inflado la deuda p\u00fablica en\u00a0528.000 millones de euros,\u00a0hasta situarla en el\u00a0103,5% del PIB.\u00a0Esto significa que, a pesar de haber crecido mucho el PIB (pero no la renta per c\u00e1pita), no hemos logrado situar el endeudamiento en cifras menos sacrificadas. Cada a\u00f1o se pagan intereses que suben sin freno:\u00a041.726 millones de euros,\u00a0seg\u00fan el AIReF. Una cifra que podr\u00eda mejorar partidas deficitarias como familia o vivienda, pero que escapa en el pozo de la deuda. El drama es doble: este endeudamiento se ha producido en un per\u00edodo de abundancia, con ingresos fiscales disparados por la inflaci\u00f3n y la llegada de los fondos europeos Next Generation. Sin embargo, el gobierno ha preferido gastar y endeudar m\u00e1s. La factura no la pagaremos solos, sino sobre todo los j\u00f3venes. En la Seguridad Social, el\u00a0tipo de retorno\u00a0medio de las pensiones es del\u00a06,7%, el m\u00e1s alto del mundo, cuando no deber\u00eda superar el 4% para estar equilibrado. La diferencia se soluciona con endeudamiento, cargado en la espalda de las nuevas generaciones. El drama de los j\u00f3venes El cuadro se completa con la crisis de la vivienda y los bajos sueldos. Para\u00a0la generaci\u00f3n de 25 a 35 a\u00f1os,\u00a0la costura rota es la de la esperanza: confianza, futuro, proyecci\u00f3n vital. El pa\u00eds les ofrece un panorama de precariedad y resignaci\u00f3n. Es un drama generacional con todas las letras. El\u00e9ctricamente colapsados La electricidad, hasta hace poco motivo de orgullo, es ahora fuente de inquietud.\u00a0El gran apag\u00f3n\u00a0puso en evidencia el desequilibrio de haber apostado masivamente por las renovables sin invertir en sistemas de almacenamiento y modulaci\u00f3n. Desde entonces, por miedo a nuevos sustos, hemos incrementado la dependencia del ciclo combinado, m\u00e1s caro y contaminante. Pero el problema real es a\u00fan m\u00e1s grave:\u00a0la red el\u00e9ctrica est\u00e1 saturada y no admite nuevas conexiones por falta de inversi\u00f3n. Esto significa que no se pueden construir nuevas viviendas, ni abrir industrias, ni instalar centros de datos. Un estrangulamiento que corta las alas a la econom\u00eda productiva y frena la inversi\u00f3n. Ferrocarriles a la deriva Los ferrocarriles tampoco escapan al deterioro. El tren convencional de largo recorrido nunca ha recibido la atenci\u00f3n necesaria. Y la alta velocidad, la alegr\u00eda de la corona, vive una crisis inesperada. El caso m\u00e1s grave es el del\u00a0Talgo Avril,\u00a0el modelo de tren que deb\u00eda renovar los trayectos de alta velocidad a bajo coste, como la l\u00ednea Barcelona-Madrid.\u00a0El Ministerio acusa a Talgo de entregar unidades defectuosas,\u00a0con fisuras en las estructuras met\u00e1licas que unen las ruedas y el chasis del vag\u00f3n y permiten que el tren circule estable a gran velocidad.\u00a0La empresa, en cambio, replica que el problema es el estado de la v\u00eda,\u00a0que no permite sostener los 300 km\/h prometidos. Si fuera cierto, estar\u00edamos ante un problema de una magnitud colosal: la degradaci\u00f3n de una infraestructura que cost\u00f3 decenas de miles de millones y que hab\u00eda sido s\u00edmbolo de modernidad. Mientras, los ciudadanos no tienen la garant\u00eda de que el viaje entre Barcelona y Madrid pueda recuperar la puntualidad ni mantener los niveles de seguridad exigibles. Un pa\u00eds sin gobierno La imagen final es la de un pa\u00eds con las costuras reventadas: esperanza de vida estancada, pobreza infantil desbocada, j\u00f3venes sin futuro, deuda inasumible, electricidad estrangulada, trenes que peligran. En lugar de gobernar, los ministros acumulan cargos y se dedican a la pol\u00edtica partidista. El presidente, atrapado en sus propias batallas,\u00a0confunde la gesti\u00f3n con la propaganda. Espa\u00f1a, un pa\u00eds que hab\u00eda conseguido grandes hitos en las \u00faltimas d\u00e9cadas, parece ahora condenada a vivir de la inercia, mientras las costuras van rompi\u00e9ndose una tras otra. Y nadie, en el tim\u00f3n, parece dispuesto a coserlas de nuevo.<\/p>\n","protected":false},"author":77,"featured_media":91790,"comment_status":"open","ping_status":"open","sticky":false,"template":"","format":"standard","meta":{"_FSMCFIC_featured_image_caption":"","_FSMCFIC_featured_image_nocaption":"","_FSMCFIC_featured_image_hide":"","footnotes":""},"categories":[806],"tags":[1855,1201],"class_list":["post-91798","post","type-post","status-publish","format-standard","has-post-thumbnail","hentry","category-punts-claus-del-dia-es","tag-gobierno-de-espana","tag-govern-despanya-es-2"],"yoast_head":"<!-- This site is optimized with the Yoast SEO plugin v26.8 - https:\/\/yoast.com\/product\/yoast-seo-wordpress\/ -->\n<title>Espa\u00f1a, un pa\u00eds sin costuras - Converses a Catalunya<\/title>\n<meta name=\"description\" content=\"Espa\u00f1a tiene las costuras reventadas: pobreza infantil, deuda insostenible, j\u00f3venes sin futuro e infraestructuras en crisis.\" \/>\n<meta name=\"robots\" content=\"index, follow, max-snippet:-1, max-image-preview:large, max-video-preview:-1\" \/>\n<link rel=\"canonical\" href=\"https:\/\/conversesacatalunya.cat\/es\/espana-un-pais-sin-costuras\/\" \/>\n<meta property=\"og:locale\" content=\"es_ES\" \/>\n<meta property=\"og:type\" content=\"article\" \/>\n<meta property=\"og:title\" content=\"Espa\u00f1a, un pa\u00eds sin costuras - Converses a Catalunya\" \/>\n<meta property=\"og:description\" content=\"Espa\u00f1a tiene las costuras reventadas: pobreza infantil, deuda insostenible, j\u00f3venes sin futuro e infraestructuras en crisis.\" \/>\n<meta property=\"og:url\" content=\"https:\/\/conversesacatalunya.cat\/es\/espana-un-pais-sin-costuras\/\" \/>\n<meta property=\"og:site_name\" content=\"Converses a Catalunya\" \/>\n<meta property=\"article:published_time\" content=\"2025-09-12T09:59:22+00:00\" \/>\n<meta property=\"article:modified_time\" content=\"2025-09-12T10:20:14+00:00\" \/>\n<meta property=\"og:image\" content=\"https:\/\/conversesacatalunya.cat\/wp-content\/uploads\/2025\/09\/Imagen1-6.jpg\" \/>\n\t<meta property=\"og:image:width\" content=\"567\" \/>\n\t<meta property=\"og:image:height\" content=\"567\" \/>\n\t<meta property=\"og:image:type\" content=\"image\/jpeg\" \/>\n<meta name=\"author\" content=\"Enric Casanovas\" \/>\n<meta name=\"twitter:card\" content=\"summary_large_image\" \/>\n<meta name=\"twitter:label1\" content=\"Escrito por\" \/>\n\t<meta name=\"twitter:data1\" content=\"Enric Casanovas\" \/>\n\t<meta name=\"twitter:label2\" content=\"Tiempo de lectura\" \/>\n\t<meta name=\"twitter:data2\" content=\"6 minutos\" \/>\n<script type=\"application\/ld+json\" class=\"yoast-schema-graph\">{\"@context\":\"https:\/\/schema.org\",\"@graph\":[{\"@type\":\"Article\",\"@id\":\"https:\/\/conversesacatalunya.cat\/es\/espana-un-pais-sin-costuras\/#article\",\"isPartOf\":{\"@id\":\"https:\/\/conversesacatalunya.cat\/es\/espana-un-pais-sin-costuras\/\"},\"author\":{\"name\":\"Enric Casanovas\",\"@id\":\"https:\/\/conversesacatalunya.cat\/#\/schema\/person\/79bd0577b2f3afc8d6519d207c6e8609\"},\"headline\":\"Espa\u00f1a, un pa\u00eds sin costuras\",\"datePublished\":\"2025-09-12T09:59:22+00:00\",\"dateModified\":\"2025-09-12T10:20:14+00:00\",\"mainEntityOfPage\":{\"@id\":\"https:\/\/conversesacatalunya.cat\/es\/espana-un-pais-sin-costuras\/\"},\"wordCount\":1138,\"commentCount\":0,\"image\":{\"@id\":\"https:\/\/conversesacatalunya.cat\/es\/espana-un-pais-sin-costuras\/#primaryimage\"},\"thumbnailUrl\":\"https:\/\/conversesacatalunya.cat\/wp-content\/uploads\/2025\/09\/Imagen1-6.jpg\",\"keywords\":[\"gobierno de Espa\u00f1a\",\"Govern d'Espanya\"],\"articleSection\":[\"Punts clau del dia (ES)\"],\"inLanguage\":\"es\",\"potentialAction\":[{\"@type\":\"CommentAction\",\"name\":\"Comment\",\"target\":[\"https:\/\/conversesacatalunya.cat\/es\/espana-un-pais-sin-costuras\/#respond\"]}]},{\"@type\":\"WebPage\",\"@id\":\"https:\/\/conversesacatalunya.cat\/es\/espana-un-pais-sin-costuras\/\",\"url\":\"https:\/\/conversesacatalunya.cat\/es\/espana-un-pais-sin-costuras\/\",\"name\":\"Espa\u00f1a, un pa\u00eds sin costuras - Converses a Catalunya\",\"isPartOf\":{\"@id\":\"https:\/\/conversesacatalunya.cat\/#website\"},\"primaryImageOfPage\":{\"@id\":\"https:\/\/conversesacatalunya.cat\/es\/espana-un-pais-sin-costuras\/#primaryimage\"},\"image\":{\"@id\":\"https:\/\/conversesacatalunya.cat\/es\/espana-un-pais-sin-costuras\/#primaryimage\"},\"thumbnailUrl\":\"https:\/\/conversesacatalunya.cat\/wp-content\/uploads\/2025\/09\/Imagen1-6.jpg\",\"datePublished\":\"2025-09-12T09:59:22+00:00\",\"dateModified\":\"2025-09-12T10:20:14+00:00\",\"author\":{\"@id\":\"https:\/\/conversesacatalunya.cat\/#\/schema\/person\/79bd0577b2f3afc8d6519d207c6e8609\"},\"description\":\"Espa\u00f1a tiene las costuras reventadas: pobreza infantil, deuda insostenible, j\u00f3venes sin futuro e infraestructuras en crisis.\",\"breadcrumb\":{\"@id\":\"https:\/\/conversesacatalunya.cat\/es\/espana-un-pais-sin-costuras\/#breadcrumb\"},\"inLanguage\":\"es\",\"potentialAction\":[{\"@type\":\"ReadAction\",\"target\":[\"https:\/\/conversesacatalunya.cat\/es\/espana-un-pais-sin-costuras\/\"]}]},{\"@type\":\"ImageObject\",\"inLanguage\":\"es\",\"@id\":\"https:\/\/conversesacatalunya.cat\/es\/espana-un-pais-sin-costuras\/#primaryimage\",\"url\":\"https:\/\/conversesacatalunya.cat\/wp-content\/uploads\/2025\/09\/Imagen1-6.jpg\",\"contentUrl\":\"https:\/\/conversesacatalunya.cat\/wp-content\/uploads\/2025\/09\/Imagen1-6.jpg\",\"width\":567,\"height\":567,\"caption\":\"Espa\u00f1a costuras reventadas\"},{\"@type\":\"BreadcrumbList\",\"@id\":\"https:\/\/conversesacatalunya.cat\/es\/espana-un-pais-sin-costuras\/#breadcrumb\",\"itemListElement\":[{\"@type\":\"ListItem\",\"position\":1,\"name\":\"Inici\",\"item\":\"https:\/\/conversesacatalunya.cat\/es\/\"},{\"@type\":\"ListItem\",\"position\":2,\"name\":\"Espa\u00f1a, un pa\u00eds sin costuras\"}]},{\"@type\":\"WebSite\",\"@id\":\"https:\/\/conversesacatalunya.cat\/#website\",\"url\":\"https:\/\/conversesacatalunya.cat\/\",\"name\":\"Converses a Catalunya\",\"description\":\"\",\"potentialAction\":[{\"@type\":\"SearchAction\",\"target\":{\"@type\":\"EntryPoint\",\"urlTemplate\":\"https:\/\/conversesacatalunya.cat\/?s={search_term_string}\"},\"query-input\":{\"@type\":\"PropertyValueSpecification\",\"valueRequired\":true,\"valueName\":\"search_term_string\"}}],\"inLanguage\":\"es\"},{\"@type\":\"Person\",\"@id\":\"https:\/\/conversesacatalunya.cat\/#\/schema\/person\/79bd0577b2f3afc8d6519d207c6e8609\",\"name\":\"Enric Casanovas\",\"image\":{\"@type\":\"ImageObject\",\"inLanguage\":\"es\",\"@id\":\"https:\/\/conversesacatalunya.cat\/#\/schema\/person\/image\/\",\"url\":\"https:\/\/conversesacatalunya.cat\/wp-content\/litespeed\/avatar\/7ae4379ad4421ec77820e92afd36dd78.jpg?ver=1777373933\",\"contentUrl\":\"https:\/\/conversesacatalunya.cat\/wp-content\/litespeed\/avatar\/7ae4379ad4421ec77820e92afd36dd78.jpg?ver=1777373933\",\"caption\":\"Enric Casanovas\"},\"url\":\"https:\/\/conversesacatalunya.cat\/es\/author\/enric-casanovas\/\"}]}<\/script>\n<!-- \/ Yoast SEO plugin. -->","yoast_head_json":{"title":"Espa\u00f1a, un pa\u00eds sin costuras - Converses a Catalunya","description":"Espa\u00f1a tiene las costuras reventadas: pobreza infantil, deuda insostenible, j\u00f3venes sin futuro e infraestructuras en crisis.","robots":{"index":"index","follow":"follow","max-snippet":"max-snippet:-1","max-image-preview":"max-image-preview:large","max-video-preview":"max-video-preview:-1"},"canonical":"https:\/\/conversesacatalunya.cat\/es\/espana-un-pais-sin-costuras\/","og_locale":"es_ES","og_type":"article","og_title":"Espa\u00f1a, un pa\u00eds sin costuras - Converses a Catalunya","og_description":"Espa\u00f1a tiene las costuras reventadas: pobreza infantil, deuda insostenible, j\u00f3venes sin futuro e infraestructuras en crisis.","og_url":"https:\/\/conversesacatalunya.cat\/es\/espana-un-pais-sin-costuras\/","og_site_name":"Converses a Catalunya","article_published_time":"2025-09-12T09:59:22+00:00","article_modified_time":"2025-09-12T10:20:14+00:00","og_image":[{"width":567,"height":567,"url":"https:\/\/conversesacatalunya.cat\/wp-content\/uploads\/2025\/09\/Imagen1-6.jpg","type":"image\/jpeg"}],"author":"Enric Casanovas","twitter_card":"summary_large_image","twitter_misc":{"Escrito por":"Enric Casanovas","Tiempo de lectura":"6 minutos"},"schema":{"@context":"https:\/\/schema.org","@graph":[{"@type":"Article","@id":"https:\/\/conversesacatalunya.cat\/es\/espana-un-pais-sin-costuras\/#article","isPartOf":{"@id":"https:\/\/conversesacatalunya.cat\/es\/espana-un-pais-sin-costuras\/"},"author":{"name":"Enric Casanovas","@id":"https:\/\/conversesacatalunya.cat\/#\/schema\/person\/79bd0577b2f3afc8d6519d207c6e8609"},"headline":"Espa\u00f1a, un pa\u00eds sin costuras","datePublished":"2025-09-12T09:59:22+00:00","dateModified":"2025-09-12T10:20:14+00:00","mainEntityOfPage":{"@id":"https:\/\/conversesacatalunya.cat\/es\/espana-un-pais-sin-costuras\/"},"wordCount":1138,"commentCount":0,"image":{"@id":"https:\/\/conversesacatalunya.cat\/es\/espana-un-pais-sin-costuras\/#primaryimage"},"thumbnailUrl":"https:\/\/conversesacatalunya.cat\/wp-content\/uploads\/2025\/09\/Imagen1-6.jpg","keywords":["gobierno de Espa\u00f1a","Govern d'Espanya"],"articleSection":["Punts clau del dia (ES)"],"inLanguage":"es","potentialAction":[{"@type":"CommentAction","name":"Comment","target":["https:\/\/conversesacatalunya.cat\/es\/espana-un-pais-sin-costuras\/#respond"]}]},{"@type":"WebPage","@id":"https:\/\/conversesacatalunya.cat\/es\/espana-un-pais-sin-costuras\/","url":"https:\/\/conversesacatalunya.cat\/es\/espana-un-pais-sin-costuras\/","name":"Espa\u00f1a, un pa\u00eds sin costuras - Converses a Catalunya","isPartOf":{"@id":"https:\/\/conversesacatalunya.cat\/#website"},"primaryImageOfPage":{"@id":"https:\/\/conversesacatalunya.cat\/es\/espana-un-pais-sin-costuras\/#primaryimage"},"image":{"@id":"https:\/\/conversesacatalunya.cat\/es\/espana-un-pais-sin-costuras\/#primaryimage"},"thumbnailUrl":"https:\/\/conversesacatalunya.cat\/wp-content\/uploads\/2025\/09\/Imagen1-6.jpg","datePublished":"2025-09-12T09:59:22+00:00","dateModified":"2025-09-12T10:20:14+00:00","author":{"@id":"https:\/\/conversesacatalunya.cat\/#\/schema\/person\/79bd0577b2f3afc8d6519d207c6e8609"},"description":"Espa\u00f1a tiene las costuras reventadas: pobreza infantil, deuda insostenible, j\u00f3venes sin futuro e infraestructuras en crisis.","breadcrumb":{"@id":"https:\/\/conversesacatalunya.cat\/es\/espana-un-pais-sin-costuras\/#breadcrumb"},"inLanguage":"es","potentialAction":[{"@type":"ReadAction","target":["https:\/\/conversesacatalunya.cat\/es\/espana-un-pais-sin-costuras\/"]}]},{"@type":"ImageObject","inLanguage":"es","@id":"https:\/\/conversesacatalunya.cat\/es\/espana-un-pais-sin-costuras\/#primaryimage","url":"https:\/\/conversesacatalunya.cat\/wp-content\/uploads\/2025\/09\/Imagen1-6.jpg","contentUrl":"https:\/\/conversesacatalunya.cat\/wp-content\/uploads\/2025\/09\/Imagen1-6.jpg","width":567,"height":567,"caption":"Espa\u00f1a costuras reventadas"},{"@type":"BreadcrumbList","@id":"https:\/\/conversesacatalunya.cat\/es\/espana-un-pais-sin-costuras\/#breadcrumb","itemListElement":[{"@type":"ListItem","position":1,"name":"Inici","item":"https:\/\/conversesacatalunya.cat\/es\/"},{"@type":"ListItem","position":2,"name":"Espa\u00f1a, un pa\u00eds sin costuras"}]},{"@type":"WebSite","@id":"https:\/\/conversesacatalunya.cat\/#website","url":"https:\/\/conversesacatalunya.cat\/","name":"Converses a Catalunya","description":"","potentialAction":[{"@type":"SearchAction","target":{"@type":"EntryPoint","urlTemplate":"https:\/\/conversesacatalunya.cat\/?s={search_term_string}"},"query-input":{"@type":"PropertyValueSpecification","valueRequired":true,"valueName":"search_term_string"}}],"inLanguage":"es"},{"@type":"Person","@id":"https:\/\/conversesacatalunya.cat\/#\/schema\/person\/79bd0577b2f3afc8d6519d207c6e8609","name":"Enric Casanovas","image":{"@type":"ImageObject","inLanguage":"es","@id":"https:\/\/conversesacatalunya.cat\/#\/schema\/person\/image\/","url":"https:\/\/conversesacatalunya.cat\/wp-content\/litespeed\/avatar\/7ae4379ad4421ec77820e92afd36dd78.jpg?ver=1777373933","contentUrl":"https:\/\/conversesacatalunya.cat\/wp-content\/litespeed\/avatar\/7ae4379ad4421ec77820e92afd36dd78.jpg?ver=1777373933","caption":"Enric Casanovas"},"url":"https:\/\/conversesacatalunya.cat\/es\/author\/enric-casanovas\/"}]}},"wps_subtitle":"La imagen final es la de un pa\u00eds con las costuras reventadas: esperanza de vida estancada, pobreza infantil desbocada, j\u00f3venes sin futuro, deuda inasumible, electricidad estrangulada, trenes que peligran.","_links":{"self":[{"href":"https:\/\/conversesacatalunya.cat\/es\/wp-json\/wp\/v2\/posts\/91798","targetHints":{"allow":["GET"]}}],"collection":[{"href":"https:\/\/conversesacatalunya.cat\/es\/wp-json\/wp\/v2\/posts"}],"about":[{"href":"https:\/\/conversesacatalunya.cat\/es\/wp-json\/wp\/v2\/types\/post"}],"author":[{"embeddable":true,"href":"https:\/\/conversesacatalunya.cat\/es\/wp-json\/wp\/v2\/users\/77"}],"replies":[{"embeddable":true,"href":"https:\/\/conversesacatalunya.cat\/es\/wp-json\/wp\/v2\/comments?post=91798"}],"version-history":[{"count":5,"href":"https:\/\/conversesacatalunya.cat\/es\/wp-json\/wp\/v2\/posts\/91798\/revisions"}],"predecessor-version":[{"id":91803,"href":"https:\/\/conversesacatalunya.cat\/es\/wp-json\/wp\/v2\/posts\/91798\/revisions\/91803"}],"wp:featuredmedia":[{"embeddable":true,"href":"https:\/\/conversesacatalunya.cat\/es\/wp-json\/wp\/v2\/media\/91790"}],"wp:attachment":[{"href":"https:\/\/conversesacatalunya.cat\/es\/wp-json\/wp\/v2\/media?parent=91798"}],"wp:term":[{"taxonomy":"category","embeddable":true,"href":"https:\/\/conversesacatalunya.cat\/es\/wp-json\/wp\/v2\/categories?post=91798"},{"taxonomy":"post_tag","embeddable":true,"href":"https:\/\/conversesacatalunya.cat\/es\/wp-json\/wp\/v2\/tags?post=91798"}],"curies":[{"name":"wp","href":"https:\/\/api.w.org\/{rel}","templated":true}]}}