{"id":91780,"date":"2025-09-12T09:11:54","date_gmt":"2025-09-12T07:11:54","guid":{"rendered":"https:\/\/conversesacatalunya.cat\/?p=91780"},"modified":"2025-09-12T09:27:45","modified_gmt":"2025-09-12T07:27:45","slug":"no-queremos-la-guerra-con-rusia","status":"publish","type":"post","link":"https:\/\/conversesacatalunya.cat\/es\/no-queremos-la-guerra-con-rusia\/","title":{"rendered":"No queremos la guerra con Rusia"},"content":{"rendered":"<p><span dir=\"auto\"><span class=\"VIpgJd-yAWNEb-VIpgJd-fmcmS-sn54Q\" dir=\"auto\">Hace unos d\u00edas, las pantallas de los radares polacos detectaron objetos voladores que atravesaban la frontera. No eran misiles ni aviones de combate.<span>\u00a0<\/span><\/span><\/span><strong><span dir=\"auto\"><span class=\"VIpgJd-yAWNEb-VIpgJd-fmcmS-sn54Q\" dir=\"auto\">Eran drones sin carga explosiva.<\/span><\/span><\/strong><span dir=\"auto\"><span class=\"VIpgJd-yAWNEb-VIpgJd-fmcmS-sn54Q\" dir=\"auto\"><span> <\/span>La mayor\u00eda, o quiz\u00e1s todos, proced\u00edan de Bielorrusia. Y todos fueron abatidos por las fuerzas a\u00e9reas polacas con el apoyo inmediato de aviones de otros pa\u00edses de la OTAN.<\/span><\/span><\/p>\n<p><span dir=\"auto\">Un incidente menor, si se quiere. Pero en Bruselas, en el hemiciclo del Parlamento Europeo, el relato fue otro. La presidenta de la Comisi\u00f3n, Ursula von der Leyen, casi al mismo momento, proclamaba solemnemente que<span>\u00a0<\/span><\/span><strong><span dir=\"auto\">Europa est\u00e1 en \u00ablucha\u00bb y se preguntaba si \u00abtenemos el est\u00f3mago para hacerla\u00bb.<\/span><\/strong><\/p>\n<p><span dir=\"auto\">A esta doble pregunta solo se puede<span>\u00a0<\/span><\/span><strong><span dir=\"auto\">responder con un doble no.<\/span><\/strong><span dir=\"auto\">\u00a0No estamos en guerra con Rusia. Y no tenemos el est\u00f3mago \u2014ni la voluntad\u2014 para librarnos a una guerra. Lo que queremos, lo que necesitamos, es avanzar por otro camino.<\/span><\/p>\n<h4><strong><span dir=\"auto\">La sombra del malentendido<\/span><\/strong><\/h4>\n<p><span dir=\"auto\"><span class=\"VIpgJd-yAWNEb-VIpgJd-fmcmS-sn54Q\" dir=\"auto\">Los drones,<span>\u00a0<\/span><\/span><\/span><strong><span dir=\"auto\"><span class=\"VIpgJd-yAWNEb-VIpgJd-fmcmS-sn54Q\" dir=\"auto\">seg\u00fan fuentes bielorrusas,<\/span><\/span><\/strong><span dir=\"auto\"><span class=\"VIpgJd-yAWNEb-VIpgJd-fmcmS-sn54Q\" dir=\"auto\">\u00a0perdieron la ruta por el efecto de las interferencias de los sistemas de defensa rusos, que desactivan guiajes y GPS. Los mismos que, d\u00edas atr\u00e1s, hab\u00edan dejado sin se\u00f1al el avi\u00f3n oficial de la propia Von der Leyen. Minsk avis\u00f3 a Varsovia y Vilna: no hab\u00eda ninguna agresi\u00f3n deliberada. Mosc\u00fa, por su parte, insisti\u00f3 en que nada ten\u00eda que ver y se declaraba dispuesta a hablar directamente con Polonia para esclarecer los hechos.<\/span><\/span><\/p>\n<p><span dir=\"auto\">Ante estas explicaciones,<span>\u00a0<\/span><\/span><strong><span dir=\"auto\">la OTAN y la Uni\u00f3n Europea tienen dos opciones:<\/span><\/strong><span dir=\"auto\"><span>\u00a0<\/span>asumir que puede haber un error y trabajar para evitar que se repita, o descartarlo en redondo y considerarse atacados. El segundo camino, el que sugiere Von der Leyen, es un callej\u00f3n sin salida.<\/span><\/p>\n<h4><strong><span dir=\"auto\">El espejismo de una amenaza<\/span><\/strong><\/h4>\n<p><span dir=\"auto\"><span class=\"VIpgJd-yAWNEb-VIpgJd-fmcmS-sn54Q\" dir=\"auto\">La<span>\u00a0<\/span><\/span><\/span><a href=\"https:\/\/conversesacatalunya.cat\/es\/rusia-frente-europa-las-cifras-que-muestran-su-debilidad-militar\/\" target=\"_blank\" rel=\"noopener\"><strong><span dir=\"auto\"><span class=\"VIpgJd-yAWNEb-VIpgJd-fmcmS-sn54Q\" dir=\"auto\">presi\u00f3n militar rusa<\/span><\/span><\/strong><\/a><span dir=\"auto\"><span class=\"VIpgJd-yAWNEb-VIpgJd-fmcmS-sn54Q\" dir=\"auto\"><span>\u00a0<\/span>sobre Europa es m\u00ednima. Su potencial ofensivo, agotado por una guerra interminable contra un ej\u00e9rcito que era menor y se ha ido fortaleciendo con los a\u00f1os -el de Ucrania-, no permite ninguna ofensiva de envergadura contra Occidente. Los hechos hablan m\u00e1s claro que las proclamas.<\/span><\/span><\/p>\n<p><span dir=\"auto\">Y, sin embargo, Europa insiste en ver la guerra donde podr\u00eda haber espacio para la diplomacia. El resultado es que, en lugar de estrechar v\u00ednculos de cooperaci\u00f3n,<span>\u00a0<\/span><\/span><strong><span dir=\"auto\">la Uni\u00f3n ha entregado a Rusia a China y ha puesto la l\u00f3gica b\u00e9lica por delante de la paz.<\/span><\/strong><span dir=\"auto\"><span>\u00a0<\/span>Es un error hist\u00f3rico, fruto de unos l\u00edderes d\u00e9biles, in\u00fatiles y peligrosos.<\/span><\/p>\n<h4><strong><span dir=\"auto\">El peligro de los son\u00e1mbulos<\/span><\/strong><\/h4>\n<p><span dir=\"auto\">La historia nos advierte. La<span>\u00a0<\/span><\/span><strong><span dir=\"auto\">Primera Guerra Mundial<\/span><\/strong><span dir=\"auto\"><span>\u00a0<\/span>no era deseada por nadie en particular. Pero los gobiernos, actuando como son\u00e1mbulos, dieron pasos cada vez m\u00e1s irreversibles hasta que la guerra se desat\u00f3 en cadena. No podemos repetir ese error.<\/span><\/p>\n<p><span dir=\"auto\">En Varsovia,<span>\u00a0<\/span><\/span><strong><span dir=\"auto\">Donald Tusk<\/span><\/strong><span dir=\"auto\"><span>\u00a0<\/span>lucha por mantenerse en el poder y sabe que levantar la bandera del enemigo exterior es una salida f\u00e1cil. En<span>\u00a0<\/span><\/span><strong><span dir=\"auto\">Par\u00eds y Londres,<\/span><\/strong><span dir=\"auto\">\u00a0dirigentes ya dimitidos moralmente ante sus pueblos se refugian en gesticulaciones internacionales. En Bruselas,<span>\u00a0<\/span><\/span><strong><span dir=\"auto\">Von der Leyen<\/span><\/strong><span dir=\"auto\"><span>\u00a0<\/span>confirma la incapacidad de visi\u00f3n pol\u00edtica y se alinea con los intereses de los lobbies que hicieron posible su reelecci\u00f3n: liberales, socialdem\u00f3cratas, verdes y parte colonizada del Partido Popular Europeo.<\/span><\/p>\n<h4><strong><span dir=\"auto\">Lecciones de paz<\/span><\/strong><\/h4>\n<p><span dir=\"auto\">En momentos as\u00ed, conviene recordar palabras que rezuman sabidur\u00eda.<span>\u00a0<\/span><\/span><strong><span dir=\"auto\">P\u00edo XII, en v\u00edsperas de la Segunda Guerra Mundial,<\/span><\/strong><span dir=\"auto\">\u00a0advirti\u00f3: \u00abNada se pierde con la paz; todo puede perderse con la guerra.\u00bb Juan Pablo II, ante Irak, insisti\u00f3 en que \u201cla guerra nunca es un medio como tal, sino siempre una derrota de la humanidad\u201d. Benedicto XVI, m\u00e1s recientemente, record\u00f3 que \u00abtrabajar por la paz no es un romanticismo ingenuo, sino una exigencia de la raz\u00f3n\u00bb.<\/span><\/p>\n<p><strong><span dir=\"auto\">Estas voces, tan lejanas y cercanas, nos dicen lo que hoy hay que afirmar con rotundidad: no queremos ir a la guerra. No iremos a la guerra.<\/span><\/strong><\/p>\n<h4><strong><span dir=\"auto\">Otra pol\u00edtica para Europa<\/span><\/strong><\/h4>\n<p><span dir=\"auto\"><span class=\"VIpgJd-yAWNEb-VIpgJd-fmcmS-sn54Q\" dir=\"auto\">Lo que necesitamos no son discursos inflamados, sino hechos sobrios. Una aut\u00e9ntica fuerza de defensa europea, construida con eficacia y discreci\u00f3n, capaz de garantizar la seguridad sin caer en provocaciones ni gesticulaciones. Y, al mismo tiempo,<span>\u00a0<\/span><\/span><\/span><strong><span dir=\"auto\"><span class=\"VIpgJd-yAWNEb-VIpgJd-fmcmS-sn54Q\" dir=\"auto\">una apertura decidida a la amistad y la cooperaci\u00f3n con Rusia.<\/span><\/span><\/strong><\/p>\n<p><span dir=\"auto\">Esto no es debilidad. Es inteligencia estrat\u00e9gica. Es humanismo europeo. Porque lo que queremos no es m\u00e1s sufrimiento, sino menos. No m\u00e1s guerras, sino menos. No m\u00e1s destrucci\u00f3n, sino reconstrucci\u00f3n. Queremos vidas que florezcan, no vidas troncadas. Queremos erradicar los campos de refugiados, no crear nuevos.<\/span><\/p>\n<h4><strong><span dir=\"auto\">Un grito de responsabilidad<\/span><\/strong><\/h4>\n<p><span dir=\"auto\">Europa necesita l\u00edderes capaces de<span>\u00a0<\/span><\/span><strong><span dir=\"auto\">superar la presi\u00f3n de los peque\u00f1os intereses partidistas y de los lobbies globales.<\/span><\/strong><span dir=\"auto\">\u00a0L\u00edderes con la serenidad de pensar en el futuro de los pueblos y no en su supervivencia inmediata. L\u00edderes capaces de ver que el camino de la confrontaci\u00f3n es, en realidad, un camino de derrota.<\/span><\/p>\n<p><strong><span dir=\"auto\">El papa Francisco<\/span><\/strong><span dir=\"auto\"><span>\u00a0<\/span>lo dijo con su sencillez: \u00abLa guerra es siempre una derrota.\u00bb Ning\u00fan discurso, ninguna bandera, ning\u00fan c\u00e1lculo electoral puede hacernos olvidar esa verdad b\u00e1sica.<\/span><\/p>\n<h4><strong><span dir=\"auto\">La voz de los ciudadanos<\/span><\/strong><\/h4>\n<p><span dir=\"auto\"><span class=\"VIpgJd-yAWNEb-VIpgJd-fmcmS-sn54Q\" dir=\"auto\">\u00abNo queremos la guerra con Rusia.\u00bb Esta frase no es un eslogan. Es el clamor de una mayor\u00eda de ciudadanos que saben que la paz es m\u00e1s fecunda que la victoria. Que<span>\u00a0<\/span><\/span><\/span><strong><span dir=\"auto\"><span class=\"VIpgJd-yAWNEb-VIpgJd-fmcmS-sn54Q\" dir=\"auto\">el \u00fanico camino digno para Europa es el de la reconciliaci\u00f3n.<\/span><\/span><\/strong><\/p>\n<p><span dir=\"auto\">Si algo nos ense\u00f1a la historia, es que los pueblos no quieren guerras; son los gobiernos d\u00e9biles y los intereses ocultos quienes las fabrican. Y es tambi\u00e9n la historia la que nos dice que la paz se construye con coraje, discreci\u00f3n y perseverancia.<\/span><\/p>\n<p><span dir=\"auto\">Europa debe elegir. O bien repite la deriva de los son\u00e1mbulos de 1914, o bien abre los ojos y apuesta por el camino m\u00e1s dif\u00edcil y m\u00e1s noble: el de la paz.<\/span><\/p>\n<span class='bctt-click-to-tweet'><span class='bctt-ctt-text'><a href='https:\/\/twitter.com\/intent\/tweet?url=https%3A%2F%2Fconversesacatalunya.cat%2Fes%2Fno-queremos-la-guerra-con-rusia%2F&#038;text=Europa%20no%20est%C3%A1%20en%20guerra%20con%20Rusia%20y%20no%20queremos%20estarlo.%20Los%20drones%20en%20Polonia%20no%20pueden%20ser%20el%20pretexto%20para%20repetir%20los%20errores%20de%201914.%20Necesitamos%20paz%2C%20no%20guerras%20in%C3%BAtiles.%20%23NoALaGuerra%20%23Europa&#038;via=conversesacat&#038;related=conversesacat' target='_blank'rel=\"noopener noreferrer\">Europa no est\u00e1 en guerra con Rusia y no queremos estarlo. Los drones en Polonia no pueden ser el pretexto para repetir los errores de 1914. Necesitamos paz, no guerras in\u00fatiles. #NoALaGuerra #Europa <\/a><\/span><a href='https:\/\/twitter.com\/intent\/tweet?url=https%3A%2F%2Fconversesacatalunya.cat%2Fes%2Fno-queremos-la-guerra-con-rusia%2F&#038;text=Europa%20no%20est%C3%A1%20en%20guerra%20con%20Rusia%20y%20no%20queremos%20estarlo.%20Los%20drones%20en%20Polonia%20no%20pueden%20ser%20el%20pretexto%20para%20repetir%20los%20errores%20de%201914.%20Necesitamos%20paz%2C%20no%20guerras%20in%C3%BAtiles.%20%23NoALaGuerra%20%23Europa&#038;via=conversesacat&#038;related=conversesacat' target='_blank' class='bctt-ctt-btn'rel=\"noopener noreferrer\">Compartir en X<\/a><\/span>\n<div id=\"polls-295\" class=\"wp-polls\">\n\t<form id=\"polls_form_295\" class=\"wp-polls-form\" action=\"\/index.php\" method=\"post\">\n\t\t<p style=\"display: none;\"><input type=\"hidden\" id=\"poll_295_nonce\" name=\"wp-polls-nonce\" value=\"3d4b3e16d5\" \/><\/p>\n\t\t<p style=\"display: none;\"><input type=\"hidden\" name=\"poll_id\" value=\"295\" \/><\/p>\n\t\t<p style=\"text-align: center\"><strong>El president Illa, en una recent entrevista a La Vanguardia ha reivindicat com a positiu l'elevada pressi\u00f3 fiscal de Catalunya. Comparteixes aquest punt de vista?<\/strong><\/p><div id=\"polls-295-ans\" class=\"wp-polls-ans\"><ul class=\"wp-polls-ul\">\n\t\t<li><input type=\"radio\" id=\"poll-answer-842\" name=\"poll_295\" value=\"842\" \/> <label for=\"poll-answer-842\">S\u00ed<\/label><\/li>\n\t\t<li><input type=\"radio\" id=\"poll-answer-843\" name=\"poll_295\" value=\"843\" \/> <label for=\"poll-answer-843\">No<\/label><\/li>\n\t\t<li><input type=\"radio\" id=\"poll-answer-844\" name=\"poll_295\" value=\"844\" \/> <label for=\"poll-answer-844\">No ho s\u00e9<\/label><\/li>\n\t\t<\/ul><p style=\"text-align: center\"><input type=\"button\" name=\"vote\" value=\"   Vota   \" class=\"Buttons\" onclick=\"poll_vote(295);\" \/><\/p><p style=\"text-align: center\"><a href=\"#ViewPollResults\" onclick=\"poll_result(295); return false;\" title=\"View Results Of This Poll\">Mira els resultats<\/a><\/p><\/div>\n\t<\/form>\n<\/div>\n<div id=\"polls-295-loading\" class=\"wp-polls-loading\"><img decoding=\"async\" data-src=\"https:\/\/conversesacatalunya.cat\/wp-content\/plugins\/wp-polls\/images\/loading.gif\" width=\"16\" height=\"16\" alt=\"Cargando ...\" title=\"Cargando ...\" class=\"wp-polls-image lazyload\" src=\"data:image\/svg+xml;base64,PHN2ZyB3aWR0aD0iMSIgaGVpZ2h0PSIxIiB4bWxucz0iaHR0cDovL3d3dy53My5vcmcvMjAwMC9zdmciPjwvc3ZnPg==\" style=\"--smush-placeholder-width: 16px; --smush-placeholder-aspect-ratio: 16\/16;\" \/>&nbsp;Cargando ...<\/div>\n\n","protected":false},"excerpt":{"rendered":"<p>Hace unos d\u00edas, las pantallas de los radares polacos detectaron objetos voladores que atravesaban la frontera. No eran misiles ni aviones de combate.\u00a0Eran drones sin carga explosiva. La mayor\u00eda, o quiz\u00e1s todos, proced\u00edan de Bielorrusia. Y todos fueron abatidos por las fuerzas a\u00e9reas polacas con el apoyo inmediato de aviones de otros pa\u00edses de la OTAN. Un incidente menor, si se quiere. Pero en Bruselas, en el hemiciclo del Parlamento Europeo, el relato fue otro. La presidenta de la Comisi\u00f3n, Ursula von der Leyen, casi al mismo momento, proclamaba solemnemente que\u00a0Europa est\u00e1 en \u00ablucha\u00bb y se preguntaba si \u00abtenemos el est\u00f3mago para hacerla\u00bb. A esta doble pregunta solo se puede\u00a0responder con un doble no.\u00a0No estamos en guerra con Rusia. Y no tenemos el est\u00f3mago \u2014ni la voluntad\u2014 para librarnos a una guerra. Lo que queremos, lo que necesitamos, es avanzar por otro camino. La sombra del malentendido Los drones,\u00a0seg\u00fan fuentes bielorrusas,\u00a0perdieron la ruta por el efecto de las interferencias de los sistemas de defensa rusos, que desactivan guiajes y GPS. Los mismos que, d\u00edas atr\u00e1s, hab\u00edan dejado sin se\u00f1al el avi\u00f3n oficial de la propia Von der Leyen. Minsk avis\u00f3 a Varsovia y Vilna: no hab\u00eda ninguna agresi\u00f3n deliberada. Mosc\u00fa, por su parte, insisti\u00f3 en que nada ten\u00eda que ver y se declaraba dispuesta a hablar directamente con Polonia para esclarecer los hechos. Ante estas explicaciones,\u00a0la OTAN y la Uni\u00f3n Europea tienen dos opciones:\u00a0asumir que puede haber un error y trabajar para evitar que se repita, o descartarlo en redondo y considerarse atacados. El segundo camino, el que sugiere Von der Leyen, es un callej\u00f3n sin salida. El espejismo de una amenaza La\u00a0presi\u00f3n militar rusa\u00a0sobre Europa es m\u00ednima. Su potencial ofensivo, agotado por una guerra interminable contra un ej\u00e9rcito que era menor y se ha ido fortaleciendo con los a\u00f1os -el de Ucrania-, no permite ninguna ofensiva de envergadura contra Occidente. Los hechos hablan m\u00e1s claro que las proclamas. Y, sin embargo, Europa insiste en ver la guerra donde podr\u00eda haber espacio para la diplomacia. El resultado es que, en lugar de estrechar v\u00ednculos de cooperaci\u00f3n,\u00a0la Uni\u00f3n ha entregado a Rusia a China y ha puesto la l\u00f3gica b\u00e9lica por delante de la paz.\u00a0Es un error hist\u00f3rico, fruto de unos l\u00edderes d\u00e9biles, in\u00fatiles y peligrosos. El peligro de los son\u00e1mbulos La historia nos advierte. La\u00a0Primera Guerra Mundial\u00a0no era deseada por nadie en particular. Pero los gobiernos, actuando como son\u00e1mbulos, dieron pasos cada vez m\u00e1s irreversibles hasta que la guerra se desat\u00f3 en cadena. No podemos repetir ese error. En Varsovia,\u00a0Donald Tusk\u00a0lucha por mantenerse en el poder y sabe que levantar la bandera del enemigo exterior es una salida f\u00e1cil. En\u00a0Par\u00eds y Londres,\u00a0dirigentes ya dimitidos moralmente ante sus pueblos se refugian en gesticulaciones internacionales. En Bruselas,\u00a0Von der Leyen\u00a0confirma la incapacidad de visi\u00f3n pol\u00edtica y se alinea con los intereses de los lobbies que hicieron posible su reelecci\u00f3n: liberales, socialdem\u00f3cratas, verdes y parte colonizada del Partido Popular Europeo. Lecciones de paz En momentos as\u00ed, conviene recordar palabras que rezuman sabidur\u00eda.\u00a0P\u00edo XII, en v\u00edsperas de la Segunda Guerra Mundial,\u00a0advirti\u00f3: \u00abNada se pierde con la paz; todo puede perderse con la guerra.\u00bb Juan Pablo II, ante Irak, insisti\u00f3 en que \u201cla guerra nunca es un medio como tal, sino siempre una derrota de la humanidad\u201d. Benedicto XVI, m\u00e1s recientemente, record\u00f3 que \u00abtrabajar por la paz no es un romanticismo ingenuo, sino una exigencia de la raz\u00f3n\u00bb. Estas voces, tan lejanas y cercanas, nos dicen lo que hoy hay que afirmar con rotundidad: no queremos ir a la guerra. No iremos a la guerra. Otra pol\u00edtica para Europa Lo que necesitamos no son discursos inflamados, sino hechos sobrios. Una aut\u00e9ntica fuerza de defensa europea, construida con eficacia y discreci\u00f3n, capaz de garantizar la seguridad sin caer en provocaciones ni gesticulaciones. Y, al mismo tiempo,\u00a0una apertura decidida a la amistad y la cooperaci\u00f3n con Rusia. Esto no es debilidad. Es inteligencia estrat\u00e9gica. Es humanismo europeo. Porque lo que queremos no es m\u00e1s sufrimiento, sino menos. No m\u00e1s guerras, sino menos. No m\u00e1s destrucci\u00f3n, sino reconstrucci\u00f3n. Queremos vidas que florezcan, no vidas troncadas. Queremos erradicar los campos de refugiados, no crear nuevos. Un grito de responsabilidad Europa necesita l\u00edderes capaces de\u00a0superar la presi\u00f3n de los peque\u00f1os intereses partidistas y de los lobbies globales.\u00a0L\u00edderes con la serenidad de pensar en el futuro de los pueblos y no en su supervivencia inmediata. L\u00edderes capaces de ver que el camino de la confrontaci\u00f3n es, en realidad, un camino de derrota. El papa Francisco\u00a0lo dijo con su sencillez: \u00abLa guerra es siempre una derrota.\u00bb Ning\u00fan discurso, ninguna bandera, ning\u00fan c\u00e1lculo electoral puede hacernos olvidar esa verdad b\u00e1sica. La voz de los ciudadanos \u00abNo queremos la guerra con Rusia.\u00bb Esta frase no es un eslogan. Es el clamor de una mayor\u00eda de ciudadanos que saben que la paz es m\u00e1s fecunda que la victoria. Que\u00a0el \u00fanico camino digno para Europa es el de la reconciliaci\u00f3n. Si algo nos ense\u00f1a la historia, es que los pueblos no quieren guerras; son los gobiernos d\u00e9biles y los intereses ocultos quienes las fabrican. Y es tambi\u00e9n la historia la que nos dice que la paz se construye con coraje, discreci\u00f3n y perseverancia. Europa debe elegir. O bien repite la deriva de los son\u00e1mbulos de 1914, o bien abre los ojos y apuesta por el camino m\u00e1s dif\u00edcil y m\u00e1s noble: el de la paz.<\/p>\n","protected":false},"author":78,"featured_media":91776,"comment_status":"open","ping_status":"open","sticky":false,"template":"","format":"standard","meta":{"_FSMCFIC_featured_image_caption":"","_FSMCFIC_featured_image_nocaption":"","_FSMCFIC_featured_image_hide":"","footnotes":""},"categories":[806],"tags":[1204,1092],"class_list":["post-91780","post","type-post","status-publish","format-standard","has-post-thumbnail","hentry","category-punts-claus-del-dia-es","tag-rusia","tag-russia-es"],"yoast_head":"<!-- This site is optimized with the Yoast SEO plugin v26.8 - https:\/\/yoast.com\/product\/yoast-seo-wordpress\/ -->\n<title>No queremos la guerra con Rusia - Converses a Catalunya<\/title>\n<meta name=\"description\" content=\"Los drones en Polonia no pueden justificar una escalada con Rusia. Europa necesita paz, no guerras in\u00fatiles. No en la guerra con Rusia.\" \/>\n<meta name=\"robots\" content=\"index, follow, max-snippet:-1, max-image-preview:large, max-video-preview:-1\" \/>\n<link rel=\"canonical\" href=\"https:\/\/conversesacatalunya.cat\/es\/no-queremos-la-guerra-con-rusia\/\" \/>\n<meta property=\"og:locale\" content=\"es_ES\" \/>\n<meta property=\"og:type\" content=\"article\" \/>\n<meta property=\"og:title\" content=\"No queremos la guerra con Rusia - Converses a Catalunya\" \/>\n<meta property=\"og:description\" content=\"Los drones en Polonia no pueden justificar una escalada con Rusia. Europa necesita paz, no guerras in\u00fatiles. No en la guerra con Rusia.\" \/>\n<meta property=\"og:url\" content=\"https:\/\/conversesacatalunya.cat\/es\/no-queremos-la-guerra-con-rusia\/\" \/>\n<meta property=\"og:site_name\" content=\"Converses a Catalunya\" \/>\n<meta property=\"article:published_time\" content=\"2025-09-12T07:11:54+00:00\" \/>\n<meta property=\"article:modified_time\" content=\"2025-09-12T07:27:45+00:00\" \/>\n<meta property=\"og:image\" content=\"https:\/\/conversesacatalunya.cat\/wp-content\/uploads\/2025\/09\/mavic-2-7870679_1280.jpg\" \/>\n\t<meta property=\"og:image:width\" content=\"1280\" \/>\n\t<meta property=\"og:image:height\" content=\"851\" \/>\n\t<meta property=\"og:image:type\" content=\"image\/jpeg\" \/>\n<meta name=\"author\" content=\"Joan Masip\" \/>\n<meta name=\"twitter:card\" content=\"summary_large_image\" \/>\n<meta name=\"twitter:label1\" content=\"Escrito por\" \/>\n\t<meta name=\"twitter:data1\" content=\"Joan Masip\" \/>\n\t<meta name=\"twitter:label2\" content=\"Tiempo de lectura\" \/>\n\t<meta name=\"twitter:data2\" content=\"5 minutos\" \/>\n<script type=\"application\/ld+json\" class=\"yoast-schema-graph\">{\"@context\":\"https:\/\/schema.org\",\"@graph\":[{\"@type\":\"Article\",\"@id\":\"https:\/\/conversesacatalunya.cat\/es\/no-queremos-la-guerra-con-rusia\/#article\",\"isPartOf\":{\"@id\":\"https:\/\/conversesacatalunya.cat\/es\/no-queremos-la-guerra-con-rusia\/\"},\"author\":{\"name\":\"Joan Masip\",\"@id\":\"https:\/\/conversesacatalunya.cat\/#\/schema\/person\/311d0bf53def217d5124c78a7bc42275\"},\"headline\":\"No queremos la guerra con Rusia\",\"datePublished\":\"2025-09-12T07:11:54+00:00\",\"dateModified\":\"2025-09-12T07:27:45+00:00\",\"mainEntityOfPage\":{\"@id\":\"https:\/\/conversesacatalunya.cat\/es\/no-queremos-la-guerra-con-rusia\/\"},\"wordCount\":1039,\"commentCount\":0,\"image\":{\"@id\":\"https:\/\/conversesacatalunya.cat\/es\/no-queremos-la-guerra-con-rusia\/#primaryimage\"},\"thumbnailUrl\":\"https:\/\/conversesacatalunya.cat\/wp-content\/uploads\/2025\/09\/mavic-2-7870679_1280.jpg\",\"keywords\":[\"Rusia\",\"R\u00fassia\"],\"articleSection\":[\"Punts clau del dia (ES)\"],\"inLanguage\":\"es\",\"potentialAction\":[{\"@type\":\"CommentAction\",\"name\":\"Comment\",\"target\":[\"https:\/\/conversesacatalunya.cat\/es\/no-queremos-la-guerra-con-rusia\/#respond\"]}]},{\"@type\":\"WebPage\",\"@id\":\"https:\/\/conversesacatalunya.cat\/es\/no-queremos-la-guerra-con-rusia\/\",\"url\":\"https:\/\/conversesacatalunya.cat\/es\/no-queremos-la-guerra-con-rusia\/\",\"name\":\"No queremos la guerra con Rusia - Converses a Catalunya\",\"isPartOf\":{\"@id\":\"https:\/\/conversesacatalunya.cat\/#website\"},\"primaryImageOfPage\":{\"@id\":\"https:\/\/conversesacatalunya.cat\/es\/no-queremos-la-guerra-con-rusia\/#primaryimage\"},\"image\":{\"@id\":\"https:\/\/conversesacatalunya.cat\/es\/no-queremos-la-guerra-con-rusia\/#primaryimage\"},\"thumbnailUrl\":\"https:\/\/conversesacatalunya.cat\/wp-content\/uploads\/2025\/09\/mavic-2-7870679_1280.jpg\",\"datePublished\":\"2025-09-12T07:11:54+00:00\",\"dateModified\":\"2025-09-12T07:27:45+00:00\",\"author\":{\"@id\":\"https:\/\/conversesacatalunya.cat\/#\/schema\/person\/311d0bf53def217d5124c78a7bc42275\"},\"description\":\"Los drones en Polonia no pueden justificar una escalada con Rusia. Europa necesita paz, no guerras in\u00fatiles. No en la guerra con Rusia.\",\"breadcrumb\":{\"@id\":\"https:\/\/conversesacatalunya.cat\/es\/no-queremos-la-guerra-con-rusia\/#breadcrumb\"},\"inLanguage\":\"es\",\"potentialAction\":[{\"@type\":\"ReadAction\",\"target\":[\"https:\/\/conversesacatalunya.cat\/es\/no-queremos-la-guerra-con-rusia\/\"]}]},{\"@type\":\"ImageObject\",\"inLanguage\":\"es\",\"@id\":\"https:\/\/conversesacatalunya.cat\/es\/no-queremos-la-guerra-con-rusia\/#primaryimage\",\"url\":\"https:\/\/conversesacatalunya.cat\/wp-content\/uploads\/2025\/09\/mavic-2-7870679_1280.jpg\",\"contentUrl\":\"https:\/\/conversesacatalunya.cat\/wp-content\/uploads\/2025\/09\/mavic-2-7870679_1280.jpg\",\"width\":1280,\"height\":851,\"caption\":\"No guerra Rusia\"},{\"@type\":\"BreadcrumbList\",\"@id\":\"https:\/\/conversesacatalunya.cat\/es\/no-queremos-la-guerra-con-rusia\/#breadcrumb\",\"itemListElement\":[{\"@type\":\"ListItem\",\"position\":1,\"name\":\"Inici\",\"item\":\"https:\/\/conversesacatalunya.cat\/es\/\"},{\"@type\":\"ListItem\",\"position\":2,\"name\":\"No queremos la guerra con Rusia\"}]},{\"@type\":\"WebSite\",\"@id\":\"https:\/\/conversesacatalunya.cat\/#website\",\"url\":\"https:\/\/conversesacatalunya.cat\/\",\"name\":\"Converses a Catalunya\",\"description\":\"\",\"potentialAction\":[{\"@type\":\"SearchAction\",\"target\":{\"@type\":\"EntryPoint\",\"urlTemplate\":\"https:\/\/conversesacatalunya.cat\/?s={search_term_string}\"},\"query-input\":{\"@type\":\"PropertyValueSpecification\",\"valueRequired\":true,\"valueName\":\"search_term_string\"}}],\"inLanguage\":\"es\"},{\"@type\":\"Person\",\"@id\":\"https:\/\/conversesacatalunya.cat\/#\/schema\/person\/311d0bf53def217d5124c78a7bc42275\",\"name\":\"Joan Masip\",\"image\":{\"@type\":\"ImageObject\",\"inLanguage\":\"es\",\"@id\":\"https:\/\/conversesacatalunya.cat\/#\/schema\/person\/image\/\",\"url\":\"https:\/\/conversesacatalunya.cat\/wp-content\/litespeed\/avatar\/fa67b994763cff7d443f54b63ec96481.jpg?ver=1777372547\",\"contentUrl\":\"https:\/\/conversesacatalunya.cat\/wp-content\/litespeed\/avatar\/fa67b994763cff7d443f54b63ec96481.jpg?ver=1777372547\",\"caption\":\"Joan Masip\"},\"url\":\"https:\/\/conversesacatalunya.cat\/es\/author\/joan-masip\/\"}]}<\/script>\n<!-- \/ Yoast SEO plugin. -->","yoast_head_json":{"title":"No queremos la guerra con Rusia - Converses a Catalunya","description":"Los drones en Polonia no pueden justificar una escalada con Rusia. Europa necesita paz, no guerras in\u00fatiles. No en la guerra con Rusia.","robots":{"index":"index","follow":"follow","max-snippet":"max-snippet:-1","max-image-preview":"max-image-preview:large","max-video-preview":"max-video-preview:-1"},"canonical":"https:\/\/conversesacatalunya.cat\/es\/no-queremos-la-guerra-con-rusia\/","og_locale":"es_ES","og_type":"article","og_title":"No queremos la guerra con Rusia - Converses a Catalunya","og_description":"Los drones en Polonia no pueden justificar una escalada con Rusia. Europa necesita paz, no guerras in\u00fatiles. No en la guerra con Rusia.","og_url":"https:\/\/conversesacatalunya.cat\/es\/no-queremos-la-guerra-con-rusia\/","og_site_name":"Converses a Catalunya","article_published_time":"2025-09-12T07:11:54+00:00","article_modified_time":"2025-09-12T07:27:45+00:00","og_image":[{"width":1280,"height":851,"url":"https:\/\/conversesacatalunya.cat\/wp-content\/uploads\/2025\/09\/mavic-2-7870679_1280.jpg","type":"image\/jpeg"}],"author":"Joan Masip","twitter_card":"summary_large_image","twitter_misc":{"Escrito por":"Joan Masip","Tiempo de lectura":"5 minutos"},"schema":{"@context":"https:\/\/schema.org","@graph":[{"@type":"Article","@id":"https:\/\/conversesacatalunya.cat\/es\/no-queremos-la-guerra-con-rusia\/#article","isPartOf":{"@id":"https:\/\/conversesacatalunya.cat\/es\/no-queremos-la-guerra-con-rusia\/"},"author":{"name":"Joan Masip","@id":"https:\/\/conversesacatalunya.cat\/#\/schema\/person\/311d0bf53def217d5124c78a7bc42275"},"headline":"No queremos la guerra con Rusia","datePublished":"2025-09-12T07:11:54+00:00","dateModified":"2025-09-12T07:27:45+00:00","mainEntityOfPage":{"@id":"https:\/\/conversesacatalunya.cat\/es\/no-queremos-la-guerra-con-rusia\/"},"wordCount":1039,"commentCount":0,"image":{"@id":"https:\/\/conversesacatalunya.cat\/es\/no-queremos-la-guerra-con-rusia\/#primaryimage"},"thumbnailUrl":"https:\/\/conversesacatalunya.cat\/wp-content\/uploads\/2025\/09\/mavic-2-7870679_1280.jpg","keywords":["Rusia","R\u00fassia"],"articleSection":["Punts clau del dia (ES)"],"inLanguage":"es","potentialAction":[{"@type":"CommentAction","name":"Comment","target":["https:\/\/conversesacatalunya.cat\/es\/no-queremos-la-guerra-con-rusia\/#respond"]}]},{"@type":"WebPage","@id":"https:\/\/conversesacatalunya.cat\/es\/no-queremos-la-guerra-con-rusia\/","url":"https:\/\/conversesacatalunya.cat\/es\/no-queremos-la-guerra-con-rusia\/","name":"No queremos la guerra con Rusia - Converses a Catalunya","isPartOf":{"@id":"https:\/\/conversesacatalunya.cat\/#website"},"primaryImageOfPage":{"@id":"https:\/\/conversesacatalunya.cat\/es\/no-queremos-la-guerra-con-rusia\/#primaryimage"},"image":{"@id":"https:\/\/conversesacatalunya.cat\/es\/no-queremos-la-guerra-con-rusia\/#primaryimage"},"thumbnailUrl":"https:\/\/conversesacatalunya.cat\/wp-content\/uploads\/2025\/09\/mavic-2-7870679_1280.jpg","datePublished":"2025-09-12T07:11:54+00:00","dateModified":"2025-09-12T07:27:45+00:00","author":{"@id":"https:\/\/conversesacatalunya.cat\/#\/schema\/person\/311d0bf53def217d5124c78a7bc42275"},"description":"Los drones en Polonia no pueden justificar una escalada con Rusia. Europa necesita paz, no guerras in\u00fatiles. No en la guerra con Rusia.","breadcrumb":{"@id":"https:\/\/conversesacatalunya.cat\/es\/no-queremos-la-guerra-con-rusia\/#breadcrumb"},"inLanguage":"es","potentialAction":[{"@type":"ReadAction","target":["https:\/\/conversesacatalunya.cat\/es\/no-queremos-la-guerra-con-rusia\/"]}]},{"@type":"ImageObject","inLanguage":"es","@id":"https:\/\/conversesacatalunya.cat\/es\/no-queremos-la-guerra-con-rusia\/#primaryimage","url":"https:\/\/conversesacatalunya.cat\/wp-content\/uploads\/2025\/09\/mavic-2-7870679_1280.jpg","contentUrl":"https:\/\/conversesacatalunya.cat\/wp-content\/uploads\/2025\/09\/mavic-2-7870679_1280.jpg","width":1280,"height":851,"caption":"No guerra Rusia"},{"@type":"BreadcrumbList","@id":"https:\/\/conversesacatalunya.cat\/es\/no-queremos-la-guerra-con-rusia\/#breadcrumb","itemListElement":[{"@type":"ListItem","position":1,"name":"Inici","item":"https:\/\/conversesacatalunya.cat\/es\/"},{"@type":"ListItem","position":2,"name":"No queremos la guerra con Rusia"}]},{"@type":"WebSite","@id":"https:\/\/conversesacatalunya.cat\/#website","url":"https:\/\/conversesacatalunya.cat\/","name":"Converses a Catalunya","description":"","potentialAction":[{"@type":"SearchAction","target":{"@type":"EntryPoint","urlTemplate":"https:\/\/conversesacatalunya.cat\/?s={search_term_string}"},"query-input":{"@type":"PropertyValueSpecification","valueRequired":true,"valueName":"search_term_string"}}],"inLanguage":"es"},{"@type":"Person","@id":"https:\/\/conversesacatalunya.cat\/#\/schema\/person\/311d0bf53def217d5124c78a7bc42275","name":"Joan Masip","image":{"@type":"ImageObject","inLanguage":"es","@id":"https:\/\/conversesacatalunya.cat\/#\/schema\/person\/image\/","url":"https:\/\/conversesacatalunya.cat\/wp-content\/litespeed\/avatar\/fa67b994763cff7d443f54b63ec96481.jpg?ver=1777372547","contentUrl":"https:\/\/conversesacatalunya.cat\/wp-content\/litespeed\/avatar\/fa67b994763cff7d443f54b63ec96481.jpg?ver=1777372547","caption":"Joan Masip"},"url":"https:\/\/conversesacatalunya.cat\/es\/author\/joan-masip\/"}]}},"wps_subtitle":"Europa debe elegir. O bien repite la deriva de los son\u00e1mbulos de 1914, o bien abre los ojos y apuesta por el camino m\u00e1s dif\u00edcil y m\u00e1s noble: el de la paz.","_links":{"self":[{"href":"https:\/\/conversesacatalunya.cat\/es\/wp-json\/wp\/v2\/posts\/91780","targetHints":{"allow":["GET"]}}],"collection":[{"href":"https:\/\/conversesacatalunya.cat\/es\/wp-json\/wp\/v2\/posts"}],"about":[{"href":"https:\/\/conversesacatalunya.cat\/es\/wp-json\/wp\/v2\/types\/post"}],"author":[{"embeddable":true,"href":"https:\/\/conversesacatalunya.cat\/es\/wp-json\/wp\/v2\/users\/78"}],"replies":[{"embeddable":true,"href":"https:\/\/conversesacatalunya.cat\/es\/wp-json\/wp\/v2\/comments?post=91780"}],"version-history":[{"count":3,"href":"https:\/\/conversesacatalunya.cat\/es\/wp-json\/wp\/v2\/posts\/91780\/revisions"}],"predecessor-version":[{"id":91784,"href":"https:\/\/conversesacatalunya.cat\/es\/wp-json\/wp\/v2\/posts\/91780\/revisions\/91784"}],"wp:featuredmedia":[{"embeddable":true,"href":"https:\/\/conversesacatalunya.cat\/es\/wp-json\/wp\/v2\/media\/91776"}],"wp:attachment":[{"href":"https:\/\/conversesacatalunya.cat\/es\/wp-json\/wp\/v2\/media?parent=91780"}],"wp:term":[{"taxonomy":"category","embeddable":true,"href":"https:\/\/conversesacatalunya.cat\/es\/wp-json\/wp\/v2\/categories?post=91780"},{"taxonomy":"post_tag","embeddable":true,"href":"https:\/\/conversesacatalunya.cat\/es\/wp-json\/wp\/v2\/tags?post=91780"}],"curies":[{"name":"wp","href":"https:\/\/api.w.org\/{rel}","templated":true}]}}