{"id":91768,"date":"2025-09-12T05:38:54","date_gmt":"2025-09-12T03:38:54","guid":{"rendered":"https:\/\/conversesacatalunya.cat\/?p=91768"},"modified":"2025-09-23T09:42:12","modified_gmt":"2025-09-23T07:42:12","slug":"lengua-y-cultura-asociacionismo-y-religion","status":"publish","type":"post","link":"https:\/\/conversesacatalunya.cat\/es\/lengua-y-cultura-asociacionismo-y-religion\/","title":{"rendered":"Consideraci\u00f3n de Catalu\u00f1a (2) Tres de los grandes vectores de fuerza: lengua y cultura, asociacionismo y religi\u00f3n"},"content":{"rendered":"<p><span dir=\"auto\"><span class=\"VIpgJd-yAWNEb-VIpgJd-fmcmS-sn54Q\" dir=\"auto\">Considero que es as\u00ed porque algunas de las fuerzas naturales que han impulsado a Catalunya en sus grandes transformaciones est\u00e1n en crisis. Se han adelgazado y destruido hasta extremos extraordinarios.<span>\u00a0<\/span><\/span><\/span><strong><span dir=\"auto\"><span class=\"VIpgJd-yAWNEb-VIpgJd-fmcmS-sn54Q\" dir=\"auto\">Son fuerzas que el historiador Vicens Vives describe en su<span>\u00a0<\/span><\/span><\/span><em><span dir=\"auto\"><span class=\"VIpgJd-yAWNEb-VIpgJd-fmcmS-sn54Q\" dir=\"auto\">Not\u00edcia de Catalunya<\/span><\/span><\/em><span dir=\"auto\"><span class=\"VIpgJd-yAWNEb-VIpgJd-fmcmS-sn54Q\" dir=\"auto\">.<\/span><\/span><\/strong><\/p>\n<h4><strong><span dir=\"auto\">Primer Vector: lengua y cultura<\/span><\/strong><\/h4>\n<p><span dir=\"auto\"><span class=\"VIpgJd-yAWNEb-VIpgJd-fmcmS-sn54Q\" dir=\"auto\">Una de estas fuerzas<span>\u00a0<\/span><\/span><\/span><strong><span dir=\"auto\"><span class=\"VIpgJd-yAWNEb-VIpgJd-fmcmS-sn54Q\" dir=\"auto\">es el amor, el inter\u00e9s, el aprecio<\/span><\/span><\/strong><span dir=\"auto\"><span class=\"VIpgJd-yAWNEb-VIpgJd-fmcmS-sn54Q\" dir=\"auto\"><span>\u00a0<\/span>\u2014d\u00edgale como quer\u00e1is\u2014<span>\u00a0<\/span><\/span><\/span><strong><span dir=\"auto\"><span class=\"VIpgJd-yAWNEb-VIpgJd-fmcmS-sn54Q\" dir=\"auto\">por el propio pa\u00eds, expresado en la tradici\u00f3n, la lengua, la cultura y el derecho.<\/span><\/span><\/strong><span dir=\"auto\"><span class=\"VIpgJd-yAWNEb-VIpgJd-fmcmS-sn54Q\" dir=\"auto\">\u00a0Hoy, pese a los discursos formales y oficiales, ese vector est\u00e1 muy tocado: el retroceso es innegable. Basta con observar<span>\u00a0<\/span><\/span><\/span><strong><span dir=\"auto\"><span class=\"VIpgJd-yAWNEb-VIpgJd-fmcmS-sn54Q\" dir=\"auto\">la Corporaci\u00f3n Catalana de Radio y Televisi\u00f3n,<\/span><\/span><\/strong><span dir=\"auto\"><span class=\"VIpgJd-yAWNEb-VIpgJd-fmcmS-sn54Q\" dir=\"auto\"><span>\u00a0<\/span>con una<span>\u00a0<\/span><\/span><\/span><a href=\"https:\/\/conversesacatalunya.cat\/es\/lescandalo-economico-de-tv3-irregularidades\/\" target=\"_blank\" rel=\"noopener\"><span dir=\"auto\"><span class=\"VIpgJd-yAWNEb-VIpgJd-fmcmS-sn54Q\" dir=\"auto\">dimensi\u00f3n econ\u00f3mica ins\u00f3lita<\/span><\/span><\/a><span dir=\"auto\"><span class=\"VIpgJd-yAWNEb-VIpgJd-fmcmS-sn54Q\" dir=\"auto\"><span>\u00a0<\/span>en nuestra historia y con una gran capacidad de penetraci\u00f3n social. \u00bfPero qu\u00e9 hace? \u00bfQu\u00e9 resultados obtiene en materia de lengua y cultura? La constataci\u00f3n es que disponer de medios no significa, autom\u00e1ticamente, mejorar: falta la voluntad, la concepci\u00f3n, la idea motriz que indique que esto es lo que se quiere y debe hacerse.<\/span><\/span><\/p>\n<p><span dir=\"auto\">En Catalu\u00f1a, la cultura y, sobre todo, la lengua han sido asuntos del pueblo: de las clases populares, de la menestral\u00eda y de los peque\u00f1os burgueses. Las \u00e9lites dirigentes, en cambio, siempre han mostrado una notable indiferencia respecto a ese aspecto capital.<\/span><\/p>\n<h4><strong><span dir=\"auto\">Segundo vector: asociacionismo<\/span><\/strong><\/h4>\n<p><span dir=\"auto\"><span class=\"VIpgJd-yAWNEb-VIpgJd-fmcmS-sn54Q\" dir=\"auto\">Un segundo vector que ha dado sentido a Catalu\u00f1a ha sido la<span>\u00a0<\/span><\/span><\/span><strong><span dir=\"auto\"><span class=\"VIpgJd-yAWNEb-VIpgJd-fmcmS-sn54Q\" dir=\"auto\">capacidad de asociaci\u00f3n,<\/span><\/span><\/strong><span dir=\"auto\"><span class=\"VIpgJd-yAWNEb-VIpgJd-fmcmS-sn54Q\" dir=\"auto\">\u00a0el asociacionismo popular: cooperativas, orfeones, ateneos, centros culturales, centros excursionistas y un largo etc\u00e9tera, tambi\u00e9n en el \u00e1mbito deportivo. Tres ejemplos bastante emblem\u00e1ticos fuera del f\u00fatbol son el rugby, el balonmano y el baloncesto. El rugby tiene en Sant Boi un caso \u00fanico: desde hace m\u00e1s de cien a\u00f1os, la<span>\u00a0<\/span><\/span><\/span><a href=\"https:\/\/conversesacatalunya.cat\/es\/unio-esportiva-santboiana-haremos-100\/\" target=\"_blank\" rel=\"noopener\"><strong><span dir=\"auto\"><span class=\"VIpgJd-yAWNEb-VIpgJd-fmcmS-sn54Q\" dir=\"auto\">UE Santboiana<\/span><\/span><\/strong><\/a><span dir=\"auto\"><span class=\"VIpgJd-yAWNEb-VIpgJd-fmcmS-sn54Q\" dir=\"auto\"><span>\u00a0<\/span>milita en la \u00e9lite estatal bas\u00e1ndose solo en una poblaci\u00f3n ni mayor ni central. Del mismo modo, el BM Granollers y la Penya de Badalona muestran el poder del asociacionismo popular.<\/span><\/span><\/p>\n<p><span dir=\"auto\">Todo esto no es un simple sumatorio de hechos interesantes ni an\u00e9cdotas: es la constataci\u00f3n de que Catalu\u00f1a ha tenido una de sus grandes fuerzas en<span>\u00a0<\/span><\/span><strong><span dir=\"auto\">el capital social.<\/span><\/strong><span dir=\"auto\">\u00a0Un potencial asociativo que recuerda mucho al norte de Italia y que, como ah\u00ed, ha alimentado el desarrollo econ\u00f3mico diferencial a trav\u00e9s de la proliferaci\u00f3n de peque\u00f1as y medianas empresas din\u00e1micas y adaptables.<\/span><\/p>\n<h4><strong><span dir=\"auto\">Tercer vector: religi\u00f3n<\/span><\/strong><\/h4>\n<p><span dir=\"auto\"><span class=\"VIpgJd-yAWNEb-VIpgJd-fmcmS-sn54Q\" dir=\"auto\">El tercer gran factor es<span>\u00a0<\/span><\/span><\/span><strong><span dir=\"auto\"><span class=\"VIpgJd-yAWNEb-VIpgJd-fmcmS-sn54Q\" dir=\"auto\">el hecho religioso.<\/span><\/span><\/strong><span dir=\"auto\"><span class=\"VIpgJd-yAWNEb-VIpgJd-fmcmS-sn54Q\" dir=\"auto\">\u00a0Aunque algunos, sin memoria o por desconocimiento, lo ignoren, la realidad hist\u00f3rica, cultural y social de Catalu\u00f1a \u2014incluso su mentalidad moral hasta \u00e9pocas recientes\u2014 es inexplicable sin<span>\u00a0<\/span><\/span><\/span><strong><span dir=\"auto\"><span class=\"VIpgJd-yAWNEb-VIpgJd-fmcmS-sn54Q\" dir=\"auto\">el catolicismo<\/span><\/span><\/strong><span dir=\"auto\"><span class=\"VIpgJd-yAWNEb-VIpgJd-fmcmS-sn54Q\" dir=\"auto\"><span>\u00a0<\/span>y, por tanto, sin la Iglesia. Esta ha sido un puntal de los otros dos ejes: el de la lengua y la cultura y el del asociacionismo. Ha sido un factor de ordenaci\u00f3n social, de creaci\u00f3n de una moralidad favorable a la cohesi\u00f3n y buenas pr\u00e1cticas. Su debilitamiento hasta l\u00edmites extraordinarios es hoy evidente.<\/span><\/span><\/p>\n<p><strong><span dir=\"auto\"><span class=\"VIpgJd-yAWNEb-VIpgJd-fmcmS-sn54Q\" dir=\"auto\">La destrucci\u00f3n de estos factores ha da\u00f1ado la estructura que daba fuerza y \u200b\u200bcohesi\u00f3n al proyecto de la sociedad catalana.<\/span><\/span><\/strong><span dir=\"auto\"><span class=\"VIpgJd-yAWNEb-VIpgJd-fmcmS-sn54Q\" dir=\"auto\">\u00a0Las fuerzas culturales y pol\u00edticas que han actuado en este sentido son, en gran medida, responsables.<span>\u00a0<\/span><\/span><\/span><strong><span dir=\"auto\"><span class=\"VIpgJd-yAWNEb-VIpgJd-fmcmS-sn54Q\" dir=\"auto\">No hay mucha diferencia con otras variantes de lo que ha sucedido en Europa.<\/span><\/span><\/strong><span dir=\"auto\"><span class=\"VIpgJd-yAWNEb-VIpgJd-fmcmS-sn54Q\" dir=\"auto\"> Si alguien quisiera destruir una civilizaci\u00f3n, solo habr\u00eda que actuar sobre los v\u00ednculos que generan el capital social -sobre todo la familia y el mundo asociativo-, y sobre la cultura propia y sus tradiciones, estrechamente vinculadas, en el caso europeo, al cristianismo.<\/span><\/span><\/p>\n<p><span dir=\"auto\">Hoy, Catalu\u00f1a est\u00e1 a sus puertas \u2014si no ha llegado ya\u2014 de ver reducida su cultura y sus ra\u00edces en un parque tem\u00e1tico para gente mayor y para una inmigraci\u00f3n muy joven.<\/span><\/p>\n<p><span>Y esa erosi\u00f3n, degradaci\u00f3n y deterioro de aquellos vectores han cabalgado y todav\u00eda lo hacen hoy sobre una construcci\u00f3n pol\u00edtica, la de la visi\u00f3n progresista, que califico para entenderse de vertiente posmoderna m\u00e1s inspirada en el partido Dem\u00f3crata de Estados Unidos versi\u00f3n \u00e9lites, que en el marxismo Gramsci del antiguo PSUC.<\/span><\/p>\n<p><strong><span dir=\"auto\">Como recordatorio de la<span>\u00a0<\/span><\/span><a href=\"https:\/\/conversesacatalunya.cat\/es\/la-aparente-imposible-continuidad-historica-de-cataluna\/\" target=\"_blank\" rel=\"noopener\"><span dir=\"auto\">primera consideraci\u00f3n<\/span><\/a><\/strong><\/p>\n<ol>\n<li><strong><span dir=\"auto\">Punto de partida<\/span><\/strong><\/li>\n<\/ol>\n<ul>\n<li><span dir=\"auto\">Catalu\u00f1a sobrevive como comunidad nacional hasta el siglo XX.<\/span><\/li>\n<li><span dir=\"auto\">Pa\u00eds peque\u00f1o, lengua minoritaria, entre Espa\u00f1a y Francia \u2192 parece imposible.<\/span><\/li>\n<li><span dir=\"auto\">A pesar de trastornos hist\u00f3ricos, resiste.<\/span><\/li>\n<\/ul>\n<ol start=\"2\">\n<li><strong><span dir=\"auto\">Debilidades estructurales<\/span><\/strong><\/li>\n<\/ol>\n<ul>\n<li><span dir=\"auto\">Escasos recursos naturales.<\/span><\/li>\n<li><span dir=\"auto\">Territorio monta\u00f1oso y mal comunicado.<\/span><\/li>\n<li><span dir=\"auto\">Agricultura poco pr\u00f3spera.<\/span><\/li>\n<li><span dir=\"auto\">Sin grandes r\u00edos navegables.<\/span><\/li>\n<\/ul>\n<ol start=\"3\">\n<li><strong><span dir=\"auto\">Industrializaci\u00f3n sorprendente<\/span><\/strong><\/li>\n<\/ol>\n<ul>\n<li><span dir=\"auto\">Una de las primeras revoluciones industriales de Espa\u00f1a.<\/span><\/li>\n<li><span dir=\"auto\">Barcelona como motor.<\/span><\/li>\n<li><span dir=\"auto\">Peso econ\u00f3mico inicial similar al de Extremadura.<\/span><\/li>\n<li><span dir=\"auto\">Andaluc\u00eda y Castilla dominaban la econom\u00eda en aquellos tiempos.<\/span><\/li>\n<\/ul>\n<ol start=\"4\">\n<li><strong><span dir=\"auto\">Trasiegos hist\u00f3ricos<\/span><\/strong><\/li>\n<\/ol>\n<ul>\n<li><span dir=\"auto\">Tres momentos clave: 1714, 1936 y 1939.<\/span><\/li>\n<li><span dir=\"auto\">Guerra del Franc\u00e9s y depredaci\u00f3n borb\u00f3nica.<\/span><\/li>\n<li><span dir=\"auto\">Guerras carlistas y liberales \u2192 fragmentaci\u00f3n del pa\u00eds.<\/span><\/li>\n<\/ul>\n<ol start=\"5\">\n<li><strong><span dir=\"auto\">Declive actual<\/span><\/strong><\/li>\n<\/ol>\n<ul>\n<li><span dir=\"auto\">Pese al autogobierno m\u00e1s amplio de la historia, la Catalu\u00f1a del siglo XXI entra en declive.<\/span><\/li>\n<li><span dir=\"auto\">Tres de las grandes fuerzas hist\u00f3ricas de renovaci\u00f3n est\u00e1n agotadas.<\/span><\/li>\n<\/ul>\n<span class='bctt-click-to-tweet'><span class='bctt-ctt-text'><a href='https:\/\/twitter.com\/intent\/tweet?url=https%3A%2F%2Fconversesacatalunya.cat%2Fes%2Flengua-y-cultura-asociacionismo-y-religion%2F&#038;text=Vicens%20Vives%20ya%20lo%20dijo%3A%20sin%20lengua%2C%20cultura%20y%20asociacionismo%2C%20Catalunya%20se%20desdibuja%20%23CulturaCatalana&#038;via=conversesacat&#038;related=conversesacat' target='_blank'rel=\"noopener noreferrer\">Vicens Vives ya lo dijo: sin lengua, cultura y asociacionismo, Catalunya se desdibuja #CulturaCatalana <\/a><\/span><a href='https:\/\/twitter.com\/intent\/tweet?url=https%3A%2F%2Fconversesacatalunya.cat%2Fes%2Flengua-y-cultura-asociacionismo-y-religion%2F&#038;text=Vicens%20Vives%20ya%20lo%20dijo%3A%20sin%20lengua%2C%20cultura%20y%20asociacionismo%2C%20Catalunya%20se%20desdibuja%20%23CulturaCatalana&#038;via=conversesacat&#038;related=conversesacat' target='_blank' class='bctt-ctt-btn'rel=\"noopener noreferrer\">Compartir en X<\/a><\/span>\n<p style=\"text-align: left;\"><div id=\"polls-295\" class=\"wp-polls\">\n\t<form id=\"polls_form_295\" class=\"wp-polls-form\" action=\"\/index.php\" method=\"post\">\n\t\t<p style=\"display: none;\"><input type=\"hidden\" id=\"poll_295_nonce\" name=\"wp-polls-nonce\" value=\"0658644647\" \/><\/p>\n\t\t<p style=\"display: none;\"><input type=\"hidden\" name=\"poll_id\" value=\"295\" \/><\/p>\n\t\t<p style=\"text-align: center\"><strong>El president Illa, en una recent entrevista a La Vanguardia ha reivindicat com a positiu l'elevada pressi\u00f3 fiscal de Catalunya. Comparteixes aquest punt de vista?<\/strong><\/p><div id=\"polls-295-ans\" class=\"wp-polls-ans\"><ul class=\"wp-polls-ul\">\n\t\t<li><input type=\"radio\" id=\"poll-answer-842\" name=\"poll_295\" value=\"842\" \/> <label for=\"poll-answer-842\">S\u00ed<\/label><\/li>\n\t\t<li><input type=\"radio\" id=\"poll-answer-843\" name=\"poll_295\" value=\"843\" \/> <label for=\"poll-answer-843\">No<\/label><\/li>\n\t\t<li><input type=\"radio\" id=\"poll-answer-844\" name=\"poll_295\" value=\"844\" \/> <label for=\"poll-answer-844\">No ho s\u00e9<\/label><\/li>\n\t\t<\/ul><p style=\"text-align: center\"><input type=\"button\" name=\"vote\" value=\"   Vota   \" class=\"Buttons\" onclick=\"poll_vote(295);\" \/><\/p><p style=\"text-align: center\"><a href=\"#ViewPollResults\" onclick=\"poll_result(295); return false;\" title=\"View Results Of This Poll\">Mira els resultats<\/a><\/p><\/div>\n\t<\/form>\n<\/div>\n<div id=\"polls-295-loading\" class=\"wp-polls-loading\"><img decoding=\"async\" data-src=\"https:\/\/conversesacatalunya.cat\/wp-content\/plugins\/wp-polls\/images\/loading.gif\" width=\"16\" height=\"16\" alt=\"Cargando ...\" title=\"Cargando ...\" class=\"wp-polls-image lazyload\" src=\"data:image\/svg+xml;base64,PHN2ZyB3aWR0aD0iMSIgaGVpZ2h0PSIxIiB4bWxucz0iaHR0cDovL3d3dy53My5vcmcvMjAwMC9zdmciPjwvc3ZnPg==\" style=\"--smush-placeholder-width: 16px; --smush-placeholder-aspect-ratio: 16\/16;\" \/>&nbsp;Cargando ...<\/div>\n\n","protected":false},"excerpt":{"rendered":"<p>Considero que es as\u00ed porque algunas de las fuerzas naturales que han impulsado a Catalunya en sus grandes transformaciones est\u00e1n en crisis. Se han adelgazado y destruido hasta extremos extraordinarios.\u00a0Son fuerzas que el historiador Vicens Vives describe en su\u00a0Not\u00edcia de Catalunya. Primer Vector: lengua y cultura Una de estas fuerzas\u00a0es el amor, el inter\u00e9s, el aprecio\u00a0\u2014d\u00edgale como quer\u00e1is\u2014\u00a0por el propio pa\u00eds, expresado en la tradici\u00f3n, la lengua, la cultura y el derecho.\u00a0Hoy, pese a los discursos formales y oficiales, ese vector est\u00e1 muy tocado: el retroceso es innegable. Basta con observar\u00a0la Corporaci\u00f3n Catalana de Radio y Televisi\u00f3n,\u00a0con una\u00a0dimensi\u00f3n econ\u00f3mica ins\u00f3lita\u00a0en nuestra historia y con una gran capacidad de penetraci\u00f3n social. \u00bfPero qu\u00e9 hace? \u00bfQu\u00e9 resultados obtiene en materia de lengua y cultura? La constataci\u00f3n es que disponer de medios no significa, autom\u00e1ticamente, mejorar: falta la voluntad, la concepci\u00f3n, la idea motriz que indique que esto es lo que se quiere y debe hacerse. En Catalu\u00f1a, la cultura y, sobre todo, la lengua han sido asuntos del pueblo: de las clases populares, de la menestral\u00eda y de los peque\u00f1os burgueses. Las \u00e9lites dirigentes, en cambio, siempre han mostrado una notable indiferencia respecto a ese aspecto capital. Segundo vector: asociacionismo Un segundo vector que ha dado sentido a Catalu\u00f1a ha sido la\u00a0capacidad de asociaci\u00f3n,\u00a0el asociacionismo popular: cooperativas, orfeones, ateneos, centros culturales, centros excursionistas y un largo etc\u00e9tera, tambi\u00e9n en el \u00e1mbito deportivo. Tres ejemplos bastante emblem\u00e1ticos fuera del f\u00fatbol son el rugby, el balonmano y el baloncesto. El rugby tiene en Sant Boi un caso \u00fanico: desde hace m\u00e1s de cien a\u00f1os, la\u00a0UE Santboiana\u00a0milita en la \u00e9lite estatal bas\u00e1ndose solo en una poblaci\u00f3n ni mayor ni central. Del mismo modo, el BM Granollers y la Penya de Badalona muestran el poder del asociacionismo popular. Todo esto no es un simple sumatorio de hechos interesantes ni an\u00e9cdotas: es la constataci\u00f3n de que Catalu\u00f1a ha tenido una de sus grandes fuerzas en\u00a0el capital social.\u00a0Un potencial asociativo que recuerda mucho al norte de Italia y que, como ah\u00ed, ha alimentado el desarrollo econ\u00f3mico diferencial a trav\u00e9s de la proliferaci\u00f3n de peque\u00f1as y medianas empresas din\u00e1micas y adaptables. Tercer vector: religi\u00f3n El tercer gran factor es\u00a0el hecho religioso.\u00a0Aunque algunos, sin memoria o por desconocimiento, lo ignoren, la realidad hist\u00f3rica, cultural y social de Catalu\u00f1a \u2014incluso su mentalidad moral hasta \u00e9pocas recientes\u2014 es inexplicable sin\u00a0el catolicismo\u00a0y, por tanto, sin la Iglesia. Esta ha sido un puntal de los otros dos ejes: el de la lengua y la cultura y el del asociacionismo. Ha sido un factor de ordenaci\u00f3n social, de creaci\u00f3n de una moralidad favorable a la cohesi\u00f3n y buenas pr\u00e1cticas. Su debilitamiento hasta l\u00edmites extraordinarios es hoy evidente. La destrucci\u00f3n de estos factores ha da\u00f1ado la estructura que daba fuerza y \u200b\u200bcohesi\u00f3n al proyecto de la sociedad catalana.\u00a0Las fuerzas culturales y pol\u00edticas que han actuado en este sentido son, en gran medida, responsables.\u00a0No hay mucha diferencia con otras variantes de lo que ha sucedido en Europa. Si alguien quisiera destruir una civilizaci\u00f3n, solo habr\u00eda que actuar sobre los v\u00ednculos que generan el capital social -sobre todo la familia y el mundo asociativo-, y sobre la cultura propia y sus tradiciones, estrechamente vinculadas, en el caso europeo, al cristianismo. Hoy, Catalu\u00f1a est\u00e1 a sus puertas \u2014si no ha llegado ya\u2014 de ver reducida su cultura y sus ra\u00edces en un parque tem\u00e1tico para gente mayor y para una inmigraci\u00f3n muy joven. Y esa erosi\u00f3n, degradaci\u00f3n y deterioro de aquellos vectores han cabalgado y todav\u00eda lo hacen hoy sobre una construcci\u00f3n pol\u00edtica, la de la visi\u00f3n progresista, que califico para entenderse de vertiente posmoderna m\u00e1s inspirada en el partido Dem\u00f3crata de Estados Unidos versi\u00f3n \u00e9lites, que en el marxismo Gramsci del antiguo PSUC. Como recordatorio de la\u00a0primera consideraci\u00f3n Punto de partida Catalu\u00f1a sobrevive como comunidad nacional hasta el siglo XX. Pa\u00eds peque\u00f1o, lengua minoritaria, entre Espa\u00f1a y Francia \u2192 parece imposible. A pesar de trastornos hist\u00f3ricos, resiste. Debilidades estructurales Escasos recursos naturales. Territorio monta\u00f1oso y mal comunicado. Agricultura poco pr\u00f3spera. Sin grandes r\u00edos navegables. Industrializaci\u00f3n sorprendente Una de las primeras revoluciones industriales de Espa\u00f1a. Barcelona como motor. Peso econ\u00f3mico inicial similar al de Extremadura. Andaluc\u00eda y Castilla dominaban la econom\u00eda en aquellos tiempos. Trasiegos hist\u00f3ricos Tres momentos clave: 1714, 1936 y 1939. Guerra del Franc\u00e9s y depredaci\u00f3n borb\u00f3nica. Guerras carlistas y liberales \u2192 fragmentaci\u00f3n del pa\u00eds. Declive actual Pese al autogobierno m\u00e1s amplio de la historia, la Catalu\u00f1a del siglo XXI entra en declive. Tres de las grandes fuerzas hist\u00f3ricas de renovaci\u00f3n est\u00e1n agotadas.<\/p>\n","protected":false},"author":19,"featured_media":91684,"comment_status":"open","ping_status":"open","sticky":false,"template":"","format":"standard","meta":{"_FSMCFIC_featured_image_caption":"","_FSMCFIC_featured_image_nocaption":"","_FSMCFIC_featured_image_hide":"","footnotes":""},"categories":[796],"tags":[865,845,5401,5402],"class_list":["post-91768","post","type-post","status-publish","format-standard","has-post-thumbnail","hentry","category-el-blog-de-josep-miro-i-ardevol-es","tag-cataluna","tag-catalunya-es","tag-consideracio-de-catalunya-es","tag-consideracion-de-cataluna"],"yoast_head":"<!-- This site is optimized with the Yoast SEO plugin v26.8 - https:\/\/yoast.com\/product\/yoast-seo-wordpress\/ -->\n<title>Consideraci\u00f3n de Catalu\u00f1a (2) Tres de los grandes vectores de fuerza: lengua y cultura, asociacionismo y religi\u00f3n - Converses a Catalunya<\/title>\n<meta name=\"description\" content=\"Un ensayo sobre la decadencia de los tres grandes vectores hist\u00f3ricos de Catalu\u00f1a: lengua y cultura, asociacionismo y religi\u00f3n.\" \/>\n<meta name=\"robots\" content=\"index, follow, max-snippet:-1, max-image-preview:large, max-video-preview:-1\" \/>\n<link rel=\"canonical\" href=\"https:\/\/conversesacatalunya.cat\/es\/lengua-y-cultura-asociacionismo-y-religion\/\" \/>\n<meta property=\"og:locale\" content=\"es_ES\" \/>\n<meta property=\"og:type\" content=\"article\" \/>\n<meta property=\"og:title\" content=\"Consideraci\u00f3n de Catalu\u00f1a (2) Tres de los grandes vectores de fuerza: lengua y cultura, asociacionismo y religi\u00f3n - Converses a Catalunya\" \/>\n<meta property=\"og:description\" content=\"Un ensayo sobre la decadencia de los tres grandes vectores hist\u00f3ricos de Catalu\u00f1a: lengua y cultura, asociacionismo y religi\u00f3n.\" \/>\n<meta property=\"og:url\" content=\"https:\/\/conversesacatalunya.cat\/es\/lengua-y-cultura-asociacionismo-y-religion\/\" \/>\n<meta property=\"og:site_name\" content=\"Converses a Catalunya\" \/>\n<meta property=\"article:published_time\" content=\"2025-09-12T03:38:54+00:00\" \/>\n<meta property=\"article:modified_time\" content=\"2025-09-23T07:42:12+00:00\" \/>\n<meta property=\"og:image\" content=\"https:\/\/conversesacatalunya.cat\/wp-content\/uploads\/2025\/09\/Imagen1-3.jpg\" \/>\n\t<meta property=\"og:image:width\" content=\"567\" \/>\n\t<meta property=\"og:image:height\" content=\"567\" \/>\n\t<meta property=\"og:image:type\" content=\"image\/jpeg\" \/>\n<meta name=\"author\" content=\"Josep Mir\u00f3 i Ard\u00e8vol\" \/>\n<meta name=\"twitter:card\" content=\"summary_large_image\" \/>\n<meta name=\"twitter:label1\" content=\"Escrito por\" \/>\n\t<meta name=\"twitter:data1\" content=\"Josep Mir\u00f3 i Ard\u00e8vol\" \/>\n\t<meta name=\"twitter:label2\" content=\"Tiempo de lectura\" \/>\n\t<meta name=\"twitter:data2\" content=\"4 minutos\" \/>\n<script type=\"application\/ld+json\" class=\"yoast-schema-graph\">{\"@context\":\"https:\/\/schema.org\",\"@graph\":[{\"@type\":\"Article\",\"@id\":\"https:\/\/conversesacatalunya.cat\/es\/lengua-y-cultura-asociacionismo-y-religion\/#article\",\"isPartOf\":{\"@id\":\"https:\/\/conversesacatalunya.cat\/es\/lengua-y-cultura-asociacionismo-y-religion\/\"},\"author\":{\"name\":\"Josep Mir\u00f3 i Ard\u00e8vol\",\"@id\":\"https:\/\/conversesacatalunya.cat\/#\/schema\/person\/a9598a6786ba7d3d1c5e0de477b79370\"},\"headline\":\"Consideraci\u00f3n de Catalu\u00f1a (2) Tres de los grandes vectores de fuerza: lengua y cultura, asociacionismo y religi\u00f3n\",\"datePublished\":\"2025-09-12T03:38:54+00:00\",\"dateModified\":\"2025-09-23T07:42:12+00:00\",\"mainEntityOfPage\":{\"@id\":\"https:\/\/conversesacatalunya.cat\/es\/lengua-y-cultura-asociacionismo-y-religion\/\"},\"wordCount\":893,\"commentCount\":1,\"image\":{\"@id\":\"https:\/\/conversesacatalunya.cat\/es\/lengua-y-cultura-asociacionismo-y-religion\/#primaryimage\"},\"thumbnailUrl\":\"https:\/\/conversesacatalunya.cat\/wp-content\/uploads\/2025\/09\/Imagen1-3.jpg\",\"keywords\":[\"Catalu\u00f1a\",\"Catalunya\",\"consideraci\u00f3 de Catalunya\",\"Consideraci\u00f3n de Catalu\u00f1a\"],\"articleSection\":[\"El Blog de Josep Mir\u00f3 i Ard\u00e8vol (ES)\"],\"inLanguage\":\"es\",\"potentialAction\":[{\"@type\":\"CommentAction\",\"name\":\"Comment\",\"target\":[\"https:\/\/conversesacatalunya.cat\/es\/lengua-y-cultura-asociacionismo-y-religion\/#respond\"]}]},{\"@type\":\"WebPage\",\"@id\":\"https:\/\/conversesacatalunya.cat\/es\/lengua-y-cultura-asociacionismo-y-religion\/\",\"url\":\"https:\/\/conversesacatalunya.cat\/es\/lengua-y-cultura-asociacionismo-y-religion\/\",\"name\":\"Consideraci\u00f3n de Catalu\u00f1a (2) Tres de los grandes vectores de fuerza: lengua y cultura, asociacionismo y religi\u00f3n - Converses a Catalunya\",\"isPartOf\":{\"@id\":\"https:\/\/conversesacatalunya.cat\/#website\"},\"primaryImageOfPage\":{\"@id\":\"https:\/\/conversesacatalunya.cat\/es\/lengua-y-cultura-asociacionismo-y-religion\/#primaryimage\"},\"image\":{\"@id\":\"https:\/\/conversesacatalunya.cat\/es\/lengua-y-cultura-asociacionismo-y-religion\/#primaryimage\"},\"thumbnailUrl\":\"https:\/\/conversesacatalunya.cat\/wp-content\/uploads\/2025\/09\/Imagen1-3.jpg\",\"datePublished\":\"2025-09-12T03:38:54+00:00\",\"dateModified\":\"2025-09-23T07:42:12+00:00\",\"author\":{\"@id\":\"https:\/\/conversesacatalunya.cat\/#\/schema\/person\/a9598a6786ba7d3d1c5e0de477b79370\"},\"description\":\"Un ensayo sobre la decadencia de los tres grandes vectores hist\u00f3ricos de Catalu\u00f1a: lengua y cultura, asociacionismo y religi\u00f3n.\",\"breadcrumb\":{\"@id\":\"https:\/\/conversesacatalunya.cat\/es\/lengua-y-cultura-asociacionismo-y-religion\/#breadcrumb\"},\"inLanguage\":\"es\",\"potentialAction\":[{\"@type\":\"ReadAction\",\"target\":[\"https:\/\/conversesacatalunya.cat\/es\/lengua-y-cultura-asociacionismo-y-religion\/\"]}]},{\"@type\":\"ImageObject\",\"inLanguage\":\"es\",\"@id\":\"https:\/\/conversesacatalunya.cat\/es\/lengua-y-cultura-asociacionismo-y-religion\/#primaryimage\",\"url\":\"https:\/\/conversesacatalunya.cat\/wp-content\/uploads\/2025\/09\/Imagen1-3.jpg\",\"contentUrl\":\"https:\/\/conversesacatalunya.cat\/wp-content\/uploads\/2025\/09\/Imagen1-3.jpg\",\"width\":567,\"height\":567,\"caption\":\"Catalu\u00f1a vectores de fuerza\"},{\"@type\":\"BreadcrumbList\",\"@id\":\"https:\/\/conversesacatalunya.cat\/es\/lengua-y-cultura-asociacionismo-y-religion\/#breadcrumb\",\"itemListElement\":[{\"@type\":\"ListItem\",\"position\":1,\"name\":\"Inici\",\"item\":\"https:\/\/conversesacatalunya.cat\/es\/\"},{\"@type\":\"ListItem\",\"position\":2,\"name\":\"Consideraci\u00f3n de Catalu\u00f1a (2) Tres de los grandes vectores de fuerza: lengua y cultura, asociacionismo y religi\u00f3n\"}]},{\"@type\":\"WebSite\",\"@id\":\"https:\/\/conversesacatalunya.cat\/#website\",\"url\":\"https:\/\/conversesacatalunya.cat\/\",\"name\":\"Converses a Catalunya\",\"description\":\"\",\"potentialAction\":[{\"@type\":\"SearchAction\",\"target\":{\"@type\":\"EntryPoint\",\"urlTemplate\":\"https:\/\/conversesacatalunya.cat\/?s={search_term_string}\"},\"query-input\":{\"@type\":\"PropertyValueSpecification\",\"valueRequired\":true,\"valueName\":\"search_term_string\"}}],\"inLanguage\":\"es\"},{\"@type\":\"Person\",\"@id\":\"https:\/\/conversesacatalunya.cat\/#\/schema\/person\/a9598a6786ba7d3d1c5e0de477b79370\",\"name\":\"Josep Mir\u00f3 i Ard\u00e8vol\",\"image\":{\"@type\":\"ImageObject\",\"inLanguage\":\"es\",\"@id\":\"https:\/\/conversesacatalunya.cat\/#\/schema\/person\/image\/\",\"url\":\"https:\/\/conversesacatalunya.cat\/wp-content\/litespeed\/avatar\/c37e3dc881857483d6694cdf98fdedea.jpg?ver=1777270381\",\"contentUrl\":\"https:\/\/conversesacatalunya.cat\/wp-content\/litespeed\/avatar\/c37e3dc881857483d6694cdf98fdedea.jpg?ver=1777270381\",\"caption\":\"Josep Mir\u00f3 i Ard\u00e8vol\"},\"url\":\"https:\/\/conversesacatalunya.cat\/es\/author\/josep-miro-i-ardevol\/\"}]}<\/script>\n<!-- \/ Yoast SEO plugin. -->","yoast_head_json":{"title":"Consideraci\u00f3n de Catalu\u00f1a (2) Tres de los grandes vectores de fuerza: lengua y cultura, asociacionismo y religi\u00f3n - Converses a Catalunya","description":"Un ensayo sobre la decadencia de los tres grandes vectores hist\u00f3ricos de Catalu\u00f1a: lengua y cultura, asociacionismo y religi\u00f3n.","robots":{"index":"index","follow":"follow","max-snippet":"max-snippet:-1","max-image-preview":"max-image-preview:large","max-video-preview":"max-video-preview:-1"},"canonical":"https:\/\/conversesacatalunya.cat\/es\/lengua-y-cultura-asociacionismo-y-religion\/","og_locale":"es_ES","og_type":"article","og_title":"Consideraci\u00f3n de Catalu\u00f1a (2) Tres de los grandes vectores de fuerza: lengua y cultura, asociacionismo y religi\u00f3n - Converses a Catalunya","og_description":"Un ensayo sobre la decadencia de los tres grandes vectores hist\u00f3ricos de Catalu\u00f1a: lengua y cultura, asociacionismo y religi\u00f3n.","og_url":"https:\/\/conversesacatalunya.cat\/es\/lengua-y-cultura-asociacionismo-y-religion\/","og_site_name":"Converses a Catalunya","article_published_time":"2025-09-12T03:38:54+00:00","article_modified_time":"2025-09-23T07:42:12+00:00","og_image":[{"width":567,"height":567,"url":"https:\/\/conversesacatalunya.cat\/wp-content\/uploads\/2025\/09\/Imagen1-3.jpg","type":"image\/jpeg"}],"author":"Josep Mir\u00f3 i Ard\u00e8vol","twitter_card":"summary_large_image","twitter_misc":{"Escrito por":"Josep Mir\u00f3 i Ard\u00e8vol","Tiempo de lectura":"4 minutos"},"schema":{"@context":"https:\/\/schema.org","@graph":[{"@type":"Article","@id":"https:\/\/conversesacatalunya.cat\/es\/lengua-y-cultura-asociacionismo-y-religion\/#article","isPartOf":{"@id":"https:\/\/conversesacatalunya.cat\/es\/lengua-y-cultura-asociacionismo-y-religion\/"},"author":{"name":"Josep Mir\u00f3 i Ard\u00e8vol","@id":"https:\/\/conversesacatalunya.cat\/#\/schema\/person\/a9598a6786ba7d3d1c5e0de477b79370"},"headline":"Consideraci\u00f3n de Catalu\u00f1a (2) Tres de los grandes vectores de fuerza: lengua y cultura, asociacionismo y religi\u00f3n","datePublished":"2025-09-12T03:38:54+00:00","dateModified":"2025-09-23T07:42:12+00:00","mainEntityOfPage":{"@id":"https:\/\/conversesacatalunya.cat\/es\/lengua-y-cultura-asociacionismo-y-religion\/"},"wordCount":893,"commentCount":1,"image":{"@id":"https:\/\/conversesacatalunya.cat\/es\/lengua-y-cultura-asociacionismo-y-religion\/#primaryimage"},"thumbnailUrl":"https:\/\/conversesacatalunya.cat\/wp-content\/uploads\/2025\/09\/Imagen1-3.jpg","keywords":["Catalu\u00f1a","Catalunya","consideraci\u00f3 de Catalunya","Consideraci\u00f3n de Catalu\u00f1a"],"articleSection":["El Blog de Josep Mir\u00f3 i Ard\u00e8vol (ES)"],"inLanguage":"es","potentialAction":[{"@type":"CommentAction","name":"Comment","target":["https:\/\/conversesacatalunya.cat\/es\/lengua-y-cultura-asociacionismo-y-religion\/#respond"]}]},{"@type":"WebPage","@id":"https:\/\/conversesacatalunya.cat\/es\/lengua-y-cultura-asociacionismo-y-religion\/","url":"https:\/\/conversesacatalunya.cat\/es\/lengua-y-cultura-asociacionismo-y-religion\/","name":"Consideraci\u00f3n de Catalu\u00f1a (2) Tres de los grandes vectores de fuerza: lengua y cultura, asociacionismo y religi\u00f3n - Converses a Catalunya","isPartOf":{"@id":"https:\/\/conversesacatalunya.cat\/#website"},"primaryImageOfPage":{"@id":"https:\/\/conversesacatalunya.cat\/es\/lengua-y-cultura-asociacionismo-y-religion\/#primaryimage"},"image":{"@id":"https:\/\/conversesacatalunya.cat\/es\/lengua-y-cultura-asociacionismo-y-religion\/#primaryimage"},"thumbnailUrl":"https:\/\/conversesacatalunya.cat\/wp-content\/uploads\/2025\/09\/Imagen1-3.jpg","datePublished":"2025-09-12T03:38:54+00:00","dateModified":"2025-09-23T07:42:12+00:00","author":{"@id":"https:\/\/conversesacatalunya.cat\/#\/schema\/person\/a9598a6786ba7d3d1c5e0de477b79370"},"description":"Un ensayo sobre la decadencia de los tres grandes vectores hist\u00f3ricos de Catalu\u00f1a: lengua y cultura, asociacionismo y religi\u00f3n.","breadcrumb":{"@id":"https:\/\/conversesacatalunya.cat\/es\/lengua-y-cultura-asociacionismo-y-religion\/#breadcrumb"},"inLanguage":"es","potentialAction":[{"@type":"ReadAction","target":["https:\/\/conversesacatalunya.cat\/es\/lengua-y-cultura-asociacionismo-y-religion\/"]}]},{"@type":"ImageObject","inLanguage":"es","@id":"https:\/\/conversesacatalunya.cat\/es\/lengua-y-cultura-asociacionismo-y-religion\/#primaryimage","url":"https:\/\/conversesacatalunya.cat\/wp-content\/uploads\/2025\/09\/Imagen1-3.jpg","contentUrl":"https:\/\/conversesacatalunya.cat\/wp-content\/uploads\/2025\/09\/Imagen1-3.jpg","width":567,"height":567,"caption":"Catalu\u00f1a vectores de fuerza"},{"@type":"BreadcrumbList","@id":"https:\/\/conversesacatalunya.cat\/es\/lengua-y-cultura-asociacionismo-y-religion\/#breadcrumb","itemListElement":[{"@type":"ListItem","position":1,"name":"Inici","item":"https:\/\/conversesacatalunya.cat\/es\/"},{"@type":"ListItem","position":2,"name":"Consideraci\u00f3n de Catalu\u00f1a (2) Tres de los grandes vectores de fuerza: lengua y cultura, asociacionismo y religi\u00f3n"}]},{"@type":"WebSite","@id":"https:\/\/conversesacatalunya.cat\/#website","url":"https:\/\/conversesacatalunya.cat\/","name":"Converses a Catalunya","description":"","potentialAction":[{"@type":"SearchAction","target":{"@type":"EntryPoint","urlTemplate":"https:\/\/conversesacatalunya.cat\/?s={search_term_string}"},"query-input":{"@type":"PropertyValueSpecification","valueRequired":true,"valueName":"search_term_string"}}],"inLanguage":"es"},{"@type":"Person","@id":"https:\/\/conversesacatalunya.cat\/#\/schema\/person\/a9598a6786ba7d3d1c5e0de477b79370","name":"Josep Mir\u00f3 i Ard\u00e8vol","image":{"@type":"ImageObject","inLanguage":"es","@id":"https:\/\/conversesacatalunya.cat\/#\/schema\/person\/image\/","url":"https:\/\/conversesacatalunya.cat\/wp-content\/litespeed\/avatar\/c37e3dc881857483d6694cdf98fdedea.jpg?ver=1777270381","contentUrl":"https:\/\/conversesacatalunya.cat\/wp-content\/litespeed\/avatar\/c37e3dc881857483d6694cdf98fdedea.jpg?ver=1777270381","caption":"Josep Mir\u00f3 i Ard\u00e8vol"},"url":"https:\/\/conversesacatalunya.cat\/es\/author\/josep-miro-i-ardevol\/"}]}},"wps_subtitle":"Vicens Vives ya lo dijo: sin lengua, cultura y asociacionismo, Catalunya se desdibuja.","_links":{"self":[{"href":"https:\/\/conversesacatalunya.cat\/es\/wp-json\/wp\/v2\/posts\/91768","targetHints":{"allow":["GET"]}}],"collection":[{"href":"https:\/\/conversesacatalunya.cat\/es\/wp-json\/wp\/v2\/posts"}],"about":[{"href":"https:\/\/conversesacatalunya.cat\/es\/wp-json\/wp\/v2\/types\/post"}],"author":[{"embeddable":true,"href":"https:\/\/conversesacatalunya.cat\/es\/wp-json\/wp\/v2\/users\/19"}],"replies":[{"embeddable":true,"href":"https:\/\/conversesacatalunya.cat\/es\/wp-json\/wp\/v2\/comments?post=91768"}],"version-history":[{"count":3,"href":"https:\/\/conversesacatalunya.cat\/es\/wp-json\/wp\/v2\/posts\/91768\/revisions"}],"predecessor-version":[{"id":91772,"href":"https:\/\/conversesacatalunya.cat\/es\/wp-json\/wp\/v2\/posts\/91768\/revisions\/91772"}],"wp:featuredmedia":[{"embeddable":true,"href":"https:\/\/conversesacatalunya.cat\/es\/wp-json\/wp\/v2\/media\/91684"}],"wp:attachment":[{"href":"https:\/\/conversesacatalunya.cat\/es\/wp-json\/wp\/v2\/media?parent=91768"}],"wp:term":[{"taxonomy":"category","embeddable":true,"href":"https:\/\/conversesacatalunya.cat\/es\/wp-json\/wp\/v2\/categories?post=91768"},{"taxonomy":"post_tag","embeddable":true,"href":"https:\/\/conversesacatalunya.cat\/es\/wp-json\/wp\/v2\/tags?post=91768"}],"curies":[{"name":"wp","href":"https:\/\/api.w.org\/{rel}","templated":true}]}}