{"id":91690,"date":"2025-09-10T09:23:44","date_gmt":"2025-09-10T07:23:44","guid":{"rendered":"https:\/\/conversesacatalunya.cat\/?p=91690"},"modified":"2025-09-10T09:54:51","modified_gmt":"2025-09-10T07:54:51","slug":"bosques-incendios-y-politica","status":"publish","type":"post","link":"https:\/\/conversesacatalunya.cat\/es\/bosques-incendios-y-politica\/","title":{"rendered":"Un Estado que es humo: bosques, incendios y pol\u00edtica"},"content":{"rendered":"<p>Ahora que la tragedia de los incendios ha quedado atr\u00e1s \u2014y con ella, en buena medida, las pasiones que desatan\u2014 es el momento de mirar de frente la realidad: <strong>Espa\u00f1a es un estado fallido en materia de incendios forestales<\/strong>. El problema central que vivimos hoy es doble.<\/p>\n<p>Primero, la situaci\u00f3n de nuestros bosques y, en una perspectiva m\u00e1s amplia, del medio rural.<\/p>\n<p>Segundo, un fallo garrafal en la concepci\u00f3n de la extinci\u00f3n ante fuegos que, por condiciones materiales cada vez m\u00e1s adversas, se convierten en fen\u00f3menos virulentos. El Gobierno presume de m\u00e1s aviones y m\u00e1s de todo que nadie; precisamente por eso demuestra que emplea mal los recursos: <strong>tanta potencia para mantener una estrategia equivocada.<\/strong><\/p>\n<p>Si no se abordan de inmediato estas dos cuestiones, la realidad rural-forestal y la revisi\u00f3n de arriba abajo del modelo de lucha contra el fuego. \u201cIncendios provocados\u201d ha habido siempre; lo nuevo es que hoy las condiciones para su explosividad son mejores. Y \u201choy\u201d no es solo este verano: hablamos, como m\u00ednimo, de <strong>los \u00faltimos siete a\u00f1os<\/strong>, el periodo en que gobierna Pedro S\u00e1nchez. Si tras unos 2.600 d\u00edas al frente del pa\u00eds descubre que necesita un <strong>\u201c<a href=\"https:\/\/conversesacatalunya.cat\/es\/sin-verguenza-i-los-incendios-forestales-y-el-pacto-de-estado\/\" target=\"_blank\" rel=\"noopener\">pacto de Estado<\/a>\u201d<\/strong> para que no se quemen los bosques, lo que queda probado es la ineptitud del presidente y de su equipo, ministros incluidos.<\/p>\n<h3><strong>Un Estado rico que no llega<\/strong><\/h3>\n<p>Espa\u00f1a presenta una paradoja poco frecuente en Europa:<strong> es un Estado \u201crico\u201d en recursos y pobre en resultados.<\/strong> Recauda como nunca \u2014a costa de una cu\u00f1a fiscal asfixiante, por encima de la media europea\u2014 y ha gestionado los millonarios fondos Next Generation, una lluvia de dinero comparable, en poder equivalente, a la que Alemania recibi\u00f3 con el Plan Marshall.<\/p>\n<p>\u00bfPara qu\u00e9? Para exhibir una inoperancia clamorosa en situaciones cr\u00edticas. Sucedi\u00f3 con la DANA en Valencia y con su reconstrucci\u00f3n: respuesta tard\u00eda, insuficiente y sin asumir la funci\u00f3n principal del Estado, la de cargar con la responsabilidad cuando el da\u00f1o supera las posibilidades de comunidades y municipios. Con excepciones hist\u00f3ricas de financiaci\u00f3n como Pa\u00eds Vasco, Navarra y, dentro del r\u00e9gimen com\u00fan, Cantabria, el resto navega en precariedad.<strong> En la Comunidad Valenciana, la insuficiencia es brutal y acumulada.<\/strong><\/p>\n<p>La cuesti\u00f3n se repite ahora con los incendios, a escala mayor. Con frentes simult\u00e1neos en al menos ocho provincias y comunidades como Extremadura, Castilla y Le\u00f3n, Galicia y Valencia, el Gobierno estuvo ausente: sin prevenci\u00f3n a pesar de previsiones meteorol\u00f3gicas adversas, y sin acci\u00f3n a la altura de un Estado. Se refugi\u00f3 tras la UME, \u00fatil, pero manifiestamente insuficiente cuando la simultaneidad multiplica los focos.<\/p>\n<h3><strong>Pol\u00edtica antes que pa\u00eds<\/strong><\/h3>\n<p><strong>\u00bfQu\u00e9 pueden hacer medios auton\u00f3micos, por muy dignos que sean, ante frentes de 20 o 30 kil\u00f3metros azuzados por calor, viento y sequedad extrema? <\/strong><\/p>\n<p>El Estado jug\u00f3 al pasotismo por dos razones que se retroalimentan: una, <strong>el poder territorial del PP<\/strong>, que convierte a los ciudadanos en \u201csuyos\u201d y \u201cnuestros\u201d; dos, la <strong>ausencia de previsi\u00f3n y recursos estatales para emergencias de este calado<\/strong>. Las instituciones llamadas a prevenir y coordinar fallaron antes y durante la DANA \u2014caso del barranco del Poyo\u2014 y ahora lo multiplican con los incendios.<\/p>\n<p><strong>Esto no quita la responsabilidad de los gobiernos aut\u00f3nomos<\/strong>; es una evidencia que no se puede tener un buen sistema de prevenci\u00f3n y lucha, con contratas de personal a terceros en verano. Parecer\u00eda escandaloso si se tratara de la polic\u00eda; lo es en <strong>el caso de los bomberos<\/strong>. Sin un cuerpo permanente de estos y sin una guarder\u00eda forestal adecuada, no hay soluci\u00f3n, como no la hay sin control del territorio, que en Catalu\u00f1a, por ejemplo, proporcionan<strong> las Agrupaciones de Defensa Forestal (ADF)<\/strong>.<\/p>\n<p>La pregunta primera es que se debe hacer y la segunda que se necesita para hacerlo. Y a partir de ah\u00ed y en lo que falte reclamarlo al gobierno del estado. Pero ahora, no cuando todo arde, porque llegar\u00e1 tarde y\u00a0 ser\u00e1 insuficiente.<\/p>\n<h3><strong>La impunidad del error<\/strong><\/h3>\n<p>Todo esto es hija directa de la <strong>COVID-19.<\/strong> La gesti\u00f3n fue de las peores de Europa si se ponderan muertes y ruina econ\u00f3mica. Jam\u00e1s se rindieron cuentas ni se sometieron los errores a examen. Al contrario: uno de los m\u00e1ximos responsables, <strong>Salvador Illa<\/strong>, fue ascendido en el podio por la alquimia entre directriz pol\u00edtica y poder medi\u00e1tico. <strong>La oposici\u00f3n del PP tampoco quiso abrir esa caja: tambi\u00e9n le salpicar\u00eda<\/strong>. Muerto el esc\u00e1ndalo, muerto el perro. Pero la falla del Estado no ha desaparecido: se ha enquistado y reaparece cuando hay ocasi\u00f3n, cuando hay cat\u00e1strofes.<\/p>\n<p>Mientras tanto, la met\u00e1stasis sigue: el desorden cr\u00f3nico de <strong>RENFE;<\/strong> la quiebra del deber estatal de gestionar la inmigraci\u00f3n con criterios de bien com\u00fan; la impotencia, disfrazada de \u201cacogida solidaria\u201d, que se traduce en hostilidad contra quien se\u00f1ale el problema. En esta \u00faltima materia, <strong>VOX cumple su funci\u00f3n de ariete ret\u00f3rico<\/strong>: su agresividad e incontinencia regalan coartadas al Gobierno. \u00bfHace falta un ejemplo del nivel de ineptitud? La incapacidad para trasladar desde Canarias a la pen\u00ednsula a unos pocos cientos de menores inmigrantes. Si el Estado no resuelve eso,<strong> \u00bfen qu\u00e9 podemos confiar cuando lleguen problemas mayores?<\/strong><\/p>\n<p>Y vendr\u00e1n: criminalidad organizada, presi\u00f3n migratoria masiva y sostenida, una econom\u00eda de baja productividad a pesar del diluvio de dinero p\u00fablico, grietas en autopistas y ferrocarriles, da\u00f1os clim\u00e1ticos en cadena\u2026 y, por supuesto, cisnes negros.<\/p>\n<h3><strong>El n\u00facleo del desastre<\/strong><\/h3>\n<p>Espa\u00f1a no est\u00e1 preparada para los incendios forestales, y menos para los grandes: aquellos que superan las 500\u20131.000 hect\u00e1reas y cada vez destruyen m\u00e1s viviendas y da\u00f1an m\u00e1s poblaciones. <strong>Falta visi\u00f3n pol\u00edtica sobre la magnitud del problema<\/strong> \u2014antes se atenuaba porque no todos los veranos ten\u00edan el mismo riesgo; eso ya es historia\u2014 <strong>y falta estrategia<\/strong>: qu\u00e9 hacer, c\u00f3mo y cu\u00e1ndo. La \u201ctransici\u00f3n ecol\u00f3gica\u201d dise\u00f1ada por urbanitas dogm\u00e1ticos ignora efectos colaterales como la erosi\u00f3n silenciosa y catastr\u00f3fica del suelo f\u00e9rtil, un patrimonio que se pierde sin ruido.<\/p>\n<p><strong>Quiz\u00e1 con la \u00fanica excepci\u00f3n parcial de Catalu\u00f1a<\/strong> \u2014que ha avanzado en prevenci\u00f3n, pero carece de respuesta para megaincendios\u2014 Espa\u00f1a vive a merced de la meteorolog\u00eda. <strong>Las autonom\u00edas no disponen de medios ni financiaci\u00f3n para este nuevo y costoso embate<\/strong>, fruto de la transformaci\u00f3n ambiental, agraria, forestal y demogr\u00e1fica. Y el Estado, \u00faltimo recurso, habita la triple combinaci\u00f3n de ignorancia, imprevisi\u00f3n e impotencia.<\/p>\n<h3><strong>Del vicio como sistema<\/strong><\/h3>\n<p><strong>Lo peor no es el error: es el h\u00e1bito del error<\/strong>. Arist\u00f3teles defini\u00f3 el vicio como desorden en la acci\u00f3n; Tom\u00e1s de Aquino lo vio como h\u00e1bito que inclina a elegir mal; MacIntyre lo entiende como corrupci\u00f3n de la pr\u00e1ctica, cuando se subordina el bien interno \u2014hacer bien lo que hay que hacer\u2014 al externo \u2014poder, dinero, fama\u2014. Espa\u00f1a se ha instalado en ese vicio: la sinvergonzoner\u00eda convertida en sistema. Por eso, <strong>como antes con la COVID o la DANA, los incendios han desnudado la asim\u00e9trica fallida del Estado.<\/strong><\/p>\n<h3><strong>Dos tareas inaplazables<\/strong><\/h3>\n<p>La salida no requiere inventar la p\u00f3lvora, sino cumplir con lo b\u00e1sico: <strong>reconstruir la pol\u00edtica forestal y rural<\/strong> \u2014gesti\u00f3n activa, mosaico agroforestal, repoblaci\u00f3n humana del territorio\u2014 y redise\u00f1ar de la A a la Z el modelo de extinci\u00f3n basado primero en la detecci\u00f3n anticipada, r\u00e1pida y la intervenci\u00f3n inmediata, y el control del territorio, y cuando esto se rompe entra en juego la <strong>guerra de posiciones, los m\u00f3dulos o mosaico forestal<\/strong>, que impiden por su discontinuidad que se formen grandes frentes y que se quemen m\u00e1s que un m\u00e1ximo previamente establecido de hect\u00e1reas en el peor de los casos.<\/p>\n<p>Esto y <strong>disponer a rajatabla de per\u00edmetros de protecci\u00f3n en pueblos, caser\u00edos y casas<\/strong>. No disponer de ello, ahora se ha visto claro, es una tragedia y una ruina. Si no se hace ya, el pa\u00eds seguir\u00e1 ardiendo. Y no ser\u00e1 mala suerte: ser\u00e1 irresponsabilidad.<\/p>\n<p><strong><a href=\"https:\/\/twitter.com\/jmiroardevol\" target=\"_blank\" rel=\"noopener\">Twitter: @jmiroardevol<\/a><\/strong><\/p>\n<p><strong><a href=\"https:\/\/www.facebook.com\/josepmiroiardevol\" target=\"_blank\" rel=\"noopener\">Facebook: josepmiroardevol<\/a><\/strong><\/p>\n<span class='bctt-click-to-tweet'><span class='bctt-ctt-text'><a href='https:\/\/twitter.com\/intent\/tweet?url=https%3A%2F%2Fconversesacatalunya.cat%2Fes%2Fbosques-incendios-y-politica%2F&#038;text=La%20DANA%2C%20la%20COVID%20y%20ahora%20los%20incendios%3A%20cada%20cat%C3%A1strofe%20desnuda%20la%20impotencia%20del%20Estado.%20%23Espa%C3%B1a%20%23EstadoFallido&#038;via=conversesacat&#038;related=conversesacat' target='_blank'rel=\"noopener noreferrer\">La DANA, la COVID y ahora los incendios: cada cat\u00e1strofe desnuda la impotencia del Estado. #Espa\u00f1a #EstadoFallido <\/a><\/span><a href='https:\/\/twitter.com\/intent\/tweet?url=https%3A%2F%2Fconversesacatalunya.cat%2Fes%2Fbosques-incendios-y-politica%2F&#038;text=La%20DANA%2C%20la%20COVID%20y%20ahora%20los%20incendios%3A%20cada%20cat%C3%A1strofe%20desnuda%20la%20impotencia%20del%20Estado.%20%23Espa%C3%B1a%20%23EstadoFallido&#038;via=conversesacat&#038;related=conversesacat' target='_blank' class='bctt-ctt-btn'rel=\"noopener noreferrer\">Compartir en X<\/a><\/span>\n<div id=\"polls-295\" class=\"wp-polls\">\n\t<form id=\"polls_form_295\" class=\"wp-polls-form\" action=\"\/index.php\" method=\"post\">\n\t\t<p style=\"display: none;\"><input type=\"hidden\" id=\"poll_295_nonce\" name=\"wp-polls-nonce\" value=\"3d4b3e16d5\" \/><\/p>\n\t\t<p style=\"display: none;\"><input type=\"hidden\" name=\"poll_id\" value=\"295\" \/><\/p>\n\t\t<p style=\"text-align: center\"><strong>El president Illa, en una recent entrevista a La Vanguardia ha reivindicat com a positiu l'elevada pressi\u00f3 fiscal de Catalunya. Comparteixes aquest punt de vista?<\/strong><\/p><div id=\"polls-295-ans\" class=\"wp-polls-ans\"><ul class=\"wp-polls-ul\">\n\t\t<li><input type=\"radio\" id=\"poll-answer-842\" name=\"poll_295\" value=\"842\" \/> <label for=\"poll-answer-842\">S\u00ed<\/label><\/li>\n\t\t<li><input type=\"radio\" id=\"poll-answer-843\" name=\"poll_295\" value=\"843\" \/> <label for=\"poll-answer-843\">No<\/label><\/li>\n\t\t<li><input type=\"radio\" id=\"poll-answer-844\" name=\"poll_295\" value=\"844\" \/> <label for=\"poll-answer-844\">No ho s\u00e9<\/label><\/li>\n\t\t<\/ul><p style=\"text-align: center\"><input type=\"button\" name=\"vote\" value=\"   Vota   \" class=\"Buttons\" onclick=\"poll_vote(295);\" \/><\/p><p style=\"text-align: center\"><a href=\"#ViewPollResults\" onclick=\"poll_result(295); return false;\" title=\"View Results Of This Poll\">Mira els resultats<\/a><\/p><\/div>\n\t<\/form>\n<\/div>\n<div id=\"polls-295-loading\" class=\"wp-polls-loading\"><img decoding=\"async\" data-src=\"https:\/\/conversesacatalunya.cat\/wp-content\/plugins\/wp-polls\/images\/loading.gif\" width=\"16\" height=\"16\" alt=\"Cargando ...\" title=\"Cargando ...\" class=\"wp-polls-image lazyload\" src=\"data:image\/svg+xml;base64,PHN2ZyB3aWR0aD0iMSIgaGVpZ2h0PSIxIiB4bWxucz0iaHR0cDovL3d3dy53My5vcmcvMjAwMC9zdmciPjwvc3ZnPg==\" style=\"--smush-placeholder-width: 16px; --smush-placeholder-aspect-ratio: 16\/16;\" \/>&nbsp;Cargando ...<\/div>\n\n","protected":false},"excerpt":{"rendered":"<p>Ahora que la tragedia de los incendios ha quedado atr\u00e1s \u2014y con ella, en buena medida, las pasiones que desatan\u2014 es el momento de mirar de frente la realidad: Espa\u00f1a es un estado fallido en materia de incendios forestales. El problema central que vivimos hoy es doble. Primero, la situaci\u00f3n de nuestros bosques y, en una perspectiva m\u00e1s amplia, del medio rural. Segundo, un fallo garrafal en la concepci\u00f3n de la extinci\u00f3n ante fuegos que, por condiciones materiales cada vez m\u00e1s adversas, se convierten en fen\u00f3menos virulentos. El Gobierno presume de m\u00e1s aviones y m\u00e1s de todo que nadie; precisamente por eso demuestra que emplea mal los recursos: tanta potencia para mantener una estrategia equivocada. Si no se abordan de inmediato estas dos cuestiones, la realidad rural-forestal y la revisi\u00f3n de arriba abajo del modelo de lucha contra el fuego. \u201cIncendios provocados\u201d ha habido siempre; lo nuevo es que hoy las condiciones para su explosividad son mejores. Y \u201choy\u201d no es solo este verano: hablamos, como m\u00ednimo, de los \u00faltimos siete a\u00f1os, el periodo en que gobierna Pedro S\u00e1nchez. Si tras unos 2.600 d\u00edas al frente del pa\u00eds descubre que necesita un \u201cpacto de Estado\u201d para que no se quemen los bosques, lo que queda probado es la ineptitud del presidente y de su equipo, ministros incluidos. Un Estado rico que no llega Espa\u00f1a presenta una paradoja poco frecuente en Europa: es un Estado \u201crico\u201d en recursos y pobre en resultados. Recauda como nunca \u2014a costa de una cu\u00f1a fiscal asfixiante, por encima de la media europea\u2014 y ha gestionado los millonarios fondos Next Generation, una lluvia de dinero comparable, en poder equivalente, a la que Alemania recibi\u00f3 con el Plan Marshall. \u00bfPara qu\u00e9? Para exhibir una inoperancia clamorosa en situaciones cr\u00edticas. Sucedi\u00f3 con la DANA en Valencia y con su reconstrucci\u00f3n: respuesta tard\u00eda, insuficiente y sin asumir la funci\u00f3n principal del Estado, la de cargar con la responsabilidad cuando el da\u00f1o supera las posibilidades de comunidades y municipios. Con excepciones hist\u00f3ricas de financiaci\u00f3n como Pa\u00eds Vasco, Navarra y, dentro del r\u00e9gimen com\u00fan, Cantabria, el resto navega en precariedad. En la Comunidad Valenciana, la insuficiencia es brutal y acumulada. La cuesti\u00f3n se repite ahora con los incendios, a escala mayor. Con frentes simult\u00e1neos en al menos ocho provincias y comunidades como Extremadura, Castilla y Le\u00f3n, Galicia y Valencia, el Gobierno estuvo ausente: sin prevenci\u00f3n a pesar de previsiones meteorol\u00f3gicas adversas, y sin acci\u00f3n a la altura de un Estado. Se refugi\u00f3 tras la UME, \u00fatil, pero manifiestamente insuficiente cuando la simultaneidad multiplica los focos. Pol\u00edtica antes que pa\u00eds \u00bfQu\u00e9 pueden hacer medios auton\u00f3micos, por muy dignos que sean, ante frentes de 20 o 30 kil\u00f3metros azuzados por calor, viento y sequedad extrema? El Estado jug\u00f3 al pasotismo por dos razones que se retroalimentan: una, el poder territorial del PP, que convierte a los ciudadanos en \u201csuyos\u201d y \u201cnuestros\u201d; dos, la ausencia de previsi\u00f3n y recursos estatales para emergencias de este calado. Las instituciones llamadas a prevenir y coordinar fallaron antes y durante la DANA \u2014caso del barranco del Poyo\u2014 y ahora lo multiplican con los incendios. Esto no quita la responsabilidad de los gobiernos aut\u00f3nomos; es una evidencia que no se puede tener un buen sistema de prevenci\u00f3n y lucha, con contratas de personal a terceros en verano. Parecer\u00eda escandaloso si se tratara de la polic\u00eda; lo es en el caso de los bomberos. Sin un cuerpo permanente de estos y sin una guarder\u00eda forestal adecuada, no hay soluci\u00f3n, como no la hay sin control del territorio, que en Catalu\u00f1a, por ejemplo, proporcionan las Agrupaciones de Defensa Forestal (ADF). La pregunta primera es que se debe hacer y la segunda que se necesita para hacerlo. Y a partir de ah\u00ed y en lo que falte reclamarlo al gobierno del estado. Pero ahora, no cuando todo arde, porque llegar\u00e1 tarde y\u00a0 ser\u00e1 insuficiente. La impunidad del error Todo esto es hija directa de la COVID-19. La gesti\u00f3n fue de las peores de Europa si se ponderan muertes y ruina econ\u00f3mica. Jam\u00e1s se rindieron cuentas ni se sometieron los errores a examen. Al contrario: uno de los m\u00e1ximos responsables, Salvador Illa, fue ascendido en el podio por la alquimia entre directriz pol\u00edtica y poder medi\u00e1tico. La oposici\u00f3n del PP tampoco quiso abrir esa caja: tambi\u00e9n le salpicar\u00eda. Muerto el esc\u00e1ndalo, muerto el perro. Pero la falla del Estado no ha desaparecido: se ha enquistado y reaparece cuando hay ocasi\u00f3n, cuando hay cat\u00e1strofes. Mientras tanto, la met\u00e1stasis sigue: el desorden cr\u00f3nico de RENFE; la quiebra del deber estatal de gestionar la inmigraci\u00f3n con criterios de bien com\u00fan; la impotencia, disfrazada de \u201cacogida solidaria\u201d, que se traduce en hostilidad contra quien se\u00f1ale el problema. En esta \u00faltima materia, VOX cumple su funci\u00f3n de ariete ret\u00f3rico: su agresividad e incontinencia regalan coartadas al Gobierno. \u00bfHace falta un ejemplo del nivel de ineptitud? La incapacidad para trasladar desde Canarias a la pen\u00ednsula a unos pocos cientos de menores inmigrantes. Si el Estado no resuelve eso, \u00bfen qu\u00e9 podemos confiar cuando lleguen problemas mayores? Y vendr\u00e1n: criminalidad organizada, presi\u00f3n migratoria masiva y sostenida, una econom\u00eda de baja productividad a pesar del diluvio de dinero p\u00fablico, grietas en autopistas y ferrocarriles, da\u00f1os clim\u00e1ticos en cadena\u2026 y, por supuesto, cisnes negros. El n\u00facleo del desastre Espa\u00f1a no est\u00e1 preparada para los incendios forestales, y menos para los grandes: aquellos que superan las 500\u20131.000 hect\u00e1reas y cada vez destruyen m\u00e1s viviendas y da\u00f1an m\u00e1s poblaciones. Falta visi\u00f3n pol\u00edtica sobre la magnitud del problema \u2014antes se atenuaba porque no todos los veranos ten\u00edan el mismo riesgo; eso ya es historia\u2014 y falta estrategia: qu\u00e9 hacer, c\u00f3mo y cu\u00e1ndo. La \u201ctransici\u00f3n ecol\u00f3gica\u201d dise\u00f1ada por urbanitas dogm\u00e1ticos ignora efectos colaterales como la erosi\u00f3n silenciosa y catastr\u00f3fica del suelo f\u00e9rtil, un patrimonio que se pierde sin ruido. Quiz\u00e1 con la \u00fanica excepci\u00f3n parcial de Catalu\u00f1a \u2014que ha avanzado en prevenci\u00f3n, pero carece de respuesta para megaincendios\u2014 Espa\u00f1a vive a merced de la meteorolog\u00eda. Las autonom\u00edas no disponen de medios ni financiaci\u00f3n para este&#8230;<\/p>\n","protected":false},"author":19,"featured_media":91692,"comment_status":"open","ping_status":"open","sticky":false,"template":"","format":"standard","meta":{"_FSMCFIC_featured_image_caption":"","_FSMCFIC_featured_image_nocaption":"","_FSMCFIC_featured_image_hide":"","footnotes":""},"categories":[806],"tags":[1429],"class_list":["post-91690","post","type-post","status-publish","format-standard","has-post-thumbnail","hentry","category-punts-claus-del-dia-es","tag-incendios"],"yoast_head":"<!-- This site is optimized with the Yoast SEO plugin v26.8 - https:\/\/yoast.com\/product\/yoast-seo-wordpress\/ -->\n<title>Espa\u00f1a, un Estado fallido ante la gesti\u00f3n del fuego y el medio rural<\/title>\n<meta name=\"description\" content=\"Incendios forestales en Espa\u00f1a: un Estado fallido ante la gesti\u00f3n del fuego y el medio rural. Sin estrategia forestal, sin prevenci\u00f3n.\" \/>\n<meta name=\"robots\" content=\"index, follow, max-snippet:-1, max-image-preview:large, max-video-preview:-1\" \/>\n<link rel=\"canonical\" href=\"https:\/\/conversesacatalunya.cat\/es\/bosques-incendios-y-politica\/\" \/>\n<meta property=\"og:locale\" content=\"es_ES\" \/>\n<meta property=\"og:type\" content=\"article\" \/>\n<meta property=\"og:title\" content=\"Espa\u00f1a, un Estado fallido ante la gesti\u00f3n del fuego y el medio rural\" \/>\n<meta property=\"og:description\" content=\"Incendios forestales en Espa\u00f1a: un Estado fallido ante la gesti\u00f3n del fuego y el medio rural. Sin estrategia forestal, sin prevenci\u00f3n.\" \/>\n<meta property=\"og:url\" content=\"https:\/\/conversesacatalunya.cat\/es\/bosques-incendios-y-politica\/\" \/>\n<meta property=\"og:site_name\" content=\"Converses a Catalunya\" \/>\n<meta property=\"article:published_time\" content=\"2025-09-10T07:23:44+00:00\" \/>\n<meta property=\"article:modified_time\" content=\"2025-09-10T07:54:51+00:00\" \/>\n<meta property=\"og:image\" content=\"https:\/\/conversesacatalunya.cat\/wp-content\/uploads\/2025\/09\/Captura-3.jpg\" \/>\n\t<meta property=\"og:image:width\" content=\"500\" \/>\n\t<meta property=\"og:image:height\" content=\"408\" \/>\n\t<meta property=\"og:image:type\" content=\"image\/jpeg\" \/>\n<meta name=\"author\" content=\"Josep Mir\u00f3 i Ard\u00e8vol\" \/>\n<meta name=\"twitter:card\" content=\"summary_large_image\" \/>\n<meta name=\"twitter:label1\" content=\"Escrito por\" \/>\n\t<meta name=\"twitter:data1\" content=\"Josep Mir\u00f3 i Ard\u00e8vol\" \/>\n\t<meta name=\"twitter:label2\" content=\"Tiempo de lectura\" \/>\n\t<meta name=\"twitter:data2\" content=\"7 minutos\" \/>\n<script type=\"application\/ld+json\" class=\"yoast-schema-graph\">{\"@context\":\"https:\/\/schema.org\",\"@graph\":[{\"@type\":\"Article\",\"@id\":\"https:\/\/conversesacatalunya.cat\/es\/bosques-incendios-y-politica\/#article\",\"isPartOf\":{\"@id\":\"https:\/\/conversesacatalunya.cat\/es\/bosques-incendios-y-politica\/\"},\"author\":{\"name\":\"Josep Mir\u00f3 i Ard\u00e8vol\",\"@id\":\"https:\/\/conversesacatalunya.cat\/#\/schema\/person\/a9598a6786ba7d3d1c5e0de477b79370\"},\"headline\":\"Un Estado que es humo: bosques, incendios y pol\u00edtica\",\"datePublished\":\"2025-09-10T07:23:44+00:00\",\"dateModified\":\"2025-09-10T07:54:51+00:00\",\"mainEntityOfPage\":{\"@id\":\"https:\/\/conversesacatalunya.cat\/es\/bosques-incendios-y-politica\/\"},\"wordCount\":1430,\"commentCount\":0,\"image\":{\"@id\":\"https:\/\/conversesacatalunya.cat\/es\/bosques-incendios-y-politica\/#primaryimage\"},\"thumbnailUrl\":\"https:\/\/conversesacatalunya.cat\/wp-content\/uploads\/2025\/09\/Captura-3.jpg\",\"keywords\":[\"incendios\"],\"articleSection\":[\"Punts clau del dia (ES)\"],\"inLanguage\":\"es\",\"potentialAction\":[{\"@type\":\"CommentAction\",\"name\":\"Comment\",\"target\":[\"https:\/\/conversesacatalunya.cat\/es\/bosques-incendios-y-politica\/#respond\"]}]},{\"@type\":\"WebPage\",\"@id\":\"https:\/\/conversesacatalunya.cat\/es\/bosques-incendios-y-politica\/\",\"url\":\"https:\/\/conversesacatalunya.cat\/es\/bosques-incendios-y-politica\/\",\"name\":\"Espa\u00f1a, un Estado fallido ante la gesti\u00f3n del fuego y el medio rural\",\"isPartOf\":{\"@id\":\"https:\/\/conversesacatalunya.cat\/#website\"},\"primaryImageOfPage\":{\"@id\":\"https:\/\/conversesacatalunya.cat\/es\/bosques-incendios-y-politica\/#primaryimage\"},\"image\":{\"@id\":\"https:\/\/conversesacatalunya.cat\/es\/bosques-incendios-y-politica\/#primaryimage\"},\"thumbnailUrl\":\"https:\/\/conversesacatalunya.cat\/wp-content\/uploads\/2025\/09\/Captura-3.jpg\",\"datePublished\":\"2025-09-10T07:23:44+00:00\",\"dateModified\":\"2025-09-10T07:54:51+00:00\",\"author\":{\"@id\":\"https:\/\/conversesacatalunya.cat\/#\/schema\/person\/a9598a6786ba7d3d1c5e0de477b79370\"},\"description\":\"Incendios forestales en Espa\u00f1a: un Estado fallido ante la gesti\u00f3n del fuego y el medio rural. Sin estrategia forestal, sin prevenci\u00f3n.\",\"breadcrumb\":{\"@id\":\"https:\/\/conversesacatalunya.cat\/es\/bosques-incendios-y-politica\/#breadcrumb\"},\"inLanguage\":\"es\",\"potentialAction\":[{\"@type\":\"ReadAction\",\"target\":[\"https:\/\/conversesacatalunya.cat\/es\/bosques-incendios-y-politica\/\"]}]},{\"@type\":\"ImageObject\",\"inLanguage\":\"es\",\"@id\":\"https:\/\/conversesacatalunya.cat\/es\/bosques-incendios-y-politica\/#primaryimage\",\"url\":\"https:\/\/conversesacatalunya.cat\/wp-content\/uploads\/2025\/09\/Captura-3.jpg\",\"contentUrl\":\"https:\/\/conversesacatalunya.cat\/wp-content\/uploads\/2025\/09\/Captura-3.jpg\",\"width\":500,\"height\":408,\"caption\":\"Gesti\u00f3n del fuego\"},{\"@type\":\"BreadcrumbList\",\"@id\":\"https:\/\/conversesacatalunya.cat\/es\/bosques-incendios-y-politica\/#breadcrumb\",\"itemListElement\":[{\"@type\":\"ListItem\",\"position\":1,\"name\":\"Inici\",\"item\":\"https:\/\/conversesacatalunya.cat\/es\/\"},{\"@type\":\"ListItem\",\"position\":2,\"name\":\"Un Estado que es humo: bosques, incendios y pol\u00edtica\"}]},{\"@type\":\"WebSite\",\"@id\":\"https:\/\/conversesacatalunya.cat\/#website\",\"url\":\"https:\/\/conversesacatalunya.cat\/\",\"name\":\"Converses a Catalunya\",\"description\":\"\",\"potentialAction\":[{\"@type\":\"SearchAction\",\"target\":{\"@type\":\"EntryPoint\",\"urlTemplate\":\"https:\/\/conversesacatalunya.cat\/?s={search_term_string}\"},\"query-input\":{\"@type\":\"PropertyValueSpecification\",\"valueRequired\":true,\"valueName\":\"search_term_string\"}}],\"inLanguage\":\"es\"},{\"@type\":\"Person\",\"@id\":\"https:\/\/conversesacatalunya.cat\/#\/schema\/person\/a9598a6786ba7d3d1c5e0de477b79370\",\"name\":\"Josep Mir\u00f3 i Ard\u00e8vol\",\"image\":{\"@type\":\"ImageObject\",\"inLanguage\":\"es\",\"@id\":\"https:\/\/conversesacatalunya.cat\/#\/schema\/person\/image\/\",\"url\":\"https:\/\/conversesacatalunya.cat\/wp-content\/litespeed\/avatar\/c37e3dc881857483d6694cdf98fdedea.jpg?ver=1777270381\",\"contentUrl\":\"https:\/\/conversesacatalunya.cat\/wp-content\/litespeed\/avatar\/c37e3dc881857483d6694cdf98fdedea.jpg?ver=1777270381\",\"caption\":\"Josep Mir\u00f3 i Ard\u00e8vol\"},\"url\":\"https:\/\/conversesacatalunya.cat\/es\/author\/josep-miro-i-ardevol\/\"}]}<\/script>\n<!-- \/ Yoast SEO plugin. -->","yoast_head_json":{"title":"Espa\u00f1a, un Estado fallido ante la gesti\u00f3n del fuego y el medio rural","description":"Incendios forestales en Espa\u00f1a: un Estado fallido ante la gesti\u00f3n del fuego y el medio rural. Sin estrategia forestal, sin prevenci\u00f3n.","robots":{"index":"index","follow":"follow","max-snippet":"max-snippet:-1","max-image-preview":"max-image-preview:large","max-video-preview":"max-video-preview:-1"},"canonical":"https:\/\/conversesacatalunya.cat\/es\/bosques-incendios-y-politica\/","og_locale":"es_ES","og_type":"article","og_title":"Espa\u00f1a, un Estado fallido ante la gesti\u00f3n del fuego y el medio rural","og_description":"Incendios forestales en Espa\u00f1a: un Estado fallido ante la gesti\u00f3n del fuego y el medio rural. Sin estrategia forestal, sin prevenci\u00f3n.","og_url":"https:\/\/conversesacatalunya.cat\/es\/bosques-incendios-y-politica\/","og_site_name":"Converses a Catalunya","article_published_time":"2025-09-10T07:23:44+00:00","article_modified_time":"2025-09-10T07:54:51+00:00","og_image":[{"width":500,"height":408,"url":"https:\/\/conversesacatalunya.cat\/wp-content\/uploads\/2025\/09\/Captura-3.jpg","type":"image\/jpeg"}],"author":"Josep Mir\u00f3 i Ard\u00e8vol","twitter_card":"summary_large_image","twitter_misc":{"Escrito por":"Josep Mir\u00f3 i Ard\u00e8vol","Tiempo de lectura":"7 minutos"},"schema":{"@context":"https:\/\/schema.org","@graph":[{"@type":"Article","@id":"https:\/\/conversesacatalunya.cat\/es\/bosques-incendios-y-politica\/#article","isPartOf":{"@id":"https:\/\/conversesacatalunya.cat\/es\/bosques-incendios-y-politica\/"},"author":{"name":"Josep Mir\u00f3 i Ard\u00e8vol","@id":"https:\/\/conversesacatalunya.cat\/#\/schema\/person\/a9598a6786ba7d3d1c5e0de477b79370"},"headline":"Un Estado que es humo: bosques, incendios y pol\u00edtica","datePublished":"2025-09-10T07:23:44+00:00","dateModified":"2025-09-10T07:54:51+00:00","mainEntityOfPage":{"@id":"https:\/\/conversesacatalunya.cat\/es\/bosques-incendios-y-politica\/"},"wordCount":1430,"commentCount":0,"image":{"@id":"https:\/\/conversesacatalunya.cat\/es\/bosques-incendios-y-politica\/#primaryimage"},"thumbnailUrl":"https:\/\/conversesacatalunya.cat\/wp-content\/uploads\/2025\/09\/Captura-3.jpg","keywords":["incendios"],"articleSection":["Punts clau del dia (ES)"],"inLanguage":"es","potentialAction":[{"@type":"CommentAction","name":"Comment","target":["https:\/\/conversesacatalunya.cat\/es\/bosques-incendios-y-politica\/#respond"]}]},{"@type":"WebPage","@id":"https:\/\/conversesacatalunya.cat\/es\/bosques-incendios-y-politica\/","url":"https:\/\/conversesacatalunya.cat\/es\/bosques-incendios-y-politica\/","name":"Espa\u00f1a, un Estado fallido ante la gesti\u00f3n del fuego y el medio rural","isPartOf":{"@id":"https:\/\/conversesacatalunya.cat\/#website"},"primaryImageOfPage":{"@id":"https:\/\/conversesacatalunya.cat\/es\/bosques-incendios-y-politica\/#primaryimage"},"image":{"@id":"https:\/\/conversesacatalunya.cat\/es\/bosques-incendios-y-politica\/#primaryimage"},"thumbnailUrl":"https:\/\/conversesacatalunya.cat\/wp-content\/uploads\/2025\/09\/Captura-3.jpg","datePublished":"2025-09-10T07:23:44+00:00","dateModified":"2025-09-10T07:54:51+00:00","author":{"@id":"https:\/\/conversesacatalunya.cat\/#\/schema\/person\/a9598a6786ba7d3d1c5e0de477b79370"},"description":"Incendios forestales en Espa\u00f1a: un Estado fallido ante la gesti\u00f3n del fuego y el medio rural. Sin estrategia forestal, sin prevenci\u00f3n.","breadcrumb":{"@id":"https:\/\/conversesacatalunya.cat\/es\/bosques-incendios-y-politica\/#breadcrumb"},"inLanguage":"es","potentialAction":[{"@type":"ReadAction","target":["https:\/\/conversesacatalunya.cat\/es\/bosques-incendios-y-politica\/"]}]},{"@type":"ImageObject","inLanguage":"es","@id":"https:\/\/conversesacatalunya.cat\/es\/bosques-incendios-y-politica\/#primaryimage","url":"https:\/\/conversesacatalunya.cat\/wp-content\/uploads\/2025\/09\/Captura-3.jpg","contentUrl":"https:\/\/conversesacatalunya.cat\/wp-content\/uploads\/2025\/09\/Captura-3.jpg","width":500,"height":408,"caption":"Gesti\u00f3n del fuego"},{"@type":"BreadcrumbList","@id":"https:\/\/conversesacatalunya.cat\/es\/bosques-incendios-y-politica\/#breadcrumb","itemListElement":[{"@type":"ListItem","position":1,"name":"Inici","item":"https:\/\/conversesacatalunya.cat\/es\/"},{"@type":"ListItem","position":2,"name":"Un Estado que es humo: bosques, incendios y pol\u00edtica"}]},{"@type":"WebSite","@id":"https:\/\/conversesacatalunya.cat\/#website","url":"https:\/\/conversesacatalunya.cat\/","name":"Converses a Catalunya","description":"","potentialAction":[{"@type":"SearchAction","target":{"@type":"EntryPoint","urlTemplate":"https:\/\/conversesacatalunya.cat\/?s={search_term_string}"},"query-input":{"@type":"PropertyValueSpecification","valueRequired":true,"valueName":"search_term_string"}}],"inLanguage":"es"},{"@type":"Person","@id":"https:\/\/conversesacatalunya.cat\/#\/schema\/person\/a9598a6786ba7d3d1c5e0de477b79370","name":"Josep Mir\u00f3 i Ard\u00e8vol","image":{"@type":"ImageObject","inLanguage":"es","@id":"https:\/\/conversesacatalunya.cat\/#\/schema\/person\/image\/","url":"https:\/\/conversesacatalunya.cat\/wp-content\/litespeed\/avatar\/c37e3dc881857483d6694cdf98fdedea.jpg?ver=1777270381","contentUrl":"https:\/\/conversesacatalunya.cat\/wp-content\/litespeed\/avatar\/c37e3dc881857483d6694cdf98fdedea.jpg?ver=1777270381","caption":"Josep Mir\u00f3 i Ard\u00e8vol"},"url":"https:\/\/conversesacatalunya.cat\/es\/author\/josep-miro-i-ardevol\/"}]}},"wps_subtitle":"","_links":{"self":[{"href":"https:\/\/conversesacatalunya.cat\/es\/wp-json\/wp\/v2\/posts\/91690","targetHints":{"allow":["GET"]}}],"collection":[{"href":"https:\/\/conversesacatalunya.cat\/es\/wp-json\/wp\/v2\/posts"}],"about":[{"href":"https:\/\/conversesacatalunya.cat\/es\/wp-json\/wp\/v2\/types\/post"}],"author":[{"embeddable":true,"href":"https:\/\/conversesacatalunya.cat\/es\/wp-json\/wp\/v2\/users\/19"}],"replies":[{"embeddable":true,"href":"https:\/\/conversesacatalunya.cat\/es\/wp-json\/wp\/v2\/comments?post=91690"}],"version-history":[{"count":8,"href":"https:\/\/conversesacatalunya.cat\/es\/wp-json\/wp\/v2\/posts\/91690\/revisions"}],"predecessor-version":[{"id":91719,"href":"https:\/\/conversesacatalunya.cat\/es\/wp-json\/wp\/v2\/posts\/91690\/revisions\/91719"}],"wp:featuredmedia":[{"embeddable":true,"href":"https:\/\/conversesacatalunya.cat\/es\/wp-json\/wp\/v2\/media\/91692"}],"wp:attachment":[{"href":"https:\/\/conversesacatalunya.cat\/es\/wp-json\/wp\/v2\/media?parent=91690"}],"wp:term":[{"taxonomy":"category","embeddable":true,"href":"https:\/\/conversesacatalunya.cat\/es\/wp-json\/wp\/v2\/categories?post=91690"},{"taxonomy":"post_tag","embeddable":true,"href":"https:\/\/conversesacatalunya.cat\/es\/wp-json\/wp\/v2\/tags?post=91690"}],"curies":[{"name":"wp","href":"https:\/\/api.w.org\/{rel}","templated":true}]}}