{"id":91665,"date":"2025-09-09T08:30:31","date_gmt":"2025-09-09T06:30:31","guid":{"rendered":"https:\/\/conversesacatalunya.cat\/?p=91665"},"modified":"2025-09-09T08:49:28","modified_gmt":"2025-09-09T06:49:28","slug":"europeos-defensa-comun","status":"publish","type":"post","link":"https:\/\/conversesacatalunya.cat\/es\/europeos-defensa-comun\/","title":{"rendered":"Encuestas: los europeos quieren una defensa com\u00fan"},"content":{"rendered":"<p><span dir=\"auto\">La cr\u00edtica fundamental de los partidos euroesc\u00e9pticos ha sido, y sigue siendo, que la UE es un proyecto elitista, y que las decisiones de Bruselas son tomadas a trav\u00e9s de procesos opacos que van corroyendo poco a poco la soberan\u00eda nacional, donde reside la legitimidad democr\u00e1tica.<\/span><\/p>\n<p><span dir=\"auto\">Sin embargo, existe un \u00e1mbito en el que los resultados de las encuestas son tan marcados que no dejan demasiado espacio a dudas:<span>\u00a0<\/span><\/span><strong><span dir=\"auto\">los europeos est\u00e1n masivamente a favor de una defensa com\u00fan<\/span><\/strong><span dir=\"auto\"><span>\u00a0<\/span>.<\/span><\/p>\n<p><span dir=\"auto\">En la<span>\u00a0<\/span><\/span><a href=\"https:\/\/europa.eu\/eurobarometer\/surveys\/detail\/3372\" target=\"_blank\" rel=\"noopener\"><strong><span dir=\"auto\">encuesta<\/span><\/strong><\/a><span dir=\"auto\"><span>\u00a0<\/span>del euro-bar\u00f3metro de la primavera de 2025,<span>\u00a0<\/span><\/span><strong><span dir=\"auto\">el 81% de los europeos se declaraba a favor de una pol\u00edtica de defensa y seguridad com\u00fan<\/span><\/strong><span dir=\"auto\"><span>,<\/span> mientras que tan solo un 15% se opon\u00eda.<\/span><\/p>\n<p><span dir=\"auto\"><span class=\"VIpgJd-yAWNEb-VIpgJd-fmcmS-sn54Q\" dir=\"auto\">Se trata del porcentaje m\u00e1s elevado desde 2004, si bien el resultado siempre se ha situado por encima del 70%,<span>\u00a0<\/span><\/span><\/span><strong><span dir=\"auto\"><span class=\"VIpgJd-yAWNEb-VIpgJd-fmcmS-sn54Q\" dir=\"auto\">haciendo de la defensa una de las escas\u00edsimas \u00e1reas en las que los europeos han pedido una mayor integraci\u00f3n de forma consistente<\/span><\/span><\/strong><span dir=\"auto\"><span class=\"VIpgJd-yAWNEb-VIpgJd-fmcmS-sn54Q\" dir=\"auto\"><span>.<\/span>\u00a0Las progresiones han sido notables desde 2011 en pa\u00edses como Suecia e Irlanda (+27 puntos porcentuales), Finlandia (+24) y Dinamarca (+17).<\/span><\/span><\/p>\n<p><span dir=\"auto\"><span class=\"VIpgJd-yAWNEb-VIpgJd-fmcmS-sn54Q\" dir=\"auto\">Curiosamente, el detonante del \u00faltimo incremento entre los encuestados no se produjo inmediatamente despu\u00e9s de la invasi\u00f3n rusa de Ucrania, sino con el<span>\u00a0<\/span><\/span><\/span><strong><span dir=\"auto\"><span class=\"VIpgJd-yAWNEb-VIpgJd-fmcmS-sn54Q\" dir=\"auto\">regreso de Donald Trump a la Casa Blanca<\/span><\/span><\/strong><span dir=\"auto\"><span class=\"VIpgJd-yAWNEb-VIpgJd-fmcmS-sn54Q\" dir=\"auto\"><span>.<\/span><\/span><\/span><\/p>\n<p><span dir=\"auto\"><span class=\"VIpgJd-yAWNEb-VIpgJd-fmcmS-sn54Q\" dir=\"auto\">En otro<span>\u00a0<\/span><\/span><\/span><a href=\"https:\/\/legrandcontinent.eu\/fr\/2025\/03\/20\/les-europeens-face-a-la-guerre-et-trump-10-points-sur-un-sondage-exclusif\/\" target=\"_blank\" rel=\"noopener\"><span dir=\"auto\"><span class=\"VIpgJd-yAWNEb-VIpgJd-fmcmS-sn54Q\" dir=\"auto\">sondeo<\/span><\/span><\/a><span dir=\"auto\"><span class=\"VIpgJd-yAWNEb-VIpgJd-fmcmS-sn54Q\" dir=\"auto\"><span>,<\/span> llevado a cabo en los nueve principales pa\u00edses europeos, los resultados fueron a\u00fan m\u00e1s sorprendentes: el 70% de los encuestados estimaron que la Uni\u00f3n Europea solo puede contar con sus propias fuerzas para garantizar su defensa, y el 60% declar\u00f3 que la mejor soluci\u00f3n para asegurar la defensa de su pa\u00eds consiste en un<span>\u00a0<\/span><\/span><\/span><a href=\"https:\/\/conversesacatalunya.cat\/exercit-europeu-interessos-identitat-comuns-lautonomia-estrategica-ue\/\" target=\"_blank\" rel=\"noopener\"><strong><span dir=\"auto\"><span class=\"VIpgJd-yAWNEb-VIpgJd-fmcmS-sn54Q\" dir=\"auto\">ej\u00e9rcito com\u00fan europeo<\/span><\/span><\/strong><\/a><span dir=\"auto\"><span class=\"VIpgJd-yAWNEb-VIpgJd-fmcmS-sn54Q\" dir=\"auto\"><span>.<\/span><\/span><\/span><\/p>\n<p><span dir=\"auto\"><span class=\"VIpgJd-yAWNEb-VIpgJd-fmcmS-sn54Q\" dir=\"auto\">Incluso en pa\u00edses tradicionalmente reacios a Bruselas, como<span>\u00a0<\/span><\/span><\/span><strong><span dir=\"auto\"><span class=\"VIpgJd-yAWNEb-VIpgJd-fmcmS-sn54Q\" dir=\"auto\">Polonia<\/span><\/span><\/strong><span dir=\"auto\"><span class=\"VIpgJd-yAWNEb-VIpgJd-fmcmS-sn54Q\" dir=\"auto\"><span>,<\/span> la idea de las fuerzas armadas europeas se impon\u00eda como primera opci\u00f3n (37%) frente a las alternativas de una defensa \u00fanicamente nacional (24%) o a trav\u00e9s de la OTAN (29%).<\/span><\/span><\/p>\n<p><span dir=\"auto\"><span class=\"VIpgJd-yAWNEb-VIpgJd-fmcmS-sn54Q\" dir=\"auto\">Sin embargo, los europeos expresan<span>\u00a0<\/span><\/span><\/span><strong><span dir=\"auto\"><span class=\"VIpgJd-yAWNEb-VIpgJd-fmcmS-sn54Q\" dir=\"auto\">serias dudas respecto a la capacidad de las instituciones europeas<\/span><\/span><\/strong><span dir=\"auto\"><span class=\"VIpgJd-yAWNEb-VIpgJd-fmcmS-sn54Q\" dir=\"auto\"><span>\u00a0<\/span>actuales para actuar con decisi\u00f3n y, seg\u00fan una tercera<span>\u00a0<\/span><\/span><\/span><a href=\"https:\/\/ecfr.eu\/publication\/trumps-european-revolution\/\" target=\"_blank\" rel=\"noopener\"><span dir=\"auto\"><span class=\"VIpgJd-yAWNEb-VIpgJd-fmcmS-sn54Q\" dir=\"auto\">encuesta<\/span><\/span><\/a><span dir=\"auto\"><span class=\"VIpgJd-yAWNEb-VIpgJd-fmcmS-sn54Q\" dir=\"auto\"><span>,<\/span>\u00a0en todos los pa\u00edses excepto en Dinamarca, la mayor\u00eda de encuestados afirmaba que Europa no podr\u00e1 competir econ\u00f3micamente contra China y Estados Unidos en los pr\u00f3ximos a\u00f1os.<\/span><\/span><\/p>\n<div class=\"sidebar-grid__container\">\n<div class=\"sidebar-grid__content article__content\">\n<p><span dir=\"auto\"><span class=\"\" dir=\"auto\">Es decir, los europeos piden mucho m\u00e1s en materia de defensa com\u00fan, pero desconf\u00edan de la capacidad de gobierno de sus l\u00edderes para conseguirlo. En este \u00e1mbito tan concreto, pero que<span>\u00a0<\/span><\/span><\/span><strong><span dir=\"auto\"><span class=\"\" dir=\"auto\">coincide parad\u00f3jicamente con la funci\u00f3n m\u00e1s primaria del estado moderno<\/span><\/span><\/strong><span dir=\"auto\"><span class=\"\" dir=\"auto\"><span>,<\/span>\u00a0quien est\u00e1 empujando hacia adelante el proceso de construcci\u00f3n europea no son las \u00e9lites sino las bases.<\/span><\/span><\/p>\n<\/div>\n<p><span>El problema es que lo que la ciudadan\u00eda pide requiere una voluntad pol\u00edtica monstruosamente exigente, lejos de las capacidades que manifiestan los l\u00edderes actuales tanto en las capitales nacionales como en Bruselas.<\/span><\/p>\n<span class='bctt-click-to-tweet'><span class='bctt-ctt-text'><a href='https:\/\/twitter.com\/intent\/tweet?url=https%3A%2F%2Fconversesacatalunya.cat%2Fes%2Feuropeos-defensa-comun%2F&#038;text=Los%20resultados%20de%20las%20encuestas%20no%20dejan%20demasiado%20espacio%20a%20dudas%3A%20los%20europeos%20est%C3%A1n%20masivamente%20a%20favor%20de%20una%20defensa%20com%C3%BAn%20europea.&#038;via=conversesacat&#038;related=conversesacat' target='_blank'rel=\"noopener noreferrer\">Los resultados de las encuestas no dejan demasiado espacio a dudas: los europeos est\u00e1n masivamente a favor de una defensa com\u00fan europea. <\/a><\/span><a href='https:\/\/twitter.com\/intent\/tweet?url=https%3A%2F%2Fconversesacatalunya.cat%2Fes%2Feuropeos-defensa-comun%2F&#038;text=Los%20resultados%20de%20las%20encuestas%20no%20dejan%20demasiado%20espacio%20a%20dudas%3A%20los%20europeos%20est%C3%A1n%20masivamente%20a%20favor%20de%20una%20defensa%20com%C3%BAn%20europea.&#038;via=conversesacat&#038;related=conversesacat' target='_blank' class='bctt-ctt-btn'rel=\"noopener noreferrer\">Compartir en X<\/a><\/span>\n<div id=\"polls-295\" class=\"wp-polls\">\n\t<form id=\"polls_form_295\" class=\"wp-polls-form\" action=\"\/index.php\" method=\"post\">\n\t\t<p style=\"display: none;\"><input type=\"hidden\" id=\"poll_295_nonce\" name=\"wp-polls-nonce\" value=\"ff4335d5d9\" \/><\/p>\n\t\t<p style=\"display: none;\"><input type=\"hidden\" name=\"poll_id\" value=\"295\" \/><\/p>\n\t\t<p style=\"text-align: center\"><strong>El president Illa, en una recent entrevista a La Vanguardia ha reivindicat com a positiu l'elevada pressi\u00f3 fiscal de Catalunya. Comparteixes aquest punt de vista?<\/strong><\/p><div id=\"polls-295-ans\" class=\"wp-polls-ans\"><ul class=\"wp-polls-ul\">\n\t\t<li><input type=\"radio\" id=\"poll-answer-842\" name=\"poll_295\" value=\"842\" \/> <label for=\"poll-answer-842\">S\u00ed<\/label><\/li>\n\t\t<li><input type=\"radio\" id=\"poll-answer-843\" name=\"poll_295\" value=\"843\" \/> <label for=\"poll-answer-843\">No<\/label><\/li>\n\t\t<li><input type=\"radio\" id=\"poll-answer-844\" name=\"poll_295\" value=\"844\" \/> <label for=\"poll-answer-844\">No ho s\u00e9<\/label><\/li>\n\t\t<\/ul><p style=\"text-align: center\"><input type=\"button\" name=\"vote\" value=\"   Vota   \" class=\"Buttons\" onclick=\"poll_vote(295);\" \/><\/p><p style=\"text-align: center\"><a href=\"#ViewPollResults\" onclick=\"poll_result(295); return false;\" title=\"View Results Of This Poll\">Mira els resultats<\/a><\/p><\/div>\n\t<\/form>\n<\/div>\n<div id=\"polls-295-loading\" class=\"wp-polls-loading\"><img decoding=\"async\" data-src=\"https:\/\/conversesacatalunya.cat\/wp-content\/plugins\/wp-polls\/images\/loading.gif\" width=\"16\" height=\"16\" alt=\"Cargando ...\" title=\"Cargando ...\" class=\"wp-polls-image lazyload\" src=\"data:image\/svg+xml;base64,PHN2ZyB3aWR0aD0iMSIgaGVpZ2h0PSIxIiB4bWxucz0iaHR0cDovL3d3dy53My5vcmcvMjAwMC9zdmciPjwvc3ZnPg==\" style=\"--smush-placeholder-width: 16px; --smush-placeholder-aspect-ratio: 16\/16;\" \/>&nbsp;Cargando ...<\/div>\n\n<\/div>\n","protected":false},"excerpt":{"rendered":"<p>La cr\u00edtica fundamental de los partidos euroesc\u00e9pticos ha sido, y sigue siendo, que la UE es un proyecto elitista, y que las decisiones de Bruselas son tomadas a trav\u00e9s de procesos opacos que van corroyendo poco a poco la soberan\u00eda nacional, donde reside la legitimidad democr\u00e1tica. Sin embargo, existe un \u00e1mbito en el que los resultados de las encuestas son tan marcados que no dejan demasiado espacio a dudas:\u00a0los europeos est\u00e1n masivamente a favor de una defensa com\u00fan\u00a0. En la\u00a0encuesta\u00a0del euro-bar\u00f3metro de la primavera de 2025,\u00a0el 81% de los europeos se declaraba a favor de una pol\u00edtica de defensa y seguridad com\u00fan, mientras que tan solo un 15% se opon\u00eda. Se trata del porcentaje m\u00e1s elevado desde 2004, si bien el resultado siempre se ha situado por encima del 70%,\u00a0haciendo de la defensa una de las escas\u00edsimas \u00e1reas en las que los europeos han pedido una mayor integraci\u00f3n de forma consistente.\u00a0Las progresiones han sido notables desde 2011 en pa\u00edses como Suecia e Irlanda (+27 puntos porcentuales), Finlandia (+24) y Dinamarca (+17). Curiosamente, el detonante del \u00faltimo incremento entre los encuestados no se produjo inmediatamente despu\u00e9s de la invasi\u00f3n rusa de Ucrania, sino con el\u00a0regreso de Donald Trump a la Casa Blanca. En otro\u00a0sondeo, llevado a cabo en los nueve principales pa\u00edses europeos, los resultados fueron a\u00fan m\u00e1s sorprendentes: el 70% de los encuestados estimaron que la Uni\u00f3n Europea solo puede contar con sus propias fuerzas para garantizar su defensa, y el 60% declar\u00f3 que la mejor soluci\u00f3n para asegurar la defensa de su pa\u00eds consiste en un\u00a0ej\u00e9rcito com\u00fan europeo. Incluso en pa\u00edses tradicionalmente reacios a Bruselas, como\u00a0Polonia, la idea de las fuerzas armadas europeas se impon\u00eda como primera opci\u00f3n (37%) frente a las alternativas de una defensa \u00fanicamente nacional (24%) o a trav\u00e9s de la OTAN (29%). Sin embargo, los europeos expresan\u00a0serias dudas respecto a la capacidad de las instituciones europeas\u00a0actuales para actuar con decisi\u00f3n y, seg\u00fan una tercera\u00a0encuesta,\u00a0en todos los pa\u00edses excepto en Dinamarca, la mayor\u00eda de encuestados afirmaba que Europa no podr\u00e1 competir econ\u00f3micamente contra China y Estados Unidos en los pr\u00f3ximos a\u00f1os. Es decir, los europeos piden mucho m\u00e1s en materia de defensa com\u00fan, pero desconf\u00edan de la capacidad de gobierno de sus l\u00edderes para conseguirlo. En este \u00e1mbito tan concreto, pero que\u00a0coincide parad\u00f3jicamente con la funci\u00f3n m\u00e1s primaria del estado moderno,\u00a0quien est\u00e1 empujando hacia adelante el proceso de construcci\u00f3n europea no son las \u00e9lites sino las bases. El problema es que lo que la ciudadan\u00eda pide requiere una voluntad pol\u00edtica monstruosamente exigente, lejos de las capacidades que manifiestan los l\u00edderes actuales tanto en las capitales nacionales como en Bruselas.<\/p>\n","protected":false},"author":75,"featured_media":86560,"comment_status":"open","ping_status":"open","sticky":false,"template":"","format":"standard","meta":{"_FSMCFIC_featured_image_caption":"","_FSMCFIC_featured_image_nocaption":"","_FSMCFIC_featured_image_hide":"","footnotes":""},"categories":[806],"tags":[1089,5405,5404,1060,1334],"class_list":["post-91665","post","type-post","status-publish","format-standard","has-post-thumbnail","hentry","category-punts-claus-del-dia-es","tag-defensa-es","tag-ejercito-europeo","tag-exercit-europeu-es","tag-unio-europea-es","tag-union-europea"],"yoast_head":"<!-- This site is optimized with the Yoast SEO plugin v26.8 - https:\/\/yoast.com\/product\/yoast-seo-wordpress\/ -->\n<title>Encuestas: los europeos quieren una defensa com\u00fan - Converses a Catalunya<\/title>\n<meta name=\"description\" content=\"Los resultados de las encuestas no dejan demasiado espacio a dudas: los europeos est\u00e1n masivamente a favor de una defensa com\u00fan europea.\" \/>\n<meta name=\"robots\" content=\"index, follow, max-snippet:-1, max-image-preview:large, max-video-preview:-1\" \/>\n<link rel=\"canonical\" href=\"https:\/\/conversesacatalunya.cat\/es\/europeos-defensa-comun\/\" \/>\n<meta property=\"og:locale\" content=\"es_ES\" \/>\n<meta property=\"og:type\" content=\"article\" \/>\n<meta property=\"og:title\" content=\"Encuestas: los europeos quieren una defensa com\u00fan - Converses a Catalunya\" \/>\n<meta property=\"og:description\" content=\"Los resultados de las encuestas no dejan demasiado espacio a dudas: los europeos est\u00e1n masivamente a favor de una defensa com\u00fan europea.\" \/>\n<meta property=\"og:url\" content=\"https:\/\/conversesacatalunya.cat\/es\/europeos-defensa-comun\/\" \/>\n<meta property=\"og:site_name\" content=\"Converses a Catalunya\" \/>\n<meta property=\"article:published_time\" content=\"2025-09-09T06:30:31+00:00\" \/>\n<meta property=\"article:modified_time\" content=\"2025-09-09T06:49:28+00:00\" \/>\n<meta property=\"og:image\" content=\"https:\/\/conversesacatalunya.cat\/wp-content\/uploads\/2025\/03\/eu-2.jpg.webp\" \/>\n\t<meta property=\"og:image:width\" content=\"938\" \/>\n\t<meta property=\"og:image:height\" content=\"450\" \/>\n\t<meta property=\"og:image:type\" content=\"image\/webp\" \/>\n<meta name=\"author\" content=\"Carles L\u00f3pez\" \/>\n<meta name=\"twitter:card\" content=\"summary_large_image\" \/>\n<meta name=\"twitter:label1\" content=\"Escrito por\" \/>\n\t<meta name=\"twitter:data1\" content=\"Carles L\u00f3pez\" \/>\n\t<meta name=\"twitter:label2\" content=\"Tiempo de lectura\" \/>\n\t<meta name=\"twitter:data2\" content=\"3 minutos\" \/>\n<script type=\"application\/ld+json\" class=\"yoast-schema-graph\">{\"@context\":\"https:\/\/schema.org\",\"@graph\":[{\"@type\":\"Article\",\"@id\":\"https:\/\/conversesacatalunya.cat\/es\/europeos-defensa-comun\/#article\",\"isPartOf\":{\"@id\":\"https:\/\/conversesacatalunya.cat\/es\/europeos-defensa-comun\/\"},\"author\":{\"name\":\"Carles L\u00f3pez\",\"@id\":\"https:\/\/conversesacatalunya.cat\/#\/schema\/person\/3ce2ab16c0a3803086d80722c7cad56a\"},\"headline\":\"Encuestas: los europeos quieren una defensa com\u00fan\",\"datePublished\":\"2025-09-09T06:30:31+00:00\",\"dateModified\":\"2025-09-09T06:49:28+00:00\",\"mainEntityOfPage\":{\"@id\":\"https:\/\/conversesacatalunya.cat\/es\/europeos-defensa-comun\/\"},\"wordCount\":520,\"commentCount\":1,\"image\":{\"@id\":\"https:\/\/conversesacatalunya.cat\/es\/europeos-defensa-comun\/#primaryimage\"},\"thumbnailUrl\":\"https:\/\/conversesacatalunya.cat\/wp-content\/uploads\/2025\/03\/eu-2.jpg.webp\",\"keywords\":[\"defensa\",\"Ej\u00e9rcito europeo\",\"ex\u00e8rcit europeu\",\"Uni\u00f3 Europea\",\"Uni\u00f3n Europea\"],\"articleSection\":[\"Punts clau del dia (ES)\"],\"inLanguage\":\"es\",\"potentialAction\":[{\"@type\":\"CommentAction\",\"name\":\"Comment\",\"target\":[\"https:\/\/conversesacatalunya.cat\/es\/europeos-defensa-comun\/#respond\"]}]},{\"@type\":\"WebPage\",\"@id\":\"https:\/\/conversesacatalunya.cat\/es\/europeos-defensa-comun\/\",\"url\":\"https:\/\/conversesacatalunya.cat\/es\/europeos-defensa-comun\/\",\"name\":\"Encuestas: los europeos quieren una defensa com\u00fan - Converses a Catalunya\",\"isPartOf\":{\"@id\":\"https:\/\/conversesacatalunya.cat\/#website\"},\"primaryImageOfPage\":{\"@id\":\"https:\/\/conversesacatalunya.cat\/es\/europeos-defensa-comun\/#primaryimage\"},\"image\":{\"@id\":\"https:\/\/conversesacatalunya.cat\/es\/europeos-defensa-comun\/#primaryimage\"},\"thumbnailUrl\":\"https:\/\/conversesacatalunya.cat\/wp-content\/uploads\/2025\/03\/eu-2.jpg.webp\",\"datePublished\":\"2025-09-09T06:30:31+00:00\",\"dateModified\":\"2025-09-09T06:49:28+00:00\",\"author\":{\"@id\":\"https:\/\/conversesacatalunya.cat\/#\/schema\/person\/3ce2ab16c0a3803086d80722c7cad56a\"},\"description\":\"Los resultados de las encuestas no dejan demasiado espacio a dudas: los europeos est\u00e1n masivamente a favor de una defensa com\u00fan europea.\",\"breadcrumb\":{\"@id\":\"https:\/\/conversesacatalunya.cat\/es\/europeos-defensa-comun\/#breadcrumb\"},\"inLanguage\":\"es\",\"potentialAction\":[{\"@type\":\"ReadAction\",\"target\":[\"https:\/\/conversesacatalunya.cat\/es\/europeos-defensa-comun\/\"]}]},{\"@type\":\"ImageObject\",\"inLanguage\":\"es\",\"@id\":\"https:\/\/conversesacatalunya.cat\/es\/europeos-defensa-comun\/#primaryimage\",\"url\":\"https:\/\/conversesacatalunya.cat\/wp-content\/uploads\/2025\/03\/eu-2.jpg.webp\",\"contentUrl\":\"https:\/\/conversesacatalunya.cat\/wp-content\/uploads\/2025\/03\/eu-2.jpg.webp\",\"width\":938,\"height\":450,\"caption\":\"defensa com\u00fan europea\"},{\"@type\":\"BreadcrumbList\",\"@id\":\"https:\/\/conversesacatalunya.cat\/es\/europeos-defensa-comun\/#breadcrumb\",\"itemListElement\":[{\"@type\":\"ListItem\",\"position\":1,\"name\":\"Inici\",\"item\":\"https:\/\/conversesacatalunya.cat\/es\/\"},{\"@type\":\"ListItem\",\"position\":2,\"name\":\"Encuestas: los europeos quieren una defensa com\u00fan\"}]},{\"@type\":\"WebSite\",\"@id\":\"https:\/\/conversesacatalunya.cat\/#website\",\"url\":\"https:\/\/conversesacatalunya.cat\/\",\"name\":\"Converses a Catalunya\",\"description\":\"\",\"potentialAction\":[{\"@type\":\"SearchAction\",\"target\":{\"@type\":\"EntryPoint\",\"urlTemplate\":\"https:\/\/conversesacatalunya.cat\/?s={search_term_string}\"},\"query-input\":{\"@type\":\"PropertyValueSpecification\",\"valueRequired\":true,\"valueName\":\"search_term_string\"}}],\"inLanguage\":\"es\"},{\"@type\":\"Person\",\"@id\":\"https:\/\/conversesacatalunya.cat\/#\/schema\/person\/3ce2ab16c0a3803086d80722c7cad56a\",\"name\":\"Carles L\u00f3pez\",\"image\":{\"@type\":\"ImageObject\",\"inLanguage\":\"es\",\"@id\":\"https:\/\/conversesacatalunya.cat\/#\/schema\/person\/image\/\",\"url\":\"https:\/\/conversesacatalunya.cat\/wp-content\/litespeed\/avatar\/4891585caf2896e97846ab77f06edcf2.jpg?ver=1777091173\",\"contentUrl\":\"https:\/\/conversesacatalunya.cat\/wp-content\/litespeed\/avatar\/4891585caf2896e97846ab77f06edcf2.jpg?ver=1777091173\",\"caption\":\"Carles L\u00f3pez\"},\"url\":\"https:\/\/conversesacatalunya.cat\/es\/author\/carles-lopez\/\"}]}<\/script>\n<!-- \/ Yoast SEO plugin. -->","yoast_head_json":{"title":"Encuestas: los europeos quieren una defensa com\u00fan - Converses a Catalunya","description":"Los resultados de las encuestas no dejan demasiado espacio a dudas: los europeos est\u00e1n masivamente a favor de una defensa com\u00fan europea.","robots":{"index":"index","follow":"follow","max-snippet":"max-snippet:-1","max-image-preview":"max-image-preview:large","max-video-preview":"max-video-preview:-1"},"canonical":"https:\/\/conversesacatalunya.cat\/es\/europeos-defensa-comun\/","og_locale":"es_ES","og_type":"article","og_title":"Encuestas: los europeos quieren una defensa com\u00fan - Converses a Catalunya","og_description":"Los resultados de las encuestas no dejan demasiado espacio a dudas: los europeos est\u00e1n masivamente a favor de una defensa com\u00fan europea.","og_url":"https:\/\/conversesacatalunya.cat\/es\/europeos-defensa-comun\/","og_site_name":"Converses a Catalunya","article_published_time":"2025-09-09T06:30:31+00:00","article_modified_time":"2025-09-09T06:49:28+00:00","og_image":[{"width":938,"height":450,"url":"https:\/\/conversesacatalunya.cat\/wp-content\/uploads\/2025\/03\/eu-2.jpg.webp","type":"image\/webp"}],"author":"Carles L\u00f3pez","twitter_card":"summary_large_image","twitter_misc":{"Escrito por":"Carles L\u00f3pez","Tiempo de lectura":"3 minutos"},"schema":{"@context":"https:\/\/schema.org","@graph":[{"@type":"Article","@id":"https:\/\/conversesacatalunya.cat\/es\/europeos-defensa-comun\/#article","isPartOf":{"@id":"https:\/\/conversesacatalunya.cat\/es\/europeos-defensa-comun\/"},"author":{"name":"Carles L\u00f3pez","@id":"https:\/\/conversesacatalunya.cat\/#\/schema\/person\/3ce2ab16c0a3803086d80722c7cad56a"},"headline":"Encuestas: los europeos quieren una defensa com\u00fan","datePublished":"2025-09-09T06:30:31+00:00","dateModified":"2025-09-09T06:49:28+00:00","mainEntityOfPage":{"@id":"https:\/\/conversesacatalunya.cat\/es\/europeos-defensa-comun\/"},"wordCount":520,"commentCount":1,"image":{"@id":"https:\/\/conversesacatalunya.cat\/es\/europeos-defensa-comun\/#primaryimage"},"thumbnailUrl":"https:\/\/conversesacatalunya.cat\/wp-content\/uploads\/2025\/03\/eu-2.jpg.webp","keywords":["defensa","Ej\u00e9rcito europeo","ex\u00e8rcit europeu","Uni\u00f3 Europea","Uni\u00f3n Europea"],"articleSection":["Punts clau del dia (ES)"],"inLanguage":"es","potentialAction":[{"@type":"CommentAction","name":"Comment","target":["https:\/\/conversesacatalunya.cat\/es\/europeos-defensa-comun\/#respond"]}]},{"@type":"WebPage","@id":"https:\/\/conversesacatalunya.cat\/es\/europeos-defensa-comun\/","url":"https:\/\/conversesacatalunya.cat\/es\/europeos-defensa-comun\/","name":"Encuestas: los europeos quieren una defensa com\u00fan - Converses a Catalunya","isPartOf":{"@id":"https:\/\/conversesacatalunya.cat\/#website"},"primaryImageOfPage":{"@id":"https:\/\/conversesacatalunya.cat\/es\/europeos-defensa-comun\/#primaryimage"},"image":{"@id":"https:\/\/conversesacatalunya.cat\/es\/europeos-defensa-comun\/#primaryimage"},"thumbnailUrl":"https:\/\/conversesacatalunya.cat\/wp-content\/uploads\/2025\/03\/eu-2.jpg.webp","datePublished":"2025-09-09T06:30:31+00:00","dateModified":"2025-09-09T06:49:28+00:00","author":{"@id":"https:\/\/conversesacatalunya.cat\/#\/schema\/person\/3ce2ab16c0a3803086d80722c7cad56a"},"description":"Los resultados de las encuestas no dejan demasiado espacio a dudas: los europeos est\u00e1n masivamente a favor de una defensa com\u00fan europea.","breadcrumb":{"@id":"https:\/\/conversesacatalunya.cat\/es\/europeos-defensa-comun\/#breadcrumb"},"inLanguage":"es","potentialAction":[{"@type":"ReadAction","target":["https:\/\/conversesacatalunya.cat\/es\/europeos-defensa-comun\/"]}]},{"@type":"ImageObject","inLanguage":"es","@id":"https:\/\/conversesacatalunya.cat\/es\/europeos-defensa-comun\/#primaryimage","url":"https:\/\/conversesacatalunya.cat\/wp-content\/uploads\/2025\/03\/eu-2.jpg.webp","contentUrl":"https:\/\/conversesacatalunya.cat\/wp-content\/uploads\/2025\/03\/eu-2.jpg.webp","width":938,"height":450,"caption":"defensa com\u00fan europea"},{"@type":"BreadcrumbList","@id":"https:\/\/conversesacatalunya.cat\/es\/europeos-defensa-comun\/#breadcrumb","itemListElement":[{"@type":"ListItem","position":1,"name":"Inici","item":"https:\/\/conversesacatalunya.cat\/es\/"},{"@type":"ListItem","position":2,"name":"Encuestas: los europeos quieren una defensa com\u00fan"}]},{"@type":"WebSite","@id":"https:\/\/conversesacatalunya.cat\/#website","url":"https:\/\/conversesacatalunya.cat\/","name":"Converses a Catalunya","description":"","potentialAction":[{"@type":"SearchAction","target":{"@type":"EntryPoint","urlTemplate":"https:\/\/conversesacatalunya.cat\/?s={search_term_string}"},"query-input":{"@type":"PropertyValueSpecification","valueRequired":true,"valueName":"search_term_string"}}],"inLanguage":"es"},{"@type":"Person","@id":"https:\/\/conversesacatalunya.cat\/#\/schema\/person\/3ce2ab16c0a3803086d80722c7cad56a","name":"Carles L\u00f3pez","image":{"@type":"ImageObject","inLanguage":"es","@id":"https:\/\/conversesacatalunya.cat\/#\/schema\/person\/image\/","url":"https:\/\/conversesacatalunya.cat\/wp-content\/litespeed\/avatar\/4891585caf2896e97846ab77f06edcf2.jpg?ver=1777091173","contentUrl":"https:\/\/conversesacatalunya.cat\/wp-content\/litespeed\/avatar\/4891585caf2896e97846ab77f06edcf2.jpg?ver=1777091173","caption":"Carles L\u00f3pez"},"url":"https:\/\/conversesacatalunya.cat\/es\/author\/carles-lopez\/"}]}},"wps_subtitle":"Los europeos piden mucha m\u00e1s integraci\u00f3n en defensa, pero desconf\u00edan de la capacidad de los actuales l\u00edderes.","_links":{"self":[{"href":"https:\/\/conversesacatalunya.cat\/es\/wp-json\/wp\/v2\/posts\/91665","targetHints":{"allow":["GET"]}}],"collection":[{"href":"https:\/\/conversesacatalunya.cat\/es\/wp-json\/wp\/v2\/posts"}],"about":[{"href":"https:\/\/conversesacatalunya.cat\/es\/wp-json\/wp\/v2\/types\/post"}],"author":[{"embeddable":true,"href":"https:\/\/conversesacatalunya.cat\/es\/wp-json\/wp\/v2\/users\/75"}],"replies":[{"embeddable":true,"href":"https:\/\/conversesacatalunya.cat\/es\/wp-json\/wp\/v2\/comments?post=91665"}],"version-history":[{"count":7,"href":"https:\/\/conversesacatalunya.cat\/es\/wp-json\/wp\/v2\/posts\/91665\/revisions"}],"predecessor-version":[{"id":91673,"href":"https:\/\/conversesacatalunya.cat\/es\/wp-json\/wp\/v2\/posts\/91665\/revisions\/91673"}],"wp:featuredmedia":[{"embeddable":true,"href":"https:\/\/conversesacatalunya.cat\/es\/wp-json\/wp\/v2\/media\/86560"}],"wp:attachment":[{"href":"https:\/\/conversesacatalunya.cat\/es\/wp-json\/wp\/v2\/media?parent=91665"}],"wp:term":[{"taxonomy":"category","embeddable":true,"href":"https:\/\/conversesacatalunya.cat\/es\/wp-json\/wp\/v2\/categories?post=91665"},{"taxonomy":"post_tag","embeddable":true,"href":"https:\/\/conversesacatalunya.cat\/es\/wp-json\/wp\/v2\/tags?post=91665"}],"curies":[{"name":"wp","href":"https:\/\/api.w.org\/{rel}","templated":true}]}}