{"id":91652,"date":"2025-09-09T08:00:05","date_gmt":"2025-09-09T06:00:05","guid":{"rendered":"https:\/\/conversesacatalunya.cat\/?p=91652"},"modified":"2025-09-09T08:52:43","modified_gmt":"2025-09-09T06:52:43","slug":"europa-como-la-mantequilla-al-sol","status":"publish","type":"post","link":"https:\/\/conversesacatalunya.cat\/es\/europa-como-la-mantequilla-al-sol\/","title":{"rendered":"Europa. Como la mantequilla al sol"},"content":{"rendered":"<p><span>Europa, continente de luz antigua, hoy mira el futuro con una desconcertante desaz\u00f3n. Los datos dicen sin tapujos que nuestra cuna se est\u00e1 vaciando: el n\u00famero de ni\u00f1os es la mitad que hace seis d\u00e9cadas. Y nosotros, mientras tanto, debatiendo consignas de inclusi\u00f3n y derechos colectivos, como si esto llenara la casa.<\/span><\/p>\n<h4><strong><span dir=\"auto\">El fr\u00edo demogr\u00e1fico<\/span><\/strong><\/h4>\n<p><span dir=\"auto\"><span class=\"VIpgJd-yAWNEb-VIpgJd-fmcmS-sn54Q\" dir=\"auto\">En 2023, s\u00f3lo se registraron<span>\u00a0<\/span><\/span><\/span><strong><span dir=\"auto\"><span class=\"VIpgJd-yAWNEb-VIpgJd-fmcmS-sn54Q\" dir=\"auto\">3,67 millones de nacimientos en la UE<\/span><\/span><\/strong><span dir=\"auto\"><span class=\"VIpgJd-yAWNEb-VIpgJd-fmcmS-sn54Q\" dir=\"auto\"><span>,<\/span>\u00a0un descenso del 5,4% respecto al a\u00f1o anterior \u2014la mayor ca\u00edda desde 1961\u2014. La tasa de fecundidad se sit\u00faa en unos niveles alarmantes:<span>\u00a0<\/span><\/span><\/span><strong><span dir=\"auto\"><span class=\"VIpgJd-yAWNEb-VIpgJd-fmcmS-sn54Q\" dir=\"auto\">1,38 hijos por mujer<\/span><\/span><\/strong><span dir=\"auto\"><span class=\"VIpgJd-yAWNEb-VIpgJd-fmcmS-sn54Q\" dir=\"auto\"><span>,<\/span> muy por debajo de los 2,1 necesarios para mantener a la poblaci\u00f3n. Adem\u00e1s, las mujeres tienen el primer hijo cada vez m\u00e1s tarde: la edad media en el nacimiento del primer beb\u00e9 ha subido a casi<span>\u00a0<\/span><\/span><\/span><strong><span dir=\"auto\"><span class=\"VIpgJd-yAWNEb-VIpgJd-fmcmS-sn54Q\" dir=\"auto\">30 a\u00f1os<\/span><\/span><\/strong><span dir=\"auto\"><span class=\"VIpgJd-yAWNEb-VIpgJd-fmcmS-sn54Q\" dir=\"auto\"><span>.<\/span> Nota: nuestra situaci\u00f3n es mucho peor. La fecundidad en Espa\u00f1a es de 1,12 y en Catalu\u00f1a 1,08. Y seguimos sin hacer nada.<\/span><\/span><\/p>\n<h4><strong><span dir=\"auto\">El silencio de las escuelas vac\u00edas<\/span><\/strong><\/h4>\n<p><span dir=\"auto\"><strong>En Grecia,<\/strong> el colapso demogr\u00e1fico ya tiene efectos visibles: m\u00e1s de<span>\u00a0<\/span><\/span><strong><span dir=\"auto\">750 escuelas cerradas<\/span><\/strong><span dir=\"auto\"><span>,<\/span>\u00a0un 5% del total, debido a la carencia de alumnos. Desde 2011 hay m\u00e1s muertes que nacimientos. La tasa de fecundidad nacional cay\u00f3 a<span>\u00a0<\/span><\/span><strong><span dir=\"auto\">1,35 hijos por mujer<\/span><\/strong><span dir=\"auto\"><span>.<\/span>\u00a0En otros pa\u00edses como <strong>Francia<\/strong>, tambi\u00e9n se vive una situaci\u00f3n cr\u00edtica: menos de<span>\u00a0<\/span><\/span><strong><span dir=\"auto\">678.000 nacimientos el pasado a\u00f1o<\/span><\/strong><span dir=\"auto\"><span>,<\/span> un descenso del 6,6%, el m\u00ednimo desde la Segunda Guerra Mundial. En Espa\u00f1a y Catalu\u00f1a el vaciado y cierre de escuelas es algo habitual en cada curso, como lo es que tambi\u00e9n mueran m\u00e1s personas que nacen.<\/span><\/p>\n<h4><strong><span dir=\"auto\">Envejecimiento y presi\u00f3n sobre el Estado<\/span><\/strong><\/h4>\n<p><span dir=\"auto\">La poblaci\u00f3n europea envejecida es una realidad tangible:<span>\u00a0<\/span><\/span><strong><span dir=\"auto\">21,6% de la poblaci\u00f3n ya tiene m\u00e1s de 65 a\u00f1os<\/span><\/strong><span dir=\"auto\"><span>,<\/span>\u00a0y la edad media ha subido hasta<span>\u00a0<\/span><\/span><strong><span dir=\"auto\">44,7 a\u00f1os<\/span><\/strong><span dir=\"auto\"><span>.<\/span>\u00a0Seg\u00fan proyecciones de Bruegel, el n\u00famero de trabajadores (edades 20-64) disminuir\u00e1 en<span>\u00a0<\/span><\/span><strong><span dir=\"auto\">22 de los 27 pa\u00edses de la UE dentro de 2050, <\/span><\/strong><span dir=\"auto\">mientras la poblaci\u00f3n de m\u00e1s de 85 a\u00f1os se duplicar\u00e1. Estamos en la misma situaci\u00f3n y en Catalu\u00f1a, con la caracter\u00edstica adicional, que los j\u00f3venes adultos inmigrantes ya se acercan en n\u00famero a los aut\u00f3ctonos.<\/span><\/p>\n<h4><strong><span dir=\"auto\">La invasi\u00f3n silenciosa<\/span><\/strong><\/h4>\n<p><span dir=\"auto\"><span class=\"VIpgJd-yAWNEb-VIpgJd-fmcmS-sn54Q\" dir=\"auto\">Cuando nuestra propia continuidad produce escasos llamamientos de cuna, aparecen otras voces y otras vidas. La inmigraci\u00f3n, l\u00f3gicamente, llena el vac\u00edo demogr\u00e1fico. El problema no es la inmigraci\u00f3n en s\u00ed, sino que<span>\u00a0<\/span><\/span><\/span><strong><span dir=\"auto\"><span class=\"VIpgJd-yAWNEb-VIpgJd-fmcmS-sn54Q\" dir=\"auto\">Europa depende de un flujo constante porque su propia fecundidad no la sostiene.<\/span><\/span><\/strong><span dir=\"auto\"><span class=\"VIpgJd-yAWNEb-VIpgJd-fmcmS-sn54Q\" dir=\"auto\"><span>\u00a0<\/span>En ese contexto, la llegada masiva puede parecer \u00abpac\u00edfica\u00bb, pero tiene un impacto claro: transformar una cultura, un mercado, una comunidad. Y tiene relevancia econ\u00f3mica en el caso de Espa\u00f1a, el perfil de sus inmigrantes hace que se ocupen en sectores de baja productividad. Si no cambia, una gran parte presentar\u00e1 al final de su vida una balanza generacional negativa: habr\u00e1 percibido m\u00e1s dinero de las administraciones p\u00fablicas de lo que habr\u00e1 aportado con sus recursos.<\/span><\/span><\/p>\n<h4><strong><span dir=\"auto\">Orden y defensa: debilitada por ideolog\u00eda<\/span><\/strong><\/h4>\n<p><span dir=\"auto\">Dentro de un clima de igualitarismo entre sexos, muchas fuerzas de seguridad y militares europeas han rebajado requisitos f\u00edsicos para garantizar cuotas de g\u00e9nero favorables a las mujeres, lo que ha debilitado su capacidad real de actuaci\u00f3n. Sin fuerza operativa, el estado se queda como una casa con cerraduras de cart\u00f3n: lindos en teor\u00eda, in\u00fatiles en caso de presi\u00f3n.<\/span><\/p>\n<h4><strong><span dir=\"auto\">La UE, atrapada en los derechos, olvidando el futuro com\u00fan<\/span><\/strong><\/h4>\n<p><span dir=\"auto\">Lo que naci\u00f3 como un proyecto para compartir seguridad y econom\u00eda, hoy gira en torno a los derechos LGTBI, el lenguaje inclusivo y el feminismo identitarios. Esto no construye una comunidad por lo que valga la pena luchar, m\u00e1s all\u00e1 de sus ac\u00e9rrimos defensores. Y este distanciamiento afecta especialmente a los hombres, y a los m\u00e1s j\u00f3venes, al margen de que muchas mujeres con visiones de vida muy distintas de las que preconiza, quieras que no el feminismo, tampoco entienden que solo eso sea Europa.<\/span><\/p>\n<p><span dir=\"auto\">Una identidad com\u00fan se construye sobre una historia y unas fuentes culturales compartidas, y un proyecto com\u00fan que sea otra cosa que interminables proclamas feministas y<span>\u00a0<\/span><\/span><a href=\"https:\/\/conversesacatalunya.cat\/es\/espana-sin-hijos-paradojas-de-un-pais-que-acaricia-banderas-arcoiris-y-olvida-cunas\/\" target=\"_blank\" rel=\"noopener\"><span dir=\"auto\">despegue de banderas<\/span><\/a><span dir=\"auto\"><span>\u00a0<\/span>del arco iris. Es dif\u00edcil entender la estupidez beligerante inicial con Rusia, empuj\u00e1ndola en manos de China, sin constar que Putin en este terreno presenta un proyecto radicalmente opuesto. La guerra de Ucrania nunca habr\u00eda comenzado si la Uni\u00f3n Europea hubiera visto en Rusia a un aliado en lugar de a un enemigo.<\/span><\/p>\n<h4><strong><span dir=\"auto\">Geopol\u00edtica: los grandes observan<\/span><\/strong><\/h4>\n<p><span dir=\"auto\"><span class=\"VIpgJd-yAWNEb-VIpgJd-fmcmS-sn54Q\" dir=\"auto\">La dependencia militar europea de la tecnolog\u00eda estadounidense es llamativa: casi<span>\u00a0<\/span><\/span><\/span><strong><span dir=\"auto\"><span class=\"VIpgJd-yAWNEb-VIpgJd-fmcmS-sn54Q\" dir=\"auto\">la mitad de los aviones de combate europeos, sistemas de misiles, tanques y artiller\u00eda provienen de<\/span><\/span><\/strong><span dir=\"auto\"><span class=\"VIpgJd-yAWNEb-VIpgJd-fmcmS-sn54Q\" dir=\"auto\"><span>\u00a0<\/span>EE.UU. Pese al compromiso de incrementar el gasto en defensa \u2014hasta un objetivo del 5% del PIB\u2014, la<span>\u00a0<\/span><\/span><\/span><a href=\"https:\/\/conversesacatalunya.cat\/es\/obstaculo-programa-europa-defensa-fcas\/\" target=\"_blank\" rel=\"noopener\"><span dir=\"auto\"><span class=\"VIpgJd-yAWNEb-VIpgJd-fmcmS-sn54Q\" dir=\"auto\">industria armament\u00edstica europea<\/span><\/span><\/a><span dir=\"auto\"><span class=\"VIpgJd-yAWNEb-VIpgJd-fmcmS-sn54Q\" dir=\"auto\"><span>\u00a0<\/span>sigue muy fragmentada y limitada. Rusia y China observan, pacientes y calculadores, mientras la fragmentaci\u00f3n interna y las diferencias entre estados europeos reducen la eficacia y capacidad de autodefensa.<\/span><\/span><\/p>\n<h4><strong><span dir=\"auto\">El oficio de hacer mantequilla que se derrite<\/span><\/strong><\/h4>\n<p><span dir=\"auto\"><span class=\"VIpgJd-yAWNEb-VIpgJd-fmcmS-sn54Q\" dir=\"auto\">Y aqu\u00ed volvemos a la met\u00e1fora: la Uni\u00f3n Europea podr\u00eda fundirse \u00abcomo la mantequilla bajo el sol de agosto\u00bb. No ser\u00e1 una ca\u00edda heroica llena de batallas y tragedias: ser\u00e1 un goteo, una lenta disoluci\u00f3n causada por la debilidad interior y por dejar el territorio sin familias y sin capacidad de defensa propia.<\/span><\/span><\/p>\n<p><span dir=\"auto\">Los expertos, como el dem\u00f3grafo Willem Adema (OECD) y Maria Rita Testa (Luiss, Roma), alertan de que los j\u00f3venes hoy deben hacer frente a incertidumbres laborales, vivienda inaccesible, pandemia, inflaci\u00f3n y cambio global. Todo ello factores que retrasar\u00e1n a\u00fan m\u00e1s la decisi\u00f3n de tener hijos.<\/span><\/p>\n<h4><strong><span dir=\"auto\">Conclusi\u00f3n:\u00a0<\/span><\/strong><\/h4>\n<p><span dir=\"auto\"><span class=\"VIpgJd-yAWNEb-VIpgJd-fmcmS-sn54Q\" dir=\"auto\">La historia muestra que las grandes civilizaciones no caen primero por la espada externa, sino por la rendici\u00f3n interna. Roma resisti\u00f3 muchas invasiones hasta que el des\u00e1nimo y la p\u00e9rdida de sentido la corroyeron.<\/span><\/span><\/p>\n<p><span dir=\"auto\">Hoy, Europa renuncia a tener hijos, desbarata sus cimientos y sustituye la soberan\u00eda por la correcci\u00f3n burocr\u00e1tica.<\/span><\/p>\n<p><span>El debate, pues, no es si vendr\u00e1n los dem\u00e1s \u2014vendr\u00e1n, porque nosotros lo hacemos posible\u2014 sino si queremos ser todav\u00eda. Solo hay que observar c\u00f3mo ser\u00e1 el mundo en 2059 con respecto a la poblaci\u00f3n para constatar a lo que debemos hacer frente. Pero \u00bfd\u00f3nde est\u00e1n los liderazgos, las organizaciones que nos aportan certezas? Si no actuamos, el futuro no ser\u00e1 una explosi\u00f3n, sino un goteo constante: Europa se deshace, lentamente y silenciosamente, como la mantequilla que se derrite bajo el sol implacable de un agosto sin sombra.<\/span><\/p>\n<span class='bctt-click-to-tweet'><span class='bctt-ctt-text'><a href='https:\/\/twitter.com\/intent\/tweet?url=https%3A%2F%2Fconversesacatalunya.cat%2Fes%2Feuropa-como-la-mantequilla-al-sol%2F&#038;text=Europa%20se%20deshace%20como%20la%20mantequilla%20al%20sol%3A%20sin%20familias%2C%20sin%20defensa%20y%20sin%20proyecto%20com%C3%BAn.%20%23EuropaEnCrisis%20%23Identidad&#038;via=conversesacat&#038;related=conversesacat' target='_blank'rel=\"noopener noreferrer\">Europa se deshace como la mantequilla al sol: sin familias, sin defensa y sin proyecto com\u00fan. #EuropaEnCrisis #Identidad <\/a><\/span><a href='https:\/\/twitter.com\/intent\/tweet?url=https%3A%2F%2Fconversesacatalunya.cat%2Fes%2Feuropa-como-la-mantequilla-al-sol%2F&#038;text=Europa%20se%20deshace%20como%20la%20mantequilla%20al%20sol%3A%20sin%20familias%2C%20sin%20defensa%20y%20sin%20proyecto%20com%C3%BAn.%20%23EuropaEnCrisis%20%23Identidad&#038;via=conversesacat&#038;related=conversesacat' target='_blank' class='bctt-ctt-btn'rel=\"noopener noreferrer\">Compartir en X<\/a><\/span>\n<div id=\"polls-295\" class=\"wp-polls\">\n\t<form id=\"polls_form_295\" class=\"wp-polls-form\" action=\"\/index.php\" method=\"post\">\n\t\t<p style=\"display: none;\"><input type=\"hidden\" id=\"poll_295_nonce\" name=\"wp-polls-nonce\" value=\"3d4b3e16d5\" \/><\/p>\n\t\t<p style=\"display: none;\"><input type=\"hidden\" name=\"poll_id\" value=\"295\" \/><\/p>\n\t\t<p style=\"text-align: center\"><strong>El president Illa, en una recent entrevista a La Vanguardia ha reivindicat com a positiu l'elevada pressi\u00f3 fiscal de Catalunya. Comparteixes aquest punt de vista?<\/strong><\/p><div id=\"polls-295-ans\" class=\"wp-polls-ans\"><ul class=\"wp-polls-ul\">\n\t\t<li><input type=\"radio\" id=\"poll-answer-842\" name=\"poll_295\" value=\"842\" \/> <label for=\"poll-answer-842\">S\u00ed<\/label><\/li>\n\t\t<li><input type=\"radio\" id=\"poll-answer-843\" name=\"poll_295\" value=\"843\" \/> <label for=\"poll-answer-843\">No<\/label><\/li>\n\t\t<li><input type=\"radio\" id=\"poll-answer-844\" name=\"poll_295\" value=\"844\" \/> <label for=\"poll-answer-844\">No ho s\u00e9<\/label><\/li>\n\t\t<\/ul><p style=\"text-align: center\"><input type=\"button\" name=\"vote\" value=\"   Vota   \" class=\"Buttons\" onclick=\"poll_vote(295);\" \/><\/p><p style=\"text-align: center\"><a href=\"#ViewPollResults\" onclick=\"poll_result(295); return false;\" title=\"View Results Of This Poll\">Mira els resultats<\/a><\/p><\/div>\n\t<\/form>\n<\/div>\n<div id=\"polls-295-loading\" class=\"wp-polls-loading\"><img decoding=\"async\" data-src=\"https:\/\/conversesacatalunya.cat\/wp-content\/plugins\/wp-polls\/images\/loading.gif\" width=\"16\" height=\"16\" alt=\"Cargando ...\" title=\"Cargando ...\" class=\"wp-polls-image lazyload\" src=\"data:image\/svg+xml;base64,PHN2ZyB3aWR0aD0iMSIgaGVpZ2h0PSIxIiB4bWxucz0iaHR0cDovL3d3dy53My5vcmcvMjAwMC9zdmciPjwvc3ZnPg==\" style=\"--smush-placeholder-width: 16px; --smush-placeholder-aspect-ratio: 16\/16;\" \/>&nbsp;Cargando ...<\/div>\n\n","protected":false},"excerpt":{"rendered":"<p>Europa, continente de luz antigua, hoy mira el futuro con una desconcertante desaz\u00f3n. Los datos dicen sin tapujos que nuestra cuna se est\u00e1 vaciando: el n\u00famero de ni\u00f1os es la mitad que hace seis d\u00e9cadas. Y nosotros, mientras tanto, debatiendo consignas de inclusi\u00f3n y derechos colectivos, como si esto llenara la casa. El fr\u00edo demogr\u00e1fico En 2023, s\u00f3lo se registraron\u00a03,67 millones de nacimientos en la UE,\u00a0un descenso del 5,4% respecto al a\u00f1o anterior \u2014la mayor ca\u00edda desde 1961\u2014. La tasa de fecundidad se sit\u00faa en unos niveles alarmantes:\u00a01,38 hijos por mujer, muy por debajo de los 2,1 necesarios para mantener a la poblaci\u00f3n. Adem\u00e1s, las mujeres tienen el primer hijo cada vez m\u00e1s tarde: la edad media en el nacimiento del primer beb\u00e9 ha subido a casi\u00a030 a\u00f1os. Nota: nuestra situaci\u00f3n es mucho peor. La fecundidad en Espa\u00f1a es de 1,12 y en Catalu\u00f1a 1,08. Y seguimos sin hacer nada. El silencio de las escuelas vac\u00edas En Grecia, el colapso demogr\u00e1fico ya tiene efectos visibles: m\u00e1s de\u00a0750 escuelas cerradas,\u00a0un 5% del total, debido a la carencia de alumnos. Desde 2011 hay m\u00e1s muertes que nacimientos. La tasa de fecundidad nacional cay\u00f3 a\u00a01,35 hijos por mujer.\u00a0En otros pa\u00edses como Francia, tambi\u00e9n se vive una situaci\u00f3n cr\u00edtica: menos de\u00a0678.000 nacimientos el pasado a\u00f1o, un descenso del 6,6%, el m\u00ednimo desde la Segunda Guerra Mundial. En Espa\u00f1a y Catalu\u00f1a el vaciado y cierre de escuelas es algo habitual en cada curso, como lo es que tambi\u00e9n mueran m\u00e1s personas que nacen. Envejecimiento y presi\u00f3n sobre el Estado La poblaci\u00f3n europea envejecida es una realidad tangible:\u00a021,6% de la poblaci\u00f3n ya tiene m\u00e1s de 65 a\u00f1os,\u00a0y la edad media ha subido hasta\u00a044,7 a\u00f1os.\u00a0Seg\u00fan proyecciones de Bruegel, el n\u00famero de trabajadores (edades 20-64) disminuir\u00e1 en\u00a022 de los 27 pa\u00edses de la UE dentro de 2050, mientras la poblaci\u00f3n de m\u00e1s de 85 a\u00f1os se duplicar\u00e1. Estamos en la misma situaci\u00f3n y en Catalu\u00f1a, con la caracter\u00edstica adicional, que los j\u00f3venes adultos inmigrantes ya se acercan en n\u00famero a los aut\u00f3ctonos. La invasi\u00f3n silenciosa Cuando nuestra propia continuidad produce escasos llamamientos de cuna, aparecen otras voces y otras vidas. La inmigraci\u00f3n, l\u00f3gicamente, llena el vac\u00edo demogr\u00e1fico. El problema no es la inmigraci\u00f3n en s\u00ed, sino que\u00a0Europa depende de un flujo constante porque su propia fecundidad no la sostiene.\u00a0En ese contexto, la llegada masiva puede parecer \u00abpac\u00edfica\u00bb, pero tiene un impacto claro: transformar una cultura, un mercado, una comunidad. Y tiene relevancia econ\u00f3mica en el caso de Espa\u00f1a, el perfil de sus inmigrantes hace que se ocupen en sectores de baja productividad. Si no cambia, una gran parte presentar\u00e1 al final de su vida una balanza generacional negativa: habr\u00e1 percibido m\u00e1s dinero de las administraciones p\u00fablicas de lo que habr\u00e1 aportado con sus recursos. Orden y defensa: debilitada por ideolog\u00eda Dentro de un clima de igualitarismo entre sexos, muchas fuerzas de seguridad y militares europeas han rebajado requisitos f\u00edsicos para garantizar cuotas de g\u00e9nero favorables a las mujeres, lo que ha debilitado su capacidad real de actuaci\u00f3n. Sin fuerza operativa, el estado se queda como una casa con cerraduras de cart\u00f3n: lindos en teor\u00eda, in\u00fatiles en caso de presi\u00f3n. La UE, atrapada en los derechos, olvidando el futuro com\u00fan Lo que naci\u00f3 como un proyecto para compartir seguridad y econom\u00eda, hoy gira en torno a los derechos LGTBI, el lenguaje inclusivo y el feminismo identitarios. Esto no construye una comunidad por lo que valga la pena luchar, m\u00e1s all\u00e1 de sus ac\u00e9rrimos defensores. Y este distanciamiento afecta especialmente a los hombres, y a los m\u00e1s j\u00f3venes, al margen de que muchas mujeres con visiones de vida muy distintas de las que preconiza, quieras que no el feminismo, tampoco entienden que solo eso sea Europa. Una identidad com\u00fan se construye sobre una historia y unas fuentes culturales compartidas, y un proyecto com\u00fan que sea otra cosa que interminables proclamas feministas y\u00a0despegue de banderas\u00a0del arco iris. Es dif\u00edcil entender la estupidez beligerante inicial con Rusia, empuj\u00e1ndola en manos de China, sin constar que Putin en este terreno presenta un proyecto radicalmente opuesto. La guerra de Ucrania nunca habr\u00eda comenzado si la Uni\u00f3n Europea hubiera visto en Rusia a un aliado en lugar de a un enemigo. Geopol\u00edtica: los grandes observan La dependencia militar europea de la tecnolog\u00eda estadounidense es llamativa: casi\u00a0la mitad de los aviones de combate europeos, sistemas de misiles, tanques y artiller\u00eda provienen de\u00a0EE.UU. Pese al compromiso de incrementar el gasto en defensa \u2014hasta un objetivo del 5% del PIB\u2014, la\u00a0industria armament\u00edstica europea\u00a0sigue muy fragmentada y limitada. Rusia y China observan, pacientes y calculadores, mientras la fragmentaci\u00f3n interna y las diferencias entre estados europeos reducen la eficacia y capacidad de autodefensa. El oficio de hacer mantequilla que se derrite Y aqu\u00ed volvemos a la met\u00e1fora: la Uni\u00f3n Europea podr\u00eda fundirse \u00abcomo la mantequilla bajo el sol de agosto\u00bb. No ser\u00e1 una ca\u00edda heroica llena de batallas y tragedias: ser\u00e1 un goteo, una lenta disoluci\u00f3n causada por la debilidad interior y por dejar el territorio sin familias y sin capacidad de defensa propia. Los expertos, como el dem\u00f3grafo Willem Adema (OECD) y Maria Rita Testa (Luiss, Roma), alertan de que los j\u00f3venes hoy deben hacer frente a incertidumbres laborales, vivienda inaccesible, pandemia, inflaci\u00f3n y cambio global. Todo ello factores que retrasar\u00e1n a\u00fan m\u00e1s la decisi\u00f3n de tener hijos. Conclusi\u00f3n:\u00a0 La historia muestra que las grandes civilizaciones no caen primero por la espada externa, sino por la rendici\u00f3n interna. Roma resisti\u00f3 muchas invasiones hasta que el des\u00e1nimo y la p\u00e9rdida de sentido la corroyeron. Hoy, Europa renuncia a tener hijos, desbarata sus cimientos y sustituye la soberan\u00eda por la correcci\u00f3n burocr\u00e1tica. El debate, pues, no es si vendr\u00e1n los dem\u00e1s \u2014vendr\u00e1n, porque nosotros lo hacemos posible\u2014 sino si queremos ser todav\u00eda. Solo hay que observar c\u00f3mo ser\u00e1 el mundo en 2059 con respecto a la poblaci\u00f3n para constatar a lo que debemos hacer frente. Pero \u00bfd\u00f3nde est\u00e1n los liderazgos, las organizaciones que nos aportan certezas? Si no actuamos, el futuro no ser\u00e1 una explosi\u00f3n, sino un goteo constante: Europa&#8230;<\/p>\n","protected":false},"author":77,"featured_media":91677,"comment_status":"open","ping_status":"open","sticky":false,"template":"","format":"standard","meta":{"_FSMCFIC_featured_image_caption":"","_FSMCFIC_featured_image_nocaption":"","_FSMCFIC_featured_image_hide":"","footnotes":""},"categories":[806],"tags":[875,5120],"class_list":["post-91652","post","type-post","status-publish","format-standard","has-post-thumbnail","hentry","category-punts-claus-del-dia-es","tag-europa-es","tag-guerra-europa-es"],"yoast_head":"<!-- This site is optimized with the Yoast SEO plugin v26.8 - https:\/\/yoast.com\/product\/yoast-seo-wordpress\/ -->\n<title>Europa. Como la mantequilla al sol - Converses a Catalunya<\/title>\n<meta name=\"description\" content=\"Europa enfrenta una crisis existencial sin precedentes. El art\u00edculo analiza los riesgos de una Europa que se funde lentamente y en silencio.\" \/>\n<meta name=\"robots\" content=\"index, follow, max-snippet:-1, max-image-preview:large, max-video-preview:-1\" \/>\n<link rel=\"canonical\" href=\"https:\/\/conversesacatalunya.cat\/es\/europa-como-la-mantequilla-al-sol\/\" \/>\n<meta property=\"og:locale\" content=\"es_ES\" \/>\n<meta property=\"og:type\" content=\"article\" \/>\n<meta property=\"og:title\" content=\"Europa. Como la mantequilla al sol - Converses a Catalunya\" \/>\n<meta property=\"og:description\" content=\"Europa enfrenta una crisis existencial sin precedentes. El art\u00edculo analiza los riesgos de una Europa que se funde lentamente y en silencio.\" \/>\n<meta property=\"og:url\" content=\"https:\/\/conversesacatalunya.cat\/es\/europa-como-la-mantequilla-al-sol\/\" \/>\n<meta property=\"og:site_name\" content=\"Converses a Catalunya\" \/>\n<meta property=\"article:published_time\" content=\"2025-09-09T06:00:05+00:00\" \/>\n<meta property=\"article:modified_time\" content=\"2025-09-09T06:52:43+00:00\" \/>\n<meta property=\"og:image\" content=\"https:\/\/conversesacatalunya.cat\/wp-content\/uploads\/2025\/09\/railway-track-5481857_640.jpg\" \/>\n\t<meta property=\"og:image:width\" content=\"640\" \/>\n\t<meta property=\"og:image:height\" content=\"427\" \/>\n\t<meta property=\"og:image:type\" content=\"image\/jpeg\" \/>\n<meta name=\"author\" content=\"Enric Casanovas\" \/>\n<meta name=\"twitter:card\" content=\"summary_large_image\" \/>\n<meta name=\"twitter:label1\" content=\"Escrito por\" \/>\n\t<meta name=\"twitter:data1\" content=\"Enric Casanovas\" \/>\n\t<meta name=\"twitter:label2\" content=\"Tiempo de lectura\" \/>\n\t<meta name=\"twitter:data2\" content=\"6 minutos\" \/>\n<script type=\"application\/ld+json\" class=\"yoast-schema-graph\">{\"@context\":\"https:\/\/schema.org\",\"@graph\":[{\"@type\":\"Article\",\"@id\":\"https:\/\/conversesacatalunya.cat\/es\/europa-como-la-mantequilla-al-sol\/#article\",\"isPartOf\":{\"@id\":\"https:\/\/conversesacatalunya.cat\/es\/europa-como-la-mantequilla-al-sol\/\"},\"author\":{\"name\":\"Enric Casanovas\",\"@id\":\"https:\/\/conversesacatalunya.cat\/#\/schema\/person\/79bd0577b2f3afc8d6519d207c6e8609\"},\"headline\":\"Europa. Como la mantequilla al sol\",\"datePublished\":\"2025-09-09T06:00:05+00:00\",\"dateModified\":\"2025-09-09T06:52:43+00:00\",\"mainEntityOfPage\":{\"@id\":\"https:\/\/conversesacatalunya.cat\/es\/europa-como-la-mantequilla-al-sol\/\"},\"wordCount\":1163,\"commentCount\":0,\"image\":{\"@id\":\"https:\/\/conversesacatalunya.cat\/es\/europa-como-la-mantequilla-al-sol\/#primaryimage\"},\"thumbnailUrl\":\"https:\/\/conversesacatalunya.cat\/wp-content\/uploads\/2025\/09\/railway-track-5481857_640.jpg\",\"keywords\":[\"Europa\",\"Guerra Europa\"],\"articleSection\":[\"Punts clau del dia (ES)\"],\"inLanguage\":\"es\",\"potentialAction\":[{\"@type\":\"CommentAction\",\"name\":\"Comment\",\"target\":[\"https:\/\/conversesacatalunya.cat\/es\/europa-como-la-mantequilla-al-sol\/#respond\"]}]},{\"@type\":\"WebPage\",\"@id\":\"https:\/\/conversesacatalunya.cat\/es\/europa-como-la-mantequilla-al-sol\/\",\"url\":\"https:\/\/conversesacatalunya.cat\/es\/europa-como-la-mantequilla-al-sol\/\",\"name\":\"Europa. Como la mantequilla al sol - Converses a Catalunya\",\"isPartOf\":{\"@id\":\"https:\/\/conversesacatalunya.cat\/#website\"},\"primaryImageOfPage\":{\"@id\":\"https:\/\/conversesacatalunya.cat\/es\/europa-como-la-mantequilla-al-sol\/#primaryimage\"},\"image\":{\"@id\":\"https:\/\/conversesacatalunya.cat\/es\/europa-como-la-mantequilla-al-sol\/#primaryimage\"},\"thumbnailUrl\":\"https:\/\/conversesacatalunya.cat\/wp-content\/uploads\/2025\/09\/railway-track-5481857_640.jpg\",\"datePublished\":\"2025-09-09T06:00:05+00:00\",\"dateModified\":\"2025-09-09T06:52:43+00:00\",\"author\":{\"@id\":\"https:\/\/conversesacatalunya.cat\/#\/schema\/person\/79bd0577b2f3afc8d6519d207c6e8609\"},\"description\":\"Europa enfrenta una crisis existencial sin precedentes. El art\u00edculo analiza los riesgos de una Europa que se funde lentamente y en silencio.\",\"breadcrumb\":{\"@id\":\"https:\/\/conversesacatalunya.cat\/es\/europa-como-la-mantequilla-al-sol\/#breadcrumb\"},\"inLanguage\":\"es\",\"potentialAction\":[{\"@type\":\"ReadAction\",\"target\":[\"https:\/\/conversesacatalunya.cat\/es\/europa-como-la-mantequilla-al-sol\/\"]}]},{\"@type\":\"ImageObject\",\"inLanguage\":\"es\",\"@id\":\"https:\/\/conversesacatalunya.cat\/es\/europa-como-la-mantequilla-al-sol\/#primaryimage\",\"url\":\"https:\/\/conversesacatalunya.cat\/wp-content\/uploads\/2025\/09\/railway-track-5481857_640.jpg\",\"contentUrl\":\"https:\/\/conversesacatalunya.cat\/wp-content\/uploads\/2025\/09\/railway-track-5481857_640.jpg\",\"width\":640,\"height\":427,\"caption\":\"Crisis existencial Europa\"},{\"@type\":\"BreadcrumbList\",\"@id\":\"https:\/\/conversesacatalunya.cat\/es\/europa-como-la-mantequilla-al-sol\/#breadcrumb\",\"itemListElement\":[{\"@type\":\"ListItem\",\"position\":1,\"name\":\"Inici\",\"item\":\"https:\/\/conversesacatalunya.cat\/es\/\"},{\"@type\":\"ListItem\",\"position\":2,\"name\":\"Europa. Como la mantequilla al sol\"}]},{\"@type\":\"WebSite\",\"@id\":\"https:\/\/conversesacatalunya.cat\/#website\",\"url\":\"https:\/\/conversesacatalunya.cat\/\",\"name\":\"Converses a Catalunya\",\"description\":\"\",\"potentialAction\":[{\"@type\":\"SearchAction\",\"target\":{\"@type\":\"EntryPoint\",\"urlTemplate\":\"https:\/\/conversesacatalunya.cat\/?s={search_term_string}\"},\"query-input\":{\"@type\":\"PropertyValueSpecification\",\"valueRequired\":true,\"valueName\":\"search_term_string\"}}],\"inLanguage\":\"es\"},{\"@type\":\"Person\",\"@id\":\"https:\/\/conversesacatalunya.cat\/#\/schema\/person\/79bd0577b2f3afc8d6519d207c6e8609\",\"name\":\"Enric Casanovas\",\"image\":{\"@type\":\"ImageObject\",\"inLanguage\":\"es\",\"@id\":\"https:\/\/conversesacatalunya.cat\/#\/schema\/person\/image\/\",\"url\":\"https:\/\/conversesacatalunya.cat\/wp-content\/litespeed\/avatar\/7ae4379ad4421ec77820e92afd36dd78.jpg?ver=1777373933\",\"contentUrl\":\"https:\/\/conversesacatalunya.cat\/wp-content\/litespeed\/avatar\/7ae4379ad4421ec77820e92afd36dd78.jpg?ver=1777373933\",\"caption\":\"Enric Casanovas\"},\"url\":\"https:\/\/conversesacatalunya.cat\/es\/author\/enric-casanovas\/\"}]}<\/script>\n<!-- \/ Yoast SEO plugin. -->","yoast_head_json":{"title":"Europa. Como la mantequilla al sol - Converses a Catalunya","description":"Europa enfrenta una crisis existencial sin precedentes. El art\u00edculo analiza los riesgos de una Europa que se funde lentamente y en silencio.","robots":{"index":"index","follow":"follow","max-snippet":"max-snippet:-1","max-image-preview":"max-image-preview:large","max-video-preview":"max-video-preview:-1"},"canonical":"https:\/\/conversesacatalunya.cat\/es\/europa-como-la-mantequilla-al-sol\/","og_locale":"es_ES","og_type":"article","og_title":"Europa. Como la mantequilla al sol - Converses a Catalunya","og_description":"Europa enfrenta una crisis existencial sin precedentes. El art\u00edculo analiza los riesgos de una Europa que se funde lentamente y en silencio.","og_url":"https:\/\/conversesacatalunya.cat\/es\/europa-como-la-mantequilla-al-sol\/","og_site_name":"Converses a Catalunya","article_published_time":"2025-09-09T06:00:05+00:00","article_modified_time":"2025-09-09T06:52:43+00:00","og_image":[{"width":640,"height":427,"url":"https:\/\/conversesacatalunya.cat\/wp-content\/uploads\/2025\/09\/railway-track-5481857_640.jpg","type":"image\/jpeg"}],"author":"Enric Casanovas","twitter_card":"summary_large_image","twitter_misc":{"Escrito por":"Enric Casanovas","Tiempo de lectura":"6 minutos"},"schema":{"@context":"https:\/\/schema.org","@graph":[{"@type":"Article","@id":"https:\/\/conversesacatalunya.cat\/es\/europa-como-la-mantequilla-al-sol\/#article","isPartOf":{"@id":"https:\/\/conversesacatalunya.cat\/es\/europa-como-la-mantequilla-al-sol\/"},"author":{"name":"Enric Casanovas","@id":"https:\/\/conversesacatalunya.cat\/#\/schema\/person\/79bd0577b2f3afc8d6519d207c6e8609"},"headline":"Europa. Como la mantequilla al sol","datePublished":"2025-09-09T06:00:05+00:00","dateModified":"2025-09-09T06:52:43+00:00","mainEntityOfPage":{"@id":"https:\/\/conversesacatalunya.cat\/es\/europa-como-la-mantequilla-al-sol\/"},"wordCount":1163,"commentCount":0,"image":{"@id":"https:\/\/conversesacatalunya.cat\/es\/europa-como-la-mantequilla-al-sol\/#primaryimage"},"thumbnailUrl":"https:\/\/conversesacatalunya.cat\/wp-content\/uploads\/2025\/09\/railway-track-5481857_640.jpg","keywords":["Europa","Guerra Europa"],"articleSection":["Punts clau del dia (ES)"],"inLanguage":"es","potentialAction":[{"@type":"CommentAction","name":"Comment","target":["https:\/\/conversesacatalunya.cat\/es\/europa-como-la-mantequilla-al-sol\/#respond"]}]},{"@type":"WebPage","@id":"https:\/\/conversesacatalunya.cat\/es\/europa-como-la-mantequilla-al-sol\/","url":"https:\/\/conversesacatalunya.cat\/es\/europa-como-la-mantequilla-al-sol\/","name":"Europa. Como la mantequilla al sol - Converses a Catalunya","isPartOf":{"@id":"https:\/\/conversesacatalunya.cat\/#website"},"primaryImageOfPage":{"@id":"https:\/\/conversesacatalunya.cat\/es\/europa-como-la-mantequilla-al-sol\/#primaryimage"},"image":{"@id":"https:\/\/conversesacatalunya.cat\/es\/europa-como-la-mantequilla-al-sol\/#primaryimage"},"thumbnailUrl":"https:\/\/conversesacatalunya.cat\/wp-content\/uploads\/2025\/09\/railway-track-5481857_640.jpg","datePublished":"2025-09-09T06:00:05+00:00","dateModified":"2025-09-09T06:52:43+00:00","author":{"@id":"https:\/\/conversesacatalunya.cat\/#\/schema\/person\/79bd0577b2f3afc8d6519d207c6e8609"},"description":"Europa enfrenta una crisis existencial sin precedentes. El art\u00edculo analiza los riesgos de una Europa que se funde lentamente y en silencio.","breadcrumb":{"@id":"https:\/\/conversesacatalunya.cat\/es\/europa-como-la-mantequilla-al-sol\/#breadcrumb"},"inLanguage":"es","potentialAction":[{"@type":"ReadAction","target":["https:\/\/conversesacatalunya.cat\/es\/europa-como-la-mantequilla-al-sol\/"]}]},{"@type":"ImageObject","inLanguage":"es","@id":"https:\/\/conversesacatalunya.cat\/es\/europa-como-la-mantequilla-al-sol\/#primaryimage","url":"https:\/\/conversesacatalunya.cat\/wp-content\/uploads\/2025\/09\/railway-track-5481857_640.jpg","contentUrl":"https:\/\/conversesacatalunya.cat\/wp-content\/uploads\/2025\/09\/railway-track-5481857_640.jpg","width":640,"height":427,"caption":"Crisis existencial Europa"},{"@type":"BreadcrumbList","@id":"https:\/\/conversesacatalunya.cat\/es\/europa-como-la-mantequilla-al-sol\/#breadcrumb","itemListElement":[{"@type":"ListItem","position":1,"name":"Inici","item":"https:\/\/conversesacatalunya.cat\/es\/"},{"@type":"ListItem","position":2,"name":"Europa. Como la mantequilla al sol"}]},{"@type":"WebSite","@id":"https:\/\/conversesacatalunya.cat\/#website","url":"https:\/\/conversesacatalunya.cat\/","name":"Converses a Catalunya","description":"","potentialAction":[{"@type":"SearchAction","target":{"@type":"EntryPoint","urlTemplate":"https:\/\/conversesacatalunya.cat\/?s={search_term_string}"},"query-input":{"@type":"PropertyValueSpecification","valueRequired":true,"valueName":"search_term_string"}}],"inLanguage":"es"},{"@type":"Person","@id":"https:\/\/conversesacatalunya.cat\/#\/schema\/person\/79bd0577b2f3afc8d6519d207c6e8609","name":"Enric Casanovas","image":{"@type":"ImageObject","inLanguage":"es","@id":"https:\/\/conversesacatalunya.cat\/#\/schema\/person\/image\/","url":"https:\/\/conversesacatalunya.cat\/wp-content\/litespeed\/avatar\/7ae4379ad4421ec77820e92afd36dd78.jpg?ver=1777373933","contentUrl":"https:\/\/conversesacatalunya.cat\/wp-content\/litespeed\/avatar\/7ae4379ad4421ec77820e92afd36dd78.jpg?ver=1777373933","caption":"Enric Casanovas"},"url":"https:\/\/conversesacatalunya.cat\/es\/author\/enric-casanovas\/"}]}},"wps_subtitle":"Europa, continente de luz antigua, hoy mira el futuro con una desconcertante desaz\u00f3n.","_links":{"self":[{"href":"https:\/\/conversesacatalunya.cat\/es\/wp-json\/wp\/v2\/posts\/91652","targetHints":{"allow":["GET"]}}],"collection":[{"href":"https:\/\/conversesacatalunya.cat\/es\/wp-json\/wp\/v2\/posts"}],"about":[{"href":"https:\/\/conversesacatalunya.cat\/es\/wp-json\/wp\/v2\/types\/post"}],"author":[{"embeddable":true,"href":"https:\/\/conversesacatalunya.cat\/es\/wp-json\/wp\/v2\/users\/77"}],"replies":[{"embeddable":true,"href":"https:\/\/conversesacatalunya.cat\/es\/wp-json\/wp\/v2\/comments?post=91652"}],"version-history":[{"count":6,"href":"https:\/\/conversesacatalunya.cat\/es\/wp-json\/wp\/v2\/posts\/91652\/revisions"}],"predecessor-version":[{"id":91689,"href":"https:\/\/conversesacatalunya.cat\/es\/wp-json\/wp\/v2\/posts\/91652\/revisions\/91689"}],"wp:featuredmedia":[{"embeddable":true,"href":"https:\/\/conversesacatalunya.cat\/es\/wp-json\/wp\/v2\/media\/91677"}],"wp:attachment":[{"href":"https:\/\/conversesacatalunya.cat\/es\/wp-json\/wp\/v2\/media?parent=91652"}],"wp:term":[{"taxonomy":"category","embeddable":true,"href":"https:\/\/conversesacatalunya.cat\/es\/wp-json\/wp\/v2\/categories?post=91652"},{"taxonomy":"post_tag","embeddable":true,"href":"https:\/\/conversesacatalunya.cat\/es\/wp-json\/wp\/v2\/tags?post=91652"}],"curies":[{"name":"wp","href":"https:\/\/api.w.org\/{rel}","templated":true}]}}