{"id":91629,"date":"2025-09-08T09:57:03","date_gmt":"2025-09-08T07:57:03","guid":{"rendered":"https:\/\/conversesacatalunya.cat\/?p=91629"},"modified":"2025-09-17T09:19:40","modified_gmt":"2025-09-17T07:19:40","slug":"la-aparente-imposible-continuidad-historica-de-cataluna","status":"publish","type":"post","link":"https:\/\/conversesacatalunya.cat\/es\/la-aparente-imposible-continuidad-historica-de-cataluna\/","title":{"rendered":"Consideraci\u00f3n de Catalu\u00f1a (1) La aparente \u201cimposible\u201d continuidad hist\u00f3rica de Catalu\u00f1a"},"content":{"rendered":"<h4><strong><span dir=\"auto\"><span class=\"VIpgJd-yAWNEb-VIpgJd-fmcmS-sn54Q\" dir=\"auto\">\u00bfPor qu\u00e9 \u00abconsideraci\u00f3n\u00bb?<\/span><\/span><\/strong><\/h4>\n<p><span dir=\"auto\"><span class=\"VIpgJd-yAWNEb-VIpgJd-fmcmS-sn54Q\" dir=\"auto\">Uso la palabra con la misma intenci\u00f3n que -salvando las distancias tan abundantes que separan al autor-<span> <\/span><\/span><\/span><strong><span dir=\"auto\"><span class=\"VIpgJd-yAWNEb-VIpgJd-fmcmS-sn54Q\" dir=\"auto\">San Bernardo de Claraval<\/span><\/span><\/strong><span dir=\"auto\"><span class=\"VIpgJd-yAWNEb-VIpgJd-fmcmS-sn54Q\" dir=\"auto\"><span>\u00a0<\/span>\u00a0en la obra del mismo t\u00edtulo de la<span> \u00ab<\/span><\/span><\/span><strong><span dir=\"auto\"><span class=\"VIpgJd-yAWNEb-VIpgJd-fmcmS-sn54Q\" dir=\"auto\">consideratio\u00bb<\/span><\/span><\/strong><span dir=\"auto\"><span class=\"VIpgJd-yAWNEb-VIpgJd-fmcmS-sn54Q\" dir=\"auto\"><span>\u00a0<\/span>: no es solo pensar o reflexionar, sino detenerse, meditar, discernir y mirar las cosas con profundidad ante Dios.<\/span><\/span><\/p>\n<p><span>Bernardo contrapone la agitaci\u00f3n y dispersi\u00f3n de las ocupaciones pol\u00edticas y administrativas con la necesidad de conservar la interioridad, la contemplaci\u00f3n y el juicio claro. La consideraci\u00f3n en este caso es tanto una disciplina espiritual e intelectual que permite gobernar con sabidur\u00eda, pero que considera el \u201ctelos\u201d el de un concepto hoy renacido con fuerza como es el del florecimiento humano, que contempla las dimensiones econ\u00f3micas, pero que es limitado por ellas, porque sabe que la realizaci\u00f3n necesita adem\u00e1s de otros grandes componentes, para que una vida, la de un pueblo, rija.<\/span><\/p>\n<h4><strong><span dir=\"auto\"><span class=\"\" dir=\"auto\">Ramon d&#8217;Abadal, 1936: un diagn\u00f3stico todav\u00eda vigente<\/span><\/span><\/strong><\/h4>\n<p><span dir=\"auto\">El primero de enero de 1936, Ramon d&#8217;Abadal escrib\u00eda en<span>\u00a0<\/span><\/span><strong><em><span dir=\"auto\">Revisi\u00f3n de la b\u00fasqueda de un orden<\/span><\/em><\/strong><span dir=\"auto\"><span>\u00a0<\/span>unas palabras que hoy podr\u00edan pasar por un editorial contempor\u00e1neo. El historiador lamentaba que la pol\u00edtica catalana hubiera sido arrastrada por la an\u00e9cdota y por el instinto, sin una \u00abconcepci\u00f3n directiva\u00bb ni una reflexi\u00f3n profunda. Denunciaba que nuestros pol\u00edticos, salvo unos pocos excepcionales, no hab\u00edan hecho el esfuerzo<span>\u00a0<\/span><\/span><strong><span dir=\"auto\">de adquirir un bagaje intelectual<\/span><\/strong><span dir=\"auto\"><span>\u00a0<\/span>capaz de suplir la carencia de una tradici\u00f3n de gobierno propia.<\/span><\/p>\n<p><span dir=\"auto\"><span class=\"VIpgJd-yAWNEb-VIpgJd-fmcmS-sn54Q\" dir=\"auto\">Su frase m\u00e1s sobrecogedora a\u00fan interpela:<span>\u00a0<\/span><\/span><\/span><em><span dir=\"auto\"><span class=\"VIpgJd-yAWNEb-VIpgJd-fmcmS-sn54Q\" dir=\"auto\">\u00ab<strong>As\u00ed<\/strong><\/span><\/span><strong><span dir=\"auto\"><span class=\"VIpgJd-yAWNEb-VIpgJd-fmcmS-sn54Q\" dir=\"auto\"><strong>\u00a0<\/strong>hemos llegado a no saber muy bien qu\u00e9 queremos, c\u00f3mo lo queremos, por qu\u00e9 lo queremos, d\u00f3nde estamos y qu\u00e9 podemos\u00bb<\/span><\/span><\/strong><span dir=\"auto\"><span class=\"VIpgJd-yAWNEb-VIpgJd-fmcmS-sn54Q\" dir=\"auto\"><span>.<\/span>\u00a0Y lo que podemos resuena con m\u00e1s fuerza que nunca.<\/span><\/span><\/em><\/p>\n<p><span dir=\"auto\"><span class=\"VIpgJd-yAWNEb-VIpgJd-fmcmS-sn54Q\" dir=\"auto\">Hoy no estamos a las puertas de una guerra civil, pero s\u00ed ante una degradaci\u00f3n sostenida de la pol\u00edtica catalana. La falta de proyecto, la improvisaci\u00f3n constante y la ausencia de un debate riguroso sobre el pa\u00eds que queremos construyen una<span>\u00a0<\/span><\/span><\/span><strong><span dir=\"auto\"><span class=\"VIpgJd-yAWNEb-VIpgJd-fmcmS-sn54Q\" dir=\"auto\">sensaci\u00f3n de estancamiento<\/span><\/span><\/strong><span dir=\"auto\"><span class=\"VIpgJd-yAWNEb-VIpgJd-fmcmS-sn54Q\" dir=\"auto\"><span>.<\/span>\u00a0Las mismas carencias que Abadal se\u00f1alaba hace casi noventa a\u00f1os -superficialidad, falta de direcci\u00f3n y de autoexamen- siguen marcando el presente.<\/span><\/span><\/p>\n<p><span dir=\"auto\"><span class=\"VIpgJd-yAWNEb-VIpgJd-fmcmS-sn54Q\" dir=\"auto\">Quiz\u00e1, como \u00e9l suger\u00eda, ha llegado la hora de hacer lo que llamar\u00edan los franceses<span>\u00a0<\/span><\/span><\/span><em><span dir=\"auto\"><span class=\"VIpgJd-yAWNEb-VIpgJd-fmcmS-sn54Q\" dir=\"auto\">marquer le point:<\/span><\/span><\/em><span dir=\"auto\"><span class=\"VIpgJd-yAWNEb-VIpgJd-fmcmS-sn54Q\" dir=\"auto\">\u00a0detenernos, mirarnos al espejo y entender<span>\u00a0<\/span><\/span><\/span><strong><span dir=\"auto\"><span class=\"VIpgJd-yAWNEb-VIpgJd-fmcmS-sn54Q\" dir=\"auto\">qu\u00e9 somos, qu\u00e9 hemos sido y qu\u00e9 podemos ser<\/span><\/span><\/strong><span dir=\"auto\"><span class=\"VIpgJd-yAWNEb-VIpgJd-fmcmS-sn54Q\" dir=\"auto\"><span>.<\/span> Sin este ejercicio, dif\u00edcilmente Catalu\u00f1a saldr\u00e1 del laberinto en el que se encuentra atrapada.<\/span><\/span><\/p>\n<h4><strong><span dir=\"auto\"><span class=\"VIpgJd-yAWNEb-VIpgJd-fmcmS-sn54Q\" dir=\"auto\">Unos rasgos caracter\u00edsticos de Catalu\u00f1a<\/span><\/span><\/strong><\/h4>\n<ul>\n<li><span dir=\"auto\">sus debilidades geogr\u00e1ficas y materiales,<\/span><\/li>\n<li><span dir=\"auto\">la industrializaci\u00f3n pionera,<\/span><\/li>\n<li><span dir=\"auto\">los tres momentos clave (1714, 1936 y 1939),<\/span><\/li>\n<li><span dir=\"auto\">tres de los grandes vectores de fuerza: lengua y cultura, asociacionismo y religi\u00f3n.<\/span><\/li>\n<\/ul>\n<p><span>Que Catalu\u00f1a, como comunidad nacional con lengua, cultura y derechos propios, dotada de un amplio autogobierno, llegara hasta la tercera d\u00e9cada del siglo XX, a pesar de ser un pa\u00eds de lengua minoritaria y poblaci\u00f3n d\u00e9bil, situado entre dos gigantes hist\u00f3ricos en lengua y cultura como Espa\u00f1a y Francia, parece casi un imposible. Que esto lo haya logrado despu\u00e9s de grandes trastornos hist\u00f3ricos todav\u00eda lo hace m\u00e1s inveros\u00edmil. M\u00e1s dif\u00edcil todav\u00eda.<\/span><\/p>\n<p><span>Desde el siglo XVIII, Catalu\u00f1a registra inmigraciones de personas de lengua y cultura diferentes, algo que se acent\u00faa de manera extraordinaria en los siglos XX y XXI y que, evidentemente, crea fuertes dificultades y debilidades en lo que se refiere al hecho diferencial y fundamental de Catalu\u00f1a: su lengua y cultura.<\/span><\/p>\n<p><span>Es ins\u00f3lito que un pa\u00eds con escasos recursos naturales, sin cursos de agua importantes y navegables, sin una agricultura pr\u00f3spera, con pocas llanuras y un territorio monta\u00f1oso y roto, llegara a desarrollar una de las primeras revoluciones industriales de Espa\u00f1a y la mantuviera al m\u00e1ximo a lo largo del tiempo.<\/span><\/p>\n<p><span>Hist\u00f3ricamente, en el siglo XVII-XVIII, Catalu\u00f1a ten\u00eda un peso econ\u00f3mico dentro del conjunto espa\u00f1ol que no difer\u00eda demasiado de lo que hoy tiene Extremadura. Era la \u00e9poca en la que quien cortaba el bacalao econ\u00f3mico eran Andaluc\u00eda y Castilla.<\/span><\/p>\n<p><span>Era una sociedad cerre\u00f1a, malavenida, con un bandolerismo importante y mal comunicada. Esta \u00faltima caracter\u00edstica ha persistido hasta \u00e9pocas muy recientes. Un pa\u00eds profundamente rural y tradicional, que se abri\u00f3 camino por s\u00ed solo -a diferencia del Pa\u00eds Vasco no dispon\u00eda de los capitales ingleses interesados \u200b\u200ben explotar el potencial sider\u00fargico de aquel pa\u00eds- la abundancia de mineral de hierro de alta calidad (pobre en f\u00f3sforo), muy demandado en Europa, la proximidad del carb\u00f3n de Asturias, el puerto de Bilbao que facilitaba la exportaci\u00f3n hacia Gran Breta\u00f1a y la importaci\u00f3n de carb\u00f3n brit\u00e1nico: el capitalismo ingl\u00e9s fue decisivo en un principio, con inversiones en la miner\u00eda y el comercio del hierro, mientras que el capitalismo espa\u00f1ol (burgues\u00eda vasca, naviera, bancaria e industrial) consolid\u00f3 el proceso creando altos hornos, astilleros y bancos.<\/span><\/p>\n<p><span>Nada parecido ten\u00eda Catalu\u00f1a salvo en el caso del puerto de Barcelona capital para las exportaciones e importaciones. La revoluci\u00f3n industrial m\u00e1s grande e importante de Espa\u00f1a por su dimensi\u00f3n demogr\u00e1fica se hizo en Catalu\u00f1a y tuvo como epicentro una gran ciudad: Barcelona.<\/span><\/p>\n<h5><strong><span dir=\"auto\"><span class=\"VIpgJd-yAWNEb-VIpgJd-fmcmS-sn54Q\" dir=\"auto\">Toda esta trayectoria de \u00e9xito, o al menos de superaci\u00f3n, ante golpes adversos \u2014algunos de ellos demoledores\u2014, tiene tres momentos clave: 1714, 1936 y 1939.<\/span><\/span><\/strong><\/h5>\n<p><span dir=\"auto\"><span class=\"VIpgJd-yAWNEb-VIpgJd-fmcmS-sn54Q\" dir=\"auto\">Catalu\u00f1a logr\u00f3 superar la crueldad y el destrozo interno de la Guerra del Franc\u00e9s, provocada no solo por los enemigos, sino tambi\u00e9n por la depredaci\u00f3n de las tropas espa\u00f1olas. Tambi\u00e9n sobrevivi\u00f3 a las guerras carlistas y liberales, de una intensidad extraordinaria, que desencajaron y fragmentaron el pa\u00eds.<\/span><\/span><\/p>\n<p><span dir=\"auto\">Todo esto es extraordinario. Pero constato que este \u201cextra\u201d ha terminado y que hemos entrado en un declive \u2014m\u00e1s o menos largo, m\u00e1s o menos lento\u2014, precisamente en uno de los momentos hist\u00f3ricos en los que Catalu\u00f1a<span>\u00a0<\/span><\/span><strong><span dir=\"auto\">ha tenido mayor capacidad de autogobierno.<\/span><\/strong><span dir=\"auto\"><span>\u00a0<\/span>C\u00f3mo es posible. La consideraci\u00f3n se lleva por dos caminos l\u00f3gicos; uno que han fallado fuerzas que exist\u00edan en el pasado y que eran sencillamente necesarias. El otro, que el poder pol\u00edtico es incapaz de suplirlas porque es limitado y porque est\u00e1 p\u00e9simamente ejercitado.<\/span><\/p>\n<span class='bctt-click-to-tweet'><span class='bctt-ctt-text'><a href='https:\/\/twitter.com\/intent\/tweet?url=https%3A%2F%2Fconversesacatalunya.cat%2Fes%2Fla-aparente-imposible-continuidad-historica-de-cataluna%2F&#038;text=Catalu%C3%B1a%20ha%20sobrevivido%20en%201714%2C%20en%20guerras%20carlistas%20y%20en%201939.%20Pero%20hoy%2C%20con%20m%C3%A1s%20autogobierno%20que%20nunca%2C%20parece%20atascada.%20%C2%BFPor%20qu%C3%A9%3F%20%23Catalunya%20%23Historia&#038;via=conversesacat&#038;related=conversesacat' target='_blank'rel=\"noopener noreferrer\">Catalu\u00f1a ha sobrevivido en 1714, en guerras carlistas y en 1939. Pero hoy, con m\u00e1s autogobierno que nunca, parece atascada. \u00bfPor qu\u00e9? #Catalunya #Historia <\/a><\/span><a href='https:\/\/twitter.com\/intent\/tweet?url=https%3A%2F%2Fconversesacatalunya.cat%2Fes%2Fla-aparente-imposible-continuidad-historica-de-cataluna%2F&#038;text=Catalu%C3%B1a%20ha%20sobrevivido%20en%201714%2C%20en%20guerras%20carlistas%20y%20en%201939.%20Pero%20hoy%2C%20con%20m%C3%A1s%20autogobierno%20que%20nunca%2C%20parece%20atascada.%20%C2%BFPor%20qu%C3%A9%3F%20%23Catalunya%20%23Historia&#038;via=conversesacat&#038;related=conversesacat' target='_blank' class='bctt-ctt-btn'rel=\"noopener noreferrer\">Compartir en X<\/a><\/span>\n<div id=\"polls-295\" class=\"wp-polls\">\n\t<form id=\"polls_form_295\" class=\"wp-polls-form\" action=\"\/index.php\" method=\"post\">\n\t\t<p style=\"display: none;\"><input type=\"hidden\" id=\"poll_295_nonce\" name=\"wp-polls-nonce\" value=\"2c30c693a9\" \/><\/p>\n\t\t<p style=\"display: none;\"><input type=\"hidden\" name=\"poll_id\" value=\"295\" \/><\/p>\n\t\t<p style=\"text-align: center\"><strong>El president Illa, en una recent entrevista a La Vanguardia ha reivindicat com a positiu l'elevada pressi\u00f3 fiscal de Catalunya. Comparteixes aquest punt de vista?<\/strong><\/p><div id=\"polls-295-ans\" class=\"wp-polls-ans\"><ul class=\"wp-polls-ul\">\n\t\t<li><input type=\"radio\" id=\"poll-answer-842\" name=\"poll_295\" value=\"842\" \/> <label for=\"poll-answer-842\">S\u00ed<\/label><\/li>\n\t\t<li><input type=\"radio\" id=\"poll-answer-843\" name=\"poll_295\" value=\"843\" \/> <label for=\"poll-answer-843\">No<\/label><\/li>\n\t\t<li><input type=\"radio\" id=\"poll-answer-844\" name=\"poll_295\" value=\"844\" \/> <label for=\"poll-answer-844\">No ho s\u00e9<\/label><\/li>\n\t\t<\/ul><p style=\"text-align: center\"><input type=\"button\" name=\"vote\" value=\"   Vota   \" class=\"Buttons\" onclick=\"poll_vote(295);\" \/><\/p><p style=\"text-align: center\"><a href=\"#ViewPollResults\" onclick=\"poll_result(295); return false;\" title=\"View Results Of This Poll\">Mira els resultats<\/a><\/p><\/div>\n\t<\/form>\n<\/div>\n<div id=\"polls-295-loading\" class=\"wp-polls-loading\"><img decoding=\"async\" data-src=\"https:\/\/conversesacatalunya.cat\/wp-content\/plugins\/wp-polls\/images\/loading.gif\" width=\"16\" height=\"16\" alt=\"Cargando ...\" title=\"Cargando ...\" class=\"wp-polls-image lazyload\" src=\"data:image\/svg+xml;base64,PHN2ZyB3aWR0aD0iMSIgaGVpZ2h0PSIxIiB4bWxucz0iaHR0cDovL3d3dy53My5vcmcvMjAwMC9zdmciPjwvc3ZnPg==\" style=\"--smush-placeholder-width: 16px; --smush-placeholder-aspect-ratio: 16\/16;\" \/>&nbsp;Cargando ...<\/div>\n\n<p>&nbsp;<\/p>\n","protected":false},"excerpt":{"rendered":"<p>\u00bfPor qu\u00e9 \u00abconsideraci\u00f3n\u00bb? Uso la palabra con la misma intenci\u00f3n que -salvando las distancias tan abundantes que separan al autor- San Bernardo de Claraval\u00a0\u00a0en la obra del mismo t\u00edtulo de la \u00abconsideratio\u00bb\u00a0: no es solo pensar o reflexionar, sino detenerse, meditar, discernir y mirar las cosas con profundidad ante Dios. Bernardo contrapone la agitaci\u00f3n y dispersi\u00f3n de las ocupaciones pol\u00edticas y administrativas con la necesidad de conservar la interioridad, la contemplaci\u00f3n y el juicio claro. La consideraci\u00f3n en este caso es tanto una disciplina espiritual e intelectual que permite gobernar con sabidur\u00eda, pero que considera el \u201ctelos\u201d el de un concepto hoy renacido con fuerza como es el del florecimiento humano, que contempla las dimensiones econ\u00f3micas, pero que es limitado por ellas, porque sabe que la realizaci\u00f3n necesita adem\u00e1s de otros grandes componentes, para que una vida, la de un pueblo, rija. Ramon d&#8217;Abadal, 1936: un diagn\u00f3stico todav\u00eda vigente El primero de enero de 1936, Ramon d&#8217;Abadal escrib\u00eda en\u00a0Revisi\u00f3n de la b\u00fasqueda de un orden\u00a0unas palabras que hoy podr\u00edan pasar por un editorial contempor\u00e1neo. El historiador lamentaba que la pol\u00edtica catalana hubiera sido arrastrada por la an\u00e9cdota y por el instinto, sin una \u00abconcepci\u00f3n directiva\u00bb ni una reflexi\u00f3n profunda. Denunciaba que nuestros pol\u00edticos, salvo unos pocos excepcionales, no hab\u00edan hecho el esfuerzo\u00a0de adquirir un bagaje intelectual\u00a0capaz de suplir la carencia de una tradici\u00f3n de gobierno propia. Su frase m\u00e1s sobrecogedora a\u00fan interpela:\u00a0\u00abAs\u00ed\u00a0hemos llegado a no saber muy bien qu\u00e9 queremos, c\u00f3mo lo queremos, por qu\u00e9 lo queremos, d\u00f3nde estamos y qu\u00e9 podemos\u00bb.\u00a0Y lo que podemos resuena con m\u00e1s fuerza que nunca. Hoy no estamos a las puertas de una guerra civil, pero s\u00ed ante una degradaci\u00f3n sostenida de la pol\u00edtica catalana. La falta de proyecto, la improvisaci\u00f3n constante y la ausencia de un debate riguroso sobre el pa\u00eds que queremos construyen una\u00a0sensaci\u00f3n de estancamiento.\u00a0Las mismas carencias que Abadal se\u00f1alaba hace casi noventa a\u00f1os -superficialidad, falta de direcci\u00f3n y de autoexamen- siguen marcando el presente. Quiz\u00e1, como \u00e9l suger\u00eda, ha llegado la hora de hacer lo que llamar\u00edan los franceses\u00a0marquer le point:\u00a0detenernos, mirarnos al espejo y entender\u00a0qu\u00e9 somos, qu\u00e9 hemos sido y qu\u00e9 podemos ser. Sin este ejercicio, dif\u00edcilmente Catalu\u00f1a saldr\u00e1 del laberinto en el que se encuentra atrapada. Unos rasgos caracter\u00edsticos de Catalu\u00f1a sus debilidades geogr\u00e1ficas y materiales, la industrializaci\u00f3n pionera, los tres momentos clave (1714, 1936 y 1939), tres de los grandes vectores de fuerza: lengua y cultura, asociacionismo y religi\u00f3n. Que Catalu\u00f1a, como comunidad nacional con lengua, cultura y derechos propios, dotada de un amplio autogobierno, llegara hasta la tercera d\u00e9cada del siglo XX, a pesar de ser un pa\u00eds de lengua minoritaria y poblaci\u00f3n d\u00e9bil, situado entre dos gigantes hist\u00f3ricos en lengua y cultura como Espa\u00f1a y Francia, parece casi un imposible. Que esto lo haya logrado despu\u00e9s de grandes trastornos hist\u00f3ricos todav\u00eda lo hace m\u00e1s inveros\u00edmil. M\u00e1s dif\u00edcil todav\u00eda. Desde el siglo XVIII, Catalu\u00f1a registra inmigraciones de personas de lengua y cultura diferentes, algo que se acent\u00faa de manera extraordinaria en los siglos XX y XXI y que, evidentemente, crea fuertes dificultades y debilidades en lo que se refiere al hecho diferencial y fundamental de Catalu\u00f1a: su lengua y cultura. Es ins\u00f3lito que un pa\u00eds con escasos recursos naturales, sin cursos de agua importantes y navegables, sin una agricultura pr\u00f3spera, con pocas llanuras y un territorio monta\u00f1oso y roto, llegara a desarrollar una de las primeras revoluciones industriales de Espa\u00f1a y la mantuviera al m\u00e1ximo a lo largo del tiempo. Hist\u00f3ricamente, en el siglo XVII-XVIII, Catalu\u00f1a ten\u00eda un peso econ\u00f3mico dentro del conjunto espa\u00f1ol que no difer\u00eda demasiado de lo que hoy tiene Extremadura. Era la \u00e9poca en la que quien cortaba el bacalao econ\u00f3mico eran Andaluc\u00eda y Castilla. Era una sociedad cerre\u00f1a, malavenida, con un bandolerismo importante y mal comunicada. Esta \u00faltima caracter\u00edstica ha persistido hasta \u00e9pocas muy recientes. Un pa\u00eds profundamente rural y tradicional, que se abri\u00f3 camino por s\u00ed solo -a diferencia del Pa\u00eds Vasco no dispon\u00eda de los capitales ingleses interesados \u200b\u200ben explotar el potencial sider\u00fargico de aquel pa\u00eds- la abundancia de mineral de hierro de alta calidad (pobre en f\u00f3sforo), muy demandado en Europa, la proximidad del carb\u00f3n de Asturias, el puerto de Bilbao que facilitaba la exportaci\u00f3n hacia Gran Breta\u00f1a y la importaci\u00f3n de carb\u00f3n brit\u00e1nico: el capitalismo ingl\u00e9s fue decisivo en un principio, con inversiones en la miner\u00eda y el comercio del hierro, mientras que el capitalismo espa\u00f1ol (burgues\u00eda vasca, naviera, bancaria e industrial) consolid\u00f3 el proceso creando altos hornos, astilleros y bancos. Nada parecido ten\u00eda Catalu\u00f1a salvo en el caso del puerto de Barcelona capital para las exportaciones e importaciones. La revoluci\u00f3n industrial m\u00e1s grande e importante de Espa\u00f1a por su dimensi\u00f3n demogr\u00e1fica se hizo en Catalu\u00f1a y tuvo como epicentro una gran ciudad: Barcelona. Toda esta trayectoria de \u00e9xito, o al menos de superaci\u00f3n, ante golpes adversos \u2014algunos de ellos demoledores\u2014, tiene tres momentos clave: 1714, 1936 y 1939. Catalu\u00f1a logr\u00f3 superar la crueldad y el destrozo interno de la Guerra del Franc\u00e9s, provocada no solo por los enemigos, sino tambi\u00e9n por la depredaci\u00f3n de las tropas espa\u00f1olas. Tambi\u00e9n sobrevivi\u00f3 a las guerras carlistas y liberales, de una intensidad extraordinaria, que desencajaron y fragmentaron el pa\u00eds. Todo esto es extraordinario. Pero constato que este \u201cextra\u201d ha terminado y que hemos entrado en un declive \u2014m\u00e1s o menos largo, m\u00e1s o menos lento\u2014, precisamente en uno de los momentos hist\u00f3ricos en los que Catalu\u00f1a\u00a0ha tenido mayor capacidad de autogobierno.\u00a0C\u00f3mo es posible. La consideraci\u00f3n se lleva por dos caminos l\u00f3gicos; uno que han fallado fuerzas que exist\u00edan en el pasado y que eran sencillamente necesarias. El otro, que el poder pol\u00edtico es incapaz de suplirlas porque es limitado y porque est\u00e1 p\u00e9simamente ejercitado. &nbsp;<\/p>\n","protected":false},"author":19,"featured_media":91626,"comment_status":"open","ping_status":"open","sticky":false,"template":"","format":"standard","meta":{"_FSMCFIC_featured_image_caption":"","_FSMCFIC_featured_image_nocaption":"","_FSMCFIC_featured_image_hide":"","footnotes":""},"categories":[796],"tags":[865,845,5401,5402],"class_list":["post-91629","post","type-post","status-publish","format-standard","has-post-thumbnail","hentry","category-el-blog-de-josep-miro-i-ardevol-es","tag-cataluna","tag-catalunya-es","tag-consideracio-de-catalunya-es","tag-consideracion-de-cataluna"],"yoast_head":"<!-- This site is optimized with the Yoast SEO plugin v26.8 - https:\/\/yoast.com\/product\/yoast-seo-wordpress\/ -->\n<title>La continuidad hist\u00f3rica de Catalu\u00f1a: una consideraci\u00f3n necesaria<\/title>\n<meta name=\"description\" content=\"La continuidad hist\u00f3rica de Catalu\u00f1a: un recorrido cr\u00edtico sobre las debilidades y fortalezas de Catalu\u00f1a, desde 1714 hasta la fecha.\" \/>\n<meta name=\"robots\" content=\"index, follow, max-snippet:-1, max-image-preview:large, max-video-preview:-1\" \/>\n<link rel=\"canonical\" href=\"https:\/\/conversesacatalunya.cat\/es\/la-aparente-imposible-continuidad-historica-de-cataluna\/\" \/>\n<meta property=\"og:locale\" content=\"es_ES\" \/>\n<meta property=\"og:type\" content=\"article\" \/>\n<meta property=\"og:title\" content=\"La continuidad hist\u00f3rica de Catalu\u00f1a: una consideraci\u00f3n necesaria\" \/>\n<meta property=\"og:description\" content=\"La continuidad hist\u00f3rica de Catalu\u00f1a: un recorrido cr\u00edtico sobre las debilidades y fortalezas de Catalu\u00f1a, desde 1714 hasta la fecha.\" \/>\n<meta property=\"og:url\" content=\"https:\/\/conversesacatalunya.cat\/es\/la-aparente-imposible-continuidad-historica-de-cataluna\/\" \/>\n<meta property=\"og:site_name\" content=\"Converses a Catalunya\" \/>\n<meta property=\"article:published_time\" content=\"2025-09-08T07:57:03+00:00\" \/>\n<meta property=\"article:modified_time\" content=\"2025-09-17T07:19:40+00:00\" \/>\n<meta property=\"og:image\" content=\"https:\/\/conversesacatalunya.cat\/wp-content\/uploads\/2025\/09\/Captura-2.jpg\" \/>\n\t<meta property=\"og:image:width\" content=\"544\" \/>\n\t<meta property=\"og:image:height\" content=\"451\" \/>\n\t<meta property=\"og:image:type\" content=\"image\/jpeg\" \/>\n<meta name=\"author\" content=\"Josep Mir\u00f3 i Ard\u00e8vol\" \/>\n<meta name=\"twitter:card\" content=\"summary_large_image\" \/>\n<meta name=\"twitter:label1\" content=\"Escrito por\" \/>\n\t<meta name=\"twitter:data1\" content=\"Josep Mir\u00f3 i Ard\u00e8vol\" \/>\n\t<meta name=\"twitter:label2\" content=\"Tiempo de lectura\" \/>\n\t<meta name=\"twitter:data2\" content=\"6 minutos\" \/>\n<script type=\"application\/ld+json\" class=\"yoast-schema-graph\">{\"@context\":\"https:\/\/schema.org\",\"@graph\":[{\"@type\":\"Article\",\"@id\":\"https:\/\/conversesacatalunya.cat\/es\/la-aparente-imposible-continuidad-historica-de-cataluna\/#article\",\"isPartOf\":{\"@id\":\"https:\/\/conversesacatalunya.cat\/es\/la-aparente-imposible-continuidad-historica-de-cataluna\/\"},\"author\":{\"name\":\"Josep Mir\u00f3 i Ard\u00e8vol\",\"@id\":\"https:\/\/conversesacatalunya.cat\/#\/schema\/person\/a9598a6786ba7d3d1c5e0de477b79370\"},\"headline\":\"Consideraci\u00f3n de Catalu\u00f1a (1) La aparente \u201cimposible\u201d continuidad hist\u00f3rica de Catalu\u00f1a\",\"datePublished\":\"2025-09-08T07:57:03+00:00\",\"dateModified\":\"2025-09-17T07:19:40+00:00\",\"mainEntityOfPage\":{\"@id\":\"https:\/\/conversesacatalunya.cat\/es\/la-aparente-imposible-continuidad-historica-de-cataluna\/\"},\"wordCount\":1122,\"commentCount\":0,\"image\":{\"@id\":\"https:\/\/conversesacatalunya.cat\/es\/la-aparente-imposible-continuidad-historica-de-cataluna\/#primaryimage\"},\"thumbnailUrl\":\"https:\/\/conversesacatalunya.cat\/wp-content\/uploads\/2025\/09\/Captura-2.jpg\",\"keywords\":[\"Catalu\u00f1a\",\"Catalunya\",\"consideraci\u00f3 de Catalunya\",\"Consideraci\u00f3n de Catalu\u00f1a\"],\"articleSection\":[\"El Blog de Josep Mir\u00f3 i Ard\u00e8vol (ES)\"],\"inLanguage\":\"es\",\"potentialAction\":[{\"@type\":\"CommentAction\",\"name\":\"Comment\",\"target\":[\"https:\/\/conversesacatalunya.cat\/es\/la-aparente-imposible-continuidad-historica-de-cataluna\/#respond\"]}]},{\"@type\":\"WebPage\",\"@id\":\"https:\/\/conversesacatalunya.cat\/es\/la-aparente-imposible-continuidad-historica-de-cataluna\/\",\"url\":\"https:\/\/conversesacatalunya.cat\/es\/la-aparente-imposible-continuidad-historica-de-cataluna\/\",\"name\":\"La continuidad hist\u00f3rica de Catalu\u00f1a: una consideraci\u00f3n necesaria\",\"isPartOf\":{\"@id\":\"https:\/\/conversesacatalunya.cat\/#website\"},\"primaryImageOfPage\":{\"@id\":\"https:\/\/conversesacatalunya.cat\/es\/la-aparente-imposible-continuidad-historica-de-cataluna\/#primaryimage\"},\"image\":{\"@id\":\"https:\/\/conversesacatalunya.cat\/es\/la-aparente-imposible-continuidad-historica-de-cataluna\/#primaryimage\"},\"thumbnailUrl\":\"https:\/\/conversesacatalunya.cat\/wp-content\/uploads\/2025\/09\/Captura-2.jpg\",\"datePublished\":\"2025-09-08T07:57:03+00:00\",\"dateModified\":\"2025-09-17T07:19:40+00:00\",\"author\":{\"@id\":\"https:\/\/conversesacatalunya.cat\/#\/schema\/person\/a9598a6786ba7d3d1c5e0de477b79370\"},\"description\":\"La continuidad hist\u00f3rica de Catalu\u00f1a: un recorrido cr\u00edtico sobre las debilidades y fortalezas de Catalu\u00f1a, desde 1714 hasta la fecha.\",\"breadcrumb\":{\"@id\":\"https:\/\/conversesacatalunya.cat\/es\/la-aparente-imposible-continuidad-historica-de-cataluna\/#breadcrumb\"},\"inLanguage\":\"es\",\"potentialAction\":[{\"@type\":\"ReadAction\",\"target\":[\"https:\/\/conversesacatalunya.cat\/es\/la-aparente-imposible-continuidad-historica-de-cataluna\/\"]}]},{\"@type\":\"ImageObject\",\"inLanguage\":\"es\",\"@id\":\"https:\/\/conversesacatalunya.cat\/es\/la-aparente-imposible-continuidad-historica-de-cataluna\/#primaryimage\",\"url\":\"https:\/\/conversesacatalunya.cat\/wp-content\/uploads\/2025\/09\/Captura-2.jpg\",\"contentUrl\":\"https:\/\/conversesacatalunya.cat\/wp-content\/uploads\/2025\/09\/Captura-2.jpg\",\"width\":544,\"height\":451,\"caption\":\"continu\u00efdad hist\u00f3rica Catalu\u00f1a\"},{\"@type\":\"BreadcrumbList\",\"@id\":\"https:\/\/conversesacatalunya.cat\/es\/la-aparente-imposible-continuidad-historica-de-cataluna\/#breadcrumb\",\"itemListElement\":[{\"@type\":\"ListItem\",\"position\":1,\"name\":\"Inici\",\"item\":\"https:\/\/conversesacatalunya.cat\/es\/\"},{\"@type\":\"ListItem\",\"position\":2,\"name\":\"Consideraci\u00f3n de Catalu\u00f1a (1) La aparente \u201cimposible\u201d continuidad hist\u00f3rica de Catalu\u00f1a\"}]},{\"@type\":\"WebSite\",\"@id\":\"https:\/\/conversesacatalunya.cat\/#website\",\"url\":\"https:\/\/conversesacatalunya.cat\/\",\"name\":\"Converses a Catalunya\",\"description\":\"\",\"potentialAction\":[{\"@type\":\"SearchAction\",\"target\":{\"@type\":\"EntryPoint\",\"urlTemplate\":\"https:\/\/conversesacatalunya.cat\/?s={search_term_string}\"},\"query-input\":{\"@type\":\"PropertyValueSpecification\",\"valueRequired\":true,\"valueName\":\"search_term_string\"}}],\"inLanguage\":\"es\"},{\"@type\":\"Person\",\"@id\":\"https:\/\/conversesacatalunya.cat\/#\/schema\/person\/a9598a6786ba7d3d1c5e0de477b79370\",\"name\":\"Josep Mir\u00f3 i Ard\u00e8vol\",\"image\":{\"@type\":\"ImageObject\",\"inLanguage\":\"es\",\"@id\":\"https:\/\/conversesacatalunya.cat\/#\/schema\/person\/image\/\",\"url\":\"https:\/\/conversesacatalunya.cat\/wp-content\/litespeed\/avatar\/c37e3dc881857483d6694cdf98fdedea.jpg?ver=1776665324\",\"contentUrl\":\"https:\/\/conversesacatalunya.cat\/wp-content\/litespeed\/avatar\/c37e3dc881857483d6694cdf98fdedea.jpg?ver=1776665324\",\"caption\":\"Josep Mir\u00f3 i Ard\u00e8vol\"},\"url\":\"https:\/\/conversesacatalunya.cat\/es\/author\/josep-miro-i-ardevol\/\"}]}<\/script>\n<!-- \/ Yoast SEO plugin. -->","yoast_head_json":{"title":"La continuidad hist\u00f3rica de Catalu\u00f1a: una consideraci\u00f3n necesaria","description":"La continuidad hist\u00f3rica de Catalu\u00f1a: un recorrido cr\u00edtico sobre las debilidades y fortalezas de Catalu\u00f1a, desde 1714 hasta la fecha.","robots":{"index":"index","follow":"follow","max-snippet":"max-snippet:-1","max-image-preview":"max-image-preview:large","max-video-preview":"max-video-preview:-1"},"canonical":"https:\/\/conversesacatalunya.cat\/es\/la-aparente-imposible-continuidad-historica-de-cataluna\/","og_locale":"es_ES","og_type":"article","og_title":"La continuidad hist\u00f3rica de Catalu\u00f1a: una consideraci\u00f3n necesaria","og_description":"La continuidad hist\u00f3rica de Catalu\u00f1a: un recorrido cr\u00edtico sobre las debilidades y fortalezas de Catalu\u00f1a, desde 1714 hasta la fecha.","og_url":"https:\/\/conversesacatalunya.cat\/es\/la-aparente-imposible-continuidad-historica-de-cataluna\/","og_site_name":"Converses a Catalunya","article_published_time":"2025-09-08T07:57:03+00:00","article_modified_time":"2025-09-17T07:19:40+00:00","og_image":[{"width":544,"height":451,"url":"https:\/\/conversesacatalunya.cat\/wp-content\/uploads\/2025\/09\/Captura-2.jpg","type":"image\/jpeg"}],"author":"Josep Mir\u00f3 i Ard\u00e8vol","twitter_card":"summary_large_image","twitter_misc":{"Escrito por":"Josep Mir\u00f3 i Ard\u00e8vol","Tiempo de lectura":"6 minutos"},"schema":{"@context":"https:\/\/schema.org","@graph":[{"@type":"Article","@id":"https:\/\/conversesacatalunya.cat\/es\/la-aparente-imposible-continuidad-historica-de-cataluna\/#article","isPartOf":{"@id":"https:\/\/conversesacatalunya.cat\/es\/la-aparente-imposible-continuidad-historica-de-cataluna\/"},"author":{"name":"Josep Mir\u00f3 i Ard\u00e8vol","@id":"https:\/\/conversesacatalunya.cat\/#\/schema\/person\/a9598a6786ba7d3d1c5e0de477b79370"},"headline":"Consideraci\u00f3n de Catalu\u00f1a (1) La aparente \u201cimposible\u201d continuidad hist\u00f3rica de Catalu\u00f1a","datePublished":"2025-09-08T07:57:03+00:00","dateModified":"2025-09-17T07:19:40+00:00","mainEntityOfPage":{"@id":"https:\/\/conversesacatalunya.cat\/es\/la-aparente-imposible-continuidad-historica-de-cataluna\/"},"wordCount":1122,"commentCount":0,"image":{"@id":"https:\/\/conversesacatalunya.cat\/es\/la-aparente-imposible-continuidad-historica-de-cataluna\/#primaryimage"},"thumbnailUrl":"https:\/\/conversesacatalunya.cat\/wp-content\/uploads\/2025\/09\/Captura-2.jpg","keywords":["Catalu\u00f1a","Catalunya","consideraci\u00f3 de Catalunya","Consideraci\u00f3n de Catalu\u00f1a"],"articleSection":["El Blog de Josep Mir\u00f3 i Ard\u00e8vol (ES)"],"inLanguage":"es","potentialAction":[{"@type":"CommentAction","name":"Comment","target":["https:\/\/conversesacatalunya.cat\/es\/la-aparente-imposible-continuidad-historica-de-cataluna\/#respond"]}]},{"@type":"WebPage","@id":"https:\/\/conversesacatalunya.cat\/es\/la-aparente-imposible-continuidad-historica-de-cataluna\/","url":"https:\/\/conversesacatalunya.cat\/es\/la-aparente-imposible-continuidad-historica-de-cataluna\/","name":"La continuidad hist\u00f3rica de Catalu\u00f1a: una consideraci\u00f3n necesaria","isPartOf":{"@id":"https:\/\/conversesacatalunya.cat\/#website"},"primaryImageOfPage":{"@id":"https:\/\/conversesacatalunya.cat\/es\/la-aparente-imposible-continuidad-historica-de-cataluna\/#primaryimage"},"image":{"@id":"https:\/\/conversesacatalunya.cat\/es\/la-aparente-imposible-continuidad-historica-de-cataluna\/#primaryimage"},"thumbnailUrl":"https:\/\/conversesacatalunya.cat\/wp-content\/uploads\/2025\/09\/Captura-2.jpg","datePublished":"2025-09-08T07:57:03+00:00","dateModified":"2025-09-17T07:19:40+00:00","author":{"@id":"https:\/\/conversesacatalunya.cat\/#\/schema\/person\/a9598a6786ba7d3d1c5e0de477b79370"},"description":"La continuidad hist\u00f3rica de Catalu\u00f1a: un recorrido cr\u00edtico sobre las debilidades y fortalezas de Catalu\u00f1a, desde 1714 hasta la fecha.","breadcrumb":{"@id":"https:\/\/conversesacatalunya.cat\/es\/la-aparente-imposible-continuidad-historica-de-cataluna\/#breadcrumb"},"inLanguage":"es","potentialAction":[{"@type":"ReadAction","target":["https:\/\/conversesacatalunya.cat\/es\/la-aparente-imposible-continuidad-historica-de-cataluna\/"]}]},{"@type":"ImageObject","inLanguage":"es","@id":"https:\/\/conversesacatalunya.cat\/es\/la-aparente-imposible-continuidad-historica-de-cataluna\/#primaryimage","url":"https:\/\/conversesacatalunya.cat\/wp-content\/uploads\/2025\/09\/Captura-2.jpg","contentUrl":"https:\/\/conversesacatalunya.cat\/wp-content\/uploads\/2025\/09\/Captura-2.jpg","width":544,"height":451,"caption":"continu\u00efdad hist\u00f3rica Catalu\u00f1a"},{"@type":"BreadcrumbList","@id":"https:\/\/conversesacatalunya.cat\/es\/la-aparente-imposible-continuidad-historica-de-cataluna\/#breadcrumb","itemListElement":[{"@type":"ListItem","position":1,"name":"Inici","item":"https:\/\/conversesacatalunya.cat\/es\/"},{"@type":"ListItem","position":2,"name":"Consideraci\u00f3n de Catalu\u00f1a (1) La aparente \u201cimposible\u201d continuidad hist\u00f3rica de Catalu\u00f1a"}]},{"@type":"WebSite","@id":"https:\/\/conversesacatalunya.cat\/#website","url":"https:\/\/conversesacatalunya.cat\/","name":"Converses a Catalunya","description":"","potentialAction":[{"@type":"SearchAction","target":{"@type":"EntryPoint","urlTemplate":"https:\/\/conversesacatalunya.cat\/?s={search_term_string}"},"query-input":{"@type":"PropertyValueSpecification","valueRequired":true,"valueName":"search_term_string"}}],"inLanguage":"es"},{"@type":"Person","@id":"https:\/\/conversesacatalunya.cat\/#\/schema\/person\/a9598a6786ba7d3d1c5e0de477b79370","name":"Josep Mir\u00f3 i Ard\u00e8vol","image":{"@type":"ImageObject","inLanguage":"es","@id":"https:\/\/conversesacatalunya.cat\/#\/schema\/person\/image\/","url":"https:\/\/conversesacatalunya.cat\/wp-content\/litespeed\/avatar\/c37e3dc881857483d6694cdf98fdedea.jpg?ver=1776665324","contentUrl":"https:\/\/conversesacatalunya.cat\/wp-content\/litespeed\/avatar\/c37e3dc881857483d6694cdf98fdedea.jpg?ver=1776665324","caption":"Josep Mir\u00f3 i Ard\u00e8vol"},"url":"https:\/\/conversesacatalunya.cat\/es\/author\/josep-miro-i-ardevol\/"}]}},"wps_subtitle":"Un recorrido cr\u00edtico sobre las debilidades y fortalezas de Catalu\u00f1a, desde 1714 hasta la fecha. Reflexi\u00f3n sobre el legado d'Abadal y la necesidad de una nueva consideraci\u00f3n para salir del actual declive pol\u00edtico.","_links":{"self":[{"href":"https:\/\/conversesacatalunya.cat\/es\/wp-json\/wp\/v2\/posts\/91629","targetHints":{"allow":["GET"]}}],"collection":[{"href":"https:\/\/conversesacatalunya.cat\/es\/wp-json\/wp\/v2\/posts"}],"about":[{"href":"https:\/\/conversesacatalunya.cat\/es\/wp-json\/wp\/v2\/types\/post"}],"author":[{"embeddable":true,"href":"https:\/\/conversesacatalunya.cat\/es\/wp-json\/wp\/v2\/users\/19"}],"replies":[{"embeddable":true,"href":"https:\/\/conversesacatalunya.cat\/es\/wp-json\/wp\/v2\/comments?post=91629"}],"version-history":[{"count":7,"href":"https:\/\/conversesacatalunya.cat\/es\/wp-json\/wp\/v2\/posts\/91629\/revisions"}],"predecessor-version":[{"id":91641,"href":"https:\/\/conversesacatalunya.cat\/es\/wp-json\/wp\/v2\/posts\/91629\/revisions\/91641"}],"wp:featuredmedia":[{"embeddable":true,"href":"https:\/\/conversesacatalunya.cat\/es\/wp-json\/wp\/v2\/media\/91626"}],"wp:attachment":[{"href":"https:\/\/conversesacatalunya.cat\/es\/wp-json\/wp\/v2\/media?parent=91629"}],"wp:term":[{"taxonomy":"category","embeddable":true,"href":"https:\/\/conversesacatalunya.cat\/es\/wp-json\/wp\/v2\/categories?post=91629"},{"taxonomy":"post_tag","embeddable":true,"href":"https:\/\/conversesacatalunya.cat\/es\/wp-json\/wp\/v2\/tags?post=91629"}],"curies":[{"name":"wp","href":"https:\/\/api.w.org\/{rel}","templated":true}]}}