{"id":91611,"date":"2025-09-08T05:16:04","date_gmt":"2025-09-08T03:16:04","guid":{"rendered":"https:\/\/conversesacatalunya.cat\/?p=91611"},"modified":"2025-09-08T12:34:18","modified_gmt":"2025-09-08T10:34:18","slug":"departamento-guerra-estados-unidos","status":"publish","type":"post","link":"https:\/\/conversesacatalunya.cat\/es\/departamento-guerra-estados-unidos\/","title":{"rendered":"Sobre el Departamento de Guerra de Estados Unidos"},"content":{"rendered":"<p><span dir=\"auto\">Al m\u00e1s puro estilo Trump, el presidente de Estados Unidos firm\u00f3 una orden ejecutiva el pasado 5 de septiembre que rebautizaba el<span>\u00a0<\/span><\/span><strong><span dir=\"auto\">Departamento de Defensa en Departamento de Guerra<\/span><\/strong><span dir=\"auto\"><span>.<\/span><\/span><\/p>\n<h4><strong><span dir=\"auto\"><span class=\"VIpgJd-yAWNEb-VIpgJd-fmcmS-sn54Q\" dir=\"auto\">\u00bfPor qu\u00e9 ese cambio de nombre?<\/span><\/span><\/strong><\/h4>\n<p><span dir=\"auto\">Existen diferentes lecturas posibles, as\u00ed como varios niveles de interpretaci\u00f3n.<\/span><\/p>\n<p><span dir=\"auto\"><span class=\"\" dir=\"auto\">Seg\u00fan el<span>\u00a0<\/span><\/span><\/span><a href=\"https:\/\/www.whitehouse.gov\/fact-sheets\/2025\/09\/fact-sheet-president-donald-j-trump-restores-the-united-states-department-of-war\/\" target=\"_blank\" rel=\"noopener\"><span dir=\"auto\"><span class=\"\" dir=\"auto\">comunicado<\/span><\/span><\/a><span dir=\"auto\"><span class=\"\" dir=\"auto\"><span>\u00a0<\/span>oficial de la Casa Blanca, \u00abel nombre &#8216;Departamento de Guerra&#8217; transmite un mensaje de preparaci\u00f3n y resoluci\u00f3n m\u00e1s fuerte comparado con el de &#8216;Departamento de Defensa&#8217;, que sit\u00faa el \u00e9nfasis tan solo en las capacidades defensivas\u00bb.<\/span><\/span><\/p>\n<p><span dir=\"auto\">Prosiguiendo con los motivos oficialmente esgrimidos, el propio<span>\u00a0<\/span><\/span><strong><span dir=\"auto\">Donald Trump ofreci\u00f3 una explicaci\u00f3n muy directa:<\/span><\/strong><span dir=\"auto\">\u00a0\u00abganamos la Primera Guerra Mundial y ganamos la Segunda Guerra Mundial. Lo ganamos todo y entonces decidimos hacernos<span>\u00a0<\/span><\/span><em><span dir=\"auto\">woke<\/span><\/em><span dir=\"auto\"><span>\u00a0<\/span>y cambiar el nombre a Departamento de Defensa, pol\u00edticamente correcto\u00bb.<\/span><\/p>\n<p><span dir=\"auto\"><span class=\"VIpgJd-yAWNEb-VIpgJd-fmcmS-sn54Q\" dir=\"auto\">En la misma l\u00ednea, pero m\u00e1s elaborada, el hasta el viernes secretario de Defensa y ahora ya<span>\u00a0<\/span><\/span><\/span><strong><span dir=\"auto\"><span class=\"VIpgJd-yAWNEb-VIpgJd-fmcmS-sn54Q\" dir=\"auto\">secretario de Guerra, Pete Hegseth<\/span><\/span><\/strong><span dir=\"auto\"><span class=\"VIpgJd-yAWNEb-VIpgJd-fmcmS-sn54Q\" dir=\"auto\"><span>,<\/span> afirm\u00f3: \u201ccon este cambio de nombre no se trata solo de rebautizar, sino de restaurar [\u2026] Se trata de restaurar el<span>\u00a0<\/span><\/span><\/span><em><span dir=\"auto\"><span class=\"VIpgJd-yAWNEb-VIpgJd-fmcmS-sn54Q\" dir=\"auto\">ethos<\/span><\/span><\/em><span dir=\"auto\"><span class=\"VIpgJd-yAWNEb-VIpgJd-fmcmS-sn54Q\" dir=\"auto\"><span>\u00a0<\/span>guerrero, la victoria como objetivo final, la intencionalidad en el uso de la fuerza para que el Departamento de Guerra luche de forma decisiva, no en conflictos interminables\u00bb.<\/span><\/span><\/p>\n<p><span dir=\"auto\">Son explicaciones que van mucho en la l\u00ednea del discurso \u201cMake America Great Again\u201d de Trump, y seg\u00fan algunos observadores, buscan volver a una<span>\u00a0<\/span><\/span><strong><span dir=\"auto\">\u00e9poca pret\u00e9rita idealizada<\/span><\/strong><span dir=\"auto\"><span>.<\/span><\/span><\/p>\n<p><span dir=\"auto\"><span class=\"VIpgJd-yAWNEb-VIpgJd-fmcmS-sn54Q\" dir=\"auto\">En Espa\u00f1a, Enric Juliana ha enfatizado que \u00abtambi\u00e9n en este nivel volvemos al pasado\u00bb. El hilo de su argumento parece<span>\u00a0<\/span><\/span><\/span><strong><span dir=\"auto\"><span class=\"VIpgJd-yAWNEb-VIpgJd-fmcmS-sn54Q\" dir=\"auto\">vincular a Trump con los momentos m\u00e1s oscuros de la historia contempor\u00e1nea:<\/span><\/span><\/strong><span dir=\"auto\"><span class=\"VIpgJd-yAWNEb-VIpgJd-fmcmS-sn54Q\" dir=\"auto\"> el imperialismo del siglo XIX y su apocalipsis en la forma de la Gran Guerra de 1914-1918, el auge de los totalitarismos en los a\u00f1os 30 y el posterior choque b\u00e9lico, a\u00fan m\u00e1s demoledor, del 1939-1945.<\/span><\/span><\/p>\n<p><span dir=\"auto\">De hecho, el cambio de nombre en \u201cDepartamento de Defensa\u201d se produjo despu\u00e9s de la Segunda Guerra Mundial, un per\u00edodo donde convergieron dos factores clave.<\/span><\/p>\n<p><span dir=\"auto\">Por un lado, la aparici\u00f3n de la ONU y la firma de la Carta de Naciones Unidas en junio de 1945, que<span>\u00a0<\/span><\/span><strong><span dir=\"auto\">prohib\u00eda expl\u00edcitamente el uso de la fuerza, exceptuando la leg\u00edtima defensa<\/span><\/strong><span dir=\"auto\"><span>\u00a0<\/span>de cualquiera de sus miembros.<\/span><\/p>\n<p><span dir=\"auto\"><span class=\"VIpgJd-yAWNEb-VIpgJd-fmcmS-sn54Q\" dir=\"auto\">Por otra parte, la configuraci\u00f3n progresiva de los dos bloques antagonistas de la<span>\u00a0<\/span><\/span><\/span><strong><span dir=\"auto\"><span class=\"VIpgJd-yAWNEb-VIpgJd-fmcmS-sn54Q\" dir=\"auto\">Guerra Fr\u00eda<\/span><\/span><\/strong><span dir=\"auto\"><span class=\"VIpgJd-yAWNEb-VIpgJd-fmcmS-sn54Q\" dir=\"auto\"><span>,<\/span>\u00a0plenamente consolidados en 1949 con la acusaci\u00f3n cruzada de querer aplastar al otro.<\/span><\/span><\/p>\n<p><span dir=\"auto\">Fue en este contexto que Estados Unidos retir\u00f3 el nombre de \u201cDepartamento de Guerra\u201d en 1947 para establecer una organizaci\u00f3n transitoria que tom\u00f3 dos a\u00f1os m\u00e1s tarde el t\u00edtulo definitivo de \u201cDepartamento de Defensa\u201d.<\/span><\/p>\n<p><span dir=\"auto\">En ese contexto internacional,<span>\u00a0<\/span><\/span><strong><span dir=\"auto\">parec\u00eda coherente insistir en la naturaleza defensiva del poder militar<\/span><\/strong><\/p>\n<p><span dir=\"auto\"><span class=\"VIpgJd-yAWNEb-VIpgJd-fmcmS-sn54Q\" dir=\"auto\">Sin embargo, la experiencia de la Guerra Fr\u00eda y de los posteriores conflictos b\u00e9licos de Estados Unidos dejan en evidencia una acci\u00f3n a menudo ofensiva, si bien tradicionalmente se ha querido disfrazar con t\u00e9rminos como la<strong> \u201cdefensa<\/strong><\/span><\/span><strong><span dir=\"auto\"><span class=\"VIpgJd-yAWNEb-VIpgJd-fmcmS-sn54Q\" dir=\"auto\"> preventiva\u201d<\/span><\/span><\/strong><span dir=\"auto\"><span class=\"VIpgJd-yAWNEb-VIpgJd-fmcmS-sn54Q\" dir=\"auto\">\u00a0ampliamente utilizada por la administraci\u00f3n Bush antes de la invasi\u00f3n de Irak en 2003.<\/span><\/span><\/p>\n<p><span dir=\"auto\"><span class=\"VIpgJd-yAWNEb-VIpgJd-fmcmS-sn54Q\" dir=\"auto\">Al fin y al cabo, el t\u00e9rmino \u201cDepartamento de Defensa\u201d puede resultar hip\u00f3crita porque intenta vestir al conjunto de acciones militares como puramente defensivas, cuando en realidad defensa y ataque forman parte a partes iguales de una realidad m\u00e1s amplia que es la<span>\u00a0<\/span><\/span><\/span><strong><span dir=\"auto\"><span class=\"VIpgJd-yAWNEb-VIpgJd-fmcmS-sn54Q\" dir=\"auto\">lucha armada organizada<\/span><\/span><\/strong><span dir=\"auto\"><span class=\"VIpgJd-yAWNEb-VIpgJd-fmcmS-sn54Q\" dir=\"auto\"><span>,<\/span>\u00a0com\u00fanmente llamada\u2026 guerra.<\/span><\/span><\/p>\n<p><span dir=\"auto\"><span class=\"VIpgJd-yAWNEb-VIpgJd-fmcmS-sn54Q\" dir=\"auto\">Recuperar la denominaci\u00f3n \u201cDepartamento de Guerra\u201d se puede entender como un esfuerzo de combatir la obstinaci\u00f3n oficial, desgraciadamente tan actual, de<span>\u00a0<\/span><\/span><\/span><strong><span dir=\"auto\"><span class=\"VIpgJd-yAWNEb-VIpgJd-fmcmS-sn54Q\" dir=\"auto\">manipular el lenguaje, deformando la realidad y escondiendo la verdad<\/span><\/span><\/strong><span dir=\"auto\"><span class=\"VIpgJd-yAWNEb-VIpgJd-fmcmS-sn54Q\" dir=\"auto\"><span>.<\/span><\/span><\/span><\/p>\n<p><span dir=\"auto\">Recordando la<span>\u00a0<\/span><\/span><a href=\"https:\/\/es.wikipedia.org\/wiki\/1984_(novela)\" target=\"_blank\" rel=\"noopener\"><span dir=\"auto\">novela<span>\u00a0<\/span><\/span><em><span dir=\"auto\">1984<\/span><\/em><\/a><span dir=\"auto\"><span>\u00a0<\/span>de George Orwell, el d\u00eda que habr\u00e1 que preocuparse ser\u00e1 cuando el \u00abDepartamento de Guerra\u00bb sea rebautizado en \u00abDepartamento de Paz\u00bb.<\/span><\/p>\n<span class='bctt-click-to-tweet'><span class='bctt-ctt-text'><a href='https:\/\/twitter.com\/intent\/tweet?url=https%3A%2F%2Fconversesacatalunya.cat%2Fes%2Fdepartamento-guerra-estados-unidos%2F&#038;text=Seg%C3%BAn%20el%20comunicado%20oficial%20de%20la%20Casa%20Blanca%2C%20el%20nombre%20%27Departamento%20de%20Guerra%20transmite%20un%20mensaje%20de%20preparaci%C3%B3n%20y%20resoluci%C3%B3n%20m%C3%A1s%20fuerte%20comparado%20con%20el%20de%20Departamento%20de%20Defensa%20que%20sit%C3%BAa%20el%20%C3%A9nfasis%20en%20las%20capacidades%E2%80%A6&#038;via=conversesacat&#038;related=conversesacat' target='_blank'rel=\"noopener noreferrer\">Seg\u00fan el comunicado oficial de la Casa Blanca, el nombre &#039;Departamento de Guerra transmite un mensaje de preparaci\u00f3n y resoluci\u00f3n m\u00e1s fuerte comparado con el de Departamento de Defensa que sit\u00faa el \u00e9nfasis en las capacidades\u2026 <\/a><\/span><a href='https:\/\/twitter.com\/intent\/tweet?url=https%3A%2F%2Fconversesacatalunya.cat%2Fes%2Fdepartamento-guerra-estados-unidos%2F&#038;text=Seg%C3%BAn%20el%20comunicado%20oficial%20de%20la%20Casa%20Blanca%2C%20el%20nombre%20%27Departamento%20de%20Guerra%20transmite%20un%20mensaje%20de%20preparaci%C3%B3n%20y%20resoluci%C3%B3n%20m%C3%A1s%20fuerte%20comparado%20con%20el%20de%20Departamento%20de%20Defensa%20que%20sit%C3%BAa%20el%20%C3%A9nfasis%20en%20las%20capacidades%E2%80%A6&#038;via=conversesacat&#038;related=conversesacat' target='_blank' class='bctt-ctt-btn'rel=\"noopener noreferrer\">Compartir en X<\/a><\/span>\n<div id=\"polls-295\" class=\"wp-polls\">\n\t<form id=\"polls_form_295\" class=\"wp-polls-form\" action=\"\/index.php\" method=\"post\">\n\t\t<p style=\"display: none;\"><input type=\"hidden\" id=\"poll_295_nonce\" name=\"wp-polls-nonce\" value=\"c5af01d92b\" \/><\/p>\n\t\t<p style=\"display: none;\"><input type=\"hidden\" name=\"poll_id\" value=\"295\" \/><\/p>\n\t\t<p style=\"text-align: center\"><strong>El president Illa, en una recent entrevista a La Vanguardia ha reivindicat com a positiu l'elevada pressi\u00f3 fiscal de Catalunya. Comparteixes aquest punt de vista?<\/strong><\/p><div id=\"polls-295-ans\" class=\"wp-polls-ans\"><ul class=\"wp-polls-ul\">\n\t\t<li><input type=\"radio\" id=\"poll-answer-842\" name=\"poll_295\" value=\"842\" \/> <label for=\"poll-answer-842\">S\u00ed<\/label><\/li>\n\t\t<li><input type=\"radio\" id=\"poll-answer-843\" name=\"poll_295\" value=\"843\" \/> <label for=\"poll-answer-843\">No<\/label><\/li>\n\t\t<li><input type=\"radio\" id=\"poll-answer-844\" name=\"poll_295\" value=\"844\" \/> <label for=\"poll-answer-844\">No ho s\u00e9<\/label><\/li>\n\t\t<\/ul><p style=\"text-align: center\"><input type=\"button\" name=\"vote\" value=\"   Vota   \" class=\"Buttons\" onclick=\"poll_vote(295);\" \/><\/p><p style=\"text-align: center\"><a href=\"#ViewPollResults\" onclick=\"poll_result(295); return false;\" title=\"View Results Of This Poll\">Mira els resultats<\/a><\/p><\/div>\n\t<\/form>\n<\/div>\n<div id=\"polls-295-loading\" class=\"wp-polls-loading\"><img decoding=\"async\" data-src=\"https:\/\/conversesacatalunya.cat\/wp-content\/plugins\/wp-polls\/images\/loading.gif\" width=\"16\" height=\"16\" alt=\"Cargando ...\" title=\"Cargando ...\" class=\"wp-polls-image lazyload\" src=\"data:image\/svg+xml;base64,PHN2ZyB3aWR0aD0iMSIgaGVpZ2h0PSIxIiB4bWxucz0iaHR0cDovL3d3dy53My5vcmcvMjAwMC9zdmciPjwvc3ZnPg==\" style=\"--smush-placeholder-width: 16px; --smush-placeholder-aspect-ratio: 16\/16;\" \/>&nbsp;Cargando ...<\/div>\n\n<p>&nbsp;<\/p>\n","protected":false},"excerpt":{"rendered":"<p>Al m\u00e1s puro estilo Trump, el presidente de Estados Unidos firm\u00f3 una orden ejecutiva el pasado 5 de septiembre que rebautizaba el\u00a0Departamento de Defensa en Departamento de Guerra. \u00bfPor qu\u00e9 ese cambio de nombre? Existen diferentes lecturas posibles, as\u00ed como varios niveles de interpretaci\u00f3n. Seg\u00fan el\u00a0comunicado\u00a0oficial de la Casa Blanca, \u00abel nombre &#8216;Departamento de Guerra&#8217; transmite un mensaje de preparaci\u00f3n y resoluci\u00f3n m\u00e1s fuerte comparado con el de &#8216;Departamento de Defensa&#8217;, que sit\u00faa el \u00e9nfasis tan solo en las capacidades defensivas\u00bb. Prosiguiendo con los motivos oficialmente esgrimidos, el propio\u00a0Donald Trump ofreci\u00f3 una explicaci\u00f3n muy directa:\u00a0\u00abganamos la Primera Guerra Mundial y ganamos la Segunda Guerra Mundial. Lo ganamos todo y entonces decidimos hacernos\u00a0woke\u00a0y cambiar el nombre a Departamento de Defensa, pol\u00edticamente correcto\u00bb. En la misma l\u00ednea, pero m\u00e1s elaborada, el hasta el viernes secretario de Defensa y ahora ya\u00a0secretario de Guerra, Pete Hegseth, afirm\u00f3: \u201ccon este cambio de nombre no se trata solo de rebautizar, sino de restaurar [\u2026] Se trata de restaurar el\u00a0ethos\u00a0guerrero, la victoria como objetivo final, la intencionalidad en el uso de la fuerza para que el Departamento de Guerra luche de forma decisiva, no en conflictos interminables\u00bb. Son explicaciones que van mucho en la l\u00ednea del discurso \u201cMake America Great Again\u201d de Trump, y seg\u00fan algunos observadores, buscan volver a una\u00a0\u00e9poca pret\u00e9rita idealizada. En Espa\u00f1a, Enric Juliana ha enfatizado que \u00abtambi\u00e9n en este nivel volvemos al pasado\u00bb. El hilo de su argumento parece\u00a0vincular a Trump con los momentos m\u00e1s oscuros de la historia contempor\u00e1nea: el imperialismo del siglo XIX y su apocalipsis en la forma de la Gran Guerra de 1914-1918, el auge de los totalitarismos en los a\u00f1os 30 y el posterior choque b\u00e9lico, a\u00fan m\u00e1s demoledor, del 1939-1945. De hecho, el cambio de nombre en \u201cDepartamento de Defensa\u201d se produjo despu\u00e9s de la Segunda Guerra Mundial, un per\u00edodo donde convergieron dos factores clave. Por un lado, la aparici\u00f3n de la ONU y la firma de la Carta de Naciones Unidas en junio de 1945, que\u00a0prohib\u00eda expl\u00edcitamente el uso de la fuerza, exceptuando la leg\u00edtima defensa\u00a0de cualquiera de sus miembros. Por otra parte, la configuraci\u00f3n progresiva de los dos bloques antagonistas de la\u00a0Guerra Fr\u00eda,\u00a0plenamente consolidados en 1949 con la acusaci\u00f3n cruzada de querer aplastar al otro. Fue en este contexto que Estados Unidos retir\u00f3 el nombre de \u201cDepartamento de Guerra\u201d en 1947 para establecer una organizaci\u00f3n transitoria que tom\u00f3 dos a\u00f1os m\u00e1s tarde el t\u00edtulo definitivo de \u201cDepartamento de Defensa\u201d. En ese contexto internacional,\u00a0parec\u00eda coherente insistir en la naturaleza defensiva del poder militar Sin embargo, la experiencia de la Guerra Fr\u00eda y de los posteriores conflictos b\u00e9licos de Estados Unidos dejan en evidencia una acci\u00f3n a menudo ofensiva, si bien tradicionalmente se ha querido disfrazar con t\u00e9rminos como la \u201cdefensa preventiva\u201d\u00a0ampliamente utilizada por la administraci\u00f3n Bush antes de la invasi\u00f3n de Irak en 2003. Al fin y al cabo, el t\u00e9rmino \u201cDepartamento de Defensa\u201d puede resultar hip\u00f3crita porque intenta vestir al conjunto de acciones militares como puramente defensivas, cuando en realidad defensa y ataque forman parte a partes iguales de una realidad m\u00e1s amplia que es la\u00a0lucha armada organizada,\u00a0com\u00fanmente llamada\u2026 guerra. Recuperar la denominaci\u00f3n \u201cDepartamento de Guerra\u201d se puede entender como un esfuerzo de combatir la obstinaci\u00f3n oficial, desgraciadamente tan actual, de\u00a0manipular el lenguaje, deformando la realidad y escondiendo la verdad. Recordando la\u00a0novela\u00a01984\u00a0de George Orwell, el d\u00eda que habr\u00e1 que preocuparse ser\u00e1 cuando el \u00abDepartamento de Guerra\u00bb sea rebautizado en \u00abDepartamento de Paz\u00bb. &nbsp;<\/p>\n","protected":false},"author":75,"featured_media":91600,"comment_status":"open","ping_status":"open","sticky":false,"template":"","format":"standard","meta":{"_FSMCFIC_featured_image_caption":"","_FSMCFIC_featured_image_nocaption":"","_FSMCFIC_featured_image_hide":"","footnotes":""},"categories":[806],"tags":[1089,963,1371,964],"class_list":["post-91611","post","type-post","status-publish","format-standard","has-post-thumbnail","hentry","category-punts-claus-del-dia-es","tag-defensa-es","tag-donald-trump-es","tag-estados-unidos","tag-estats-units-es"],"yoast_head":"<!-- This site is optimized with the Yoast SEO plugin v26.8 - https:\/\/yoast.com\/product\/yoast-seo-wordpress\/ -->\n<title>Sobre el Departamento de Guerra de Estados Unidos - Converses a Catalunya<\/title>\n<meta name=\"description\" content=\"Trump firm\u00f3 una orden ejecutiva el pasado 5 de septiembre que rebautizaba al Departamento de Defensa en Departamento de la Guerra.\" \/>\n<meta name=\"robots\" content=\"index, follow, max-snippet:-1, max-image-preview:large, max-video-preview:-1\" \/>\n<link rel=\"canonical\" href=\"https:\/\/conversesacatalunya.cat\/es\/departamento-guerra-estados-unidos\/\" \/>\n<meta property=\"og:locale\" content=\"es_ES\" \/>\n<meta property=\"og:type\" content=\"article\" \/>\n<meta property=\"og:title\" content=\"Sobre el Departamento de Guerra de Estados Unidos - Converses a Catalunya\" \/>\n<meta property=\"og:description\" content=\"Trump firm\u00f3 una orden ejecutiva el pasado 5 de septiembre que rebautizaba al Departamento de Defensa en Departamento de la Guerra.\" \/>\n<meta property=\"og:url\" content=\"https:\/\/conversesacatalunya.cat\/es\/departamento-guerra-estados-unidos\/\" \/>\n<meta property=\"og:site_name\" content=\"Converses a Catalunya\" \/>\n<meta property=\"article:published_time\" content=\"2025-09-08T03:16:04+00:00\" \/>\n<meta property=\"article:modified_time\" content=\"2025-09-08T10:34:18+00:00\" \/>\n<meta property=\"og:image\" content=\"https:\/\/conversesacatalunya.cat\/wp-content\/uploads\/2025\/09\/600f7df1e31e58457fb3f9a1da8747b3.jpeg\" \/>\n\t<meta property=\"og:image:width\" content=\"640\" \/>\n\t<meta property=\"og:image:height\" content=\"360\" \/>\n\t<meta property=\"og:image:type\" content=\"image\/jpeg\" \/>\n<meta name=\"author\" content=\"Carles L\u00f3pez\" \/>\n<meta name=\"twitter:card\" content=\"summary_large_image\" \/>\n<meta name=\"twitter:label1\" content=\"Escrito por\" \/>\n\t<meta name=\"twitter:data1\" content=\"Carles L\u00f3pez\" \/>\n\t<meta name=\"twitter:label2\" content=\"Tiempo de lectura\" \/>\n\t<meta name=\"twitter:data2\" content=\"3 minutos\" \/>\n<script type=\"application\/ld+json\" class=\"yoast-schema-graph\">{\"@context\":\"https:\/\/schema.org\",\"@graph\":[{\"@type\":\"Article\",\"@id\":\"https:\/\/conversesacatalunya.cat\/es\/departamento-guerra-estados-unidos\/#article\",\"isPartOf\":{\"@id\":\"https:\/\/conversesacatalunya.cat\/es\/departamento-guerra-estados-unidos\/\"},\"author\":{\"name\":\"Carles L\u00f3pez\",\"@id\":\"https:\/\/conversesacatalunya.cat\/#\/schema\/person\/3ce2ab16c0a3803086d80722c7cad56a\"},\"headline\":\"Sobre el Departamento de Guerra de Estados Unidos\",\"datePublished\":\"2025-09-08T03:16:04+00:00\",\"dateModified\":\"2025-09-08T10:34:18+00:00\",\"mainEntityOfPage\":{\"@id\":\"https:\/\/conversesacatalunya.cat\/es\/departamento-guerra-estados-unidos\/\"},\"wordCount\":689,\"commentCount\":0,\"image\":{\"@id\":\"https:\/\/conversesacatalunya.cat\/es\/departamento-guerra-estados-unidos\/#primaryimage\"},\"thumbnailUrl\":\"https:\/\/conversesacatalunya.cat\/wp-content\/uploads\/2025\/09\/600f7df1e31e58457fb3f9a1da8747b3.jpeg\",\"keywords\":[\"defensa\",\"Donald Trump\",\"Estados Unidos\",\"Estats Units\"],\"articleSection\":[\"Punts clau del dia (ES)\"],\"inLanguage\":\"es\",\"potentialAction\":[{\"@type\":\"CommentAction\",\"name\":\"Comment\",\"target\":[\"https:\/\/conversesacatalunya.cat\/es\/departamento-guerra-estados-unidos\/#respond\"]}]},{\"@type\":\"WebPage\",\"@id\":\"https:\/\/conversesacatalunya.cat\/es\/departamento-guerra-estados-unidos\/\",\"url\":\"https:\/\/conversesacatalunya.cat\/es\/departamento-guerra-estados-unidos\/\",\"name\":\"Sobre el Departamento de Guerra de Estados Unidos - Converses a Catalunya\",\"isPartOf\":{\"@id\":\"https:\/\/conversesacatalunya.cat\/#website\"},\"primaryImageOfPage\":{\"@id\":\"https:\/\/conversesacatalunya.cat\/es\/departamento-guerra-estados-unidos\/#primaryimage\"},\"image\":{\"@id\":\"https:\/\/conversesacatalunya.cat\/es\/departamento-guerra-estados-unidos\/#primaryimage\"},\"thumbnailUrl\":\"https:\/\/conversesacatalunya.cat\/wp-content\/uploads\/2025\/09\/600f7df1e31e58457fb3f9a1da8747b3.jpeg\",\"datePublished\":\"2025-09-08T03:16:04+00:00\",\"dateModified\":\"2025-09-08T10:34:18+00:00\",\"author\":{\"@id\":\"https:\/\/conversesacatalunya.cat\/#\/schema\/person\/3ce2ab16c0a3803086d80722c7cad56a\"},\"description\":\"Trump firm\u00f3 una orden ejecutiva el pasado 5 de septiembre que rebautizaba al Departamento de Defensa en Departamento de la Guerra.\",\"breadcrumb\":{\"@id\":\"https:\/\/conversesacatalunya.cat\/es\/departamento-guerra-estados-unidos\/#breadcrumb\"},\"inLanguage\":\"es\",\"potentialAction\":[{\"@type\":\"ReadAction\",\"target\":[\"https:\/\/conversesacatalunya.cat\/es\/departamento-guerra-estados-unidos\/\"]}]},{\"@type\":\"ImageObject\",\"inLanguage\":\"es\",\"@id\":\"https:\/\/conversesacatalunya.cat\/es\/departamento-guerra-estados-unidos\/#primaryimage\",\"url\":\"https:\/\/conversesacatalunya.cat\/wp-content\/uploads\/2025\/09\/600f7df1e31e58457fb3f9a1da8747b3.jpeg\",\"contentUrl\":\"https:\/\/conversesacatalunya.cat\/wp-content\/uploads\/2025\/09\/600f7df1e31e58457fb3f9a1da8747b3.jpeg\",\"width\":640,\"height\":360,\"caption\":\"Departamento de Guerra\"},{\"@type\":\"BreadcrumbList\",\"@id\":\"https:\/\/conversesacatalunya.cat\/es\/departamento-guerra-estados-unidos\/#breadcrumb\",\"itemListElement\":[{\"@type\":\"ListItem\",\"position\":1,\"name\":\"Inici\",\"item\":\"https:\/\/conversesacatalunya.cat\/es\/\"},{\"@type\":\"ListItem\",\"position\":2,\"name\":\"Sobre el Departamento de Guerra de Estados Unidos\"}]},{\"@type\":\"WebSite\",\"@id\":\"https:\/\/conversesacatalunya.cat\/#website\",\"url\":\"https:\/\/conversesacatalunya.cat\/\",\"name\":\"Converses a Catalunya\",\"description\":\"\",\"potentialAction\":[{\"@type\":\"SearchAction\",\"target\":{\"@type\":\"EntryPoint\",\"urlTemplate\":\"https:\/\/conversesacatalunya.cat\/?s={search_term_string}\"},\"query-input\":{\"@type\":\"PropertyValueSpecification\",\"valueRequired\":true,\"valueName\":\"search_term_string\"}}],\"inLanguage\":\"es\"},{\"@type\":\"Person\",\"@id\":\"https:\/\/conversesacatalunya.cat\/#\/schema\/person\/3ce2ab16c0a3803086d80722c7cad56a\",\"name\":\"Carles L\u00f3pez\",\"image\":{\"@type\":\"ImageObject\",\"inLanguage\":\"es\",\"@id\":\"https:\/\/conversesacatalunya.cat\/#\/schema\/person\/image\/\",\"url\":\"https:\/\/conversesacatalunya.cat\/wp-content\/litespeed\/avatar\/4891585caf2896e97846ab77f06edcf2.jpg?ver=1777091173\",\"contentUrl\":\"https:\/\/conversesacatalunya.cat\/wp-content\/litespeed\/avatar\/4891585caf2896e97846ab77f06edcf2.jpg?ver=1777091173\",\"caption\":\"Carles L\u00f3pez\"},\"url\":\"https:\/\/conversesacatalunya.cat\/es\/author\/carles-lopez\/\"}]}<\/script>\n<!-- \/ Yoast SEO plugin. -->","yoast_head_json":{"title":"Sobre el Departamento de Guerra de Estados Unidos - Converses a Catalunya","description":"Trump firm\u00f3 una orden ejecutiva el pasado 5 de septiembre que rebautizaba al Departamento de Defensa en Departamento de la Guerra.","robots":{"index":"index","follow":"follow","max-snippet":"max-snippet:-1","max-image-preview":"max-image-preview:large","max-video-preview":"max-video-preview:-1"},"canonical":"https:\/\/conversesacatalunya.cat\/es\/departamento-guerra-estados-unidos\/","og_locale":"es_ES","og_type":"article","og_title":"Sobre el Departamento de Guerra de Estados Unidos - Converses a Catalunya","og_description":"Trump firm\u00f3 una orden ejecutiva el pasado 5 de septiembre que rebautizaba al Departamento de Defensa en Departamento de la Guerra.","og_url":"https:\/\/conversesacatalunya.cat\/es\/departamento-guerra-estados-unidos\/","og_site_name":"Converses a Catalunya","article_published_time":"2025-09-08T03:16:04+00:00","article_modified_time":"2025-09-08T10:34:18+00:00","og_image":[{"width":640,"height":360,"url":"https:\/\/conversesacatalunya.cat\/wp-content\/uploads\/2025\/09\/600f7df1e31e58457fb3f9a1da8747b3.jpeg","type":"image\/jpeg"}],"author":"Carles L\u00f3pez","twitter_card":"summary_large_image","twitter_misc":{"Escrito por":"Carles L\u00f3pez","Tiempo de lectura":"3 minutos"},"schema":{"@context":"https:\/\/schema.org","@graph":[{"@type":"Article","@id":"https:\/\/conversesacatalunya.cat\/es\/departamento-guerra-estados-unidos\/#article","isPartOf":{"@id":"https:\/\/conversesacatalunya.cat\/es\/departamento-guerra-estados-unidos\/"},"author":{"name":"Carles L\u00f3pez","@id":"https:\/\/conversesacatalunya.cat\/#\/schema\/person\/3ce2ab16c0a3803086d80722c7cad56a"},"headline":"Sobre el Departamento de Guerra de Estados Unidos","datePublished":"2025-09-08T03:16:04+00:00","dateModified":"2025-09-08T10:34:18+00:00","mainEntityOfPage":{"@id":"https:\/\/conversesacatalunya.cat\/es\/departamento-guerra-estados-unidos\/"},"wordCount":689,"commentCount":0,"image":{"@id":"https:\/\/conversesacatalunya.cat\/es\/departamento-guerra-estados-unidos\/#primaryimage"},"thumbnailUrl":"https:\/\/conversesacatalunya.cat\/wp-content\/uploads\/2025\/09\/600f7df1e31e58457fb3f9a1da8747b3.jpeg","keywords":["defensa","Donald Trump","Estados Unidos","Estats Units"],"articleSection":["Punts clau del dia (ES)"],"inLanguage":"es","potentialAction":[{"@type":"CommentAction","name":"Comment","target":["https:\/\/conversesacatalunya.cat\/es\/departamento-guerra-estados-unidos\/#respond"]}]},{"@type":"WebPage","@id":"https:\/\/conversesacatalunya.cat\/es\/departamento-guerra-estados-unidos\/","url":"https:\/\/conversesacatalunya.cat\/es\/departamento-guerra-estados-unidos\/","name":"Sobre el Departamento de Guerra de Estados Unidos - Converses a Catalunya","isPartOf":{"@id":"https:\/\/conversesacatalunya.cat\/#website"},"primaryImageOfPage":{"@id":"https:\/\/conversesacatalunya.cat\/es\/departamento-guerra-estados-unidos\/#primaryimage"},"image":{"@id":"https:\/\/conversesacatalunya.cat\/es\/departamento-guerra-estados-unidos\/#primaryimage"},"thumbnailUrl":"https:\/\/conversesacatalunya.cat\/wp-content\/uploads\/2025\/09\/600f7df1e31e58457fb3f9a1da8747b3.jpeg","datePublished":"2025-09-08T03:16:04+00:00","dateModified":"2025-09-08T10:34:18+00:00","author":{"@id":"https:\/\/conversesacatalunya.cat\/#\/schema\/person\/3ce2ab16c0a3803086d80722c7cad56a"},"description":"Trump firm\u00f3 una orden ejecutiva el pasado 5 de septiembre que rebautizaba al Departamento de Defensa en Departamento de la Guerra.","breadcrumb":{"@id":"https:\/\/conversesacatalunya.cat\/es\/departamento-guerra-estados-unidos\/#breadcrumb"},"inLanguage":"es","potentialAction":[{"@type":"ReadAction","target":["https:\/\/conversesacatalunya.cat\/es\/departamento-guerra-estados-unidos\/"]}]},{"@type":"ImageObject","inLanguage":"es","@id":"https:\/\/conversesacatalunya.cat\/es\/departamento-guerra-estados-unidos\/#primaryimage","url":"https:\/\/conversesacatalunya.cat\/wp-content\/uploads\/2025\/09\/600f7df1e31e58457fb3f9a1da8747b3.jpeg","contentUrl":"https:\/\/conversesacatalunya.cat\/wp-content\/uploads\/2025\/09\/600f7df1e31e58457fb3f9a1da8747b3.jpeg","width":640,"height":360,"caption":"Departamento de Guerra"},{"@type":"BreadcrumbList","@id":"https:\/\/conversesacatalunya.cat\/es\/departamento-guerra-estados-unidos\/#breadcrumb","itemListElement":[{"@type":"ListItem","position":1,"name":"Inici","item":"https:\/\/conversesacatalunya.cat\/es\/"},{"@type":"ListItem","position":2,"name":"Sobre el Departamento de Guerra de Estados Unidos"}]},{"@type":"WebSite","@id":"https:\/\/conversesacatalunya.cat\/#website","url":"https:\/\/conversesacatalunya.cat\/","name":"Converses a Catalunya","description":"","potentialAction":[{"@type":"SearchAction","target":{"@type":"EntryPoint","urlTemplate":"https:\/\/conversesacatalunya.cat\/?s={search_term_string}"},"query-input":{"@type":"PropertyValueSpecification","valueRequired":true,"valueName":"search_term_string"}}],"inLanguage":"es"},{"@type":"Person","@id":"https:\/\/conversesacatalunya.cat\/#\/schema\/person\/3ce2ab16c0a3803086d80722c7cad56a","name":"Carles L\u00f3pez","image":{"@type":"ImageObject","inLanguage":"es","@id":"https:\/\/conversesacatalunya.cat\/#\/schema\/person\/image\/","url":"https:\/\/conversesacatalunya.cat\/wp-content\/litespeed\/avatar\/4891585caf2896e97846ab77f06edcf2.jpg?ver=1777091173","contentUrl":"https:\/\/conversesacatalunya.cat\/wp-content\/litespeed\/avatar\/4891585caf2896e97846ab77f06edcf2.jpg?ver=1777091173","caption":"Carles L\u00f3pez"},"url":"https:\/\/conversesacatalunya.cat\/es\/author\/carles-lopez\/"}]}},"wps_subtitle":"El d\u00eda en que habr\u00e1 que preocuparse ser\u00e1 cuando el \"Departamento de Guerra\" sea rebautizado en \"Departamento de Paz\"","_links":{"self":[{"href":"https:\/\/conversesacatalunya.cat\/es\/wp-json\/wp\/v2\/posts\/91611","targetHints":{"allow":["GET"]}}],"collection":[{"href":"https:\/\/conversesacatalunya.cat\/es\/wp-json\/wp\/v2\/posts"}],"about":[{"href":"https:\/\/conversesacatalunya.cat\/es\/wp-json\/wp\/v2\/types\/post"}],"author":[{"embeddable":true,"href":"https:\/\/conversesacatalunya.cat\/es\/wp-json\/wp\/v2\/users\/75"}],"replies":[{"embeddable":true,"href":"https:\/\/conversesacatalunya.cat\/es\/wp-json\/wp\/v2\/comments?post=91611"}],"version-history":[{"count":5,"href":"https:\/\/conversesacatalunya.cat\/es\/wp-json\/wp\/v2\/posts\/91611\/revisions"}],"predecessor-version":[{"id":91640,"href":"https:\/\/conversesacatalunya.cat\/es\/wp-json\/wp\/v2\/posts\/91611\/revisions\/91640"}],"wp:featuredmedia":[{"embeddable":true,"href":"https:\/\/conversesacatalunya.cat\/es\/wp-json\/wp\/v2\/media\/91600"}],"wp:attachment":[{"href":"https:\/\/conversesacatalunya.cat\/es\/wp-json\/wp\/v2\/media?parent=91611"}],"wp:term":[{"taxonomy":"category","embeddable":true,"href":"https:\/\/conversesacatalunya.cat\/es\/wp-json\/wp\/v2\/categories?post=91611"},{"taxonomy":"post_tag","embeddable":true,"href":"https:\/\/conversesacatalunya.cat\/es\/wp-json\/wp\/v2\/tags?post=91611"}],"curies":[{"name":"wp","href":"https:\/\/api.w.org\/{rel}","templated":true}]}}