{"id":91527,"date":"2025-09-04T09:27:54","date_gmt":"2025-09-04T07:27:54","guid":{"rendered":"https:\/\/conversesacatalunya.cat\/?p=91527"},"modified":"2025-09-04T09:49:03","modified_gmt":"2025-09-04T07:49:03","slug":"que-les-pasa-a-las-chicas","status":"publish","type":"post","link":"https:\/\/conversesacatalunya.cat\/es\/que-les-pasa-a-las-chicas\/","title":{"rendered":"\u00bfQu\u00e9 les pasa a las chicas?"},"content":{"rendered":"<p>Es una evidencia cient\u00edfica que<strong> la<a href=\"https:\/\/conversesacatalunya.cat\/es\/los-chicos-de-la-generacion-z-son-mucho-mas-conservadores-que-las-generaciones-precedentes\/\" target=\"_blank\" rel=\"noopener\"> Generaci\u00f3n Z<\/a> o centennial<\/strong>, nacida a finales del siglo XX y principios del XXI, sufre problemas importantes. Por una parte, las enfermedades mentales y las adicciones alcanzan un nivel nunca antes visto entre las personas j\u00f3venes.<\/p>\n<p>Un dato significativo es que la llamada \u00abcurva de la felicidad\u00bb, que tradicionalmente adoptaba una forma de \u00abU\u00bb con m\u00e1ximos en el primer y \u00faltimo periodo de la vida y m\u00ednimos a partir de los 40-45 a\u00f1os (que empezaban a decrecer en la jubilaci\u00f3n), se ha alterado. Ahora, los m\u00e1ximos se registran en la primera fase de la vida, a partir de los 18 a\u00f1os, de manera que <strong>las personas de 20 a 30 a\u00f1os son m\u00e1s infelices que aquellas en la cuarentena.<\/strong><\/p>\n<p>Tambi\u00e9n registran un <strong>mayor estr\u00e9s escolar<\/strong>, y Espa\u00f1a ocupa un lugar destacado en esta adversidad en el \u00e1mbito de la UE. Se sit\u00faa en las primeras posiciones, entre los seis primeros, en la clasificaci\u00f3n que establece la presi\u00f3n escolar que sienten a los 13 a\u00f1os. Esto apuntar\u00eda a que el siguiente tramo generacional, la denominada <strong>Generaci\u00f3n Alfa<\/strong> (nacidos a partir de 2013), tambi\u00e9n empezar\u00eda a registrar los mismos efectos, aunque esto no pase de una mera hip\u00f3tesis, dado que a\u00fan no hay perspectiva temporal suficiente para verificarlo.<\/p>\n<p>Pero todos estos datos conjuntos sobre los j\u00f3venes<strong> encubren una diferencia entre sexos<\/strong> que nunca se hab\u00eda dado en tal medida. En el caso del estr\u00e9s escolar, que crece con la edad (es mucho mayor en los j\u00f3venes de 17-18 a\u00f1os, cuando alcanza un 41%, que entre los de 11-12, con solo un 10,5%), es sobre todo <strong>una caracter\u00edstica creciente entre las chicas.<\/strong><\/p>\n<p>En los chicos, la cifra de poblaci\u00f3n que sufre estr\u00e9s a los 11-12 a\u00f1os es del 14%, por debajo de la media del grupo, porque en las chicas ya alcanza el 18,4%. Este estr\u00e9s en los chicos crece, pero se estabiliza, de manera que entre los de 13-15 a\u00f1os y los de 17-18 hay solo 2 puntos de diferencia (del 25% al 27%). Mientras, en las chicas aumenta y crece con la edad hasta que, en el m\u00e1ximo, alcanza el 54%; <strong>el doble que los chicos<\/strong>.<\/p>\n<p>Las muchachas, a medida que ganan a\u00f1os, ganan en malestar y estr\u00e9s, hasta el punto de que quienes lo sufren son m\u00e1s de la mitad del grupo. M\u00e1s todav\u00eda: mientras que en los \u00faltimos 20 a\u00f1os (2002-2022) este s\u00edntoma apenas se ha movido en los varones (ha pasado del 21% al 23%), en las mujeres ha crecido de forma rampante. De tener una misma significaci\u00f3n que los chicos en 2002 (21%), se ha elevado hasta el 39% dos d\u00e9cadas despu\u00e9s.<\/p>\n<h5><strong>En todo esto hay un interrogante profundo, una cuesti\u00f3n de fondo que no se ha abordado: <\/strong><\/h5>\n<p>\u00bfPor qu\u00e9 en las dos primeras d\u00e9cadas largas de este siglo, cuando el feminismo de g\u00e9nero se ha hecho cultura y pol\u00edtica hegem\u00f3nica en nuestro pa\u00eds y en buena parte de Europa, es precisamente cuando mayores males psicol\u00f3gicos sufren las chicas?<\/p>\n<p><strong>Tendr\u00eda que ser al rev\u00e9s<\/strong>, dado que el feminismo y su jerarqu\u00eda sobre cualquier otra consideraci\u00f3n son la consigna, y ellas experimentan una discriminaci\u00f3n positiva en todos los \u00e1mbitos, desde las listas electorales al empleo (en particular, el empleo p\u00fablico). Y, lo que quiz\u00e1s es m\u00e1s importante, en el tratamiento medi\u00e1tico, donde su compa\u00f1ero de generaci\u00f3n, el var\u00f3n, es presentado como el eterno opresor, el que fracasa escolarmente, el que tiene una menor proporci\u00f3n de graduados universitarios.<\/p>\n<h5><strong>Esta diferencia no termina aqu\u00ed, porque se extiende a su visi\u00f3n de la vida. <\/strong><\/h5>\n<p>Mientras que <strong>las chicas<\/strong> siguen el camino de sus predecesoras y dan una gran importancia al <strong>progresismo y al feminismo<\/strong>, <strong>los chicos buscan valores vinculados m\u00e1s a la tradici\u00f3n<\/strong>, de naturaleza fuerte, y giran la mirada hacia sus abuelos y m\u00e1s all\u00e1; no por una nostalgia que no pueden sentir, sino para encontrar respuestas aut\u00e9nticas ante una sociedad y unas instituciones que consideran que han fracasado.<\/p>\n<h5><strong>El balance es claro en cuanto a sus resultados:<\/strong><\/h5>\n<p>La ideolog\u00eda del feminismo de g\u00e9nero en la media que ha logrado el poder <strong>est\u00e1 consiguiendo dos cosas muy graves para el presente y el futuro de la sociedad<\/strong>: estresar y traumatizar a gran escala a las mujeres, y hacer cada vez m\u00e1s dif\u00edcil el emparejamiento entre hombres y mujeres. Y en este sentido no es un dato menor que la cifra de chicas menores de edad que se declaran lesbianas, no tiene parang\u00f3n en las generaciones anteriores, ni en los chicos de su generaci\u00f3n. Algo muy profundo est\u00e1 triturando la ideolog\u00eda y cultura dominante y los costes ser\u00e1n temibles.<\/p>\n<span class='bctt-click-to-tweet'><span class='bctt-ctt-text'><a href='https:\/\/twitter.com\/intent\/tweet?url=https%3A%2F%2Fconversesacatalunya.cat%2Fes%2Fque-les-pasa-a-las-chicas%2F&#038;text=La%20Generaci%C3%B3n%20Z%20busca%20respuestas%3A%20ellas%20en%20el%20progresismo%2C%20ellos%20cada%20vez%20m%C3%A1s%20en%20la%20tradici%C3%B3n.%20Un%20s%C3%ADntoma%20de%20una%20sociedad%20fracturada.%20%23Generaci%C3%B3nZ&#038;via=conversesacat&#038;related=conversesacat' target='_blank'rel=\"noopener noreferrer\">La Generaci\u00f3n Z busca respuestas: ellas en el progresismo, ellos cada vez m\u00e1s en la tradici\u00f3n. Un s\u00edntoma de una sociedad fracturada. #Generaci\u00f3nZ <\/a><\/span><a href='https:\/\/twitter.com\/intent\/tweet?url=https%3A%2F%2Fconversesacatalunya.cat%2Fes%2Fque-les-pasa-a-las-chicas%2F&#038;text=La%20Generaci%C3%B3n%20Z%20busca%20respuestas%3A%20ellas%20en%20el%20progresismo%2C%20ellos%20cada%20vez%20m%C3%A1s%20en%20la%20tradici%C3%B3n.%20Un%20s%C3%ADntoma%20de%20una%20sociedad%20fracturada.%20%23Generaci%C3%B3nZ&#038;via=conversesacat&#038;related=conversesacat' target='_blank' class='bctt-ctt-btn'rel=\"noopener noreferrer\">Compartir en X<\/a><\/span>\n<div id=\"polls-294\" class=\"wp-polls\">\n\t<form id=\"polls_form_294\" class=\"wp-polls-form\" action=\"\/index.php\" method=\"post\">\n\t\t<p style=\"display: none;\"><input type=\"hidden\" id=\"poll_294_nonce\" name=\"wp-polls-nonce\" value=\"76ba213801\" \/><\/p>\n\t\t<p style=\"display: none;\"><input type=\"hidden\" name=\"poll_id\" value=\"294\" \/><\/p>\n\t\t<p style=\"text-align: center\"><strong>Despr\u00e9s d'un any del govern Illa, ets capa\u00e7 d'identificar 3 grans realitzacions que hagi dut a terme? (no anuncis de propostes, projectes, acords).<\/strong><\/p><div id=\"polls-294-ans\" class=\"wp-polls-ans\"><ul class=\"wp-polls-ul\">\n\t\t<li><input type=\"radio\" id=\"poll-answer-839\" name=\"poll_294\" value=\"839\" \/> <label for=\"poll-answer-839\">S\u00ed<\/label><\/li>\n\t\t<li><input type=\"radio\" id=\"poll-answer-840\" name=\"poll_294\" value=\"840\" \/> <label for=\"poll-answer-840\">No<\/label><\/li>\n\t\t<li><input type=\"radio\" id=\"poll-answer-841\" name=\"poll_294\" value=\"841\" \/> <label for=\"poll-answer-841\">No ho s\u00e9<\/label><\/li>\n\t\t<\/ul><p style=\"text-align: center\"><input type=\"button\" name=\"vote\" value=\"   Vota   \" class=\"Buttons\" onclick=\"poll_vote(294);\" \/><\/p><p style=\"text-align: center\"><a href=\"#ViewPollResults\" onclick=\"poll_result(294); return false;\" title=\"View Results Of This Poll\">Mira els resultats<\/a><\/p><\/div>\n\t<\/form>\n<\/div>\n<div id=\"polls-294-loading\" class=\"wp-polls-loading\"><img decoding=\"async\" data-src=\"https:\/\/conversesacatalunya.cat\/wp-content\/plugins\/wp-polls\/images\/loading.gif\" width=\"16\" height=\"16\" alt=\"Cargando ...\" title=\"Cargando ...\" class=\"wp-polls-image lazyload\" src=\"data:image\/svg+xml;base64,PHN2ZyB3aWR0aD0iMSIgaGVpZ2h0PSIxIiB4bWxucz0iaHR0cDovL3d3dy53My5vcmcvMjAwMC9zdmciPjwvc3ZnPg==\" style=\"--smush-placeholder-width: 16px; --smush-placeholder-aspect-ratio: 16\/16;\" \/>&nbsp;Cargando ...<\/div>\n\n","protected":false},"excerpt":{"rendered":"<p>Es una evidencia cient\u00edfica que la Generaci\u00f3n Z o centennial, nacida a finales del siglo XX y principios del XXI, sufre problemas importantes. Por una parte, las enfermedades mentales y las adicciones alcanzan un nivel nunca antes visto entre las personas j\u00f3venes. Un dato significativo es que la llamada \u00abcurva de la felicidad\u00bb, que tradicionalmente adoptaba una forma de \u00abU\u00bb con m\u00e1ximos en el primer y \u00faltimo periodo de la vida y m\u00ednimos a partir de los 40-45 a\u00f1os (que empezaban a decrecer en la jubilaci\u00f3n), se ha alterado. Ahora, los m\u00e1ximos se registran en la primera fase de la vida, a partir de los 18 a\u00f1os, de manera que las personas de 20 a 30 a\u00f1os son m\u00e1s infelices que aquellas en la cuarentena. Tambi\u00e9n registran un mayor estr\u00e9s escolar, y Espa\u00f1a ocupa un lugar destacado en esta adversidad en el \u00e1mbito de la UE. Se sit\u00faa en las primeras posiciones, entre los seis primeros, en la clasificaci\u00f3n que establece la presi\u00f3n escolar que sienten a los 13 a\u00f1os. Esto apuntar\u00eda a que el siguiente tramo generacional, la denominada Generaci\u00f3n Alfa (nacidos a partir de 2013), tambi\u00e9n empezar\u00eda a registrar los mismos efectos, aunque esto no pase de una mera hip\u00f3tesis, dado que a\u00fan no hay perspectiva temporal suficiente para verificarlo. Pero todos estos datos conjuntos sobre los j\u00f3venes encubren una diferencia entre sexos que nunca se hab\u00eda dado en tal medida. En el caso del estr\u00e9s escolar, que crece con la edad (es mucho mayor en los j\u00f3venes de 17-18 a\u00f1os, cuando alcanza un 41%, que entre los de 11-12, con solo un 10,5%), es sobre todo una caracter\u00edstica creciente entre las chicas. En los chicos, la cifra de poblaci\u00f3n que sufre estr\u00e9s a los 11-12 a\u00f1os es del 14%, por debajo de la media del grupo, porque en las chicas ya alcanza el 18,4%. Este estr\u00e9s en los chicos crece, pero se estabiliza, de manera que entre los de 13-15 a\u00f1os y los de 17-18 hay solo 2 puntos de diferencia (del 25% al 27%). Mientras, en las chicas aumenta y crece con la edad hasta que, en el m\u00e1ximo, alcanza el 54%; el doble que los chicos. Las muchachas, a medida que ganan a\u00f1os, ganan en malestar y estr\u00e9s, hasta el punto de que quienes lo sufren son m\u00e1s de la mitad del grupo. M\u00e1s todav\u00eda: mientras que en los \u00faltimos 20 a\u00f1os (2002-2022) este s\u00edntoma apenas se ha movido en los varones (ha pasado del 21% al 23%), en las mujeres ha crecido de forma rampante. De tener una misma significaci\u00f3n que los chicos en 2002 (21%), se ha elevado hasta el 39% dos d\u00e9cadas despu\u00e9s. En todo esto hay un interrogante profundo, una cuesti\u00f3n de fondo que no se ha abordado: \u00bfPor qu\u00e9 en las dos primeras d\u00e9cadas largas de este siglo, cuando el feminismo de g\u00e9nero se ha hecho cultura y pol\u00edtica hegem\u00f3nica en nuestro pa\u00eds y en buena parte de Europa, es precisamente cuando mayores males psicol\u00f3gicos sufren las chicas? Tendr\u00eda que ser al rev\u00e9s, dado que el feminismo y su jerarqu\u00eda sobre cualquier otra consideraci\u00f3n son la consigna, y ellas experimentan una discriminaci\u00f3n positiva en todos los \u00e1mbitos, desde las listas electorales al empleo (en particular, el empleo p\u00fablico). Y, lo que quiz\u00e1s es m\u00e1s importante, en el tratamiento medi\u00e1tico, donde su compa\u00f1ero de generaci\u00f3n, el var\u00f3n, es presentado como el eterno opresor, el que fracasa escolarmente, el que tiene una menor proporci\u00f3n de graduados universitarios. Esta diferencia no termina aqu\u00ed, porque se extiende a su visi\u00f3n de la vida. Mientras que las chicas siguen el camino de sus predecesoras y dan una gran importancia al progresismo y al feminismo, los chicos buscan valores vinculados m\u00e1s a la tradici\u00f3n, de naturaleza fuerte, y giran la mirada hacia sus abuelos y m\u00e1s all\u00e1; no por una nostalgia que no pueden sentir, sino para encontrar respuestas aut\u00e9nticas ante una sociedad y unas instituciones que consideran que han fracasado. El balance es claro en cuanto a sus resultados: La ideolog\u00eda del feminismo de g\u00e9nero en la media que ha logrado el poder est\u00e1 consiguiendo dos cosas muy graves para el presente y el futuro de la sociedad: estresar y traumatizar a gran escala a las mujeres, y hacer cada vez m\u00e1s dif\u00edcil el emparejamiento entre hombres y mujeres. Y en este sentido no es un dato menor que la cifra de chicas menores de edad que se declaran lesbianas, no tiene parang\u00f3n en las generaciones anteriores, ni en los chicos de su generaci\u00f3n. Algo muy profundo est\u00e1 triturando la ideolog\u00eda y cultura dominante y los costes ser\u00e1n temibles.<\/p>\n","protected":false},"author":93,"featured_media":91551,"comment_status":"open","ping_status":"open","sticky":false,"template":"","format":"standard","meta":{"_FSMCFIC_featured_image_caption":"","_FSMCFIC_featured_image_nocaption":"","_FSMCFIC_featured_image_hide":"","footnotes":""},"categories":[806],"tags":[3477,5397],"class_list":["post-91527","post","type-post","status-publish","format-standard","has-post-thumbnail","hentry","category-punts-claus-del-dia-es","tag-feminismo","tag-generacion-z"],"yoast_head":"<!-- This site is optimized with the Yoast SEO plugin v26.8 - https:\/\/yoast.com\/product\/yoast-seo-wordpress\/ -->\n<title>\u00bfQu\u00e9 les pasa a las chicas? - Converses a Catalunya<\/title>\n<meta name=\"description\" content=\"Estos datos conjuntos sobre los j\u00f3venes encubren una diferencia entre sexos que nunca se hab\u00eda dado en tal medida.\" \/>\n<meta name=\"robots\" content=\"index, follow, max-snippet:-1, max-image-preview:large, max-video-preview:-1\" \/>\n<link rel=\"canonical\" href=\"https:\/\/conversesacatalunya.cat\/es\/que-les-pasa-a-las-chicas\/\" \/>\n<meta property=\"og:locale\" content=\"es_ES\" \/>\n<meta property=\"og:type\" content=\"article\" \/>\n<meta property=\"og:title\" content=\"\u00bfQu\u00e9 les pasa a las chicas? - Converses a Catalunya\" \/>\n<meta property=\"og:description\" content=\"Estos datos conjuntos sobre los j\u00f3venes encubren una diferencia entre sexos que nunca se hab\u00eda dado en tal medida.\" \/>\n<meta property=\"og:url\" content=\"https:\/\/conversesacatalunya.cat\/es\/que-les-pasa-a-las-chicas\/\" \/>\n<meta property=\"og:site_name\" content=\"Converses a Catalunya\" \/>\n<meta property=\"article:published_time\" content=\"2025-09-04T07:27:54+00:00\" \/>\n<meta property=\"article:modified_time\" content=\"2025-09-04T07:49:03+00:00\" \/>\n<meta property=\"og:image\" content=\"https:\/\/conversesacatalunya.cat\/wp-content\/uploads\/2025\/09\/girl-4936969_640.jpg\" \/>\n\t<meta property=\"og:image:width\" content=\"640\" \/>\n\t<meta property=\"og:image:height\" content=\"427\" \/>\n\t<meta property=\"og:image:type\" content=\"image\/jpeg\" \/>\n<meta name=\"author\" content=\"Maria Roca\" \/>\n<meta name=\"twitter:card\" content=\"summary_large_image\" \/>\n<meta name=\"twitter:label1\" content=\"Escrito por\" \/>\n\t<meta name=\"twitter:data1\" content=\"Maria Roca\" \/>\n\t<meta name=\"twitter:label2\" content=\"Tiempo de lectura\" \/>\n\t<meta name=\"twitter:data2\" content=\"4 minutos\" \/>\n<script type=\"application\/ld+json\" class=\"yoast-schema-graph\">{\"@context\":\"https:\/\/schema.org\",\"@graph\":[{\"@type\":\"Article\",\"@id\":\"https:\/\/conversesacatalunya.cat\/es\/que-les-pasa-a-las-chicas\/#article\",\"isPartOf\":{\"@id\":\"https:\/\/conversesacatalunya.cat\/es\/que-les-pasa-a-las-chicas\/\"},\"author\":{\"name\":\"Maria Roca\",\"@id\":\"https:\/\/conversesacatalunya.cat\/#\/schema\/person\/b3736236ba9ce76021ac7bfa148af34a\"},\"headline\":\"\u00bfQu\u00e9 les pasa a las chicas?\",\"datePublished\":\"2025-09-04T07:27:54+00:00\",\"dateModified\":\"2025-09-04T07:49:03+00:00\",\"mainEntityOfPage\":{\"@id\":\"https:\/\/conversesacatalunya.cat\/es\/que-les-pasa-a-las-chicas\/\"},\"wordCount\":864,\"commentCount\":0,\"image\":{\"@id\":\"https:\/\/conversesacatalunya.cat\/es\/que-les-pasa-a-las-chicas\/#primaryimage\"},\"thumbnailUrl\":\"https:\/\/conversesacatalunya.cat\/wp-content\/uploads\/2025\/09\/girl-4936969_640.jpg\",\"keywords\":[\"Feminismo\",\"generaci\u00f3n Z\"],\"articleSection\":[\"Punts clau del dia (ES)\"],\"inLanguage\":\"es\",\"potentialAction\":[{\"@type\":\"CommentAction\",\"name\":\"Comment\",\"target\":[\"https:\/\/conversesacatalunya.cat\/es\/que-les-pasa-a-las-chicas\/#respond\"]}]},{\"@type\":\"WebPage\",\"@id\":\"https:\/\/conversesacatalunya.cat\/es\/que-les-pasa-a-las-chicas\/\",\"url\":\"https:\/\/conversesacatalunya.cat\/es\/que-les-pasa-a-las-chicas\/\",\"name\":\"\u00bfQu\u00e9 les pasa a las chicas? - Converses a Catalunya\",\"isPartOf\":{\"@id\":\"https:\/\/conversesacatalunya.cat\/#website\"},\"primaryImageOfPage\":{\"@id\":\"https:\/\/conversesacatalunya.cat\/es\/que-les-pasa-a-las-chicas\/#primaryimage\"},\"image\":{\"@id\":\"https:\/\/conversesacatalunya.cat\/es\/que-les-pasa-a-las-chicas\/#primaryimage\"},\"thumbnailUrl\":\"https:\/\/conversesacatalunya.cat\/wp-content\/uploads\/2025\/09\/girl-4936969_640.jpg\",\"datePublished\":\"2025-09-04T07:27:54+00:00\",\"dateModified\":\"2025-09-04T07:49:03+00:00\",\"author\":{\"@id\":\"https:\/\/conversesacatalunya.cat\/#\/schema\/person\/b3736236ba9ce76021ac7bfa148af34a\"},\"description\":\"Estos datos conjuntos sobre los j\u00f3venes encubren una diferencia entre sexos que nunca se hab\u00eda dado en tal medida.\",\"breadcrumb\":{\"@id\":\"https:\/\/conversesacatalunya.cat\/es\/que-les-pasa-a-las-chicas\/#breadcrumb\"},\"inLanguage\":\"es\",\"potentialAction\":[{\"@type\":\"ReadAction\",\"target\":[\"https:\/\/conversesacatalunya.cat\/es\/que-les-pasa-a-las-chicas\/\"]}]},{\"@type\":\"ImageObject\",\"inLanguage\":\"es\",\"@id\":\"https:\/\/conversesacatalunya.cat\/es\/que-les-pasa-a-las-chicas\/#primaryimage\",\"url\":\"https:\/\/conversesacatalunya.cat\/wp-content\/uploads\/2025\/09\/girl-4936969_640.jpg\",\"contentUrl\":\"https:\/\/conversesacatalunya.cat\/wp-content\/uploads\/2025\/09\/girl-4936969_640.jpg\",\"width\":640,\"height\":427,\"caption\":\"Diferencia entre sexos\"},{\"@type\":\"BreadcrumbList\",\"@id\":\"https:\/\/conversesacatalunya.cat\/es\/que-les-pasa-a-las-chicas\/#breadcrumb\",\"itemListElement\":[{\"@type\":\"ListItem\",\"position\":1,\"name\":\"Inici\",\"item\":\"https:\/\/conversesacatalunya.cat\/es\/\"},{\"@type\":\"ListItem\",\"position\":2,\"name\":\"\u00bfQu\u00e9 les pasa a las chicas?\"}]},{\"@type\":\"WebSite\",\"@id\":\"https:\/\/conversesacatalunya.cat\/#website\",\"url\":\"https:\/\/conversesacatalunya.cat\/\",\"name\":\"Converses a Catalunya\",\"description\":\"\",\"potentialAction\":[{\"@type\":\"SearchAction\",\"target\":{\"@type\":\"EntryPoint\",\"urlTemplate\":\"https:\/\/conversesacatalunya.cat\/?s={search_term_string}\"},\"query-input\":{\"@type\":\"PropertyValueSpecification\",\"valueRequired\":true,\"valueName\":\"search_term_string\"}}],\"inLanguage\":\"es\"},{\"@type\":\"Person\",\"@id\":\"https:\/\/conversesacatalunya.cat\/#\/schema\/person\/b3736236ba9ce76021ac7bfa148af34a\",\"name\":\"Maria Roca\",\"image\":{\"@type\":\"ImageObject\",\"inLanguage\":\"es\",\"@id\":\"https:\/\/conversesacatalunya.cat\/#\/schema\/person\/image\/\",\"url\":\"https:\/\/conversesacatalunya.cat\/wp-content\/litespeed\/avatar\/ef96c86f96eb550f4df3f835b02596af.jpg?ver=1777355964\",\"contentUrl\":\"https:\/\/conversesacatalunya.cat\/wp-content\/litespeed\/avatar\/ef96c86f96eb550f4df3f835b02596af.jpg?ver=1777355964\",\"caption\":\"Maria Roca\"},\"url\":\"https:\/\/conversesacatalunya.cat\/es\/author\/maria-roca\/\"}]}<\/script>\n<!-- \/ Yoast SEO plugin. -->","yoast_head_json":{"title":"\u00bfQu\u00e9 les pasa a las chicas? - Converses a Catalunya","description":"Estos datos conjuntos sobre los j\u00f3venes encubren una diferencia entre sexos que nunca se hab\u00eda dado en tal medida.","robots":{"index":"index","follow":"follow","max-snippet":"max-snippet:-1","max-image-preview":"max-image-preview:large","max-video-preview":"max-video-preview:-1"},"canonical":"https:\/\/conversesacatalunya.cat\/es\/que-les-pasa-a-las-chicas\/","og_locale":"es_ES","og_type":"article","og_title":"\u00bfQu\u00e9 les pasa a las chicas? - Converses a Catalunya","og_description":"Estos datos conjuntos sobre los j\u00f3venes encubren una diferencia entre sexos que nunca se hab\u00eda dado en tal medida.","og_url":"https:\/\/conversesacatalunya.cat\/es\/que-les-pasa-a-las-chicas\/","og_site_name":"Converses a Catalunya","article_published_time":"2025-09-04T07:27:54+00:00","article_modified_time":"2025-09-04T07:49:03+00:00","og_image":[{"width":640,"height":427,"url":"https:\/\/conversesacatalunya.cat\/wp-content\/uploads\/2025\/09\/girl-4936969_640.jpg","type":"image\/jpeg"}],"author":"Maria Roca","twitter_card":"summary_large_image","twitter_misc":{"Escrito por":"Maria Roca","Tiempo de lectura":"4 minutos"},"schema":{"@context":"https:\/\/schema.org","@graph":[{"@type":"Article","@id":"https:\/\/conversesacatalunya.cat\/es\/que-les-pasa-a-las-chicas\/#article","isPartOf":{"@id":"https:\/\/conversesacatalunya.cat\/es\/que-les-pasa-a-las-chicas\/"},"author":{"name":"Maria Roca","@id":"https:\/\/conversesacatalunya.cat\/#\/schema\/person\/b3736236ba9ce76021ac7bfa148af34a"},"headline":"\u00bfQu\u00e9 les pasa a las chicas?","datePublished":"2025-09-04T07:27:54+00:00","dateModified":"2025-09-04T07:49:03+00:00","mainEntityOfPage":{"@id":"https:\/\/conversesacatalunya.cat\/es\/que-les-pasa-a-las-chicas\/"},"wordCount":864,"commentCount":0,"image":{"@id":"https:\/\/conversesacatalunya.cat\/es\/que-les-pasa-a-las-chicas\/#primaryimage"},"thumbnailUrl":"https:\/\/conversesacatalunya.cat\/wp-content\/uploads\/2025\/09\/girl-4936969_640.jpg","keywords":["Feminismo","generaci\u00f3n Z"],"articleSection":["Punts clau del dia (ES)"],"inLanguage":"es","potentialAction":[{"@type":"CommentAction","name":"Comment","target":["https:\/\/conversesacatalunya.cat\/es\/que-les-pasa-a-las-chicas\/#respond"]}]},{"@type":"WebPage","@id":"https:\/\/conversesacatalunya.cat\/es\/que-les-pasa-a-las-chicas\/","url":"https:\/\/conversesacatalunya.cat\/es\/que-les-pasa-a-las-chicas\/","name":"\u00bfQu\u00e9 les pasa a las chicas? - Converses a Catalunya","isPartOf":{"@id":"https:\/\/conversesacatalunya.cat\/#website"},"primaryImageOfPage":{"@id":"https:\/\/conversesacatalunya.cat\/es\/que-les-pasa-a-las-chicas\/#primaryimage"},"image":{"@id":"https:\/\/conversesacatalunya.cat\/es\/que-les-pasa-a-las-chicas\/#primaryimage"},"thumbnailUrl":"https:\/\/conversesacatalunya.cat\/wp-content\/uploads\/2025\/09\/girl-4936969_640.jpg","datePublished":"2025-09-04T07:27:54+00:00","dateModified":"2025-09-04T07:49:03+00:00","author":{"@id":"https:\/\/conversesacatalunya.cat\/#\/schema\/person\/b3736236ba9ce76021ac7bfa148af34a"},"description":"Estos datos conjuntos sobre los j\u00f3venes encubren una diferencia entre sexos que nunca se hab\u00eda dado en tal medida.","breadcrumb":{"@id":"https:\/\/conversesacatalunya.cat\/es\/que-les-pasa-a-las-chicas\/#breadcrumb"},"inLanguage":"es","potentialAction":[{"@type":"ReadAction","target":["https:\/\/conversesacatalunya.cat\/es\/que-les-pasa-a-las-chicas\/"]}]},{"@type":"ImageObject","inLanguage":"es","@id":"https:\/\/conversesacatalunya.cat\/es\/que-les-pasa-a-las-chicas\/#primaryimage","url":"https:\/\/conversesacatalunya.cat\/wp-content\/uploads\/2025\/09\/girl-4936969_640.jpg","contentUrl":"https:\/\/conversesacatalunya.cat\/wp-content\/uploads\/2025\/09\/girl-4936969_640.jpg","width":640,"height":427,"caption":"Diferencia entre sexos"},{"@type":"BreadcrumbList","@id":"https:\/\/conversesacatalunya.cat\/es\/que-les-pasa-a-las-chicas\/#breadcrumb","itemListElement":[{"@type":"ListItem","position":1,"name":"Inici","item":"https:\/\/conversesacatalunya.cat\/es\/"},{"@type":"ListItem","position":2,"name":"\u00bfQu\u00e9 les pasa a las chicas?"}]},{"@type":"WebSite","@id":"https:\/\/conversesacatalunya.cat\/#website","url":"https:\/\/conversesacatalunya.cat\/","name":"Converses a Catalunya","description":"","potentialAction":[{"@type":"SearchAction","target":{"@type":"EntryPoint","urlTemplate":"https:\/\/conversesacatalunya.cat\/?s={search_term_string}"},"query-input":{"@type":"PropertyValueSpecification","valueRequired":true,"valueName":"search_term_string"}}],"inLanguage":"es"},{"@type":"Person","@id":"https:\/\/conversesacatalunya.cat\/#\/schema\/person\/b3736236ba9ce76021ac7bfa148af34a","name":"Maria Roca","image":{"@type":"ImageObject","inLanguage":"es","@id":"https:\/\/conversesacatalunya.cat\/#\/schema\/person\/image\/","url":"https:\/\/conversesacatalunya.cat\/wp-content\/litespeed\/avatar\/ef96c86f96eb550f4df3f835b02596af.jpg?ver=1777355964","contentUrl":"https:\/\/conversesacatalunya.cat\/wp-content\/litespeed\/avatar\/ef96c86f96eb550f4df3f835b02596af.jpg?ver=1777355964","caption":"Maria Roca"},"url":"https:\/\/conversesacatalunya.cat\/es\/author\/maria-roca\/"}]}},"wps_subtitle":"\u00bfPor qu\u00e9 en las dos primeras d\u00e9cadas largas de este siglo, cuando el feminismo de g\u00e9nero se ha hecho cultura y pol\u00edtica hegem\u00f3nica en nuestro pa\u00eds y en buena parte de Europa, es precisamente cuando mayores males psicol\u00f3gicos sufren las chicas?","_links":{"self":[{"href":"https:\/\/conversesacatalunya.cat\/es\/wp-json\/wp\/v2\/posts\/91527","targetHints":{"allow":["GET"]}}],"collection":[{"href":"https:\/\/conversesacatalunya.cat\/es\/wp-json\/wp\/v2\/posts"}],"about":[{"href":"https:\/\/conversesacatalunya.cat\/es\/wp-json\/wp\/v2\/types\/post"}],"author":[{"embeddable":true,"href":"https:\/\/conversesacatalunya.cat\/es\/wp-json\/wp\/v2\/users\/93"}],"replies":[{"embeddable":true,"href":"https:\/\/conversesacatalunya.cat\/es\/wp-json\/wp\/v2\/comments?post=91527"}],"version-history":[{"count":6,"href":"https:\/\/conversesacatalunya.cat\/es\/wp-json\/wp\/v2\/posts\/91527\/revisions"}],"predecessor-version":[{"id":91554,"href":"https:\/\/conversesacatalunya.cat\/es\/wp-json\/wp\/v2\/posts\/91527\/revisions\/91554"}],"wp:featuredmedia":[{"embeddable":true,"href":"https:\/\/conversesacatalunya.cat\/es\/wp-json\/wp\/v2\/media\/91551"}],"wp:attachment":[{"href":"https:\/\/conversesacatalunya.cat\/es\/wp-json\/wp\/v2\/media?parent=91527"}],"wp:term":[{"taxonomy":"category","embeddable":true,"href":"https:\/\/conversesacatalunya.cat\/es\/wp-json\/wp\/v2\/categories?post=91527"},{"taxonomy":"post_tag","embeddable":true,"href":"https:\/\/conversesacatalunya.cat\/es\/wp-json\/wp\/v2\/tags?post=91527"}],"curies":[{"name":"wp","href":"https:\/\/api.w.org\/{rel}","templated":true}]}}