{"id":91506,"date":"2025-09-03T10:41:54","date_gmt":"2025-09-03T08:41:54","guid":{"rendered":"https:\/\/conversesacatalunya.cat\/?p=91506"},"modified":"2025-09-03T11:28:54","modified_gmt":"2025-09-03T09:28:54","slug":"collboni-una-alcaldia-insoportable","status":"publish","type":"post","link":"https:\/\/conversesacatalunya.cat\/es\/collboni-una-alcaldia-insoportable\/","title":{"rendered":"Collboni, una alcald\u00eda insoportable"},"content":{"rendered":"<p>Ah, Barcelona, esa ciudad que un d\u00eda fue un sue\u00f1o mediterr\u00e1neo, un tapiz de Gaud\u00ed y de mercados bullentes, y que ahora, bajo la batuta del se\u00f1or Jaume <a href=\"https:\/\/conversesacatalunya.cat\/es\/el-desastre-de-barcelona-y-aprueba-collboni\/\" target=\"_blank\" rel=\"noopener\">Collboni<\/a>, parece haberse convertido en una especie de experimento urbano para probar la paciencia humana.<\/p>\n<p>Desde que asumi\u00f3 la alcald\u00eda en junio de 2023, con una minor\u00eda p\u00edrrica de apenas diez concejales sobre un total de cuarenta y uno \u2013\u00a1qu\u00e9 legitimidad democr\u00e1tica tan robusta!\u2013, este alcalde socialista ha logrado, con una maestr\u00eda involuntaria, <strong>someter a los barceloneses y a los infelices visitantes a un estr\u00e9s cotidiano que roza lo insoportable<\/strong>. Uno pasea por sus calles y se pregunta: \u00bfes esto una ciudad o un circo ambulante donde el payaso principal se cree director de orquesta?<\/p>\n<h4><strong>La inseguridad<\/strong><\/h4>\n<p>Comencemos por lo evidente, por esa <strong>inseguridad<\/strong> que flota en el aire como un mal olor persistente. Los cr\u00edticos, desde el PP hasta Junts, ERC y hasta los de BCom\u00fa \u2013qu\u00e9 iron\u00eda, \u00bfno?, aliados intermitentes que ahora le clavan el pu\u00f1al\u2013, acusan a Collboni de <strong>haber perdido el control absoluto de la ciudad.<\/strong> Robos con impunidad, carteristas que operan como si fueran empleados municipales, bandas organizadas que campan a sus anchas&#8230; Barcelona abandonada, dicen, con un caos creciente que afecta a residentes y turistas por igual.<\/p>\n<p><strong>En las redes sociales, las quejas son un coro griego<\/strong>: \u00abimpunidad en los robos\u00bb, \u00abp\u00e9rdida de control\u00bb, una situaci\u00f3n \u00abinsoportable\u00bb con m\u00e1s inseguridad que nunca. Y mientras, la propaganda oficial pinta un cuadro id\u00edlico. \u00a1Qu\u00e9 gracioso! Como si bastara con palabras para disipar las sombras de la delincuencia.<\/p>\n<h4><strong>La limpieza y la degradaci\u00f3n urbana<\/strong><\/h4>\n<p>Pero no nos detengamos ah\u00ed; miremos al suelo, literalmente. La limpieza y la degradaci\u00f3n urbana son otro cap\u00edtulo de esta tragicomedia.<strong> La ciudad est\u00e1 m\u00e1s sucia que nunca<\/strong> bajo su mandato, con se\u00f1ales c\u00edvicas que simbolizan un deterioro general, heredado de administraciones anteriores, pero sin una pizca de mejora significativa.<\/p>\n<p><strong>Opiniones p\u00fablicas lo resumen con crudeza:<\/strong> usuarios en redes lo ven como el \u00abpeor\u00bb para los barceloneses, hundiendo la ciudad en un pozo de mugre. Falsedad en las afirmaciones oficiales de limpieza y orden, claman. Y ah\u00ed est\u00e1n los parques, escasos refugios clim\u00e1ticos, seg\u00fan los cartelitos bromistas del ayuntamiento, que cierran en su mayor parte en agosto por vacaciones. <strong>\u00a1Vacaciones para los refugios clim\u00e1ticos!<\/strong> En pleno verano catal\u00e1n, cuando el sol aprieta como un prestamista.<\/p>\n<p>Barcelona avanza hacia una versi\u00f3n que re\u00fane lo peor de Venecia (el turismo asfixiante), N\u00e1poles (la degradaci\u00f3n callejera) y Marsella (los grupos de delincuentes que operan en los m\u00e1rgenes de la ciudad), todo en un r\u00e9gimen de densidad humana asi\u00e1tica. Uno camina y piensa: \u00bfqui\u00e9n dise\u00f1\u00f3 este infierno con iron\u00eda?<\/p>\n<h4><strong>Vivienda y econom\u00eda<\/strong><\/h4>\n<p>En el terreno de la vivienda y la econom\u00eda, el escepticismo se torna en sarcasmo puro. Collboni no ha resuelto la crisis habitacional, la peor de todas las ciudades de Espa\u00f1a: familias amontonadas en habitaciones min\u00fasculas, expulsiones por alquileres estratosf\u00e9ricos. Se le reprocha no facilitar la construcci\u00f3n de viviendas libres y protegidas, ni siquiera hoteles de lujo que podr\u00edan inyectar algo de vida econ\u00f3mica. <strong>Prioriza otras \u00e1reas sobre la econom\u00eda productiva y el empleo, dicen los opositores. <\/strong><\/p>\n<p>Y ah\u00ed est\u00e1 el caso de <a href=\"https:\/\/conversesacatalunya.cat\/es\/la-casa-orsola\/\" target=\"_blank\" rel=\"noopener\"><strong>la Casa Orsola<\/strong><\/a>: un alto precio pagado por propiedades que, alegan, no benefician a los vulnerables. Problemas de vivienda mientras usa dramas ajenos para promoci\u00f3n personal, cuestionan. Necesidad de pactos para vivienda y hoteles, insisten. Ah, y no olvidemos <strong>el tranv\u00eda por la Diagonal<\/strong>, esa obra que acent\u00faa la ruptura urban\u00edstica del modelo del Ensanche, respondiendo a extra\u00f1os intereses. Se paga una pesada infraestructura p\u00fablica para que despu\u00e9s la explote una empresa privada, la concesionaria del tranv\u00eda, que adem\u00e1s empeorar\u00e1 las cr\u00f3nicas deficitarias cuentas de la empresa p\u00fablica de transportes metropolitanos porque fagocitar\u00e1 algunas de sus mejores l\u00edneas econ\u00f3micas. Calles colapsadas, limitadas o invalidadas por obras y medidas al estilo Colau \u2013\u00a1continuidad perfecta!\u2013, asaltados por masas cruentas de turistas. \u00bfProgreso? M\u00e1s bien una broma pesada.<\/p>\n<h4><strong>Escenario internacional<\/strong><\/h4>\n<p>Ahora, volvamos la vista al escenario internacional, donde Collboni se erige en diplom\u00e1tico de pacotilla. Su postura propalestina ha generado un vendaval de cr\u00edticas: nombrar a Palestina como \u00abdistrito 11\u00bb de Barcelona \u2013\u00a1qu\u00e9 ocurrencia tan po\u00e9tica!\u2013, reunirse con autoridades palestinas y sancionar relaciones con Israel. Esto llev\u00f3 a que Israel le vetara la entrada al pa\u00eds por \u00abincoherencia\u00bb y \u00abdifamaci\u00f3n\u00bb. La comunidad jud\u00eda local lo acusa de sesgo evidente, y <strong>los opositores ven \u00abpostureo\u00bb y opacidad en sus viajes a Oriente Pr\u00f3ximo, como a Jordania, usando fondos p\u00fablicos para autopromoci\u00f3n en lugar de resolver problemas locales.<\/strong> Vetos de Israel, cr\u00edticas del PP por el distrito Palestina, acusaciones de la comunidad jud\u00eda por las reuniones, opacidad en los viajes, verg\u00fcenza por su presencia en Jordania&#8230; Todo un despliegue de internacionalismo que deja Barcelona en el olvido.<\/p>\n<h4><strong>Gesti\u00f3n pol\u00edtica<\/strong><\/h4>\n<p>En cuanto a la gesti\u00f3n pol\u00edtica y la legitimidad, aqu\u00ed el ironista que hay en m\u00ed se frota las manos. Gobierna en minor\u00eda tras una \u00abjugada baja\u00bb: <strong>prometi\u00f3 que solo el m\u00e1s votado ser\u00eda alcalde y luego asumi\u00f3 el cargo pese a no serlo<\/strong>, con una diferencia de solo 141 votos con el ganador.<\/p>\n<p>Opositores lo tildan de hip\u00f3crita, mantenido por apoyos inconsistentes como los de ERC y BCom\u00fa, que luego lo critican con sa\u00f1a. Acusaciones de no superar el populismo, falta de di\u00e1logo amplio, priorizar la reelecci\u00f3n con \u00abpantomimas\u00bb financiadas p\u00fablicamente. \u00abJugada vomitiva para robar el cargo\u00bb, \u00abdiferencia m\u00ednima de votos\u00bb, \u00abno representa, manipulaci\u00f3n electoral\u00bb, \u00abhipocres\u00eda de aliados\u00bb, \u00abpantomima para reelecci\u00f3n\u00bb, cr\u00edtica un\u00e1nime de la oposici\u00f3n a su mandato, toque de atenci\u00f3n en el examen de mandato, ciudad sin modelo de futuro&#8230; Y encima, \u00abvacaciones permanentes\u00bb ignorando problemas. \u00a1Qu\u00e9 forma tan elegante de no gobernar! Un alcalde que bate todos los r\u00e9cords con cinco mociones de p\u00e9rdida de confianza.<strong> Pero aqu\u00ed nadie dimite.<\/strong><\/p>\n<p>Abandona cuentas en X, dejando solo una para emergencias, criticado por la oposici\u00f3n. No hace cumplir normas estrictamente como en el Camp Nou. Otorga fondos p\u00fablicos a causas ajenas, como un mill\u00f3n de euros. Y no contento con esto, se muestra todav\u00eda <strong>m\u00e1s intolerante que Colau con las tradiciones populares, como el pesebre de la Plaza de San Jaime o la cancelaci\u00f3n de la Misa de la Virgen de la Merc\u00e8 del programa de fiesta mayor<\/strong>, ignorando reclamos, manteniendo una tradici\u00f3n popular que se remonta al siglo XIII \u2013\u00a1precisamente conmemora a la Virgen de la Merc\u00e8!\u2013. Un cartel festivo \u00abirreverente\u00bb que genera peleas con el Arzobispado.<\/p>\n<p>Se le ve como el \u00abin\u00fatil de reserva\u00bb de Ada Colau, <strong>continuando su labor de \u00abdestrozo\u00bb<\/strong> y dejando Barcelona arruinada por d\u00e9cadas. No ha superado el populismo y ha profundizado problemas como la degradaci\u00f3n: continuidad destructiva con Colau, claman.<\/p>\n<p>Finalmente, <strong>en inmigraci\u00f3n y derechos humanos<\/strong>, su apoyo al plan de migraci\u00f3n regular de S\u00e1nchez, genera cr\u00edticas impl\u00edcitas por priorizar la inmigraci\u00f3n sobre problemas locales, aunque \u00e9l defiende que es necesario para el futuro de Espa\u00f1a y Europa. Declaraciones vistas como desconectadas de las realidades locales. \u00bfPrioridades? Parece que las de Barcelona quedan en segundo plano.<\/p>\n<p>En resumen, <strong>bajo Collboni, Barcelona es un mosaico de iron\u00edas:<\/strong> una ciudad que se ahoga en su propia grandeza pasada, gobernada por un alcalde que, con escepticismo, uno observa como un actor secundario en una obra mal escrita. \u00bfHacia d\u00f3nde va? Qui\u00e9n sabe. Pero mientras, los barceloneses sufren, y el esc\u00e9ptico se limita a anotar, con una sonrisa torcida, esta comedia de errores municipales.<\/p>\n<span class='bctt-click-to-tweet'><span class='bctt-ctt-text'><a href='https:\/\/twitter.com\/intent\/tweet?url=https%3A%2F%2Fconversesacatalunya.cat%2Fes%2Fcollboni-una-alcaldia-insoportable%2F&#038;text=Calles%20sucias%2C%20robos%20impunes%20y%20un%20tranv%C3%ADa%20que%20rompe%20el%20Ensanche.%20Collboni%2C%20el%20in%C3%BAtil%20de%20reserva%20de%20Colau.%20%23BarcelonaDegradada%20%23CollboniCaos%20%23Gesti%C3%B3nMunicipal&#038;via=conversesacat&#038;related=conversesacat' target='_blank'rel=\"noopener noreferrer\">Calles sucias, robos impunes y un tranv\u00eda que rompe el Ensanche. Collboni, el in\u00fatil de reserva de Colau. #BarcelonaDegradada #CollboniCaos #Gesti\u00f3nMunicipal <\/a><\/span><a href='https:\/\/twitter.com\/intent\/tweet?url=https%3A%2F%2Fconversesacatalunya.cat%2Fes%2Fcollboni-una-alcaldia-insoportable%2F&#038;text=Calles%20sucias%2C%20robos%20impunes%20y%20un%20tranv%C3%ADa%20que%20rompe%20el%20Ensanche.%20Collboni%2C%20el%20in%C3%BAtil%20de%20reserva%20de%20Colau.%20%23BarcelonaDegradada%20%23CollboniCaos%20%23Gesti%C3%B3nMunicipal&#038;via=conversesacat&#038;related=conversesacat' target='_blank' class='bctt-ctt-btn'rel=\"noopener noreferrer\">Compartir en X<\/a><\/span>\n<div id=\"polls-294\" class=\"wp-polls\">\n\t<form id=\"polls_form_294\" class=\"wp-polls-form\" action=\"\/index.php\" method=\"post\">\n\t\t<p style=\"display: none;\"><input type=\"hidden\" id=\"poll_294_nonce\" name=\"wp-polls-nonce\" value=\"76ba213801\" \/><\/p>\n\t\t<p style=\"display: none;\"><input type=\"hidden\" name=\"poll_id\" value=\"294\" \/><\/p>\n\t\t<p style=\"text-align: center\"><strong>Despr\u00e9s d'un any del govern Illa, ets capa\u00e7 d'identificar 3 grans realitzacions que hagi dut a terme? (no anuncis de propostes, projectes, acords).<\/strong><\/p><div id=\"polls-294-ans\" class=\"wp-polls-ans\"><ul class=\"wp-polls-ul\">\n\t\t<li><input type=\"radio\" id=\"poll-answer-839\" name=\"poll_294\" value=\"839\" \/> <label for=\"poll-answer-839\">S\u00ed<\/label><\/li>\n\t\t<li><input type=\"radio\" id=\"poll-answer-840\" name=\"poll_294\" value=\"840\" \/> <label for=\"poll-answer-840\">No<\/label><\/li>\n\t\t<li><input type=\"radio\" id=\"poll-answer-841\" name=\"poll_294\" value=\"841\" \/> <label for=\"poll-answer-841\">No ho s\u00e9<\/label><\/li>\n\t\t<\/ul><p style=\"text-align: center\"><input type=\"button\" name=\"vote\" value=\"   Vota   \" class=\"Buttons\" onclick=\"poll_vote(294);\" \/><\/p><p style=\"text-align: center\"><a href=\"#ViewPollResults\" onclick=\"poll_result(294); return false;\" title=\"View Results Of This Poll\">Mira els resultats<\/a><\/p><\/div>\n\t<\/form>\n<\/div>\n<div id=\"polls-294-loading\" class=\"wp-polls-loading\"><img decoding=\"async\" data-src=\"https:\/\/conversesacatalunya.cat\/wp-content\/plugins\/wp-polls\/images\/loading.gif\" width=\"16\" height=\"16\" alt=\"Cargando ...\" title=\"Cargando ...\" class=\"wp-polls-image lazyload\" src=\"data:image\/svg+xml;base64,PHN2ZyB3aWR0aD0iMSIgaGVpZ2h0PSIxIiB4bWxucz0iaHR0cDovL3d3dy53My5vcmcvMjAwMC9zdmciPjwvc3ZnPg==\" style=\"--smush-placeholder-width: 16px; --smush-placeholder-aspect-ratio: 16\/16;\" \/>&nbsp;Cargando ...<\/div>\n\n<p>&nbsp;<\/p>\n<p>&nbsp;<\/p>\n","protected":false},"excerpt":{"rendered":"<p>Ah, Barcelona, esa ciudad que un d\u00eda fue un sue\u00f1o mediterr\u00e1neo, un tapiz de Gaud\u00ed y de mercados bullentes, y que ahora, bajo la batuta del se\u00f1or Jaume Collboni, parece haberse convertido en una especie de experimento urbano para probar la paciencia humana. Desde que asumi\u00f3 la alcald\u00eda en junio de 2023, con una minor\u00eda p\u00edrrica de apenas diez concejales sobre un total de cuarenta y uno \u2013\u00a1qu\u00e9 legitimidad democr\u00e1tica tan robusta!\u2013, este alcalde socialista ha logrado, con una maestr\u00eda involuntaria, someter a los barceloneses y a los infelices visitantes a un estr\u00e9s cotidiano que roza lo insoportable. Uno pasea por sus calles y se pregunta: \u00bfes esto una ciudad o un circo ambulante donde el payaso principal se cree director de orquesta? La inseguridad Comencemos por lo evidente, por esa inseguridad que flota en el aire como un mal olor persistente. Los cr\u00edticos, desde el PP hasta Junts, ERC y hasta los de BCom\u00fa \u2013qu\u00e9 iron\u00eda, \u00bfno?, aliados intermitentes que ahora le clavan el pu\u00f1al\u2013, acusan a Collboni de haber perdido el control absoluto de la ciudad. Robos con impunidad, carteristas que operan como si fueran empleados municipales, bandas organizadas que campan a sus anchas&#8230; Barcelona abandonada, dicen, con un caos creciente que afecta a residentes y turistas por igual. En las redes sociales, las quejas son un coro griego: \u00abimpunidad en los robos\u00bb, \u00abp\u00e9rdida de control\u00bb, una situaci\u00f3n \u00abinsoportable\u00bb con m\u00e1s inseguridad que nunca. Y mientras, la propaganda oficial pinta un cuadro id\u00edlico. \u00a1Qu\u00e9 gracioso! Como si bastara con palabras para disipar las sombras de la delincuencia. La limpieza y la degradaci\u00f3n urbana Pero no nos detengamos ah\u00ed; miremos al suelo, literalmente. La limpieza y la degradaci\u00f3n urbana son otro cap\u00edtulo de esta tragicomedia. La ciudad est\u00e1 m\u00e1s sucia que nunca bajo su mandato, con se\u00f1ales c\u00edvicas que simbolizan un deterioro general, heredado de administraciones anteriores, pero sin una pizca de mejora significativa. Opiniones p\u00fablicas lo resumen con crudeza: usuarios en redes lo ven como el \u00abpeor\u00bb para los barceloneses, hundiendo la ciudad en un pozo de mugre. Falsedad en las afirmaciones oficiales de limpieza y orden, claman. Y ah\u00ed est\u00e1n los parques, escasos refugios clim\u00e1ticos, seg\u00fan los cartelitos bromistas del ayuntamiento, que cierran en su mayor parte en agosto por vacaciones. \u00a1Vacaciones para los refugios clim\u00e1ticos! En pleno verano catal\u00e1n, cuando el sol aprieta como un prestamista. Barcelona avanza hacia una versi\u00f3n que re\u00fane lo peor de Venecia (el turismo asfixiante), N\u00e1poles (la degradaci\u00f3n callejera) y Marsella (los grupos de delincuentes que operan en los m\u00e1rgenes de la ciudad), todo en un r\u00e9gimen de densidad humana asi\u00e1tica. Uno camina y piensa: \u00bfqui\u00e9n dise\u00f1\u00f3 este infierno con iron\u00eda? Vivienda y econom\u00eda En el terreno de la vivienda y la econom\u00eda, el escepticismo se torna en sarcasmo puro. Collboni no ha resuelto la crisis habitacional, la peor de todas las ciudades de Espa\u00f1a: familias amontonadas en habitaciones min\u00fasculas, expulsiones por alquileres estratosf\u00e9ricos. Se le reprocha no facilitar la construcci\u00f3n de viviendas libres y protegidas, ni siquiera hoteles de lujo que podr\u00edan inyectar algo de vida econ\u00f3mica. Prioriza otras \u00e1reas sobre la econom\u00eda productiva y el empleo, dicen los opositores. Y ah\u00ed est\u00e1 el caso de la Casa Orsola: un alto precio pagado por propiedades que, alegan, no benefician a los vulnerables. Problemas de vivienda mientras usa dramas ajenos para promoci\u00f3n personal, cuestionan. Necesidad de pactos para vivienda y hoteles, insisten. Ah, y no olvidemos el tranv\u00eda por la Diagonal, esa obra que acent\u00faa la ruptura urban\u00edstica del modelo del Ensanche, respondiendo a extra\u00f1os intereses. Se paga una pesada infraestructura p\u00fablica para que despu\u00e9s la explote una empresa privada, la concesionaria del tranv\u00eda, que adem\u00e1s empeorar\u00e1 las cr\u00f3nicas deficitarias cuentas de la empresa p\u00fablica de transportes metropolitanos porque fagocitar\u00e1 algunas de sus mejores l\u00edneas econ\u00f3micas. Calles colapsadas, limitadas o invalidadas por obras y medidas al estilo Colau \u2013\u00a1continuidad perfecta!\u2013, asaltados por masas cruentas de turistas. \u00bfProgreso? M\u00e1s bien una broma pesada. Escenario internacional Ahora, volvamos la vista al escenario internacional, donde Collboni se erige en diplom\u00e1tico de pacotilla. Su postura propalestina ha generado un vendaval de cr\u00edticas: nombrar a Palestina como \u00abdistrito 11\u00bb de Barcelona \u2013\u00a1qu\u00e9 ocurrencia tan po\u00e9tica!\u2013, reunirse con autoridades palestinas y sancionar relaciones con Israel. Esto llev\u00f3 a que Israel le vetara la entrada al pa\u00eds por \u00abincoherencia\u00bb y \u00abdifamaci\u00f3n\u00bb. La comunidad jud\u00eda local lo acusa de sesgo evidente, y los opositores ven \u00abpostureo\u00bb y opacidad en sus viajes a Oriente Pr\u00f3ximo, como a Jordania, usando fondos p\u00fablicos para autopromoci\u00f3n en lugar de resolver problemas locales. Vetos de Israel, cr\u00edticas del PP por el distrito Palestina, acusaciones de la comunidad jud\u00eda por las reuniones, opacidad en los viajes, verg\u00fcenza por su presencia en Jordania&#8230; Todo un despliegue de internacionalismo que deja Barcelona en el olvido. Gesti\u00f3n pol\u00edtica En cuanto a la gesti\u00f3n pol\u00edtica y la legitimidad, aqu\u00ed el ironista que hay en m\u00ed se frota las manos. Gobierna en minor\u00eda tras una \u00abjugada baja\u00bb: prometi\u00f3 que solo el m\u00e1s votado ser\u00eda alcalde y luego asumi\u00f3 el cargo pese a no serlo, con una diferencia de solo 141 votos con el ganador. Opositores lo tildan de hip\u00f3crita, mantenido por apoyos inconsistentes como los de ERC y BCom\u00fa, que luego lo critican con sa\u00f1a. Acusaciones de no superar el populismo, falta de di\u00e1logo amplio, priorizar la reelecci\u00f3n con \u00abpantomimas\u00bb financiadas p\u00fablicamente. \u00abJugada vomitiva para robar el cargo\u00bb, \u00abdiferencia m\u00ednima de votos\u00bb, \u00abno representa, manipulaci\u00f3n electoral\u00bb, \u00abhipocres\u00eda de aliados\u00bb, \u00abpantomima para reelecci\u00f3n\u00bb, cr\u00edtica un\u00e1nime de la oposici\u00f3n a su mandato, toque de atenci\u00f3n en el examen de mandato, ciudad sin modelo de futuro&#8230; Y encima, \u00abvacaciones permanentes\u00bb ignorando problemas. \u00a1Qu\u00e9 forma tan elegante de no gobernar! Un alcalde que bate todos los r\u00e9cords con cinco mociones de p\u00e9rdida de confianza. Pero aqu\u00ed nadie dimite. Abandona cuentas en X, dejando solo una para emergencias, criticado por la oposici\u00f3n. No hace cumplir normas estrictamente como en el Camp Nou. Otorga fondos p\u00fablicos a causas ajenas, como un mill\u00f3n de euros. Y no contento con esto, se muestra todav\u00eda m\u00e1s intolerante que&#8230;<\/p>\n","protected":false},"author":77,"featured_media":91523,"comment_status":"open","ping_status":"open","sticky":false,"template":"","format":"standard","meta":{"_FSMCFIC_featured_image_caption":"","_FSMCFIC_featured_image_nocaption":"","_FSMCFIC_featured_image_hide":"","footnotes":""},"categories":[806],"tags":[3707,4730],"class_list":["post-91506","post","type-post","status-publish","format-standard","has-post-thumbnail","hentry","category-punts-claus-del-dia-es","tag-collboni-es","tag-jaume-collboni-es"],"yoast_head":"<!-- This site is optimized with the Yoast SEO plugin v26.8 - https:\/\/yoast.com\/product\/yoast-seo-wordpress\/ -->\n<title>Collboni, una alcald\u00eda insoportable - Converses a Catalunya<\/title>\n<meta name=\"description\" content=\"Jaume Collboni, alcalde de Barcelona, enfrenta cr\u00edticas por inseguridad, suciedad, crisis de vivienda y decisiones controvertidas.\" \/>\n<meta name=\"robots\" content=\"index, follow, max-snippet:-1, max-image-preview:large, max-video-preview:-1\" \/>\n<link rel=\"canonical\" href=\"https:\/\/conversesacatalunya.cat\/es\/collboni-una-alcaldia-insoportable\/\" \/>\n<meta property=\"og:locale\" content=\"es_ES\" \/>\n<meta property=\"og:type\" content=\"article\" \/>\n<meta property=\"og:title\" content=\"Collboni, una alcald\u00eda insoportable - Converses a Catalunya\" \/>\n<meta property=\"og:description\" content=\"Jaume Collboni, alcalde de Barcelona, enfrenta cr\u00edticas por inseguridad, suciedad, crisis de vivienda y decisiones controvertidas.\" \/>\n<meta property=\"og:url\" content=\"https:\/\/conversesacatalunya.cat\/es\/collboni-una-alcaldia-insoportable\/\" \/>\n<meta property=\"og:site_name\" content=\"Converses a Catalunya\" \/>\n<meta property=\"article:published_time\" content=\"2025-09-03T08:41:54+00:00\" \/>\n<meta property=\"article:modified_time\" content=\"2025-09-03T09:28:54+00:00\" \/>\n<meta property=\"og:image\" content=\"https:\/\/conversesacatalunya.cat\/wp-content\/uploads\/2025\/09\/13_Logo.1742648723.png\" \/>\n\t<meta property=\"og:image:width\" content=\"328\" \/>\n\t<meta property=\"og:image:height\" content=\"248\" \/>\n\t<meta property=\"og:image:type\" content=\"image\/png\" \/>\n<meta name=\"author\" content=\"Enric Casanovas\" \/>\n<meta name=\"twitter:card\" content=\"summary_large_image\" \/>\n<meta name=\"twitter:label1\" content=\"Escrito por\" \/>\n\t<meta name=\"twitter:data1\" content=\"Enric Casanovas\" \/>\n\t<meta name=\"twitter:label2\" content=\"Tiempo de lectura\" \/>\n\t<meta name=\"twitter:data2\" content=\"7 minutos\" \/>\n<script type=\"application\/ld+json\" class=\"yoast-schema-graph\">{\"@context\":\"https:\/\/schema.org\",\"@graph\":[{\"@type\":\"Article\",\"@id\":\"https:\/\/conversesacatalunya.cat\/es\/collboni-una-alcaldia-insoportable\/#article\",\"isPartOf\":{\"@id\":\"https:\/\/conversesacatalunya.cat\/es\/collboni-una-alcaldia-insoportable\/\"},\"author\":{\"name\":\"Enric Casanovas\",\"@id\":\"https:\/\/conversesacatalunya.cat\/#\/schema\/person\/79bd0577b2f3afc8d6519d207c6e8609\"},\"headline\":\"Collboni, una alcald\u00eda insoportable\",\"datePublished\":\"2025-09-03T08:41:54+00:00\",\"dateModified\":\"2025-09-03T09:28:54+00:00\",\"mainEntityOfPage\":{\"@id\":\"https:\/\/conversesacatalunya.cat\/es\/collboni-una-alcaldia-insoportable\/\"},\"wordCount\":1369,\"commentCount\":0,\"image\":{\"@id\":\"https:\/\/conversesacatalunya.cat\/es\/collboni-una-alcaldia-insoportable\/#primaryimage\"},\"thumbnailUrl\":\"https:\/\/conversesacatalunya.cat\/wp-content\/uploads\/2025\/09\/13_Logo.1742648723.png\",\"keywords\":[\"Collboni\",\"Jaume Collboni\"],\"articleSection\":[\"Punts clau del dia (ES)\"],\"inLanguage\":\"es\",\"potentialAction\":[{\"@type\":\"CommentAction\",\"name\":\"Comment\",\"target\":[\"https:\/\/conversesacatalunya.cat\/es\/collboni-una-alcaldia-insoportable\/#respond\"]}]},{\"@type\":\"WebPage\",\"@id\":\"https:\/\/conversesacatalunya.cat\/es\/collboni-una-alcaldia-insoportable\/\",\"url\":\"https:\/\/conversesacatalunya.cat\/es\/collboni-una-alcaldia-insoportable\/\",\"name\":\"Collboni, una alcald\u00eda insoportable - Converses a Catalunya\",\"isPartOf\":{\"@id\":\"https:\/\/conversesacatalunya.cat\/#website\"},\"primaryImageOfPage\":{\"@id\":\"https:\/\/conversesacatalunya.cat\/es\/collboni-una-alcaldia-insoportable\/#primaryimage\"},\"image\":{\"@id\":\"https:\/\/conversesacatalunya.cat\/es\/collboni-una-alcaldia-insoportable\/#primaryimage\"},\"thumbnailUrl\":\"https:\/\/conversesacatalunya.cat\/wp-content\/uploads\/2025\/09\/13_Logo.1742648723.png\",\"datePublished\":\"2025-09-03T08:41:54+00:00\",\"dateModified\":\"2025-09-03T09:28:54+00:00\",\"author\":{\"@id\":\"https:\/\/conversesacatalunya.cat\/#\/schema\/person\/79bd0577b2f3afc8d6519d207c6e8609\"},\"description\":\"Jaume Collboni, alcalde de Barcelona, enfrenta cr\u00edticas por inseguridad, suciedad, crisis de vivienda y decisiones controvertidas.\",\"breadcrumb\":{\"@id\":\"https:\/\/conversesacatalunya.cat\/es\/collboni-una-alcaldia-insoportable\/#breadcrumb\"},\"inLanguage\":\"es\",\"potentialAction\":[{\"@type\":\"ReadAction\",\"target\":[\"https:\/\/conversesacatalunya.cat\/es\/collboni-una-alcaldia-insoportable\/\"]}]},{\"@type\":\"ImageObject\",\"inLanguage\":\"es\",\"@id\":\"https:\/\/conversesacatalunya.cat\/es\/collboni-una-alcaldia-insoportable\/#primaryimage\",\"url\":\"https:\/\/conversesacatalunya.cat\/wp-content\/uploads\/2025\/09\/13_Logo.1742648723.png\",\"contentUrl\":\"https:\/\/conversesacatalunya.cat\/wp-content\/uploads\/2025\/09\/13_Logo.1742648723.png\",\"width\":328,\"height\":248},{\"@type\":\"BreadcrumbList\",\"@id\":\"https:\/\/conversesacatalunya.cat\/es\/collboni-una-alcaldia-insoportable\/#breadcrumb\",\"itemListElement\":[{\"@type\":\"ListItem\",\"position\":1,\"name\":\"Inici\",\"item\":\"https:\/\/conversesacatalunya.cat\/es\/\"},{\"@type\":\"ListItem\",\"position\":2,\"name\":\"Collboni, una alcald\u00eda insoportable\"}]},{\"@type\":\"WebSite\",\"@id\":\"https:\/\/conversesacatalunya.cat\/#website\",\"url\":\"https:\/\/conversesacatalunya.cat\/\",\"name\":\"Converses a Catalunya\",\"description\":\"\",\"potentialAction\":[{\"@type\":\"SearchAction\",\"target\":{\"@type\":\"EntryPoint\",\"urlTemplate\":\"https:\/\/conversesacatalunya.cat\/?s={search_term_string}\"},\"query-input\":{\"@type\":\"PropertyValueSpecification\",\"valueRequired\":true,\"valueName\":\"search_term_string\"}}],\"inLanguage\":\"es\"},{\"@type\":\"Person\",\"@id\":\"https:\/\/conversesacatalunya.cat\/#\/schema\/person\/79bd0577b2f3afc8d6519d207c6e8609\",\"name\":\"Enric Casanovas\",\"image\":{\"@type\":\"ImageObject\",\"inLanguage\":\"es\",\"@id\":\"https:\/\/conversesacatalunya.cat\/#\/schema\/person\/image\/\",\"url\":\"https:\/\/conversesacatalunya.cat\/wp-content\/litespeed\/avatar\/7ae4379ad4421ec77820e92afd36dd78.jpg?ver=1777373933\",\"contentUrl\":\"https:\/\/conversesacatalunya.cat\/wp-content\/litespeed\/avatar\/7ae4379ad4421ec77820e92afd36dd78.jpg?ver=1777373933\",\"caption\":\"Enric Casanovas\"},\"url\":\"https:\/\/conversesacatalunya.cat\/es\/author\/enric-casanovas\/\"}]}<\/script>\n<!-- \/ Yoast SEO plugin. -->","yoast_head_json":{"title":"Collboni, una alcald\u00eda insoportable - Converses a Catalunya","description":"Jaume Collboni, alcalde de Barcelona, enfrenta cr\u00edticas por inseguridad, suciedad, crisis de vivienda y decisiones controvertidas.","robots":{"index":"index","follow":"follow","max-snippet":"max-snippet:-1","max-image-preview":"max-image-preview:large","max-video-preview":"max-video-preview:-1"},"canonical":"https:\/\/conversesacatalunya.cat\/es\/collboni-una-alcaldia-insoportable\/","og_locale":"es_ES","og_type":"article","og_title":"Collboni, una alcald\u00eda insoportable - Converses a Catalunya","og_description":"Jaume Collboni, alcalde de Barcelona, enfrenta cr\u00edticas por inseguridad, suciedad, crisis de vivienda y decisiones controvertidas.","og_url":"https:\/\/conversesacatalunya.cat\/es\/collboni-una-alcaldia-insoportable\/","og_site_name":"Converses a Catalunya","article_published_time":"2025-09-03T08:41:54+00:00","article_modified_time":"2025-09-03T09:28:54+00:00","og_image":[{"width":328,"height":248,"url":"https:\/\/conversesacatalunya.cat\/wp-content\/uploads\/2025\/09\/13_Logo.1742648723.png","type":"image\/png"}],"author":"Enric Casanovas","twitter_card":"summary_large_image","twitter_misc":{"Escrito por":"Enric Casanovas","Tiempo de lectura":"7 minutos"},"schema":{"@context":"https:\/\/schema.org","@graph":[{"@type":"Article","@id":"https:\/\/conversesacatalunya.cat\/es\/collboni-una-alcaldia-insoportable\/#article","isPartOf":{"@id":"https:\/\/conversesacatalunya.cat\/es\/collboni-una-alcaldia-insoportable\/"},"author":{"name":"Enric Casanovas","@id":"https:\/\/conversesacatalunya.cat\/#\/schema\/person\/79bd0577b2f3afc8d6519d207c6e8609"},"headline":"Collboni, una alcald\u00eda insoportable","datePublished":"2025-09-03T08:41:54+00:00","dateModified":"2025-09-03T09:28:54+00:00","mainEntityOfPage":{"@id":"https:\/\/conversesacatalunya.cat\/es\/collboni-una-alcaldia-insoportable\/"},"wordCount":1369,"commentCount":0,"image":{"@id":"https:\/\/conversesacatalunya.cat\/es\/collboni-una-alcaldia-insoportable\/#primaryimage"},"thumbnailUrl":"https:\/\/conversesacatalunya.cat\/wp-content\/uploads\/2025\/09\/13_Logo.1742648723.png","keywords":["Collboni","Jaume Collboni"],"articleSection":["Punts clau del dia (ES)"],"inLanguage":"es","potentialAction":[{"@type":"CommentAction","name":"Comment","target":["https:\/\/conversesacatalunya.cat\/es\/collboni-una-alcaldia-insoportable\/#respond"]}]},{"@type":"WebPage","@id":"https:\/\/conversesacatalunya.cat\/es\/collboni-una-alcaldia-insoportable\/","url":"https:\/\/conversesacatalunya.cat\/es\/collboni-una-alcaldia-insoportable\/","name":"Collboni, una alcald\u00eda insoportable - Converses a Catalunya","isPartOf":{"@id":"https:\/\/conversesacatalunya.cat\/#website"},"primaryImageOfPage":{"@id":"https:\/\/conversesacatalunya.cat\/es\/collboni-una-alcaldia-insoportable\/#primaryimage"},"image":{"@id":"https:\/\/conversesacatalunya.cat\/es\/collboni-una-alcaldia-insoportable\/#primaryimage"},"thumbnailUrl":"https:\/\/conversesacatalunya.cat\/wp-content\/uploads\/2025\/09\/13_Logo.1742648723.png","datePublished":"2025-09-03T08:41:54+00:00","dateModified":"2025-09-03T09:28:54+00:00","author":{"@id":"https:\/\/conversesacatalunya.cat\/#\/schema\/person\/79bd0577b2f3afc8d6519d207c6e8609"},"description":"Jaume Collboni, alcalde de Barcelona, enfrenta cr\u00edticas por inseguridad, suciedad, crisis de vivienda y decisiones controvertidas.","breadcrumb":{"@id":"https:\/\/conversesacatalunya.cat\/es\/collboni-una-alcaldia-insoportable\/#breadcrumb"},"inLanguage":"es","potentialAction":[{"@type":"ReadAction","target":["https:\/\/conversesacatalunya.cat\/es\/collboni-una-alcaldia-insoportable\/"]}]},{"@type":"ImageObject","inLanguage":"es","@id":"https:\/\/conversesacatalunya.cat\/es\/collboni-una-alcaldia-insoportable\/#primaryimage","url":"https:\/\/conversesacatalunya.cat\/wp-content\/uploads\/2025\/09\/13_Logo.1742648723.png","contentUrl":"https:\/\/conversesacatalunya.cat\/wp-content\/uploads\/2025\/09\/13_Logo.1742648723.png","width":328,"height":248},{"@type":"BreadcrumbList","@id":"https:\/\/conversesacatalunya.cat\/es\/collboni-una-alcaldia-insoportable\/#breadcrumb","itemListElement":[{"@type":"ListItem","position":1,"name":"Inici","item":"https:\/\/conversesacatalunya.cat\/es\/"},{"@type":"ListItem","position":2,"name":"Collboni, una alcald\u00eda insoportable"}]},{"@type":"WebSite","@id":"https:\/\/conversesacatalunya.cat\/#website","url":"https:\/\/conversesacatalunya.cat\/","name":"Converses a Catalunya","description":"","potentialAction":[{"@type":"SearchAction","target":{"@type":"EntryPoint","urlTemplate":"https:\/\/conversesacatalunya.cat\/?s={search_term_string}"},"query-input":{"@type":"PropertyValueSpecification","valueRequired":true,"valueName":"search_term_string"}}],"inLanguage":"es"},{"@type":"Person","@id":"https:\/\/conversesacatalunya.cat\/#\/schema\/person\/79bd0577b2f3afc8d6519d207c6e8609","name":"Enric Casanovas","image":{"@type":"ImageObject","inLanguage":"es","@id":"https:\/\/conversesacatalunya.cat\/#\/schema\/person\/image\/","url":"https:\/\/conversesacatalunya.cat\/wp-content\/litespeed\/avatar\/7ae4379ad4421ec77820e92afd36dd78.jpg?ver=1777373933","contentUrl":"https:\/\/conversesacatalunya.cat\/wp-content\/litespeed\/avatar\/7ae4379ad4421ec77820e92afd36dd78.jpg?ver=1777373933","caption":"Enric Casanovas"},"url":"https:\/\/conversesacatalunya.cat\/es\/author\/enric-casanovas\/"}]}},"wps_subtitle":"Barcelona avanza hacia una versi\u00f3n que re\u00fane lo peor de Venecia (el turismo asfixiante), N\u00e1poles (la degradaci\u00f3n callejera) y Marsella (los grupos de delincuentes que operan en los m\u00e1rgenes de la ciudad)","_links":{"self":[{"href":"https:\/\/conversesacatalunya.cat\/es\/wp-json\/wp\/v2\/posts\/91506","targetHints":{"allow":["GET"]}}],"collection":[{"href":"https:\/\/conversesacatalunya.cat\/es\/wp-json\/wp\/v2\/posts"}],"about":[{"href":"https:\/\/conversesacatalunya.cat\/es\/wp-json\/wp\/v2\/types\/post"}],"author":[{"embeddable":true,"href":"https:\/\/conversesacatalunya.cat\/es\/wp-json\/wp\/v2\/users\/77"}],"replies":[{"embeddable":true,"href":"https:\/\/conversesacatalunya.cat\/es\/wp-json\/wp\/v2\/comments?post=91506"}],"version-history":[{"count":6,"href":"https:\/\/conversesacatalunya.cat\/es\/wp-json\/wp\/v2\/posts\/91506\/revisions"}],"predecessor-version":[{"id":91509,"href":"https:\/\/conversesacatalunya.cat\/es\/wp-json\/wp\/v2\/posts\/91506\/revisions\/91509"}],"wp:featuredmedia":[{"embeddable":true,"href":"https:\/\/conversesacatalunya.cat\/es\/wp-json\/wp\/v2\/media\/91523"}],"wp:attachment":[{"href":"https:\/\/conversesacatalunya.cat\/es\/wp-json\/wp\/v2\/media?parent=91506"}],"wp:term":[{"taxonomy":"category","embeddable":true,"href":"https:\/\/conversesacatalunya.cat\/es\/wp-json\/wp\/v2\/categories?post=91506"},{"taxonomy":"post_tag","embeddable":true,"href":"https:\/\/conversesacatalunya.cat\/es\/wp-json\/wp\/v2\/tags?post=91506"}],"curies":[{"name":"wp","href":"https:\/\/api.w.org\/{rel}","templated":true}]}}