{"id":91421,"date":"2025-09-02T08:44:15","date_gmt":"2025-09-02T06:44:15","guid":{"rendered":"https:\/\/conversesacatalunya.cat\/?p=91421"},"modified":"2025-09-02T09:02:32","modified_gmt":"2025-09-02T07:02:32","slug":"inmigracion-y-estado-del-bienestar-una-ecuacion-insostenible","status":"publish","type":"post","link":"https:\/\/conversesacatalunya.cat\/es\/inmigracion-y-estado-del-bienestar-una-ecuacion-insostenible\/","title":{"rendered":"Inmigraci\u00f3n y Estado del bienestar: una ecuaci\u00f3n insostenible"},"content":{"rendered":"<p>Hay que atender a la sabidur\u00eda popular: \u201cno hay peor ciego que el que no quiere ver\u201d y, puestos en plan m\u00e1s acad\u00e9mico, podemos recurrir a la <em>Ant\u00edgona<\/em> de S\u00f3focles (versos 620-623): \u201cLo malo parece bueno a aquel cuya mente un dios conduce al infortunio\u201d, que a nosotros nos ha legado como refr\u00e1n antiguo: \u201cLos dioses ciegan a los que quieren perder\u201d.<\/p>\n<p>Y esto es lo que sucede con <strong>la <a href=\"https:\/\/conversesacatalunya.cat\/es\/la-bomba-de-relojeria-migratoria-que-nadie-quiere-desactivar\/\" target=\"_blank\" rel=\"noopener\">inmigraci\u00f3n<\/a> masiva en las condiciones de la espa\u00f1ola.<\/strong> No se trata, por tanto, de una cr\u00edtica \u201cad hominem\u201d a la inmigraci\u00f3n, que entre otras cosas es un derecho, como la que en concreto registra Espa\u00f1a.<\/p>\n<p>Por ejemplo, una fil\u00f3sofa tan solicitada como <strong>Victoria Camps<\/strong>, a quien se le suponen conocimientos doctos y consideraci\u00f3n atenta de los grandes temas, se despacha con un pol\u00edticamente correcto: \u201ces m\u00e1s simple hablar de los inmigrantes diciendo que son delincuentes, que plantearse lo necesarios que son\u201d.<\/p>\n<p>Esto es exactamente <strong>lo que piensa el lobby tur\u00edstico para disponer de abundante mano de obra barata,<\/strong> o bien el Gobierno para exhibir crecimiento del PIB, a expensas de deprimir la renta per c\u00e1pita y depauperar el futuro, porque ese es uno de los grandes problemas no abordados.<\/p>\n<p>Seg\u00fan <strong>Jes\u00fas Fern\u00e1ndez-Villaverde @JesusFerna7026<\/strong>, un s\u00f3lido economista conocido por el an\u00e1lisis de datos, que muestra en X, recuerda que nuestro Estado del bienestar se basa en la redistribuci\u00f3n:<\/p>\n<p style=\"padding-left: 40px;\">\u201cEl 70% de los individuos en la parte baja de la distribuci\u00f3n recibe transferencias netas de las AAPP, el grupo entre el 71% y el 90% queda m\u00e1s o menos en cero (seg\u00fan factores individuales como la longevidad o la salud) y solo el 10% superior son contribuyentes netos. El 99% de los inmigrantes que llegan a Espa\u00f1a de fuera de la Uni\u00f3n Europea se sit\u00faan en el 90% inferior de renta: pr\u00e1cticamente todos, salvo algunos profesionales de Chile o Argentina y los futbolistas.<\/p>\n<p style=\"padding-left: 40px;\">En su d\u00eda, cuando trabaj\u00e9 en la Oficina Econ\u00f3mica del Presidente, hice los n\u00fameros en detalle y<strong> cada inmigrante no cualificado supon\u00eda una p\u00e9rdida de unos 200.000 euros a lo largo de su vida<\/strong>. Como era la \u00e9poca de Zapatero, aquello no se public\u00f3. Hoy, me imagino, la cifra ser\u00e1 b\u00e1sicamente la misma. Los daneses lo han calculado con enorme detalle empleando microdatos y han encontrado el gr\u00e1fico que incluyo. La inmigraci\u00f3n no cualificada y el Estado del bienestar son incompatibles.\u201d<\/p>\n<h5><strong>Y este es el gr\u00e1fico de Dinamarca, gobernado por socialdem\u00f3cratas de la misma internacional de la que S\u00e1nchez es presidente.<\/strong><\/h5>\n<p><img fetchpriority=\"high\" decoding=\"async\" class=\"alignnone wp-image-91422 size-full\" src=\"https:\/\/conversesacatalunya.cat\/wp-content\/uploads\/2025\/09\/Imagen1.jpg\" alt=\"\" width=\"886\" height=\"705\" srcset=\"https:\/\/conversesacatalunya.cat\/wp-content\/uploads\/2025\/09\/Imagen1.jpg 886w, https:\/\/conversesacatalunya.cat\/wp-content\/uploads\/2025\/09\/Imagen1-300x239.jpg 300w\" sizes=\"(max-width: 886px) 100vw, 886px\" \/><\/p>\n<p>Desde <strong><em>Converses<\/em><\/strong> venimos diciendo lo mismo utilizando otra perspectiva: la del balance generacional, las cuentas de cada persona en relaci\u00f3n con lo que aporta al Estado y lo que recibe a lo largo de su ciclo vital. En euros de valor actual, toda persona que reciba unos <strong>ingresos equivalentes por debajo de 20.000-22.000 euros anuales recibe m\u00e1s que lo que aporta.<\/strong> No se trata, por tanto, de una lectura xen\u00f3foba sobre \u201cel inmigrante\u201d, sino de su calificaci\u00f3n, empleo y remuneraci\u00f3n. Porque \u00a0<strong>lo mismo sucede con los aut\u00f3ctonos en sus mismas condiciones salariales<\/strong>; lo que sucede es que estos \u00faltimos, en proporci\u00f3n sobre el total de su grupo, son una minor\u00eda, en lugar de ser mayor\u00eda como sucede con los inmigrantes.<\/p>\n<p>Sea dicho de paso, es un ejemplo m\u00e1s de c\u00f3mo el sector tur\u00edstico, gran parte de este, tal y como est\u00e1 planteado, genera unas externalidades negativas que pagamos todos. Hay otras de impacto m\u00e1s inmediato, como las presiones sobre los bienes y servicios del pa\u00eds, tan grandes que los distorsionan gravemente. Y esa distorsi\u00f3n tambi\u00e9n la pagamos todos. Y otra m\u00e1s, los sectores\/ empresas que pagan por debajo del equilibrio del balance intergeneracional, contribuyen a aumentar el peso de la losa que vamos depositando sobre nuestros descendientes, hijos y nietos. <strong>Ellos son cada vez m\u00e1s los parias de la historia.<\/strong><\/p>\n<span class='bctt-click-to-tweet'><span class='bctt-ctt-text'><a href='https:\/\/twitter.com\/intent\/tweet?url=https%3A%2F%2Fconversesacatalunya.cat%2Fes%2Finmigracion-y-estado-del-bienestar-una-ecuacion-insostenible%2F&#038;text=El%20turismo%20y%20la%20inmigraci%C3%B3n%20masiva%20generan%20beneficios%20inmediatos%E2%80%A6%20pero%20costes%20sociales%20y%20econ%C3%B3micos%20a%20largo%20plazo.%20%23Inmigraci%C3%B3n%20%23Espa%C3%B1a&#038;via=conversesacat&#038;related=conversesacat' target='_blank'rel=\"noopener noreferrer\">El turismo y la inmigraci\u00f3n masiva generan beneficios inmediatos\u2026 pero costes sociales y econ\u00f3micos a largo plazo. #Inmigraci\u00f3n #Espa\u00f1a <\/a><\/span><a href='https:\/\/twitter.com\/intent\/tweet?url=https%3A%2F%2Fconversesacatalunya.cat%2Fes%2Finmigracion-y-estado-del-bienestar-una-ecuacion-insostenible%2F&#038;text=El%20turismo%20y%20la%20inmigraci%C3%B3n%20masiva%20generan%20beneficios%20inmediatos%E2%80%A6%20pero%20costes%20sociales%20y%20econ%C3%B3micos%20a%20largo%20plazo.%20%23Inmigraci%C3%B3n%20%23Espa%C3%B1a&#038;via=conversesacat&#038;related=conversesacat' target='_blank' class='bctt-ctt-btn'rel=\"noopener noreferrer\">Compartir en X<\/a><\/span>\n<div id=\"polls-294\" class=\"wp-polls\">\n\t<form id=\"polls_form_294\" class=\"wp-polls-form\" action=\"\/index.php\" method=\"post\">\n\t\t<p style=\"display: none;\"><input type=\"hidden\" id=\"poll_294_nonce\" name=\"wp-polls-nonce\" value=\"4a4ed0dbb2\" \/><\/p>\n\t\t<p style=\"display: none;\"><input type=\"hidden\" name=\"poll_id\" value=\"294\" \/><\/p>\n\t\t<p style=\"text-align: center\"><strong>Despr\u00e9s d'un any del govern Illa, ets capa\u00e7 d'identificar 3 grans realitzacions que hagi dut a terme? (no anuncis de propostes, projectes, acords).<\/strong><\/p><div id=\"polls-294-ans\" class=\"wp-polls-ans\"><ul class=\"wp-polls-ul\">\n\t\t<li><input type=\"radio\" id=\"poll-answer-839\" name=\"poll_294\" value=\"839\" \/> <label for=\"poll-answer-839\">S\u00ed<\/label><\/li>\n\t\t<li><input type=\"radio\" id=\"poll-answer-840\" name=\"poll_294\" value=\"840\" \/> <label for=\"poll-answer-840\">No<\/label><\/li>\n\t\t<li><input type=\"radio\" id=\"poll-answer-841\" name=\"poll_294\" value=\"841\" \/> <label for=\"poll-answer-841\">No ho s\u00e9<\/label><\/li>\n\t\t<\/ul><p style=\"text-align: center\"><input type=\"button\" name=\"vote\" value=\"   Vota   \" class=\"Buttons\" onclick=\"poll_vote(294);\" \/><\/p><p style=\"text-align: center\"><a href=\"#ViewPollResults\" onclick=\"poll_result(294); return false;\" title=\"View Results Of This Poll\">Mira els resultats<\/a><\/p><\/div>\n\t<\/form>\n<\/div>\n<div id=\"polls-294-loading\" class=\"wp-polls-loading\"><img decoding=\"async\" data-src=\"https:\/\/conversesacatalunya.cat\/wp-content\/plugins\/wp-polls\/images\/loading.gif\" width=\"16\" height=\"16\" alt=\"Cargando ...\" title=\"Cargando ...\" class=\"wp-polls-image lazyload\" src=\"data:image\/svg+xml;base64,PHN2ZyB3aWR0aD0iMSIgaGVpZ2h0PSIxIiB4bWxucz0iaHR0cDovL3d3dy53My5vcmcvMjAwMC9zdmciPjwvc3ZnPg==\" style=\"--smush-placeholder-width: 16px; --smush-placeholder-aspect-ratio: 16\/16;\" \/>&nbsp;Cargando ...<\/div>\n\n","protected":false},"excerpt":{"rendered":"<p>Hay que atender a la sabidur\u00eda popular: \u201cno hay peor ciego que el que no quiere ver\u201d y, puestos en plan m\u00e1s acad\u00e9mico, podemos recurrir a la Ant\u00edgona de S\u00f3focles (versos 620-623): \u201cLo malo parece bueno a aquel cuya mente un dios conduce al infortunio\u201d, que a nosotros nos ha legado como refr\u00e1n antiguo: \u201cLos dioses ciegan a los que quieren perder\u201d. Y esto es lo que sucede con la inmigraci\u00f3n masiva en las condiciones de la espa\u00f1ola. No se trata, por tanto, de una cr\u00edtica \u201cad hominem\u201d a la inmigraci\u00f3n, que entre otras cosas es un derecho, como la que en concreto registra Espa\u00f1a. Por ejemplo, una fil\u00f3sofa tan solicitada como Victoria Camps, a quien se le suponen conocimientos doctos y consideraci\u00f3n atenta de los grandes temas, se despacha con un pol\u00edticamente correcto: \u201ces m\u00e1s simple hablar de los inmigrantes diciendo que son delincuentes, que plantearse lo necesarios que son\u201d. Esto es exactamente lo que piensa el lobby tur\u00edstico para disponer de abundante mano de obra barata, o bien el Gobierno para exhibir crecimiento del PIB, a expensas de deprimir la renta per c\u00e1pita y depauperar el futuro, porque ese es uno de los grandes problemas no abordados. Seg\u00fan Jes\u00fas Fern\u00e1ndez-Villaverde @JesusFerna7026, un s\u00f3lido economista conocido por el an\u00e1lisis de datos, que muestra en X, recuerda que nuestro Estado del bienestar se basa en la redistribuci\u00f3n: \u201cEl 70% de los individuos en la parte baja de la distribuci\u00f3n recibe transferencias netas de las AAPP, el grupo entre el 71% y el 90% queda m\u00e1s o menos en cero (seg\u00fan factores individuales como la longevidad o la salud) y solo el 10% superior son contribuyentes netos. El 99% de los inmigrantes que llegan a Espa\u00f1a de fuera de la Uni\u00f3n Europea se sit\u00faan en el 90% inferior de renta: pr\u00e1cticamente todos, salvo algunos profesionales de Chile o Argentina y los futbolistas. En su d\u00eda, cuando trabaj\u00e9 en la Oficina Econ\u00f3mica del Presidente, hice los n\u00fameros en detalle y cada inmigrante no cualificado supon\u00eda una p\u00e9rdida de unos 200.000 euros a lo largo de su vida. Como era la \u00e9poca de Zapatero, aquello no se public\u00f3. Hoy, me imagino, la cifra ser\u00e1 b\u00e1sicamente la misma. Los daneses lo han calculado con enorme detalle empleando microdatos y han encontrado el gr\u00e1fico que incluyo. La inmigraci\u00f3n no cualificada y el Estado del bienestar son incompatibles.\u201d Y este es el gr\u00e1fico de Dinamarca, gobernado por socialdem\u00f3cratas de la misma internacional de la que S\u00e1nchez es presidente. Desde Converses venimos diciendo lo mismo utilizando otra perspectiva: la del balance generacional, las cuentas de cada persona en relaci\u00f3n con lo que aporta al Estado y lo que recibe a lo largo de su ciclo vital. En euros de valor actual, toda persona que reciba unos ingresos equivalentes por debajo de 20.000-22.000 euros anuales recibe m\u00e1s que lo que aporta. No se trata, por tanto, de una lectura xen\u00f3foba sobre \u201cel inmigrante\u201d, sino de su calificaci\u00f3n, empleo y remuneraci\u00f3n. Porque \u00a0lo mismo sucede con los aut\u00f3ctonos en sus mismas condiciones salariales; lo que sucede es que estos \u00faltimos, en proporci\u00f3n sobre el total de su grupo, son una minor\u00eda, en lugar de ser mayor\u00eda como sucede con los inmigrantes. Sea dicho de paso, es un ejemplo m\u00e1s de c\u00f3mo el sector tur\u00edstico, gran parte de este, tal y como est\u00e1 planteado, genera unas externalidades negativas que pagamos todos. Hay otras de impacto m\u00e1s inmediato, como las presiones sobre los bienes y servicios del pa\u00eds, tan grandes que los distorsionan gravemente. Y esa distorsi\u00f3n tambi\u00e9n la pagamos todos. Y otra m\u00e1s, los sectores\/ empresas que pagan por debajo del equilibrio del balance intergeneracional, contribuyen a aumentar el peso de la losa que vamos depositando sobre nuestros descendientes, hijos y nietos. Ellos son cada vez m\u00e1s los parias de la historia.<\/p>\n","protected":false},"author":81,"featured_media":91429,"comment_status":"open","ping_status":"open","sticky":false,"template":"","format":"standard","meta":{"_FSMCFIC_featured_image_caption":"","_FSMCFIC_featured_image_nocaption":"","_FSMCFIC_featured_image_hide":"","footnotes":""},"categories":[806],"tags":[1678],"class_list":["post-91421","post","type-post","status-publish","format-standard","has-post-thumbnail","hentry","category-punts-claus-del-dia-es","tag-inmigracion"],"yoast_head":"<!-- This site is optimized with the Yoast SEO plugin v26.8 - https:\/\/yoast.com\/product\/yoast-seo-wordpress\/ -->\n<title>Inmigraci\u00f3n y Estado del bienestar: una ecuaci\u00f3n insostenible - Converses a Catalunya<\/title>\n<meta name=\"description\" content=\"Un an\u00e1lisis sobre c\u00f3mo la inmigraci\u00f3n masiva y el modelo econ\u00f3mico basado en salarios bajos afectan al Estado del bienestar en Espa\u00f1a\" \/>\n<meta name=\"robots\" content=\"index, follow, max-snippet:-1, max-image-preview:large, max-video-preview:-1\" \/>\n<link rel=\"canonical\" href=\"https:\/\/conversesacatalunya.cat\/es\/inmigracion-y-estado-del-bienestar-una-ecuacion-insostenible\/\" \/>\n<meta property=\"og:locale\" content=\"es_ES\" \/>\n<meta property=\"og:type\" content=\"article\" \/>\n<meta property=\"og:title\" content=\"Inmigraci\u00f3n y Estado del bienestar: una ecuaci\u00f3n insostenible - Converses a Catalunya\" \/>\n<meta property=\"og:description\" content=\"Un an\u00e1lisis sobre c\u00f3mo la inmigraci\u00f3n masiva y el modelo econ\u00f3mico basado en salarios bajos afectan al Estado del bienestar en Espa\u00f1a\" \/>\n<meta property=\"og:url\" content=\"https:\/\/conversesacatalunya.cat\/es\/inmigracion-y-estado-del-bienestar-una-ecuacion-insostenible\/\" \/>\n<meta property=\"og:site_name\" content=\"Converses a Catalunya\" \/>\n<meta property=\"article:published_time\" content=\"2025-09-02T06:44:15+00:00\" \/>\n<meta property=\"article:modified_time\" content=\"2025-09-02T07:02:32+00:00\" \/>\n<meta property=\"og:image\" content=\"https:\/\/conversesacatalunya.cat\/wp-content\/uploads\/2025\/09\/madrid-4338051_640.jpg\" \/>\n\t<meta property=\"og:image:width\" content=\"640\" \/>\n\t<meta property=\"og:image:height\" content=\"328\" \/>\n\t<meta property=\"og:image:type\" content=\"image\/jpeg\" \/>\n<meta name=\"author\" content=\"Emili Clos\" \/>\n<meta name=\"twitter:card\" content=\"summary_large_image\" \/>\n<meta name=\"twitter:label1\" content=\"Escrito por\" \/>\n\t<meta name=\"twitter:data1\" content=\"Emili Clos\" \/>\n\t<meta name=\"twitter:label2\" content=\"Tiempo de lectura\" \/>\n\t<meta name=\"twitter:data2\" content=\"4 minutos\" \/>\n<script type=\"application\/ld+json\" class=\"yoast-schema-graph\">{\"@context\":\"https:\/\/schema.org\",\"@graph\":[{\"@type\":\"Article\",\"@id\":\"https:\/\/conversesacatalunya.cat\/es\/inmigracion-y-estado-del-bienestar-una-ecuacion-insostenible\/#article\",\"isPartOf\":{\"@id\":\"https:\/\/conversesacatalunya.cat\/es\/inmigracion-y-estado-del-bienestar-una-ecuacion-insostenible\/\"},\"author\":{\"name\":\"Emili Clos\",\"@id\":\"https:\/\/conversesacatalunya.cat\/#\/schema\/person\/46306de4129bccb959ed5e1720c4e3e7\"},\"headline\":\"Inmigraci\u00f3n y Estado del bienestar: una ecuaci\u00f3n insostenible\",\"datePublished\":\"2025-09-02T06:44:15+00:00\",\"dateModified\":\"2025-09-02T07:02:32+00:00\",\"mainEntityOfPage\":{\"@id\":\"https:\/\/conversesacatalunya.cat\/es\/inmigracion-y-estado-del-bienestar-una-ecuacion-insostenible\/\"},\"wordCount\":723,\"commentCount\":0,\"image\":{\"@id\":\"https:\/\/conversesacatalunya.cat\/es\/inmigracion-y-estado-del-bienestar-una-ecuacion-insostenible\/#primaryimage\"},\"thumbnailUrl\":\"https:\/\/conversesacatalunya.cat\/wp-content\/uploads\/2025\/09\/madrid-4338051_640.jpg\",\"keywords\":[\"inmigraci\u00f3n\"],\"articleSection\":[\"Punts clau del dia (ES)\"],\"inLanguage\":\"es\",\"potentialAction\":[{\"@type\":\"CommentAction\",\"name\":\"Comment\",\"target\":[\"https:\/\/conversesacatalunya.cat\/es\/inmigracion-y-estado-del-bienestar-una-ecuacion-insostenible\/#respond\"]}]},{\"@type\":\"WebPage\",\"@id\":\"https:\/\/conversesacatalunya.cat\/es\/inmigracion-y-estado-del-bienestar-una-ecuacion-insostenible\/\",\"url\":\"https:\/\/conversesacatalunya.cat\/es\/inmigracion-y-estado-del-bienestar-una-ecuacion-insostenible\/\",\"name\":\"Inmigraci\u00f3n y Estado del bienestar: una ecuaci\u00f3n insostenible - Converses a Catalunya\",\"isPartOf\":{\"@id\":\"https:\/\/conversesacatalunya.cat\/#website\"},\"primaryImageOfPage\":{\"@id\":\"https:\/\/conversesacatalunya.cat\/es\/inmigracion-y-estado-del-bienestar-una-ecuacion-insostenible\/#primaryimage\"},\"image\":{\"@id\":\"https:\/\/conversesacatalunya.cat\/es\/inmigracion-y-estado-del-bienestar-una-ecuacion-insostenible\/#primaryimage\"},\"thumbnailUrl\":\"https:\/\/conversesacatalunya.cat\/wp-content\/uploads\/2025\/09\/madrid-4338051_640.jpg\",\"datePublished\":\"2025-09-02T06:44:15+00:00\",\"dateModified\":\"2025-09-02T07:02:32+00:00\",\"author\":{\"@id\":\"https:\/\/conversesacatalunya.cat\/#\/schema\/person\/46306de4129bccb959ed5e1720c4e3e7\"},\"description\":\"Un an\u00e1lisis sobre c\u00f3mo la inmigraci\u00f3n masiva y el modelo econ\u00f3mico basado en salarios bajos afectan al Estado del bienestar en Espa\u00f1a\",\"breadcrumb\":{\"@id\":\"https:\/\/conversesacatalunya.cat\/es\/inmigracion-y-estado-del-bienestar-una-ecuacion-insostenible\/#breadcrumb\"},\"inLanguage\":\"es\",\"potentialAction\":[{\"@type\":\"ReadAction\",\"target\":[\"https:\/\/conversesacatalunya.cat\/es\/inmigracion-y-estado-del-bienestar-una-ecuacion-insostenible\/\"]}]},{\"@type\":\"ImageObject\",\"inLanguage\":\"es\",\"@id\":\"https:\/\/conversesacatalunya.cat\/es\/inmigracion-y-estado-del-bienestar-una-ecuacion-insostenible\/#primaryimage\",\"url\":\"https:\/\/conversesacatalunya.cat\/wp-content\/uploads\/2025\/09\/madrid-4338051_640.jpg\",\"contentUrl\":\"https:\/\/conversesacatalunya.cat\/wp-content\/uploads\/2025\/09\/madrid-4338051_640.jpg\",\"width\":640,\"height\":328,\"caption\":\"inmigraci\u00f3n estado bienestar\"},{\"@type\":\"BreadcrumbList\",\"@id\":\"https:\/\/conversesacatalunya.cat\/es\/inmigracion-y-estado-del-bienestar-una-ecuacion-insostenible\/#breadcrumb\",\"itemListElement\":[{\"@type\":\"ListItem\",\"position\":1,\"name\":\"Inici\",\"item\":\"https:\/\/conversesacatalunya.cat\/es\/\"},{\"@type\":\"ListItem\",\"position\":2,\"name\":\"Inmigraci\u00f3n y Estado del bienestar: una ecuaci\u00f3n insostenible\"}]},{\"@type\":\"WebSite\",\"@id\":\"https:\/\/conversesacatalunya.cat\/#website\",\"url\":\"https:\/\/conversesacatalunya.cat\/\",\"name\":\"Converses a Catalunya\",\"description\":\"\",\"potentialAction\":[{\"@type\":\"SearchAction\",\"target\":{\"@type\":\"EntryPoint\",\"urlTemplate\":\"https:\/\/conversesacatalunya.cat\/?s={search_term_string}\"},\"query-input\":{\"@type\":\"PropertyValueSpecification\",\"valueRequired\":true,\"valueName\":\"search_term_string\"}}],\"inLanguage\":\"es\"},{\"@type\":\"Person\",\"@id\":\"https:\/\/conversesacatalunya.cat\/#\/schema\/person\/46306de4129bccb959ed5e1720c4e3e7\",\"name\":\"Emili Clos\",\"image\":{\"@type\":\"ImageObject\",\"inLanguage\":\"es\",\"@id\":\"https:\/\/conversesacatalunya.cat\/#\/schema\/person\/image\/\",\"url\":\"https:\/\/conversesacatalunya.cat\/wp-content\/litespeed\/avatar\/a9a662bd802eed79498de818aef91cc9.jpg?ver=1777096184\",\"contentUrl\":\"https:\/\/conversesacatalunya.cat\/wp-content\/litespeed\/avatar\/a9a662bd802eed79498de818aef91cc9.jpg?ver=1777096184\",\"caption\":\"Emili Clos\"},\"url\":\"https:\/\/conversesacatalunya.cat\/es\/author\/emili_clos\/\"}]}<\/script>\n<!-- \/ Yoast SEO plugin. -->","yoast_head_json":{"title":"Inmigraci\u00f3n y Estado del bienestar: una ecuaci\u00f3n insostenible - Converses a Catalunya","description":"Un an\u00e1lisis sobre c\u00f3mo la inmigraci\u00f3n masiva y el modelo econ\u00f3mico basado en salarios bajos afectan al Estado del bienestar en Espa\u00f1a","robots":{"index":"index","follow":"follow","max-snippet":"max-snippet:-1","max-image-preview":"max-image-preview:large","max-video-preview":"max-video-preview:-1"},"canonical":"https:\/\/conversesacatalunya.cat\/es\/inmigracion-y-estado-del-bienestar-una-ecuacion-insostenible\/","og_locale":"es_ES","og_type":"article","og_title":"Inmigraci\u00f3n y Estado del bienestar: una ecuaci\u00f3n insostenible - Converses a Catalunya","og_description":"Un an\u00e1lisis sobre c\u00f3mo la inmigraci\u00f3n masiva y el modelo econ\u00f3mico basado en salarios bajos afectan al Estado del bienestar en Espa\u00f1a","og_url":"https:\/\/conversesacatalunya.cat\/es\/inmigracion-y-estado-del-bienestar-una-ecuacion-insostenible\/","og_site_name":"Converses a Catalunya","article_published_time":"2025-09-02T06:44:15+00:00","article_modified_time":"2025-09-02T07:02:32+00:00","og_image":[{"width":640,"height":328,"url":"https:\/\/conversesacatalunya.cat\/wp-content\/uploads\/2025\/09\/madrid-4338051_640.jpg","type":"image\/jpeg"}],"author":"Emili Clos","twitter_card":"summary_large_image","twitter_misc":{"Escrito por":"Emili Clos","Tiempo de lectura":"4 minutos"},"schema":{"@context":"https:\/\/schema.org","@graph":[{"@type":"Article","@id":"https:\/\/conversesacatalunya.cat\/es\/inmigracion-y-estado-del-bienestar-una-ecuacion-insostenible\/#article","isPartOf":{"@id":"https:\/\/conversesacatalunya.cat\/es\/inmigracion-y-estado-del-bienestar-una-ecuacion-insostenible\/"},"author":{"name":"Emili Clos","@id":"https:\/\/conversesacatalunya.cat\/#\/schema\/person\/46306de4129bccb959ed5e1720c4e3e7"},"headline":"Inmigraci\u00f3n y Estado del bienestar: una ecuaci\u00f3n insostenible","datePublished":"2025-09-02T06:44:15+00:00","dateModified":"2025-09-02T07:02:32+00:00","mainEntityOfPage":{"@id":"https:\/\/conversesacatalunya.cat\/es\/inmigracion-y-estado-del-bienestar-una-ecuacion-insostenible\/"},"wordCount":723,"commentCount":0,"image":{"@id":"https:\/\/conversesacatalunya.cat\/es\/inmigracion-y-estado-del-bienestar-una-ecuacion-insostenible\/#primaryimage"},"thumbnailUrl":"https:\/\/conversesacatalunya.cat\/wp-content\/uploads\/2025\/09\/madrid-4338051_640.jpg","keywords":["inmigraci\u00f3n"],"articleSection":["Punts clau del dia (ES)"],"inLanguage":"es","potentialAction":[{"@type":"CommentAction","name":"Comment","target":["https:\/\/conversesacatalunya.cat\/es\/inmigracion-y-estado-del-bienestar-una-ecuacion-insostenible\/#respond"]}]},{"@type":"WebPage","@id":"https:\/\/conversesacatalunya.cat\/es\/inmigracion-y-estado-del-bienestar-una-ecuacion-insostenible\/","url":"https:\/\/conversesacatalunya.cat\/es\/inmigracion-y-estado-del-bienestar-una-ecuacion-insostenible\/","name":"Inmigraci\u00f3n y Estado del bienestar: una ecuaci\u00f3n insostenible - Converses a Catalunya","isPartOf":{"@id":"https:\/\/conversesacatalunya.cat\/#website"},"primaryImageOfPage":{"@id":"https:\/\/conversesacatalunya.cat\/es\/inmigracion-y-estado-del-bienestar-una-ecuacion-insostenible\/#primaryimage"},"image":{"@id":"https:\/\/conversesacatalunya.cat\/es\/inmigracion-y-estado-del-bienestar-una-ecuacion-insostenible\/#primaryimage"},"thumbnailUrl":"https:\/\/conversesacatalunya.cat\/wp-content\/uploads\/2025\/09\/madrid-4338051_640.jpg","datePublished":"2025-09-02T06:44:15+00:00","dateModified":"2025-09-02T07:02:32+00:00","author":{"@id":"https:\/\/conversesacatalunya.cat\/#\/schema\/person\/46306de4129bccb959ed5e1720c4e3e7"},"description":"Un an\u00e1lisis sobre c\u00f3mo la inmigraci\u00f3n masiva y el modelo econ\u00f3mico basado en salarios bajos afectan al Estado del bienestar en Espa\u00f1a","breadcrumb":{"@id":"https:\/\/conversesacatalunya.cat\/es\/inmigracion-y-estado-del-bienestar-una-ecuacion-insostenible\/#breadcrumb"},"inLanguage":"es","potentialAction":[{"@type":"ReadAction","target":["https:\/\/conversesacatalunya.cat\/es\/inmigracion-y-estado-del-bienestar-una-ecuacion-insostenible\/"]}]},{"@type":"ImageObject","inLanguage":"es","@id":"https:\/\/conversesacatalunya.cat\/es\/inmigracion-y-estado-del-bienestar-una-ecuacion-insostenible\/#primaryimage","url":"https:\/\/conversesacatalunya.cat\/wp-content\/uploads\/2025\/09\/madrid-4338051_640.jpg","contentUrl":"https:\/\/conversesacatalunya.cat\/wp-content\/uploads\/2025\/09\/madrid-4338051_640.jpg","width":640,"height":328,"caption":"inmigraci\u00f3n estado bienestar"},{"@type":"BreadcrumbList","@id":"https:\/\/conversesacatalunya.cat\/es\/inmigracion-y-estado-del-bienestar-una-ecuacion-insostenible\/#breadcrumb","itemListElement":[{"@type":"ListItem","position":1,"name":"Inici","item":"https:\/\/conversesacatalunya.cat\/es\/"},{"@type":"ListItem","position":2,"name":"Inmigraci\u00f3n y Estado del bienestar: una ecuaci\u00f3n insostenible"}]},{"@type":"WebSite","@id":"https:\/\/conversesacatalunya.cat\/#website","url":"https:\/\/conversesacatalunya.cat\/","name":"Converses a Catalunya","description":"","potentialAction":[{"@type":"SearchAction","target":{"@type":"EntryPoint","urlTemplate":"https:\/\/conversesacatalunya.cat\/?s={search_term_string}"},"query-input":{"@type":"PropertyValueSpecification","valueRequired":true,"valueName":"search_term_string"}}],"inLanguage":"es"},{"@type":"Person","@id":"https:\/\/conversesacatalunya.cat\/#\/schema\/person\/46306de4129bccb959ed5e1720c4e3e7","name":"Emili Clos","image":{"@type":"ImageObject","inLanguage":"es","@id":"https:\/\/conversesacatalunya.cat\/#\/schema\/person\/image\/","url":"https:\/\/conversesacatalunya.cat\/wp-content\/litespeed\/avatar\/a9a662bd802eed79498de818aef91cc9.jpg?ver=1777096184","contentUrl":"https:\/\/conversesacatalunya.cat\/wp-content\/litespeed\/avatar\/a9a662bd802eed79498de818aef91cc9.jpg?ver=1777096184","caption":"Emili Clos"},"url":"https:\/\/conversesacatalunya.cat\/es\/author\/emili_clos\/"}]}},"wps_subtitle":"","_links":{"self":[{"href":"https:\/\/conversesacatalunya.cat\/es\/wp-json\/wp\/v2\/posts\/91421","targetHints":{"allow":["GET"]}}],"collection":[{"href":"https:\/\/conversesacatalunya.cat\/es\/wp-json\/wp\/v2\/posts"}],"about":[{"href":"https:\/\/conversesacatalunya.cat\/es\/wp-json\/wp\/v2\/types\/post"}],"author":[{"embeddable":true,"href":"https:\/\/conversesacatalunya.cat\/es\/wp-json\/wp\/v2\/users\/81"}],"replies":[{"embeddable":true,"href":"https:\/\/conversesacatalunya.cat\/es\/wp-json\/wp\/v2\/comments?post=91421"}],"version-history":[{"count":5,"href":"https:\/\/conversesacatalunya.cat\/es\/wp-json\/wp\/v2\/posts\/91421\/revisions"}],"predecessor-version":[{"id":91431,"href":"https:\/\/conversesacatalunya.cat\/es\/wp-json\/wp\/v2\/posts\/91421\/revisions\/91431"}],"wp:featuredmedia":[{"embeddable":true,"href":"https:\/\/conversesacatalunya.cat\/es\/wp-json\/wp\/v2\/media\/91429"}],"wp:attachment":[{"href":"https:\/\/conversesacatalunya.cat\/es\/wp-json\/wp\/v2\/media?parent=91421"}],"wp:term":[{"taxonomy":"category","embeddable":true,"href":"https:\/\/conversesacatalunya.cat\/es\/wp-json\/wp\/v2\/categories?post=91421"},{"taxonomy":"post_tag","embeddable":true,"href":"https:\/\/conversesacatalunya.cat\/es\/wp-json\/wp\/v2\/tags?post=91421"}],"curies":[{"name":"wp","href":"https:\/\/api.w.org\/{rel}","templated":true}]}}