{"id":91384,"date":"2025-09-01T09:13:46","date_gmt":"2025-09-01T07:13:46","guid":{"rendered":"https:\/\/conversesacatalunya.cat\/?p=91384"},"modified":"2025-09-01T12:36:29","modified_gmt":"2025-09-01T10:36:29","slug":"8-septiembre-caida-francia","status":"publish","type":"post","link":"https:\/\/conversesacatalunya.cat\/es\/8-septiembre-caida-francia\/","title":{"rendered":"8 de septiembre: \u00bfla ca\u00edda final de Francia?"},"content":{"rendered":"<p><span dir=\"auto\"><span class=\"VIpgJd-yAWNEb-VIpgJd-fmcmS-sn54Q\" dir=\"auto\">El primer ministro de Francia, Fran\u00e7ois Bayrou, sorprendi\u00f3 a todos por su osad\u00eda cuando <\/span><\/span><a href=\"https:\/\/conversesacatalunya.cat\/es\/recorte-gasto-publico-francia-futuro-europa\/\" target=\"_blank\" rel=\"noopener\"><span dir=\"auto\"><span class=\"VIpgJd-yAWNEb-VIpgJd-fmcmS-sn54Q\" dir=\"auto\">anunci\u00f3<\/span><\/span><\/a><span dir=\"auto\"><span class=\"VIpgJd-yAWNEb-VIpgJd-fmcmS-sn54Q\" dir=\"auto\"><span>\u00a0<\/span>el pasado julio unos presupuestos para el 2026 que retomaban el camino de la disciplina fiscal.<\/span><\/span><\/p>\n<p><span dir=\"auto\">La sorpresa fue a\u00fan mayor cuando Bayrou decidi\u00f3 lanzarse, ya en pleno mes de agosto, a una<span>\u00a0<\/span><\/span><strong><span dir=\"auto\">moci\u00f3n de confianza en la sesi\u00f3n parlamentaria del 8 de septiembre<\/span><\/strong><span dir=\"auto\">. Todo indica que el primer ministro no obtendr\u00e1 el benepl\u00e1cito de la c\u00e1mara baja y se ver\u00e1 forzado a dejar el cargo\u2026 y con \u00e9l el<span>\u00a0<\/span><\/span><strong><span dir=\"auto\">enderezamiento fiscal que Francia necesita desesperadamente<\/span><\/strong><span dir=\"auto\"><span>.<\/span><\/span><\/p>\n<p><span>Las declaraciones que desde entonces hace Bayrou tienen el tono desesperado de quien busca salvar su vida (pol\u00edtica en este caso), pero en ning\u00fan caso suponen una exageraci\u00f3n de la penosa situaci\u00f3n que vive Francia.<\/span><\/p>\n<p><span>\u00abLa vida de la naci\u00f3n est\u00e1 en juego\u00bb o los j\u00f3venes \u00abhan quedado reducidos a la esclavitud\u00bb son tan solo dos ejemplos del dramatismo que Bayrou emplea en sus comparecencias p\u00fablicas desde hace unos d\u00edas.<\/span><\/p>\n<p><span dir=\"auto\">El ambiente en Par\u00eds se ha electrizado. Varios sindicatos, as\u00ed como el partido de extrema izquierda del influyente <strong>Jean-Luc M\u00e9lenchon<\/strong>, han convocado un movimiento de huelga general que debe empezar el 10 de septiembre y que busca \u00abbloquearlo todo\u00bb,<span>\u00a0<\/span><\/span><strong><a href=\"https:\/\/www.lefigaro.fr\/social\/mouvement-du-10-septembre-solidaires-appelle-a-rejoindre-la-mobilisation-la-cgt-veut-construire-la-greve-20250827\" target=\"_blank\" rel=\"noopener\"><span dir=\"auto\">seg\u00fan<\/span><\/a><\/strong><span dir=\"auto\"><span>\u00a0<\/span>anuncian algunos de los propios organizadores.<\/span><\/p>\n<p><strong><span dir=\"auto\"><span class=\"VIpgJd-yAWNEb-VIpgJd-fmcmS-sn54Q\" dir=\"auto\">Buena parte de los franceses rechazan la realidad que se les presenta ante sus ojos:<\/span><\/span><\/strong><span dir=\"auto\"><span class=\"VIpgJd-yAWNEb-VIpgJd-fmcmS-sn54Q\" dir=\"auto\">\u00a0una espiral de endeudamiento p\u00fablico insostenible y continuado que se inici\u00f3 en 1974 (\u00faltimo ejercicio en el que las arcas p\u00fablicas no terminaron en n\u00fameros rojos), hace m\u00e1s de 50 a\u00f1os sin un solo a\u00f1o de excepci\u00f3n.<\/span><\/span><\/p>\n<p><span dir=\"auto\"><span class=\"VIpgJd-yAWNEb-VIpgJd-fmcmS-sn54Q\" dir=\"auto\">Por ejemplo, desde el Partido Socialista, que resuena en el palacio del El\u00edseo como candidato posible a gobernar tras la ca\u00edda de Bayrou, acaba de anunciarse un programa que incluye<span>\u00a0<\/span><\/span><\/span><strong><span dir=\"auto\"><span class=\"VIpgJd-yAWNEb-VIpgJd-fmcmS-sn54Q\" dir=\"auto\">bajar de nuevo la edad de jubilaci\u00f3n a los 62 a\u00f1os<\/span><\/span><\/strong><span dir=\"auto\"><span class=\"VIpgJd-yAWNEb-VIpgJd-fmcmS-sn54Q\" dir=\"auto\"><span>.<\/span><\/span><\/span><\/p>\n<p><span dir=\"auto\"><span class=\"VIpgJd-yAWNEb-VIpgJd-fmcmS-sn54Q\" dir=\"auto\">El a\u00f1o pasado, Francia ya pag\u00f3 58,8 miles de millones de euros en materia de intereses de su deuda, que supusieron aproximadamente el<span>\u00a0<\/span><\/span><\/span><strong><span dir=\"auto\"><span class=\"VIpgJd-yAWNEb-VIpgJd-fmcmS-sn54Q\" dir=\"auto\">10% del gasto p\u00fablico total<\/span><\/span><\/strong><span dir=\"auto\"><span class=\"VIpgJd-yAWNEb-VIpgJd-fmcmS-sn54Q\" dir=\"auto\"><span>.<\/span>\u00a0M\u00e1s que el presupuesto anual en defensa.<\/span><\/span><\/p>\n<p><span dir=\"auto\">Seg\u00fan las \u00faltimas<span>\u00a0<\/span><\/span><a href=\"https:\/\/www.lefigaro.fr\/conjoncture\/l-explosion-de-la-dette-publique-francaise-expliquee-en-quatre-infographies-20250626\" target=\"_blank\" rel=\"noopener\"><span dir=\"auto\">proyecciones<\/span><\/a><span dir=\"auto\"><span>,<\/span>\u00a0este a\u00f1o Francia tendr\u00e1 que desembolsar 67,1 miles de millones. M\u00e1s que el presupuesto anual de ense\u00f1anza.<\/span><\/p>\n<p><span dir=\"auto\"><span class=\"VIpgJd-yAWNEb-VIpgJd-fmcmS-sn54Q\" dir=\"auto\">Pero es que al ritmo actual, Par\u00eds pr\u00e1cticamente tendr\u00e1 que<span>\u00a0<\/span><\/span><\/span><strong><span dir=\"auto\"><span class=\"VIpgJd-yAWNEb-VIpgJd-fmcmS-sn54Q\" dir=\"auto\">doblar la partida destinada a pagar a sus acreedores en el 2029<\/span><\/span><\/strong><span dir=\"auto\"><span class=\"VIpgJd-yAWNEb-VIpgJd-fmcmS-sn54Q\" dir=\"auto\"><span>\u00a0<\/span>(dentro de tan solo cuatro a\u00f1os) hasta alcanzar los 107,7 millones.<\/span><\/span><\/p>\n<p><span dir=\"auto\"><span class=\"VIpgJd-yAWNEb-VIpgJd-fmcmS-sn54Q\" dir=\"auto\">Al mismo tiempo, la econom\u00eda francesa, al rev\u00e9s de la estadounidense, no puede aspirar de ninguna de las maneras a financiar esta monstruosa deuda a trav\u00e9s de un crecimiento de su Producto Interior Bruto (PIB) elevado de forma sostenida en el tiempo: salvando la aberraci\u00f3n de la pandemia de la Covid,<span><strong> el crecimiento anual franc\u00e9s lleva m\u00e1s de una d\u00e9cada estancado en\u00a0 entorno el 1% del PIB<\/strong>. Una situaci\u00f3n que se debe en buena parte a la pobre productividad de los nuevos puestos de trabajo y al retroceso del sector industrial frente a los servicios.<\/span><\/span><\/span><\/p>\n<p><strong><span dir=\"auto\"><span class=\"VIpgJd-yAWNEb-VIpgJd-fmcmS-sn54Q\" dir=\"auto\">La ca\u00edda del gobierno de Bayrou dejar\u00e1 a Francia a las puertas de una crisis social, econ\u00f3mica y pol\u00edtica sin precedentes<\/span><\/span><\/strong><span dir=\"auto\"><span class=\"VIpgJd-yAWNEb-VIpgJd-fmcmS-sn54Q\" dir=\"auto\"><span>.<\/span>\u00a0No existe ninguna fuerza pol\u00edtica que parezca estar dispuesta ni que tenga los apoyos necesarios para llevar a cabo las dolorosas reformas necesarias para enderezar el pa\u00eds.<\/span><\/span><\/p>\n<span class='bctt-click-to-tweet'><span class='bctt-ctt-text'><a href='https:\/\/twitter.com\/intent\/tweet?url=https%3A%2F%2Fconversesacatalunya.cat%2Fes%2F8-septiembre-caida-francia%2F&#038;text=La%20sorpresa%20fue%20a%C3%BAn%20mayor%20cuando%20Bayrou%20decidi%C3%B3%20lanzarse%2C%20ya%20en%20pleno%20mes%20de%20agosto%2C%20a%20una%20moci%C3%B3n%20de%20confianza%20en%20la%20sesi%C3%B3n%20parlamentaria%20del%208%20de%20septiembre&#038;via=conversesacat&#038;related=conversesacat' target='_blank'rel=\"noopener noreferrer\">La sorpresa fue a\u00fan mayor cuando Bayrou decidi\u00f3 lanzarse, ya en pleno mes de agosto, a una moci\u00f3n de confianza en la sesi\u00f3n parlamentaria del 8 de septiembre <\/a><\/span><a href='https:\/\/twitter.com\/intent\/tweet?url=https%3A%2F%2Fconversesacatalunya.cat%2Fes%2F8-septiembre-caida-francia%2F&#038;text=La%20sorpresa%20fue%20a%C3%BAn%20mayor%20cuando%20Bayrou%20decidi%C3%B3%20lanzarse%2C%20ya%20en%20pleno%20mes%20de%20agosto%2C%20a%20una%20moci%C3%B3n%20de%20confianza%20en%20la%20sesi%C3%B3n%20parlamentaria%20del%208%20de%20septiembre&#038;via=conversesacat&#038;related=conversesacat' target='_blank' class='bctt-ctt-btn'rel=\"noopener noreferrer\">Compartir en X<\/a><\/span>\n<div id=\"polls-294\" class=\"wp-polls\">\n\t<form id=\"polls_form_294\" class=\"wp-polls-form\" action=\"\/index.php\" method=\"post\">\n\t\t<p style=\"display: none;\"><input type=\"hidden\" id=\"poll_294_nonce\" name=\"wp-polls-nonce\" value=\"76ba213801\" \/><\/p>\n\t\t<p style=\"display: none;\"><input type=\"hidden\" name=\"poll_id\" value=\"294\" \/><\/p>\n\t\t<p style=\"text-align: center\"><strong>Despr\u00e9s d'un any del govern Illa, ets capa\u00e7 d'identificar 3 grans realitzacions que hagi dut a terme? (no anuncis de propostes, projectes, acords).<\/strong><\/p><div id=\"polls-294-ans\" class=\"wp-polls-ans\"><ul class=\"wp-polls-ul\">\n\t\t<li><input type=\"radio\" id=\"poll-answer-839\" name=\"poll_294\" value=\"839\" \/> <label for=\"poll-answer-839\">S\u00ed<\/label><\/li>\n\t\t<li><input type=\"radio\" id=\"poll-answer-840\" name=\"poll_294\" value=\"840\" \/> <label for=\"poll-answer-840\">No<\/label><\/li>\n\t\t<li><input type=\"radio\" id=\"poll-answer-841\" name=\"poll_294\" value=\"841\" \/> <label for=\"poll-answer-841\">No ho s\u00e9<\/label><\/li>\n\t\t<\/ul><p style=\"text-align: center\"><input type=\"button\" name=\"vote\" value=\"   Vota   \" class=\"Buttons\" onclick=\"poll_vote(294);\" \/><\/p><p style=\"text-align: center\"><a href=\"#ViewPollResults\" onclick=\"poll_result(294); return false;\" title=\"View Results Of This Poll\">Mira els resultats<\/a><\/p><\/div>\n\t<\/form>\n<\/div>\n<div id=\"polls-294-loading\" class=\"wp-polls-loading\"><img decoding=\"async\" data-src=\"https:\/\/conversesacatalunya.cat\/wp-content\/plugins\/wp-polls\/images\/loading.gif\" width=\"16\" height=\"16\" alt=\"Cargando ...\" title=\"Cargando ...\" class=\"wp-polls-image lazyload\" src=\"data:image\/svg+xml;base64,PHN2ZyB3aWR0aD0iMSIgaGVpZ2h0PSIxIiB4bWxucz0iaHR0cDovL3d3dy53My5vcmcvMjAwMC9zdmciPjwvc3ZnPg==\" style=\"--smush-placeholder-width: 16px; --smush-placeholder-aspect-ratio: 16\/16;\" \/>&nbsp;Cargando ...<\/div>\n\n<p>&nbsp;<\/p>\n","protected":false},"excerpt":{"rendered":"<p>El primer ministro de Francia, Fran\u00e7ois Bayrou, sorprendi\u00f3 a todos por su osad\u00eda cuando anunci\u00f3\u00a0el pasado julio unos presupuestos para el 2026 que retomaban el camino de la disciplina fiscal. La sorpresa fue a\u00fan mayor cuando Bayrou decidi\u00f3 lanzarse, ya en pleno mes de agosto, a una\u00a0moci\u00f3n de confianza en la sesi\u00f3n parlamentaria del 8 de septiembre. Todo indica que el primer ministro no obtendr\u00e1 el benepl\u00e1cito de la c\u00e1mara baja y se ver\u00e1 forzado a dejar el cargo\u2026 y con \u00e9l el\u00a0enderezamiento fiscal que Francia necesita desesperadamente. Las declaraciones que desde entonces hace Bayrou tienen el tono desesperado de quien busca salvar su vida (pol\u00edtica en este caso), pero en ning\u00fan caso suponen una exageraci\u00f3n de la penosa situaci\u00f3n que vive Francia. \u00abLa vida de la naci\u00f3n est\u00e1 en juego\u00bb o los j\u00f3venes \u00abhan quedado reducidos a la esclavitud\u00bb son tan solo dos ejemplos del dramatismo que Bayrou emplea en sus comparecencias p\u00fablicas desde hace unos d\u00edas. El ambiente en Par\u00eds se ha electrizado. Varios sindicatos, as\u00ed como el partido de extrema izquierda del influyente Jean-Luc M\u00e9lenchon, han convocado un movimiento de huelga general que debe empezar el 10 de septiembre y que busca \u00abbloquearlo todo\u00bb,\u00a0seg\u00fan\u00a0anuncian algunos de los propios organizadores. Buena parte de los franceses rechazan la realidad que se les presenta ante sus ojos:\u00a0una espiral de endeudamiento p\u00fablico insostenible y continuado que se inici\u00f3 en 1974 (\u00faltimo ejercicio en el que las arcas p\u00fablicas no terminaron en n\u00fameros rojos), hace m\u00e1s de 50 a\u00f1os sin un solo a\u00f1o de excepci\u00f3n. Por ejemplo, desde el Partido Socialista, que resuena en el palacio del El\u00edseo como candidato posible a gobernar tras la ca\u00edda de Bayrou, acaba de anunciarse un programa que incluye\u00a0bajar de nuevo la edad de jubilaci\u00f3n a los 62 a\u00f1os. El a\u00f1o pasado, Francia ya pag\u00f3 58,8 miles de millones de euros en materia de intereses de su deuda, que supusieron aproximadamente el\u00a010% del gasto p\u00fablico total.\u00a0M\u00e1s que el presupuesto anual en defensa. Seg\u00fan las \u00faltimas\u00a0proyecciones,\u00a0este a\u00f1o Francia tendr\u00e1 que desembolsar 67,1 miles de millones. M\u00e1s que el presupuesto anual de ense\u00f1anza. Pero es que al ritmo actual, Par\u00eds pr\u00e1cticamente tendr\u00e1 que\u00a0doblar la partida destinada a pagar a sus acreedores en el 2029\u00a0(dentro de tan solo cuatro a\u00f1os) hasta alcanzar los 107,7 millones. Al mismo tiempo, la econom\u00eda francesa, al rev\u00e9s de la estadounidense, no puede aspirar de ninguna de las maneras a financiar esta monstruosa deuda a trav\u00e9s de un crecimiento de su Producto Interior Bruto (PIB) elevado de forma sostenida en el tiempo: salvando la aberraci\u00f3n de la pandemia de la Covid, el crecimiento anual franc\u00e9s lleva m\u00e1s de una d\u00e9cada estancado en\u00a0 entorno el 1% del PIB. Una situaci\u00f3n que se debe en buena parte a la pobre productividad de los nuevos puestos de trabajo y al retroceso del sector industrial frente a los servicios. La ca\u00edda del gobierno de Bayrou dejar\u00e1 a Francia a las puertas de una crisis social, econ\u00f3mica y pol\u00edtica sin precedentes.\u00a0No existe ninguna fuerza pol\u00edtica que parezca estar dispuesta ni que tenga los apoyos necesarios para llevar a cabo las dolorosas reformas necesarias para enderezar el pa\u00eds. &nbsp;<\/p>\n","protected":false},"author":75,"featured_media":91375,"comment_status":"open","ping_status":"open","sticky":false,"template":"","format":"standard","meta":{"_FSMCFIC_featured_image_caption":"","_FSMCFIC_featured_image_nocaption":"","_FSMCFIC_featured_image_hide":"","footnotes":""},"categories":[806],"tags":[1090,1263],"class_list":["post-91384","post","type-post","status-publish","format-standard","has-post-thumbnail","hentry","category-punts-claus-del-dia-es","tag-franca-es","tag-francia"],"yoast_head":"<!-- This site is optimized with the Yoast SEO plugin v26.8 - https:\/\/yoast.com\/product\/yoast-seo-wordpress\/ -->\n<title>8 de septiembre: \u00bfla ca\u00edda final de Francia? - Converses a Catalunya<\/title>\n<meta name=\"description\" content=\"El primer ministro de Francia, Bayrou, sorprendi\u00f3 a todos cuando anunci\u00f3 el pasado julio unos presupuestos para el 2026 de disciplina fiscal.\" \/>\n<meta name=\"robots\" content=\"index, follow, max-snippet:-1, max-image-preview:large, max-video-preview:-1\" \/>\n<link rel=\"canonical\" href=\"https:\/\/conversesacatalunya.cat\/es\/8-septiembre-caida-francia\/\" \/>\n<meta property=\"og:locale\" content=\"es_ES\" \/>\n<meta property=\"og:type\" content=\"article\" \/>\n<meta property=\"og:title\" content=\"8 de septiembre: \u00bfla ca\u00edda final de Francia? - Converses a Catalunya\" \/>\n<meta property=\"og:description\" content=\"El primer ministro de Francia, Bayrou, sorprendi\u00f3 a todos cuando anunci\u00f3 el pasado julio unos presupuestos para el 2026 de disciplina fiscal.\" \/>\n<meta property=\"og:url\" content=\"https:\/\/conversesacatalunya.cat\/es\/8-septiembre-caida-francia\/\" \/>\n<meta property=\"og:site_name\" content=\"Converses a Catalunya\" \/>\n<meta property=\"article:published_time\" content=\"2025-09-01T07:13:46+00:00\" \/>\n<meta property=\"article:modified_time\" content=\"2025-09-01T10:36:29+00:00\" \/>\n<meta property=\"og:image\" content=\"https:\/\/conversesacatalunya.cat\/wp-content\/uploads\/2025\/08\/bayrou.jpeg\" \/>\n\t<meta property=\"og:image:width\" content=\"1024\" \/>\n\t<meta property=\"og:image:height\" content=\"576\" \/>\n\t<meta property=\"og:image:type\" content=\"image\/jpeg\" \/>\n<meta name=\"author\" content=\"Carles L\u00f3pez\" \/>\n<meta name=\"twitter:card\" content=\"summary_large_image\" \/>\n<meta name=\"twitter:label1\" content=\"Escrito por\" \/>\n\t<meta name=\"twitter:data1\" content=\"Carles L\u00f3pez\" \/>\n\t<meta name=\"twitter:label2\" content=\"Tiempo de lectura\" \/>\n\t<meta name=\"twitter:data2\" content=\"3 minutos\" \/>\n<script type=\"application\/ld+json\" class=\"yoast-schema-graph\">{\"@context\":\"https:\/\/schema.org\",\"@graph\":[{\"@type\":\"Article\",\"@id\":\"https:\/\/conversesacatalunya.cat\/es\/8-septiembre-caida-francia\/#article\",\"isPartOf\":{\"@id\":\"https:\/\/conversesacatalunya.cat\/es\/8-septiembre-caida-francia\/\"},\"author\":{\"name\":\"Carles L\u00f3pez\",\"@id\":\"https:\/\/conversesacatalunya.cat\/#\/schema\/person\/3ce2ab16c0a3803086d80722c7cad56a\"},\"headline\":\"8 de septiembre: \u00bfla ca\u00edda final de Francia?\",\"datePublished\":\"2025-09-01T07:13:46+00:00\",\"dateModified\":\"2025-09-01T10:36:29+00:00\",\"mainEntityOfPage\":{\"@id\":\"https:\/\/conversesacatalunya.cat\/es\/8-septiembre-caida-francia\/\"},\"wordCount\":617,\"commentCount\":0,\"image\":{\"@id\":\"https:\/\/conversesacatalunya.cat\/es\/8-septiembre-caida-francia\/#primaryimage\"},\"thumbnailUrl\":\"https:\/\/conversesacatalunya.cat\/wp-content\/uploads\/2025\/08\/bayrou.jpeg\",\"keywords\":[\"Fran\u00e7a\",\"Francia\"],\"articleSection\":[\"Punts clau del dia (ES)\"],\"inLanguage\":\"es\",\"potentialAction\":[{\"@type\":\"CommentAction\",\"name\":\"Comment\",\"target\":[\"https:\/\/conversesacatalunya.cat\/es\/8-septiembre-caida-francia\/#respond\"]}]},{\"@type\":\"WebPage\",\"@id\":\"https:\/\/conversesacatalunya.cat\/es\/8-septiembre-caida-francia\/\",\"url\":\"https:\/\/conversesacatalunya.cat\/es\/8-septiembre-caida-francia\/\",\"name\":\"8 de septiembre: \u00bfla ca\u00edda final de Francia? - Converses a Catalunya\",\"isPartOf\":{\"@id\":\"https:\/\/conversesacatalunya.cat\/#website\"},\"primaryImageOfPage\":{\"@id\":\"https:\/\/conversesacatalunya.cat\/es\/8-septiembre-caida-francia\/#primaryimage\"},\"image\":{\"@id\":\"https:\/\/conversesacatalunya.cat\/es\/8-septiembre-caida-francia\/#primaryimage\"},\"thumbnailUrl\":\"https:\/\/conversesacatalunya.cat\/wp-content\/uploads\/2025\/08\/bayrou.jpeg\",\"datePublished\":\"2025-09-01T07:13:46+00:00\",\"dateModified\":\"2025-09-01T10:36:29+00:00\",\"author\":{\"@id\":\"https:\/\/conversesacatalunya.cat\/#\/schema\/person\/3ce2ab16c0a3803086d80722c7cad56a\"},\"description\":\"El primer ministro de Francia, Bayrou, sorprendi\u00f3 a todos cuando anunci\u00f3 el pasado julio unos presupuestos para el 2026 de disciplina fiscal.\",\"breadcrumb\":{\"@id\":\"https:\/\/conversesacatalunya.cat\/es\/8-septiembre-caida-francia\/#breadcrumb\"},\"inLanguage\":\"es\",\"potentialAction\":[{\"@type\":\"ReadAction\",\"target\":[\"https:\/\/conversesacatalunya.cat\/es\/8-septiembre-caida-francia\/\"]}]},{\"@type\":\"ImageObject\",\"inLanguage\":\"es\",\"@id\":\"https:\/\/conversesacatalunya.cat\/es\/8-septiembre-caida-francia\/#primaryimage\",\"url\":\"https:\/\/conversesacatalunya.cat\/wp-content\/uploads\/2025\/08\/bayrou.jpeg\",\"contentUrl\":\"https:\/\/conversesacatalunya.cat\/wp-content\/uploads\/2025\/08\/bayrou.jpeg\",\"width\":1024,\"height\":576,\"caption\":\"Francia Bayrou\"},{\"@type\":\"BreadcrumbList\",\"@id\":\"https:\/\/conversesacatalunya.cat\/es\/8-septiembre-caida-francia\/#breadcrumb\",\"itemListElement\":[{\"@type\":\"ListItem\",\"position\":1,\"name\":\"Inici\",\"item\":\"https:\/\/conversesacatalunya.cat\/es\/\"},{\"@type\":\"ListItem\",\"position\":2,\"name\":\"8 de septiembre: \u00bfla ca\u00edda final de Francia?\"}]},{\"@type\":\"WebSite\",\"@id\":\"https:\/\/conversesacatalunya.cat\/#website\",\"url\":\"https:\/\/conversesacatalunya.cat\/\",\"name\":\"Converses a Catalunya\",\"description\":\"\",\"potentialAction\":[{\"@type\":\"SearchAction\",\"target\":{\"@type\":\"EntryPoint\",\"urlTemplate\":\"https:\/\/conversesacatalunya.cat\/?s={search_term_string}\"},\"query-input\":{\"@type\":\"PropertyValueSpecification\",\"valueRequired\":true,\"valueName\":\"search_term_string\"}}],\"inLanguage\":\"es\"},{\"@type\":\"Person\",\"@id\":\"https:\/\/conversesacatalunya.cat\/#\/schema\/person\/3ce2ab16c0a3803086d80722c7cad56a\",\"name\":\"Carles L\u00f3pez\",\"image\":{\"@type\":\"ImageObject\",\"inLanguage\":\"es\",\"@id\":\"https:\/\/conversesacatalunya.cat\/#\/schema\/person\/image\/\",\"url\":\"https:\/\/conversesacatalunya.cat\/wp-content\/litespeed\/avatar\/4891585caf2896e97846ab77f06edcf2.jpg?ver=1777091173\",\"contentUrl\":\"https:\/\/conversesacatalunya.cat\/wp-content\/litespeed\/avatar\/4891585caf2896e97846ab77f06edcf2.jpg?ver=1777091173\",\"caption\":\"Carles L\u00f3pez\"},\"url\":\"https:\/\/conversesacatalunya.cat\/es\/author\/carles-lopez\/\"}]}<\/script>\n<!-- \/ Yoast SEO plugin. -->","yoast_head_json":{"title":"8 de septiembre: \u00bfla ca\u00edda final de Francia? - Converses a Catalunya","description":"El primer ministro de Francia, Bayrou, sorprendi\u00f3 a todos cuando anunci\u00f3 el pasado julio unos presupuestos para el 2026 de disciplina fiscal.","robots":{"index":"index","follow":"follow","max-snippet":"max-snippet:-1","max-image-preview":"max-image-preview:large","max-video-preview":"max-video-preview:-1"},"canonical":"https:\/\/conversesacatalunya.cat\/es\/8-septiembre-caida-francia\/","og_locale":"es_ES","og_type":"article","og_title":"8 de septiembre: \u00bfla ca\u00edda final de Francia? - Converses a Catalunya","og_description":"El primer ministro de Francia, Bayrou, sorprendi\u00f3 a todos cuando anunci\u00f3 el pasado julio unos presupuestos para el 2026 de disciplina fiscal.","og_url":"https:\/\/conversesacatalunya.cat\/es\/8-septiembre-caida-francia\/","og_site_name":"Converses a Catalunya","article_published_time":"2025-09-01T07:13:46+00:00","article_modified_time":"2025-09-01T10:36:29+00:00","og_image":[{"width":1024,"height":576,"url":"https:\/\/conversesacatalunya.cat\/wp-content\/uploads\/2025\/08\/bayrou.jpeg","type":"image\/jpeg"}],"author":"Carles L\u00f3pez","twitter_card":"summary_large_image","twitter_misc":{"Escrito por":"Carles L\u00f3pez","Tiempo de lectura":"3 minutos"},"schema":{"@context":"https:\/\/schema.org","@graph":[{"@type":"Article","@id":"https:\/\/conversesacatalunya.cat\/es\/8-septiembre-caida-francia\/#article","isPartOf":{"@id":"https:\/\/conversesacatalunya.cat\/es\/8-septiembre-caida-francia\/"},"author":{"name":"Carles L\u00f3pez","@id":"https:\/\/conversesacatalunya.cat\/#\/schema\/person\/3ce2ab16c0a3803086d80722c7cad56a"},"headline":"8 de septiembre: \u00bfla ca\u00edda final de Francia?","datePublished":"2025-09-01T07:13:46+00:00","dateModified":"2025-09-01T10:36:29+00:00","mainEntityOfPage":{"@id":"https:\/\/conversesacatalunya.cat\/es\/8-septiembre-caida-francia\/"},"wordCount":617,"commentCount":0,"image":{"@id":"https:\/\/conversesacatalunya.cat\/es\/8-septiembre-caida-francia\/#primaryimage"},"thumbnailUrl":"https:\/\/conversesacatalunya.cat\/wp-content\/uploads\/2025\/08\/bayrou.jpeg","keywords":["Fran\u00e7a","Francia"],"articleSection":["Punts clau del dia (ES)"],"inLanguage":"es","potentialAction":[{"@type":"CommentAction","name":"Comment","target":["https:\/\/conversesacatalunya.cat\/es\/8-septiembre-caida-francia\/#respond"]}]},{"@type":"WebPage","@id":"https:\/\/conversesacatalunya.cat\/es\/8-septiembre-caida-francia\/","url":"https:\/\/conversesacatalunya.cat\/es\/8-septiembre-caida-francia\/","name":"8 de septiembre: \u00bfla ca\u00edda final de Francia? - Converses a Catalunya","isPartOf":{"@id":"https:\/\/conversesacatalunya.cat\/#website"},"primaryImageOfPage":{"@id":"https:\/\/conversesacatalunya.cat\/es\/8-septiembre-caida-francia\/#primaryimage"},"image":{"@id":"https:\/\/conversesacatalunya.cat\/es\/8-septiembre-caida-francia\/#primaryimage"},"thumbnailUrl":"https:\/\/conversesacatalunya.cat\/wp-content\/uploads\/2025\/08\/bayrou.jpeg","datePublished":"2025-09-01T07:13:46+00:00","dateModified":"2025-09-01T10:36:29+00:00","author":{"@id":"https:\/\/conversesacatalunya.cat\/#\/schema\/person\/3ce2ab16c0a3803086d80722c7cad56a"},"description":"El primer ministro de Francia, Bayrou, sorprendi\u00f3 a todos cuando anunci\u00f3 el pasado julio unos presupuestos para el 2026 de disciplina fiscal.","breadcrumb":{"@id":"https:\/\/conversesacatalunya.cat\/es\/8-septiembre-caida-francia\/#breadcrumb"},"inLanguage":"es","potentialAction":[{"@type":"ReadAction","target":["https:\/\/conversesacatalunya.cat\/es\/8-septiembre-caida-francia\/"]}]},{"@type":"ImageObject","inLanguage":"es","@id":"https:\/\/conversesacatalunya.cat\/es\/8-septiembre-caida-francia\/#primaryimage","url":"https:\/\/conversesacatalunya.cat\/wp-content\/uploads\/2025\/08\/bayrou.jpeg","contentUrl":"https:\/\/conversesacatalunya.cat\/wp-content\/uploads\/2025\/08\/bayrou.jpeg","width":1024,"height":576,"caption":"Francia Bayrou"},{"@type":"BreadcrumbList","@id":"https:\/\/conversesacatalunya.cat\/es\/8-septiembre-caida-francia\/#breadcrumb","itemListElement":[{"@type":"ListItem","position":1,"name":"Inici","item":"https:\/\/conversesacatalunya.cat\/es\/"},{"@type":"ListItem","position":2,"name":"8 de septiembre: \u00bfla ca\u00edda final de Francia?"}]},{"@type":"WebSite","@id":"https:\/\/conversesacatalunya.cat\/#website","url":"https:\/\/conversesacatalunya.cat\/","name":"Converses a Catalunya","description":"","potentialAction":[{"@type":"SearchAction","target":{"@type":"EntryPoint","urlTemplate":"https:\/\/conversesacatalunya.cat\/?s={search_term_string}"},"query-input":{"@type":"PropertyValueSpecification","valueRequired":true,"valueName":"search_term_string"}}],"inLanguage":"es"},{"@type":"Person","@id":"https:\/\/conversesacatalunya.cat\/#\/schema\/person\/3ce2ab16c0a3803086d80722c7cad56a","name":"Carles L\u00f3pez","image":{"@type":"ImageObject","inLanguage":"es","@id":"https:\/\/conversesacatalunya.cat\/#\/schema\/person\/image\/","url":"https:\/\/conversesacatalunya.cat\/wp-content\/litespeed\/avatar\/4891585caf2896e97846ab77f06edcf2.jpg?ver=1777091173","contentUrl":"https:\/\/conversesacatalunya.cat\/wp-content\/litespeed\/avatar\/4891585caf2896e97846ab77f06edcf2.jpg?ver=1777091173","caption":"Carles L\u00f3pez"},"url":"https:\/\/conversesacatalunya.cat\/es\/author\/carles-lopez\/"}]}},"wps_subtitle":"La previsible ca\u00edda del gobierno de Bayrou dejar\u00e1 a Francia a las puertas de una crisis social, econ\u00f3mica y pol\u00edtica sin precedentes.","_links":{"self":[{"href":"https:\/\/conversesacatalunya.cat\/es\/wp-json\/wp\/v2\/posts\/91384","targetHints":{"allow":["GET"]}}],"collection":[{"href":"https:\/\/conversesacatalunya.cat\/es\/wp-json\/wp\/v2\/posts"}],"about":[{"href":"https:\/\/conversesacatalunya.cat\/es\/wp-json\/wp\/v2\/types\/post"}],"author":[{"embeddable":true,"href":"https:\/\/conversesacatalunya.cat\/es\/wp-json\/wp\/v2\/users\/75"}],"replies":[{"embeddable":true,"href":"https:\/\/conversesacatalunya.cat\/es\/wp-json\/wp\/v2\/comments?post=91384"}],"version-history":[{"count":6,"href":"https:\/\/conversesacatalunya.cat\/es\/wp-json\/wp\/v2\/posts\/91384\/revisions"}],"predecessor-version":[{"id":91418,"href":"https:\/\/conversesacatalunya.cat\/es\/wp-json\/wp\/v2\/posts\/91384\/revisions\/91418"}],"wp:featuredmedia":[{"embeddable":true,"href":"https:\/\/conversesacatalunya.cat\/es\/wp-json\/wp\/v2\/media\/91375"}],"wp:attachment":[{"href":"https:\/\/conversesacatalunya.cat\/es\/wp-json\/wp\/v2\/media?parent=91384"}],"wp:term":[{"taxonomy":"category","embeddable":true,"href":"https:\/\/conversesacatalunya.cat\/es\/wp-json\/wp\/v2\/categories?post=91384"},{"taxonomy":"post_tag","embeddable":true,"href":"https:\/\/conversesacatalunya.cat\/es\/wp-json\/wp\/v2\/tags?post=91384"}],"curies":[{"name":"wp","href":"https:\/\/api.w.org\/{rel}","templated":true}]}}