{"id":91274,"date":"2025-08-21T09:30:07","date_gmt":"2025-08-21T07:30:07","guid":{"rendered":"https:\/\/conversesacatalunya.cat\/?p=91274"},"modified":"2025-09-02T11:55:25","modified_gmt":"2025-09-02T09:55:25","slug":"la-cataluna-que-cae","status":"publish","type":"post","link":"https:\/\/conversesacatalunya.cat\/es\/la-cataluna-que-cae\/","title":{"rendered":"La Catalu\u00f1a que cae"},"content":{"rendered":"<p><span dir=\"auto\">En 2003, el libro \u201c<\/span><strong><em><span dir=\"auto\"><a href=\"https:\/\/www.cultura.com\/p-la-france-qui-tombe-9782262021634.html\" target=\"_blank\" rel=\"noopener\">La France qui tombe<\/a>\u201d<\/span><\/em><\/strong><span dir=\"auto\"><span>\u00a0<\/span>de Nicolas Baverez sacudi\u00f3 el debate p\u00fablico franc\u00e9s. Su diagn\u00f3stico \u2014una Francia incapaz de adaptarse a la globalizaci\u00f3n, en lenta deriva hacia la irrelevancia\u2014 fue tildado de excesivo y pesimista por algunos, pero abri\u00f3 un inc\u00f3modo debate sobre el declive nacional.<\/span><\/p>\n<p><span dir=\"auto\"><span class=\"VIpgJd-yAWNEb-VIpgJd-fmcmS-sn54Q\" dir=\"auto\">Aquella met\u00e1fora del \u201cpa\u00eds que cae\u201d, que no se hunde de repente, pero se desploma lentamente, es hoy m\u00e1s vigente que nunca en Catalu\u00f1a. Un declive acentuado primero por el independentismo de la irresponsabilidad, y ahora por el control socialista, agravado por factores externos como la inmigraci\u00f3n masiva y, sobre todo, por<span>\u00a0<\/span><\/span><\/span><strong><a href=\"https:\/\/conversesacatalunya.cat\/es\/cataluna-necesita-ser-reparada\/\" target=\"_blank\" rel=\"noopener\"><span dir=\"auto\"><span class=\"VIpgJd-yAWNEb-VIpgJd-fmcmS-sn54Q\" dir=\"auto\">la inanidad de una sociedad<\/span><\/span><\/a><span dir=\"auto\"><span class=\"VIpgJd-yAWNEb-VIpgJd-fmcmS-sn54Q\" dir=\"auto\"><span>\u00a0<\/span>y unas \u00e9lites que han renunciado a reaccionar.<\/span><\/span><\/strong><\/p>\n<h5><strong><span dir=\"auto\"><span class=\"VIpgJd-yAWNEb-VIpgJd-fmcmS-sn54Q\" dir=\"auto\">El paralelismo con Baverez no puede ser id\u00e9ntico por razones obvias, pero resulta \u00fatil observar los puntos en com\u00fan:<\/span><\/span><\/strong><\/h5>\n<ol>\n<li><strong><span dir=\"auto\">Crisis econ\u00f3mica estructural<\/span><\/strong><\/li>\n<\/ol>\n<ul>\n<li><span dir=\"auto\">Baja productividad y alto paro juvenil.<\/span><\/li>\n<li><span dir=\"auto\">Exceso de regulaci\u00f3n y presi\u00f3n fiscal.<\/span><\/li>\n<li><span dir=\"auto\">Rigidez del mercado laboral y del sistema productivo frente a la econom\u00eda mundial.<\/span><\/li>\n<li><span dir=\"auto\">D\u00e9ficits y deuda creciente que hipotecan el futuro.<\/span><\/li>\n<\/ul>\n<ol start=\"2\">\n<li><strong><span dir=\"auto\">Estado hipertrofiado e ineficaz<\/span><\/strong><\/li>\n<\/ol>\n<ul>\n<li><span dir=\"auto\">La centralidad del sector p\u00fablico frena la innovaci\u00f3n y la competitividad.<\/span><\/li>\n<li><span dir=\"auto\"><span class=\"\" dir=\"auto\">El modelo social resulta costoso e insostenible: no crea ya cohesi\u00f3n, sino bloqueos.<\/span><\/span><\/li>\n<\/ul>\n<ol start=\"3\">\n<li><strong><span dir=\"auto\">Crisis pol\u00edtica y de liderazgo<\/span><\/strong><\/li>\n<\/ol>\n<ul>\n<li><span dir=\"auto\">\u00c9lites pol\u00edticas e intelectuales desconectadas de la realidad.<\/span><\/li>\n<li><span dir=\"auto\">Gobiernos que se alternan sin realizar reformas de fondos.<\/span><\/li>\n<li><span dir=\"auto\">Instituciones que premian la inmovilidad y la irresponsabilidad.<\/span><\/li>\n<\/ul>\n<ol start=\"4\">\n<li><strong><span dir=\"auto\">Declive social y cultural<\/span><\/strong><\/li>\n<\/ol>\n<ul>\n<li><span dir=\"auto\">Pesimismo y desconfianza ante el cambio y la competencia global.<\/span><\/li>\n<li><span dir=\"auto\">Problemas de integraci\u00f3n, fracturas sociales y territoriales.<\/span><\/li>\n<\/ul>\n<h5><strong><span dir=\"auto\"><span class=\"VIpgJd-yAWNEb-VIpgJd-fmcmS-sn54Q\" dir=\"auto\">El diagn\u00f3stico de Baverez sobre Francia es, en buena parte, el que sufre Catalu\u00f1a hoy: una decadencia lenta pero persistente.<\/span><\/span><\/strong><\/h5>\n<h3><strong><span dir=\"auto\">Catalu\u00f1a, del liderazgo a la mediocridad<\/span><\/strong><\/h3>\n<p><strong><span dir=\"auto\"><span class=\"VIpgJd-yAWNEb-VIpgJd-fmcmS-sn54Q\" dir=\"auto\">Econ\u00f3micamente, Catalu\u00f1a vive una degradaci\u00f3n silenciosa<\/span><\/span><\/strong><span dir=\"auto\"><span class=\"VIpgJd-yAWNEb-VIpgJd-fmcmS-sn54Q\" dir=\"auto\"><span>.<\/span> Madrid lleva a\u00f1os superando el peso relativo de la econom\u00eda catalana: 19,6% del PIB espa\u00f1ol frente al 18,8% catal\u00e1n, el mismo porcentaje que en 1995. El problema m\u00e1s grave es el PIB per c\u00e1pita: en solo una d\u00e9cada ha ca\u00eddo siete puntos respecto a la media espa\u00f1ola, del 121,4 al 114,5. A este ritmo, se perder\u00e1 toda la ventaja conseguida a lo largo del siglo XIX y XX.<\/span><\/span><\/p>\n<p><span dir=\"auto\">El motivo est\u00e1 claro: un modelo productivo basado en el turismo masivo y una inmigraci\u00f3n de bajo capital humano, ocupada mayoritariamente en trabajos de baja productividad. Catalu\u00f1a crece en poblaci\u00f3n, pero no en productividad. Y la presi\u00f3n demogr\u00e1fica, con saldo vegetativo negativo, ha desbordado servicios e infraestructuras.<span>\u00a0<\/span><\/span><strong><span dir=\"auto\">Catalu\u00f1a no solo \u201ccae\u201d: est\u00e1 descosida.<\/span><\/strong><\/p>\n<p><span dir=\"auto\"><span class=\"VIpgJd-yAWNEb-VIpgJd-fmcmS-sn54Q\" dir=\"auto\">En los rankings europeos, la situaci\u00f3n es mediocre y con tendencia a empeorar. La educaci\u00f3n es el ejemplo m\u00e1s claro: Catalu\u00f1a es hoy una regi\u00f3n de segundo o tercer nivel.<\/span><\/span><\/p>\n<h3><strong><span dir=\"auto\">El retroceso cultural y pol\u00edtico<\/span><\/strong><\/h3>\n<p><span dir=\"auto\">Los pilares hist\u00f3ricos del catalanismo, lengua y cultura tambi\u00e9n muestran un claro retroceso. El catal\u00e1n pierde uso social, la televisi\u00f3n p\u00fablica ha fracasado como herramienta de calidad y cohesi\u00f3n cultural, y la proyecci\u00f3n en la macrorregi\u00f3n (Pa\u00eds Valenciano, Baleares, Catalu\u00f1a Norte) es casi inexistente. La idea de una gran regi\u00f3n econ\u00f3mica y cultural ha desaparecido de la agenda pol\u00edtica y medi\u00e1tica. Nos hemos encogido como prop\u00f3sito colectivo.<\/span><\/p>\n<p><span dir=\"auto\">En el \u00e1mbito pol\u00edtico,<span>\u00a0<\/span><\/span><strong><span dir=\"auto\">el independentismo ha sido incapaz<\/span><\/strong><span dir=\"auto\"><span>\u00a0<\/span>de desarrollar el Estatut y de hacer valer en el Congreso la mejor correlaci\u00f3n de fuerzas que jam\u00e1s hab\u00eda tenido. Despu\u00e9s de seis a\u00f1os, el sistema de financiaci\u00f3n sigue sin reformarse: una oportunidad perdida.<\/span><\/p>\n<p><span dir=\"auto\"><span class=\"VIpgJd-yAWNEb-VIpgJd-fmcmS-sn54Q\" dir=\"auto\">El gobierno Illa se ha presentado como la superaci\u00f3n del conflicto independentista, pero en realidad es el reflejo de la <strong>dimisi\u00f3n c\u00edvica<\/strong>: pasividad, frustraci\u00f3n y una percepci\u00f3n generalizada de que la pol\u00edtica es un problema m\u00e1s. Illa gobierna con solo 41 diputados de 136, sin oposici\u00f3n clara y sin alternativa, en un escenario in\u00e9dito en Europa.<\/span><\/span><\/p>\n<p><strong><span dir=\"auto\">Catalu\u00f1a es hoy el basti\u00f3n fundamental de Pedro S\u00e1nchez:<\/span><\/strong><span dir=\"auto\"><span>\u00a0<\/span>controla a la Generalitat, aporta diputados al Congreso y garantiza la estabilidad del gobierno central gracias al apoyo de ERC y Junts. Sin PP ni Vox con capacidad de alternativa,<span>\u00a0<\/span><\/span><strong><span dir=\"auto\">Catalu\u00f1a ha quedado atrapada en un papel subalterno.<\/span><\/strong><\/p>\n<h3><strong><span dir=\"auto\"><span class=\"VIpgJd-yAWNEb-VIpgJd-fmcmS-sn54Q\" dir=\"auto\">El futuro que se desvanece<\/span><\/span><\/strong><\/h3>\n<p><span dir=\"auto\"><span class=\"VIpgJd-yAWNEb-VIpgJd-fmcmS-sn54Q\" dir=\"auto\">Es dif\u00edcil imaginar que el gobierno Illa pueda ofrecer respuestas a las necesidades reales del pa\u00eds. Su debilidad parlamentaria y dependencia de S\u00e1nchez le impiden abordar reformas de fondo: financiaci\u00f3n, productividad, cercan\u00edas, seguridad, infraestructuras, situaci\u00f3n de aut\u00f3nomos y pymes, inmigraci\u00f3n, ense\u00f1anza, medios p\u00fablicos, reforma de la administraci\u00f3n, ley electoral\u2026 La lista es inmensa.<\/span><\/span><\/p>\n<p><strong><span dir=\"auto\">El mayor problema es el demogr\u00e1fico:<\/span><\/strong><span dir=\"auto\"><span>\u00a0<\/span>Catalu\u00f1a tiene una de las tasas de fecundidad m\u00e1s bajas de Europa (1,1 hijos por mujer, lejos de los 2,1 necesarios para el relevo generacional). Asimismo, el aborto se ha convertido en la salida principal (40% de los embarazos, cifra r\u00e9cord en Espa\u00f1a), en un contexto sin ayudas a la familia ni a la maternidad.<\/span><\/p>\n<p><strong><span dir=\"auto\">Catalu\u00f1a cae, y sus instituciones miran hacia otro lado.<\/span><\/strong><\/p>\n<span class='bctt-click-to-tweet'><span class='bctt-ctt-text'><a href='https:\/\/twitter.com\/intent\/tweet?url=https%3A%2F%2Fconversesacatalunya.cat%2Fes%2Fla-cataluna-que-cae%2F&#038;text=Es%20dif%C3%ADcil%20imaginar%20que%20el%20gobierno%20Illa%20pueda%20ofrecer%20respuestas%20a%20las%20necesidades%20reales%20del%20pa%C3%ADs.%20Su%20debilidad%20parlamentaria%20y%20dependencia%20de%20S%C3%A1nchez%20le%20impiden%20abordar%20reformas%20de%20fondo&#038;via=conversesacat&#038;related=conversesacat' target='_blank'rel=\"noopener noreferrer\">Es dif\u00edcil imaginar que el gobierno Illa pueda ofrecer respuestas a las necesidades reales del pa\u00eds. Su debilidad parlamentaria y dependencia de S\u00e1nchez le impiden abordar reformas de fondo <\/a><\/span><a href='https:\/\/twitter.com\/intent\/tweet?url=https%3A%2F%2Fconversesacatalunya.cat%2Fes%2Fla-cataluna-que-cae%2F&#038;text=Es%20dif%C3%ADcil%20imaginar%20que%20el%20gobierno%20Illa%20pueda%20ofrecer%20respuestas%20a%20las%20necesidades%20reales%20del%20pa%C3%ADs.%20Su%20debilidad%20parlamentaria%20y%20dependencia%20de%20S%C3%A1nchez%20le%20impiden%20abordar%20reformas%20de%20fondo&#038;via=conversesacat&#038;related=conversesacat' target='_blank' class='bctt-ctt-btn'rel=\"noopener noreferrer\">Compartir en X<\/a><\/span>\n<p>&nbsp;<\/p>\n<p>&nbsp;<\/p>\n","protected":false},"excerpt":{"rendered":"<p>En 2003, el libro \u201cLa France qui tombe\u201d\u00a0de Nicolas Baverez sacudi\u00f3 el debate p\u00fablico franc\u00e9s. Su diagn\u00f3stico \u2014una Francia incapaz de adaptarse a la globalizaci\u00f3n, en lenta deriva hacia la irrelevancia\u2014 fue tildado de excesivo y pesimista por algunos, pero abri\u00f3 un inc\u00f3modo debate sobre el declive nacional. Aquella met\u00e1fora del \u201cpa\u00eds que cae\u201d, que no se hunde de repente, pero se desploma lentamente, es hoy m\u00e1s vigente que nunca en Catalu\u00f1a. Un declive acentuado primero por el independentismo de la irresponsabilidad, y ahora por el control socialista, agravado por factores externos como la inmigraci\u00f3n masiva y, sobre todo, por\u00a0la inanidad de una sociedad\u00a0y unas \u00e9lites que han renunciado a reaccionar. El paralelismo con Baverez no puede ser id\u00e9ntico por razones obvias, pero resulta \u00fatil observar los puntos en com\u00fan: Crisis econ\u00f3mica estructural Baja productividad y alto paro juvenil. Exceso de regulaci\u00f3n y presi\u00f3n fiscal. Rigidez del mercado laboral y del sistema productivo frente a la econom\u00eda mundial. D\u00e9ficits y deuda creciente que hipotecan el futuro. Estado hipertrofiado e ineficaz La centralidad del sector p\u00fablico frena la innovaci\u00f3n y la competitividad. El modelo social resulta costoso e insostenible: no crea ya cohesi\u00f3n, sino bloqueos. Crisis pol\u00edtica y de liderazgo \u00c9lites pol\u00edticas e intelectuales desconectadas de la realidad. Gobiernos que se alternan sin realizar reformas de fondos. Instituciones que premian la inmovilidad y la irresponsabilidad. Declive social y cultural Pesimismo y desconfianza ante el cambio y la competencia global. Problemas de integraci\u00f3n, fracturas sociales y territoriales. El diagn\u00f3stico de Baverez sobre Francia es, en buena parte, el que sufre Catalu\u00f1a hoy: una decadencia lenta pero persistente. Catalu\u00f1a, del liderazgo a la mediocridad Econ\u00f3micamente, Catalu\u00f1a vive una degradaci\u00f3n silenciosa. Madrid lleva a\u00f1os superando el peso relativo de la econom\u00eda catalana: 19,6% del PIB espa\u00f1ol frente al 18,8% catal\u00e1n, el mismo porcentaje que en 1995. El problema m\u00e1s grave es el PIB per c\u00e1pita: en solo una d\u00e9cada ha ca\u00eddo siete puntos respecto a la media espa\u00f1ola, del 121,4 al 114,5. A este ritmo, se perder\u00e1 toda la ventaja conseguida a lo largo del siglo XIX y XX. El motivo est\u00e1 claro: un modelo productivo basado en el turismo masivo y una inmigraci\u00f3n de bajo capital humano, ocupada mayoritariamente en trabajos de baja productividad. Catalu\u00f1a crece en poblaci\u00f3n, pero no en productividad. Y la presi\u00f3n demogr\u00e1fica, con saldo vegetativo negativo, ha desbordado servicios e infraestructuras.\u00a0Catalu\u00f1a no solo \u201ccae\u201d: est\u00e1 descosida. En los rankings europeos, la situaci\u00f3n es mediocre y con tendencia a empeorar. La educaci\u00f3n es el ejemplo m\u00e1s claro: Catalu\u00f1a es hoy una regi\u00f3n de segundo o tercer nivel. El retroceso cultural y pol\u00edtico Los pilares hist\u00f3ricos del catalanismo, lengua y cultura tambi\u00e9n muestran un claro retroceso. El catal\u00e1n pierde uso social, la televisi\u00f3n p\u00fablica ha fracasado como herramienta de calidad y cohesi\u00f3n cultural, y la proyecci\u00f3n en la macrorregi\u00f3n (Pa\u00eds Valenciano, Baleares, Catalu\u00f1a Norte) es casi inexistente. La idea de una gran regi\u00f3n econ\u00f3mica y cultural ha desaparecido de la agenda pol\u00edtica y medi\u00e1tica. Nos hemos encogido como prop\u00f3sito colectivo. En el \u00e1mbito pol\u00edtico,\u00a0el independentismo ha sido incapaz\u00a0de desarrollar el Estatut y de hacer valer en el Congreso la mejor correlaci\u00f3n de fuerzas que jam\u00e1s hab\u00eda tenido. Despu\u00e9s de seis a\u00f1os, el sistema de financiaci\u00f3n sigue sin reformarse: una oportunidad perdida. El gobierno Illa se ha presentado como la superaci\u00f3n del conflicto independentista, pero en realidad es el reflejo de la dimisi\u00f3n c\u00edvica: pasividad, frustraci\u00f3n y una percepci\u00f3n generalizada de que la pol\u00edtica es un problema m\u00e1s. Illa gobierna con solo 41 diputados de 136, sin oposici\u00f3n clara y sin alternativa, en un escenario in\u00e9dito en Europa. Catalu\u00f1a es hoy el basti\u00f3n fundamental de Pedro S\u00e1nchez:\u00a0controla a la Generalitat, aporta diputados al Congreso y garantiza la estabilidad del gobierno central gracias al apoyo de ERC y Junts. Sin PP ni Vox con capacidad de alternativa,\u00a0Catalu\u00f1a ha quedado atrapada en un papel subalterno. El futuro que se desvanece Es dif\u00edcil imaginar que el gobierno Illa pueda ofrecer respuestas a las necesidades reales del pa\u00eds. Su debilidad parlamentaria y dependencia de S\u00e1nchez le impiden abordar reformas de fondo: financiaci\u00f3n, productividad, cercan\u00edas, seguridad, infraestructuras, situaci\u00f3n de aut\u00f3nomos y pymes, inmigraci\u00f3n, ense\u00f1anza, medios p\u00fablicos, reforma de la administraci\u00f3n, ley electoral\u2026 La lista es inmensa. El mayor problema es el demogr\u00e1fico:\u00a0Catalu\u00f1a tiene una de las tasas de fecundidad m\u00e1s bajas de Europa (1,1 hijos por mujer, lejos de los 2,1 necesarios para el relevo generacional). Asimismo, el aborto se ha convertido en la salida principal (40% de los embarazos, cifra r\u00e9cord en Espa\u00f1a), en un contexto sin ayudas a la familia ni a la maternidad. Catalu\u00f1a cae, y sus instituciones miran hacia otro lado. &nbsp; &nbsp;<\/p>\n","protected":false},"author":19,"featured_media":91256,"comment_status":"open","ping_status":"open","sticky":false,"template":"","format":"standard","meta":{"_FSMCFIC_featured_image_caption":"","_FSMCFIC_featured_image_nocaption":"","_FSMCFIC_featured_image_hide":"","footnotes":""},"categories":[796],"tags":[865,845],"class_list":["post-91274","post","type-post","status-publish","format-standard","has-post-thumbnail","hentry","category-el-blog-de-josep-miro-i-ardevol-es","tag-cataluna","tag-catalunya-es"],"yoast_head":"<!-- This site is optimized with the Yoast SEO plugin v26.8 - https:\/\/yoast.com\/product\/yoast-seo-wordpress\/ -->\n<title>La Catalu\u00f1a que cae: declive econ\u00f3mico, cultural y pol\u00edtico<\/title>\n<meta name=\"description\" content=\"An\u00e1lisis del declive econ\u00f3mico, pol\u00edtico y cultural de Catalu\u00f1a: p\u00e9rdida de peso frente a Madrid, retroceso del PIB per c\u00e1pita, crisis\" \/>\n<meta name=\"robots\" content=\"index, follow, max-snippet:-1, max-image-preview:large, max-video-preview:-1\" \/>\n<link rel=\"canonical\" href=\"https:\/\/conversesacatalunya.cat\/es\/la-cataluna-que-cae\/\" \/>\n<meta property=\"og:locale\" content=\"es_ES\" \/>\n<meta property=\"og:type\" content=\"article\" \/>\n<meta property=\"og:title\" content=\"La Catalu\u00f1a que cae: declive econ\u00f3mico, cultural y pol\u00edtico\" \/>\n<meta property=\"og:description\" content=\"An\u00e1lisis del declive econ\u00f3mico, pol\u00edtico y cultural de Catalu\u00f1a: p\u00e9rdida de peso frente a Madrid, retroceso del PIB per c\u00e1pita, crisis\" \/>\n<meta property=\"og:url\" content=\"https:\/\/conversesacatalunya.cat\/es\/la-cataluna-que-cae\/\" \/>\n<meta property=\"og:site_name\" content=\"Converses a Catalunya\" \/>\n<meta property=\"article:published_time\" content=\"2025-08-21T07:30:07+00:00\" \/>\n<meta property=\"article:modified_time\" content=\"2025-09-02T09:55:25+00:00\" \/>\n<meta property=\"og:image\" content=\"https:\/\/conversesacatalunya.cat\/wp-content\/uploads\/2025\/08\/Imagen1-2.jpg\" \/>\n\t<meta property=\"og:image:width\" content=\"567\" \/>\n\t<meta property=\"og:image:height\" content=\"567\" \/>\n\t<meta property=\"og:image:type\" content=\"image\/jpeg\" \/>\n<meta name=\"author\" content=\"Josep Mir\u00f3 i Ard\u00e8vol\" \/>\n<meta name=\"twitter:card\" content=\"summary_large_image\" \/>\n<meta name=\"twitter:label1\" content=\"Escrito por\" \/>\n\t<meta name=\"twitter:data1\" content=\"Josep Mir\u00f3 i Ard\u00e8vol\" \/>\n\t<meta name=\"twitter:label2\" content=\"Tiempo de lectura\" \/>\n\t<meta name=\"twitter:data2\" content=\"5 minutos\" \/>\n<script type=\"application\/ld+json\" class=\"yoast-schema-graph\">{\"@context\":\"https:\/\/schema.org\",\"@graph\":[{\"@type\":\"Article\",\"@id\":\"https:\/\/conversesacatalunya.cat\/es\/la-cataluna-que-cae\/#article\",\"isPartOf\":{\"@id\":\"https:\/\/conversesacatalunya.cat\/es\/la-cataluna-que-cae\/\"},\"author\":{\"name\":\"Josep Mir\u00f3 i Ard\u00e8vol\",\"@id\":\"https:\/\/conversesacatalunya.cat\/#\/schema\/person\/a9598a6786ba7d3d1c5e0de477b79370\"},\"headline\":\"La Catalu\u00f1a que cae\",\"datePublished\":\"2025-08-21T07:30:07+00:00\",\"dateModified\":\"2025-09-02T09:55:25+00:00\",\"mainEntityOfPage\":{\"@id\":\"https:\/\/conversesacatalunya.cat\/es\/la-cataluna-que-cae\/\"},\"wordCount\":911,\"commentCount\":0,\"image\":{\"@id\":\"https:\/\/conversesacatalunya.cat\/es\/la-cataluna-que-cae\/#primaryimage\"},\"thumbnailUrl\":\"https:\/\/conversesacatalunya.cat\/wp-content\/uploads\/2025\/08\/Imagen1-2.jpg\",\"keywords\":[\"Catalu\u00f1a\",\"Catalunya\"],\"articleSection\":[\"El Blog de Josep Mir\u00f3 i Ard\u00e8vol (ES)\"],\"inLanguage\":\"es\",\"potentialAction\":[{\"@type\":\"CommentAction\",\"name\":\"Comment\",\"target\":[\"https:\/\/conversesacatalunya.cat\/es\/la-cataluna-que-cae\/#respond\"]}]},{\"@type\":\"WebPage\",\"@id\":\"https:\/\/conversesacatalunya.cat\/es\/la-cataluna-que-cae\/\",\"url\":\"https:\/\/conversesacatalunya.cat\/es\/la-cataluna-que-cae\/\",\"name\":\"La Catalu\u00f1a que cae: declive econ\u00f3mico, cultural y pol\u00edtico\",\"isPartOf\":{\"@id\":\"https:\/\/conversesacatalunya.cat\/#website\"},\"primaryImageOfPage\":{\"@id\":\"https:\/\/conversesacatalunya.cat\/es\/la-cataluna-que-cae\/#primaryimage\"},\"image\":{\"@id\":\"https:\/\/conversesacatalunya.cat\/es\/la-cataluna-que-cae\/#primaryimage\"},\"thumbnailUrl\":\"https:\/\/conversesacatalunya.cat\/wp-content\/uploads\/2025\/08\/Imagen1-2.jpg\",\"datePublished\":\"2025-08-21T07:30:07+00:00\",\"dateModified\":\"2025-09-02T09:55:25+00:00\",\"author\":{\"@id\":\"https:\/\/conversesacatalunya.cat\/#\/schema\/person\/a9598a6786ba7d3d1c5e0de477b79370\"},\"description\":\"An\u00e1lisis del declive econ\u00f3mico, pol\u00edtico y cultural de Catalu\u00f1a: p\u00e9rdida de peso frente a Madrid, retroceso del PIB per c\u00e1pita, crisis\",\"breadcrumb\":{\"@id\":\"https:\/\/conversesacatalunya.cat\/es\/la-cataluna-que-cae\/#breadcrumb\"},\"inLanguage\":\"es\",\"potentialAction\":[{\"@type\":\"ReadAction\",\"target\":[\"https:\/\/conversesacatalunya.cat\/es\/la-cataluna-que-cae\/\"]}]},{\"@type\":\"ImageObject\",\"inLanguage\":\"es\",\"@id\":\"https:\/\/conversesacatalunya.cat\/es\/la-cataluna-que-cae\/#primaryimage\",\"url\":\"https:\/\/conversesacatalunya.cat\/wp-content\/uploads\/2025\/08\/Imagen1-2.jpg\",\"contentUrl\":\"https:\/\/conversesacatalunya.cat\/wp-content\/uploads\/2025\/08\/Imagen1-2.jpg\",\"width\":567,\"height\":567,\"caption\":\"Catalu\u00f1a declive\"},{\"@type\":\"BreadcrumbList\",\"@id\":\"https:\/\/conversesacatalunya.cat\/es\/la-cataluna-que-cae\/#breadcrumb\",\"itemListElement\":[{\"@type\":\"ListItem\",\"position\":1,\"name\":\"Inici\",\"item\":\"https:\/\/conversesacatalunya.cat\/es\/\"},{\"@type\":\"ListItem\",\"position\":2,\"name\":\"La Catalu\u00f1a que cae\"}]},{\"@type\":\"WebSite\",\"@id\":\"https:\/\/conversesacatalunya.cat\/#website\",\"url\":\"https:\/\/conversesacatalunya.cat\/\",\"name\":\"Converses a Catalunya\",\"description\":\"\",\"potentialAction\":[{\"@type\":\"SearchAction\",\"target\":{\"@type\":\"EntryPoint\",\"urlTemplate\":\"https:\/\/conversesacatalunya.cat\/?s={search_term_string}\"},\"query-input\":{\"@type\":\"PropertyValueSpecification\",\"valueRequired\":true,\"valueName\":\"search_term_string\"}}],\"inLanguage\":\"es\"},{\"@type\":\"Person\",\"@id\":\"https:\/\/conversesacatalunya.cat\/#\/schema\/person\/a9598a6786ba7d3d1c5e0de477b79370\",\"name\":\"Josep Mir\u00f3 i Ard\u00e8vol\",\"image\":{\"@type\":\"ImageObject\",\"inLanguage\":\"es\",\"@id\":\"https:\/\/conversesacatalunya.cat\/#\/schema\/person\/image\/\",\"url\":\"https:\/\/conversesacatalunya.cat\/wp-content\/litespeed\/avatar\/c37e3dc881857483d6694cdf98fdedea.jpg?ver=1777270381\",\"contentUrl\":\"https:\/\/conversesacatalunya.cat\/wp-content\/litespeed\/avatar\/c37e3dc881857483d6694cdf98fdedea.jpg?ver=1777270381\",\"caption\":\"Josep Mir\u00f3 i Ard\u00e8vol\"},\"url\":\"https:\/\/conversesacatalunya.cat\/es\/author\/josep-miro-i-ardevol\/\"}]}<\/script>\n<!-- \/ Yoast SEO plugin. -->","yoast_head_json":{"title":"La Catalu\u00f1a que cae: declive econ\u00f3mico, cultural y pol\u00edtico","description":"An\u00e1lisis del declive econ\u00f3mico, pol\u00edtico y cultural de Catalu\u00f1a: p\u00e9rdida de peso frente a Madrid, retroceso del PIB per c\u00e1pita, crisis","robots":{"index":"index","follow":"follow","max-snippet":"max-snippet:-1","max-image-preview":"max-image-preview:large","max-video-preview":"max-video-preview:-1"},"canonical":"https:\/\/conversesacatalunya.cat\/es\/la-cataluna-que-cae\/","og_locale":"es_ES","og_type":"article","og_title":"La Catalu\u00f1a que cae: declive econ\u00f3mico, cultural y pol\u00edtico","og_description":"An\u00e1lisis del declive econ\u00f3mico, pol\u00edtico y cultural de Catalu\u00f1a: p\u00e9rdida de peso frente a Madrid, retroceso del PIB per c\u00e1pita, crisis","og_url":"https:\/\/conversesacatalunya.cat\/es\/la-cataluna-que-cae\/","og_site_name":"Converses a Catalunya","article_published_time":"2025-08-21T07:30:07+00:00","article_modified_time":"2025-09-02T09:55:25+00:00","og_image":[{"width":567,"height":567,"url":"https:\/\/conversesacatalunya.cat\/wp-content\/uploads\/2025\/08\/Imagen1-2.jpg","type":"image\/jpeg"}],"author":"Josep Mir\u00f3 i Ard\u00e8vol","twitter_card":"summary_large_image","twitter_misc":{"Escrito por":"Josep Mir\u00f3 i Ard\u00e8vol","Tiempo de lectura":"5 minutos"},"schema":{"@context":"https:\/\/schema.org","@graph":[{"@type":"Article","@id":"https:\/\/conversesacatalunya.cat\/es\/la-cataluna-que-cae\/#article","isPartOf":{"@id":"https:\/\/conversesacatalunya.cat\/es\/la-cataluna-que-cae\/"},"author":{"name":"Josep Mir\u00f3 i Ard\u00e8vol","@id":"https:\/\/conversesacatalunya.cat\/#\/schema\/person\/a9598a6786ba7d3d1c5e0de477b79370"},"headline":"La Catalu\u00f1a que cae","datePublished":"2025-08-21T07:30:07+00:00","dateModified":"2025-09-02T09:55:25+00:00","mainEntityOfPage":{"@id":"https:\/\/conversesacatalunya.cat\/es\/la-cataluna-que-cae\/"},"wordCount":911,"commentCount":0,"image":{"@id":"https:\/\/conversesacatalunya.cat\/es\/la-cataluna-que-cae\/#primaryimage"},"thumbnailUrl":"https:\/\/conversesacatalunya.cat\/wp-content\/uploads\/2025\/08\/Imagen1-2.jpg","keywords":["Catalu\u00f1a","Catalunya"],"articleSection":["El Blog de Josep Mir\u00f3 i Ard\u00e8vol (ES)"],"inLanguage":"es","potentialAction":[{"@type":"CommentAction","name":"Comment","target":["https:\/\/conversesacatalunya.cat\/es\/la-cataluna-que-cae\/#respond"]}]},{"@type":"WebPage","@id":"https:\/\/conversesacatalunya.cat\/es\/la-cataluna-que-cae\/","url":"https:\/\/conversesacatalunya.cat\/es\/la-cataluna-que-cae\/","name":"La Catalu\u00f1a que cae: declive econ\u00f3mico, cultural y pol\u00edtico","isPartOf":{"@id":"https:\/\/conversesacatalunya.cat\/#website"},"primaryImageOfPage":{"@id":"https:\/\/conversesacatalunya.cat\/es\/la-cataluna-que-cae\/#primaryimage"},"image":{"@id":"https:\/\/conversesacatalunya.cat\/es\/la-cataluna-que-cae\/#primaryimage"},"thumbnailUrl":"https:\/\/conversesacatalunya.cat\/wp-content\/uploads\/2025\/08\/Imagen1-2.jpg","datePublished":"2025-08-21T07:30:07+00:00","dateModified":"2025-09-02T09:55:25+00:00","author":{"@id":"https:\/\/conversesacatalunya.cat\/#\/schema\/person\/a9598a6786ba7d3d1c5e0de477b79370"},"description":"An\u00e1lisis del declive econ\u00f3mico, pol\u00edtico y cultural de Catalu\u00f1a: p\u00e9rdida de peso frente a Madrid, retroceso del PIB per c\u00e1pita, crisis","breadcrumb":{"@id":"https:\/\/conversesacatalunya.cat\/es\/la-cataluna-que-cae\/#breadcrumb"},"inLanguage":"es","potentialAction":[{"@type":"ReadAction","target":["https:\/\/conversesacatalunya.cat\/es\/la-cataluna-que-cae\/"]}]},{"@type":"ImageObject","inLanguage":"es","@id":"https:\/\/conversesacatalunya.cat\/es\/la-cataluna-que-cae\/#primaryimage","url":"https:\/\/conversesacatalunya.cat\/wp-content\/uploads\/2025\/08\/Imagen1-2.jpg","contentUrl":"https:\/\/conversesacatalunya.cat\/wp-content\/uploads\/2025\/08\/Imagen1-2.jpg","width":567,"height":567,"caption":"Catalu\u00f1a declive"},{"@type":"BreadcrumbList","@id":"https:\/\/conversesacatalunya.cat\/es\/la-cataluna-que-cae\/#breadcrumb","itemListElement":[{"@type":"ListItem","position":1,"name":"Inici","item":"https:\/\/conversesacatalunya.cat\/es\/"},{"@type":"ListItem","position":2,"name":"La Catalu\u00f1a que cae"}]},{"@type":"WebSite","@id":"https:\/\/conversesacatalunya.cat\/#website","url":"https:\/\/conversesacatalunya.cat\/","name":"Converses a Catalunya","description":"","potentialAction":[{"@type":"SearchAction","target":{"@type":"EntryPoint","urlTemplate":"https:\/\/conversesacatalunya.cat\/?s={search_term_string}"},"query-input":{"@type":"PropertyValueSpecification","valueRequired":true,"valueName":"search_term_string"}}],"inLanguage":"es"},{"@type":"Person","@id":"https:\/\/conversesacatalunya.cat\/#\/schema\/person\/a9598a6786ba7d3d1c5e0de477b79370","name":"Josep Mir\u00f3 i Ard\u00e8vol","image":{"@type":"ImageObject","inLanguage":"es","@id":"https:\/\/conversesacatalunya.cat\/#\/schema\/person\/image\/","url":"https:\/\/conversesacatalunya.cat\/wp-content\/litespeed\/avatar\/c37e3dc881857483d6694cdf98fdedea.jpg?ver=1777270381","contentUrl":"https:\/\/conversesacatalunya.cat\/wp-content\/litespeed\/avatar\/c37e3dc881857483d6694cdf98fdedea.jpg?ver=1777270381","caption":"Josep Mir\u00f3 i Ard\u00e8vol"},"url":"https:\/\/conversesacatalunya.cat\/es\/author\/josep-miro-i-ardevol\/"}]}},"wps_subtitle":"Catalu\u00f1a es hoy el basti\u00f3n fundamental de Pedro S\u00e1nchez: controla a la Generalitat, aporta diputados al Congreso y garantiza la estabilidad del gobierno central gracias al apoyo de ERC y Junts.","_links":{"self":[{"href":"https:\/\/conversesacatalunya.cat\/es\/wp-json\/wp\/v2\/posts\/91274","targetHints":{"allow":["GET"]}}],"collection":[{"href":"https:\/\/conversesacatalunya.cat\/es\/wp-json\/wp\/v2\/posts"}],"about":[{"href":"https:\/\/conversesacatalunya.cat\/es\/wp-json\/wp\/v2\/types\/post"}],"author":[{"embeddable":true,"href":"https:\/\/conversesacatalunya.cat\/es\/wp-json\/wp\/v2\/users\/19"}],"replies":[{"embeddable":true,"href":"https:\/\/conversesacatalunya.cat\/es\/wp-json\/wp\/v2\/comments?post=91274"}],"version-history":[{"count":3,"href":"https:\/\/conversesacatalunya.cat\/es\/wp-json\/wp\/v2\/posts\/91274\/revisions"}],"predecessor-version":[{"id":91278,"href":"https:\/\/conversesacatalunya.cat\/es\/wp-json\/wp\/v2\/posts\/91274\/revisions\/91278"}],"wp:featuredmedia":[{"embeddable":true,"href":"https:\/\/conversesacatalunya.cat\/es\/wp-json\/wp\/v2\/media\/91256"}],"wp:attachment":[{"href":"https:\/\/conversesacatalunya.cat\/es\/wp-json\/wp\/v2\/media?parent=91274"}],"wp:term":[{"taxonomy":"category","embeddable":true,"href":"https:\/\/conversesacatalunya.cat\/es\/wp-json\/wp\/v2\/categories?post=91274"},{"taxonomy":"post_tag","embeddable":true,"href":"https:\/\/conversesacatalunya.cat\/es\/wp-json\/wp\/v2\/tags?post=91274"}],"curies":[{"name":"wp","href":"https:\/\/api.w.org\/{rel}","templated":true}]}}