{"id":91211,"date":"2025-08-19T05:40:12","date_gmt":"2025-08-19T03:40:12","guid":{"rendered":"https:\/\/conversesacatalunya.cat\/?p=91211"},"modified":"2025-08-27T11:32:32","modified_gmt":"2025-08-27T09:32:32","slug":"las-dos-espanas","status":"publish","type":"post","link":"https:\/\/conversesacatalunya.cat\/es\/las-dos-espanas\/","title":{"rendered":"El trasfondo cultural del primer ciclo burs\u00e1til del franquismo (16). Las Letras. Las dos Espa\u00f1as (XI)"},"content":{"rendered":"<p>Con el epicentro en <em>Arbor<\/em>, salpicado por <em>Cuadernos Hispano-americanos<\/em> y por la <em>Revista de Estudios Pol\u00edticos,<\/em> tuvo lugar un debate intelectual de envergadura que, una vez m\u00e1s, <strong>sacar\u00eda al estrado la pol\u00e9mica sobre el \u201c<em>Ser de Espa\u00f1a<\/em>\u201d, con la obvia derivaci\u00f3n de \u201cLas dos Espa\u00f1as\u201d.<\/strong> La pol\u00e9mica se nutre del enfrentamiento entre falangistas y cat\u00f3licos integristas miembros del Opus Dei.<\/p>\n<p><strong>De la familia de los primeros,<\/strong> Pedro La\u00edn Entralgo public\u00f3, como ya se dijo, <em>\u201cEspa\u00f1a como problema\u201d <\/em>(1949) y por la familia nacional-cat\u00f3lica Rafael Calvo Serer edit\u00f3, por su parte, <em>\u201cEspa\u00f1a sin problema\u201d <\/em>(1949). La cuesti\u00f3n en s\u00edntesis es la siguiente.<\/p>\n<p>La p\u00e9rdida de poder por parte de los falangistas les forz\u00f3 a una necesaria reflexi\u00f3n que les llevar\u00eda a mediar en la \u201cpreocupaci\u00f3n metaf\u00edsica\u201d por definir <strong>la esencia de Espa\u00f1a<\/strong>, que hist\u00f3ricamente hab\u00eda llegado a ser una cuesti\u00f3n palpitante e incluso obsesiva dentro de la vida intelectual.<\/p>\n<p>Las aportaciones al respecto por parte de <strong>autores de la generaci\u00f3n del 98 o del 14<\/strong> volv\u00edan a replantearse (<em>\u201cIdearium espa\u00f1ol\u201d<\/em>, 1897, de Ganivet, \u201c<em>En torno al casticismo<\/em>\u201d, 1902, de Unamuno o \u201c<em>La Espa\u00f1a invertebrada<\/em>\u201d, 1921, de Ortega y Gasset y tambi\u00e9n \u201c<em>Defensa de la hispanidad<\/em>\u201d, 1934, de Maeztu). Consecuentemente, el falangismo, con La\u00edn Entralgo en la cabeza, argumentaba la existencia de un \u201cproblema\u201d: conservadores y liberales, mon\u00e1rquicos y republicanos, unitaristas y separatistas, burgueses y proletarios, urbanos y rurales\u2026<\/p>\n<p><img fetchpriority=\"high\" decoding=\"async\" class=\"size-medium wp-image-91219 alignright\" src=\"https:\/\/conversesacatalunya.cat\/wp-content\/uploads\/2025\/08\/Imagen1-182x300.jpg\" alt=\"\" width=\"182\" height=\"300\" srcset=\"https:\/\/conversesacatalunya.cat\/wp-content\/uploads\/2025\/08\/Imagen1-182x300.jpg 182w, https:\/\/conversesacatalunya.cat\/wp-content\/uploads\/2025\/08\/Imagen1.jpg 241w\" sizes=\"(max-width: 182px) 100vw, 182px\" \/><\/p>\n<p>Por su parte, <strong>la intelectualidad nacionalcat\u00f3lica<\/strong> liderada por Rafael Calvo Serer defend\u00eda que la idea de las dos Espa\u00f1as, o m\u00e1s concretamente la idea de la \u201cEspa\u00f1a-verdadera\u201d frente a la de la \u201canti-Espa\u00f1a\u201d hab\u00eda sido superada por el resultado de la Guerra Civil que hab\u00eda derrotado y desterrado a una de ellas para siempre y, por lo tanto, quedaban superados los problemas derivados hist\u00f3ricamente de la decadencia avistada en el siglo XVII, de las desastrosas consecuencias de la Revoluci\u00f3n Francesa del siglo XVIII y de la grave conflictividad pol\u00edtica de la Espa\u00f1a del siglo XIX que hab\u00edan germinado la anti-Espa\u00f1a de la Segunda Rep\u00fablica.<\/p>\n<p>Si <strong>para La\u00edn<\/strong> conven\u00eda propiciar, en base al<strong> \u201cfalangismo comprensivo\u201d<\/strong> (del que hablaba Ridruejo), un enfoque no integrista en relaci\u00f3n a los vencidos y exiliados, presentando a Espa\u00f1a como una unidad din\u00e1mica y operativa m\u00e1s que como una entidad real, para <strong>Calvo Serer<\/strong>, que dicho sea de paso no ve\u00eda con buenos ojos la \u201cresurrecci\u00f3n\u201d de la Falange, lo operativo era proyectar un discurso cat\u00f3lico y conservador hacia el exterior, que igualmente beneficiaba en el interior, y as\u00ed presentar la lenta incorporaci\u00f3n en el panorama internacional como una victoria derivada de una <strong>Cruzada contra el comunismo<\/strong>. P\u00e9rez Embid lo remataba sentenciando que lo relevante era \u201c<em>espa\u00f1olizaci\u00f3n en los fines y europeizaci\u00f3n en los medios<\/em>\u201d.<\/p>\n<p><img decoding=\"async\" class=\"size-medium wp-image-91222 aligncenter lazyload\" data-src=\"https:\/\/conversesacatalunya.cat\/wp-content\/uploads\/2025\/08\/Imagen2-186x300.jpg\" alt=\"\" width=\"186\" height=\"300\" data-srcset=\"https:\/\/conversesacatalunya.cat\/wp-content\/uploads\/2025\/08\/Imagen2-186x300.jpg 186w, https:\/\/conversesacatalunya.cat\/wp-content\/uploads\/2025\/08\/Imagen2.jpg 246w\" data-sizes=\"(max-width: 186px) 100vw, 186px\" src=\"data:image\/svg+xml;base64,PHN2ZyB3aWR0aD0iMSIgaGVpZ2h0PSIxIiB4bWxucz0iaHR0cDovL3d3dy53My5vcmcvMjAwMC9zdmciPjwvc3ZnPg==\" style=\"--smush-placeholder-width: 186px; --smush-placeholder-aspect-ratio: 186\/300;\" \/><\/p>\n<p><strong>El enfrentamiento La\u00edn-Calvo<\/strong> despert\u00f3 inter\u00e9s y participaci\u00f3n, adem\u00e1s de incorporar singularidades en cierta manera propias.<\/p>\n<p><strong>Primero<\/strong>, el referente de base se alejaba relativamente del caracter\u00edstico del regeneracionismo decimon\u00f3nico para centrarse en la percepci\u00f3n machadoriana (<em>\u201c\u2026Espa\u00f1olito que vienes \/al mundo, te guarde Dios \/ una de las dos Espa\u00f1as \/ ha de helarte el coraz\u00f3n\u2026\u201d).<\/em><\/p>\n<p><strong>Segundo<\/strong>, el debate se extendi\u00f3, sin entrar en aportaciones del pasado, a puntos de vista previos, pero recientes, que no hab\u00edan tenido la atenci\u00f3n debida, ya fuera porque los del interior estaban sujetos a censura, ya fuera porque los del exterior constitu\u00edan aportaciones inicialmente aisladas. Es el caso, por lo que respecta a trabajos publicados en el pa\u00eds, de \u201c<em>Espa\u00f1a como preocupaci\u00f3n\u201d<\/em> (1944) de Dolores Franco, alumna de Ortega y esposa de Juli\u00e1n Mar\u00edas y, en cuanto a los del exterior, de \u201c<em>Men\u00e9ndez Pelayo y las dos Espa\u00f1as\u201d<\/em> aparecido en 1943 debido a la pluma de Guillermo de Torre.<\/p>\n<p><strong>En tercer lugar<\/strong>, al punto nodal de la pol\u00e9mica se a\u00f1adi\u00f3 la novedosa idea de<strong> \u201c<em>La tercera Espa\u00f1a\u201d<\/em><\/strong>, que consideraba maniquea la acepci\u00f3n anterior, es decir, \u201c<em>Las dos Espa\u00f1as<\/em>\u201d, abogando a favor de <strong>intelectuales no identificados en ninguno de los bandos en contienda.<\/strong><\/p>\n<p>La novedad apareci\u00f3 por primera vez en un art\u00edculo publicado en una revista francesa (<em>l\u2019Europe Nouvelle<\/em>, 1937) por un ucraniano, Boris Mirkine, afincado en Madrid y amigo de Niceto Alcal\u00e1 Zamora, que utiliza el t\u00e9rmino, igualmente que lo har\u00eda <strong>Aza\u00f1a en el importante discurso de las tres \u201cP\u201d (paz, piedad y perd\u00f3n), pronunciado en Barcelona a punto de finalizar la guerra.<\/strong> Ahora bien, en un entendimiento m\u00e1s estricto, el t\u00e9rmino se atribuye a<strong> Salvador de Madariaga<\/strong> y tambi\u00e9n a <strong>Paul Preston<\/strong>.<\/p>\n<p>A \u201c<em>La tercera Espa\u00f1a<\/em>\u201d se asocian diferentes nombres como el de Ortega, Unamuno, Chaves Nogales, Basteiro\u2026 y, con cierto \u00e9nfasis a <strong>Juli\u00e1n Mar\u00edas<\/strong> (<em>Valladolid,1914-Madrid,2005<\/em>). A este fil\u00f3sofo y ensayista se le considera como una de las figuras m\u00e1s clarividentes en este contexto. Un contexto en el que \u201c<em>Espa\u00f1a debe volver a ser un proyecto inteligible, una unidad de convivencia con la creatividad necesaria para sintetizar tradici\u00f3n e innovaci\u00f3n, enterrando los rencores cainitas y apostando por la esperanza<\/em>\u201d.<\/p>\n<p>A mayor abundamiento, Mar\u00edas, en su ensayo<strong> \u201c<em>La Guerra Civil, \u00bfc\u00f3mo pudo ocurrir?<\/em>\u201d<\/strong>, asegura que \u201c<em>la \u00fanica manera de superar el conflicto es comprenderlo, pero sin permitir que su recuerdo se convierta en una fuente de discordia o manipulaci\u00f3n<\/em>\u201d.<\/p>\n<p><strong>La idea de \u201cLa tercera Espa\u00f1a\u201d se mantendr\u00e1 en el tiempo<\/strong> (llegar\u00eda a utilizarse en los debates electorales de la Transici\u00f3n Democr\u00e1tica). Intelectualmente, pues, el tema perdurar\u00e1, pero oficialmente queda definitivamente clausurado a finales de 1949 al otorgar a la obra de Calvo Serer, frente a la de La\u00edn, el Premio Nacional de Literatura \u201cFrancisco Franco\u201d.<\/p>\n<p><a href=\"https:\/\/conversesacatalunya.cat\/es\/el-rerefons-cultural-del-primer-cicle-borsatil-del-franquisme-15\/\" target=\"_blank\" rel=\"noopener\"><strong>El trasfondo cultural del primer ciclo burs\u00e1til del franquismo (15). Las Letras. Nacionalcat\u00f3licos e incorporaciones opusdeistas (X)<\/strong><\/a><\/p>\n<span class='bctt-click-to-tweet'><span class='bctt-ctt-text'><a href='https:\/\/twitter.com\/intent\/tweet?url=https%3A%2F%2Fconversesacatalunya.cat%2Fes%2Flas-dos-espanas%2F&#038;text=La%20novedosa%20idea%20de%20%E2%80%9CLa%20tercera%20Espa%C3%B1a%E2%80%9D%2C%20que%20consideraba%20maniquea%20la%20acepci%C3%B3n%20anterior%2C%20es%20decir%2C%20%E2%80%9CLas%20dos%20Espa%C3%B1as%E2%80%9D%2C%20abogando%20a%20favor%20de%20intelectuales%20no%20identificados%20en%20ninguno%20de%20los%20bandos%20en%20contienda&#038;via=conversesacat&#038;related=conversesacat' target='_blank'rel=\"noopener noreferrer\">La novedosa idea de \u201cLa tercera Espa\u00f1a\u201d, que consideraba maniquea la acepci\u00f3n anterior, es decir, \u201cLas dos Espa\u00f1as\u201d, abogando a favor de intelectuales no identificados en ninguno de los bandos en contienda <\/a><\/span><a href='https:\/\/twitter.com\/intent\/tweet?url=https%3A%2F%2Fconversesacatalunya.cat%2Fes%2Flas-dos-espanas%2F&#038;text=La%20novedosa%20idea%20de%20%E2%80%9CLa%20tercera%20Espa%C3%B1a%E2%80%9D%2C%20que%20consideraba%20maniquea%20la%20acepci%C3%B3n%20anterior%2C%20es%20decir%2C%20%E2%80%9CLas%20dos%20Espa%C3%B1as%E2%80%9D%2C%20abogando%20a%20favor%20de%20intelectuales%20no%20identificados%20en%20ninguno%20de%20los%20bandos%20en%20contienda&#038;via=conversesacat&#038;related=conversesacat' target='_blank' class='bctt-ctt-btn'rel=\"noopener noreferrer\">Compartir en X<\/a><\/span>\n<p>&nbsp;<\/p>\n","protected":false},"excerpt":{"rendered":"<p>Con el epicentro en Arbor, salpicado por Cuadernos Hispano-americanos y por la Revista de Estudios Pol\u00edticos, tuvo lugar un debate intelectual de envergadura que, una vez m\u00e1s, sacar\u00eda al estrado la pol\u00e9mica sobre el \u201cSer de Espa\u00f1a\u201d, con la obvia derivaci\u00f3n de \u201cLas dos Espa\u00f1as\u201d. La pol\u00e9mica se nutre del enfrentamiento entre falangistas y cat\u00f3licos integristas miembros del Opus Dei. De la familia de los primeros, Pedro La\u00edn Entralgo public\u00f3, como ya se dijo, \u201cEspa\u00f1a como problema\u201d (1949) y por la familia nacional-cat\u00f3lica Rafael Calvo Serer edit\u00f3, por su parte, \u201cEspa\u00f1a sin problema\u201d (1949). La cuesti\u00f3n en s\u00edntesis es la siguiente. La p\u00e9rdida de poder por parte de los falangistas les forz\u00f3 a una necesaria reflexi\u00f3n que les llevar\u00eda a mediar en la \u201cpreocupaci\u00f3n metaf\u00edsica\u201d por definir la esencia de Espa\u00f1a, que hist\u00f3ricamente hab\u00eda llegado a ser una cuesti\u00f3n palpitante e incluso obsesiva dentro de la vida intelectual. Las aportaciones al respecto por parte de autores de la generaci\u00f3n del 98 o del 14 volv\u00edan a replantearse (\u201cIdearium espa\u00f1ol\u201d, 1897, de Ganivet, \u201cEn torno al casticismo\u201d, 1902, de Unamuno o \u201cLa Espa\u00f1a invertebrada\u201d, 1921, de Ortega y Gasset y tambi\u00e9n \u201cDefensa de la hispanidad\u201d, 1934, de Maeztu). Consecuentemente, el falangismo, con La\u00edn Entralgo en la cabeza, argumentaba la existencia de un \u201cproblema\u201d: conservadores y liberales, mon\u00e1rquicos y republicanos, unitaristas y separatistas, burgueses y proletarios, urbanos y rurales\u2026 Por su parte, la intelectualidad nacionalcat\u00f3lica liderada por Rafael Calvo Serer defend\u00eda que la idea de las dos Espa\u00f1as, o m\u00e1s concretamente la idea de la \u201cEspa\u00f1a-verdadera\u201d frente a la de la \u201canti-Espa\u00f1a\u201d hab\u00eda sido superada por el resultado de la Guerra Civil que hab\u00eda derrotado y desterrado a una de ellas para siempre y, por lo tanto, quedaban superados los problemas derivados hist\u00f3ricamente de la decadencia avistada en el siglo XVII, de las desastrosas consecuencias de la Revoluci\u00f3n Francesa del siglo XVIII y de la grave conflictividad pol\u00edtica de la Espa\u00f1a del siglo XIX que hab\u00edan germinado la anti-Espa\u00f1a de la Segunda Rep\u00fablica. Si para La\u00edn conven\u00eda propiciar, en base al \u201cfalangismo comprensivo\u201d (del que hablaba Ridruejo), un enfoque no integrista en relaci\u00f3n a los vencidos y exiliados, presentando a Espa\u00f1a como una unidad din\u00e1mica y operativa m\u00e1s que como una entidad real, para Calvo Serer, que dicho sea de paso no ve\u00eda con buenos ojos la \u201cresurrecci\u00f3n\u201d de la Falange, lo operativo era proyectar un discurso cat\u00f3lico y conservador hacia el exterior, que igualmente beneficiaba en el interior, y as\u00ed presentar la lenta incorporaci\u00f3n en el panorama internacional como una victoria derivada de una Cruzada contra el comunismo. P\u00e9rez Embid lo remataba sentenciando que lo relevante era \u201cespa\u00f1olizaci\u00f3n en los fines y europeizaci\u00f3n en los medios\u201d. El enfrentamiento La\u00edn-Calvo despert\u00f3 inter\u00e9s y participaci\u00f3n, adem\u00e1s de incorporar singularidades en cierta manera propias. Primero, el referente de base se alejaba relativamente del caracter\u00edstico del regeneracionismo decimon\u00f3nico para centrarse en la percepci\u00f3n machadoriana (\u201c\u2026Espa\u00f1olito que vienes \/al mundo, te guarde Dios \/ una de las dos Espa\u00f1as \/ ha de helarte el coraz\u00f3n\u2026\u201d). Segundo, el debate se extendi\u00f3, sin entrar en aportaciones del pasado, a puntos de vista previos, pero recientes, que no hab\u00edan tenido la atenci\u00f3n debida, ya fuera porque los del interior estaban sujetos a censura, ya fuera porque los del exterior constitu\u00edan aportaciones inicialmente aisladas. Es el caso, por lo que respecta a trabajos publicados en el pa\u00eds, de \u201cEspa\u00f1a como preocupaci\u00f3n\u201d (1944) de Dolores Franco, alumna de Ortega y esposa de Juli\u00e1n Mar\u00edas y, en cuanto a los del exterior, de \u201cMen\u00e9ndez Pelayo y las dos Espa\u00f1as\u201d aparecido en 1943 debido a la pluma de Guillermo de Torre. En tercer lugar, al punto nodal de la pol\u00e9mica se a\u00f1adi\u00f3 la novedosa idea de \u201cLa tercera Espa\u00f1a\u201d, que consideraba maniquea la acepci\u00f3n anterior, es decir, \u201cLas dos Espa\u00f1as\u201d, abogando a favor de intelectuales no identificados en ninguno de los bandos en contienda. La novedad apareci\u00f3 por primera vez en un art\u00edculo publicado en una revista francesa (l\u2019Europe Nouvelle, 1937) por un ucraniano, Boris Mirkine, afincado en Madrid y amigo de Niceto Alcal\u00e1 Zamora, que utiliza el t\u00e9rmino, igualmente que lo har\u00eda Aza\u00f1a en el importante discurso de las tres \u201cP\u201d (paz, piedad y perd\u00f3n), pronunciado en Barcelona a punto de finalizar la guerra. Ahora bien, en un entendimiento m\u00e1s estricto, el t\u00e9rmino se atribuye a Salvador de Madariaga y tambi\u00e9n a Paul Preston. A \u201cLa tercera Espa\u00f1a\u201d se asocian diferentes nombres como el de Ortega, Unamuno, Chaves Nogales, Basteiro\u2026 y, con cierto \u00e9nfasis a Juli\u00e1n Mar\u00edas (Valladolid,1914-Madrid,2005). A este fil\u00f3sofo y ensayista se le considera como una de las figuras m\u00e1s clarividentes en este contexto. Un contexto en el que \u201cEspa\u00f1a debe volver a ser un proyecto inteligible, una unidad de convivencia con la creatividad necesaria para sintetizar tradici\u00f3n e innovaci\u00f3n, enterrando los rencores cainitas y apostando por la esperanza\u201d. A mayor abundamiento, Mar\u00edas, en su ensayo \u201cLa Guerra Civil, \u00bfc\u00f3mo pudo ocurrir?\u201d, asegura que \u201cla \u00fanica manera de superar el conflicto es comprenderlo, pero sin permitir que su recuerdo se convierta en una fuente de discordia o manipulaci\u00f3n\u201d. La idea de \u201cLa tercera Espa\u00f1a\u201d se mantendr\u00e1 en el tiempo (llegar\u00eda a utilizarse en los debates electorales de la Transici\u00f3n Democr\u00e1tica). Intelectualmente, pues, el tema perdurar\u00e1, pero oficialmente queda definitivamente clausurado a finales de 1949 al otorgar a la obra de Calvo Serer, frente a la de La\u00edn, el Premio Nacional de Literatura \u201cFrancisco Franco\u201d. El trasfondo cultural del primer ciclo burs\u00e1til del franquismo (15). Las Letras. Nacionalcat\u00f3licos e incorporaciones opusdeistas (X) &nbsp;<\/p>\n","protected":false},"author":85,"featured_media":91230,"comment_status":"open","ping_status":"open","sticky":false,"template":"","format":"standard","meta":{"_FSMCFIC_featured_image_caption":"","_FSMCFIC_featured_image_nocaption":"","_FSMCFIC_featured_image_hide":"","footnotes":""},"categories":[804,806],"tags":[5173],"class_list":["post-91211","post","type-post","status-publish","format-standard","has-post-thumbnail","hentry","category-opinem-es","category-punts-claus-del-dia-es","tag-primer-ciclo-bursatil-del-franquismo"],"yoast_head":"<!-- This site is optimized with the Yoast SEO plugin v26.8 - https:\/\/yoast.com\/product\/yoast-seo-wordpress\/ -->\n<title>La tercera Espa\u00f1a<\/title>\n<meta name=\"description\" content=\"\u201cLa tercera Espa\u00f1a\u201d, consideraba maniquea la acepci\u00f3n \u201cLas dos Espa\u00f1as\u201d, abogando a favor de intelectuales no identificados en ning\u00fan bando.\" \/>\n<meta name=\"robots\" content=\"index, follow, max-snippet:-1, max-image-preview:large, max-video-preview:-1\" \/>\n<link rel=\"canonical\" href=\"https:\/\/conversesacatalunya.cat\/es\/las-dos-espanas\/\" \/>\n<meta property=\"og:locale\" content=\"es_ES\" \/>\n<meta property=\"og:type\" content=\"article\" \/>\n<meta property=\"og:title\" content=\"La tercera Espa\u00f1a\" \/>\n<meta property=\"og:description\" content=\"\u201cLa tercera Espa\u00f1a\u201d, consideraba maniquea la acepci\u00f3n \u201cLas dos Espa\u00f1as\u201d, abogando a favor de intelectuales no identificados en ning\u00fan bando.\" \/>\n<meta property=\"og:url\" content=\"https:\/\/conversesacatalunya.cat\/es\/las-dos-espanas\/\" \/>\n<meta property=\"og:site_name\" content=\"Converses a Catalunya\" \/>\n<meta property=\"article:published_time\" content=\"2025-08-19T03:40:12+00:00\" \/>\n<meta property=\"article:modified_time\" content=\"2025-08-27T09:32:32+00:00\" \/>\n<meta property=\"og:image\" content=\"https:\/\/conversesacatalunya.cat\/wp-content\/uploads\/2025\/08\/Captura-de-pantalla-2025-08-18-131820.png\" \/>\n\t<meta property=\"og:image:width\" content=\"319\" \/>\n\t<meta property=\"og:image:height\" content=\"514\" \/>\n\t<meta property=\"og:image:type\" content=\"image\/png\" \/>\n<meta name=\"author\" content=\"Joan Hortal\u00e0 i Arau\" \/>\n<meta name=\"twitter:card\" content=\"summary_large_image\" \/>\n<meta name=\"twitter:label1\" content=\"Escrito por\" \/>\n\t<meta name=\"twitter:data1\" content=\"Joan Hortal\u00e0 i Arau\" \/>\n\t<meta name=\"twitter:label2\" content=\"Tiempo de lectura\" \/>\n\t<meta name=\"twitter:data2\" content=\"5 minutos\" \/>\n<script type=\"application\/ld+json\" class=\"yoast-schema-graph\">{\"@context\":\"https:\/\/schema.org\",\"@graph\":[{\"@type\":\"Article\",\"@id\":\"https:\/\/conversesacatalunya.cat\/es\/las-dos-espanas\/#article\",\"isPartOf\":{\"@id\":\"https:\/\/conversesacatalunya.cat\/es\/las-dos-espanas\/\"},\"author\":{\"name\":\"Joan Hortal\u00e0 i Arau\",\"@id\":\"https:\/\/conversesacatalunya.cat\/#\/schema\/person\/d1a98659327f7a7a4254b63c8828486b\"},\"headline\":\"El trasfondo cultural del primer ciclo burs\u00e1til del franquismo (16). Las Letras. Las dos Espa\u00f1as (XI)\",\"datePublished\":\"2025-08-19T03:40:12+00:00\",\"dateModified\":\"2025-08-27T09:32:32+00:00\",\"mainEntityOfPage\":{\"@id\":\"https:\/\/conversesacatalunya.cat\/es\/las-dos-espanas\/\"},\"wordCount\":1066,\"commentCount\":0,\"image\":{\"@id\":\"https:\/\/conversesacatalunya.cat\/es\/las-dos-espanas\/#primaryimage\"},\"thumbnailUrl\":\"https:\/\/conversesacatalunya.cat\/wp-content\/uploads\/2025\/08\/Captura-de-pantalla-2025-08-18-131820.png\",\"keywords\":[\"primer ciclo burs\u00e1til del franquismo\"],\"articleSection\":[\"Opinem (ES)\",\"Punts clau del dia (ES)\"],\"inLanguage\":\"es\",\"potentialAction\":[{\"@type\":\"CommentAction\",\"name\":\"Comment\",\"target\":[\"https:\/\/conversesacatalunya.cat\/es\/las-dos-espanas\/#respond\"]}]},{\"@type\":\"WebPage\",\"@id\":\"https:\/\/conversesacatalunya.cat\/es\/las-dos-espanas\/\",\"url\":\"https:\/\/conversesacatalunya.cat\/es\/las-dos-espanas\/\",\"name\":\"La tercera Espa\u00f1a\",\"isPartOf\":{\"@id\":\"https:\/\/conversesacatalunya.cat\/#website\"},\"primaryImageOfPage\":{\"@id\":\"https:\/\/conversesacatalunya.cat\/es\/las-dos-espanas\/#primaryimage\"},\"image\":{\"@id\":\"https:\/\/conversesacatalunya.cat\/es\/las-dos-espanas\/#primaryimage\"},\"thumbnailUrl\":\"https:\/\/conversesacatalunya.cat\/wp-content\/uploads\/2025\/08\/Captura-de-pantalla-2025-08-18-131820.png\",\"datePublished\":\"2025-08-19T03:40:12+00:00\",\"dateModified\":\"2025-08-27T09:32:32+00:00\",\"author\":{\"@id\":\"https:\/\/conversesacatalunya.cat\/#\/schema\/person\/d1a98659327f7a7a4254b63c8828486b\"},\"description\":\"\u201cLa tercera Espa\u00f1a\u201d, consideraba maniquea la acepci\u00f3n \u201cLas dos Espa\u00f1as\u201d, abogando a favor de intelectuales no identificados en ning\u00fan bando.\",\"breadcrumb\":{\"@id\":\"https:\/\/conversesacatalunya.cat\/es\/las-dos-espanas\/#breadcrumb\"},\"inLanguage\":\"es\",\"potentialAction\":[{\"@type\":\"ReadAction\",\"target\":[\"https:\/\/conversesacatalunya.cat\/es\/las-dos-espanas\/\"]}]},{\"@type\":\"ImageObject\",\"inLanguage\":\"es\",\"@id\":\"https:\/\/conversesacatalunya.cat\/es\/las-dos-espanas\/#primaryimage\",\"url\":\"https:\/\/conversesacatalunya.cat\/wp-content\/uploads\/2025\/08\/Captura-de-pantalla-2025-08-18-131820.png\",\"contentUrl\":\"https:\/\/conversesacatalunya.cat\/wp-content\/uploads\/2025\/08\/Captura-de-pantalla-2025-08-18-131820.png\",\"width\":319,\"height\":514,\"caption\":\"La tercera Espa\u00f1a\"},{\"@type\":\"BreadcrumbList\",\"@id\":\"https:\/\/conversesacatalunya.cat\/es\/las-dos-espanas\/#breadcrumb\",\"itemListElement\":[{\"@type\":\"ListItem\",\"position\":1,\"name\":\"Inici\",\"item\":\"https:\/\/conversesacatalunya.cat\/es\/\"},{\"@type\":\"ListItem\",\"position\":2,\"name\":\"El trasfondo cultural del primer ciclo burs\u00e1til del franquismo (16). Las Letras. Las dos Espa\u00f1as (XI)\"}]},{\"@type\":\"WebSite\",\"@id\":\"https:\/\/conversesacatalunya.cat\/#website\",\"url\":\"https:\/\/conversesacatalunya.cat\/\",\"name\":\"Converses a Catalunya\",\"description\":\"\",\"potentialAction\":[{\"@type\":\"SearchAction\",\"target\":{\"@type\":\"EntryPoint\",\"urlTemplate\":\"https:\/\/conversesacatalunya.cat\/?s={search_term_string}\"},\"query-input\":{\"@type\":\"PropertyValueSpecification\",\"valueRequired\":true,\"valueName\":\"search_term_string\"}}],\"inLanguage\":\"es\"},{\"@type\":\"Person\",\"@id\":\"https:\/\/conversesacatalunya.cat\/#\/schema\/person\/d1a98659327f7a7a4254b63c8828486b\",\"name\":\"Joan Hortal\u00e0 i Arau\",\"image\":{\"@type\":\"ImageObject\",\"inLanguage\":\"es\",\"@id\":\"https:\/\/conversesacatalunya.cat\/#\/schema\/person\/image\/\",\"url\":\"https:\/\/conversesacatalunya.cat\/wp-content\/litespeed\/avatar\/2d63b18d9ae06677345f920e73d8d4f0.jpg?ver=1776938333\",\"contentUrl\":\"https:\/\/conversesacatalunya.cat\/wp-content\/litespeed\/avatar\/2d63b18d9ae06677345f920e73d8d4f0.jpg?ver=1776938333\",\"caption\":\"Joan Hortal\u00e0 i Arau\"},\"url\":\"https:\/\/conversesacatalunya.cat\/es\/author\/joan-hortala-i-arau\/\"}]}<\/script>\n<!-- \/ Yoast SEO plugin. -->","yoast_head_json":{"title":"La tercera Espa\u00f1a","description":"\u201cLa tercera Espa\u00f1a\u201d, consideraba maniquea la acepci\u00f3n \u201cLas dos Espa\u00f1as\u201d, abogando a favor de intelectuales no identificados en ning\u00fan bando.","robots":{"index":"index","follow":"follow","max-snippet":"max-snippet:-1","max-image-preview":"max-image-preview:large","max-video-preview":"max-video-preview:-1"},"canonical":"https:\/\/conversesacatalunya.cat\/es\/las-dos-espanas\/","og_locale":"es_ES","og_type":"article","og_title":"La tercera Espa\u00f1a","og_description":"\u201cLa tercera Espa\u00f1a\u201d, consideraba maniquea la acepci\u00f3n \u201cLas dos Espa\u00f1as\u201d, abogando a favor de intelectuales no identificados en ning\u00fan bando.","og_url":"https:\/\/conversesacatalunya.cat\/es\/las-dos-espanas\/","og_site_name":"Converses a Catalunya","article_published_time":"2025-08-19T03:40:12+00:00","article_modified_time":"2025-08-27T09:32:32+00:00","og_image":[{"width":319,"height":514,"url":"https:\/\/conversesacatalunya.cat\/wp-content\/uploads\/2025\/08\/Captura-de-pantalla-2025-08-18-131820.png","type":"image\/png"}],"author":"Joan Hortal\u00e0 i Arau","twitter_card":"summary_large_image","twitter_misc":{"Escrito por":"Joan Hortal\u00e0 i Arau","Tiempo de lectura":"5 minutos"},"schema":{"@context":"https:\/\/schema.org","@graph":[{"@type":"Article","@id":"https:\/\/conversesacatalunya.cat\/es\/las-dos-espanas\/#article","isPartOf":{"@id":"https:\/\/conversesacatalunya.cat\/es\/las-dos-espanas\/"},"author":{"name":"Joan Hortal\u00e0 i Arau","@id":"https:\/\/conversesacatalunya.cat\/#\/schema\/person\/d1a98659327f7a7a4254b63c8828486b"},"headline":"El trasfondo cultural del primer ciclo burs\u00e1til del franquismo (16). Las Letras. Las dos Espa\u00f1as (XI)","datePublished":"2025-08-19T03:40:12+00:00","dateModified":"2025-08-27T09:32:32+00:00","mainEntityOfPage":{"@id":"https:\/\/conversesacatalunya.cat\/es\/las-dos-espanas\/"},"wordCount":1066,"commentCount":0,"image":{"@id":"https:\/\/conversesacatalunya.cat\/es\/las-dos-espanas\/#primaryimage"},"thumbnailUrl":"https:\/\/conversesacatalunya.cat\/wp-content\/uploads\/2025\/08\/Captura-de-pantalla-2025-08-18-131820.png","keywords":["primer ciclo burs\u00e1til del franquismo"],"articleSection":["Opinem (ES)","Punts clau del dia (ES)"],"inLanguage":"es","potentialAction":[{"@type":"CommentAction","name":"Comment","target":["https:\/\/conversesacatalunya.cat\/es\/las-dos-espanas\/#respond"]}]},{"@type":"WebPage","@id":"https:\/\/conversesacatalunya.cat\/es\/las-dos-espanas\/","url":"https:\/\/conversesacatalunya.cat\/es\/las-dos-espanas\/","name":"La tercera Espa\u00f1a","isPartOf":{"@id":"https:\/\/conversesacatalunya.cat\/#website"},"primaryImageOfPage":{"@id":"https:\/\/conversesacatalunya.cat\/es\/las-dos-espanas\/#primaryimage"},"image":{"@id":"https:\/\/conversesacatalunya.cat\/es\/las-dos-espanas\/#primaryimage"},"thumbnailUrl":"https:\/\/conversesacatalunya.cat\/wp-content\/uploads\/2025\/08\/Captura-de-pantalla-2025-08-18-131820.png","datePublished":"2025-08-19T03:40:12+00:00","dateModified":"2025-08-27T09:32:32+00:00","author":{"@id":"https:\/\/conversesacatalunya.cat\/#\/schema\/person\/d1a98659327f7a7a4254b63c8828486b"},"description":"\u201cLa tercera Espa\u00f1a\u201d, consideraba maniquea la acepci\u00f3n \u201cLas dos Espa\u00f1as\u201d, abogando a favor de intelectuales no identificados en ning\u00fan bando.","breadcrumb":{"@id":"https:\/\/conversesacatalunya.cat\/es\/las-dos-espanas\/#breadcrumb"},"inLanguage":"es","potentialAction":[{"@type":"ReadAction","target":["https:\/\/conversesacatalunya.cat\/es\/las-dos-espanas\/"]}]},{"@type":"ImageObject","inLanguage":"es","@id":"https:\/\/conversesacatalunya.cat\/es\/las-dos-espanas\/#primaryimage","url":"https:\/\/conversesacatalunya.cat\/wp-content\/uploads\/2025\/08\/Captura-de-pantalla-2025-08-18-131820.png","contentUrl":"https:\/\/conversesacatalunya.cat\/wp-content\/uploads\/2025\/08\/Captura-de-pantalla-2025-08-18-131820.png","width":319,"height":514,"caption":"La tercera Espa\u00f1a"},{"@type":"BreadcrumbList","@id":"https:\/\/conversesacatalunya.cat\/es\/las-dos-espanas\/#breadcrumb","itemListElement":[{"@type":"ListItem","position":1,"name":"Inici","item":"https:\/\/conversesacatalunya.cat\/es\/"},{"@type":"ListItem","position":2,"name":"El trasfondo cultural del primer ciclo burs\u00e1til del franquismo (16). Las Letras. Las dos Espa\u00f1as (XI)"}]},{"@type":"WebSite","@id":"https:\/\/conversesacatalunya.cat\/#website","url":"https:\/\/conversesacatalunya.cat\/","name":"Converses a Catalunya","description":"","potentialAction":[{"@type":"SearchAction","target":{"@type":"EntryPoint","urlTemplate":"https:\/\/conversesacatalunya.cat\/?s={search_term_string}"},"query-input":{"@type":"PropertyValueSpecification","valueRequired":true,"valueName":"search_term_string"}}],"inLanguage":"es"},{"@type":"Person","@id":"https:\/\/conversesacatalunya.cat\/#\/schema\/person\/d1a98659327f7a7a4254b63c8828486b","name":"Joan Hortal\u00e0 i Arau","image":{"@type":"ImageObject","inLanguage":"es","@id":"https:\/\/conversesacatalunya.cat\/#\/schema\/person\/image\/","url":"https:\/\/conversesacatalunya.cat\/wp-content\/litespeed\/avatar\/2d63b18d9ae06677345f920e73d8d4f0.jpg?ver=1776938333","contentUrl":"https:\/\/conversesacatalunya.cat\/wp-content\/litespeed\/avatar\/2d63b18d9ae06677345f920e73d8d4f0.jpg?ver=1776938333","caption":"Joan Hortal\u00e0 i Arau"},"url":"https:\/\/conversesacatalunya.cat\/es\/author\/joan-hortala-i-arau\/"}]}},"wps_subtitle":"A \u201cLa tercera Espa\u00f1a\u201d se asocian diferentes nombres como el de Ortega, Unamuno, Chaves Nogales, Basteiro\u2026 y, con cierto \u00e9nfasis a Juli\u00e1n Mar\u00edas (Valladolid,1914-Madrid,2005)","_links":{"self":[{"href":"https:\/\/conversesacatalunya.cat\/es\/wp-json\/wp\/v2\/posts\/91211","targetHints":{"allow":["GET"]}}],"collection":[{"href":"https:\/\/conversesacatalunya.cat\/es\/wp-json\/wp\/v2\/posts"}],"about":[{"href":"https:\/\/conversesacatalunya.cat\/es\/wp-json\/wp\/v2\/types\/post"}],"author":[{"embeddable":true,"href":"https:\/\/conversesacatalunya.cat\/es\/wp-json\/wp\/v2\/users\/85"}],"replies":[{"embeddable":true,"href":"https:\/\/conversesacatalunya.cat\/es\/wp-json\/wp\/v2\/comments?post=91211"}],"version-history":[{"count":12,"href":"https:\/\/conversesacatalunya.cat\/es\/wp-json\/wp\/v2\/posts\/91211\/revisions"}],"predecessor-version":[{"id":91243,"href":"https:\/\/conversesacatalunya.cat\/es\/wp-json\/wp\/v2\/posts\/91211\/revisions\/91243"}],"wp:featuredmedia":[{"embeddable":true,"href":"https:\/\/conversesacatalunya.cat\/es\/wp-json\/wp\/v2\/media\/91230"}],"wp:attachment":[{"href":"https:\/\/conversesacatalunya.cat\/es\/wp-json\/wp\/v2\/media?parent=91211"}],"wp:term":[{"taxonomy":"category","embeddable":true,"href":"https:\/\/conversesacatalunya.cat\/es\/wp-json\/wp\/v2\/categories?post=91211"},{"taxonomy":"post_tag","embeddable":true,"href":"https:\/\/conversesacatalunya.cat\/es\/wp-json\/wp\/v2\/tags?post=91211"}],"curies":[{"name":"wp","href":"https:\/\/api.w.org\/{rel}","templated":true}]}}