{"id":91193,"date":"2025-08-18T08:19:30","date_gmt":"2025-08-18T06:19:30","guid":{"rendered":"https:\/\/conversesacatalunya.cat\/?p=91193"},"modified":"2025-08-18T08:37:07","modified_gmt":"2025-08-18T06:37:07","slug":"el-pequeno-canton-suizo-con-mas-empresas-que-habitantes","status":"publish","type":"post","link":"https:\/\/conversesacatalunya.cat\/es\/el-pequeno-canton-suizo-con-mas-empresas-que-habitantes\/","title":{"rendered":"El peque\u00f1o cant\u00f3n suizo con m\u00e1s empresas que habitantes"},"content":{"rendered":"<p>Hace un tiempo estuve en un cant\u00f3n suizo de habla italiana, en el sur del pa\u00eds, enclavado entre monta\u00f1as y paisajes espectaculares. All\u00ed me contaron algo que, en un primer momento, me dej\u00f3 boquiabierto: <strong>ten\u00eda much\u00edsimos menos habitantes que empresas registradas.<\/strong><\/p>\n<h5><strong>\u00bfC\u00f3mo es posible que haya tantas empresas en un lugar tan peque\u00f1o? La respuesta es sencilla: los impuestos.<\/strong><\/h5>\n<h4><strong>El im\u00e1n fiscal suizo<\/strong><\/h4>\n<p>En varios cantones suizos, el <strong>impuesto de sociedades ronda el 7 %<\/strong>, muy por debajo del 25 % que se paga, por ejemplo, en Espa\u00f1a. Esa diferencia convierte al cant\u00f3n en un <strong>im\u00e1n para empresas<\/strong> de toda Europa y del mundo que buscan reducir su factura fiscal.<\/p>\n<p>Muchas de esas 30.000 empresas <strong>no tienen ni oficinas reales ni empleados en esos cantones.<\/strong> Son lo que se llama <strong>\u201cempresas buz\u00f3n\u201d<\/strong>: sociedades registradas all\u00ed \u00fanicamente para beneficiarse de la baja tributaci\u00f3n. Su sede es, muchas veces, un despacho de abogados o una gestor\u00eda donde reciben el correo y gestionan papeles.<\/p>\n<p>No es ilegal. Es <strong>competencia fiscal<\/strong>. Suiza, gracias a su sistema federal, permite que cada cant\u00f3n fije sus propios tipos impositivos. Y cantones como Ticino o Zug han sabido convertir esa autonom\u00eda en una aut\u00e9ntica estrategia econ\u00f3mica.<\/p>\n<h4><strong>\u00bfPara\u00edso fiscal?<\/strong><\/h4>\n<p>La palabra \u201cpara\u00edso fiscal\u201d tiene mala fama. Pero Suiza juega en una categor\u00eda intermedia: <strong>es un refugio fiscal \u201clight\u201d.<\/strong> Cumple acuerdos internacionales de transparencia, pero sigue ofreciendo:<\/p>\n<ul>\n<li>Bajos impuestos de sociedades.<\/li>\n<li>Seguridad jur\u00eddica y pol\u00edtica.<\/li>\n<li>Tradici\u00f3n de discreci\u00f3n financiera.<\/li>\n<\/ul>\n<p>Esto ha atra\u00eddo tanto a <strong>multinacionales<\/strong> como a peque\u00f1as y medianas empresas que buscan pagar menos impuestos legalmente.<\/p>\n<h4><strong>El dilema europeo<\/strong><\/h4>\n<p>Mientras tanto, pa\u00edses como Espa\u00f1a mantienen tipos m\u00e1s altos para sostener su gasto social: pensiones, sanidad, educaci\u00f3n\u2026 Esto genera una tensi\u00f3n constante:<\/p>\n<ul>\n<li>Si subes impuestos, mantienes los servicios p\u00fablicos, pero <strong>ahuyentas empresas<\/strong>.<\/li>\n<li>Si los bajas demasiado, atraes negocios\u2026 pero pierdes ingresos para pagar el Estado del bienestar.<\/li>\n<\/ul>\n<p>La Uni\u00f3n Europea y la OCDE est\u00e1n intentando poner coto a esta <strong>competencia fiscal<\/strong>, imponiendo un impuesto m\u00ednimo global del 15 % para multinacionales. Pero incluso con esas normas, muchos lugares seguir\u00e1n siendo atractivos para miles de empresas, sobre todo peque\u00f1as, por su estabilidad y sus tipos bajos.<\/p>\n<h4><strong>Entre monta\u00f1as y sedes fiscales<\/strong><\/h4>\n<p>Ticino y otros cantones, con sus monta\u00f1as y lagos, parece un lugar tranquilo y casi aislado. Pero, gracias a su pol\u00edtica fiscal, se ha convertido en <strong>un peque\u00f1o gigante econ\u00f3mico<\/strong>.<\/p>\n<p>Y mientras <a href=\"https:\/\/conversesacatalunya.cat\/es\/el-irpf-como-castigo-como-el-estado-ha-convertido-la-inflacion-en-un-impuesto-encubierto\/\" target=\"_blank\" rel=\"noopener\"><strong>en Espa\u00f1a<\/strong><\/a> hablamos de subir o bajar impuestos, o de c\u00f3mo sostener las pensiones y los servicios p\u00fablicos, la realidad es que <strong>el mundo se ha convertido en una competici\u00f3n de territorios<\/strong> que ofrecen ventajas fiscales. Y, en ese juego, cantones suizos llevan a\u00f1os jugando muy bien sus cartas.<\/p>\n<p>La experiencia de Suiza ense\u00f1a algo claro: <strong>las empresas buscan respirar fiscalmente.<\/strong> No se trata de convertirnos en para\u00edsos fiscales, pero s\u00ed de mantener <strong>una presi\u00f3n impositiva sensata<\/strong>, que permita atraer inversiones y generar empleo.<\/p>\n<p>En Espa\u00f1a, comunidades como <strong>Madrid han optado por no subir impuestos y por bonificar parcialmente tributos como Sucesiones o Patrimonio.<\/strong> Eso la ha convertido en un polo econ\u00f3mico que atrae empresas y profesionales, mientras otras <strong><a href=\"https:\/\/conversesacatalunya.cat\/es\/irpf-smi\/\" target=\"_blank\" rel=\"noopener\">comunidades aut\u00f3nomas<\/a><\/strong>, con impuestos m\u00e1s altos, pierden dinamismo y ven marcharse capital humano y empresarial.<\/p>\n<p><strong>Moraleja:<\/strong> A veces, subir impuestos no siempre significa recaudar m\u00e1s. Y en un mundo globalizado, donde las empresas pueden moverse con un clic, quiz\u00e1 convenga <strong>parecernos m\u00e1s a Madrid que a territorios que creen que la soluci\u00f3n est\u00e1 solo en subir impuestos.<\/strong> Ciertos cantones suizos son el recordatorio de que la fiscalidad importa\u2026 y mucho.<\/p>\n<span class='bctt-click-to-tweet'><span class='bctt-ctt-text'><a href='https:\/\/twitter.com\/intent\/tweet?url=https%3A%2F%2Fconversesacatalunya.cat%2Fes%2Fel-pequeno-canton-suizo-con-mas-empresas-que-habitantes%2F&#038;text=En%20Espa%C3%B1a%2C%20comunidades%20como%20Madrid%20han%20optado%20por%20no%20subir%20impuestos%20y%20por%20bonificar%20parcialmente%20tributos%20como%20Sucesiones%20o%20Patrimonio&#038;via=conversesacat&#038;related=conversesacat' target='_blank'rel=\"noopener noreferrer\">En Espa\u00f1a, comunidades como Madrid han optado por no subir impuestos y por bonificar parcialmente tributos como Sucesiones o Patrimonio <\/a><\/span><a href='https:\/\/twitter.com\/intent\/tweet?url=https%3A%2F%2Fconversesacatalunya.cat%2Fes%2Fel-pequeno-canton-suizo-con-mas-empresas-que-habitantes%2F&#038;text=En%20Espa%C3%B1a%2C%20comunidades%20como%20Madrid%20han%20optado%20por%20no%20subir%20impuestos%20y%20por%20bonificar%20parcialmente%20tributos%20como%20Sucesiones%20o%20Patrimonio&#038;via=conversesacat&#038;related=conversesacat' target='_blank' class='bctt-ctt-btn'rel=\"noopener noreferrer\">Compartir en X<\/a><\/span>\n<p>&nbsp;<\/p>\n","protected":false},"excerpt":{"rendered":"<p>Hace un tiempo estuve en un cant\u00f3n suizo de habla italiana, en el sur del pa\u00eds, enclavado entre monta\u00f1as y paisajes espectaculares. All\u00ed me contaron algo que, en un primer momento, me dej\u00f3 boquiabierto: ten\u00eda much\u00edsimos menos habitantes que empresas registradas. \u00bfC\u00f3mo es posible que haya tantas empresas en un lugar tan peque\u00f1o? La respuesta es sencilla: los impuestos. El im\u00e1n fiscal suizo En varios cantones suizos, el impuesto de sociedades ronda el 7 %, muy por debajo del 25 % que se paga, por ejemplo, en Espa\u00f1a. Esa diferencia convierte al cant\u00f3n en un im\u00e1n para empresas de toda Europa y del mundo que buscan reducir su factura fiscal. Muchas de esas 30.000 empresas no tienen ni oficinas reales ni empleados en esos cantones. Son lo que se llama \u201cempresas buz\u00f3n\u201d: sociedades registradas all\u00ed \u00fanicamente para beneficiarse de la baja tributaci\u00f3n. Su sede es, muchas veces, un despacho de abogados o una gestor\u00eda donde reciben el correo y gestionan papeles. No es ilegal. Es competencia fiscal. Suiza, gracias a su sistema federal, permite que cada cant\u00f3n fije sus propios tipos impositivos. Y cantones como Ticino o Zug han sabido convertir esa autonom\u00eda en una aut\u00e9ntica estrategia econ\u00f3mica. \u00bfPara\u00edso fiscal? La palabra \u201cpara\u00edso fiscal\u201d tiene mala fama. Pero Suiza juega en una categor\u00eda intermedia: es un refugio fiscal \u201clight\u201d. Cumple acuerdos internacionales de transparencia, pero sigue ofreciendo: Bajos impuestos de sociedades. Seguridad jur\u00eddica y pol\u00edtica. Tradici\u00f3n de discreci\u00f3n financiera. Esto ha atra\u00eddo tanto a multinacionales como a peque\u00f1as y medianas empresas que buscan pagar menos impuestos legalmente. El dilema europeo Mientras tanto, pa\u00edses como Espa\u00f1a mantienen tipos m\u00e1s altos para sostener su gasto social: pensiones, sanidad, educaci\u00f3n\u2026 Esto genera una tensi\u00f3n constante: Si subes impuestos, mantienes los servicios p\u00fablicos, pero ahuyentas empresas. Si los bajas demasiado, atraes negocios\u2026 pero pierdes ingresos para pagar el Estado del bienestar. La Uni\u00f3n Europea y la OCDE est\u00e1n intentando poner coto a esta competencia fiscal, imponiendo un impuesto m\u00ednimo global del 15 % para multinacionales. Pero incluso con esas normas, muchos lugares seguir\u00e1n siendo atractivos para miles de empresas, sobre todo peque\u00f1as, por su estabilidad y sus tipos bajos. Entre monta\u00f1as y sedes fiscales Ticino y otros cantones, con sus monta\u00f1as y lagos, parece un lugar tranquilo y casi aislado. Pero, gracias a su pol\u00edtica fiscal, se ha convertido en un peque\u00f1o gigante econ\u00f3mico. Y mientras en Espa\u00f1a hablamos de subir o bajar impuestos, o de c\u00f3mo sostener las pensiones y los servicios p\u00fablicos, la realidad es que el mundo se ha convertido en una competici\u00f3n de territorios que ofrecen ventajas fiscales. Y, en ese juego, cantones suizos llevan a\u00f1os jugando muy bien sus cartas. La experiencia de Suiza ense\u00f1a algo claro: las empresas buscan respirar fiscalmente. No se trata de convertirnos en para\u00edsos fiscales, pero s\u00ed de mantener una presi\u00f3n impositiva sensata, que permita atraer inversiones y generar empleo. En Espa\u00f1a, comunidades como Madrid han optado por no subir impuestos y por bonificar parcialmente tributos como Sucesiones o Patrimonio. Eso la ha convertido en un polo econ\u00f3mico que atrae empresas y profesionales, mientras otras comunidades aut\u00f3nomas, con impuestos m\u00e1s altos, pierden dinamismo y ven marcharse capital humano y empresarial. Moraleja: A veces, subir impuestos no siempre significa recaudar m\u00e1s. Y en un mundo globalizado, donde las empresas pueden moverse con un clic, quiz\u00e1 convenga parecernos m\u00e1s a Madrid que a territorios que creen que la soluci\u00f3n est\u00e1 solo en subir impuestos. Ciertos cantones suizos son el recordatorio de que la fiscalidad importa\u2026 y mucho. &nbsp;<\/p>\n","protected":false},"author":83,"featured_media":91202,"comment_status":"open","ping_status":"open","sticky":false,"template":"","format":"standard","meta":{"_FSMCFIC_featured_image_caption":"","_FSMCFIC_featured_image_nocaption":"","_FSMCFIC_featured_image_hide":"","footnotes":""},"categories":[806],"tags":[1199],"class_list":["post-91193","post","type-post","status-publish","format-standard","has-post-thumbnail","hentry","category-punts-claus-del-dia-es","tag-fiscalidad"],"yoast_head":"<!-- This site is optimized with the Yoast SEO plugin v26.8 - https:\/\/yoast.com\/product\/yoast-seo-wordpress\/ -->\n<title>El peque\u00f1o cant\u00f3n suizo con m\u00e1s empresas que habitantes - Converses a Catalunya<\/title>\n<meta name=\"description\" content=\"Quiz\u00e1 convenga parecernos m\u00e1s a Madrid que a territorios que creen que la soluci\u00f3n est\u00e1 solo en subir impuestos\" \/>\n<meta name=\"robots\" content=\"index, follow, max-snippet:-1, max-image-preview:large, max-video-preview:-1\" \/>\n<link rel=\"canonical\" href=\"https:\/\/conversesacatalunya.cat\/es\/el-pequeno-canton-suizo-con-mas-empresas-que-habitantes\/\" \/>\n<meta property=\"og:locale\" content=\"es_ES\" \/>\n<meta property=\"og:type\" content=\"article\" \/>\n<meta property=\"og:title\" content=\"El peque\u00f1o cant\u00f3n suizo con m\u00e1s empresas que habitantes - Converses a Catalunya\" \/>\n<meta property=\"og:description\" content=\"Quiz\u00e1 convenga parecernos m\u00e1s a Madrid que a territorios que creen que la soluci\u00f3n est\u00e1 solo en subir impuestos\" \/>\n<meta property=\"og:url\" content=\"https:\/\/conversesacatalunya.cat\/es\/el-pequeno-canton-suizo-con-mas-empresas-que-habitantes\/\" \/>\n<meta property=\"og:site_name\" content=\"Converses a Catalunya\" \/>\n<meta property=\"article:published_time\" content=\"2025-08-18T06:19:30+00:00\" \/>\n<meta property=\"article:modified_time\" content=\"2025-08-18T06:37:07+00:00\" \/>\n<meta property=\"og:image\" content=\"https:\/\/conversesacatalunya.cat\/wp-content\/uploads\/2025\/08\/switzerland-2629856_1280.jpg\" \/>\n\t<meta property=\"og:image:width\" content=\"1280\" \/>\n\t<meta property=\"og:image:height\" content=\"894\" \/>\n\t<meta property=\"og:image:type\" content=\"image\/jpeg\" \/>\n<meta name=\"author\" content=\"Lluci\u00e0 Pou Sabat\u00e9\" \/>\n<meta name=\"twitter:card\" content=\"summary_large_image\" \/>\n<meta name=\"twitter:label1\" content=\"Escrito por\" \/>\n\t<meta name=\"twitter:data1\" content=\"Lluci\u00e0 Pou Sabat\u00e9\" \/>\n\t<meta name=\"twitter:label2\" content=\"Tiempo de lectura\" \/>\n\t<meta name=\"twitter:data2\" content=\"3 minutos\" \/>\n<script type=\"application\/ld+json\" class=\"yoast-schema-graph\">{\"@context\":\"https:\/\/schema.org\",\"@graph\":[{\"@type\":\"Article\",\"@id\":\"https:\/\/conversesacatalunya.cat\/es\/el-pequeno-canton-suizo-con-mas-empresas-que-habitantes\/#article\",\"isPartOf\":{\"@id\":\"https:\/\/conversesacatalunya.cat\/es\/el-pequeno-canton-suizo-con-mas-empresas-que-habitantes\/\"},\"author\":{\"name\":\"Lluci\u00e0 Pou Sabat\u00e9\",\"@id\":\"https:\/\/conversesacatalunya.cat\/#\/schema\/person\/b1179de0444833001556d67e2ccf43c3\"},\"headline\":\"El peque\u00f1o cant\u00f3n suizo con m\u00e1s empresas que habitantes\",\"datePublished\":\"2025-08-18T06:19:30+00:00\",\"dateModified\":\"2025-08-18T06:37:07+00:00\",\"mainEntityOfPage\":{\"@id\":\"https:\/\/conversesacatalunya.cat\/es\/el-pequeno-canton-suizo-con-mas-empresas-que-habitantes\/\"},\"wordCount\":670,\"commentCount\":0,\"image\":{\"@id\":\"https:\/\/conversesacatalunya.cat\/es\/el-pequeno-canton-suizo-con-mas-empresas-que-habitantes\/#primaryimage\"},\"thumbnailUrl\":\"https:\/\/conversesacatalunya.cat\/wp-content\/uploads\/2025\/08\/switzerland-2629856_1280.jpg\",\"keywords\":[\"Fiscalidad\"],\"articleSection\":[\"Punts clau del dia (ES)\"],\"inLanguage\":\"es\",\"potentialAction\":[{\"@type\":\"CommentAction\",\"name\":\"Comment\",\"target\":[\"https:\/\/conversesacatalunya.cat\/es\/el-pequeno-canton-suizo-con-mas-empresas-que-habitantes\/#respond\"]}]},{\"@type\":\"WebPage\",\"@id\":\"https:\/\/conversesacatalunya.cat\/es\/el-pequeno-canton-suizo-con-mas-empresas-que-habitantes\/\",\"url\":\"https:\/\/conversesacatalunya.cat\/es\/el-pequeno-canton-suizo-con-mas-empresas-que-habitantes\/\",\"name\":\"El peque\u00f1o cant\u00f3n suizo con m\u00e1s empresas que habitantes - Converses a Catalunya\",\"isPartOf\":{\"@id\":\"https:\/\/conversesacatalunya.cat\/#website\"},\"primaryImageOfPage\":{\"@id\":\"https:\/\/conversesacatalunya.cat\/es\/el-pequeno-canton-suizo-con-mas-empresas-que-habitantes\/#primaryimage\"},\"image\":{\"@id\":\"https:\/\/conversesacatalunya.cat\/es\/el-pequeno-canton-suizo-con-mas-empresas-que-habitantes\/#primaryimage\"},\"thumbnailUrl\":\"https:\/\/conversesacatalunya.cat\/wp-content\/uploads\/2025\/08\/switzerland-2629856_1280.jpg\",\"datePublished\":\"2025-08-18T06:19:30+00:00\",\"dateModified\":\"2025-08-18T06:37:07+00:00\",\"author\":{\"@id\":\"https:\/\/conversesacatalunya.cat\/#\/schema\/person\/b1179de0444833001556d67e2ccf43c3\"},\"description\":\"Quiz\u00e1 convenga parecernos m\u00e1s a Madrid que a territorios que creen que la soluci\u00f3n est\u00e1 solo en subir impuestos\",\"breadcrumb\":{\"@id\":\"https:\/\/conversesacatalunya.cat\/es\/el-pequeno-canton-suizo-con-mas-empresas-que-habitantes\/#breadcrumb\"},\"inLanguage\":\"es\",\"potentialAction\":[{\"@type\":\"ReadAction\",\"target\":[\"https:\/\/conversesacatalunya.cat\/es\/el-pequeno-canton-suizo-con-mas-empresas-que-habitantes\/\"]}]},{\"@type\":\"ImageObject\",\"inLanguage\":\"es\",\"@id\":\"https:\/\/conversesacatalunya.cat\/es\/el-pequeno-canton-suizo-con-mas-empresas-que-habitantes\/#primaryimage\",\"url\":\"https:\/\/conversesacatalunya.cat\/wp-content\/uploads\/2025\/08\/switzerland-2629856_1280.jpg\",\"contentUrl\":\"https:\/\/conversesacatalunya.cat\/wp-content\/uploads\/2025\/08\/switzerland-2629856_1280.jpg\",\"width\":1280,\"height\":894,\"caption\":\"impuestos Madrid\"},{\"@type\":\"BreadcrumbList\",\"@id\":\"https:\/\/conversesacatalunya.cat\/es\/el-pequeno-canton-suizo-con-mas-empresas-que-habitantes\/#breadcrumb\",\"itemListElement\":[{\"@type\":\"ListItem\",\"position\":1,\"name\":\"Inici\",\"item\":\"https:\/\/conversesacatalunya.cat\/es\/\"},{\"@type\":\"ListItem\",\"position\":2,\"name\":\"El peque\u00f1o cant\u00f3n suizo con m\u00e1s empresas que habitantes\"}]},{\"@type\":\"WebSite\",\"@id\":\"https:\/\/conversesacatalunya.cat\/#website\",\"url\":\"https:\/\/conversesacatalunya.cat\/\",\"name\":\"Converses a Catalunya\",\"description\":\"\",\"potentialAction\":[{\"@type\":\"SearchAction\",\"target\":{\"@type\":\"EntryPoint\",\"urlTemplate\":\"https:\/\/conversesacatalunya.cat\/?s={search_term_string}\"},\"query-input\":{\"@type\":\"PropertyValueSpecification\",\"valueRequired\":true,\"valueName\":\"search_term_string\"}}],\"inLanguage\":\"es\"},{\"@type\":\"Person\",\"@id\":\"https:\/\/conversesacatalunya.cat\/#\/schema\/person\/b1179de0444833001556d67e2ccf43c3\",\"name\":\"Lluci\u00e0 Pou Sabat\u00e9\",\"image\":{\"@type\":\"ImageObject\",\"inLanguage\":\"es\",\"@id\":\"https:\/\/conversesacatalunya.cat\/#\/schema\/person\/image\/\",\"url\":\"https:\/\/conversesacatalunya.cat\/wp-content\/litespeed\/avatar\/1695d850ba84a82ebb40bde169452707.jpg?ver=1777475635\",\"contentUrl\":\"https:\/\/conversesacatalunya.cat\/wp-content\/litespeed\/avatar\/1695d850ba84a82ebb40bde169452707.jpg?ver=1777475635\",\"caption\":\"Lluci\u00e0 Pou Sabat\u00e9\"},\"url\":\"https:\/\/conversesacatalunya.cat\/es\/author\/llucia-pou\/\"}]}<\/script>\n<!-- \/ Yoast SEO plugin. -->","yoast_head_json":{"title":"El peque\u00f1o cant\u00f3n suizo con m\u00e1s empresas que habitantes - Converses a Catalunya","description":"Quiz\u00e1 convenga parecernos m\u00e1s a Madrid que a territorios que creen que la soluci\u00f3n est\u00e1 solo en subir impuestos","robots":{"index":"index","follow":"follow","max-snippet":"max-snippet:-1","max-image-preview":"max-image-preview:large","max-video-preview":"max-video-preview:-1"},"canonical":"https:\/\/conversesacatalunya.cat\/es\/el-pequeno-canton-suizo-con-mas-empresas-que-habitantes\/","og_locale":"es_ES","og_type":"article","og_title":"El peque\u00f1o cant\u00f3n suizo con m\u00e1s empresas que habitantes - Converses a Catalunya","og_description":"Quiz\u00e1 convenga parecernos m\u00e1s a Madrid que a territorios que creen que la soluci\u00f3n est\u00e1 solo en subir impuestos","og_url":"https:\/\/conversesacatalunya.cat\/es\/el-pequeno-canton-suizo-con-mas-empresas-que-habitantes\/","og_site_name":"Converses a Catalunya","article_published_time":"2025-08-18T06:19:30+00:00","article_modified_time":"2025-08-18T06:37:07+00:00","og_image":[{"width":1280,"height":894,"url":"https:\/\/conversesacatalunya.cat\/wp-content\/uploads\/2025\/08\/switzerland-2629856_1280.jpg","type":"image\/jpeg"}],"author":"Lluci\u00e0 Pou Sabat\u00e9","twitter_card":"summary_large_image","twitter_misc":{"Escrito por":"Lluci\u00e0 Pou Sabat\u00e9","Tiempo de lectura":"3 minutos"},"schema":{"@context":"https:\/\/schema.org","@graph":[{"@type":"Article","@id":"https:\/\/conversesacatalunya.cat\/es\/el-pequeno-canton-suizo-con-mas-empresas-que-habitantes\/#article","isPartOf":{"@id":"https:\/\/conversesacatalunya.cat\/es\/el-pequeno-canton-suizo-con-mas-empresas-que-habitantes\/"},"author":{"name":"Lluci\u00e0 Pou Sabat\u00e9","@id":"https:\/\/conversesacatalunya.cat\/#\/schema\/person\/b1179de0444833001556d67e2ccf43c3"},"headline":"El peque\u00f1o cant\u00f3n suizo con m\u00e1s empresas que habitantes","datePublished":"2025-08-18T06:19:30+00:00","dateModified":"2025-08-18T06:37:07+00:00","mainEntityOfPage":{"@id":"https:\/\/conversesacatalunya.cat\/es\/el-pequeno-canton-suizo-con-mas-empresas-que-habitantes\/"},"wordCount":670,"commentCount":0,"image":{"@id":"https:\/\/conversesacatalunya.cat\/es\/el-pequeno-canton-suizo-con-mas-empresas-que-habitantes\/#primaryimage"},"thumbnailUrl":"https:\/\/conversesacatalunya.cat\/wp-content\/uploads\/2025\/08\/switzerland-2629856_1280.jpg","keywords":["Fiscalidad"],"articleSection":["Punts clau del dia (ES)"],"inLanguage":"es","potentialAction":[{"@type":"CommentAction","name":"Comment","target":["https:\/\/conversesacatalunya.cat\/es\/el-pequeno-canton-suizo-con-mas-empresas-que-habitantes\/#respond"]}]},{"@type":"WebPage","@id":"https:\/\/conversesacatalunya.cat\/es\/el-pequeno-canton-suizo-con-mas-empresas-que-habitantes\/","url":"https:\/\/conversesacatalunya.cat\/es\/el-pequeno-canton-suizo-con-mas-empresas-que-habitantes\/","name":"El peque\u00f1o cant\u00f3n suizo con m\u00e1s empresas que habitantes - Converses a Catalunya","isPartOf":{"@id":"https:\/\/conversesacatalunya.cat\/#website"},"primaryImageOfPage":{"@id":"https:\/\/conversesacatalunya.cat\/es\/el-pequeno-canton-suizo-con-mas-empresas-que-habitantes\/#primaryimage"},"image":{"@id":"https:\/\/conversesacatalunya.cat\/es\/el-pequeno-canton-suizo-con-mas-empresas-que-habitantes\/#primaryimage"},"thumbnailUrl":"https:\/\/conversesacatalunya.cat\/wp-content\/uploads\/2025\/08\/switzerland-2629856_1280.jpg","datePublished":"2025-08-18T06:19:30+00:00","dateModified":"2025-08-18T06:37:07+00:00","author":{"@id":"https:\/\/conversesacatalunya.cat\/#\/schema\/person\/b1179de0444833001556d67e2ccf43c3"},"description":"Quiz\u00e1 convenga parecernos m\u00e1s a Madrid que a territorios que creen que la soluci\u00f3n est\u00e1 solo en subir impuestos","breadcrumb":{"@id":"https:\/\/conversesacatalunya.cat\/es\/el-pequeno-canton-suizo-con-mas-empresas-que-habitantes\/#breadcrumb"},"inLanguage":"es","potentialAction":[{"@type":"ReadAction","target":["https:\/\/conversesacatalunya.cat\/es\/el-pequeno-canton-suizo-con-mas-empresas-que-habitantes\/"]}]},{"@type":"ImageObject","inLanguage":"es","@id":"https:\/\/conversesacatalunya.cat\/es\/el-pequeno-canton-suizo-con-mas-empresas-que-habitantes\/#primaryimage","url":"https:\/\/conversesacatalunya.cat\/wp-content\/uploads\/2025\/08\/switzerland-2629856_1280.jpg","contentUrl":"https:\/\/conversesacatalunya.cat\/wp-content\/uploads\/2025\/08\/switzerland-2629856_1280.jpg","width":1280,"height":894,"caption":"impuestos Madrid"},{"@type":"BreadcrumbList","@id":"https:\/\/conversesacatalunya.cat\/es\/el-pequeno-canton-suizo-con-mas-empresas-que-habitantes\/#breadcrumb","itemListElement":[{"@type":"ListItem","position":1,"name":"Inici","item":"https:\/\/conversesacatalunya.cat\/es\/"},{"@type":"ListItem","position":2,"name":"El peque\u00f1o cant\u00f3n suizo con m\u00e1s empresas que habitantes"}]},{"@type":"WebSite","@id":"https:\/\/conversesacatalunya.cat\/#website","url":"https:\/\/conversesacatalunya.cat\/","name":"Converses a Catalunya","description":"","potentialAction":[{"@type":"SearchAction","target":{"@type":"EntryPoint","urlTemplate":"https:\/\/conversesacatalunya.cat\/?s={search_term_string}"},"query-input":{"@type":"PropertyValueSpecification","valueRequired":true,"valueName":"search_term_string"}}],"inLanguage":"es"},{"@type":"Person","@id":"https:\/\/conversesacatalunya.cat\/#\/schema\/person\/b1179de0444833001556d67e2ccf43c3","name":"Lluci\u00e0 Pou Sabat\u00e9","image":{"@type":"ImageObject","inLanguage":"es","@id":"https:\/\/conversesacatalunya.cat\/#\/schema\/person\/image\/","url":"https:\/\/conversesacatalunya.cat\/wp-content\/litespeed\/avatar\/1695d850ba84a82ebb40bde169452707.jpg?ver=1777475635","contentUrl":"https:\/\/conversesacatalunya.cat\/wp-content\/litespeed\/avatar\/1695d850ba84a82ebb40bde169452707.jpg?ver=1777475635","caption":"Lluci\u00e0 Pou Sabat\u00e9"},"url":"https:\/\/conversesacatalunya.cat\/es\/author\/llucia-pou\/"}]}},"wps_subtitle":"La palabra \u201cpara\u00edso fiscal\u201d tiene mala fama. Pero Suiza juega en una categor\u00eda intermedia: es un refugio fiscal \u201clight\u201d. Cumple acuerdos internacionales de transparencia.","_links":{"self":[{"href":"https:\/\/conversesacatalunya.cat\/es\/wp-json\/wp\/v2\/posts\/91193","targetHints":{"allow":["GET"]}}],"collection":[{"href":"https:\/\/conversesacatalunya.cat\/es\/wp-json\/wp\/v2\/posts"}],"about":[{"href":"https:\/\/conversesacatalunya.cat\/es\/wp-json\/wp\/v2\/types\/post"}],"author":[{"embeddable":true,"href":"https:\/\/conversesacatalunya.cat\/es\/wp-json\/wp\/v2\/users\/83"}],"replies":[{"embeddable":true,"href":"https:\/\/conversesacatalunya.cat\/es\/wp-json\/wp\/v2\/comments?post=91193"}],"version-history":[{"count":8,"href":"https:\/\/conversesacatalunya.cat\/es\/wp-json\/wp\/v2\/posts\/91193\/revisions"}],"predecessor-version":[{"id":91204,"href":"https:\/\/conversesacatalunya.cat\/es\/wp-json\/wp\/v2\/posts\/91193\/revisions\/91204"}],"wp:featuredmedia":[{"embeddable":true,"href":"https:\/\/conversesacatalunya.cat\/es\/wp-json\/wp\/v2\/media\/91202"}],"wp:attachment":[{"href":"https:\/\/conversesacatalunya.cat\/es\/wp-json\/wp\/v2\/media?parent=91193"}],"wp:term":[{"taxonomy":"category","embeddable":true,"href":"https:\/\/conversesacatalunya.cat\/es\/wp-json\/wp\/v2\/categories?post=91193"},{"taxonomy":"post_tag","embeddable":true,"href":"https:\/\/conversesacatalunya.cat\/es\/wp-json\/wp\/v2\/tags?post=91193"}],"curies":[{"name":"wp","href":"https:\/\/api.w.org\/{rel}","templated":true}]}}