{"id":91012,"date":"2025-08-04T09:09:15","date_gmt":"2025-08-04T07:09:15","guid":{"rendered":"https:\/\/conversesacatalunya.cat\/?p=91012"},"modified":"2025-08-03T05:42:42","modified_gmt":"2025-08-03T03:42:42","slug":"la-practica-de-la-tortura","status":"publish","type":"post","link":"https:\/\/conversesacatalunya.cat\/es\/la-practica-de-la-tortura\/","title":{"rendered":"La pr\u00e1ctica de la tortura"},"content":{"rendered":"<p><span><span class=\"VIpgJd-yAWNEb-VIpgJd-fmcmS-sn54Q\">Es una calle que tiene mucho tr\u00e1fico. Los s\u00e1bados cortan la circulaci\u00f3n de veh\u00edculos, y todo el ancho de la calle es peatonal. Los ni\u00f1os juegan, los adultos pasean, las terrazas de los bares permanecen llenas, y en una situaci\u00f3n como esta de ocio y recreo, una chica joven, con cara visiblemente preocupada, me\u00a0\u00a0<\/span><\/span><span class=\"hiddenGrammarError lazyloaded\" data-bg-image=\"url('..\/..\/..\/..\/..\/images\/squiggle.png')\"><span><span class=\"VIpgJd-yAWNEb-VIpgJd-fmcmS-sn54Q\">da<\/span><\/span><\/span><span><span class=\"VIpgJd-yAWNEb-VIpgJd-fmcmS-sn54Q\">\u00a0\u00a0un papel que habla de la detenci\u00f3n de tres j\u00f3venes, que por lo que dice la nota\u00a0<\/span><\/span><strong><span><span class=\"VIpgJd-yAWNEb-VIpgJd-fmcmS-sn54Q\">tuvieron que declarar bajo tortura<\/span><\/span><\/strong><span><span class=\"VIpgJd-yAWNEb-VIpgJd-fmcmS-sn54Q\">. Desconozco lo sucedido, pero supongo que aqu\u00ed algo ha pasado.<\/span><\/span><\/p>\n<p><span>Recuerdo haber o\u00eddo decir, al que fue presidente de la\u00a0<\/span><strong><span>UNESCO Catalu\u00f1a, F\u00e8lix Mart\u00ed,<\/span><\/strong><span>\u00a0que toda declaraci\u00f3n bajo tortura deber\u00eda ser jur\u00eddicamente inv\u00e1lida, porque toda persona, ante el miedo a ser torturada, es capaz de afirmar cualquier cosa.<\/span><\/p>\n<p><strong><span><span class=\"VIpgJd-yAWNEb-VIpgJd-fmcmS-sn54Q\">Amnist\u00eda Internacional<\/span><\/span><\/strong><span><span class=\"VIpgJd-yAWNEb-VIpgJd-fmcmS-sn54Q\">\u00a0denuncia que aunque en Espa\u00f1a la tortura no es algo sistem\u00e1tico, s\u00ed es algo frecuente. Analizando 450 sentencias, en 95 se ha podido comprobar la pr\u00e1ctica de malos tratos y torturas.<\/span><\/span><\/p>\n<h5><span><span class=\"VIpgJd-yAWNEb-VIpgJd-fmcmS-sn54Q\">Y uno se pregunta, en pleno siglo XXI, con la sensibilidad que existe en el campo de los derechos humanos, c\u00f3mo puede ser que contin\u00fae esta pr\u00e1ctica tan inhumana.<\/span><\/span><\/h5>\n<p><span>El hecho es que con el af\u00e1n de garantizar la seguridad, violamos el respeto a la dignidad de la persona.\u00a0<\/span><strong><span>El relator de Naciones Unidas, Manfred Novak, acusa a EE.UU.<\/span><\/strong><span>\u00a0de utilizar unos m\u00e9todos brutales de tortura en las c\u00e1rceles de Guant\u00e1namo y\u00a0<\/span><span>de<a href=\"https:\/\/ca.wikipedia.org\/wiki\/Tortures_a_la_pres%C3%B3_d%27Abu_Ghraib\" target=\"_blank\" rel=\"noopener\"> Abu Ghraib,<\/a><\/span><span>\u00a0donde tienen a los presos de pie y encadenados en la pared durante meses, sin la posibilidad de descansar o dormir, y muchas otras pr\u00e1cticas escalofriantes, con las que no podemos permanecer indiferentes.<\/span><\/p>\n<p><span>Es necesaria la denuncia, y abrir los canales pol\u00edticos y jur\u00eddicos que inhabiliten estas pr\u00e1cticas.\u00a0<\/span><strong><span>La c\u00e1rcel no debe ser un espacio de crueldad y revancha<\/span><\/strong><span>, sino un espacio que propicie una pedagog\u00eda de buenas relaciones y de paz. Estamos muy lejos de este sue\u00f1o, porque seg\u00fan un informe de Amnist\u00eda Internacional del a\u00f1o 2019, de 195 pa\u00edses en el mundo, en 141 se han podido comprobar pr\u00e1cticas de tortura, y en 81 pa\u00edses, tambi\u00e9n seg\u00fan este informe, se aplica la pena de muerte.<\/span><\/p>\n<p><span><span class=\"VIpgJd-yAWNEb-VIpgJd-fmcmS-sn54Q\">Es interesante y esperanzador que\u00a0<\/span><\/span><strong><span><span class=\"VIpgJd-yAWNEb-VIpgJd-fmcmS-sn54Q\">exista una ONG como la\u00a0<\/span><\/span><span class=\"hiddenGrammarError\"><a href=\"https:\/\/acat.pangea.org\/es\/\" target=\"_blank\" rel=\"noopener\"><span><span class=\"VIpgJd-yAWNEb-VIpgJd-fmcmS-sn54Q\">ACAT<\/span><\/span><\/a><span><span class=\"VIpgJd-yAWNEb-VIpgJd-fmcmS-sn54Q\">\u00a0(<\/span><\/span><\/span><span><span class=\"VIpgJd-yAWNEb-VIpgJd-fmcmS-sn54Q\">Acci\u00f3n de los Cristianos para la Abolici\u00f3n de la Tortura)<\/span><\/span><\/strong><span><span class=\"VIpgJd-yAWNEb-VIpgJd-fmcmS-sn54Q\">\u00a0que realiza una labor de sensibilizaci\u00f3n, y promueve medidas legislativas, administrativas y judiciales para ir reduciendo esta pr\u00e1ctica.<\/span><\/span><\/p>\n<p><span>Si el torturado es el que sale peor parado f\u00edsicamente, el m\u00e1s perjudicado, humanamente hablando, es el torturador.<\/span><\/p>\n<span class='bctt-click-to-tweet'><span class='bctt-ctt-text'><a href='https:\/\/twitter.com\/intent\/tweet?url=https%3A%2F%2Fconversesacatalunya.cat%2Fes%2Fla-practica-de-la-tortura%2F&#038;text=Si%20el%20torturado%20es%20el%20que%20sale%20peor%20parado%20f%C3%ADsicamente%2C%20el%20m%C3%A1s%20perjudicado%2C%20humanamente%20hablando%2C%20es%20el%20torturador&#038;via=conversesacat&#038;related=conversesacat' target='_blank'rel=\"noopener noreferrer\">Si el torturado es el que sale peor parado f\u00edsicamente, el m\u00e1s perjudicado, humanamente hablando, es el torturador <\/a><\/span><a href='https:\/\/twitter.com\/intent\/tweet?url=https%3A%2F%2Fconversesacatalunya.cat%2Fes%2Fla-practica-de-la-tortura%2F&#038;text=Si%20el%20torturado%20es%20el%20que%20sale%20peor%20parado%20f%C3%ADsicamente%2C%20el%20m%C3%A1s%20perjudicado%2C%20humanamente%20hablando%2C%20es%20el%20torturador&#038;via=conversesacat&#038;related=conversesacat' target='_blank' class='bctt-ctt-btn'rel=\"noopener noreferrer\">Compartir en X<\/a><\/span>\n","protected":false},"excerpt":{"rendered":"<p>Es una calle que tiene mucho tr\u00e1fico. Los s\u00e1bados cortan la circulaci\u00f3n de veh\u00edculos, y todo el ancho de la calle es peatonal. Los ni\u00f1os juegan, los adultos pasean, las terrazas de los bares permanecen llenas, y en una situaci\u00f3n como esta de ocio y recreo, una chica joven, con cara visiblemente preocupada, me\u00a0\u00a0da\u00a0\u00a0un papel que habla de la detenci\u00f3n de tres j\u00f3venes, que por lo que dice la nota\u00a0tuvieron que declarar bajo tortura. Desconozco lo sucedido, pero supongo que aqu\u00ed algo ha pasado. Recuerdo haber o\u00eddo decir, al que fue presidente de la\u00a0UNESCO Catalu\u00f1a, F\u00e8lix Mart\u00ed,\u00a0que toda declaraci\u00f3n bajo tortura deber\u00eda ser jur\u00eddicamente inv\u00e1lida, porque toda persona, ante el miedo a ser torturada, es capaz de afirmar cualquier cosa. Amnist\u00eda Internacional\u00a0denuncia que aunque en Espa\u00f1a la tortura no es algo sistem\u00e1tico, s\u00ed es algo frecuente. Analizando 450 sentencias, en 95 se ha podido comprobar la pr\u00e1ctica de malos tratos y torturas. Y uno se pregunta, en pleno siglo XXI, con la sensibilidad que existe en el campo de los derechos humanos, c\u00f3mo puede ser que contin\u00fae esta pr\u00e1ctica tan inhumana. El hecho es que con el af\u00e1n de garantizar la seguridad, violamos el respeto a la dignidad de la persona.\u00a0El relator de Naciones Unidas, Manfred Novak, acusa a EE.UU.\u00a0de utilizar unos m\u00e9todos brutales de tortura en las c\u00e1rceles de Guant\u00e1namo y\u00a0de Abu Ghraib,\u00a0donde tienen a los presos de pie y encadenados en la pared durante meses, sin la posibilidad de descansar o dormir, y muchas otras pr\u00e1cticas escalofriantes, con las que no podemos permanecer indiferentes. Es necesaria la denuncia, y abrir los canales pol\u00edticos y jur\u00eddicos que inhabiliten estas pr\u00e1cticas.\u00a0La c\u00e1rcel no debe ser un espacio de crueldad y revancha, sino un espacio que propicie una pedagog\u00eda de buenas relaciones y de paz. Estamos muy lejos de este sue\u00f1o, porque seg\u00fan un informe de Amnist\u00eda Internacional del a\u00f1o 2019, de 195 pa\u00edses en el mundo, en 141 se han podido comprobar pr\u00e1cticas de tortura, y en 81 pa\u00edses, tambi\u00e9n seg\u00fan este informe, se aplica la pena de muerte. Es interesante y esperanzador que\u00a0exista una ONG como la\u00a0ACAT\u00a0(Acci\u00f3n de los Cristianos para la Abolici\u00f3n de la Tortura)\u00a0que realiza una labor de sensibilizaci\u00f3n, y promueve medidas legislativas, administrativas y judiciales para ir reduciendo esta pr\u00e1ctica. Si el torturado es el que sale peor parado f\u00edsicamente, el m\u00e1s perjudicado, humanamente hablando, es el torturador.<\/p>\n","protected":false},"author":16,"featured_media":50526,"comment_status":"open","ping_status":"open","sticky":false,"template":"","format":"standard","meta":{"_FSMCFIC_featured_image_caption":"","_FSMCFIC_featured_image_nocaption":"","_FSMCFIC_featured_image_hide":"","footnotes":""},"categories":[804],"tags":[1466,1463],"class_list":["post-91012","post","type-post","status-publish","format-standard","has-post-thumbnail","hentry","category-opinem-es","tag-derechos-humanos","tag-drets-humans-es"],"yoast_head":"<!-- This site is optimized with the Yoast SEO plugin v26.8 - https:\/\/yoast.com\/product\/yoast-seo-wordpress\/ -->\n<title>La pr\u00e1ctica de la tortura - Converses a Catalunya<\/title>\n<meta name=\"description\" content=\"me da un papel que habla de la detenci\u00f3n de tres j\u00f3venes, que por lo que dice la nota tuvieron que declarar bajo tortura\" \/>\n<meta name=\"robots\" content=\"index, follow, max-snippet:-1, max-image-preview:large, max-video-preview:-1\" \/>\n<link rel=\"canonical\" href=\"https:\/\/conversesacatalunya.cat\/la-practica-de-la-tortura\/\" \/>\n<meta property=\"og:locale\" content=\"es_ES\" \/>\n<meta property=\"og:type\" content=\"article\" \/>\n<meta property=\"og:title\" content=\"La pr\u00e1ctica de la tortura - Converses a Catalunya\" \/>\n<meta property=\"og:description\" content=\"me da un papel que habla de la detenci\u00f3n de tres j\u00f3venes, que por lo que dice la nota tuvieron que declarar bajo tortura\" \/>\n<meta property=\"og:url\" content=\"https:\/\/conversesacatalunya.cat\/la-practica-de-la-tortura\/\" \/>\n<meta property=\"og:site_name\" content=\"Converses a Catalunya\" \/>\n<meta property=\"article:published_time\" content=\"2025-08-04T07:09:15+00:00\" \/>\n<meta property=\"og:image\" content=\"https:\/\/conversesacatalunya.cat\/wp-content\/uploads\/2021\/08\/tortura.jpg\" \/>\n\t<meta property=\"og:image:width\" content=\"640\" \/>\n\t<meta property=\"og:image:height\" content=\"427\" \/>\n\t<meta property=\"og:image:type\" content=\"image\/jpeg\" \/>\n<meta name=\"author\" content=\"Antoni Pedragosa\" \/>\n<meta name=\"twitter:card\" content=\"summary_large_image\" \/>\n<meta name=\"twitter:label1\" content=\"Escrito por\" \/>\n\t<meta name=\"twitter:data1\" content=\"Antoni Pedragosa\" \/>\n\t<meta name=\"twitter:label2\" content=\"Tiempo de lectura\" \/>\n\t<meta name=\"twitter:data2\" content=\"2 minutos\" \/>\n<script type=\"application\/ld+json\" class=\"yoast-schema-graph\">{\"@context\":\"https:\/\/schema.org\",\"@graph\":[{\"@type\":\"Article\",\"@id\":\"https:\/\/conversesacatalunya.cat\/la-practica-de-la-tortura\/#article\",\"isPartOf\":{\"@id\":\"https:\/\/conversesacatalunya.cat\/la-practica-de-la-tortura\/\"},\"author\":{\"name\":\"Antoni Pedragosa\",\"@id\":\"https:\/\/conversesacatalunya.cat\/#\/schema\/person\/c7d367ce5cf939081390b9cff82b9efa\"},\"headline\":\"La pr\u00e1ctica de la tortura\",\"datePublished\":\"2025-08-04T07:09:15+00:00\",\"mainEntityOfPage\":{\"@id\":\"https:\/\/conversesacatalunya.cat\/la-practica-de-la-tortura\/\"},\"wordCount\":479,\"commentCount\":0,\"image\":{\"@id\":\"https:\/\/conversesacatalunya.cat\/la-practica-de-la-tortura\/#primaryimage\"},\"thumbnailUrl\":\"https:\/\/conversesacatalunya.cat\/wp-content\/uploads\/2021\/08\/tortura.jpg\",\"keywords\":[\"derechos humanos\",\"drets humans\"],\"articleSection\":[\"Opinem (ES)\"],\"inLanguage\":\"es\",\"potentialAction\":[{\"@type\":\"CommentAction\",\"name\":\"Comment\",\"target\":[\"https:\/\/conversesacatalunya.cat\/la-practica-de-la-tortura\/#respond\"]}]},{\"@type\":\"WebPage\",\"@id\":\"https:\/\/conversesacatalunya.cat\/la-practica-de-la-tortura\/\",\"url\":\"https:\/\/conversesacatalunya.cat\/la-practica-de-la-tortura\/\",\"name\":\"La pr\u00e1ctica de la tortura - Converses a Catalunya\",\"isPartOf\":{\"@id\":\"https:\/\/conversesacatalunya.cat\/#website\"},\"primaryImageOfPage\":{\"@id\":\"https:\/\/conversesacatalunya.cat\/la-practica-de-la-tortura\/#primaryimage\"},\"image\":{\"@id\":\"https:\/\/conversesacatalunya.cat\/la-practica-de-la-tortura\/#primaryimage\"},\"thumbnailUrl\":\"https:\/\/conversesacatalunya.cat\/wp-content\/uploads\/2021\/08\/tortura.jpg\",\"datePublished\":\"2025-08-04T07:09:15+00:00\",\"author\":{\"@id\":\"https:\/\/conversesacatalunya.cat\/#\/schema\/person\/c7d367ce5cf939081390b9cff82b9efa\"},\"description\":\"me da un papel que habla de la detenci\u00f3n de tres j\u00f3venes, que por lo que dice la nota tuvieron que declarar bajo tortura\",\"breadcrumb\":{\"@id\":\"https:\/\/conversesacatalunya.cat\/la-practica-de-la-tortura\/#breadcrumb\"},\"inLanguage\":\"es\",\"potentialAction\":[{\"@type\":\"ReadAction\",\"target\":[\"https:\/\/conversesacatalunya.cat\/la-practica-de-la-tortura\/\"]}]},{\"@type\":\"ImageObject\",\"inLanguage\":\"es\",\"@id\":\"https:\/\/conversesacatalunya.cat\/la-practica-de-la-tortura\/#primaryimage\",\"url\":\"https:\/\/conversesacatalunya.cat\/wp-content\/uploads\/2021\/08\/tortura.jpg\",\"contentUrl\":\"https:\/\/conversesacatalunya.cat\/wp-content\/uploads\/2021\/08\/tortura.jpg\",\"width\":640,\"height\":427,\"caption\":\"tortura\"},{\"@type\":\"BreadcrumbList\",\"@id\":\"https:\/\/conversesacatalunya.cat\/la-practica-de-la-tortura\/#breadcrumb\",\"itemListElement\":[{\"@type\":\"ListItem\",\"position\":1,\"name\":\"Inici\",\"item\":\"https:\/\/conversesacatalunya.cat\/es\/\"},{\"@type\":\"ListItem\",\"position\":2,\"name\":\"La pr\u00e1ctica de la tortura\"}]},{\"@type\":\"WebSite\",\"@id\":\"https:\/\/conversesacatalunya.cat\/#website\",\"url\":\"https:\/\/conversesacatalunya.cat\/\",\"name\":\"Converses a Catalunya\",\"description\":\"\",\"potentialAction\":[{\"@type\":\"SearchAction\",\"target\":{\"@type\":\"EntryPoint\",\"urlTemplate\":\"https:\/\/conversesacatalunya.cat\/?s={search_term_string}\"},\"query-input\":{\"@type\":\"PropertyValueSpecification\",\"valueRequired\":true,\"valueName\":\"search_term_string\"}}],\"inLanguage\":\"es\"},{\"@type\":\"Person\",\"@id\":\"https:\/\/conversesacatalunya.cat\/#\/schema\/person\/c7d367ce5cf939081390b9cff82b9efa\",\"name\":\"Antoni Pedragosa\",\"image\":{\"@type\":\"ImageObject\",\"inLanguage\":\"es\",\"@id\":\"https:\/\/conversesacatalunya.cat\/#\/schema\/person\/image\/\",\"url\":\"https:\/\/conversesacatalunya.cat\/wp-content\/litespeed\/avatar\/a65bdd7b7b57e4f85109aaf65843a0eb.jpg?ver=1777376633\",\"contentUrl\":\"https:\/\/conversesacatalunya.cat\/wp-content\/litespeed\/avatar\/a65bdd7b7b57e4f85109aaf65843a0eb.jpg?ver=1777376633\",\"caption\":\"Antoni Pedragosa\"},\"url\":\"https:\/\/conversesacatalunya.cat\/es\/author\/antoni-pedragosa\/\"}]}<\/script>\n<!-- \/ Yoast SEO plugin. -->","yoast_head_json":{"title":"La pr\u00e1ctica de la tortura - Converses a Catalunya","description":"me da un papel que habla de la detenci\u00f3n de tres j\u00f3venes, que por lo que dice la nota tuvieron que declarar bajo tortura","robots":{"index":"index","follow":"follow","max-snippet":"max-snippet:-1","max-image-preview":"max-image-preview:large","max-video-preview":"max-video-preview:-1"},"canonical":"https:\/\/conversesacatalunya.cat\/la-practica-de-la-tortura\/","og_locale":"es_ES","og_type":"article","og_title":"La pr\u00e1ctica de la tortura - Converses a Catalunya","og_description":"me da un papel que habla de la detenci\u00f3n de tres j\u00f3venes, que por lo que dice la nota tuvieron que declarar bajo tortura","og_url":"https:\/\/conversesacatalunya.cat\/la-practica-de-la-tortura\/","og_site_name":"Converses a Catalunya","article_published_time":"2025-08-04T07:09:15+00:00","og_image":[{"width":640,"height":427,"url":"https:\/\/conversesacatalunya.cat\/wp-content\/uploads\/2021\/08\/tortura.jpg","type":"image\/jpeg"}],"author":"Antoni Pedragosa","twitter_card":"summary_large_image","twitter_misc":{"Escrito por":"Antoni Pedragosa","Tiempo de lectura":"2 minutos"},"schema":{"@context":"https:\/\/schema.org","@graph":[{"@type":"Article","@id":"https:\/\/conversesacatalunya.cat\/la-practica-de-la-tortura\/#article","isPartOf":{"@id":"https:\/\/conversesacatalunya.cat\/la-practica-de-la-tortura\/"},"author":{"name":"Antoni Pedragosa","@id":"https:\/\/conversesacatalunya.cat\/#\/schema\/person\/c7d367ce5cf939081390b9cff82b9efa"},"headline":"La pr\u00e1ctica de la tortura","datePublished":"2025-08-04T07:09:15+00:00","mainEntityOfPage":{"@id":"https:\/\/conversesacatalunya.cat\/la-practica-de-la-tortura\/"},"wordCount":479,"commentCount":0,"image":{"@id":"https:\/\/conversesacatalunya.cat\/la-practica-de-la-tortura\/#primaryimage"},"thumbnailUrl":"https:\/\/conversesacatalunya.cat\/wp-content\/uploads\/2021\/08\/tortura.jpg","keywords":["derechos humanos","drets humans"],"articleSection":["Opinem (ES)"],"inLanguage":"es","potentialAction":[{"@type":"CommentAction","name":"Comment","target":["https:\/\/conversesacatalunya.cat\/la-practica-de-la-tortura\/#respond"]}]},{"@type":"WebPage","@id":"https:\/\/conversesacatalunya.cat\/la-practica-de-la-tortura\/","url":"https:\/\/conversesacatalunya.cat\/la-practica-de-la-tortura\/","name":"La pr\u00e1ctica de la tortura - Converses a Catalunya","isPartOf":{"@id":"https:\/\/conversesacatalunya.cat\/#website"},"primaryImageOfPage":{"@id":"https:\/\/conversesacatalunya.cat\/la-practica-de-la-tortura\/#primaryimage"},"image":{"@id":"https:\/\/conversesacatalunya.cat\/la-practica-de-la-tortura\/#primaryimage"},"thumbnailUrl":"https:\/\/conversesacatalunya.cat\/wp-content\/uploads\/2021\/08\/tortura.jpg","datePublished":"2025-08-04T07:09:15+00:00","author":{"@id":"https:\/\/conversesacatalunya.cat\/#\/schema\/person\/c7d367ce5cf939081390b9cff82b9efa"},"description":"me da un papel que habla de la detenci\u00f3n de tres j\u00f3venes, que por lo que dice la nota tuvieron que declarar bajo tortura","breadcrumb":{"@id":"https:\/\/conversesacatalunya.cat\/la-practica-de-la-tortura\/#breadcrumb"},"inLanguage":"es","potentialAction":[{"@type":"ReadAction","target":["https:\/\/conversesacatalunya.cat\/la-practica-de-la-tortura\/"]}]},{"@type":"ImageObject","inLanguage":"es","@id":"https:\/\/conversesacatalunya.cat\/la-practica-de-la-tortura\/#primaryimage","url":"https:\/\/conversesacatalunya.cat\/wp-content\/uploads\/2021\/08\/tortura.jpg","contentUrl":"https:\/\/conversesacatalunya.cat\/wp-content\/uploads\/2021\/08\/tortura.jpg","width":640,"height":427,"caption":"tortura"},{"@type":"BreadcrumbList","@id":"https:\/\/conversesacatalunya.cat\/la-practica-de-la-tortura\/#breadcrumb","itemListElement":[{"@type":"ListItem","position":1,"name":"Inici","item":"https:\/\/conversesacatalunya.cat\/es\/"},{"@type":"ListItem","position":2,"name":"La pr\u00e1ctica de la tortura"}]},{"@type":"WebSite","@id":"https:\/\/conversesacatalunya.cat\/#website","url":"https:\/\/conversesacatalunya.cat\/","name":"Converses a Catalunya","description":"","potentialAction":[{"@type":"SearchAction","target":{"@type":"EntryPoint","urlTemplate":"https:\/\/conversesacatalunya.cat\/?s={search_term_string}"},"query-input":{"@type":"PropertyValueSpecification","valueRequired":true,"valueName":"search_term_string"}}],"inLanguage":"es"},{"@type":"Person","@id":"https:\/\/conversesacatalunya.cat\/#\/schema\/person\/c7d367ce5cf939081390b9cff82b9efa","name":"Antoni Pedragosa","image":{"@type":"ImageObject","inLanguage":"es","@id":"https:\/\/conversesacatalunya.cat\/#\/schema\/person\/image\/","url":"https:\/\/conversesacatalunya.cat\/wp-content\/litespeed\/avatar\/a65bdd7b7b57e4f85109aaf65843a0eb.jpg?ver=1777376633","contentUrl":"https:\/\/conversesacatalunya.cat\/wp-content\/litespeed\/avatar\/a65bdd7b7b57e4f85109aaf65843a0eb.jpg?ver=1777376633","caption":"Antoni Pedragosa"},"url":"https:\/\/conversesacatalunya.cat\/es\/author\/antoni-pedragosa\/"}]}},"wps_subtitle":"","_links":{"self":[{"href":"https:\/\/conversesacatalunya.cat\/es\/wp-json\/wp\/v2\/posts\/91012","targetHints":{"allow":["GET"]}}],"collection":[{"href":"https:\/\/conversesacatalunya.cat\/es\/wp-json\/wp\/v2\/posts"}],"about":[{"href":"https:\/\/conversesacatalunya.cat\/es\/wp-json\/wp\/v2\/types\/post"}],"author":[{"embeddable":true,"href":"https:\/\/conversesacatalunya.cat\/es\/wp-json\/wp\/v2\/users\/16"}],"replies":[{"embeddable":true,"href":"https:\/\/conversesacatalunya.cat\/es\/wp-json\/wp\/v2\/comments?post=91012"}],"version-history":[{"count":3,"href":"https:\/\/conversesacatalunya.cat\/es\/wp-json\/wp\/v2\/posts\/91012\/revisions"}],"predecessor-version":[{"id":91017,"href":"https:\/\/conversesacatalunya.cat\/es\/wp-json\/wp\/v2\/posts\/91012\/revisions\/91017"}],"wp:featuredmedia":[{"embeddable":true,"href":"https:\/\/conversesacatalunya.cat\/es\/wp-json\/wp\/v2\/media\/50526"}],"wp:attachment":[{"href":"https:\/\/conversesacatalunya.cat\/es\/wp-json\/wp\/v2\/media?parent=91012"}],"wp:term":[{"taxonomy":"category","embeddable":true,"href":"https:\/\/conversesacatalunya.cat\/es\/wp-json\/wp\/v2\/categories?post=91012"},{"taxonomy":"post_tag","embeddable":true,"href":"https:\/\/conversesacatalunya.cat\/es\/wp-json\/wp\/v2\/tags?post=91012"}],"curies":[{"name":"wp","href":"https:\/\/api.w.org\/{rel}","templated":true}]}}