{"id":90905,"date":"2025-07-30T11:01:27","date_gmt":"2025-07-30T09:01:27","guid":{"rendered":"https:\/\/conversesacatalunya.cat\/?p=90905"},"modified":"2025-08-18T06:54:05","modified_gmt":"2025-08-18T04:54:05","slug":"covid-19-y-dana-en-valencia-errores-que-se-repiten-y-nadie-corrige","status":"publish","type":"post","link":"https:\/\/conversesacatalunya.cat\/es\/covid-19-y-dana-en-valencia-errores-que-se-repiten-y-nadie-corrige\/","title":{"rendered":"La consideraci\u00f3n de cada d\u00eda: COVID-19 y DANA en Valencia: errores que se repiten y nadie corrige"},"content":{"rendered":"<p><em><span dir=\"auto\">Seg\u00fan san Bernardo de Claraval, autor de Sobre la Consideraci\u00f3n, dedicado al papa Eugenio III para ayudarle en su discernimiento:<\/span><\/em><\/p>\n<p><em><span dir=\"auto\">Considerar constituye una reflexi\u00f3n aguda del entendimiento o una aplicaci\u00f3n intensa del esp\u00edritu para descubrir la verdad.<\/span><\/em><\/p>\n<p><em><span dir=\"auto\">En t\u00e9rminos m\u00e1s generales, se refiere a la acci\u00f3n de reflexionar con atenci\u00f3n y detenimiento sobre algo, ponderar o tener en cuenta con atenci\u00f3n y cuidado los aspectos de una cuesti\u00f3n, situaci\u00f3n o persona.<\/span><\/em><\/p>\n<p><em><span dir=\"auto\">Sin ninguna garant\u00eda de alcanzarla, vale la pena intentar aplicarla a los eventos de la agenda p\u00fablica.<\/span><\/em><\/p>\n<p>Las malas decisiones del pasado \u2013los famosos \u201cpolvos\u201d\u2013 acaban teniendo consecuencias. Y lo que ocurri\u00f3 en Espa\u00f1a durante la pandemia de la COVID-19 fue una advertencia clara de c\u00f3mo, en cualquier nueva situaci\u00f3n cr\u00edtica, <strong>nuestra respuesta institucional puede volver a hacer aguas<\/strong>. El reciente caos ante la DANA en la Comunidad Valenciana lo confirma: cuando el Estado falla, la cat\u00e1strofe se multiplica.<\/p>\n<h3><strong>COVID-19: el desastre que nunca se quiso evaluar<\/strong><\/h3>\n<p>La gesti\u00f3n p\u00fablica de la<a href=\"https:\/\/conversesacatalunya.cat\/es\/espana-y-cataluna-abandonaron-personas-mayores-covid-19\/\" target=\"_blank\" rel=\"noopener\"><strong> pandemia<\/strong><\/a> fue, en t\u00e9rminos objetivos, un desastre. Espa\u00f1a registr\u00f3 uno de los mayores excesos de mortalidad en Europa durante 2020-2021: <strong>89.200 muertes en exceso entre enero de 2020 y junio de 2021<\/strong> (48.000 hombres y 41.200 mujeres), un 10% m\u00e1s que las cifras oficiales atribuidas al virus. En 2021, ese exceso fue de 29.310 muertes, frente a las 73.222 de 2020.<\/p>\n<p><strong>Las desigualdades regionales fueron alarmantes.<\/strong> Las comunidades m\u00e1s afectadas fueron Madrid (222 muertes por cada 100.000 habitantes), Castilla-La Mancha (209) y Catalu\u00f1a (155), frente a cifras muy inferiores en Baleares, Galicia o Canarias (esta \u00faltima con un dato incluso negativo: -210 muertes en exceso).<\/p>\n<h5><strong>La evoluci\u00f3n temporal muestra dos olas graves:<\/strong><\/h5>\n<p>Primera ola (marzo-mayo 2020): Madrid y Castilla-La Mancha superaron el 100% de exceso de mortalidad.<\/p>\n<p>Segunda ola (oto\u00f1o 2020): Hasta un 50% de exceso en las regiones m\u00e1s golpeadas.<\/p>\n<p>2021: Impacto m\u00e1s contenido, pero a\u00fan desigual.<\/p>\n<p><strong>En el conjunto de la UE<\/strong>, entre marzo y noviembre de 2020 se registraron unas 450.000 muertes en exceso, con picos del 25% (abril 2020), 40% (noviembre 2020), 21% (abril 2021) y 27% (noviembre 2021).<strong> Espa\u00f1a lider\u00f3 tristemente las cifras europeas en los primeros meses:<\/strong> un 54,3% en marzo y un 80,8% en abril de 2020, el mayor aumento de toda Europa.<\/p>\n<p><strong>La OMS confirm\u00f3 que Espa\u00f1a fue uno de los pa\u00edses con mayor exceso de mortalidad asociado a la pandemia y el segundo con mayor p\u00e9rdida de esperanza de vida entre los 29 pa\u00edses analizados.<\/strong><\/p>\n<h5><strong>\u00bfY nuestros vecinos?<\/strong><\/h5>\n<p><strong>Portugal<\/strong> tuvo 6.330 muertes en exceso entre marzo y octubre de 2020 (+12%); <strong>Italia<\/strong> sufri\u00f3 99.334 muertes en exceso (+18,8%) en 2020 y 61.808 (+9,5%) en 2021; y <strong>Francia<\/strong> \u201csolo\u201d \u00a0acumul\u00f3 49.352 muertes en exceso en 2020 y 43.028 en 2021.<\/p>\n<p><strong>Las causas de las diferencias fueron m\u00faltiples: <\/strong>Disponibilidad de camas UCI, Estrategias de detecci\u00f3n y testeo, Velocidad de reacci\u00f3n y confinamientos. Pero lo esencial es esto: pa\u00edses como Italia fueron golpeados primero e improvisaron con lo que ten\u00edan. Portugal tiene un sistema sanitario m\u00e1s d\u00e9bil.<\/p>\n<p>Y, sin embargo, ninguno gestion\u00f3 tan mal como Espa\u00f1a. En ciudades como<strong> Madrid y Barcelona las UCI colapsaban mientras otras regiones ten\u00edan camas libres<\/strong>. En Francia trasladaron pacientes graves en trenes medicalizados; en Espa\u00f1a ni se intent\u00f3. Por el contrario,<strong> se abus\u00f3 de confinamientos declarados luego inconstitucionales,<\/strong> lo que agrav\u00f3 la ca\u00edda econ\u00f3mica sin evitar, como vemos, una elevada mortalidad.<\/p>\n<p>Pese a todo ello, <strong>no ha habido investigaci\u00f3n parlamentaria ni rendici\u00f3n de cuentas.<\/strong> Ninguna comisi\u00f3n en el Congreso. El fracaso no solo no penaliz\u00f3, sino que se premi\u00f3: <strong>Salvador Illa, ministro responsable, fue blanqueado medi\u00e1ticamente y encumbrado como candidato a la presidencia de la Generalitat.<\/strong> En Espa\u00f1a se puede ser ineficaz hasta la inhumanidad\u2026 y salir reforzado.<\/p>\n<h3><strong>DANA en Valencia: repetimos el patr\u00f3n<\/strong><\/h3>\n<p>La reciente <a href=\"https:\/\/conversesacatalunya.cat\/es\/plan-reconstruccion-de-la-dana-pwc\/\" target=\"_blank\" rel=\"noopener\"><strong>DANA<\/strong><\/a> en la Comunidad Valenciana ha sido otro retrato de esta disfunci\u00f3n cr\u00f3nica.<strong> El informe de la UCO de la Guardia Civil desvela<\/strong> graves fallos de coordinaci\u00f3n entre Emergencias de la Generalitat, la Agencia Estatal de Meteorolog\u00eda (AEMET) y la Confederaci\u00f3n Hidrogr\u00e1fica del J\u00facar (CHJ). A ello se suma un presunto fraude curricular del delegado del Gobierno para la DANA, designado por el PSOE.<\/p>\n<p>La respuesta institucional fue err\u00e1tica y tard\u00eda. Fall\u00f3 la Generalitat, incapaz de coordinar su servicio de emergencias. Fall\u00f3 el presidente Maz\u00f3n, sin reflejos ni capacidad ejecutiva. Fallaron las cadenas de mando.<strong> El resultado fue una escena de caos donde cada organismo culpaba al otro mientras la ciudadan\u00eda queda<\/strong>ba desamparada.<\/p>\n<p>Como en la pandemia, <strong>el problema de fondo no fue solo t\u00e9cnico, sino estructural<\/strong>: una administraci\u00f3n partitocr\u00e1tica que premia la obediencia al aparato sobre la preparaci\u00f3n profesional. Una estructura donde la lealtad ideol\u00f3gica vale m\u00e1s que la competencia t\u00e9cnica. Y donde nadie responde de nada.<\/p>\n<p><img fetchpriority=\"high\" decoding=\"async\" class=\"alignnone wp-image-90911 size-full\" src=\"https:\/\/conversesacatalunya.cat\/wp-content\/uploads\/2025\/07\/COVID-19-DANA.jpg\" alt=\"\" width=\"569\" height=\"725\" srcset=\"https:\/\/conversesacatalunya.cat\/wp-content\/uploads\/2025\/07\/COVID-19-DANA.jpg 569w, https:\/\/conversesacatalunya.cat\/wp-content\/uploads\/2025\/07\/COVID-19-DANA-235x300.jpg 235w\" sizes=\"(max-width: 569px) 100vw, 569px\" \/><\/p>\n<h4><strong>Una lecci\u00f3n no aprendida<\/strong><\/h4>\n<p>COVID-19 y DANA comparten un mismo patr\u00f3n: ausencia de planificaci\u00f3n, improvisaci\u00f3n, propaganda en vez de transparencia, y un sistema institucional que reh\u00faye cualquier forma de auditor\u00eda. Por eso, el pa\u00eds tropieza una y otra vez con la misma piedra.<\/p>\n<p><strong>Lo que necesitamos es un <u>libro blanco independiente<\/u><\/strong>, que analice a fondo los errores cometidos, tanto en la pandemia como en emergencias posteriores. Y, sobre todo, necesitamos una reforma estructural: <strong>romper con una partitocracia asfixiante que sit\u00faa al frente de organismos clave no a los mejores, sino a los m\u00e1s serviles.<\/strong><\/p>\n<p>Vamos mal. Y si no cambiamos de rumbo, los pr\u00f3ximos polvos traer\u00e1n lodos a\u00fan peores.<\/p>\n<span class='bctt-click-to-tweet'><span class='bctt-ctt-text'><a href='https:\/\/twitter.com\/intent\/tweet?url=https%3A%2F%2Fconversesacatalunya.cat%2Fes%2Fcovid-19-y-dana-en-valencia-errores-que-se-repiten-y-nadie-corrige%2F&#038;text=La%20COVID-19%20fue%20una%20tragedia%20mal%20gestionada.%20La%20DANA%20en%20Valencia%2C%20otra%20prueba%20de%20que%20no%20aprendimos%20nada.%20%23COVID19%20%23DANA%20%23Valencia%20%23Incompetencia%20%23Espa%C3%B1a&#038;via=conversesacat&#038;related=conversesacat' target='_blank'rel=\"noopener noreferrer\">La COVID-19 fue una tragedia mal gestionada. La DANA en Valencia, otra prueba de que no aprendimos nada. #COVID19 #DANA #Valencia #Incompetencia #Espa\u00f1a <\/a><\/span><a href='https:\/\/twitter.com\/intent\/tweet?url=https%3A%2F%2Fconversesacatalunya.cat%2Fes%2Fcovid-19-y-dana-en-valencia-errores-que-se-repiten-y-nadie-corrige%2F&#038;text=La%20COVID-19%20fue%20una%20tragedia%20mal%20gestionada.%20La%20DANA%20en%20Valencia%2C%20otra%20prueba%20de%20que%20no%20aprendimos%20nada.%20%23COVID19%20%23DANA%20%23Valencia%20%23Incompetencia%20%23Espa%C3%B1a&#038;via=conversesacat&#038;related=conversesacat' target='_blank' class='bctt-ctt-btn'rel=\"noopener noreferrer\">Compartir en X<\/a><\/span>\n<div id=\"polls-293\" class=\"wp-polls\">\n\t<form id=\"polls_form_293\" class=\"wp-polls-form\" action=\"\/index.php\" method=\"post\">\n\t\t<p style=\"display: none;\"><input type=\"hidden\" id=\"poll_293_nonce\" name=\"wp-polls-nonce\" value=\"e9821952e2\" \/><\/p>\n\t\t<p style=\"display: none;\"><input type=\"hidden\" name=\"poll_id\" value=\"293\" \/><\/p>\n\t\t<p style=\"text-align: center\"><strong>L'acord aranzelari de la UE amb els EUA, creus que \u00e9s la millor soluci\u00f3 que es podia anar a buscar?<\/strong><\/p><div id=\"polls-293-ans\" class=\"wp-polls-ans\"><ul class=\"wp-polls-ul\">\n\t\t<li><input type=\"radio\" id=\"poll-answer-836\" name=\"poll_293\" value=\"836\" \/> <label for=\"poll-answer-836\">S\u00ed<\/label><\/li>\n\t\t<li><input type=\"radio\" id=\"poll-answer-837\" name=\"poll_293\" value=\"837\" \/> <label for=\"poll-answer-837\">No<\/label><\/li>\n\t\t<li><input type=\"radio\" id=\"poll-answer-838\" name=\"poll_293\" value=\"838\" \/> <label for=\"poll-answer-838\">No ho s\u00e9<\/label><\/li>\n\t\t<\/ul><p style=\"text-align: center\"><input type=\"button\" name=\"vote\" value=\"   Vota   \" class=\"Buttons\" onclick=\"poll_vote(293);\" \/><\/p><p style=\"text-align: center\"><a href=\"#ViewPollResults\" onclick=\"poll_result(293); return false;\" title=\"View Results Of This Poll\">Mira els resultats<\/a><\/p><\/div>\n\t<\/form>\n<\/div>\n<div id=\"polls-293-loading\" class=\"wp-polls-loading\"><img decoding=\"async\" data-src=\"https:\/\/conversesacatalunya.cat\/wp-content\/plugins\/wp-polls\/images\/loading.gif\" width=\"16\" height=\"16\" alt=\"Cargando ...\" title=\"Cargando ...\" class=\"wp-polls-image lazyload\" src=\"data:image\/svg+xml;base64,PHN2ZyB3aWR0aD0iMSIgaGVpZ2h0PSIxIiB4bWxucz0iaHR0cDovL3d3dy53My5vcmcvMjAwMC9zdmciPjwvc3ZnPg==\" style=\"--smush-placeholder-width: 16px; --smush-placeholder-aspect-ratio: 16\/16;\" \/>&nbsp;Cargando ...<\/div>\n\n","protected":false},"excerpt":{"rendered":"<p>Seg\u00fan san Bernardo de Claraval, autor de Sobre la Consideraci\u00f3n, dedicado al papa Eugenio III para ayudarle en su discernimiento: Considerar constituye una reflexi\u00f3n aguda del entendimiento o una aplicaci\u00f3n intensa del esp\u00edritu para descubrir la verdad. En t\u00e9rminos m\u00e1s generales, se refiere a la acci\u00f3n de reflexionar con atenci\u00f3n y detenimiento sobre algo, ponderar o tener en cuenta con atenci\u00f3n y cuidado los aspectos de una cuesti\u00f3n, situaci\u00f3n o persona. Sin ninguna garant\u00eda de alcanzarla, vale la pena intentar aplicarla a los eventos de la agenda p\u00fablica. Las malas decisiones del pasado \u2013los famosos \u201cpolvos\u201d\u2013 acaban teniendo consecuencias. Y lo que ocurri\u00f3 en Espa\u00f1a durante la pandemia de la COVID-19 fue una advertencia clara de c\u00f3mo, en cualquier nueva situaci\u00f3n cr\u00edtica, nuestra respuesta institucional puede volver a hacer aguas. El reciente caos ante la DANA en la Comunidad Valenciana lo confirma: cuando el Estado falla, la cat\u00e1strofe se multiplica. COVID-19: el desastre que nunca se quiso evaluar La gesti\u00f3n p\u00fablica de la pandemia fue, en t\u00e9rminos objetivos, un desastre. Espa\u00f1a registr\u00f3 uno de los mayores excesos de mortalidad en Europa durante 2020-2021: 89.200 muertes en exceso entre enero de 2020 y junio de 2021 (48.000 hombres y 41.200 mujeres), un 10% m\u00e1s que las cifras oficiales atribuidas al virus. En 2021, ese exceso fue de 29.310 muertes, frente a las 73.222 de 2020. Las desigualdades regionales fueron alarmantes. Las comunidades m\u00e1s afectadas fueron Madrid (222 muertes por cada 100.000 habitantes), Castilla-La Mancha (209) y Catalu\u00f1a (155), frente a cifras muy inferiores en Baleares, Galicia o Canarias (esta \u00faltima con un dato incluso negativo: -210 muertes en exceso). La evoluci\u00f3n temporal muestra dos olas graves: Primera ola (marzo-mayo 2020): Madrid y Castilla-La Mancha superaron el 100% de exceso de mortalidad. Segunda ola (oto\u00f1o 2020): Hasta un 50% de exceso en las regiones m\u00e1s golpeadas. 2021: Impacto m\u00e1s contenido, pero a\u00fan desigual. En el conjunto de la UE, entre marzo y noviembre de 2020 se registraron unas 450.000 muertes en exceso, con picos del 25% (abril 2020), 40% (noviembre 2020), 21% (abril 2021) y 27% (noviembre 2021). Espa\u00f1a lider\u00f3 tristemente las cifras europeas en los primeros meses: un 54,3% en marzo y un 80,8% en abril de 2020, el mayor aumento de toda Europa. La OMS confirm\u00f3 que Espa\u00f1a fue uno de los pa\u00edses con mayor exceso de mortalidad asociado a la pandemia y el segundo con mayor p\u00e9rdida de esperanza de vida entre los 29 pa\u00edses analizados. \u00bfY nuestros vecinos? Portugal tuvo 6.330 muertes en exceso entre marzo y octubre de 2020 (+12%); Italia sufri\u00f3 99.334 muertes en exceso (+18,8%) en 2020 y 61.808 (+9,5%) en 2021; y Francia \u201csolo\u201d \u00a0acumul\u00f3 49.352 muertes en exceso en 2020 y 43.028 en 2021. Las causas de las diferencias fueron m\u00faltiples: Disponibilidad de camas UCI, Estrategias de detecci\u00f3n y testeo, Velocidad de reacci\u00f3n y confinamientos. Pero lo esencial es esto: pa\u00edses como Italia fueron golpeados primero e improvisaron con lo que ten\u00edan. Portugal tiene un sistema sanitario m\u00e1s d\u00e9bil. Y, sin embargo, ninguno gestion\u00f3 tan mal como Espa\u00f1a. En ciudades como Madrid y Barcelona las UCI colapsaban mientras otras regiones ten\u00edan camas libres. En Francia trasladaron pacientes graves en trenes medicalizados; en Espa\u00f1a ni se intent\u00f3. Por el contrario, se abus\u00f3 de confinamientos declarados luego inconstitucionales, lo que agrav\u00f3 la ca\u00edda econ\u00f3mica sin evitar, como vemos, una elevada mortalidad. Pese a todo ello, no ha habido investigaci\u00f3n parlamentaria ni rendici\u00f3n de cuentas. Ninguna comisi\u00f3n en el Congreso. El fracaso no solo no penaliz\u00f3, sino que se premi\u00f3: Salvador Illa, ministro responsable, fue blanqueado medi\u00e1ticamente y encumbrado como candidato a la presidencia de la Generalitat. En Espa\u00f1a se puede ser ineficaz hasta la inhumanidad\u2026 y salir reforzado. DANA en Valencia: repetimos el patr\u00f3n La reciente DANA en la Comunidad Valenciana ha sido otro retrato de esta disfunci\u00f3n cr\u00f3nica. El informe de la UCO de la Guardia Civil desvela graves fallos de coordinaci\u00f3n entre Emergencias de la Generalitat, la Agencia Estatal de Meteorolog\u00eda (AEMET) y la Confederaci\u00f3n Hidrogr\u00e1fica del J\u00facar (CHJ). A ello se suma un presunto fraude curricular del delegado del Gobierno para la DANA, designado por el PSOE. La respuesta institucional fue err\u00e1tica y tard\u00eda. Fall\u00f3 la Generalitat, incapaz de coordinar su servicio de emergencias. Fall\u00f3 el presidente Maz\u00f3n, sin reflejos ni capacidad ejecutiva. Fallaron las cadenas de mando. El resultado fue una escena de caos donde cada organismo culpaba al otro mientras la ciudadan\u00eda quedaba desamparada. Como en la pandemia, el problema de fondo no fue solo t\u00e9cnico, sino estructural: una administraci\u00f3n partitocr\u00e1tica que premia la obediencia al aparato sobre la preparaci\u00f3n profesional. Una estructura donde la lealtad ideol\u00f3gica vale m\u00e1s que la competencia t\u00e9cnica. Y donde nadie responde de nada. Una lecci\u00f3n no aprendida COVID-19 y DANA comparten un mismo patr\u00f3n: ausencia de planificaci\u00f3n, improvisaci\u00f3n, propaganda en vez de transparencia, y un sistema institucional que reh\u00faye cualquier forma de auditor\u00eda. Por eso, el pa\u00eds tropieza una y otra vez con la misma piedra. Lo que necesitamos es un libro blanco independiente, que analice a fondo los errores cometidos, tanto en la pandemia como en emergencias posteriores. Y, sobre todo, necesitamos una reforma estructural: romper con una partitocracia asfixiante que sit\u00faa al frente de organismos clave no a los mejores, sino a los m\u00e1s serviles. Vamos mal. Y si no cambiamos de rumbo, los pr\u00f3ximos polvos traer\u00e1n lodos a\u00fan peores.<\/p>\n","protected":false},"author":19,"featured_media":90915,"comment_status":"open","ping_status":"open","sticky":false,"template":"","format":"standard","meta":{"_FSMCFIC_featured_image_caption":"","_FSMCFIC_featured_image_nocaption":"","_FSMCFIC_featured_image_hide":"","footnotes":""},"categories":[796],"tags":[1913,5212],"class_list":["post-90905","post","type-post","status-publish","format-standard","has-post-thumbnail","hentry","category-el-blog-de-josep-miro-i-ardevol-es","tag-covid-19-es","tag-dana-es"],"yoast_head":"<!-- This site is optimized with the Yoast SEO plugin v26.8 - https:\/\/yoast.com\/product\/yoast-seo-wordpress\/ -->\n<title>La consideraci\u00f3n de cada d\u00eda: COVID-19 y DANA en Valencia: errores que se repiten y nadie corrige - Converses a Catalunya<\/title>\n<meta name=\"description\" content=\"COVID-19 y DANA comparten un mismo patr\u00f3n: ausencia de planificaci\u00f3n, improvisaci\u00f3n, propaganda en vez de transparencia\" \/>\n<meta name=\"robots\" content=\"index, follow, max-snippet:-1, max-image-preview:large, max-video-preview:-1\" \/>\n<link rel=\"canonical\" href=\"https:\/\/conversesacatalunya.cat\/es\/covid-19-y-dana-en-valencia-errores-que-se-repiten-y-nadie-corrige\/\" \/>\n<meta property=\"og:locale\" content=\"es_ES\" \/>\n<meta property=\"og:type\" content=\"article\" \/>\n<meta property=\"og:title\" content=\"La consideraci\u00f3n de cada d\u00eda: COVID-19 y DANA en Valencia: errores que se repiten y nadie corrige - Converses a Catalunya\" \/>\n<meta property=\"og:description\" content=\"COVID-19 y DANA comparten un mismo patr\u00f3n: ausencia de planificaci\u00f3n, improvisaci\u00f3n, propaganda en vez de transparencia\" \/>\n<meta property=\"og:url\" content=\"https:\/\/conversesacatalunya.cat\/es\/covid-19-y-dana-en-valencia-errores-que-se-repiten-y-nadie-corrige\/\" \/>\n<meta property=\"og:site_name\" content=\"Converses a Catalunya\" \/>\n<meta property=\"article:published_time\" content=\"2025-07-30T09:01:27+00:00\" \/>\n<meta property=\"article:modified_time\" content=\"2025-08-18T04:54:05+00:00\" \/>\n<meta property=\"og:image\" content=\"https:\/\/conversesacatalunya.cat\/wp-content\/uploads\/2025\/07\/flooded-5330617_640.jpg\" \/>\n\t<meta property=\"og:image:width\" content=\"640\" \/>\n\t<meta property=\"og:image:height\" content=\"427\" \/>\n\t<meta property=\"og:image:type\" content=\"image\/jpeg\" \/>\n<meta name=\"author\" content=\"Josep Mir\u00f3 i Ard\u00e8vol\" \/>\n<meta name=\"twitter:card\" content=\"summary_large_image\" \/>\n<meta name=\"twitter:label1\" content=\"Escrito por\" \/>\n\t<meta name=\"twitter:data1\" content=\"Josep Mir\u00f3 i Ard\u00e8vol\" \/>\n\t<meta name=\"twitter:label2\" content=\"Tiempo de lectura\" \/>\n\t<meta name=\"twitter:data2\" content=\"5 minutos\" \/>\n<script type=\"application\/ld+json\" class=\"yoast-schema-graph\">{\"@context\":\"https:\/\/schema.org\",\"@graph\":[{\"@type\":\"Article\",\"@id\":\"https:\/\/conversesacatalunya.cat\/es\/covid-19-y-dana-en-valencia-errores-que-se-repiten-y-nadie-corrige\/#article\",\"isPartOf\":{\"@id\":\"https:\/\/conversesacatalunya.cat\/es\/covid-19-y-dana-en-valencia-errores-que-se-repiten-y-nadie-corrige\/\"},\"author\":{\"name\":\"Josep Mir\u00f3 i Ard\u00e8vol\",\"@id\":\"https:\/\/conversesacatalunya.cat\/#\/schema\/person\/a9598a6786ba7d3d1c5e0de477b79370\"},\"headline\":\"La consideraci\u00f3n de cada d\u00eda: COVID-19 y DANA en Valencia: errores que se repiten y nadie corrige\",\"datePublished\":\"2025-07-30T09:01:27+00:00\",\"dateModified\":\"2025-08-18T04:54:05+00:00\",\"mainEntityOfPage\":{\"@id\":\"https:\/\/conversesacatalunya.cat\/es\/covid-19-y-dana-en-valencia-errores-que-se-repiten-y-nadie-corrige\/\"},\"wordCount\":975,\"commentCount\":0,\"image\":{\"@id\":\"https:\/\/conversesacatalunya.cat\/es\/covid-19-y-dana-en-valencia-errores-que-se-repiten-y-nadie-corrige\/#primaryimage\"},\"thumbnailUrl\":\"https:\/\/conversesacatalunya.cat\/wp-content\/uploads\/2025\/07\/flooded-5330617_640.jpg\",\"keywords\":[\"Covid-19\",\"DANA\"],\"articleSection\":[\"El Blog de Josep Mir\u00f3 i Ard\u00e8vol (ES)\"],\"inLanguage\":\"es\",\"potentialAction\":[{\"@type\":\"CommentAction\",\"name\":\"Comment\",\"target\":[\"https:\/\/conversesacatalunya.cat\/es\/covid-19-y-dana-en-valencia-errores-que-se-repiten-y-nadie-corrige\/#respond\"]}]},{\"@type\":\"WebPage\",\"@id\":\"https:\/\/conversesacatalunya.cat\/es\/covid-19-y-dana-en-valencia-errores-que-se-repiten-y-nadie-corrige\/\",\"url\":\"https:\/\/conversesacatalunya.cat\/es\/covid-19-y-dana-en-valencia-errores-que-se-repiten-y-nadie-corrige\/\",\"name\":\"La consideraci\u00f3n de cada d\u00eda: COVID-19 y DANA en Valencia: errores que se repiten y nadie corrige - Converses a Catalunya\",\"isPartOf\":{\"@id\":\"https:\/\/conversesacatalunya.cat\/#website\"},\"primaryImageOfPage\":{\"@id\":\"https:\/\/conversesacatalunya.cat\/es\/covid-19-y-dana-en-valencia-errores-que-se-repiten-y-nadie-corrige\/#primaryimage\"},\"image\":{\"@id\":\"https:\/\/conversesacatalunya.cat\/es\/covid-19-y-dana-en-valencia-errores-que-se-repiten-y-nadie-corrige\/#primaryimage\"},\"thumbnailUrl\":\"https:\/\/conversesacatalunya.cat\/wp-content\/uploads\/2025\/07\/flooded-5330617_640.jpg\",\"datePublished\":\"2025-07-30T09:01:27+00:00\",\"dateModified\":\"2025-08-18T04:54:05+00:00\",\"author\":{\"@id\":\"https:\/\/conversesacatalunya.cat\/#\/schema\/person\/a9598a6786ba7d3d1c5e0de477b79370\"},\"description\":\"COVID-19 y DANA comparten un mismo patr\u00f3n: ausencia de planificaci\u00f3n, improvisaci\u00f3n, propaganda en vez de transparencia\",\"breadcrumb\":{\"@id\":\"https:\/\/conversesacatalunya.cat\/es\/covid-19-y-dana-en-valencia-errores-que-se-repiten-y-nadie-corrige\/#breadcrumb\"},\"inLanguage\":\"es\",\"potentialAction\":[{\"@type\":\"ReadAction\",\"target\":[\"https:\/\/conversesacatalunya.cat\/es\/covid-19-y-dana-en-valencia-errores-que-se-repiten-y-nadie-corrige\/\"]}]},{\"@type\":\"ImageObject\",\"inLanguage\":\"es\",\"@id\":\"https:\/\/conversesacatalunya.cat\/es\/covid-19-y-dana-en-valencia-errores-que-se-repiten-y-nadie-corrige\/#primaryimage\",\"url\":\"https:\/\/conversesacatalunya.cat\/wp-content\/uploads\/2025\/07\/flooded-5330617_640.jpg\",\"contentUrl\":\"https:\/\/conversesacatalunya.cat\/wp-content\/uploads\/2025\/07\/flooded-5330617_640.jpg\",\"width\":640,\"height\":427,\"caption\":\"COVID-19 DANA\"},{\"@type\":\"BreadcrumbList\",\"@id\":\"https:\/\/conversesacatalunya.cat\/es\/covid-19-y-dana-en-valencia-errores-que-se-repiten-y-nadie-corrige\/#breadcrumb\",\"itemListElement\":[{\"@type\":\"ListItem\",\"position\":1,\"name\":\"Inici\",\"item\":\"https:\/\/conversesacatalunya.cat\/es\/\"},{\"@type\":\"ListItem\",\"position\":2,\"name\":\"La consideraci\u00f3n de cada d\u00eda: COVID-19 y DANA en Valencia: errores que se repiten y nadie corrige\"}]},{\"@type\":\"WebSite\",\"@id\":\"https:\/\/conversesacatalunya.cat\/#website\",\"url\":\"https:\/\/conversesacatalunya.cat\/\",\"name\":\"Converses a Catalunya\",\"description\":\"\",\"potentialAction\":[{\"@type\":\"SearchAction\",\"target\":{\"@type\":\"EntryPoint\",\"urlTemplate\":\"https:\/\/conversesacatalunya.cat\/?s={search_term_string}\"},\"query-input\":{\"@type\":\"PropertyValueSpecification\",\"valueRequired\":true,\"valueName\":\"search_term_string\"}}],\"inLanguage\":\"es\"},{\"@type\":\"Person\",\"@id\":\"https:\/\/conversesacatalunya.cat\/#\/schema\/person\/a9598a6786ba7d3d1c5e0de477b79370\",\"name\":\"Josep Mir\u00f3 i Ard\u00e8vol\",\"image\":{\"@type\":\"ImageObject\",\"inLanguage\":\"es\",\"@id\":\"https:\/\/conversesacatalunya.cat\/#\/schema\/person\/image\/\",\"url\":\"https:\/\/conversesacatalunya.cat\/wp-content\/litespeed\/avatar\/c37e3dc881857483d6694cdf98fdedea.jpg?ver=1777270381\",\"contentUrl\":\"https:\/\/conversesacatalunya.cat\/wp-content\/litespeed\/avatar\/c37e3dc881857483d6694cdf98fdedea.jpg?ver=1777270381\",\"caption\":\"Josep Mir\u00f3 i Ard\u00e8vol\"},\"url\":\"https:\/\/conversesacatalunya.cat\/es\/author\/josep-miro-i-ardevol\/\"}]}<\/script>\n<!-- \/ Yoast SEO plugin. -->","yoast_head_json":{"title":"La consideraci\u00f3n de cada d\u00eda: COVID-19 y DANA en Valencia: errores que se repiten y nadie corrige - Converses a Catalunya","description":"COVID-19 y DANA comparten un mismo patr\u00f3n: ausencia de planificaci\u00f3n, improvisaci\u00f3n, propaganda en vez de transparencia","robots":{"index":"index","follow":"follow","max-snippet":"max-snippet:-1","max-image-preview":"max-image-preview:large","max-video-preview":"max-video-preview:-1"},"canonical":"https:\/\/conversesacatalunya.cat\/es\/covid-19-y-dana-en-valencia-errores-que-se-repiten-y-nadie-corrige\/","og_locale":"es_ES","og_type":"article","og_title":"La consideraci\u00f3n de cada d\u00eda: COVID-19 y DANA en Valencia: errores que se repiten y nadie corrige - Converses a Catalunya","og_description":"COVID-19 y DANA comparten un mismo patr\u00f3n: ausencia de planificaci\u00f3n, improvisaci\u00f3n, propaganda en vez de transparencia","og_url":"https:\/\/conversesacatalunya.cat\/es\/covid-19-y-dana-en-valencia-errores-que-se-repiten-y-nadie-corrige\/","og_site_name":"Converses a Catalunya","article_published_time":"2025-07-30T09:01:27+00:00","article_modified_time":"2025-08-18T04:54:05+00:00","og_image":[{"width":640,"height":427,"url":"https:\/\/conversesacatalunya.cat\/wp-content\/uploads\/2025\/07\/flooded-5330617_640.jpg","type":"image\/jpeg"}],"author":"Josep Mir\u00f3 i Ard\u00e8vol","twitter_card":"summary_large_image","twitter_misc":{"Escrito por":"Josep Mir\u00f3 i Ard\u00e8vol","Tiempo de lectura":"5 minutos"},"schema":{"@context":"https:\/\/schema.org","@graph":[{"@type":"Article","@id":"https:\/\/conversesacatalunya.cat\/es\/covid-19-y-dana-en-valencia-errores-que-se-repiten-y-nadie-corrige\/#article","isPartOf":{"@id":"https:\/\/conversesacatalunya.cat\/es\/covid-19-y-dana-en-valencia-errores-que-se-repiten-y-nadie-corrige\/"},"author":{"name":"Josep Mir\u00f3 i Ard\u00e8vol","@id":"https:\/\/conversesacatalunya.cat\/#\/schema\/person\/a9598a6786ba7d3d1c5e0de477b79370"},"headline":"La consideraci\u00f3n de cada d\u00eda: COVID-19 y DANA en Valencia: errores que se repiten y nadie corrige","datePublished":"2025-07-30T09:01:27+00:00","dateModified":"2025-08-18T04:54:05+00:00","mainEntityOfPage":{"@id":"https:\/\/conversesacatalunya.cat\/es\/covid-19-y-dana-en-valencia-errores-que-se-repiten-y-nadie-corrige\/"},"wordCount":975,"commentCount":0,"image":{"@id":"https:\/\/conversesacatalunya.cat\/es\/covid-19-y-dana-en-valencia-errores-que-se-repiten-y-nadie-corrige\/#primaryimage"},"thumbnailUrl":"https:\/\/conversesacatalunya.cat\/wp-content\/uploads\/2025\/07\/flooded-5330617_640.jpg","keywords":["Covid-19","DANA"],"articleSection":["El Blog de Josep Mir\u00f3 i Ard\u00e8vol (ES)"],"inLanguage":"es","potentialAction":[{"@type":"CommentAction","name":"Comment","target":["https:\/\/conversesacatalunya.cat\/es\/covid-19-y-dana-en-valencia-errores-que-se-repiten-y-nadie-corrige\/#respond"]}]},{"@type":"WebPage","@id":"https:\/\/conversesacatalunya.cat\/es\/covid-19-y-dana-en-valencia-errores-que-se-repiten-y-nadie-corrige\/","url":"https:\/\/conversesacatalunya.cat\/es\/covid-19-y-dana-en-valencia-errores-que-se-repiten-y-nadie-corrige\/","name":"La consideraci\u00f3n de cada d\u00eda: COVID-19 y DANA en Valencia: errores que se repiten y nadie corrige - Converses a Catalunya","isPartOf":{"@id":"https:\/\/conversesacatalunya.cat\/#website"},"primaryImageOfPage":{"@id":"https:\/\/conversesacatalunya.cat\/es\/covid-19-y-dana-en-valencia-errores-que-se-repiten-y-nadie-corrige\/#primaryimage"},"image":{"@id":"https:\/\/conversesacatalunya.cat\/es\/covid-19-y-dana-en-valencia-errores-que-se-repiten-y-nadie-corrige\/#primaryimage"},"thumbnailUrl":"https:\/\/conversesacatalunya.cat\/wp-content\/uploads\/2025\/07\/flooded-5330617_640.jpg","datePublished":"2025-07-30T09:01:27+00:00","dateModified":"2025-08-18T04:54:05+00:00","author":{"@id":"https:\/\/conversesacatalunya.cat\/#\/schema\/person\/a9598a6786ba7d3d1c5e0de477b79370"},"description":"COVID-19 y DANA comparten un mismo patr\u00f3n: ausencia de planificaci\u00f3n, improvisaci\u00f3n, propaganda en vez de transparencia","breadcrumb":{"@id":"https:\/\/conversesacatalunya.cat\/es\/covid-19-y-dana-en-valencia-errores-que-se-repiten-y-nadie-corrige\/#breadcrumb"},"inLanguage":"es","potentialAction":[{"@type":"ReadAction","target":["https:\/\/conversesacatalunya.cat\/es\/covid-19-y-dana-en-valencia-errores-que-se-repiten-y-nadie-corrige\/"]}]},{"@type":"ImageObject","inLanguage":"es","@id":"https:\/\/conversesacatalunya.cat\/es\/covid-19-y-dana-en-valencia-errores-que-se-repiten-y-nadie-corrige\/#primaryimage","url":"https:\/\/conversesacatalunya.cat\/wp-content\/uploads\/2025\/07\/flooded-5330617_640.jpg","contentUrl":"https:\/\/conversesacatalunya.cat\/wp-content\/uploads\/2025\/07\/flooded-5330617_640.jpg","width":640,"height":427,"caption":"COVID-19 DANA"},{"@type":"BreadcrumbList","@id":"https:\/\/conversesacatalunya.cat\/es\/covid-19-y-dana-en-valencia-errores-que-se-repiten-y-nadie-corrige\/#breadcrumb","itemListElement":[{"@type":"ListItem","position":1,"name":"Inici","item":"https:\/\/conversesacatalunya.cat\/es\/"},{"@type":"ListItem","position":2,"name":"La consideraci\u00f3n de cada d\u00eda: COVID-19 y DANA en Valencia: errores que se repiten y nadie corrige"}]},{"@type":"WebSite","@id":"https:\/\/conversesacatalunya.cat\/#website","url":"https:\/\/conversesacatalunya.cat\/","name":"Converses a Catalunya","description":"","potentialAction":[{"@type":"SearchAction","target":{"@type":"EntryPoint","urlTemplate":"https:\/\/conversesacatalunya.cat\/?s={search_term_string}"},"query-input":{"@type":"PropertyValueSpecification","valueRequired":true,"valueName":"search_term_string"}}],"inLanguage":"es"},{"@type":"Person","@id":"https:\/\/conversesacatalunya.cat\/#\/schema\/person\/a9598a6786ba7d3d1c5e0de477b79370","name":"Josep Mir\u00f3 i Ard\u00e8vol","image":{"@type":"ImageObject","inLanguage":"es","@id":"https:\/\/conversesacatalunya.cat\/#\/schema\/person\/image\/","url":"https:\/\/conversesacatalunya.cat\/wp-content\/litespeed\/avatar\/c37e3dc881857483d6694cdf98fdedea.jpg?ver=1777270381","contentUrl":"https:\/\/conversesacatalunya.cat\/wp-content\/litespeed\/avatar\/c37e3dc881857483d6694cdf98fdedea.jpg?ver=1777270381","caption":"Josep Mir\u00f3 i Ard\u00e8vol"},"url":"https:\/\/conversesacatalunya.cat\/es\/author\/josep-miro-i-ardevol\/"}]}},"wps_subtitle":"Necesitamos una reforma estructural: romper con una partitocracia asfixiante que sit\u00faa al frente de organismos clave no a los mejores, sino a los m\u00e1s serviles.","_links":{"self":[{"href":"https:\/\/conversesacatalunya.cat\/es\/wp-json\/wp\/v2\/posts\/90905","targetHints":{"allow":["GET"]}}],"collection":[{"href":"https:\/\/conversesacatalunya.cat\/es\/wp-json\/wp\/v2\/posts"}],"about":[{"href":"https:\/\/conversesacatalunya.cat\/es\/wp-json\/wp\/v2\/types\/post"}],"author":[{"embeddable":true,"href":"https:\/\/conversesacatalunya.cat\/es\/wp-json\/wp\/v2\/users\/19"}],"replies":[{"embeddable":true,"href":"https:\/\/conversesacatalunya.cat\/es\/wp-json\/wp\/v2\/comments?post=90905"}],"version-history":[{"count":8,"href":"https:\/\/conversesacatalunya.cat\/es\/wp-json\/wp\/v2\/posts\/90905\/revisions"}],"predecessor-version":[{"id":90922,"href":"https:\/\/conversesacatalunya.cat\/es\/wp-json\/wp\/v2\/posts\/90905\/revisions\/90922"}],"wp:featuredmedia":[{"embeddable":true,"href":"https:\/\/conversesacatalunya.cat\/es\/wp-json\/wp\/v2\/media\/90915"}],"wp:attachment":[{"href":"https:\/\/conversesacatalunya.cat\/es\/wp-json\/wp\/v2\/media?parent=90905"}],"wp:term":[{"taxonomy":"category","embeddable":true,"href":"https:\/\/conversesacatalunya.cat\/es\/wp-json\/wp\/v2\/categories?post=90905"},{"taxonomy":"post_tag","embeddable":true,"href":"https:\/\/conversesacatalunya.cat\/es\/wp-json\/wp\/v2\/tags?post=90905"}],"curies":[{"name":"wp","href":"https:\/\/api.w.org\/{rel}","templated":true}]}}