{"id":90876,"date":"2025-07-28T12:47:27","date_gmt":"2025-07-28T10:47:27","guid":{"rendered":"https:\/\/conversesacatalunya.cat\/?p=90876"},"modified":"2025-07-28T13:03:21","modified_gmt":"2025-07-28T11:03:21","slug":"sincronizacion-caso-koldo-relato-dicta-moncloa","status":"publish","type":"post","link":"https:\/\/conversesacatalunya.cat\/es\/sincronizacion-caso-koldo-relato-dicta-moncloa\/","title":{"rendered":"La sincronizaci\u00f3n medi\u00e1tica del caso Koldo: cuando el relato lo dicta la Moncloa"},"content":{"rendered":"<p><span><span class=\"VIpgJd-yAWNEb-VIpgJd-fmcmS-sn54Q\">El domingo por la ma\u00f1ana. Caf\u00e9 reci\u00e9n hecho, diarios sobre la mesa. El lector atento \u2013hay pocos, pero a\u00fan quedan\u2013 empieza a hojear\u00a0<\/span><\/span><a href=\"https:\/\/conversesacatalunya.cat\/es\/los-masajes-de-la-vanguardia-al-presidente-sanchez-somos-la-mejor-economia-del-mundo\/\" target=\"_blank\" rel=\"noopener\"><strong><span><span class=\"VIpgJd-yAWNEb-VIpgJd-fmcmS-sn54Q\">La Vanguardia<\/span><\/span><\/strong><\/a><span><span class=\"VIpgJd-yAWNEb-VIpgJd-fmcmS-sn54Q\">,\u00a0despu\u00e9s\u00a0<\/span><\/span><strong><span><span class=\"VIpgJd-yAWNEb-VIpgJd-fmcmS-sn54Q\">El Pa\u00eds.<\/span><\/span><\/strong><span><span class=\"VIpgJd-yAWNEb-VIpgJd-fmcmS-sn54Q\">\u00a0No busca noticias, busca patrones. \u00a1Y pam!\u00a0<\/span><\/span><strong><span><span class=\"VIpgJd-yAWNEb-VIpgJd-fmcmS-sn54Q\">Aqu\u00ed lo tiene: Koldo Garc\u00eda<\/span><\/span><\/strong><span><span class=\"VIpgJd-yAWNEb-VIpgJd-fmcmS-sn54Q\">.\u00a0P\u00e1ginas y m\u00e1s p\u00e1ginas dedicadas a ese ilustre desconocido que ha pasado, en pocas semanas, de portero a presunto James Bond ib\u00e9rico.<\/span><\/span><\/p>\n<p><span><span class=\"VIpgJd-yAWNEb-VIpgJd-fmcmS-sn54Q\">Porque la operaci\u00f3n es fina. No se trata de defender a Koldo. No es necesario.\u00a0<\/span><\/span><strong><span><span class=\"VIpgJd-yAWNEb-VIpgJd-fmcmS-sn54Q\">Se trata de introducir la duda.<\/span><\/span><\/strong><span><span class=\"VIpgJd-yAWNEb-VIpgJd-fmcmS-sn54Q\">\u00a0Quiz\u00e1s no era un corrupto cualquiera, sino un\u00a0<\/span><\/span><strong><span><span class=\"VIpgJd-yAWNEb-VIpgJd-fmcmS-sn54Q\">agente encubierto de la Guardia Civil<\/span><\/span><\/strong><span><span class=\"VIpgJd-yAWNEb-VIpgJd-fmcmS-sn54Q\">.\u00a0Quiz\u00e1s todo ello era un montaje contra el PSOE. Y contra S\u00e1nchez, por supuesto. Siempre contra S\u00e1nchez.<\/span><\/span><\/p>\n<p><strong><span><span class=\"VIpgJd-yAWNEb-VIpgJd-fmcmS-sn54Q\">La Vanguardia nos lo deja caer con elegancia:<\/span><\/span><\/strong><span><span class=\"VIpgJd-yAWNEb-VIpgJd-fmcmS-sn54Q\">\u00a0\u00abKoldo Garc\u00eda mantuvo relaciones con la Guardia Civil hasta que le detuvieron\u00bb.\u00a0<\/span><\/span><em><span><span class=\"VIpgJd-yAWNEb-VIpgJd-fmcmS-sn54Q\">Mantener relaciones<\/span><\/span><\/em><span><span class=\"VIpgJd-yAWNEb-VIpgJd-fmcmS-sn54Q\">,\u00a0<\/span><\/span><strong><span><span class=\"VIpgJd-yAWNEb-VIpgJd-fmcmS-sn54Q\">qu\u00e9 expresi\u00f3n m\u00e1s bonita<\/span><\/span><\/strong><span><span class=\"VIpgJd-yAWNEb-VIpgJd-fmcmS-sn54Q\">.\u00a0Ni confirmaci\u00f3n ni desmentido: insinuaci\u00f3n pura. Y\u00a0<\/span><\/span><strong><span><span class=\"VIpgJd-yAWNEb-VIpgJd-fmcmS-sn54Q\">El Pa\u00eds<\/span><\/span><\/strong><span><span class=\"VIpgJd-yAWNEb-VIpgJd-fmcmS-sn54Q\">,\u00a0por su parte, hace el mismo ejercicio de estilo: mucha palabra, poca responsabilidad.<\/span><\/span><\/p>\n<p><span><span class=\"VIpgJd-yAWNEb-VIpgJd-fmcmS-sn54Q\">Esto no es casualidad. No son coincidencias c\u00f3smicas. Es\u00a0<\/span><\/span><strong><span><span class=\"VIpgJd-yAWNEb-VIpgJd-fmcmS-sn54Q\">sincronizaci\u00f3n<\/span><\/span><\/strong><span><span class=\"VIpgJd-yAWNEb-VIpgJd-fmcmS-sn54Q\">. Y como toda orquesta, esta tambi\u00e9n tiene director. Si las trompetas de La Vanguardia y los violines de El Pa\u00eds tocan a la vez, es porque alguien les ha pasado la partitura. Y no cuesta demasiado adivinar qui\u00e9n:\u00a0<\/span><\/span><strong><span><span class=\"VIpgJd-yAWNEb-VIpgJd-fmcmS-sn54Q\">la Moncloa<\/span><\/span><\/strong><span><span class=\"VIpgJd-yAWNEb-VIpgJd-fmcmS-sn54Q\">,\u00a0o m\u00e1s concretamente, el gabinete del presidente.<\/span><\/span><\/p>\n<p><span><span class=\"VIpgJd-yAWNEb-VIpgJd-fmcmS-sn54Q\">Tambi\u00e9n existen retoques interesantes en la banda sonora. Por ejemplo, se dan a conocer unas grabaciones\u00a0<\/span><\/span><strong><span><span class=\"VIpgJd-yAWNEb-VIpgJd-fmcmS-sn54Q\">de Aldama<\/span><\/span><\/strong><span><span class=\"VIpgJd-yAWNEb-VIpgJd-fmcmS-sn54Q\">\u00a0que exoneran\u00a0<\/span><\/span><strong><span><span class=\"VIpgJd-yAWNEb-VIpgJd-fmcmS-sn54Q\">a <a href=\"https:\/\/conversesacatalunya.cat\/es\/escandalo-begona-gomez\/\" target=\"_blank\" rel=\"noopener\">Bego\u00f1a G\u00f3mez<\/a><\/span><\/span><\/strong><span><span class=\"VIpgJd-yAWNEb-VIpgJd-fmcmS-sn54Q\">,\u00a0la esposa del presidente, de cualquier implicaci\u00f3n con Air Europa. En cambio, otras declaraciones, publicadas en\u00a0<\/span><\/span><strong><em><span><span class=\"VIpgJd-yAWNEb-VIpgJd-fmcmS-sn54Q\">El Espa\u00f1ol<\/span><\/span><\/em><span><span class=\"VIpgJd-yAWNEb-VIpgJd-fmcmS-sn54Q\">,<\/span><\/span><\/strong><span><span class=\"VIpgJd-yAWNEb-VIpgJd-fmcmS-sn54Q\">\u00a0donde Aldama dice justamente lo contrario, son ignoradas con devoci\u00f3n benedictina. El silencio como forma superior de periodismo.<\/span><\/span><\/p>\n<p><span>Mientras,\u00a0<\/span><strong><span>TVE y TV3, que hoy ya no se sabe si son rivales o colaboradores, <\/span><\/strong><span>reproducen fielmente el argumentario. Como si les hubieran pasado una nota de prensa que, curiosamente, suena exactamente igual que la que utilizan los pocos ministros que todav\u00eda se atreven a salir a hablar.<\/span><\/p>\n<p>Lo que tenemos, por tanto, no es solo relato. Es una dramaturgia perfecta: sincronizaci\u00f3n del tema, del enfoque, de las ausencias. Y todo esto, con el tel\u00f3n de fondo de un pa\u00eds donde la realidad va, por un lado, y el guion, por otro. Una partitura afinada por la presidencia del gobierno.<\/p>\n<p><span><span class=\"VIpgJd-yAWNEb-VIpgJd-fmcmS-sn54Q\">Que nadie piense que la realidad es espont\u00e1nea. Esto, como dir\u00eda Pla,\u00a0<\/span><\/span><strong><span><span class=\"VIpgJd-yAWNEb-VIpgJd-fmcmS-sn54Q\">no es una seta, es un jard\u00edn franc\u00e9s.<\/span><\/span><\/strong><\/p>\n<span class='bctt-click-to-tweet'><span class='bctt-ctt-text'><a href='https:\/\/twitter.com\/intent\/tweet?url=https%3A%2F%2Fconversesacatalunya.cat%2Fes%2Fsincronizacion-caso-koldo-relato-dicta-moncloa%2F&#038;text=TVE%2C%20TV3%2C%20El%20Pa%C3%ADs%2C%20La%20Vanguardia...%20todos%20tocando%20la%20misma%20partitura.%20Y%20la%20batuta%2C%20%C2%BFde%20d%C3%B3nde%20sale%3F%20%23Moncloa%20%23Relato%C3%9Anico%20%23ControlInformativo&#038;via=conversesacat&#038;related=conversesacat' target='_blank'rel=\"noopener noreferrer\">TVE, TV3, El Pa\u00eds, La Vanguardia... todos tocando la misma partitura. Y la batuta, \u00bfde d\u00f3nde sale? #Moncloa #Relato\u00danico #ControlInformativo <\/a><\/span><a href='https:\/\/twitter.com\/intent\/tweet?url=https%3A%2F%2Fconversesacatalunya.cat%2Fes%2Fsincronizacion-caso-koldo-relato-dicta-moncloa%2F&#038;text=TVE%2C%20TV3%2C%20El%20Pa%C3%ADs%2C%20La%20Vanguardia...%20todos%20tocando%20la%20misma%20partitura.%20Y%20la%20batuta%2C%20%C2%BFde%20d%C3%B3nde%20sale%3F%20%23Moncloa%20%23Relato%C3%9Anico%20%23ControlInformativo&#038;via=conversesacat&#038;related=conversesacat' target='_blank' class='bctt-ctt-btn'rel=\"noopener noreferrer\">Compartir en X<\/a><\/span>\n<div id=\"polls-293\" class=\"wp-polls\">\n\t<form id=\"polls_form_293\" class=\"wp-polls-form\" action=\"\/index.php\" method=\"post\">\n\t\t<p style=\"display: none;\"><input type=\"hidden\" id=\"poll_293_nonce\" name=\"wp-polls-nonce\" value=\"9a828b8d5b\" \/><\/p>\n\t\t<p style=\"display: none;\"><input type=\"hidden\" name=\"poll_id\" value=\"293\" \/><\/p>\n\t\t<p style=\"text-align: center\"><strong>L'acord aranzelari de la UE amb els EUA, creus que \u00e9s la millor soluci\u00f3 que es podia anar a buscar?<\/strong><\/p><div id=\"polls-293-ans\" class=\"wp-polls-ans\"><ul class=\"wp-polls-ul\">\n\t\t<li><input type=\"radio\" id=\"poll-answer-836\" name=\"poll_293\" value=\"836\" \/> <label for=\"poll-answer-836\">S\u00ed<\/label><\/li>\n\t\t<li><input type=\"radio\" id=\"poll-answer-837\" name=\"poll_293\" value=\"837\" \/> <label for=\"poll-answer-837\">No<\/label><\/li>\n\t\t<li><input type=\"radio\" id=\"poll-answer-838\" name=\"poll_293\" value=\"838\" \/> <label for=\"poll-answer-838\">No ho s\u00e9<\/label><\/li>\n\t\t<\/ul><p style=\"text-align: center\"><input type=\"button\" name=\"vote\" value=\"   Vota   \" class=\"Buttons\" onclick=\"poll_vote(293);\" \/><\/p><p style=\"text-align: center\"><a href=\"#ViewPollResults\" onclick=\"poll_result(293); return false;\" title=\"View Results Of This Poll\">Mira els resultats<\/a><\/p><\/div>\n\t<\/form>\n<\/div>\n<div id=\"polls-293-loading\" class=\"wp-polls-loading\"><img decoding=\"async\" data-src=\"https:\/\/conversesacatalunya.cat\/wp-content\/plugins\/wp-polls\/images\/loading.gif\" width=\"16\" height=\"16\" alt=\"Cargando ...\" title=\"Cargando ...\" class=\"wp-polls-image lazyload\" src=\"data:image\/svg+xml;base64,PHN2ZyB3aWR0aD0iMSIgaGVpZ2h0PSIxIiB4bWxucz0iaHR0cDovL3d3dy53My5vcmcvMjAwMC9zdmciPjwvc3ZnPg==\" style=\"--smush-placeholder-width: 16px; --smush-placeholder-aspect-ratio: 16\/16;\" \/>&nbsp;Cargando ...<\/div>\n\n","protected":false},"excerpt":{"rendered":"<p>El domingo por la ma\u00f1ana. Caf\u00e9 reci\u00e9n hecho, diarios sobre la mesa. El lector atento \u2013hay pocos, pero a\u00fan quedan\u2013 empieza a hojear\u00a0La Vanguardia,\u00a0despu\u00e9s\u00a0El Pa\u00eds.\u00a0No busca noticias, busca patrones. \u00a1Y pam!\u00a0Aqu\u00ed lo tiene: Koldo Garc\u00eda.\u00a0P\u00e1ginas y m\u00e1s p\u00e1ginas dedicadas a ese ilustre desconocido que ha pasado, en pocas semanas, de portero a presunto James Bond ib\u00e9rico. Porque la operaci\u00f3n es fina. No se trata de defender a Koldo. No es necesario.\u00a0Se trata de introducir la duda.\u00a0Quiz\u00e1s no era un corrupto cualquiera, sino un\u00a0agente encubierto de la Guardia Civil.\u00a0Quiz\u00e1s todo ello era un montaje contra el PSOE. Y contra S\u00e1nchez, por supuesto. Siempre contra S\u00e1nchez. La Vanguardia nos lo deja caer con elegancia:\u00a0\u00abKoldo Garc\u00eda mantuvo relaciones con la Guardia Civil hasta que le detuvieron\u00bb.\u00a0Mantener relaciones,\u00a0qu\u00e9 expresi\u00f3n m\u00e1s bonita.\u00a0Ni confirmaci\u00f3n ni desmentido: insinuaci\u00f3n pura. Y\u00a0El Pa\u00eds,\u00a0por su parte, hace el mismo ejercicio de estilo: mucha palabra, poca responsabilidad. Esto no es casualidad. No son coincidencias c\u00f3smicas. Es\u00a0sincronizaci\u00f3n. Y como toda orquesta, esta tambi\u00e9n tiene director. Si las trompetas de La Vanguardia y los violines de El Pa\u00eds tocan a la vez, es porque alguien les ha pasado la partitura. Y no cuesta demasiado adivinar qui\u00e9n:\u00a0la Moncloa,\u00a0o m\u00e1s concretamente, el gabinete del presidente. Tambi\u00e9n existen retoques interesantes en la banda sonora. Por ejemplo, se dan a conocer unas grabaciones\u00a0de Aldama\u00a0que exoneran\u00a0a Bego\u00f1a G\u00f3mez,\u00a0la esposa del presidente, de cualquier implicaci\u00f3n con Air Europa. En cambio, otras declaraciones, publicadas en\u00a0El Espa\u00f1ol,\u00a0donde Aldama dice justamente lo contrario, son ignoradas con devoci\u00f3n benedictina. El silencio como forma superior de periodismo. Mientras,\u00a0TVE y TV3, que hoy ya no se sabe si son rivales o colaboradores, reproducen fielmente el argumentario. Como si les hubieran pasado una nota de prensa que, curiosamente, suena exactamente igual que la que utilizan los pocos ministros que todav\u00eda se atreven a salir a hablar. Lo que tenemos, por tanto, no es solo relato. Es una dramaturgia perfecta: sincronizaci\u00f3n del tema, del enfoque, de las ausencias. Y todo esto, con el tel\u00f3n de fondo de un pa\u00eds donde la realidad va, por un lado, y el guion, por otro. Una partitura afinada por la presidencia del gobierno. Que nadie piense que la realidad es espont\u00e1nea. Esto, como dir\u00eda Pla,\u00a0no es una seta, es un jard\u00edn franc\u00e9s.<\/p>\n","protected":false},"author":80,"featured_media":90872,"comment_status":"open","ping_status":"open","sticky":false,"template":"","format":"standard","meta":{"_FSMCFIC_featured_image_caption":"","_FSMCFIC_featured_image_nocaption":"","_FSMCFIC_featured_image_hide":"","footnotes":""},"categories":[806],"tags":[5386,5133,5335,3251,1279],"class_list":["post-90876","post","type-post","status-publish","format-standard","has-post-thumbnail","hentry","category-punts-claus-del-dia-es","tag-aldama-es","tag-begona-gomez-es","tag-cerdan","tag-corrupcio-es","tag-corrupcion"],"yoast_head":"<!-- This site is optimized with the Yoast SEO plugin v26.8 - https:\/\/yoast.com\/product\/yoast-seo-wordpress\/ -->\n<title>Koldo, la Gu\u00e0rdia Civil i l\u2019art de desviar el focus<\/title>\n<meta name=\"description\" content=\"El Pa\u00eds La Vanguardia PSOE. Los principales medios parecen orquestados por un \u00fanico relato: defender al gobierno a trav\u00e9s de insinuaciones.\" \/>\n<meta name=\"robots\" content=\"index, follow, max-snippet:-1, max-image-preview:large, max-video-preview:-1\" \/>\n<link rel=\"canonical\" href=\"https:\/\/conversesacatalunya.cat\/es\/sincronizacion-caso-koldo-relato-dicta-moncloa\/\" \/>\n<meta property=\"og:locale\" content=\"es_ES\" \/>\n<meta property=\"og:type\" content=\"article\" \/>\n<meta property=\"og:title\" content=\"Koldo, la Gu\u00e0rdia Civil i l\u2019art de desviar el focus\" \/>\n<meta property=\"og:description\" content=\"El Pa\u00eds La Vanguardia PSOE. Los principales medios parecen orquestados por un \u00fanico relato: defender al gobierno a trav\u00e9s de insinuaciones.\" \/>\n<meta property=\"og:url\" content=\"https:\/\/conversesacatalunya.cat\/es\/sincronizacion-caso-koldo-relato-dicta-moncloa\/\" \/>\n<meta property=\"og:site_name\" content=\"Converses a Catalunya\" \/>\n<meta property=\"article:published_time\" content=\"2025-07-28T10:47:27+00:00\" \/>\n<meta property=\"article:modified_time\" content=\"2025-07-28T11:03:21+00:00\" \/>\n<meta property=\"og:image\" content=\"https:\/\/conversesacatalunya.cat\/wp-content\/uploads\/2025\/07\/El-Pais.jpg\" \/>\n\t<meta property=\"og:image:width\" content=\"545\" \/>\n\t<meta property=\"og:image:height\" content=\"367\" \/>\n\t<meta property=\"og:image:type\" content=\"image\/jpeg\" \/>\n<meta name=\"author\" content=\"N\u00faria Freixa\" \/>\n<meta name=\"twitter:card\" content=\"summary_large_image\" \/>\n<meta name=\"twitter:label1\" content=\"Escrito por\" \/>\n\t<meta name=\"twitter:data1\" content=\"N\u00faria Freixa\" \/>\n\t<meta name=\"twitter:label2\" content=\"Tiempo de lectura\" \/>\n\t<meta name=\"twitter:data2\" content=\"2 minutos\" \/>\n<script type=\"application\/ld+json\" class=\"yoast-schema-graph\">{\"@context\":\"https:\/\/schema.org\",\"@graph\":[{\"@type\":\"Article\",\"@id\":\"https:\/\/conversesacatalunya.cat\/es\/sincronizacion-caso-koldo-relato-dicta-moncloa\/#article\",\"isPartOf\":{\"@id\":\"https:\/\/conversesacatalunya.cat\/es\/sincronizacion-caso-koldo-relato-dicta-moncloa\/\"},\"author\":{\"name\":\"N\u00faria Freixa\",\"@id\":\"https:\/\/conversesacatalunya.cat\/#\/schema\/person\/b734752c25b328c819a407cbea568c1f\"},\"headline\":\"La sincronizaci\u00f3n medi\u00e1tica del caso Koldo: cuando el relato lo dicta la Moncloa\",\"datePublished\":\"2025-07-28T10:47:27+00:00\",\"dateModified\":\"2025-07-28T11:03:21+00:00\",\"mainEntityOfPage\":{\"@id\":\"https:\/\/conversesacatalunya.cat\/es\/sincronizacion-caso-koldo-relato-dicta-moncloa\/\"},\"wordCount\":483,\"commentCount\":0,\"image\":{\"@id\":\"https:\/\/conversesacatalunya.cat\/es\/sincronizacion-caso-koldo-relato-dicta-moncloa\/#primaryimage\"},\"thumbnailUrl\":\"https:\/\/conversesacatalunya.cat\/wp-content\/uploads\/2025\/07\/El-Pais.jpg\",\"keywords\":[\"Aldama\",\"Bego\u00f1a G\u00f3mez\",\"Cerd\u00e1n\",\"corrupci\u00f3\",\"corrupci\u00f3n\"],\"articleSection\":[\"Punts clau del dia (ES)\"],\"inLanguage\":\"es\",\"potentialAction\":[{\"@type\":\"CommentAction\",\"name\":\"Comment\",\"target\":[\"https:\/\/conversesacatalunya.cat\/es\/sincronizacion-caso-koldo-relato-dicta-moncloa\/#respond\"]}]},{\"@type\":\"WebPage\",\"@id\":\"https:\/\/conversesacatalunya.cat\/es\/sincronizacion-caso-koldo-relato-dicta-moncloa\/\",\"url\":\"https:\/\/conversesacatalunya.cat\/es\/sincronizacion-caso-koldo-relato-dicta-moncloa\/\",\"name\":\"Koldo, la Gu\u00e0rdia Civil i l\u2019art de desviar el focus\",\"isPartOf\":{\"@id\":\"https:\/\/conversesacatalunya.cat\/#website\"},\"primaryImageOfPage\":{\"@id\":\"https:\/\/conversesacatalunya.cat\/es\/sincronizacion-caso-koldo-relato-dicta-moncloa\/#primaryimage\"},\"image\":{\"@id\":\"https:\/\/conversesacatalunya.cat\/es\/sincronizacion-caso-koldo-relato-dicta-moncloa\/#primaryimage\"},\"thumbnailUrl\":\"https:\/\/conversesacatalunya.cat\/wp-content\/uploads\/2025\/07\/El-Pais.jpg\",\"datePublished\":\"2025-07-28T10:47:27+00:00\",\"dateModified\":\"2025-07-28T11:03:21+00:00\",\"author\":{\"@id\":\"https:\/\/conversesacatalunya.cat\/#\/schema\/person\/b734752c25b328c819a407cbea568c1f\"},\"description\":\"El Pa\u00eds La Vanguardia PSOE. Los principales medios parecen orquestados por un \u00fanico relato: defender al gobierno a trav\u00e9s de insinuaciones.\",\"breadcrumb\":{\"@id\":\"https:\/\/conversesacatalunya.cat\/es\/sincronizacion-caso-koldo-relato-dicta-moncloa\/#breadcrumb\"},\"inLanguage\":\"es\",\"potentialAction\":[{\"@type\":\"ReadAction\",\"target\":[\"https:\/\/conversesacatalunya.cat\/es\/sincronizacion-caso-koldo-relato-dicta-moncloa\/\"]}]},{\"@type\":\"ImageObject\",\"inLanguage\":\"es\",\"@id\":\"https:\/\/conversesacatalunya.cat\/es\/sincronizacion-caso-koldo-relato-dicta-moncloa\/#primaryimage\",\"url\":\"https:\/\/conversesacatalunya.cat\/wp-content\/uploads\/2025\/07\/El-Pais.jpg\",\"contentUrl\":\"https:\/\/conversesacatalunya.cat\/wp-content\/uploads\/2025\/07\/El-Pais.jpg\",\"width\":545,\"height\":367,\"caption\":\"El Pa\u00eds La Vanguardia PSOE\"},{\"@type\":\"BreadcrumbList\",\"@id\":\"https:\/\/conversesacatalunya.cat\/es\/sincronizacion-caso-koldo-relato-dicta-moncloa\/#breadcrumb\",\"itemListElement\":[{\"@type\":\"ListItem\",\"position\":1,\"name\":\"Inici\",\"item\":\"https:\/\/conversesacatalunya.cat\/es\/\"},{\"@type\":\"ListItem\",\"position\":2,\"name\":\"La sincronizaci\u00f3n medi\u00e1tica del caso Koldo: cuando el relato lo dicta la Moncloa\"}]},{\"@type\":\"WebSite\",\"@id\":\"https:\/\/conversesacatalunya.cat\/#website\",\"url\":\"https:\/\/conversesacatalunya.cat\/\",\"name\":\"Converses a Catalunya\",\"description\":\"\",\"potentialAction\":[{\"@type\":\"SearchAction\",\"target\":{\"@type\":\"EntryPoint\",\"urlTemplate\":\"https:\/\/conversesacatalunya.cat\/?s={search_term_string}\"},\"query-input\":{\"@type\":\"PropertyValueSpecification\",\"valueRequired\":true,\"valueName\":\"search_term_string\"}}],\"inLanguage\":\"es\"},{\"@type\":\"Person\",\"@id\":\"https:\/\/conversesacatalunya.cat\/#\/schema\/person\/b734752c25b328c819a407cbea568c1f\",\"name\":\"N\u00faria Freixa\",\"image\":{\"@type\":\"ImageObject\",\"inLanguage\":\"es\",\"@id\":\"https:\/\/conversesacatalunya.cat\/#\/schema\/person\/image\/\",\"url\":\"https:\/\/conversesacatalunya.cat\/wp-content\/litespeed\/avatar\/c3686e387186fed249338fe04729c597.jpg?ver=1777289182\",\"contentUrl\":\"https:\/\/conversesacatalunya.cat\/wp-content\/litespeed\/avatar\/c3686e387186fed249338fe04729c597.jpg?ver=1777289182\",\"caption\":\"N\u00faria Freixa\"},\"url\":\"https:\/\/conversesacatalunya.cat\/es\/author\/nuria_freixa\/\"}]}<\/script>\n<!-- \/ Yoast SEO plugin. -->","yoast_head_json":{"title":"Koldo, la Gu\u00e0rdia Civil i l\u2019art de desviar el focus","description":"El Pa\u00eds La Vanguardia PSOE. Los principales medios parecen orquestados por un \u00fanico relato: defender al gobierno a trav\u00e9s de insinuaciones.","robots":{"index":"index","follow":"follow","max-snippet":"max-snippet:-1","max-image-preview":"max-image-preview:large","max-video-preview":"max-video-preview:-1"},"canonical":"https:\/\/conversesacatalunya.cat\/es\/sincronizacion-caso-koldo-relato-dicta-moncloa\/","og_locale":"es_ES","og_type":"article","og_title":"Koldo, la Gu\u00e0rdia Civil i l\u2019art de desviar el focus","og_description":"El Pa\u00eds La Vanguardia PSOE. Los principales medios parecen orquestados por un \u00fanico relato: defender al gobierno a trav\u00e9s de insinuaciones.","og_url":"https:\/\/conversesacatalunya.cat\/es\/sincronizacion-caso-koldo-relato-dicta-moncloa\/","og_site_name":"Converses a Catalunya","article_published_time":"2025-07-28T10:47:27+00:00","article_modified_time":"2025-07-28T11:03:21+00:00","og_image":[{"width":545,"height":367,"url":"https:\/\/conversesacatalunya.cat\/wp-content\/uploads\/2025\/07\/El-Pais.jpg","type":"image\/jpeg"}],"author":"N\u00faria Freixa","twitter_card":"summary_large_image","twitter_misc":{"Escrito por":"N\u00faria Freixa","Tiempo de lectura":"2 minutos"},"schema":{"@context":"https:\/\/schema.org","@graph":[{"@type":"Article","@id":"https:\/\/conversesacatalunya.cat\/es\/sincronizacion-caso-koldo-relato-dicta-moncloa\/#article","isPartOf":{"@id":"https:\/\/conversesacatalunya.cat\/es\/sincronizacion-caso-koldo-relato-dicta-moncloa\/"},"author":{"name":"N\u00faria Freixa","@id":"https:\/\/conversesacatalunya.cat\/#\/schema\/person\/b734752c25b328c819a407cbea568c1f"},"headline":"La sincronizaci\u00f3n medi\u00e1tica del caso Koldo: cuando el relato lo dicta la Moncloa","datePublished":"2025-07-28T10:47:27+00:00","dateModified":"2025-07-28T11:03:21+00:00","mainEntityOfPage":{"@id":"https:\/\/conversesacatalunya.cat\/es\/sincronizacion-caso-koldo-relato-dicta-moncloa\/"},"wordCount":483,"commentCount":0,"image":{"@id":"https:\/\/conversesacatalunya.cat\/es\/sincronizacion-caso-koldo-relato-dicta-moncloa\/#primaryimage"},"thumbnailUrl":"https:\/\/conversesacatalunya.cat\/wp-content\/uploads\/2025\/07\/El-Pais.jpg","keywords":["Aldama","Bego\u00f1a G\u00f3mez","Cerd\u00e1n","corrupci\u00f3","corrupci\u00f3n"],"articleSection":["Punts clau del dia (ES)"],"inLanguage":"es","potentialAction":[{"@type":"CommentAction","name":"Comment","target":["https:\/\/conversesacatalunya.cat\/es\/sincronizacion-caso-koldo-relato-dicta-moncloa\/#respond"]}]},{"@type":"WebPage","@id":"https:\/\/conversesacatalunya.cat\/es\/sincronizacion-caso-koldo-relato-dicta-moncloa\/","url":"https:\/\/conversesacatalunya.cat\/es\/sincronizacion-caso-koldo-relato-dicta-moncloa\/","name":"Koldo, la Gu\u00e0rdia Civil i l\u2019art de desviar el focus","isPartOf":{"@id":"https:\/\/conversesacatalunya.cat\/#website"},"primaryImageOfPage":{"@id":"https:\/\/conversesacatalunya.cat\/es\/sincronizacion-caso-koldo-relato-dicta-moncloa\/#primaryimage"},"image":{"@id":"https:\/\/conversesacatalunya.cat\/es\/sincronizacion-caso-koldo-relato-dicta-moncloa\/#primaryimage"},"thumbnailUrl":"https:\/\/conversesacatalunya.cat\/wp-content\/uploads\/2025\/07\/El-Pais.jpg","datePublished":"2025-07-28T10:47:27+00:00","dateModified":"2025-07-28T11:03:21+00:00","author":{"@id":"https:\/\/conversesacatalunya.cat\/#\/schema\/person\/b734752c25b328c819a407cbea568c1f"},"description":"El Pa\u00eds La Vanguardia PSOE. Los principales medios parecen orquestados por un \u00fanico relato: defender al gobierno a trav\u00e9s de insinuaciones.","breadcrumb":{"@id":"https:\/\/conversesacatalunya.cat\/es\/sincronizacion-caso-koldo-relato-dicta-moncloa\/#breadcrumb"},"inLanguage":"es","potentialAction":[{"@type":"ReadAction","target":["https:\/\/conversesacatalunya.cat\/es\/sincronizacion-caso-koldo-relato-dicta-moncloa\/"]}]},{"@type":"ImageObject","inLanguage":"es","@id":"https:\/\/conversesacatalunya.cat\/es\/sincronizacion-caso-koldo-relato-dicta-moncloa\/#primaryimage","url":"https:\/\/conversesacatalunya.cat\/wp-content\/uploads\/2025\/07\/El-Pais.jpg","contentUrl":"https:\/\/conversesacatalunya.cat\/wp-content\/uploads\/2025\/07\/El-Pais.jpg","width":545,"height":367,"caption":"El Pa\u00eds La Vanguardia PSOE"},{"@type":"BreadcrumbList","@id":"https:\/\/conversesacatalunya.cat\/es\/sincronizacion-caso-koldo-relato-dicta-moncloa\/#breadcrumb","itemListElement":[{"@type":"ListItem","position":1,"name":"Inici","item":"https:\/\/conversesacatalunya.cat\/es\/"},{"@type":"ListItem","position":2,"name":"La sincronizaci\u00f3n medi\u00e1tica del caso Koldo: cuando el relato lo dicta la Moncloa"}]},{"@type":"WebSite","@id":"https:\/\/conversesacatalunya.cat\/#website","url":"https:\/\/conversesacatalunya.cat\/","name":"Converses a Catalunya","description":"","potentialAction":[{"@type":"SearchAction","target":{"@type":"EntryPoint","urlTemplate":"https:\/\/conversesacatalunya.cat\/?s={search_term_string}"},"query-input":{"@type":"PropertyValueSpecification","valueRequired":true,"valueName":"search_term_string"}}],"inLanguage":"es"},{"@type":"Person","@id":"https:\/\/conversesacatalunya.cat\/#\/schema\/person\/b734752c25b328c819a407cbea568c1f","name":"N\u00faria Freixa","image":{"@type":"ImageObject","inLanguage":"es","@id":"https:\/\/conversesacatalunya.cat\/#\/schema\/person\/image\/","url":"https:\/\/conversesacatalunya.cat\/wp-content\/litespeed\/avatar\/c3686e387186fed249338fe04729c597.jpg?ver=1777289182","contentUrl":"https:\/\/conversesacatalunya.cat\/wp-content\/litespeed\/avatar\/c3686e387186fed249338fe04729c597.jpg?ver=1777289182","caption":"N\u00faria Freixa"},"url":"https:\/\/conversesacatalunya.cat\/es\/author\/nuria_freixa\/"}]}},"wps_subtitle":"Si las trompetas de La Vanguardia y los violines de El Pa\u00eds tocan a la vez, es porque alguien les ha pasado la partitura. Y no cuesta demasiado adivinar qui\u00e9n: la Moncloa, o m\u00e1s concretamente, el gabinete del presidente.","_links":{"self":[{"href":"https:\/\/conversesacatalunya.cat\/es\/wp-json\/wp\/v2\/posts\/90876","targetHints":{"allow":["GET"]}}],"collection":[{"href":"https:\/\/conversesacatalunya.cat\/es\/wp-json\/wp\/v2\/posts"}],"about":[{"href":"https:\/\/conversesacatalunya.cat\/es\/wp-json\/wp\/v2\/types\/post"}],"author":[{"embeddable":true,"href":"https:\/\/conversesacatalunya.cat\/es\/wp-json\/wp\/v2\/users\/80"}],"replies":[{"embeddable":true,"href":"https:\/\/conversesacatalunya.cat\/es\/wp-json\/wp\/v2\/comments?post=90876"}],"version-history":[{"count":3,"href":"https:\/\/conversesacatalunya.cat\/es\/wp-json\/wp\/v2\/posts\/90876\/revisions"}],"predecessor-version":[{"id":90877,"href":"https:\/\/conversesacatalunya.cat\/es\/wp-json\/wp\/v2\/posts\/90876\/revisions\/90877"}],"wp:featuredmedia":[{"embeddable":true,"href":"https:\/\/conversesacatalunya.cat\/es\/wp-json\/wp\/v2\/media\/90872"}],"wp:attachment":[{"href":"https:\/\/conversesacatalunya.cat\/es\/wp-json\/wp\/v2\/media?parent=90876"}],"wp:term":[{"taxonomy":"category","embeddable":true,"href":"https:\/\/conversesacatalunya.cat\/es\/wp-json\/wp\/v2\/categories?post=90876"},{"taxonomy":"post_tag","embeddable":true,"href":"https:\/\/conversesacatalunya.cat\/es\/wp-json\/wp\/v2\/tags?post=90876"}],"curies":[{"name":"wp","href":"https:\/\/api.w.org\/{rel}","templated":true}]}}