{"id":90803,"date":"2025-07-28T08:57:55","date_gmt":"2025-07-28T06:57:55","guid":{"rendered":"https:\/\/conversesacatalunya.cat\/?p=90803"},"modified":"2025-07-28T12:19:06","modified_gmt":"2025-07-28T10:19:06","slug":"recorte-gasto-publico-francia-futuro-europa","status":"publish","type":"post","link":"https:\/\/conversesacatalunya.cat\/es\/recorte-gasto-publico-francia-futuro-europa\/","title":{"rendered":"El recorte masivo de Francia, \u00bfpreludio del futuro de Europa?"},"content":{"rendered":"<p>El oto\u00f1o se anuncia caliente en Francia. El ejecutivo en minor\u00eda del centrista Fran\u00e7ois Bayrou anunci\u00f3 un<strong> recorte masivo del gasto p\u00fablico en los presupuestos de 2026<\/strong>, por unos 44.000 millones de euros de ahorro.<\/p>\n<p><span>Una gota de agua junto a los 3,3 billones de euros de deuda p\u00fablica del pa\u00eds, pero, sin embargo, el plan de Bayrou implica una bajada muy sensible de lo que saldr\u00e1 de las arcas p\u00fablicas.<\/span><\/p>\n<p><span><span class=\"VIpgJd-yAWNEb-VIpgJd-fmcmS-sn54Q\">Las medidas que el primer ministro franc\u00e9s anunci\u00f3 durante una larga rueda de prensa el 15 de julio incluyen la supresi\u00f3n de miles de puestos de trabajo de funcionarios, la reducci\u00f3n de 5.000 millones de euros del presupuesto de sanidad y el congelamiento de los sueldos de los empleados p\u00fablicos y de las prestaciones sociales,\u00a0<\/span><\/span><strong><span><span class=\"VIpgJd-yAWNEb-VIpgJd-fmcmS-sn54Q\">pensiones incluidas.<\/span><\/span><\/strong><span class=\"VIpgJd-yAWNEb-VIpgJd-fmcmS-sn54Q\"> <\/span><span class=\"VIpgJd-yAWNEb-VIpgJd-fmcmS-sn54Q\">La medida m\u00e1s mediatizada por su simbolismo ha sido la <\/span><strong><span><span class=\"VIpgJd-yAWNEb-VIpgJd-fmcmS-sn54Q\">supresi\u00f3n de dos d\u00edas festivos, <\/span><\/span><\/strong><span class=\"VIpgJd-yAWNEb-VIpgJd-fmcmS-sn54Q\">que podr\u00edan ser el Lunes de Pascua y el 8 de mayo (conmemoraci\u00f3n de la Segunda Guerra Mundial).<\/span><\/p>\n<p><span>Los principales partidos de la oposici\u00f3n, tanto de derechas como de izquierdas, se levantaron inmediatamente contra Bayrou, haciendo que\u00a0<\/span><strong><span>una moci\u00f3n de censura en oto\u00f1o sea inevitable<\/span><\/strong><span>.\u00a0Sin embargo, la situaci\u00f3n era totalmente previsible; hace ya m\u00e1s de un a\u00f1o que\u00a0<\/span><a href=\"https:\/\/conversesacatalunya.cat\/es\/emmanuel-macron-arruinar-francia\/\" target=\"_blank\" rel=\"noopener\"><strong>hab\u00edan sonado<\/strong><\/a><span>\u00a0todas las alarmas por el rumbo descontrolado del dispendio estatal.<\/span><\/p>\n<p><span><span class=\"VIpgJd-yAWNEb-VIpgJd-fmcmS-sn54Q\">El problema de d\u00e9ficit de Francia podr\u00eda considerarse\u00a0<\/span><\/span><a href=\"https:\/\/www.economie.gouv.fr\/decryptage-5-minutes-pour-comprendre-la-dette-publique\" target=\"_blank\" rel=\"noopener\"><span><span class=\"VIpgJd-yAWNEb-VIpgJd-fmcmS-sn54Q\">extremo<\/span><\/span><\/a><span><span class=\"VIpgJd-yAWNEb-VIpgJd-fmcmS-sn54Q\">\u00a0incluso dentro de los est\u00e1ndares europeos: 5,8% del Producto Interior Bruto (PIB) el a\u00f1o pasado seg\u00fan datos oficiales del gobierno, cuando el pa\u00eds acumulaba ya un 113% de deuda p\u00fablica sobre su producci\u00f3n econ\u00f3mica anual.<\/span><\/span><\/p>\n<p><strong><span><span class=\"VIpgJd-yAWNEb-VIpgJd-fmcmS-sn54Q\">Francia es el pa\u00eds europeo que menos margen tiene para salir de este c\u00edrculo vicioso de d\u00e9ficit y deuda:<\/span><\/span><\/strong><span><span class=\"VIpgJd-yAWNEb-VIpgJd-fmcmS-sn54Q\">\u00a0Francia ya impone la\u00a0<\/span><\/span><span><span class=\"VIpgJd-yAWNEb-VIpgJd-fmcmS-sn54Q\"><a href=\"https:\/\/www.lefigaro.fr\/conjoncture\/jour-de-liberation-fiscale-a-compter-de-ce-18-juillet-les-francais-travaillent-enfin-pour-eux-memes-20250717\" target=\"_blank\" rel=\"noopener\">presi\u00f3n fiscal<\/a> m\u00e1s elevada de toda la UE (y por extensi\u00f3n, del mundo entero) sobre las rentas de las personas activas, con m\u00e1s del 57% su gasto p\u00fablico sobre el PIB es igualmente la campeona de Europa y para acabar de redondear la situaci\u00f3n, los inversores le han retirado la confianza: el pa\u00eds paga ya m\u00e1s que Espa\u00f1a o que Grecia por colocar su deuda.<\/span><\/span><\/p>\n<p><span><span class=\"VIpgJd-yAWNEb-VIpgJd-fmcmS-sn54Q\">Sin embargo, no puede perderse de vista que\u00a0<\/span><\/span><strong><span><span class=\"VIpgJd-yAWNEb-VIpgJd-fmcmS-sn54Q\">los problemas que en Francia son extremos afectan tambi\u00e9n al conjunto de los dem\u00e1s pa\u00edses europeos, aunque de momento con menor intensidad<\/span><\/span><\/strong><span><span class=\"VIpgJd-yAWNEb-VIpgJd-fmcmS-sn54Q\">.<\/span><\/span><\/p>\n<p><span><span class=\"VIpgJd-yAWNEb-VIpgJd-fmcmS-sn54Q\">De hecho, el Fondo Monetario Internacional\u00a0<\/span><\/span><span><span class=\"VIpgJd-yAWNEb-VIpgJd-fmcmS-sn54Q\">prev\u00e9<\/span><\/span><span><span class=\"VIpgJd-yAWNEb-VIpgJd-fmcmS-sn54Q\">\u00a0que hasta 2030 el conjunto de la UE incremente su d\u00e9ficit p\u00fablico conjunto hasta el<strong> 3,3% del PIB<\/strong>, y la deuda total hasta el 93% del PIB. As\u00ed pues, no es solo Francia quien est\u00e1 siguiendo una tendencia negativa. Todo ello en un contexto en el que los tipos de inter\u00e9s por la deuda contra\u00edda desde 2022 nada tienen que ver con la excepcional financiaci\u00f3n barata conseguida entre 2014 y 2022, cuando los tipos estaban en\u00a0<\/span><\/span><span><span class=\"VIpgJd-yAWNEb-VIpgJd-fmcmS-sn54Q\">m\u00ednimos hist\u00f3ricos<\/span><\/span><span><span class=\"VIpgJd-yAWNEb-VIpgJd-fmcmS-sn54Q\">.<\/span><\/span><\/p>\n<p><strong><span><span class=\"VIpgJd-yAWNEb-VIpgJd-fmcmS-sn54Q\">La gran mayor\u00eda de los pa\u00edses europeos hacen frente a los mismos problemas de fondo que Francia:<\/span><\/span><\/strong><span><span class=\"VIpgJd-yAWNEb-VIpgJd-fmcmS-sn54Q\">\u00a0envejecimiento de la poblaci\u00f3n, elevada inmigraci\u00f3n escasamente calificada que\u00a0<\/span><\/span><a href=\"https:\/\/conversesacatalunya.cat\/es\/la-inmigracion-tal-y-como-esta-planteada-en-espana-es-una-solucion-pesima-i\/\" target=\"_blank\" rel=\"noopener\"><span><span class=\"VIpgJd-yAWNEb-VIpgJd-fmcmS-sn54Q\">no compensa<\/span><\/span><\/a><span><span class=\"VIpgJd-yAWNEb-VIpgJd-fmcmS-sn54Q\">\u00a0a los trabajadores que se jubilan, y una lista de prestaciones sociales a\u00f1adidas a lo largo de las \u00faltimas d\u00e9cadas que no para de crecer y que resulta muy dif\u00edcil retirar.<\/span><\/span><\/p>\n<p><span>En este contexto,\u00a0<\/span><strong><span>el margen de acci\u00f3n de los gobiernos europeos ser\u00e1 cada vez menor<\/span><\/strong><span>.\u00a0Como dec\u00edamos al inicio, en el caso de Francia se ver\u00e1 despu\u00e9s del verano c\u00f3mo la poblaci\u00f3n reacciona a la \u00fanica receta posible para salir del callej\u00f3n sin salida actual.<\/span><\/p>\n<span class='bctt-click-to-tweet'><span class='bctt-ctt-text'><a href='https:\/\/twitter.com\/intent\/tweet?url=https%3A%2F%2Fconversesacatalunya.cat%2Fes%2Frecorte-gasto-publico-francia-futuro-europa%2F&#038;text=Los%20problemas%20que%20en%20Francia%20son%20extremos%20afectan%20tambi%C3%A9n%20al%20conjunto%20de%20los%20dem%C3%A1s%20pa%C3%ADses%20europeos%2C%20aunque%20de%20momento%20con%20menor%20intensidad&#038;via=conversesacat&#038;related=conversesacat' target='_blank'rel=\"noopener noreferrer\">Los problemas que en Francia son extremos afectan tambi\u00e9n al conjunto de los dem\u00e1s pa\u00edses europeos, aunque de momento con menor intensidad <\/a><\/span><a href='https:\/\/twitter.com\/intent\/tweet?url=https%3A%2F%2Fconversesacatalunya.cat%2Fes%2Frecorte-gasto-publico-francia-futuro-europa%2F&#038;text=Los%20problemas%20que%20en%20Francia%20son%20extremos%20afectan%20tambi%C3%A9n%20al%20conjunto%20de%20los%20dem%C3%A1s%20pa%C3%ADses%20europeos%2C%20aunque%20de%20momento%20con%20menor%20intensidad&#038;via=conversesacat&#038;related=conversesacat' target='_blank' class='bctt-ctt-btn'rel=\"noopener noreferrer\">Compartir en X<\/a><\/span>\n<div id=\"polls-293\" class=\"wp-polls\">\n\t<form id=\"polls_form_293\" class=\"wp-polls-form\" action=\"\/index.php\" method=\"post\">\n\t\t<p style=\"display: none;\"><input type=\"hidden\" id=\"poll_293_nonce\" name=\"wp-polls-nonce\" value=\"e9821952e2\" \/><\/p>\n\t\t<p style=\"display: none;\"><input type=\"hidden\" name=\"poll_id\" value=\"293\" \/><\/p>\n\t\t<p style=\"text-align: center\"><strong>L'acord aranzelari de la UE amb els EUA, creus que \u00e9s la millor soluci\u00f3 que es podia anar a buscar?<\/strong><\/p><div id=\"polls-293-ans\" class=\"wp-polls-ans\"><ul class=\"wp-polls-ul\">\n\t\t<li><input type=\"radio\" id=\"poll-answer-836\" name=\"poll_293\" value=\"836\" \/> <label for=\"poll-answer-836\">S\u00ed<\/label><\/li>\n\t\t<li><input type=\"radio\" id=\"poll-answer-837\" name=\"poll_293\" value=\"837\" \/> <label for=\"poll-answer-837\">No<\/label><\/li>\n\t\t<li><input type=\"radio\" id=\"poll-answer-838\" name=\"poll_293\" value=\"838\" \/> <label for=\"poll-answer-838\">No ho s\u00e9<\/label><\/li>\n\t\t<\/ul><p style=\"text-align: center\"><input type=\"button\" name=\"vote\" value=\"   Vota   \" class=\"Buttons\" onclick=\"poll_vote(293);\" \/><\/p><p style=\"text-align: center\"><a href=\"#ViewPollResults\" onclick=\"poll_result(293); return false;\" title=\"View Results Of This Poll\">Mira els resultats<\/a><\/p><\/div>\n\t<\/form>\n<\/div>\n<div id=\"polls-293-loading\" class=\"wp-polls-loading\"><img decoding=\"async\" data-src=\"https:\/\/conversesacatalunya.cat\/wp-content\/plugins\/wp-polls\/images\/loading.gif\" width=\"16\" height=\"16\" alt=\"Cargando ...\" title=\"Cargando ...\" class=\"wp-polls-image lazyload\" src=\"data:image\/svg+xml;base64,PHN2ZyB3aWR0aD0iMSIgaGVpZ2h0PSIxIiB4bWxucz0iaHR0cDovL3d3dy53My5vcmcvMjAwMC9zdmciPjwvc3ZnPg==\" style=\"--smush-placeholder-width: 16px; --smush-placeholder-aspect-ratio: 16\/16;\" \/>&nbsp;Cargando ...<\/div>\n\n","protected":false},"excerpt":{"rendered":"<p>El oto\u00f1o se anuncia caliente en Francia. El ejecutivo en minor\u00eda del centrista Fran\u00e7ois Bayrou anunci\u00f3 un recorte masivo del gasto p\u00fablico en los presupuestos de 2026, por unos 44.000 millones de euros de ahorro. Una gota de agua junto a los 3,3 billones de euros de deuda p\u00fablica del pa\u00eds, pero, sin embargo, el plan de Bayrou implica una bajada muy sensible de lo que saldr\u00e1 de las arcas p\u00fablicas. Las medidas que el primer ministro franc\u00e9s anunci\u00f3 durante una larga rueda de prensa el 15 de julio incluyen la supresi\u00f3n de miles de puestos de trabajo de funcionarios, la reducci\u00f3n de 5.000 millones de euros del presupuesto de sanidad y el congelamiento de los sueldos de los empleados p\u00fablicos y de las prestaciones sociales,\u00a0pensiones incluidas. La medida m\u00e1s mediatizada por su simbolismo ha sido la supresi\u00f3n de dos d\u00edas festivos, que podr\u00edan ser el Lunes de Pascua y el 8 de mayo (conmemoraci\u00f3n de la Segunda Guerra Mundial). Los principales partidos de la oposici\u00f3n, tanto de derechas como de izquierdas, se levantaron inmediatamente contra Bayrou, haciendo que\u00a0una moci\u00f3n de censura en oto\u00f1o sea inevitable.\u00a0Sin embargo, la situaci\u00f3n era totalmente previsible; hace ya m\u00e1s de un a\u00f1o que\u00a0hab\u00edan sonado\u00a0todas las alarmas por el rumbo descontrolado del dispendio estatal. El problema de d\u00e9ficit de Francia podr\u00eda considerarse\u00a0extremo\u00a0incluso dentro de los est\u00e1ndares europeos: 5,8% del Producto Interior Bruto (PIB) el a\u00f1o pasado seg\u00fan datos oficiales del gobierno, cuando el pa\u00eds acumulaba ya un 113% de deuda p\u00fablica sobre su producci\u00f3n econ\u00f3mica anual. Francia es el pa\u00eds europeo que menos margen tiene para salir de este c\u00edrculo vicioso de d\u00e9ficit y deuda:\u00a0Francia ya impone la\u00a0presi\u00f3n fiscal m\u00e1s elevada de toda la UE (y por extensi\u00f3n, del mundo entero) sobre las rentas de las personas activas, con m\u00e1s del 57% su gasto p\u00fablico sobre el PIB es igualmente la campeona de Europa y para acabar de redondear la situaci\u00f3n, los inversores le han retirado la confianza: el pa\u00eds paga ya m\u00e1s que Espa\u00f1a o que Grecia por colocar su deuda. Sin embargo, no puede perderse de vista que\u00a0los problemas que en Francia son extremos afectan tambi\u00e9n al conjunto de los dem\u00e1s pa\u00edses europeos, aunque de momento con menor intensidad. De hecho, el Fondo Monetario Internacional\u00a0prev\u00e9\u00a0que hasta 2030 el conjunto de la UE incremente su d\u00e9ficit p\u00fablico conjunto hasta el 3,3% del PIB, y la deuda total hasta el 93% del PIB. As\u00ed pues, no es solo Francia quien est\u00e1 siguiendo una tendencia negativa. Todo ello en un contexto en el que los tipos de inter\u00e9s por la deuda contra\u00edda desde 2022 nada tienen que ver con la excepcional financiaci\u00f3n barata conseguida entre 2014 y 2022, cuando los tipos estaban en\u00a0m\u00ednimos hist\u00f3ricos. La gran mayor\u00eda de los pa\u00edses europeos hacen frente a los mismos problemas de fondo que Francia:\u00a0envejecimiento de la poblaci\u00f3n, elevada inmigraci\u00f3n escasamente calificada que\u00a0no compensa\u00a0a los trabajadores que se jubilan, y una lista de prestaciones sociales a\u00f1adidas a lo largo de las \u00faltimas d\u00e9cadas que no para de crecer y que resulta muy dif\u00edcil retirar. En este contexto,\u00a0el margen de acci\u00f3n de los gobiernos europeos ser\u00e1 cada vez menor.\u00a0Como dec\u00edamos al inicio, en el caso de Francia se ver\u00e1 despu\u00e9s del verano c\u00f3mo la poblaci\u00f3n reacciona a la \u00fanica receta posible para salir del callej\u00f3n sin salida actual.<\/p>\n","protected":false},"author":75,"featured_media":49265,"comment_status":"open","ping_status":"open","sticky":false,"template":"","format":"standard","meta":{"_FSMCFIC_featured_image_caption":"","_FSMCFIC_featured_image_nocaption":"","_FSMCFIC_featured_image_hide":"","footnotes":""},"categories":[806],"tags":[2391,3653,1090,1263],"class_list":["post-90803","post","type-post","status-publish","format-standard","has-post-thumbnail","hentry","category-punts-claus-del-dia-es","tag-deuda-publica","tag-deute-public-es","tag-franca-es","tag-francia"],"yoast_head":"<!-- This site is optimized with the Yoast SEO plugin v26.8 - https:\/\/yoast.com\/product\/yoast-seo-wordpress\/ -->\n<title>El recorte masivo de Francia, \u00bfpreludio del futuro de Europa? - Converses a Catalunya<\/title>\n<meta name=\"description\" content=\"El oto\u00f1o se anuncia caliente en Francia, ya que el ejecutivo del centrista Fran\u00e7ois Bayrou anunci\u00f3 un recorte masivo del gasto p\u00fablico.\" \/>\n<meta name=\"robots\" content=\"index, follow, max-snippet:-1, max-image-preview:large, max-video-preview:-1\" \/>\n<link rel=\"canonical\" href=\"https:\/\/conversesacatalunya.cat\/es\/recorte-gasto-publico-francia-futuro-europa\/\" \/>\n<meta property=\"og:locale\" content=\"es_ES\" \/>\n<meta property=\"og:type\" content=\"article\" \/>\n<meta property=\"og:title\" content=\"El recorte masivo de Francia, \u00bfpreludio del futuro de Europa? - Converses a Catalunya\" \/>\n<meta property=\"og:description\" content=\"El oto\u00f1o se anuncia caliente en Francia, ya que el ejecutivo del centrista Fran\u00e7ois Bayrou anunci\u00f3 un recorte masivo del gasto p\u00fablico.\" \/>\n<meta property=\"og:url\" content=\"https:\/\/conversesacatalunya.cat\/es\/recorte-gasto-publico-francia-futuro-europa\/\" \/>\n<meta property=\"og:site_name\" content=\"Converses a Catalunya\" \/>\n<meta property=\"article:published_time\" content=\"2025-07-28T06:57:55+00:00\" \/>\n<meta property=\"article:modified_time\" content=\"2025-07-28T10:19:06+00:00\" \/>\n<meta property=\"og:image\" content=\"https:\/\/conversesacatalunya.cat\/wp-content\/uploads\/2021\/06\/Capture-8.png\" \/>\n\t<meta property=\"og:image:width\" content=\"1053\" \/>\n\t<meta property=\"og:image:height\" content=\"679\" \/>\n\t<meta property=\"og:image:type\" content=\"image\/png\" \/>\n<meta name=\"author\" content=\"Carles L\u00f3pez\" \/>\n<meta name=\"twitter:card\" content=\"summary_large_image\" \/>\n<meta name=\"twitter:label1\" content=\"Escrito por\" \/>\n\t<meta name=\"twitter:data1\" content=\"Carles L\u00f3pez\" \/>\n\t<meta name=\"twitter:label2\" content=\"Tiempo de lectura\" \/>\n\t<meta name=\"twitter:data2\" content=\"3 minutos\" \/>\n<script type=\"application\/ld+json\" class=\"yoast-schema-graph\">{\"@context\":\"https:\/\/schema.org\",\"@graph\":[{\"@type\":\"Article\",\"@id\":\"https:\/\/conversesacatalunya.cat\/es\/recorte-gasto-publico-francia-futuro-europa\/#article\",\"isPartOf\":{\"@id\":\"https:\/\/conversesacatalunya.cat\/es\/recorte-gasto-publico-francia-futuro-europa\/\"},\"author\":{\"name\":\"Carles L\u00f3pez\",\"@id\":\"https:\/\/conversesacatalunya.cat\/#\/schema\/person\/3ce2ab16c0a3803086d80722c7cad56a\"},\"headline\":\"El recorte masivo de Francia, \u00bfpreludio del futuro de Europa?\",\"datePublished\":\"2025-07-28T06:57:55+00:00\",\"dateModified\":\"2025-07-28T10:19:06+00:00\",\"mainEntityOfPage\":{\"@id\":\"https:\/\/conversesacatalunya.cat\/es\/recorte-gasto-publico-francia-futuro-europa\/\"},\"wordCount\":658,\"commentCount\":0,\"image\":{\"@id\":\"https:\/\/conversesacatalunya.cat\/es\/recorte-gasto-publico-francia-futuro-europa\/#primaryimage\"},\"thumbnailUrl\":\"https:\/\/conversesacatalunya.cat\/wp-content\/uploads\/2021\/06\/Capture-8.png\",\"keywords\":[\"deuda p\u00fablica\",\"deute p\u00fablic\",\"Fran\u00e7a\",\"Francia\"],\"articleSection\":[\"Punts clau del dia (ES)\"],\"inLanguage\":\"es\",\"potentialAction\":[{\"@type\":\"CommentAction\",\"name\":\"Comment\",\"target\":[\"https:\/\/conversesacatalunya.cat\/es\/recorte-gasto-publico-francia-futuro-europa\/#respond\"]}]},{\"@type\":\"WebPage\",\"@id\":\"https:\/\/conversesacatalunya.cat\/es\/recorte-gasto-publico-francia-futuro-europa\/\",\"url\":\"https:\/\/conversesacatalunya.cat\/es\/recorte-gasto-publico-francia-futuro-europa\/\",\"name\":\"El recorte masivo de Francia, \u00bfpreludio del futuro de Europa? - Converses a Catalunya\",\"isPartOf\":{\"@id\":\"https:\/\/conversesacatalunya.cat\/#website\"},\"primaryImageOfPage\":{\"@id\":\"https:\/\/conversesacatalunya.cat\/es\/recorte-gasto-publico-francia-futuro-europa\/#primaryimage\"},\"image\":{\"@id\":\"https:\/\/conversesacatalunya.cat\/es\/recorte-gasto-publico-francia-futuro-europa\/#primaryimage\"},\"thumbnailUrl\":\"https:\/\/conversesacatalunya.cat\/wp-content\/uploads\/2021\/06\/Capture-8.png\",\"datePublished\":\"2025-07-28T06:57:55+00:00\",\"dateModified\":\"2025-07-28T10:19:06+00:00\",\"author\":{\"@id\":\"https:\/\/conversesacatalunya.cat\/#\/schema\/person\/3ce2ab16c0a3803086d80722c7cad56a\"},\"description\":\"El oto\u00f1o se anuncia caliente en Francia, ya que el ejecutivo del centrista Fran\u00e7ois Bayrou anunci\u00f3 un recorte masivo del gasto p\u00fablico.\",\"breadcrumb\":{\"@id\":\"https:\/\/conversesacatalunya.cat\/es\/recorte-gasto-publico-francia-futuro-europa\/#breadcrumb\"},\"inLanguage\":\"es\",\"potentialAction\":[{\"@type\":\"ReadAction\",\"target\":[\"https:\/\/conversesacatalunya.cat\/es\/recorte-gasto-publico-francia-futuro-europa\/\"]}]},{\"@type\":\"ImageObject\",\"inLanguage\":\"es\",\"@id\":\"https:\/\/conversesacatalunya.cat\/es\/recorte-gasto-publico-francia-futuro-europa\/#primaryimage\",\"url\":\"https:\/\/conversesacatalunya.cat\/wp-content\/uploads\/2021\/06\/Capture-8.png\",\"contentUrl\":\"https:\/\/conversesacatalunya.cat\/wp-content\/uploads\/2021\/06\/Capture-8.png\",\"width\":1053,\"height\":679,\"caption\":\"Recorte gasto p\u00fablico Francia\"},{\"@type\":\"BreadcrumbList\",\"@id\":\"https:\/\/conversesacatalunya.cat\/es\/recorte-gasto-publico-francia-futuro-europa\/#breadcrumb\",\"itemListElement\":[{\"@type\":\"ListItem\",\"position\":1,\"name\":\"Inici\",\"item\":\"https:\/\/conversesacatalunya.cat\/es\/\"},{\"@type\":\"ListItem\",\"position\":2,\"name\":\"El recorte masivo de Francia, \u00bfpreludio del futuro de Europa?\"}]},{\"@type\":\"WebSite\",\"@id\":\"https:\/\/conversesacatalunya.cat\/#website\",\"url\":\"https:\/\/conversesacatalunya.cat\/\",\"name\":\"Converses a Catalunya\",\"description\":\"\",\"potentialAction\":[{\"@type\":\"SearchAction\",\"target\":{\"@type\":\"EntryPoint\",\"urlTemplate\":\"https:\/\/conversesacatalunya.cat\/?s={search_term_string}\"},\"query-input\":{\"@type\":\"PropertyValueSpecification\",\"valueRequired\":true,\"valueName\":\"search_term_string\"}}],\"inLanguage\":\"es\"},{\"@type\":\"Person\",\"@id\":\"https:\/\/conversesacatalunya.cat\/#\/schema\/person\/3ce2ab16c0a3803086d80722c7cad56a\",\"name\":\"Carles L\u00f3pez\",\"image\":{\"@type\":\"ImageObject\",\"inLanguage\":\"es\",\"@id\":\"https:\/\/conversesacatalunya.cat\/#\/schema\/person\/image\/\",\"url\":\"https:\/\/conversesacatalunya.cat\/wp-content\/litespeed\/avatar\/4891585caf2896e97846ab77f06edcf2.jpg?ver=1777091173\",\"contentUrl\":\"https:\/\/conversesacatalunya.cat\/wp-content\/litespeed\/avatar\/4891585caf2896e97846ab77f06edcf2.jpg?ver=1777091173\",\"caption\":\"Carles L\u00f3pez\"},\"url\":\"https:\/\/conversesacatalunya.cat\/es\/author\/carles-lopez\/\"}]}<\/script>\n<!-- \/ Yoast SEO plugin. -->","yoast_head_json":{"title":"El recorte masivo de Francia, \u00bfpreludio del futuro de Europa? - Converses a Catalunya","description":"El oto\u00f1o se anuncia caliente en Francia, ya que el ejecutivo del centrista Fran\u00e7ois Bayrou anunci\u00f3 un recorte masivo del gasto p\u00fablico.","robots":{"index":"index","follow":"follow","max-snippet":"max-snippet:-1","max-image-preview":"max-image-preview:large","max-video-preview":"max-video-preview:-1"},"canonical":"https:\/\/conversesacatalunya.cat\/es\/recorte-gasto-publico-francia-futuro-europa\/","og_locale":"es_ES","og_type":"article","og_title":"El recorte masivo de Francia, \u00bfpreludio del futuro de Europa? - Converses a Catalunya","og_description":"El oto\u00f1o se anuncia caliente en Francia, ya que el ejecutivo del centrista Fran\u00e7ois Bayrou anunci\u00f3 un recorte masivo del gasto p\u00fablico.","og_url":"https:\/\/conversesacatalunya.cat\/es\/recorte-gasto-publico-francia-futuro-europa\/","og_site_name":"Converses a Catalunya","article_published_time":"2025-07-28T06:57:55+00:00","article_modified_time":"2025-07-28T10:19:06+00:00","og_image":[{"width":1053,"height":679,"url":"https:\/\/conversesacatalunya.cat\/wp-content\/uploads\/2021\/06\/Capture-8.png","type":"image\/png"}],"author":"Carles L\u00f3pez","twitter_card":"summary_large_image","twitter_misc":{"Escrito por":"Carles L\u00f3pez","Tiempo de lectura":"3 minutos"},"schema":{"@context":"https:\/\/schema.org","@graph":[{"@type":"Article","@id":"https:\/\/conversesacatalunya.cat\/es\/recorte-gasto-publico-francia-futuro-europa\/#article","isPartOf":{"@id":"https:\/\/conversesacatalunya.cat\/es\/recorte-gasto-publico-francia-futuro-europa\/"},"author":{"name":"Carles L\u00f3pez","@id":"https:\/\/conversesacatalunya.cat\/#\/schema\/person\/3ce2ab16c0a3803086d80722c7cad56a"},"headline":"El recorte masivo de Francia, \u00bfpreludio del futuro de Europa?","datePublished":"2025-07-28T06:57:55+00:00","dateModified":"2025-07-28T10:19:06+00:00","mainEntityOfPage":{"@id":"https:\/\/conversesacatalunya.cat\/es\/recorte-gasto-publico-francia-futuro-europa\/"},"wordCount":658,"commentCount":0,"image":{"@id":"https:\/\/conversesacatalunya.cat\/es\/recorte-gasto-publico-francia-futuro-europa\/#primaryimage"},"thumbnailUrl":"https:\/\/conversesacatalunya.cat\/wp-content\/uploads\/2021\/06\/Capture-8.png","keywords":["deuda p\u00fablica","deute p\u00fablic","Fran\u00e7a","Francia"],"articleSection":["Punts clau del dia (ES)"],"inLanguage":"es","potentialAction":[{"@type":"CommentAction","name":"Comment","target":["https:\/\/conversesacatalunya.cat\/es\/recorte-gasto-publico-francia-futuro-europa\/#respond"]}]},{"@type":"WebPage","@id":"https:\/\/conversesacatalunya.cat\/es\/recorte-gasto-publico-francia-futuro-europa\/","url":"https:\/\/conversesacatalunya.cat\/es\/recorte-gasto-publico-francia-futuro-europa\/","name":"El recorte masivo de Francia, \u00bfpreludio del futuro de Europa? - Converses a Catalunya","isPartOf":{"@id":"https:\/\/conversesacatalunya.cat\/#website"},"primaryImageOfPage":{"@id":"https:\/\/conversesacatalunya.cat\/es\/recorte-gasto-publico-francia-futuro-europa\/#primaryimage"},"image":{"@id":"https:\/\/conversesacatalunya.cat\/es\/recorte-gasto-publico-francia-futuro-europa\/#primaryimage"},"thumbnailUrl":"https:\/\/conversesacatalunya.cat\/wp-content\/uploads\/2021\/06\/Capture-8.png","datePublished":"2025-07-28T06:57:55+00:00","dateModified":"2025-07-28T10:19:06+00:00","author":{"@id":"https:\/\/conversesacatalunya.cat\/#\/schema\/person\/3ce2ab16c0a3803086d80722c7cad56a"},"description":"El oto\u00f1o se anuncia caliente en Francia, ya que el ejecutivo del centrista Fran\u00e7ois Bayrou anunci\u00f3 un recorte masivo del gasto p\u00fablico.","breadcrumb":{"@id":"https:\/\/conversesacatalunya.cat\/es\/recorte-gasto-publico-francia-futuro-europa\/#breadcrumb"},"inLanguage":"es","potentialAction":[{"@type":"ReadAction","target":["https:\/\/conversesacatalunya.cat\/es\/recorte-gasto-publico-francia-futuro-europa\/"]}]},{"@type":"ImageObject","inLanguage":"es","@id":"https:\/\/conversesacatalunya.cat\/es\/recorte-gasto-publico-francia-futuro-europa\/#primaryimage","url":"https:\/\/conversesacatalunya.cat\/wp-content\/uploads\/2021\/06\/Capture-8.png","contentUrl":"https:\/\/conversesacatalunya.cat\/wp-content\/uploads\/2021\/06\/Capture-8.png","width":1053,"height":679,"caption":"Recorte gasto p\u00fablico Francia"},{"@type":"BreadcrumbList","@id":"https:\/\/conversesacatalunya.cat\/es\/recorte-gasto-publico-francia-futuro-europa\/#breadcrumb","itemListElement":[{"@type":"ListItem","position":1,"name":"Inici","item":"https:\/\/conversesacatalunya.cat\/es\/"},{"@type":"ListItem","position":2,"name":"El recorte masivo de Francia, \u00bfpreludio del futuro de Europa?"}]},{"@type":"WebSite","@id":"https:\/\/conversesacatalunya.cat\/#website","url":"https:\/\/conversesacatalunya.cat\/","name":"Converses a Catalunya","description":"","potentialAction":[{"@type":"SearchAction","target":{"@type":"EntryPoint","urlTemplate":"https:\/\/conversesacatalunya.cat\/?s={search_term_string}"},"query-input":{"@type":"PropertyValueSpecification","valueRequired":true,"valueName":"search_term_string"}}],"inLanguage":"es"},{"@type":"Person","@id":"https:\/\/conversesacatalunya.cat\/#\/schema\/person\/3ce2ab16c0a3803086d80722c7cad56a","name":"Carles L\u00f3pez","image":{"@type":"ImageObject","inLanguage":"es","@id":"https:\/\/conversesacatalunya.cat\/#\/schema\/person\/image\/","url":"https:\/\/conversesacatalunya.cat\/wp-content\/litespeed\/avatar\/4891585caf2896e97846ab77f06edcf2.jpg?ver=1777091173","contentUrl":"https:\/\/conversesacatalunya.cat\/wp-content\/litespeed\/avatar\/4891585caf2896e97846ab77f06edcf2.jpg?ver=1777091173","caption":"Carles L\u00f3pez"},"url":"https:\/\/conversesacatalunya.cat\/es\/author\/carles-lopez\/"}]}},"wps_subtitle":"El primer ministro Fran\u00e7ois Bayrou anuncia una reducci\u00f3n dr\u00e1stica de los presupuestos p\u00fablicos.","_links":{"self":[{"href":"https:\/\/conversesacatalunya.cat\/es\/wp-json\/wp\/v2\/posts\/90803","targetHints":{"allow":["GET"]}}],"collection":[{"href":"https:\/\/conversesacatalunya.cat\/es\/wp-json\/wp\/v2\/posts"}],"about":[{"href":"https:\/\/conversesacatalunya.cat\/es\/wp-json\/wp\/v2\/types\/post"}],"author":[{"embeddable":true,"href":"https:\/\/conversesacatalunya.cat\/es\/wp-json\/wp\/v2\/users\/75"}],"replies":[{"embeddable":true,"href":"https:\/\/conversesacatalunya.cat\/es\/wp-json\/wp\/v2\/comments?post=90803"}],"version-history":[{"count":7,"href":"https:\/\/conversesacatalunya.cat\/es\/wp-json\/wp\/v2\/posts\/90803\/revisions"}],"predecessor-version":[{"id":90865,"href":"https:\/\/conversesacatalunya.cat\/es\/wp-json\/wp\/v2\/posts\/90803\/revisions\/90865"}],"wp:featuredmedia":[{"embeddable":true,"href":"https:\/\/conversesacatalunya.cat\/es\/wp-json\/wp\/v2\/media\/49265"}],"wp:attachment":[{"href":"https:\/\/conversesacatalunya.cat\/es\/wp-json\/wp\/v2\/media?parent=90803"}],"wp:term":[{"taxonomy":"category","embeddable":true,"href":"https:\/\/conversesacatalunya.cat\/es\/wp-json\/wp\/v2\/categories?post=90803"},{"taxonomy":"post_tag","embeddable":true,"href":"https:\/\/conversesacatalunya.cat\/es\/wp-json\/wp\/v2\/tags?post=90803"}],"curies":[{"name":"wp","href":"https:\/\/api.w.org\/{rel}","templated":true}]}}