{"id":90721,"date":"2025-07-24T11:42:04","date_gmt":"2025-07-24T09:42:04","guid":{"rendered":"https:\/\/conversesacatalunya.cat\/?p=90721"},"modified":"2025-07-24T12:05:00","modified_gmt":"2025-07-24T10:05:00","slug":"espana-no-va-bien-porque-la-mayoria-de-nosotros-vamos-mal","status":"publish","type":"post","link":"https:\/\/conversesacatalunya.cat\/es\/espana-no-va-bien-porque-la-mayoria-de-nosotros-vamos-mal\/","title":{"rendered":"Espa\u00f1a no va bien porque la mayor\u00eda de nosotros vamos mal"},"content":{"rendered":"<p><strong>El Gobierno insiste una y otra vez en que Espa\u00f1a va bien econ\u00f3micamente.<\/strong> Para demostrarlo, nos muestra siempre los mismos datos: el crecimiento del Producto Interior Bruto (PIB) y la mejora de la ocupaci\u00f3n.<\/p>\n<p>Pero esa es una visi\u00f3n muy estrecha de lo que significa \u201cir bien\u201d para un pa\u00eds y para sus ciudadanos. La realidad es que la situaci\u00f3n de la mayor\u00eda de nosotros deja mucho que desear. Y si en lugar de ofrecernos solo<strong> aquellos pocos indicadores que le sirven para justificarse y autoelogiarse<\/strong>, el Gobierno ampliara un poco m\u00e1s el foco, ver\u00edamos que las estad\u00edsticas confirman lo que ya muchos sentimos: que no vamos bien.<\/p>\n<p>Algunos datos y gr\u00e1ficos lo explican con claridad. Por ejemplo, se habla mucho del crecimiento del PIB, pero rara vez se analiza por persona ocupada. Es decir, no cu\u00e1nto ha crecido el pastel, si no cu\u00e1nto ha aumentado el trozo que le corresponde a cada trabajador. Y la realidad es que ese trozo ha crecido muy poco, y adem\u00e1s hoy es a\u00fan m\u00e1s peque\u00f1o de lo que deber\u00eda ser, porque <strong>de ese crecimiento hay que descontar todo lo que pagamos al Estado<\/strong>: impuestos, cotizaciones a la Seguridad Social, tasas&#8230; La parte que queda para el ciudadano es reducida.<\/p>\n<p>Si observamos <strong>la evoluci\u00f3n desde 1990 hasta 2024<\/strong>, vemos que hay pa\u00edses que han experimentado un crecimiento extraordinario del PIB por persona empleada. Es el caso de Polonia o de los pa\u00edses b\u00e1lticos, pero tambi\u00e9n \u2014aunque se suela denostar desde ciertos sectores\u2014 de Hungr\u00eda, que ha crecido un 65% en este periodo. Frente a eso, el caso de Espa\u00f1a resulta decepcionante: <strong>apenas hemos crecido un 14% en todos estos a\u00f1os.<\/strong> Esto nos sit\u00faa a la cola del crecimiento por habitante en la Uni\u00f3n Europea.<\/p>\n<p>Y lo m\u00e1s preocupante: <strong>la distancia que nos separa de la media europea no se reduce<\/strong>. Al contrario, se mantiene o incluso empeora. Con estos datos sobre la mesa, no se puede decir con seriedad que Espa\u00f1a va bien. Porque la verdad es que la mayor\u00eda de nosotros no vamos bien.<\/p>\n<p><img fetchpriority=\"high\" decoding=\"async\" class=\"alignnone wp-image-90722 size-full\" src=\"https:\/\/conversesacatalunya.cat\/wp-content\/uploads\/2025\/07\/Imagen1-4.jpg\" alt=\"\" width=\"886\" height=\"841\" srcset=\"https:\/\/conversesacatalunya.cat\/wp-content\/uploads\/2025\/07\/Imagen1-4.jpg 886w, https:\/\/conversesacatalunya.cat\/wp-content\/uploads\/2025\/07\/Imagen1-4-300x285.jpg 300w\" sizes=\"(max-width: 886px) 100vw, 886px\" \/><\/p>\n<h4><strong>\u00bfPor qu\u00e9, si el PIB crece tanto y somos \u201ccampeones\u201d en Europa, a cada uno de nosotros nos toca cada vez menos?<\/strong><\/h4>\n<p>El Gobierno presume de que el Producto Interior Bruto espa\u00f1ol crece por encima de la media europea. Pero cuando dejamos de mirar la cifra global y observamos cu\u00e1nto nos corresponde a cada uno de nosotros, descubrimos que estamos a la cola. \u00bfC\u00f3mo es posible? La respuesta est\u00e1 en la evoluci\u00f3n de la poblaci\u00f3n en los distintos pa\u00edses europeos, y el gr\u00e1fico correspondiente lo deja claro: <strong>el crecimiento demogr\u00e1fico de Espa\u00f1a ha sido explosivo, incluso abrumador<\/strong>. Y eso que hablamos solo del \u00faltimo a\u00f1o.<\/p>\n<p>Pero <strong>\u00bfc\u00f3mo puede ser esto, si desde al menos 2011 mueren en Espa\u00f1a muchas m\u00e1s personas de las que nacen?<\/strong> En teor\u00eda, la poblaci\u00f3n deber\u00eda estar disminuyendo. Todos conocemos la respuesta: el crecimiento demogr\u00e1fico se debe a una inmigraci\u00f3n masiva. No dir\u00e9 que es descontrolada, porque en realidad el Gobierno favorece este fen\u00f3meno. Hay un inter\u00e9s claro \u2014por parte del Ejecutivo y de ciertos sectores econ\u00f3micos\u2014 en<strong> mantener una oferta abundante de mano de obra barata<\/strong>.<\/p>\n<p>El inter\u00e9s del presidente S\u00e1nchez est\u00e1 en que esta entrada masiva de poblaci\u00f3n con baja productividad <strong>permite inflar artificialmente el PIB<\/strong>. Se crece en cifras totales, no porque cada trabajador produzca m\u00e1s, sino porque hay mucha m\u00e1s gente trabajando, aunque sea con sueldos bajos y en condiciones precarias. As\u00ed se explica que, si miramos solo la producci\u00f3n agregada, Espa\u00f1a aparente ser l\u00edder en crecimiento. Pero si analizamos qu\u00e9 parte de esa riqueza le toca a cada ciudadano, salimos muy mal parados.<\/p>\n<p>Este es, en realidad, un p\u00e9simo negocio para la mayor\u00eda de los ciudadanos. <strong>Es rentable solo para el Gobierno y para las arcas del Estado.<\/strong> Porque esta combinaci\u00f3n de inmigraci\u00f3n masiva e inflaci\u00f3n \u2014a la que nunca se descuenta del c\u00e1lculo fiscal\u2014 permite al Estado disparar la recaudaci\u00f3n como nunca antes. Y eso se traduce en una <strong>carga fiscal cada vez m\u00e1s elevada para los trabajadores<\/strong>: el esfuerzo fiscal y la \u201c<a href=\"https:\/\/conversesacatalunya.cat\/es\/la-cuna-fiscal-que-devora-nuestros-ingresos\/\" target=\"_blank\" rel=\"noopener\">cu\u00f1a fiscal<\/a>\u201d (la diferencia entre lo que paga el empleador y lo que percibe el trabajador) se han disparado en estos \u00faltimos a\u00f1os, especialmente bajo el mandato de S\u00e1nchez.<\/p>\n<p>Esta es otra parte de la pel\u00edcula que nunca nos cuentan, pero que deber\u00edamos analizar con atenci\u00f3n: <strong>cada vez trabajamos m\u00e1s para el Estado y menos para nosotros mismos.<\/strong><\/p>\n<p><img decoding=\"async\" class=\"alignnone wp-image-90724 size-full lazyload\" data-src=\"https:\/\/conversesacatalunya.cat\/wp-content\/uploads\/2025\/07\/Imagen2-3.jpg\" alt=\"\" width=\"886\" height=\"865\" data-srcset=\"https:\/\/conversesacatalunya.cat\/wp-content\/uploads\/2025\/07\/Imagen2-3.jpg 886w, https:\/\/conversesacatalunya.cat\/wp-content\/uploads\/2025\/07\/Imagen2-3-300x293.jpg 300w\" data-sizes=\"(max-width: 886px) 100vw, 886px\" src=\"data:image\/svg+xml;base64,PHN2ZyB3aWR0aD0iMSIgaGVpZ2h0PSIxIiB4bWxucz0iaHR0cDovL3d3dy53My5vcmcvMjAwMC9zdmciPjwvc3ZnPg==\" style=\"--smush-placeholder-width: 886px; --smush-placeholder-aspect-ratio: 886\/865;\" \/><\/p>\n<h4><strong>Vamos mal: trabajamos mucho, pero no para nosotros<\/strong><\/h4>\n<p>Hoy, seguramente, el factor m\u00e1s decisivo para demostrar que vivimos mal es la <strong>evoluci\u00f3n de los salarios<\/strong>. Y en este caso, los \u00faltimos datos publicados por la OCDE deber\u00edan ser objeto de un gran debate pol\u00edtico y social. Porque confirman una realidad inquietante: trabajamos mucho, pero cada vez menos para nosotros mismos.<\/p>\n<p>Seg\u00fan los datos de la OCDE, el salario medio real en Espa\u00f1a era de <strong>29.588 euros en 1993<\/strong>. Treinta a\u00f1os despu\u00e9s,<strong> en 2023, ha alcanzado los 30.654 euros.<\/strong> Es decir, el salario medio real \u2014una vez descontada la inflaci\u00f3n\u2014 apenas ha aumentado en ese per\u00edodo 1.066 euros: un rid\u00edculo 3,6%. Y hablamos de cifras brutas. Esto nos sit\u00faa, una vez m\u00e1s, a la cola de los pa\u00edses de la OCDE en cuanto a evoluci\u00f3n de ingresos.<\/p>\n<p>Pero la realidad es a\u00fan m\u00e1s grave. Porque si en lugar del salario bruto consideramos el salario neto \u2014lo que realmente recibe el trabajador\u2014 ese leve incremento conseguido en tres d\u00e9cadas ser\u00eda todav\u00eda menor, casi insignificante. \u00bfLa raz\u00f3n? <strong>La creciente carga fiscal sobre el trabajo<\/strong>. En estos treinta a\u00f1os, la mordida de las cotizaciones sociales ha aumentado de forma sostenida hasta representar hoy <strong>el 24% del coste laboral.<\/strong> Es decir, uno de cada cuatro euros que genera nuestro empleo va directamente a cotizaciones.<\/p>\n<p>Y eso es solo el principio: despu\u00e9s vienen el IRPF, el IVA y otros impuestos. Cada vez trabajamos m\u00e1s horas, pero una proporci\u00f3n creciente de ese esfuerzo se lo queda el Estado. \u00bfC\u00f3mo no vamos a ir mal?<\/p>\n<span class='bctt-click-to-tweet'><span class='bctt-ctt-text'><a href='https:\/\/twitter.com\/intent\/tweet?url=https%3A%2F%2Fconversesacatalunya.cat%2Fes%2Fespana-no-va-bien-porque-la-mayoria-de-nosotros-vamos-mal%2F&#038;text=Uno%20de%20cada%20cuatro%20euros%20que%20genera%20tu%20trabajo%20se%20lo%20lleva%20el%20Estado%20en%20cotizaciones.%20Luego%20vendr%C3%A1%20el%20IRPF%20y%20el%20IVA...%20%23Fiscalidad%20%23Espa%C3%B1a&#038;via=conversesacat&#038;related=conversesacat' target='_blank'rel=\"noopener noreferrer\">Uno de cada cuatro euros que genera tu trabajo se lo lleva el Estado en cotizaciones. Luego vendr\u00e1 el IRPF y el IVA... #Fiscalidad #Espa\u00f1a <\/a><\/span><a href='https:\/\/twitter.com\/intent\/tweet?url=https%3A%2F%2Fconversesacatalunya.cat%2Fes%2Fespana-no-va-bien-porque-la-mayoria-de-nosotros-vamos-mal%2F&#038;text=Uno%20de%20cada%20cuatro%20euros%20que%20genera%20tu%20trabajo%20se%20lo%20lleva%20el%20Estado%20en%20cotizaciones.%20Luego%20vendr%C3%A1%20el%20IRPF%20y%20el%20IVA...%20%23Fiscalidad%20%23Espa%C3%B1a&#038;via=conversesacat&#038;related=conversesacat' target='_blank' class='bctt-ctt-btn'rel=\"noopener noreferrer\">Compartir en X<\/a><\/span>\n<div id=\"polls-292\" class=\"wp-polls\">\n\t<form id=\"polls_form_292\" class=\"wp-polls-form\" action=\"\/index.php\" method=\"post\">\n\t\t<p style=\"display: none;\"><input type=\"hidden\" id=\"poll_292_nonce\" name=\"wp-polls-nonce\" value=\"41994b659b\" \/><\/p>\n\t\t<p style=\"display: none;\"><input type=\"hidden\" name=\"poll_id\" value=\"292\" \/><\/p>\n\t\t<p style=\"text-align: center\"><strong>Donada la volguda ambig\u00fcitat del pacte sobre finan\u00e7ament singular de Catalunya, creus que a l'hora de la veritat aportar\u00e0 avantatges significatius?<\/strong><\/p><div id=\"polls-292-ans\" class=\"wp-polls-ans\"><ul class=\"wp-polls-ul\">\n\t\t<li><input type=\"radio\" id=\"poll-answer-833\" name=\"poll_292\" value=\"833\" \/> <label for=\"poll-answer-833\">S\u00ed<\/label><\/li>\n\t\t<li><input type=\"radio\" id=\"poll-answer-834\" name=\"poll_292\" value=\"834\" \/> <label for=\"poll-answer-834\">No<\/label><\/li>\n\t\t<li><input type=\"radio\" id=\"poll-answer-835\" name=\"poll_292\" value=\"835\" \/> <label for=\"poll-answer-835\">No ho s\u00e9<\/label><\/li>\n\t\t<\/ul><p style=\"text-align: center\"><input type=\"button\" name=\"vote\" value=\"   Vota   \" class=\"Buttons\" onclick=\"poll_vote(292);\" \/><\/p><p style=\"text-align: center\"><a href=\"#ViewPollResults\" onclick=\"poll_result(292); return false;\" title=\"View Results Of This Poll\">Mira els resultats<\/a><\/p><\/div>\n\t<\/form>\n<\/div>\n<div id=\"polls-292-loading\" class=\"wp-polls-loading\"><img decoding=\"async\" data-src=\"https:\/\/conversesacatalunya.cat\/wp-content\/plugins\/wp-polls\/images\/loading.gif\" width=\"16\" height=\"16\" alt=\"Cargando ...\" title=\"Cargando ...\" class=\"wp-polls-image lazyload\" src=\"data:image\/svg+xml;base64,PHN2ZyB3aWR0aD0iMSIgaGVpZ2h0PSIxIiB4bWxucz0iaHR0cDovL3d3dy53My5vcmcvMjAwMC9zdmciPjwvc3ZnPg==\" style=\"--smush-placeholder-width: 16px; --smush-placeholder-aspect-ratio: 16\/16;\" \/>&nbsp;Cargando ...<\/div>\n\n","protected":false},"excerpt":{"rendered":"<p>El Gobierno insiste una y otra vez en que Espa\u00f1a va bien econ\u00f3micamente. Para demostrarlo, nos muestra siempre los mismos datos: el crecimiento del Producto Interior Bruto (PIB) y la mejora de la ocupaci\u00f3n. Pero esa es una visi\u00f3n muy estrecha de lo que significa \u201cir bien\u201d para un pa\u00eds y para sus ciudadanos. La realidad es que la situaci\u00f3n de la mayor\u00eda de nosotros deja mucho que desear. Y si en lugar de ofrecernos solo aquellos pocos indicadores que le sirven para justificarse y autoelogiarse, el Gobierno ampliara un poco m\u00e1s el foco, ver\u00edamos que las estad\u00edsticas confirman lo que ya muchos sentimos: que no vamos bien. Algunos datos y gr\u00e1ficos lo explican con claridad. Por ejemplo, se habla mucho del crecimiento del PIB, pero rara vez se analiza por persona ocupada. Es decir, no cu\u00e1nto ha crecido el pastel, si no cu\u00e1nto ha aumentado el trozo que le corresponde a cada trabajador. Y la realidad es que ese trozo ha crecido muy poco, y adem\u00e1s hoy es a\u00fan m\u00e1s peque\u00f1o de lo que deber\u00eda ser, porque de ese crecimiento hay que descontar todo lo que pagamos al Estado: impuestos, cotizaciones a la Seguridad Social, tasas&#8230; La parte que queda para el ciudadano es reducida. Si observamos la evoluci\u00f3n desde 1990 hasta 2024, vemos que hay pa\u00edses que han experimentado un crecimiento extraordinario del PIB por persona empleada. Es el caso de Polonia o de los pa\u00edses b\u00e1lticos, pero tambi\u00e9n \u2014aunque se suela denostar desde ciertos sectores\u2014 de Hungr\u00eda, que ha crecido un 65% en este periodo. Frente a eso, el caso de Espa\u00f1a resulta decepcionante: apenas hemos crecido un 14% en todos estos a\u00f1os. Esto nos sit\u00faa a la cola del crecimiento por habitante en la Uni\u00f3n Europea. Y lo m\u00e1s preocupante: la distancia que nos separa de la media europea no se reduce. Al contrario, se mantiene o incluso empeora. Con estos datos sobre la mesa, no se puede decir con seriedad que Espa\u00f1a va bien. Porque la verdad es que la mayor\u00eda de nosotros no vamos bien. \u00bfPor qu\u00e9, si el PIB crece tanto y somos \u201ccampeones\u201d en Europa, a cada uno de nosotros nos toca cada vez menos? El Gobierno presume de que el Producto Interior Bruto espa\u00f1ol crece por encima de la media europea. Pero cuando dejamos de mirar la cifra global y observamos cu\u00e1nto nos corresponde a cada uno de nosotros, descubrimos que estamos a la cola. \u00bfC\u00f3mo es posible? La respuesta est\u00e1 en la evoluci\u00f3n de la poblaci\u00f3n en los distintos pa\u00edses europeos, y el gr\u00e1fico correspondiente lo deja claro: el crecimiento demogr\u00e1fico de Espa\u00f1a ha sido explosivo, incluso abrumador. Y eso que hablamos solo del \u00faltimo a\u00f1o. Pero \u00bfc\u00f3mo puede ser esto, si desde al menos 2011 mueren en Espa\u00f1a muchas m\u00e1s personas de las que nacen? En teor\u00eda, la poblaci\u00f3n deber\u00eda estar disminuyendo. Todos conocemos la respuesta: el crecimiento demogr\u00e1fico se debe a una inmigraci\u00f3n masiva. No dir\u00e9 que es descontrolada, porque en realidad el Gobierno favorece este fen\u00f3meno. Hay un inter\u00e9s claro \u2014por parte del Ejecutivo y de ciertos sectores econ\u00f3micos\u2014 en mantener una oferta abundante de mano de obra barata. El inter\u00e9s del presidente S\u00e1nchez est\u00e1 en que esta entrada masiva de poblaci\u00f3n con baja productividad permite inflar artificialmente el PIB. Se crece en cifras totales, no porque cada trabajador produzca m\u00e1s, sino porque hay mucha m\u00e1s gente trabajando, aunque sea con sueldos bajos y en condiciones precarias. As\u00ed se explica que, si miramos solo la producci\u00f3n agregada, Espa\u00f1a aparente ser l\u00edder en crecimiento. Pero si analizamos qu\u00e9 parte de esa riqueza le toca a cada ciudadano, salimos muy mal parados. Este es, en realidad, un p\u00e9simo negocio para la mayor\u00eda de los ciudadanos. Es rentable solo para el Gobierno y para las arcas del Estado. Porque esta combinaci\u00f3n de inmigraci\u00f3n masiva e inflaci\u00f3n \u2014a la que nunca se descuenta del c\u00e1lculo fiscal\u2014 permite al Estado disparar la recaudaci\u00f3n como nunca antes. Y eso se traduce en una carga fiscal cada vez m\u00e1s elevada para los trabajadores: el esfuerzo fiscal y la \u201ccu\u00f1a fiscal\u201d (la diferencia entre lo que paga el empleador y lo que percibe el trabajador) se han disparado en estos \u00faltimos a\u00f1os, especialmente bajo el mandato de S\u00e1nchez. Esta es otra parte de la pel\u00edcula que nunca nos cuentan, pero que deber\u00edamos analizar con atenci\u00f3n: cada vez trabajamos m\u00e1s para el Estado y menos para nosotros mismos. Vamos mal: trabajamos mucho, pero no para nosotros Hoy, seguramente, el factor m\u00e1s decisivo para demostrar que vivimos mal es la evoluci\u00f3n de los salarios. Y en este caso, los \u00faltimos datos publicados por la OCDE deber\u00edan ser objeto de un gran debate pol\u00edtico y social. Porque confirman una realidad inquietante: trabajamos mucho, pero cada vez menos para nosotros mismos. Seg\u00fan los datos de la OCDE, el salario medio real en Espa\u00f1a era de 29.588 euros en 1993. Treinta a\u00f1os despu\u00e9s, en 2023, ha alcanzado los 30.654 euros. Es decir, el salario medio real \u2014una vez descontada la inflaci\u00f3n\u2014 apenas ha aumentado en ese per\u00edodo 1.066 euros: un rid\u00edculo 3,6%. Y hablamos de cifras brutas. Esto nos sit\u00faa, una vez m\u00e1s, a la cola de los pa\u00edses de la OCDE en cuanto a evoluci\u00f3n de ingresos. Pero la realidad es a\u00fan m\u00e1s grave. Porque si en lugar del salario bruto consideramos el salario neto \u2014lo que realmente recibe el trabajador\u2014 ese leve incremento conseguido en tres d\u00e9cadas ser\u00eda todav\u00eda menor, casi insignificante. \u00bfLa raz\u00f3n? La creciente carga fiscal sobre el trabajo. En estos treinta a\u00f1os, la mordida de las cotizaciones sociales ha aumentado de forma sostenida hasta representar hoy el 24% del coste laboral. Es decir, uno de cada cuatro euros que genera nuestro empleo va directamente a cotizaciones. Y eso es solo el principio: despu\u00e9s vienen el IRPF, el IVA y otros impuestos. Cada vez trabajamos m\u00e1s horas, pero una proporci\u00f3n creciente de ese esfuerzo se lo queda el Estado. \u00bfC\u00f3mo no vamos a ir mal?<\/p>\n","protected":false},"author":77,"featured_media":90730,"comment_status":"open","ping_status":"open","sticky":false,"template":"","format":"standard","meta":{"_FSMCFIC_featured_image_caption":"","_FSMCFIC_featured_image_nocaption":"","_FSMCFIC_featured_image_hide":"","footnotes":""},"categories":[806],"tags":[960],"class_list":["post-90721","post","type-post","status-publish","format-standard","has-post-thumbnail","hentry","category-punts-claus-del-dia-es","tag-pib-es"],"yoast_head":"<!-- This site is optimized with the Yoast SEO plugin v26.8 - https:\/\/yoast.com\/product\/yoast-seo-wordpress\/ -->\n<title>Espa\u00f1a no va bien porque la mayor\u00eda de nosotros vamos mal - Converses a Catalunya<\/title>\n<meta name=\"description\" content=\"Aunque el Gobierno presume del crecimiento del PIB, los datos muestran que la mayor\u00eda de los ciudadanos va a peor: salarios estancados\" \/>\n<meta name=\"robots\" content=\"index, follow, max-snippet:-1, max-image-preview:large, max-video-preview:-1\" \/>\n<link rel=\"canonical\" href=\"https:\/\/conversesacatalunya.cat\/es\/espana-no-va-bien-porque-la-mayoria-de-nosotros-vamos-mal\/\" \/>\n<meta property=\"og:locale\" content=\"es_ES\" \/>\n<meta property=\"og:type\" content=\"article\" \/>\n<meta property=\"og:title\" content=\"Espa\u00f1a no va bien porque la mayor\u00eda de nosotros vamos mal - Converses a Catalunya\" \/>\n<meta property=\"og:description\" content=\"Aunque el Gobierno presume del crecimiento del PIB, los datos muestran que la mayor\u00eda de los ciudadanos va a peor: salarios estancados\" \/>\n<meta property=\"og:url\" content=\"https:\/\/conversesacatalunya.cat\/es\/espana-no-va-bien-porque-la-mayoria-de-nosotros-vamos-mal\/\" \/>\n<meta property=\"og:site_name\" content=\"Converses a Catalunya\" \/>\n<meta property=\"article:published_time\" content=\"2025-07-24T09:42:04+00:00\" \/>\n<meta property=\"article:modified_time\" content=\"2025-07-24T10:05:00+00:00\" \/>\n<meta property=\"og:image\" content=\"https:\/\/conversesacatalunya.cat\/wp-content\/uploads\/2025\/07\/PIB-Espana.jpg\" \/>\n\t<meta property=\"og:image:width\" content=\"640\" \/>\n\t<meta property=\"og:image:height\" content=\"480\" \/>\n\t<meta property=\"og:image:type\" content=\"image\/jpeg\" \/>\n<meta name=\"author\" content=\"Enric Casanovas\" \/>\n<meta name=\"twitter:card\" content=\"summary_large_image\" \/>\n<meta name=\"twitter:label1\" content=\"Escrito por\" \/>\n\t<meta name=\"twitter:data1\" content=\"Enric Casanovas\" \/>\n\t<meta name=\"twitter:label2\" content=\"Tiempo de lectura\" \/>\n\t<meta name=\"twitter:data2\" content=\"6 minutos\" \/>\n<script type=\"application\/ld+json\" class=\"yoast-schema-graph\">{\"@context\":\"https:\/\/schema.org\",\"@graph\":[{\"@type\":\"Article\",\"@id\":\"https:\/\/conversesacatalunya.cat\/es\/espana-no-va-bien-porque-la-mayoria-de-nosotros-vamos-mal\/#article\",\"isPartOf\":{\"@id\":\"https:\/\/conversesacatalunya.cat\/es\/espana-no-va-bien-porque-la-mayoria-de-nosotros-vamos-mal\/\"},\"author\":{\"name\":\"Enric Casanovas\",\"@id\":\"https:\/\/conversesacatalunya.cat\/#\/schema\/person\/79bd0577b2f3afc8d6519d207c6e8609\"},\"headline\":\"Espa\u00f1a no va bien porque la mayor\u00eda de nosotros vamos mal\",\"datePublished\":\"2025-07-24T09:42:04+00:00\",\"dateModified\":\"2025-07-24T10:05:00+00:00\",\"mainEntityOfPage\":{\"@id\":\"https:\/\/conversesacatalunya.cat\/es\/espana-no-va-bien-porque-la-mayoria-de-nosotros-vamos-mal\/\"},\"wordCount\":1123,\"commentCount\":0,\"image\":{\"@id\":\"https:\/\/conversesacatalunya.cat\/es\/espana-no-va-bien-porque-la-mayoria-de-nosotros-vamos-mal\/#primaryimage\"},\"thumbnailUrl\":\"https:\/\/conversesacatalunya.cat\/wp-content\/uploads\/2025\/07\/PIB-Espana.jpg\",\"keywords\":[\"PIB\"],\"articleSection\":[\"Punts clau del dia (ES)\"],\"inLanguage\":\"es\",\"potentialAction\":[{\"@type\":\"CommentAction\",\"name\":\"Comment\",\"target\":[\"https:\/\/conversesacatalunya.cat\/es\/espana-no-va-bien-porque-la-mayoria-de-nosotros-vamos-mal\/#respond\"]}]},{\"@type\":\"WebPage\",\"@id\":\"https:\/\/conversesacatalunya.cat\/es\/espana-no-va-bien-porque-la-mayoria-de-nosotros-vamos-mal\/\",\"url\":\"https:\/\/conversesacatalunya.cat\/es\/espana-no-va-bien-porque-la-mayoria-de-nosotros-vamos-mal\/\",\"name\":\"Espa\u00f1a no va bien porque la mayor\u00eda de nosotros vamos mal - Converses a Catalunya\",\"isPartOf\":{\"@id\":\"https:\/\/conversesacatalunya.cat\/#website\"},\"primaryImageOfPage\":{\"@id\":\"https:\/\/conversesacatalunya.cat\/es\/espana-no-va-bien-porque-la-mayoria-de-nosotros-vamos-mal\/#primaryimage\"},\"image\":{\"@id\":\"https:\/\/conversesacatalunya.cat\/es\/espana-no-va-bien-porque-la-mayoria-de-nosotros-vamos-mal\/#primaryimage\"},\"thumbnailUrl\":\"https:\/\/conversesacatalunya.cat\/wp-content\/uploads\/2025\/07\/PIB-Espana.jpg\",\"datePublished\":\"2025-07-24T09:42:04+00:00\",\"dateModified\":\"2025-07-24T10:05:00+00:00\",\"author\":{\"@id\":\"https:\/\/conversesacatalunya.cat\/#\/schema\/person\/79bd0577b2f3afc8d6519d207c6e8609\"},\"description\":\"Aunque el Gobierno presume del crecimiento del PIB, los datos muestran que la mayor\u00eda de los ciudadanos va a peor: salarios estancados\",\"breadcrumb\":{\"@id\":\"https:\/\/conversesacatalunya.cat\/es\/espana-no-va-bien-porque-la-mayoria-de-nosotros-vamos-mal\/#breadcrumb\"},\"inLanguage\":\"es\",\"potentialAction\":[{\"@type\":\"ReadAction\",\"target\":[\"https:\/\/conversesacatalunya.cat\/es\/espana-no-va-bien-porque-la-mayoria-de-nosotros-vamos-mal\/\"]}]},{\"@type\":\"ImageObject\",\"inLanguage\":\"es\",\"@id\":\"https:\/\/conversesacatalunya.cat\/es\/espana-no-va-bien-porque-la-mayoria-de-nosotros-vamos-mal\/#primaryimage\",\"url\":\"https:\/\/conversesacatalunya.cat\/wp-content\/uploads\/2025\/07\/PIB-Espana.jpg\",\"contentUrl\":\"https:\/\/conversesacatalunya.cat\/wp-content\/uploads\/2025\/07\/PIB-Espana.jpg\",\"width\":640,\"height\":480,\"caption\":\"crecimiento PIB\"},{\"@type\":\"BreadcrumbList\",\"@id\":\"https:\/\/conversesacatalunya.cat\/es\/espana-no-va-bien-porque-la-mayoria-de-nosotros-vamos-mal\/#breadcrumb\",\"itemListElement\":[{\"@type\":\"ListItem\",\"position\":1,\"name\":\"Inici\",\"item\":\"https:\/\/conversesacatalunya.cat\/es\/\"},{\"@type\":\"ListItem\",\"position\":2,\"name\":\"Espa\u00f1a no va bien porque la mayor\u00eda de nosotros vamos mal\"}]},{\"@type\":\"WebSite\",\"@id\":\"https:\/\/conversesacatalunya.cat\/#website\",\"url\":\"https:\/\/conversesacatalunya.cat\/\",\"name\":\"Converses a Catalunya\",\"description\":\"\",\"potentialAction\":[{\"@type\":\"SearchAction\",\"target\":{\"@type\":\"EntryPoint\",\"urlTemplate\":\"https:\/\/conversesacatalunya.cat\/?s={search_term_string}\"},\"query-input\":{\"@type\":\"PropertyValueSpecification\",\"valueRequired\":true,\"valueName\":\"search_term_string\"}}],\"inLanguage\":\"es\"},{\"@type\":\"Person\",\"@id\":\"https:\/\/conversesacatalunya.cat\/#\/schema\/person\/79bd0577b2f3afc8d6519d207c6e8609\",\"name\":\"Enric Casanovas\",\"image\":{\"@type\":\"ImageObject\",\"inLanguage\":\"es\",\"@id\":\"https:\/\/conversesacatalunya.cat\/#\/schema\/person\/image\/\",\"url\":\"https:\/\/conversesacatalunya.cat\/wp-content\/litespeed\/avatar\/7ae4379ad4421ec77820e92afd36dd78.jpg?ver=1777373933\",\"contentUrl\":\"https:\/\/conversesacatalunya.cat\/wp-content\/litespeed\/avatar\/7ae4379ad4421ec77820e92afd36dd78.jpg?ver=1777373933\",\"caption\":\"Enric Casanovas\"},\"url\":\"https:\/\/conversesacatalunya.cat\/es\/author\/enric-casanovas\/\"}]}<\/script>\n<!-- \/ Yoast SEO plugin. -->","yoast_head_json":{"title":"Espa\u00f1a no va bien porque la mayor\u00eda de nosotros vamos mal - Converses a Catalunya","description":"Aunque el Gobierno presume del crecimiento del PIB, los datos muestran que la mayor\u00eda de los ciudadanos va a peor: salarios estancados","robots":{"index":"index","follow":"follow","max-snippet":"max-snippet:-1","max-image-preview":"max-image-preview:large","max-video-preview":"max-video-preview:-1"},"canonical":"https:\/\/conversesacatalunya.cat\/es\/espana-no-va-bien-porque-la-mayoria-de-nosotros-vamos-mal\/","og_locale":"es_ES","og_type":"article","og_title":"Espa\u00f1a no va bien porque la mayor\u00eda de nosotros vamos mal - Converses a Catalunya","og_description":"Aunque el Gobierno presume del crecimiento del PIB, los datos muestran que la mayor\u00eda de los ciudadanos va a peor: salarios estancados","og_url":"https:\/\/conversesacatalunya.cat\/es\/espana-no-va-bien-porque-la-mayoria-de-nosotros-vamos-mal\/","og_site_name":"Converses a Catalunya","article_published_time":"2025-07-24T09:42:04+00:00","article_modified_time":"2025-07-24T10:05:00+00:00","og_image":[{"width":640,"height":480,"url":"https:\/\/conversesacatalunya.cat\/wp-content\/uploads\/2025\/07\/PIB-Espana.jpg","type":"image\/jpeg"}],"author":"Enric Casanovas","twitter_card":"summary_large_image","twitter_misc":{"Escrito por":"Enric Casanovas","Tiempo de lectura":"6 minutos"},"schema":{"@context":"https:\/\/schema.org","@graph":[{"@type":"Article","@id":"https:\/\/conversesacatalunya.cat\/es\/espana-no-va-bien-porque-la-mayoria-de-nosotros-vamos-mal\/#article","isPartOf":{"@id":"https:\/\/conversesacatalunya.cat\/es\/espana-no-va-bien-porque-la-mayoria-de-nosotros-vamos-mal\/"},"author":{"name":"Enric Casanovas","@id":"https:\/\/conversesacatalunya.cat\/#\/schema\/person\/79bd0577b2f3afc8d6519d207c6e8609"},"headline":"Espa\u00f1a no va bien porque la mayor\u00eda de nosotros vamos mal","datePublished":"2025-07-24T09:42:04+00:00","dateModified":"2025-07-24T10:05:00+00:00","mainEntityOfPage":{"@id":"https:\/\/conversesacatalunya.cat\/es\/espana-no-va-bien-porque-la-mayoria-de-nosotros-vamos-mal\/"},"wordCount":1123,"commentCount":0,"image":{"@id":"https:\/\/conversesacatalunya.cat\/es\/espana-no-va-bien-porque-la-mayoria-de-nosotros-vamos-mal\/#primaryimage"},"thumbnailUrl":"https:\/\/conversesacatalunya.cat\/wp-content\/uploads\/2025\/07\/PIB-Espana.jpg","keywords":["PIB"],"articleSection":["Punts clau del dia (ES)"],"inLanguage":"es","potentialAction":[{"@type":"CommentAction","name":"Comment","target":["https:\/\/conversesacatalunya.cat\/es\/espana-no-va-bien-porque-la-mayoria-de-nosotros-vamos-mal\/#respond"]}]},{"@type":"WebPage","@id":"https:\/\/conversesacatalunya.cat\/es\/espana-no-va-bien-porque-la-mayoria-de-nosotros-vamos-mal\/","url":"https:\/\/conversesacatalunya.cat\/es\/espana-no-va-bien-porque-la-mayoria-de-nosotros-vamos-mal\/","name":"Espa\u00f1a no va bien porque la mayor\u00eda de nosotros vamos mal - Converses a Catalunya","isPartOf":{"@id":"https:\/\/conversesacatalunya.cat\/#website"},"primaryImageOfPage":{"@id":"https:\/\/conversesacatalunya.cat\/es\/espana-no-va-bien-porque-la-mayoria-de-nosotros-vamos-mal\/#primaryimage"},"image":{"@id":"https:\/\/conversesacatalunya.cat\/es\/espana-no-va-bien-porque-la-mayoria-de-nosotros-vamos-mal\/#primaryimage"},"thumbnailUrl":"https:\/\/conversesacatalunya.cat\/wp-content\/uploads\/2025\/07\/PIB-Espana.jpg","datePublished":"2025-07-24T09:42:04+00:00","dateModified":"2025-07-24T10:05:00+00:00","author":{"@id":"https:\/\/conversesacatalunya.cat\/#\/schema\/person\/79bd0577b2f3afc8d6519d207c6e8609"},"description":"Aunque el Gobierno presume del crecimiento del PIB, los datos muestran que la mayor\u00eda de los ciudadanos va a peor: salarios estancados","breadcrumb":{"@id":"https:\/\/conversesacatalunya.cat\/es\/espana-no-va-bien-porque-la-mayoria-de-nosotros-vamos-mal\/#breadcrumb"},"inLanguage":"es","potentialAction":[{"@type":"ReadAction","target":["https:\/\/conversesacatalunya.cat\/es\/espana-no-va-bien-porque-la-mayoria-de-nosotros-vamos-mal\/"]}]},{"@type":"ImageObject","inLanguage":"es","@id":"https:\/\/conversesacatalunya.cat\/es\/espana-no-va-bien-porque-la-mayoria-de-nosotros-vamos-mal\/#primaryimage","url":"https:\/\/conversesacatalunya.cat\/wp-content\/uploads\/2025\/07\/PIB-Espana.jpg","contentUrl":"https:\/\/conversesacatalunya.cat\/wp-content\/uploads\/2025\/07\/PIB-Espana.jpg","width":640,"height":480,"caption":"crecimiento PIB"},{"@type":"BreadcrumbList","@id":"https:\/\/conversesacatalunya.cat\/es\/espana-no-va-bien-porque-la-mayoria-de-nosotros-vamos-mal\/#breadcrumb","itemListElement":[{"@type":"ListItem","position":1,"name":"Inici","item":"https:\/\/conversesacatalunya.cat\/es\/"},{"@type":"ListItem","position":2,"name":"Espa\u00f1a no va bien porque la mayor\u00eda de nosotros vamos mal"}]},{"@type":"WebSite","@id":"https:\/\/conversesacatalunya.cat\/#website","url":"https:\/\/conversesacatalunya.cat\/","name":"Converses a Catalunya","description":"","potentialAction":[{"@type":"SearchAction","target":{"@type":"EntryPoint","urlTemplate":"https:\/\/conversesacatalunya.cat\/?s={search_term_string}"},"query-input":{"@type":"PropertyValueSpecification","valueRequired":true,"valueName":"search_term_string"}}],"inLanguage":"es"},{"@type":"Person","@id":"https:\/\/conversesacatalunya.cat\/#\/schema\/person\/79bd0577b2f3afc8d6519d207c6e8609","name":"Enric Casanovas","image":{"@type":"ImageObject","inLanguage":"es","@id":"https:\/\/conversesacatalunya.cat\/#\/schema\/person\/image\/","url":"https:\/\/conversesacatalunya.cat\/wp-content\/litespeed\/avatar\/7ae4379ad4421ec77820e92afd36dd78.jpg?ver=1777373933","contentUrl":"https:\/\/conversesacatalunya.cat\/wp-content\/litespeed\/avatar\/7ae4379ad4421ec77820e92afd36dd78.jpg?ver=1777373933","caption":"Enric Casanovas"},"url":"https:\/\/conversesacatalunya.cat\/es\/author\/enric-casanovas\/"}]}},"wps_subtitle":"Uno de cada cuatro euros que genera nuestro empleo va directamente a cotizaciones. Y eso es solo el principio: despu\u00e9s vienen el IRPF, el IVA y otros impuestos.","_links":{"self":[{"href":"https:\/\/conversesacatalunya.cat\/es\/wp-json\/wp\/v2\/posts\/90721","targetHints":{"allow":["GET"]}}],"collection":[{"href":"https:\/\/conversesacatalunya.cat\/es\/wp-json\/wp\/v2\/posts"}],"about":[{"href":"https:\/\/conversesacatalunya.cat\/es\/wp-json\/wp\/v2\/types\/post"}],"author":[{"embeddable":true,"href":"https:\/\/conversesacatalunya.cat\/es\/wp-json\/wp\/v2\/users\/77"}],"replies":[{"embeddable":true,"href":"https:\/\/conversesacatalunya.cat\/es\/wp-json\/wp\/v2\/comments?post=90721"}],"version-history":[{"count":5,"href":"https:\/\/conversesacatalunya.cat\/es\/wp-json\/wp\/v2\/posts\/90721\/revisions"}],"predecessor-version":[{"id":90732,"href":"https:\/\/conversesacatalunya.cat\/es\/wp-json\/wp\/v2\/posts\/90721\/revisions\/90732"}],"wp:featuredmedia":[{"embeddable":true,"href":"https:\/\/conversesacatalunya.cat\/es\/wp-json\/wp\/v2\/media\/90730"}],"wp:attachment":[{"href":"https:\/\/conversesacatalunya.cat\/es\/wp-json\/wp\/v2\/media?parent=90721"}],"wp:term":[{"taxonomy":"category","embeddable":true,"href":"https:\/\/conversesacatalunya.cat\/es\/wp-json\/wp\/v2\/categories?post=90721"},{"taxonomy":"post_tag","embeddable":true,"href":"https:\/\/conversesacatalunya.cat\/es\/wp-json\/wp\/v2\/tags?post=90721"}],"curies":[{"name":"wp","href":"https:\/\/api.w.org\/{rel}","templated":true}]}}