{"id":90704,"date":"2025-07-24T10:20:33","date_gmt":"2025-07-24T08:20:33","guid":{"rendered":"https:\/\/conversesacatalunya.cat\/?p=90704"},"modified":"2025-07-28T10:26:51","modified_gmt":"2025-07-28T08:26:51","slug":"barrio-mission-a-sant-antoni-turismo-inmigracion-y-gentrificacion-amenazan-barcelona","status":"publish","type":"post","link":"https:\/\/conversesacatalunya.cat\/es\/barrio-mission-a-sant-antoni-turismo-inmigracion-y-gentrificacion-amenazan-barcelona\/","title":{"rendered":"Del barrio de la Mission (San Francisco) a Sant Antoni (Barcelona): como el turismo, la inmigraci\u00f3n y la gentrificaci\u00f3n amenazan Barcelona"},"content":{"rendered":"<p>Si ha visitado San Francisco, seguramente conoce el barrio de la Mission, un distrito que debe su nombre al antiguo asentamiento de los frailes espa\u00f1oles: la misi\u00f3n original que dio origen a la ciudad californiana. Con el paso del tiempo, este barrio ha sufrido <strong>una transformaci\u00f3n tr\u00e1gica<\/strong>.<\/p>\n<p>No hace falta haber estado all\u00ed para conocer su estado actual: las im\u00e1genes han invadido nuestras pantallas de TV m\u00e1s de una vez. Personas en situaci\u00f3n extrema sobreviven en las aceras, entre cartones o en tiendas de campa\u00f1a improvisadas. La hero\u00edna y la metanfetamina \u2014como lo atestiguan las jeringuillas esparcidas por el suelo\u2014 son parte del paisaje habitual.<\/p>\n<p>Pero junto a ellos, tambi\u00e9n viven trabajadores. Personas corrientes que, en otras coordenadas, llevar\u00edan una vida normal. Muchos trabajan en la hosteler\u00eda y el sector servicios, incluso en la seguridad privada. Sin embargo, sus bajos salarios no les permiten hacer frente al <strong>elevad\u00edsimo coste de la vida en San Francisco<\/strong>. Conseguir un alquiler decente se ha vuelto imposible. As\u00ed, drogodependientes y trabajadores sin hogar conviven en un mismo espacio. <strong>La Mission no est\u00e1 en la periferia: est\u00e1 a apenas veinte minutos del centro en autob\u00fas<\/strong>. Pero ha seguido el camino de muchos barrios: el de <a href=\"https:\/\/es.wikipedia.org\/wiki\/Gentrificaci%C3%B3n\" target=\"_blank\" rel=\"noopener\"><strong>la gentrificaci\u00f3n<\/strong><\/a>.<\/p>\n<p><strong>La llegada masiva de profesionales del sector tecnol\u00f3gico<\/strong> \u2014Silicon Valley est\u00e1 a escasos kil\u00f3metros\u2014 dispar\u00f3 los precios de los alquileres y el coste de vida hasta niveles inalcanzables para los residentes de siempre, que se vieron obligados a emigrar a otras ciudades.<\/p>\n<h5><strong>\u00bfY por qu\u00e9 les cuento esto?<\/strong><\/h5>\n<p>Porque <strong>en Catalu\u00f1a<\/strong>, y especialmente en Barcelona, este mismo proceso \u2014a otra escala, pero muy real\u2014 est\u00e1 en marcha.<\/p>\n<p>Por un lado, tenemos a los llamados<strong> <em>expats<\/em>:<\/strong> profesionales extranjeros atra\u00eddos por el dinamismo de ciertos sectores, por el clima (cada vez menos benigno) y por unos precios que, para ellos, a\u00fan resultan razonables. Para<strong> los barceloneses<\/strong>, en cambio, el fen\u00f3meno se traduce en gentrificaci\u00f3n.<\/p>\n<p>Esta tendencia se ha visto agudizada por la pol\u00edtica err\u00e1tica de transformaci\u00f3n urbana impulsada por<strong> Ada Colau<\/strong> y su sucesor,<strong> Jaume Collboni,<\/strong> con los llamados <strong><a href=\"https:\/\/conversesacatalunya.cat\/es\/todo-lo-que-ha-tocado-colau-lo-ha-danado-la-gentrificacion-del-eixample\/\" target=\"_blank\" rel=\"noopener\">\u00abejes verdes\u00bb<\/a><\/strong>, cuya consecuencia ha sido la expulsi\u00f3n de residentes de muchos barrios.<\/p>\n<h5><strong>Un ejemplo paradigm\u00e1tico y reciente es el barrio de Sant Antoni, donde la gentrificaci\u00f3n ha sido r\u00e1pida y brutal.<\/strong><\/h5>\n<p>Pero no son solo los <em>expats<\/em> los que transforman el paisaje urbano. Hay otros dos factores que, combinados, agravan la situaci\u00f3n: <strong>el turismo masivo y la inmigraci\u00f3n.<\/strong><\/p>\n<p>El turismo, en cantidades razonables, puede ser positivo. El problema en Catalu\u00f1a es que ha alcanzado niveles absolutamente desbordantes. Esta actividad tiene dos rasgos contradictorios: <strong>por un lado, genera ingresos; por el otro, ofrece salarios extremadamente bajos. <\/strong><\/p>\n<p>Seg\u00fan los \u00faltimos datos del Instituto Nacional de Estad\u00edstica (INE) de 2023, el sector energ\u00e9tico paga sueldos de m\u00e1s de <strong>62.000 euros anuales.<\/strong> La hosteler\u00eda, <strong>apenas 16.777 euros.<\/strong> Un trabajador que percibe menos de 20.000 euros anuales, si mantiene ese salario en t\u00e9rminos de euros constantes a lo largo de su vida, no llega a cubrir lo que ha costado al Estado su formaci\u00f3n, sanidad, protecci\u00f3n social y dem\u00e1s prestaciones. Dicho de otro modo: el resto de los ciudadanos debemos compensar sueldos que no sostienen ni al trabajador ni al sistema.<\/p>\n<blockquote><p><strong><em>en Espa\u00f1a los salarios son bajos, pero el coste de la vida lo determina el turismo.<\/em><\/strong><\/p><\/blockquote>\n<p>El economista <strong>Carlos Garriga<\/strong>, vicepresidente de investigaci\u00f3n de la Reserva Federal de St. Louis, lo dec\u00eda claramente:<em> en Espa\u00f1a los salarios son bajos, pero el coste de la vida lo determina el turismo<\/em>. Aunque pueda parecer una exageraci\u00f3n, en lugares como Barcelona esta afirmaci\u00f3n se confirma dram\u00e1ticamente. La combinaci\u00f3n de bajos sueldos y turistas con poder adquisitivo alto <strong>ha distorsionado por completo el mercado de la vivienda<\/strong> y en general las condiciones de vida.<\/p>\n<p>Y a este problema se suma la inmigraci\u00f3n masiva, caracterizada por empleos de baja productividad y remuneraci\u00f3n escasa.<strong> El turismo facilita la llegada de inmigrantes, y la inmigraci\u00f3n permite al turismo mantener salarios \u00ednfimos.<\/strong> Muchos de estos inmigrantes son pobres, aunque trabajen. No pueden acceder a una vivienda en condiciones, ni siquiera en el \u00e1rea metropolitana. <strong>C\u00e1ritas lo constata:<\/strong> cada vez son m\u00e1s los trabajadores pobres a quienes presta ayuda.<\/p>\n<p>La competencia por el alquiler de bajo coste tambi\u00e9n perjudica a la poblaci\u00f3n aut\u00f3ctona con menos recursos. <strong>El resultado es una tormenta perfecta:<\/strong> masificaci\u00f3n, salarios bajos, y un coste de vida \u2014especialmente en vivienda\u2014 fuera del alcance de la mayor\u00eda. La OCDE se\u00f1ala que Espa\u00f1a ha sido uno de los pa\u00edses donde menos ha crecido el salario real en los \u00faltimos 30 a\u00f1os:<strong> apenas un 2,76%<\/strong>. Y eso es el salario medio. En el caso de la hosteler\u00eda, el empobrecimiento ha sido a\u00fan mayor.<\/p>\n<blockquote><p><strong>el gobierno de Pedro S\u00e1nchez ha resuelto el desequilibrio de las pensiones cargando m\u00e1s costes sobre las n\u00f3minas.<\/strong><\/p><\/blockquote>\n<p>Y a todo esto hay que a\u00f1adir que el gobierno de Pedro S\u00e1nchez ha resuelto el desequilibrio de las pensiones cargando m\u00e1s costes sobre las n\u00f3minas. Actualmente, <strong>uno de cada cuatro euros de lo que paga una empresa por un trabajador se queda en manos del Estado<\/strong>. Es decir, la retribuci\u00f3n real del trabajador est\u00e1 menguada antes de llegar a su bolsillo. Pero esto merece una reflexi\u00f3n aparte.<\/p>\n<p>Un pa\u00eds que depende de la inmigraci\u00f3n \u2014porque no tiene hijos y tal cuesti\u00f3n parece no preocupar a los poderes p\u00fablicos y medi\u00e1ticos, ni tan siquiera a las elites econ\u00f3micas y culturales\u2014 y que basa su econom\u00eda en el turismo barato, est\u00e1 condenado al fracaso.<\/p>\n<p><strong>En el caso de Catalu\u00f1a, el riesgo se agrava con una amenaza cultural:<\/strong> la erosi\u00f3n del catal\u00e1n y de nuestra identidad. Si no se revierte esta deriva, nuestra lengua y cultura no sobrevivir\u00e1n: <strong>se convertir\u00e1n en una simple curiosidad antropol\u00f3gica<\/strong>. Y, por desgracia, ni el actual gobierno ni la mayor\u00eda del Parlament parecen tomarse en serio este grav\u00edsimo peligro hist\u00f3rico.<\/p>\n<p><strong><a href=\"https:\/\/twitter.com\/jmiroardevol\" target=\"_blank\" rel=\"noopener\">Twitter: @jmiroardevol<\/a><\/strong><\/p>\n<p><strong><a href=\"https:\/\/www.facebook.com\/josepmiroiardevol\" target=\"_blank\" rel=\"noopener\">Facebook: josepmiroardevol<\/a><\/strong><\/p>\n<span class='bctt-click-to-tweet'><span class='bctt-ctt-text'><a href='https:\/\/twitter.com\/intent\/tweet?url=https%3A%2F%2Fconversesacatalunya.cat%2Fes%2Fbarrio-mission-a-sant-antoni-turismo-inmigracion-y-gentrificacion-amenazan-barcelona%2F&#038;text=Expats%2C%20turismo%20salvaje%20e%20inmigraci%C3%B3n%20precarizada.%20La%20tormenta%20perfecta%20que%20est%C3%A1%20desfigurando%20Barcelona.%20%23CrisisVivienda%20%23BarcelonaReal%20%23Pol%C3%ADticaUrbana&#038;via=conversesacat&#038;related=conversesacat' target='_blank'rel=\"noopener noreferrer\">Expats, turismo salvaje e inmigraci\u00f3n precarizada. La tormenta perfecta que est\u00e1 desfigurando Barcelona. #CrisisVivienda #BarcelonaReal #Pol\u00edticaUrbana <\/a><\/span><a href='https:\/\/twitter.com\/intent\/tweet?url=https%3A%2F%2Fconversesacatalunya.cat%2Fes%2Fbarrio-mission-a-sant-antoni-turismo-inmigracion-y-gentrificacion-amenazan-barcelona%2F&#038;text=Expats%2C%20turismo%20salvaje%20e%20inmigraci%C3%B3n%20precarizada.%20La%20tormenta%20perfecta%20que%20est%C3%A1%20desfigurando%20Barcelona.%20%23CrisisVivienda%20%23BarcelonaReal%20%23Pol%C3%ADticaUrbana&#038;via=conversesacat&#038;related=conversesacat' target='_blank' class='bctt-ctt-btn'rel=\"noopener noreferrer\">Compartir en X<\/a><\/span>\n<div id=\"polls-292\" class=\"wp-polls\">\n\t<form id=\"polls_form_292\" class=\"wp-polls-form\" action=\"\/index.php\" method=\"post\">\n\t\t<p style=\"display: none;\"><input type=\"hidden\" id=\"poll_292_nonce\" name=\"wp-polls-nonce\" value=\"345b585960\" \/><\/p>\n\t\t<p style=\"display: none;\"><input type=\"hidden\" name=\"poll_id\" value=\"292\" \/><\/p>\n\t\t<p style=\"text-align: center\"><strong>Donada la volguda ambig\u00fcitat del pacte sobre finan\u00e7ament singular de Catalunya, creus que a l'hora de la veritat aportar\u00e0 avantatges significatius?<\/strong><\/p><div id=\"polls-292-ans\" class=\"wp-polls-ans\"><ul class=\"wp-polls-ul\">\n\t\t<li><input type=\"radio\" id=\"poll-answer-833\" name=\"poll_292\" value=\"833\" \/> <label for=\"poll-answer-833\">S\u00ed<\/label><\/li>\n\t\t<li><input type=\"radio\" id=\"poll-answer-834\" name=\"poll_292\" value=\"834\" \/> <label for=\"poll-answer-834\">No<\/label><\/li>\n\t\t<li><input type=\"radio\" id=\"poll-answer-835\" name=\"poll_292\" value=\"835\" \/> <label for=\"poll-answer-835\">No ho s\u00e9<\/label><\/li>\n\t\t<\/ul><p style=\"text-align: center\"><input type=\"button\" name=\"vote\" value=\"   Vota   \" class=\"Buttons\" onclick=\"poll_vote(292);\" \/><\/p><p style=\"text-align: center\"><a href=\"#ViewPollResults\" onclick=\"poll_result(292); return false;\" title=\"View Results Of This Poll\">Mira els resultats<\/a><\/p><\/div>\n\t<\/form>\n<\/div>\n<div id=\"polls-292-loading\" class=\"wp-polls-loading\"><img decoding=\"async\" data-src=\"https:\/\/conversesacatalunya.cat\/wp-content\/plugins\/wp-polls\/images\/loading.gif\" width=\"16\" height=\"16\" alt=\"Cargando ...\" title=\"Cargando ...\" class=\"wp-polls-image lazyload\" src=\"data:image\/svg+xml;base64,PHN2ZyB3aWR0aD0iMSIgaGVpZ2h0PSIxIiB4bWxucz0iaHR0cDovL3d3dy53My5vcmcvMjAwMC9zdmciPjwvc3ZnPg==\" style=\"--smush-placeholder-width: 16px; --smush-placeholder-aspect-ratio: 16\/16;\" \/>&nbsp;Cargando ...<\/div>\n\n","protected":false},"excerpt":{"rendered":"<p>Si ha visitado San Francisco, seguramente conoce el barrio de la Mission, un distrito que debe su nombre al antiguo asentamiento de los frailes espa\u00f1oles: la misi\u00f3n original que dio origen a la ciudad californiana. Con el paso del tiempo, este barrio ha sufrido una transformaci\u00f3n tr\u00e1gica. No hace falta haber estado all\u00ed para conocer su estado actual: las im\u00e1genes han invadido nuestras pantallas de TV m\u00e1s de una vez. Personas en situaci\u00f3n extrema sobreviven en las aceras, entre cartones o en tiendas de campa\u00f1a improvisadas. La hero\u00edna y la metanfetamina \u2014como lo atestiguan las jeringuillas esparcidas por el suelo\u2014 son parte del paisaje habitual. Pero junto a ellos, tambi\u00e9n viven trabajadores. Personas corrientes que, en otras coordenadas, llevar\u00edan una vida normal. Muchos trabajan en la hosteler\u00eda y el sector servicios, incluso en la seguridad privada. Sin embargo, sus bajos salarios no les permiten hacer frente al elevad\u00edsimo coste de la vida en San Francisco. Conseguir un alquiler decente se ha vuelto imposible. As\u00ed, drogodependientes y trabajadores sin hogar conviven en un mismo espacio. La Mission no est\u00e1 en la periferia: est\u00e1 a apenas veinte minutos del centro en autob\u00fas. Pero ha seguido el camino de muchos barrios: el de la gentrificaci\u00f3n. La llegada masiva de profesionales del sector tecnol\u00f3gico \u2014Silicon Valley est\u00e1 a escasos kil\u00f3metros\u2014 dispar\u00f3 los precios de los alquileres y el coste de vida hasta niveles inalcanzables para los residentes de siempre, que se vieron obligados a emigrar a otras ciudades. \u00bfY por qu\u00e9 les cuento esto? Porque en Catalu\u00f1a, y especialmente en Barcelona, este mismo proceso \u2014a otra escala, pero muy real\u2014 est\u00e1 en marcha. Por un lado, tenemos a los llamados expats: profesionales extranjeros atra\u00eddos por el dinamismo de ciertos sectores, por el clima (cada vez menos benigno) y por unos precios que, para ellos, a\u00fan resultan razonables. Para los barceloneses, en cambio, el fen\u00f3meno se traduce en gentrificaci\u00f3n. Esta tendencia se ha visto agudizada por la pol\u00edtica err\u00e1tica de transformaci\u00f3n urbana impulsada por Ada Colau y su sucesor, Jaume Collboni, con los llamados \u00abejes verdes\u00bb, cuya consecuencia ha sido la expulsi\u00f3n de residentes de muchos barrios. Un ejemplo paradigm\u00e1tico y reciente es el barrio de Sant Antoni, donde la gentrificaci\u00f3n ha sido r\u00e1pida y brutal. Pero no son solo los expats los que transforman el paisaje urbano. Hay otros dos factores que, combinados, agravan la situaci\u00f3n: el turismo masivo y la inmigraci\u00f3n. El turismo, en cantidades razonables, puede ser positivo. El problema en Catalu\u00f1a es que ha alcanzado niveles absolutamente desbordantes. Esta actividad tiene dos rasgos contradictorios: por un lado, genera ingresos; por el otro, ofrece salarios extremadamente bajos. Seg\u00fan los \u00faltimos datos del Instituto Nacional de Estad\u00edstica (INE) de 2023, el sector energ\u00e9tico paga sueldos de m\u00e1s de 62.000 euros anuales. La hosteler\u00eda, apenas 16.777 euros. Un trabajador que percibe menos de 20.000 euros anuales, si mantiene ese salario en t\u00e9rminos de euros constantes a lo largo de su vida, no llega a cubrir lo que ha costado al Estado su formaci\u00f3n, sanidad, protecci\u00f3n social y dem\u00e1s prestaciones. Dicho de otro modo: el resto de los ciudadanos debemos compensar sueldos que no sostienen ni al trabajador ni al sistema. en Espa\u00f1a los salarios son bajos, pero el coste de la vida lo determina el turismo. El economista Carlos Garriga, vicepresidente de investigaci\u00f3n de la Reserva Federal de St. Louis, lo dec\u00eda claramente: en Espa\u00f1a los salarios son bajos, pero el coste de la vida lo determina el turismo. Aunque pueda parecer una exageraci\u00f3n, en lugares como Barcelona esta afirmaci\u00f3n se confirma dram\u00e1ticamente. La combinaci\u00f3n de bajos sueldos y turistas con poder adquisitivo alto ha distorsionado por completo el mercado de la vivienda y en general las condiciones de vida. Y a este problema se suma la inmigraci\u00f3n masiva, caracterizada por empleos de baja productividad y remuneraci\u00f3n escasa. El turismo facilita la llegada de inmigrantes, y la inmigraci\u00f3n permite al turismo mantener salarios \u00ednfimos. Muchos de estos inmigrantes son pobres, aunque trabajen. No pueden acceder a una vivienda en condiciones, ni siquiera en el \u00e1rea metropolitana. C\u00e1ritas lo constata: cada vez son m\u00e1s los trabajadores pobres a quienes presta ayuda. La competencia por el alquiler de bajo coste tambi\u00e9n perjudica a la poblaci\u00f3n aut\u00f3ctona con menos recursos. El resultado es una tormenta perfecta: masificaci\u00f3n, salarios bajos, y un coste de vida \u2014especialmente en vivienda\u2014 fuera del alcance de la mayor\u00eda. La OCDE se\u00f1ala que Espa\u00f1a ha sido uno de los pa\u00edses donde menos ha crecido el salario real en los \u00faltimos 30 a\u00f1os: apenas un 2,76%. Y eso es el salario medio. En el caso de la hosteler\u00eda, el empobrecimiento ha sido a\u00fan mayor. el gobierno de Pedro S\u00e1nchez ha resuelto el desequilibrio de las pensiones cargando m\u00e1s costes sobre las n\u00f3minas. Y a todo esto hay que a\u00f1adir que el gobierno de Pedro S\u00e1nchez ha resuelto el desequilibrio de las pensiones cargando m\u00e1s costes sobre las n\u00f3minas. Actualmente, uno de cada cuatro euros de lo que paga una empresa por un trabajador se queda en manos del Estado. Es decir, la retribuci\u00f3n real del trabajador est\u00e1 menguada antes de llegar a su bolsillo. Pero esto merece una reflexi\u00f3n aparte. Un pa\u00eds que depende de la inmigraci\u00f3n \u2014porque no tiene hijos y tal cuesti\u00f3n parece no preocupar a los poderes p\u00fablicos y medi\u00e1ticos, ni tan siquiera a las elites econ\u00f3micas y culturales\u2014 y que basa su econom\u00eda en el turismo barato, est\u00e1 condenado al fracaso. En el caso de Catalu\u00f1a, el riesgo se agrava con una amenaza cultural: la erosi\u00f3n del catal\u00e1n y de nuestra identidad. Si no se revierte esta deriva, nuestra lengua y cultura no sobrevivir\u00e1n: se convertir\u00e1n en una simple curiosidad antropol\u00f3gica. Y, por desgracia, ni el actual gobierno ni la mayor\u00eda del Parlament parecen tomarse en serio este grav\u00edsimo peligro hist\u00f3rico. Twitter: @jmiroardevol Facebook: josepmiroardevol<\/p>\n","protected":false},"author":19,"featured_media":90709,"comment_status":"open","ping_status":"open","sticky":false,"template":"","format":"standard","meta":{"_FSMCFIC_featured_image_caption":"","_FSMCFIC_featured_image_nocaption":"","_FSMCFIC_featured_image_hide":"","footnotes":""},"categories":[806],"tags":[5381,1423,2231],"class_list":["post-90704","post","type-post","status-publish","format-standard","has-post-thumbnail","hentry","category-punts-claus-del-dia-es","tag-gentrificacion","tag-salarios","tag-turismo"],"yoast_head":"<!-- This site is optimized with the Yoast SEO plugin v26.8 - https:\/\/yoast.com\/product\/yoast-seo-wordpress\/ -->\n<title>Del barrio de la Mission (San Francisco) a Sant Antoni (Barcelona): como el turismo, la inmigraci\u00f3n y la gentrificaci\u00f3n amenazan Barcelona - Converses a Catalunya<\/title>\n<meta name=\"description\" content=\"Un ejemplo paradigm\u00e1tico y reciente es el barrio de Sant Antoni (Barcelona), donde la gentrificaci\u00f3n ha sido r\u00e1pida y brutal.\" \/>\n<meta name=\"robots\" content=\"index, follow, max-snippet:-1, max-image-preview:large, max-video-preview:-1\" \/>\n<link rel=\"canonical\" href=\"https:\/\/conversesacatalunya.cat\/es\/barrio-mission-a-sant-antoni-turismo-inmigracion-y-gentrificacion-amenazan-barcelona\/\" \/>\n<meta property=\"og:locale\" content=\"es_ES\" \/>\n<meta property=\"og:type\" content=\"article\" \/>\n<meta property=\"og:title\" content=\"Del barrio de la Mission (San Francisco) a Sant Antoni (Barcelona): como el turismo, la inmigraci\u00f3n y la gentrificaci\u00f3n amenazan Barcelona - Converses a Catalunya\" \/>\n<meta property=\"og:description\" content=\"Un ejemplo paradigm\u00e1tico y reciente es el barrio de Sant Antoni (Barcelona), donde la gentrificaci\u00f3n ha sido r\u00e1pida y brutal.\" \/>\n<meta property=\"og:url\" content=\"https:\/\/conversesacatalunya.cat\/es\/barrio-mission-a-sant-antoni-turismo-inmigracion-y-gentrificacion-amenazan-barcelona\/\" \/>\n<meta property=\"og:site_name\" content=\"Converses a Catalunya\" \/>\n<meta property=\"article:published_time\" content=\"2025-07-24T08:20:33+00:00\" \/>\n<meta property=\"article:modified_time\" content=\"2025-07-28T08:26:51+00:00\" \/>\n<meta property=\"og:image\" content=\"https:\/\/conversesacatalunya.cat\/wp-content\/uploads\/2025\/07\/Captura-14.jpg\" \/>\n\t<meta property=\"og:image:width\" content=\"546\" \/>\n\t<meta property=\"og:image:height\" content=\"361\" \/>\n\t<meta property=\"og:image:type\" content=\"image\/jpeg\" \/>\n<meta name=\"author\" content=\"Josep Mir\u00f3 i Ard\u00e8vol\" \/>\n<meta name=\"twitter:card\" content=\"summary_large_image\" \/>\n<meta name=\"twitter:label1\" content=\"Escrito por\" \/>\n\t<meta name=\"twitter:data1\" content=\"Josep Mir\u00f3 i Ard\u00e8vol\" \/>\n\t<meta name=\"twitter:label2\" content=\"Tiempo de lectura\" \/>\n\t<meta name=\"twitter:data2\" content=\"5 minutos\" \/>\n<script type=\"application\/ld+json\" class=\"yoast-schema-graph\">{\"@context\":\"https:\/\/schema.org\",\"@graph\":[{\"@type\":\"Article\",\"@id\":\"https:\/\/conversesacatalunya.cat\/es\/barrio-mission-a-sant-antoni-turismo-inmigracion-y-gentrificacion-amenazan-barcelona\/#article\",\"isPartOf\":{\"@id\":\"https:\/\/conversesacatalunya.cat\/es\/barrio-mission-a-sant-antoni-turismo-inmigracion-y-gentrificacion-amenazan-barcelona\/\"},\"author\":{\"name\":\"Josep Mir\u00f3 i Ard\u00e8vol\",\"@id\":\"https:\/\/conversesacatalunya.cat\/#\/schema\/person\/a9598a6786ba7d3d1c5e0de477b79370\"},\"headline\":\"Del barrio de la Mission (San Francisco) a Sant Antoni (Barcelona): como el turismo, la inmigraci\u00f3n y la gentrificaci\u00f3n amenazan Barcelona\",\"datePublished\":\"2025-07-24T08:20:33+00:00\",\"dateModified\":\"2025-07-28T08:26:51+00:00\",\"mainEntityOfPage\":{\"@id\":\"https:\/\/conversesacatalunya.cat\/es\/barrio-mission-a-sant-antoni-turismo-inmigracion-y-gentrificacion-amenazan-barcelona\/\"},\"wordCount\":1096,\"commentCount\":0,\"image\":{\"@id\":\"https:\/\/conversesacatalunya.cat\/es\/barrio-mission-a-sant-antoni-turismo-inmigracion-y-gentrificacion-amenazan-barcelona\/#primaryimage\"},\"thumbnailUrl\":\"https:\/\/conversesacatalunya.cat\/wp-content\/uploads\/2025\/07\/Captura-14.jpg\",\"keywords\":[\"gentrificaci\u00f3n\",\"salarios\",\"Turismo\"],\"articleSection\":[\"Punts clau del dia (ES)\"],\"inLanguage\":\"es\",\"potentialAction\":[{\"@type\":\"CommentAction\",\"name\":\"Comment\",\"target\":[\"https:\/\/conversesacatalunya.cat\/es\/barrio-mission-a-sant-antoni-turismo-inmigracion-y-gentrificacion-amenazan-barcelona\/#respond\"]}]},{\"@type\":\"WebPage\",\"@id\":\"https:\/\/conversesacatalunya.cat\/es\/barrio-mission-a-sant-antoni-turismo-inmigracion-y-gentrificacion-amenazan-barcelona\/\",\"url\":\"https:\/\/conversesacatalunya.cat\/es\/barrio-mission-a-sant-antoni-turismo-inmigracion-y-gentrificacion-amenazan-barcelona\/\",\"name\":\"Del barrio de la Mission (San Francisco) a Sant Antoni (Barcelona): como el turismo, la inmigraci\u00f3n y la gentrificaci\u00f3n amenazan Barcelona - Converses a Catalunya\",\"isPartOf\":{\"@id\":\"https:\/\/conversesacatalunya.cat\/#website\"},\"primaryImageOfPage\":{\"@id\":\"https:\/\/conversesacatalunya.cat\/es\/barrio-mission-a-sant-antoni-turismo-inmigracion-y-gentrificacion-amenazan-barcelona\/#primaryimage\"},\"image\":{\"@id\":\"https:\/\/conversesacatalunya.cat\/es\/barrio-mission-a-sant-antoni-turismo-inmigracion-y-gentrificacion-amenazan-barcelona\/#primaryimage\"},\"thumbnailUrl\":\"https:\/\/conversesacatalunya.cat\/wp-content\/uploads\/2025\/07\/Captura-14.jpg\",\"datePublished\":\"2025-07-24T08:20:33+00:00\",\"dateModified\":\"2025-07-28T08:26:51+00:00\",\"author\":{\"@id\":\"https:\/\/conversesacatalunya.cat\/#\/schema\/person\/a9598a6786ba7d3d1c5e0de477b79370\"},\"description\":\"Un ejemplo paradigm\u00e1tico y reciente es el barrio de Sant Antoni (Barcelona), donde la gentrificaci\u00f3n ha sido r\u00e1pida y brutal.\",\"breadcrumb\":{\"@id\":\"https:\/\/conversesacatalunya.cat\/es\/barrio-mission-a-sant-antoni-turismo-inmigracion-y-gentrificacion-amenazan-barcelona\/#breadcrumb\"},\"inLanguage\":\"es\",\"potentialAction\":[{\"@type\":\"ReadAction\",\"target\":[\"https:\/\/conversesacatalunya.cat\/es\/barrio-mission-a-sant-antoni-turismo-inmigracion-y-gentrificacion-amenazan-barcelona\/\"]}]},{\"@type\":\"ImageObject\",\"inLanguage\":\"es\",\"@id\":\"https:\/\/conversesacatalunya.cat\/es\/barrio-mission-a-sant-antoni-turismo-inmigracion-y-gentrificacion-amenazan-barcelona\/#primaryimage\",\"url\":\"https:\/\/conversesacatalunya.cat\/wp-content\/uploads\/2025\/07\/Captura-14.jpg\",\"contentUrl\":\"https:\/\/conversesacatalunya.cat\/wp-content\/uploads\/2025\/07\/Captura-14.jpg\",\"width\":546,\"height\":361,\"caption\":\"barrio Sant Antoni gentrificaci\u00f3n\"},{\"@type\":\"BreadcrumbList\",\"@id\":\"https:\/\/conversesacatalunya.cat\/es\/barrio-mission-a-sant-antoni-turismo-inmigracion-y-gentrificacion-amenazan-barcelona\/#breadcrumb\",\"itemListElement\":[{\"@type\":\"ListItem\",\"position\":1,\"name\":\"Inici\",\"item\":\"https:\/\/conversesacatalunya.cat\/es\/\"},{\"@type\":\"ListItem\",\"position\":2,\"name\":\"Del barrio de la Mission (San Francisco) a Sant Antoni (Barcelona): como el turismo, la inmigraci\u00f3n y la gentrificaci\u00f3n amenazan Barcelona\"}]},{\"@type\":\"WebSite\",\"@id\":\"https:\/\/conversesacatalunya.cat\/#website\",\"url\":\"https:\/\/conversesacatalunya.cat\/\",\"name\":\"Converses a Catalunya\",\"description\":\"\",\"potentialAction\":[{\"@type\":\"SearchAction\",\"target\":{\"@type\":\"EntryPoint\",\"urlTemplate\":\"https:\/\/conversesacatalunya.cat\/?s={search_term_string}\"},\"query-input\":{\"@type\":\"PropertyValueSpecification\",\"valueRequired\":true,\"valueName\":\"search_term_string\"}}],\"inLanguage\":\"es\"},{\"@type\":\"Person\",\"@id\":\"https:\/\/conversesacatalunya.cat\/#\/schema\/person\/a9598a6786ba7d3d1c5e0de477b79370\",\"name\":\"Josep Mir\u00f3 i Ard\u00e8vol\",\"image\":{\"@type\":\"ImageObject\",\"inLanguage\":\"es\",\"@id\":\"https:\/\/conversesacatalunya.cat\/#\/schema\/person\/image\/\",\"url\":\"https:\/\/conversesacatalunya.cat\/wp-content\/litespeed\/avatar\/c37e3dc881857483d6694cdf98fdedea.jpg?ver=1777270381\",\"contentUrl\":\"https:\/\/conversesacatalunya.cat\/wp-content\/litespeed\/avatar\/c37e3dc881857483d6694cdf98fdedea.jpg?ver=1777270381\",\"caption\":\"Josep Mir\u00f3 i Ard\u00e8vol\"},\"url\":\"https:\/\/conversesacatalunya.cat\/es\/author\/josep-miro-i-ardevol\/\"}]}<\/script>\n<!-- \/ Yoast SEO plugin. -->","yoast_head_json":{"title":"Del barrio de la Mission (San Francisco) a Sant Antoni (Barcelona): como el turismo, la inmigraci\u00f3n y la gentrificaci\u00f3n amenazan Barcelona - Converses a Catalunya","description":"Un ejemplo paradigm\u00e1tico y reciente es el barrio de Sant Antoni (Barcelona), donde la gentrificaci\u00f3n ha sido r\u00e1pida y brutal.","robots":{"index":"index","follow":"follow","max-snippet":"max-snippet:-1","max-image-preview":"max-image-preview:large","max-video-preview":"max-video-preview:-1"},"canonical":"https:\/\/conversesacatalunya.cat\/es\/barrio-mission-a-sant-antoni-turismo-inmigracion-y-gentrificacion-amenazan-barcelona\/","og_locale":"es_ES","og_type":"article","og_title":"Del barrio de la Mission (San Francisco) a Sant Antoni (Barcelona): como el turismo, la inmigraci\u00f3n y la gentrificaci\u00f3n amenazan Barcelona - Converses a Catalunya","og_description":"Un ejemplo paradigm\u00e1tico y reciente es el barrio de Sant Antoni (Barcelona), donde la gentrificaci\u00f3n ha sido r\u00e1pida y brutal.","og_url":"https:\/\/conversesacatalunya.cat\/es\/barrio-mission-a-sant-antoni-turismo-inmigracion-y-gentrificacion-amenazan-barcelona\/","og_site_name":"Converses a Catalunya","article_published_time":"2025-07-24T08:20:33+00:00","article_modified_time":"2025-07-28T08:26:51+00:00","og_image":[{"width":546,"height":361,"url":"https:\/\/conversesacatalunya.cat\/wp-content\/uploads\/2025\/07\/Captura-14.jpg","type":"image\/jpeg"}],"author":"Josep Mir\u00f3 i Ard\u00e8vol","twitter_card":"summary_large_image","twitter_misc":{"Escrito por":"Josep Mir\u00f3 i Ard\u00e8vol","Tiempo de lectura":"5 minutos"},"schema":{"@context":"https:\/\/schema.org","@graph":[{"@type":"Article","@id":"https:\/\/conversesacatalunya.cat\/es\/barrio-mission-a-sant-antoni-turismo-inmigracion-y-gentrificacion-amenazan-barcelona\/#article","isPartOf":{"@id":"https:\/\/conversesacatalunya.cat\/es\/barrio-mission-a-sant-antoni-turismo-inmigracion-y-gentrificacion-amenazan-barcelona\/"},"author":{"name":"Josep Mir\u00f3 i Ard\u00e8vol","@id":"https:\/\/conversesacatalunya.cat\/#\/schema\/person\/a9598a6786ba7d3d1c5e0de477b79370"},"headline":"Del barrio de la Mission (San Francisco) a Sant Antoni (Barcelona): como el turismo, la inmigraci\u00f3n y la gentrificaci\u00f3n amenazan Barcelona","datePublished":"2025-07-24T08:20:33+00:00","dateModified":"2025-07-28T08:26:51+00:00","mainEntityOfPage":{"@id":"https:\/\/conversesacatalunya.cat\/es\/barrio-mission-a-sant-antoni-turismo-inmigracion-y-gentrificacion-amenazan-barcelona\/"},"wordCount":1096,"commentCount":0,"image":{"@id":"https:\/\/conversesacatalunya.cat\/es\/barrio-mission-a-sant-antoni-turismo-inmigracion-y-gentrificacion-amenazan-barcelona\/#primaryimage"},"thumbnailUrl":"https:\/\/conversesacatalunya.cat\/wp-content\/uploads\/2025\/07\/Captura-14.jpg","keywords":["gentrificaci\u00f3n","salarios","Turismo"],"articleSection":["Punts clau del dia (ES)"],"inLanguage":"es","potentialAction":[{"@type":"CommentAction","name":"Comment","target":["https:\/\/conversesacatalunya.cat\/es\/barrio-mission-a-sant-antoni-turismo-inmigracion-y-gentrificacion-amenazan-barcelona\/#respond"]}]},{"@type":"WebPage","@id":"https:\/\/conversesacatalunya.cat\/es\/barrio-mission-a-sant-antoni-turismo-inmigracion-y-gentrificacion-amenazan-barcelona\/","url":"https:\/\/conversesacatalunya.cat\/es\/barrio-mission-a-sant-antoni-turismo-inmigracion-y-gentrificacion-amenazan-barcelona\/","name":"Del barrio de la Mission (San Francisco) a Sant Antoni (Barcelona): como el turismo, la inmigraci\u00f3n y la gentrificaci\u00f3n amenazan Barcelona - Converses a Catalunya","isPartOf":{"@id":"https:\/\/conversesacatalunya.cat\/#website"},"primaryImageOfPage":{"@id":"https:\/\/conversesacatalunya.cat\/es\/barrio-mission-a-sant-antoni-turismo-inmigracion-y-gentrificacion-amenazan-barcelona\/#primaryimage"},"image":{"@id":"https:\/\/conversesacatalunya.cat\/es\/barrio-mission-a-sant-antoni-turismo-inmigracion-y-gentrificacion-amenazan-barcelona\/#primaryimage"},"thumbnailUrl":"https:\/\/conversesacatalunya.cat\/wp-content\/uploads\/2025\/07\/Captura-14.jpg","datePublished":"2025-07-24T08:20:33+00:00","dateModified":"2025-07-28T08:26:51+00:00","author":{"@id":"https:\/\/conversesacatalunya.cat\/#\/schema\/person\/a9598a6786ba7d3d1c5e0de477b79370"},"description":"Un ejemplo paradigm\u00e1tico y reciente es el barrio de Sant Antoni (Barcelona), donde la gentrificaci\u00f3n ha sido r\u00e1pida y brutal.","breadcrumb":{"@id":"https:\/\/conversesacatalunya.cat\/es\/barrio-mission-a-sant-antoni-turismo-inmigracion-y-gentrificacion-amenazan-barcelona\/#breadcrumb"},"inLanguage":"es","potentialAction":[{"@type":"ReadAction","target":["https:\/\/conversesacatalunya.cat\/es\/barrio-mission-a-sant-antoni-turismo-inmigracion-y-gentrificacion-amenazan-barcelona\/"]}]},{"@type":"ImageObject","inLanguage":"es","@id":"https:\/\/conversesacatalunya.cat\/es\/barrio-mission-a-sant-antoni-turismo-inmigracion-y-gentrificacion-amenazan-barcelona\/#primaryimage","url":"https:\/\/conversesacatalunya.cat\/wp-content\/uploads\/2025\/07\/Captura-14.jpg","contentUrl":"https:\/\/conversesacatalunya.cat\/wp-content\/uploads\/2025\/07\/Captura-14.jpg","width":546,"height":361,"caption":"barrio Sant Antoni gentrificaci\u00f3n"},{"@type":"BreadcrumbList","@id":"https:\/\/conversesacatalunya.cat\/es\/barrio-mission-a-sant-antoni-turismo-inmigracion-y-gentrificacion-amenazan-barcelona\/#breadcrumb","itemListElement":[{"@type":"ListItem","position":1,"name":"Inici","item":"https:\/\/conversesacatalunya.cat\/es\/"},{"@type":"ListItem","position":2,"name":"Del barrio de la Mission (San Francisco) a Sant Antoni (Barcelona): como el turismo, la inmigraci\u00f3n y la gentrificaci\u00f3n amenazan Barcelona"}]},{"@type":"WebSite","@id":"https:\/\/conversesacatalunya.cat\/#website","url":"https:\/\/conversesacatalunya.cat\/","name":"Converses a Catalunya","description":"","potentialAction":[{"@type":"SearchAction","target":{"@type":"EntryPoint","urlTemplate":"https:\/\/conversesacatalunya.cat\/?s={search_term_string}"},"query-input":{"@type":"PropertyValueSpecification","valueRequired":true,"valueName":"search_term_string"}}],"inLanguage":"es"},{"@type":"Person","@id":"https:\/\/conversesacatalunya.cat\/#\/schema\/person\/a9598a6786ba7d3d1c5e0de477b79370","name":"Josep Mir\u00f3 i Ard\u00e8vol","image":{"@type":"ImageObject","inLanguage":"es","@id":"https:\/\/conversesacatalunya.cat\/#\/schema\/person\/image\/","url":"https:\/\/conversesacatalunya.cat\/wp-content\/litespeed\/avatar\/c37e3dc881857483d6694cdf98fdedea.jpg?ver=1777270381","contentUrl":"https:\/\/conversesacatalunya.cat\/wp-content\/litespeed\/avatar\/c37e3dc881857483d6694cdf98fdedea.jpg?ver=1777270381","caption":"Josep Mir\u00f3 i Ard\u00e8vol"},"url":"https:\/\/conversesacatalunya.cat\/es\/author\/josep-miro-i-ardevol\/"}]}},"wps_subtitle":"En Espa\u00f1a los salarios son bajos, pero el coste de la vida lo determina el turismo.","_links":{"self":[{"href":"https:\/\/conversesacatalunya.cat\/es\/wp-json\/wp\/v2\/posts\/90704","targetHints":{"allow":["GET"]}}],"collection":[{"href":"https:\/\/conversesacatalunya.cat\/es\/wp-json\/wp\/v2\/posts"}],"about":[{"href":"https:\/\/conversesacatalunya.cat\/es\/wp-json\/wp\/v2\/types\/post"}],"author":[{"embeddable":true,"href":"https:\/\/conversesacatalunya.cat\/es\/wp-json\/wp\/v2\/users\/19"}],"replies":[{"embeddable":true,"href":"https:\/\/conversesacatalunya.cat\/es\/wp-json\/wp\/v2\/comments?post=90704"}],"version-history":[{"count":8,"href":"https:\/\/conversesacatalunya.cat\/es\/wp-json\/wp\/v2\/posts\/90704\/revisions"}],"predecessor-version":[{"id":90832,"href":"https:\/\/conversesacatalunya.cat\/es\/wp-json\/wp\/v2\/posts\/90704\/revisions\/90832"}],"wp:featuredmedia":[{"embeddable":true,"href":"https:\/\/conversesacatalunya.cat\/es\/wp-json\/wp\/v2\/media\/90709"}],"wp:attachment":[{"href":"https:\/\/conversesacatalunya.cat\/es\/wp-json\/wp\/v2\/media?parent=90704"}],"wp:term":[{"taxonomy":"category","embeddable":true,"href":"https:\/\/conversesacatalunya.cat\/es\/wp-json\/wp\/v2\/categories?post=90704"},{"taxonomy":"post_tag","embeddable":true,"href":"https:\/\/conversesacatalunya.cat\/es\/wp-json\/wp\/v2\/tags?post=90704"}],"curies":[{"name":"wp","href":"https:\/\/api.w.org\/{rel}","templated":true}]}}