{"id":90677,"date":"2025-07-23T10:53:38","date_gmt":"2025-07-23T08:53:38","guid":{"rendered":"https:\/\/conversesacatalunya.cat\/?p=90677"},"modified":"2025-07-28T09:00:24","modified_gmt":"2025-07-28T07:00:24","slug":"sanidad-cataluna-deficit-nos-ahoga","status":"publish","type":"post","link":"https:\/\/conversesacatalunya.cat\/es\/sanidad-cataluna-deficit-nos-ahoga\/","title":{"rendered":"Sanidad en Catalu\u00f1a: el d\u00e9ficit que ahoga mientras se habla de \u201cfinanciaci\u00f3n singular\u201d"},"content":{"rendered":"<p>La \u201c<a href=\"https:\/\/conversesacatalunya.cat\/es\/comision-bilateral-generalitat-estado-no-se-tracta-de-una-financiacion-singular-sino-de-la-financiacion-de-las-singularidades\/\" target=\"_blank\" rel=\"noopener\">financiaci\u00f3n singular<\/a>\u201d de Catalu\u00f1a \u2014muy largo e improbable me lo fi\u00e1is\u2014 centra de nuevo toda la atenci\u00f3n. Una vez m\u00e1s, como ha sucedido en tantas ocasiones, la presentaci\u00f3n de unas <strong>perspectivas excesivas<\/strong> (esta vez por parte de ERC con la ayuda socialista), la falta de suficientes apoyos pol\u00edticos \u2014es una ley importante, como lo fue el Estatut\u2014, el choque frontal con la otra parte (el PP), sin buscar el m\u00e1s m\u00ednimo acercamiento ni complicidad previa, y lo dif\u00edcil del camino elegido, pueden desembocar en otra entrega de \u201cLos Monty Python\u201d, pero a peque\u00f1as dosis.<\/p>\n<p>El resultado final, despu\u00e9s de m\u00e1s de una d\u00e9cada, puede ser una mejora de unos pocos miles de millones, que <strong>la inflaci\u00f3n acumulada desde que deb\u00eda haberse reformado el sistema de financiaci\u00f3n ya habr\u00e1 devorado<\/strong> en su mayor parte. Algo que, por lo visto, nadie recuerda.<\/p>\n<p>Pero la cuesti\u00f3n clave para los catalanes, m\u00e1s all\u00e1 de los brindis al sol de <strong>la muleta de S\u00e1nchez con Rufi\u00e1n al mando<\/strong>, <strong>o del sol que nos alumbra desde Waterloo<\/strong>, es muy concreta y se llama <strong>d\u00e9ficit sanitario<\/strong>. Si esto no se resuelve ya \u2014tan pronto como fue ayer\u2014 las finanzas catalanas, esto es, los servicios, y en especial los vitales relacionados con la salud, continuar\u00e1n degrad\u00e1ndose. Es una evidencia que solo una generaci\u00f3n de ciegos voluntarios \u2014o de nacimiento\u2014 parece incapaz de ver.<\/p>\n<h4><strong>Constat\u00e9moslo:<\/strong><\/h4>\n<p>El d\u00e9ficit anual de la sanidad catalana se sit\u00faa en torno a los 3.000 millones de euros respecto al presupuesto oficial, seg\u00fan los \u00faltimos informes econ\u00f3micos y las declaraciones de las autoridades sanitarias. Organizaciones m\u00e9dicas y expertos como la Cambra de Comer\u00e7 de Barcelona y Metges de Catalunya estiman un d\u00e9ficit estructural a\u00fan mayor: 5.450 millones anuales, lo que equivale a unos<strong> 715\u202f\u20ac por habitante que se deja de invertir cada a\u00f1o en relaci\u00f3n con el est\u00e1ndar europeo.<\/strong><\/p>\n<p>Otro dato que lo evidencia: el gasto sanitario ejecutado en 2024 alcanz\u00f3 casi los 16.000 millones de euros, mientras que el presupuesto oficial era de 12.800 millones. Para 2025, el presupuesto solicitado ronda los 16.500 millones.<\/p>\n<p>En definitiva,<strong> Catalu\u00f1a necesita entre 3.000 y 4.000 millones de euros adicionales anuales<\/strong> para cubrir todas las necesidades del sistema de salud y alinearse con los pa\u00edses del entorno. Y deber\u00eda alcanzar los 5.000 millones para ir francamente bien.<\/p>\n<p>Hay una infrafinanciaci\u00f3n cr\u00f3nica: Catalu\u00f1a dedica cerca del 5,7\u202f% de su PIB a sanidad y reclama elevar ese esfuerzo al 7\u202f%, lo que exigir\u00eda inyectar entre 3.000 y 4.000 millones extra cada a\u00f1o. El envejecimiento de la poblaci\u00f3n y el aumento de la demanda presionan a\u00fan m\u00e1s el presupuesto.<\/p>\n<p>En cuanto al <strong>gasto per c\u00e1pita, Catalu\u00f1a figura a la cola<\/strong> de las comunidades aut\u00f3nomas: en 2025, el gasto es de 1.442\u202f\u20ac por habitante, frente a la media estatal superior y regiones como Asturias, que alcanzan los 2.436\u202f\u20ac por persona.<\/p>\n<p>El crecimiento presupuestario del 3,2\u202f% previsto para 2025 apenas aliviar\u00e1 la financiaci\u00f3n de la sanidad catalana. Su impacto sobre la deuda estructural ser\u00e1 limitado o incluso nulo, dadas las restricciones del nuevo marco fiscal, tanto estatal como europeo.<\/p>\n<h5><strong>Ese 3,2\u202f% solo permitir\u00e1 absorber el aumento del coste de servicios, salarios y nuevas necesidades. No reducir\u00e1 la deuda sanitaria acumulada ni cerrar\u00e1 la brecha de infrafinanciaci\u00f3n de los \u00faltimos a\u00f1os.<\/strong><\/h5>\n<p>El dise\u00f1o de esta senda fiscal busca la sostenibilidad de la deuda p\u00fablica a largo plazo, pero no resuelve d\u00e9ficits estructurales sectoriales. As\u00ed, la sanidad catalana evitar\u00e1 que su deuda aumente a\u00fan m\u00e1s, pero seguir\u00e1 necesitando financiaci\u00f3n extraordinaria o endeudamiento si la presi\u00f3n asistencial, el envejecimiento u otros factores hacen superar el l\u00edmite presupuestario.<\/p>\n<h4><strong>Una inversi\u00f3n estrat\u00e9gica: mucho m\u00e1s que gasto<\/strong><\/h4>\n<p>Una mayor inversi\u00f3n bien dirigida en el sistema sanitario tendr\u00eda un impacto directo, y a medio plazo, tanto en la salud de la poblaci\u00f3n como en la econom\u00eda y la cohesi\u00f3n social. Siempre, claro est\u00e1, que vaya acompa\u00f1ada de reformas y planificaci\u00f3n.<\/p>\n<ol>\n<li><strong>Mejora de calidad y accesibilidad:<\/strong><br \/>\nAumentar la inversi\u00f3n permite reforzar la atenci\u00f3n primaria, reducir listas de espera, modernizar infraestructuras, retener talento sanitario y acceder a innovaci\u00f3n tecnol\u00f3gica. Mejora as\u00ed la equidad y calidad del servicio.<\/li>\n<li><strong>Impulso econ\u00f3mico y social:<\/strong><br \/>\nElevar el gasto en sanidad al menos 2 puntos del PIB podr\u00eda suponer un aumento del crecimiento medio anual del 0,25\u202f%, y hasta un 4\u202f% m\u00e1s de PIB en 2040, gracias a una mejor salud, m\u00e1s poblaci\u00f3n activa y mayor productividad.<\/li>\n<li><strong>Fortalecimiento de la cohesi\u00f3n social:<\/strong><br \/>\nGarantizar la equidad en el acceso a la sanidad reduce desigualdades sociales y territoriales, clave para la estabilidad y el bienestar.<\/li>\n<li><strong>Sostenibilidad financiera a largo plazo:<\/strong><br \/>\nLa inversi\u00f3n planificada reduce costes derivados de ineficiencias, mejora la prevenci\u00f3n y limita el gasto futuro en enfermedades cr\u00f3nicas.<\/li>\n<li><strong>Mayor resiliencia ante crisis:<\/strong><br \/>\nSistemas sanitarios bien financiados responden mejor a pandemias, emergencias o cambios demogr\u00e1ficos, minimizando impactos sociales y econ\u00f3micos.<\/li>\n<\/ol>\n<h4><strong>Pero para que esto ocurra se requiere:<\/strong><\/h4>\n<ul>\n<li>Una inversi\u00f3n estable y acompa\u00f1ada de reformas de gesti\u00f3n, digitalizaci\u00f3n, eficiencia y atenci\u00f3n personalizada.<\/li>\n<li>Planificaci\u00f3n a largo plazo, m\u00e1s all\u00e1 de los ciclos pol\u00edticos.<\/li>\n<li>Una pol\u00edtica fiscal suficiente y eficiente que lo haga posible.<\/li>\n<\/ul>\n<p><strong>Deseng\u00e1\u00f1ense:<\/strong> si queremos resultados a corto plazo que garanticen una sanidad digna, hay un camino mucho m\u00e1s directo y eficaz que las quimeras de la \u201cfinanciaci\u00f3n singular\u201d. <strong>Se llama priorizar la salud p\u00fablica.<\/strong><\/p>\n<p><strong><a href=\"https:\/\/twitter.com\/jmiroardevol\" target=\"_blank\" rel=\"noopener\">Twitter: @jmiroardevol<\/a><\/strong><\/p>\n<p><strong><a href=\"https:\/\/www.facebook.com\/josepmiroiardevol\" target=\"_blank\" rel=\"noopener\">Facebook: josepmiroardevol<\/a><\/strong><\/p>\n<span class='bctt-click-to-tweet'><span class='bctt-ctt-text'><a href='https:\/\/twitter.com\/intent\/tweet?url=https%3A%2F%2Fconversesacatalunya.cat%2Fes%2Fsanidad-cataluna-deficit-nos-ahoga%2F&#038;text=La%20sanidad%20catalana%20no%20puede%20esperar%20a%20promesas%20eternas.%20Hace%20falta%20acci%C3%B3n%20pol%C3%ADtica%20y%20dinero.%20Hoy%2C%20no%20ma%C3%B1ana.%20%23SanidadYa%20%23D%C3%A9ficitSanitario%20%23Catalunya&#038;via=conversesacat&#038;related=conversesacat' target='_blank'rel=\"noopener noreferrer\">La sanidad catalana no puede esperar a promesas eternas. Hace falta acci\u00f3n pol\u00edtica y dinero. Hoy, no ma\u00f1ana. #SanidadYa #D\u00e9ficitSanitario #Catalunya <\/a><\/span><a href='https:\/\/twitter.com\/intent\/tweet?url=https%3A%2F%2Fconversesacatalunya.cat%2Fes%2Fsanidad-cataluna-deficit-nos-ahoga%2F&#038;text=La%20sanidad%20catalana%20no%20puede%20esperar%20a%20promesas%20eternas.%20Hace%20falta%20acci%C3%B3n%20pol%C3%ADtica%20y%20dinero.%20Hoy%2C%20no%20ma%C3%B1ana.%20%23SanidadYa%20%23D%C3%A9ficitSanitario%20%23Catalunya&#038;via=conversesacat&#038;related=conversesacat' target='_blank' class='bctt-ctt-btn'rel=\"noopener noreferrer\">Compartir en X<\/a><\/span>\n<div id=\"polls-292\" class=\"wp-polls\">\n\t<form id=\"polls_form_292\" class=\"wp-polls-form\" action=\"\/index.php\" method=\"post\">\n\t\t<p style=\"display: none;\"><input type=\"hidden\" id=\"poll_292_nonce\" name=\"wp-polls-nonce\" value=\"95f0118e20\" \/><\/p>\n\t\t<p style=\"display: none;\"><input type=\"hidden\" name=\"poll_id\" value=\"292\" \/><\/p>\n\t\t<p style=\"text-align: center\"><strong>Donada la volguda ambig\u00fcitat del pacte sobre finan\u00e7ament singular de Catalunya, creus que a l'hora de la veritat aportar\u00e0 avantatges significatius?<\/strong><\/p><div id=\"polls-292-ans\" class=\"wp-polls-ans\"><ul class=\"wp-polls-ul\">\n\t\t<li><input type=\"radio\" id=\"poll-answer-833\" name=\"poll_292\" value=\"833\" \/> <label for=\"poll-answer-833\">S\u00ed<\/label><\/li>\n\t\t<li><input type=\"radio\" id=\"poll-answer-834\" name=\"poll_292\" value=\"834\" \/> <label for=\"poll-answer-834\">No<\/label><\/li>\n\t\t<li><input type=\"radio\" id=\"poll-answer-835\" name=\"poll_292\" value=\"835\" \/> <label for=\"poll-answer-835\">No ho s\u00e9<\/label><\/li>\n\t\t<\/ul><p style=\"text-align: center\"><input type=\"button\" name=\"vote\" value=\"   Vota   \" class=\"Buttons\" onclick=\"poll_vote(292);\" \/><\/p><p style=\"text-align: center\"><a href=\"#ViewPollResults\" onclick=\"poll_result(292); return false;\" title=\"View Results Of This Poll\">Mira els resultats<\/a><\/p><\/div>\n\t<\/form>\n<\/div>\n<div id=\"polls-292-loading\" class=\"wp-polls-loading\"><img decoding=\"async\" data-src=\"https:\/\/conversesacatalunya.cat\/wp-content\/plugins\/wp-polls\/images\/loading.gif\" width=\"16\" height=\"16\" alt=\"Cargando ...\" title=\"Cargando ...\" class=\"wp-polls-image lazyload\" src=\"data:image\/svg+xml;base64,PHN2ZyB3aWR0aD0iMSIgaGVpZ2h0PSIxIiB4bWxucz0iaHR0cDovL3d3dy53My5vcmcvMjAwMC9zdmciPjwvc3ZnPg==\" style=\"--smush-placeholder-width: 16px; --smush-placeholder-aspect-ratio: 16\/16;\" \/>&nbsp;Cargando ...<\/div>\n\n","protected":false},"excerpt":{"rendered":"<p>La \u201cfinanciaci\u00f3n singular\u201d de Catalu\u00f1a \u2014muy largo e improbable me lo fi\u00e1is\u2014 centra de nuevo toda la atenci\u00f3n. Una vez m\u00e1s, como ha sucedido en tantas ocasiones, la presentaci\u00f3n de unas perspectivas excesivas (esta vez por parte de ERC con la ayuda socialista), la falta de suficientes apoyos pol\u00edticos \u2014es una ley importante, como lo fue el Estatut\u2014, el choque frontal con la otra parte (el PP), sin buscar el m\u00e1s m\u00ednimo acercamiento ni complicidad previa, y lo dif\u00edcil del camino elegido, pueden desembocar en otra entrega de \u201cLos Monty Python\u201d, pero a peque\u00f1as dosis. El resultado final, despu\u00e9s de m\u00e1s de una d\u00e9cada, puede ser una mejora de unos pocos miles de millones, que la inflaci\u00f3n acumulada desde que deb\u00eda haberse reformado el sistema de financiaci\u00f3n ya habr\u00e1 devorado en su mayor parte. Algo que, por lo visto, nadie recuerda. Pero la cuesti\u00f3n clave para los catalanes, m\u00e1s all\u00e1 de los brindis al sol de la muleta de S\u00e1nchez con Rufi\u00e1n al mando, o del sol que nos alumbra desde Waterloo, es muy concreta y se llama d\u00e9ficit sanitario. Si esto no se resuelve ya \u2014tan pronto como fue ayer\u2014 las finanzas catalanas, esto es, los servicios, y en especial los vitales relacionados con la salud, continuar\u00e1n degrad\u00e1ndose. Es una evidencia que solo una generaci\u00f3n de ciegos voluntarios \u2014o de nacimiento\u2014 parece incapaz de ver. Constat\u00e9moslo: El d\u00e9ficit anual de la sanidad catalana se sit\u00faa en torno a los 3.000 millones de euros respecto al presupuesto oficial, seg\u00fan los \u00faltimos informes econ\u00f3micos y las declaraciones de las autoridades sanitarias. Organizaciones m\u00e9dicas y expertos como la Cambra de Comer\u00e7 de Barcelona y Metges de Catalunya estiman un d\u00e9ficit estructural a\u00fan mayor: 5.450 millones anuales, lo que equivale a unos 715\u202f\u20ac por habitante que se deja de invertir cada a\u00f1o en relaci\u00f3n con el est\u00e1ndar europeo. Otro dato que lo evidencia: el gasto sanitario ejecutado en 2024 alcanz\u00f3 casi los 16.000 millones de euros, mientras que el presupuesto oficial era de 12.800 millones. Para 2025, el presupuesto solicitado ronda los 16.500 millones. En definitiva, Catalu\u00f1a necesita entre 3.000 y 4.000 millones de euros adicionales anuales para cubrir todas las necesidades del sistema de salud y alinearse con los pa\u00edses del entorno. Y deber\u00eda alcanzar los 5.000 millones para ir francamente bien. Hay una infrafinanciaci\u00f3n cr\u00f3nica: Catalu\u00f1a dedica cerca del 5,7\u202f% de su PIB a sanidad y reclama elevar ese esfuerzo al 7\u202f%, lo que exigir\u00eda inyectar entre 3.000 y 4.000 millones extra cada a\u00f1o. El envejecimiento de la poblaci\u00f3n y el aumento de la demanda presionan a\u00fan m\u00e1s el presupuesto. En cuanto al gasto per c\u00e1pita, Catalu\u00f1a figura a la cola de las comunidades aut\u00f3nomas: en 2025, el gasto es de 1.442\u202f\u20ac por habitante, frente a la media estatal superior y regiones como Asturias, que alcanzan los 2.436\u202f\u20ac por persona. El crecimiento presupuestario del 3,2\u202f% previsto para 2025 apenas aliviar\u00e1 la financiaci\u00f3n de la sanidad catalana. Su impacto sobre la deuda estructural ser\u00e1 limitado o incluso nulo, dadas las restricciones del nuevo marco fiscal, tanto estatal como europeo. Ese 3,2\u202f% solo permitir\u00e1 absorber el aumento del coste de servicios, salarios y nuevas necesidades. No reducir\u00e1 la deuda sanitaria acumulada ni cerrar\u00e1 la brecha de infrafinanciaci\u00f3n de los \u00faltimos a\u00f1os. El dise\u00f1o de esta senda fiscal busca la sostenibilidad de la deuda p\u00fablica a largo plazo, pero no resuelve d\u00e9ficits estructurales sectoriales. As\u00ed, la sanidad catalana evitar\u00e1 que su deuda aumente a\u00fan m\u00e1s, pero seguir\u00e1 necesitando financiaci\u00f3n extraordinaria o endeudamiento si la presi\u00f3n asistencial, el envejecimiento u otros factores hacen superar el l\u00edmite presupuestario. Una inversi\u00f3n estrat\u00e9gica: mucho m\u00e1s que gasto Una mayor inversi\u00f3n bien dirigida en el sistema sanitario tendr\u00eda un impacto directo, y a medio plazo, tanto en la salud de la poblaci\u00f3n como en la econom\u00eda y la cohesi\u00f3n social. Siempre, claro est\u00e1, que vaya acompa\u00f1ada de reformas y planificaci\u00f3n. Mejora de calidad y accesibilidad: Aumentar la inversi\u00f3n permite reforzar la atenci\u00f3n primaria, reducir listas de espera, modernizar infraestructuras, retener talento sanitario y acceder a innovaci\u00f3n tecnol\u00f3gica. Mejora as\u00ed la equidad y calidad del servicio. Impulso econ\u00f3mico y social: Elevar el gasto en sanidad al menos 2 puntos del PIB podr\u00eda suponer un aumento del crecimiento medio anual del 0,25\u202f%, y hasta un 4\u202f% m\u00e1s de PIB en 2040, gracias a una mejor salud, m\u00e1s poblaci\u00f3n activa y mayor productividad. Fortalecimiento de la cohesi\u00f3n social: Garantizar la equidad en el acceso a la sanidad reduce desigualdades sociales y territoriales, clave para la estabilidad y el bienestar. Sostenibilidad financiera a largo plazo: La inversi\u00f3n planificada reduce costes derivados de ineficiencias, mejora la prevenci\u00f3n y limita el gasto futuro en enfermedades cr\u00f3nicas. Mayor resiliencia ante crisis: Sistemas sanitarios bien financiados responden mejor a pandemias, emergencias o cambios demogr\u00e1ficos, minimizando impactos sociales y econ\u00f3micos. Pero para que esto ocurra se requiere: Una inversi\u00f3n estable y acompa\u00f1ada de reformas de gesti\u00f3n, digitalizaci\u00f3n, eficiencia y atenci\u00f3n personalizada. Planificaci\u00f3n a largo plazo, m\u00e1s all\u00e1 de los ciclos pol\u00edticos. Una pol\u00edtica fiscal suficiente y eficiente que lo haga posible. Deseng\u00e1\u00f1ense: si queremos resultados a corto plazo que garanticen una sanidad digna, hay un camino mucho m\u00e1s directo y eficaz que las quimeras de la \u201cfinanciaci\u00f3n singular\u201d. Se llama priorizar la salud p\u00fablica. Twitter: @jmiroardevol Facebook: josepmiroardevol<\/p>\n","protected":false},"author":19,"featured_media":90680,"comment_status":"open","ping_status":"open","sticky":false,"template":"","format":"standard","meta":{"_FSMCFIC_featured_image_caption":"","_FSMCFIC_featured_image_nocaption":"","_FSMCFIC_featured_image_hide":"","footnotes":""},"categories":[796],"tags":[5375,1980],"class_list":["post-90677","post","type-post","status-publish","format-standard","has-post-thumbnail","hentry","category-el-blog-de-josep-miro-i-ardevol-es","tag-financiacion-singular","tag-sanidad-catalana"],"yoast_head":"<!-- This site is optimized with the Yoast SEO plugin v26.8 - https:\/\/yoast.com\/product\/yoast-seo-wordpress\/ -->\n<title>Sanidad en Catalu\u00f1a: el d\u00e9ficit que ahoga mientras se habla de \u201cfinanciaci\u00f3n singular\u201d - Converses a Catalunya<\/title>\n<meta name=\"description\" content=\"Mientras el debate pol\u00edtico se centra en el \u201cfinanciamiento singular\u201d, la sanidad en Catalu\u00f1a arrastra un d\u00e9ficit de hasta 5.450 M anuales\" \/>\n<meta name=\"robots\" content=\"index, follow, max-snippet:-1, max-image-preview:large, max-video-preview:-1\" \/>\n<link rel=\"canonical\" href=\"https:\/\/conversesacatalunya.cat\/es\/sanidad-cataluna-deficit-nos-ahoga\/\" \/>\n<meta property=\"og:locale\" content=\"es_ES\" \/>\n<meta property=\"og:type\" content=\"article\" \/>\n<meta property=\"og:title\" content=\"Sanidad en Catalu\u00f1a: el d\u00e9ficit que ahoga mientras se habla de \u201cfinanciaci\u00f3n singular\u201d - Converses a Catalunya\" \/>\n<meta property=\"og:description\" content=\"Mientras el debate pol\u00edtico se centra en el \u201cfinanciamiento singular\u201d, la sanidad en Catalu\u00f1a arrastra un d\u00e9ficit de hasta 5.450 M anuales\" \/>\n<meta property=\"og:url\" content=\"https:\/\/conversesacatalunya.cat\/es\/sanidad-cataluna-deficit-nos-ahoga\/\" \/>\n<meta property=\"og:site_name\" content=\"Converses a Catalunya\" \/>\n<meta property=\"article:published_time\" content=\"2025-07-23T08:53:38+00:00\" \/>\n<meta property=\"article:modified_time\" content=\"2025-07-28T07:00:24+00:00\" \/>\n<meta property=\"og:image\" content=\"https:\/\/conversesacatalunya.cat\/wp-content\/uploads\/2025\/07\/Captura-13.jpg\" \/>\n\t<meta property=\"og:image:width\" content=\"545\" \/>\n\t<meta property=\"og:image:height\" content=\"358\" \/>\n\t<meta property=\"og:image:type\" content=\"image\/jpeg\" \/>\n<meta name=\"author\" content=\"Josep Mir\u00f3 i Ard\u00e8vol\" \/>\n<meta name=\"twitter:card\" content=\"summary_large_image\" \/>\n<meta name=\"twitter:label1\" content=\"Escrito por\" \/>\n\t<meta name=\"twitter:data1\" content=\"Josep Mir\u00f3 i Ard\u00e8vol\" \/>\n\t<meta name=\"twitter:label2\" content=\"Tiempo de lectura\" \/>\n\t<meta name=\"twitter:data2\" content=\"5 minutos\" \/>\n<script type=\"application\/ld+json\" class=\"yoast-schema-graph\">{\"@context\":\"https:\/\/schema.org\",\"@graph\":[{\"@type\":\"Article\",\"@id\":\"https:\/\/conversesacatalunya.cat\/es\/sanidad-cataluna-deficit-nos-ahoga\/#article\",\"isPartOf\":{\"@id\":\"https:\/\/conversesacatalunya.cat\/es\/sanidad-cataluna-deficit-nos-ahoga\/\"},\"author\":{\"name\":\"Josep Mir\u00f3 i Ard\u00e8vol\",\"@id\":\"https:\/\/conversesacatalunya.cat\/#\/schema\/person\/a9598a6786ba7d3d1c5e0de477b79370\"},\"headline\":\"Sanidad en Catalu\u00f1a: el d\u00e9ficit que ahoga mientras se habla de \u201cfinanciaci\u00f3n singular\u201d\",\"datePublished\":\"2025-07-23T08:53:38+00:00\",\"dateModified\":\"2025-07-28T07:00:24+00:00\",\"mainEntityOfPage\":{\"@id\":\"https:\/\/conversesacatalunya.cat\/es\/sanidad-cataluna-deficit-nos-ahoga\/\"},\"wordCount\":991,\"commentCount\":0,\"image\":{\"@id\":\"https:\/\/conversesacatalunya.cat\/es\/sanidad-cataluna-deficit-nos-ahoga\/#primaryimage\"},\"thumbnailUrl\":\"https:\/\/conversesacatalunya.cat\/wp-content\/uploads\/2025\/07\/Captura-13.jpg\",\"keywords\":[\"financiaci\u00f3n singular\",\"sanidad catalana\"],\"articleSection\":[\"El Blog de Josep Mir\u00f3 i Ard\u00e8vol (ES)\"],\"inLanguage\":\"es\",\"potentialAction\":[{\"@type\":\"CommentAction\",\"name\":\"Comment\",\"target\":[\"https:\/\/conversesacatalunya.cat\/es\/sanidad-cataluna-deficit-nos-ahoga\/#respond\"]}]},{\"@type\":\"WebPage\",\"@id\":\"https:\/\/conversesacatalunya.cat\/es\/sanidad-cataluna-deficit-nos-ahoga\/\",\"url\":\"https:\/\/conversesacatalunya.cat\/es\/sanidad-cataluna-deficit-nos-ahoga\/\",\"name\":\"Sanidad en Catalu\u00f1a: el d\u00e9ficit que ahoga mientras se habla de \u201cfinanciaci\u00f3n singular\u201d - Converses a Catalunya\",\"isPartOf\":{\"@id\":\"https:\/\/conversesacatalunya.cat\/#website\"},\"primaryImageOfPage\":{\"@id\":\"https:\/\/conversesacatalunya.cat\/es\/sanidad-cataluna-deficit-nos-ahoga\/#primaryimage\"},\"image\":{\"@id\":\"https:\/\/conversesacatalunya.cat\/es\/sanidad-cataluna-deficit-nos-ahoga\/#primaryimage\"},\"thumbnailUrl\":\"https:\/\/conversesacatalunya.cat\/wp-content\/uploads\/2025\/07\/Captura-13.jpg\",\"datePublished\":\"2025-07-23T08:53:38+00:00\",\"dateModified\":\"2025-07-28T07:00:24+00:00\",\"author\":{\"@id\":\"https:\/\/conversesacatalunya.cat\/#\/schema\/person\/a9598a6786ba7d3d1c5e0de477b79370\"},\"description\":\"Mientras el debate pol\u00edtico se centra en el \u201cfinanciamiento singular\u201d, la sanidad en Catalu\u00f1a arrastra un d\u00e9ficit de hasta 5.450 M anuales\",\"breadcrumb\":{\"@id\":\"https:\/\/conversesacatalunya.cat\/es\/sanidad-cataluna-deficit-nos-ahoga\/#breadcrumb\"},\"inLanguage\":\"es\",\"potentialAction\":[{\"@type\":\"ReadAction\",\"target\":[\"https:\/\/conversesacatalunya.cat\/es\/sanidad-cataluna-deficit-nos-ahoga\/\"]}]},{\"@type\":\"ImageObject\",\"inLanguage\":\"es\",\"@id\":\"https:\/\/conversesacatalunya.cat\/es\/sanidad-cataluna-deficit-nos-ahoga\/#primaryimage\",\"url\":\"https:\/\/conversesacatalunya.cat\/wp-content\/uploads\/2025\/07\/Captura-13.jpg\",\"contentUrl\":\"https:\/\/conversesacatalunya.cat\/wp-content\/uploads\/2025\/07\/Captura-13.jpg\",\"width\":545,\"height\":358,\"caption\":\"Sanidad Catalu\u00f1a\"},{\"@type\":\"BreadcrumbList\",\"@id\":\"https:\/\/conversesacatalunya.cat\/es\/sanidad-cataluna-deficit-nos-ahoga\/#breadcrumb\",\"itemListElement\":[{\"@type\":\"ListItem\",\"position\":1,\"name\":\"Inici\",\"item\":\"https:\/\/conversesacatalunya.cat\/es\/\"},{\"@type\":\"ListItem\",\"position\":2,\"name\":\"Sanidad en Catalu\u00f1a: el d\u00e9ficit que ahoga mientras se habla de \u201cfinanciaci\u00f3n singular\u201d\"}]},{\"@type\":\"WebSite\",\"@id\":\"https:\/\/conversesacatalunya.cat\/#website\",\"url\":\"https:\/\/conversesacatalunya.cat\/\",\"name\":\"Converses a Catalunya\",\"description\":\"\",\"potentialAction\":[{\"@type\":\"SearchAction\",\"target\":{\"@type\":\"EntryPoint\",\"urlTemplate\":\"https:\/\/conversesacatalunya.cat\/?s={search_term_string}\"},\"query-input\":{\"@type\":\"PropertyValueSpecification\",\"valueRequired\":true,\"valueName\":\"search_term_string\"}}],\"inLanguage\":\"es\"},{\"@type\":\"Person\",\"@id\":\"https:\/\/conversesacatalunya.cat\/#\/schema\/person\/a9598a6786ba7d3d1c5e0de477b79370\",\"name\":\"Josep Mir\u00f3 i Ard\u00e8vol\",\"image\":{\"@type\":\"ImageObject\",\"inLanguage\":\"es\",\"@id\":\"https:\/\/conversesacatalunya.cat\/#\/schema\/person\/image\/\",\"url\":\"https:\/\/conversesacatalunya.cat\/wp-content\/litespeed\/avatar\/c37e3dc881857483d6694cdf98fdedea.jpg?ver=1777270381\",\"contentUrl\":\"https:\/\/conversesacatalunya.cat\/wp-content\/litespeed\/avatar\/c37e3dc881857483d6694cdf98fdedea.jpg?ver=1777270381\",\"caption\":\"Josep Mir\u00f3 i Ard\u00e8vol\"},\"url\":\"https:\/\/conversesacatalunya.cat\/es\/author\/josep-miro-i-ardevol\/\"}]}<\/script>\n<!-- \/ Yoast SEO plugin. -->","yoast_head_json":{"title":"Sanidad en Catalu\u00f1a: el d\u00e9ficit que ahoga mientras se habla de \u201cfinanciaci\u00f3n singular\u201d - Converses a Catalunya","description":"Mientras el debate pol\u00edtico se centra en el \u201cfinanciamiento singular\u201d, la sanidad en Catalu\u00f1a arrastra un d\u00e9ficit de hasta 5.450 M anuales","robots":{"index":"index","follow":"follow","max-snippet":"max-snippet:-1","max-image-preview":"max-image-preview:large","max-video-preview":"max-video-preview:-1"},"canonical":"https:\/\/conversesacatalunya.cat\/es\/sanidad-cataluna-deficit-nos-ahoga\/","og_locale":"es_ES","og_type":"article","og_title":"Sanidad en Catalu\u00f1a: el d\u00e9ficit que ahoga mientras se habla de \u201cfinanciaci\u00f3n singular\u201d - Converses a Catalunya","og_description":"Mientras el debate pol\u00edtico se centra en el \u201cfinanciamiento singular\u201d, la sanidad en Catalu\u00f1a arrastra un d\u00e9ficit de hasta 5.450 M anuales","og_url":"https:\/\/conversesacatalunya.cat\/es\/sanidad-cataluna-deficit-nos-ahoga\/","og_site_name":"Converses a Catalunya","article_published_time":"2025-07-23T08:53:38+00:00","article_modified_time":"2025-07-28T07:00:24+00:00","og_image":[{"width":545,"height":358,"url":"https:\/\/conversesacatalunya.cat\/wp-content\/uploads\/2025\/07\/Captura-13.jpg","type":"image\/jpeg"}],"author":"Josep Mir\u00f3 i Ard\u00e8vol","twitter_card":"summary_large_image","twitter_misc":{"Escrito por":"Josep Mir\u00f3 i Ard\u00e8vol","Tiempo de lectura":"5 minutos"},"schema":{"@context":"https:\/\/schema.org","@graph":[{"@type":"Article","@id":"https:\/\/conversesacatalunya.cat\/es\/sanidad-cataluna-deficit-nos-ahoga\/#article","isPartOf":{"@id":"https:\/\/conversesacatalunya.cat\/es\/sanidad-cataluna-deficit-nos-ahoga\/"},"author":{"name":"Josep Mir\u00f3 i Ard\u00e8vol","@id":"https:\/\/conversesacatalunya.cat\/#\/schema\/person\/a9598a6786ba7d3d1c5e0de477b79370"},"headline":"Sanidad en Catalu\u00f1a: el d\u00e9ficit que ahoga mientras se habla de \u201cfinanciaci\u00f3n singular\u201d","datePublished":"2025-07-23T08:53:38+00:00","dateModified":"2025-07-28T07:00:24+00:00","mainEntityOfPage":{"@id":"https:\/\/conversesacatalunya.cat\/es\/sanidad-cataluna-deficit-nos-ahoga\/"},"wordCount":991,"commentCount":0,"image":{"@id":"https:\/\/conversesacatalunya.cat\/es\/sanidad-cataluna-deficit-nos-ahoga\/#primaryimage"},"thumbnailUrl":"https:\/\/conversesacatalunya.cat\/wp-content\/uploads\/2025\/07\/Captura-13.jpg","keywords":["financiaci\u00f3n singular","sanidad catalana"],"articleSection":["El Blog de Josep Mir\u00f3 i Ard\u00e8vol (ES)"],"inLanguage":"es","potentialAction":[{"@type":"CommentAction","name":"Comment","target":["https:\/\/conversesacatalunya.cat\/es\/sanidad-cataluna-deficit-nos-ahoga\/#respond"]}]},{"@type":"WebPage","@id":"https:\/\/conversesacatalunya.cat\/es\/sanidad-cataluna-deficit-nos-ahoga\/","url":"https:\/\/conversesacatalunya.cat\/es\/sanidad-cataluna-deficit-nos-ahoga\/","name":"Sanidad en Catalu\u00f1a: el d\u00e9ficit que ahoga mientras se habla de \u201cfinanciaci\u00f3n singular\u201d - Converses a Catalunya","isPartOf":{"@id":"https:\/\/conversesacatalunya.cat\/#website"},"primaryImageOfPage":{"@id":"https:\/\/conversesacatalunya.cat\/es\/sanidad-cataluna-deficit-nos-ahoga\/#primaryimage"},"image":{"@id":"https:\/\/conversesacatalunya.cat\/es\/sanidad-cataluna-deficit-nos-ahoga\/#primaryimage"},"thumbnailUrl":"https:\/\/conversesacatalunya.cat\/wp-content\/uploads\/2025\/07\/Captura-13.jpg","datePublished":"2025-07-23T08:53:38+00:00","dateModified":"2025-07-28T07:00:24+00:00","author":{"@id":"https:\/\/conversesacatalunya.cat\/#\/schema\/person\/a9598a6786ba7d3d1c5e0de477b79370"},"description":"Mientras el debate pol\u00edtico se centra en el \u201cfinanciamiento singular\u201d, la sanidad en Catalu\u00f1a arrastra un d\u00e9ficit de hasta 5.450 M anuales","breadcrumb":{"@id":"https:\/\/conversesacatalunya.cat\/es\/sanidad-cataluna-deficit-nos-ahoga\/#breadcrumb"},"inLanguage":"es","potentialAction":[{"@type":"ReadAction","target":["https:\/\/conversesacatalunya.cat\/es\/sanidad-cataluna-deficit-nos-ahoga\/"]}]},{"@type":"ImageObject","inLanguage":"es","@id":"https:\/\/conversesacatalunya.cat\/es\/sanidad-cataluna-deficit-nos-ahoga\/#primaryimage","url":"https:\/\/conversesacatalunya.cat\/wp-content\/uploads\/2025\/07\/Captura-13.jpg","contentUrl":"https:\/\/conversesacatalunya.cat\/wp-content\/uploads\/2025\/07\/Captura-13.jpg","width":545,"height":358,"caption":"Sanidad Catalu\u00f1a"},{"@type":"BreadcrumbList","@id":"https:\/\/conversesacatalunya.cat\/es\/sanidad-cataluna-deficit-nos-ahoga\/#breadcrumb","itemListElement":[{"@type":"ListItem","position":1,"name":"Inici","item":"https:\/\/conversesacatalunya.cat\/es\/"},{"@type":"ListItem","position":2,"name":"Sanidad en Catalu\u00f1a: el d\u00e9ficit que ahoga mientras se habla de \u201cfinanciaci\u00f3n singular\u201d"}]},{"@type":"WebSite","@id":"https:\/\/conversesacatalunya.cat\/#website","url":"https:\/\/conversesacatalunya.cat\/","name":"Converses a Catalunya","description":"","potentialAction":[{"@type":"SearchAction","target":{"@type":"EntryPoint","urlTemplate":"https:\/\/conversesacatalunya.cat\/?s={search_term_string}"},"query-input":{"@type":"PropertyValueSpecification","valueRequired":true,"valueName":"search_term_string"}}],"inLanguage":"es"},{"@type":"Person","@id":"https:\/\/conversesacatalunya.cat\/#\/schema\/person\/a9598a6786ba7d3d1c5e0de477b79370","name":"Josep Mir\u00f3 i Ard\u00e8vol","image":{"@type":"ImageObject","inLanguage":"es","@id":"https:\/\/conversesacatalunya.cat\/#\/schema\/person\/image\/","url":"https:\/\/conversesacatalunya.cat\/wp-content\/litespeed\/avatar\/c37e3dc881857483d6694cdf98fdedea.jpg?ver=1777270381","contentUrl":"https:\/\/conversesacatalunya.cat\/wp-content\/litespeed\/avatar\/c37e3dc881857483d6694cdf98fdedea.jpg?ver=1777270381","caption":"Josep Mir\u00f3 i Ard\u00e8vol"},"url":"https:\/\/conversesacatalunya.cat\/es\/author\/josep-miro-i-ardevol\/"}]}},"wps_subtitle":"Catalu\u00f1a necesita entre 3.000 y 4.000 millones de euros adicionales anuales para cubrir todas las necesidades del sistema de salud y alinearse con los pa\u00edses del entorno.","_links":{"self":[{"href":"https:\/\/conversesacatalunya.cat\/es\/wp-json\/wp\/v2\/posts\/90677","targetHints":{"allow":["GET"]}}],"collection":[{"href":"https:\/\/conversesacatalunya.cat\/es\/wp-json\/wp\/v2\/posts"}],"about":[{"href":"https:\/\/conversesacatalunya.cat\/es\/wp-json\/wp\/v2\/types\/post"}],"author":[{"embeddable":true,"href":"https:\/\/conversesacatalunya.cat\/es\/wp-json\/wp\/v2\/users\/19"}],"replies":[{"embeddable":true,"href":"https:\/\/conversesacatalunya.cat\/es\/wp-json\/wp\/v2\/comments?post=90677"}],"version-history":[{"count":5,"href":"https:\/\/conversesacatalunya.cat\/es\/wp-json\/wp\/v2\/posts\/90677\/revisions"}],"predecessor-version":[{"id":90684,"href":"https:\/\/conversesacatalunya.cat\/es\/wp-json\/wp\/v2\/posts\/90677\/revisions\/90684"}],"wp:featuredmedia":[{"embeddable":true,"href":"https:\/\/conversesacatalunya.cat\/es\/wp-json\/wp\/v2\/media\/90680"}],"wp:attachment":[{"href":"https:\/\/conversesacatalunya.cat\/es\/wp-json\/wp\/v2\/media?parent=90677"}],"wp:term":[{"taxonomy":"category","embeddable":true,"href":"https:\/\/conversesacatalunya.cat\/es\/wp-json\/wp\/v2\/categories?post=90677"},{"taxonomy":"post_tag","embeddable":true,"href":"https:\/\/conversesacatalunya.cat\/es\/wp-json\/wp\/v2\/tags?post=90677"}],"curies":[{"name":"wp","href":"https:\/\/api.w.org\/{rel}","templated":true}]}}