{"id":90673,"date":"2025-07-23T08:50:08","date_gmt":"2025-07-23T06:50:08","guid":{"rendered":"https:\/\/conversesacatalunya.cat\/?p=90673"},"modified":"2025-07-23T10:05:30","modified_gmt":"2025-07-23T08:05:30","slug":"obstaculo-programa-europa-defensa-fcas","status":"publish","type":"post","link":"https:\/\/conversesacatalunya.cat\/es\/obstaculo-programa-europa-defensa-fcas\/","title":{"rendered":"Nuevo obst\u00e1culo en el programa emblem\u00e1tico de la Europa de la defensa"},"content":{"rendered":"<p><span>El gobierno de Alemania del democristiano Friedrich Merz se plantea, seg\u00fan\u00a0<\/span><a href=\"https:\/\/www.politico.eu\/article\/germany-plan-buy-f35-fighter-jet-united-states\/\" target=\"_blank\" rel=\"noopener\"><span>fuentes<\/span><\/a><span>\u00a0del diario\u00a0<\/span><em><span>Politico.eu<\/span><\/em><span>,\u00a0adquirir una quincena de aviones de combate estadounidenses F-35. Estos se sumar\u00edan a los 35 ya previstos desde el 2022, elevando la cifra total a 50.<\/span><\/p>\n<p><span><span class=\"VIpgJd-yAWNEb-VIpgJd-fmcmS-sn54Q\">A primera vista, la noticia no tiene nada de especial: Alemania adquiere m\u00e1s armamento dentro del\u00a0<\/span><\/span><a href=\"https:\/\/conversesacatalunya.cat\/es\/el-fin-de-la-excepcion-alemana\/\" target=\"_blank\" rel=\"noopener\"><span><span class=\"VIpgJd-yAWNEb-VIpgJd-fmcmS-sn54Q\">inmenso plan<\/span><\/span><\/a><span><span class=\"VIpgJd-yAWNEb-VIpgJd-fmcmS-sn54Q\">\u00a0de gastos militares anunciado por Merz.<\/span><\/span><\/p>\n<p><span><span class=\"VIpgJd-yAWNEb-VIpgJd-fmcmS-sn54Q\">Pero la cuesti\u00f3n es que cada vez que Berl\u00edn anuncia una compra de material estadounidense, Par\u00eds estornuda. Y m\u00e1s cuando se trata de aparatos a\u00e9reos, ya que ambos pa\u00edses lideran\u00a0<\/span><\/span><span><span class=\"VIpgJd-yAWNEb-VIpgJd-fmcmS-sn54Q\">lo que deb\u00eda ser el programa europeo de defensa emblem\u00e1tico, el\u00a0<\/span><\/span><span><em><span class=\"VIpgJd-yAWNEb-VIpgJd-fmcmS-sn54Q\">Sistema de Combate A\u00e9reo<\/span><\/em><span class=\"VIpgJd-yAWNEb-VIpgJd-fmcmS-sn54Q\">\u00a0del Futuro o FCAS (del ingl\u00e9s\u00a0<\/span><\/span><strong><span><span class=\"VIpgJd-yAWNEb-VIpgJd-fmcmS-sn54Q\">Future Combat Air System)<\/span><\/span><\/strong><span><span class=\"VIpgJd-yAWNEb-VIpgJd-fmcmS-sn54Q\">,\u00a0en el que Espa\u00f1a tiene una participaci\u00f3n minoritaria.<\/span><\/span><\/p>\n<p><span><span class=\"VIpgJd-yAWNEb-VIpgJd-fmcmS-sn54Q\">Hecho p\u00fablico en 2017, el FCAS se fij\u00f3 el objetivo de desarrollar conjuntamente un avi\u00f3n de combate multimisi\u00f3n que se convirtiera en la columna vertebral de las fuerzas a\u00e9reas europeas a partir de 2040. El objetivo no era tan solo disponer de una plataforma a\u00e9rea l\u00edder a nivel mundial, sino tambi\u00e9n\u00a0<\/span><span class=\"VIpgJd-yAWNEb-VIpgJd-fmcmS-sn54Q\">incrementar\u00a0<\/span><\/span><strong><span><span class=\"VIpgJd-yAWNEb-VIpgJd-fmcmS-sn54Q\">la autonom\u00eda estrat\u00e9gica<\/span><\/span><\/strong><span><span class=\"VIpgJd-yAWNEb-VIpgJd-fmcmS-sn54Q\">\u00a0de escala.<\/span><\/span><\/p>\n<p><span><span class=\"VIpgJd-yAWNEb-VIpgJd-fmcmS-sn54Q\">El programa empez\u00f3 con mal pie, ya que los ingenieros franceses de\u00a0<\/span><\/span><strong><span><span class=\"VIpgJd-yAWNEb-VIpgJd-fmcmS-sn54Q\">Dassault Aviation<\/span><\/span><\/strong><span><span class=\"VIpgJd-yAWNEb-VIpgJd-fmcmS-sn54Q\">,\u00a0que deb\u00eda ser el socio principal del proyecto, vieron con gran suspicacia las demandas de sus colegas alemanes de\u00a0<\/span><\/span><strong><span><span class=\"VIpgJd-yAWNEb-VIpgJd-fmcmS-sn54Q\">Airbus\u00a0<\/span><\/span><\/strong><span><\/span><strong><span><span class=\"VIpgJd-yAWNEb-VIpgJd-fmcmS-sn54Q\">Defence and Space<\/span><\/span><\/strong><span><span class=\"VIpgJd-yAWNEb-VIpgJd-fmcmS-sn54Q\">\u00a0de compartir secretos tecnol\u00f3gicos relativos, por ejemplo, al sistema de control del aparato.<\/span><\/span><\/p>\n<p><span>De hecho, el proyecto ya\u00a0<\/span><a href=\"https:\/\/conversesacatalunya.cat\/es\/programa-defensa-europeo\/\" target=\"_blank\" rel=\"noopener\"><span>se detuvo<\/span><\/a><span>\u00a0durante unos meses en el 2022 por desavenencias entre las dos empresas y los respectivos ministerios de defensa.<\/span><\/p>\n<p>Tres a\u00f1os despu\u00e9s, los actores industriales franceses habr\u00edan vuelto a la carga exigiendo llevar a cabo el 80% del trabajo en los componentes centrales del aparato. El propio Merz se inmiscuy\u00f3 durante un encuentro a mediados de julio con el secretario general de la OTAN, Mark Rutte, en Berl\u00edn, afirmando que la composici\u00f3n final del consorcio no se hab\u00eda resuelto.<\/p>\n<p><span>Hasta ahora, Merz se hab\u00eda presentado como el nuevo campe\u00f3n de la industria de defensa europea, insistiendo en que las fuerzas armadas europeas deb\u00edan comprar m\u00e1s material fabricado dentro de las fronteras del bloque. De hecho, hace unos meses lleg\u00f3 incluso a afirmar que \u00ablograr paso a paso una independencia de Estados Unidos\u00bb en materia de defensa era su \u00abprioridad absoluta\u00bb.<\/span><\/p>\n<p><span>Sin embargo, desde entonces Alemania ha buscado diversas f\u00f3rmulas para evitar que su movimiento acabe\u00a0<\/span><strong><span>beneficiando excesivamente al pa\u00eds europeo que dispone de una industria militar m\u00e1s diversificada, Francia<\/span><\/strong><span>.\u00a0Por ejemplo, el pasado abril Berl\u00edn\u00a0<\/span><a href=\"https:\/\/conversesacatalunya.cat\/es\/no-hay-forma-de-hacer-politica-europea-de-defensa\/\" target=\"_blank\" rel=\"noopener\"><span>propuso<\/span><\/a><span>\u00a0que <strong>Reino\u00a0<\/strong><\/span><strong><span>\u00a0Unido\u00a0<\/span><\/strong><span>y\u00a0<\/span><strong><span>Canad\u00e1\u00a0<\/span><\/strong><span>pudieran acceder al plan de financiaci\u00f3n militar de la Uni\u00f3n Europea (SAFE).<\/span><\/p>\n<p><span>Merz tiene una cita con el presidente franc\u00e9s Emmanuel Macron antes de agosto para tratar, entre otros, el estancamiento del programa FCAS y el rumbo que debe tomar la cooperaci\u00f3n europea en defensa.<\/span><\/p>\n<p><span>Lo que qued\u00f3 claro en cualquier caso en la\u00a0<\/span><a href=\"https:\/\/conversesacatalunya.cat\/es\/quien-se-toma-en-serio-la-defensa-en-el-seno-de-la-otan\/\" target=\"_blank\" rel=\"noopener\"><span>cumbre<\/span><\/a><span>\u00a0de la OTAN en La Haya del pasado junio es que la idea de borrar Estados Unidos del mapa fue una locura que habr\u00e1 durado unos escasos meses\u00a0<\/span><strong><span>antes de que Trump se reafirmara como l\u00edder militar de Occidente<\/span><\/strong><span>.<\/span><\/p>\n<span class='bctt-click-to-tweet'><span class='bctt-ctt-text'><a href='https:\/\/twitter.com\/intent\/tweet?url=https%3A%2F%2Fconversesacatalunya.cat%2Fes%2Fobstaculo-programa-europa-defensa-fcas%2F&#038;text=Cada%20vez%20que%20Berl%C3%ADn%20anuncia%20una%20compra%20de%20material%20estadounidense%2C%20Par%C3%ADs%20estornuda.%20Y%20m%C3%A1s%20cuando%20se%20trata%20de%20aparatos%20a%C3%A9reos%2C%20ya%20que%20ambos%20pa%C3%ADses%20lideran%20lo%20que%20deb%C3%ADa%20ser%20el%20emblem%C3%A1tico%20programa%20europeo%20de%20defensa&#038;via=conversesacat&#038;related=conversesacat' target='_blank'rel=\"noopener noreferrer\">Cada vez que Berl\u00edn anuncia una compra de material estadounidense, Par\u00eds estornuda. Y m\u00e1s cuando se trata de aparatos a\u00e9reos, ya que ambos pa\u00edses lideran lo que deb\u00eda ser el emblem\u00e1tico programa europeo de defensa <\/a><\/span><a href='https:\/\/twitter.com\/intent\/tweet?url=https%3A%2F%2Fconversesacatalunya.cat%2Fes%2Fobstaculo-programa-europa-defensa-fcas%2F&#038;text=Cada%20vez%20que%20Berl%C3%ADn%20anuncia%20una%20compra%20de%20material%20estadounidense%2C%20Par%C3%ADs%20estornuda.%20Y%20m%C3%A1s%20cuando%20se%20trata%20de%20aparatos%20a%C3%A9reos%2C%20ya%20que%20ambos%20pa%C3%ADses%20lideran%20lo%20que%20deb%C3%ADa%20ser%20el%20emblem%C3%A1tico%20programa%20europeo%20de%20defensa&#038;via=conversesacat&#038;related=conversesacat' target='_blank' class='bctt-ctt-btn'rel=\"noopener noreferrer\">Compartir en X<\/a><\/span>\n<div id=\"polls-292\" class=\"wp-polls\">\n\t<form id=\"polls_form_292\" class=\"wp-polls-form\" action=\"\/index.php\" method=\"post\">\n\t\t<p style=\"display: none;\"><input type=\"hidden\" id=\"poll_292_nonce\" name=\"wp-polls-nonce\" value=\"41994b659b\" \/><\/p>\n\t\t<p style=\"display: none;\"><input type=\"hidden\" name=\"poll_id\" value=\"292\" \/><\/p>\n\t\t<p style=\"text-align: center\"><strong>Donada la volguda ambig\u00fcitat del pacte sobre finan\u00e7ament singular de Catalunya, creus que a l'hora de la veritat aportar\u00e0 avantatges significatius?<\/strong><\/p><div id=\"polls-292-ans\" class=\"wp-polls-ans\"><ul class=\"wp-polls-ul\">\n\t\t<li><input type=\"radio\" id=\"poll-answer-833\" name=\"poll_292\" value=\"833\" \/> <label for=\"poll-answer-833\">S\u00ed<\/label><\/li>\n\t\t<li><input type=\"radio\" id=\"poll-answer-834\" name=\"poll_292\" value=\"834\" \/> <label for=\"poll-answer-834\">No<\/label><\/li>\n\t\t<li><input type=\"radio\" id=\"poll-answer-835\" name=\"poll_292\" value=\"835\" \/> <label for=\"poll-answer-835\">No ho s\u00e9<\/label><\/li>\n\t\t<\/ul><p style=\"text-align: center\"><input type=\"button\" name=\"vote\" value=\"   Vota   \" class=\"Buttons\" onclick=\"poll_vote(292);\" \/><\/p><p style=\"text-align: center\"><a href=\"#ViewPollResults\" onclick=\"poll_result(292); return false;\" title=\"View Results Of This Poll\">Mira els resultats<\/a><\/p><\/div>\n\t<\/form>\n<\/div>\n<div id=\"polls-292-loading\" class=\"wp-polls-loading\"><img decoding=\"async\" data-src=\"https:\/\/conversesacatalunya.cat\/wp-content\/plugins\/wp-polls\/images\/loading.gif\" width=\"16\" height=\"16\" alt=\"Cargando ...\" title=\"Cargando ...\" class=\"wp-polls-image lazyload\" src=\"data:image\/svg+xml;base64,PHN2ZyB3aWR0aD0iMSIgaGVpZ2h0PSIxIiB4bWxucz0iaHR0cDovL3d3dy53My5vcmcvMjAwMC9zdmciPjwvc3ZnPg==\" style=\"--smush-placeholder-width: 16px; --smush-placeholder-aspect-ratio: 16\/16;\" \/>&nbsp;Cargando ...<\/div>\n\n<div class=\"code-block code-block-6\"><\/div>\n","protected":false},"excerpt":{"rendered":"<p>El gobierno de Alemania del democristiano Friedrich Merz se plantea, seg\u00fan\u00a0fuentes\u00a0del diario\u00a0Politico.eu,\u00a0adquirir una quincena de aviones de combate estadounidenses F-35. Estos se sumar\u00edan a los 35 ya previstos desde el 2022, elevando la cifra total a 50. A primera vista, la noticia no tiene nada de especial: Alemania adquiere m\u00e1s armamento dentro del\u00a0inmenso plan\u00a0de gastos militares anunciado por Merz. Pero la cuesti\u00f3n es que cada vez que Berl\u00edn anuncia una compra de material estadounidense, Par\u00eds estornuda. Y m\u00e1s cuando se trata de aparatos a\u00e9reos, ya que ambos pa\u00edses lideran\u00a0lo que deb\u00eda ser el programa europeo de defensa emblem\u00e1tico, el\u00a0Sistema de Combate A\u00e9reo\u00a0del Futuro o FCAS (del ingl\u00e9s\u00a0Future Combat Air System),\u00a0en el que Espa\u00f1a tiene una participaci\u00f3n minoritaria. Hecho p\u00fablico en 2017, el FCAS se fij\u00f3 el objetivo de desarrollar conjuntamente un avi\u00f3n de combate multimisi\u00f3n que se convirtiera en la columna vertebral de las fuerzas a\u00e9reas europeas a partir de 2040. El objetivo no era tan solo disponer de una plataforma a\u00e9rea l\u00edder a nivel mundial, sino tambi\u00e9n\u00a0incrementar\u00a0la autonom\u00eda estrat\u00e9gica\u00a0de escala. El programa empez\u00f3 con mal pie, ya que los ingenieros franceses de\u00a0Dassault Aviation,\u00a0que deb\u00eda ser el socio principal del proyecto, vieron con gran suspicacia las demandas de sus colegas alemanes de\u00a0Airbus\u00a0Defence and Space\u00a0de compartir secretos tecnol\u00f3gicos relativos, por ejemplo, al sistema de control del aparato. De hecho, el proyecto ya\u00a0se detuvo\u00a0durante unos meses en el 2022 por desavenencias entre las dos empresas y los respectivos ministerios de defensa. Tres a\u00f1os despu\u00e9s, los actores industriales franceses habr\u00edan vuelto a la carga exigiendo llevar a cabo el 80% del trabajo en los componentes centrales del aparato. El propio Merz se inmiscuy\u00f3 durante un encuentro a mediados de julio con el secretario general de la OTAN, Mark Rutte, en Berl\u00edn, afirmando que la composici\u00f3n final del consorcio no se hab\u00eda resuelto. Hasta ahora, Merz se hab\u00eda presentado como el nuevo campe\u00f3n de la industria de defensa europea, insistiendo en que las fuerzas armadas europeas deb\u00edan comprar m\u00e1s material fabricado dentro de las fronteras del bloque. De hecho, hace unos meses lleg\u00f3 incluso a afirmar que \u00ablograr paso a paso una independencia de Estados Unidos\u00bb en materia de defensa era su \u00abprioridad absoluta\u00bb. Sin embargo, desde entonces Alemania ha buscado diversas f\u00f3rmulas para evitar que su movimiento acabe\u00a0beneficiando excesivamente al pa\u00eds europeo que dispone de una industria militar m\u00e1s diversificada, Francia.\u00a0Por ejemplo, el pasado abril Berl\u00edn\u00a0propuso\u00a0que Reino\u00a0\u00a0Unido\u00a0y\u00a0Canad\u00e1\u00a0pudieran acceder al plan de financiaci\u00f3n militar de la Uni\u00f3n Europea (SAFE). Merz tiene una cita con el presidente franc\u00e9s Emmanuel Macron antes de agosto para tratar, entre otros, el estancamiento del programa FCAS y el rumbo que debe tomar la cooperaci\u00f3n europea en defensa. Lo que qued\u00f3 claro en cualquier caso en la\u00a0cumbre\u00a0de la OTAN en La Haya del pasado junio es que la idea de borrar Estados Unidos del mapa fue una locura que habr\u00e1 durado unos escasos meses\u00a0antes de que Trump se reafirmara como l\u00edder militar de Occidente.<\/p>\n","protected":false},"author":75,"featured_media":90554,"comment_status":"open","ping_status":"open","sticky":false,"template":"","format":"standard","meta":{"_FSMCFIC_featured_image_caption":"","_FSMCFIC_featured_image_nocaption":"","_FSMCFIC_featured_image_hide":"","footnotes":""},"categories":[806],"tags":[1089,2471,875,4397],"class_list":["post-90673","post","type-post","status-publish","format-standard","has-post-thumbnail","hentry","category-punts-claus-del-dia-es","tag-defensa-es","tag-despesa-militar-es","tag-europa-es","tag-gasto-militar"],"yoast_head":"<!-- This site is optimized with the Yoast SEO plugin v26.8 - https:\/\/yoast.com\/product\/yoast-seo-wordpress\/ -->\n<title>Nuevo obst\u00e1culo en el programa emblem\u00e1tico de la Europa de la defensa - Converses a Catalunya<\/title>\n<meta name=\"description\" content=\"Francia y Alemania lideran lo que deb\u00eda ser el programa europeo de defensa emblem\u00e1tico, el Sistema de Combate A\u00e9reo del Futuro o FCAS\" \/>\n<meta name=\"robots\" content=\"index, follow, max-snippet:-1, max-image-preview:large, max-video-preview:-1\" \/>\n<link rel=\"canonical\" href=\"https:\/\/conversesacatalunya.cat\/es\/obstaculo-programa-europa-defensa-fcas\/\" \/>\n<meta property=\"og:locale\" content=\"es_ES\" \/>\n<meta property=\"og:type\" content=\"article\" \/>\n<meta property=\"og:title\" content=\"Nuevo obst\u00e1culo en el programa emblem\u00e1tico de la Europa de la defensa - Converses a Catalunya\" \/>\n<meta property=\"og:description\" content=\"Francia y Alemania lideran lo que deb\u00eda ser el programa europeo de defensa emblem\u00e1tico, el Sistema de Combate A\u00e9reo del Futuro o FCAS\" \/>\n<meta property=\"og:url\" content=\"https:\/\/conversesacatalunya.cat\/es\/obstaculo-programa-europa-defensa-fcas\/\" \/>\n<meta property=\"og:site_name\" content=\"Converses a Catalunya\" \/>\n<meta property=\"article:published_time\" content=\"2025-07-23T06:50:08+00:00\" \/>\n<meta property=\"article:modified_time\" content=\"2025-07-23T08:05:30+00:00\" \/>\n<meta property=\"og:image\" content=\"https:\/\/conversesacatalunya.cat\/wp-content\/uploads\/2025\/07\/SCAF_NGF-523616-P-BEF36-987.jpg\" \/>\n\t<meta property=\"og:image:width\" content=\"1200\" \/>\n\t<meta property=\"og:image:height\" content=\"800\" \/>\n\t<meta property=\"og:image:type\" content=\"image\/jpeg\" \/>\n<meta name=\"author\" content=\"Carles L\u00f3pez\" \/>\n<meta name=\"twitter:card\" content=\"summary_large_image\" \/>\n<meta name=\"twitter:label1\" content=\"Escrito por\" \/>\n\t<meta name=\"twitter:data1\" content=\"Carles L\u00f3pez\" \/>\n\t<meta name=\"twitter:label2\" content=\"Tiempo de lectura\" \/>\n\t<meta name=\"twitter:data2\" content=\"3 minutos\" \/>\n<script type=\"application\/ld+json\" class=\"yoast-schema-graph\">{\"@context\":\"https:\/\/schema.org\",\"@graph\":[{\"@type\":\"Article\",\"@id\":\"https:\/\/conversesacatalunya.cat\/es\/obstaculo-programa-europa-defensa-fcas\/#article\",\"isPartOf\":{\"@id\":\"https:\/\/conversesacatalunya.cat\/es\/obstaculo-programa-europa-defensa-fcas\/\"},\"author\":{\"name\":\"Carles L\u00f3pez\",\"@id\":\"https:\/\/conversesacatalunya.cat\/#\/schema\/person\/3ce2ab16c0a3803086d80722c7cad56a\"},\"headline\":\"Nuevo obst\u00e1culo en el programa emblem\u00e1tico de la Europa de la defensa\",\"datePublished\":\"2025-07-23T06:50:08+00:00\",\"dateModified\":\"2025-07-23T08:05:30+00:00\",\"mainEntityOfPage\":{\"@id\":\"https:\/\/conversesacatalunya.cat\/es\/obstaculo-programa-europa-defensa-fcas\/\"},\"wordCount\":617,\"commentCount\":0,\"image\":{\"@id\":\"https:\/\/conversesacatalunya.cat\/es\/obstaculo-programa-europa-defensa-fcas\/#primaryimage\"},\"thumbnailUrl\":\"https:\/\/conversesacatalunya.cat\/wp-content\/uploads\/2025\/07\/SCAF_NGF-523616-P-BEF36-987.jpg\",\"keywords\":[\"defensa\",\"despesa militar\",\"Europa\",\"gasto militar\"],\"articleSection\":[\"Punts clau del dia (ES)\"],\"inLanguage\":\"es\",\"potentialAction\":[{\"@type\":\"CommentAction\",\"name\":\"Comment\",\"target\":[\"https:\/\/conversesacatalunya.cat\/es\/obstaculo-programa-europa-defensa-fcas\/#respond\"]}]},{\"@type\":\"WebPage\",\"@id\":\"https:\/\/conversesacatalunya.cat\/es\/obstaculo-programa-europa-defensa-fcas\/\",\"url\":\"https:\/\/conversesacatalunya.cat\/es\/obstaculo-programa-europa-defensa-fcas\/\",\"name\":\"Nuevo obst\u00e1culo en el programa emblem\u00e1tico de la Europa de la defensa - Converses a Catalunya\",\"isPartOf\":{\"@id\":\"https:\/\/conversesacatalunya.cat\/#website\"},\"primaryImageOfPage\":{\"@id\":\"https:\/\/conversesacatalunya.cat\/es\/obstaculo-programa-europa-defensa-fcas\/#primaryimage\"},\"image\":{\"@id\":\"https:\/\/conversesacatalunya.cat\/es\/obstaculo-programa-europa-defensa-fcas\/#primaryimage\"},\"thumbnailUrl\":\"https:\/\/conversesacatalunya.cat\/wp-content\/uploads\/2025\/07\/SCAF_NGF-523616-P-BEF36-987.jpg\",\"datePublished\":\"2025-07-23T06:50:08+00:00\",\"dateModified\":\"2025-07-23T08:05:30+00:00\",\"author\":{\"@id\":\"https:\/\/conversesacatalunya.cat\/#\/schema\/person\/3ce2ab16c0a3803086d80722c7cad56a\"},\"description\":\"Francia y Alemania lideran lo que deb\u00eda ser el programa europeo de defensa emblem\u00e1tico, el Sistema de Combate A\u00e9reo del Futuro o FCAS\",\"breadcrumb\":{\"@id\":\"https:\/\/conversesacatalunya.cat\/es\/obstaculo-programa-europa-defensa-fcas\/#breadcrumb\"},\"inLanguage\":\"es\",\"potentialAction\":[{\"@type\":\"ReadAction\",\"target\":[\"https:\/\/conversesacatalunya.cat\/es\/obstaculo-programa-europa-defensa-fcas\/\"]}]},{\"@type\":\"ImageObject\",\"inLanguage\":\"es\",\"@id\":\"https:\/\/conversesacatalunya.cat\/es\/obstaculo-programa-europa-defensa-fcas\/#primaryimage\",\"url\":\"https:\/\/conversesacatalunya.cat\/wp-content\/uploads\/2025\/07\/SCAF_NGF-523616-P-BEF36-987.jpg\",\"contentUrl\":\"https:\/\/conversesacatalunya.cat\/wp-content\/uploads\/2025\/07\/SCAF_NGF-523616-P-BEF36-987.jpg\",\"width\":1200,\"height\":800,\"caption\":\"FCAS\"},{\"@type\":\"BreadcrumbList\",\"@id\":\"https:\/\/conversesacatalunya.cat\/es\/obstaculo-programa-europa-defensa-fcas\/#breadcrumb\",\"itemListElement\":[{\"@type\":\"ListItem\",\"position\":1,\"name\":\"Inici\",\"item\":\"https:\/\/conversesacatalunya.cat\/es\/\"},{\"@type\":\"ListItem\",\"position\":2,\"name\":\"Nuevo obst\u00e1culo en el programa emblem\u00e1tico de la Europa de la defensa\"}]},{\"@type\":\"WebSite\",\"@id\":\"https:\/\/conversesacatalunya.cat\/#website\",\"url\":\"https:\/\/conversesacatalunya.cat\/\",\"name\":\"Converses a Catalunya\",\"description\":\"\",\"potentialAction\":[{\"@type\":\"SearchAction\",\"target\":{\"@type\":\"EntryPoint\",\"urlTemplate\":\"https:\/\/conversesacatalunya.cat\/?s={search_term_string}\"},\"query-input\":{\"@type\":\"PropertyValueSpecification\",\"valueRequired\":true,\"valueName\":\"search_term_string\"}}],\"inLanguage\":\"es\"},{\"@type\":\"Person\",\"@id\":\"https:\/\/conversesacatalunya.cat\/#\/schema\/person\/3ce2ab16c0a3803086d80722c7cad56a\",\"name\":\"Carles L\u00f3pez\",\"image\":{\"@type\":\"ImageObject\",\"inLanguage\":\"es\",\"@id\":\"https:\/\/conversesacatalunya.cat\/#\/schema\/person\/image\/\",\"url\":\"https:\/\/conversesacatalunya.cat\/wp-content\/litespeed\/avatar\/4891585caf2896e97846ab77f06edcf2.jpg?ver=1777696043\",\"contentUrl\":\"https:\/\/conversesacatalunya.cat\/wp-content\/litespeed\/avatar\/4891585caf2896e97846ab77f06edcf2.jpg?ver=1777696043\",\"caption\":\"Carles L\u00f3pez\"},\"url\":\"https:\/\/conversesacatalunya.cat\/es\/author\/carles-lopez\/\"}]}<\/script>\n<!-- \/ Yoast SEO plugin. -->","yoast_head_json":{"title":"Nuevo obst\u00e1culo en el programa emblem\u00e1tico de la Europa de la defensa - Converses a Catalunya","description":"Francia y Alemania lideran lo que deb\u00eda ser el programa europeo de defensa emblem\u00e1tico, el Sistema de Combate A\u00e9reo del Futuro o FCAS","robots":{"index":"index","follow":"follow","max-snippet":"max-snippet:-1","max-image-preview":"max-image-preview:large","max-video-preview":"max-video-preview:-1"},"canonical":"https:\/\/conversesacatalunya.cat\/es\/obstaculo-programa-europa-defensa-fcas\/","og_locale":"es_ES","og_type":"article","og_title":"Nuevo obst\u00e1culo en el programa emblem\u00e1tico de la Europa de la defensa - Converses a Catalunya","og_description":"Francia y Alemania lideran lo que deb\u00eda ser el programa europeo de defensa emblem\u00e1tico, el Sistema de Combate A\u00e9reo del Futuro o FCAS","og_url":"https:\/\/conversesacatalunya.cat\/es\/obstaculo-programa-europa-defensa-fcas\/","og_site_name":"Converses a Catalunya","article_published_time":"2025-07-23T06:50:08+00:00","article_modified_time":"2025-07-23T08:05:30+00:00","og_image":[{"width":1200,"height":800,"url":"https:\/\/conversesacatalunya.cat\/wp-content\/uploads\/2025\/07\/SCAF_NGF-523616-P-BEF36-987.jpg","type":"image\/jpeg"}],"author":"Carles L\u00f3pez","twitter_card":"summary_large_image","twitter_misc":{"Escrito por":"Carles L\u00f3pez","Tiempo de lectura":"3 minutos"},"schema":{"@context":"https:\/\/schema.org","@graph":[{"@type":"Article","@id":"https:\/\/conversesacatalunya.cat\/es\/obstaculo-programa-europa-defensa-fcas\/#article","isPartOf":{"@id":"https:\/\/conversesacatalunya.cat\/es\/obstaculo-programa-europa-defensa-fcas\/"},"author":{"name":"Carles L\u00f3pez","@id":"https:\/\/conversesacatalunya.cat\/#\/schema\/person\/3ce2ab16c0a3803086d80722c7cad56a"},"headline":"Nuevo obst\u00e1culo en el programa emblem\u00e1tico de la Europa de la defensa","datePublished":"2025-07-23T06:50:08+00:00","dateModified":"2025-07-23T08:05:30+00:00","mainEntityOfPage":{"@id":"https:\/\/conversesacatalunya.cat\/es\/obstaculo-programa-europa-defensa-fcas\/"},"wordCount":617,"commentCount":0,"image":{"@id":"https:\/\/conversesacatalunya.cat\/es\/obstaculo-programa-europa-defensa-fcas\/#primaryimage"},"thumbnailUrl":"https:\/\/conversesacatalunya.cat\/wp-content\/uploads\/2025\/07\/SCAF_NGF-523616-P-BEF36-987.jpg","keywords":["defensa","despesa militar","Europa","gasto militar"],"articleSection":["Punts clau del dia (ES)"],"inLanguage":"es","potentialAction":[{"@type":"CommentAction","name":"Comment","target":["https:\/\/conversesacatalunya.cat\/es\/obstaculo-programa-europa-defensa-fcas\/#respond"]}]},{"@type":"WebPage","@id":"https:\/\/conversesacatalunya.cat\/es\/obstaculo-programa-europa-defensa-fcas\/","url":"https:\/\/conversesacatalunya.cat\/es\/obstaculo-programa-europa-defensa-fcas\/","name":"Nuevo obst\u00e1culo en el programa emblem\u00e1tico de la Europa de la defensa - Converses a Catalunya","isPartOf":{"@id":"https:\/\/conversesacatalunya.cat\/#website"},"primaryImageOfPage":{"@id":"https:\/\/conversesacatalunya.cat\/es\/obstaculo-programa-europa-defensa-fcas\/#primaryimage"},"image":{"@id":"https:\/\/conversesacatalunya.cat\/es\/obstaculo-programa-europa-defensa-fcas\/#primaryimage"},"thumbnailUrl":"https:\/\/conversesacatalunya.cat\/wp-content\/uploads\/2025\/07\/SCAF_NGF-523616-P-BEF36-987.jpg","datePublished":"2025-07-23T06:50:08+00:00","dateModified":"2025-07-23T08:05:30+00:00","author":{"@id":"https:\/\/conversesacatalunya.cat\/#\/schema\/person\/3ce2ab16c0a3803086d80722c7cad56a"},"description":"Francia y Alemania lideran lo que deb\u00eda ser el programa europeo de defensa emblem\u00e1tico, el Sistema de Combate A\u00e9reo del Futuro o FCAS","breadcrumb":{"@id":"https:\/\/conversesacatalunya.cat\/es\/obstaculo-programa-europa-defensa-fcas\/#breadcrumb"},"inLanguage":"es","potentialAction":[{"@type":"ReadAction","target":["https:\/\/conversesacatalunya.cat\/es\/obstaculo-programa-europa-defensa-fcas\/"]}]},{"@type":"ImageObject","inLanguage":"es","@id":"https:\/\/conversesacatalunya.cat\/es\/obstaculo-programa-europa-defensa-fcas\/#primaryimage","url":"https:\/\/conversesacatalunya.cat\/wp-content\/uploads\/2025\/07\/SCAF_NGF-523616-P-BEF36-987.jpg","contentUrl":"https:\/\/conversesacatalunya.cat\/wp-content\/uploads\/2025\/07\/SCAF_NGF-523616-P-BEF36-987.jpg","width":1200,"height":800,"caption":"FCAS"},{"@type":"BreadcrumbList","@id":"https:\/\/conversesacatalunya.cat\/es\/obstaculo-programa-europa-defensa-fcas\/#breadcrumb","itemListElement":[{"@type":"ListItem","position":1,"name":"Inici","item":"https:\/\/conversesacatalunya.cat\/es\/"},{"@type":"ListItem","position":2,"name":"Nuevo obst\u00e1culo en el programa emblem\u00e1tico de la Europa de la defensa"}]},{"@type":"WebSite","@id":"https:\/\/conversesacatalunya.cat\/#website","url":"https:\/\/conversesacatalunya.cat\/","name":"Converses a Catalunya","description":"","potentialAction":[{"@type":"SearchAction","target":{"@type":"EntryPoint","urlTemplate":"https:\/\/conversesacatalunya.cat\/?s={search_term_string}"},"query-input":{"@type":"PropertyValueSpecification","valueRequired":true,"valueName":"search_term_string"}}],"inLanguage":"es"},{"@type":"Person","@id":"https:\/\/conversesacatalunya.cat\/#\/schema\/person\/3ce2ab16c0a3803086d80722c7cad56a","name":"Carles L\u00f3pez","image":{"@type":"ImageObject","inLanguage":"es","@id":"https:\/\/conversesacatalunya.cat\/#\/schema\/person\/image\/","url":"https:\/\/conversesacatalunya.cat\/wp-content\/litespeed\/avatar\/4891585caf2896e97846ab77f06edcf2.jpg?ver=1777696043","contentUrl":"https:\/\/conversesacatalunya.cat\/wp-content\/litespeed\/avatar\/4891585caf2896e97846ab77f06edcf2.jpg?ver=1777696043","caption":"Carles L\u00f3pez"},"url":"https:\/\/conversesacatalunya.cat\/es\/author\/carles-lopez\/"}]}},"wps_subtitle":"Francia y Alemania siguen sin ponerse de acuerdo respecto al Sistema de Combate A\u00e9reo del Futuro (FCAS)","_links":{"self":[{"href":"https:\/\/conversesacatalunya.cat\/es\/wp-json\/wp\/v2\/posts\/90673","targetHints":{"allow":["GET"]}}],"collection":[{"href":"https:\/\/conversesacatalunya.cat\/es\/wp-json\/wp\/v2\/posts"}],"about":[{"href":"https:\/\/conversesacatalunya.cat\/es\/wp-json\/wp\/v2\/types\/post"}],"author":[{"embeddable":true,"href":"https:\/\/conversesacatalunya.cat\/es\/wp-json\/wp\/v2\/users\/75"}],"replies":[{"embeddable":true,"href":"https:\/\/conversesacatalunya.cat\/es\/wp-json\/wp\/v2\/comments?post=90673"}],"version-history":[{"count":3,"href":"https:\/\/conversesacatalunya.cat\/es\/wp-json\/wp\/v2\/posts\/90673\/revisions"}],"predecessor-version":[{"id":90674,"href":"https:\/\/conversesacatalunya.cat\/es\/wp-json\/wp\/v2\/posts\/90673\/revisions\/90674"}],"wp:featuredmedia":[{"embeddable":true,"href":"https:\/\/conversesacatalunya.cat\/es\/wp-json\/wp\/v2\/media\/90554"}],"wp:attachment":[{"href":"https:\/\/conversesacatalunya.cat\/es\/wp-json\/wp\/v2\/media?parent=90673"}],"wp:term":[{"taxonomy":"category","embeddable":true,"href":"https:\/\/conversesacatalunya.cat\/es\/wp-json\/wp\/v2\/categories?post=90673"},{"taxonomy":"post_tag","embeddable":true,"href":"https:\/\/conversesacatalunya.cat\/es\/wp-json\/wp\/v2\/tags?post=90673"}],"curies":[{"name":"wp","href":"https:\/\/api.w.org\/{rel}","templated":true}]}}