{"id":90586,"date":"2025-07-21T10:52:26","date_gmt":"2025-07-21T08:52:26","guid":{"rendered":"https:\/\/conversesacatalunya.cat\/?p=90586"},"modified":"2025-07-21T12:30:19","modified_gmt":"2025-07-21T10:30:19","slug":"la-bomba-de-relojeria-migratoria-que-nadie-quiere-desactivar","status":"publish","type":"post","link":"https:\/\/conversesacatalunya.cat\/es\/la-bomba-de-relojeria-migratoria-que-nadie-quiere-desactivar\/","title":{"rendered":"La bomba de relojer\u00eda migratoria que nadie quiere desactivar"},"content":{"rendered":"<p>La inmigraci\u00f3n, el problema de la vivienda y la crisis pol\u00edtica se han transformado, a ojos de los ciudadanos, en tres cuestiones que pueden demoler la democracia espa\u00f1ola. Aunque su naturaleza es distinta, comparten una misma ra\u00edz: <strong>la incapacidad<\/strong>, despu\u00e9s de m\u00e1s de siete a\u00f1os de Gobierno de S\u00e1nchez, para abordar pol\u00edticas p\u00fablicas acordes con la naturaleza de cada problema.<\/p>\n<p>Un ejemplo claro es el de <strong><a href=\"https:\/\/conversesacatalunya.cat\/es\/crisis-vivienda-espana-cataluna-2024\/\" target=\"_blank\" rel=\"noopener\">la vivienda<\/a><\/strong>. Hace siete a\u00f1os ya exist\u00edan dificultades, pero estaba lejos de haberse convertido en el problema multifactorial que es hoy, y que tanto afecta a la vida de las personas y las familias, as\u00ed como a la econom\u00eda. La situaci\u00f3n se ha vuelto casi irreparable, incluso a medio plazo. Las perspectivas a largo tampoco son alentadoras.<\/p>\n<p>Las pol\u00edticas del Gobierno sufren dos tipos de limitaciones: una es la <strong>incapacidad para ejecutar lo que prometen,<\/strong> y la otra, el dise\u00f1o de <strong>soluciones que generan efectos contrarios<\/strong> a los deseados. Un ejemplo evidente es la limitaci\u00f3n de los alquileres en <strong>zonas tensionadas<\/strong>, que ha reducido la oferta y ha limitado a\u00fan m\u00e1s el acceso a la vivienda para quienes no tienen ingresos elevados.<\/p>\n<p>En el caso de <strong>la inmigraci\u00f3<\/strong>n, el patr\u00f3n es similar. A\u00fan no ha llegado a su punto \u00e1lgido, pero todas las encuestas muestran c\u00f3mo crece su percepci\u00f3n como problema, situ\u00e1ndose ya entre las principales preocupaciones ciudadanas.<\/p>\n<p>La inmigraci\u00f3n es <strong>un desaf\u00edo europeo que a\u00fan no ha encontrado respuesta<\/strong>. Se ha pasado del \u201caqu\u00ed cabemos todos\u201d a posiciones de rechazo extremo. Hoy impera una l\u00ednea intermedia: restringir la llegada de nuevos inmigrantes, perfeccionar los sistemas de retorno, y limitar en algunos casos (como en <strong>Dinamarca<\/strong>, actual presidencia de turno de la UE) el acceso a determinados servicios p\u00fablicos, para evitar que act\u00faen como <strong>\u00abefecto llamada\u00bb.<\/strong><\/p>\n<p>Es evidente que acceder a un pa\u00eds con sanidad y educaci\u00f3n gratuitas es un gran atractivo. Pero tambi\u00e9n lo es que estas medidas tensionan la igualdad de condiciones de vida y plantean un dilema moral considerable.<\/p>\n<p>Lo que no puede ser \u2014ni en Espa\u00f1a ni en Europa\u2014 es que mientras la Uni\u00f3n Europea avanza hacia una pol\u00edtica migratoria m\u00e1s restrictiva, <strong>Espa\u00f1a siga en direcci\u00f3n opuesta<\/strong>. Dinamarca, Alemania, Italia o Francia aplican pol\u00edticas que nada tienen que ver con la pr\u00e1ctica de <strong>puertas abiertas<\/strong> del gobierno espa\u00f1ol.<\/p>\n<p><strong>La inmigraci\u00f3n irregular<\/strong> no entra principalmente por pateras a Canarias o Baleares. La gran mayor\u00eda entra por Barajas, y en menor medida, por el aeropuerto de Barcelona. Adem\u00e1s, el sistema espa\u00f1ol es incapaz de retornar a los inmigrantes ilegales, creando una bolsa de decenas de miles de personas en situaci\u00f3n irregular <strong>atrapadas en un c\u00edrculo kafkiano:<\/strong> no pueden trabajar porque no tienen permiso de residencia, y no pueden regularizar su situaci\u00f3n porque no tienen trabajo. Es el resultado de un mal dise\u00f1o de pol\u00edtica migratoria y de una ejecuci\u00f3n p\u00e9sima, sostenida durante a\u00f1os.<\/p>\n<p>En este contexto, lo l\u00f3gico ser\u00eda promover un <strong>debate racional y sereno<\/strong> para encontrar soluciones. Pero lo que hay es un <strong>choque emocional<\/strong> que alimenta la polarizaci\u00f3n. Basta una cr\u00edtica o una duda para que unos sean tildados de racistas o fascistas, mientras otros generalizan cualquier incidente para<strong> cargar contra todos los inmigrantes.<\/strong><\/p>\n<p>A esto se suma una <strong>narrativa econ\u00f3mica sesgada que solo muestra el lado positivo de la inmigraci\u00f3n<\/strong>: crecimiento de la poblaci\u00f3n, sostenimiento del mercado laboral, o incremento del PIB. Se dice, por ejemplo, que tres de cada cuatro nuevos empleos los ocupan personas extranjeras. Pero no se explica por qu\u00e9 defendemos con tanto fervor una mayor inmigraci\u00f3n a largo plazo mientras seguimos sin aplicar pol\u00edticas familiares y de natalidad serias que permitan <strong>revertir nuestra crisis demogr\u00e1fica<\/strong>. En el trasfondo hay una raz\u00f3n ideol\u00f3gica que impide ver la realidad y sus necesidades: la familia, estable, con hijos, es \u201csospechosa\u201d, no est\u00e1 bien vista por el actual r\u00e9gimen de ideas de quienes mandan.<\/p>\n<p>Tampoco se aclara por qu\u00e9 ese crecimiento econ\u00f3mico no se traduce en mejores condiciones de vida. La renta per c\u00e1pita apenas aumenta, y seguimos anclados en el 92 % de la media europea. \u00bfPor qu\u00e9? Porque los nuevos empleos son de baja productividad y, por tanto, de bajos salarios.<\/p>\n<p>La inmigraci\u00f3n masiva produce un<strong> \u201cdopaje\u201d<\/strong> de ciertos sectores de la econom\u00eda que absorben mano de obra barata, pero condenan al pa\u00eds a un modelo productivo estancado. Se repite la esperanza de que los inmigrantes progresen como lo hicieron los espa\u00f1oles en Europa d\u00e9cadas atr\u00e1s. Porque <strong>aquella era una inmigraci\u00f3n medida, ordenada y la mayor\u00eda de las veces temporal y la de hoy no tiene nada de eso<\/strong>. La comparaci\u00f3n- S\u00e1nchez incluido- de que tambi\u00e9n fuimos inmigrantes no ha lugar, porque estamos hablando de dos cosas de naturaleza y efectos muy distintos, aunque utilicemos la misma palabra para designarlo<\/p>\n<p>Hoy y aqu\u00ed la mayor\u00eda de la inmigraci\u00f3n est\u00e1 atrapada por <strong>la trampa de la pobreza <\/strong>y esto es p\u00e9simo para ahora y para el futuro. Seg\u00fan datos oficiales, <strong>el 80 % de los hogares de origen marroqu\u00ed en Espa\u00f1a est\u00e1n en riesgo de pobreza<\/strong>.<\/p>\n<p>En general, los hogares de origen extranjero son los m\u00e1s afectados por la pobreza en Espa\u00f1a. Esto tiene dos consecuencias negativas: no mejoran su situaci\u00f3n y tensionan los sistemas p\u00fablicos de ayuda.<\/p>\n<p>Este factor ayuda a entender datos como <strong>la pobreza infantil en Barcelona<\/strong>: el <strong>40,6 % de los menores est\u00e1n en riesgo de pobreza, frente al 26,9 % de la poblaci\u00f3n general.<\/strong> La situaci\u00f3n ha empeorado 10 puntos desde 2016. En Catalu\u00f1a la cifra es del 32,6 %; en Espa\u00f1a, del 34,5 %, y en la UE, del 24,8 %.<\/p>\n<p>\u00bfC\u00f3mo es posible que la capital de Catalu\u00f1a de apariencia tan din\u00e1mica tenga esa cifra brutal de pobreza infantil? La respuesta hay que buscarla en la elevada inmigraci\u00f3n. M\u00e1s de la tercera parte \u00a0de sus residentes han nacido en el extranjero. <strong>Demasiados menores hijos de inmigrantes est\u00e1n desintegrados<\/strong>, sin comunidad de referencia, y pueden convertirse en foco de conflicto, como ya sucedi\u00f3 en Francia.<\/p>\n<h5><strong>Si eso ocurre en Francia, donde la escuela p\u00fablica tuvo fama de excelencia, \u00bfqu\u00e9 puede pasar en Espa\u00f1a, donde el sistema educativo est\u00e1 colapsado y desbordado?<\/strong><\/h5>\n<p>Un reciente estudio publicado en <em>Nature Human Behaviour<\/em> revela que Espa\u00f1a presenta la mayor brecha salarial entre poblaci\u00f3n inmigrante y aut\u00f3ctona de entre todos los pa\u00edses analizados<strong>: un 29,3 %,<\/strong> seguida de Canad\u00e1 con un 27,5 %. En EE. UU., donde la inmigraci\u00f3n est\u00e1 en el centro del debate pol\u00edtico, esa diferencia es solo del 10,6 %.<\/p>\n<p>Esta diferencia no se explica por discriminaci\u00f3n, sino porque los inmigrantes ocupan puestos de baja remuneraci\u00f3n y productividad. Cuando se comparan salarios dentro de una misma empresa y puesto de trabajo, las <strong>diferencias se reducen considerablemente (en Espa\u00f1a, al 7 %).<\/strong> En esta cifra s\u00ed puede jugar la discriminaci\u00f3n, pero tambi\u00e9n se debe matizar mucho porque juegan otros factores \u00a0como la antig\u00fcedad.<\/p>\n<p><strong>Otro factor clave es el <a href=\"https:\/\/conversesacatalunya.cat\/es\/las-pensiones-suben-los-salarios-no-espana-en-cifras\/\" target=\"_blank\" rel=\"noopener\">sistema de pensiones<\/a><\/strong>. Se dice que la inmigraci\u00f3n aporta cotizantes que ayudan a pagar jubilaciones. Es cierto, pero tambi\u00e9n lo es que esos mismos trabajadores se jubilar\u00e1n y cobrar\u00e1n pensiones en el futuro. Por tanto, <strong>hay que analizar todo el ciclo vital<\/strong>. Seg\u00fan los c\u00e1lculos, una persona con un salario equivalente a 22.000 \u20ac anuales presenta un balance generacional negativo: aporta menos de lo que recibe. Y este es el caso de una parte significativa de la inmigraci\u00f3n.<\/p>\n<p>Por \u00faltimo, hay una contradicci\u00f3n estructural que debe abordarse: no es viable <strong>ser uno de los pa\u00edses con mayor inmigraci\u00f3n masiva y a la vez uno de los m\u00e1s tur\u00edsticos del mundo.<\/strong> Ambas presiones, combinadas, destruyen la cohesi\u00f3n social.<\/p>\n<p>Catalu\u00f1a es ejemplo extremo, donde adem\u00e1s se suma el problema ling\u00fc\u00edstico: <strong>los inmigrantes no aprenden catal\u00e1n<\/strong> porque les resulta m\u00e1s \u00fatil el espa\u00f1ol, pero este problema no se aborda desde las pol\u00edticas p\u00fablicas ni de la Generalitat ni del Ayuntamiento de Barcelona, que son desastrosas.<\/p>\n<p>Y hay un deber hacia los reci\u00e9n llegados: atenderlos adecuadamente, de manera que ellos y sus hijos sean part\u00edcipes plenos de la comunidad. Pero esto es inviable con las llegadas masivas actuales y las que se preparan para el futuro. <strong>El peor enemigo ahora de los inmigrantes afincados es la dimensi\u00f3n de la inmigraci\u00f3n futura.<\/strong><\/p>\n<span class='bctt-click-to-tweet'><span class='bctt-ctt-text'><a href='https:\/\/twitter.com\/intent\/tweet?url=https%3A%2F%2Fconversesacatalunya.cat%2Fes%2Fla-bomba-de-relojeria-migratoria-que-nadie-quiere-desactivar%2F&#038;text=%C2%BFTurismo%20masivo%20e%20inmigraci%C3%B3n%20sin%20integraci%C3%B3n%3F%20La%20tormenta%20perfecta%20ya%20ha%20comenzado%20en%20Catalu%C3%B1a.%20%23Catalu%C3%B1a%20%23Inmigraci%C3%B3n%20%23CrisisSocial&#038;via=conversesacat&#038;related=conversesacat' target='_blank'rel=\"noopener noreferrer\">\u00bfTurismo masivo e inmigraci\u00f3n sin integraci\u00f3n? La tormenta perfecta ya ha comenzado en Catalu\u00f1a. #Catalu\u00f1a #Inmigraci\u00f3n #CrisisSocial <\/a><\/span><a href='https:\/\/twitter.com\/intent\/tweet?url=https%3A%2F%2Fconversesacatalunya.cat%2Fes%2Fla-bomba-de-relojeria-migratoria-que-nadie-quiere-desactivar%2F&#038;text=%C2%BFTurismo%20masivo%20e%20inmigraci%C3%B3n%20sin%20integraci%C3%B3n%3F%20La%20tormenta%20perfecta%20ya%20ha%20comenzado%20en%20Catalu%C3%B1a.%20%23Catalu%C3%B1a%20%23Inmigraci%C3%B3n%20%23CrisisSocial&#038;via=conversesacat&#038;related=conversesacat' target='_blank' class='bctt-ctt-btn'rel=\"noopener noreferrer\">Compartir en X<\/a><\/span>\n<div id=\"polls-292\" class=\"wp-polls\">\n\t<form id=\"polls_form_292\" class=\"wp-polls-form\" action=\"\/index.php\" method=\"post\">\n\t\t<p style=\"display: none;\"><input type=\"hidden\" id=\"poll_292_nonce\" name=\"wp-polls-nonce\" value=\"f26d90714e\" \/><\/p>\n\t\t<p style=\"display: none;\"><input type=\"hidden\" name=\"poll_id\" value=\"292\" \/><\/p>\n\t\t<p style=\"text-align: center\"><strong>Donada la volguda ambig\u00fcitat del pacte sobre finan\u00e7ament singular de Catalunya, creus que a l'hora de la veritat aportar\u00e0 avantatges significatius?<\/strong><\/p><div id=\"polls-292-ans\" class=\"wp-polls-ans\"><ul class=\"wp-polls-ul\">\n\t\t<li><input type=\"radio\" id=\"poll-answer-833\" name=\"poll_292\" value=\"833\" \/> <label for=\"poll-answer-833\">S\u00ed<\/label><\/li>\n\t\t<li><input type=\"radio\" id=\"poll-answer-834\" name=\"poll_292\" value=\"834\" \/> <label for=\"poll-answer-834\">No<\/label><\/li>\n\t\t<li><input type=\"radio\" id=\"poll-answer-835\" name=\"poll_292\" value=\"835\" \/> <label for=\"poll-answer-835\">No ho s\u00e9<\/label><\/li>\n\t\t<\/ul><p style=\"text-align: center\"><input type=\"button\" name=\"vote\" value=\"   Vota   \" class=\"Buttons\" onclick=\"poll_vote(292);\" \/><\/p><p style=\"text-align: center\"><a href=\"#ViewPollResults\" onclick=\"poll_result(292); return false;\" title=\"View Results Of This Poll\">Mira els resultats<\/a><\/p><\/div>\n\t<\/form>\n<\/div>\n<div id=\"polls-292-loading\" class=\"wp-polls-loading\"><img decoding=\"async\" data-src=\"https:\/\/conversesacatalunya.cat\/wp-content\/plugins\/wp-polls\/images\/loading.gif\" width=\"16\" height=\"16\" alt=\"Cargando ...\" title=\"Cargando ...\" class=\"wp-polls-image lazyload\" src=\"data:image\/svg+xml;base64,PHN2ZyB3aWR0aD0iMSIgaGVpZ2h0PSIxIiB4bWxucz0iaHR0cDovL3d3dy53My5vcmcvMjAwMC9zdmciPjwvc3ZnPg==\" style=\"--smush-placeholder-width: 16px; --smush-placeholder-aspect-ratio: 16\/16;\" \/>&nbsp;Cargando ...<\/div>\n\n","protected":false},"excerpt":{"rendered":"<p>La inmigraci\u00f3n, el problema de la vivienda y la crisis pol\u00edtica se han transformado, a ojos de los ciudadanos, en tres cuestiones que pueden demoler la democracia espa\u00f1ola. Aunque su naturaleza es distinta, comparten una misma ra\u00edz: la incapacidad, despu\u00e9s de m\u00e1s de siete a\u00f1os de Gobierno de S\u00e1nchez, para abordar pol\u00edticas p\u00fablicas acordes con la naturaleza de cada problema. Un ejemplo claro es el de la vivienda. Hace siete a\u00f1os ya exist\u00edan dificultades, pero estaba lejos de haberse convertido en el problema multifactorial que es hoy, y que tanto afecta a la vida de las personas y las familias, as\u00ed como a la econom\u00eda. La situaci\u00f3n se ha vuelto casi irreparable, incluso a medio plazo. Las perspectivas a largo tampoco son alentadoras. Las pol\u00edticas del Gobierno sufren dos tipos de limitaciones: una es la incapacidad para ejecutar lo que prometen, y la otra, el dise\u00f1o de soluciones que generan efectos contrarios a los deseados. Un ejemplo evidente es la limitaci\u00f3n de los alquileres en zonas tensionadas, que ha reducido la oferta y ha limitado a\u00fan m\u00e1s el acceso a la vivienda para quienes no tienen ingresos elevados. En el caso de la inmigraci\u00f3n, el patr\u00f3n es similar. A\u00fan no ha llegado a su punto \u00e1lgido, pero todas las encuestas muestran c\u00f3mo crece su percepci\u00f3n como problema, situ\u00e1ndose ya entre las principales preocupaciones ciudadanas. La inmigraci\u00f3n es un desaf\u00edo europeo que a\u00fan no ha encontrado respuesta. Se ha pasado del \u201caqu\u00ed cabemos todos\u201d a posiciones de rechazo extremo. Hoy impera una l\u00ednea intermedia: restringir la llegada de nuevos inmigrantes, perfeccionar los sistemas de retorno, y limitar en algunos casos (como en Dinamarca, actual presidencia de turno de la UE) el acceso a determinados servicios p\u00fablicos, para evitar que act\u00faen como \u00abefecto llamada\u00bb. Es evidente que acceder a un pa\u00eds con sanidad y educaci\u00f3n gratuitas es un gran atractivo. Pero tambi\u00e9n lo es que estas medidas tensionan la igualdad de condiciones de vida y plantean un dilema moral considerable. Lo que no puede ser \u2014ni en Espa\u00f1a ni en Europa\u2014 es que mientras la Uni\u00f3n Europea avanza hacia una pol\u00edtica migratoria m\u00e1s restrictiva, Espa\u00f1a siga en direcci\u00f3n opuesta. Dinamarca, Alemania, Italia o Francia aplican pol\u00edticas que nada tienen que ver con la pr\u00e1ctica de puertas abiertas del gobierno espa\u00f1ol. La inmigraci\u00f3n irregular no entra principalmente por pateras a Canarias o Baleares. La gran mayor\u00eda entra por Barajas, y en menor medida, por el aeropuerto de Barcelona. Adem\u00e1s, el sistema espa\u00f1ol es incapaz de retornar a los inmigrantes ilegales, creando una bolsa de decenas de miles de personas en situaci\u00f3n irregular atrapadas en un c\u00edrculo kafkiano: no pueden trabajar porque no tienen permiso de residencia, y no pueden regularizar su situaci\u00f3n porque no tienen trabajo. Es el resultado de un mal dise\u00f1o de pol\u00edtica migratoria y de una ejecuci\u00f3n p\u00e9sima, sostenida durante a\u00f1os. En este contexto, lo l\u00f3gico ser\u00eda promover un debate racional y sereno para encontrar soluciones. Pero lo que hay es un choque emocional que alimenta la polarizaci\u00f3n. Basta una cr\u00edtica o una duda para que unos sean tildados de racistas o fascistas, mientras otros generalizan cualquier incidente para cargar contra todos los inmigrantes. A esto se suma una narrativa econ\u00f3mica sesgada que solo muestra el lado positivo de la inmigraci\u00f3n: crecimiento de la poblaci\u00f3n, sostenimiento del mercado laboral, o incremento del PIB. Se dice, por ejemplo, que tres de cada cuatro nuevos empleos los ocupan personas extranjeras. Pero no se explica por qu\u00e9 defendemos con tanto fervor una mayor inmigraci\u00f3n a largo plazo mientras seguimos sin aplicar pol\u00edticas familiares y de natalidad serias que permitan revertir nuestra crisis demogr\u00e1fica. En el trasfondo hay una raz\u00f3n ideol\u00f3gica que impide ver la realidad y sus necesidades: la familia, estable, con hijos, es \u201csospechosa\u201d, no est\u00e1 bien vista por el actual r\u00e9gimen de ideas de quienes mandan. Tampoco se aclara por qu\u00e9 ese crecimiento econ\u00f3mico no se traduce en mejores condiciones de vida. La renta per c\u00e1pita apenas aumenta, y seguimos anclados en el 92 % de la media europea. \u00bfPor qu\u00e9? Porque los nuevos empleos son de baja productividad y, por tanto, de bajos salarios. La inmigraci\u00f3n masiva produce un \u201cdopaje\u201d de ciertos sectores de la econom\u00eda que absorben mano de obra barata, pero condenan al pa\u00eds a un modelo productivo estancado. Se repite la esperanza de que los inmigrantes progresen como lo hicieron los espa\u00f1oles en Europa d\u00e9cadas atr\u00e1s. Porque aquella era una inmigraci\u00f3n medida, ordenada y la mayor\u00eda de las veces temporal y la de hoy no tiene nada de eso. La comparaci\u00f3n- S\u00e1nchez incluido- de que tambi\u00e9n fuimos inmigrantes no ha lugar, porque estamos hablando de dos cosas de naturaleza y efectos muy distintos, aunque utilicemos la misma palabra para designarlo Hoy y aqu\u00ed la mayor\u00eda de la inmigraci\u00f3n est\u00e1 atrapada por la trampa de la pobreza y esto es p\u00e9simo para ahora y para el futuro. Seg\u00fan datos oficiales, el 80 % de los hogares de origen marroqu\u00ed en Espa\u00f1a est\u00e1n en riesgo de pobreza. En general, los hogares de origen extranjero son los m\u00e1s afectados por la pobreza en Espa\u00f1a. Esto tiene dos consecuencias negativas: no mejoran su situaci\u00f3n y tensionan los sistemas p\u00fablicos de ayuda. Este factor ayuda a entender datos como la pobreza infantil en Barcelona: el 40,6 % de los menores est\u00e1n en riesgo de pobreza, frente al 26,9 % de la poblaci\u00f3n general. La situaci\u00f3n ha empeorado 10 puntos desde 2016. En Catalu\u00f1a la cifra es del 32,6 %; en Espa\u00f1a, del 34,5 %, y en la UE, del 24,8 %. \u00bfC\u00f3mo es posible que la capital de Catalu\u00f1a de apariencia tan din\u00e1mica tenga esa cifra brutal de pobreza infantil? La respuesta hay que buscarla en la elevada inmigraci\u00f3n. M\u00e1s de la tercera parte \u00a0de sus residentes han nacido en el extranjero. Demasiados menores hijos de inmigrantes est\u00e1n desintegrados, sin comunidad de referencia, y pueden convertirse en foco de conflicto, como ya sucedi\u00f3 en Francia. Si eso ocurre en Francia, donde la escuela p\u00fablica tuvo fama de excelencia, \u00bfqu\u00e9 puede pasar&#8230;<\/p>\n","protected":false},"author":81,"featured_media":90591,"comment_status":"open","ping_status":"open","sticky":false,"template":"","format":"standard","meta":{"_FSMCFIC_featured_image_caption":"","_FSMCFIC_featured_image_nocaption":"","_FSMCFIC_featured_image_hide":"","footnotes":""},"categories":[806],"tags":[1678,1035],"class_list":["post-90586","post","type-post","status-publish","format-standard","has-post-thumbnail","hentry","category-punts-claus-del-dia-es","tag-inmigracion","tag-vivienda"],"yoast_head":"<!-- This site is optimized with the Yoast SEO plugin v26.8 - https:\/\/yoast.com\/product\/yoast-seo-wordpress\/ -->\n<title>Pobreza infantil en Barcelona: causas y consecuencias<\/title>\n<meta name=\"description\" content=\"La pobreza infantil en Barcelona: el 40,6 % de los menores est\u00e1n en riesgo de pobreza, frente al 26,9 % de la poblaci\u00f3n general.\" \/>\n<meta name=\"robots\" content=\"index, follow, max-snippet:-1, max-image-preview:large, max-video-preview:-1\" \/>\n<link rel=\"canonical\" href=\"https:\/\/conversesacatalunya.cat\/es\/la-bomba-de-relojeria-migratoria-que-nadie-quiere-desactivar\/\" \/>\n<meta property=\"og:locale\" content=\"es_ES\" \/>\n<meta property=\"og:type\" content=\"article\" \/>\n<meta property=\"og:title\" content=\"Pobreza infantil en Barcelona: causas y consecuencias\" \/>\n<meta property=\"og:description\" content=\"La pobreza infantil en Barcelona: el 40,6 % de los menores est\u00e1n en riesgo de pobreza, frente al 26,9 % de la poblaci\u00f3n general.\" \/>\n<meta property=\"og:url\" content=\"https:\/\/conversesacatalunya.cat\/es\/la-bomba-de-relojeria-migratoria-que-nadie-quiere-desactivar\/\" \/>\n<meta property=\"og:site_name\" content=\"Converses a Catalunya\" \/>\n<meta property=\"article:published_time\" content=\"2025-07-21T08:52:26+00:00\" \/>\n<meta property=\"article:modified_time\" content=\"2025-07-21T10:30:19+00:00\" \/>\n<meta property=\"og:image\" content=\"https:\/\/conversesacatalunya.cat\/wp-content\/uploads\/2025\/07\/Captura-9.jpg\" \/>\n\t<meta property=\"og:image:width\" content=\"536\" \/>\n\t<meta property=\"og:image:height\" content=\"518\" \/>\n\t<meta property=\"og:image:type\" content=\"image\/jpeg\" \/>\n<meta name=\"author\" content=\"Emili Clos\" \/>\n<meta name=\"twitter:card\" content=\"summary_large_image\" \/>\n<meta name=\"twitter:label1\" content=\"Escrito por\" \/>\n\t<meta name=\"twitter:data1\" content=\"Emili Clos\" \/>\n\t<meta name=\"twitter:label2\" content=\"Tiempo de lectura\" \/>\n\t<meta name=\"twitter:data2\" content=\"7 minutos\" \/>\n<script type=\"application\/ld+json\" class=\"yoast-schema-graph\">{\"@context\":\"https:\/\/schema.org\",\"@graph\":[{\"@type\":\"Article\",\"@id\":\"https:\/\/conversesacatalunya.cat\/es\/la-bomba-de-relojeria-migratoria-que-nadie-quiere-desactivar\/#article\",\"isPartOf\":{\"@id\":\"https:\/\/conversesacatalunya.cat\/es\/la-bomba-de-relojeria-migratoria-que-nadie-quiere-desactivar\/\"},\"author\":{\"name\":\"Emili Clos\",\"@id\":\"https:\/\/conversesacatalunya.cat\/#\/schema\/person\/46306de4129bccb959ed5e1720c4e3e7\"},\"headline\":\"La bomba de relojer\u00eda migratoria que nadie quiere desactivar\",\"datePublished\":\"2025-07-21T08:52:26+00:00\",\"dateModified\":\"2025-07-21T10:30:19+00:00\",\"mainEntityOfPage\":{\"@id\":\"https:\/\/conversesacatalunya.cat\/es\/la-bomba-de-relojeria-migratoria-que-nadie-quiere-desactivar\/\"},\"wordCount\":1503,\"commentCount\":0,\"image\":{\"@id\":\"https:\/\/conversesacatalunya.cat\/es\/la-bomba-de-relojeria-migratoria-que-nadie-quiere-desactivar\/#primaryimage\"},\"thumbnailUrl\":\"https:\/\/conversesacatalunya.cat\/wp-content\/uploads\/2025\/07\/Captura-9.jpg\",\"keywords\":[\"inmigraci\u00f3n\",\"vivienda\"],\"articleSection\":[\"Punts clau del dia (ES)\"],\"inLanguage\":\"es\",\"potentialAction\":[{\"@type\":\"CommentAction\",\"name\":\"Comment\",\"target\":[\"https:\/\/conversesacatalunya.cat\/es\/la-bomba-de-relojeria-migratoria-que-nadie-quiere-desactivar\/#respond\"]}]},{\"@type\":\"WebPage\",\"@id\":\"https:\/\/conversesacatalunya.cat\/es\/la-bomba-de-relojeria-migratoria-que-nadie-quiere-desactivar\/\",\"url\":\"https:\/\/conversesacatalunya.cat\/es\/la-bomba-de-relojeria-migratoria-que-nadie-quiere-desactivar\/\",\"name\":\"Pobreza infantil en Barcelona: causas y consecuencias\",\"isPartOf\":{\"@id\":\"https:\/\/conversesacatalunya.cat\/#website\"},\"primaryImageOfPage\":{\"@id\":\"https:\/\/conversesacatalunya.cat\/es\/la-bomba-de-relojeria-migratoria-que-nadie-quiere-desactivar\/#primaryimage\"},\"image\":{\"@id\":\"https:\/\/conversesacatalunya.cat\/es\/la-bomba-de-relojeria-migratoria-que-nadie-quiere-desactivar\/#primaryimage\"},\"thumbnailUrl\":\"https:\/\/conversesacatalunya.cat\/wp-content\/uploads\/2025\/07\/Captura-9.jpg\",\"datePublished\":\"2025-07-21T08:52:26+00:00\",\"dateModified\":\"2025-07-21T10:30:19+00:00\",\"author\":{\"@id\":\"https:\/\/conversesacatalunya.cat\/#\/schema\/person\/46306de4129bccb959ed5e1720c4e3e7\"},\"description\":\"La pobreza infantil en Barcelona: el 40,6 % de los menores est\u00e1n en riesgo de pobreza, frente al 26,9 % de la poblaci\u00f3n general.\",\"breadcrumb\":{\"@id\":\"https:\/\/conversesacatalunya.cat\/es\/la-bomba-de-relojeria-migratoria-que-nadie-quiere-desactivar\/#breadcrumb\"},\"inLanguage\":\"es\",\"potentialAction\":[{\"@type\":\"ReadAction\",\"target\":[\"https:\/\/conversesacatalunya.cat\/es\/la-bomba-de-relojeria-migratoria-que-nadie-quiere-desactivar\/\"]}]},{\"@type\":\"ImageObject\",\"inLanguage\":\"es\",\"@id\":\"https:\/\/conversesacatalunya.cat\/es\/la-bomba-de-relojeria-migratoria-que-nadie-quiere-desactivar\/#primaryimage\",\"url\":\"https:\/\/conversesacatalunya.cat\/wp-content\/uploads\/2025\/07\/Captura-9.jpg\",\"contentUrl\":\"https:\/\/conversesacatalunya.cat\/wp-content\/uploads\/2025\/07\/Captura-9.jpg\",\"width\":536,\"height\":518,\"caption\":\"Pobreza infantil en Barcelona\"},{\"@type\":\"BreadcrumbList\",\"@id\":\"https:\/\/conversesacatalunya.cat\/es\/la-bomba-de-relojeria-migratoria-que-nadie-quiere-desactivar\/#breadcrumb\",\"itemListElement\":[{\"@type\":\"ListItem\",\"position\":1,\"name\":\"Inici\",\"item\":\"https:\/\/conversesacatalunya.cat\/es\/\"},{\"@type\":\"ListItem\",\"position\":2,\"name\":\"La bomba de relojer\u00eda migratoria que nadie quiere desactivar\"}]},{\"@type\":\"WebSite\",\"@id\":\"https:\/\/conversesacatalunya.cat\/#website\",\"url\":\"https:\/\/conversesacatalunya.cat\/\",\"name\":\"Converses a Catalunya\",\"description\":\"\",\"potentialAction\":[{\"@type\":\"SearchAction\",\"target\":{\"@type\":\"EntryPoint\",\"urlTemplate\":\"https:\/\/conversesacatalunya.cat\/?s={search_term_string}\"},\"query-input\":{\"@type\":\"PropertyValueSpecification\",\"valueRequired\":true,\"valueName\":\"search_term_string\"}}],\"inLanguage\":\"es\"},{\"@type\":\"Person\",\"@id\":\"https:\/\/conversesacatalunya.cat\/#\/schema\/person\/46306de4129bccb959ed5e1720c4e3e7\",\"name\":\"Emili Clos\",\"image\":{\"@type\":\"ImageObject\",\"inLanguage\":\"es\",\"@id\":\"https:\/\/conversesacatalunya.cat\/#\/schema\/person\/image\/\",\"url\":\"https:\/\/conversesacatalunya.cat\/wp-content\/litespeed\/avatar\/a9a662bd802eed79498de818aef91cc9.jpg?ver=1777096184\",\"contentUrl\":\"https:\/\/conversesacatalunya.cat\/wp-content\/litespeed\/avatar\/a9a662bd802eed79498de818aef91cc9.jpg?ver=1777096184\",\"caption\":\"Emili Clos\"},\"url\":\"https:\/\/conversesacatalunya.cat\/es\/author\/emili_clos\/\"}]}<\/script>\n<!-- \/ Yoast SEO plugin. -->","yoast_head_json":{"title":"Pobreza infantil en Barcelona: causas y consecuencias","description":"La pobreza infantil en Barcelona: el 40,6 % de los menores est\u00e1n en riesgo de pobreza, frente al 26,9 % de la poblaci\u00f3n general.","robots":{"index":"index","follow":"follow","max-snippet":"max-snippet:-1","max-image-preview":"max-image-preview:large","max-video-preview":"max-video-preview:-1"},"canonical":"https:\/\/conversesacatalunya.cat\/es\/la-bomba-de-relojeria-migratoria-que-nadie-quiere-desactivar\/","og_locale":"es_ES","og_type":"article","og_title":"Pobreza infantil en Barcelona: causas y consecuencias","og_description":"La pobreza infantil en Barcelona: el 40,6 % de los menores est\u00e1n en riesgo de pobreza, frente al 26,9 % de la poblaci\u00f3n general.","og_url":"https:\/\/conversesacatalunya.cat\/es\/la-bomba-de-relojeria-migratoria-que-nadie-quiere-desactivar\/","og_site_name":"Converses a Catalunya","article_published_time":"2025-07-21T08:52:26+00:00","article_modified_time":"2025-07-21T10:30:19+00:00","og_image":[{"width":536,"height":518,"url":"https:\/\/conversesacatalunya.cat\/wp-content\/uploads\/2025\/07\/Captura-9.jpg","type":"image\/jpeg"}],"author":"Emili Clos","twitter_card":"summary_large_image","twitter_misc":{"Escrito por":"Emili Clos","Tiempo de lectura":"7 minutos"},"schema":{"@context":"https:\/\/schema.org","@graph":[{"@type":"Article","@id":"https:\/\/conversesacatalunya.cat\/es\/la-bomba-de-relojeria-migratoria-que-nadie-quiere-desactivar\/#article","isPartOf":{"@id":"https:\/\/conversesacatalunya.cat\/es\/la-bomba-de-relojeria-migratoria-que-nadie-quiere-desactivar\/"},"author":{"name":"Emili Clos","@id":"https:\/\/conversesacatalunya.cat\/#\/schema\/person\/46306de4129bccb959ed5e1720c4e3e7"},"headline":"La bomba de relojer\u00eda migratoria que nadie quiere desactivar","datePublished":"2025-07-21T08:52:26+00:00","dateModified":"2025-07-21T10:30:19+00:00","mainEntityOfPage":{"@id":"https:\/\/conversesacatalunya.cat\/es\/la-bomba-de-relojeria-migratoria-que-nadie-quiere-desactivar\/"},"wordCount":1503,"commentCount":0,"image":{"@id":"https:\/\/conversesacatalunya.cat\/es\/la-bomba-de-relojeria-migratoria-que-nadie-quiere-desactivar\/#primaryimage"},"thumbnailUrl":"https:\/\/conversesacatalunya.cat\/wp-content\/uploads\/2025\/07\/Captura-9.jpg","keywords":["inmigraci\u00f3n","vivienda"],"articleSection":["Punts clau del dia (ES)"],"inLanguage":"es","potentialAction":[{"@type":"CommentAction","name":"Comment","target":["https:\/\/conversesacatalunya.cat\/es\/la-bomba-de-relojeria-migratoria-que-nadie-quiere-desactivar\/#respond"]}]},{"@type":"WebPage","@id":"https:\/\/conversesacatalunya.cat\/es\/la-bomba-de-relojeria-migratoria-que-nadie-quiere-desactivar\/","url":"https:\/\/conversesacatalunya.cat\/es\/la-bomba-de-relojeria-migratoria-que-nadie-quiere-desactivar\/","name":"Pobreza infantil en Barcelona: causas y consecuencias","isPartOf":{"@id":"https:\/\/conversesacatalunya.cat\/#website"},"primaryImageOfPage":{"@id":"https:\/\/conversesacatalunya.cat\/es\/la-bomba-de-relojeria-migratoria-que-nadie-quiere-desactivar\/#primaryimage"},"image":{"@id":"https:\/\/conversesacatalunya.cat\/es\/la-bomba-de-relojeria-migratoria-que-nadie-quiere-desactivar\/#primaryimage"},"thumbnailUrl":"https:\/\/conversesacatalunya.cat\/wp-content\/uploads\/2025\/07\/Captura-9.jpg","datePublished":"2025-07-21T08:52:26+00:00","dateModified":"2025-07-21T10:30:19+00:00","author":{"@id":"https:\/\/conversesacatalunya.cat\/#\/schema\/person\/46306de4129bccb959ed5e1720c4e3e7"},"description":"La pobreza infantil en Barcelona: el 40,6 % de los menores est\u00e1n en riesgo de pobreza, frente al 26,9 % de la poblaci\u00f3n general.","breadcrumb":{"@id":"https:\/\/conversesacatalunya.cat\/es\/la-bomba-de-relojeria-migratoria-que-nadie-quiere-desactivar\/#breadcrumb"},"inLanguage":"es","potentialAction":[{"@type":"ReadAction","target":["https:\/\/conversesacatalunya.cat\/es\/la-bomba-de-relojeria-migratoria-que-nadie-quiere-desactivar\/"]}]},{"@type":"ImageObject","inLanguage":"es","@id":"https:\/\/conversesacatalunya.cat\/es\/la-bomba-de-relojeria-migratoria-que-nadie-quiere-desactivar\/#primaryimage","url":"https:\/\/conversesacatalunya.cat\/wp-content\/uploads\/2025\/07\/Captura-9.jpg","contentUrl":"https:\/\/conversesacatalunya.cat\/wp-content\/uploads\/2025\/07\/Captura-9.jpg","width":536,"height":518,"caption":"Pobreza infantil en Barcelona"},{"@type":"BreadcrumbList","@id":"https:\/\/conversesacatalunya.cat\/es\/la-bomba-de-relojeria-migratoria-que-nadie-quiere-desactivar\/#breadcrumb","itemListElement":[{"@type":"ListItem","position":1,"name":"Inici","item":"https:\/\/conversesacatalunya.cat\/es\/"},{"@type":"ListItem","position":2,"name":"La bomba de relojer\u00eda migratoria que nadie quiere desactivar"}]},{"@type":"WebSite","@id":"https:\/\/conversesacatalunya.cat\/#website","url":"https:\/\/conversesacatalunya.cat\/","name":"Converses a Catalunya","description":"","potentialAction":[{"@type":"SearchAction","target":{"@type":"EntryPoint","urlTemplate":"https:\/\/conversesacatalunya.cat\/?s={search_term_string}"},"query-input":{"@type":"PropertyValueSpecification","valueRequired":true,"valueName":"search_term_string"}}],"inLanguage":"es"},{"@type":"Person","@id":"https:\/\/conversesacatalunya.cat\/#\/schema\/person\/46306de4129bccb959ed5e1720c4e3e7","name":"Emili Clos","image":{"@type":"ImageObject","inLanguage":"es","@id":"https:\/\/conversesacatalunya.cat\/#\/schema\/person\/image\/","url":"https:\/\/conversesacatalunya.cat\/wp-content\/litespeed\/avatar\/a9a662bd802eed79498de818aef91cc9.jpg?ver=1777096184","contentUrl":"https:\/\/conversesacatalunya.cat\/wp-content\/litespeed\/avatar\/a9a662bd802eed79498de818aef91cc9.jpg?ver=1777096184","caption":"Emili Clos"},"url":"https:\/\/conversesacatalunya.cat\/es\/author\/emili_clos\/"}]}},"wps_subtitle":"Personas en situaci\u00f3n irregular atrapadas en un c\u00edrculo kafkiano: no pueden trabajar porque no tienen permiso de residencia, y no pueden regularizar su situaci\u00f3n porque no tienen trabajo.","_links":{"self":[{"href":"https:\/\/conversesacatalunya.cat\/es\/wp-json\/wp\/v2\/posts\/90586","targetHints":{"allow":["GET"]}}],"collection":[{"href":"https:\/\/conversesacatalunya.cat\/es\/wp-json\/wp\/v2\/posts"}],"about":[{"href":"https:\/\/conversesacatalunya.cat\/es\/wp-json\/wp\/v2\/types\/post"}],"author":[{"embeddable":true,"href":"https:\/\/conversesacatalunya.cat\/es\/wp-json\/wp\/v2\/users\/81"}],"replies":[{"embeddable":true,"href":"https:\/\/conversesacatalunya.cat\/es\/wp-json\/wp\/v2\/comments?post=90586"}],"version-history":[{"count":8,"href":"https:\/\/conversesacatalunya.cat\/es\/wp-json\/wp\/v2\/posts\/90586\/revisions"}],"predecessor-version":[{"id":90629,"href":"https:\/\/conversesacatalunya.cat\/es\/wp-json\/wp\/v2\/posts\/90586\/revisions\/90629"}],"wp:featuredmedia":[{"embeddable":true,"href":"https:\/\/conversesacatalunya.cat\/es\/wp-json\/wp\/v2\/media\/90591"}],"wp:attachment":[{"href":"https:\/\/conversesacatalunya.cat\/es\/wp-json\/wp\/v2\/media?parent=90586"}],"wp:term":[{"taxonomy":"category","embeddable":true,"href":"https:\/\/conversesacatalunya.cat\/es\/wp-json\/wp\/v2\/categories?post=90586"},{"taxonomy":"post_tag","embeddable":true,"href":"https:\/\/conversesacatalunya.cat\/es\/wp-json\/wp\/v2\/tags?post=90586"}],"curies":[{"name":"wp","href":"https:\/\/api.w.org\/{rel}","templated":true}]}}