{"id":90565,"date":"2025-07-21T09:42:13","date_gmt":"2025-07-21T07:42:13","guid":{"rendered":"https:\/\/conversesacatalunya.cat\/?p=90565"},"modified":"2025-07-21T12:31:35","modified_gmt":"2025-07-21T10:31:35","slug":"politica-migratoria-de-trump","status":"publish","type":"post","link":"https:\/\/conversesacatalunya.cat\/es\/politica-migratoria-de-trump\/","title":{"rendered":"Pol\u00edtica migratoria de Trump"},"content":{"rendered":"<p><span>En Europa resulta pr\u00e1cticamente imposible encontrar ejemplos de pol\u00edticas a seguir por quienes defienden una reducci\u00f3n dr\u00e1stica de la\u00a0<\/span><strong><span>inmigraci\u00f3n masiva y de baja calificaci\u00f3n.<\/span><\/strong><\/p>\n<p><span>La idea de que esta inmigraci\u00f3n es en el mejor de los casos una bendici\u00f3n para los pa\u00edses de acogida, y en el peor un mal necesario para que la econom\u00eda no se detenga est\u00e1 tan extendida que forma parte de lo que los anglosajones<a href=\"https:\/\/www.merriam-webster.com\/dictionary\/conventional%20wisdom\" target=\"_blank\" rel=\"noopener\">\u00a0<\/a><\/span><span>llaman<\/span><span>\u00a0\u201csabidur\u00eda convencional\u201d.<\/span><\/p>\n<p><span>Cualquiera que se oponga no s\u00f3lo es un execrable xen\u00f3fobo, sino tambi\u00e9n un ignorante econ\u00f3mico.<\/span><\/p>\n<p><span>En este contexto resulta interesante el\u00a0<\/span><a href=\"https:\/\/www.ft.com\/content\/f9b96df3-0a1c-4941-85a5-3b0dfe2e6ad9\" target=\"_blank\" rel=\"noopener\"><span>an\u00e1lisis<\/span><\/a><span>\u00a0que\u00a0<\/span><strong><span>Oren Cass<\/span><\/strong><span>,\u00a0columnista del\u00a0<\/span><em><span>Financial Times<\/span><\/em><span>\u00a0y director del\u00a0<\/span><span>think\u00a0<\/span><em><span>tank\u00a0<\/span><\/em><span>estadounidense\u00a0<\/span><em><span>American Compass<\/span><\/em><span>,\u00a0ha entregado recientemente sobre los primeros meses de pol\u00edtica migratoria de Donald Trump.<\/span><\/p>\n<p><span>Cass parte del verdadero argumento que ha favorecido la inmigraci\u00f3n masiva en Occidente en las \u00faltimas d\u00e9cadas. No se trata de razones humanitarias ni de un ideal multicultural,\u00a0<\/span><strong><span>sino de los intereses de una parte del gran capital<\/span><\/strong><span>.<\/span><\/p>\n<p><span><span class=\"\">Como Cass afirma: \u201cdurante d\u00e9cadas, la pol\u00edtica econ\u00f3mica norteamericana ha\u00a0<\/span><\/span><strong><span><span class=\"\">priorizado el influjo constante de recursos humanos baratos<\/span><\/span><\/strong><span><span class=\"\">\u00a0-tanto legales como ilegales- que ha beneficiado a las empresas deseosas de pagar los salarios m\u00e1s bajos posibles\u201d.<\/span><\/span><\/p>\n<p><span>Y prosigue: \u201cesta estrategia ha permitido beneficios empresariales abundantes y bienes y servicios baratos, pero ha\u00a0<\/span><strong><span>socavado las oportunidades para los trabajadores estadounidenses, desalentando la inversi\u00f3n e imponiendo costes enormes a las comunidades\u201d<\/span><\/strong><span>.<\/span><\/p>\n<p><strong><span><span class=\"VIpgJd-yAWNEb-VIpgJd-fmcmS-sn54Q\">Todo ello es reforzado por un discurso progresista de sobra conocido<\/span><\/span><\/strong><span><span class=\"VIpgJd-yAWNEb-VIpgJd-fmcmS-sn54Q\">,\u00a0mezclado con argumentos de car\u00e1cter pr\u00e1ctico como por ejemplo que independientemente de las medidas coercitivas que se tomaran, los inmigrantes seguir\u00edan viniendo mientras los \u201cproblemas de fondo\u201d de sus pa\u00edses de origen no se solucionaran; y que si alguna vez el flujo migratorio se detuviera, no quedar\u00eda personal para limpiar habitaciones de hotel ni para recolectar cosechas.<\/span><\/span><\/p>\n<p><span><span class=\"VIpgJd-yAWNEb-VIpgJd-fmcmS-sn54Q\">La acci\u00f3n de Trump durante los primeros d\u00edas ha combatido este discurso y demostrado que\u00a0<\/span><\/span><strong><span><span class=\"VIpgJd-yAWNEb-VIpgJd-fmcmS-sn54Q\">es posible restablecer el orden en las fronteras<\/span><\/span><\/strong><span><span class=\"VIpgJd-yAWNEb-VIpgJd-fmcmS-sn54Q\">.<\/span><\/span><\/p>\n<p><span><span class=\"VIpgJd-yAWNEb-VIpgJd-fmcmS-sn54Q\">En mayo, por ejemplo, la autoridad estadounidense de aduanas y fronteras anunci\u00f3 que no hab\u00eda habido ning\u00fan extranjero clandestino que hubiera sido expulsado desde dentro del territorio estadounidense, comparado con 62.000 del mismo mes del a\u00f1o anterior. En tan solo cuatro meses, la administraci\u00f3n Trump ha\u00a0<\/span><\/span><a href=\"https:\/\/www.cbp.gov\/newsroom\/national-media-release\/cbp-releases-may-2025-monthly-update\" target=\"_blank\" rel=\"noopener\"><span><span class=\"VIpgJd-yAWNEb-VIpgJd-fmcmS-sn54Q\">lo<\/span><\/span><span><span class=\"VIpgJd-yAWNEb-VIpgJd-fmcmS-sn54Q\">g<\/span><\/span><span><span class=\"VIpgJd-yAWNEb-VIpgJd-fmcmS-sn54Q\">rado<\/span><\/span><\/a><span><span class=\"VIpgJd-yAWNEb-VIpgJd-fmcmS-sn54Q\">\u00a0reducir en un 93% las entradas ilegales en la zona suroeste, seg\u00fan fuentes oficiales.\u00a0<\/span><\/span><strong><span><span class=\"VIpgJd-yAWNEb-VIpgJd-fmcmS-sn54Q\">Un primer mito cae: que los \u00abmuros\u00bb no pueden contener la inmigraci\u00f3n irregular.<\/span><\/span><\/strong><\/p>\n<p><span><span class=\"VIpgJd-yAWNEb-VIpgJd-fmcmS-sn54Q\">Un segundo mito: que no es posible expulsar a los inmigrantes que han entrado de forma ilegal en un pa\u00eds occidental: datos independientes\u00a0<\/span><\/span><a href=\"https:\/\/cis.org\/Report\/Illegal-Population-Down-January\" target=\"_blank\" rel=\"noopener\"><span><span class=\"VIpgJd-yAWNEb-VIpgJd-fmcmS-sn54Q\">estiman<\/span><\/span><\/a><span><span class=\"VIpgJd-yAWNEb-VIpgJd-fmcmS-sn54Q\">\u00a0que la administraci\u00f3n Trump ha expulsado a m\u00e1s de un mill\u00f3n en menos de medio a\u00f1o. Eso s\u00ed,\u00a0<\/span><\/span><strong><span><span class=\"VIpgJd-yAWNEb-VIpgJd-fmcmS-sn54Q\">en Estados Unidos el Tribunal Supremo ha frenado en seco el intrincado sistema judicial<\/span><\/span><\/strong><span><span class=\"VIpgJd-yAWNEb-VIpgJd-fmcmS-sn54Q\">\u00a0que en Europa bloquea sistem\u00e1ticamente este tipo de iniciativas.<\/span><\/span><\/p>\n<p><span>Un tercer mito es que los inmigrantes clandestinos vienen para realizar trabajos que los nativos o inmigrantes regulares no aceptar\u00edan. Pues bien, seg\u00fan datos oficiales estadounidenses,\u00a0<\/span><strong><span>entre enero y junio el nivel de empleo de los trabajadores nativos ha aumentado en m\u00e1s de dos millones<\/span><\/strong><span>,\u00a0mientras que el de los trabajadores extranjeros ha descendido en m\u00e1s de medio mill\u00f3n.<\/span><\/p>\n<p><span>Se trata del primer semestre en el que se invierte una tendencia de los \u00faltimos cinco a\u00f1os (equiparable a efectos pr\u00e1cticos en la presidencia de Joe Biden), durante los cuales los trabajadores extranjeros se hab\u00edan beneficiado de cerca del 90% de los nuevos puestos de trabajo. <a href=\"https:\/\/conversesacatalunya.cat\/es\/la-inmigracion-en-serio-y-ii-las-proximas-elecciones\/\" target=\"_blank\" rel=\"noopener\">\u00bfLes\u00a0suena?<\/a><\/span><\/p>\n<p><span><span class=\"VIpgJd-yAWNEb-VIpgJd-fmcmS-sn54Q\">La clave del \u00e9xito inicial de Trump ha sido la misma que lo hace\u00a0<\/span><\/span><a href=\"https:\/\/conversesacatalunya.cat\/es\/lecciones-gobierno-trump-ley-fiscal\/\" target=\"_blank\" rel=\"noopener\"><span><span class=\"VIpgJd-yAWNEb-VIpgJd-fmcmS-sn54Q\">triunfar<\/span><\/span><\/a><span><span class=\"VIpgJd-yAWNEb-VIpgJd-fmcmS-sn54Q\">\u00a0en el escenario internacional:\u00a0<\/span><\/span><strong><span><span class=\"VIpgJd-yAWNEb-VIpgJd-fmcmS-sn54Q\">dejar claro cu\u00e1les son sus intenciones, y sobre todo, aplicar las amenazas<\/span><\/span><\/strong><span><span class=\"VIpgJd-yAWNEb-VIpgJd-fmcmS-sn54Q\">. En el caso de la inmigraci\u00f3n, se trataba de que los inmigrantes clandestinos entendieran que no les quedaba otra opci\u00f3n que marcharse, y a las empresas, invertir en una fuerza de trabajo m\u00e1s reducida, productiva y mejor pagada.<\/span><\/span><\/p>\n<p><span><span class=\"VIpgJd-yAWNEb-VIpgJd-fmcmS-sn54Q\">A largo plazo,\u00a0<\/span><\/span><strong><span><span class=\"VIpgJd-yAWNEb-VIpgJd-fmcmS-sn54Q\">la administraci\u00f3n Trump debe articular su programa migratorio en un cuerpo legislativo<\/span><\/span><\/strong><span><span class=\"VIpgJd-yAWNEb-VIpgJd-fmcmS-sn54Q\">\u00a0que deje claro a las empresas que no tolerar\u00e1 esconder la contrataci\u00f3n de inmigrantes en situaci\u00f3n irregular, mientras que se ofrecen incentivos a quienes ya est\u00e1n en Estados Unidos a declarar su situaci\u00f3n, ya sea para regularizarla, bien para organizar una salida ordenada del pa\u00eds.<\/span><\/span><\/p>\n<span class='bctt-click-to-tweet'><span class='bctt-ctt-text'><a href='https:\/\/twitter.com\/intent\/tweet?url=https%3A%2F%2Fconversesacatalunya.cat%2Fes%2Fpolitica-migratoria-de-trump%2F&#038;text=La%20idea%20de%20que%20esta%20inmigraci%C3%B3n%20es%20en%20el%20mejor%20de%20los%20casos%20una%20bendici%C3%B3n%20para%20los%20pa%C3%ADses%20de%20acogida%2C%20y%20en%20el%20peor%20un%20mal%20necesario%20para%20que%20la%20econom%C3%ADa%20no%20se%20detenga%20est%C3%A1%20tan%20extendida%20que%20forma%20parte%20de%20lo%20que%20los%20anglosajones%E2%80%A6&#038;via=conversesacat&#038;related=conversesacat' target='_blank'rel=\"noopener noreferrer\">La idea de que esta inmigraci\u00f3n es en el mejor de los casos una bendici\u00f3n para los pa\u00edses de acogida, y en el peor un mal necesario para que la econom\u00eda no se detenga est\u00e1 tan extendida que forma parte de lo que los anglosajones\u2026 <\/a><\/span><a href='https:\/\/twitter.com\/intent\/tweet?url=https%3A%2F%2Fconversesacatalunya.cat%2Fes%2Fpolitica-migratoria-de-trump%2F&#038;text=La%20idea%20de%20que%20esta%20inmigraci%C3%B3n%20es%20en%20el%20mejor%20de%20los%20casos%20una%20bendici%C3%B3n%20para%20los%20pa%C3%ADses%20de%20acogida%2C%20y%20en%20el%20peor%20un%20mal%20necesario%20para%20que%20la%20econom%C3%ADa%20no%20se%20detenga%20est%C3%A1%20tan%20extendida%20que%20forma%20parte%20de%20lo%20que%20los%20anglosajones%E2%80%A6&#038;via=conversesacat&#038;related=conversesacat' target='_blank' class='bctt-ctt-btn'rel=\"noopener noreferrer\">Compartir en X<\/a><\/span>\n<div id=\"polls-292\" class=\"wp-polls\">\n\t<form id=\"polls_form_292\" class=\"wp-polls-form\" action=\"\/index.php\" method=\"post\">\n\t\t<p style=\"display: none;\"><input type=\"hidden\" id=\"poll_292_nonce\" name=\"wp-polls-nonce\" value=\"c8eeb3150b\" \/><\/p>\n\t\t<p style=\"display: none;\"><input type=\"hidden\" name=\"poll_id\" value=\"292\" \/><\/p>\n\t\t<p style=\"text-align: center\"><strong>Donada la volguda ambig\u00fcitat del pacte sobre finan\u00e7ament singular de Catalunya, creus que a l'hora de la veritat aportar\u00e0 avantatges significatius?<\/strong><\/p><div id=\"polls-292-ans\" class=\"wp-polls-ans\"><ul class=\"wp-polls-ul\">\n\t\t<li><input type=\"radio\" id=\"poll-answer-833\" name=\"poll_292\" value=\"833\" \/> <label for=\"poll-answer-833\">S\u00ed<\/label><\/li>\n\t\t<li><input type=\"radio\" id=\"poll-answer-834\" name=\"poll_292\" value=\"834\" \/> <label for=\"poll-answer-834\">No<\/label><\/li>\n\t\t<li><input type=\"radio\" id=\"poll-answer-835\" name=\"poll_292\" value=\"835\" \/> <label for=\"poll-answer-835\">No ho s\u00e9<\/label><\/li>\n\t\t<\/ul><p style=\"text-align: center\"><input type=\"button\" name=\"vote\" value=\"   Vota   \" class=\"Buttons\" onclick=\"poll_vote(292);\" \/><\/p><p style=\"text-align: center\"><a href=\"#ViewPollResults\" onclick=\"poll_result(292); return false;\" title=\"View Results Of This Poll\">Mira els resultats<\/a><\/p><\/div>\n\t<\/form>\n<\/div>\n<div id=\"polls-292-loading\" class=\"wp-polls-loading\"><img decoding=\"async\" data-src=\"https:\/\/conversesacatalunya.cat\/wp-content\/plugins\/wp-polls\/images\/loading.gif\" width=\"16\" height=\"16\" alt=\"Cargando ...\" title=\"Cargando ...\" class=\"wp-polls-image lazyload\" src=\"data:image\/svg+xml;base64,PHN2ZyB3aWR0aD0iMSIgaGVpZ2h0PSIxIiB4bWxucz0iaHR0cDovL3d3dy53My5vcmcvMjAwMC9zdmciPjwvc3ZnPg==\" style=\"--smush-placeholder-width: 16px; --smush-placeholder-aspect-ratio: 16\/16;\" \/>&nbsp;Cargando ...<\/div>\n\n<p>&nbsp;<\/p>\n","protected":false},"excerpt":{"rendered":"<p>En Europa resulta pr\u00e1cticamente imposible encontrar ejemplos de pol\u00edticas a seguir por quienes defienden una reducci\u00f3n dr\u00e1stica de la\u00a0inmigraci\u00f3n masiva y de baja calificaci\u00f3n. La idea de que esta inmigraci\u00f3n es en el mejor de los casos una bendici\u00f3n para los pa\u00edses de acogida, y en el peor un mal necesario para que la econom\u00eda no se detenga est\u00e1 tan extendida que forma parte de lo que los anglosajones\u00a0llaman\u00a0\u201csabidur\u00eda convencional\u201d. Cualquiera que se oponga no s\u00f3lo es un execrable xen\u00f3fobo, sino tambi\u00e9n un ignorante econ\u00f3mico. En este contexto resulta interesante el\u00a0an\u00e1lisis\u00a0que\u00a0Oren Cass,\u00a0columnista del\u00a0Financial Times\u00a0y director del\u00a0think\u00a0tank\u00a0estadounidense\u00a0American Compass,\u00a0ha entregado recientemente sobre los primeros meses de pol\u00edtica migratoria de Donald Trump. Cass parte del verdadero argumento que ha favorecido la inmigraci\u00f3n masiva en Occidente en las \u00faltimas d\u00e9cadas. No se trata de razones humanitarias ni de un ideal multicultural,\u00a0sino de los intereses de una parte del gran capital. Como Cass afirma: \u201cdurante d\u00e9cadas, la pol\u00edtica econ\u00f3mica norteamericana ha\u00a0priorizado el influjo constante de recursos humanos baratos\u00a0-tanto legales como ilegales- que ha beneficiado a las empresas deseosas de pagar los salarios m\u00e1s bajos posibles\u201d. Y prosigue: \u201cesta estrategia ha permitido beneficios empresariales abundantes y bienes y servicios baratos, pero ha\u00a0socavado las oportunidades para los trabajadores estadounidenses, desalentando la inversi\u00f3n e imponiendo costes enormes a las comunidades\u201d. Todo ello es reforzado por un discurso progresista de sobra conocido,\u00a0mezclado con argumentos de car\u00e1cter pr\u00e1ctico como por ejemplo que independientemente de las medidas coercitivas que se tomaran, los inmigrantes seguir\u00edan viniendo mientras los \u201cproblemas de fondo\u201d de sus pa\u00edses de origen no se solucionaran; y que si alguna vez el flujo migratorio se detuviera, no quedar\u00eda personal para limpiar habitaciones de hotel ni para recolectar cosechas. La acci\u00f3n de Trump durante los primeros d\u00edas ha combatido este discurso y demostrado que\u00a0es posible restablecer el orden en las fronteras. En mayo, por ejemplo, la autoridad estadounidense de aduanas y fronteras anunci\u00f3 que no hab\u00eda habido ning\u00fan extranjero clandestino que hubiera sido expulsado desde dentro del territorio estadounidense, comparado con 62.000 del mismo mes del a\u00f1o anterior. En tan solo cuatro meses, la administraci\u00f3n Trump ha\u00a0logrado\u00a0reducir en un 93% las entradas ilegales en la zona suroeste, seg\u00fan fuentes oficiales.\u00a0Un primer mito cae: que los \u00abmuros\u00bb no pueden contener la inmigraci\u00f3n irregular. Un segundo mito: que no es posible expulsar a los inmigrantes que han entrado de forma ilegal en un pa\u00eds occidental: datos independientes\u00a0estiman\u00a0que la administraci\u00f3n Trump ha expulsado a m\u00e1s de un mill\u00f3n en menos de medio a\u00f1o. Eso s\u00ed,\u00a0en Estados Unidos el Tribunal Supremo ha frenado en seco el intrincado sistema judicial\u00a0que en Europa bloquea sistem\u00e1ticamente este tipo de iniciativas. Un tercer mito es que los inmigrantes clandestinos vienen para realizar trabajos que los nativos o inmigrantes regulares no aceptar\u00edan. Pues bien, seg\u00fan datos oficiales estadounidenses,\u00a0entre enero y junio el nivel de empleo de los trabajadores nativos ha aumentado en m\u00e1s de dos millones,\u00a0mientras que el de los trabajadores extranjeros ha descendido en m\u00e1s de medio mill\u00f3n. Se trata del primer semestre en el que se invierte una tendencia de los \u00faltimos cinco a\u00f1os (equiparable a efectos pr\u00e1cticos en la presidencia de Joe Biden), durante los cuales los trabajadores extranjeros se hab\u00edan beneficiado de cerca del 90% de los nuevos puestos de trabajo. \u00bfLes\u00a0suena? La clave del \u00e9xito inicial de Trump ha sido la misma que lo hace\u00a0triunfar\u00a0en el escenario internacional:\u00a0dejar claro cu\u00e1les son sus intenciones, y sobre todo, aplicar las amenazas. En el caso de la inmigraci\u00f3n, se trataba de que los inmigrantes clandestinos entendieran que no les quedaba otra opci\u00f3n que marcharse, y a las empresas, invertir en una fuerza de trabajo m\u00e1s reducida, productiva y mejor pagada. A largo plazo,\u00a0la administraci\u00f3n Trump debe articular su programa migratorio en un cuerpo legislativo\u00a0que deje claro a las empresas que no tolerar\u00e1 esconder la contrataci\u00f3n de inmigrantes en situaci\u00f3n irregular, mientras que se ofrecen incentivos a quienes ya est\u00e1n en Estados Unidos a declarar su situaci\u00f3n, ya sea para regularizarla, bien para organizar una salida ordenada del pa\u00eds. &nbsp;<\/p>\n","protected":false},"author":75,"featured_media":90358,"comment_status":"open","ping_status":"open","sticky":false,"template":"","format":"standard","meta":{"_FSMCFIC_featured_image_caption":"","_FSMCFIC_featured_image_nocaption":"","_FSMCFIC_featured_image_hide":"","footnotes":""},"categories":[806],"tags":[963,964,1677,1678],"class_list":["post-90565","post","type-post","status-publish","format-standard","has-post-thumbnail","hentry","category-punts-claus-del-dia-es","tag-donald-trump-es","tag-estats-units-es","tag-immigracio-es","tag-inmigracion"],"yoast_head":"<!-- This site is optimized with the Yoast SEO plugin v26.8 - https:\/\/yoast.com\/product\/yoast-seo-wordpress\/ -->\n<title>Pol\u00edtica migratoria de Trump - Converses a Catalunya<\/title>\n<meta name=\"description\" content=\"La pol\u00edtica migratoria de Trump ha combatido este discurso y demostrado que es posible restablecer el orden en las fronteras\" \/>\n<meta name=\"robots\" content=\"index, follow, max-snippet:-1, max-image-preview:large, max-video-preview:-1\" \/>\n<link rel=\"canonical\" href=\"https:\/\/conversesacatalunya.cat\/es\/politica-migratoria-de-trump\/\" \/>\n<meta property=\"og:locale\" content=\"es_ES\" \/>\n<meta property=\"og:type\" content=\"article\" \/>\n<meta property=\"og:title\" content=\"Pol\u00edtica migratoria de Trump - Converses a Catalunya\" \/>\n<meta property=\"og:description\" content=\"La pol\u00edtica migratoria de Trump ha combatido este discurso y demostrado que es posible restablecer el orden en las fronteras\" \/>\n<meta property=\"og:url\" content=\"https:\/\/conversesacatalunya.cat\/es\/politica-migratoria-de-trump\/\" \/>\n<meta property=\"og:site_name\" content=\"Converses a Catalunya\" \/>\n<meta property=\"article:published_time\" content=\"2025-07-21T07:42:13+00:00\" \/>\n<meta property=\"article:modified_time\" content=\"2025-07-21T10:31:35+00:00\" \/>\n<meta property=\"og:image\" content=\"https:\/\/conversesacatalunya.cat\/wp-content\/uploads\/2025\/07\/USCBP-91.jpg\" \/>\n\t<meta property=\"og:image:width\" content=\"810\" \/>\n\t<meta property=\"og:image:height\" content=\"540\" \/>\n\t<meta property=\"og:image:type\" content=\"image\/jpeg\" \/>\n<meta name=\"author\" content=\"Carles L\u00f3pez\" \/>\n<meta name=\"twitter:card\" content=\"summary_large_image\" \/>\n<meta name=\"twitter:label1\" content=\"Escrito por\" \/>\n\t<meta name=\"twitter:data1\" content=\"Carles L\u00f3pez\" \/>\n\t<meta name=\"twitter:label2\" content=\"Tiempo de lectura\" \/>\n\t<meta name=\"twitter:data2\" content=\"4 minutos\" \/>\n<script type=\"application\/ld+json\" class=\"yoast-schema-graph\">{\"@context\":\"https:\/\/schema.org\",\"@graph\":[{\"@type\":\"Article\",\"@id\":\"https:\/\/conversesacatalunya.cat\/es\/politica-migratoria-de-trump\/#article\",\"isPartOf\":{\"@id\":\"https:\/\/conversesacatalunya.cat\/es\/politica-migratoria-de-trump\/\"},\"author\":{\"name\":\"Carles L\u00f3pez\",\"@id\":\"https:\/\/conversesacatalunya.cat\/#\/schema\/person\/3ce2ab16c0a3803086d80722c7cad56a\"},\"headline\":\"Pol\u00edtica migratoria de Trump\",\"datePublished\":\"2025-07-21T07:42:13+00:00\",\"dateModified\":\"2025-07-21T10:31:35+00:00\",\"mainEntityOfPage\":{\"@id\":\"https:\/\/conversesacatalunya.cat\/es\/politica-migratoria-de-trump\/\"},\"wordCount\":821,\"commentCount\":0,\"image\":{\"@id\":\"https:\/\/conversesacatalunya.cat\/es\/politica-migratoria-de-trump\/#primaryimage\"},\"thumbnailUrl\":\"https:\/\/conversesacatalunya.cat\/wp-content\/uploads\/2025\/07\/USCBP-91.jpg\",\"keywords\":[\"Donald Trump\",\"Estats Units\",\"Immigraci\u00f3\",\"inmigraci\u00f3n\"],\"articleSection\":[\"Punts clau del dia (ES)\"],\"inLanguage\":\"es\",\"potentialAction\":[{\"@type\":\"CommentAction\",\"name\":\"Comment\",\"target\":[\"https:\/\/conversesacatalunya.cat\/es\/politica-migratoria-de-trump\/#respond\"]}]},{\"@type\":\"WebPage\",\"@id\":\"https:\/\/conversesacatalunya.cat\/es\/politica-migratoria-de-trump\/\",\"url\":\"https:\/\/conversesacatalunya.cat\/es\/politica-migratoria-de-trump\/\",\"name\":\"Pol\u00edtica migratoria de Trump - Converses a Catalunya\",\"isPartOf\":{\"@id\":\"https:\/\/conversesacatalunya.cat\/#website\"},\"primaryImageOfPage\":{\"@id\":\"https:\/\/conversesacatalunya.cat\/es\/politica-migratoria-de-trump\/#primaryimage\"},\"image\":{\"@id\":\"https:\/\/conversesacatalunya.cat\/es\/politica-migratoria-de-trump\/#primaryimage\"},\"thumbnailUrl\":\"https:\/\/conversesacatalunya.cat\/wp-content\/uploads\/2025\/07\/USCBP-91.jpg\",\"datePublished\":\"2025-07-21T07:42:13+00:00\",\"dateModified\":\"2025-07-21T10:31:35+00:00\",\"author\":{\"@id\":\"https:\/\/conversesacatalunya.cat\/#\/schema\/person\/3ce2ab16c0a3803086d80722c7cad56a\"},\"description\":\"La pol\u00edtica migratoria de Trump ha combatido este discurso y demostrado que es posible restablecer el orden en las fronteras\",\"breadcrumb\":{\"@id\":\"https:\/\/conversesacatalunya.cat\/es\/politica-migratoria-de-trump\/#breadcrumb\"},\"inLanguage\":\"es\",\"potentialAction\":[{\"@type\":\"ReadAction\",\"target\":[\"https:\/\/conversesacatalunya.cat\/es\/politica-migratoria-de-trump\/\"]}]},{\"@type\":\"ImageObject\",\"inLanguage\":\"es\",\"@id\":\"https:\/\/conversesacatalunya.cat\/es\/politica-migratoria-de-trump\/#primaryimage\",\"url\":\"https:\/\/conversesacatalunya.cat\/wp-content\/uploads\/2025\/07\/USCBP-91.jpg\",\"contentUrl\":\"https:\/\/conversesacatalunya.cat\/wp-content\/uploads\/2025\/07\/USCBP-91.jpg\",\"width\":810,\"height\":540,\"caption\":\"Pol\u00edtica migratoria Trump\"},{\"@type\":\"BreadcrumbList\",\"@id\":\"https:\/\/conversesacatalunya.cat\/es\/politica-migratoria-de-trump\/#breadcrumb\",\"itemListElement\":[{\"@type\":\"ListItem\",\"position\":1,\"name\":\"Inici\",\"item\":\"https:\/\/conversesacatalunya.cat\/es\/\"},{\"@type\":\"ListItem\",\"position\":2,\"name\":\"Pol\u00edtica migratoria de Trump\"}]},{\"@type\":\"WebSite\",\"@id\":\"https:\/\/conversesacatalunya.cat\/#website\",\"url\":\"https:\/\/conversesacatalunya.cat\/\",\"name\":\"Converses a Catalunya\",\"description\":\"\",\"potentialAction\":[{\"@type\":\"SearchAction\",\"target\":{\"@type\":\"EntryPoint\",\"urlTemplate\":\"https:\/\/conversesacatalunya.cat\/?s={search_term_string}\"},\"query-input\":{\"@type\":\"PropertyValueSpecification\",\"valueRequired\":true,\"valueName\":\"search_term_string\"}}],\"inLanguage\":\"es\"},{\"@type\":\"Person\",\"@id\":\"https:\/\/conversesacatalunya.cat\/#\/schema\/person\/3ce2ab16c0a3803086d80722c7cad56a\",\"name\":\"Carles L\u00f3pez\",\"image\":{\"@type\":\"ImageObject\",\"inLanguage\":\"es\",\"@id\":\"https:\/\/conversesacatalunya.cat\/#\/schema\/person\/image\/\",\"url\":\"https:\/\/conversesacatalunya.cat\/wp-content\/litespeed\/avatar\/4891585caf2896e97846ab77f06edcf2.jpg?ver=1777091173\",\"contentUrl\":\"https:\/\/conversesacatalunya.cat\/wp-content\/litespeed\/avatar\/4891585caf2896e97846ab77f06edcf2.jpg?ver=1777091173\",\"caption\":\"Carles L\u00f3pez\"},\"url\":\"https:\/\/conversesacatalunya.cat\/es\/author\/carles-lopez\/\"}]}<\/script>\n<!-- \/ Yoast SEO plugin. -->","yoast_head_json":{"title":"Pol\u00edtica migratoria de Trump - Converses a Catalunya","description":"La pol\u00edtica migratoria de Trump ha combatido este discurso y demostrado que es posible restablecer el orden en las fronteras","robots":{"index":"index","follow":"follow","max-snippet":"max-snippet:-1","max-image-preview":"max-image-preview:large","max-video-preview":"max-video-preview:-1"},"canonical":"https:\/\/conversesacatalunya.cat\/es\/politica-migratoria-de-trump\/","og_locale":"es_ES","og_type":"article","og_title":"Pol\u00edtica migratoria de Trump - Converses a Catalunya","og_description":"La pol\u00edtica migratoria de Trump ha combatido este discurso y demostrado que es posible restablecer el orden en las fronteras","og_url":"https:\/\/conversesacatalunya.cat\/es\/politica-migratoria-de-trump\/","og_site_name":"Converses a Catalunya","article_published_time":"2025-07-21T07:42:13+00:00","article_modified_time":"2025-07-21T10:31:35+00:00","og_image":[{"width":810,"height":540,"url":"https:\/\/conversesacatalunya.cat\/wp-content\/uploads\/2025\/07\/USCBP-91.jpg","type":"image\/jpeg"}],"author":"Carles L\u00f3pez","twitter_card":"summary_large_image","twitter_misc":{"Escrito por":"Carles L\u00f3pez","Tiempo de lectura":"4 minutos"},"schema":{"@context":"https:\/\/schema.org","@graph":[{"@type":"Article","@id":"https:\/\/conversesacatalunya.cat\/es\/politica-migratoria-de-trump\/#article","isPartOf":{"@id":"https:\/\/conversesacatalunya.cat\/es\/politica-migratoria-de-trump\/"},"author":{"name":"Carles L\u00f3pez","@id":"https:\/\/conversesacatalunya.cat\/#\/schema\/person\/3ce2ab16c0a3803086d80722c7cad56a"},"headline":"Pol\u00edtica migratoria de Trump","datePublished":"2025-07-21T07:42:13+00:00","dateModified":"2025-07-21T10:31:35+00:00","mainEntityOfPage":{"@id":"https:\/\/conversesacatalunya.cat\/es\/politica-migratoria-de-trump\/"},"wordCount":821,"commentCount":0,"image":{"@id":"https:\/\/conversesacatalunya.cat\/es\/politica-migratoria-de-trump\/#primaryimage"},"thumbnailUrl":"https:\/\/conversesacatalunya.cat\/wp-content\/uploads\/2025\/07\/USCBP-91.jpg","keywords":["Donald Trump","Estats Units","Immigraci\u00f3","inmigraci\u00f3n"],"articleSection":["Punts clau del dia (ES)"],"inLanguage":"es","potentialAction":[{"@type":"CommentAction","name":"Comment","target":["https:\/\/conversesacatalunya.cat\/es\/politica-migratoria-de-trump\/#respond"]}]},{"@type":"WebPage","@id":"https:\/\/conversesacatalunya.cat\/es\/politica-migratoria-de-trump\/","url":"https:\/\/conversesacatalunya.cat\/es\/politica-migratoria-de-trump\/","name":"Pol\u00edtica migratoria de Trump - Converses a Catalunya","isPartOf":{"@id":"https:\/\/conversesacatalunya.cat\/#website"},"primaryImageOfPage":{"@id":"https:\/\/conversesacatalunya.cat\/es\/politica-migratoria-de-trump\/#primaryimage"},"image":{"@id":"https:\/\/conversesacatalunya.cat\/es\/politica-migratoria-de-trump\/#primaryimage"},"thumbnailUrl":"https:\/\/conversesacatalunya.cat\/wp-content\/uploads\/2025\/07\/USCBP-91.jpg","datePublished":"2025-07-21T07:42:13+00:00","dateModified":"2025-07-21T10:31:35+00:00","author":{"@id":"https:\/\/conversesacatalunya.cat\/#\/schema\/person\/3ce2ab16c0a3803086d80722c7cad56a"},"description":"La pol\u00edtica migratoria de Trump ha combatido este discurso y demostrado que es posible restablecer el orden en las fronteras","breadcrumb":{"@id":"https:\/\/conversesacatalunya.cat\/es\/politica-migratoria-de-trump\/#breadcrumb"},"inLanguage":"es","potentialAction":[{"@type":"ReadAction","target":["https:\/\/conversesacatalunya.cat\/es\/politica-migratoria-de-trump\/"]}]},{"@type":"ImageObject","inLanguage":"es","@id":"https:\/\/conversesacatalunya.cat\/es\/politica-migratoria-de-trump\/#primaryimage","url":"https:\/\/conversesacatalunya.cat\/wp-content\/uploads\/2025\/07\/USCBP-91.jpg","contentUrl":"https:\/\/conversesacatalunya.cat\/wp-content\/uploads\/2025\/07\/USCBP-91.jpg","width":810,"height":540,"caption":"Pol\u00edtica migratoria Trump"},{"@type":"BreadcrumbList","@id":"https:\/\/conversesacatalunya.cat\/es\/politica-migratoria-de-trump\/#breadcrumb","itemListElement":[{"@type":"ListItem","position":1,"name":"Inici","item":"https:\/\/conversesacatalunya.cat\/es\/"},{"@type":"ListItem","position":2,"name":"Pol\u00edtica migratoria de Trump"}]},{"@type":"WebSite","@id":"https:\/\/conversesacatalunya.cat\/#website","url":"https:\/\/conversesacatalunya.cat\/","name":"Converses a Catalunya","description":"","potentialAction":[{"@type":"SearchAction","target":{"@type":"EntryPoint","urlTemplate":"https:\/\/conversesacatalunya.cat\/?s={search_term_string}"},"query-input":{"@type":"PropertyValueSpecification","valueRequired":true,"valueName":"search_term_string"}}],"inLanguage":"es"},{"@type":"Person","@id":"https:\/\/conversesacatalunya.cat\/#\/schema\/person\/3ce2ab16c0a3803086d80722c7cad56a","name":"Carles L\u00f3pez","image":{"@type":"ImageObject","inLanguage":"es","@id":"https:\/\/conversesacatalunya.cat\/#\/schema\/person\/image\/","url":"https:\/\/conversesacatalunya.cat\/wp-content\/litespeed\/avatar\/4891585caf2896e97846ab77f06edcf2.jpg?ver=1777091173","contentUrl":"https:\/\/conversesacatalunya.cat\/wp-content\/litespeed\/avatar\/4891585caf2896e97846ab77f06edcf2.jpg?ver=1777091173","caption":"Carles L\u00f3pez"},"url":"https:\/\/conversesacatalunya.cat\/es\/author\/carles-lopez\/"}]}},"wps_subtitle":"\"Durante d\u00e9cadas, la pol\u00edtica econ\u00f3mica estadounidense ha priorizado el influjo constante de recursos humanos baratos -tanto legales como ilegales- que ha beneficiado a las empresas deseosas de pagar los salarios m\u00e1s bajos posibles\".","_links":{"self":[{"href":"https:\/\/conversesacatalunya.cat\/es\/wp-json\/wp\/v2\/posts\/90565","targetHints":{"allow":["GET"]}}],"collection":[{"href":"https:\/\/conversesacatalunya.cat\/es\/wp-json\/wp\/v2\/posts"}],"about":[{"href":"https:\/\/conversesacatalunya.cat\/es\/wp-json\/wp\/v2\/types\/post"}],"author":[{"embeddable":true,"href":"https:\/\/conversesacatalunya.cat\/es\/wp-json\/wp\/v2\/users\/75"}],"replies":[{"embeddable":true,"href":"https:\/\/conversesacatalunya.cat\/es\/wp-json\/wp\/v2\/comments?post=90565"}],"version-history":[{"count":7,"href":"https:\/\/conversesacatalunya.cat\/es\/wp-json\/wp\/v2\/posts\/90565\/revisions"}],"predecessor-version":[{"id":90632,"href":"https:\/\/conversesacatalunya.cat\/es\/wp-json\/wp\/v2\/posts\/90565\/revisions\/90632"}],"wp:featuredmedia":[{"embeddable":true,"href":"https:\/\/conversesacatalunya.cat\/es\/wp-json\/wp\/v2\/media\/90358"}],"wp:attachment":[{"href":"https:\/\/conversesacatalunya.cat\/es\/wp-json\/wp\/v2\/media?parent=90565"}],"wp:term":[{"taxonomy":"category","embeddable":true,"href":"https:\/\/conversesacatalunya.cat\/es\/wp-json\/wp\/v2\/categories?post=90565"},{"taxonomy":"post_tag","embeddable":true,"href":"https:\/\/conversesacatalunya.cat\/es\/wp-json\/wp\/v2\/tags?post=90565"}],"curies":[{"name":"wp","href":"https:\/\/api.w.org\/{rel}","templated":true}]}}