{"id":90541,"date":"2025-08-06T08:29:26","date_gmt":"2025-08-06T06:29:26","guid":{"rendered":"https:\/\/conversesacatalunya.cat\/?p=90541"},"modified":"2025-08-05T11:01:26","modified_gmt":"2025-08-05T09:01:26","slug":"delcygate-y-mas-alla-la-red-internacional-de-favores-del-sanchismo","status":"publish","type":"post","link":"https:\/\/conversesacatalunya.cat\/es\/delcygate-y-mas-alla-la-red-internacional-de-favores-del-sanchismo\/","title":{"rendered":"Delcygate y m\u00e1s all\u00e1: la red internacional de favores del sanchismo"},"content":{"rendered":"<p>Uno de los aspectos m\u00e1s llamativos del entramado de poder socialista es su\u00a0 <strong>proyecci\u00f3n internacional<\/strong>, particularmente el nexo con <strong>Venezuela. <\/strong>Desde la llegada de Pedro S\u00e1nchez al gobierno, la posici\u00f3n de Espa\u00f1a frente a la <strong>crisis venezolana<\/strong> ha estado marcada por ambivalencias y contactos extraoficiales.<\/p>\n<p>El episodio del <strong>Delcygate<\/strong> (20 de enero de 2020) expuso esta din\u00e1mica: aquella noche, <strong>Jos\u00e9 Luis \u00c1balos<\/strong> se reuni\u00f3 en el aeropuerto de Barajas con <strong>Delcy Rodr\u00edguez<\/strong>, vicepresidenta de Nicol\u00e1s Maduro, a pesar de que pesaba sobre ella una sanci\u00f3n de la UE que le prohib\u00eda pisar territorio comunitario, por motivos nunca explicados, o mejor dicho explicado de tantas maneras distintas e incompatibles, que enmascaran m\u00e1s que esclarece. La reuni\u00f3n fue <strong>secreta y solo trascendi\u00f3 posteriormente<\/strong>, generando un esc\u00e1ndalo pol\u00edtico.<\/p>\n<p>Documentos e investigaciones posteriores han revelado que este encuentro no fue fortuito, sino parte de una <strong>gesti\u00f3n diplom\u00e1tica paralela<\/strong>. Seg\u00fan diversas fuentes, fue el propio <strong>Zapatero<\/strong> quien invit\u00f3 a Delcy Rodr\u00edguez a pasar por Madrid, en un esfuerzo por abrir canales de di\u00e1logo. Se ha llegado a afirmar que el <a href=\"https:\/\/conversesacatalunya.cat\/es\/corrupcion-sistemica-en-el-psoe-de-sanchez-un-analisis-exhaustivo\/\" target=\"_blank\" rel=\"noopener\">presidente S\u00e1nchez<\/a> en persona habr\u00eda dado la instrucci\u00f3n a \u00c1balos de \u201ccontener\u201d a Delcy en el aeropuerto, evitando que entrara formalmente al pa\u00eds.<\/p>\n<p>En aquellos momentos, Espa\u00f1a revisaba su reconocimiento al l\u00edder opositor Juan Guaid\u00f3, y de hecho poco despu\u00e9s modera su posici\u00f3n hacia el r\u00e9gimen de Maduro. Todo apunta a que en Barajas se trataron <strong>asuntos sensibles<\/strong>: uno, la postura espa\u00f1ola en la UE respecto a Venezuela; y dos, negocios pendientes entre ambos pa\u00edses.<\/p>\n<p>Un <strong>gran asunto econ\u00f3mico<\/strong> tras el tel\u00f3n era la recuperaci\u00f3n de fondos bloqueados en Venezuela pertenecientes a empresas espa\u00f1olas. Es sabido que la aerol\u00ednea espa\u00f1ola <strong>Air Europa (Globalia)<\/strong> ten\u00eda alrededor de <strong>200 millones de d\u00f3lares atrapados<\/strong> en Venezuela, que el r\u00e9gimen no dejaba repatriar desde 2013.<\/p>\n<p>Previamente, los due\u00f1os de Globalia<strong> buscaron ayuda en Jos\u00e9 Luis Rodr\u00edguez Zapatero<\/strong> para mediar con Maduro. Zapatero intercedi\u00f3 <em>sin cobrar<\/em>, logrando que Maduro incluso recibiera al fundador de Globalia (Juan Jos\u00e9 Hidalgo), y se lleg\u00f3 a esbozar un plan de pago; pero la proclamaci\u00f3n de Guaid\u00f3 en 2019 paraliz\u00f3 aquel acuerdo.<\/p>\n<p>Acto seguido, en octubre de 2019, Globalia contrat\u00f3 a <strong>V\u00edctor de Aldama<\/strong> durante tres meses con el <strong>\u00fanico fin de desbloquear ese dinero<\/strong>, ofreci\u00e9ndole una comisi\u00f3n de casi 5 millones de euros si ten\u00eda \u00e9xito. Aunque el contrato de Aldama termin\u00f3 en diciembre de 2019 sin lograr su objetivo, es sumamente revelador que <strong>un mes despu\u00e9s<\/strong> ocurriera la visita de Delcy Rodr\u00edguez gestionada por \u00c1balos.<\/p>\n<p>Adem\u00e1s, gracias a la investigaci\u00f3n de la trama Koldo, se ha sabido que <strong>V\u00edctor de Aldama tambi\u00e9n estuvo en Barajas durante el Delcygate<\/strong> (acompa\u00f1ando a \u00c1balos, igual que Koldo lo hizo). Es decir, el <strong>mismo empresario<\/strong> que negociaba con el chavismo el cobro de Globalia particip\u00f3 en la cita clandestina con la n\u00famero dos de Maduro.<\/p>\n<p>La conexi\u00f3n es clara: el <strong>entramado espa\u00f1ol (\u00c1balos\u2013Koldo\u2013Aldama)<\/strong> se implic\u00f3 directamente en negociaciones con Venezuela, buscando soluciones para los intereses econ\u00f3micos de ciertas compa\u00f1\u00edas espa\u00f1olas a cambio, posiblemente, de <strong>contraprestaciones opacas<\/strong>.<\/p>\n<p>Estos nombres aparecen despu\u00e9s en otras cuestiones abiertas, Aldama y la <strong>trama de hidrocarburos<\/strong>, o \u00a0Juan Jos\u00e9 Hidalgo, fundador de Globalia. <strong>Bego\u00f1a G\u00f3mez<\/strong> mantuvo una relaci\u00f3n profesional y personal estrecha con Javier Hidalgo (CEO e hijo de Juan Jos\u00e9 Hidalgo), que se tradujo en patrocinios y colaboraciones con el IE \u00c1frica Center en el que participaba G\u00f3mez.<\/p>\n<p>Estas relaciones coincidieron temporalmente con<strong> el rescate millonario de Air Europa<\/strong> por parte del Gobierno de Pedro S\u00e1nchez, aunque hasta el momento la justicia no ha acreditado que Bego\u00f1a G\u00f3mez interviniera directamente en esa decisi\u00f3n ni que existiera una contraprestaci\u00f3n il\u00edcita.<\/p>\n<p>La <strong>participaci\u00f3n de Zapatero<\/strong> en esta dimensi\u00f3n internacional no se limita a Venezuela, pero all\u00ed es donde m\u00e1s se ha notado su influencia durante el Gobierno de S\u00e1nchez. Zapatero ha viajado en numerosas ocasiones a Caracas y se ha posicionado como <strong>valedor del r\u00e9gimen de Maduro en Europa<\/strong>, lo que ha generado cr\u00edticas de sectores que lo ven m\u00e1s como <em>c\u00f3mplice<\/em> que como mediador neutral.<\/p>\n<p>\u00c9l defiende su rol diciendo que busca soluciones pac\u00edficas y ha contribuido a la <strong>liberaci\u00f3n de presos pol\u00edticos<\/strong> y a di\u00e1logos electorales en Venezuela, aunque evita condenar abiertamente los abusos del chavismo. Esta postura ha <strong>facilitado v\u00ednculos<\/strong>: por ejemplo, se le ha visto ejercer de puente para empresarios espa\u00f1oles con intereses en Venezuela.<\/p>\n<p>Tambi\u00e9n se ha hablado de su <strong>amistad personal con Delcy Rodr\u00edguez<\/strong>, reconocida incluso por fuentes cercanas a \u00e9l. En la pr\u00e1ctica, Zapatero sirvi\u00f3 como <strong>figura de legitimaci\u00f3n<\/strong> ante la opini\u00f3n p\u00fablica internacional \u2013restando peso a las denuncias contra Maduro\u2013 y como <strong>enlace oficioso<\/strong> entre el Gobierno de S\u00e1nchez y el de Maduro. Su presencia permiti\u00f3 al Ejecutivo espa\u00f1ol mantener un <strong>canal de comunicaci\u00f3n<\/strong> con Caracas sin comprometer formalmente la diplomacia (ya que oficialmente Espa\u00f1a pertenec\u00eda al Grupo Internacional de Contacto sobre Venezuela y segu\u00eda la l\u00ednea comunitaria).<\/p>\n<p>M\u00e1s all\u00e1 de Venezuela, el modelo de poder de S\u00e1nchez mostr\u00f3 una tendencia a alinearse con <strong>actores internacionales no occidentales<\/strong> a trav\u00e9s de conexiones personales. Un caso fue la relaci\u00f3n con <strong>China<\/strong>: Zapatero abog\u00f3 activamente por acercar Europa a China y lleg\u00f3 a fundar un <em>lobby<\/em> con un empresario chino con ese fin. En 2023, S\u00e1nchez incluso envi\u00f3 a Zapatero a Pek\u00edn para preparar su visita a Xi Jinping.<\/p>\n<p>En paralelo, miembros de la trama dom\u00e9stica como V\u00edctor de Aldama se involucraron en <strong>favores a empresas chinas<\/strong>: se revel\u00f3 que Huawei Espa\u00f1a contrat\u00f3 a Aldama como consultor con 10.000 \u20ac al mes para que utilizara sus contactos en el Gobierno (especialmente con \u00c1balos) y ayudara a <strong>influenciar la posici\u00f3n espa\u00f1ola<\/strong> sobre el 5G, frenando la presi\u00f3n de la UE contra Huawei.<\/p>\n<p>En suma, la dimensi\u00f3n internacional del modelo de poder de S\u00e1nchez muestra una trama que trasciende fronteras: se nutre de <strong>alianzas geopol\u00edticas informales<\/strong>, persigue beneficios econ\u00f3micos transnacionales y utiliza emisarios extraoficiales para lograr sus objetivos.<\/p>\n<span class='bctt-click-to-tweet'><span class='bctt-ctt-text'><a href='https:\/\/twitter.com\/intent\/tweet?url=https%3A%2F%2Fconversesacatalunya.cat%2Fes%2Fdelcygate-y-mas-alla-la-red-internacional-de-favores-del-sanchismo%2F&#038;text=Uno%20de%20los%20aspectos%20m%C3%A1s%20llamativos%20del%20entramado%20de%20poder%20socialista%20es%20su%20%20proyecci%C3%B3n%20internacional%2C%20particularmente%20el%20nexo%20con%20Venezuela&#038;via=conversesacat&#038;related=conversesacat' target='_blank'rel=\"noopener noreferrer\">Uno de los aspectos m\u00e1s llamativos del entramado de poder socialista es su  proyecci\u00f3n internacional, particularmente el nexo con Venezuela <\/a><\/span><a href='https:\/\/twitter.com\/intent\/tweet?url=https%3A%2F%2Fconversesacatalunya.cat%2Fes%2Fdelcygate-y-mas-alla-la-red-internacional-de-favores-del-sanchismo%2F&#038;text=Uno%20de%20los%20aspectos%20m%C3%A1s%20llamativos%20del%20entramado%20de%20poder%20socialista%20es%20su%20%20proyecci%C3%B3n%20internacional%2C%20particularmente%20el%20nexo%20con%20Venezuela&#038;via=conversesacat&#038;related=conversesacat' target='_blank' class='bctt-ctt-btn'rel=\"noopener noreferrer\">Compartir en X<\/a><\/span>\n","protected":false},"excerpt":{"rendered":"<p>Uno de los aspectos m\u00e1s llamativos del entramado de poder socialista es su\u00a0 proyecci\u00f3n internacional, particularmente el nexo con Venezuela. Desde la llegada de Pedro S\u00e1nchez al gobierno, la posici\u00f3n de Espa\u00f1a frente a la crisis venezolana ha estado marcada por ambivalencias y contactos extraoficiales. El episodio del Delcygate (20 de enero de 2020) expuso esta din\u00e1mica: aquella noche, Jos\u00e9 Luis \u00c1balos se reuni\u00f3 en el aeropuerto de Barajas con Delcy Rodr\u00edguez, vicepresidenta de Nicol\u00e1s Maduro, a pesar de que pesaba sobre ella una sanci\u00f3n de la UE que le prohib\u00eda pisar territorio comunitario, por motivos nunca explicados, o mejor dicho explicado de tantas maneras distintas e incompatibles, que enmascaran m\u00e1s que esclarece. La reuni\u00f3n fue secreta y solo trascendi\u00f3 posteriormente, generando un esc\u00e1ndalo pol\u00edtico. Documentos e investigaciones posteriores han revelado que este encuentro no fue fortuito, sino parte de una gesti\u00f3n diplom\u00e1tica paralela. Seg\u00fan diversas fuentes, fue el propio Zapatero quien invit\u00f3 a Delcy Rodr\u00edguez a pasar por Madrid, en un esfuerzo por abrir canales de di\u00e1logo. Se ha llegado a afirmar que el presidente S\u00e1nchez en persona habr\u00eda dado la instrucci\u00f3n a \u00c1balos de \u201ccontener\u201d a Delcy en el aeropuerto, evitando que entrara formalmente al pa\u00eds. En aquellos momentos, Espa\u00f1a revisaba su reconocimiento al l\u00edder opositor Juan Guaid\u00f3, y de hecho poco despu\u00e9s modera su posici\u00f3n hacia el r\u00e9gimen de Maduro. Todo apunta a que en Barajas se trataron asuntos sensibles: uno, la postura espa\u00f1ola en la UE respecto a Venezuela; y dos, negocios pendientes entre ambos pa\u00edses. Un gran asunto econ\u00f3mico tras el tel\u00f3n era la recuperaci\u00f3n de fondos bloqueados en Venezuela pertenecientes a empresas espa\u00f1olas. Es sabido que la aerol\u00ednea espa\u00f1ola Air Europa (Globalia) ten\u00eda alrededor de 200 millones de d\u00f3lares atrapados en Venezuela, que el r\u00e9gimen no dejaba repatriar desde 2013. Previamente, los due\u00f1os de Globalia buscaron ayuda en Jos\u00e9 Luis Rodr\u00edguez Zapatero para mediar con Maduro. Zapatero intercedi\u00f3 sin cobrar, logrando que Maduro incluso recibiera al fundador de Globalia (Juan Jos\u00e9 Hidalgo), y se lleg\u00f3 a esbozar un plan de pago; pero la proclamaci\u00f3n de Guaid\u00f3 en 2019 paraliz\u00f3 aquel acuerdo. Acto seguido, en octubre de 2019, Globalia contrat\u00f3 a V\u00edctor de Aldama durante tres meses con el \u00fanico fin de desbloquear ese dinero, ofreci\u00e9ndole una comisi\u00f3n de casi 5 millones de euros si ten\u00eda \u00e9xito. Aunque el contrato de Aldama termin\u00f3 en diciembre de 2019 sin lograr su objetivo, es sumamente revelador que un mes despu\u00e9s ocurriera la visita de Delcy Rodr\u00edguez gestionada por \u00c1balos. Adem\u00e1s, gracias a la investigaci\u00f3n de la trama Koldo, se ha sabido que V\u00edctor de Aldama tambi\u00e9n estuvo en Barajas durante el Delcygate (acompa\u00f1ando a \u00c1balos, igual que Koldo lo hizo). Es decir, el mismo empresario que negociaba con el chavismo el cobro de Globalia particip\u00f3 en la cita clandestina con la n\u00famero dos de Maduro. La conexi\u00f3n es clara: el entramado espa\u00f1ol (\u00c1balos\u2013Koldo\u2013Aldama) se implic\u00f3 directamente en negociaciones con Venezuela, buscando soluciones para los intereses econ\u00f3micos de ciertas compa\u00f1\u00edas espa\u00f1olas a cambio, posiblemente, de contraprestaciones opacas. Estos nombres aparecen despu\u00e9s en otras cuestiones abiertas, Aldama y la trama de hidrocarburos, o \u00a0Juan Jos\u00e9 Hidalgo, fundador de Globalia. Bego\u00f1a G\u00f3mez mantuvo una relaci\u00f3n profesional y personal estrecha con Javier Hidalgo (CEO e hijo de Juan Jos\u00e9 Hidalgo), que se tradujo en patrocinios y colaboraciones con el IE \u00c1frica Center en el que participaba G\u00f3mez. Estas relaciones coincidieron temporalmente con el rescate millonario de Air Europa por parte del Gobierno de Pedro S\u00e1nchez, aunque hasta el momento la justicia no ha acreditado que Bego\u00f1a G\u00f3mez interviniera directamente en esa decisi\u00f3n ni que existiera una contraprestaci\u00f3n il\u00edcita. La participaci\u00f3n de Zapatero en esta dimensi\u00f3n internacional no se limita a Venezuela, pero all\u00ed es donde m\u00e1s se ha notado su influencia durante el Gobierno de S\u00e1nchez. Zapatero ha viajado en numerosas ocasiones a Caracas y se ha posicionado como valedor del r\u00e9gimen de Maduro en Europa, lo que ha generado cr\u00edticas de sectores que lo ven m\u00e1s como c\u00f3mplice que como mediador neutral. \u00c9l defiende su rol diciendo que busca soluciones pac\u00edficas y ha contribuido a la liberaci\u00f3n de presos pol\u00edticos y a di\u00e1logos electorales en Venezuela, aunque evita condenar abiertamente los abusos del chavismo. Esta postura ha facilitado v\u00ednculos: por ejemplo, se le ha visto ejercer de puente para empresarios espa\u00f1oles con intereses en Venezuela. Tambi\u00e9n se ha hablado de su amistad personal con Delcy Rodr\u00edguez, reconocida incluso por fuentes cercanas a \u00e9l. En la pr\u00e1ctica, Zapatero sirvi\u00f3 como figura de legitimaci\u00f3n ante la opini\u00f3n p\u00fablica internacional \u2013restando peso a las denuncias contra Maduro\u2013 y como enlace oficioso entre el Gobierno de S\u00e1nchez y el de Maduro. Su presencia permiti\u00f3 al Ejecutivo espa\u00f1ol mantener un canal de comunicaci\u00f3n con Caracas sin comprometer formalmente la diplomacia (ya que oficialmente Espa\u00f1a pertenec\u00eda al Grupo Internacional de Contacto sobre Venezuela y segu\u00eda la l\u00ednea comunitaria). M\u00e1s all\u00e1 de Venezuela, el modelo de poder de S\u00e1nchez mostr\u00f3 una tendencia a alinearse con actores internacionales no occidentales a trav\u00e9s de conexiones personales. Un caso fue la relaci\u00f3n con China: Zapatero abog\u00f3 activamente por acercar Europa a China y lleg\u00f3 a fundar un lobby con un empresario chino con ese fin. En 2023, S\u00e1nchez incluso envi\u00f3 a Zapatero a Pek\u00edn para preparar su visita a Xi Jinping. En paralelo, miembros de la trama dom\u00e9stica como V\u00edctor de Aldama se involucraron en favores a empresas chinas: se revel\u00f3 que Huawei Espa\u00f1a contrat\u00f3 a Aldama como consultor con 10.000 \u20ac al mes para que utilizara sus contactos en el Gobierno (especialmente con \u00c1balos) y ayudara a influenciar la posici\u00f3n espa\u00f1ola sobre el 5G, frenando la presi\u00f3n de la UE contra Huawei. En suma, la dimensi\u00f3n internacional del modelo de poder de S\u00e1nchez muestra una trama que trasciende fronteras: se nutre de alianzas geopol\u00edticas informales, persigue beneficios econ\u00f3micos transnacionales y utiliza emisarios extraoficiales para lograr sus objetivos.<\/p>\n","protected":false},"author":77,"featured_media":90542,"comment_status":"open","ping_status":"open","sticky":false,"template":"","format":"standard","meta":{"_FSMCFIC_featured_image_caption":"","_FSMCFIC_featured_image_nocaption":"","_FSMCFIC_featured_image_hide":"","footnotes":""},"categories":[806],"tags":[1479,1311],"class_list":["post-90541","post","type-post","status-publish","format-standard","has-post-thumbnail","hentry","category-punts-claus-del-dia-es","tag-juan-guaido-es","tag-venezuela"],"yoast_head":"<!-- This site is optimized with the Yoast SEO plugin v26.8 - https:\/\/yoast.com\/product\/yoast-seo-wordpress\/ -->\n<title>Delcygate y m\u00e1s all\u00e1: la red internacional de favores del sanchismo - Converses a Catalunya<\/title>\n<meta name=\"description\" content=\"En la investigaci\u00f3n de la trama Koldo, se ha sabido que V\u00edctor de Aldama tambi\u00e9n estuvo en Barajas durante el Delcygate acompa\u00f1ando a \u00c1balos\" \/>\n<meta name=\"robots\" content=\"index, follow, max-snippet:-1, max-image-preview:large, max-video-preview:-1\" \/>\n<link rel=\"canonical\" href=\"https:\/\/conversesacatalunya.cat\/?p=91057\" \/>\n<meta property=\"og:locale\" content=\"es_ES\" \/>\n<meta property=\"og:type\" content=\"article\" \/>\n<meta property=\"og:title\" content=\"Delcygate y m\u00e1s all\u00e1: la red internacional de favores del sanchismo - Converses a Catalunya\" \/>\n<meta property=\"og:description\" content=\"En la investigaci\u00f3n de la trama Koldo, se ha sabido que V\u00edctor de Aldama tambi\u00e9n estuvo en Barajas durante el Delcygate acompa\u00f1ando a \u00c1balos\" \/>\n<meta property=\"og:url\" content=\"https:\/\/conversesacatalunya.cat\/?p=91057\" \/>\n<meta property=\"og:site_name\" content=\"Converses a Catalunya\" \/>\n<meta property=\"article:published_time\" content=\"2025-08-06T06:29:26+00:00\" \/>\n<meta property=\"og:image\" content=\"https:\/\/conversesacatalunya.cat\/wp-content\/uploads\/2025\/07\/Captura-8.jpg\" \/>\n\t<meta property=\"og:image:width\" content=\"544\" \/>\n\t<meta property=\"og:image:height\" content=\"353\" \/>\n\t<meta property=\"og:image:type\" content=\"image\/jpeg\" \/>\n<meta name=\"author\" content=\"Enric Casanovas\" \/>\n<meta name=\"twitter:card\" content=\"summary_large_image\" \/>\n<meta name=\"twitter:label1\" content=\"Escrito por\" \/>\n\t<meta name=\"twitter:data1\" content=\"Enric Casanovas\" \/>\n\t<meta name=\"twitter:label2\" content=\"Tiempo de lectura\" \/>\n\t<meta name=\"twitter:data2\" content=\"5 minutos\" \/>\n<script type=\"application\/ld+json\" class=\"yoast-schema-graph\">{\"@context\":\"https:\/\/schema.org\",\"@graph\":[{\"@type\":\"Article\",\"@id\":\"https:\/\/conversesacatalunya.cat\/?p=91057#article\",\"isPartOf\":{\"@id\":\"https:\/\/conversesacatalunya.cat\/?p=91057\"},\"author\":{\"name\":\"Enric Casanovas\",\"@id\":\"https:\/\/conversesacatalunya.cat\/#\/schema\/person\/79bd0577b2f3afc8d6519d207c6e8609\"},\"headline\":\"Delcygate y m\u00e1s all\u00e1: la red internacional de favores del sanchismo\",\"datePublished\":\"2025-08-06T06:29:26+00:00\",\"mainEntityOfPage\":{\"@id\":\"https:\/\/conversesacatalunya.cat\/?p=91057\"},\"wordCount\":1110,\"commentCount\":0,\"image\":{\"@id\":\"https:\/\/conversesacatalunya.cat\/?p=91057#primaryimage\"},\"thumbnailUrl\":\"https:\/\/conversesacatalunya.cat\/wp-content\/uploads\/2025\/07\/Captura-8.jpg\",\"keywords\":[\"Juan Guaid\u00f3\",\"Venezuela\"],\"articleSection\":[\"Punts clau del dia (ES)\"],\"inLanguage\":\"es\",\"potentialAction\":[{\"@type\":\"CommentAction\",\"name\":\"Comment\",\"target\":[\"https:\/\/conversesacatalunya.cat\/?p=91057#respond\"]}]},{\"@type\":\"WebPage\",\"@id\":\"https:\/\/conversesacatalunya.cat\/?p=91057\",\"url\":\"https:\/\/conversesacatalunya.cat\/?p=91057\",\"name\":\"Delcygate y m\u00e1s all\u00e1: la red internacional de favores del sanchismo - Converses a Catalunya\",\"isPartOf\":{\"@id\":\"https:\/\/conversesacatalunya.cat\/#website\"},\"primaryImageOfPage\":{\"@id\":\"https:\/\/conversesacatalunya.cat\/?p=91057#primaryimage\"},\"image\":{\"@id\":\"https:\/\/conversesacatalunya.cat\/?p=91057#primaryimage\"},\"thumbnailUrl\":\"https:\/\/conversesacatalunya.cat\/wp-content\/uploads\/2025\/07\/Captura-8.jpg\",\"datePublished\":\"2025-08-06T06:29:26+00:00\",\"author\":{\"@id\":\"https:\/\/conversesacatalunya.cat\/#\/schema\/person\/79bd0577b2f3afc8d6519d207c6e8609\"},\"description\":\"En la investigaci\u00f3n de la trama Koldo, se ha sabido que V\u00edctor de Aldama tambi\u00e9n estuvo en Barajas durante el Delcygate acompa\u00f1ando a \u00c1balos\",\"breadcrumb\":{\"@id\":\"https:\/\/conversesacatalunya.cat\/?p=91057#breadcrumb\"},\"inLanguage\":\"es\",\"potentialAction\":[{\"@type\":\"ReadAction\",\"target\":[\"https:\/\/conversesacatalunya.cat\/?p=91057\"]}]},{\"@type\":\"ImageObject\",\"inLanguage\":\"es\",\"@id\":\"https:\/\/conversesacatalunya.cat\/?p=91057#primaryimage\",\"url\":\"https:\/\/conversesacatalunya.cat\/wp-content\/uploads\/2025\/07\/Captura-8.jpg\",\"contentUrl\":\"https:\/\/conversesacatalunya.cat\/wp-content\/uploads\/2025\/07\/Captura-8.jpg\",\"width\":544,\"height\":353,\"caption\":\"Delcygate\"},{\"@type\":\"BreadcrumbList\",\"@id\":\"https:\/\/conversesacatalunya.cat\/?p=91057#breadcrumb\",\"itemListElement\":[{\"@type\":\"ListItem\",\"position\":1,\"name\":\"Inici\",\"item\":\"https:\/\/conversesacatalunya.cat\/es\/\"},{\"@type\":\"ListItem\",\"position\":2,\"name\":\"Delcygate y m\u00e1s all\u00e1: la red internacional de favores del sanchismo\"}]},{\"@type\":\"WebSite\",\"@id\":\"https:\/\/conversesacatalunya.cat\/#website\",\"url\":\"https:\/\/conversesacatalunya.cat\/\",\"name\":\"Converses a Catalunya\",\"description\":\"\",\"potentialAction\":[{\"@type\":\"SearchAction\",\"target\":{\"@type\":\"EntryPoint\",\"urlTemplate\":\"https:\/\/conversesacatalunya.cat\/?s={search_term_string}\"},\"query-input\":{\"@type\":\"PropertyValueSpecification\",\"valueRequired\":true,\"valueName\":\"search_term_string\"}}],\"inLanguage\":\"es\"},{\"@type\":\"Person\",\"@id\":\"https:\/\/conversesacatalunya.cat\/#\/schema\/person\/79bd0577b2f3afc8d6519d207c6e8609\",\"name\":\"Enric Casanovas\",\"image\":{\"@type\":\"ImageObject\",\"inLanguage\":\"es\",\"@id\":\"https:\/\/conversesacatalunya.cat\/#\/schema\/person\/image\/\",\"url\":\"https:\/\/conversesacatalunya.cat\/wp-content\/litespeed\/avatar\/7ae4379ad4421ec77820e92afd36dd78.jpg?ver=1777373933\",\"contentUrl\":\"https:\/\/conversesacatalunya.cat\/wp-content\/litespeed\/avatar\/7ae4379ad4421ec77820e92afd36dd78.jpg?ver=1777373933\",\"caption\":\"Enric Casanovas\"},\"url\":\"https:\/\/conversesacatalunya.cat\/es\/author\/enric-casanovas\/\"}]}<\/script>\n<!-- \/ Yoast SEO plugin. -->","yoast_head_json":{"title":"Delcygate y m\u00e1s all\u00e1: la red internacional de favores del sanchismo - Converses a Catalunya","description":"En la investigaci\u00f3n de la trama Koldo, se ha sabido que V\u00edctor de Aldama tambi\u00e9n estuvo en Barajas durante el Delcygate acompa\u00f1ando a \u00c1balos","robots":{"index":"index","follow":"follow","max-snippet":"max-snippet:-1","max-image-preview":"max-image-preview:large","max-video-preview":"max-video-preview:-1"},"canonical":"https:\/\/conversesacatalunya.cat\/?p=91057","og_locale":"es_ES","og_type":"article","og_title":"Delcygate y m\u00e1s all\u00e1: la red internacional de favores del sanchismo - Converses a Catalunya","og_description":"En la investigaci\u00f3n de la trama Koldo, se ha sabido que V\u00edctor de Aldama tambi\u00e9n estuvo en Barajas durante el Delcygate acompa\u00f1ando a \u00c1balos","og_url":"https:\/\/conversesacatalunya.cat\/?p=91057","og_site_name":"Converses a Catalunya","article_published_time":"2025-08-06T06:29:26+00:00","og_image":[{"width":544,"height":353,"url":"https:\/\/conversesacatalunya.cat\/wp-content\/uploads\/2025\/07\/Captura-8.jpg","type":"image\/jpeg"}],"author":"Enric Casanovas","twitter_card":"summary_large_image","twitter_misc":{"Escrito por":"Enric Casanovas","Tiempo de lectura":"5 minutos"},"schema":{"@context":"https:\/\/schema.org","@graph":[{"@type":"Article","@id":"https:\/\/conversesacatalunya.cat\/?p=91057#article","isPartOf":{"@id":"https:\/\/conversesacatalunya.cat\/?p=91057"},"author":{"name":"Enric Casanovas","@id":"https:\/\/conversesacatalunya.cat\/#\/schema\/person\/79bd0577b2f3afc8d6519d207c6e8609"},"headline":"Delcygate y m\u00e1s all\u00e1: la red internacional de favores del sanchismo","datePublished":"2025-08-06T06:29:26+00:00","mainEntityOfPage":{"@id":"https:\/\/conversesacatalunya.cat\/?p=91057"},"wordCount":1110,"commentCount":0,"image":{"@id":"https:\/\/conversesacatalunya.cat\/?p=91057#primaryimage"},"thumbnailUrl":"https:\/\/conversesacatalunya.cat\/wp-content\/uploads\/2025\/07\/Captura-8.jpg","keywords":["Juan Guaid\u00f3","Venezuela"],"articleSection":["Punts clau del dia (ES)"],"inLanguage":"es","potentialAction":[{"@type":"CommentAction","name":"Comment","target":["https:\/\/conversesacatalunya.cat\/?p=91057#respond"]}]},{"@type":"WebPage","@id":"https:\/\/conversesacatalunya.cat\/?p=91057","url":"https:\/\/conversesacatalunya.cat\/?p=91057","name":"Delcygate y m\u00e1s all\u00e1: la red internacional de favores del sanchismo - Converses a Catalunya","isPartOf":{"@id":"https:\/\/conversesacatalunya.cat\/#website"},"primaryImageOfPage":{"@id":"https:\/\/conversesacatalunya.cat\/?p=91057#primaryimage"},"image":{"@id":"https:\/\/conversesacatalunya.cat\/?p=91057#primaryimage"},"thumbnailUrl":"https:\/\/conversesacatalunya.cat\/wp-content\/uploads\/2025\/07\/Captura-8.jpg","datePublished":"2025-08-06T06:29:26+00:00","author":{"@id":"https:\/\/conversesacatalunya.cat\/#\/schema\/person\/79bd0577b2f3afc8d6519d207c6e8609"},"description":"En la investigaci\u00f3n de la trama Koldo, se ha sabido que V\u00edctor de Aldama tambi\u00e9n estuvo en Barajas durante el Delcygate acompa\u00f1ando a \u00c1balos","breadcrumb":{"@id":"https:\/\/conversesacatalunya.cat\/?p=91057#breadcrumb"},"inLanguage":"es","potentialAction":[{"@type":"ReadAction","target":["https:\/\/conversesacatalunya.cat\/?p=91057"]}]},{"@type":"ImageObject","inLanguage":"es","@id":"https:\/\/conversesacatalunya.cat\/?p=91057#primaryimage","url":"https:\/\/conversesacatalunya.cat\/wp-content\/uploads\/2025\/07\/Captura-8.jpg","contentUrl":"https:\/\/conversesacatalunya.cat\/wp-content\/uploads\/2025\/07\/Captura-8.jpg","width":544,"height":353,"caption":"Delcygate"},{"@type":"BreadcrumbList","@id":"https:\/\/conversesacatalunya.cat\/?p=91057#breadcrumb","itemListElement":[{"@type":"ListItem","position":1,"name":"Inici","item":"https:\/\/conversesacatalunya.cat\/es\/"},{"@type":"ListItem","position":2,"name":"Delcygate y m\u00e1s all\u00e1: la red internacional de favores del sanchismo"}]},{"@type":"WebSite","@id":"https:\/\/conversesacatalunya.cat\/#website","url":"https:\/\/conversesacatalunya.cat\/","name":"Converses a Catalunya","description":"","potentialAction":[{"@type":"SearchAction","target":{"@type":"EntryPoint","urlTemplate":"https:\/\/conversesacatalunya.cat\/?s={search_term_string}"},"query-input":{"@type":"PropertyValueSpecification","valueRequired":true,"valueName":"search_term_string"}}],"inLanguage":"es"},{"@type":"Person","@id":"https:\/\/conversesacatalunya.cat\/#\/schema\/person\/79bd0577b2f3afc8d6519d207c6e8609","name":"Enric Casanovas","image":{"@type":"ImageObject","inLanguage":"es","@id":"https:\/\/conversesacatalunya.cat\/#\/schema\/person\/image\/","url":"https:\/\/conversesacatalunya.cat\/wp-content\/litespeed\/avatar\/7ae4379ad4421ec77820e92afd36dd78.jpg?ver=1777373933","contentUrl":"https:\/\/conversesacatalunya.cat\/wp-content\/litespeed\/avatar\/7ae4379ad4421ec77820e92afd36dd78.jpg?ver=1777373933","caption":"Enric Casanovas"},"url":"https:\/\/conversesacatalunya.cat\/es\/author\/enric-casanovas\/"}]}},"wps_subtitle":"Uno de los aspectos m\u00e1s llamativos del entramado de poder socialista es su\u00a0 proyecci\u00f3n internacional, particularmente el nexo con Venezuela.","_links":{"self":[{"href":"https:\/\/conversesacatalunya.cat\/es\/wp-json\/wp\/v2\/posts\/90541","targetHints":{"allow":["GET"]}}],"collection":[{"href":"https:\/\/conversesacatalunya.cat\/es\/wp-json\/wp\/v2\/posts"}],"about":[{"href":"https:\/\/conversesacatalunya.cat\/es\/wp-json\/wp\/v2\/types\/post"}],"author":[{"embeddable":true,"href":"https:\/\/conversesacatalunya.cat\/es\/wp-json\/wp\/v2\/users\/77"}],"replies":[{"embeddable":true,"href":"https:\/\/conversesacatalunya.cat\/es\/wp-json\/wp\/v2\/comments?post=90541"}],"version-history":[{"count":11,"href":"https:\/\/conversesacatalunya.cat\/es\/wp-json\/wp\/v2\/posts\/90541\/revisions"}],"predecessor-version":[{"id":91063,"href":"https:\/\/conversesacatalunya.cat\/es\/wp-json\/wp\/v2\/posts\/90541\/revisions\/91063"}],"wp:featuredmedia":[{"embeddable":true,"href":"https:\/\/conversesacatalunya.cat\/es\/wp-json\/wp\/v2\/media\/90542"}],"wp:attachment":[{"href":"https:\/\/conversesacatalunya.cat\/es\/wp-json\/wp\/v2\/media?parent=90541"}],"wp:term":[{"taxonomy":"category","embeddable":true,"href":"https:\/\/conversesacatalunya.cat\/es\/wp-json\/wp\/v2\/categories?post=90541"},{"taxonomy":"post_tag","embeddable":true,"href":"https:\/\/conversesacatalunya.cat\/es\/wp-json\/wp\/v2\/tags?post=90541"}],"curies":[{"name":"wp","href":"https:\/\/api.w.org\/{rel}","templated":true}]}}