{"id":90479,"date":"2025-07-17T11:14:51","date_gmt":"2025-07-17T09:14:51","guid":{"rendered":"https:\/\/conversesacatalunya.cat\/?p=90479"},"modified":"2025-07-17T12:17:41","modified_gmt":"2025-07-17T10:17:41","slug":"por-que-no-cae-el-psc-cataluna-pese-corrupcion","status":"publish","type":"post","link":"https:\/\/conversesacatalunya.cat\/es\/por-que-no-cae-el-psc-cataluna-pese-corrupcion\/","title":{"rendered":"\u00bfPor qu\u00e9 no cae el PSC en Catalu\u00f1a pese a la corrupci\u00f3n?"},"content":{"rendered":"<p>Catalu\u00f1a se ha convertido en el \u00faltimo gran baluarte del sanchismo. Y no solo porque, en su momento, con mayor\u00edas p\u00edrricas, consiguieran el Ayuntamiento <strong>(\u00a1gracias, PP!)<\/strong> o la Generalitat<strong> (\u00a1gracias, ERC!)<\/strong>, sino porque as\u00ed lo dicen las encuestas, como la del <span><a href=\"https:\/\/upceo.ceo.gencat.cat\/wsceop\/9788\/Dossier%20de%20premsa_1126.pdf\" target=\"_blank\" rel=\"noopener\">\u00faltimo bar\u00f3metro del Centre d\u2019Estudis d\u2019Opini\u00f3 de la Generalitat (CEO).<\/a><\/span><\/p>\n<p><img fetchpriority=\"high\" decoding=\"async\" class=\"alignnone wp-image-90480 size-full\" src=\"https:\/\/conversesacatalunya.cat\/wp-content\/uploads\/2025\/07\/Captura-7.jpg\" alt=\"\" width=\"579\" height=\"429\" srcset=\"https:\/\/conversesacatalunya.cat\/wp-content\/uploads\/2025\/07\/Captura-7.jpg 579w, https:\/\/conversesacatalunya.cat\/wp-content\/uploads\/2025\/07\/Captura-7-300x222.jpg 300w\" sizes=\"(max-width: 579px) 100vw, 579px\" \/><\/p>\n<p>Gobernar e inundar cada d\u00eda los peri\u00f3dicos con p\u00e1ginas de publicidad le sirve a <a href=\"https:\/\/conversesacatalunya.cat\/es\/salvador-illa-el-hombre-de-los-planes\/\" target=\"_blank\" rel=\"noopener\"><strong>Salvador Illa <\/strong><\/a>para mantenerse. Puede que empeore un poco, pero no pierde posiciones, a pesar de los esc\u00e1ndalos de corrupci\u00f3n. Parece que, para los votantes del PSC-PSOE en Catalu\u00f1a, meter mano en la caja o contratar \u201cse\u00f1oritas\u201d en empresas p\u00fablicas no es motivo de castigo electoral. Ya es mucho.<\/p>\n<p><strong>Junts,<\/strong> la te\u00f3rica alternativa que en realidad no lo es, no solo no remonta cabeza, sino que ve menguar sus posibilidades, al igual que <strong>ERC<\/strong>, el partido del extra\u00f1o prestigio, que mejora levemente. <strong>Los comunes<\/strong> siguen perdidos en su inanidad. Y lo realmente relevante del conjunto es el tir\u00f3n de <strong>Alian\u00e7a Catalana,<\/strong> que multiplica por cinco sus esca\u00f1os, supera a los inefables comuneros y al partido con los votantes de mayor renta per c\u00e1pita, <strong>la CUP<\/strong>, y se equipara \u2014o casi\u2014 a <strong>VOX,<\/strong> que tambi\u00e9n crece, aunque bastante menos.<\/p>\n<p><strong>El PP<\/strong> permanece anclado, con tendencia a la baja, y al alcance del <em>sorpasso<\/em> por parte de VOX, lo que ser\u00eda demoledor para sus expectativas en toda Espa\u00f1a. <strong>Quiz\u00e1s, en el pr\u00f3ximo siglo, el PP disponga de un partido serio y de verdad en Catalu\u00f1a.<\/strong><\/p>\n<h4><strong>Pero como siempre, el bar\u00f3metro del CEO da para mucho m\u00e1s. Es una excelente fuente de informaci\u00f3n, con las reservas del caso. <\/strong><\/h4>\n<p>Por ejemplo, la desviaci\u00f3n de la muestra respecto a la poblaci\u00f3n real en cap\u00edtulos tan significativos como lengua y nivel educativo es excesiva: +3 puntos porcentuales en favor del castellano, y +4 en favor de personas con estudios secundarios. Para un margen de error de +\/- 2,19%, esto resulta significativo.<\/p>\n<p>Queda claro que el gran problema de Catalu\u00f1a es <strong>la vivienda:<\/strong> el 21% lo se\u00f1ala as\u00ed. Pero eso tampoco pasa factura al PSOE, que lleva siete a\u00f1os gobernando. Se ha convertido en el gran problema desde noviembre del a\u00f1o pasado.<\/p>\n<p>Le sigue la <strong>insatisfacci\u00f3n pol\u00edtica<\/strong>, con un 14%, que ya es todo un cl\u00e1sico: desde hace a\u00f1os ocupa siempre un lugar destacado. Los partidos y las instituciones pol\u00edticas est\u00e1n haciendo mal su tarea, y eso se nota en muchas otras cuestiones.<\/p>\n<p>El tercer problema m\u00e1s citado es <strong>la inmigraci\u00f3n<\/strong>, con un 9%, pero atenci\u00f3n, porque su evoluci\u00f3n es preocupante.<\/p>\n<p>En el otro lado, es evidente que <strong>tres cuestiones han perdido mucha importancia<\/strong>: el paro y la precariedad, el funcionamiento de la econom\u00eda, y las relaciones Catalu\u00f1a-Espa\u00f1a. Este \u00faltimo dato es especialmente revelador del declive del independentismo, junto \u2014ya lo veremos otro d\u00eda\u2014 con la nula <em>chance<\/em> de <strong>Puigdemont <\/strong>de ser presidente de los catalanes. No es que no lo voten: es que lo rechazan.<\/p>\n<p>Existe cierta variaci\u00f3n en la apreciaci\u00f3n de los problemas seg\u00fan el partido votado y la edad del encuestado. En el primer caso, resulta sorprendente que los partidos m\u00e1s de izquierdas y m\u00e1s \u201cantisistema\u201d \u2014<strong>CUP y Comunes<\/strong>\u2014 <strong>sean los \u00fanicos<\/strong> que no ven la insatisfacci\u00f3n pol\u00edtica como primer o segundo problema. \u00bfSon los satisfechos?<\/p>\n<p>La vivienda es el principal problema para todos los grupos de edad, excepto para los mayores de 64 a\u00f1os, para quienes lo m\u00e1s destacado es la insatisfacci\u00f3n pol\u00edtica. Y, en la mayor\u00eda de las franjas de edad entre los 25 y los 64 a\u00f1os, esta insatisfacci\u00f3n pol\u00edtica ocupa el segundo lugar. Para los mayores de 64, es la vivienda. Y aqu\u00ed viene otra llamada de atenci\u00f3n: entre los m\u00e1s j\u00f3venes, <strong>de 18 a 24 a\u00f1os, la segunda cuesti\u00f3n problem\u00e1tica es la \u00a1inmigraci\u00f3n<\/strong>!<\/p>\n<p>La cuesti\u00f3n de Espa\u00f1a y Catalu\u00f1a solo mantiene cierto rescoldo <strong>entre los mayores de 65 a\u00f1os (11%).<\/strong> Si la din\u00e1mica contin\u00faa as\u00ed, el horizonte para el independentismo pinta de azul oscuro, m\u00e1s bien negro.<\/p>\n<p>Al hilo de la pol\u00edtica como problema \u2014cuando deber\u00eda formar parte de la soluci\u00f3n\u2014 hay un dato menospreciado por los comentarios medi\u00e1ticos y que es demoledor: <strong>alrededor del 28%<\/strong> de los encuestados (primera fuerza) considera que <strong>ning\u00fan partido<\/strong> est\u00e1 capacitado para resolver los problemas. Si a eso se suma <strong>un 16% que no sabe qu\u00e9 partido<\/strong> podr\u00eda tener esa capacidad, la suma nos sit\u00faa en un <strong>44%<\/strong> del electorado que no ve en los partidos la capacidad para resolver nuestros problemas. Esto explica muchas cosas y, si no cambia, afectar\u00e1 a muchas m\u00e1s en el futuro.<\/p>\n<h5><strong>En definitiva, la radiograf\u00eda ser\u00eda esta:<\/strong><\/h5>\n<p>La vivienda como gran obsesi\u00f3n, pero sin pasar factura; como tampoco lo hace la corrupci\u00f3n al socialismo reinante en Catalu\u00f1a. No mejora, claro, pero tampoco cae. La desafecci\u00f3n cr\u00edtica, la pol\u00edtica como problema, tiene ya una dimensi\u00f3n considerable. Y si crece un poco m\u00e1s, puede generar un verdadero conflicto al mezclarse con otras cuestiones, como la inmigraci\u00f3n, que crece de forma lenta pero continuada, y que ya es percibida como un problema grave por los m\u00e1s j\u00f3venes.<\/p>\n<span class='bctt-click-to-tweet'><span class='bctt-ctt-text'><a href='https:\/\/twitter.com\/intent\/tweet?url=https%3A%2F%2Fconversesacatalunya.cat%2Fes%2Fpor-que-no-cae-el-psc-cataluna-pese-corrupcion%2F&#038;text=El%20gran%20problema%20en%20Catalu%C3%B1a%20ya%20no%20es%20la%20independencia%3A%20es%20la%20vivienda%E2%80%A6%20y%20el%20PSC%20sigue%20imbatible.%20%23CEO%20%23Catalu%C3%B1a%20%23PSCCorrupci%C3%B3n&#038;via=conversesacat&#038;related=conversesacat' target='_blank'rel=\"noopener noreferrer\">El gran problema en Catalu\u00f1a ya no es la independencia: es la vivienda\u2026 y el PSC sigue imbatible. #CEO #Catalu\u00f1a #PSCCorrupci\u00f3n <\/a><\/span><a href='https:\/\/twitter.com\/intent\/tweet?url=https%3A%2F%2Fconversesacatalunya.cat%2Fes%2Fpor-que-no-cae-el-psc-cataluna-pese-corrupcion%2F&#038;text=El%20gran%20problema%20en%20Catalu%C3%B1a%20ya%20no%20es%20la%20independencia%3A%20es%20la%20vivienda%E2%80%A6%20y%20el%20PSC%20sigue%20imbatible.%20%23CEO%20%23Catalu%C3%B1a%20%23PSCCorrupci%C3%B3n&#038;via=conversesacat&#038;related=conversesacat' target='_blank' class='bctt-ctt-btn'rel=\"noopener noreferrer\">Compartir en X<\/a><\/span>\n<div id=\"polls-292\" class=\"wp-polls\">\n\t<form id=\"polls_form_292\" class=\"wp-polls-form\" action=\"\/index.php\" method=\"post\">\n\t\t<p style=\"display: none;\"><input type=\"hidden\" id=\"poll_292_nonce\" name=\"wp-polls-nonce\" value=\"95f0118e20\" \/><\/p>\n\t\t<p style=\"display: none;\"><input type=\"hidden\" name=\"poll_id\" value=\"292\" \/><\/p>\n\t\t<p style=\"text-align: center\"><strong>Donada la volguda ambig\u00fcitat del pacte sobre finan\u00e7ament singular de Catalunya, creus que a l'hora de la veritat aportar\u00e0 avantatges significatius?<\/strong><\/p><div id=\"polls-292-ans\" class=\"wp-polls-ans\"><ul class=\"wp-polls-ul\">\n\t\t<li><input type=\"radio\" id=\"poll-answer-833\" name=\"poll_292\" value=\"833\" \/> <label for=\"poll-answer-833\">S\u00ed<\/label><\/li>\n\t\t<li><input type=\"radio\" id=\"poll-answer-834\" name=\"poll_292\" value=\"834\" \/> <label for=\"poll-answer-834\">No<\/label><\/li>\n\t\t<li><input type=\"radio\" id=\"poll-answer-835\" name=\"poll_292\" value=\"835\" \/> <label for=\"poll-answer-835\">No ho s\u00e9<\/label><\/li>\n\t\t<\/ul><p style=\"text-align: center\"><input type=\"button\" name=\"vote\" value=\"   Vota   \" class=\"Buttons\" onclick=\"poll_vote(292);\" \/><\/p><p style=\"text-align: center\"><a href=\"#ViewPollResults\" onclick=\"poll_result(292); return false;\" title=\"View Results Of This Poll\">Mira els resultats<\/a><\/p><\/div>\n\t<\/form>\n<\/div>\n<div id=\"polls-292-loading\" class=\"wp-polls-loading\"><img decoding=\"async\" data-src=\"https:\/\/conversesacatalunya.cat\/wp-content\/plugins\/wp-polls\/images\/loading.gif\" width=\"16\" height=\"16\" alt=\"Cargando ...\" title=\"Cargando ...\" class=\"wp-polls-image lazyload\" src=\"data:image\/svg+xml;base64,PHN2ZyB3aWR0aD0iMSIgaGVpZ2h0PSIxIiB4bWxucz0iaHR0cDovL3d3dy53My5vcmcvMjAwMC9zdmciPjwvc3ZnPg==\" style=\"--smush-placeholder-width: 16px; --smush-placeholder-aspect-ratio: 16\/16;\" \/>&nbsp;Cargando ...<\/div>\n\n","protected":false},"excerpt":{"rendered":"<p>Catalu\u00f1a se ha convertido en el \u00faltimo gran baluarte del sanchismo. Y no solo porque, en su momento, con mayor\u00edas p\u00edrricas, consiguieran el Ayuntamiento (\u00a1gracias, PP!) o la Generalitat (\u00a1gracias, ERC!), sino porque as\u00ed lo dicen las encuestas, como la del \u00faltimo bar\u00f3metro del Centre d\u2019Estudis d\u2019Opini\u00f3 de la Generalitat (CEO). Gobernar e inundar cada d\u00eda los peri\u00f3dicos con p\u00e1ginas de publicidad le sirve a Salvador Illa para mantenerse. Puede que empeore un poco, pero no pierde posiciones, a pesar de los esc\u00e1ndalos de corrupci\u00f3n. Parece que, para los votantes del PSC-PSOE en Catalu\u00f1a, meter mano en la caja o contratar \u201cse\u00f1oritas\u201d en empresas p\u00fablicas no es motivo de castigo electoral. Ya es mucho. Junts, la te\u00f3rica alternativa que en realidad no lo es, no solo no remonta cabeza, sino que ve menguar sus posibilidades, al igual que ERC, el partido del extra\u00f1o prestigio, que mejora levemente. Los comunes siguen perdidos en su inanidad. Y lo realmente relevante del conjunto es el tir\u00f3n de Alian\u00e7a Catalana, que multiplica por cinco sus esca\u00f1os, supera a los inefables comuneros y al partido con los votantes de mayor renta per c\u00e1pita, la CUP, y se equipara \u2014o casi\u2014 a VOX, que tambi\u00e9n crece, aunque bastante menos. El PP permanece anclado, con tendencia a la baja, y al alcance del sorpasso por parte de VOX, lo que ser\u00eda demoledor para sus expectativas en toda Espa\u00f1a. Quiz\u00e1s, en el pr\u00f3ximo siglo, el PP disponga de un partido serio y de verdad en Catalu\u00f1a. Pero como siempre, el bar\u00f3metro del CEO da para mucho m\u00e1s. Es una excelente fuente de informaci\u00f3n, con las reservas del caso. Por ejemplo, la desviaci\u00f3n de la muestra respecto a la poblaci\u00f3n real en cap\u00edtulos tan significativos como lengua y nivel educativo es excesiva: +3 puntos porcentuales en favor del castellano, y +4 en favor de personas con estudios secundarios. Para un margen de error de +\/- 2,19%, esto resulta significativo. Queda claro que el gran problema de Catalu\u00f1a es la vivienda: el 21% lo se\u00f1ala as\u00ed. Pero eso tampoco pasa factura al PSOE, que lleva siete a\u00f1os gobernando. Se ha convertido en el gran problema desde noviembre del a\u00f1o pasado. Le sigue la insatisfacci\u00f3n pol\u00edtica, con un 14%, que ya es todo un cl\u00e1sico: desde hace a\u00f1os ocupa siempre un lugar destacado. Los partidos y las instituciones pol\u00edticas est\u00e1n haciendo mal su tarea, y eso se nota en muchas otras cuestiones. El tercer problema m\u00e1s citado es la inmigraci\u00f3n, con un 9%, pero atenci\u00f3n, porque su evoluci\u00f3n es preocupante. En el otro lado, es evidente que tres cuestiones han perdido mucha importancia: el paro y la precariedad, el funcionamiento de la econom\u00eda, y las relaciones Catalu\u00f1a-Espa\u00f1a. Este \u00faltimo dato es especialmente revelador del declive del independentismo, junto \u2014ya lo veremos otro d\u00eda\u2014 con la nula chance de Puigdemont de ser presidente de los catalanes. No es que no lo voten: es que lo rechazan. Existe cierta variaci\u00f3n en la apreciaci\u00f3n de los problemas seg\u00fan el partido votado y la edad del encuestado. En el primer caso, resulta sorprendente que los partidos m\u00e1s de izquierdas y m\u00e1s \u201cantisistema\u201d \u2014CUP y Comunes\u2014 sean los \u00fanicos que no ven la insatisfacci\u00f3n pol\u00edtica como primer o segundo problema. \u00bfSon los satisfechos? La vivienda es el principal problema para todos los grupos de edad, excepto para los mayores de 64 a\u00f1os, para quienes lo m\u00e1s destacado es la insatisfacci\u00f3n pol\u00edtica. Y, en la mayor\u00eda de las franjas de edad entre los 25 y los 64 a\u00f1os, esta insatisfacci\u00f3n pol\u00edtica ocupa el segundo lugar. Para los mayores de 64, es la vivienda. Y aqu\u00ed viene otra llamada de atenci\u00f3n: entre los m\u00e1s j\u00f3venes, de 18 a 24 a\u00f1os, la segunda cuesti\u00f3n problem\u00e1tica es la \u00a1inmigraci\u00f3n! La cuesti\u00f3n de Espa\u00f1a y Catalu\u00f1a solo mantiene cierto rescoldo entre los mayores de 65 a\u00f1os (11%). Si la din\u00e1mica contin\u00faa as\u00ed, el horizonte para el independentismo pinta de azul oscuro, m\u00e1s bien negro. Al hilo de la pol\u00edtica como problema \u2014cuando deber\u00eda formar parte de la soluci\u00f3n\u2014 hay un dato menospreciado por los comentarios medi\u00e1ticos y que es demoledor: alrededor del 28% de los encuestados (primera fuerza) considera que ning\u00fan partido est\u00e1 capacitado para resolver los problemas. Si a eso se suma un 16% que no sabe qu\u00e9 partido podr\u00eda tener esa capacidad, la suma nos sit\u00faa en un 44% del electorado que no ve en los partidos la capacidad para resolver nuestros problemas. Esto explica muchas cosas y, si no cambia, afectar\u00e1 a muchas m\u00e1s en el futuro. En definitiva, la radiograf\u00eda ser\u00eda esta: La vivienda como gran obsesi\u00f3n, pero sin pasar factura; como tampoco lo hace la corrupci\u00f3n al socialismo reinante en Catalu\u00f1a. No mejora, claro, pero tampoco cae. La desafecci\u00f3n cr\u00edtica, la pol\u00edtica como problema, tiene ya una dimensi\u00f3n considerable. Y si crece un poco m\u00e1s, puede generar un verdadero conflicto al mezclarse con otras cuestiones, como la inmigraci\u00f3n, que crece de forma lenta pero continuada, y que ya es percibida como un problema grave por los m\u00e1s j\u00f3venes.<\/p>\n","protected":false},"author":80,"featured_media":90482,"comment_status":"open","ping_status":"open","sticky":false,"template":"","format":"standard","meta":{"_FSMCFIC_featured_image_caption":"","_FSMCFIC_featured_image_nocaption":"","_FSMCFIC_featured_image_hide":"","footnotes":""},"categories":[806],"tags":[950],"class_list":["post-90479","post","type-post","status-publish","format-standard","has-post-thumbnail","hentry","category-punts-claus-del-dia-es","tag-ceo-es"],"yoast_head":"<!-- This site is optimized with the Yoast SEO plugin v26.8 - https:\/\/yoast.com\/product\/yoast-seo-wordpress\/ -->\n<title>\u00bfPor qu\u00e9 no cae el PSC en Catalu\u00f1a pese a la corrupci\u00f3n? - Converses a Catalunya<\/title>\n<meta name=\"description\" content=\"PSC Catalu\u00f1a se consolida como basti\u00f3n del sanchismo pese a la corrupci\u00f3n y la crisis de vivienda. El Bar\u00f3metro del CEO lo revela\" \/>\n<meta name=\"robots\" content=\"index, follow, max-snippet:-1, max-image-preview:large, max-video-preview:-1\" \/>\n<link rel=\"canonical\" href=\"https:\/\/conversesacatalunya.cat\/es\/por-que-no-cae-el-psc-cataluna-pese-corrupcion\/\" \/>\n<meta property=\"og:locale\" content=\"es_ES\" \/>\n<meta property=\"og:type\" content=\"article\" \/>\n<meta property=\"og:title\" content=\"\u00bfPor qu\u00e9 no cae el PSC en Catalu\u00f1a pese a la corrupci\u00f3n? - Converses a Catalunya\" \/>\n<meta property=\"og:description\" content=\"PSC Catalu\u00f1a se consolida como basti\u00f3n del sanchismo pese a la corrupci\u00f3n y la crisis de vivienda. El Bar\u00f3metro del CEO lo revela\" \/>\n<meta property=\"og:url\" content=\"https:\/\/conversesacatalunya.cat\/es\/por-que-no-cae-el-psc-cataluna-pese-corrupcion\/\" \/>\n<meta property=\"og:site_name\" content=\"Converses a Catalunya\" \/>\n<meta property=\"article:published_time\" content=\"2025-07-17T09:14:51+00:00\" \/>\n<meta property=\"article:modified_time\" content=\"2025-07-17T10:17:41+00:00\" \/>\n<meta property=\"og:image\" content=\"https:\/\/conversesacatalunya.cat\/wp-content\/uploads\/2025\/07\/PSC.jpg\" \/>\n\t<meta property=\"og:image:width\" content=\"494\" \/>\n\t<meta property=\"og:image:height\" content=\"543\" \/>\n\t<meta property=\"og:image:type\" content=\"image\/jpeg\" \/>\n<meta name=\"author\" content=\"N\u00faria Freixa\" \/>\n<meta name=\"twitter:card\" content=\"summary_large_image\" \/>\n<meta name=\"twitter:label1\" content=\"Escrito por\" \/>\n\t<meta name=\"twitter:data1\" content=\"N\u00faria Freixa\" \/>\n\t<meta name=\"twitter:label2\" content=\"Tiempo de lectura\" \/>\n\t<meta name=\"twitter:data2\" content=\"5 minutos\" \/>\n<script type=\"application\/ld+json\" class=\"yoast-schema-graph\">{\"@context\":\"https:\/\/schema.org\",\"@graph\":[{\"@type\":\"Article\",\"@id\":\"https:\/\/conversesacatalunya.cat\/es\/por-que-no-cae-el-psc-cataluna-pese-corrupcion\/#article\",\"isPartOf\":{\"@id\":\"https:\/\/conversesacatalunya.cat\/es\/por-que-no-cae-el-psc-cataluna-pese-corrupcion\/\"},\"author\":{\"name\":\"N\u00faria Freixa\",\"@id\":\"https:\/\/conversesacatalunya.cat\/#\/schema\/person\/b734752c25b328c819a407cbea568c1f\"},\"headline\":\"\u00bfPor qu\u00e9 no cae el PSC en Catalu\u00f1a pese a la corrupci\u00f3n?\",\"datePublished\":\"2025-07-17T09:14:51+00:00\",\"dateModified\":\"2025-07-17T10:17:41+00:00\",\"mainEntityOfPage\":{\"@id\":\"https:\/\/conversesacatalunya.cat\/es\/por-que-no-cae-el-psc-cataluna-pese-corrupcion\/\"},\"wordCount\":959,\"commentCount\":0,\"image\":{\"@id\":\"https:\/\/conversesacatalunya.cat\/es\/por-que-no-cae-el-psc-cataluna-pese-corrupcion\/#primaryimage\"},\"thumbnailUrl\":\"https:\/\/conversesacatalunya.cat\/wp-content\/uploads\/2025\/07\/PSC.jpg\",\"keywords\":[\"CEO\"],\"articleSection\":[\"Punts clau del dia (ES)\"],\"inLanguage\":\"es\",\"potentialAction\":[{\"@type\":\"CommentAction\",\"name\":\"Comment\",\"target\":[\"https:\/\/conversesacatalunya.cat\/es\/por-que-no-cae-el-psc-cataluna-pese-corrupcion\/#respond\"]}]},{\"@type\":\"WebPage\",\"@id\":\"https:\/\/conversesacatalunya.cat\/es\/por-que-no-cae-el-psc-cataluna-pese-corrupcion\/\",\"url\":\"https:\/\/conversesacatalunya.cat\/es\/por-que-no-cae-el-psc-cataluna-pese-corrupcion\/\",\"name\":\"\u00bfPor qu\u00e9 no cae el PSC en Catalu\u00f1a pese a la corrupci\u00f3n? - Converses a Catalunya\",\"isPartOf\":{\"@id\":\"https:\/\/conversesacatalunya.cat\/#website\"},\"primaryImageOfPage\":{\"@id\":\"https:\/\/conversesacatalunya.cat\/es\/por-que-no-cae-el-psc-cataluna-pese-corrupcion\/#primaryimage\"},\"image\":{\"@id\":\"https:\/\/conversesacatalunya.cat\/es\/por-que-no-cae-el-psc-cataluna-pese-corrupcion\/#primaryimage\"},\"thumbnailUrl\":\"https:\/\/conversesacatalunya.cat\/wp-content\/uploads\/2025\/07\/PSC.jpg\",\"datePublished\":\"2025-07-17T09:14:51+00:00\",\"dateModified\":\"2025-07-17T10:17:41+00:00\",\"author\":{\"@id\":\"https:\/\/conversesacatalunya.cat\/#\/schema\/person\/b734752c25b328c819a407cbea568c1f\"},\"description\":\"PSC Catalu\u00f1a se consolida como basti\u00f3n del sanchismo pese a la corrupci\u00f3n y la crisis de vivienda. El Bar\u00f3metro del CEO lo revela\",\"breadcrumb\":{\"@id\":\"https:\/\/conversesacatalunya.cat\/es\/por-que-no-cae-el-psc-cataluna-pese-corrupcion\/#breadcrumb\"},\"inLanguage\":\"es\",\"potentialAction\":[{\"@type\":\"ReadAction\",\"target\":[\"https:\/\/conversesacatalunya.cat\/es\/por-que-no-cae-el-psc-cataluna-pese-corrupcion\/\"]}]},{\"@type\":\"ImageObject\",\"inLanguage\":\"es\",\"@id\":\"https:\/\/conversesacatalunya.cat\/es\/por-que-no-cae-el-psc-cataluna-pese-corrupcion\/#primaryimage\",\"url\":\"https:\/\/conversesacatalunya.cat\/wp-content\/uploads\/2025\/07\/PSC.jpg\",\"contentUrl\":\"https:\/\/conversesacatalunya.cat\/wp-content\/uploads\/2025\/07\/PSC.jpg\",\"width\":494,\"height\":543,\"caption\":\"corrupci\u00f3n PSC Catalu\u00f1a\"},{\"@type\":\"BreadcrumbList\",\"@id\":\"https:\/\/conversesacatalunya.cat\/es\/por-que-no-cae-el-psc-cataluna-pese-corrupcion\/#breadcrumb\",\"itemListElement\":[{\"@type\":\"ListItem\",\"position\":1,\"name\":\"Inici\",\"item\":\"https:\/\/conversesacatalunya.cat\/es\/\"},{\"@type\":\"ListItem\",\"position\":2,\"name\":\"\u00bfPor qu\u00e9 no cae el PSC en Catalu\u00f1a pese a la corrupci\u00f3n?\"}]},{\"@type\":\"WebSite\",\"@id\":\"https:\/\/conversesacatalunya.cat\/#website\",\"url\":\"https:\/\/conversesacatalunya.cat\/\",\"name\":\"Converses a Catalunya\",\"description\":\"\",\"potentialAction\":[{\"@type\":\"SearchAction\",\"target\":{\"@type\":\"EntryPoint\",\"urlTemplate\":\"https:\/\/conversesacatalunya.cat\/?s={search_term_string}\"},\"query-input\":{\"@type\":\"PropertyValueSpecification\",\"valueRequired\":true,\"valueName\":\"search_term_string\"}}],\"inLanguage\":\"es\"},{\"@type\":\"Person\",\"@id\":\"https:\/\/conversesacatalunya.cat\/#\/schema\/person\/b734752c25b328c819a407cbea568c1f\",\"name\":\"N\u00faria Freixa\",\"image\":{\"@type\":\"ImageObject\",\"inLanguage\":\"es\",\"@id\":\"https:\/\/conversesacatalunya.cat\/#\/schema\/person\/image\/\",\"url\":\"https:\/\/conversesacatalunya.cat\/wp-content\/litespeed\/avatar\/c3686e387186fed249338fe04729c597.jpg?ver=1777289182\",\"contentUrl\":\"https:\/\/conversesacatalunya.cat\/wp-content\/litespeed\/avatar\/c3686e387186fed249338fe04729c597.jpg?ver=1777289182\",\"caption\":\"N\u00faria Freixa\"},\"url\":\"https:\/\/conversesacatalunya.cat\/es\/author\/nuria_freixa\/\"}]}<\/script>\n<!-- \/ Yoast SEO plugin. -->","yoast_head_json":{"title":"\u00bfPor qu\u00e9 no cae el PSC en Catalu\u00f1a pese a la corrupci\u00f3n? - Converses a Catalunya","description":"PSC Catalu\u00f1a se consolida como basti\u00f3n del sanchismo pese a la corrupci\u00f3n y la crisis de vivienda. El Bar\u00f3metro del CEO lo revela","robots":{"index":"index","follow":"follow","max-snippet":"max-snippet:-1","max-image-preview":"max-image-preview:large","max-video-preview":"max-video-preview:-1"},"canonical":"https:\/\/conversesacatalunya.cat\/es\/por-que-no-cae-el-psc-cataluna-pese-corrupcion\/","og_locale":"es_ES","og_type":"article","og_title":"\u00bfPor qu\u00e9 no cae el PSC en Catalu\u00f1a pese a la corrupci\u00f3n? - Converses a Catalunya","og_description":"PSC Catalu\u00f1a se consolida como basti\u00f3n del sanchismo pese a la corrupci\u00f3n y la crisis de vivienda. El Bar\u00f3metro del CEO lo revela","og_url":"https:\/\/conversesacatalunya.cat\/es\/por-que-no-cae-el-psc-cataluna-pese-corrupcion\/","og_site_name":"Converses a Catalunya","article_published_time":"2025-07-17T09:14:51+00:00","article_modified_time":"2025-07-17T10:17:41+00:00","og_image":[{"width":494,"height":543,"url":"https:\/\/conversesacatalunya.cat\/wp-content\/uploads\/2025\/07\/PSC.jpg","type":"image\/jpeg"}],"author":"N\u00faria Freixa","twitter_card":"summary_large_image","twitter_misc":{"Escrito por":"N\u00faria Freixa","Tiempo de lectura":"5 minutos"},"schema":{"@context":"https:\/\/schema.org","@graph":[{"@type":"Article","@id":"https:\/\/conversesacatalunya.cat\/es\/por-que-no-cae-el-psc-cataluna-pese-corrupcion\/#article","isPartOf":{"@id":"https:\/\/conversesacatalunya.cat\/es\/por-que-no-cae-el-psc-cataluna-pese-corrupcion\/"},"author":{"name":"N\u00faria Freixa","@id":"https:\/\/conversesacatalunya.cat\/#\/schema\/person\/b734752c25b328c819a407cbea568c1f"},"headline":"\u00bfPor qu\u00e9 no cae el PSC en Catalu\u00f1a pese a la corrupci\u00f3n?","datePublished":"2025-07-17T09:14:51+00:00","dateModified":"2025-07-17T10:17:41+00:00","mainEntityOfPage":{"@id":"https:\/\/conversesacatalunya.cat\/es\/por-que-no-cae-el-psc-cataluna-pese-corrupcion\/"},"wordCount":959,"commentCount":0,"image":{"@id":"https:\/\/conversesacatalunya.cat\/es\/por-que-no-cae-el-psc-cataluna-pese-corrupcion\/#primaryimage"},"thumbnailUrl":"https:\/\/conversesacatalunya.cat\/wp-content\/uploads\/2025\/07\/PSC.jpg","keywords":["CEO"],"articleSection":["Punts clau del dia (ES)"],"inLanguage":"es","potentialAction":[{"@type":"CommentAction","name":"Comment","target":["https:\/\/conversesacatalunya.cat\/es\/por-que-no-cae-el-psc-cataluna-pese-corrupcion\/#respond"]}]},{"@type":"WebPage","@id":"https:\/\/conversesacatalunya.cat\/es\/por-que-no-cae-el-psc-cataluna-pese-corrupcion\/","url":"https:\/\/conversesacatalunya.cat\/es\/por-que-no-cae-el-psc-cataluna-pese-corrupcion\/","name":"\u00bfPor qu\u00e9 no cae el PSC en Catalu\u00f1a pese a la corrupci\u00f3n? - Converses a Catalunya","isPartOf":{"@id":"https:\/\/conversesacatalunya.cat\/#website"},"primaryImageOfPage":{"@id":"https:\/\/conversesacatalunya.cat\/es\/por-que-no-cae-el-psc-cataluna-pese-corrupcion\/#primaryimage"},"image":{"@id":"https:\/\/conversesacatalunya.cat\/es\/por-que-no-cae-el-psc-cataluna-pese-corrupcion\/#primaryimage"},"thumbnailUrl":"https:\/\/conversesacatalunya.cat\/wp-content\/uploads\/2025\/07\/PSC.jpg","datePublished":"2025-07-17T09:14:51+00:00","dateModified":"2025-07-17T10:17:41+00:00","author":{"@id":"https:\/\/conversesacatalunya.cat\/#\/schema\/person\/b734752c25b328c819a407cbea568c1f"},"description":"PSC Catalu\u00f1a se consolida como basti\u00f3n del sanchismo pese a la corrupci\u00f3n y la crisis de vivienda. El Bar\u00f3metro del CEO lo revela","breadcrumb":{"@id":"https:\/\/conversesacatalunya.cat\/es\/por-que-no-cae-el-psc-cataluna-pese-corrupcion\/#breadcrumb"},"inLanguage":"es","potentialAction":[{"@type":"ReadAction","target":["https:\/\/conversesacatalunya.cat\/es\/por-que-no-cae-el-psc-cataluna-pese-corrupcion\/"]}]},{"@type":"ImageObject","inLanguage":"es","@id":"https:\/\/conversesacatalunya.cat\/es\/por-que-no-cae-el-psc-cataluna-pese-corrupcion\/#primaryimage","url":"https:\/\/conversesacatalunya.cat\/wp-content\/uploads\/2025\/07\/PSC.jpg","contentUrl":"https:\/\/conversesacatalunya.cat\/wp-content\/uploads\/2025\/07\/PSC.jpg","width":494,"height":543,"caption":"corrupci\u00f3n PSC Catalu\u00f1a"},{"@type":"BreadcrumbList","@id":"https:\/\/conversesacatalunya.cat\/es\/por-que-no-cae-el-psc-cataluna-pese-corrupcion\/#breadcrumb","itemListElement":[{"@type":"ListItem","position":1,"name":"Inici","item":"https:\/\/conversesacatalunya.cat\/es\/"},{"@type":"ListItem","position":2,"name":"\u00bfPor qu\u00e9 no cae el PSC en Catalu\u00f1a pese a la corrupci\u00f3n?"}]},{"@type":"WebSite","@id":"https:\/\/conversesacatalunya.cat\/#website","url":"https:\/\/conversesacatalunya.cat\/","name":"Converses a Catalunya","description":"","potentialAction":[{"@type":"SearchAction","target":{"@type":"EntryPoint","urlTemplate":"https:\/\/conversesacatalunya.cat\/?s={search_term_string}"},"query-input":{"@type":"PropertyValueSpecification","valueRequired":true,"valueName":"search_term_string"}}],"inLanguage":"es"},{"@type":"Person","@id":"https:\/\/conversesacatalunya.cat\/#\/schema\/person\/b734752c25b328c819a407cbea568c1f","name":"N\u00faria Freixa","image":{"@type":"ImageObject","inLanguage":"es","@id":"https:\/\/conversesacatalunya.cat\/#\/schema\/person\/image\/","url":"https:\/\/conversesacatalunya.cat\/wp-content\/litespeed\/avatar\/c3686e387186fed249338fe04729c597.jpg?ver=1777289182","contentUrl":"https:\/\/conversesacatalunya.cat\/wp-content\/litespeed\/avatar\/c3686e387186fed249338fe04729c597.jpg?ver=1777289182","caption":"N\u00faria Freixa"},"url":"https:\/\/conversesacatalunya.cat\/es\/author\/nuria_freixa\/"}]}},"wps_subtitle":"Catalu\u00f1a se ha convertido en el \u00faltimo gran baluarte del sanchismo. Y no solo porque, en su momento, con mayor\u00edas p\u00edrricas, consiguieran el Ayuntamiento (\u00a1gracias, PP!) o la Generalitat (\u00a1gracias, ERC!), sino porque as\u00ed lo dicen las encuestas","_links":{"self":[{"href":"https:\/\/conversesacatalunya.cat\/es\/wp-json\/wp\/v2\/posts\/90479","targetHints":{"allow":["GET"]}}],"collection":[{"href":"https:\/\/conversesacatalunya.cat\/es\/wp-json\/wp\/v2\/posts"}],"about":[{"href":"https:\/\/conversesacatalunya.cat\/es\/wp-json\/wp\/v2\/types\/post"}],"author":[{"embeddable":true,"href":"https:\/\/conversesacatalunya.cat\/es\/wp-json\/wp\/v2\/users\/80"}],"replies":[{"embeddable":true,"href":"https:\/\/conversesacatalunya.cat\/es\/wp-json\/wp\/v2\/comments?post=90479"}],"version-history":[{"count":7,"href":"https:\/\/conversesacatalunya.cat\/es\/wp-json\/wp\/v2\/posts\/90479\/revisions"}],"predecessor-version":[{"id":90507,"href":"https:\/\/conversesacatalunya.cat\/es\/wp-json\/wp\/v2\/posts\/90479\/revisions\/90507"}],"wp:featuredmedia":[{"embeddable":true,"href":"https:\/\/conversesacatalunya.cat\/es\/wp-json\/wp\/v2\/media\/90482"}],"wp:attachment":[{"href":"https:\/\/conversesacatalunya.cat\/es\/wp-json\/wp\/v2\/media?parent=90479"}],"wp:term":[{"taxonomy":"category","embeddable":true,"href":"https:\/\/conversesacatalunya.cat\/es\/wp-json\/wp\/v2\/categories?post=90479"},{"taxonomy":"post_tag","embeddable":true,"href":"https:\/\/conversesacatalunya.cat\/es\/wp-json\/wp\/v2\/tags?post=90479"}],"curies":[{"name":"wp","href":"https:\/\/api.w.org\/{rel}","templated":true}]}}