{"id":90448,"date":"2025-07-16T10:43:21","date_gmt":"2025-07-16T08:43:21","guid":{"rendered":"https:\/\/conversesacatalunya.cat\/?p=90448"},"modified":"2025-07-16T11:12:47","modified_gmt":"2025-07-16T09:12:47","slug":"el-hombre-el-sospechoso-habitual-masculinidades-y-un-carpintero","status":"publish","type":"post","link":"https:\/\/conversesacatalunya.cat\/es\/el-hombre-el-sospechoso-habitual-masculinidades-y-un-carpintero\/","title":{"rendered":"El hombre, el sospechoso habitual: apuntes sobre, masculinidades y un carpintero de otro tiempo"},"content":{"rendered":"<p>Vivimos tiempos curiosos. Quiz\u00e1 no peores que otros, pero s\u00ed m\u00e1s confusos. Y entre todas las confusiones, pocas tan exitosas como la que ha logrado convertir <strong>al var\u00f3n<\/strong> \u2014en general y sin matices\u2014 en el <strong>gran sospechoso<\/strong> de nuestro tiempo. No hablamos aqu\u00ed del violento, el corrupto o el irresponsable, sino del hombre a secas. El que se levanta temprano, paga facturas, lleva a los ni\u00f1os al colegio y pregunta en voz baja si alguien ha visto el mando de la tele. Ese. Sospechoso.<\/p>\n<p>La ingenier\u00eda social ha hecho del hombre corriente un problema a resolver. As\u00ed han proliferado, con entusiasmo casi religioso, los talleres de <strong>\u201c<a href=\"https:\/\/conversesacatalunya.cat\/es\/nuevas-masculinidades-hombre\/\" target=\"_blank\" rel=\"noopener\">nuevas masculinidades<\/a>\u201d<\/strong>. Se imparten en ayuntamientos, escuelas y universidades, como si la soluci\u00f3n a todos los males pasara por ense\u00f1ar a los hombres a llorar en grupo, renunciar a su \u201cprivilegio\u201d y repetir que su padre lo hizo todo mal. <strong>Se les convida a deconstruirse<\/strong> \u2014no a construirse mejor\u2014 y se les invita a no ser ellos mismos, sino versiones pol\u00edticamente aceptables de algo que no se parezca demasiado a un hombre.<\/p>\n<p>El resultado, sin embargo, no entusiasma a nadie. Ni a las mujeres que buscaban aliados firmes, ni a los hombres que intu\u00edan <strong>que hab\u00eda algo m\u00e1s grande<\/strong> que pedir perd\u00f3n por ser quienes son. Y aqu\u00ed entra, de forma inesperada, pero profundamente elocuente, un personaje que Occidente parece haber olvidado: <strong>un tal Jos\u00e9, carpintero de Nazaret, esposo de Mar\u00eda<\/strong> y figura silenciosa de una virilidad serena, fecunda y confiable.<\/p>\n<p><strong>San Jos\u00e9,<\/strong> s\u00ed. No por m\u00edstica devoci\u00f3n ni por nostalgia eclesi\u00e1stica, sino porque representa \u2014sin discursos, sin pancartas, sin aplausos\u2014 lo que muchas ideolog\u00edas modernas han intentado destruir sin \u00e9xito: la posibilidad de ser hombre sin pedir perd\u00f3n, de ejercer una autoridad sin prepotencia, de cuidar sin perder la firmeza.<\/p>\n<p>N<strong>o fue el padre biol\u00f3gico de Jes\u00fas, pero lo trat\u00f3 como a un hijo propio<\/strong>. No fue due\u00f1o de su casa, pero la sostuvo con su trabajo. No alz\u00f3 la voz ni escribi\u00f3 manifiestos, pero actu\u00f3 cuando hizo falta: huy\u00f3 de noche a Egipto para salvar a su familia, regres\u00f3 cuando pas\u00f3 el peligro, ense\u00f1\u00f3 a su hijo un oficio, una fe, una vida.<\/p>\n<p>Es, en t\u00e9rminos de hoy, un esc\u00e1ndalo. No tiene cuenta de TikTok, ni da charlas TED sobre paternidad responsable. Pero su figura resume una <strong>masculinidad que no necesita adornos<\/strong>: la del custodio, no del dominador; la del servidor, no del salvador; la del hombre justo que no exige derechos, sino que asume deberes. Exactamente lo contrario del ideal que proponen las pedagog\u00edas emocionales que hoy se ofrecen como <strong>redenci\u00f3n obligatoria del var\u00f3n posmoderno<\/strong>.<\/p>\n<p>Y, sin embargo, \u00bfno ser\u00e1 que necesitamos menos desconstrucci\u00f3n y m\u00e1s ejemplos como el suyo? \u00bfNo ser\u00e1 que, frente a tanto manual de autoayuda emocional, el ejemplo de un hombre que <strong>act\u00faa sin quejarse, que ama sin condiciones y que asume su lugar sin complejos<\/strong>, resulta m\u00e1s revolucionario que cualquier consigna de g\u00e9nero?<\/p>\n<p>Lo admirable de Jos\u00e9 no es que fuera perfecto, sino que <strong>fue fiel<\/strong>. No que hablara mucho, sino que <strong>hizo lo que deb\u00eda<\/strong>. No que reclamara un espacio, sino que <strong>lo sostuvo<\/strong>. Fue un <strong>patriarca sin trono,<\/strong> un padre sin orgullo, un hombre sin adorno. Y eso, hoy, es m\u00e1s transgresor que cualquier provocaci\u00f3n televisiva.<\/p>\n<p>Quiz\u00e1 por eso el <strong>papa Francisco<\/strong>, que no se caracteriz\u00f3 por la nostalgia est\u00e9tica, le dedic\u00f3 una carta apost\u00f3lica entera en plena pandemia, titulada <a href=\"https:\/\/www.vatican.va\/content\/francesco\/es\/apost_letters\/documents\/papa-francesco-lettera-ap_20201208_patris-corde.html\" target=\"_blank\" rel=\"noopener\"><strong><em>Patris Corde<\/em><\/strong> <\/a>(con coraz\u00f3n de padre). En ella lo llama \u201cel hombre que pasa desapercibido\u201d, \u201cde presencia diaria y discreta\u201d, pero con un papel esencial. No por lo que dice, sino por lo que sostiene.<\/p>\n<p>Y eso es lo que Occidente parece haber olvidado: que <strong>hay hombres que sostienen<\/strong>. No a gritos, no desde la superioridad, sino desde el sacrificio cotidiano, desde la entrega callada, desde el amor que no hace ruido. Frente a un mundo que infantiliza o criminaliza al hombre, \u00e9l ofrece una imagen madura, s\u00f3lida, fecunda.<\/p>\n<p>Tal vez por eso, en santuarios de toda Europa \u2014Barcelona, Talavera, Cotignac\u2014 se le sigue rezando, no con el lenguaje de g\u00e9nero, sino con plegarias de quienes buscan lo esencial: una presencia que proteja, una figura que inspire, un modelo que no abrume pero que sostenga. No se trata de volver al pasado, sino de <strong>recuperar lo que nunca debimos perder<\/strong>.<\/p>\n<p>Porque frente al narcisismo terap\u00e9utico, al relativismo l\u00edquido y a las masculinidades experimentales que no convencen ni a quienes las promueven, quiz\u00e1 no estar\u00eda mal reivindicar a este <strong>carpintero sin ret\u00f3rica<\/strong>. No es que todos deban parecerse a San Jos\u00e9. Pero si m\u00e1s hombres fueran como \u00e9l \u2014justos, firmes, discretos\u2014, muchas cosas andar\u00edan mejor.<\/p>\n<p>Quiz\u00e1 no salve al mundo. Pero seguro que arregla m\u00e1s de lo que rompe. Y eso, hoy, ya es bastante.<\/p>\n<span class='bctt-click-to-tweet'><span class='bctt-ctt-text'><a href='https:\/\/twitter.com\/intent\/tweet?url=https%3A%2F%2Fconversesacatalunya.cat%2Fes%2Fel-hombre-el-sospechoso-habitual-masculinidades-y-un-carpintero%2F&#038;text=%C2%BFNuevas%20masculinidades%3F%20Prueben%20con%20una%20antigua%3A%20custodiar%2C%20amar%20y%20sostener%20sin%20aspavientos.%20San%20Jos%C3%A9%20lo%20hizo%20antes%20que%20fuera%20trending.%20%23Ingenier%C3%ADaSocial%20%23SanJos%C3%A9&#038;via=conversesacat&#038;related=conversesacat' target='_blank'rel=\"noopener noreferrer\">\u00bfNuevas masculinidades? Prueben con una antigua: custodiar, amar y sostener sin aspavientos. San Jos\u00e9 lo hizo antes que fuera trending. #Ingenier\u00edaSocial #SanJos\u00e9 <\/a><\/span><a href='https:\/\/twitter.com\/intent\/tweet?url=https%3A%2F%2Fconversesacatalunya.cat%2Fes%2Fel-hombre-el-sospechoso-habitual-masculinidades-y-un-carpintero%2F&#038;text=%C2%BFNuevas%20masculinidades%3F%20Prueben%20con%20una%20antigua%3A%20custodiar%2C%20amar%20y%20sostener%20sin%20aspavientos.%20San%20Jos%C3%A9%20lo%20hizo%20antes%20que%20fuera%20trending.%20%23Ingenier%C3%ADaSocial%20%23SanJos%C3%A9&#038;via=conversesacat&#038;related=conversesacat' target='_blank' class='bctt-ctt-btn'rel=\"noopener noreferrer\">Compartir en X<\/a><\/span>\n","protected":false},"excerpt":{"rendered":"<p>Vivimos tiempos curiosos. Quiz\u00e1 no peores que otros, pero s\u00ed m\u00e1s confusos. Y entre todas las confusiones, pocas tan exitosas como la que ha logrado convertir al var\u00f3n \u2014en general y sin matices\u2014 en el gran sospechoso de nuestro tiempo. No hablamos aqu\u00ed del violento, el corrupto o el irresponsable, sino del hombre a secas. El que se levanta temprano, paga facturas, lleva a los ni\u00f1os al colegio y pregunta en voz baja si alguien ha visto el mando de la tele. Ese. Sospechoso. La ingenier\u00eda social ha hecho del hombre corriente un problema a resolver. As\u00ed han proliferado, con entusiasmo casi religioso, los talleres de \u201cnuevas masculinidades\u201d. Se imparten en ayuntamientos, escuelas y universidades, como si la soluci\u00f3n a todos los males pasara por ense\u00f1ar a los hombres a llorar en grupo, renunciar a su \u201cprivilegio\u201d y repetir que su padre lo hizo todo mal. Se les convida a deconstruirse \u2014no a construirse mejor\u2014 y se les invita a no ser ellos mismos, sino versiones pol\u00edticamente aceptables de algo que no se parezca demasiado a un hombre. El resultado, sin embargo, no entusiasma a nadie. Ni a las mujeres que buscaban aliados firmes, ni a los hombres que intu\u00edan que hab\u00eda algo m\u00e1s grande que pedir perd\u00f3n por ser quienes son. Y aqu\u00ed entra, de forma inesperada, pero profundamente elocuente, un personaje que Occidente parece haber olvidado: un tal Jos\u00e9, carpintero de Nazaret, esposo de Mar\u00eda y figura silenciosa de una virilidad serena, fecunda y confiable. San Jos\u00e9, s\u00ed. No por m\u00edstica devoci\u00f3n ni por nostalgia eclesi\u00e1stica, sino porque representa \u2014sin discursos, sin pancartas, sin aplausos\u2014 lo que muchas ideolog\u00edas modernas han intentado destruir sin \u00e9xito: la posibilidad de ser hombre sin pedir perd\u00f3n, de ejercer una autoridad sin prepotencia, de cuidar sin perder la firmeza. No fue el padre biol\u00f3gico de Jes\u00fas, pero lo trat\u00f3 como a un hijo propio. No fue due\u00f1o de su casa, pero la sostuvo con su trabajo. No alz\u00f3 la voz ni escribi\u00f3 manifiestos, pero actu\u00f3 cuando hizo falta: huy\u00f3 de noche a Egipto para salvar a su familia, regres\u00f3 cuando pas\u00f3 el peligro, ense\u00f1\u00f3 a su hijo un oficio, una fe, una vida. Es, en t\u00e9rminos de hoy, un esc\u00e1ndalo. No tiene cuenta de TikTok, ni da charlas TED sobre paternidad responsable. Pero su figura resume una masculinidad que no necesita adornos: la del custodio, no del dominador; la del servidor, no del salvador; la del hombre justo que no exige derechos, sino que asume deberes. Exactamente lo contrario del ideal que proponen las pedagog\u00edas emocionales que hoy se ofrecen como redenci\u00f3n obligatoria del var\u00f3n posmoderno. Y, sin embargo, \u00bfno ser\u00e1 que necesitamos menos desconstrucci\u00f3n y m\u00e1s ejemplos como el suyo? \u00bfNo ser\u00e1 que, frente a tanto manual de autoayuda emocional, el ejemplo de un hombre que act\u00faa sin quejarse, que ama sin condiciones y que asume su lugar sin complejos, resulta m\u00e1s revolucionario que cualquier consigna de g\u00e9nero? Lo admirable de Jos\u00e9 no es que fuera perfecto, sino que fue fiel. No que hablara mucho, sino que hizo lo que deb\u00eda. No que reclamara un espacio, sino que lo sostuvo. Fue un patriarca sin trono, un padre sin orgullo, un hombre sin adorno. Y eso, hoy, es m\u00e1s transgresor que cualquier provocaci\u00f3n televisiva. Quiz\u00e1 por eso el papa Francisco, que no se caracteriz\u00f3 por la nostalgia est\u00e9tica, le dedic\u00f3 una carta apost\u00f3lica entera en plena pandemia, titulada Patris Corde (con coraz\u00f3n de padre). En ella lo llama \u201cel hombre que pasa desapercibido\u201d, \u201cde presencia diaria y discreta\u201d, pero con un papel esencial. No por lo que dice, sino por lo que sostiene. Y eso es lo que Occidente parece haber olvidado: que hay hombres que sostienen. No a gritos, no desde la superioridad, sino desde el sacrificio cotidiano, desde la entrega callada, desde el amor que no hace ruido. Frente a un mundo que infantiliza o criminaliza al hombre, \u00e9l ofrece una imagen madura, s\u00f3lida, fecunda. Tal vez por eso, en santuarios de toda Europa \u2014Barcelona, Talavera, Cotignac\u2014 se le sigue rezando, no con el lenguaje de g\u00e9nero, sino con plegarias de quienes buscan lo esencial: una presencia que proteja, una figura que inspire, un modelo que no abrume pero que sostenga. No se trata de volver al pasado, sino de recuperar lo que nunca debimos perder. Porque frente al narcisismo terap\u00e9utico, al relativismo l\u00edquido y a las masculinidades experimentales que no convencen ni a quienes las promueven, quiz\u00e1 no estar\u00eda mal reivindicar a este carpintero sin ret\u00f3rica. No es que todos deban parecerse a San Jos\u00e9. Pero si m\u00e1s hombres fueran como \u00e9l \u2014justos, firmes, discretos\u2014, muchas cosas andar\u00edan mejor. Quiz\u00e1 no salve al mundo. Pero seguro que arregla m\u00e1s de lo que rompe. Y eso, hoy, ya es bastante.<\/p>\n","protected":false},"author":78,"featured_media":90450,"comment_status":"open","ping_status":"open","sticky":false,"template":"","format":"standard","meta":{"_FSMCFIC_featured_image_caption":"","_FSMCFIC_featured_image_nocaption":"","_FSMCFIC_featured_image_hide":"","footnotes":""},"categories":[806],"tags":[2854,4682,5368],"class_list":["post-90448","post","type-post","status-publish","format-standard","has-post-thumbnail","hentry","category-punts-claus-del-dia-es","tag-derecho-de-los-padres","tag-nuevas-masculinidades","tag-patriarcado"],"yoast_head":"<!-- This site is optimized with the Yoast SEO plugin v26.8 - https:\/\/yoast.com\/product\/yoast-seo-wordpress\/ -->\n<title>El hombre, el sospechoso habitual: apuntes sobre, masculinidades y un carpintero de otro tiempo - Converses a Catalunya<\/title>\n<meta name=\"description\" content=\"Frente a la sospecha permanente sobre el var\u00f3n, San Jos\u00e9 ofrece un modelo de masculinidad fecunda, callada y firme que el mundo necesita.\" \/>\n<meta name=\"robots\" content=\"index, follow, max-snippet:-1, max-image-preview:large, max-video-preview:-1\" \/>\n<link rel=\"canonical\" href=\"https:\/\/conversesacatalunya.cat\/es\/el-hombre-el-sospechoso-habitual-masculinidades-y-un-carpintero\/\" \/>\n<meta property=\"og:locale\" content=\"es_ES\" \/>\n<meta property=\"og:type\" content=\"article\" \/>\n<meta property=\"og:title\" content=\"El hombre, el sospechoso habitual: apuntes sobre, masculinidades y un carpintero de otro tiempo - Converses a Catalunya\" \/>\n<meta property=\"og:description\" content=\"Frente a la sospecha permanente sobre el var\u00f3n, San Jos\u00e9 ofrece un modelo de masculinidad fecunda, callada y firme que el mundo necesita.\" \/>\n<meta property=\"og:url\" content=\"https:\/\/conversesacatalunya.cat\/es\/el-hombre-el-sospechoso-habitual-masculinidades-y-un-carpintero\/\" \/>\n<meta property=\"og:site_name\" content=\"Converses a Catalunya\" \/>\n<meta property=\"article:published_time\" content=\"2025-07-16T08:43:21+00:00\" \/>\n<meta property=\"article:modified_time\" content=\"2025-07-16T09:12:47+00:00\" \/>\n<meta property=\"og:image\" content=\"https:\/\/conversesacatalunya.cat\/wp-content\/uploads\/2025\/07\/Imagen2-2.jpg\" \/>\n\t<meta property=\"og:image:width\" content=\"316\" \/>\n\t<meta property=\"og:image:height\" content=\"316\" \/>\n\t<meta property=\"og:image:type\" content=\"image\/jpeg\" \/>\n<meta name=\"author\" content=\"Joan Masip\" \/>\n<meta name=\"twitter:card\" content=\"summary_large_image\" \/>\n<meta name=\"twitter:label1\" content=\"Escrito por\" \/>\n\t<meta name=\"twitter:data1\" content=\"Joan Masip\" \/>\n\t<meta name=\"twitter:label2\" content=\"Tiempo de lectura\" \/>\n\t<meta name=\"twitter:data2\" content=\"4 minutos\" \/>\n<script type=\"application\/ld+json\" class=\"yoast-schema-graph\">{\"@context\":\"https:\/\/schema.org\",\"@graph\":[{\"@type\":\"Article\",\"@id\":\"https:\/\/conversesacatalunya.cat\/es\/el-hombre-el-sospechoso-habitual-masculinidades-y-un-carpintero\/#article\",\"isPartOf\":{\"@id\":\"https:\/\/conversesacatalunya.cat\/es\/el-hombre-el-sospechoso-habitual-masculinidades-y-un-carpintero\/\"},\"author\":{\"name\":\"Joan Masip\",\"@id\":\"https:\/\/conversesacatalunya.cat\/#\/schema\/person\/311d0bf53def217d5124c78a7bc42275\"},\"headline\":\"El hombre, el sospechoso habitual: apuntes sobre, masculinidades y un carpintero de otro tiempo\",\"datePublished\":\"2025-07-16T08:43:21+00:00\",\"dateModified\":\"2025-07-16T09:12:47+00:00\",\"mainEntityOfPage\":{\"@id\":\"https:\/\/conversesacatalunya.cat\/es\/el-hombre-el-sospechoso-habitual-masculinidades-y-un-carpintero\/\"},\"wordCount\":876,\"commentCount\":0,\"image\":{\"@id\":\"https:\/\/conversesacatalunya.cat\/es\/el-hombre-el-sospechoso-habitual-masculinidades-y-un-carpintero\/#primaryimage\"},\"thumbnailUrl\":\"https:\/\/conversesacatalunya.cat\/wp-content\/uploads\/2025\/07\/Imagen2-2.jpg\",\"keywords\":[\"derecho de los padres\",\"nuevas masculinidades\",\"patriarcado\"],\"articleSection\":[\"Punts clau del dia (ES)\"],\"inLanguage\":\"es\",\"potentialAction\":[{\"@type\":\"CommentAction\",\"name\":\"Comment\",\"target\":[\"https:\/\/conversesacatalunya.cat\/es\/el-hombre-el-sospechoso-habitual-masculinidades-y-un-carpintero\/#respond\"]}]},{\"@type\":\"WebPage\",\"@id\":\"https:\/\/conversesacatalunya.cat\/es\/el-hombre-el-sospechoso-habitual-masculinidades-y-un-carpintero\/\",\"url\":\"https:\/\/conversesacatalunya.cat\/es\/el-hombre-el-sospechoso-habitual-masculinidades-y-un-carpintero\/\",\"name\":\"El hombre, el sospechoso habitual: apuntes sobre, masculinidades y un carpintero de otro tiempo - Converses a Catalunya\",\"isPartOf\":{\"@id\":\"https:\/\/conversesacatalunya.cat\/#website\"},\"primaryImageOfPage\":{\"@id\":\"https:\/\/conversesacatalunya.cat\/es\/el-hombre-el-sospechoso-habitual-masculinidades-y-un-carpintero\/#primaryimage\"},\"image\":{\"@id\":\"https:\/\/conversesacatalunya.cat\/es\/el-hombre-el-sospechoso-habitual-masculinidades-y-un-carpintero\/#primaryimage\"},\"thumbnailUrl\":\"https:\/\/conversesacatalunya.cat\/wp-content\/uploads\/2025\/07\/Imagen2-2.jpg\",\"datePublished\":\"2025-07-16T08:43:21+00:00\",\"dateModified\":\"2025-07-16T09:12:47+00:00\",\"author\":{\"@id\":\"https:\/\/conversesacatalunya.cat\/#\/schema\/person\/311d0bf53def217d5124c78a7bc42275\"},\"description\":\"Frente a la sospecha permanente sobre el var\u00f3n, San Jos\u00e9 ofrece un modelo de masculinidad fecunda, callada y firme que el mundo necesita.\",\"breadcrumb\":{\"@id\":\"https:\/\/conversesacatalunya.cat\/es\/el-hombre-el-sospechoso-habitual-masculinidades-y-un-carpintero\/#breadcrumb\"},\"inLanguage\":\"es\",\"potentialAction\":[{\"@type\":\"ReadAction\",\"target\":[\"https:\/\/conversesacatalunya.cat\/es\/el-hombre-el-sospechoso-habitual-masculinidades-y-un-carpintero\/\"]}]},{\"@type\":\"ImageObject\",\"inLanguage\":\"es\",\"@id\":\"https:\/\/conversesacatalunya.cat\/es\/el-hombre-el-sospechoso-habitual-masculinidades-y-un-carpintero\/#primaryimage\",\"url\":\"https:\/\/conversesacatalunya.cat\/wp-content\/uploads\/2025\/07\/Imagen2-2.jpg\",\"contentUrl\":\"https:\/\/conversesacatalunya.cat\/wp-content\/uploads\/2025\/07\/Imagen2-2.jpg\",\"width\":316,\"height\":316,\"caption\":\"San Jos\u00e9 masculinidad\"},{\"@type\":\"BreadcrumbList\",\"@id\":\"https:\/\/conversesacatalunya.cat\/es\/el-hombre-el-sospechoso-habitual-masculinidades-y-un-carpintero\/#breadcrumb\",\"itemListElement\":[{\"@type\":\"ListItem\",\"position\":1,\"name\":\"Inici\",\"item\":\"https:\/\/conversesacatalunya.cat\/es\/\"},{\"@type\":\"ListItem\",\"position\":2,\"name\":\"El hombre, el sospechoso habitual: apuntes sobre, masculinidades y un carpintero de otro tiempo\"}]},{\"@type\":\"WebSite\",\"@id\":\"https:\/\/conversesacatalunya.cat\/#website\",\"url\":\"https:\/\/conversesacatalunya.cat\/\",\"name\":\"Converses a Catalunya\",\"description\":\"\",\"potentialAction\":[{\"@type\":\"SearchAction\",\"target\":{\"@type\":\"EntryPoint\",\"urlTemplate\":\"https:\/\/conversesacatalunya.cat\/?s={search_term_string}\"},\"query-input\":{\"@type\":\"PropertyValueSpecification\",\"valueRequired\":true,\"valueName\":\"search_term_string\"}}],\"inLanguage\":\"es\"},{\"@type\":\"Person\",\"@id\":\"https:\/\/conversesacatalunya.cat\/#\/schema\/person\/311d0bf53def217d5124c78a7bc42275\",\"name\":\"Joan Masip\",\"image\":{\"@type\":\"ImageObject\",\"inLanguage\":\"es\",\"@id\":\"https:\/\/conversesacatalunya.cat\/#\/schema\/person\/image\/\",\"url\":\"https:\/\/conversesacatalunya.cat\/wp-content\/litespeed\/avatar\/fa67b994763cff7d443f54b63ec96481.jpg?ver=1777372547\",\"contentUrl\":\"https:\/\/conversesacatalunya.cat\/wp-content\/litespeed\/avatar\/fa67b994763cff7d443f54b63ec96481.jpg?ver=1777372547\",\"caption\":\"Joan Masip\"},\"url\":\"https:\/\/conversesacatalunya.cat\/es\/author\/joan-masip\/\"}]}<\/script>\n<!-- \/ Yoast SEO plugin. -->","yoast_head_json":{"title":"El hombre, el sospechoso habitual: apuntes sobre, masculinidades y un carpintero de otro tiempo - Converses a Catalunya","description":"Frente a la sospecha permanente sobre el var\u00f3n, San Jos\u00e9 ofrece un modelo de masculinidad fecunda, callada y firme que el mundo necesita.","robots":{"index":"index","follow":"follow","max-snippet":"max-snippet:-1","max-image-preview":"max-image-preview:large","max-video-preview":"max-video-preview:-1"},"canonical":"https:\/\/conversesacatalunya.cat\/es\/el-hombre-el-sospechoso-habitual-masculinidades-y-un-carpintero\/","og_locale":"es_ES","og_type":"article","og_title":"El hombre, el sospechoso habitual: apuntes sobre, masculinidades y un carpintero de otro tiempo - Converses a Catalunya","og_description":"Frente a la sospecha permanente sobre el var\u00f3n, San Jos\u00e9 ofrece un modelo de masculinidad fecunda, callada y firme que el mundo necesita.","og_url":"https:\/\/conversesacatalunya.cat\/es\/el-hombre-el-sospechoso-habitual-masculinidades-y-un-carpintero\/","og_site_name":"Converses a Catalunya","article_published_time":"2025-07-16T08:43:21+00:00","article_modified_time":"2025-07-16T09:12:47+00:00","og_image":[{"width":316,"height":316,"url":"https:\/\/conversesacatalunya.cat\/wp-content\/uploads\/2025\/07\/Imagen2-2.jpg","type":"image\/jpeg"}],"author":"Joan Masip","twitter_card":"summary_large_image","twitter_misc":{"Escrito por":"Joan Masip","Tiempo de lectura":"4 minutos"},"schema":{"@context":"https:\/\/schema.org","@graph":[{"@type":"Article","@id":"https:\/\/conversesacatalunya.cat\/es\/el-hombre-el-sospechoso-habitual-masculinidades-y-un-carpintero\/#article","isPartOf":{"@id":"https:\/\/conversesacatalunya.cat\/es\/el-hombre-el-sospechoso-habitual-masculinidades-y-un-carpintero\/"},"author":{"name":"Joan Masip","@id":"https:\/\/conversesacatalunya.cat\/#\/schema\/person\/311d0bf53def217d5124c78a7bc42275"},"headline":"El hombre, el sospechoso habitual: apuntes sobre, masculinidades y un carpintero de otro tiempo","datePublished":"2025-07-16T08:43:21+00:00","dateModified":"2025-07-16T09:12:47+00:00","mainEntityOfPage":{"@id":"https:\/\/conversesacatalunya.cat\/es\/el-hombre-el-sospechoso-habitual-masculinidades-y-un-carpintero\/"},"wordCount":876,"commentCount":0,"image":{"@id":"https:\/\/conversesacatalunya.cat\/es\/el-hombre-el-sospechoso-habitual-masculinidades-y-un-carpintero\/#primaryimage"},"thumbnailUrl":"https:\/\/conversesacatalunya.cat\/wp-content\/uploads\/2025\/07\/Imagen2-2.jpg","keywords":["derecho de los padres","nuevas masculinidades","patriarcado"],"articleSection":["Punts clau del dia (ES)"],"inLanguage":"es","potentialAction":[{"@type":"CommentAction","name":"Comment","target":["https:\/\/conversesacatalunya.cat\/es\/el-hombre-el-sospechoso-habitual-masculinidades-y-un-carpintero\/#respond"]}]},{"@type":"WebPage","@id":"https:\/\/conversesacatalunya.cat\/es\/el-hombre-el-sospechoso-habitual-masculinidades-y-un-carpintero\/","url":"https:\/\/conversesacatalunya.cat\/es\/el-hombre-el-sospechoso-habitual-masculinidades-y-un-carpintero\/","name":"El hombre, el sospechoso habitual: apuntes sobre, masculinidades y un carpintero de otro tiempo - Converses a Catalunya","isPartOf":{"@id":"https:\/\/conversesacatalunya.cat\/#website"},"primaryImageOfPage":{"@id":"https:\/\/conversesacatalunya.cat\/es\/el-hombre-el-sospechoso-habitual-masculinidades-y-un-carpintero\/#primaryimage"},"image":{"@id":"https:\/\/conversesacatalunya.cat\/es\/el-hombre-el-sospechoso-habitual-masculinidades-y-un-carpintero\/#primaryimage"},"thumbnailUrl":"https:\/\/conversesacatalunya.cat\/wp-content\/uploads\/2025\/07\/Imagen2-2.jpg","datePublished":"2025-07-16T08:43:21+00:00","dateModified":"2025-07-16T09:12:47+00:00","author":{"@id":"https:\/\/conversesacatalunya.cat\/#\/schema\/person\/311d0bf53def217d5124c78a7bc42275"},"description":"Frente a la sospecha permanente sobre el var\u00f3n, San Jos\u00e9 ofrece un modelo de masculinidad fecunda, callada y firme que el mundo necesita.","breadcrumb":{"@id":"https:\/\/conversesacatalunya.cat\/es\/el-hombre-el-sospechoso-habitual-masculinidades-y-un-carpintero\/#breadcrumb"},"inLanguage":"es","potentialAction":[{"@type":"ReadAction","target":["https:\/\/conversesacatalunya.cat\/es\/el-hombre-el-sospechoso-habitual-masculinidades-y-un-carpintero\/"]}]},{"@type":"ImageObject","inLanguage":"es","@id":"https:\/\/conversesacatalunya.cat\/es\/el-hombre-el-sospechoso-habitual-masculinidades-y-un-carpintero\/#primaryimage","url":"https:\/\/conversesacatalunya.cat\/wp-content\/uploads\/2025\/07\/Imagen2-2.jpg","contentUrl":"https:\/\/conversesacatalunya.cat\/wp-content\/uploads\/2025\/07\/Imagen2-2.jpg","width":316,"height":316,"caption":"San Jos\u00e9 masculinidad"},{"@type":"BreadcrumbList","@id":"https:\/\/conversesacatalunya.cat\/es\/el-hombre-el-sospechoso-habitual-masculinidades-y-un-carpintero\/#breadcrumb","itemListElement":[{"@type":"ListItem","position":1,"name":"Inici","item":"https:\/\/conversesacatalunya.cat\/es\/"},{"@type":"ListItem","position":2,"name":"El hombre, el sospechoso habitual: apuntes sobre, masculinidades y un carpintero de otro tiempo"}]},{"@type":"WebSite","@id":"https:\/\/conversesacatalunya.cat\/#website","url":"https:\/\/conversesacatalunya.cat\/","name":"Converses a Catalunya","description":"","potentialAction":[{"@type":"SearchAction","target":{"@type":"EntryPoint","urlTemplate":"https:\/\/conversesacatalunya.cat\/?s={search_term_string}"},"query-input":{"@type":"PropertyValueSpecification","valueRequired":true,"valueName":"search_term_string"}}],"inLanguage":"es"},{"@type":"Person","@id":"https:\/\/conversesacatalunya.cat\/#\/schema\/person\/311d0bf53def217d5124c78a7bc42275","name":"Joan Masip","image":{"@type":"ImageObject","inLanguage":"es","@id":"https:\/\/conversesacatalunya.cat\/#\/schema\/person\/image\/","url":"https:\/\/conversesacatalunya.cat\/wp-content\/litespeed\/avatar\/fa67b994763cff7d443f54b63ec96481.jpg?ver=1777372547","contentUrl":"https:\/\/conversesacatalunya.cat\/wp-content\/litespeed\/avatar\/fa67b994763cff7d443f54b63ec96481.jpg?ver=1777372547","caption":"Joan Masip"},"url":"https:\/\/conversesacatalunya.cat\/es\/author\/joan-masip\/"}]}},"wps_subtitle":"Y eso es lo que Occidente parece haber olvidado: que hay hombres que sostienen. No a gritos, no desde la superioridad, sino desde el sacrificio cotidiano, desde la entrega callada, desde el amor que no hace ruido","_links":{"self":[{"href":"https:\/\/conversesacatalunya.cat\/es\/wp-json\/wp\/v2\/posts\/90448","targetHints":{"allow":["GET"]}}],"collection":[{"href":"https:\/\/conversesacatalunya.cat\/es\/wp-json\/wp\/v2\/posts"}],"about":[{"href":"https:\/\/conversesacatalunya.cat\/es\/wp-json\/wp\/v2\/types\/post"}],"author":[{"embeddable":true,"href":"https:\/\/conversesacatalunya.cat\/es\/wp-json\/wp\/v2\/users\/78"}],"replies":[{"embeddable":true,"href":"https:\/\/conversesacatalunya.cat\/es\/wp-json\/wp\/v2\/comments?post=90448"}],"version-history":[{"count":5,"href":"https:\/\/conversesacatalunya.cat\/es\/wp-json\/wp\/v2\/posts\/90448\/revisions"}],"predecessor-version":[{"id":90452,"href":"https:\/\/conversesacatalunya.cat\/es\/wp-json\/wp\/v2\/posts\/90448\/revisions\/90452"}],"wp:featuredmedia":[{"embeddable":true,"href":"https:\/\/conversesacatalunya.cat\/es\/wp-json\/wp\/v2\/media\/90450"}],"wp:attachment":[{"href":"https:\/\/conversesacatalunya.cat\/es\/wp-json\/wp\/v2\/media?parent=90448"}],"wp:term":[{"taxonomy":"category","embeddable":true,"href":"https:\/\/conversesacatalunya.cat\/es\/wp-json\/wp\/v2\/categories?post=90448"},{"taxonomy":"post_tag","embeddable":true,"href":"https:\/\/conversesacatalunya.cat\/es\/wp-json\/wp\/v2\/tags?post=90448"}],"curies":[{"name":"wp","href":"https:\/\/api.w.org\/{rel}","templated":true}]}}