{"id":90427,"date":"2025-07-16T09:34:26","date_gmt":"2025-07-16T07:34:26","guid":{"rendered":"https:\/\/conversesacatalunya.cat\/?p=90427"},"modified":"2025-07-16T10:11:17","modified_gmt":"2025-07-16T08:11:17","slug":"no-es-la-corrupcion-es-el-odio-a-sanchez-segun-el-exministro-manuel-castells-y-ii","status":"publish","type":"post","link":"https:\/\/conversesacatalunya.cat\/es\/no-es-la-corrupcion-es-el-odio-a-sanchez-segun-el-exministro-manuel-castells-y-ii\/","title":{"rendered":"No es la corrupci\u00f3n, es el odio a S\u00e1nchez seg\u00fan el exministro Manuel Castells (y II)"},"content":{"rendered":"<p>Se\u00f1al\u00e1bamos en <a href=\"https:\/\/conversesacatalunya.cat\/es\/no-es-la-corrupcion-es-el-odio-a-sanchez-manuel-castells-i\/\" target=\"_blank\" rel=\"noopener\"><strong>el art\u00edculo anterior<\/strong><\/a> la realidad de las tres primeras razones que apuntaba el exministro Castells como grandes aportaciones del Gobierno S\u00e1nchez: la mejora de los salarios, de las pensiones y el avance en el feminismo y los derechos LGTBI.<\/p>\n<h5><strong>Pero Castells aduce muchas m\u00e1s, y lo hace sin el m\u00e1s m\u00ednimo rubor.<\/strong><\/h5>\n<h4 style=\"padding-left: 40px;\"><strong>4-<\/strong> <strong>Transici\u00f3n ecol\u00f3gica hacia un modelo sostenible<\/strong><\/h4>\n<p>Se\u00f1ala como gran mejora <strong>la transici\u00f3n ecol\u00f3gica hacia un modelo sostenible<\/strong>, y lo dice despu\u00e9s del desastre del \u201ccero el\u00e9ctrico\u201d del<strong><a href=\"https:\/\/conversesacatalunya.cat\/es\/apagon-nadie-es-responsable-ni-dimite-ni-es-cesado-ironia\/\" target=\"_blank\" rel=\"noopener\"> 28 de abril<\/a><\/strong>. Desde aquella fecha, y para evitar nuevas bromas pesadas con las renovables, consumimos m\u00e1s gas que nunca. Lo que empez\u00f3 como un \u201cescudo protector\u201d \u2014m\u00e1s electricidad producida por centrales de ciclo combinado\u2014 ha quedado definitivamente asentado, por el temor a que un excesivo aporte de las renovables (excepto la hidr\u00e1ulica) pueda volver a generar problemas. En mayo, el aporte de estas centrales fue un 68\u202f% superior al del mismo mes del a\u00f1o pasado. <strong>Tenemos mucha energ\u00eda renovable, s\u00ed, pero producida sin condiciones de estabilidad<\/strong>, y por eso una buena parte de ella se pierde porque no se conecta a la red.<\/p>\n<p>Lo que s\u00ed es exacto es que <strong>Espa\u00f1a ha logrado reducir de forma sostenida su huella de carbono en la \u00faltima d\u00e9cada<\/strong>, situ\u00e1ndose en 2023 en los niveles m\u00e1s bajos desde 1990, gracias a un cambio estructural hacia energ\u00edas limpias, mayor eficiencia y la creciente extensi\u00f3n de superficies forestales. Ahora esta evoluci\u00f3n positiva puede verse alterada por la crisis en el modelo de energ\u00edas renovables.<\/p>\n<h4 style=\"padding-left: 40px;\"><strong>5-<\/strong> <strong>Reconocimiento del car\u00e1cter plurinacional de Espa\u00f1a<\/strong><\/h4>\n<p>Es otra de las razones que aduce Castells. Pero esto, primero, no es visto por todos como una virtud; y segundo, visto desde Catalu\u00f1a \u2014y dejando al margen los aspectos tan importantes de los indultos y la amnist\u00eda, que no tienen nada que ver con la plurinacionalidad\u2014, lo que ha habido ha sido <strong>m\u00e1s gestos que resultados tangibles.<\/strong><\/p>\n<p>Quiz\u00e1s el m\u00e1s visible es la posibilidad de usar las otras lenguas que no son el castellano en el Congreso <strong>(por cierto, algo que solo aplica Junts),<\/strong> pero el resto son largos e interminables procesos negociadores y firma de acuerdos con mucha prosopopeya, pero escaso contenido. No ha habido nada sustancial en materia tangible, a pesar de la dependencia de S\u00e1nchez de los votos nacionalistas.<\/p>\n<p>Algo m\u00e1s en <strong>el Pa\u00eds Vasco,<\/strong> sobre todo si ahora cierra la negociaci\u00f3n sobre competencias tan importantes como la Seguridad Social, pero muy poco para Catalu\u00f1a y pr\u00e1cticamente nada en Galicia.<\/p>\n<h4 style=\"padding-left: 40px;\"><strong>6- Recuperaci\u00f3n de la memoria hist\u00f3rica<\/strong><\/h4>\n<p>Es se\u00f1alada por Castells como otro gran hito\u2026 de la perversi\u00f3n hist\u00f3rica, porque es en todo caso la memoria de unos \u2014los perdedores de la Guerra Civil\u2014, en un ejercicio que ha destruido el esfuerzo realizado durante la Transici\u00f3n y ha contribuido a la polarizaci\u00f3n extrema y a la descalificaci\u00f3n del sistema en la pr\u00e1ctica pol\u00edtica. S\u00e1nchez ha jugado a enfrentar a unos con otros para mantener a los suyos encerrados en su redil. Se ha plantado una simiente mala, cuyas consecuencias est\u00e1n por verse: la memoria hist\u00f3rica que elogia Castells ha significado<strong> la divisi\u00f3n del pa\u00eds entre \u201cbuenos\u201d y \u201cmalos\u201d.<\/strong> Si esto es un m\u00e9rito\u2026<\/p>\n<h4 style=\"padding-left: 40px;\"><strong>7- Pol\u00edtica internacional anclada en el europe\u00edsmo<\/strong><\/h4>\n<p>Esto no es una singularidad de S\u00e1nchez. Desde su incorporaci\u00f3n, Espa\u00f1a \u2014como gobierno y como sociedad\u2014 ha sido de los pa\u00edses m\u00e1s europe\u00edstas del conjunto de la UE. Lo que s\u00ed puede se\u00f1alarse como excepci\u00f3n ventajosa en el campo europeo, junto con sus buenas relaciones con la presidenta de la Comisi\u00f3n, Ursula von der Leyen, es <strong>su acci\u00f3n decisiva en el acuerdo sobre los fondos europeos Next Generation<\/strong>, que ha situado a Espa\u00f1a, junto con Italia, en una de las mejores posiciones. L\u00e1stima que, a la hora de aprovechar este ingente nuevo \u201cPlan Marshall\u201d, hayamos pinchado en hueso por las ineficiencias del propio Gobierno de S\u00e1nchez.<\/p>\n<h4 style=\"padding-left: 40px;\"><strong>8- Defensora de los derechos humanos y la paz, enfrentado al \u201cEstado genocida\u201d de Israel y al extremismo de Trump<\/strong><\/h4>\n<p>Literal, y utilizando el mismo lenguaje de Castells. Esto es exacto: con idas y venidas, el gobierno de Espa\u00f1a es el que <strong>con mayor dureza ha tratado a Israel<\/strong> en el seno de la UE, aunque con escasos resultados, por el peso decreciente \u2014y ahora ya muy mermado por los esc\u00e1ndalos de corrupci\u00f3n\u2014 que el presidente espa\u00f1ol tiene en el juego de fuerzas interno de la Uni\u00f3n.<\/p>\n<p>En relaci\u00f3n con <strong>Trump<\/strong>, fue un socio d\u00edscolo al afirmar que no gastar\u00eda m\u00e1s del 2,1\u202f% en defensa (tampoco pod\u00eda hacer mucho m\u00e1s con los socios que tiene), pero como subray\u00f3 con realismo Meloni: \u201cHa firmado el mismo texto que yo\u201d. O sea que s\u00ed, pero menos.<\/p>\n<h4 style=\"padding-left: 40px;\"><strong>9- Crecimiento econ\u00f3mico por encima de la media europea<\/strong><\/h4>\n<p>Exacto, <strong>el PIB crece bastante m\u00e1s<\/strong>. Pero el problema es que la renta per c\u00e1pita \u2014lo que realmente afecta a nuestras condiciones de vida\u2014 lo hace mucho menos, de manera que no convergemos en renta con la UE. Estamos anclados en el 92\u202f%, y esto se debe, en gran medida, a que el aumento del PIB espa\u00f1ol es consecuencia de una inyecci\u00f3n masiva de mano de obra inmigrante de baja productividad, que tiene como contrapartida provocar tensiones en distintos \u00e1mbitos hasta constituir un problema. Es bien extra\u00f1o que Castells, que es soci\u00f3logo, no considere todos estos aspectos y se limite a mirar un dato como el PIB, dej\u00e1ndose en el tintero todo lo dem\u00e1s: precisamente, todo lo que realmente importa en la vida de la gente.<\/p>\n<h4 style=\"padding-left: 40px;\"><strong>10- Generando m\u00e1s ocupaci\u00f3n que nunca<\/strong><\/h4>\n<p>Tambi\u00e9n es cierto, pero con tres consideraciones que ensombrecen el panorama:<\/p>\n<ol>\n<li style=\"list-style-type: none;\">\n<ol>\n<li>La mayor parte de la ocupaci\u00f3n creada ha sido ocupada por extranjeros.<\/li>\n<li>Eso se\u00f1ala que la estructura econ\u00f3mica contin\u00faa alimentando las actividades de baja productividad, que son las que mayoritariamente ocupan los inmigrantes.<\/li>\n<li>El agujero negro nunca explicado por Yolanda D\u00edaz: cu\u00e1ntos son los fijos discontinuos que no trabajan y cobran del paro, y qu\u00e9 efectos reales deber\u00edan computar como ocupados.<\/li>\n<\/ol>\n<\/li>\n<\/ol>\n<p>Estas son las causas de los feroces ataques a Espa\u00f1a, porque <strong>en Espa\u00f1a, seg\u00fan Castells, siempre ha gobernado la derecha<\/strong>. L\u00e1stima que las cifras digan otra cosa: el PSOE ha gobernado 28 a\u00f1os, y el PP pr\u00e1cticamente solo la mitad, 15 a\u00f1os. Espa\u00f1a, en su administraci\u00f3n actual, est\u00e1 hecha \u2014para lo bueno y lo malo\u2014 por la matriz socialista. \u00bfC\u00f3mo es posible que todo un doctor universitario tan renombrado como Castells quiera ignorar esta evidencia?<\/p>\n<p>Su tesis es que la corrupci\u00f3n que existe es menor que la de Felipe Gonz\u00e1lez \u2014a quien \u00e9l apoy\u00f3 encarecidamente en su momento\u2014 y la de CDC. Pero que la causa de los ataques realmente no es esa, sino aquellos magn\u00edficos diez logros. Seguro que habr\u00e1 gente que se lo comprar\u00e1. Los que asumimos la realidad, por descontado que no.<\/p>\n<span class='bctt-click-to-tweet'><span class='bctt-ctt-text'><a href='https:\/\/twitter.com\/intent\/tweet?url=https%3A%2F%2Fconversesacatalunya.cat%2Fes%2Fno-es-la-corrupcion-es-el-odio-a-sanchez-segun-el-exministro-manuel-castells-y-ii%2F&#038;text=El%20PIB%20crece%2C%20pero%20seguimos%20estancados%20en%20renta%20per%20c%C3%A1pita.%20%C2%BFDe%20qu%C3%A9%20sirve%20crecer%20si%20no%20mejora%20tu%20vida%3F%20%23Econom%C3%ADa%20%23PIB%20%23RentaPerC%C3%A1pita%20%23GobiernoS%C3%A1nchez&#038;via=conversesacat&#038;related=conversesacat' target='_blank'rel=\"noopener noreferrer\">El PIB crece, pero seguimos estancados en renta per c\u00e1pita. \u00bfDe qu\u00e9 sirve crecer si no mejora tu vida? #Econom\u00eda #PIB #RentaPerC\u00e1pita #GobiernoS\u00e1nchez <\/a><\/span><a href='https:\/\/twitter.com\/intent\/tweet?url=https%3A%2F%2Fconversesacatalunya.cat%2Fes%2Fno-es-la-corrupcion-es-el-odio-a-sanchez-segun-el-exministro-manuel-castells-y-ii%2F&#038;text=El%20PIB%20crece%2C%20pero%20seguimos%20estancados%20en%20renta%20per%20c%C3%A1pita.%20%C2%BFDe%20qu%C3%A9%20sirve%20crecer%20si%20no%20mejora%20tu%20vida%3F%20%23Econom%C3%ADa%20%23PIB%20%23RentaPerC%C3%A1pita%20%23GobiernoS%C3%A1nchez&#038;via=conversesacat&#038;related=conversesacat' target='_blank' class='bctt-ctt-btn'rel=\"noopener noreferrer\">Compartir en X<\/a><\/span>\n","protected":false},"excerpt":{"rendered":"<p>Se\u00f1al\u00e1bamos en el art\u00edculo anterior la realidad de las tres primeras razones que apuntaba el exministro Castells como grandes aportaciones del Gobierno S\u00e1nchez: la mejora de los salarios, de las pensiones y el avance en el feminismo y los derechos LGTBI. Pero Castells aduce muchas m\u00e1s, y lo hace sin el m\u00e1s m\u00ednimo rubor. 4- Transici\u00f3n ecol\u00f3gica hacia un modelo sostenible Se\u00f1ala como gran mejora la transici\u00f3n ecol\u00f3gica hacia un modelo sostenible, y lo dice despu\u00e9s del desastre del \u201ccero el\u00e9ctrico\u201d del 28 de abril. Desde aquella fecha, y para evitar nuevas bromas pesadas con las renovables, consumimos m\u00e1s gas que nunca. Lo que empez\u00f3 como un \u201cescudo protector\u201d \u2014m\u00e1s electricidad producida por centrales de ciclo combinado\u2014 ha quedado definitivamente asentado, por el temor a que un excesivo aporte de las renovables (excepto la hidr\u00e1ulica) pueda volver a generar problemas. En mayo, el aporte de estas centrales fue un 68\u202f% superior al del mismo mes del a\u00f1o pasado. Tenemos mucha energ\u00eda renovable, s\u00ed, pero producida sin condiciones de estabilidad, y por eso una buena parte de ella se pierde porque no se conecta a la red. Lo que s\u00ed es exacto es que Espa\u00f1a ha logrado reducir de forma sostenida su huella de carbono en la \u00faltima d\u00e9cada, situ\u00e1ndose en 2023 en los niveles m\u00e1s bajos desde 1990, gracias a un cambio estructural hacia energ\u00edas limpias, mayor eficiencia y la creciente extensi\u00f3n de superficies forestales. Ahora esta evoluci\u00f3n positiva puede verse alterada por la crisis en el modelo de energ\u00edas renovables. 5- Reconocimiento del car\u00e1cter plurinacional de Espa\u00f1a Es otra de las razones que aduce Castells. Pero esto, primero, no es visto por todos como una virtud; y segundo, visto desde Catalu\u00f1a \u2014y dejando al margen los aspectos tan importantes de los indultos y la amnist\u00eda, que no tienen nada que ver con la plurinacionalidad\u2014, lo que ha habido ha sido m\u00e1s gestos que resultados tangibles. Quiz\u00e1s el m\u00e1s visible es la posibilidad de usar las otras lenguas que no son el castellano en el Congreso (por cierto, algo que solo aplica Junts), pero el resto son largos e interminables procesos negociadores y firma de acuerdos con mucha prosopopeya, pero escaso contenido. No ha habido nada sustancial en materia tangible, a pesar de la dependencia de S\u00e1nchez de los votos nacionalistas. Algo m\u00e1s en el Pa\u00eds Vasco, sobre todo si ahora cierra la negociaci\u00f3n sobre competencias tan importantes como la Seguridad Social, pero muy poco para Catalu\u00f1a y pr\u00e1cticamente nada en Galicia. 6- Recuperaci\u00f3n de la memoria hist\u00f3rica Es se\u00f1alada por Castells como otro gran hito\u2026 de la perversi\u00f3n hist\u00f3rica, porque es en todo caso la memoria de unos \u2014los perdedores de la Guerra Civil\u2014, en un ejercicio que ha destruido el esfuerzo realizado durante la Transici\u00f3n y ha contribuido a la polarizaci\u00f3n extrema y a la descalificaci\u00f3n del sistema en la pr\u00e1ctica pol\u00edtica. S\u00e1nchez ha jugado a enfrentar a unos con otros para mantener a los suyos encerrados en su redil. Se ha plantado una simiente mala, cuyas consecuencias est\u00e1n por verse: la memoria hist\u00f3rica que elogia Castells ha significado la divisi\u00f3n del pa\u00eds entre \u201cbuenos\u201d y \u201cmalos\u201d. Si esto es un m\u00e9rito\u2026 7- Pol\u00edtica internacional anclada en el europe\u00edsmo Esto no es una singularidad de S\u00e1nchez. Desde su incorporaci\u00f3n, Espa\u00f1a \u2014como gobierno y como sociedad\u2014 ha sido de los pa\u00edses m\u00e1s europe\u00edstas del conjunto de la UE. Lo que s\u00ed puede se\u00f1alarse como excepci\u00f3n ventajosa en el campo europeo, junto con sus buenas relaciones con la presidenta de la Comisi\u00f3n, Ursula von der Leyen, es su acci\u00f3n decisiva en el acuerdo sobre los fondos europeos Next Generation, que ha situado a Espa\u00f1a, junto con Italia, en una de las mejores posiciones. L\u00e1stima que, a la hora de aprovechar este ingente nuevo \u201cPlan Marshall\u201d, hayamos pinchado en hueso por las ineficiencias del propio Gobierno de S\u00e1nchez. 8- Defensora de los derechos humanos y la paz, enfrentado al \u201cEstado genocida\u201d de Israel y al extremismo de Trump Literal, y utilizando el mismo lenguaje de Castells. Esto es exacto: con idas y venidas, el gobierno de Espa\u00f1a es el que con mayor dureza ha tratado a Israel en el seno de la UE, aunque con escasos resultados, por el peso decreciente \u2014y ahora ya muy mermado por los esc\u00e1ndalos de corrupci\u00f3n\u2014 que el presidente espa\u00f1ol tiene en el juego de fuerzas interno de la Uni\u00f3n. En relaci\u00f3n con Trump, fue un socio d\u00edscolo al afirmar que no gastar\u00eda m\u00e1s del 2,1\u202f% en defensa (tampoco pod\u00eda hacer mucho m\u00e1s con los socios que tiene), pero como subray\u00f3 con realismo Meloni: \u201cHa firmado el mismo texto que yo\u201d. O sea que s\u00ed, pero menos. 9- Crecimiento econ\u00f3mico por encima de la media europea Exacto, el PIB crece bastante m\u00e1s. Pero el problema es que la renta per c\u00e1pita \u2014lo que realmente afecta a nuestras condiciones de vida\u2014 lo hace mucho menos, de manera que no convergemos en renta con la UE. Estamos anclados en el 92\u202f%, y esto se debe, en gran medida, a que el aumento del PIB espa\u00f1ol es consecuencia de una inyecci\u00f3n masiva de mano de obra inmigrante de baja productividad, que tiene como contrapartida provocar tensiones en distintos \u00e1mbitos hasta constituir un problema. Es bien extra\u00f1o que Castells, que es soci\u00f3logo, no considere todos estos aspectos y se limite a mirar un dato como el PIB, dej\u00e1ndose en el tintero todo lo dem\u00e1s: precisamente, todo lo que realmente importa en la vida de la gente. 10- Generando m\u00e1s ocupaci\u00f3n que nunca Tambi\u00e9n es cierto, pero con tres consideraciones que ensombrecen el panorama: La mayor parte de la ocupaci\u00f3n creada ha sido ocupada por extranjeros. Eso se\u00f1ala que la estructura econ\u00f3mica contin\u00faa alimentando las actividades de baja productividad, que son las que mayoritariamente ocupan los inmigrantes. El agujero negro nunca explicado por Yolanda D\u00edaz: cu\u00e1ntos son los fijos discontinuos que no trabajan y cobran del paro, y qu\u00e9 efectos reales deber\u00edan computar como ocupados. Estas son las causas de los feroces ataques a Espa\u00f1a, porque en Espa\u00f1a, seg\u00fan Castells,&#8230;<\/p>\n","protected":false},"author":80,"featured_media":90434,"comment_status":"open","ping_status":"open","sticky":false,"template":"","format":"standard","meta":{"_FSMCFIC_featured_image_caption":"","_FSMCFIC_featured_image_nocaption":"","_FSMCFIC_featured_image_hide":"","footnotes":""},"categories":[806],"tags":[1375,1117],"class_list":["post-90427","post","type-post","status-publish","format-standard","has-post-thumbnail","hentry","category-punts-claus-del-dia-es","tag-gobierno-sanchez","tag-sanchez-es"],"yoast_head":"<!-- This site is optimized with the Yoast SEO plugin v26.8 - https:\/\/yoast.com\/product\/yoast-seo-wordpress\/ -->\n<title>Las \u201cgrandes\u201d aportaciones de S\u00e1nchez seg\u00fan Castells:<\/title>\n<meta name=\"description\" content=\"El exministro Manuel Castells defiende al Gobierno de S\u00e1nchez con una lista de supuestos logros. Este art\u00edculo analiza sus argumentos\" \/>\n<meta name=\"robots\" content=\"index, follow, max-snippet:-1, max-image-preview:large, max-video-preview:-1\" \/>\n<link rel=\"canonical\" href=\"https:\/\/conversesacatalunya.cat\/es\/no-es-la-corrupcion-es-el-odio-a-sanchez-segun-el-exministro-manuel-castells-y-ii\/\" \/>\n<meta property=\"og:locale\" content=\"es_ES\" \/>\n<meta property=\"og:type\" content=\"article\" \/>\n<meta property=\"og:title\" content=\"Las \u201cgrandes\u201d aportaciones de S\u00e1nchez seg\u00fan Castells:\" \/>\n<meta property=\"og:description\" content=\"El exministro Manuel Castells defiende al Gobierno de S\u00e1nchez con una lista de supuestos logros. Este art\u00edculo analiza sus argumentos\" \/>\n<meta property=\"og:url\" content=\"https:\/\/conversesacatalunya.cat\/es\/no-es-la-corrupcion-es-el-odio-a-sanchez-segun-el-exministro-manuel-castells-y-ii\/\" \/>\n<meta property=\"og:site_name\" content=\"Converses a Catalunya\" \/>\n<meta property=\"article:published_time\" content=\"2025-07-16T07:34:26+00:00\" \/>\n<meta property=\"article:modified_time\" content=\"2025-07-16T08:11:17+00:00\" \/>\n<meta property=\"og:image\" content=\"https:\/\/conversesacatalunya.cat\/wp-content\/uploads\/2025\/07\/Imagen1-3.jpg\" \/>\n\t<meta property=\"og:image:width\" content=\"567\" \/>\n\t<meta property=\"og:image:height\" content=\"567\" \/>\n\t<meta property=\"og:image:type\" content=\"image\/jpeg\" \/>\n<meta name=\"author\" content=\"N\u00faria Freixa\" \/>\n<meta name=\"twitter:card\" content=\"summary_large_image\" \/>\n<meta name=\"twitter:label1\" content=\"Escrito por\" \/>\n\t<meta name=\"twitter:data1\" content=\"N\u00faria Freixa\" \/>\n\t<meta name=\"twitter:label2\" content=\"Tiempo de lectura\" \/>\n\t<meta name=\"twitter:data2\" content=\"6 minutos\" \/>\n<script type=\"application\/ld+json\" class=\"yoast-schema-graph\">{\"@context\":\"https:\/\/schema.org\",\"@graph\":[{\"@type\":\"Article\",\"@id\":\"https:\/\/conversesacatalunya.cat\/es\/no-es-la-corrupcion-es-el-odio-a-sanchez-segun-el-exministro-manuel-castells-y-ii\/#article\",\"isPartOf\":{\"@id\":\"https:\/\/conversesacatalunya.cat\/es\/no-es-la-corrupcion-es-el-odio-a-sanchez-segun-el-exministro-manuel-castells-y-ii\/\"},\"author\":{\"name\":\"N\u00faria Freixa\",\"@id\":\"https:\/\/conversesacatalunya.cat\/#\/schema\/person\/b734752c25b328c819a407cbea568c1f\"},\"headline\":\"No es la corrupci\u00f3n, es el odio a S\u00e1nchez seg\u00fan el exministro Manuel Castells (y II)\",\"datePublished\":\"2025-07-16T07:34:26+00:00\",\"dateModified\":\"2025-07-16T08:11:17+00:00\",\"mainEntityOfPage\":{\"@id\":\"https:\/\/conversesacatalunya.cat\/es\/no-es-la-corrupcion-es-el-odio-a-sanchez-segun-el-exministro-manuel-castells-y-ii\/\"},\"wordCount\":1275,\"commentCount\":0,\"image\":{\"@id\":\"https:\/\/conversesacatalunya.cat\/es\/no-es-la-corrupcion-es-el-odio-a-sanchez-segun-el-exministro-manuel-castells-y-ii\/#primaryimage\"},\"thumbnailUrl\":\"https:\/\/conversesacatalunya.cat\/wp-content\/uploads\/2025\/07\/Imagen1-3.jpg\",\"keywords\":[\"Gobierno S\u00e1nchez\",\"S\u00e1nchez\"],\"articleSection\":[\"Punts clau del dia (ES)\"],\"inLanguage\":\"es\",\"potentialAction\":[{\"@type\":\"CommentAction\",\"name\":\"Comment\",\"target\":[\"https:\/\/conversesacatalunya.cat\/es\/no-es-la-corrupcion-es-el-odio-a-sanchez-segun-el-exministro-manuel-castells-y-ii\/#respond\"]}]},{\"@type\":\"WebPage\",\"@id\":\"https:\/\/conversesacatalunya.cat\/es\/no-es-la-corrupcion-es-el-odio-a-sanchez-segun-el-exministro-manuel-castells-y-ii\/\",\"url\":\"https:\/\/conversesacatalunya.cat\/es\/no-es-la-corrupcion-es-el-odio-a-sanchez-segun-el-exministro-manuel-castells-y-ii\/\",\"name\":\"Las \u201cgrandes\u201d aportaciones de S\u00e1nchez seg\u00fan Castells:\",\"isPartOf\":{\"@id\":\"https:\/\/conversesacatalunya.cat\/#website\"},\"primaryImageOfPage\":{\"@id\":\"https:\/\/conversesacatalunya.cat\/es\/no-es-la-corrupcion-es-el-odio-a-sanchez-segun-el-exministro-manuel-castells-y-ii\/#primaryimage\"},\"image\":{\"@id\":\"https:\/\/conversesacatalunya.cat\/es\/no-es-la-corrupcion-es-el-odio-a-sanchez-segun-el-exministro-manuel-castells-y-ii\/#primaryimage\"},\"thumbnailUrl\":\"https:\/\/conversesacatalunya.cat\/wp-content\/uploads\/2025\/07\/Imagen1-3.jpg\",\"datePublished\":\"2025-07-16T07:34:26+00:00\",\"dateModified\":\"2025-07-16T08:11:17+00:00\",\"author\":{\"@id\":\"https:\/\/conversesacatalunya.cat\/#\/schema\/person\/b734752c25b328c819a407cbea568c1f\"},\"description\":\"El exministro Manuel Castells defiende al Gobierno de S\u00e1nchez con una lista de supuestos logros. Este art\u00edculo analiza sus argumentos\",\"breadcrumb\":{\"@id\":\"https:\/\/conversesacatalunya.cat\/es\/no-es-la-corrupcion-es-el-odio-a-sanchez-segun-el-exministro-manuel-castells-y-ii\/#breadcrumb\"},\"inLanguage\":\"es\",\"potentialAction\":[{\"@type\":\"ReadAction\",\"target\":[\"https:\/\/conversesacatalunya.cat\/es\/no-es-la-corrupcion-es-el-odio-a-sanchez-segun-el-exministro-manuel-castells-y-ii\/\"]}]},{\"@type\":\"ImageObject\",\"inLanguage\":\"es\",\"@id\":\"https:\/\/conversesacatalunya.cat\/es\/no-es-la-corrupcion-es-el-odio-a-sanchez-segun-el-exministro-manuel-castells-y-ii\/#primaryimage\",\"url\":\"https:\/\/conversesacatalunya.cat\/wp-content\/uploads\/2025\/07\/Imagen1-3.jpg\",\"contentUrl\":\"https:\/\/conversesacatalunya.cat\/wp-content\/uploads\/2025\/07\/Imagen1-3.jpg\",\"width\":567,\"height\":567,\"caption\":\"Castells logros S\u00e1nchez\"},{\"@type\":\"BreadcrumbList\",\"@id\":\"https:\/\/conversesacatalunya.cat\/es\/no-es-la-corrupcion-es-el-odio-a-sanchez-segun-el-exministro-manuel-castells-y-ii\/#breadcrumb\",\"itemListElement\":[{\"@type\":\"ListItem\",\"position\":1,\"name\":\"Inici\",\"item\":\"https:\/\/conversesacatalunya.cat\/es\/\"},{\"@type\":\"ListItem\",\"position\":2,\"name\":\"No es la corrupci\u00f3n, es el odio a S\u00e1nchez seg\u00fan el exministro Manuel Castells (y II)\"}]},{\"@type\":\"WebSite\",\"@id\":\"https:\/\/conversesacatalunya.cat\/#website\",\"url\":\"https:\/\/conversesacatalunya.cat\/\",\"name\":\"Converses a Catalunya\",\"description\":\"\",\"potentialAction\":[{\"@type\":\"SearchAction\",\"target\":{\"@type\":\"EntryPoint\",\"urlTemplate\":\"https:\/\/conversesacatalunya.cat\/?s={search_term_string}\"},\"query-input\":{\"@type\":\"PropertyValueSpecification\",\"valueRequired\":true,\"valueName\":\"search_term_string\"}}],\"inLanguage\":\"es\"},{\"@type\":\"Person\",\"@id\":\"https:\/\/conversesacatalunya.cat\/#\/schema\/person\/b734752c25b328c819a407cbea568c1f\",\"name\":\"N\u00faria Freixa\",\"image\":{\"@type\":\"ImageObject\",\"inLanguage\":\"es\",\"@id\":\"https:\/\/conversesacatalunya.cat\/#\/schema\/person\/image\/\",\"url\":\"https:\/\/conversesacatalunya.cat\/wp-content\/litespeed\/avatar\/c3686e387186fed249338fe04729c597.jpg?ver=1777289182\",\"contentUrl\":\"https:\/\/conversesacatalunya.cat\/wp-content\/litespeed\/avatar\/c3686e387186fed249338fe04729c597.jpg?ver=1777289182\",\"caption\":\"N\u00faria Freixa\"},\"url\":\"https:\/\/conversesacatalunya.cat\/es\/author\/nuria_freixa\/\"}]}<\/script>\n<!-- \/ Yoast SEO plugin. -->","yoast_head_json":{"title":"Las \u201cgrandes\u201d aportaciones de S\u00e1nchez seg\u00fan Castells:","description":"El exministro Manuel Castells defiende al Gobierno de S\u00e1nchez con una lista de supuestos logros. Este art\u00edculo analiza sus argumentos","robots":{"index":"index","follow":"follow","max-snippet":"max-snippet:-1","max-image-preview":"max-image-preview:large","max-video-preview":"max-video-preview:-1"},"canonical":"https:\/\/conversesacatalunya.cat\/es\/no-es-la-corrupcion-es-el-odio-a-sanchez-segun-el-exministro-manuel-castells-y-ii\/","og_locale":"es_ES","og_type":"article","og_title":"Las \u201cgrandes\u201d aportaciones de S\u00e1nchez seg\u00fan Castells:","og_description":"El exministro Manuel Castells defiende al Gobierno de S\u00e1nchez con una lista de supuestos logros. Este art\u00edculo analiza sus argumentos","og_url":"https:\/\/conversesacatalunya.cat\/es\/no-es-la-corrupcion-es-el-odio-a-sanchez-segun-el-exministro-manuel-castells-y-ii\/","og_site_name":"Converses a Catalunya","article_published_time":"2025-07-16T07:34:26+00:00","article_modified_time":"2025-07-16T08:11:17+00:00","og_image":[{"width":567,"height":567,"url":"https:\/\/conversesacatalunya.cat\/wp-content\/uploads\/2025\/07\/Imagen1-3.jpg","type":"image\/jpeg"}],"author":"N\u00faria Freixa","twitter_card":"summary_large_image","twitter_misc":{"Escrito por":"N\u00faria Freixa","Tiempo de lectura":"6 minutos"},"schema":{"@context":"https:\/\/schema.org","@graph":[{"@type":"Article","@id":"https:\/\/conversesacatalunya.cat\/es\/no-es-la-corrupcion-es-el-odio-a-sanchez-segun-el-exministro-manuel-castells-y-ii\/#article","isPartOf":{"@id":"https:\/\/conversesacatalunya.cat\/es\/no-es-la-corrupcion-es-el-odio-a-sanchez-segun-el-exministro-manuel-castells-y-ii\/"},"author":{"name":"N\u00faria Freixa","@id":"https:\/\/conversesacatalunya.cat\/#\/schema\/person\/b734752c25b328c819a407cbea568c1f"},"headline":"No es la corrupci\u00f3n, es el odio a S\u00e1nchez seg\u00fan el exministro Manuel Castells (y II)","datePublished":"2025-07-16T07:34:26+00:00","dateModified":"2025-07-16T08:11:17+00:00","mainEntityOfPage":{"@id":"https:\/\/conversesacatalunya.cat\/es\/no-es-la-corrupcion-es-el-odio-a-sanchez-segun-el-exministro-manuel-castells-y-ii\/"},"wordCount":1275,"commentCount":0,"image":{"@id":"https:\/\/conversesacatalunya.cat\/es\/no-es-la-corrupcion-es-el-odio-a-sanchez-segun-el-exministro-manuel-castells-y-ii\/#primaryimage"},"thumbnailUrl":"https:\/\/conversesacatalunya.cat\/wp-content\/uploads\/2025\/07\/Imagen1-3.jpg","keywords":["Gobierno S\u00e1nchez","S\u00e1nchez"],"articleSection":["Punts clau del dia (ES)"],"inLanguage":"es","potentialAction":[{"@type":"CommentAction","name":"Comment","target":["https:\/\/conversesacatalunya.cat\/es\/no-es-la-corrupcion-es-el-odio-a-sanchez-segun-el-exministro-manuel-castells-y-ii\/#respond"]}]},{"@type":"WebPage","@id":"https:\/\/conversesacatalunya.cat\/es\/no-es-la-corrupcion-es-el-odio-a-sanchez-segun-el-exministro-manuel-castells-y-ii\/","url":"https:\/\/conversesacatalunya.cat\/es\/no-es-la-corrupcion-es-el-odio-a-sanchez-segun-el-exministro-manuel-castells-y-ii\/","name":"Las \u201cgrandes\u201d aportaciones de S\u00e1nchez seg\u00fan Castells:","isPartOf":{"@id":"https:\/\/conversesacatalunya.cat\/#website"},"primaryImageOfPage":{"@id":"https:\/\/conversesacatalunya.cat\/es\/no-es-la-corrupcion-es-el-odio-a-sanchez-segun-el-exministro-manuel-castells-y-ii\/#primaryimage"},"image":{"@id":"https:\/\/conversesacatalunya.cat\/es\/no-es-la-corrupcion-es-el-odio-a-sanchez-segun-el-exministro-manuel-castells-y-ii\/#primaryimage"},"thumbnailUrl":"https:\/\/conversesacatalunya.cat\/wp-content\/uploads\/2025\/07\/Imagen1-3.jpg","datePublished":"2025-07-16T07:34:26+00:00","dateModified":"2025-07-16T08:11:17+00:00","author":{"@id":"https:\/\/conversesacatalunya.cat\/#\/schema\/person\/b734752c25b328c819a407cbea568c1f"},"description":"El exministro Manuel Castells defiende al Gobierno de S\u00e1nchez con una lista de supuestos logros. Este art\u00edculo analiza sus argumentos","breadcrumb":{"@id":"https:\/\/conversesacatalunya.cat\/es\/no-es-la-corrupcion-es-el-odio-a-sanchez-segun-el-exministro-manuel-castells-y-ii\/#breadcrumb"},"inLanguage":"es","potentialAction":[{"@type":"ReadAction","target":["https:\/\/conversesacatalunya.cat\/es\/no-es-la-corrupcion-es-el-odio-a-sanchez-segun-el-exministro-manuel-castells-y-ii\/"]}]},{"@type":"ImageObject","inLanguage":"es","@id":"https:\/\/conversesacatalunya.cat\/es\/no-es-la-corrupcion-es-el-odio-a-sanchez-segun-el-exministro-manuel-castells-y-ii\/#primaryimage","url":"https:\/\/conversesacatalunya.cat\/wp-content\/uploads\/2025\/07\/Imagen1-3.jpg","contentUrl":"https:\/\/conversesacatalunya.cat\/wp-content\/uploads\/2025\/07\/Imagen1-3.jpg","width":567,"height":567,"caption":"Castells logros S\u00e1nchez"},{"@type":"BreadcrumbList","@id":"https:\/\/conversesacatalunya.cat\/es\/no-es-la-corrupcion-es-el-odio-a-sanchez-segun-el-exministro-manuel-castells-y-ii\/#breadcrumb","itemListElement":[{"@type":"ListItem","position":1,"name":"Inici","item":"https:\/\/conversesacatalunya.cat\/es\/"},{"@type":"ListItem","position":2,"name":"No es la corrupci\u00f3n, es el odio a S\u00e1nchez seg\u00fan el exministro Manuel Castells (y II)"}]},{"@type":"WebSite","@id":"https:\/\/conversesacatalunya.cat\/#website","url":"https:\/\/conversesacatalunya.cat\/","name":"Converses a Catalunya","description":"","potentialAction":[{"@type":"SearchAction","target":{"@type":"EntryPoint","urlTemplate":"https:\/\/conversesacatalunya.cat\/?s={search_term_string}"},"query-input":{"@type":"PropertyValueSpecification","valueRequired":true,"valueName":"search_term_string"}}],"inLanguage":"es"},{"@type":"Person","@id":"https:\/\/conversesacatalunya.cat\/#\/schema\/person\/b734752c25b328c819a407cbea568c1f","name":"N\u00faria Freixa","image":{"@type":"ImageObject","inLanguage":"es","@id":"https:\/\/conversesacatalunya.cat\/#\/schema\/person\/image\/","url":"https:\/\/conversesacatalunya.cat\/wp-content\/litespeed\/avatar\/c3686e387186fed249338fe04729c597.jpg?ver=1777289182","contentUrl":"https:\/\/conversesacatalunya.cat\/wp-content\/litespeed\/avatar\/c3686e387186fed249338fe04729c597.jpg?ver=1777289182","caption":"N\u00faria Freixa"},"url":"https:\/\/conversesacatalunya.cat\/es\/author\/nuria_freixa\/"}]}},"wps_subtitle":"","_links":{"self":[{"href":"https:\/\/conversesacatalunya.cat\/es\/wp-json\/wp\/v2\/posts\/90427","targetHints":{"allow":["GET"]}}],"collection":[{"href":"https:\/\/conversesacatalunya.cat\/es\/wp-json\/wp\/v2\/posts"}],"about":[{"href":"https:\/\/conversesacatalunya.cat\/es\/wp-json\/wp\/v2\/types\/post"}],"author":[{"embeddable":true,"href":"https:\/\/conversesacatalunya.cat\/es\/wp-json\/wp\/v2\/users\/80"}],"replies":[{"embeddable":true,"href":"https:\/\/conversesacatalunya.cat\/es\/wp-json\/wp\/v2\/comments?post=90427"}],"version-history":[{"count":8,"href":"https:\/\/conversesacatalunya.cat\/es\/wp-json\/wp\/v2\/posts\/90427\/revisions"}],"predecessor-version":[{"id":90437,"href":"https:\/\/conversesacatalunya.cat\/es\/wp-json\/wp\/v2\/posts\/90427\/revisions\/90437"}],"wp:featuredmedia":[{"embeddable":true,"href":"https:\/\/conversesacatalunya.cat\/es\/wp-json\/wp\/v2\/media\/90434"}],"wp:attachment":[{"href":"https:\/\/conversesacatalunya.cat\/es\/wp-json\/wp\/v2\/media?parent=90427"}],"wp:term":[{"taxonomy":"category","embeddable":true,"href":"https:\/\/conversesacatalunya.cat\/es\/wp-json\/wp\/v2\/categories?post=90427"},{"taxonomy":"post_tag","embeddable":true,"href":"https:\/\/conversesacatalunya.cat\/es\/wp-json\/wp\/v2\/tags?post=90427"}],"curies":[{"name":"wp","href":"https:\/\/api.w.org\/{rel}","templated":true}]}}