{"id":90370,"date":"2025-07-15T08:17:31","date_gmt":"2025-07-15T06:17:31","guid":{"rendered":"https:\/\/conversesacatalunya.cat\/?p=90370"},"modified":"2025-07-15T08:41:39","modified_gmt":"2025-07-15T06:41:39","slug":"europa-guerra-comercial-estados-unidos","status":"publish","type":"post","link":"https:\/\/conversesacatalunya.cat\/es\/europa-guerra-comercial-estados-unidos\/","title":{"rendered":"Europa no puede ganar una guerra comercial contra Estados Unidos"},"content":{"rendered":"<p><span><span class=\"VIpgJd-yAWNEb-VIpgJd-fmcmS-sn54Q\">De la misma manera que Europa no puede\u00a0<\/span><\/span><a href=\"https:\/\/conversesacatalunya.cat\/es\/europa-no-paz-ucrania\/\" target=\"_blank\" rel=\"noopener\"><span><span class=\"VIpgJd-yAWNEb-VIpgJd-fmcmS-sn54Q\">sostener sola a Ucrania<\/span><\/span><\/a><span><span class=\"VIpgJd-yAWNEb-VIpgJd-fmcmS-sn54Q\">,\u00a0Europa tampoco puede pretender torcer el brazo a Estados Unidos en una guerra comercial. La raz\u00f3n de fondo es exactamente la misma:\u00a0<\/span><\/span><strong><span><span class=\"VIpgJd-yAWNEb-VIpgJd-fmcmS-sn54Q\">Europa no dispone de poder suficiente<\/span><\/span><\/strong><span><span class=\"VIpgJd-yAWNEb-VIpgJd-fmcmS-sn54Q\">\u00a0\u00a0para vencer en ninguna de las dos situaciones.<\/span><\/span><\/p>\n<p class=\"gmail_default\"><strong><span><span class=\"VIpgJd-yAWNEb-VIpgJd-fmcmS-sn54Q\">Se podr\u00e1 objetar que antes de \u201cpoder\u201d, est\u00e1 el \u201cquerer\u201d.<\/span><\/span><\/strong><span><span class=\"VIpgJd-yAWNEb-VIpgJd-fmcmS-sn54Q\">\u00a0La intenci\u00f3n y voluntad pol\u00edtica. Es cierto que\u00a0<\/span><\/span><a href=\"https:\/\/conversesacatalunya.cat\/es\/necesitamos-un-trump-europeo\/\" target=\"_blank\" rel=\"noopener\"><span><span class=\"VIpgJd-yAWNEb-VIpgJd-fmcmS-sn54Q\">Europa carece de verdadera voluntad<\/span><\/span><\/a><span><span class=\"VIpgJd-yAWNEb-VIpgJd-fmcmS-sn54Q\">\u00a0de cambio, porque sus l\u00edderes no est\u00e1n dispuestos a pagar el menor precio social que pueda poner en dificultades su continuidad en el poder. Dicho de otra forma, las \u00e9lites europeas son conscientes de su incapacidad de arrastrar el grueso de los electores hacia sacrificios considerables.<\/span><\/span><\/p>\n<p class=\"gmail_default\"><span><span class=\"VIpgJd-yAWNEb-VIpgJd-fmcmS-sn54Q\">Pero aunque hubiera voluntad, Europa no dispondr\u00eda de medios suficientes para salir vencedora del conflicto arancelario contra Estados Unidos con el que Donald Trump vuelve a amenazar al Viejo Continente, ahora\u00a0<\/span><\/span><strong><span><span class=\"VIpgJd-yAWNEb-VIpgJd-fmcmS-sn54Q\">con una tasa general del 30%<\/span><\/span><\/strong><span><span class=\"VIpgJd-yAWNEb-VIpgJd-fmcmS-sn54Q\">.<\/span><\/span><\/p>\n<p><strong><span><span class=\"VIpgJd-yAWNEb-VIpgJd-fmcmS-sn54Q\">Europa ya solo supon\u00eda el a\u00f1o pasado el 65% del PIB estadounidense<\/span><\/span><\/strong><span><span class=\"VIpgJd-yAWNEb-VIpgJd-fmcmS-sn54Q\">,\u00a0y la zona euro pr\u00e1cticamente la\u00a0<\/span><\/span><a href=\"https:\/\/www.robinsonsmithwealth.com\/blog\/a-strong-u.s.-economy-vs.-euro-area-gdp-growth-since-2008\" target=\"_blank\" rel=\"noopener\"><span><span class=\"VIpgJd-yAWNEb-VIpgJd-fmcmS-sn54Q\">mitad<\/span><\/span><\/a><span><span class=\"VIpgJd-yAWNEb-VIpgJd-fmcmS-sn54Q\">\u00a0de la riqueza anual que Estados Unidos produjera. Cuesta creer que en 2008, la zona euro y la econom\u00eda estadounidense estaban codo con codo, y el PIB europeo en su conjunto superaba al de Estados Unidos. Como afirm\u00e1bamos hace dos a\u00f1os, Europa se ha quedado\u00a0<\/span><\/span><a href=\"https:\/\/conversesacatalunya.cat\/es\/leconomia-europa-detras-estados-unidos\/\" target=\"_blank\" rel=\"noopener\"><span><span class=\"VIpgJd-yAWNEb-VIpgJd-fmcmS-sn54Q\">definitivamente<\/span><\/span><\/a><span><span class=\"VIpgJd-yAWNEb-VIpgJd-fmcmS-sn54Q\">\u00a0detr\u00e1s de Estados Unidos.<\/span><\/span><\/p>\n<p><span><span class=\"VIpgJd-yAWNEb-VIpgJd-fmcmS-sn54Q\">Pero es que, adem\u00e1s,\u00a0<\/span><\/span><span><span class=\"VIpgJd-yAWNEb-VIpgJd-fmcmS-sn54Q\"><a href=\"https:\/\/policy.trade.ec.europa.eu\/eu-trade-relationships-country-and-region\/countries-and-regions\/united-states_en\" target=\"_blank\" rel=\"noopener\">la balanza comercial es muy desfavorable<\/a> en el Viejo Continente\u00a0 <\/span><\/span><span><span class=\"VIpgJd-yAWNEb-VIpgJd-fmcmS-sn54Q\">en caso de conflicto serio. Europa exporta cada a\u00f1o m\u00e1s bienes a Estados Unidos que nos llegan de la otra orilla del Atl\u00e1ntico. Incluso si se le a\u00f1aden los servicios, en los que la relaci\u00f3n se invierte, el peso total de los intercambios puestos en la balanza se inclina decididamente hacia el lado europeo.<\/span><\/span><\/p>\n<p><span>En circunstancias normales, esto equivale a una posici\u00f3n de fuerza. Pero no cuando se trata de negociar aranceles, porque\u00a0<\/span><strong><span>los que m\u00e1s tienen que perder son los que, al fin y al cabo, dependen m\u00e1s de las actividades econ\u00f3micas exportadoras<\/span><\/strong><span>\u00a0a la otra parte.<\/span><\/p>\n<p><span><span class=\"VIpgJd-yAWNEb-VIpgJd-fmcmS-sn54Q\">Se nos dice y repite que\u00a0<\/span><\/span><strong><span><span class=\"VIpgJd-yAWNEb-VIpgJd-fmcmS-sn54Q\">ser\u00e1n los ciudadanos estadounidenses quienes acaben pagando el precio de los aranceles<\/span><\/span><\/strong><span><span class=\"VIpgJd-yAWNEb-VIpgJd-fmcmS-sn54Q\">,\u00a0pero de momento la reacci\u00f3n de las principales empresas ha sido o bien<a href=\"https:\/\/www.bloomberg.com\/news\/articles\/2025-07-10\/japan-s-carmakers-slash-export-prices-to-us-to-offset-tariff-hit?embedded-checkout=true\" target=\"_blank\" rel=\"noopener\">\u00a0<\/a><\/span><\/span><a href=\"https:\/\/www.bloomberg.com\/news\/articles\/2025-07-10\/japan-s-carmakers-slash-export-prices-to-us-to-offset-tariff-hit?embedded-checkout=true\" target=\"_blank\" rel=\"noopener\"><span><span class=\"VIpgJd-yAWNEb-VIpgJd-fmcmS-sn54Q\">absorber<\/span><\/span><\/a><span><span class=\"VIpgJd-yAWNEb-VIpgJd-fmcmS-sn54Q\">\u00a0buena parte del coste adicional que suponen las medidas de Trump, o\u00a0<\/span><\/span><span><span class=\"VIpgJd-yAWNEb-VIpgJd-fmcmS-sn54Q\">anunciar<\/span><\/span><span><span class=\"VIpgJd-yAWNEb-VIpgJd-fmcmS-sn54Q\">\u00a0inversiones para producir en Estados Unidos. \u00bfY qui\u00e9n est\u00e1 dispuesto a renunciar al mercado m\u00e1s grande, m\u00e1s din\u00e1mico y con mayor potencial de todo Occidente?<\/span><\/span><\/p>\n<p><span><span class=\"VIpgJd-yAWNEb-VIpgJd-fmcmS-sn54Q\">De ah\u00ed que las\u00a0<\/span><\/span><span><span class=\"VIpgJd-yAWNEb-VIpgJd-fmcmS-sn54Q\">amenazas<\/span><\/span><span><span class=\"VIpgJd-yAWNEb-VIpgJd-fmcmS-sn54Q\">\u00a0de represalias de la presidenta de la Comisi\u00f3n Europea, Ursula von der Leyen, no puedan producir demasiado efecto sobre el gobierno de Trump, que\u00a0<\/span><\/span><strong><span><span class=\"VIpgJd-yAWNEb-VIpgJd-fmcmS-sn54Q\">conoce perfectamente la relaci\u00f3n de fuerzas<\/span><\/span><\/strong><span><span class=\"VIpgJd-yAWNEb-VIpgJd-fmcmS-sn54Q\">.<\/span><\/span><\/p>\n<p><span><span class=\"VIpgJd-yAWNEb-VIpgJd-fmcmS-sn54Q\">Una prueba m\u00e1s de que la relaci\u00f3n de poder est\u00e1 claramente inclinada a favor de Estados Unidos es que la Comisi\u00f3n Europea acaba de\u00a0<\/span><\/span><a href=\"https:\/\/www.politico.eu\/article\/victory-eu-donald-trump-meta-tax-digital\/\" target=\"_blank\" rel=\"noopener\"><span><span class=\"VIpgJd-yAWNEb-VIpgJd-fmcmS-sn54Q\"><strong>abandonar<\/strong><\/span><\/span><\/a><span><span class=\"VIpgJd-yAWNEb-VIpgJd-fmcmS-sn54Q\">\u00a0los planes de establecer un impuesto a las empresas de servicios digitales, las m\u00e1s importantes de las cuales son todas estadounidenses (Meta, Apple, Alphabet, etc.).<\/span><\/span><\/p>\n<span class='bctt-click-to-tweet'><span class='bctt-ctt-text'><a href='https:\/\/twitter.com\/intent\/tweet?url=https%3A%2F%2Fconversesacatalunya.cat%2Fes%2Feuropa-guerra-comercial-estados-unidos%2F&#038;text=Las%20%C3%A9lites%20europeas%20son%20conscientes%20de%20su%20incapacidad%20de%20arrastrar%20el%20grueso%20de%20los%20electores%20hacia%20sacrificios%20considerables&#038;via=conversesacat&#038;related=conversesacat' target='_blank'rel=\"noopener noreferrer\">Las \u00e9lites europeas son conscientes de su incapacidad de arrastrar el grueso de los electores hacia sacrificios considerables <\/a><\/span><a href='https:\/\/twitter.com\/intent\/tweet?url=https%3A%2F%2Fconversesacatalunya.cat%2Fes%2Feuropa-guerra-comercial-estados-unidos%2F&#038;text=Las%20%C3%A9lites%20europeas%20son%20conscientes%20de%20su%20incapacidad%20de%20arrastrar%20el%20grueso%20de%20los%20electores%20hacia%20sacrificios%20considerables&#038;via=conversesacat&#038;related=conversesacat' target='_blank' class='bctt-ctt-btn'rel=\"noopener noreferrer\">Compartir en X<\/a><\/span>\n<p>&nbsp;<\/p>\n","protected":false},"excerpt":{"rendered":"<p>De la misma manera que Europa no puede\u00a0sostener sola a Ucrania,\u00a0Europa tampoco puede pretender torcer el brazo a Estados Unidos en una guerra comercial. La raz\u00f3n de fondo es exactamente la misma:\u00a0Europa no dispone de poder suficiente\u00a0\u00a0para vencer en ninguna de las dos situaciones. Se podr\u00e1 objetar que antes de \u201cpoder\u201d, est\u00e1 el \u201cquerer\u201d.\u00a0La intenci\u00f3n y voluntad pol\u00edtica. Es cierto que\u00a0Europa carece de verdadera voluntad\u00a0de cambio, porque sus l\u00edderes no est\u00e1n dispuestos a pagar el menor precio social que pueda poner en dificultades su continuidad en el poder. Dicho de otra forma, las \u00e9lites europeas son conscientes de su incapacidad de arrastrar el grueso de los electores hacia sacrificios considerables. Pero aunque hubiera voluntad, Europa no dispondr\u00eda de medios suficientes para salir vencedora del conflicto arancelario contra Estados Unidos con el que Donald Trump vuelve a amenazar al Viejo Continente, ahora\u00a0con una tasa general del 30%. Europa ya solo supon\u00eda el a\u00f1o pasado el 65% del PIB estadounidense,\u00a0y la zona euro pr\u00e1cticamente la\u00a0mitad\u00a0de la riqueza anual que Estados Unidos produjera. Cuesta creer que en 2008, la zona euro y la econom\u00eda estadounidense estaban codo con codo, y el PIB europeo en su conjunto superaba al de Estados Unidos. Como afirm\u00e1bamos hace dos a\u00f1os, Europa se ha quedado\u00a0definitivamente\u00a0detr\u00e1s de Estados Unidos. Pero es que, adem\u00e1s,\u00a0la balanza comercial es muy desfavorable en el Viejo Continente\u00a0 en caso de conflicto serio. Europa exporta cada a\u00f1o m\u00e1s bienes a Estados Unidos que nos llegan de la otra orilla del Atl\u00e1ntico. Incluso si se le a\u00f1aden los servicios, en los que la relaci\u00f3n se invierte, el peso total de los intercambios puestos en la balanza se inclina decididamente hacia el lado europeo. En circunstancias normales, esto equivale a una posici\u00f3n de fuerza. Pero no cuando se trata de negociar aranceles, porque\u00a0los que m\u00e1s tienen que perder son los que, al fin y al cabo, dependen m\u00e1s de las actividades econ\u00f3micas exportadoras\u00a0a la otra parte. Se nos dice y repite que\u00a0ser\u00e1n los ciudadanos estadounidenses quienes acaben pagando el precio de los aranceles,\u00a0pero de momento la reacci\u00f3n de las principales empresas ha sido o bien\u00a0absorber\u00a0buena parte del coste adicional que suponen las medidas de Trump, o\u00a0anunciar\u00a0inversiones para producir en Estados Unidos. \u00bfY qui\u00e9n est\u00e1 dispuesto a renunciar al mercado m\u00e1s grande, m\u00e1s din\u00e1mico y con mayor potencial de todo Occidente? De ah\u00ed que las\u00a0amenazas\u00a0de represalias de la presidenta de la Comisi\u00f3n Europea, Ursula von der Leyen, no puedan producir demasiado efecto sobre el gobierno de Trump, que\u00a0conoce perfectamente la relaci\u00f3n de fuerzas. Una prueba m\u00e1s de que la relaci\u00f3n de poder est\u00e1 claramente inclinada a favor de Estados Unidos es que la Comisi\u00f3n Europea acaba de\u00a0abandonar\u00a0los planes de establecer un impuesto a las empresas de servicios digitales, las m\u00e1s importantes de las cuales son todas estadounidenses (Meta, Apple, Alphabet, etc.). &nbsp;<\/p>\n","protected":false},"author":75,"featured_media":64959,"comment_status":"open","ping_status":"open","sticky":false,"template":"","format":"standard","meta":{"_FSMCFIC_featured_image_caption":"","_FSMCFIC_featured_image_nocaption":"","_FSMCFIC_featured_image_hide":"","footnotes":""},"categories":[806],"tags":[5247,5264,1775],"class_list":["post-90370","post","type-post","status-publish","format-standard","has-post-thumbnail","hentry","category-punts-claus-del-dia-es","tag-aranceles","tag-aranzels-es","tag-guerra-comercial-es"],"yoast_head":"<!-- This site is optimized with the Yoast SEO plugin v26.8 - https:\/\/yoast.com\/product\/yoast-seo-wordpress\/ -->\n<title>Europa no puede ganar una guerra comercial contra Estados Unidos - Converses a Catalunya<\/title>\n<meta name=\"description\" content=\"Al igual que Europa no puede sostener sola a Ucrania, Europa tampoco puede torcer el brazo a Estados Unidos en una guerra comercial\" \/>\n<meta name=\"robots\" content=\"index, follow, max-snippet:-1, max-image-preview:large, max-video-preview:-1\" \/>\n<link rel=\"canonical\" href=\"https:\/\/conversesacatalunya.cat\/es\/europa-guerra-comercial-estados-unidos\/\" \/>\n<meta property=\"og:locale\" content=\"es_ES\" \/>\n<meta property=\"og:type\" content=\"article\" \/>\n<meta property=\"og:title\" content=\"Europa no puede ganar una guerra comercial contra Estados Unidos - Converses a Catalunya\" \/>\n<meta property=\"og:description\" content=\"Al igual que Europa no puede sostener sola a Ucrania, Europa tampoco puede torcer el brazo a Estados Unidos en una guerra comercial\" \/>\n<meta property=\"og:url\" content=\"https:\/\/conversesacatalunya.cat\/es\/europa-guerra-comercial-estados-unidos\/\" \/>\n<meta property=\"og:site_name\" content=\"Converses a Catalunya\" \/>\n<meta property=\"article:published_time\" content=\"2025-07-15T06:17:31+00:00\" \/>\n<meta property=\"article:modified_time\" content=\"2025-07-15T06:41:39+00:00\" \/>\n<meta property=\"og:image\" content=\"https:\/\/conversesacatalunya.cat\/wp-content\/uploads\/2023\/02\/Captura-de-pantalla-2023-02-18-a-les-12.36.20.png\" \/>\n\t<meta property=\"og:image:width\" content=\"769\" \/>\n\t<meta property=\"og:image:height\" content=\"404\" \/>\n\t<meta property=\"og:image:type\" content=\"image\/png\" \/>\n<meta name=\"author\" content=\"Carles L\u00f3pez\" \/>\n<meta name=\"twitter:card\" content=\"summary_large_image\" \/>\n<meta name=\"twitter:label1\" content=\"Escrito por\" \/>\n\t<meta name=\"twitter:data1\" content=\"Carles L\u00f3pez\" \/>\n\t<meta name=\"twitter:label2\" content=\"Tiempo de lectura\" \/>\n\t<meta name=\"twitter:data2\" content=\"3 minutos\" \/>\n<script type=\"application\/ld+json\" class=\"yoast-schema-graph\">{\"@context\":\"https:\/\/schema.org\",\"@graph\":[{\"@type\":\"Article\",\"@id\":\"https:\/\/conversesacatalunya.cat\/es\/europa-guerra-comercial-estados-unidos\/#article\",\"isPartOf\":{\"@id\":\"https:\/\/conversesacatalunya.cat\/es\/europa-guerra-comercial-estados-unidos\/\"},\"author\":{\"name\":\"Carles L\u00f3pez\",\"@id\":\"https:\/\/conversesacatalunya.cat\/#\/schema\/person\/3ce2ab16c0a3803086d80722c7cad56a\"},\"headline\":\"Europa no puede ganar una guerra comercial contra Estados Unidos\",\"datePublished\":\"2025-07-15T06:17:31+00:00\",\"dateModified\":\"2025-07-15T06:41:39+00:00\",\"mainEntityOfPage\":{\"@id\":\"https:\/\/conversesacatalunya.cat\/es\/europa-guerra-comercial-estados-unidos\/\"},\"wordCount\":555,\"commentCount\":0,\"image\":{\"@id\":\"https:\/\/conversesacatalunya.cat\/es\/europa-guerra-comercial-estados-unidos\/#primaryimage\"},\"thumbnailUrl\":\"https:\/\/conversesacatalunya.cat\/wp-content\/uploads\/2023\/02\/Captura-de-pantalla-2023-02-18-a-les-12.36.20.png\",\"keywords\":[\"aranceles\",\"aranzels\",\"guerra comercial\"],\"articleSection\":[\"Punts clau del dia (ES)\"],\"inLanguage\":\"es\",\"potentialAction\":[{\"@type\":\"CommentAction\",\"name\":\"Comment\",\"target\":[\"https:\/\/conversesacatalunya.cat\/es\/europa-guerra-comercial-estados-unidos\/#respond\"]}]},{\"@type\":\"WebPage\",\"@id\":\"https:\/\/conversesacatalunya.cat\/es\/europa-guerra-comercial-estados-unidos\/\",\"url\":\"https:\/\/conversesacatalunya.cat\/es\/europa-guerra-comercial-estados-unidos\/\",\"name\":\"Europa no puede ganar una guerra comercial contra Estados Unidos - Converses a Catalunya\",\"isPartOf\":{\"@id\":\"https:\/\/conversesacatalunya.cat\/#website\"},\"primaryImageOfPage\":{\"@id\":\"https:\/\/conversesacatalunya.cat\/es\/europa-guerra-comercial-estados-unidos\/#primaryimage\"},\"image\":{\"@id\":\"https:\/\/conversesacatalunya.cat\/es\/europa-guerra-comercial-estados-unidos\/#primaryimage\"},\"thumbnailUrl\":\"https:\/\/conversesacatalunya.cat\/wp-content\/uploads\/2023\/02\/Captura-de-pantalla-2023-02-18-a-les-12.36.20.png\",\"datePublished\":\"2025-07-15T06:17:31+00:00\",\"dateModified\":\"2025-07-15T06:41:39+00:00\",\"author\":{\"@id\":\"https:\/\/conversesacatalunya.cat\/#\/schema\/person\/3ce2ab16c0a3803086d80722c7cad56a\"},\"description\":\"Al igual que Europa no puede sostener sola a Ucrania, Europa tampoco puede torcer el brazo a Estados Unidos en una guerra comercial\",\"breadcrumb\":{\"@id\":\"https:\/\/conversesacatalunya.cat\/es\/europa-guerra-comercial-estados-unidos\/#breadcrumb\"},\"inLanguage\":\"es\",\"potentialAction\":[{\"@type\":\"ReadAction\",\"target\":[\"https:\/\/conversesacatalunya.cat\/es\/europa-guerra-comercial-estados-unidos\/\"]}]},{\"@type\":\"ImageObject\",\"inLanguage\":\"es\",\"@id\":\"https:\/\/conversesacatalunya.cat\/es\/europa-guerra-comercial-estados-unidos\/#primaryimage\",\"url\":\"https:\/\/conversesacatalunya.cat\/wp-content\/uploads\/2023\/02\/Captura-de-pantalla-2023-02-18-a-les-12.36.20.png\",\"contentUrl\":\"https:\/\/conversesacatalunya.cat\/wp-content\/uploads\/2023\/02\/Captura-de-pantalla-2023-02-18-a-les-12.36.20.png\",\"width\":769,\"height\":404,\"caption\":\"Europa guerra comercial Estados Unidos\"},{\"@type\":\"BreadcrumbList\",\"@id\":\"https:\/\/conversesacatalunya.cat\/es\/europa-guerra-comercial-estados-unidos\/#breadcrumb\",\"itemListElement\":[{\"@type\":\"ListItem\",\"position\":1,\"name\":\"Inici\",\"item\":\"https:\/\/conversesacatalunya.cat\/es\/\"},{\"@type\":\"ListItem\",\"position\":2,\"name\":\"Europa no puede ganar una guerra comercial contra Estados Unidos\"}]},{\"@type\":\"WebSite\",\"@id\":\"https:\/\/conversesacatalunya.cat\/#website\",\"url\":\"https:\/\/conversesacatalunya.cat\/\",\"name\":\"Converses a Catalunya\",\"description\":\"\",\"potentialAction\":[{\"@type\":\"SearchAction\",\"target\":{\"@type\":\"EntryPoint\",\"urlTemplate\":\"https:\/\/conversesacatalunya.cat\/?s={search_term_string}\"},\"query-input\":{\"@type\":\"PropertyValueSpecification\",\"valueRequired\":true,\"valueName\":\"search_term_string\"}}],\"inLanguage\":\"es\"},{\"@type\":\"Person\",\"@id\":\"https:\/\/conversesacatalunya.cat\/#\/schema\/person\/3ce2ab16c0a3803086d80722c7cad56a\",\"name\":\"Carles L\u00f3pez\",\"image\":{\"@type\":\"ImageObject\",\"inLanguage\":\"es\",\"@id\":\"https:\/\/conversesacatalunya.cat\/#\/schema\/person\/image\/\",\"url\":\"https:\/\/conversesacatalunya.cat\/wp-content\/litespeed\/avatar\/4891585caf2896e97846ab77f06edcf2.jpg?ver=1777091173\",\"contentUrl\":\"https:\/\/conversesacatalunya.cat\/wp-content\/litespeed\/avatar\/4891585caf2896e97846ab77f06edcf2.jpg?ver=1777091173\",\"caption\":\"Carles L\u00f3pez\"},\"url\":\"https:\/\/conversesacatalunya.cat\/es\/author\/carles-lopez\/\"}]}<\/script>\n<!-- \/ Yoast SEO plugin. -->","yoast_head_json":{"title":"Europa no puede ganar una guerra comercial contra Estados Unidos - Converses a Catalunya","description":"Al igual que Europa no puede sostener sola a Ucrania, Europa tampoco puede torcer el brazo a Estados Unidos en una guerra comercial","robots":{"index":"index","follow":"follow","max-snippet":"max-snippet:-1","max-image-preview":"max-image-preview:large","max-video-preview":"max-video-preview:-1"},"canonical":"https:\/\/conversesacatalunya.cat\/es\/europa-guerra-comercial-estados-unidos\/","og_locale":"es_ES","og_type":"article","og_title":"Europa no puede ganar una guerra comercial contra Estados Unidos - Converses a Catalunya","og_description":"Al igual que Europa no puede sostener sola a Ucrania, Europa tampoco puede torcer el brazo a Estados Unidos en una guerra comercial","og_url":"https:\/\/conversesacatalunya.cat\/es\/europa-guerra-comercial-estados-unidos\/","og_site_name":"Converses a Catalunya","article_published_time":"2025-07-15T06:17:31+00:00","article_modified_time":"2025-07-15T06:41:39+00:00","og_image":[{"width":769,"height":404,"url":"https:\/\/conversesacatalunya.cat\/wp-content\/uploads\/2023\/02\/Captura-de-pantalla-2023-02-18-a-les-12.36.20.png","type":"image\/png"}],"author":"Carles L\u00f3pez","twitter_card":"summary_large_image","twitter_misc":{"Escrito por":"Carles L\u00f3pez","Tiempo de lectura":"3 minutos"},"schema":{"@context":"https:\/\/schema.org","@graph":[{"@type":"Article","@id":"https:\/\/conversesacatalunya.cat\/es\/europa-guerra-comercial-estados-unidos\/#article","isPartOf":{"@id":"https:\/\/conversesacatalunya.cat\/es\/europa-guerra-comercial-estados-unidos\/"},"author":{"name":"Carles L\u00f3pez","@id":"https:\/\/conversesacatalunya.cat\/#\/schema\/person\/3ce2ab16c0a3803086d80722c7cad56a"},"headline":"Europa no puede ganar una guerra comercial contra Estados Unidos","datePublished":"2025-07-15T06:17:31+00:00","dateModified":"2025-07-15T06:41:39+00:00","mainEntityOfPage":{"@id":"https:\/\/conversesacatalunya.cat\/es\/europa-guerra-comercial-estados-unidos\/"},"wordCount":555,"commentCount":0,"image":{"@id":"https:\/\/conversesacatalunya.cat\/es\/europa-guerra-comercial-estados-unidos\/#primaryimage"},"thumbnailUrl":"https:\/\/conversesacatalunya.cat\/wp-content\/uploads\/2023\/02\/Captura-de-pantalla-2023-02-18-a-les-12.36.20.png","keywords":["aranceles","aranzels","guerra comercial"],"articleSection":["Punts clau del dia (ES)"],"inLanguage":"es","potentialAction":[{"@type":"CommentAction","name":"Comment","target":["https:\/\/conversesacatalunya.cat\/es\/europa-guerra-comercial-estados-unidos\/#respond"]}]},{"@type":"WebPage","@id":"https:\/\/conversesacatalunya.cat\/es\/europa-guerra-comercial-estados-unidos\/","url":"https:\/\/conversesacatalunya.cat\/es\/europa-guerra-comercial-estados-unidos\/","name":"Europa no puede ganar una guerra comercial contra Estados Unidos - Converses a Catalunya","isPartOf":{"@id":"https:\/\/conversesacatalunya.cat\/#website"},"primaryImageOfPage":{"@id":"https:\/\/conversesacatalunya.cat\/es\/europa-guerra-comercial-estados-unidos\/#primaryimage"},"image":{"@id":"https:\/\/conversesacatalunya.cat\/es\/europa-guerra-comercial-estados-unidos\/#primaryimage"},"thumbnailUrl":"https:\/\/conversesacatalunya.cat\/wp-content\/uploads\/2023\/02\/Captura-de-pantalla-2023-02-18-a-les-12.36.20.png","datePublished":"2025-07-15T06:17:31+00:00","dateModified":"2025-07-15T06:41:39+00:00","author":{"@id":"https:\/\/conversesacatalunya.cat\/#\/schema\/person\/3ce2ab16c0a3803086d80722c7cad56a"},"description":"Al igual que Europa no puede sostener sola a Ucrania, Europa tampoco puede torcer el brazo a Estados Unidos en una guerra comercial","breadcrumb":{"@id":"https:\/\/conversesacatalunya.cat\/es\/europa-guerra-comercial-estados-unidos\/#breadcrumb"},"inLanguage":"es","potentialAction":[{"@type":"ReadAction","target":["https:\/\/conversesacatalunya.cat\/es\/europa-guerra-comercial-estados-unidos\/"]}]},{"@type":"ImageObject","inLanguage":"es","@id":"https:\/\/conversesacatalunya.cat\/es\/europa-guerra-comercial-estados-unidos\/#primaryimage","url":"https:\/\/conversesacatalunya.cat\/wp-content\/uploads\/2023\/02\/Captura-de-pantalla-2023-02-18-a-les-12.36.20.png","contentUrl":"https:\/\/conversesacatalunya.cat\/wp-content\/uploads\/2023\/02\/Captura-de-pantalla-2023-02-18-a-les-12.36.20.png","width":769,"height":404,"caption":"Europa guerra comercial Estados Unidos"},{"@type":"BreadcrumbList","@id":"https:\/\/conversesacatalunya.cat\/es\/europa-guerra-comercial-estados-unidos\/#breadcrumb","itemListElement":[{"@type":"ListItem","position":1,"name":"Inici","item":"https:\/\/conversesacatalunya.cat\/es\/"},{"@type":"ListItem","position":2,"name":"Europa no puede ganar una guerra comercial contra Estados Unidos"}]},{"@type":"WebSite","@id":"https:\/\/conversesacatalunya.cat\/#website","url":"https:\/\/conversesacatalunya.cat\/","name":"Converses a Catalunya","description":"","potentialAction":[{"@type":"SearchAction","target":{"@type":"EntryPoint","urlTemplate":"https:\/\/conversesacatalunya.cat\/?s={search_term_string}"},"query-input":{"@type":"PropertyValueSpecification","valueRequired":true,"valueName":"search_term_string"}}],"inLanguage":"es"},{"@type":"Person","@id":"https:\/\/conversesacatalunya.cat\/#\/schema\/person\/3ce2ab16c0a3803086d80722c7cad56a","name":"Carles L\u00f3pez","image":{"@type":"ImageObject","inLanguage":"es","@id":"https:\/\/conversesacatalunya.cat\/#\/schema\/person\/image\/","url":"https:\/\/conversesacatalunya.cat\/wp-content\/litespeed\/avatar\/4891585caf2896e97846ab77f06edcf2.jpg?ver=1777091173","contentUrl":"https:\/\/conversesacatalunya.cat\/wp-content\/litespeed\/avatar\/4891585caf2896e97846ab77f06edcf2.jpg?ver=1777091173","caption":"Carles L\u00f3pez"},"url":"https:\/\/conversesacatalunya.cat\/es\/author\/carles-lopez\/"}]}},"wps_subtitle":"Aunque en Bruselas hubiera voluntad (que no la hay), Europa no dispone de los medios para sostener un conflicto econ\u00f3mico con Washington.","_links":{"self":[{"href":"https:\/\/conversesacatalunya.cat\/es\/wp-json\/wp\/v2\/posts\/90370","targetHints":{"allow":["GET"]}}],"collection":[{"href":"https:\/\/conversesacatalunya.cat\/es\/wp-json\/wp\/v2\/posts"}],"about":[{"href":"https:\/\/conversesacatalunya.cat\/es\/wp-json\/wp\/v2\/types\/post"}],"author":[{"embeddable":true,"href":"https:\/\/conversesacatalunya.cat\/es\/wp-json\/wp\/v2\/users\/75"}],"replies":[{"embeddable":true,"href":"https:\/\/conversesacatalunya.cat\/es\/wp-json\/wp\/v2\/comments?post=90370"}],"version-history":[{"count":5,"href":"https:\/\/conversesacatalunya.cat\/es\/wp-json\/wp\/v2\/posts\/90370\/revisions"}],"predecessor-version":[{"id":90371,"href":"https:\/\/conversesacatalunya.cat\/es\/wp-json\/wp\/v2\/posts\/90370\/revisions\/90371"}],"wp:featuredmedia":[{"embeddable":true,"href":"https:\/\/conversesacatalunya.cat\/es\/wp-json\/wp\/v2\/media\/64959"}],"wp:attachment":[{"href":"https:\/\/conversesacatalunya.cat\/es\/wp-json\/wp\/v2\/media?parent=90370"}],"wp:term":[{"taxonomy":"category","embeddable":true,"href":"https:\/\/conversesacatalunya.cat\/es\/wp-json\/wp\/v2\/categories?post=90370"},{"taxonomy":"post_tag","embeddable":true,"href":"https:\/\/conversesacatalunya.cat\/es\/wp-json\/wp\/v2\/tags?post=90370"}],"curies":[{"name":"wp","href":"https:\/\/api.w.org\/{rel}","templated":true}]}}