{"id":90316,"date":"2025-07-14T08:50:34","date_gmt":"2025-07-14T06:50:34","guid":{"rendered":"https:\/\/conversesacatalunya.cat\/?p=90316"},"modified":"2025-07-13T07:14:05","modified_gmt":"2025-07-13T05:14:05","slug":"francia-caceria-viven-casas-excesivas","status":"publish","type":"post","link":"https:\/\/conversesacatalunya.cat\/es\/francia-caceria-viven-casas-excesivas\/","title":{"rendered":"En Francia, \u00bfuna cacer\u00eda a los que viven en \u201ccasas excesivas\u201d?"},"content":{"rendered":"<p><span>La Rep\u00fablica francesa es un pa\u00eds animado por dos pasiones contradictorias, cuyo lema oficial recoge: libertad e igualdad.<\/span><\/p>\n<p><span><span class=\"VIpgJd-yAWNEb-VIpgJd-fmcmS-sn54Q\">Esta \u00faltima es fuente permanente de pol\u00e9micas, y una de las m\u00e1s habituales en los \u00faltimos a\u00f1os, a medida que la poblaci\u00f3n francesa aumenta por la inmigraci\u00f3n y se concentra cada vez m\u00e1s en los grandes n\u00facleos urbanos, es la <\/span><\/span><strong><span><span class=\"VIpgJd-yAWNEb-VIpgJd-fmcmS-sn54Q\">crisis de la vivienda.<\/span><\/span><\/strong><\/p>\n<p><span><span class=\"VIpgJd-yAWNEb-VIpgJd-fmcmS-sn54Q\">No se trata de un problema tan agudo como en el caso\u00a0<\/span><\/span><a href=\"https:\/\/conversesacatalunya.cat\/es\/crisis-vivienda-espana-cataluna-2024\/\" target=\"_blank\" rel=\"noopener\"><span><span class=\"VIpgJd-yAWNEb-VIpgJd-fmcmS-sn54Q\">espa\u00f1ol<\/span><\/span><\/a><span><span class=\"VIpgJd-yAWNEb-VIpgJd-fmcmS-sn54Q\">, porque el incremento demogr\u00e1fico es m\u00e1s contenido y porque los precios de la vivienda comparados con los salarios son inferiores, pero la obsesi\u00f3n del pa\u00eds vecino por la igualdad alimenta conflictos.<\/span><\/span><\/p>\n<p><span>La \u00faltima pol\u00e9mica la ha desatado un estudio del Instituto Nacional de Estad\u00edstica y de Estudios Econ\u00f3micos (INSEE por sus siglas en franc\u00e9s), una instituci\u00f3n p\u00fablica en el cruce del INE y el CIS espa\u00f1oles.<\/span><\/p>\n<p><span><span class=\"VIpgJd-yAWNEb-VIpgJd-fmcmS-sn54Q\">Este trabajo ha desatado un\u00a0<\/span><\/span><a href=\"https:\/\/www.lefigaro.fr\/conjoncture\/un-quart-des-menages-vivent-dans-un-logement-largement-sous-occupe-selon-une-etude-de-l-insee-20250708\" target=\"_blank\" rel=\"noopener\"><span><span class=\"VIpgJd-yAWNEb-VIpgJd-fmcmS-sn54Q\">titular<\/span><\/span><\/a><span><span class=\"VIpgJd-yAWNEb-VIpgJd-fmcmS-sn54Q\">\u00a0explosivo: \u00ab<\/span><\/span><strong><span><span class=\"VIpgJd-yAWNEb-VIpgJd-fmcmS-sn54Q\">una cuarta parte de los hogares franceses viven en viviendas excesivamente grandes para sus necesidades<\/span><\/span><\/strong><span><span class=\"VIpgJd-yAWNEb-VIpgJd-fmcmS-sn54Q\">\u00ab.<\/span><\/span><\/p>\n<p><span>El estudio, publicado el 8 de julio, estipula que una vivienda \u00abexcesiva\u00bb es aquella que dispone \u00abde al menos tres habitaciones m\u00e1s de las necesarias\u00bb. Esta regla traduce en desmesuradas las viviendas de cinco habitaciones (comedores y salas de estar se incluyen en la definici\u00f3n de habitaci\u00f3n) para personas solas o parejas sin hijos, seis habitaciones en el caso de parejas con un solo hijo, etc.<\/span><\/p>\n<p><span>La situaci\u00f3n de \u201csubocupaci\u00f3n\u201d, t\u00e9rmino empleado por el INSEE, afecta a 7,6 millones de residencias principales, que son en un 93% casas individuales.<\/span><\/p>\n<p><span><span class=\"VIpgJd-yAWNEb-VIpgJd-fmcmS-sn54Q\">Solo el 36% de los residentes en estas viviendas \u201cexcesivas\u201d considera que el n\u00famero de habitaciones es efectivamente superior a sus necesidades, y la inmensa mayor\u00eda se declara satisfecho de sus condiciones de vivienda. <\/span><\/span><strong><span><span class=\"VIpgJd-yAWNEb-VIpgJd-fmcmS-sn54Q\">Solo un 9% quisiera mudarse<\/span><\/span><\/strong><span><span class=\"VIpgJd-yAWNEb-VIpgJd-fmcmS-sn54Q\">.<\/span><\/span><\/p>\n<p><span>El estudio va a\u00fan m\u00e1s all\u00e1 y se fija tambi\u00e9n que, en la mayor\u00eda de casos, los habitantes de los hogares \u201cexcesivos\u201d son personas mayores de 60 a\u00f1os y que residen en ellos desde hace m\u00e1s de dos d\u00e9cadas. Esto es,\u00a0<\/span><strong><span>padres cuyos hijos ya se han ido del nido familiar<\/span><\/strong><span>.<\/span><\/p>\n<p data-reader-unique-id=\"39\"><span>Entre los hogares cuyos miembros todav\u00eda trabajan, los agricultores son la categor\u00eda profesional que en mayor proporci\u00f3n vive en una vivienda \u201csubocupada\u201d (un 44%).<\/span><\/p>\n<p><span><span class=\"VIpgJd-yAWNEb-VIpgJd-fmcmS-sn54Q\">La publicaci\u00f3n ya ha\u00a0<\/span><\/span><a href=\"https:\/\/www.lefigaro.fr\/conjoncture\/un-quart-des-menages-vivent-dans-un-logement-largement-sous-occupe-selon-une-etude-de-l-insee-20250708\" target=\"_blank\" rel=\"noopener\"><span><span class=\"VIpgJd-yAWNEb-VIpgJd-fmcmS-sn54Q\">provocado<\/span><\/span><\/a><span><span class=\"VIpgJd-yAWNEb-VIpgJd-fmcmS-sn54Q\">\u00a0las cr\u00edticas airadas de<strong> Marine Le Pen<\/strong>, quien ha denunciado una obsesi\u00f3n de las instituciones por controlar la vida de la gente, y ha se\u00f1alado que Francia \u00abse convierte en la URSS\u00bb. En sentido opuesto, pero a\u00fan m\u00e1s violento, el senador comunista Ian Brossat ha pedido, en cambio, \u00abir hasta la expropiaci\u00f3n\u00bb en las zonas donde m\u00e1s falta haga la vivienda.<\/span><\/span><\/p>\n<p><span>No es la primera vez que en Francia se enciende una pol\u00e9mica en torno al tipo de vivienda.<\/span><\/p>\n<p data-reader-unique-id=\"23\"><span><span class=\"VIpgJd-yAWNEb-VIpgJd-fmcmS-sn54Q\">Ya en el 2021, justo despu\u00e9s del pico de la pandemia, la entonces ministra de vivienda Emmanuelle Wargon\u00a0<\/span><\/span><a href=\"https:\/\/www.lefigaro.fr\/vox\/societe\/laurent-chalard-pourquoi-le-modele-du-pavillon-avec-jardin-n-est-pas-une-impasse-20211018\" target=\"_blank\" rel=\"noopener\"><span><span class=\"VIpgJd-yAWNEb-VIpgJd-fmcmS-sn54Q\">denunci\u00f3<\/span><\/span><\/a><span><span class=\"VIpgJd-yAWNEb-VIpgJd-fmcmS-sn54Q\">\u00a0que hab\u00eda\u00a0<\/span><\/span><strong><span><span class=\"VIpgJd-yAWNEb-VIpgJd-fmcmS-sn54Q\">demasiados franceses que viv\u00edan en casas individuales con jard\u00edn<\/span><\/span><\/strong><span><span class=\"VIpgJd-yAWNEb-VIpgJd-fmcmS-sn54Q\">\u00a0\u2026 Hasta que se hizo p\u00fablico que ella misma resid\u00eda en una vivienda de estas caracter\u00edsticas en una zona acomodada de la periferia de Par\u00eds.<\/span><\/span><\/p>\n<p data-reader-unique-id=\"23\"><span><span class=\"VIpgJd-yAWNEb-VIpgJd-fmcmS-sn54Q\">Por otro lado, el pa\u00eds galo cuenta con un n\u00famero extraordinariamente elevado de viviendas sociales, que generan\u00a0<\/span><\/span><a href=\"https:\/\/conversesacatalunya.cat\/es\/francia-el-lado-oscuro-de-la-vivienda-de-proteccion-oficial\/\" target=\"_blank\" rel=\"noopener\"><span><span class=\"VIpgJd-yAWNEb-VIpgJd-fmcmS-sn54Q\">numerosos problemas y distorsiones<\/span><\/span><\/a><span><span class=\"VIpgJd-yAWNEb-VIpgJd-fmcmS-sn54Q\">.<\/span><\/span><\/p>\n<p data-reader-unique-id=\"23\"><span class='bctt-click-to-tweet'><span class='bctt-ctt-text'><a href='https:\/\/twitter.com\/intent\/tweet?url=https%3A%2F%2Fconversesacatalunya.cat%2Fes%2Ffrancia-caceria-viven-casas-excesivas%2F&#038;text=Este%20trabajo%20ha%20desatado%20un%20titular%20explosivo%3A%20una%20cuarta%20parte%20de%20los%20hogares%20franceses%20viven%20en%20viviendas%20excesivamente%20grandes%20para%20sus%20necesidades&#038;via=conversesacat&#038;related=conversesacat' target='_blank'rel=\"noopener noreferrer\">Este trabajo ha desatado un titular explosivo: una cuarta parte de los hogares franceses viven en viviendas excesivamente grandes para sus necesidades <\/a><\/span><a href='https:\/\/twitter.com\/intent\/tweet?url=https%3A%2F%2Fconversesacatalunya.cat%2Fes%2Ffrancia-caceria-viven-casas-excesivas%2F&#038;text=Este%20trabajo%20ha%20desatado%20un%20titular%20explosivo%3A%20una%20cuarta%20parte%20de%20los%20hogares%20franceses%20viven%20en%20viviendas%20excesivamente%20grandes%20para%20sus%20necesidades&#038;via=conversesacat&#038;related=conversesacat' target='_blank' class='bctt-ctt-btn'rel=\"noopener noreferrer\">Compartir en X<\/a><\/span>\n","protected":false},"excerpt":{"rendered":"<p>La Rep\u00fablica francesa es un pa\u00eds animado por dos pasiones contradictorias, cuyo lema oficial recoge: libertad e igualdad. Esta \u00faltima es fuente permanente de pol\u00e9micas, y una de las m\u00e1s habituales en los \u00faltimos a\u00f1os, a medida que la poblaci\u00f3n francesa aumenta por la inmigraci\u00f3n y se concentra cada vez m\u00e1s en los grandes n\u00facleos urbanos, es la crisis de la vivienda. No se trata de un problema tan agudo como en el caso\u00a0espa\u00f1ol, porque el incremento demogr\u00e1fico es m\u00e1s contenido y porque los precios de la vivienda comparados con los salarios son inferiores, pero la obsesi\u00f3n del pa\u00eds vecino por la igualdad alimenta conflictos. La \u00faltima pol\u00e9mica la ha desatado un estudio del Instituto Nacional de Estad\u00edstica y de Estudios Econ\u00f3micos (INSEE por sus siglas en franc\u00e9s), una instituci\u00f3n p\u00fablica en el cruce del INE y el CIS espa\u00f1oles. Este trabajo ha desatado un\u00a0titular\u00a0explosivo: \u00abuna cuarta parte de los hogares franceses viven en viviendas excesivamente grandes para sus necesidades\u00ab. El estudio, publicado el 8 de julio, estipula que una vivienda \u00abexcesiva\u00bb es aquella que dispone \u00abde al menos tres habitaciones m\u00e1s de las necesarias\u00bb. Esta regla traduce en desmesuradas las viviendas de cinco habitaciones (comedores y salas de estar se incluyen en la definici\u00f3n de habitaci\u00f3n) para personas solas o parejas sin hijos, seis habitaciones en el caso de parejas con un solo hijo, etc. La situaci\u00f3n de \u201csubocupaci\u00f3n\u201d, t\u00e9rmino empleado por el INSEE, afecta a 7,6 millones de residencias principales, que son en un 93% casas individuales. Solo el 36% de los residentes en estas viviendas \u201cexcesivas\u201d considera que el n\u00famero de habitaciones es efectivamente superior a sus necesidades, y la inmensa mayor\u00eda se declara satisfecho de sus condiciones de vivienda. Solo un 9% quisiera mudarse. El estudio va a\u00fan m\u00e1s all\u00e1 y se fija tambi\u00e9n que, en la mayor\u00eda de casos, los habitantes de los hogares \u201cexcesivos\u201d son personas mayores de 60 a\u00f1os y que residen en ellos desde hace m\u00e1s de dos d\u00e9cadas. Esto es,\u00a0padres cuyos hijos ya se han ido del nido familiar. Entre los hogares cuyos miembros todav\u00eda trabajan, los agricultores son la categor\u00eda profesional que en mayor proporci\u00f3n vive en una vivienda \u201csubocupada\u201d (un 44%). La publicaci\u00f3n ya ha\u00a0provocado\u00a0las cr\u00edticas airadas de Marine Le Pen, quien ha denunciado una obsesi\u00f3n de las instituciones por controlar la vida de la gente, y ha se\u00f1alado que Francia \u00abse convierte en la URSS\u00bb. En sentido opuesto, pero a\u00fan m\u00e1s violento, el senador comunista Ian Brossat ha pedido, en cambio, \u00abir hasta la expropiaci\u00f3n\u00bb en las zonas donde m\u00e1s falta haga la vivienda. No es la primera vez que en Francia se enciende una pol\u00e9mica en torno al tipo de vivienda. Ya en el 2021, justo despu\u00e9s del pico de la pandemia, la entonces ministra de vivienda Emmanuelle Wargon\u00a0denunci\u00f3\u00a0que hab\u00eda\u00a0demasiados franceses que viv\u00edan en casas individuales con jard\u00edn\u00a0\u2026 Hasta que se hizo p\u00fablico que ella misma resid\u00eda en una vivienda de estas caracter\u00edsticas en una zona acomodada de la periferia de Par\u00eds. Por otro lado, el pa\u00eds galo cuenta con un n\u00famero extraordinariamente elevado de viviendas sociales, que generan\u00a0numerosos problemas y distorsiones.<\/p>\n","protected":false},"author":75,"featured_media":90297,"comment_status":"open","ping_status":"open","sticky":false,"template":"","format":"standard","meta":{"_FSMCFIC_featured_image_caption":"","_FSMCFIC_featured_image_nocaption":"","_FSMCFIC_featured_image_hide":"","footnotes":""},"categories":[806],"tags":[1090,1263],"class_list":["post-90316","post","type-post","status-publish","format-standard","has-post-thumbnail","hentry","category-punts-claus-del-dia-es","tag-franca-es","tag-francia"],"yoast_head":"<!-- This site is optimized with the Yoast SEO plugin v26.8 - https:\/\/yoast.com\/product\/yoast-seo-wordpress\/ -->\n<title>En Francia, \u00bfuna cacer\u00eda a los que viven en \u201ccasas excesivas\u201d? - Converses a Catalunya<\/title>\n<meta name=\"description\" content=\"En Francia &quot;una cuarta parte de los hogares franceses viven en viviendas excesivamente grandes para sus necesidades&quot;.\" \/>\n<meta name=\"robots\" content=\"index, follow, max-snippet:-1, max-image-preview:large, max-video-preview:-1\" \/>\n<link rel=\"canonical\" href=\"https:\/\/conversesacatalunya.cat\/franca-cacera-viuen-cases-excessives\/\" \/>\n<meta property=\"og:locale\" content=\"es_ES\" \/>\n<meta property=\"og:type\" content=\"article\" \/>\n<meta property=\"og:title\" content=\"En Francia, \u00bfuna cacer\u00eda a los que viven en \u201ccasas excesivas\u201d? - Converses a Catalunya\" \/>\n<meta property=\"og:description\" content=\"En Francia &quot;una cuarta parte de los hogares franceses viven en viviendas excesivamente grandes para sus necesidades&quot;.\" \/>\n<meta property=\"og:url\" content=\"https:\/\/conversesacatalunya.cat\/franca-cacera-viuen-cases-excessives\/\" \/>\n<meta property=\"og:site_name\" content=\"Converses a Catalunya\" \/>\n<meta property=\"article:published_time\" content=\"2025-07-14T06:50:34+00:00\" \/>\n<meta property=\"og:image\" content=\"https:\/\/conversesacatalunya.cat\/wp-content\/uploads\/2025\/07\/Captura-de-pantalla-2025-07-12-a-les-17.20.38.png\" \/>\n\t<meta property=\"og:image:width\" content=\"561\" \/>\n\t<meta property=\"og:image:height\" content=\"314\" \/>\n\t<meta property=\"og:image:type\" content=\"image\/png\" \/>\n<meta name=\"author\" content=\"Carles L\u00f3pez\" \/>\n<meta name=\"twitter:card\" content=\"summary_large_image\" \/>\n<meta name=\"twitter:label1\" content=\"Escrito por\" \/>\n\t<meta name=\"twitter:data1\" content=\"Carles L\u00f3pez\" \/>\n\t<meta name=\"twitter:label2\" content=\"Tiempo de lectura\" \/>\n\t<meta name=\"twitter:data2\" content=\"3 minutos\" \/>\n<script type=\"application\/ld+json\" class=\"yoast-schema-graph\">{\"@context\":\"https:\/\/schema.org\",\"@graph\":[{\"@type\":\"Article\",\"@id\":\"https:\/\/conversesacatalunya.cat\/franca-cacera-viuen-cases-excessives\/#article\",\"isPartOf\":{\"@id\":\"https:\/\/conversesacatalunya.cat\/franca-cacera-viuen-cases-excessives\/\"},\"author\":{\"name\":\"Carles L\u00f3pez\",\"@id\":\"https:\/\/conversesacatalunya.cat\/#\/schema\/person\/3ce2ab16c0a3803086d80722c7cad56a\"},\"headline\":\"En Francia, \u00bfuna cacer\u00eda a los que viven en \u201ccasas excesivas\u201d?\",\"datePublished\":\"2025-07-14T06:50:34+00:00\",\"mainEntityOfPage\":{\"@id\":\"https:\/\/conversesacatalunya.cat\/franca-cacera-viuen-cases-excessives\/\"},\"wordCount\":613,\"commentCount\":0,\"image\":{\"@id\":\"https:\/\/conversesacatalunya.cat\/franca-cacera-viuen-cases-excessives\/#primaryimage\"},\"thumbnailUrl\":\"https:\/\/conversesacatalunya.cat\/wp-content\/uploads\/2025\/07\/Captura-de-pantalla-2025-07-12-a-les-17.20.38.png\",\"keywords\":[\"Fran\u00e7a\",\"Francia\"],\"articleSection\":[\"Punts clau del dia (ES)\"],\"inLanguage\":\"es\",\"potentialAction\":[{\"@type\":\"CommentAction\",\"name\":\"Comment\",\"target\":[\"https:\/\/conversesacatalunya.cat\/franca-cacera-viuen-cases-excessives\/#respond\"]}]},{\"@type\":\"WebPage\",\"@id\":\"https:\/\/conversesacatalunya.cat\/franca-cacera-viuen-cases-excessives\/\",\"url\":\"https:\/\/conversesacatalunya.cat\/franca-cacera-viuen-cases-excessives\/\",\"name\":\"En Francia, \u00bfuna cacer\u00eda a los que viven en \u201ccasas excesivas\u201d? - Converses a Catalunya\",\"isPartOf\":{\"@id\":\"https:\/\/conversesacatalunya.cat\/#website\"},\"primaryImageOfPage\":{\"@id\":\"https:\/\/conversesacatalunya.cat\/franca-cacera-viuen-cases-excessives\/#primaryimage\"},\"image\":{\"@id\":\"https:\/\/conversesacatalunya.cat\/franca-cacera-viuen-cases-excessives\/#primaryimage\"},\"thumbnailUrl\":\"https:\/\/conversesacatalunya.cat\/wp-content\/uploads\/2025\/07\/Captura-de-pantalla-2025-07-12-a-les-17.20.38.png\",\"datePublished\":\"2025-07-14T06:50:34+00:00\",\"author\":{\"@id\":\"https:\/\/conversesacatalunya.cat\/#\/schema\/person\/3ce2ab16c0a3803086d80722c7cad56a\"},\"description\":\"En Francia \\\"una cuarta parte de los hogares franceses viven en viviendas excesivamente grandes para sus necesidades\\\".\",\"breadcrumb\":{\"@id\":\"https:\/\/conversesacatalunya.cat\/franca-cacera-viuen-cases-excessives\/#breadcrumb\"},\"inLanguage\":\"es\",\"potentialAction\":[{\"@type\":\"ReadAction\",\"target\":[\"https:\/\/conversesacatalunya.cat\/franca-cacera-viuen-cases-excessives\/\"]}]},{\"@type\":\"ImageObject\",\"inLanguage\":\"es\",\"@id\":\"https:\/\/conversesacatalunya.cat\/franca-cacera-viuen-cases-excessives\/#primaryimage\",\"url\":\"https:\/\/conversesacatalunya.cat\/wp-content\/uploads\/2025\/07\/Captura-de-pantalla-2025-07-12-a-les-17.20.38.png\",\"contentUrl\":\"https:\/\/conversesacatalunya.cat\/wp-content\/uploads\/2025\/07\/Captura-de-pantalla-2025-07-12-a-les-17.20.38.png\",\"width\":561,\"height\":314,\"caption\":\"Francia viviendas\"},{\"@type\":\"BreadcrumbList\",\"@id\":\"https:\/\/conversesacatalunya.cat\/franca-cacera-viuen-cases-excessives\/#breadcrumb\",\"itemListElement\":[{\"@type\":\"ListItem\",\"position\":1,\"name\":\"Inici\",\"item\":\"https:\/\/conversesacatalunya.cat\/es\/\"},{\"@type\":\"ListItem\",\"position\":2,\"name\":\"En Francia, \u00bfuna cacer\u00eda a los que viven en \u201ccasas excesivas\u201d?\"}]},{\"@type\":\"WebSite\",\"@id\":\"https:\/\/conversesacatalunya.cat\/#website\",\"url\":\"https:\/\/conversesacatalunya.cat\/\",\"name\":\"Converses a Catalunya\",\"description\":\"\",\"potentialAction\":[{\"@type\":\"SearchAction\",\"target\":{\"@type\":\"EntryPoint\",\"urlTemplate\":\"https:\/\/conversesacatalunya.cat\/?s={search_term_string}\"},\"query-input\":{\"@type\":\"PropertyValueSpecification\",\"valueRequired\":true,\"valueName\":\"search_term_string\"}}],\"inLanguage\":\"es\"},{\"@type\":\"Person\",\"@id\":\"https:\/\/conversesacatalunya.cat\/#\/schema\/person\/3ce2ab16c0a3803086d80722c7cad56a\",\"name\":\"Carles L\u00f3pez\",\"image\":{\"@type\":\"ImageObject\",\"inLanguage\":\"es\",\"@id\":\"https:\/\/conversesacatalunya.cat\/#\/schema\/person\/image\/\",\"url\":\"https:\/\/conversesacatalunya.cat\/wp-content\/litespeed\/avatar\/4891585caf2896e97846ab77f06edcf2.jpg?ver=1777091173\",\"contentUrl\":\"https:\/\/conversesacatalunya.cat\/wp-content\/litespeed\/avatar\/4891585caf2896e97846ab77f06edcf2.jpg?ver=1777091173\",\"caption\":\"Carles L\u00f3pez\"},\"url\":\"https:\/\/conversesacatalunya.cat\/es\/author\/carles-lopez\/\"}]}<\/script>\n<!-- \/ Yoast SEO plugin. -->","yoast_head_json":{"title":"En Francia, \u00bfuna cacer\u00eda a los que viven en \u201ccasas excesivas\u201d? - Converses a Catalunya","description":"En Francia \"una cuarta parte de los hogares franceses viven en viviendas excesivamente grandes para sus necesidades\".","robots":{"index":"index","follow":"follow","max-snippet":"max-snippet:-1","max-image-preview":"max-image-preview:large","max-video-preview":"max-video-preview:-1"},"canonical":"https:\/\/conversesacatalunya.cat\/franca-cacera-viuen-cases-excessives\/","og_locale":"es_ES","og_type":"article","og_title":"En Francia, \u00bfuna cacer\u00eda a los que viven en \u201ccasas excesivas\u201d? - Converses a Catalunya","og_description":"En Francia \"una cuarta parte de los hogares franceses viven en viviendas excesivamente grandes para sus necesidades\".","og_url":"https:\/\/conversesacatalunya.cat\/franca-cacera-viuen-cases-excessives\/","og_site_name":"Converses a Catalunya","article_published_time":"2025-07-14T06:50:34+00:00","og_image":[{"width":561,"height":314,"url":"https:\/\/conversesacatalunya.cat\/wp-content\/uploads\/2025\/07\/Captura-de-pantalla-2025-07-12-a-les-17.20.38.png","type":"image\/png"}],"author":"Carles L\u00f3pez","twitter_card":"summary_large_image","twitter_misc":{"Escrito por":"Carles L\u00f3pez","Tiempo de lectura":"3 minutos"},"schema":{"@context":"https:\/\/schema.org","@graph":[{"@type":"Article","@id":"https:\/\/conversesacatalunya.cat\/franca-cacera-viuen-cases-excessives\/#article","isPartOf":{"@id":"https:\/\/conversesacatalunya.cat\/franca-cacera-viuen-cases-excessives\/"},"author":{"name":"Carles L\u00f3pez","@id":"https:\/\/conversesacatalunya.cat\/#\/schema\/person\/3ce2ab16c0a3803086d80722c7cad56a"},"headline":"En Francia, \u00bfuna cacer\u00eda a los que viven en \u201ccasas excesivas\u201d?","datePublished":"2025-07-14T06:50:34+00:00","mainEntityOfPage":{"@id":"https:\/\/conversesacatalunya.cat\/franca-cacera-viuen-cases-excessives\/"},"wordCount":613,"commentCount":0,"image":{"@id":"https:\/\/conversesacatalunya.cat\/franca-cacera-viuen-cases-excessives\/#primaryimage"},"thumbnailUrl":"https:\/\/conversesacatalunya.cat\/wp-content\/uploads\/2025\/07\/Captura-de-pantalla-2025-07-12-a-les-17.20.38.png","keywords":["Fran\u00e7a","Francia"],"articleSection":["Punts clau del dia (ES)"],"inLanguage":"es","potentialAction":[{"@type":"CommentAction","name":"Comment","target":["https:\/\/conversesacatalunya.cat\/franca-cacera-viuen-cases-excessives\/#respond"]}]},{"@type":"WebPage","@id":"https:\/\/conversesacatalunya.cat\/franca-cacera-viuen-cases-excessives\/","url":"https:\/\/conversesacatalunya.cat\/franca-cacera-viuen-cases-excessives\/","name":"En Francia, \u00bfuna cacer\u00eda a los que viven en \u201ccasas excesivas\u201d? - Converses a Catalunya","isPartOf":{"@id":"https:\/\/conversesacatalunya.cat\/#website"},"primaryImageOfPage":{"@id":"https:\/\/conversesacatalunya.cat\/franca-cacera-viuen-cases-excessives\/#primaryimage"},"image":{"@id":"https:\/\/conversesacatalunya.cat\/franca-cacera-viuen-cases-excessives\/#primaryimage"},"thumbnailUrl":"https:\/\/conversesacatalunya.cat\/wp-content\/uploads\/2025\/07\/Captura-de-pantalla-2025-07-12-a-les-17.20.38.png","datePublished":"2025-07-14T06:50:34+00:00","author":{"@id":"https:\/\/conversesacatalunya.cat\/#\/schema\/person\/3ce2ab16c0a3803086d80722c7cad56a"},"description":"En Francia \"una cuarta parte de los hogares franceses viven en viviendas excesivamente grandes para sus necesidades\".","breadcrumb":{"@id":"https:\/\/conversesacatalunya.cat\/franca-cacera-viuen-cases-excessives\/#breadcrumb"},"inLanguage":"es","potentialAction":[{"@type":"ReadAction","target":["https:\/\/conversesacatalunya.cat\/franca-cacera-viuen-cases-excessives\/"]}]},{"@type":"ImageObject","inLanguage":"es","@id":"https:\/\/conversesacatalunya.cat\/franca-cacera-viuen-cases-excessives\/#primaryimage","url":"https:\/\/conversesacatalunya.cat\/wp-content\/uploads\/2025\/07\/Captura-de-pantalla-2025-07-12-a-les-17.20.38.png","contentUrl":"https:\/\/conversesacatalunya.cat\/wp-content\/uploads\/2025\/07\/Captura-de-pantalla-2025-07-12-a-les-17.20.38.png","width":561,"height":314,"caption":"Francia viviendas"},{"@type":"BreadcrumbList","@id":"https:\/\/conversesacatalunya.cat\/franca-cacera-viuen-cases-excessives\/#breadcrumb","itemListElement":[{"@type":"ListItem","position":1,"name":"Inici","item":"https:\/\/conversesacatalunya.cat\/es\/"},{"@type":"ListItem","position":2,"name":"En Francia, \u00bfuna cacer\u00eda a los que viven en \u201ccasas excesivas\u201d?"}]},{"@type":"WebSite","@id":"https:\/\/conversesacatalunya.cat\/#website","url":"https:\/\/conversesacatalunya.cat\/","name":"Converses a Catalunya","description":"","potentialAction":[{"@type":"SearchAction","target":{"@type":"EntryPoint","urlTemplate":"https:\/\/conversesacatalunya.cat\/?s={search_term_string}"},"query-input":{"@type":"PropertyValueSpecification","valueRequired":true,"valueName":"search_term_string"}}],"inLanguage":"es"},{"@type":"Person","@id":"https:\/\/conversesacatalunya.cat\/#\/schema\/person\/3ce2ab16c0a3803086d80722c7cad56a","name":"Carles L\u00f3pez","image":{"@type":"ImageObject","inLanguage":"es","@id":"https:\/\/conversesacatalunya.cat\/#\/schema\/person\/image\/","url":"https:\/\/conversesacatalunya.cat\/wp-content\/litespeed\/avatar\/4891585caf2896e97846ab77f06edcf2.jpg?ver=1777091173","contentUrl":"https:\/\/conversesacatalunya.cat\/wp-content\/litespeed\/avatar\/4891585caf2896e97846ab77f06edcf2.jpg?ver=1777091173","caption":"Carles L\u00f3pez"},"url":"https:\/\/conversesacatalunya.cat\/es\/author\/carles-lopez\/"}]}},"wps_subtitle":"En un pa\u00eds dominado por la pasi\u00f3n por la igualdad, vivir en una casa demasiado grande puede convertir a una persona en sospechosa.","_links":{"self":[{"href":"https:\/\/conversesacatalunya.cat\/es\/wp-json\/wp\/v2\/posts\/90316","targetHints":{"allow":["GET"]}}],"collection":[{"href":"https:\/\/conversesacatalunya.cat\/es\/wp-json\/wp\/v2\/posts"}],"about":[{"href":"https:\/\/conversesacatalunya.cat\/es\/wp-json\/wp\/v2\/types\/post"}],"author":[{"embeddable":true,"href":"https:\/\/conversesacatalunya.cat\/es\/wp-json\/wp\/v2\/users\/75"}],"replies":[{"embeddable":true,"href":"https:\/\/conversesacatalunya.cat\/es\/wp-json\/wp\/v2\/comments?post=90316"}],"version-history":[{"count":6,"href":"https:\/\/conversesacatalunya.cat\/es\/wp-json\/wp\/v2\/posts\/90316\/revisions"}],"predecessor-version":[{"id":90325,"href":"https:\/\/conversesacatalunya.cat\/es\/wp-json\/wp\/v2\/posts\/90316\/revisions\/90325"}],"wp:featuredmedia":[{"embeddable":true,"href":"https:\/\/conversesacatalunya.cat\/es\/wp-json\/wp\/v2\/media\/90297"}],"wp:attachment":[{"href":"https:\/\/conversesacatalunya.cat\/es\/wp-json\/wp\/v2\/media?parent=90316"}],"wp:term":[{"taxonomy":"category","embeddable":true,"href":"https:\/\/conversesacatalunya.cat\/es\/wp-json\/wp\/v2\/categories?post=90316"},{"taxonomy":"post_tag","embeddable":true,"href":"https:\/\/conversesacatalunya.cat\/es\/wp-json\/wp\/v2\/tags?post=90316"}],"curies":[{"name":"wp","href":"https:\/\/api.w.org\/{rel}","templated":true}]}}