{"id":90245,"date":"2025-07-10T12:57:04","date_gmt":"2025-07-10T10:57:04","guid":{"rendered":"https:\/\/conversesacatalunya.cat\/?p=90245"},"modified":"2025-07-10T13:13:00","modified_gmt":"2025-07-10T11:13:00","slug":"sanchez-responsabilidad-sin-consecuenciasla-complicidad-congreso","status":"publish","type":"post","link":"https:\/\/conversesacatalunya.cat\/es\/sanchez-responsabilidad-sin-consecuenciasla-complicidad-congreso\/","title":{"rendered":"Responsabilidad sin consecuencias: el declive del gobierno de S\u00e1nchez y la complicidad del Congreso"},"content":{"rendered":"<p>En el Congreso de los Diputados se vivi\u00f3 una sesi\u00f3n extraordinaria que marcar\u00e1 un antes y un despu\u00e9s en la pol\u00edtica espa\u00f1ola. El presidente Pedro S\u00e1nchez present\u00f3 un nuevo Plan contra la Corrupci\u00f3n, pocos d\u00edas \u00a0despu\u00e9s del ingreso en prisi\u00f3n preventiva de Santos Cerd\u00e1n, exn\u00famero tres del PSOE. El debate, tenso y \u00e1spero, plagado de descalificaciones extremas, dej\u00f3 entrever mucho m\u00e1s que la l\u00f3gica confrontaci\u00f3n parlamentaria: dej\u00f3 al desnudo <strong>una crisis institucional<\/strong> de dimensiones in\u00e9ditas.<\/p>\n<p>No es una crisis m\u00e1s. Es la se\u00f1al inequ\u00edvoca de que el sistema de partidos, tal como lo <strong>define el art\u00edculo 6 de la Constituci\u00f3n<\/strong>, ha dejado de cumplir su funci\u00f3n: representar el pluralismo pol\u00edtico, canalizar la voluntad popular y ser instrumento de participaci\u00f3n ciudadana. Hoy, los partidos no rinden cuentas, no se someten al control electoral y han olvidado los principios esenciales de la democracia: la alternancia y la consecuci\u00f3n del bien com\u00fan.<\/p>\n<p>Pedro S\u00e1nchez asumi\u00f3 \u201cresponsabilidades\u201d, <strong>sin definir en qu\u00e9 consisten ni establecer sus consecuencias.<\/strong> \u00bfSe puede asumir responsabilidad sin coste pol\u00edtico ni explicaciones concretas? \u00bfQu\u00e9 significa, entonces, ser responsable? \u00bfY c\u00f3mo se puede continuar al frente del Gobierno cuando los errores reconocidos afectan ya no a uno, sino a al menos cuatro altos cargos de su confianza directa, mientras su entorno personal es objeto de investigaci\u00f3n judicial?<\/p>\n<p>Aqu\u00ed entra el principio de<a href=\"https:\/\/conversesacatalunya.cat\/es\/sanchez-culpa-in-vigilando-el-capitan-imprescindible\/\" target=\"_blank\" rel=\"noopener\"> <strong>culpa in vigilando<\/strong><\/a>, una figura que responsabiliza a quien, por su posici\u00f3n, debe haber evitado ciertos hechos. S\u00e1nchez, al presidir el Consejo de Ministros, est\u00e1 reconociendo errores sin asumir su precio pol\u00edtico. La rendici\u00f3n de cuentas se ha convertido en un <strong>formalismo sin consecuencias reales<\/strong>.<\/p>\n<p>Lo m\u00e1s grave no es solo lo que hace el Gobierno, sino lo que dejan de hacer quienes deber\u00edan controlarlo. Los partidos que sostienen la mayor\u00eda parlamentaria \u2014Sumar, ERC, Junts, Bildu, PNV, BNG\u2014 han optado por la <strong>indiferencia estrat\u00e9gica<\/strong>. Prefieren no incomodar a su socio mayoritario mientras haya poder que repartir. <strong>La moral pol\u00edtica<\/strong> se diluye entre c\u00e1lculos electorales y lealtades circunstanciales.<\/p>\n<p>Incluso los argumentos m\u00e1s b\u00e1sicos para exigir elecciones se ignoran. Espa\u00f1a acumula ya<strong> tres a\u00f1os sin presupuestos generales del Estado.<\/strong> Sin ellos, ni puede fijarse techo de gasto ni establecer prioridades. Y aun as\u00ed, se plantea un incremento del gasto militar. \u00bfC\u00f3mo se puede decidir eso sin base presupuestaria? \u00bfQu\u00e9 clase de democracia acepta semejante grado de improvisaci\u00f3n estructural? Y eso fue, el gasto militar lo que en teor\u00eda se debati\u00f3 en la sesi\u00f3n de tarde, \u00a1que enga\u00f1o, qu\u00e9 enorme demostraci\u00f3n de cinismo!<\/p>\n<p>Tampoco resiste el examen democr\u00e1tico buena parte de las medidas contra la corrupci\u00f3n que fueron anunciadas. Qu\u00e9 credibilidad tiene un organismo supuestamente \u201cindependiente\u201d que surge directamente del poder pol\u00edtico: el CIS, el Banco de Espa\u00f1a, la Fiscal\u00eda General del Estado, el Tribunal Constitucional o la propia presidencia del Congreso, son ejemplo \u00a0de la colonizaci\u00f3n sistem\u00e1tica del Ejecutivo.\u00a0 \u00a1Pero hasta la <a href=\"https:\/\/www.airef.es\/es\/\" target=\"_blank\" rel=\"noopener\">AIReF<\/a> se ha visto obligada a protestar por las intromisiones gubernamentales! La independencia, as\u00ed entendida, se convierte en una ficci\u00f3n.<\/p>\n<p>El debate parlamentario ha perdido el sentido de lo institucional. El discurso de la emotividad se impone al de la raz\u00f3n. <strong>El dolor humano \u2014como el de Yolanda D\u00edaz al recordar a su padre\u2014 merece todo el respeto, pero nunca debe utilizarse como argumento pol\u00edtico para deslegitimar a la oposici\u00f3n.<\/strong><\/p>\n<p>Lo que est\u00e1 en juego no es el futuro de un partido, sino el de la democracia espa\u00f1ola. Si no hay posibilidad de alternancia, si la oposici\u00f3n es demonizada por sistema, si la rendici\u00f3n de cuentas se sustituye por gestos vac\u00edos, entonces el sistema pierde su legitimidad. Y sin legitimidad, lo que queda es una democracia irresponsable, de mentirijillas, \u00a0aparente, sin contenido real.<\/p>\n<p>Todo esto ocurre en <strong>un Estado que carece de una figura con capacidad moderadora.<\/strong> Sin un poder institucional que act\u00fae como \u00e1rbitro, la pol\u00edtica se convierte en una lucha de trincheras sin normas compartidas. Si no fuera por el marco europeo, Espa\u00f1a estar\u00eda ya inmersa en un tobog\u00e1n obscuro que conduce a tierra inc\u00f3gnita.<\/p>\n<span class='bctt-click-to-tweet'><span class='bctt-ctt-text'><a href='https:\/\/twitter.com\/intent\/tweet?url=https%3A%2F%2Fconversesacatalunya.cat%2Fes%2Fsanchez-responsabilidad-sin-consecuenciasla-complicidad-congreso%2F&#038;text=Sin%20rendici%C3%B3n%20de%20cuentas%20ni%20poder%20moderador%2C%20lo%20que%20queda%20es%20una%20democracia%20aparente.%20%23PSOE%20%23PedroS%C3%A1nchez%20%23Democracia&#038;via=conversesacat&#038;related=conversesacat' target='_blank'rel=\"noopener noreferrer\">Sin rendici\u00f3n de cuentas ni poder moderador, lo que queda es una democracia aparente. #PSOE #PedroS\u00e1nchez #Democracia <\/a><\/span><a href='https:\/\/twitter.com\/intent\/tweet?url=https%3A%2F%2Fconversesacatalunya.cat%2Fes%2Fsanchez-responsabilidad-sin-consecuenciasla-complicidad-congreso%2F&#038;text=Sin%20rendici%C3%B3n%20de%20cuentas%20ni%20poder%20moderador%2C%20lo%20que%20queda%20es%20una%20democracia%20aparente.%20%23PSOE%20%23PedroS%C3%A1nchez%20%23Democracia&#038;via=conversesacat&#038;related=conversesacat' target='_blank' class='bctt-ctt-btn'rel=\"noopener noreferrer\">Compartir en X<\/a><\/span>\n<div id=\"polls-291\" class=\"wp-polls\">\n\t<form id=\"polls_form_291\" class=\"wp-polls-form\" action=\"\/index.php\" method=\"post\">\n\t\t<p style=\"display: none;\"><input type=\"hidden\" id=\"poll_291_nonce\" name=\"wp-polls-nonce\" value=\"cbfa827ca6\" \/><\/p>\n\t\t<p style=\"display: none;\"><input type=\"hidden\" name=\"poll_id\" value=\"291\" \/><\/p>\n\t\t<p style=\"text-align: center\"><strong>Salvador Illa ha declarat que cal deixar endarrere la decepci\u00f3 de Santos Cerd\u00e1n i mirar endavant. Comparteixes aquest criteri de no depurar responsabilitats ni convocar eleccions?<\/strong><\/p><div id=\"polls-291-ans\" class=\"wp-polls-ans\"><ul class=\"wp-polls-ul\">\n\t\t<li><input type=\"radio\" id=\"poll-answer-830\" name=\"poll_291\" value=\"830\" \/> <label for=\"poll-answer-830\">S\u00ed<\/label><\/li>\n\t\t<li><input type=\"radio\" id=\"poll-answer-831\" name=\"poll_291\" value=\"831\" \/> <label for=\"poll-answer-831\">No<\/label><\/li>\n\t\t<li><input type=\"radio\" id=\"poll-answer-832\" name=\"poll_291\" value=\"832\" \/> <label for=\"poll-answer-832\">No ho s\u00e9<\/label><\/li>\n\t\t<\/ul><p style=\"text-align: center\"><input type=\"button\" name=\"vote\" value=\"   Vota   \" class=\"Buttons\" onclick=\"poll_vote(291);\" \/><\/p><p style=\"text-align: center\"><a href=\"#ViewPollResults\" onclick=\"poll_result(291); return false;\" title=\"View Results Of This Poll\">Mira els resultats<\/a><\/p><\/div>\n\t<\/form>\n<\/div>\n<div id=\"polls-291-loading\" class=\"wp-polls-loading\"><img decoding=\"async\" data-src=\"https:\/\/conversesacatalunya.cat\/wp-content\/plugins\/wp-polls\/images\/loading.gif\" width=\"16\" height=\"16\" alt=\"Cargando ...\" title=\"Cargando ...\" class=\"wp-polls-image lazyload\" src=\"data:image\/svg+xml;base64,PHN2ZyB3aWR0aD0iMSIgaGVpZ2h0PSIxIiB4bWxucz0iaHR0cDovL3d3dy53My5vcmcvMjAwMC9zdmciPjwvc3ZnPg==\" style=\"--smush-placeholder-width: 16px; --smush-placeholder-aspect-ratio: 16\/16;\" \/>&nbsp;Cargando ...<\/div>\n\n","protected":false},"excerpt":{"rendered":"<p>En el Congreso de los Diputados se vivi\u00f3 una sesi\u00f3n extraordinaria que marcar\u00e1 un antes y un despu\u00e9s en la pol\u00edtica espa\u00f1ola. El presidente Pedro S\u00e1nchez present\u00f3 un nuevo Plan contra la Corrupci\u00f3n, pocos d\u00edas \u00a0despu\u00e9s del ingreso en prisi\u00f3n preventiva de Santos Cerd\u00e1n, exn\u00famero tres del PSOE. El debate, tenso y \u00e1spero, plagado de descalificaciones extremas, dej\u00f3 entrever mucho m\u00e1s que la l\u00f3gica confrontaci\u00f3n parlamentaria: dej\u00f3 al desnudo una crisis institucional de dimensiones in\u00e9ditas. No es una crisis m\u00e1s. Es la se\u00f1al inequ\u00edvoca de que el sistema de partidos, tal como lo define el art\u00edculo 6 de la Constituci\u00f3n, ha dejado de cumplir su funci\u00f3n: representar el pluralismo pol\u00edtico, canalizar la voluntad popular y ser instrumento de participaci\u00f3n ciudadana. Hoy, los partidos no rinden cuentas, no se someten al control electoral y han olvidado los principios esenciales de la democracia: la alternancia y la consecuci\u00f3n del bien com\u00fan. Pedro S\u00e1nchez asumi\u00f3 \u201cresponsabilidades\u201d, sin definir en qu\u00e9 consisten ni establecer sus consecuencias. \u00bfSe puede asumir responsabilidad sin coste pol\u00edtico ni explicaciones concretas? \u00bfQu\u00e9 significa, entonces, ser responsable? \u00bfY c\u00f3mo se puede continuar al frente del Gobierno cuando los errores reconocidos afectan ya no a uno, sino a al menos cuatro altos cargos de su confianza directa, mientras su entorno personal es objeto de investigaci\u00f3n judicial? Aqu\u00ed entra el principio de culpa in vigilando, una figura que responsabiliza a quien, por su posici\u00f3n, debe haber evitado ciertos hechos. S\u00e1nchez, al presidir el Consejo de Ministros, est\u00e1 reconociendo errores sin asumir su precio pol\u00edtico. La rendici\u00f3n de cuentas se ha convertido en un formalismo sin consecuencias reales. Lo m\u00e1s grave no es solo lo que hace el Gobierno, sino lo que dejan de hacer quienes deber\u00edan controlarlo. Los partidos que sostienen la mayor\u00eda parlamentaria \u2014Sumar, ERC, Junts, Bildu, PNV, BNG\u2014 han optado por la indiferencia estrat\u00e9gica. Prefieren no incomodar a su socio mayoritario mientras haya poder que repartir. La moral pol\u00edtica se diluye entre c\u00e1lculos electorales y lealtades circunstanciales. Incluso los argumentos m\u00e1s b\u00e1sicos para exigir elecciones se ignoran. Espa\u00f1a acumula ya tres a\u00f1os sin presupuestos generales del Estado. Sin ellos, ni puede fijarse techo de gasto ni establecer prioridades. Y aun as\u00ed, se plantea un incremento del gasto militar. \u00bfC\u00f3mo se puede decidir eso sin base presupuestaria? \u00bfQu\u00e9 clase de democracia acepta semejante grado de improvisaci\u00f3n estructural? Y eso fue, el gasto militar lo que en teor\u00eda se debati\u00f3 en la sesi\u00f3n de tarde, \u00a1que enga\u00f1o, qu\u00e9 enorme demostraci\u00f3n de cinismo! Tampoco resiste el examen democr\u00e1tico buena parte de las medidas contra la corrupci\u00f3n que fueron anunciadas. Qu\u00e9 credibilidad tiene un organismo supuestamente \u201cindependiente\u201d que surge directamente del poder pol\u00edtico: el CIS, el Banco de Espa\u00f1a, la Fiscal\u00eda General del Estado, el Tribunal Constitucional o la propia presidencia del Congreso, son ejemplo \u00a0de la colonizaci\u00f3n sistem\u00e1tica del Ejecutivo.\u00a0 \u00a1Pero hasta la AIReF se ha visto obligada a protestar por las intromisiones gubernamentales! La independencia, as\u00ed entendida, se convierte en una ficci\u00f3n. El debate parlamentario ha perdido el sentido de lo institucional. El discurso de la emotividad se impone al de la raz\u00f3n. El dolor humano \u2014como el de Yolanda D\u00edaz al recordar a su padre\u2014 merece todo el respeto, pero nunca debe utilizarse como argumento pol\u00edtico para deslegitimar a la oposici\u00f3n. Lo que est\u00e1 en juego no es el futuro de un partido, sino el de la democracia espa\u00f1ola. Si no hay posibilidad de alternancia, si la oposici\u00f3n es demonizada por sistema, si la rendici\u00f3n de cuentas se sustituye por gestos vac\u00edos, entonces el sistema pierde su legitimidad. Y sin legitimidad, lo que queda es una democracia irresponsable, de mentirijillas, \u00a0aparente, sin contenido real. Todo esto ocurre en un Estado que carece de una figura con capacidad moderadora. Sin un poder institucional que act\u00fae como \u00e1rbitro, la pol\u00edtica se convierte en una lucha de trincheras sin normas compartidas. Si no fuera por el marco europeo, Espa\u00f1a estar\u00eda ya inmersa en un tobog\u00e1n obscuro que conduce a tierra inc\u00f3gnita.<\/p>\n","protected":false},"author":77,"featured_media":90255,"comment_status":"open","ping_status":"open","sticky":false,"template":"","format":"standard","meta":{"_FSMCFIC_featured_image_caption":"","_FSMCFIC_featured_image_nocaption":"","_FSMCFIC_featured_image_hide":"","footnotes":""},"categories":[806],"tags":[1279],"class_list":["post-90245","post","type-post","status-publish","format-standard","has-post-thumbnail","hentry","category-punts-claus-del-dia-es","tag-corrupcion"],"yoast_head":"<!-- This site is optimized with the Yoast SEO plugin v26.8 - https:\/\/yoast.com\/product\/yoast-seo-wordpress\/ -->\n<title>Responsabilidad sin consecuencias: el declive del gobierno de S\u00e1nchez y la complicidad del Congreso - Converses a Catalunya<\/title>\n<meta name=\"description\" content=\"Responsabilidad sin consecuencias: el declive del Gobierno de S\u00e1nchez y la complicidad del Congreso. Quiebra del sistema de partidos\" \/>\n<meta name=\"robots\" content=\"index, follow, max-snippet:-1, max-image-preview:large, max-video-preview:-1\" \/>\n<link rel=\"canonical\" href=\"https:\/\/conversesacatalunya.cat\/es\/sanchez-responsabilidad-sin-consecuenciasla-complicidad-congreso\/\" \/>\n<meta property=\"og:locale\" content=\"es_ES\" \/>\n<meta property=\"og:type\" content=\"article\" \/>\n<meta property=\"og:title\" content=\"Responsabilidad sin consecuencias: el declive del gobierno de S\u00e1nchez y la complicidad del Congreso - Converses a Catalunya\" \/>\n<meta property=\"og:description\" content=\"Responsabilidad sin consecuencias: el declive del Gobierno de S\u00e1nchez y la complicidad del Congreso. Quiebra del sistema de partidos\" \/>\n<meta property=\"og:url\" content=\"https:\/\/conversesacatalunya.cat\/es\/sanchez-responsabilidad-sin-consecuenciasla-complicidad-congreso\/\" \/>\n<meta property=\"og:site_name\" content=\"Converses a Catalunya\" \/>\n<meta property=\"article:published_time\" content=\"2025-07-10T10:57:04+00:00\" \/>\n<meta property=\"article:modified_time\" content=\"2025-07-10T11:13:00+00:00\" \/>\n<meta property=\"og:image\" content=\"https:\/\/conversesacatalunya.cat\/wp-content\/uploads\/2025\/07\/Imagen1-2.jpg\" \/>\n\t<meta property=\"og:image:width\" content=\"455\" \/>\n\t<meta property=\"og:image:height\" content=\"248\" \/>\n\t<meta property=\"og:image:type\" content=\"image\/jpeg\" \/>\n<meta name=\"author\" content=\"Enric Casanovas\" \/>\n<meta name=\"twitter:card\" content=\"summary_large_image\" \/>\n<meta name=\"twitter:label1\" content=\"Escrito por\" \/>\n\t<meta name=\"twitter:data1\" content=\"Enric Casanovas\" \/>\n\t<meta name=\"twitter:label2\" content=\"Tiempo de lectura\" \/>\n\t<meta name=\"twitter:data2\" content=\"4 minutos\" \/>\n<script type=\"application\/ld+json\" class=\"yoast-schema-graph\">{\"@context\":\"https:\/\/schema.org\",\"@graph\":[{\"@type\":\"Article\",\"@id\":\"https:\/\/conversesacatalunya.cat\/es\/sanchez-responsabilidad-sin-consecuenciasla-complicidad-congreso\/#article\",\"isPartOf\":{\"@id\":\"https:\/\/conversesacatalunya.cat\/es\/sanchez-responsabilidad-sin-consecuenciasla-complicidad-congreso\/\"},\"author\":{\"name\":\"Enric Casanovas\",\"@id\":\"https:\/\/conversesacatalunya.cat\/#\/schema\/person\/79bd0577b2f3afc8d6519d207c6e8609\"},\"headline\":\"Responsabilidad sin consecuencias: el declive del gobierno de S\u00e1nchez y la complicidad del Congreso\",\"datePublished\":\"2025-07-10T10:57:04+00:00\",\"dateModified\":\"2025-07-10T11:13:00+00:00\",\"mainEntityOfPage\":{\"@id\":\"https:\/\/conversesacatalunya.cat\/es\/sanchez-responsabilidad-sin-consecuenciasla-complicidad-congreso\/\"},\"wordCount\":767,\"commentCount\":0,\"image\":{\"@id\":\"https:\/\/conversesacatalunya.cat\/es\/sanchez-responsabilidad-sin-consecuenciasla-complicidad-congreso\/#primaryimage\"},\"thumbnailUrl\":\"https:\/\/conversesacatalunya.cat\/wp-content\/uploads\/2025\/07\/Imagen1-2.jpg\",\"keywords\":[\"corrupci\u00f3n\"],\"articleSection\":[\"Punts clau del dia (ES)\"],\"inLanguage\":\"es\",\"potentialAction\":[{\"@type\":\"CommentAction\",\"name\":\"Comment\",\"target\":[\"https:\/\/conversesacatalunya.cat\/es\/sanchez-responsabilidad-sin-consecuenciasla-complicidad-congreso\/#respond\"]}]},{\"@type\":\"WebPage\",\"@id\":\"https:\/\/conversesacatalunya.cat\/es\/sanchez-responsabilidad-sin-consecuenciasla-complicidad-congreso\/\",\"url\":\"https:\/\/conversesacatalunya.cat\/es\/sanchez-responsabilidad-sin-consecuenciasla-complicidad-congreso\/\",\"name\":\"Responsabilidad sin consecuencias: el declive del gobierno de S\u00e1nchez y la complicidad del Congreso - Converses a Catalunya\",\"isPartOf\":{\"@id\":\"https:\/\/conversesacatalunya.cat\/#website\"},\"primaryImageOfPage\":{\"@id\":\"https:\/\/conversesacatalunya.cat\/es\/sanchez-responsabilidad-sin-consecuenciasla-complicidad-congreso\/#primaryimage\"},\"image\":{\"@id\":\"https:\/\/conversesacatalunya.cat\/es\/sanchez-responsabilidad-sin-consecuenciasla-complicidad-congreso\/#primaryimage\"},\"thumbnailUrl\":\"https:\/\/conversesacatalunya.cat\/wp-content\/uploads\/2025\/07\/Imagen1-2.jpg\",\"datePublished\":\"2025-07-10T10:57:04+00:00\",\"dateModified\":\"2025-07-10T11:13:00+00:00\",\"author\":{\"@id\":\"https:\/\/conversesacatalunya.cat\/#\/schema\/person\/79bd0577b2f3afc8d6519d207c6e8609\"},\"description\":\"Responsabilidad sin consecuencias: el declive del Gobierno de S\u00e1nchez y la complicidad del Congreso. Quiebra del sistema de partidos\",\"breadcrumb\":{\"@id\":\"https:\/\/conversesacatalunya.cat\/es\/sanchez-responsabilidad-sin-consecuenciasla-complicidad-congreso\/#breadcrumb\"},\"inLanguage\":\"es\",\"potentialAction\":[{\"@type\":\"ReadAction\",\"target\":[\"https:\/\/conversesacatalunya.cat\/es\/sanchez-responsabilidad-sin-consecuenciasla-complicidad-congreso\/\"]}]},{\"@type\":\"ImageObject\",\"inLanguage\":\"es\",\"@id\":\"https:\/\/conversesacatalunya.cat\/es\/sanchez-responsabilidad-sin-consecuenciasla-complicidad-congreso\/#primaryimage\",\"url\":\"https:\/\/conversesacatalunya.cat\/wp-content\/uploads\/2025\/07\/Imagen1-2.jpg\",\"contentUrl\":\"https:\/\/conversesacatalunya.cat\/wp-content\/uploads\/2025\/07\/Imagen1-2.jpg\",\"width\":455,\"height\":248,\"caption\":\"S\u00e1nchez responsabilidad sin consecuencias\"},{\"@type\":\"BreadcrumbList\",\"@id\":\"https:\/\/conversesacatalunya.cat\/es\/sanchez-responsabilidad-sin-consecuenciasla-complicidad-congreso\/#breadcrumb\",\"itemListElement\":[{\"@type\":\"ListItem\",\"position\":1,\"name\":\"Inici\",\"item\":\"https:\/\/conversesacatalunya.cat\/es\/\"},{\"@type\":\"ListItem\",\"position\":2,\"name\":\"Responsabilidad sin consecuencias: el declive del gobierno de S\u00e1nchez y la complicidad del Congreso\"}]},{\"@type\":\"WebSite\",\"@id\":\"https:\/\/conversesacatalunya.cat\/#website\",\"url\":\"https:\/\/conversesacatalunya.cat\/\",\"name\":\"Converses a Catalunya\",\"description\":\"\",\"potentialAction\":[{\"@type\":\"SearchAction\",\"target\":{\"@type\":\"EntryPoint\",\"urlTemplate\":\"https:\/\/conversesacatalunya.cat\/?s={search_term_string}\"},\"query-input\":{\"@type\":\"PropertyValueSpecification\",\"valueRequired\":true,\"valueName\":\"search_term_string\"}}],\"inLanguage\":\"es\"},{\"@type\":\"Person\",\"@id\":\"https:\/\/conversesacatalunya.cat\/#\/schema\/person\/79bd0577b2f3afc8d6519d207c6e8609\",\"name\":\"Enric Casanovas\",\"image\":{\"@type\":\"ImageObject\",\"inLanguage\":\"es\",\"@id\":\"https:\/\/conversesacatalunya.cat\/#\/schema\/person\/image\/\",\"url\":\"https:\/\/conversesacatalunya.cat\/wp-content\/litespeed\/avatar\/7ae4379ad4421ec77820e92afd36dd78.jpg?ver=1777373933\",\"contentUrl\":\"https:\/\/conversesacatalunya.cat\/wp-content\/litespeed\/avatar\/7ae4379ad4421ec77820e92afd36dd78.jpg?ver=1777373933\",\"caption\":\"Enric Casanovas\"},\"url\":\"https:\/\/conversesacatalunya.cat\/es\/author\/enric-casanovas\/\"}]}<\/script>\n<!-- \/ Yoast SEO plugin. -->","yoast_head_json":{"title":"Responsabilidad sin consecuencias: el declive del gobierno de S\u00e1nchez y la complicidad del Congreso - Converses a Catalunya","description":"Responsabilidad sin consecuencias: el declive del Gobierno de S\u00e1nchez y la complicidad del Congreso. Quiebra del sistema de partidos","robots":{"index":"index","follow":"follow","max-snippet":"max-snippet:-1","max-image-preview":"max-image-preview:large","max-video-preview":"max-video-preview:-1"},"canonical":"https:\/\/conversesacatalunya.cat\/es\/sanchez-responsabilidad-sin-consecuenciasla-complicidad-congreso\/","og_locale":"es_ES","og_type":"article","og_title":"Responsabilidad sin consecuencias: el declive del gobierno de S\u00e1nchez y la complicidad del Congreso - Converses a Catalunya","og_description":"Responsabilidad sin consecuencias: el declive del Gobierno de S\u00e1nchez y la complicidad del Congreso. Quiebra del sistema de partidos","og_url":"https:\/\/conversesacatalunya.cat\/es\/sanchez-responsabilidad-sin-consecuenciasla-complicidad-congreso\/","og_site_name":"Converses a Catalunya","article_published_time":"2025-07-10T10:57:04+00:00","article_modified_time":"2025-07-10T11:13:00+00:00","og_image":[{"width":455,"height":248,"url":"https:\/\/conversesacatalunya.cat\/wp-content\/uploads\/2025\/07\/Imagen1-2.jpg","type":"image\/jpeg"}],"author":"Enric Casanovas","twitter_card":"summary_large_image","twitter_misc":{"Escrito por":"Enric Casanovas","Tiempo de lectura":"4 minutos"},"schema":{"@context":"https:\/\/schema.org","@graph":[{"@type":"Article","@id":"https:\/\/conversesacatalunya.cat\/es\/sanchez-responsabilidad-sin-consecuenciasla-complicidad-congreso\/#article","isPartOf":{"@id":"https:\/\/conversesacatalunya.cat\/es\/sanchez-responsabilidad-sin-consecuenciasla-complicidad-congreso\/"},"author":{"name":"Enric Casanovas","@id":"https:\/\/conversesacatalunya.cat\/#\/schema\/person\/79bd0577b2f3afc8d6519d207c6e8609"},"headline":"Responsabilidad sin consecuencias: el declive del gobierno de S\u00e1nchez y la complicidad del Congreso","datePublished":"2025-07-10T10:57:04+00:00","dateModified":"2025-07-10T11:13:00+00:00","mainEntityOfPage":{"@id":"https:\/\/conversesacatalunya.cat\/es\/sanchez-responsabilidad-sin-consecuenciasla-complicidad-congreso\/"},"wordCount":767,"commentCount":0,"image":{"@id":"https:\/\/conversesacatalunya.cat\/es\/sanchez-responsabilidad-sin-consecuenciasla-complicidad-congreso\/#primaryimage"},"thumbnailUrl":"https:\/\/conversesacatalunya.cat\/wp-content\/uploads\/2025\/07\/Imagen1-2.jpg","keywords":["corrupci\u00f3n"],"articleSection":["Punts clau del dia (ES)"],"inLanguage":"es","potentialAction":[{"@type":"CommentAction","name":"Comment","target":["https:\/\/conversesacatalunya.cat\/es\/sanchez-responsabilidad-sin-consecuenciasla-complicidad-congreso\/#respond"]}]},{"@type":"WebPage","@id":"https:\/\/conversesacatalunya.cat\/es\/sanchez-responsabilidad-sin-consecuenciasla-complicidad-congreso\/","url":"https:\/\/conversesacatalunya.cat\/es\/sanchez-responsabilidad-sin-consecuenciasla-complicidad-congreso\/","name":"Responsabilidad sin consecuencias: el declive del gobierno de S\u00e1nchez y la complicidad del Congreso - Converses a Catalunya","isPartOf":{"@id":"https:\/\/conversesacatalunya.cat\/#website"},"primaryImageOfPage":{"@id":"https:\/\/conversesacatalunya.cat\/es\/sanchez-responsabilidad-sin-consecuenciasla-complicidad-congreso\/#primaryimage"},"image":{"@id":"https:\/\/conversesacatalunya.cat\/es\/sanchez-responsabilidad-sin-consecuenciasla-complicidad-congreso\/#primaryimage"},"thumbnailUrl":"https:\/\/conversesacatalunya.cat\/wp-content\/uploads\/2025\/07\/Imagen1-2.jpg","datePublished":"2025-07-10T10:57:04+00:00","dateModified":"2025-07-10T11:13:00+00:00","author":{"@id":"https:\/\/conversesacatalunya.cat\/#\/schema\/person\/79bd0577b2f3afc8d6519d207c6e8609"},"description":"Responsabilidad sin consecuencias: el declive del Gobierno de S\u00e1nchez y la complicidad del Congreso. Quiebra del sistema de partidos","breadcrumb":{"@id":"https:\/\/conversesacatalunya.cat\/es\/sanchez-responsabilidad-sin-consecuenciasla-complicidad-congreso\/#breadcrumb"},"inLanguage":"es","potentialAction":[{"@type":"ReadAction","target":["https:\/\/conversesacatalunya.cat\/es\/sanchez-responsabilidad-sin-consecuenciasla-complicidad-congreso\/"]}]},{"@type":"ImageObject","inLanguage":"es","@id":"https:\/\/conversesacatalunya.cat\/es\/sanchez-responsabilidad-sin-consecuenciasla-complicidad-congreso\/#primaryimage","url":"https:\/\/conversesacatalunya.cat\/wp-content\/uploads\/2025\/07\/Imagen1-2.jpg","contentUrl":"https:\/\/conversesacatalunya.cat\/wp-content\/uploads\/2025\/07\/Imagen1-2.jpg","width":455,"height":248,"caption":"S\u00e1nchez responsabilidad sin consecuencias"},{"@type":"BreadcrumbList","@id":"https:\/\/conversesacatalunya.cat\/es\/sanchez-responsabilidad-sin-consecuenciasla-complicidad-congreso\/#breadcrumb","itemListElement":[{"@type":"ListItem","position":1,"name":"Inici","item":"https:\/\/conversesacatalunya.cat\/es\/"},{"@type":"ListItem","position":2,"name":"Responsabilidad sin consecuencias: el declive del gobierno de S\u00e1nchez y la complicidad del Congreso"}]},{"@type":"WebSite","@id":"https:\/\/conversesacatalunya.cat\/#website","url":"https:\/\/conversesacatalunya.cat\/","name":"Converses a Catalunya","description":"","potentialAction":[{"@type":"SearchAction","target":{"@type":"EntryPoint","urlTemplate":"https:\/\/conversesacatalunya.cat\/?s={search_term_string}"},"query-input":{"@type":"PropertyValueSpecification","valueRequired":true,"valueName":"search_term_string"}}],"inLanguage":"es"},{"@type":"Person","@id":"https:\/\/conversesacatalunya.cat\/#\/schema\/person\/79bd0577b2f3afc8d6519d207c6e8609","name":"Enric Casanovas","image":{"@type":"ImageObject","inLanguage":"es","@id":"https:\/\/conversesacatalunya.cat\/#\/schema\/person\/image\/","url":"https:\/\/conversesacatalunya.cat\/wp-content\/litespeed\/avatar\/7ae4379ad4421ec77820e92afd36dd78.jpg?ver=1777373933","contentUrl":"https:\/\/conversesacatalunya.cat\/wp-content\/litespeed\/avatar\/7ae4379ad4421ec77820e92afd36dd78.jpg?ver=1777373933","caption":"Enric Casanovas"},"url":"https:\/\/conversesacatalunya.cat\/es\/author\/enric-casanovas\/"}]}},"wps_subtitle":"Los partidos que sostienen la mayor\u00eda parlamentaria \u2014Sumar, ERC, Junts, Bildu, PNV, BNG\u2014 han optado por la indiferencia estrat\u00e9gica. Prefieren no incomodar a su socio mayoritario mientras haya poder que repartir.","_links":{"self":[{"href":"https:\/\/conversesacatalunya.cat\/es\/wp-json\/wp\/v2\/posts\/90245","targetHints":{"allow":["GET"]}}],"collection":[{"href":"https:\/\/conversesacatalunya.cat\/es\/wp-json\/wp\/v2\/posts"}],"about":[{"href":"https:\/\/conversesacatalunya.cat\/es\/wp-json\/wp\/v2\/types\/post"}],"author":[{"embeddable":true,"href":"https:\/\/conversesacatalunya.cat\/es\/wp-json\/wp\/v2\/users\/77"}],"replies":[{"embeddable":true,"href":"https:\/\/conversesacatalunya.cat\/es\/wp-json\/wp\/v2\/comments?post=90245"}],"version-history":[{"count":4,"href":"https:\/\/conversesacatalunya.cat\/es\/wp-json\/wp\/v2\/posts\/90245\/revisions"}],"predecessor-version":[{"id":90259,"href":"https:\/\/conversesacatalunya.cat\/es\/wp-json\/wp\/v2\/posts\/90245\/revisions\/90259"}],"wp:featuredmedia":[{"embeddable":true,"href":"https:\/\/conversesacatalunya.cat\/es\/wp-json\/wp\/v2\/media\/90255"}],"wp:attachment":[{"href":"https:\/\/conversesacatalunya.cat\/es\/wp-json\/wp\/v2\/media?parent=90245"}],"wp:term":[{"taxonomy":"category","embeddable":true,"href":"https:\/\/conversesacatalunya.cat\/es\/wp-json\/wp\/v2\/categories?post=90245"},{"taxonomy":"post_tag","embeddable":true,"href":"https:\/\/conversesacatalunya.cat\/es\/wp-json\/wp\/v2\/tags?post=90245"}],"curies":[{"name":"wp","href":"https:\/\/api.w.org\/{rel}","templated":true}]}}