{"id":90205,"date":"2025-07-09T12:32:30","date_gmt":"2025-07-09T10:32:30","guid":{"rendered":"https:\/\/conversesacatalunya.cat\/?p=90205"},"modified":"2025-07-09T12:58:10","modified_gmt":"2025-07-09T10:58:10","slug":"para-entender-el-debate-en-el-congreso-sobre-la-corrupcion-el-colapso-narrativo-del-sanchismo-y-sus-salidas-imposibles","status":"publish","type":"post","link":"https:\/\/conversesacatalunya.cat\/es\/para-entender-el-debate-en-el-congreso-sobre-la-corrupcion-el-colapso-narrativo-del-sanchismo-y-sus-salidas-imposibles\/","title":{"rendered":"Para entender el debate en el Congreso sobre la corrupci\u00f3n: el colapso narrativo del sanchismo y sus salidas imposibles"},"content":{"rendered":"<p>La entrada en prisi\u00f3n de Santos Cerd\u00e1n y el demoledor informe de la UCO no solo comprometen al PSOE judicialmente, sino que derrumban el relato pol\u00edtico que sosten\u00eda a Pedro S\u00e1nchez.<\/p>\n<h5>\u00bf<strong>Puede recomponerse la narrativa del poder? Tres caminos, un dilema.<\/strong><\/h5>\n<p>Desde que <a href=\"https:\/\/es.wikipedia.org\/wiki\/Roland_Barthes\" target=\"_blank\" rel=\"noopener\"><strong>Roland Barthes<\/strong> <\/a>transform\u00f3 el relato al <strong>aplicar el an\u00e1lisis semi\u00f3tico a la vida cotidiana<\/strong> y a los discursos de masas, abriendo nuevas v\u00edas para la cr\u00edtica social y cultural, la pol\u00edtica se ha transformado convirti\u00e9ndose en una lucha por el relato.<\/p>\n<p>En Espa\u00f1a, <strong>S\u00e1nchez y su equipo de la Moncloa<\/strong> ha llevado a sus \u00faltimas consecuencias esta concepci\u00f3n, reduciendo la pol\u00edtica al relato: lo que importa\u00a0 no es lo que se haga, sino lo que se diga, cuando y como se diga. Ese es S\u00e1nchez.<\/p>\n<p><strong>En pol\u00edtica, los hechos importan. Pero lo que da sentido a los hechos es el relato<\/strong> que los envuelve. Pedro S\u00e1nchez, maestro en el arte del relato, supo durante a\u00f1os convertir cada esc\u00e1ndalo en una batalla moral, cada cr\u00edtica en una persecuci\u00f3n, cada contratiempo en una oportunidad para elevarse como m\u00e1rtir de la democracia. Pero todo relato tiene <strong>su cl\u00edmax<\/strong>. Y <strong>el suyo ha implosionado<\/strong>.<\/p>\n<p>La entrada en prisi\u00f3n de <a href=\"https:\/\/conversesacatalunya.cat\/es\/corrupcion-sistemica-en-el-psoe-de-sanchez-un-analisis-exhaustivo\/\" target=\"_blank\" rel=\"noopener\"><strong>Santos Cerd\u00e1n<\/strong><\/a>, secretario de organizaci\u00f3n del PSOE, mano derecha de S\u00e1nchez y heredero de la red tejida con \u00c1balos y Koldo, no es un episodio m\u00e1s. Tampoco lo es el informe de la <strong>UCO<\/strong>, que apunta a tramas de corrupci\u00f3n estructural dentro del partido y del gobierno con la imputaci\u00f3n de dos altos cargos nombrados por el Consejo de Ministros, uno de ellos adem\u00e1s acusado de formar parte de una organizaci\u00f3n criminal, como los tres principales protagonistas, con lo que implica que la trama de corrupci\u00f3n no se limita al partido, sino que afecta al gobierno.<\/p>\n<p><strong>No hay ya \u201ccasos aislados\u201d, ni \u201cfango medi\u00e1tico\u201d, ni \u201clawfare judicial\u201d<\/strong> que lo disimule. El mito se ha roto. Y con \u00e9l, el sentido mismo del poder. El \u00faltimo caso de\u00a0 Isabel Pardo de Vera, expresidenta de la empresa p\u00fablica ADIF, extiende la trama al gobierno, m\u00e1s all\u00e1 de \u00c1balos.<\/p>\n<h3><b>El relato que fue<\/b><\/h3>\n<p>Hasta hace poco, el sanchismo se articulaba como <strong>narrativa \u00e9pica de resistencia<\/strong>. S\u00e1nchez, acosado por la derecha, la caverna judicial, los medios hostiles y la \u201cEspa\u00f1a reaccionaria\u201d, se presentaba como el \u00fanico garante de la democracia moderna y de los derechos sociales. La corrupci\u00f3n no exist\u00eda: era una invenci\u00f3n de los enemigos del progreso.<\/p>\n<p>Pero ahora, el silencio del l\u00edder, la evidencia procesal y el hedor persistente de la impunidad han vaciado de contenido esa ficci\u00f3n. El sujeto del relato ya no puede hablar sin contaminarse. El discurso se vuelve tautol\u00f3gico. Y la ciudadan\u00eda, incluso la progresista, <strong>ha dejado de creer<\/strong>.<\/p>\n<h3><strong>Tres relatos para el naufragio<\/strong><\/h3>\n<p>Frente a este colapso, el Gobierno puede intentar <strong>tres caminos narrativos alternativos<\/strong>. Ninguno sencillo. Ninguno triunfal.<\/p>\n<h4><strong>1. El relato tecnocr\u00e1tico<\/strong><\/h4>\n<p><strong>El m\u00e1s inmediato es el relato<\/strong> <strong>fr\u00edo, gestionario, tecnocr\u00e1tico<\/strong>: minimizar la corrupci\u00f3n como errores de gesti\u00f3n y enfocarse en \u201clos datos\u201d, la econom\u00eda, Europa, las reformas. Una forma de decir: \u201cs\u00ed, hay problemas, pero seguimos gobernando\u201d.<\/p>\n<p>Es eficaz para contener da\u00f1os, pero no para movilizar afectos. <strong>Es un relato sin alma, sin \u00e9pica, sin h\u00e9roe.<\/strong> Funciona solo si nadie propone nada mejor. Y ahora, hasta dentro del PSOE, muchos lo dudan. Y adem\u00e1s, la gesti\u00f3n sometida a un an\u00e1lisis objetivo contiene algunos \u00e9xitos, pero presenta demasiados puntos negros para que por si sola sea una baza.<\/p>\n<h4><strong>2. El relato conspirativo invertido<\/strong><\/h4>\n<p>Otra salida es <strong>doblar la apuesta victimista<\/strong>: transformar el cerco judicial en una \u201cpersecuci\u00f3n al progreso\u201d orquestada por un Estado profundo. Ser\u00eda el regreso al \u201ctodos contra nosotros\u201d, ahora con jueces y Guardia Civil como enemigos internos.<\/p>\n<p>Este relato puede fidelizar a la base ideol\u00f3gica dura, pero <strong>rompe definitivamente los puentes con la institucionalidad<\/strong> y con el electorado moderado. Es una v\u00eda de polarizaci\u00f3n total, de aislamiento, de resistencia bunkerizada, que tiene una hipot\u00e9tica salida si el PSOE de S\u00e1nchez alcanza la categor\u00eda que tuvo el PRI en M\u00e9xico de partido del estado con un control absoluto de todos los poderes.<\/p>\n<h4><strong>3. El relato regenerador<\/strong><\/h4>\n<p>La \u00fanica salida narrativamente s\u00f3lida \u2014pero pol\u00edticamente letal para S\u00e1nchez\u2014 ser\u00eda <strong>renunciar al protagonismo y ceder el testigo<\/strong>. Construir un relato de renovaci\u00f3n, de regeneraci\u00f3n, de autocr\u00edtica valiente. Sacrificar al l\u00edder para salvar el proyecto.<\/p>\n<p>El PSOE podr\u00eda entonces decir: \u201ccometimos errores, hemos aprendido, ahora damos paso a una nueva etapa limpia\u201d. Es lo que hizo el PSOE de Zapatero cuando prepar\u00f3 el relevo de Rubalcaba. Pero el ego de S\u00e1nchez \u2014y su control absoluto del aparato\u2014 hacen improbable esa renuncia.<\/p>\n<h3><strong>El tiempo del descr\u00e9dito<\/strong><\/h3>\n<p>En t\u00e9rminos narrativos, <strong>S\u00e1nchez ha perdido el control del sentido<\/strong>. Su historia ya no se escribe desde la Moncloa, sino desde los tribunales, las prisiones y los informes policiales. Ha pasado de narrador a personaje pasivo. De h\u00e9roe a sospechoso. De s\u00edmbolo de resistencia a sombra de s\u00ed mismo. Y esto no lo arregla una Agencia Contra la Corrupci\u00f3n.<\/p>\n<p>Porque cuando el relato se rompe, no hay decreto que lo recomponga.<\/p>\n<span class='bctt-click-to-tweet'><span class='bctt-ctt-text'><a href='https:\/\/twitter.com\/intent\/tweet?url=https%3A%2F%2Fconversesacatalunya.cat%2Fes%2Fpara-entender-el-debate-en-el-congreso-sobre-la-corrupcion-el-colapso-narrativo-del-sanchismo-y-sus-salidas-imposibles%2F&#038;text=S%C3%A1nchez%20tiene%20tres%20salidas%3A%20tecnocracia%20sin%20alma%2C%20victimismo%20conspiranoico%20o%20regeneraci%C3%B3n%20sin%20%C3%A9l.%20Solo%20una%20es%20cre%C3%ADble.%20Y%20es%20la%20que%20no%20quiere.%20%23GobiernoPSOE%20%23Relato%20%23CrisisPol%C3%ADtica&#038;via=conversesacat&#038;related=conversesacat' target='_blank'rel=\"noopener noreferrer\">S\u00e1nchez tiene tres salidas: tecnocracia sin alma, victimismo conspiranoico o regeneraci\u00f3n sin \u00e9l. Solo una es cre\u00edble. Y es la que no quiere. #GobiernoPSOE #Relato #CrisisPol\u00edtica <\/a><\/span><a href='https:\/\/twitter.com\/intent\/tweet?url=https%3A%2F%2Fconversesacatalunya.cat%2Fes%2Fpara-entender-el-debate-en-el-congreso-sobre-la-corrupcion-el-colapso-narrativo-del-sanchismo-y-sus-salidas-imposibles%2F&#038;text=S%C3%A1nchez%20tiene%20tres%20salidas%3A%20tecnocracia%20sin%20alma%2C%20victimismo%20conspiranoico%20o%20regeneraci%C3%B3n%20sin%20%C3%A9l.%20Solo%20una%20es%20cre%C3%ADble.%20Y%20es%20la%20que%20no%20quiere.%20%23GobiernoPSOE%20%23Relato%20%23CrisisPol%C3%ADtica&#038;via=conversesacat&#038;related=conversesacat' target='_blank' class='bctt-ctt-btn'rel=\"noopener noreferrer\">Compartir en X<\/a><\/span>\n<div id=\"polls-291\" class=\"wp-polls\">\n\t<form id=\"polls_form_291\" class=\"wp-polls-form\" action=\"\/index.php\" method=\"post\">\n\t\t<p style=\"display: none;\"><input type=\"hidden\" id=\"poll_291_nonce\" name=\"wp-polls-nonce\" value=\"f3d84b6bd8\" \/><\/p>\n\t\t<p style=\"display: none;\"><input type=\"hidden\" name=\"poll_id\" value=\"291\" \/><\/p>\n\t\t<p style=\"text-align: center\"><strong>Salvador Illa ha declarat que cal deixar endarrere la decepci\u00f3 de Santos Cerd\u00e1n i mirar endavant. Comparteixes aquest criteri de no depurar responsabilitats ni convocar eleccions?<\/strong><\/p><div id=\"polls-291-ans\" class=\"wp-polls-ans\"><ul class=\"wp-polls-ul\">\n\t\t<li><input type=\"radio\" id=\"poll-answer-830\" name=\"poll_291\" value=\"830\" \/> <label for=\"poll-answer-830\">S\u00ed<\/label><\/li>\n\t\t<li><input type=\"radio\" id=\"poll-answer-831\" name=\"poll_291\" value=\"831\" \/> <label for=\"poll-answer-831\">No<\/label><\/li>\n\t\t<li><input type=\"radio\" id=\"poll-answer-832\" name=\"poll_291\" value=\"832\" \/> <label for=\"poll-answer-832\">No ho s\u00e9<\/label><\/li>\n\t\t<\/ul><p style=\"text-align: center\"><input type=\"button\" name=\"vote\" value=\"   Vota   \" class=\"Buttons\" onclick=\"poll_vote(291);\" \/><\/p><p style=\"text-align: center\"><a href=\"#ViewPollResults\" onclick=\"poll_result(291); return false;\" title=\"View Results Of This Poll\">Mira els resultats<\/a><\/p><\/div>\n\t<\/form>\n<\/div>\n<div id=\"polls-291-loading\" class=\"wp-polls-loading\"><img decoding=\"async\" data-src=\"https:\/\/conversesacatalunya.cat\/wp-content\/plugins\/wp-polls\/images\/loading.gif\" width=\"16\" height=\"16\" alt=\"Cargando ...\" title=\"Cargando ...\" class=\"wp-polls-image lazyload\" src=\"data:image\/svg+xml;base64,PHN2ZyB3aWR0aD0iMSIgaGVpZ2h0PSIxIiB4bWxucz0iaHR0cDovL3d3dy53My5vcmcvMjAwMC9zdmciPjwvc3ZnPg==\" style=\"--smush-placeholder-width: 16px; --smush-placeholder-aspect-ratio: 16\/16;\" \/>&nbsp;Cargando ...<\/div>\n\n","protected":false},"excerpt":{"rendered":"<p>La entrada en prisi\u00f3n de Santos Cerd\u00e1n y el demoledor informe de la UCO no solo comprometen al PSOE judicialmente, sino que derrumban el relato pol\u00edtico que sosten\u00eda a Pedro S\u00e1nchez. \u00bfPuede recomponerse la narrativa del poder? Tres caminos, un dilema. Desde que Roland Barthes transform\u00f3 el relato al aplicar el an\u00e1lisis semi\u00f3tico a la vida cotidiana y a los discursos de masas, abriendo nuevas v\u00edas para la cr\u00edtica social y cultural, la pol\u00edtica se ha transformado convirti\u00e9ndose en una lucha por el relato. En Espa\u00f1a, S\u00e1nchez y su equipo de la Moncloa ha llevado a sus \u00faltimas consecuencias esta concepci\u00f3n, reduciendo la pol\u00edtica al relato: lo que importa\u00a0 no es lo que se haga, sino lo que se diga, cuando y como se diga. Ese es S\u00e1nchez. En pol\u00edtica, los hechos importan. Pero lo que da sentido a los hechos es el relato que los envuelve. Pedro S\u00e1nchez, maestro en el arte del relato, supo durante a\u00f1os convertir cada esc\u00e1ndalo en una batalla moral, cada cr\u00edtica en una persecuci\u00f3n, cada contratiempo en una oportunidad para elevarse como m\u00e1rtir de la democracia. Pero todo relato tiene su cl\u00edmax. Y el suyo ha implosionado. La entrada en prisi\u00f3n de Santos Cerd\u00e1n, secretario de organizaci\u00f3n del PSOE, mano derecha de S\u00e1nchez y heredero de la red tejida con \u00c1balos y Koldo, no es un episodio m\u00e1s. Tampoco lo es el informe de la UCO, que apunta a tramas de corrupci\u00f3n estructural dentro del partido y del gobierno con la imputaci\u00f3n de dos altos cargos nombrados por el Consejo de Ministros, uno de ellos adem\u00e1s acusado de formar parte de una organizaci\u00f3n criminal, como los tres principales protagonistas, con lo que implica que la trama de corrupci\u00f3n no se limita al partido, sino que afecta al gobierno. No hay ya \u201ccasos aislados\u201d, ni \u201cfango medi\u00e1tico\u201d, ni \u201clawfare judicial\u201d que lo disimule. El mito se ha roto. Y con \u00e9l, el sentido mismo del poder. El \u00faltimo caso de\u00a0 Isabel Pardo de Vera, expresidenta de la empresa p\u00fablica ADIF, extiende la trama al gobierno, m\u00e1s all\u00e1 de \u00c1balos. El relato que fue Hasta hace poco, el sanchismo se articulaba como narrativa \u00e9pica de resistencia. S\u00e1nchez, acosado por la derecha, la caverna judicial, los medios hostiles y la \u201cEspa\u00f1a reaccionaria\u201d, se presentaba como el \u00fanico garante de la democracia moderna y de los derechos sociales. La corrupci\u00f3n no exist\u00eda: era una invenci\u00f3n de los enemigos del progreso. Pero ahora, el silencio del l\u00edder, la evidencia procesal y el hedor persistente de la impunidad han vaciado de contenido esa ficci\u00f3n. El sujeto del relato ya no puede hablar sin contaminarse. El discurso se vuelve tautol\u00f3gico. Y la ciudadan\u00eda, incluso la progresista, ha dejado de creer. Tres relatos para el naufragio Frente a este colapso, el Gobierno puede intentar tres caminos narrativos alternativos. Ninguno sencillo. Ninguno triunfal. 1. El relato tecnocr\u00e1tico El m\u00e1s inmediato es el relato fr\u00edo, gestionario, tecnocr\u00e1tico: minimizar la corrupci\u00f3n como errores de gesti\u00f3n y enfocarse en \u201clos datos\u201d, la econom\u00eda, Europa, las reformas. Una forma de decir: \u201cs\u00ed, hay problemas, pero seguimos gobernando\u201d. Es eficaz para contener da\u00f1os, pero no para movilizar afectos. Es un relato sin alma, sin \u00e9pica, sin h\u00e9roe. Funciona solo si nadie propone nada mejor. Y ahora, hasta dentro del PSOE, muchos lo dudan. Y adem\u00e1s, la gesti\u00f3n sometida a un an\u00e1lisis objetivo contiene algunos \u00e9xitos, pero presenta demasiados puntos negros para que por si sola sea una baza. 2. El relato conspirativo invertido Otra salida es doblar la apuesta victimista: transformar el cerco judicial en una \u201cpersecuci\u00f3n al progreso\u201d orquestada por un Estado profundo. Ser\u00eda el regreso al \u201ctodos contra nosotros\u201d, ahora con jueces y Guardia Civil como enemigos internos. Este relato puede fidelizar a la base ideol\u00f3gica dura, pero rompe definitivamente los puentes con la institucionalidad y con el electorado moderado. Es una v\u00eda de polarizaci\u00f3n total, de aislamiento, de resistencia bunkerizada, que tiene una hipot\u00e9tica salida si el PSOE de S\u00e1nchez alcanza la categor\u00eda que tuvo el PRI en M\u00e9xico de partido del estado con un control absoluto de todos los poderes. 3. El relato regenerador La \u00fanica salida narrativamente s\u00f3lida \u2014pero pol\u00edticamente letal para S\u00e1nchez\u2014 ser\u00eda renunciar al protagonismo y ceder el testigo. Construir un relato de renovaci\u00f3n, de regeneraci\u00f3n, de autocr\u00edtica valiente. Sacrificar al l\u00edder para salvar el proyecto. El PSOE podr\u00eda entonces decir: \u201ccometimos errores, hemos aprendido, ahora damos paso a una nueva etapa limpia\u201d. Es lo que hizo el PSOE de Zapatero cuando prepar\u00f3 el relevo de Rubalcaba. Pero el ego de S\u00e1nchez \u2014y su control absoluto del aparato\u2014 hacen improbable esa renuncia. El tiempo del descr\u00e9dito En t\u00e9rminos narrativos, S\u00e1nchez ha perdido el control del sentido. Su historia ya no se escribe desde la Moncloa, sino desde los tribunales, las prisiones y los informes policiales. Ha pasado de narrador a personaje pasivo. De h\u00e9roe a sospechoso. De s\u00edmbolo de resistencia a sombra de s\u00ed mismo. Y esto no lo arregla una Agencia Contra la Corrupci\u00f3n. Porque cuando el relato se rompe, no hay decreto que lo recomponga.<\/p>\n","protected":false},"author":80,"featured_media":90211,"comment_status":"open","ping_status":"open","sticky":false,"template":"","format":"standard","meta":{"_FSMCFIC_featured_image_caption":"","_FSMCFIC_featured_image_nocaption":"","_FSMCFIC_featured_image_hide":"","footnotes":""},"categories":[806],"tags":[1279],"class_list":["post-90205","post","type-post","status-publish","format-standard","has-post-thumbnail","hentry","category-punts-claus-del-dia-es","tag-corrupcion"],"yoast_head":"<!-- This site is optimized with the Yoast SEO plugin v26.8 - https:\/\/yoast.com\/product\/yoast-seo-wordpress\/ -->\n<title>El relato roto de S\u00e1nchez: el fin de la hegemon\u00eda narrativa<\/title>\n<meta name=\"description\" content=\"La prisi\u00f3n de Santos Cerd\u00e1n y el informe de la UCO derrumban el relato pol\u00edtico de S\u00e1nchez. Tres caminos posibles para un poder en declive\" \/>\n<meta name=\"robots\" content=\"index, follow, max-snippet:-1, max-image-preview:large, max-video-preview:-1\" \/>\n<link rel=\"canonical\" href=\"https:\/\/conversesacatalunya.cat\/es\/para-entender-el-debate-en-el-congreso-sobre-la-corrupcion-el-colapso-narrativo-del-sanchismo-y-sus-salidas-imposibles\/\" \/>\n<meta property=\"og:locale\" content=\"es_ES\" \/>\n<meta property=\"og:type\" content=\"article\" \/>\n<meta property=\"og:title\" content=\"El relato roto de S\u00e1nchez: el fin de la hegemon\u00eda narrativa\" \/>\n<meta property=\"og:description\" content=\"La prisi\u00f3n de Santos Cerd\u00e1n y el informe de la UCO derrumban el relato pol\u00edtico de S\u00e1nchez. Tres caminos posibles para un poder en declive\" \/>\n<meta property=\"og:url\" content=\"https:\/\/conversesacatalunya.cat\/es\/para-entender-el-debate-en-el-congreso-sobre-la-corrupcion-el-colapso-narrativo-del-sanchismo-y-sus-salidas-imposibles\/\" \/>\n<meta property=\"og:site_name\" content=\"Converses a Catalunya\" \/>\n<meta property=\"article:published_time\" content=\"2025-07-09T10:32:30+00:00\" \/>\n<meta property=\"article:modified_time\" content=\"2025-07-09T10:58:10+00:00\" \/>\n<meta property=\"og:image\" content=\"https:\/\/conversesacatalunya.cat\/wp-content\/uploads\/2025\/07\/legal-5293009_1280.jpg\" \/>\n\t<meta property=\"og:image:width\" content=\"1280\" \/>\n\t<meta property=\"og:image:height\" content=\"853\" \/>\n\t<meta property=\"og:image:type\" content=\"image\/jpeg\" \/>\n<meta name=\"author\" content=\"N\u00faria Freixa\" \/>\n<meta name=\"twitter:card\" content=\"summary_large_image\" \/>\n<meta name=\"twitter:label1\" content=\"Escrito por\" \/>\n\t<meta name=\"twitter:data1\" content=\"N\u00faria Freixa\" \/>\n\t<meta name=\"twitter:label2\" content=\"Tiempo de lectura\" \/>\n\t<meta name=\"twitter:data2\" content=\"5 minutos\" \/>\n<script type=\"application\/ld+json\" class=\"yoast-schema-graph\">{\"@context\":\"https:\/\/schema.org\",\"@graph\":[{\"@type\":\"Article\",\"@id\":\"https:\/\/conversesacatalunya.cat\/es\/para-entender-el-debate-en-el-congreso-sobre-la-corrupcion-el-colapso-narrativo-del-sanchismo-y-sus-salidas-imposibles\/#article\",\"isPartOf\":{\"@id\":\"https:\/\/conversesacatalunya.cat\/es\/para-entender-el-debate-en-el-congreso-sobre-la-corrupcion-el-colapso-narrativo-del-sanchismo-y-sus-salidas-imposibles\/\"},\"author\":{\"name\":\"N\u00faria Freixa\",\"@id\":\"https:\/\/conversesacatalunya.cat\/#\/schema\/person\/b734752c25b328c819a407cbea568c1f\"},\"headline\":\"Para entender el debate en el Congreso sobre la corrupci\u00f3n: el colapso narrativo del sanchismo y sus salidas imposibles\",\"datePublished\":\"2025-07-09T10:32:30+00:00\",\"dateModified\":\"2025-07-09T10:58:10+00:00\",\"mainEntityOfPage\":{\"@id\":\"https:\/\/conversesacatalunya.cat\/es\/para-entender-el-debate-en-el-congreso-sobre-la-corrupcion-el-colapso-narrativo-del-sanchismo-y-sus-salidas-imposibles\/\"},\"wordCount\":972,\"commentCount\":0,\"image\":{\"@id\":\"https:\/\/conversesacatalunya.cat\/es\/para-entender-el-debate-en-el-congreso-sobre-la-corrupcion-el-colapso-narrativo-del-sanchismo-y-sus-salidas-imposibles\/#primaryimage\"},\"thumbnailUrl\":\"https:\/\/conversesacatalunya.cat\/wp-content\/uploads\/2025\/07\/legal-5293009_1280.jpg\",\"keywords\":[\"corrupci\u00f3n\"],\"articleSection\":[\"Punts clau del dia (ES)\"],\"inLanguage\":\"es\",\"potentialAction\":[{\"@type\":\"CommentAction\",\"name\":\"Comment\",\"target\":[\"https:\/\/conversesacatalunya.cat\/es\/para-entender-el-debate-en-el-congreso-sobre-la-corrupcion-el-colapso-narrativo-del-sanchismo-y-sus-salidas-imposibles\/#respond\"]}]},{\"@type\":\"WebPage\",\"@id\":\"https:\/\/conversesacatalunya.cat\/es\/para-entender-el-debate-en-el-congreso-sobre-la-corrupcion-el-colapso-narrativo-del-sanchismo-y-sus-salidas-imposibles\/\",\"url\":\"https:\/\/conversesacatalunya.cat\/es\/para-entender-el-debate-en-el-congreso-sobre-la-corrupcion-el-colapso-narrativo-del-sanchismo-y-sus-salidas-imposibles\/\",\"name\":\"El relato roto de S\u00e1nchez: el fin de la hegemon\u00eda narrativa\",\"isPartOf\":{\"@id\":\"https:\/\/conversesacatalunya.cat\/#website\"},\"primaryImageOfPage\":{\"@id\":\"https:\/\/conversesacatalunya.cat\/es\/para-entender-el-debate-en-el-congreso-sobre-la-corrupcion-el-colapso-narrativo-del-sanchismo-y-sus-salidas-imposibles\/#primaryimage\"},\"image\":{\"@id\":\"https:\/\/conversesacatalunya.cat\/es\/para-entender-el-debate-en-el-congreso-sobre-la-corrupcion-el-colapso-narrativo-del-sanchismo-y-sus-salidas-imposibles\/#primaryimage\"},\"thumbnailUrl\":\"https:\/\/conversesacatalunya.cat\/wp-content\/uploads\/2025\/07\/legal-5293009_1280.jpg\",\"datePublished\":\"2025-07-09T10:32:30+00:00\",\"dateModified\":\"2025-07-09T10:58:10+00:00\",\"author\":{\"@id\":\"https:\/\/conversesacatalunya.cat\/#\/schema\/person\/b734752c25b328c819a407cbea568c1f\"},\"description\":\"La prisi\u00f3n de Santos Cerd\u00e1n y el informe de la UCO derrumban el relato pol\u00edtico de S\u00e1nchez. Tres caminos posibles para un poder en declive\",\"breadcrumb\":{\"@id\":\"https:\/\/conversesacatalunya.cat\/es\/para-entender-el-debate-en-el-congreso-sobre-la-corrupcion-el-colapso-narrativo-del-sanchismo-y-sus-salidas-imposibles\/#breadcrumb\"},\"inLanguage\":\"es\",\"potentialAction\":[{\"@type\":\"ReadAction\",\"target\":[\"https:\/\/conversesacatalunya.cat\/es\/para-entender-el-debate-en-el-congreso-sobre-la-corrupcion-el-colapso-narrativo-del-sanchismo-y-sus-salidas-imposibles\/\"]}]},{\"@type\":\"ImageObject\",\"inLanguage\":\"es\",\"@id\":\"https:\/\/conversesacatalunya.cat\/es\/para-entender-el-debate-en-el-congreso-sobre-la-corrupcion-el-colapso-narrativo-del-sanchismo-y-sus-salidas-imposibles\/#primaryimage\",\"url\":\"https:\/\/conversesacatalunya.cat\/wp-content\/uploads\/2025\/07\/legal-5293009_1280.jpg\",\"contentUrl\":\"https:\/\/conversesacatalunya.cat\/wp-content\/uploads\/2025\/07\/legal-5293009_1280.jpg\",\"width\":1280,\"height\":853,\"caption\":\"relato S\u00e1nchez\"},{\"@type\":\"BreadcrumbList\",\"@id\":\"https:\/\/conversesacatalunya.cat\/es\/para-entender-el-debate-en-el-congreso-sobre-la-corrupcion-el-colapso-narrativo-del-sanchismo-y-sus-salidas-imposibles\/#breadcrumb\",\"itemListElement\":[{\"@type\":\"ListItem\",\"position\":1,\"name\":\"Inici\",\"item\":\"https:\/\/conversesacatalunya.cat\/es\/\"},{\"@type\":\"ListItem\",\"position\":2,\"name\":\"Para entender el debate en el Congreso sobre la corrupci\u00f3n: el colapso narrativo del sanchismo y sus salidas imposibles\"}]},{\"@type\":\"WebSite\",\"@id\":\"https:\/\/conversesacatalunya.cat\/#website\",\"url\":\"https:\/\/conversesacatalunya.cat\/\",\"name\":\"Converses a Catalunya\",\"description\":\"\",\"potentialAction\":[{\"@type\":\"SearchAction\",\"target\":{\"@type\":\"EntryPoint\",\"urlTemplate\":\"https:\/\/conversesacatalunya.cat\/?s={search_term_string}\"},\"query-input\":{\"@type\":\"PropertyValueSpecification\",\"valueRequired\":true,\"valueName\":\"search_term_string\"}}],\"inLanguage\":\"es\"},{\"@type\":\"Person\",\"@id\":\"https:\/\/conversesacatalunya.cat\/#\/schema\/person\/b734752c25b328c819a407cbea568c1f\",\"name\":\"N\u00faria Freixa\",\"image\":{\"@type\":\"ImageObject\",\"inLanguage\":\"es\",\"@id\":\"https:\/\/conversesacatalunya.cat\/#\/schema\/person\/image\/\",\"url\":\"https:\/\/conversesacatalunya.cat\/wp-content\/litespeed\/avatar\/c3686e387186fed249338fe04729c597.jpg?ver=1777289182\",\"contentUrl\":\"https:\/\/conversesacatalunya.cat\/wp-content\/litespeed\/avatar\/c3686e387186fed249338fe04729c597.jpg?ver=1777289182\",\"caption\":\"N\u00faria Freixa\"},\"url\":\"https:\/\/conversesacatalunya.cat\/es\/author\/nuria_freixa\/\"}]}<\/script>\n<!-- \/ Yoast SEO plugin. -->","yoast_head_json":{"title":"El relato roto de S\u00e1nchez: el fin de la hegemon\u00eda narrativa","description":"La prisi\u00f3n de Santos Cerd\u00e1n y el informe de la UCO derrumban el relato pol\u00edtico de S\u00e1nchez. Tres caminos posibles para un poder en declive","robots":{"index":"index","follow":"follow","max-snippet":"max-snippet:-1","max-image-preview":"max-image-preview:large","max-video-preview":"max-video-preview:-1"},"canonical":"https:\/\/conversesacatalunya.cat\/es\/para-entender-el-debate-en-el-congreso-sobre-la-corrupcion-el-colapso-narrativo-del-sanchismo-y-sus-salidas-imposibles\/","og_locale":"es_ES","og_type":"article","og_title":"El relato roto de S\u00e1nchez: el fin de la hegemon\u00eda narrativa","og_description":"La prisi\u00f3n de Santos Cerd\u00e1n y el informe de la UCO derrumban el relato pol\u00edtico de S\u00e1nchez. Tres caminos posibles para un poder en declive","og_url":"https:\/\/conversesacatalunya.cat\/es\/para-entender-el-debate-en-el-congreso-sobre-la-corrupcion-el-colapso-narrativo-del-sanchismo-y-sus-salidas-imposibles\/","og_site_name":"Converses a Catalunya","article_published_time":"2025-07-09T10:32:30+00:00","article_modified_time":"2025-07-09T10:58:10+00:00","og_image":[{"width":1280,"height":853,"url":"https:\/\/conversesacatalunya.cat\/wp-content\/uploads\/2025\/07\/legal-5293009_1280.jpg","type":"image\/jpeg"}],"author":"N\u00faria Freixa","twitter_card":"summary_large_image","twitter_misc":{"Escrito por":"N\u00faria Freixa","Tiempo de lectura":"5 minutos"},"schema":{"@context":"https:\/\/schema.org","@graph":[{"@type":"Article","@id":"https:\/\/conversesacatalunya.cat\/es\/para-entender-el-debate-en-el-congreso-sobre-la-corrupcion-el-colapso-narrativo-del-sanchismo-y-sus-salidas-imposibles\/#article","isPartOf":{"@id":"https:\/\/conversesacatalunya.cat\/es\/para-entender-el-debate-en-el-congreso-sobre-la-corrupcion-el-colapso-narrativo-del-sanchismo-y-sus-salidas-imposibles\/"},"author":{"name":"N\u00faria Freixa","@id":"https:\/\/conversesacatalunya.cat\/#\/schema\/person\/b734752c25b328c819a407cbea568c1f"},"headline":"Para entender el debate en el Congreso sobre la corrupci\u00f3n: el colapso narrativo del sanchismo y sus salidas imposibles","datePublished":"2025-07-09T10:32:30+00:00","dateModified":"2025-07-09T10:58:10+00:00","mainEntityOfPage":{"@id":"https:\/\/conversesacatalunya.cat\/es\/para-entender-el-debate-en-el-congreso-sobre-la-corrupcion-el-colapso-narrativo-del-sanchismo-y-sus-salidas-imposibles\/"},"wordCount":972,"commentCount":0,"image":{"@id":"https:\/\/conversesacatalunya.cat\/es\/para-entender-el-debate-en-el-congreso-sobre-la-corrupcion-el-colapso-narrativo-del-sanchismo-y-sus-salidas-imposibles\/#primaryimage"},"thumbnailUrl":"https:\/\/conversesacatalunya.cat\/wp-content\/uploads\/2025\/07\/legal-5293009_1280.jpg","keywords":["corrupci\u00f3n"],"articleSection":["Punts clau del dia (ES)"],"inLanguage":"es","potentialAction":[{"@type":"CommentAction","name":"Comment","target":["https:\/\/conversesacatalunya.cat\/es\/para-entender-el-debate-en-el-congreso-sobre-la-corrupcion-el-colapso-narrativo-del-sanchismo-y-sus-salidas-imposibles\/#respond"]}]},{"@type":"WebPage","@id":"https:\/\/conversesacatalunya.cat\/es\/para-entender-el-debate-en-el-congreso-sobre-la-corrupcion-el-colapso-narrativo-del-sanchismo-y-sus-salidas-imposibles\/","url":"https:\/\/conversesacatalunya.cat\/es\/para-entender-el-debate-en-el-congreso-sobre-la-corrupcion-el-colapso-narrativo-del-sanchismo-y-sus-salidas-imposibles\/","name":"El relato roto de S\u00e1nchez: el fin de la hegemon\u00eda narrativa","isPartOf":{"@id":"https:\/\/conversesacatalunya.cat\/#website"},"primaryImageOfPage":{"@id":"https:\/\/conversesacatalunya.cat\/es\/para-entender-el-debate-en-el-congreso-sobre-la-corrupcion-el-colapso-narrativo-del-sanchismo-y-sus-salidas-imposibles\/#primaryimage"},"image":{"@id":"https:\/\/conversesacatalunya.cat\/es\/para-entender-el-debate-en-el-congreso-sobre-la-corrupcion-el-colapso-narrativo-del-sanchismo-y-sus-salidas-imposibles\/#primaryimage"},"thumbnailUrl":"https:\/\/conversesacatalunya.cat\/wp-content\/uploads\/2025\/07\/legal-5293009_1280.jpg","datePublished":"2025-07-09T10:32:30+00:00","dateModified":"2025-07-09T10:58:10+00:00","author":{"@id":"https:\/\/conversesacatalunya.cat\/#\/schema\/person\/b734752c25b328c819a407cbea568c1f"},"description":"La prisi\u00f3n de Santos Cerd\u00e1n y el informe de la UCO derrumban el relato pol\u00edtico de S\u00e1nchez. Tres caminos posibles para un poder en declive","breadcrumb":{"@id":"https:\/\/conversesacatalunya.cat\/es\/para-entender-el-debate-en-el-congreso-sobre-la-corrupcion-el-colapso-narrativo-del-sanchismo-y-sus-salidas-imposibles\/#breadcrumb"},"inLanguage":"es","potentialAction":[{"@type":"ReadAction","target":["https:\/\/conversesacatalunya.cat\/es\/para-entender-el-debate-en-el-congreso-sobre-la-corrupcion-el-colapso-narrativo-del-sanchismo-y-sus-salidas-imposibles\/"]}]},{"@type":"ImageObject","inLanguage":"es","@id":"https:\/\/conversesacatalunya.cat\/es\/para-entender-el-debate-en-el-congreso-sobre-la-corrupcion-el-colapso-narrativo-del-sanchismo-y-sus-salidas-imposibles\/#primaryimage","url":"https:\/\/conversesacatalunya.cat\/wp-content\/uploads\/2025\/07\/legal-5293009_1280.jpg","contentUrl":"https:\/\/conversesacatalunya.cat\/wp-content\/uploads\/2025\/07\/legal-5293009_1280.jpg","width":1280,"height":853,"caption":"relato S\u00e1nchez"},{"@type":"BreadcrumbList","@id":"https:\/\/conversesacatalunya.cat\/es\/para-entender-el-debate-en-el-congreso-sobre-la-corrupcion-el-colapso-narrativo-del-sanchismo-y-sus-salidas-imposibles\/#breadcrumb","itemListElement":[{"@type":"ListItem","position":1,"name":"Inici","item":"https:\/\/conversesacatalunya.cat\/es\/"},{"@type":"ListItem","position":2,"name":"Para entender el debate en el Congreso sobre la corrupci\u00f3n: el colapso narrativo del sanchismo y sus salidas imposibles"}]},{"@type":"WebSite","@id":"https:\/\/conversesacatalunya.cat\/#website","url":"https:\/\/conversesacatalunya.cat\/","name":"Converses a Catalunya","description":"","potentialAction":[{"@type":"SearchAction","target":{"@type":"EntryPoint","urlTemplate":"https:\/\/conversesacatalunya.cat\/?s={search_term_string}"},"query-input":{"@type":"PropertyValueSpecification","valueRequired":true,"valueName":"search_term_string"}}],"inLanguage":"es"},{"@type":"Person","@id":"https:\/\/conversesacatalunya.cat\/#\/schema\/person\/b734752c25b328c819a407cbea568c1f","name":"N\u00faria Freixa","image":{"@type":"ImageObject","inLanguage":"es","@id":"https:\/\/conversesacatalunya.cat\/#\/schema\/person\/image\/","url":"https:\/\/conversesacatalunya.cat\/wp-content\/litespeed\/avatar\/c3686e387186fed249338fe04729c597.jpg?ver=1777289182","contentUrl":"https:\/\/conversesacatalunya.cat\/wp-content\/litespeed\/avatar\/c3686e387186fed249338fe04729c597.jpg?ver=1777289182","caption":"N\u00faria Freixa"},"url":"https:\/\/conversesacatalunya.cat\/es\/author\/nuria_freixa\/"}]}},"wps_subtitle":"S\u00e1nchez tiene tres salidas: tecnocracia sin alma, victimismo conspiranoico o regeneraci\u00f3n sin \u00e9l. Solo una es cre\u00edble. Y es la que no quiere","_links":{"self":[{"href":"https:\/\/conversesacatalunya.cat\/es\/wp-json\/wp\/v2\/posts\/90205","targetHints":{"allow":["GET"]}}],"collection":[{"href":"https:\/\/conversesacatalunya.cat\/es\/wp-json\/wp\/v2\/posts"}],"about":[{"href":"https:\/\/conversesacatalunya.cat\/es\/wp-json\/wp\/v2\/types\/post"}],"author":[{"embeddable":true,"href":"https:\/\/conversesacatalunya.cat\/es\/wp-json\/wp\/v2\/users\/80"}],"replies":[{"embeddable":true,"href":"https:\/\/conversesacatalunya.cat\/es\/wp-json\/wp\/v2\/comments?post=90205"}],"version-history":[{"count":7,"href":"https:\/\/conversesacatalunya.cat\/es\/wp-json\/wp\/v2\/posts\/90205\/revisions"}],"predecessor-version":[{"id":90220,"href":"https:\/\/conversesacatalunya.cat\/es\/wp-json\/wp\/v2\/posts\/90205\/revisions\/90220"}],"wp:featuredmedia":[{"embeddable":true,"href":"https:\/\/conversesacatalunya.cat\/es\/wp-json\/wp\/v2\/media\/90211"}],"wp:attachment":[{"href":"https:\/\/conversesacatalunya.cat\/es\/wp-json\/wp\/v2\/media?parent=90205"}],"wp:term":[{"taxonomy":"category","embeddable":true,"href":"https:\/\/conversesacatalunya.cat\/es\/wp-json\/wp\/v2\/categories?post=90205"},{"taxonomy":"post_tag","embeddable":true,"href":"https:\/\/conversesacatalunya.cat\/es\/wp-json\/wp\/v2\/tags?post=90205"}],"curies":[{"name":"wp","href":"https:\/\/api.w.org\/{rel}","templated":true}]}}