{"id":90134,"date":"2025-07-08T08:58:21","date_gmt":"2025-07-08T06:58:21","guid":{"rendered":"https:\/\/conversesacatalunya.cat\/?p=90134"},"modified":"2025-07-08T09:19:30","modified_gmt":"2025-07-08T07:19:30","slug":"lecciones-gobierno-trump-ley-fiscal","status":"publish","type":"post","link":"https:\/\/conversesacatalunya.cat\/es\/lecciones-gobierno-trump-ley-fiscal\/","title":{"rendered":"Lecciones de gobierno de Donald Trump"},"content":{"rendered":"<p><span>El pasado 4 de julio, D\u00eda de la Independencia y D\u00eda de Estados Unidos, el presidente Donald Trump se dio el gusto de\u00a0<\/span><strong><span>promulgar la \u201cley fiscal\u201d<\/span><\/strong><span>\u00a0que debe implementar un buen n\u00famero de promesas electorales.<\/span><\/p>\n<p><span>Entre sus medidas, destacan el incremento de los gastos militares, la financiaci\u00f3n de su campa\u00f1a de expulsi\u00f3n de inmigrantes, la bajada de impuestos, y en paralelo diversas reducciones presupuestarias, incluyendo el programa <a href=\"https:\/\/es.wikipedia.org\/wiki\/Medicaid\" target=\"_blank\" rel=\"noopener\">Medicaid<\/a>.<\/span><\/p>\n<p><span>Durante una ceremonia en la Casa Blanca que incluy\u00f3 un desfile a\u00e9reo de los bombarderos furtivos B-2 que hab\u00edan bombardeado a Ir\u00e1n unos d\u00edas antes, Trump proclam\u00f3 que Estados Unidos entraba en su \u201cedad dorada\u201d.<\/span><\/p>\n<p><span><span class=\"VIpgJd-yAWNEb-VIpgJd-fmcmS-sn54Q\">El presidente republicano Trump se hab\u00eda fijado como objetivo firmar la ley fiscal con ocasi\u00f3n del 249 aniversario de la independencia del pa\u00eds respecto de la corona brit\u00e1nica, algo que fue posible porque la votaci\u00f3n final de la ley en la C\u00e1mara de Representantes tuvo lugar\u00a0<\/span><\/span><em><span><span class=\"VIpgJd-yAWNEb-VIpgJd-fmcmS-sn54Q\">in extremis<\/span><\/span><\/em><span><span class=\"VIpgJd-yAWNEb-VIpgJd-fmcmS-sn54Q\">\u00a0el d\u00eda antes.<\/span><\/span><\/p>\n<h4 data-reader-unique-id=\"14\"><strong><span>En sus escasos seis meses en el gobierno, Donald Trump ha insuflado un ritmo dram\u00e1tico en la acci\u00f3n de gobierno, obteniendo numerosas victorias.<\/span><\/strong><\/h4>\n<p data-reader-unique-id=\"14\"><span>En materia de pol\u00edtica interna, est\u00e1 desplegando sus\u00a0<\/span><strong><span>pol\u00edticas contra la inmigraci\u00f3n irregular<\/span><\/strong><span>\u00a0como ten\u00eda previsto y pese a las mediatizadas manifestaciones en Los \u00c1ngeles.<\/span><\/p>\n<p data-reader-unique-id=\"14\"><span>El\u00a0<\/span><strong><span>Tribunal Supremo<\/span><\/strong><span>\u00a0(que Trump mismo decant\u00f3 a favor de los conservadores durante su primer mandato) le ha blindado recientemente contra las decisiones del poder judicial que quer\u00edan, como sucede a menudo en Europa, extralimitarse en su funci\u00f3n de vigilar la acci\u00f3n del gobierno.<\/span><\/p>\n<p data-reader-unique-id=\"14\"><span>La\u00a0<\/span><strong><span>bolsa<\/span><\/strong><span>,\u00a0como el \u00edndice S&amp;P 500, vuelve a estar en m\u00e1ximos hist\u00f3ricos despu\u00e9s de un susto a ra\u00edz de los aranceles.<\/span><\/p>\n<p data-reader-unique-id=\"14\"><strong><span><span class=\"VIpgJd-yAWNEb-VIpgJd-fmcmS-sn54Q\">En la esfera internacional<\/span><\/span><\/strong><span><span class=\"VIpgJd-yAWNEb-VIpgJd-fmcmS-sn54Q\">,\u00a0la decisi\u00f3n de intervenir militarmente en Ir\u00e1n en apoyo de Israel arranc\u00f3 un acuerdo de alto el fuego de la parte del r\u00e9gimen de los ayatol\u00e1s, y demostr\u00f3 de\u00a0<\/span><strong><span class=\"VIpgJd-yAWNEb-VIpgJd-fmcmS-sn54Q\">paso<\/span><\/strong><span class=\"VIpgJd-yAWNEb-VIpgJd-fmcmS-sn54Q\">\u00a0su\u00a0<\/span><span class=\"VIpgJd-yAWNEb-VIpgJd-fmcmS-sn54Q\">vulnerabilidad. En Europa, Trump <a href=\"https:\/\/conversesacatalunya.cat\/es\/quien-se-toma-en-serio-la-defensa-en-el-seno-de-la-otan\/\" target=\"_blank\" rel=\"noopener\">se pase\u00f3<\/a> en la cumbre de La Haya como el patr\u00f3n de la Alianza. El numerito en solitario de <strong>Pedro S\u00e1nchez<\/strong> qued\u00f3 en esto, un espect\u00e1culo, porque \u00e9l mismo firm\u00f3 la declaraci\u00f3n querida por el presidente de Estados Unidos como todos los dem\u00e1s l\u00edderes europeos.<\/span><\/span><\/p>\n<h4 data-reader-unique-id=\"14\"><strong><span><span class=\"VIpgJd-yAWNEb-VIpgJd-fmcmS-sn54Q\">Sin embargo, hay algunas sombras<\/span><\/span><\/strong><\/h4>\n<p data-reader-unique-id=\"14\"><span><span class=\"VIpgJd-yAWNEb-VIpgJd-fmcmS-sn54Q\">Trump ten\u00eda grandes esperanzas puestas en las que conseguir\u00eda r\u00e1pidamente que las armas callaran en Ucrania, pero el inmovilismo de Kiev, y sobre todo el de Mosc\u00fa, le han acabado\u00a0<\/span><\/span><strong><span><span class=\"VIpgJd-yAWNEb-VIpgJd-fmcmS-sn54Q\">desenga\u00f1ando<\/span><\/span><\/strong><span><span class=\"VIpgJd-yAWNEb-VIpgJd-fmcmS-sn54Q\">. De hecho, el presidente ya ha pasado a lo que advirti\u00f3 ser\u00eda su plan B, <strong>endurecer las sanciones contra Rusia.<\/strong><\/span><\/span><\/p>\n<p data-reader-unique-id=\"14\"><span><span class=\"VIpgJd-yAWNEb-VIpgJd-fmcmS-sn54Q\">Trump tambi\u00e9n ha perdido a uno de sus socios clave durante la campa\u00f1a electoral del a\u00f1o pasado,\u00a0<\/span><\/span><strong><span><span class=\"VIpgJd-yAWNEb-VIpgJd-fmcmS-sn54Q\">Elon Musk<\/span><\/span><\/strong><span><span class=\"VIpgJd-yAWNEb-VIpgJd-fmcmS-sn54Q\">.\u00a0Aunque se trataba de una alianza\u00a0<\/span><\/span><a href=\"https:\/\/conversesacatalunya.cat\/es\/trump-vs-musk-derecha-antiwoke\/\" target=\"_blank\" rel=\"noopener\"><span><span class=\"VIpgJd-yAWNEb-VIpgJd-fmcmS-sn54Q\">casi imposible<\/span><\/span><\/a><span><span class=\"VIpgJd-yAWNEb-VIpgJd-fmcmS-sn54Q\">\u00a0de mantener a causa de las profundas diferencias ideol\u00f3gicas entre los dos hombres, y que sin duda ha beneficiado mucho m\u00e1s al presidente que al empresario.<\/span><\/span><\/p>\n<p data-reader-unique-id=\"14\"><span><span class=\"VIpgJd-yAWNEb-VIpgJd-fmcmS-sn54Q\">M\u00e1s all\u00e1 de la pertenencia de sus pol\u00edticas, es innegable que\u00a0<\/span><\/span><strong><span><span class=\"VIpgJd-yAWNEb-VIpgJd-fmcmS-sn54Q\">Donald Trump es un presidente que gobierna de forma eficaz y ofrece resultados a sus electores<\/span><\/span><\/strong><span><span class=\"VIpgJd-yAWNEb-VIpgJd-fmcmS-sn54Q\">.\u00a0La diferencia con la situaci\u00f3n europea, donde los l\u00edderes gobiernan a golpe de anuncios medi\u00e1ticos y regulaciones inaplicadas, no podr\u00eda ser m\u00e1s flagrante.<\/span><\/span><\/p>\n<p data-reader-unique-id=\"14\"><span class='bctt-click-to-tweet'><span class='bctt-ctt-text'><a href='https:\/\/twitter.com\/intent\/tweet?url=https%3A%2F%2Fconversesacatalunya.cat%2Fes%2Flecciones-gobierno-trump-ley-fiscal%2F&#038;text=El%20presidente%20Trump%20ya%20ha%20pasado%20a%20lo%20que%20advirti%C3%B3%20ser%C3%ADa%20su%20plan%20B%2C%20endurecer%20las%20sanciones%20contra%20Rusia&#038;via=conversesacat&#038;related=conversesacat' target='_blank'rel=\"noopener noreferrer\">El presidente Trump ya ha pasado a lo que advirti\u00f3 ser\u00eda su plan B, endurecer las sanciones contra Rusia <\/a><\/span><a href='https:\/\/twitter.com\/intent\/tweet?url=https%3A%2F%2Fconversesacatalunya.cat%2Fes%2Flecciones-gobierno-trump-ley-fiscal%2F&#038;text=El%20presidente%20Trump%20ya%20ha%20pasado%20a%20lo%20que%20advirti%C3%B3%20ser%C3%ADa%20su%20plan%20B%2C%20endurecer%20las%20sanciones%20contra%20Rusia&#038;via=conversesacat&#038;related=conversesacat' target='_blank' class='bctt-ctt-btn'rel=\"noopener noreferrer\">Compartir en X<\/a><\/span>\n<p data-reader-unique-id=\"14\"><div id=\"polls-291\" class=\"wp-polls\">\n\t<form id=\"polls_form_291\" class=\"wp-polls-form\" action=\"\/index.php\" method=\"post\">\n\t\t<p style=\"display: none;\"><input type=\"hidden\" id=\"poll_291_nonce\" name=\"wp-polls-nonce\" value=\"f3d84b6bd8\" \/><\/p>\n\t\t<p style=\"display: none;\"><input type=\"hidden\" name=\"poll_id\" value=\"291\" \/><\/p>\n\t\t<p style=\"text-align: center\"><strong>Salvador Illa ha declarat que cal deixar endarrere la decepci\u00f3 de Santos Cerd\u00e1n i mirar endavant. Comparteixes aquest criteri de no depurar responsabilitats ni convocar eleccions?<\/strong><\/p><div id=\"polls-291-ans\" class=\"wp-polls-ans\"><ul class=\"wp-polls-ul\">\n\t\t<li><input type=\"radio\" id=\"poll-answer-830\" name=\"poll_291\" value=\"830\" \/> <label for=\"poll-answer-830\">S\u00ed<\/label><\/li>\n\t\t<li><input type=\"radio\" id=\"poll-answer-831\" name=\"poll_291\" value=\"831\" \/> <label for=\"poll-answer-831\">No<\/label><\/li>\n\t\t<li><input type=\"radio\" id=\"poll-answer-832\" name=\"poll_291\" value=\"832\" \/> <label for=\"poll-answer-832\">No ho s\u00e9<\/label><\/li>\n\t\t<\/ul><p style=\"text-align: center\"><input type=\"button\" name=\"vote\" value=\"   Vota   \" class=\"Buttons\" onclick=\"poll_vote(291);\" \/><\/p><p style=\"text-align: center\"><a href=\"#ViewPollResults\" onclick=\"poll_result(291); return false;\" title=\"View Results Of This Poll\">Mira els resultats<\/a><\/p><\/div>\n\t<\/form>\n<\/div>\n<div id=\"polls-291-loading\" class=\"wp-polls-loading\"><img decoding=\"async\" data-src=\"https:\/\/conversesacatalunya.cat\/wp-content\/plugins\/wp-polls\/images\/loading.gif\" width=\"16\" height=\"16\" alt=\"Cargando ...\" title=\"Cargando ...\" class=\"wp-polls-image lazyload\" src=\"data:image\/svg+xml;base64,PHN2ZyB3aWR0aD0iMSIgaGVpZ2h0PSIxIiB4bWxucz0iaHR0cDovL3d3dy53My5vcmcvMjAwMC9zdmciPjwvc3ZnPg==\" style=\"--smush-placeholder-width: 16px; --smush-placeholder-aspect-ratio: 16\/16;\" \/>&nbsp;Cargando ...<\/div>\n\n<div tabindex=\"-1\" data-format=\"inarticle\" aria-hidden=\"true\" data-reader-unique-id=\"16\"><\/div>\n","protected":false},"excerpt":{"rendered":"<p>El pasado 4 de julio, D\u00eda de la Independencia y D\u00eda de Estados Unidos, el presidente Donald Trump se dio el gusto de\u00a0promulgar la \u201cley fiscal\u201d\u00a0que debe implementar un buen n\u00famero de promesas electorales. Entre sus medidas, destacan el incremento de los gastos militares, la financiaci\u00f3n de su campa\u00f1a de expulsi\u00f3n de inmigrantes, la bajada de impuestos, y en paralelo diversas reducciones presupuestarias, incluyendo el programa Medicaid. Durante una ceremonia en la Casa Blanca que incluy\u00f3 un desfile a\u00e9reo de los bombarderos furtivos B-2 que hab\u00edan bombardeado a Ir\u00e1n unos d\u00edas antes, Trump proclam\u00f3 que Estados Unidos entraba en su \u201cedad dorada\u201d. El presidente republicano Trump se hab\u00eda fijado como objetivo firmar la ley fiscal con ocasi\u00f3n del 249 aniversario de la independencia del pa\u00eds respecto de la corona brit\u00e1nica, algo que fue posible porque la votaci\u00f3n final de la ley en la C\u00e1mara de Representantes tuvo lugar\u00a0in extremis\u00a0el d\u00eda antes. En sus escasos seis meses en el gobierno, Donald Trump ha insuflado un ritmo dram\u00e1tico en la acci\u00f3n de gobierno, obteniendo numerosas victorias. En materia de pol\u00edtica interna, est\u00e1 desplegando sus\u00a0pol\u00edticas contra la inmigraci\u00f3n irregular\u00a0como ten\u00eda previsto y pese a las mediatizadas manifestaciones en Los \u00c1ngeles. El\u00a0Tribunal Supremo\u00a0(que Trump mismo decant\u00f3 a favor de los conservadores durante su primer mandato) le ha blindado recientemente contra las decisiones del poder judicial que quer\u00edan, como sucede a menudo en Europa, extralimitarse en su funci\u00f3n de vigilar la acci\u00f3n del gobierno. La\u00a0bolsa,\u00a0como el \u00edndice S&amp;P 500, vuelve a estar en m\u00e1ximos hist\u00f3ricos despu\u00e9s de un susto a ra\u00edz de los aranceles. En la esfera internacional,\u00a0la decisi\u00f3n de intervenir militarmente en Ir\u00e1n en apoyo de Israel arranc\u00f3 un acuerdo de alto el fuego de la parte del r\u00e9gimen de los ayatol\u00e1s, y demostr\u00f3 de\u00a0paso\u00a0su\u00a0vulnerabilidad. En Europa, Trump se pase\u00f3 en la cumbre de La Haya como el patr\u00f3n de la Alianza. El numerito en solitario de Pedro S\u00e1nchez qued\u00f3 en esto, un espect\u00e1culo, porque \u00e9l mismo firm\u00f3 la declaraci\u00f3n querida por el presidente de Estados Unidos como todos los dem\u00e1s l\u00edderes europeos. Sin embargo, hay algunas sombras Trump ten\u00eda grandes esperanzas puestas en las que conseguir\u00eda r\u00e1pidamente que las armas callaran en Ucrania, pero el inmovilismo de Kiev, y sobre todo el de Mosc\u00fa, le han acabado\u00a0desenga\u00f1ando. De hecho, el presidente ya ha pasado a lo que advirti\u00f3 ser\u00eda su plan B, endurecer las sanciones contra Rusia. Trump tambi\u00e9n ha perdido a uno de sus socios clave durante la campa\u00f1a electoral del a\u00f1o pasado,\u00a0Elon Musk.\u00a0Aunque se trataba de una alianza\u00a0casi imposible\u00a0de mantener a causa de las profundas diferencias ideol\u00f3gicas entre los dos hombres, y que sin duda ha beneficiado mucho m\u00e1s al presidente que al empresario. M\u00e1s all\u00e1 de la pertenencia de sus pol\u00edticas, es innegable que\u00a0Donald Trump es un presidente que gobierna de forma eficaz y ofrece resultados a sus electores.\u00a0La diferencia con la situaci\u00f3n europea, donde los l\u00edderes gobiernan a golpe de anuncios medi\u00e1ticos y regulaciones inaplicadas, no podr\u00eda ser m\u00e1s flagrante.<\/p>\n","protected":false},"author":75,"featured_media":90037,"comment_status":"open","ping_status":"open","sticky":false,"template":"","format":"standard","meta":{"_FSMCFIC_featured_image_caption":"","_FSMCFIC_featured_image_nocaption":"","_FSMCFIC_featured_image_hide":"","footnotes":""},"categories":[806],"tags":[963,964,1162,875],"class_list":["post-90134","post","type-post","status-publish","format-standard","has-post-thumbnail","hentry","category-punts-claus-del-dia-es","tag-donald-trump-es","tag-estats-units-es","tag-europa-es-2","tag-europa-es"],"yoast_head":"<!-- This site is optimized with the Yoast SEO plugin v26.8 - https:\/\/yoast.com\/product\/yoast-seo-wordpress\/ -->\n<title>Lecciones de gobierno de Donald Trump. Ley Fiscal<\/title>\n<meta name=\"description\" content=\"El pasado 4 de julio el presidente Trump se dio el gusto de promulgar la &quot;ley fiscal&quot; que debe implementar sus promesas electorales.\" \/>\n<meta name=\"robots\" content=\"index, follow, max-snippet:-1, max-image-preview:large, max-video-preview:-1\" \/>\n<link rel=\"canonical\" href=\"https:\/\/conversesacatalunya.cat\/es\/lecciones-gobierno-trump-ley-fiscal\/\" \/>\n<meta property=\"og:locale\" content=\"es_ES\" \/>\n<meta property=\"og:type\" content=\"article\" \/>\n<meta property=\"og:title\" content=\"Lecciones de gobierno de Donald Trump. Ley Fiscal\" \/>\n<meta property=\"og:description\" content=\"El pasado 4 de julio el presidente Trump se dio el gusto de promulgar la &quot;ley fiscal&quot; que debe implementar sus promesas electorales.\" \/>\n<meta property=\"og:url\" content=\"https:\/\/conversesacatalunya.cat\/es\/lecciones-gobierno-trump-ley-fiscal\/\" \/>\n<meta property=\"og:site_name\" content=\"Converses a Catalunya\" \/>\n<meta property=\"article:published_time\" content=\"2025-07-08T06:58:21+00:00\" \/>\n<meta property=\"article:modified_time\" content=\"2025-07-08T07:19:30+00:00\" \/>\n<meta property=\"og:image\" content=\"https:\/\/conversesacatalunya.cat\/wp-content\/uploads\/2025\/07\/90.jpeg\" \/>\n\t<meta property=\"og:image:width\" content=\"599\" \/>\n\t<meta property=\"og:image:height\" content=\"399\" \/>\n\t<meta property=\"og:image:type\" content=\"image\/jpeg\" \/>\n<meta name=\"author\" content=\"Carles L\u00f3pez\" \/>\n<meta name=\"twitter:card\" content=\"summary_large_image\" \/>\n<meta name=\"twitter:label1\" content=\"Escrito por\" \/>\n\t<meta name=\"twitter:data1\" content=\"Carles L\u00f3pez\" \/>\n\t<meta name=\"twitter:label2\" content=\"Tiempo de lectura\" \/>\n\t<meta name=\"twitter:data2\" content=\"3 minutos\" \/>\n<script type=\"application\/ld+json\" class=\"yoast-schema-graph\">{\"@context\":\"https:\/\/schema.org\",\"@graph\":[{\"@type\":\"Article\",\"@id\":\"https:\/\/conversesacatalunya.cat\/es\/lecciones-gobierno-trump-ley-fiscal\/#article\",\"isPartOf\":{\"@id\":\"https:\/\/conversesacatalunya.cat\/es\/lecciones-gobierno-trump-ley-fiscal\/\"},\"author\":{\"name\":\"Carles L\u00f3pez\",\"@id\":\"https:\/\/conversesacatalunya.cat\/#\/schema\/person\/3ce2ab16c0a3803086d80722c7cad56a\"},\"headline\":\"Lecciones de gobierno de Donald Trump\",\"datePublished\":\"2025-07-08T06:58:21+00:00\",\"dateModified\":\"2025-07-08T07:19:30+00:00\",\"mainEntityOfPage\":{\"@id\":\"https:\/\/conversesacatalunya.cat\/es\/lecciones-gobierno-trump-ley-fiscal\/\"},\"wordCount\":600,\"commentCount\":0,\"image\":{\"@id\":\"https:\/\/conversesacatalunya.cat\/es\/lecciones-gobierno-trump-ley-fiscal\/#primaryimage\"},\"thumbnailUrl\":\"https:\/\/conversesacatalunya.cat\/wp-content\/uploads\/2025\/07\/90.jpeg\",\"keywords\":[\"Donald Trump\",\"Estats Units\",\"Europa\",\"Europa\"],\"articleSection\":[\"Punts clau del dia (ES)\"],\"inLanguage\":\"es\",\"potentialAction\":[{\"@type\":\"CommentAction\",\"name\":\"Comment\",\"target\":[\"https:\/\/conversesacatalunya.cat\/es\/lecciones-gobierno-trump-ley-fiscal\/#respond\"]}]},{\"@type\":\"WebPage\",\"@id\":\"https:\/\/conversesacatalunya.cat\/es\/lecciones-gobierno-trump-ley-fiscal\/\",\"url\":\"https:\/\/conversesacatalunya.cat\/es\/lecciones-gobierno-trump-ley-fiscal\/\",\"name\":\"Lecciones de gobierno de Donald Trump. Ley Fiscal\",\"isPartOf\":{\"@id\":\"https:\/\/conversesacatalunya.cat\/#website\"},\"primaryImageOfPage\":{\"@id\":\"https:\/\/conversesacatalunya.cat\/es\/lecciones-gobierno-trump-ley-fiscal\/#primaryimage\"},\"image\":{\"@id\":\"https:\/\/conversesacatalunya.cat\/es\/lecciones-gobierno-trump-ley-fiscal\/#primaryimage\"},\"thumbnailUrl\":\"https:\/\/conversesacatalunya.cat\/wp-content\/uploads\/2025\/07\/90.jpeg\",\"datePublished\":\"2025-07-08T06:58:21+00:00\",\"dateModified\":\"2025-07-08T07:19:30+00:00\",\"author\":{\"@id\":\"https:\/\/conversesacatalunya.cat\/#\/schema\/person\/3ce2ab16c0a3803086d80722c7cad56a\"},\"description\":\"El pasado 4 de julio el presidente Trump se dio el gusto de promulgar la \\\"ley fiscal\\\" que debe implementar sus promesas electorales.\",\"breadcrumb\":{\"@id\":\"https:\/\/conversesacatalunya.cat\/es\/lecciones-gobierno-trump-ley-fiscal\/#breadcrumb\"},\"inLanguage\":\"es\",\"potentialAction\":[{\"@type\":\"ReadAction\",\"target\":[\"https:\/\/conversesacatalunya.cat\/es\/lecciones-gobierno-trump-ley-fiscal\/\"]}]},{\"@type\":\"ImageObject\",\"inLanguage\":\"es\",\"@id\":\"https:\/\/conversesacatalunya.cat\/es\/lecciones-gobierno-trump-ley-fiscal\/#primaryimage\",\"url\":\"https:\/\/conversesacatalunya.cat\/wp-content\/uploads\/2025\/07\/90.jpeg\",\"contentUrl\":\"https:\/\/conversesacatalunya.cat\/wp-content\/uploads\/2025\/07\/90.jpeg\",\"width\":599,\"height\":399,\"caption\":\"Trump Ley Fiscal\"},{\"@type\":\"BreadcrumbList\",\"@id\":\"https:\/\/conversesacatalunya.cat\/es\/lecciones-gobierno-trump-ley-fiscal\/#breadcrumb\",\"itemListElement\":[{\"@type\":\"ListItem\",\"position\":1,\"name\":\"Inici\",\"item\":\"https:\/\/conversesacatalunya.cat\/es\/\"},{\"@type\":\"ListItem\",\"position\":2,\"name\":\"Lecciones de gobierno de Donald Trump\"}]},{\"@type\":\"WebSite\",\"@id\":\"https:\/\/conversesacatalunya.cat\/#website\",\"url\":\"https:\/\/conversesacatalunya.cat\/\",\"name\":\"Converses a Catalunya\",\"description\":\"\",\"potentialAction\":[{\"@type\":\"SearchAction\",\"target\":{\"@type\":\"EntryPoint\",\"urlTemplate\":\"https:\/\/conversesacatalunya.cat\/?s={search_term_string}\"},\"query-input\":{\"@type\":\"PropertyValueSpecification\",\"valueRequired\":true,\"valueName\":\"search_term_string\"}}],\"inLanguage\":\"es\"},{\"@type\":\"Person\",\"@id\":\"https:\/\/conversesacatalunya.cat\/#\/schema\/person\/3ce2ab16c0a3803086d80722c7cad56a\",\"name\":\"Carles L\u00f3pez\",\"image\":{\"@type\":\"ImageObject\",\"inLanguage\":\"es\",\"@id\":\"https:\/\/conversesacatalunya.cat\/#\/schema\/person\/image\/\",\"url\":\"https:\/\/conversesacatalunya.cat\/wp-content\/litespeed\/avatar\/4891585caf2896e97846ab77f06edcf2.jpg?ver=1777091173\",\"contentUrl\":\"https:\/\/conversesacatalunya.cat\/wp-content\/litespeed\/avatar\/4891585caf2896e97846ab77f06edcf2.jpg?ver=1777091173\",\"caption\":\"Carles L\u00f3pez\"},\"url\":\"https:\/\/conversesacatalunya.cat\/es\/author\/carles-lopez\/\"}]}<\/script>\n<!-- \/ Yoast SEO plugin. -->","yoast_head_json":{"title":"Lecciones de gobierno de Donald Trump. Ley Fiscal","description":"El pasado 4 de julio el presidente Trump se dio el gusto de promulgar la \"ley fiscal\" que debe implementar sus promesas electorales.","robots":{"index":"index","follow":"follow","max-snippet":"max-snippet:-1","max-image-preview":"max-image-preview:large","max-video-preview":"max-video-preview:-1"},"canonical":"https:\/\/conversesacatalunya.cat\/es\/lecciones-gobierno-trump-ley-fiscal\/","og_locale":"es_ES","og_type":"article","og_title":"Lecciones de gobierno de Donald Trump. Ley Fiscal","og_description":"El pasado 4 de julio el presidente Trump se dio el gusto de promulgar la \"ley fiscal\" que debe implementar sus promesas electorales.","og_url":"https:\/\/conversesacatalunya.cat\/es\/lecciones-gobierno-trump-ley-fiscal\/","og_site_name":"Converses a Catalunya","article_published_time":"2025-07-08T06:58:21+00:00","article_modified_time":"2025-07-08T07:19:30+00:00","og_image":[{"width":599,"height":399,"url":"https:\/\/conversesacatalunya.cat\/wp-content\/uploads\/2025\/07\/90.jpeg","type":"image\/jpeg"}],"author":"Carles L\u00f3pez","twitter_card":"summary_large_image","twitter_misc":{"Escrito por":"Carles L\u00f3pez","Tiempo de lectura":"3 minutos"},"schema":{"@context":"https:\/\/schema.org","@graph":[{"@type":"Article","@id":"https:\/\/conversesacatalunya.cat\/es\/lecciones-gobierno-trump-ley-fiscal\/#article","isPartOf":{"@id":"https:\/\/conversesacatalunya.cat\/es\/lecciones-gobierno-trump-ley-fiscal\/"},"author":{"name":"Carles L\u00f3pez","@id":"https:\/\/conversesacatalunya.cat\/#\/schema\/person\/3ce2ab16c0a3803086d80722c7cad56a"},"headline":"Lecciones de gobierno de Donald Trump","datePublished":"2025-07-08T06:58:21+00:00","dateModified":"2025-07-08T07:19:30+00:00","mainEntityOfPage":{"@id":"https:\/\/conversesacatalunya.cat\/es\/lecciones-gobierno-trump-ley-fiscal\/"},"wordCount":600,"commentCount":0,"image":{"@id":"https:\/\/conversesacatalunya.cat\/es\/lecciones-gobierno-trump-ley-fiscal\/#primaryimage"},"thumbnailUrl":"https:\/\/conversesacatalunya.cat\/wp-content\/uploads\/2025\/07\/90.jpeg","keywords":["Donald Trump","Estats Units","Europa","Europa"],"articleSection":["Punts clau del dia (ES)"],"inLanguage":"es","potentialAction":[{"@type":"CommentAction","name":"Comment","target":["https:\/\/conversesacatalunya.cat\/es\/lecciones-gobierno-trump-ley-fiscal\/#respond"]}]},{"@type":"WebPage","@id":"https:\/\/conversesacatalunya.cat\/es\/lecciones-gobierno-trump-ley-fiscal\/","url":"https:\/\/conversesacatalunya.cat\/es\/lecciones-gobierno-trump-ley-fiscal\/","name":"Lecciones de gobierno de Donald Trump. Ley Fiscal","isPartOf":{"@id":"https:\/\/conversesacatalunya.cat\/#website"},"primaryImageOfPage":{"@id":"https:\/\/conversesacatalunya.cat\/es\/lecciones-gobierno-trump-ley-fiscal\/#primaryimage"},"image":{"@id":"https:\/\/conversesacatalunya.cat\/es\/lecciones-gobierno-trump-ley-fiscal\/#primaryimage"},"thumbnailUrl":"https:\/\/conversesacatalunya.cat\/wp-content\/uploads\/2025\/07\/90.jpeg","datePublished":"2025-07-08T06:58:21+00:00","dateModified":"2025-07-08T07:19:30+00:00","author":{"@id":"https:\/\/conversesacatalunya.cat\/#\/schema\/person\/3ce2ab16c0a3803086d80722c7cad56a"},"description":"El pasado 4 de julio el presidente Trump se dio el gusto de promulgar la \"ley fiscal\" que debe implementar sus promesas electorales.","breadcrumb":{"@id":"https:\/\/conversesacatalunya.cat\/es\/lecciones-gobierno-trump-ley-fiscal\/#breadcrumb"},"inLanguage":"es","potentialAction":[{"@type":"ReadAction","target":["https:\/\/conversesacatalunya.cat\/es\/lecciones-gobierno-trump-ley-fiscal\/"]}]},{"@type":"ImageObject","inLanguage":"es","@id":"https:\/\/conversesacatalunya.cat\/es\/lecciones-gobierno-trump-ley-fiscal\/#primaryimage","url":"https:\/\/conversesacatalunya.cat\/wp-content\/uploads\/2025\/07\/90.jpeg","contentUrl":"https:\/\/conversesacatalunya.cat\/wp-content\/uploads\/2025\/07\/90.jpeg","width":599,"height":399,"caption":"Trump Ley Fiscal"},{"@type":"BreadcrumbList","@id":"https:\/\/conversesacatalunya.cat\/es\/lecciones-gobierno-trump-ley-fiscal\/#breadcrumb","itemListElement":[{"@type":"ListItem","position":1,"name":"Inici","item":"https:\/\/conversesacatalunya.cat\/es\/"},{"@type":"ListItem","position":2,"name":"Lecciones de gobierno de Donald Trump"}]},{"@type":"WebSite","@id":"https:\/\/conversesacatalunya.cat\/#website","url":"https:\/\/conversesacatalunya.cat\/","name":"Converses a Catalunya","description":"","potentialAction":[{"@type":"SearchAction","target":{"@type":"EntryPoint","urlTemplate":"https:\/\/conversesacatalunya.cat\/?s={search_term_string}"},"query-input":{"@type":"PropertyValueSpecification","valueRequired":true,"valueName":"search_term_string"}}],"inLanguage":"es"},{"@type":"Person","@id":"https:\/\/conversesacatalunya.cat\/#\/schema\/person\/3ce2ab16c0a3803086d80722c7cad56a","name":"Carles L\u00f3pez","image":{"@type":"ImageObject","inLanguage":"es","@id":"https:\/\/conversesacatalunya.cat\/#\/schema\/person\/image\/","url":"https:\/\/conversesacatalunya.cat\/wp-content\/litespeed\/avatar\/4891585caf2896e97846ab77f06edcf2.jpg?ver=1777091173","contentUrl":"https:\/\/conversesacatalunya.cat\/wp-content\/litespeed\/avatar\/4891585caf2896e97846ab77f06edcf2.jpg?ver=1777091173","caption":"Carles L\u00f3pez"},"url":"https:\/\/conversesacatalunya.cat\/es\/author\/carles-lopez\/"}]}},"wps_subtitle":"M\u00e1s all\u00e1 de la pertenencia de sus pol\u00edticas, es innegable que Donald Trump es un presidente que gobierna de forma eficaz y ofrece resultados a sus electores","_links":{"self":[{"href":"https:\/\/conversesacatalunya.cat\/es\/wp-json\/wp\/v2\/posts\/90134","targetHints":{"allow":["GET"]}}],"collection":[{"href":"https:\/\/conversesacatalunya.cat\/es\/wp-json\/wp\/v2\/posts"}],"about":[{"href":"https:\/\/conversesacatalunya.cat\/es\/wp-json\/wp\/v2\/types\/post"}],"author":[{"embeddable":true,"href":"https:\/\/conversesacatalunya.cat\/es\/wp-json\/wp\/v2\/users\/75"}],"replies":[{"embeddable":true,"href":"https:\/\/conversesacatalunya.cat\/es\/wp-json\/wp\/v2\/comments?post=90134"}],"version-history":[{"count":5,"href":"https:\/\/conversesacatalunya.cat\/es\/wp-json\/wp\/v2\/posts\/90134\/revisions"}],"predecessor-version":[{"id":90135,"href":"https:\/\/conversesacatalunya.cat\/es\/wp-json\/wp\/v2\/posts\/90134\/revisions\/90135"}],"wp:featuredmedia":[{"embeddable":true,"href":"https:\/\/conversesacatalunya.cat\/es\/wp-json\/wp\/v2\/media\/90037"}],"wp:attachment":[{"href":"https:\/\/conversesacatalunya.cat\/es\/wp-json\/wp\/v2\/media?parent=90134"}],"wp:term":[{"taxonomy":"category","embeddable":true,"href":"https:\/\/conversesacatalunya.cat\/es\/wp-json\/wp\/v2\/categories?post=90134"},{"taxonomy":"post_tag","embeddable":true,"href":"https:\/\/conversesacatalunya.cat\/es\/wp-json\/wp\/v2\/tags?post=90134"}],"curies":[{"name":"wp","href":"https:\/\/api.w.org\/{rel}","templated":true}]}}