{"id":90119,"date":"2025-07-08T05:44:50","date_gmt":"2025-07-08T03:44:50","guid":{"rendered":"https:\/\/conversesacatalunya.cat\/?p=90119"},"modified":"2025-07-08T06:03:48","modified_gmt":"2025-07-08T04:03:48","slug":"el-gran-descalabro-macintyre-y-la-carta-diogneto","status":"publish","type":"post","link":"https:\/\/conversesacatalunya.cat\/es\/el-gran-descalabro-macintyre-y-la-carta-diogneto\/","title":{"rendered":"El gran descalabro, Macintyre y la carta Diogneto"},"content":{"rendered":"<p>Esta primavera nos ha dejado <a href=\"https:\/\/conversesacatalunya.cat\/es\/muere-macintyre-filosofo-tradicion-comunidad-virtud\/\" target=\"_blank\" rel=\"noopener\">Alasdair MacIntyre<\/a> (Glasgow 1929 \u2013 Chicago 2025), uno de los grandes pensadores de los \u00faltimos cincuenta a\u00f1os. Su obra m\u00e1s importante es <em>After virtue<\/em>, que concluye con este texto memorable: \u00abEsta vez, sin embargo, los b\u00e1rbaros no esperan m\u00e1s all\u00e1 de las fronteras; ellos ya llevan gobern\u00e1ndonos bastante tiempo. Y es nuestra falta de conciencia de ello lo que constituye parte de nuestro problema. No estamos esperando un Godot, sino otro \u2013indudablemente muy distinto\u2013 San Benito\u201d.<\/p>\n<p>Un texto que en 1981 era prof\u00e9tico, pero que hoy describe una evidencia, al menos en cuanto a los b\u00e1rbaros que nos gobiernan, y creo que tambi\u00e9n respecto a nuestra inconsciencia, a pesar de las alarmas que cada d\u00eda se disparan sobre los males agudos que sufre nuestra sociedad. La referencia a Godot es m\u00e1s sutil. Se trata del personaje misterioso que esperan los dos vagabundos de la obra <em>Esperando a Godot<\/em> de Samuel Beckett, y que no llega nunca. Beckett hace una alegor\u00eda del absurdo vital y de la espera sin sentido y sin esperanza, propios del pensamiento existencialista de mediados del siglo XX.<\/p>\n<p>\u00bfY el otro San Benito?, que, seg\u00fan MacIntyre, es a quien realmente esperamos. El origen de la cultura occidental se explica como la s\u00edntesis de la filosof\u00eda griega, el derecho romano y la religi\u00f3n cristiana. Pero hay un hecho que determina el origen hist\u00f3rico de Occidente: la fundaci\u00f3n en el siglo VI de la Orden benedictina y su r\u00e1pido crecimiento por Europa, con monasterios que se convierten no solo en centros de espiritualidad, sino en n\u00facleos desde donde se conserva y expande la educaci\u00f3n y la cultura. La regla de San Benito crea una vida virtuosa y equilibrada entre la oraci\u00f3n, el trabajo manual, el estudio y el descanso, fomentando la disciplina y el servicio a la comunidad. La influencia de la regla fue m\u00e1s all\u00e1 de la vida monacal, y la caridad, la paciencia, el perd\u00f3n, la autoridad espiritual y la b\u00fasqueda del bien com\u00fan se fueron transmitiendo al conjunto de la sociedad.<\/p>\n<p>Hoy Occidente sufre un gran descalabro, m\u00e1s evidente que hace 45 a\u00f1os cuando MacIntyre escrib\u00eda su obra. Un descalabro perfectamente objetivable. Primero, en la crisis de natalidad que amenaza el futuro de la mayor\u00eda de las naciones y culturas europeas, especialmente las m\u00e1s peque\u00f1as. Segundo, en el caos antropol\u00f3gico que se ha impuesto, sembrando la confusi\u00f3n en aspectos esenciales para la vida buena y la felicidad de las personas y de la sociedad en su conjunto. Tercero, en la falta de principios y valores compartidos a que nos han llevado el nihilismo, el subjetivismo y el relativismo moral. Sin una jerarqu\u00eda de creencias, de principios b\u00e1sicos, no puede haber ni concordia social, ni se puede educar a las nuevas generaciones, ni es posible que una comunidad tenga un horizonte compartido hacia d\u00f3nde caminar juntos. Por \u00faltimo, la degeneraci\u00f3n de la democracia. Hoy la pol\u00edtica ya no s\u00f3lo no soluciona problemas sino que los crea, o es un problema en s\u00ed misma. La propia falta de principios y valores compartidos, que los gobiernos han agravado fr\u00edvolamente, ha convertido la pol\u00edtica en una mera t\u00e9cnica para alcanzar y conservar el poder y en un combate interminable y est\u00e9ril que hace crecer la desafecci\u00f3n ciudadana.<\/p>\n<p>Desde una perspectiva hist\u00f3rica, nada de lo que se acaba de exponer es nuevo. La crisis de Occidente tiene puntos en com\u00fan con las crisis de otras civilizaciones que se han ido sucediendo a lo largo de los siglos. La corrupci\u00f3n de la democracia ateniense o la degeneraci\u00f3n de las costumbres en la Roma imperial. Lo \u00fanico que esta vez la civilizaci\u00f3n que decae es la nuestra, que, adem\u00e1s, ha influido como ninguna otra en el conjunto de la humanidad contempor\u00e1nea.<\/p>\n<p>En las cuatro crisis mencionadas existen causas particulares de cada una. Pero existe tambi\u00e9n una matriz com\u00fan: el alejamiento progresivo de Occidente de sus or\u00edgenes cristianos. Hay quien ha interpretado la espera a San Benito que menciona a MacIntyre como la necesidad de recuperar un nuevo tipo de liderazgo moral y comunitario, al estilo del santo de Nursia, con la creaci\u00f3n de comunidades peque\u00f1as y s\u00f3lidas que preserven las virtudes y permitan con el tiempo una regeneraci\u00f3n de la sociedad ante el desorden moral del presente. Es la estrategia de la <em>Benedict Option<\/em> expuesta en la obra del norteamericano Rod Dreher <em>La Opci\u00f3n Benedictina: Una Estrategia para Cristianos en una Naci\u00f3n Postcristiana,<\/em> del a\u00f1o 2017. A pesar de que el libro y el movimiento se inspiran en MacIntyre, \u00e9ste se ha mostrado cr\u00edtico con la propuesta de aislarse de la sociedad.<\/p>\n<p>\u00bfAislamiento de la sociedad para recuperar la esencia de la vida cristiana? M\u00e1s bien el modelo a seguir es el de los primeros cristianos que describe la venerable <em>Carta a Diogneto <\/em>del siglo II, que los describe as\u00ed: \u00abViven en sus patrias, pero como si fueran forasteros. Participan en todas las actividades de los buenos ciudadanos y aceptan todas las cargas, pero como si fueran peregrinos. Toda tierra extra\u00f1a es patria para ellos, y toda patria les es tierra extra\u00f1a. (&#8230;) Pasan el tiempo en la tierra, pero tienen su ciudadan\u00eda en el cielo. Observan las leyes promulgadas, pero con su vida est\u00e1n m\u00e1s all\u00e1 de las leyes. Todo el mundo les persigue, pero ellos aman a todo el mundo.\u201d<\/p>\n<p><a href=\"https:\/\/x.com\/ros_arpa\" target=\"_blank\" rel=\"noopener\"><strong>@ros_arpa<\/strong><\/a><\/p>\n<p><em><strong><span><span class=\"VIpgJd-yAWNEb-VIpgJd-fmcmS-sn54Q\">Publicado en el Diari de Girona el 27 de junio de 2025<\/span><\/span><\/strong><\/em><\/p>\n","protected":false},"excerpt":{"rendered":"<p>Esta primavera nos ha dejado Alasdair MacIntyre (Glasgow 1929 \u2013 Chicago 2025), uno de los grandes pensadores de los \u00faltimos cincuenta a\u00f1os. Su obra m\u00e1s importante es After virtue, que concluye con este texto memorable: \u00abEsta vez, sin embargo, los b\u00e1rbaros no esperan m\u00e1s all\u00e1 de las fronteras; ellos ya llevan gobern\u00e1ndonos bastante tiempo. Y es nuestra falta de conciencia de ello lo que constituye parte de nuestro problema. No estamos esperando un Godot, sino otro \u2013indudablemente muy distinto\u2013 San Benito\u201d. Un texto que en 1981 era prof\u00e9tico, pero que hoy describe una evidencia, al menos en cuanto a los b\u00e1rbaros que nos gobiernan, y creo que tambi\u00e9n respecto a nuestra inconsciencia, a pesar de las alarmas que cada d\u00eda se disparan sobre los males agudos que sufre nuestra sociedad. La referencia a Godot es m\u00e1s sutil. Se trata del personaje misterioso que esperan los dos vagabundos de la obra Esperando a Godot de Samuel Beckett, y que no llega nunca. Beckett hace una alegor\u00eda del absurdo vital y de la espera sin sentido y sin esperanza, propios del pensamiento existencialista de mediados del siglo XX. \u00bfY el otro San Benito?, que, seg\u00fan MacIntyre, es a quien realmente esperamos. El origen de la cultura occidental se explica como la s\u00edntesis de la filosof\u00eda griega, el derecho romano y la religi\u00f3n cristiana. Pero hay un hecho que determina el origen hist\u00f3rico de Occidente: la fundaci\u00f3n en el siglo VI de la Orden benedictina y su r\u00e1pido crecimiento por Europa, con monasterios que se convierten no solo en centros de espiritualidad, sino en n\u00facleos desde donde se conserva y expande la educaci\u00f3n y la cultura. La regla de San Benito crea una vida virtuosa y equilibrada entre la oraci\u00f3n, el trabajo manual, el estudio y el descanso, fomentando la disciplina y el servicio a la comunidad. La influencia de la regla fue m\u00e1s all\u00e1 de la vida monacal, y la caridad, la paciencia, el perd\u00f3n, la autoridad espiritual y la b\u00fasqueda del bien com\u00fan se fueron transmitiendo al conjunto de la sociedad. Hoy Occidente sufre un gran descalabro, m\u00e1s evidente que hace 45 a\u00f1os cuando MacIntyre escrib\u00eda su obra. Un descalabro perfectamente objetivable. Primero, en la crisis de natalidad que amenaza el futuro de la mayor\u00eda de las naciones y culturas europeas, especialmente las m\u00e1s peque\u00f1as. Segundo, en el caos antropol\u00f3gico que se ha impuesto, sembrando la confusi\u00f3n en aspectos esenciales para la vida buena y la felicidad de las personas y de la sociedad en su conjunto. Tercero, en la falta de principios y valores compartidos a que nos han llevado el nihilismo, el subjetivismo y el relativismo moral. Sin una jerarqu\u00eda de creencias, de principios b\u00e1sicos, no puede haber ni concordia social, ni se puede educar a las nuevas generaciones, ni es posible que una comunidad tenga un horizonte compartido hacia d\u00f3nde caminar juntos. Por \u00faltimo, la degeneraci\u00f3n de la democracia. Hoy la pol\u00edtica ya no s\u00f3lo no soluciona problemas sino que los crea, o es un problema en s\u00ed misma. La propia falta de principios y valores compartidos, que los gobiernos han agravado fr\u00edvolamente, ha convertido la pol\u00edtica en una mera t\u00e9cnica para alcanzar y conservar el poder y en un combate interminable y est\u00e9ril que hace crecer la desafecci\u00f3n ciudadana. Desde una perspectiva hist\u00f3rica, nada de lo que se acaba de exponer es nuevo. La crisis de Occidente tiene puntos en com\u00fan con las crisis de otras civilizaciones que se han ido sucediendo a lo largo de los siglos. La corrupci\u00f3n de la democracia ateniense o la degeneraci\u00f3n de las costumbres en la Roma imperial. Lo \u00fanico que esta vez la civilizaci\u00f3n que decae es la nuestra, que, adem\u00e1s, ha influido como ninguna otra en el conjunto de la humanidad contempor\u00e1nea. En las cuatro crisis mencionadas existen causas particulares de cada una. Pero existe tambi\u00e9n una matriz com\u00fan: el alejamiento progresivo de Occidente de sus or\u00edgenes cristianos. Hay quien ha interpretado la espera a San Benito que menciona a MacIntyre como la necesidad de recuperar un nuevo tipo de liderazgo moral y comunitario, al estilo del santo de Nursia, con la creaci\u00f3n de comunidades peque\u00f1as y s\u00f3lidas que preserven las virtudes y permitan con el tiempo una regeneraci\u00f3n de la sociedad ante el desorden moral del presente. Es la estrategia de la Benedict Option expuesta en la obra del norteamericano Rod Dreher La Opci\u00f3n Benedictina: Una Estrategia para Cristianos en una Naci\u00f3n Postcristiana, del a\u00f1o 2017. A pesar de que el libro y el movimiento se inspiran en MacIntyre, \u00e9ste se ha mostrado cr\u00edtico con la propuesta de aislarse de la sociedad. \u00bfAislamiento de la sociedad para recuperar la esencia de la vida cristiana? M\u00e1s bien el modelo a seguir es el de los primeros cristianos que describe la venerable Carta a Diogneto del siglo II, que los describe as\u00ed: \u00abViven en sus patrias, pero como si fueran forasteros. Participan en todas las actividades de los buenos ciudadanos y aceptan todas las cargas, pero como si fueran peregrinos. Toda tierra extra\u00f1a es patria para ellos, y toda patria les es tierra extra\u00f1a. (&#8230;) Pasan el tiempo en la tierra, pero tienen su ciudadan\u00eda en el cielo. Observan las leyes promulgadas, pero con su vida est\u00e1n m\u00e1s all\u00e1 de las leyes. Todo el mundo les persigue, pero ellos aman a todo el mundo.\u201d @ros_arpa Publicado en el Diari de Girona el 27 de junio de 2025<\/p>\n","protected":false},"author":6,"featured_media":90044,"comment_status":"open","ping_status":"open","sticky":false,"template":"","format":"standard","meta":{"_FSMCFIC_featured_image_caption":"","_FSMCFIC_featured_image_nocaption":"","_FSMCFIC_featured_image_hide":"","footnotes":""},"categories":[801],"tags":[],"class_list":["post-90119","post","type-post","status-publish","format-standard","has-post-thumbnail","hentry","category-veritas-in-caritate-es"],"yoast_head":"<!-- This site is optimized with the Yoast SEO plugin v26.8 - https:\/\/yoast.com\/product\/yoast-seo-wordpress\/ -->\n<title>El gran descalabro, Macintyre y la carta Diogneto - Converses a Catalunya<\/title>\n<meta name=\"description\" content=\"\u00bfAislamiento de la sociedad para recuperar la esencia de la vida cristiana? M\u00e1s bien el modelo a seguir es la Carta en Diogneto del siglo II\" \/>\n<meta name=\"robots\" content=\"index, follow, max-snippet:-1, max-image-preview:large, max-video-preview:-1\" \/>\n<link rel=\"canonical\" href=\"https:\/\/conversesacatalunya.cat\/es\/el-gran-descalabro-macintyre-y-la-carta-diogneto\/\" \/>\n<meta property=\"og:locale\" content=\"es_ES\" \/>\n<meta property=\"og:type\" content=\"article\" \/>\n<meta property=\"og:title\" content=\"El gran descalabro, Macintyre y la carta Diogneto - Converses a Catalunya\" \/>\n<meta property=\"og:description\" content=\"\u00bfAislamiento de la sociedad para recuperar la esencia de la vida cristiana? M\u00e1s bien el modelo a seguir es la Carta en Diogneto del siglo II\" \/>\n<meta property=\"og:url\" content=\"https:\/\/conversesacatalunya.cat\/es\/el-gran-descalabro-macintyre-y-la-carta-diogneto\/\" \/>\n<meta property=\"og:site_name\" content=\"Converses a Catalunya\" \/>\n<meta property=\"article:published_time\" content=\"2025-07-08T03:44:50+00:00\" \/>\n<meta property=\"article:modified_time\" content=\"2025-07-08T04:03:48+00:00\" \/>\n<meta property=\"og:image\" content=\"https:\/\/conversesacatalunya.cat\/wp-content\/uploads\/2025\/07\/IMG-20250630-WA0003.jpg\" \/>\n\t<meta property=\"og:image:width\" content=\"1600\" \/>\n\t<meta property=\"og:image:height\" content=\"1204\" \/>\n\t<meta property=\"og:image:type\" content=\"image\/jpeg\" \/>\n<meta name=\"author\" content=\"Carles Ros Arpa\" \/>\n<meta name=\"twitter:card\" content=\"summary_large_image\" \/>\n<meta name=\"twitter:label1\" content=\"Escrito por\" \/>\n\t<meta name=\"twitter:data1\" content=\"Carles Ros Arpa\" \/>\n\t<meta name=\"twitter:label2\" content=\"Tiempo de lectura\" \/>\n\t<meta name=\"twitter:data2\" content=\"5 minutos\" \/>\n<script type=\"application\/ld+json\" class=\"yoast-schema-graph\">{\"@context\":\"https:\/\/schema.org\",\"@graph\":[{\"@type\":\"Article\",\"@id\":\"https:\/\/conversesacatalunya.cat\/es\/el-gran-descalabro-macintyre-y-la-carta-diogneto\/#article\",\"isPartOf\":{\"@id\":\"https:\/\/conversesacatalunya.cat\/es\/el-gran-descalabro-macintyre-y-la-carta-diogneto\/\"},\"author\":{\"name\":\"Carles Ros Arpa\",\"@id\":\"https:\/\/conversesacatalunya.cat\/#\/schema\/person\/158977e8a6f4c10be20fb1e30375371b\"},\"headline\":\"El gran descalabro, Macintyre y la carta Diogneto\",\"datePublished\":\"2025-07-08T03:44:50+00:00\",\"dateModified\":\"2025-07-08T04:03:48+00:00\",\"mainEntityOfPage\":{\"@id\":\"https:\/\/conversesacatalunya.cat\/es\/el-gran-descalabro-macintyre-y-la-carta-diogneto\/\"},\"wordCount\":965,\"commentCount\":0,\"image\":{\"@id\":\"https:\/\/conversesacatalunya.cat\/es\/el-gran-descalabro-macintyre-y-la-carta-diogneto\/#primaryimage\"},\"thumbnailUrl\":\"https:\/\/conversesacatalunya.cat\/wp-content\/uploads\/2025\/07\/IMG-20250630-WA0003.jpg\",\"articleSection\":[\"Veritas in caritate (ES)\"],\"inLanguage\":\"es\",\"potentialAction\":[{\"@type\":\"CommentAction\",\"name\":\"Comment\",\"target\":[\"https:\/\/conversesacatalunya.cat\/es\/el-gran-descalabro-macintyre-y-la-carta-diogneto\/#respond\"]}]},{\"@type\":\"WebPage\",\"@id\":\"https:\/\/conversesacatalunya.cat\/es\/el-gran-descalabro-macintyre-y-la-carta-diogneto\/\",\"url\":\"https:\/\/conversesacatalunya.cat\/es\/el-gran-descalabro-macintyre-y-la-carta-diogneto\/\",\"name\":\"El gran descalabro, Macintyre y la carta Diogneto - Converses a Catalunya\",\"isPartOf\":{\"@id\":\"https:\/\/conversesacatalunya.cat\/#website\"},\"primaryImageOfPage\":{\"@id\":\"https:\/\/conversesacatalunya.cat\/es\/el-gran-descalabro-macintyre-y-la-carta-diogneto\/#primaryimage\"},\"image\":{\"@id\":\"https:\/\/conversesacatalunya.cat\/es\/el-gran-descalabro-macintyre-y-la-carta-diogneto\/#primaryimage\"},\"thumbnailUrl\":\"https:\/\/conversesacatalunya.cat\/wp-content\/uploads\/2025\/07\/IMG-20250630-WA0003.jpg\",\"datePublished\":\"2025-07-08T03:44:50+00:00\",\"dateModified\":\"2025-07-08T04:03:48+00:00\",\"author\":{\"@id\":\"https:\/\/conversesacatalunya.cat\/#\/schema\/person\/158977e8a6f4c10be20fb1e30375371b\"},\"description\":\"\u00bfAislamiento de la sociedad para recuperar la esencia de la vida cristiana? M\u00e1s bien el modelo a seguir es la Carta en Diogneto del siglo II\",\"breadcrumb\":{\"@id\":\"https:\/\/conversesacatalunya.cat\/es\/el-gran-descalabro-macintyre-y-la-carta-diogneto\/#breadcrumb\"},\"inLanguage\":\"es\",\"potentialAction\":[{\"@type\":\"ReadAction\",\"target\":[\"https:\/\/conversesacatalunya.cat\/es\/el-gran-descalabro-macintyre-y-la-carta-diogneto\/\"]}]},{\"@type\":\"ImageObject\",\"inLanguage\":\"es\",\"@id\":\"https:\/\/conversesacatalunya.cat\/es\/el-gran-descalabro-macintyre-y-la-carta-diogneto\/#primaryimage\",\"url\":\"https:\/\/conversesacatalunya.cat\/wp-content\/uploads\/2025\/07\/IMG-20250630-WA0003.jpg\",\"contentUrl\":\"https:\/\/conversesacatalunya.cat\/wp-content\/uploads\/2025\/07\/IMG-20250630-WA0003.jpg\",\"width\":1600,\"height\":1204,\"caption\":\"carta Diogneto\"},{\"@type\":\"BreadcrumbList\",\"@id\":\"https:\/\/conversesacatalunya.cat\/es\/el-gran-descalabro-macintyre-y-la-carta-diogneto\/#breadcrumb\",\"itemListElement\":[{\"@type\":\"ListItem\",\"position\":1,\"name\":\"Inici\",\"item\":\"https:\/\/conversesacatalunya.cat\/es\/\"},{\"@type\":\"ListItem\",\"position\":2,\"name\":\"El gran descalabro, Macintyre y la carta Diogneto\"}]},{\"@type\":\"WebSite\",\"@id\":\"https:\/\/conversesacatalunya.cat\/#website\",\"url\":\"https:\/\/conversesacatalunya.cat\/\",\"name\":\"Converses a Catalunya\",\"description\":\"\",\"potentialAction\":[{\"@type\":\"SearchAction\",\"target\":{\"@type\":\"EntryPoint\",\"urlTemplate\":\"https:\/\/conversesacatalunya.cat\/?s={search_term_string}\"},\"query-input\":{\"@type\":\"PropertyValueSpecification\",\"valueRequired\":true,\"valueName\":\"search_term_string\"}}],\"inLanguage\":\"es\"},{\"@type\":\"Person\",\"@id\":\"https:\/\/conversesacatalunya.cat\/#\/schema\/person\/158977e8a6f4c10be20fb1e30375371b\",\"name\":\"Carles Ros Arpa\",\"image\":{\"@type\":\"ImageObject\",\"inLanguage\":\"es\",\"@id\":\"https:\/\/conversesacatalunya.cat\/#\/schema\/person\/image\/\",\"url\":\"https:\/\/conversesacatalunya.cat\/wp-content\/litespeed\/avatar\/ba530fe068c88283940054d0b5ea1f09.jpg?ver=1776771833\",\"contentUrl\":\"https:\/\/conversesacatalunya.cat\/wp-content\/litespeed\/avatar\/ba530fe068c88283940054d0b5ea1f09.jpg?ver=1776771833\",\"caption\":\"Carles Ros Arpa\"},\"url\":\"https:\/\/conversesacatalunya.cat\/es\/author\/carles-ros-arpa\/\"}]}<\/script>\n<!-- \/ Yoast SEO plugin. -->","yoast_head_json":{"title":"El gran descalabro, Macintyre y la carta Diogneto - Converses a Catalunya","description":"\u00bfAislamiento de la sociedad para recuperar la esencia de la vida cristiana? M\u00e1s bien el modelo a seguir es la Carta en Diogneto del siglo II","robots":{"index":"index","follow":"follow","max-snippet":"max-snippet:-1","max-image-preview":"max-image-preview:large","max-video-preview":"max-video-preview:-1"},"canonical":"https:\/\/conversesacatalunya.cat\/es\/el-gran-descalabro-macintyre-y-la-carta-diogneto\/","og_locale":"es_ES","og_type":"article","og_title":"El gran descalabro, Macintyre y la carta Diogneto - Converses a Catalunya","og_description":"\u00bfAislamiento de la sociedad para recuperar la esencia de la vida cristiana? M\u00e1s bien el modelo a seguir es la Carta en Diogneto del siglo II","og_url":"https:\/\/conversesacatalunya.cat\/es\/el-gran-descalabro-macintyre-y-la-carta-diogneto\/","og_site_name":"Converses a Catalunya","article_published_time":"2025-07-08T03:44:50+00:00","article_modified_time":"2025-07-08T04:03:48+00:00","og_image":[{"width":1600,"height":1204,"url":"https:\/\/conversesacatalunya.cat\/wp-content\/uploads\/2025\/07\/IMG-20250630-WA0003.jpg","type":"image\/jpeg"}],"author":"Carles Ros Arpa","twitter_card":"summary_large_image","twitter_misc":{"Escrito por":"Carles Ros Arpa","Tiempo de lectura":"5 minutos"},"schema":{"@context":"https:\/\/schema.org","@graph":[{"@type":"Article","@id":"https:\/\/conversesacatalunya.cat\/es\/el-gran-descalabro-macintyre-y-la-carta-diogneto\/#article","isPartOf":{"@id":"https:\/\/conversesacatalunya.cat\/es\/el-gran-descalabro-macintyre-y-la-carta-diogneto\/"},"author":{"name":"Carles Ros Arpa","@id":"https:\/\/conversesacatalunya.cat\/#\/schema\/person\/158977e8a6f4c10be20fb1e30375371b"},"headline":"El gran descalabro, Macintyre y la carta Diogneto","datePublished":"2025-07-08T03:44:50+00:00","dateModified":"2025-07-08T04:03:48+00:00","mainEntityOfPage":{"@id":"https:\/\/conversesacatalunya.cat\/es\/el-gran-descalabro-macintyre-y-la-carta-diogneto\/"},"wordCount":965,"commentCount":0,"image":{"@id":"https:\/\/conversesacatalunya.cat\/es\/el-gran-descalabro-macintyre-y-la-carta-diogneto\/#primaryimage"},"thumbnailUrl":"https:\/\/conversesacatalunya.cat\/wp-content\/uploads\/2025\/07\/IMG-20250630-WA0003.jpg","articleSection":["Veritas in caritate (ES)"],"inLanguage":"es","potentialAction":[{"@type":"CommentAction","name":"Comment","target":["https:\/\/conversesacatalunya.cat\/es\/el-gran-descalabro-macintyre-y-la-carta-diogneto\/#respond"]}]},{"@type":"WebPage","@id":"https:\/\/conversesacatalunya.cat\/es\/el-gran-descalabro-macintyre-y-la-carta-diogneto\/","url":"https:\/\/conversesacatalunya.cat\/es\/el-gran-descalabro-macintyre-y-la-carta-diogneto\/","name":"El gran descalabro, Macintyre y la carta Diogneto - Converses a Catalunya","isPartOf":{"@id":"https:\/\/conversesacatalunya.cat\/#website"},"primaryImageOfPage":{"@id":"https:\/\/conversesacatalunya.cat\/es\/el-gran-descalabro-macintyre-y-la-carta-diogneto\/#primaryimage"},"image":{"@id":"https:\/\/conversesacatalunya.cat\/es\/el-gran-descalabro-macintyre-y-la-carta-diogneto\/#primaryimage"},"thumbnailUrl":"https:\/\/conversesacatalunya.cat\/wp-content\/uploads\/2025\/07\/IMG-20250630-WA0003.jpg","datePublished":"2025-07-08T03:44:50+00:00","dateModified":"2025-07-08T04:03:48+00:00","author":{"@id":"https:\/\/conversesacatalunya.cat\/#\/schema\/person\/158977e8a6f4c10be20fb1e30375371b"},"description":"\u00bfAislamiento de la sociedad para recuperar la esencia de la vida cristiana? M\u00e1s bien el modelo a seguir es la Carta en Diogneto del siglo II","breadcrumb":{"@id":"https:\/\/conversesacatalunya.cat\/es\/el-gran-descalabro-macintyre-y-la-carta-diogneto\/#breadcrumb"},"inLanguage":"es","potentialAction":[{"@type":"ReadAction","target":["https:\/\/conversesacatalunya.cat\/es\/el-gran-descalabro-macintyre-y-la-carta-diogneto\/"]}]},{"@type":"ImageObject","inLanguage":"es","@id":"https:\/\/conversesacatalunya.cat\/es\/el-gran-descalabro-macintyre-y-la-carta-diogneto\/#primaryimage","url":"https:\/\/conversesacatalunya.cat\/wp-content\/uploads\/2025\/07\/IMG-20250630-WA0003.jpg","contentUrl":"https:\/\/conversesacatalunya.cat\/wp-content\/uploads\/2025\/07\/IMG-20250630-WA0003.jpg","width":1600,"height":1204,"caption":"carta Diogneto"},{"@type":"BreadcrumbList","@id":"https:\/\/conversesacatalunya.cat\/es\/el-gran-descalabro-macintyre-y-la-carta-diogneto\/#breadcrumb","itemListElement":[{"@type":"ListItem","position":1,"name":"Inici","item":"https:\/\/conversesacatalunya.cat\/es\/"},{"@type":"ListItem","position":2,"name":"El gran descalabro, Macintyre y la carta Diogneto"}]},{"@type":"WebSite","@id":"https:\/\/conversesacatalunya.cat\/#website","url":"https:\/\/conversesacatalunya.cat\/","name":"Converses a Catalunya","description":"","potentialAction":[{"@type":"SearchAction","target":{"@type":"EntryPoint","urlTemplate":"https:\/\/conversesacatalunya.cat\/?s={search_term_string}"},"query-input":{"@type":"PropertyValueSpecification","valueRequired":true,"valueName":"search_term_string"}}],"inLanguage":"es"},{"@type":"Person","@id":"https:\/\/conversesacatalunya.cat\/#\/schema\/person\/158977e8a6f4c10be20fb1e30375371b","name":"Carles Ros Arpa","image":{"@type":"ImageObject","inLanguage":"es","@id":"https:\/\/conversesacatalunya.cat\/#\/schema\/person\/image\/","url":"https:\/\/conversesacatalunya.cat\/wp-content\/litespeed\/avatar\/ba530fe068c88283940054d0b5ea1f09.jpg?ver=1776771833","contentUrl":"https:\/\/conversesacatalunya.cat\/wp-content\/litespeed\/avatar\/ba530fe068c88283940054d0b5ea1f09.jpg?ver=1776771833","caption":"Carles Ros Arpa"},"url":"https:\/\/conversesacatalunya.cat\/es\/author\/carles-ros-arpa\/"}]}},"wps_subtitle":"","_links":{"self":[{"href":"https:\/\/conversesacatalunya.cat\/es\/wp-json\/wp\/v2\/posts\/90119","targetHints":{"allow":["GET"]}}],"collection":[{"href":"https:\/\/conversesacatalunya.cat\/es\/wp-json\/wp\/v2\/posts"}],"about":[{"href":"https:\/\/conversesacatalunya.cat\/es\/wp-json\/wp\/v2\/types\/post"}],"author":[{"embeddable":true,"href":"https:\/\/conversesacatalunya.cat\/es\/wp-json\/wp\/v2\/users\/6"}],"replies":[{"embeddable":true,"href":"https:\/\/conversesacatalunya.cat\/es\/wp-json\/wp\/v2\/comments?post=90119"}],"version-history":[{"count":6,"href":"https:\/\/conversesacatalunya.cat\/es\/wp-json\/wp\/v2\/posts\/90119\/revisions"}],"predecessor-version":[{"id":90120,"href":"https:\/\/conversesacatalunya.cat\/es\/wp-json\/wp\/v2\/posts\/90119\/revisions\/90120"}],"wp:featuredmedia":[{"embeddable":true,"href":"https:\/\/conversesacatalunya.cat\/es\/wp-json\/wp\/v2\/media\/90044"}],"wp:attachment":[{"href":"https:\/\/conversesacatalunya.cat\/es\/wp-json\/wp\/v2\/media?parent=90119"}],"wp:term":[{"taxonomy":"category","embeddable":true,"href":"https:\/\/conversesacatalunya.cat\/es\/wp-json\/wp\/v2\/categories?post=90119"},{"taxonomy":"post_tag","embeddable":true,"href":"https:\/\/conversesacatalunya.cat\/es\/wp-json\/wp\/v2\/tags?post=90119"}],"curies":[{"name":"wp","href":"https:\/\/api.w.org\/{rel}","templated":true}]}}