{"id":90010,"date":"2025-07-04T12:05:28","date_gmt":"2025-07-04T10:05:28","guid":{"rendered":"https:\/\/conversesacatalunya.cat\/?p=90010"},"modified":"2025-07-04T12:22:32","modified_gmt":"2025-07-04T10:22:32","slug":"espana-al-limite-el-precio-de-un-gobierno-volcado-en-su-supervivencia","status":"publish","type":"post","link":"https:\/\/conversesacatalunya.cat\/es\/espana-al-limite-el-precio-de-un-gobierno-volcado-en-su-supervivencia\/","title":{"rendered":"Espa\u00f1a al l\u00edmite: el precio de un Gobierno volcado en su supervivencia"},"content":{"rendered":"<p>Cuando un gobierno gira su mirada solo hacia su propia supervivencia, los pilares del Estado comienzan a resquebrajarse. En Espa\u00f1a, bajo el liderazgo prolongado de Pedro S\u00e1nchez, el pa\u00eds empieza a mostrar s\u00edntomas graves de deterioro institucional. Los efectos no son abstractos. Se traducen en hospitales colapsados, trenes averiados, autopistas en ruinas y un <strong>apag\u00f3n nacional<\/strong> sin explicaci\u00f3n oficial clara.<\/p>\n<p>Porque aunque a menudo se minimice su papel, <strong>ministros, secretarios de Estado y asesores existen para algo m\u00e1s que gestionar titulares:<\/strong> para gobernar. Y cuando los responsables p\u00fablicos se distraen \u2014o son sencillamente incompetentes\u2014, las consecuencias son tangibles. Y catastr\u00f3ficas.<\/p>\n<h4><strong>Uno de los frentes m\u00e1s alarmantes es el de las infraestructuras p\u00fablicas.<\/strong><\/h4>\n<p>Seg\u00fan un estudio reciente de la Asociaci\u00f3n Espa\u00f1ola de la Carretera, <strong>m\u00e1s del 50% de las v\u00edas presenta un estado deficiente.<\/strong> En los \u00faltimos tres a\u00f1os, las carreteras gravemente deterioradas <strong>han aumentado un 161%<\/strong>, una cifra que no habla de estancamiento, sino de un proceso de degradaci\u00f3n acelerada. Se necesitar\u00edan m\u00e1s de 13.000 millones de euros para revertir la situaci\u00f3n. Solo en Catalu\u00f1a, la cifra ronda los 1.000 millones, en una comunidad con una de las densidades de tr\u00e1fico m\u00e1s altas del pa\u00eds.<\/p>\n<p>El deterioro no solo se paga en baches. Tambi\u00e9n en vidas. Carreteras mal conservadas incrementan el riesgo de accidentes, elevan el consumo de combustible y disparan la contaminaci\u00f3n. Pero lo m\u00e1s inquietante es el silencio administrativo: <strong>la denuncia no ha salido de los pasillos del Gobierno, sino de la sociedad civil.<\/strong><\/p>\n<p>El caos no se detiene ah\u00ed. El sistema ferroviario nacional, otrora orgullo de modernizaci\u00f3n, se encuentra al borde del colapso.<strong> Renfe, especialmente en Catalu\u00f1a, ha normalizado el desastre:<\/strong> trenes de cercan\u00edas que tardan m\u00e1s que hace 50 a\u00f1os, aver\u00edas cr\u00f3nicas, interrupciones constantes. La alta velocidad, considerada la joya tecnol\u00f3gica del pa\u00eds, tambi\u00e9n ha entrado en crisis. Viajeros atrapados durante horas en medio de la nada, sin agua ni aire acondicionado, no son an\u00e9cdotas aisladas, sino el s\u00edntoma de un sistema tensionado hasta el l\u00edmite.<\/p>\n<p><strong>Lo m\u00e1s grave es que todo esto era previsible<\/strong>. Desde 2021, ADIF monitorea los riesgos derivados de la liberalizaci\u00f3n del servicio ferroviario. Sus propios informes anticipaban lo que ahora sufrimos: <strong>una red saturada por la competencia entre Renfe, Iryo y Ouigo<\/strong>, sin una inversi\u00f3n paralela que garantizara fiabilidad.<\/p>\n<p><strong>En el aire<\/strong>, la situaci\u00f3n es algo mejor, pero no exenta de se\u00f1ales de alarma. Algunos aeropuertos muestran<strong> s\u00edntomas de saturaci\u00f3n<\/strong>. Y el contraste duele: se pretende que el turismo sea el salvavidas del PIB, pero se descuida la log\u00edstica que lo hace posible.<\/p>\n<blockquote><p><strong>Si dos \u00f3rganos interconectados no pueden ponerse de acuerdo ni para explicar un incidente nacional, \u00bfc\u00f3mo van a prevenir el siguiente?<\/strong><\/p><\/blockquote>\n<p>Y en el colmo del descontrol, <a href=\"https:\/\/conversesacatalunya.cat\/es\/apagon-nadie-es-responsable-ni-dimite-ni-es-cesado-ironia\/\" target=\"_blank\" rel=\"noopener\"><strong>el Gran \u00a0Apag\u00f3n<\/strong><\/a>. Durante horas, el pa\u00eds entero qued\u00f3 a oscuras. Hasta hoy, seguimos sin saber por qu\u00e9. La versi\u00f3n de la ministra de Transici\u00f3n Ecol\u00f3gica ha sido contradicha por la de Red El\u00e9ctrica, la empresa estatal encargada de la distribuci\u00f3n. Si dos \u00f3rganos interconectados no pueden ponerse de acuerdo ni para explicar un incidente nacional, \u00bfc\u00f3mo van a prevenir el siguiente?<\/p>\n<p>La sensaci\u00f3n de orfandad institucional es profunda. Lo p\u00fablico no se desmorona solo: se abandona. Y en Espa\u00f1a, tras m\u00e1s de siete a\u00f1os de gobierno,<strong> la falta de atenci\u00f3n ha dejado de ser una cr\u00edtica pol\u00edtica para convertirse en una certeza objetiva.<\/strong><\/p>\n<p>No se trata solo de incompetencia. Se trata de prioridades. Y cuando gobernar se convierte en un ejercicio de imagen y de estricta auto supervivencia, el pa\u00eds paga la factura.<\/p>\n<p>Ha \u00a0llegado el momento de que la ciudadan\u00eda vuelva a tener la palabra. Cuanto m\u00e1s tiempo trascurra sin disponer de un gobierno normal, m\u00e1s dura ser\u00e1 la ca\u00edda y m\u00e1s dif\u00edcil rehacerse.<\/p>\n<span class='bctt-click-to-tweet'><span class='bctt-ctt-text'><a href='https:\/\/twitter.com\/intent\/tweet?url=https%3A%2F%2Fconversesacatalunya.cat%2Fes%2Fespana-al-limite-el-precio-de-un-gobierno-volcado-en-su-supervivencia%2F&#038;text=Las%20carreteras%2C%20trenes%20y%20servicios%20p%C3%BAblicos%20se%20caen%20a%20pedazos.%20%C2%BFD%C3%B3nde%20est%C3%A1%20el%20Estado%3F%20%23Infraestructuras%20%23GobiernoS%C3%A1nchez%20%23Espa%C3%B1a&#038;via=conversesacat&#038;related=conversesacat' target='_blank'rel=\"noopener noreferrer\">Las carreteras, trenes y servicios p\u00fablicos se caen a pedazos. \u00bfD\u00f3nde est\u00e1 el Estado? #Infraestructuras #GobiernoS\u00e1nchez #Espa\u00f1a <\/a><\/span><a href='https:\/\/twitter.com\/intent\/tweet?url=https%3A%2F%2Fconversesacatalunya.cat%2Fes%2Fespana-al-limite-el-precio-de-un-gobierno-volcado-en-su-supervivencia%2F&#038;text=Las%20carreteras%2C%20trenes%20y%20servicios%20p%C3%BAblicos%20se%20caen%20a%20pedazos.%20%C2%BFD%C3%B3nde%20est%C3%A1%20el%20Estado%3F%20%23Infraestructuras%20%23GobiernoS%C3%A1nchez%20%23Espa%C3%B1a&#038;via=conversesacat&#038;related=conversesacat' target='_blank' class='bctt-ctt-btn'rel=\"noopener noreferrer\">Compartir en X<\/a><\/span>\n<div id=\"polls-290\" class=\"wp-polls\">\n\t<form id=\"polls_form_290\" class=\"wp-polls-form\" action=\"\/index.php\" method=\"post\">\n\t\t<p style=\"display: none;\"><input type=\"hidden\" id=\"poll_290_nonce\" name=\"wp-polls-nonce\" value=\"7384741791\" \/><\/p>\n\t\t<p style=\"display: none;\"><input type=\"hidden\" name=\"poll_id\" value=\"290\" \/><\/p>\n\t\t<p style=\"text-align: center\"><strong>Creus que l'entrada a pres\u00f3 provisional de Santos Cerd\u00e1n tindr\u00e0 conseq\u00fc\u00e8ncies dins del PSOE?<\/strong><\/p><div id=\"polls-290-ans\" class=\"wp-polls-ans\"><ul class=\"wp-polls-ul\">\n\t\t<li><input type=\"radio\" id=\"poll-answer-827\" name=\"poll_290\" value=\"827\" \/> <label for=\"poll-answer-827\">S\u00ed<\/label><\/li>\n\t\t<li><input type=\"radio\" id=\"poll-answer-828\" name=\"poll_290\" value=\"828\" \/> <label for=\"poll-answer-828\">No<\/label><\/li>\n\t\t<li><input type=\"radio\" id=\"poll-answer-829\" name=\"poll_290\" value=\"829\" \/> <label for=\"poll-answer-829\">No ho s\u00e9<\/label><\/li>\n\t\t<\/ul><p style=\"text-align: center\"><input type=\"button\" name=\"vote\" value=\"   Vota   \" class=\"Buttons\" onclick=\"poll_vote(290);\" \/><\/p><p style=\"text-align: center\"><a href=\"#ViewPollResults\" onclick=\"poll_result(290); return false;\" title=\"View Results Of This Poll\">Mira els resultats<\/a><\/p><\/div>\n\t<\/form>\n<\/div>\n<div id=\"polls-290-loading\" class=\"wp-polls-loading\"><img decoding=\"async\" data-src=\"https:\/\/conversesacatalunya.cat\/wp-content\/plugins\/wp-polls\/images\/loading.gif\" width=\"16\" height=\"16\" alt=\"Cargando ...\" title=\"Cargando ...\" class=\"wp-polls-image lazyload\" src=\"data:image\/svg+xml;base64,PHN2ZyB3aWR0aD0iMSIgaGVpZ2h0PSIxIiB4bWxucz0iaHR0cDovL3d3dy53My5vcmcvMjAwMC9zdmciPjwvc3ZnPg==\" style=\"--smush-placeholder-width: 16px; --smush-placeholder-aspect-ratio: 16\/16;\" \/>&nbsp;Cargando ...<\/div>\n\n","protected":false},"excerpt":{"rendered":"<p>Cuando un gobierno gira su mirada solo hacia su propia supervivencia, los pilares del Estado comienzan a resquebrajarse. En Espa\u00f1a, bajo el liderazgo prolongado de Pedro S\u00e1nchez, el pa\u00eds empieza a mostrar s\u00edntomas graves de deterioro institucional. Los efectos no son abstractos. Se traducen en hospitales colapsados, trenes averiados, autopistas en ruinas y un apag\u00f3n nacional sin explicaci\u00f3n oficial clara. Porque aunque a menudo se minimice su papel, ministros, secretarios de Estado y asesores existen para algo m\u00e1s que gestionar titulares: para gobernar. Y cuando los responsables p\u00fablicos se distraen \u2014o son sencillamente incompetentes\u2014, las consecuencias son tangibles. Y catastr\u00f3ficas. Uno de los frentes m\u00e1s alarmantes es el de las infraestructuras p\u00fablicas. Seg\u00fan un estudio reciente de la Asociaci\u00f3n Espa\u00f1ola de la Carretera, m\u00e1s del 50% de las v\u00edas presenta un estado deficiente. En los \u00faltimos tres a\u00f1os, las carreteras gravemente deterioradas han aumentado un 161%, una cifra que no habla de estancamiento, sino de un proceso de degradaci\u00f3n acelerada. Se necesitar\u00edan m\u00e1s de 13.000 millones de euros para revertir la situaci\u00f3n. Solo en Catalu\u00f1a, la cifra ronda los 1.000 millones, en una comunidad con una de las densidades de tr\u00e1fico m\u00e1s altas del pa\u00eds. El deterioro no solo se paga en baches. Tambi\u00e9n en vidas. Carreteras mal conservadas incrementan el riesgo de accidentes, elevan el consumo de combustible y disparan la contaminaci\u00f3n. Pero lo m\u00e1s inquietante es el silencio administrativo: la denuncia no ha salido de los pasillos del Gobierno, sino de la sociedad civil. El caos no se detiene ah\u00ed. El sistema ferroviario nacional, otrora orgullo de modernizaci\u00f3n, se encuentra al borde del colapso. Renfe, especialmente en Catalu\u00f1a, ha normalizado el desastre: trenes de cercan\u00edas que tardan m\u00e1s que hace 50 a\u00f1os, aver\u00edas cr\u00f3nicas, interrupciones constantes. La alta velocidad, considerada la joya tecnol\u00f3gica del pa\u00eds, tambi\u00e9n ha entrado en crisis. Viajeros atrapados durante horas en medio de la nada, sin agua ni aire acondicionado, no son an\u00e9cdotas aisladas, sino el s\u00edntoma de un sistema tensionado hasta el l\u00edmite. Lo m\u00e1s grave es que todo esto era previsible. Desde 2021, ADIF monitorea los riesgos derivados de la liberalizaci\u00f3n del servicio ferroviario. Sus propios informes anticipaban lo que ahora sufrimos: una red saturada por la competencia entre Renfe, Iryo y Ouigo, sin una inversi\u00f3n paralela que garantizara fiabilidad. En el aire, la situaci\u00f3n es algo mejor, pero no exenta de se\u00f1ales de alarma. Algunos aeropuertos muestran s\u00edntomas de saturaci\u00f3n. Y el contraste duele: se pretende que el turismo sea el salvavidas del PIB, pero se descuida la log\u00edstica que lo hace posible. Si dos \u00f3rganos interconectados no pueden ponerse de acuerdo ni para explicar un incidente nacional, \u00bfc\u00f3mo van a prevenir el siguiente? Y en el colmo del descontrol, el Gran \u00a0Apag\u00f3n. Durante horas, el pa\u00eds entero qued\u00f3 a oscuras. Hasta hoy, seguimos sin saber por qu\u00e9. La versi\u00f3n de la ministra de Transici\u00f3n Ecol\u00f3gica ha sido contradicha por la de Red El\u00e9ctrica, la empresa estatal encargada de la distribuci\u00f3n. Si dos \u00f3rganos interconectados no pueden ponerse de acuerdo ni para explicar un incidente nacional, \u00bfc\u00f3mo van a prevenir el siguiente? La sensaci\u00f3n de orfandad institucional es profunda. Lo p\u00fablico no se desmorona solo: se abandona. Y en Espa\u00f1a, tras m\u00e1s de siete a\u00f1os de gobierno, la falta de atenci\u00f3n ha dejado de ser una cr\u00edtica pol\u00edtica para convertirse en una certeza objetiva. No se trata solo de incompetencia. Se trata de prioridades. Y cuando gobernar se convierte en un ejercicio de imagen y de estricta auto supervivencia, el pa\u00eds paga la factura. Ha \u00a0llegado el momento de que la ciudadan\u00eda vuelva a tener la palabra. Cuanto m\u00e1s tiempo trascurra sin disponer de un gobierno normal, m\u00e1s dura ser\u00e1 la ca\u00edda y m\u00e1s dif\u00edcil rehacerse.<\/p>\n","protected":false},"author":77,"featured_media":90015,"comment_status":"open","ping_status":"open","sticky":false,"template":"","format":"standard","meta":{"_FSMCFIC_featured_image_caption":"","_FSMCFIC_featured_image_nocaption":"","_FSMCFIC_featured_image_hide":"","footnotes":""},"categories":[806],"tags":[4862],"class_list":["post-90010","post","type-post","status-publish","format-standard","has-post-thumbnail","hentry","category-punts-claus-del-dia-es","tag-infraestructuras"],"yoast_head":"<!-- This site is optimized with the Yoast SEO plugin v26.8 - https:\/\/yoast.com\/product\/yoast-seo-wordpress\/ -->\n<title>Espa\u00f1a al l\u00edmite: el precio de un Gobierno volcado en su supervivencia - Converses a Catalunya<\/title>\n<meta name=\"description\" content=\"Infraestructuras p\u00fablicas, m\u00e1s del 50% de las v\u00edas presenta un estado deficiente. Los \u00faltimos 3 a\u00f1os, las carreteras aumento deterioro 161%\" \/>\n<meta name=\"robots\" content=\"index, follow, max-snippet:-1, max-image-preview:large, max-video-preview:-1\" \/>\n<link rel=\"canonical\" href=\"https:\/\/conversesacatalunya.cat\/es\/espana-al-limite-el-precio-de-un-gobierno-volcado-en-su-supervivencia\/\" \/>\n<meta property=\"og:locale\" content=\"es_ES\" \/>\n<meta property=\"og:type\" content=\"article\" \/>\n<meta property=\"og:title\" content=\"Espa\u00f1a al l\u00edmite: el precio de un Gobierno volcado en su supervivencia - Converses a Catalunya\" \/>\n<meta property=\"og:description\" content=\"Infraestructuras p\u00fablicas, m\u00e1s del 50% de las v\u00edas presenta un estado deficiente. Los \u00faltimos 3 a\u00f1os, las carreteras aumento deterioro 161%\" \/>\n<meta property=\"og:url\" content=\"https:\/\/conversesacatalunya.cat\/es\/espana-al-limite-el-precio-de-un-gobierno-volcado-en-su-supervivencia\/\" \/>\n<meta property=\"og:site_name\" content=\"Converses a Catalunya\" \/>\n<meta property=\"article:published_time\" content=\"2025-07-04T10:05:28+00:00\" \/>\n<meta property=\"article:modified_time\" content=\"2025-07-04T10:22:32+00:00\" \/>\n<meta property=\"og:image\" content=\"https:\/\/conversesacatalunya.cat\/wp-content\/uploads\/2025\/07\/Imagen3.jpg\" \/>\n\t<meta property=\"og:image:width\" content=\"748\" \/>\n\t<meta property=\"og:image:height\" content=\"451\" \/>\n\t<meta property=\"og:image:type\" content=\"image\/jpeg\" \/>\n<meta name=\"author\" content=\"Enric Casanovas\" \/>\n<meta name=\"twitter:card\" content=\"summary_large_image\" \/>\n<meta name=\"twitter:label1\" content=\"Escrito por\" \/>\n\t<meta name=\"twitter:data1\" content=\"Enric Casanovas\" \/>\n\t<meta name=\"twitter:label2\" content=\"Tiempo de lectura\" \/>\n\t<meta name=\"twitter:data2\" content=\"4 minutos\" \/>\n<script type=\"application\/ld+json\" class=\"yoast-schema-graph\">{\"@context\":\"https:\/\/schema.org\",\"@graph\":[{\"@type\":\"Article\",\"@id\":\"https:\/\/conversesacatalunya.cat\/es\/espana-al-limite-el-precio-de-un-gobierno-volcado-en-su-supervivencia\/#article\",\"isPartOf\":{\"@id\":\"https:\/\/conversesacatalunya.cat\/es\/espana-al-limite-el-precio-de-un-gobierno-volcado-en-su-supervivencia\/\"},\"author\":{\"name\":\"Enric Casanovas\",\"@id\":\"https:\/\/conversesacatalunya.cat\/#\/schema\/person\/79bd0577b2f3afc8d6519d207c6e8609\"},\"headline\":\"Espa\u00f1a al l\u00edmite: el precio de un Gobierno volcado en su supervivencia\",\"datePublished\":\"2025-07-04T10:05:28+00:00\",\"dateModified\":\"2025-07-04T10:22:32+00:00\",\"mainEntityOfPage\":{\"@id\":\"https:\/\/conversesacatalunya.cat\/es\/espana-al-limite-el-precio-de-un-gobierno-volcado-en-su-supervivencia\/\"},\"wordCount\":723,\"commentCount\":0,\"image\":{\"@id\":\"https:\/\/conversesacatalunya.cat\/es\/espana-al-limite-el-precio-de-un-gobierno-volcado-en-su-supervivencia\/#primaryimage\"},\"thumbnailUrl\":\"https:\/\/conversesacatalunya.cat\/wp-content\/uploads\/2025\/07\/Imagen3.jpg\",\"keywords\":[\"infraestructuras\"],\"articleSection\":[\"Punts clau del dia (ES)\"],\"inLanguage\":\"es\",\"potentialAction\":[{\"@type\":\"CommentAction\",\"name\":\"Comment\",\"target\":[\"https:\/\/conversesacatalunya.cat\/es\/espana-al-limite-el-precio-de-un-gobierno-volcado-en-su-supervivencia\/#respond\"]}]},{\"@type\":\"WebPage\",\"@id\":\"https:\/\/conversesacatalunya.cat\/es\/espana-al-limite-el-precio-de-un-gobierno-volcado-en-su-supervivencia\/\",\"url\":\"https:\/\/conversesacatalunya.cat\/es\/espana-al-limite-el-precio-de-un-gobierno-volcado-en-su-supervivencia\/\",\"name\":\"Espa\u00f1a al l\u00edmite: el precio de un Gobierno volcado en su supervivencia - Converses a Catalunya\",\"isPartOf\":{\"@id\":\"https:\/\/conversesacatalunya.cat\/#website\"},\"primaryImageOfPage\":{\"@id\":\"https:\/\/conversesacatalunya.cat\/es\/espana-al-limite-el-precio-de-un-gobierno-volcado-en-su-supervivencia\/#primaryimage\"},\"image\":{\"@id\":\"https:\/\/conversesacatalunya.cat\/es\/espana-al-limite-el-precio-de-un-gobierno-volcado-en-su-supervivencia\/#primaryimage\"},\"thumbnailUrl\":\"https:\/\/conversesacatalunya.cat\/wp-content\/uploads\/2025\/07\/Imagen3.jpg\",\"datePublished\":\"2025-07-04T10:05:28+00:00\",\"dateModified\":\"2025-07-04T10:22:32+00:00\",\"author\":{\"@id\":\"https:\/\/conversesacatalunya.cat\/#\/schema\/person\/79bd0577b2f3afc8d6519d207c6e8609\"},\"description\":\"Infraestructuras p\u00fablicas, m\u00e1s del 50% de las v\u00edas presenta un estado deficiente. Los \u00faltimos 3 a\u00f1os, las carreteras aumento deterioro 161%\",\"breadcrumb\":{\"@id\":\"https:\/\/conversesacatalunya.cat\/es\/espana-al-limite-el-precio-de-un-gobierno-volcado-en-su-supervivencia\/#breadcrumb\"},\"inLanguage\":\"es\",\"potentialAction\":[{\"@type\":\"ReadAction\",\"target\":[\"https:\/\/conversesacatalunya.cat\/es\/espana-al-limite-el-precio-de-un-gobierno-volcado-en-su-supervivencia\/\"]}]},{\"@type\":\"ImageObject\",\"inLanguage\":\"es\",\"@id\":\"https:\/\/conversesacatalunya.cat\/es\/espana-al-limite-el-precio-de-un-gobierno-volcado-en-su-supervivencia\/#primaryimage\",\"url\":\"https:\/\/conversesacatalunya.cat\/wp-content\/uploads\/2025\/07\/Imagen3.jpg\",\"contentUrl\":\"https:\/\/conversesacatalunya.cat\/wp-content\/uploads\/2025\/07\/Imagen3.jpg\",\"width\":748,\"height\":451,\"caption\":\"infraestructuras p\u00fablicas\"},{\"@type\":\"BreadcrumbList\",\"@id\":\"https:\/\/conversesacatalunya.cat\/es\/espana-al-limite-el-precio-de-un-gobierno-volcado-en-su-supervivencia\/#breadcrumb\",\"itemListElement\":[{\"@type\":\"ListItem\",\"position\":1,\"name\":\"Inici\",\"item\":\"https:\/\/conversesacatalunya.cat\/es\/\"},{\"@type\":\"ListItem\",\"position\":2,\"name\":\"Espa\u00f1a al l\u00edmite: el precio de un Gobierno volcado en su supervivencia\"}]},{\"@type\":\"WebSite\",\"@id\":\"https:\/\/conversesacatalunya.cat\/#website\",\"url\":\"https:\/\/conversesacatalunya.cat\/\",\"name\":\"Converses a Catalunya\",\"description\":\"\",\"potentialAction\":[{\"@type\":\"SearchAction\",\"target\":{\"@type\":\"EntryPoint\",\"urlTemplate\":\"https:\/\/conversesacatalunya.cat\/?s={search_term_string}\"},\"query-input\":{\"@type\":\"PropertyValueSpecification\",\"valueRequired\":true,\"valueName\":\"search_term_string\"}}],\"inLanguage\":\"es\"},{\"@type\":\"Person\",\"@id\":\"https:\/\/conversesacatalunya.cat\/#\/schema\/person\/79bd0577b2f3afc8d6519d207c6e8609\",\"name\":\"Enric Casanovas\",\"image\":{\"@type\":\"ImageObject\",\"inLanguage\":\"es\",\"@id\":\"https:\/\/conversesacatalunya.cat\/#\/schema\/person\/image\/\",\"url\":\"https:\/\/conversesacatalunya.cat\/wp-content\/litespeed\/avatar\/7ae4379ad4421ec77820e92afd36dd78.jpg?ver=1777373933\",\"contentUrl\":\"https:\/\/conversesacatalunya.cat\/wp-content\/litespeed\/avatar\/7ae4379ad4421ec77820e92afd36dd78.jpg?ver=1777373933\",\"caption\":\"Enric Casanovas\"},\"url\":\"https:\/\/conversesacatalunya.cat\/es\/author\/enric-casanovas\/\"}]}<\/script>\n<!-- \/ Yoast SEO plugin. -->","yoast_head_json":{"title":"Espa\u00f1a al l\u00edmite: el precio de un Gobierno volcado en su supervivencia - Converses a Catalunya","description":"Infraestructuras p\u00fablicas, m\u00e1s del 50% de las v\u00edas presenta un estado deficiente. Los \u00faltimos 3 a\u00f1os, las carreteras aumento deterioro 161%","robots":{"index":"index","follow":"follow","max-snippet":"max-snippet:-1","max-image-preview":"max-image-preview:large","max-video-preview":"max-video-preview:-1"},"canonical":"https:\/\/conversesacatalunya.cat\/es\/espana-al-limite-el-precio-de-un-gobierno-volcado-en-su-supervivencia\/","og_locale":"es_ES","og_type":"article","og_title":"Espa\u00f1a al l\u00edmite: el precio de un Gobierno volcado en su supervivencia - Converses a Catalunya","og_description":"Infraestructuras p\u00fablicas, m\u00e1s del 50% de las v\u00edas presenta un estado deficiente. Los \u00faltimos 3 a\u00f1os, las carreteras aumento deterioro 161%","og_url":"https:\/\/conversesacatalunya.cat\/es\/espana-al-limite-el-precio-de-un-gobierno-volcado-en-su-supervivencia\/","og_site_name":"Converses a Catalunya","article_published_time":"2025-07-04T10:05:28+00:00","article_modified_time":"2025-07-04T10:22:32+00:00","og_image":[{"width":748,"height":451,"url":"https:\/\/conversesacatalunya.cat\/wp-content\/uploads\/2025\/07\/Imagen3.jpg","type":"image\/jpeg"}],"author":"Enric Casanovas","twitter_card":"summary_large_image","twitter_misc":{"Escrito por":"Enric Casanovas","Tiempo de lectura":"4 minutos"},"schema":{"@context":"https:\/\/schema.org","@graph":[{"@type":"Article","@id":"https:\/\/conversesacatalunya.cat\/es\/espana-al-limite-el-precio-de-un-gobierno-volcado-en-su-supervivencia\/#article","isPartOf":{"@id":"https:\/\/conversesacatalunya.cat\/es\/espana-al-limite-el-precio-de-un-gobierno-volcado-en-su-supervivencia\/"},"author":{"name":"Enric Casanovas","@id":"https:\/\/conversesacatalunya.cat\/#\/schema\/person\/79bd0577b2f3afc8d6519d207c6e8609"},"headline":"Espa\u00f1a al l\u00edmite: el precio de un Gobierno volcado en su supervivencia","datePublished":"2025-07-04T10:05:28+00:00","dateModified":"2025-07-04T10:22:32+00:00","mainEntityOfPage":{"@id":"https:\/\/conversesacatalunya.cat\/es\/espana-al-limite-el-precio-de-un-gobierno-volcado-en-su-supervivencia\/"},"wordCount":723,"commentCount":0,"image":{"@id":"https:\/\/conversesacatalunya.cat\/es\/espana-al-limite-el-precio-de-un-gobierno-volcado-en-su-supervivencia\/#primaryimage"},"thumbnailUrl":"https:\/\/conversesacatalunya.cat\/wp-content\/uploads\/2025\/07\/Imagen3.jpg","keywords":["infraestructuras"],"articleSection":["Punts clau del dia (ES)"],"inLanguage":"es","potentialAction":[{"@type":"CommentAction","name":"Comment","target":["https:\/\/conversesacatalunya.cat\/es\/espana-al-limite-el-precio-de-un-gobierno-volcado-en-su-supervivencia\/#respond"]}]},{"@type":"WebPage","@id":"https:\/\/conversesacatalunya.cat\/es\/espana-al-limite-el-precio-de-un-gobierno-volcado-en-su-supervivencia\/","url":"https:\/\/conversesacatalunya.cat\/es\/espana-al-limite-el-precio-de-un-gobierno-volcado-en-su-supervivencia\/","name":"Espa\u00f1a al l\u00edmite: el precio de un Gobierno volcado en su supervivencia - Converses a Catalunya","isPartOf":{"@id":"https:\/\/conversesacatalunya.cat\/#website"},"primaryImageOfPage":{"@id":"https:\/\/conversesacatalunya.cat\/es\/espana-al-limite-el-precio-de-un-gobierno-volcado-en-su-supervivencia\/#primaryimage"},"image":{"@id":"https:\/\/conversesacatalunya.cat\/es\/espana-al-limite-el-precio-de-un-gobierno-volcado-en-su-supervivencia\/#primaryimage"},"thumbnailUrl":"https:\/\/conversesacatalunya.cat\/wp-content\/uploads\/2025\/07\/Imagen3.jpg","datePublished":"2025-07-04T10:05:28+00:00","dateModified":"2025-07-04T10:22:32+00:00","author":{"@id":"https:\/\/conversesacatalunya.cat\/#\/schema\/person\/79bd0577b2f3afc8d6519d207c6e8609"},"description":"Infraestructuras p\u00fablicas, m\u00e1s del 50% de las v\u00edas presenta un estado deficiente. Los \u00faltimos 3 a\u00f1os, las carreteras aumento deterioro 161%","breadcrumb":{"@id":"https:\/\/conversesacatalunya.cat\/es\/espana-al-limite-el-precio-de-un-gobierno-volcado-en-su-supervivencia\/#breadcrumb"},"inLanguage":"es","potentialAction":[{"@type":"ReadAction","target":["https:\/\/conversesacatalunya.cat\/es\/espana-al-limite-el-precio-de-un-gobierno-volcado-en-su-supervivencia\/"]}]},{"@type":"ImageObject","inLanguage":"es","@id":"https:\/\/conversesacatalunya.cat\/es\/espana-al-limite-el-precio-de-un-gobierno-volcado-en-su-supervivencia\/#primaryimage","url":"https:\/\/conversesacatalunya.cat\/wp-content\/uploads\/2025\/07\/Imagen3.jpg","contentUrl":"https:\/\/conversesacatalunya.cat\/wp-content\/uploads\/2025\/07\/Imagen3.jpg","width":748,"height":451,"caption":"infraestructuras p\u00fablicas"},{"@type":"BreadcrumbList","@id":"https:\/\/conversesacatalunya.cat\/es\/espana-al-limite-el-precio-de-un-gobierno-volcado-en-su-supervivencia\/#breadcrumb","itemListElement":[{"@type":"ListItem","position":1,"name":"Inici","item":"https:\/\/conversesacatalunya.cat\/es\/"},{"@type":"ListItem","position":2,"name":"Espa\u00f1a al l\u00edmite: el precio de un Gobierno volcado en su supervivencia"}]},{"@type":"WebSite","@id":"https:\/\/conversesacatalunya.cat\/#website","url":"https:\/\/conversesacatalunya.cat\/","name":"Converses a Catalunya","description":"","potentialAction":[{"@type":"SearchAction","target":{"@type":"EntryPoint","urlTemplate":"https:\/\/conversesacatalunya.cat\/?s={search_term_string}"},"query-input":{"@type":"PropertyValueSpecification","valueRequired":true,"valueName":"search_term_string"}}],"inLanguage":"es"},{"@type":"Person","@id":"https:\/\/conversesacatalunya.cat\/#\/schema\/person\/79bd0577b2f3afc8d6519d207c6e8609","name":"Enric Casanovas","image":{"@type":"ImageObject","inLanguage":"es","@id":"https:\/\/conversesacatalunya.cat\/#\/schema\/person\/image\/","url":"https:\/\/conversesacatalunya.cat\/wp-content\/litespeed\/avatar\/7ae4379ad4421ec77820e92afd36dd78.jpg?ver=1777373933","contentUrl":"https:\/\/conversesacatalunya.cat\/wp-content\/litespeed\/avatar\/7ae4379ad4421ec77820e92afd36dd78.jpg?ver=1777373933","caption":"Enric Casanovas"},"url":"https:\/\/conversesacatalunya.cat\/es\/author\/enric-casanovas\/"}]}},"wps_subtitle":"Desde 2021, ADIF monitorea los riesgos derivados de la liberalizaci\u00f3n del servicio ferroviario. Sus propios informes anticipaban lo que ahora sufrimos: una red saturada por la competencia entre Renfe, Iryo y Ouigo, sin una inversi\u00f3n paralela que garantizara fiabilidad.","_links":{"self":[{"href":"https:\/\/conversesacatalunya.cat\/es\/wp-json\/wp\/v2\/posts\/90010","targetHints":{"allow":["GET"]}}],"collection":[{"href":"https:\/\/conversesacatalunya.cat\/es\/wp-json\/wp\/v2\/posts"}],"about":[{"href":"https:\/\/conversesacatalunya.cat\/es\/wp-json\/wp\/v2\/types\/post"}],"author":[{"embeddable":true,"href":"https:\/\/conversesacatalunya.cat\/es\/wp-json\/wp\/v2\/users\/77"}],"replies":[{"embeddable":true,"href":"https:\/\/conversesacatalunya.cat\/es\/wp-json\/wp\/v2\/comments?post=90010"}],"version-history":[{"count":4,"href":"https:\/\/conversesacatalunya.cat\/es\/wp-json\/wp\/v2\/posts\/90010\/revisions"}],"predecessor-version":[{"id":90014,"href":"https:\/\/conversesacatalunya.cat\/es\/wp-json\/wp\/v2\/posts\/90010\/revisions\/90014"}],"wp:featuredmedia":[{"embeddable":true,"href":"https:\/\/conversesacatalunya.cat\/es\/wp-json\/wp\/v2\/media\/90015"}],"wp:attachment":[{"href":"https:\/\/conversesacatalunya.cat\/es\/wp-json\/wp\/v2\/media?parent=90010"}],"wp:term":[{"taxonomy":"category","embeddable":true,"href":"https:\/\/conversesacatalunya.cat\/es\/wp-json\/wp\/v2\/categories?post=90010"},{"taxonomy":"post_tag","embeddable":true,"href":"https:\/\/conversesacatalunya.cat\/es\/wp-json\/wp\/v2\/tags?post=90010"}],"curies":[{"name":"wp","href":"https:\/\/api.w.org\/{rel}","templated":true}]}}