{"id":89996,"date":"2025-07-04T10:32:53","date_gmt":"2025-07-04T08:32:53","guid":{"rendered":"https:\/\/conversesacatalunya.cat\/?p=89996"},"modified":"2025-07-04T10:55:58","modified_gmt":"2025-07-04T08:55:58","slug":"crisis-vivienda-espana-cataluna-2024","status":"publish","type":"post","link":"https:\/\/conversesacatalunya.cat\/es\/crisis-vivienda-espana-cataluna-2024\/","title":{"rendered":"Vivienda imposible: el precio de la incompetencia pol\u00edtica"},"content":{"rendered":"<p>En 2024, el precio medio de la vivienda en Espa\u00f1a ha alcanzado m\u00e1ximos hist\u00f3ricos. Seg\u00fan Idealista, el metro cuadrado se sit\u00faa en <strong>2.100 euros<\/strong>, lo que supone un incremento del <strong>38% respecto a 2015<\/strong>.<\/p>\n<p><strong>En Catalu\u00f1a, y especialmente en Barcelona<\/strong>, la situaci\u00f3n es a\u00fan m\u00e1s grave: el precio medio supera los <strong>4.000 euros\/m\u00b2 en algunos distritos<\/strong>, mientras que el alquiler medio en la ciudad ronda ya los <strong>1.200 euros mensuales<\/strong>.<\/p>\n<p>En este contexto, hablar de un \u00abproblema de acceso a la vivienda\u00bb es quedarse corto. Lo que vivimos es una emergencia estructural, largamente gestada por la inoperancia pol\u00edtica. En el a\u00f1o en curso la tendencia alcista no se ha reducido, por el contrario, continua. El da\u00f1o que todo esto produce, primero en las personas, las familias y despu\u00e9s en la econom\u00eda, es apabullante, abrumador<\/p>\n<p>La responsabilidad recae, principalmente, en unas Administraciones P\u00fablicas que, lejos de actuar con visi\u00f3n estrat\u00e9gica, han optado por una mezcla de inacci\u00f3n, regulaci\u00f3n ineficaz y criminalizaci\u00f3n del mercado.<\/p>\n<p><strong>La Ley de Vivienda aprobada en 2023,<\/strong> por ejemplo, ha limitado los precios del alquiler en zonas tensionadas, pero <strong>sin acompa\u00f1ar la medida de una expansi\u00f3n de la oferta<\/strong>. El resultado ha sido el previsible: <strong>muchos propietarios han retirado pisos del mercado<\/strong> y la tensi\u00f3n ha aumentado.<\/p>\n<p>Los m\u00e1s perjudicados son los que se presentan al \u201ccasting\u201d en lo que se ha convertido alquilar un piso, con menos ingresos, menos recursos econ\u00f3micos. <strong>La medida ha perjudicado a los m\u00e1s d\u00e9biles econ\u00f3micamente<\/strong>. Suerte que es un gobierno progresista quien aplica tal medida, que expresa muy bien los delirios de la ideolog\u00eda, porque era obvio que eso iba a ocurrir, bastaba con leer sobre el tema para entenderlo.<\/p>\n<blockquote><p><strong>En siete a\u00f1os de gobierno, Pedro S\u00e1nchez no ha puesto en marcha un plan ambicioso de vivienda p\u00fablica.<\/strong><\/p><\/blockquote>\n<p>Pero este problema no es nuevo. Tras la Guerra Civil y durante la posguerra, la vivienda fue un asunto de Estado. Hoy, sin embargo, las prioridades parecen otras. <strong>En siete a\u00f1os de gobierno, <a href=\"https:\/\/conversesacatalunya.cat\/es\/sanchez-discursos-ante-la-cruda-realidad-de-la-vivienda-cataluna\/\" target=\"_blank\" rel=\"noopener\">Pedro S\u00e1nchez<\/a> no ha puesto en marcha un plan ambicioso de vivienda p\u00fablica. <\/strong><\/p>\n<p>El porcentaje de vivienda social en Espa\u00f1a es del <strong>2,5% del parque total<\/strong>, mientras que en pa\u00edses como Pa\u00edses Bajos o Austria supera el <strong>15%<\/strong>. Y en Catalu\u00f1a la cifra es a\u00fan m\u00e1s baja: <strong>apenas un 1,5%<\/strong>. <strong>S\u00e1nchez lleva siete a\u00f1os gobernando, siete<\/strong>, ha tenido tiempo de actuar en esto y mucho m\u00e1s; la inacci\u00f3n con las viviendas de la SAREB, el banco malo p\u00fablico que acumula el mayor stock de vivienda de Espa\u00f1a, es de juzgado de guardia.<\/p>\n<p>Mientras tanto, la narrativa p\u00fablica ha girado hacia la estigmatizaci\u00f3n de cualquier actividad privada: reformar y revender un piso es \u00abespeculaci\u00f3n\u00bb, construir en nuevos suelos es \u00abgentrificaci\u00f3n\u00bb, y los inversores son vistos como enemigos del pueblo.<\/p>\n<p>Esta visi\u00f3n corta impide ver lo evidente: <strong>sin iniciativa privada no hay soluci\u00f3n posible<\/strong>, pero sin un marco institucional claro, tampoco. Y por si fuera poco, la <strong>okupaci\u00f3n<\/strong>\u00a0 ha resultado una pr\u00e1ctica protegida. Lo que ha hecho el gobierno en su incapacidad extrema- hay una ministra del ramo, que sigue y sigue, ves a saber por qu\u00e9- es trasladar una responsabilidad p\u00fablica al sector privado.<\/p>\n<blockquote><p><strong>la vivienda ha quedado atrapada entre el libre mercado y la hiperregulaci\u00f3n, sin estrategia global.<\/strong><\/p><\/blockquote>\n<p>La comparaci\u00f3n con otros sectores es reveladora. \u00bfPor qu\u00e9 no se especula con la sanidad o la educaci\u00f3n? <strong>Porque el Estado cubre la mayor parte de la oferta.<\/strong> Y por consiguiente act\u00faa como un gran regulador del precio. Si se aplicaran las mismas reglas que rigen el mercado de la vivienda, una consulta m\u00e9dica costar\u00eda cientos de euros y una plaza escolar ser\u00eda un bien muy caro. En cambio, la vivienda ha quedado atrapada entre el libre mercado y la hiperregulaci\u00f3n, sin estrategia global.<\/p>\n<p>La ra\u00edz del problema es doble: <strong>el suelo y la planificaci\u00f3n urbana<\/strong>. En Espa\u00f1a, urbanizar suelo es un proceso lento, caro y lleno de obst\u00e1culos administrativos. Solo los ayuntamientos pueden impulsar nuevos desarrollos urban\u00edsticos, pero muchos han optado por congelar planes por presi\u00f3n pol\u00edtica o falta de medios. La consecuencia es directa: <strong>la oferta de nueva vivienda ha ca\u00eddo en picado desde la burbuja de 2008<\/strong> y <strong>no se construyen m\u00e1s de 90.000 viviendas al a\u00f1o<\/strong>, cuando se necesitar\u00edan al menos <strong>150.000. Otras fuentes se\u00f1alan una cifra mayor<\/strong> solo para estabilizar el mercado.<\/p>\n<p>En Catalu\u00f1a, el Plan Territorial Sectorial de la Vivienda fija como objetivo la construcci\u00f3n de <strong>10.000 viviendas sociales anuales hasta 2040<\/strong>. Pero en 2023 <strong>no se alcanzaron ni 4.000<\/strong>, y muchas de ellas no est\u00e1n finalizadas. Esta brecha entre discurso y acci\u00f3n es un s\u00edntoma de un mal mayor: la falta de visi\u00f3n.<\/p>\n<p><strong>La soluci\u00f3n requiere un enfoque de gran escala, casi de econom\u00eda de guerra:<\/strong> liberar suelo, simplificar licencias, coordinar transporte p\u00fablico e incentivar la innovaci\u00f3n en m\u00e9todos constructivos.<\/p>\n<p>La industrializaci\u00f3n del sector \u2013con viviendas modulares, impresi\u00f3n 3D, materiales sostenibles\u2013 podr\u00eda reducir costes, acelerar los plazos y generar empleo de calidad. Todo esto, adem\u00e1s, impulsar\u00eda una transici\u00f3n verde desde el sector de la construcci\u00f3n, uno de los m\u00e1s emisores de CO\u2082. Y sobre todo planificar. La situaci\u00f3n requiere, si se desean resultados ya,\u00a0 una planificaci\u00f3n indicativa para el sector privado y coercitiva para el p\u00fablico y una autoridad que act\u00fae sobre los diversos sujetos y donde todos est\u00e9n reasentados.<\/p>\n<p>Lo que est\u00e1 en juego no es solo el derecho a un hogar, sino una <strong>enorme oportunidad de regeneraci\u00f3n econ\u00f3mica<\/strong>. La vivienda, si se gestiona con inteligencia, puede ser el motor de un nuevo ciclo de crecimiento sostenible. Pero para ello hace falta lo que no abunda: planificaci\u00f3n, cooperaci\u00f3n p\u00fablico-privada y gobernantes que, m\u00e1s all\u00e1 del marketing, tengan una idea clara del pa\u00eds que quieren construir.<\/p>\n<p>Porque el verdadero drama no es solo que la vivienda est\u00e9 cara. El drama es que nadie parece estar construyendo una soluci\u00f3n.<\/p>\n<span class='bctt-click-to-tweet'><span class='bctt-ctt-text'><a href='https:\/\/twitter.com\/intent\/tweet?url=https%3A%2F%2Fconversesacatalunya.cat%2Fes%2Fcrisis-vivienda-espana-cataluna-2024%2F&#038;text=%F0%9F%8F%98%EF%B8%8F%20%C2%BFPor%20qu%C3%A9%20en%20Espa%C3%B1a%20es%20m%C3%A1s%20f%C3%A1cil%20especular%20con%20viviendas%20que%20construirlas%3F%20La%20respuesta%20est%C3%A1%20en%20los%20gobiernos.%20%23Vivienda%20%23CrisisHabitacional%20%23Espa%C3%B1a2024&#038;via=conversesacat&#038;related=conversesacat' target='_blank'rel=\"noopener noreferrer\">\ud83c\udfd8\ufe0f \u00bfPor qu\u00e9 en Espa\u00f1a es m\u00e1s f\u00e1cil especular con viviendas que construirlas? La respuesta est\u00e1 en los gobiernos. #Vivienda #CrisisHabitacional #Espa\u00f1a2024 <\/a><\/span><a href='https:\/\/twitter.com\/intent\/tweet?url=https%3A%2F%2Fconversesacatalunya.cat%2Fes%2Fcrisis-vivienda-espana-cataluna-2024%2F&#038;text=%F0%9F%8F%98%EF%B8%8F%20%C2%BFPor%20qu%C3%A9%20en%20Espa%C3%B1a%20es%20m%C3%A1s%20f%C3%A1cil%20especular%20con%20viviendas%20que%20construirlas%3F%20La%20respuesta%20est%C3%A1%20en%20los%20gobiernos.%20%23Vivienda%20%23CrisisHabitacional%20%23Espa%C3%B1a2024&#038;via=conversesacat&#038;related=conversesacat' target='_blank' class='bctt-ctt-btn'rel=\"noopener noreferrer\">Compartir en X<\/a><\/span>\n<div id=\"polls-290\" class=\"wp-polls\">\n\t<form id=\"polls_form_290\" class=\"wp-polls-form\" action=\"\/index.php\" method=\"post\">\n\t\t<p style=\"display: none;\"><input type=\"hidden\" id=\"poll_290_nonce\" name=\"wp-polls-nonce\" value=\"25c1add134\" \/><\/p>\n\t\t<p style=\"display: none;\"><input type=\"hidden\" name=\"poll_id\" value=\"290\" \/><\/p>\n\t\t<p style=\"text-align: center\"><strong>Creus que l'entrada a pres\u00f3 provisional de Santos Cerd\u00e1n tindr\u00e0 conseq\u00fc\u00e8ncies dins del PSOE?<\/strong><\/p><div id=\"polls-290-ans\" class=\"wp-polls-ans\"><ul class=\"wp-polls-ul\">\n\t\t<li><input type=\"radio\" id=\"poll-answer-827\" name=\"poll_290\" value=\"827\" \/> <label for=\"poll-answer-827\">S\u00ed<\/label><\/li>\n\t\t<li><input type=\"radio\" id=\"poll-answer-828\" name=\"poll_290\" value=\"828\" \/> <label for=\"poll-answer-828\">No<\/label><\/li>\n\t\t<li><input type=\"radio\" id=\"poll-answer-829\" name=\"poll_290\" value=\"829\" \/> <label for=\"poll-answer-829\">No ho s\u00e9<\/label><\/li>\n\t\t<\/ul><p style=\"text-align: center\"><input type=\"button\" name=\"vote\" value=\"   Vota   \" class=\"Buttons\" onclick=\"poll_vote(290);\" \/><\/p><p style=\"text-align: center\"><a href=\"#ViewPollResults\" onclick=\"poll_result(290); return false;\" title=\"View Results Of This Poll\">Mira els resultats<\/a><\/p><\/div>\n\t<\/form>\n<\/div>\n<div id=\"polls-290-loading\" class=\"wp-polls-loading\"><img decoding=\"async\" data-src=\"https:\/\/conversesacatalunya.cat\/wp-content\/plugins\/wp-polls\/images\/loading.gif\" width=\"16\" height=\"16\" alt=\"Cargando ...\" title=\"Cargando ...\" class=\"wp-polls-image lazyload\" src=\"data:image\/svg+xml;base64,PHN2ZyB3aWR0aD0iMSIgaGVpZ2h0PSIxIiB4bWxucz0iaHR0cDovL3d3dy53My5vcmcvMjAwMC9zdmciPjwvc3ZnPg==\" style=\"--smush-placeholder-width: 16px; --smush-placeholder-aspect-ratio: 16\/16;\" \/>&nbsp;Cargando ...<\/div>\n\n","protected":false},"excerpt":{"rendered":"<p>En 2024, el precio medio de la vivienda en Espa\u00f1a ha alcanzado m\u00e1ximos hist\u00f3ricos. Seg\u00fan Idealista, el metro cuadrado se sit\u00faa en 2.100 euros, lo que supone un incremento del 38% respecto a 2015. En Catalu\u00f1a, y especialmente en Barcelona, la situaci\u00f3n es a\u00fan m\u00e1s grave: el precio medio supera los 4.000 euros\/m\u00b2 en algunos distritos, mientras que el alquiler medio en la ciudad ronda ya los 1.200 euros mensuales. En este contexto, hablar de un \u00abproblema de acceso a la vivienda\u00bb es quedarse corto. Lo que vivimos es una emergencia estructural, largamente gestada por la inoperancia pol\u00edtica. En el a\u00f1o en curso la tendencia alcista no se ha reducido, por el contrario, continua. El da\u00f1o que todo esto produce, primero en las personas, las familias y despu\u00e9s en la econom\u00eda, es apabullante, abrumador La responsabilidad recae, principalmente, en unas Administraciones P\u00fablicas que, lejos de actuar con visi\u00f3n estrat\u00e9gica, han optado por una mezcla de inacci\u00f3n, regulaci\u00f3n ineficaz y criminalizaci\u00f3n del mercado. La Ley de Vivienda aprobada en 2023, por ejemplo, ha limitado los precios del alquiler en zonas tensionadas, pero sin acompa\u00f1ar la medida de una expansi\u00f3n de la oferta. El resultado ha sido el previsible: muchos propietarios han retirado pisos del mercado y la tensi\u00f3n ha aumentado. Los m\u00e1s perjudicados son los que se presentan al \u201ccasting\u201d en lo que se ha convertido alquilar un piso, con menos ingresos, menos recursos econ\u00f3micos. La medida ha perjudicado a los m\u00e1s d\u00e9biles econ\u00f3micamente. Suerte que es un gobierno progresista quien aplica tal medida, que expresa muy bien los delirios de la ideolog\u00eda, porque era obvio que eso iba a ocurrir, bastaba con leer sobre el tema para entenderlo. En siete a\u00f1os de gobierno, Pedro S\u00e1nchez no ha puesto en marcha un plan ambicioso de vivienda p\u00fablica. Pero este problema no es nuevo. Tras la Guerra Civil y durante la posguerra, la vivienda fue un asunto de Estado. Hoy, sin embargo, las prioridades parecen otras. En siete a\u00f1os de gobierno, Pedro S\u00e1nchez no ha puesto en marcha un plan ambicioso de vivienda p\u00fablica. El porcentaje de vivienda social en Espa\u00f1a es del 2,5% del parque total, mientras que en pa\u00edses como Pa\u00edses Bajos o Austria supera el 15%. Y en Catalu\u00f1a la cifra es a\u00fan m\u00e1s baja: apenas un 1,5%. S\u00e1nchez lleva siete a\u00f1os gobernando, siete, ha tenido tiempo de actuar en esto y mucho m\u00e1s; la inacci\u00f3n con las viviendas de la SAREB, el banco malo p\u00fablico que acumula el mayor stock de vivienda de Espa\u00f1a, es de juzgado de guardia. Mientras tanto, la narrativa p\u00fablica ha girado hacia la estigmatizaci\u00f3n de cualquier actividad privada: reformar y revender un piso es \u00abespeculaci\u00f3n\u00bb, construir en nuevos suelos es \u00abgentrificaci\u00f3n\u00bb, y los inversores son vistos como enemigos del pueblo. Esta visi\u00f3n corta impide ver lo evidente: sin iniciativa privada no hay soluci\u00f3n posible, pero sin un marco institucional claro, tampoco. Y por si fuera poco, la okupaci\u00f3n\u00a0 ha resultado una pr\u00e1ctica protegida. Lo que ha hecho el gobierno en su incapacidad extrema- hay una ministra del ramo, que sigue y sigue, ves a saber por qu\u00e9- es trasladar una responsabilidad p\u00fablica al sector privado. la vivienda ha quedado atrapada entre el libre mercado y la hiperregulaci\u00f3n, sin estrategia global. La comparaci\u00f3n con otros sectores es reveladora. \u00bfPor qu\u00e9 no se especula con la sanidad o la educaci\u00f3n? Porque el Estado cubre la mayor parte de la oferta. Y por consiguiente act\u00faa como un gran regulador del precio. Si se aplicaran las mismas reglas que rigen el mercado de la vivienda, una consulta m\u00e9dica costar\u00eda cientos de euros y una plaza escolar ser\u00eda un bien muy caro. En cambio, la vivienda ha quedado atrapada entre el libre mercado y la hiperregulaci\u00f3n, sin estrategia global. La ra\u00edz del problema es doble: el suelo y la planificaci\u00f3n urbana. En Espa\u00f1a, urbanizar suelo es un proceso lento, caro y lleno de obst\u00e1culos administrativos. Solo los ayuntamientos pueden impulsar nuevos desarrollos urban\u00edsticos, pero muchos han optado por congelar planes por presi\u00f3n pol\u00edtica o falta de medios. La consecuencia es directa: la oferta de nueva vivienda ha ca\u00eddo en picado desde la burbuja de 2008 y no se construyen m\u00e1s de 90.000 viviendas al a\u00f1o, cuando se necesitar\u00edan al menos 150.000. Otras fuentes se\u00f1alan una cifra mayor solo para estabilizar el mercado. En Catalu\u00f1a, el Plan Territorial Sectorial de la Vivienda fija como objetivo la construcci\u00f3n de 10.000 viviendas sociales anuales hasta 2040. Pero en 2023 no se alcanzaron ni 4.000, y muchas de ellas no est\u00e1n finalizadas. Esta brecha entre discurso y acci\u00f3n es un s\u00edntoma de un mal mayor: la falta de visi\u00f3n. La soluci\u00f3n requiere un enfoque de gran escala, casi de econom\u00eda de guerra: liberar suelo, simplificar licencias, coordinar transporte p\u00fablico e incentivar la innovaci\u00f3n en m\u00e9todos constructivos. La industrializaci\u00f3n del sector \u2013con viviendas modulares, impresi\u00f3n 3D, materiales sostenibles\u2013 podr\u00eda reducir costes, acelerar los plazos y generar empleo de calidad. Todo esto, adem\u00e1s, impulsar\u00eda una transici\u00f3n verde desde el sector de la construcci\u00f3n, uno de los m\u00e1s emisores de CO\u2082. Y sobre todo planificar. La situaci\u00f3n requiere, si se desean resultados ya,\u00a0 una planificaci\u00f3n indicativa para el sector privado y coercitiva para el p\u00fablico y una autoridad que act\u00fae sobre los diversos sujetos y donde todos est\u00e9n reasentados. Lo que est\u00e1 en juego no es solo el derecho a un hogar, sino una enorme oportunidad de regeneraci\u00f3n econ\u00f3mica. La vivienda, si se gestiona con inteligencia, puede ser el motor de un nuevo ciclo de crecimiento sostenible. Pero para ello hace falta lo que no abunda: planificaci\u00f3n, cooperaci\u00f3n p\u00fablico-privada y gobernantes que, m\u00e1s all\u00e1 del marketing, tengan una idea clara del pa\u00eds que quieren construir. Porque el verdadero drama no es solo que la vivienda est\u00e9 cara. El drama es que nadie parece estar construyendo una soluci\u00f3n.<\/p>\n","protected":false},"author":78,"featured_media":90003,"comment_status":"open","ping_status":"open","sticky":false,"template":"","format":"standard","meta":{"_FSMCFIC_featured_image_caption":"","_FSMCFIC_featured_image_nocaption":"","_FSMCFIC_featured_image_hide":"","footnotes":""},"categories":[806],"tags":[1037,2945,1035],"class_list":["post-89996","post","type-post","status-publish","format-standard","has-post-thumbnail","hentry","category-punts-claus-del-dia-es","tag-precios-alquiler","tag-precios-vivienda","tag-vivienda"],"yoast_head":"<!-- This site is optimized with the Yoast SEO plugin v26.8 - https:\/\/yoast.com\/product\/yoast-seo-wordpress\/ -->\n<title>Crisis de la vivienda en Espa\u00f1a. La incompetencia pol\u00edtica<\/title>\n<meta name=\"description\" content=\"Crisis de la vivienda en Espa\u00f1a. El acceso a ella se ha convertido en un problema estructural. Analizamos las causas reales.\" \/>\n<meta name=\"robots\" content=\"index, follow, max-snippet:-1, max-image-preview:large, max-video-preview:-1\" \/>\n<link rel=\"canonical\" href=\"https:\/\/conversesacatalunya.cat\/es\/crisis-vivienda-espana-cataluna-2024\/\" \/>\n<meta property=\"og:locale\" content=\"es_ES\" \/>\n<meta property=\"og:type\" content=\"article\" \/>\n<meta property=\"og:title\" content=\"Crisis de la vivienda en Espa\u00f1a. La incompetencia pol\u00edtica\" \/>\n<meta property=\"og:description\" content=\"Crisis de la vivienda en Espa\u00f1a. El acceso a ella se ha convertido en un problema estructural. Analizamos las causas reales.\" \/>\n<meta property=\"og:url\" content=\"https:\/\/conversesacatalunya.cat\/es\/crisis-vivienda-espana-cataluna-2024\/\" \/>\n<meta property=\"og:site_name\" content=\"Converses a Catalunya\" \/>\n<meta property=\"article:published_time\" content=\"2025-07-04T08:32:53+00:00\" \/>\n<meta property=\"article:modified_time\" content=\"2025-07-04T08:55:58+00:00\" \/>\n<meta property=\"og:image\" content=\"https:\/\/conversesacatalunya.cat\/wp-content\/uploads\/2025\/07\/Imagen2.jpg\" \/>\n\t<meta property=\"og:image:width\" content=\"567\" \/>\n\t<meta property=\"og:image:height\" content=\"378\" \/>\n\t<meta property=\"og:image:type\" content=\"image\/jpeg\" \/>\n<meta name=\"author\" content=\"Joan Masip\" \/>\n<meta name=\"twitter:card\" content=\"summary_large_image\" \/>\n<meta name=\"twitter:label1\" content=\"Escrito por\" \/>\n\t<meta name=\"twitter:data1\" content=\"Joan Masip\" \/>\n\t<meta name=\"twitter:label2\" content=\"Tiempo de lectura\" \/>\n\t<meta name=\"twitter:data2\" content=\"5 minutos\" \/>\n<script type=\"application\/ld+json\" class=\"yoast-schema-graph\">{\"@context\":\"https:\/\/schema.org\",\"@graph\":[{\"@type\":\"Article\",\"@id\":\"https:\/\/conversesacatalunya.cat\/es\/crisis-vivienda-espana-cataluna-2024\/#article\",\"isPartOf\":{\"@id\":\"https:\/\/conversesacatalunya.cat\/es\/crisis-vivienda-espana-cataluna-2024\/\"},\"author\":{\"name\":\"Joan Masip\",\"@id\":\"https:\/\/conversesacatalunya.cat\/#\/schema\/person\/311d0bf53def217d5124c78a7bc42275\"},\"headline\":\"Vivienda imposible: el precio de la incompetencia pol\u00edtica\",\"datePublished\":\"2025-07-04T08:32:53+00:00\",\"dateModified\":\"2025-07-04T08:55:58+00:00\",\"mainEntityOfPage\":{\"@id\":\"https:\/\/conversesacatalunya.cat\/es\/crisis-vivienda-espana-cataluna-2024\/\"},\"wordCount\":1095,\"commentCount\":0,\"image\":{\"@id\":\"https:\/\/conversesacatalunya.cat\/es\/crisis-vivienda-espana-cataluna-2024\/#primaryimage\"},\"thumbnailUrl\":\"https:\/\/conversesacatalunya.cat\/wp-content\/uploads\/2025\/07\/Imagen2.jpg\",\"keywords\":[\"Precios alquiler\",\"precios vivienda\",\"vivienda\"],\"articleSection\":[\"Punts clau del dia (ES)\"],\"inLanguage\":\"es\",\"potentialAction\":[{\"@type\":\"CommentAction\",\"name\":\"Comment\",\"target\":[\"https:\/\/conversesacatalunya.cat\/es\/crisis-vivienda-espana-cataluna-2024\/#respond\"]}]},{\"@type\":\"WebPage\",\"@id\":\"https:\/\/conversesacatalunya.cat\/es\/crisis-vivienda-espana-cataluna-2024\/\",\"url\":\"https:\/\/conversesacatalunya.cat\/es\/crisis-vivienda-espana-cataluna-2024\/\",\"name\":\"Crisis de la vivienda en Espa\u00f1a. La incompetencia pol\u00edtica\",\"isPartOf\":{\"@id\":\"https:\/\/conversesacatalunya.cat\/#website\"},\"primaryImageOfPage\":{\"@id\":\"https:\/\/conversesacatalunya.cat\/es\/crisis-vivienda-espana-cataluna-2024\/#primaryimage\"},\"image\":{\"@id\":\"https:\/\/conversesacatalunya.cat\/es\/crisis-vivienda-espana-cataluna-2024\/#primaryimage\"},\"thumbnailUrl\":\"https:\/\/conversesacatalunya.cat\/wp-content\/uploads\/2025\/07\/Imagen2.jpg\",\"datePublished\":\"2025-07-04T08:32:53+00:00\",\"dateModified\":\"2025-07-04T08:55:58+00:00\",\"author\":{\"@id\":\"https:\/\/conversesacatalunya.cat\/#\/schema\/person\/311d0bf53def217d5124c78a7bc42275\"},\"description\":\"Crisis de la vivienda en Espa\u00f1a. El acceso a ella se ha convertido en un problema estructural. Analizamos las causas reales.\",\"breadcrumb\":{\"@id\":\"https:\/\/conversesacatalunya.cat\/es\/crisis-vivienda-espana-cataluna-2024\/#breadcrumb\"},\"inLanguage\":\"es\",\"potentialAction\":[{\"@type\":\"ReadAction\",\"target\":[\"https:\/\/conversesacatalunya.cat\/es\/crisis-vivienda-espana-cataluna-2024\/\"]}]},{\"@type\":\"ImageObject\",\"inLanguage\":\"es\",\"@id\":\"https:\/\/conversesacatalunya.cat\/es\/crisis-vivienda-espana-cataluna-2024\/#primaryimage\",\"url\":\"https:\/\/conversesacatalunya.cat\/wp-content\/uploads\/2025\/07\/Imagen2.jpg\",\"contentUrl\":\"https:\/\/conversesacatalunya.cat\/wp-content\/uploads\/2025\/07\/Imagen2.jpg\",\"width\":567,\"height\":378,\"caption\":\"crisis vivienda en Espa\u00f1a\"},{\"@type\":\"BreadcrumbList\",\"@id\":\"https:\/\/conversesacatalunya.cat\/es\/crisis-vivienda-espana-cataluna-2024\/#breadcrumb\",\"itemListElement\":[{\"@type\":\"ListItem\",\"position\":1,\"name\":\"Inici\",\"item\":\"https:\/\/conversesacatalunya.cat\/es\/\"},{\"@type\":\"ListItem\",\"position\":2,\"name\":\"Vivienda imposible: el precio de la incompetencia pol\u00edtica\"}]},{\"@type\":\"WebSite\",\"@id\":\"https:\/\/conversesacatalunya.cat\/#website\",\"url\":\"https:\/\/conversesacatalunya.cat\/\",\"name\":\"Converses a Catalunya\",\"description\":\"\",\"potentialAction\":[{\"@type\":\"SearchAction\",\"target\":{\"@type\":\"EntryPoint\",\"urlTemplate\":\"https:\/\/conversesacatalunya.cat\/?s={search_term_string}\"},\"query-input\":{\"@type\":\"PropertyValueSpecification\",\"valueRequired\":true,\"valueName\":\"search_term_string\"}}],\"inLanguage\":\"es\"},{\"@type\":\"Person\",\"@id\":\"https:\/\/conversesacatalunya.cat\/#\/schema\/person\/311d0bf53def217d5124c78a7bc42275\",\"name\":\"Joan Masip\",\"image\":{\"@type\":\"ImageObject\",\"inLanguage\":\"es\",\"@id\":\"https:\/\/conversesacatalunya.cat\/#\/schema\/person\/image\/\",\"url\":\"https:\/\/conversesacatalunya.cat\/wp-content\/litespeed\/avatar\/fa67b994763cff7d443f54b63ec96481.jpg?ver=1776767678\",\"contentUrl\":\"https:\/\/conversesacatalunya.cat\/wp-content\/litespeed\/avatar\/fa67b994763cff7d443f54b63ec96481.jpg?ver=1776767678\",\"caption\":\"Joan Masip\"},\"url\":\"https:\/\/conversesacatalunya.cat\/es\/author\/joan-masip\/\"}]}<\/script>\n<!-- \/ Yoast SEO plugin. -->","yoast_head_json":{"title":"Crisis de la vivienda en Espa\u00f1a. La incompetencia pol\u00edtica","description":"Crisis de la vivienda en Espa\u00f1a. El acceso a ella se ha convertido en un problema estructural. Analizamos las causas reales.","robots":{"index":"index","follow":"follow","max-snippet":"max-snippet:-1","max-image-preview":"max-image-preview:large","max-video-preview":"max-video-preview:-1"},"canonical":"https:\/\/conversesacatalunya.cat\/es\/crisis-vivienda-espana-cataluna-2024\/","og_locale":"es_ES","og_type":"article","og_title":"Crisis de la vivienda en Espa\u00f1a. La incompetencia pol\u00edtica","og_description":"Crisis de la vivienda en Espa\u00f1a. El acceso a ella se ha convertido en un problema estructural. Analizamos las causas reales.","og_url":"https:\/\/conversesacatalunya.cat\/es\/crisis-vivienda-espana-cataluna-2024\/","og_site_name":"Converses a Catalunya","article_published_time":"2025-07-04T08:32:53+00:00","article_modified_time":"2025-07-04T08:55:58+00:00","og_image":[{"width":567,"height":378,"url":"https:\/\/conversesacatalunya.cat\/wp-content\/uploads\/2025\/07\/Imagen2.jpg","type":"image\/jpeg"}],"author":"Joan Masip","twitter_card":"summary_large_image","twitter_misc":{"Escrito por":"Joan Masip","Tiempo de lectura":"5 minutos"},"schema":{"@context":"https:\/\/schema.org","@graph":[{"@type":"Article","@id":"https:\/\/conversesacatalunya.cat\/es\/crisis-vivienda-espana-cataluna-2024\/#article","isPartOf":{"@id":"https:\/\/conversesacatalunya.cat\/es\/crisis-vivienda-espana-cataluna-2024\/"},"author":{"name":"Joan Masip","@id":"https:\/\/conversesacatalunya.cat\/#\/schema\/person\/311d0bf53def217d5124c78a7bc42275"},"headline":"Vivienda imposible: el precio de la incompetencia pol\u00edtica","datePublished":"2025-07-04T08:32:53+00:00","dateModified":"2025-07-04T08:55:58+00:00","mainEntityOfPage":{"@id":"https:\/\/conversesacatalunya.cat\/es\/crisis-vivienda-espana-cataluna-2024\/"},"wordCount":1095,"commentCount":0,"image":{"@id":"https:\/\/conversesacatalunya.cat\/es\/crisis-vivienda-espana-cataluna-2024\/#primaryimage"},"thumbnailUrl":"https:\/\/conversesacatalunya.cat\/wp-content\/uploads\/2025\/07\/Imagen2.jpg","keywords":["Precios alquiler","precios vivienda","vivienda"],"articleSection":["Punts clau del dia (ES)"],"inLanguage":"es","potentialAction":[{"@type":"CommentAction","name":"Comment","target":["https:\/\/conversesacatalunya.cat\/es\/crisis-vivienda-espana-cataluna-2024\/#respond"]}]},{"@type":"WebPage","@id":"https:\/\/conversesacatalunya.cat\/es\/crisis-vivienda-espana-cataluna-2024\/","url":"https:\/\/conversesacatalunya.cat\/es\/crisis-vivienda-espana-cataluna-2024\/","name":"Crisis de la vivienda en Espa\u00f1a. La incompetencia pol\u00edtica","isPartOf":{"@id":"https:\/\/conversesacatalunya.cat\/#website"},"primaryImageOfPage":{"@id":"https:\/\/conversesacatalunya.cat\/es\/crisis-vivienda-espana-cataluna-2024\/#primaryimage"},"image":{"@id":"https:\/\/conversesacatalunya.cat\/es\/crisis-vivienda-espana-cataluna-2024\/#primaryimage"},"thumbnailUrl":"https:\/\/conversesacatalunya.cat\/wp-content\/uploads\/2025\/07\/Imagen2.jpg","datePublished":"2025-07-04T08:32:53+00:00","dateModified":"2025-07-04T08:55:58+00:00","author":{"@id":"https:\/\/conversesacatalunya.cat\/#\/schema\/person\/311d0bf53def217d5124c78a7bc42275"},"description":"Crisis de la vivienda en Espa\u00f1a. El acceso a ella se ha convertido en un problema estructural. Analizamos las causas reales.","breadcrumb":{"@id":"https:\/\/conversesacatalunya.cat\/es\/crisis-vivienda-espana-cataluna-2024\/#breadcrumb"},"inLanguage":"es","potentialAction":[{"@type":"ReadAction","target":["https:\/\/conversesacatalunya.cat\/es\/crisis-vivienda-espana-cataluna-2024\/"]}]},{"@type":"ImageObject","inLanguage":"es","@id":"https:\/\/conversesacatalunya.cat\/es\/crisis-vivienda-espana-cataluna-2024\/#primaryimage","url":"https:\/\/conversesacatalunya.cat\/wp-content\/uploads\/2025\/07\/Imagen2.jpg","contentUrl":"https:\/\/conversesacatalunya.cat\/wp-content\/uploads\/2025\/07\/Imagen2.jpg","width":567,"height":378,"caption":"crisis vivienda en Espa\u00f1a"},{"@type":"BreadcrumbList","@id":"https:\/\/conversesacatalunya.cat\/es\/crisis-vivienda-espana-cataluna-2024\/#breadcrumb","itemListElement":[{"@type":"ListItem","position":1,"name":"Inici","item":"https:\/\/conversesacatalunya.cat\/es\/"},{"@type":"ListItem","position":2,"name":"Vivienda imposible: el precio de la incompetencia pol\u00edtica"}]},{"@type":"WebSite","@id":"https:\/\/conversesacatalunya.cat\/#website","url":"https:\/\/conversesacatalunya.cat\/","name":"Converses a Catalunya","description":"","potentialAction":[{"@type":"SearchAction","target":{"@type":"EntryPoint","urlTemplate":"https:\/\/conversesacatalunya.cat\/?s={search_term_string}"},"query-input":{"@type":"PropertyValueSpecification","valueRequired":true,"valueName":"search_term_string"}}],"inLanguage":"es"},{"@type":"Person","@id":"https:\/\/conversesacatalunya.cat\/#\/schema\/person\/311d0bf53def217d5124c78a7bc42275","name":"Joan Masip","image":{"@type":"ImageObject","inLanguage":"es","@id":"https:\/\/conversesacatalunya.cat\/#\/schema\/person\/image\/","url":"https:\/\/conversesacatalunya.cat\/wp-content\/litespeed\/avatar\/fa67b994763cff7d443f54b63ec96481.jpg?ver=1776767678","contentUrl":"https:\/\/conversesacatalunya.cat\/wp-content\/litespeed\/avatar\/fa67b994763cff7d443f54b63ec96481.jpg?ver=1776767678","caption":"Joan Masip"},"url":"https:\/\/conversesacatalunya.cat\/es\/author\/joan-masip\/"}]}},"wps_subtitle":"La Ley de Vivienda aprobada en 2023, por ejemplo, ha limitado los precios del alquiler en zonas tensionadas, pero sin acompa\u00f1ar la medida de una expansi\u00f3n de la oferta.","_links":{"self":[{"href":"https:\/\/conversesacatalunya.cat\/es\/wp-json\/wp\/v2\/posts\/89996","targetHints":{"allow":["GET"]}}],"collection":[{"href":"https:\/\/conversesacatalunya.cat\/es\/wp-json\/wp\/v2\/posts"}],"about":[{"href":"https:\/\/conversesacatalunya.cat\/es\/wp-json\/wp\/v2\/types\/post"}],"author":[{"embeddable":true,"href":"https:\/\/conversesacatalunya.cat\/es\/wp-json\/wp\/v2\/users\/78"}],"replies":[{"embeddable":true,"href":"https:\/\/conversesacatalunya.cat\/es\/wp-json\/wp\/v2\/comments?post=89996"}],"version-history":[{"count":6,"href":"https:\/\/conversesacatalunya.cat\/es\/wp-json\/wp\/v2\/posts\/89996\/revisions"}],"predecessor-version":[{"id":90002,"href":"https:\/\/conversesacatalunya.cat\/es\/wp-json\/wp\/v2\/posts\/89996\/revisions\/90002"}],"wp:featuredmedia":[{"embeddable":true,"href":"https:\/\/conversesacatalunya.cat\/es\/wp-json\/wp\/v2\/media\/90003"}],"wp:attachment":[{"href":"https:\/\/conversesacatalunya.cat\/es\/wp-json\/wp\/v2\/media?parent=89996"}],"wp:term":[{"taxonomy":"category","embeddable":true,"href":"https:\/\/conversesacatalunya.cat\/es\/wp-json\/wp\/v2\/categories?post=89996"},{"taxonomy":"post_tag","embeddable":true,"href":"https:\/\/conversesacatalunya.cat\/es\/wp-json\/wp\/v2\/tags?post=89996"}],"curies":[{"name":"wp","href":"https:\/\/api.w.org\/{rel}","templated":true}]}}