{"id":89925,"date":"2025-07-02T12:17:33","date_gmt":"2025-07-02T10:17:33","guid":{"rendered":"https:\/\/conversesacatalunya.cat\/?p=89925"},"modified":"2025-07-02T12:42:30","modified_gmt":"2025-07-02T10:42:30","slug":"proyecto-de-ley-que-reforma-el-acceso-a-las-carreras-judicial-y-fiscal","status":"publish","type":"post","link":"https:\/\/conversesacatalunya.cat\/es\/proyecto-de-ley-que-reforma-el-acceso-a-las-carreras-judicial-y-fiscal\/","title":{"rendered":"Ojo a lo que importa: el proyecto de ley que reforma el acceso a las carreras judicial y fiscal"},"content":{"rendered":"<p><strong>Desenga\u00f1aos. Pedro S\u00e1nchez no es un presidente del Gobierno al uso.<\/strong> No lidera una democracia parlamentaria basada en la alternancia, sino que <strong>representa la versi\u00f3n europea m\u00e1s pr\u00f3xima a ciertos reg\u00edmenes latinoamericanos<\/strong>, aquellos que creen que solo \u201cunos\u201d, \u201cellos\u201d, est\u00e1n destinados a gobernar el pa\u00eds <strong>para siempre<\/strong>.<\/p>\n<h4><strong>El muro de S\u00e1nchez<\/strong><\/h4>\n<p>Los principios los fij\u00f3 S\u00e1nchez desde el principio. <strong>En su discurso de investidura proclam\u00f3 la construcci\u00f3n de un \u201cmuro\u201d<\/strong> que separaba a los suyos de los dem\u00e1s. Un muro no es una figura ret\u00f3rica: <strong>es la ant\u00edtesis del sistema parlamentario<\/strong>. Ning\u00fan presidente europeo se ha atrevido a tanto. Si Giorgia Meloni hubiera dicho algo similar, la <strong>Comisi\u00f3n Europea la habr\u00eda estigmatizado<\/strong> sin contemplaciones.<\/p>\n<p>Este gobierno es tambi\u00e9n el \u00fanico que se atreve a afirmar que <strong>presentar el Presupuesto en el Parlamento es una \u00abp\u00e9rdida de tiempo\u00bb<\/strong>, porque no tienen claro que vaya a aprobarse. As\u00ed, <strong>vulneran una y otra vez la obligaci\u00f3n constitucional<\/strong> de someter las cuentas a informaci\u00f3n y debate. <strong>Espa\u00f1a se gobierna sin presupuestos<\/strong>&#8230; y no pasa nada. A pesar de ello, hay <strong>bailes de miles de millones para Defensa<\/strong> y unos pocos m\u00e1s para cooperaci\u00f3n exterior.<\/p>\n<p><strong>Sin presupuestos, un Parlamento carece de sentido. <\/strong>Pero S\u00e1nchez ya advirti\u00f3 que pensaba gobernar sin esta instituci\u00f3n&#8230; y no ocurri\u00f3 nada.<\/p>\n<h4><strong>Demolici\u00f3n de la democracia parlamentaria<\/strong><\/h4>\n<p>No es que la democracia parlamentaria est\u00e9 en riesgo: <strong>est\u00e1 siendo desmontada piedra a piedra.<\/strong><\/p>\n<p>Solo el Ejecutivo tiene derechos. <strong>La presidenta Francina Armengol \u00a0ha tenido un papel deleznable<\/strong> en todo este proceso.<\/p>\n<p>S\u00e1nchez, adem\u00e1s, <strong>cuenta con un Tribunal Constitucional convertido en garant\u00eda pol\u00edtica de su Gobierno.<\/strong> Igual que el BCE durante la crisis econ\u00f3mica, el TC har\u00e1 lo que convenga. Ya lo ha hecho con la amnist\u00eda, dejando sentado un principio peligroso: <strong>Se puede legislar sobre todo aquello que la Constituci\u00f3n no proh\u00edba expresamente.<\/strong><\/p>\n<p>Esta interpretaci\u00f3n <strong>rompe la l\u00ednea de defensa fundamental de los derechos de los ciudadanos<\/strong>. El Gobierno y el Congreso est\u00e1n delimitados por <strong>lo que la Constituci\u00f3n les permite hacer<\/strong>, no por lo que no les proh\u00edbe. Y esa es una diferencia esencial.<\/p>\n<h4><strong>El PSOE como partido del Estado<\/strong><\/h4>\n<p>Est\u00e1 claro: <strong><a href=\"https:\/\/conversesacatalunya.cat\/es\/el-psoe-se-resiste-a-hundirse\/\" target=\"_blank\" rel=\"noopener\">S\u00e1nchez no se ir\u00e1 nunca<\/a>. <\/strong>Convertir\u00e1 al PSOE en el <strong>Partido Socialista Obrero de Estado<\/strong>, al estilo del PRI en M\u00e9xico. <strong>Ese es el modelo hacia el que avanzamos.<\/strong> Y ahora con urgencia, para frenar la reacci\u00f3n en cadena del caso <strong>Koldo-\u00c1balos-Cerd\u00e1n<\/strong>, y todo lo que cuelga, que no es poco.<\/p>\n<h3><strong>La pieza clave: la reforma judicial<\/strong><\/h3>\n<p>En esta deriva, una pieza clave est\u00e1 <strong>en tr\u00e1mite parlamentario<\/strong>: la <strong>ley org\u00e1nica que reforma el acceso a las carreras judicial y fiscal.<\/strong><\/p>\n<h4><strong>Principales novedades del proyecto:<\/strong><\/h4>\n<ul>\n<li><strong>Nuevo sistema de oposici\u00f3n:<\/strong> Se a\u00f1aden <strong>pruebas pr\u00e1cticas<\/strong> que permiten mayor flexibilidad en la calificaci\u00f3n.<\/li>\n<li><strong>Centro p\u00fablico de preparaci\u00f3n:<\/strong> El <strong>Centro de Estudios Jur\u00eddicos (CEJ)<\/strong> se convierte en una <strong>red p\u00fablica descentralizada<\/strong> de preparaci\u00f3n, con centros en todas las provincias y un registro p\u00fablico de preparadores. El Gobierno <strong>pasa a controlar la formaci\u00f3n<\/strong> de jueces y fiscales.<\/li>\n<li><strong>Reforma del \u201ccuarto turno\u201d<\/strong>: Se refuerza esta v\u00eda de acceso (25% de las plazas) como un <strong>coladero pol\u00edtico<\/strong>, convocatorias anuales y simult\u00e1neas al turno libre.<\/li>\n<li><strong>Regularizaci\u00f3n de jueces y fiscales sustitutos:<\/strong> Se estabilizar\u00e1n <strong>1.300 sustitutos<\/strong> mediante un concurso-oposici\u00f3n extraordinario.<\/li>\n<li><strong>Otras medidas:<\/strong>\n<ul>\n<li>Ascenso autom\u00e1tico de juez a magistrado a los cinco a\u00f1os.<\/li>\n<li>Igualdad promocional para jueces mercantiles y de violencia de g\u00e9nero.<\/li>\n<li>Ampliaci\u00f3n de la <strong>Comisi\u00f3n de \u00c9tica Judicial<\/strong>, incluyendo <strong>expertos externos elegidos por las Cortes<\/strong>.<\/li>\n<\/ul>\n<\/li>\n<\/ul>\n<h4><strong>Cambios fundamentales en la Fiscal\u00eda:<\/strong><\/h4>\n<ul>\n<li>Aunque se mantiene su <strong>estructura jer\u00e1rquica<\/strong>, el <strong>Fiscal General del Estado \u2014nombrado por el Gobierno\u2014 asumir\u00e1 la instrucci\u00f3n judicial.<\/strong><\/li>\n<li>La Fiscal\u00eda pasar\u00e1 a <strong>controlar la polic\u00eda judicial<\/strong>, como la UCO.<\/li>\n<\/ul>\n<p><strong>\u00bfAlguien se imagina los actuales esc\u00e1ndalos de corrupci\u00f3n del PSOE investigados por este Fiscal General del Estado&#8230; procesado por el Tribunal Supremo?<\/strong><\/p>\n<h4><strong>Las cr\u00edticas m\u00e1s contundentes<\/strong><\/h4>\n<p>La reforma ha provocado una reacci\u00f3n sin precedentes en la judicatura, incluyendo una <strong>huelga<\/strong> cuyo primer d\u00eda se cumpli\u00f3 el <strong>1 de julio<\/strong>.<\/p>\n<p><strong>Los principales puntos de cr\u00edtica son:<\/strong><\/p>\n<ul>\n<li><strong>Politizaci\u00f3n del acceso judicial:<\/strong><br \/>\nEl Gobierno busca una <strong>\u201cjusticia d\u00f3cil\u201d<\/strong>, facilitando la <strong>influencia pol\u00edtica<\/strong> en la selecci\u00f3n y composici\u00f3n del poder judicial.<\/li>\n<li><strong>Devaluaci\u00f3n de la formaci\u00f3n:<\/strong><br \/>\nSe eliminan <strong>pruebas orales y memor\u00edsticas<\/strong>, sustituidas por evaluaciones pr\u00e1cticas, m\u00e1s subjetivas y menos exigentes.<\/li>\n<li><strong>\u201cCuarto turno\u201d como coladero pol\u00edtico:<\/strong><br \/>\nSe abre la puerta a candidatos <strong>afines al poder<\/strong>, con menos exigencias competitivas.<\/li>\n<li><strong>Desigualdad de acceso:<\/strong><br \/>\nEl proceso extraordinario para sustitutos y la valoraci\u00f3n de m\u00e9ritos favorece a <strong>unos perfiles en detrimento del m\u00e9rito y la capacidad.<\/strong><\/li>\n<li><strong>Politizaci\u00f3n de la instrucci\u00f3n penal:<\/strong><br \/>\n<strong>Los fiscales asumir\u00e1n el papel instructor<\/strong>, subordinados jer\u00e1rquicamente al Fiscal General&#8230; y este, al Gobierno.<\/li>\n<\/ul>\n<p><strong>Esta reforma es la pieza que le falta a S\u00e1nchez para blindar su permanencia en la Moncloa <\/strong>y convertir al <strong>PSOE en el partido \u00fanico del Estado.<\/strong><\/p>\n<span class='bctt-click-to-tweet'><span class='bctt-ctt-text'><a href='https:\/\/twitter.com\/intent\/tweet?url=https%3A%2F%2Fconversesacatalunya.cat%2Fes%2Fproyecto-de-ley-que-reforma-el-acceso-a-las-carreras-judicial-y-fiscal%2F&#038;text=Jueces%20%E2%80%9Ca%20la%20carta%E2%80%9D%2C%20fiscales%20instruyendo%2C%20y%20el%20Constitucional%20como%20aliado.%20Esto%20no%20es%20una%20reforma%2C%20es%20una%20demolici%C3%B3n.%20%23DemocraciaEnPeligro%20%23S%C3%A1nchez&#038;via=conversesacat&#038;related=conversesacat' target='_blank'rel=\"noopener noreferrer\">Jueces \u201ca la carta\u201d, fiscales instruyendo, y el Constitucional como aliado. Esto no es una reforma, es una demolici\u00f3n. #DemocraciaEnPeligro #S\u00e1nchez <\/a><\/span><a href='https:\/\/twitter.com\/intent\/tweet?url=https%3A%2F%2Fconversesacatalunya.cat%2Fes%2Fproyecto-de-ley-que-reforma-el-acceso-a-las-carreras-judicial-y-fiscal%2F&#038;text=Jueces%20%E2%80%9Ca%20la%20carta%E2%80%9D%2C%20fiscales%20instruyendo%2C%20y%20el%20Constitucional%20como%20aliado.%20Esto%20no%20es%20una%20reforma%2C%20es%20una%20demolici%C3%B3n.%20%23DemocraciaEnPeligro%20%23S%C3%A1nchez&#038;via=conversesacat&#038;related=conversesacat' target='_blank' class='bctt-ctt-btn'rel=\"noopener noreferrer\">Compartir en X<\/a><\/span>\n<div id=\"polls-290\" class=\"wp-polls\">\n\t<form id=\"polls_form_290\" class=\"wp-polls-form\" action=\"\/index.php\" method=\"post\">\n\t\t<p style=\"display: none;\"><input type=\"hidden\" id=\"poll_290_nonce\" name=\"wp-polls-nonce\" value=\"714ecb122c\" \/><\/p>\n\t\t<p style=\"display: none;\"><input type=\"hidden\" name=\"poll_id\" value=\"290\" \/><\/p>\n\t\t<p style=\"text-align: center\"><strong>Creus que l'entrada a pres\u00f3 provisional de Santos Cerd\u00e1n tindr\u00e0 conseq\u00fc\u00e8ncies dins del PSOE?<\/strong><\/p><div id=\"polls-290-ans\" class=\"wp-polls-ans\"><ul class=\"wp-polls-ul\">\n\t\t<li><input type=\"radio\" id=\"poll-answer-827\" name=\"poll_290\" value=\"827\" \/> <label for=\"poll-answer-827\">S\u00ed<\/label><\/li>\n\t\t<li><input type=\"radio\" id=\"poll-answer-828\" name=\"poll_290\" value=\"828\" \/> <label for=\"poll-answer-828\">No<\/label><\/li>\n\t\t<li><input type=\"radio\" id=\"poll-answer-829\" name=\"poll_290\" value=\"829\" \/> <label for=\"poll-answer-829\">No ho s\u00e9<\/label><\/li>\n\t\t<\/ul><p style=\"text-align: center\"><input type=\"button\" name=\"vote\" value=\"   Vota   \" class=\"Buttons\" onclick=\"poll_vote(290);\" \/><\/p><p style=\"text-align: center\"><a href=\"#ViewPollResults\" onclick=\"poll_result(290); return false;\" title=\"View Results Of This Poll\">Mira els resultats<\/a><\/p><\/div>\n\t<\/form>\n<\/div>\n<div id=\"polls-290-loading\" class=\"wp-polls-loading\"><img decoding=\"async\" data-src=\"https:\/\/conversesacatalunya.cat\/wp-content\/plugins\/wp-polls\/images\/loading.gif\" width=\"16\" height=\"16\" alt=\"Cargando ...\" title=\"Cargando ...\" class=\"wp-polls-image lazyload\" src=\"data:image\/svg+xml;base64,PHN2ZyB3aWR0aD0iMSIgaGVpZ2h0PSIxIiB4bWxucz0iaHR0cDovL3d3dy53My5vcmcvMjAwMC9zdmciPjwvc3ZnPg==\" style=\"--smush-placeholder-width: 16px; --smush-placeholder-aspect-ratio: 16\/16;\" \/>&nbsp;Cargando ...<\/div>\n\n","protected":false},"excerpt":{"rendered":"<p>Desenga\u00f1aos. Pedro S\u00e1nchez no es un presidente del Gobierno al uso. No lidera una democracia parlamentaria basada en la alternancia, sino que representa la versi\u00f3n europea m\u00e1s pr\u00f3xima a ciertos reg\u00edmenes latinoamericanos, aquellos que creen que solo \u201cunos\u201d, \u201cellos\u201d, est\u00e1n destinados a gobernar el pa\u00eds para siempre. El muro de S\u00e1nchez Los principios los fij\u00f3 S\u00e1nchez desde el principio. En su discurso de investidura proclam\u00f3 la construcci\u00f3n de un \u201cmuro\u201d que separaba a los suyos de los dem\u00e1s. Un muro no es una figura ret\u00f3rica: es la ant\u00edtesis del sistema parlamentario. Ning\u00fan presidente europeo se ha atrevido a tanto. Si Giorgia Meloni hubiera dicho algo similar, la Comisi\u00f3n Europea la habr\u00eda estigmatizado sin contemplaciones. Este gobierno es tambi\u00e9n el \u00fanico que se atreve a afirmar que presentar el Presupuesto en el Parlamento es una \u00abp\u00e9rdida de tiempo\u00bb, porque no tienen claro que vaya a aprobarse. As\u00ed, vulneran una y otra vez la obligaci\u00f3n constitucional de someter las cuentas a informaci\u00f3n y debate. Espa\u00f1a se gobierna sin presupuestos&#8230; y no pasa nada. A pesar de ello, hay bailes de miles de millones para Defensa y unos pocos m\u00e1s para cooperaci\u00f3n exterior. Sin presupuestos, un Parlamento carece de sentido. Pero S\u00e1nchez ya advirti\u00f3 que pensaba gobernar sin esta instituci\u00f3n&#8230; y no ocurri\u00f3 nada. Demolici\u00f3n de la democracia parlamentaria No es que la democracia parlamentaria est\u00e9 en riesgo: est\u00e1 siendo desmontada piedra a piedra. Solo el Ejecutivo tiene derechos. La presidenta Francina Armengol \u00a0ha tenido un papel deleznable en todo este proceso. S\u00e1nchez, adem\u00e1s, cuenta con un Tribunal Constitucional convertido en garant\u00eda pol\u00edtica de su Gobierno. Igual que el BCE durante la crisis econ\u00f3mica, el TC har\u00e1 lo que convenga. Ya lo ha hecho con la amnist\u00eda, dejando sentado un principio peligroso: Se puede legislar sobre todo aquello que la Constituci\u00f3n no proh\u00edba expresamente. Esta interpretaci\u00f3n rompe la l\u00ednea de defensa fundamental de los derechos de los ciudadanos. El Gobierno y el Congreso est\u00e1n delimitados por lo que la Constituci\u00f3n les permite hacer, no por lo que no les proh\u00edbe. Y esa es una diferencia esencial. El PSOE como partido del Estado Est\u00e1 claro: S\u00e1nchez no se ir\u00e1 nunca. Convertir\u00e1 al PSOE en el Partido Socialista Obrero de Estado, al estilo del PRI en M\u00e9xico. Ese es el modelo hacia el que avanzamos. Y ahora con urgencia, para frenar la reacci\u00f3n en cadena del caso Koldo-\u00c1balos-Cerd\u00e1n, y todo lo que cuelga, que no es poco. La pieza clave: la reforma judicial En esta deriva, una pieza clave est\u00e1 en tr\u00e1mite parlamentario: la ley org\u00e1nica que reforma el acceso a las carreras judicial y fiscal. Principales novedades del proyecto: Nuevo sistema de oposici\u00f3n: Se a\u00f1aden pruebas pr\u00e1cticas que permiten mayor flexibilidad en la calificaci\u00f3n. Centro p\u00fablico de preparaci\u00f3n: El Centro de Estudios Jur\u00eddicos (CEJ) se convierte en una red p\u00fablica descentralizada de preparaci\u00f3n, con centros en todas las provincias y un registro p\u00fablico de preparadores. El Gobierno pasa a controlar la formaci\u00f3n de jueces y fiscales. Reforma del \u201ccuarto turno\u201d: Se refuerza esta v\u00eda de acceso (25% de las plazas) como un coladero pol\u00edtico, convocatorias anuales y simult\u00e1neas al turno libre. Regularizaci\u00f3n de jueces y fiscales sustitutos: Se estabilizar\u00e1n 1.300 sustitutos mediante un concurso-oposici\u00f3n extraordinario. Otras medidas: Ascenso autom\u00e1tico de juez a magistrado a los cinco a\u00f1os. Igualdad promocional para jueces mercantiles y de violencia de g\u00e9nero. Ampliaci\u00f3n de la Comisi\u00f3n de \u00c9tica Judicial, incluyendo expertos externos elegidos por las Cortes. Cambios fundamentales en la Fiscal\u00eda: Aunque se mantiene su estructura jer\u00e1rquica, el Fiscal General del Estado \u2014nombrado por el Gobierno\u2014 asumir\u00e1 la instrucci\u00f3n judicial. La Fiscal\u00eda pasar\u00e1 a controlar la polic\u00eda judicial, como la UCO. \u00bfAlguien se imagina los actuales esc\u00e1ndalos de corrupci\u00f3n del PSOE investigados por este Fiscal General del Estado&#8230; procesado por el Tribunal Supremo? Las cr\u00edticas m\u00e1s contundentes La reforma ha provocado una reacci\u00f3n sin precedentes en la judicatura, incluyendo una huelga cuyo primer d\u00eda se cumpli\u00f3 el 1 de julio. Los principales puntos de cr\u00edtica son: Politizaci\u00f3n del acceso judicial: El Gobierno busca una \u201cjusticia d\u00f3cil\u201d, facilitando la influencia pol\u00edtica en la selecci\u00f3n y composici\u00f3n del poder judicial. Devaluaci\u00f3n de la formaci\u00f3n: Se eliminan pruebas orales y memor\u00edsticas, sustituidas por evaluaciones pr\u00e1cticas, m\u00e1s subjetivas y menos exigentes. \u201cCuarto turno\u201d como coladero pol\u00edtico: Se abre la puerta a candidatos afines al poder, con menos exigencias competitivas. Desigualdad de acceso: El proceso extraordinario para sustitutos y la valoraci\u00f3n de m\u00e9ritos favorece a unos perfiles en detrimento del m\u00e9rito y la capacidad. Politizaci\u00f3n de la instrucci\u00f3n penal: Los fiscales asumir\u00e1n el papel instructor, subordinados jer\u00e1rquicamente al Fiscal General&#8230; y este, al Gobierno. Esta reforma es la pieza que le falta a S\u00e1nchez para blindar su permanencia en la Moncloa y convertir al PSOE en el partido \u00fanico del Estado.<\/p>\n","protected":false},"author":77,"featured_media":89950,"comment_status":"open","ping_status":"open","sticky":false,"template":"","format":"standard","meta":{"_FSMCFIC_featured_image_caption":"","_FSMCFIC_featured_image_nocaption":"","_FSMCFIC_featured_image_hide":"","footnotes":""},"categories":[806],"tags":[1157,1117],"class_list":["post-89925","post","type-post","status-publish","format-standard","has-post-thumbnail","hentry","category-punts-claus-del-dia-es","tag-pedro-sanchez-es","tag-sanchez-es"],"yoast_head":"<!-- This site is optimized with the Yoast SEO plugin v26.8 - https:\/\/yoast.com\/product\/yoast-seo-wordpress\/ -->\n<title>Reforma judicial: el plan de S\u00e1nchez para eternizarse en el poder<\/title>\n<meta name=\"description\" content=\"S\u00e1nchez impulsa la reforma judicial para el acceso a la judicatura y la fiscal\u00eda, desatando cr\u00edticas por el riesgo de politizaci\u00f3n.\" \/>\n<meta name=\"robots\" content=\"index, follow, max-snippet:-1, max-image-preview:large, max-video-preview:-1\" \/>\n<link rel=\"canonical\" href=\"https:\/\/conversesacatalunya.cat\/es\/proyecto-de-ley-que-reforma-el-acceso-a-las-carreras-judicial-y-fiscal\/\" \/>\n<meta property=\"og:locale\" content=\"es_ES\" \/>\n<meta property=\"og:type\" content=\"article\" \/>\n<meta property=\"og:title\" content=\"Reforma judicial: el plan de S\u00e1nchez para eternizarse en el poder\" \/>\n<meta property=\"og:description\" content=\"S\u00e1nchez impulsa la reforma judicial para el acceso a la judicatura y la fiscal\u00eda, desatando cr\u00edticas por el riesgo de politizaci\u00f3n.\" \/>\n<meta property=\"og:url\" content=\"https:\/\/conversesacatalunya.cat\/es\/proyecto-de-ley-que-reforma-el-acceso-a-las-carreras-judicial-y-fiscal\/\" \/>\n<meta property=\"og:site_name\" content=\"Converses a Catalunya\" \/>\n<meta property=\"article:published_time\" content=\"2025-07-02T10:17:33+00:00\" \/>\n<meta property=\"article:modified_time\" content=\"2025-07-02T10:42:30+00:00\" \/>\n<meta property=\"og:image\" content=\"https:\/\/conversesacatalunya.cat\/wp-content\/uploads\/2025\/07\/Captura-2.jpg\" \/>\n\t<meta property=\"og:image:width\" content=\"535\" \/>\n\t<meta property=\"og:image:height\" content=\"516\" \/>\n\t<meta property=\"og:image:type\" content=\"image\/jpeg\" \/>\n<meta name=\"author\" content=\"Enric Casanovas\" \/>\n<meta name=\"twitter:card\" content=\"summary_large_image\" \/>\n<meta name=\"twitter:label1\" content=\"Escrito por\" \/>\n\t<meta name=\"twitter:data1\" content=\"Enric Casanovas\" \/>\n\t<meta name=\"twitter:label2\" content=\"Tiempo de lectura\" \/>\n\t<meta name=\"twitter:data2\" content=\"5 minutos\" \/>\n<script type=\"application\/ld+json\" class=\"yoast-schema-graph\">{\"@context\":\"https:\/\/schema.org\",\"@graph\":[{\"@type\":\"Article\",\"@id\":\"https:\/\/conversesacatalunya.cat\/es\/proyecto-de-ley-que-reforma-el-acceso-a-las-carreras-judicial-y-fiscal\/#article\",\"isPartOf\":{\"@id\":\"https:\/\/conversesacatalunya.cat\/es\/proyecto-de-ley-que-reforma-el-acceso-a-las-carreras-judicial-y-fiscal\/\"},\"author\":{\"name\":\"Enric Casanovas\",\"@id\":\"https:\/\/conversesacatalunya.cat\/#\/schema\/person\/79bd0577b2f3afc8d6519d207c6e8609\"},\"headline\":\"Ojo a lo que importa: el proyecto de ley que reforma el acceso a las carreras judicial y fiscal\",\"datePublished\":\"2025-07-02T10:17:33+00:00\",\"dateModified\":\"2025-07-02T10:42:30+00:00\",\"mainEntityOfPage\":{\"@id\":\"https:\/\/conversesacatalunya.cat\/es\/proyecto-de-ley-que-reforma-el-acceso-a-las-carreras-judicial-y-fiscal\/\"},\"wordCount\":932,\"commentCount\":0,\"image\":{\"@id\":\"https:\/\/conversesacatalunya.cat\/es\/proyecto-de-ley-que-reforma-el-acceso-a-las-carreras-judicial-y-fiscal\/#primaryimage\"},\"thumbnailUrl\":\"https:\/\/conversesacatalunya.cat\/wp-content\/uploads\/2025\/07\/Captura-2.jpg\",\"keywords\":[\"Pedro S\u00e1nchez\",\"S\u00e1nchez\"],\"articleSection\":[\"Punts clau del dia (ES)\"],\"inLanguage\":\"es\",\"potentialAction\":[{\"@type\":\"CommentAction\",\"name\":\"Comment\",\"target\":[\"https:\/\/conversesacatalunya.cat\/es\/proyecto-de-ley-que-reforma-el-acceso-a-las-carreras-judicial-y-fiscal\/#respond\"]}]},{\"@type\":\"WebPage\",\"@id\":\"https:\/\/conversesacatalunya.cat\/es\/proyecto-de-ley-que-reforma-el-acceso-a-las-carreras-judicial-y-fiscal\/\",\"url\":\"https:\/\/conversesacatalunya.cat\/es\/proyecto-de-ley-que-reforma-el-acceso-a-las-carreras-judicial-y-fiscal\/\",\"name\":\"Reforma judicial: el plan de S\u00e1nchez para eternizarse en el poder\",\"isPartOf\":{\"@id\":\"https:\/\/conversesacatalunya.cat\/#website\"},\"primaryImageOfPage\":{\"@id\":\"https:\/\/conversesacatalunya.cat\/es\/proyecto-de-ley-que-reforma-el-acceso-a-las-carreras-judicial-y-fiscal\/#primaryimage\"},\"image\":{\"@id\":\"https:\/\/conversesacatalunya.cat\/es\/proyecto-de-ley-que-reforma-el-acceso-a-las-carreras-judicial-y-fiscal\/#primaryimage\"},\"thumbnailUrl\":\"https:\/\/conversesacatalunya.cat\/wp-content\/uploads\/2025\/07\/Captura-2.jpg\",\"datePublished\":\"2025-07-02T10:17:33+00:00\",\"dateModified\":\"2025-07-02T10:42:30+00:00\",\"author\":{\"@id\":\"https:\/\/conversesacatalunya.cat\/#\/schema\/person\/79bd0577b2f3afc8d6519d207c6e8609\"},\"description\":\"S\u00e1nchez impulsa la reforma judicial para el acceso a la judicatura y la fiscal\u00eda, desatando cr\u00edticas por el riesgo de politizaci\u00f3n.\",\"breadcrumb\":{\"@id\":\"https:\/\/conversesacatalunya.cat\/es\/proyecto-de-ley-que-reforma-el-acceso-a-las-carreras-judicial-y-fiscal\/#breadcrumb\"},\"inLanguage\":\"es\",\"potentialAction\":[{\"@type\":\"ReadAction\",\"target\":[\"https:\/\/conversesacatalunya.cat\/es\/proyecto-de-ley-que-reforma-el-acceso-a-las-carreras-judicial-y-fiscal\/\"]}]},{\"@type\":\"ImageObject\",\"inLanguage\":\"es\",\"@id\":\"https:\/\/conversesacatalunya.cat\/es\/proyecto-de-ley-que-reforma-el-acceso-a-las-carreras-judicial-y-fiscal\/#primaryimage\",\"url\":\"https:\/\/conversesacatalunya.cat\/wp-content\/uploads\/2025\/07\/Captura-2.jpg\",\"contentUrl\":\"https:\/\/conversesacatalunya.cat\/wp-content\/uploads\/2025\/07\/Captura-2.jpg\",\"width\":535,\"height\":516,\"caption\":\"reforma judicial S\u00e1nchez\"},{\"@type\":\"BreadcrumbList\",\"@id\":\"https:\/\/conversesacatalunya.cat\/es\/proyecto-de-ley-que-reforma-el-acceso-a-las-carreras-judicial-y-fiscal\/#breadcrumb\",\"itemListElement\":[{\"@type\":\"ListItem\",\"position\":1,\"name\":\"Inici\",\"item\":\"https:\/\/conversesacatalunya.cat\/es\/\"},{\"@type\":\"ListItem\",\"position\":2,\"name\":\"Ojo a lo que importa: el proyecto de ley que reforma el acceso a las carreras judicial y fiscal\"}]},{\"@type\":\"WebSite\",\"@id\":\"https:\/\/conversesacatalunya.cat\/#website\",\"url\":\"https:\/\/conversesacatalunya.cat\/\",\"name\":\"Converses a Catalunya\",\"description\":\"\",\"potentialAction\":[{\"@type\":\"SearchAction\",\"target\":{\"@type\":\"EntryPoint\",\"urlTemplate\":\"https:\/\/conversesacatalunya.cat\/?s={search_term_string}\"},\"query-input\":{\"@type\":\"PropertyValueSpecification\",\"valueRequired\":true,\"valueName\":\"search_term_string\"}}],\"inLanguage\":\"es\"},{\"@type\":\"Person\",\"@id\":\"https:\/\/conversesacatalunya.cat\/#\/schema\/person\/79bd0577b2f3afc8d6519d207c6e8609\",\"name\":\"Enric Casanovas\",\"image\":{\"@type\":\"ImageObject\",\"inLanguage\":\"es\",\"@id\":\"https:\/\/conversesacatalunya.cat\/#\/schema\/person\/image\/\",\"url\":\"https:\/\/conversesacatalunya.cat\/wp-content\/litespeed\/avatar\/7ae4379ad4421ec77820e92afd36dd78.jpg?ver=1777373933\",\"contentUrl\":\"https:\/\/conversesacatalunya.cat\/wp-content\/litespeed\/avatar\/7ae4379ad4421ec77820e92afd36dd78.jpg?ver=1777373933\",\"caption\":\"Enric Casanovas\"},\"url\":\"https:\/\/conversesacatalunya.cat\/es\/author\/enric-casanovas\/\"}]}<\/script>\n<!-- \/ Yoast SEO plugin. -->","yoast_head_json":{"title":"Reforma judicial: el plan de S\u00e1nchez para eternizarse en el poder","description":"S\u00e1nchez impulsa la reforma judicial para el acceso a la judicatura y la fiscal\u00eda, desatando cr\u00edticas por el riesgo de politizaci\u00f3n.","robots":{"index":"index","follow":"follow","max-snippet":"max-snippet:-1","max-image-preview":"max-image-preview:large","max-video-preview":"max-video-preview:-1"},"canonical":"https:\/\/conversesacatalunya.cat\/es\/proyecto-de-ley-que-reforma-el-acceso-a-las-carreras-judicial-y-fiscal\/","og_locale":"es_ES","og_type":"article","og_title":"Reforma judicial: el plan de S\u00e1nchez para eternizarse en el poder","og_description":"S\u00e1nchez impulsa la reforma judicial para el acceso a la judicatura y la fiscal\u00eda, desatando cr\u00edticas por el riesgo de politizaci\u00f3n.","og_url":"https:\/\/conversesacatalunya.cat\/es\/proyecto-de-ley-que-reforma-el-acceso-a-las-carreras-judicial-y-fiscal\/","og_site_name":"Converses a Catalunya","article_published_time":"2025-07-02T10:17:33+00:00","article_modified_time":"2025-07-02T10:42:30+00:00","og_image":[{"width":535,"height":516,"url":"https:\/\/conversesacatalunya.cat\/wp-content\/uploads\/2025\/07\/Captura-2.jpg","type":"image\/jpeg"}],"author":"Enric Casanovas","twitter_card":"summary_large_image","twitter_misc":{"Escrito por":"Enric Casanovas","Tiempo de lectura":"5 minutos"},"schema":{"@context":"https:\/\/schema.org","@graph":[{"@type":"Article","@id":"https:\/\/conversesacatalunya.cat\/es\/proyecto-de-ley-que-reforma-el-acceso-a-las-carreras-judicial-y-fiscal\/#article","isPartOf":{"@id":"https:\/\/conversesacatalunya.cat\/es\/proyecto-de-ley-que-reforma-el-acceso-a-las-carreras-judicial-y-fiscal\/"},"author":{"name":"Enric Casanovas","@id":"https:\/\/conversesacatalunya.cat\/#\/schema\/person\/79bd0577b2f3afc8d6519d207c6e8609"},"headline":"Ojo a lo que importa: el proyecto de ley que reforma el acceso a las carreras judicial y fiscal","datePublished":"2025-07-02T10:17:33+00:00","dateModified":"2025-07-02T10:42:30+00:00","mainEntityOfPage":{"@id":"https:\/\/conversesacatalunya.cat\/es\/proyecto-de-ley-que-reforma-el-acceso-a-las-carreras-judicial-y-fiscal\/"},"wordCount":932,"commentCount":0,"image":{"@id":"https:\/\/conversesacatalunya.cat\/es\/proyecto-de-ley-que-reforma-el-acceso-a-las-carreras-judicial-y-fiscal\/#primaryimage"},"thumbnailUrl":"https:\/\/conversesacatalunya.cat\/wp-content\/uploads\/2025\/07\/Captura-2.jpg","keywords":["Pedro S\u00e1nchez","S\u00e1nchez"],"articleSection":["Punts clau del dia (ES)"],"inLanguage":"es","potentialAction":[{"@type":"CommentAction","name":"Comment","target":["https:\/\/conversesacatalunya.cat\/es\/proyecto-de-ley-que-reforma-el-acceso-a-las-carreras-judicial-y-fiscal\/#respond"]}]},{"@type":"WebPage","@id":"https:\/\/conversesacatalunya.cat\/es\/proyecto-de-ley-que-reforma-el-acceso-a-las-carreras-judicial-y-fiscal\/","url":"https:\/\/conversesacatalunya.cat\/es\/proyecto-de-ley-que-reforma-el-acceso-a-las-carreras-judicial-y-fiscal\/","name":"Reforma judicial: el plan de S\u00e1nchez para eternizarse en el poder","isPartOf":{"@id":"https:\/\/conversesacatalunya.cat\/#website"},"primaryImageOfPage":{"@id":"https:\/\/conversesacatalunya.cat\/es\/proyecto-de-ley-que-reforma-el-acceso-a-las-carreras-judicial-y-fiscal\/#primaryimage"},"image":{"@id":"https:\/\/conversesacatalunya.cat\/es\/proyecto-de-ley-que-reforma-el-acceso-a-las-carreras-judicial-y-fiscal\/#primaryimage"},"thumbnailUrl":"https:\/\/conversesacatalunya.cat\/wp-content\/uploads\/2025\/07\/Captura-2.jpg","datePublished":"2025-07-02T10:17:33+00:00","dateModified":"2025-07-02T10:42:30+00:00","author":{"@id":"https:\/\/conversesacatalunya.cat\/#\/schema\/person\/79bd0577b2f3afc8d6519d207c6e8609"},"description":"S\u00e1nchez impulsa la reforma judicial para el acceso a la judicatura y la fiscal\u00eda, desatando cr\u00edticas por el riesgo de politizaci\u00f3n.","breadcrumb":{"@id":"https:\/\/conversesacatalunya.cat\/es\/proyecto-de-ley-que-reforma-el-acceso-a-las-carreras-judicial-y-fiscal\/#breadcrumb"},"inLanguage":"es","potentialAction":[{"@type":"ReadAction","target":["https:\/\/conversesacatalunya.cat\/es\/proyecto-de-ley-que-reforma-el-acceso-a-las-carreras-judicial-y-fiscal\/"]}]},{"@type":"ImageObject","inLanguage":"es","@id":"https:\/\/conversesacatalunya.cat\/es\/proyecto-de-ley-que-reforma-el-acceso-a-las-carreras-judicial-y-fiscal\/#primaryimage","url":"https:\/\/conversesacatalunya.cat\/wp-content\/uploads\/2025\/07\/Captura-2.jpg","contentUrl":"https:\/\/conversesacatalunya.cat\/wp-content\/uploads\/2025\/07\/Captura-2.jpg","width":535,"height":516,"caption":"reforma judicial S\u00e1nchez"},{"@type":"BreadcrumbList","@id":"https:\/\/conversesacatalunya.cat\/es\/proyecto-de-ley-que-reforma-el-acceso-a-las-carreras-judicial-y-fiscal\/#breadcrumb","itemListElement":[{"@type":"ListItem","position":1,"name":"Inici","item":"https:\/\/conversesacatalunya.cat\/es\/"},{"@type":"ListItem","position":2,"name":"Ojo a lo que importa: el proyecto de ley que reforma el acceso a las carreras judicial y fiscal"}]},{"@type":"WebSite","@id":"https:\/\/conversesacatalunya.cat\/#website","url":"https:\/\/conversesacatalunya.cat\/","name":"Converses a Catalunya","description":"","potentialAction":[{"@type":"SearchAction","target":{"@type":"EntryPoint","urlTemplate":"https:\/\/conversesacatalunya.cat\/?s={search_term_string}"},"query-input":{"@type":"PropertyValueSpecification","valueRequired":true,"valueName":"search_term_string"}}],"inLanguage":"es"},{"@type":"Person","@id":"https:\/\/conversesacatalunya.cat\/#\/schema\/person\/79bd0577b2f3afc8d6519d207c6e8609","name":"Enric Casanovas","image":{"@type":"ImageObject","inLanguage":"es","@id":"https:\/\/conversesacatalunya.cat\/#\/schema\/person\/image\/","url":"https:\/\/conversesacatalunya.cat\/wp-content\/litespeed\/avatar\/7ae4379ad4421ec77820e92afd36dd78.jpg?ver=1777373933","contentUrl":"https:\/\/conversesacatalunya.cat\/wp-content\/litespeed\/avatar\/7ae4379ad4421ec77820e92afd36dd78.jpg?ver=1777373933","caption":"Enric Casanovas"},"url":"https:\/\/conversesacatalunya.cat\/es\/author\/enric-casanovas\/"}]}},"wps_subtitle":"Esta reforma es la pieza que le falta a S\u00e1nchez para blindar su permanencia en la Moncloa y convertir al PSOE en el partido \u00fanico del Estado","_links":{"self":[{"href":"https:\/\/conversesacatalunya.cat\/es\/wp-json\/wp\/v2\/posts\/89925","targetHints":{"allow":["GET"]}}],"collection":[{"href":"https:\/\/conversesacatalunya.cat\/es\/wp-json\/wp\/v2\/posts"}],"about":[{"href":"https:\/\/conversesacatalunya.cat\/es\/wp-json\/wp\/v2\/types\/post"}],"author":[{"embeddable":true,"href":"https:\/\/conversesacatalunya.cat\/es\/wp-json\/wp\/v2\/users\/77"}],"replies":[{"embeddable":true,"href":"https:\/\/conversesacatalunya.cat\/es\/wp-json\/wp\/v2\/comments?post=89925"}],"version-history":[{"count":9,"href":"https:\/\/conversesacatalunya.cat\/es\/wp-json\/wp\/v2\/posts\/89925\/revisions"}],"predecessor-version":[{"id":89958,"href":"https:\/\/conversesacatalunya.cat\/es\/wp-json\/wp\/v2\/posts\/89925\/revisions\/89958"}],"wp:featuredmedia":[{"embeddable":true,"href":"https:\/\/conversesacatalunya.cat\/es\/wp-json\/wp\/v2\/media\/89950"}],"wp:attachment":[{"href":"https:\/\/conversesacatalunya.cat\/es\/wp-json\/wp\/v2\/media?parent=89925"}],"wp:term":[{"taxonomy":"category","embeddable":true,"href":"https:\/\/conversesacatalunya.cat\/es\/wp-json\/wp\/v2\/categories?post=89925"},{"taxonomy":"post_tag","embeddable":true,"href":"https:\/\/conversesacatalunya.cat\/es\/wp-json\/wp\/v2\/tags?post=89925"}],"curies":[{"name":"wp","href":"https:\/\/api.w.org\/{rel}","templated":true}]}}